{"id":143504,"date":"2020-06-10T08:36:05","date_gmt":"2020-06-10T06:36:05","guid":{"rendered":"https:\/\/www.radiopiu.net\/wordpress\/?p=143504"},"modified":"2020-06-10T13:22:45","modified_gmt":"2020-06-10T11:22:45","slug":"16-giugno-scadenza-imu-2020-in-15-comuni-su-16-posticipo-automatico-per-tutti-ad-agordo-per-i-casi-in-difficolta-previo-accordo-con-il-comune","status":"publish","type":"post","link":"https:\/\/www.radiopiu.net\/wordpress\/16-giugno-scadenza-imu-2020-in-15-comuni-su-16-posticipo-automatico-per-tutti-ad-agordo-per-i-casi-in-difficolta-previo-accordo-con-il-comune\/","title":{"rendered":"16 GIUGNO, SCADENZA IMU 2020 IN 15 COMUNI AGORDINI POSSIBILITA&#8217; DI POSTICIPO SENZA SANZIONI,  AD AGORDO PREVIO ACCORDO CON IL COMUNE"},"content":{"rendered":"<p><strong><img loading=\"lazy\" decoding=\"async\" class=\"alignleft\" src=\"https:\/\/www.radiopiu.net\/wordpress\/wp-content\/uploads\/2019\/02\/simulazione.jpg\" width=\"237\" height=\"158\" \/>16 giugno scadenza IMU:\u00a0 in 15 Comuni dell&#8217;Agordino slitta automaticamente il pagamento al 31 dicembre senza sanzioni o interessi di mora, per chi lo desidera senza necessit\u00e0 di comunicarlo agli uffici dell&#8217;Unione Montana delegati dai Comuni per la riscossione. <\/strong><\/p>\n<blockquote><p><strong>Non cosi&#8217; ad Agordo dove la scadenza rimane fissata al 16 giugno ma come precisa l&#8217;assessore Claudio Sito se qualcuno si trovasse in difficolt\u00e0 puo&#8217; chiedere il posticipo del pagamento a fine anno, ma prima dovr\u00e0 concordarlo in Municipio.<\/strong><\/p>\n<p><strong>CLAUDIO SITO, ASSESSORE COMUNALE AD AGORDO<\/strong><\/p><\/blockquote>\n<audio class=\"wp-audio-shortcode\" id=\"audio-143504-1\" preload=\"none\" style=\"width: 100%;\" controls=\"controls\"><source type=\"audio\/mpeg\" src=\"https:\/\/www.radiopiu.net\/wordpress\/wp-content\/uploads\/2020\/06\/sito.mp3?_=1\" \/><a href=\"https:\/\/www.radiopiu.net\/wordpress\/wp-content\/uploads\/2020\/06\/sito.mp3\">https:\/\/www.radiopiu.net\/wordpress\/wp-content\/uploads\/2020\/06\/sito.mp3<\/a><\/audio>\n<p>&nbsp;<\/p>\n<p><span style=\"color: #ff0000;\">PRECEDENTE ARTICOLO 31 MAGGIO CON LE DICHIARAZIONI DEL PRESIDENTE MICHELE COSTA<\/span><\/p>\n<p><strong>AGORDO<\/strong>\u00a0Si avvicina la stagione delle imposte sulla casa. Quest\u2019anno non ci sar\u00e0 la Tasi 2020, cancellata dalla legge di bilancio, ma \u00e8 gi\u00e0 cominciato il conto alla rovescia per l\u2019Imu,\u00a0 pagamento dell\u2019acconto Imu 2020 \u00e8 previsto per il 16 giugno e il saldo per il 16 dicembre.\u00a0<strong>PROROGA IMU<\/strong>\u00a0Saranno i Comuni a decidere\u00a0 se prorogare la scadenza dell\u2019acconto a fine settembre, lo ha deciso il governo romano con apposito decreto rilancio.\u00a0 E\u2019 quanto contenuto in una nota dell\u2019Ifel del 21 maggio. L\u2019Istituto per la Finanza e l\u2019Economia Locale dell\u2019Anci ha posto come possibile data del rinvio del pagamento dell\u2019IMU il 30 settembre, senza sanzioni e interessi. A decidere dunque saranno i Comuni: la proroga per\u00f2 \u00e8 da intendersi solo per chi ha sub\u00ecto danni economici a causa dell\u2019emergenza sanitaria. Per tutti gli altri, invece, la data di scadenza dell\u2019IMU rimane il 16 giugno.I contribuenti per\u00f2 dovranno dimostrare di aver avuto difficolt\u00e0 economiche, tramite una comunicazione al Comune.<strong>\u00a0Nell\u2019Agordino<\/strong>\u00a0insistono due situazioni, infatti 15 sindaci su 16 hanno delegato l\u2019Unione Montana alla riscossione.<\/p>\n<p><em>\u201cAbbiamo gi\u00e0 inviato i bollettini\u00a0 \u2013 spiega il presidente dell\u2019Unione Montana Michele Costa-\u00a0 abbiamo anche inserito nella corrispondenza una postilla: la possibilit\u00e0 di pagare la tassa non il 16 giugno ma entro la fine dell\u2019anno solare senza sanzioni o interessi di mora\u201d.\u00a0<\/em>\u00a0<strong>Agordo<\/strong>\u00a0da tempo ha scelto di non delegare l\u2019Unione Montana per la riscossione ma andare per conto proprio e anche in questo caso decide Palazzo Marconi.\u00a0<em>\u201cAnche noi \u2013 spiega l\u2019assessore Claudio Sito \u2013 abbiamo gi\u00e0 inviato i bollettini di pagamento in scadenza il 16 giugno. In ogni modo per chi avesse difficolt\u00e0 \u00e8 sufficiente si mette in contatto con gli uffici comunali per concordare la proroga del pagamento\u201d<\/em><\/p>\n<blockquote><p><em>L\u2019Imu \u00e8 una tassa che in parte va direttamente a Roma e in parte ai Comuni.<\/em><\/p><\/blockquote>\n<p>&nbsp;<\/p>\n<p>&nbsp;<\/p>\n<h2>DAL MINISTERO DELL&#8217;ECONOMIA<\/h2>\n<p>La Risoluzione fornisce alcuni chiarimenti sulla possibilit\u00e0 per i comuni di differire autonomamente i termini di versamento dei tributi locali di propria competenza e le\u00a0 modalit\u00e0 con cui pu\u00f2 essere esercitata tale facolt\u00e0.<br \/>\nIn particolare, viene precisato che \u00e8 possibile il ricorso alla delibera di Giunta, sicuramente giustificato dalla situazione emergenziale in atto, con la precisazione per\u00f2 che tale provvedimento dovr\u00e0 essere successivamente oggetto di espressa ratifica da parte del Consiglio Comunale. Viene altres\u00ec evidenziato che la quota IMU riservata allo Stato \u00e8 sottratta alla disponibilit\u00e0 dei Comuni.<\/p>\n<a href=\"https:\/\/www.radiopiu.net\/wordpress\/wp-content\/uploads\/2020\/06\/RISOLUZIONE-n.-5-del-2020-SITO-Differimento-termini-versamento-tributi-locali-Covid-19-4.6.2020.pdf\" class=\"pdfemb-viewer\" style=\"\" data-width=\"max\" data-height=\"max\" data-toolbar=\"top\" data-toolbar-fixed=\"on\">RISOLUZIONE-n.-5-del-2020-SITO-Differimento-termini-versamento-tributi-locali-Covid-19-4.6.2020<\/a>\n","protected":false},"excerpt":{"rendered":"<p>16 giugno scadenza IMU:\u00a0 in 15 Comuni dell&#8217;Agordino slitta automaticamente il pagamento al 31 dicembre senza sanzioni o interessi di mora, per chi lo desidera senza necessit\u00e0 di comunicarlo agli uffici dell&#8217;Unione Montana delegati dai Comuni per la riscossione. Non cosi&#8217; ad Agordo dove la scadenza rimane fissata al 16 giugno ma come precisa l&#8217;assessore&hellip;<\/p>\n","protected":false},"author":1,"featured_media":77575,"comment_status":"closed","ping_status":"closed","sticky":false,"template":"","format":"standard","meta":{"_monsterinsights_skip_tracking":false,"_monsterinsights_sitenote_active":false,"_monsterinsights_sitenote_note":"","_monsterinsights_sitenote_category":0,"footnotes":""},"categories":[104,49],"tags":[],"class_list":["post-143504","post","type-post","status-publish","format-standard","has-post-thumbnail","hentry","category-evidenza_3","category-news-18","category-104","category-49","description-off"],"img_url":"https:\/\/www.radiopiu.net\/wordpress\/wp-content\/uploads\/2019\/02\/simulazione.jpg","_links":{"self":[{"href":"https:\/\/www.radiopiu.net\/wordpress\/wp-json\/wp\/v2\/posts\/143504","targetHints":{"allow":["GET"]}}],"collection":[{"href":"https:\/\/www.radiopiu.net\/wordpress\/wp-json\/wp\/v2\/posts"}],"about":[{"href":"https:\/\/www.radiopiu.net\/wordpress\/wp-json\/wp\/v2\/types\/post"}],"author":[{"embeddable":true,"href":"https:\/\/www.radiopiu.net\/wordpress\/wp-json\/wp\/v2\/users\/1"}],"replies":[{"embeddable":true,"href":"https:\/\/www.radiopiu.net\/wordpress\/wp-json\/wp\/v2\/comments?post=143504"}],"version-history":[{"count":0,"href":"https:\/\/www.radiopiu.net\/wordpress\/wp-json\/wp\/v2\/posts\/143504\/revisions"}],"wp:featuredmedia":[{"embeddable":true,"href":"https:\/\/www.radiopiu.net\/wordpress\/wp-json\/wp\/v2\/media\/77575"}],"wp:attachment":[{"href":"https:\/\/www.radiopiu.net\/wordpress\/wp-json\/wp\/v2\/media?parent=143504"}],"wp:term":[{"taxonomy":"category","embeddable":true,"href":"https:\/\/www.radiopiu.net\/wordpress\/wp-json\/wp\/v2\/categories?post=143504"},{"taxonomy":"post_tag","embeddable":true,"href":"https:\/\/www.radiopiu.net\/wordpress\/wp-json\/wp\/v2\/tags?post=143504"}],"curies":[{"name":"wp","href":"https:\/\/api.w.org\/{rel}","templated":true}]}}