{"id":143512,"date":"2020-06-11T05:45:16","date_gmt":"2020-06-11T03:45:16","guid":{"rendered":"https:\/\/www.radiopiu.net\/wordpress\/?p=143512"},"modified":"2020-06-11T10:27:57","modified_gmt":"2020-06-11T08:27:57","slug":"giornale-radiopiu-11-giugno-2020-direttore-mirko-mezzacasa","status":"publish","type":"post","link":"https:\/\/www.radiopiu.net\/wordpress\/giornale-radiopiu-11-giugno-2020-direttore-mirko-mezzacasa\/","title":{"rendered":"GIORNALE RADIOPIU 11 GIUGNO 2020 DIRETTORE MIRKO MEZZACASA"},"content":{"rendered":"<h3><strong>PER RICEVERE QUESTO NOTIZIARIO DIRETTAMENTE SUL TUO CELLULARE ISCRIVITI AL CANALE TELEGRAM\u00a0<\/strong><strong>\u201cRADIO PIU\u00a0 INFORMAZIONE\u201d\u00a0\u00a0<\/strong><\/h3>\n<p><strong><span style=\"color: #ff0000;\"><a class=\"dt-pswp-item\" href=\"https:\/\/www.radiopiu.net\/wordpress\/wp-content\/uploads\/2020\/06\/d121b71b-7da9-430e-b612-6571057f031f.jpg\" data-dt-img-description=\"\" data-large_image_width=\"1200\" data-large_image_height=\"1600\"><img loading=\"lazy\" decoding=\"async\" class=\"size-medium wp-image-143625 alignleft\" src=\"https:\/\/www.radiopiu.net\/wordpress\/wp-content\/uploads\/2020\/06\/d121b71b-7da9-430e-b612-6571057f031f-225x300.jpg\" alt=\"\" width=\"225\" height=\"300\" srcset=\"https:\/\/www.radiopiu.net\/wordpress\/wp-content\/uploads\/2020\/06\/d121b71b-7da9-430e-b612-6571057f031f-225x300.jpg 225w, https:\/\/www.radiopiu.net\/wordpress\/wp-content\/uploads\/2020\/06\/d121b71b-7da9-430e-b612-6571057f031f-768x1024.jpg 768w, https:\/\/www.radiopiu.net\/wordpress\/wp-content\/uploads\/2020\/06\/d121b71b-7da9-430e-b612-6571057f031f-1152x1536.jpg 1152w, https:\/\/www.radiopiu.net\/wordpress\/wp-content\/uploads\/2020\/06\/d121b71b-7da9-430e-b612-6571057f031f.jpg 1200w\" sizes=\"auto, (max-width: 225px) 100vw, 225px\" \/><\/a><\/span><\/strong><\/p>\n<p>&nbsp;<\/p>\n<p>&nbsp;<\/p>\n<p>&nbsp;<\/p>\n<p><strong><span style=\"color: #ff0000;\">LA FOTO DEL GIORNO DI GIOVANNI VALT<\/span><\/strong><\/p>\n<p><strong>SAPPADE DI FALCAD<\/strong>E\u00a0 Gioco di nuvole, sembra di vedere dietro il monte Pelsa. Le nuvole ricalcano il profilo delle montagne sottostanti.<\/p>\n<p>&nbsp;<\/p>\n<p>&nbsp;<\/p>\n<p>&nbsp;<\/p>\n<p>&nbsp;<\/p>\n<p>&nbsp;<\/p>\n<h1><\/h1>\n<h1>LAGO DI ALLEGHE E SERRAI DI SOTTOGUDA<\/h1>\n<p><iframe loading=\"lazy\" title=\"Recupero lago di Alleghe e Serrai di Sottoguda\" width=\"1200\" height=\"675\" src=\"https:\/\/www.youtube.com\/embed\/-L3lDjwybZ0?feature=oembed\" frameborder=\"0\" allow=\"accelerometer; autoplay; clipboard-write; encrypted-media; gyroscope; picture-in-picture\" allowfullscreen><\/iframe><\/p>\n<p>&nbsp;<\/p>\n<h3>L&#8217;ATTENZIONE PER IL TERRITORIO POST VAIA, PARLA GIANPAOLO BOTTACIN ASSESSORE ALLA PROTEZIONE CIVILE.<\/h3>\n<blockquote><p><em><a class=\"dt-pswp-item\" href=\"https:\/\/www.radiopiu.net\/wordpress\/wp-content\/uploads\/2020\/06\/103530472_10157378264502544_4670556232135692896_o.jpg\" data-dt-img-description=\"\" data-large_image_width=\"960\" data-large_image_height=\"720\"><img loading=\"lazy\" decoding=\"async\" class=\" wp-image-143703 alignleft\" src=\"https:\/\/www.radiopiu.net\/wordpress\/wp-content\/uploads\/2020\/06\/103530472_10157378264502544_4670556232135692896_o-300x225.jpg\" alt=\"\" width=\"203\" height=\"152\" srcset=\"https:\/\/www.radiopiu.net\/wordpress\/wp-content\/uploads\/2020\/06\/103530472_10157378264502544_4670556232135692896_o-300x225.jpg 300w, https:\/\/www.radiopiu.net\/wordpress\/wp-content\/uploads\/2020\/06\/103530472_10157378264502544_4670556232135692896_o-768x576.jpg 768w, https:\/\/www.radiopiu.net\/wordpress\/wp-content\/uploads\/2020\/06\/103530472_10157378264502544_4670556232135692896_o.jpg 960w\" sizes=\"auto, (max-width: 203px) 100vw, 203px\" \/><\/a>&#8220;Oggi vi parlo perci\u00f2 di un altro cantiere, situato tra i comuni di\u00a0<a class=\"_58cn\" href=\"https:\/\/www.facebook.com\/hashtag\/selva_di_cadore?__eep__=6&amp;source=feed_text&amp;epa=HASHTAG&amp;__xts__%5B0%5D=68.ARCUVUwpWVVa9HL8mFHslNi_AZq0bE6HSK-H7QgqGIx_q-jlxhFoEKyZ_0mgLi7wF9E3bnT76MkzDuh360MQqLpEJJ7mxdymiVxwhROJFuy-Mn-LlCQBHKzDxrUbK1loU1KbHco_UozH-kPuy76xTPWs6I2_ArDrBsODJ93TMF6FpCheq596u0SaizDON7CMhKA-pygForGJct1_0oaPJg6UuR2uOAJ-dKGV9BgjSbgjESx5Yc4h3oHNGFlkAzt4l5ryB8Rjj-rOyByuCjwAj_f3AK5WknCuNS9lDn8BVx0suYdgo5SitekD60TuPcSP-4W8gv9vWZXo6dNHLw&amp;__tn__=%2ANK-R\" data-ft=\"{&quot;type&quot;:104,&quot;tn&quot;:&quot;*N&quot;}\"><span class=\"_5afx\"><span class=\"_58cl _5afz\" aria-label=\"hashtag\">#<\/span><span class=\"_58cm\">Selva_di_Cadore<\/span><\/span><\/a>\u00a0e\u00a0<a class=\"_58cn\" href=\"https:\/\/www.facebook.com\/hashtag\/colle_santa_lucia?__eep__=6&amp;source=feed_text&amp;epa=HASHTAG&amp;__xts__%5B0%5D=68.ARCUVUwpWVVa9HL8mFHslNi_AZq0bE6HSK-H7QgqGIx_q-jlxhFoEKyZ_0mgLi7wF9E3bnT76MkzDuh360MQqLpEJJ7mxdymiVxwhROJFuy-Mn-LlCQBHKzDxrUbK1loU1KbHco_UozH-kPuy76xTPWs6I2_ArDrBsODJ93TMF6FpCheq596u0SaizDON7CMhKA-pygForGJct1_0oaPJg6UuR2uOAJ-dKGV9BgjSbgjESx5Yc4h3oHNGFlkAzt4l5ryB8Rjj-rOyByuCjwAj_f3AK5WknCuNS9lDn8BVx0suYdgo5SitekD60TuPcSP-4W8gv9vWZXo6dNHLw&amp;__tn__=%2ANK-R\" data-ft=\"{&quot;type&quot;:104,&quot;tn&quot;:&quot;*N&quot;}\"><span class=\"_5afx\"><span class=\"_58cl _5afz\" aria-label=\"hashtag\">#<\/span><span class=\"_58cm\">Colle_Santa_Lucia<\/span><\/span><\/a>, che ha preso avvio da qualche settimana e che \u00e8 seguito dalla nostra Unit\u00e0 Organizzativa Forestale. Qui siamo sulla confluenza tra il rio Codalunga e il rio Pavia, lungo il\u00a0<a class=\"_58cn\" href=\"https:\/\/www.facebook.com\/hashtag\/torrente_fiorentina?__eep__=6&amp;source=feed_text&amp;epa=HASHTAG&amp;__xts__%5B0%5D=68.ARCUVUwpWVVa9HL8mFHslNi_AZq0bE6HSK-H7QgqGIx_q-jlxhFoEKyZ_0mgLi7wF9E3bnT76MkzDuh360MQqLpEJJ7mxdymiVxwhROJFuy-Mn-LlCQBHKzDxrUbK1loU1KbHco_UozH-kPuy76xTPWs6I2_ArDrBsODJ93TMF6FpCheq596u0SaizDON7CMhKA-pygForGJct1_0oaPJg6UuR2uOAJ-dKGV9BgjSbgjESx5Yc4h3oHNGFlkAzt4l5ryB8Rjj-rOyByuCjwAj_f3AK5WknCuNS9lDn8BVx0suYdgo5SitekD60TuPcSP-4W8gv9vWZXo6dNHLw&amp;__tn__=%2ANK-R\" data-ft=\"{&quot;type&quot;:104,&quot;tn&quot;:&quot;*N&quot;}\"><span class=\"_5afx\"><span class=\"_58cl _5afz\" aria-label=\"hashtag\">#<\/span><span class=\"_58cm\">torrente_<span class=\"text_exposed_show\">Fiorentina<\/span><\/span><\/span><\/a><span class=\"text_exposed_show\">, dove stiamo provvedendo al consolidamento della scogliera esistente a valle della strada provinciale, recentemente danneggiata dal torrente. In sinergia col comune di Selva di Cadore, che ci aveva segnalato il problema, i nostri tecnici regionali dopo un rapidissimo sopralluogo hanno riscontrato gli estremi per un intervento immediato, necessario per garantire la sicurezza della strada ex provinciale della Val Fiorentina, ancora una volta minacciata dai fenomeni di dissesto idrogeologico, oltre che la stabilit\u00e0 delle briglie e delle altre opere idrauliche presenti sul torrente Fiorentina. Mettendo a disposizione un finanziamento di\u00a0<a class=\"_58cn\" href=\"https:\/\/www.facebook.com\/hashtag\/250mila_euro?__eep__=6&amp;source=feed_text&amp;epa=HASHTAG&amp;__xts__%5B0%5D=68.ARCUVUwpWVVa9HL8mFHslNi_AZq0bE6HSK-H7QgqGIx_q-jlxhFoEKyZ_0mgLi7wF9E3bnT76MkzDuh360MQqLpEJJ7mxdymiVxwhROJFuy-Mn-LlCQBHKzDxrUbK1loU1KbHco_UozH-kPuy76xTPWs6I2_ArDrBsODJ93TMF6FpCheq596u0SaizDON7CMhKA-pygForGJct1_0oaPJg6UuR2uOAJ-dKGV9BgjSbgjESx5Yc4h3oHNGFlkAzt4l5ryB8Rjj-rOyByuCjwAj_f3AK5WknCuNS9lDn8BVx0suYdgo5SitekD60TuPcSP-4W8gv9vWZXo6dNHLw&amp;__tn__=%2ANK-R\" data-ft=\"{&quot;type&quot;:104,&quot;tn&quot;:&quot;*N&quot;}\"><span class=\"_5afx\"><span class=\"_58cl _5afz\" aria-label=\"hashtag\">#<\/span><span class=\"_58cm\">250mila_euro<\/span><\/span><\/a> si \u00e8 quindi immediatamente partiti con i lavori, che comprendono la ricostruzione delle scogliere danneggiate in sinistra idrografica del torrente Fiorentina, la formazione di una platea in massi ciclopici a valle della briglia in calcestruzzo e la protezione della scarpata stradale, i lavori dovrebbero concludersi entro il mese di agosto&#8221;.<\/span>\u00a0<\/em><\/p><\/blockquote>\n<p>&nbsp;<\/p>\n<hr \/>\n<blockquote>\n<h3>LUTTO A LIVINALLONGO PER LA MORTE DI ENRICO<\/h3>\n<p><strong>LIVINALLONGO<\/strong> A 77 anni si \u00e8 spento Enrico Roilo, gi\u00e0 membro e fondatore del Coro Fodom. E&#8217; morto dopo una lunga malattia a Fortezza in provincia di Bolzano dove viveva e lavorava come meccanico. Per 40 anni ha cantato nel coro Fodom, nella sua terra mai dimenticata e sempre amata. Un amico e uomo esemplare capace di partire da Fortezza per raggiungere Arabba per le prove settimanali. Lascia la moglie Maria Lucia ed i figli Martina, David e Stephanie. I funerali domani alle 14.30 a Fortezza.<\/p><\/blockquote>\n<p>&nbsp;<\/p>\n<hr \/>\n<p>&nbsp;<\/p>\n<blockquote>\n<h3>IL PRESIDENTE MATTARELLA A VO&#8217; PER L&#8217;INIZIO DELL&#8217;ANNO SCOLASTICO<\/h3>\n<\/blockquote>\n<blockquote><p><img loading=\"lazy\" decoding=\"async\" class=\"alignleft\" src=\"https:\/\/www.radiopiu.net\/wordpress\/wp-content\/uploads\/2019\/02\/Presidente_Sergio_Mattarella.jpg\" width=\"75\" height=\"87\" \/>\u00a0Il presidente della Repubblica Sergio Mattarella sar\u00e0 presente a Vo Euganeo, il Comune che fu focolaio del Coronavirus in Veneto, per l&#8217;inaugurazione del prossimo anno scolastico<em>. &#8220;Non sappiamo quale sar\u00e0 la data &#8211; <\/em>HA DETTO LUCA ZAIA<em> &#8211;\u00a0 non siamo in grado di programmare l&#8217;apertura delle scuole non sapendo quando si andr\u00e0 a votare. C&#8217;\u00e8 la possibilit\u00e0 che il Presidente faccia un&#8217;apertura simbolica ma non mi sembra la cosa migliore&#8221;.\u00a0 <\/em>Bella notizia per Vo&#8217; simbolo del coronavirus con il primo morto in Italia, i primi tamponi e lo studio che fa storia,\u00a0 ci sar\u00e0 un riconoscimento ufficiale. S&#8217;inaugura l&#8217;anno scolastico con il Presidente della Repubblica, riconoscimento per la storia sanitaria del Veneto.<\/p><\/blockquote>\n<p><strong>IL MINISTRO FEDERICO D&#8217;INCA&#8217;<\/strong> Voglio ringraziare il Presidente della Repubblica, Sergio #Mattarella, per aver scelto Vo&#8217; Euganeo come paese simbolo dove inaugurare, a settembre, il prossimo anno scolastico. Vo&#8217; \u00e8 stato il primo focolaio accertato di #coronavirus in Italia e il primo comune ad essere messo in lockdown. In quei giorni ero proprio in Veneto e decisi di andare nella sede della Protezione Civile di Marghera per avere dettagli sull&#8217;evolversi della situazione. Sono stati momenti terribili. Ma Vo&#8217; e i suoi abitanti sono anche simbolo di coraggio, collaborazione, resilienza e rinascita. E grazie alla generosit\u00e0 e disponibilit\u00e0 dei vadensi, Vo&#8217; \u00e8 stato anche un importantissimo luogo di ricerca scientifica per studiare l&#8217;evoluzione dell&#8217;epidemia.\u00a0 La presenza del Capo dello Stato all&#8217;inaugurazione dell&#8217;anno scolastico sar\u00e0 certamente un ricordo indelebile per gli abitanti ma, soprattutto, per gli studenti che avranno il compito di far tesoro di questa esperienza per progettare e realizzare un mondo migliore. <strong>LA MINISTRA LUCIA AZZOLINA<\/strong> <em>La scelta del Presidente della Repubblica di inaugurare il prossimo anno scolastico a Vo&#8217; Euganeo \u00e8 la conferma della sua grande attenzione per la scuola. Lo ringrazio. \u00c8 un segnale bellissimo.\u00a0 <\/em><em>Quella di Vo&#8217; \u00e8 stata una comunit\u00e0 scolastica particolarmente colpita, che ha saputo reagire con forza all&#8217;emergenza. Sar\u00e0 un onore essere presente come Ministra dell&#8217;Istruzione.<\/em><\/p>\n<p>&nbsp;<\/p>\n<p>&nbsp;<\/p>\n<hr \/>\n<blockquote>\n<h3><\/h3>\n<h3>IL FULMINE SUL CAMINO, NESSUN FERITO MA CHE SPAVENTO IN VIA CAIROLI<\/h3>\n<\/blockquote>\n<p><strong><a class=\"dt-pswp-item\" href=\"https:\/\/www.radiopiu.net\/wordpress\/wp-content\/uploads\/2020\/06\/87a3fdff-2d16-49a6-b1b2-88b0a0835680.jpg\" data-dt-img-description=\"\" data-large_image_width=\"1097\" data-large_image_height=\"630\"><img loading=\"lazy\" decoding=\"async\" class=\"wp-image-143552 alignleft\" src=\"https:\/\/www.radiopiu.net\/wordpress\/wp-content\/uploads\/2020\/06\/87a3fdff-2d16-49a6-b1b2-88b0a0835680-300x172.jpg\" alt=\"\" width=\"168\" height=\"96\" srcset=\"https:\/\/www.radiopiu.net\/wordpress\/wp-content\/uploads\/2020\/06\/87a3fdff-2d16-49a6-b1b2-88b0a0835680-300x172.jpg 300w, https:\/\/www.radiopiu.net\/wordpress\/wp-content\/uploads\/2020\/06\/87a3fdff-2d16-49a6-b1b2-88b0a0835680-1024x588.jpg 1024w, https:\/\/www.radiopiu.net\/wordpress\/wp-content\/uploads\/2020\/06\/87a3fdff-2d16-49a6-b1b2-88b0a0835680-768x441.jpg 768w, https:\/\/www.radiopiu.net\/wordpress\/wp-content\/uploads\/2020\/06\/87a3fdff-2d16-49a6-b1b2-88b0a0835680.jpg 1097w\" sizes=\"auto, (max-width: 168px) 100vw, 168px\" \/><\/a>BELLUNO<\/strong> Alla fine i proprietari degli appartamenti di via Cairoli sono potuti rientrare in casa e trascorrere la notte ma dopo quel botto e l&#8217;andirivieni dei vigili del fuoco hanno temuto il peggio. Erano le 22.45 martedi sera quando il temporale ha raggiunto il punto culmine e un fulmine ha centrato il camino dell&#8217;abitazione. I vigili del fuoco del Comando di Belluno\u00a0 sono intervenuti in via Fratelli Cairoli\u00a0 e hanno fatto anche presto visto che si sono spostati di qualche\u00a0 centinaio di metri dalla loro sede. Il fulmine ha colpito un comignolo mandandolo in frantumi. Una squadra\u00a0 ha messo in sicurezza le abitazioni,\u00a0 la saetta ha causato danni agli impianti elettrici e termici di tutti e nove gli appartamenti rendendoli tutti inutilizzabili. Nessuna persona \u00e8 rimasta ferita. Fondamentale ed indispensabile il controllo sicurezza.<\/p>\n<p>&nbsp;<\/p>\n<p>&nbsp;<\/p>\n<blockquote>\n<h3>METEO. ANCORA INSTABILIT\u00c0 IN VENETO<\/h3>\n<\/blockquote>\n<p><b><img loading=\"lazy\" decoding=\"async\" class=\"alignleft\" src=\"https:\/\/www.radiopiu.net\/wordpress\/wp-content\/uploads\/2020\/06\/FULMINE-METEO-MALTEMPO.jpg\" width=\"124\" height=\"82\" \/>VENEZIA\u00a0 <\/b>Le prime ore di oggi, saranno ancora probabili dei rovesci e temporali sparsi in Veneto, con possibilit\u00e0 di qualche fenomeno intenso come forti rovesci e grandinate su Prealpi e pianura, anche se il rischio sar\u00e0 molto basso. Visti i fenomeni meteorologici previsti il Centro funzionale della Protezione civile del Veneto avvisa di possibili disagi al sistema fognario e lungo la rete idrografica minore e del possibile innesco di fenomeni franosi superficiali. L&#8217;ordinaria criticit\u00e0 per rischio temporali rimane valida fino alle 8 di domani. Successivamente il rischio di fenomeni intensi sar\u00e0 molto basso.<\/p>\n<p>&nbsp;<\/p>\n<p>&nbsp;<\/p>\n<hr \/>\n<p>&nbsp;<\/p>\n<blockquote>\n<h3>PRONTO SOCCORSO: &#8220;SIAMO IN ANTICIPO SUI TEMPI&#8221; LO DICE LA ULSS1<\/h3>\n<\/blockquote>\n<p><strong><img loading=\"lazy\" decoding=\"async\" class=\"alignleft\" src=\"https:\/\/www.radiopiu.net\/wordpress\/wp-content\/uploads\/2015\/10\/Entrata-Agordo-300x225.jpg\" width=\"139\" height=\"104\" \/>AGORDO<\/strong> La Ulss1 risponde ai Comitati, il progetto da 3 milioni di euro (500 mila stanziati dalla Ulss, 2,5 milioni dai Comuni con i fondi di confine) prevede importanti scadenze dopo le emergenze covid19 che hanno rallentato le operazioni burocratiche. Ci sono poi le altre questioni messe in risalto dai Comitati, per il momento nessuna risposta nemmeno sulla lungodegenza.<\/p>\n<p><strong>DI GIANNI SANTOMASO<\/strong><\/p>\n<p>AUDIO<\/p>\n<audio class=\"wp-audio-shortcode\" id=\"audio-143512-1\" preload=\"none\" style=\"width: 100%;\" controls=\"controls\"><source type=\"audio\/mpeg\" src=\"https:\/\/www.radiopiu.net\/wordpress\/wp-content\/uploads\/2020\/06\/gianni-pronto-soccorso.mp3?_=1\" \/><a href=\"https:\/\/www.radiopiu.net\/wordpress\/wp-content\/uploads\/2020\/06\/gianni-pronto-soccorso.mp3\">https:\/\/www.radiopiu.net\/wordpress\/wp-content\/uploads\/2020\/06\/gianni-pronto-soccorso.mp3<\/a><\/audio>\n<p>&nbsp;<\/p>\n<p>&nbsp;<\/p>\n<hr \/>\n<blockquote>\n<h3><\/h3>\n<h3>LE STRADE PER SAN TOMASO A DUE ANNI DA VAIA<\/h3>\n<\/blockquote>\n<p><strong>SAN TOMASO\u00a0<\/strong> Mica facile vivere in montagna dove i servizi essenziali a volte diventano un ricordo. Ci puoi mettere la buona volont\u00e0, l&#8217;amore per il territorio, la voglia di creare, la fantasia impegnativa, ma quando le infrastrutture essenziali fanno &#8220;acqua&#8221; ecco che tutto diventa pi\u00f9 difficile e gli sforzi degli amministratori locali, piuttosto che degli imprenditori delle nuove generazioni si scontrano\u00a0 con l&#8217;impegno. Prendi ad esempio la provinciale 8, la strada che da Cencenighe o da Avoscan sale verso il centro del paese, da una parte incrociando il Municipio, la partenza della zip line,\u00a0 la nuova struttura bar, ristorante albergo e dall&#8217;altra gli impianti sportivi\u00a0 con la palestra artificiale,\u00a0 orgoglio dell&#8217;attuale amministrazione che li ha fortemente voluti. Ma per arrivarci bisogna salire su qualche mezzo e percorrerla quella provinciale che a due anni dalla famosa tempesta Vaia presenta i soliti disagi. Sotto la frazione Toccol il semaforo porta pazienza, sopra Avoscan un tratto a senso unico alternato. Eppure la Provincia lo sa che non \u00e8 una strada secondaria, \u00e8 la strada principale, quella che scende nel fondovalle, quella che permette agli operai ogni giorno di raggiungere Luxottica. Ma tant&#8217;\u00e8,\u00a0 ormai l&#8217;uomo e la donna di San Tomaso hanno capito che con i disagi dovranno conviverci e ogni giorno votarsi a Santa Pazienza.<\/p>\n<p><strong><span style=\"color: #0000ff;\">A MARGINE\u00a0 DI QUESTE SEMPLICI CONSIDERAZIONI ABBIAMO CHIESTO UN COMMENTO AL SINDACO DI SAN TOMASO MORENO DE VAL CHE SPAZIA\u00a0 OLTRE LA PROVINCIALE 8 RICORDANDO ANCHE I PROBLEMI LUNGO LA EX 203 AGORDINA.<\/span><\/strong><\/p>\n<audio class=\"wp-audio-shortcode\" id=\"audio-143512-2\" preload=\"none\" style=\"width: 100%;\" controls=\"controls\"><source type=\"audio\/mpeg\" src=\"https:\/\/www.radiopiu.net\/wordpress\/wp-content\/uploads\/2020\/06\/MORENO.mp3?_=2\" \/><a href=\"https:\/\/www.radiopiu.net\/wordpress\/wp-content\/uploads\/2020\/06\/MORENO.mp3\">https:\/\/www.radiopiu.net\/wordpress\/wp-content\/uploads\/2020\/06\/MORENO.mp3<\/a><\/audio>\n<p>&nbsp;<\/p>\n<blockquote>\n<h3>ALCUNE FOTOGRAFIE DELLA SITUAZIONE IN CUI VERSA LA PROVINCIALE 8 CHE COLLEGA AVOSCAN AL PAESE.<\/h3>\n<\/blockquote>\n<p><a class=\"dt-pswp-item\" href=\"https:\/\/www.radiopiu.net\/wordpress\/wp-content\/uploads\/2020\/06\/103894374_594847557804881_3386827775232412133_n.jpg\" data-dt-img-description=\"\" data-large_image_width=\"256\" data-large_image_height=\"480\"><img loading=\"lazy\" decoding=\"async\" class=\"alignnone size-medium wp-image-143595\" src=\"https:\/\/www.radiopiu.net\/wordpress\/wp-content\/uploads\/2020\/06\/103894374_594847557804881_3386827775232412133_n-160x300.jpg\" alt=\"\" width=\"160\" height=\"300\" srcset=\"https:\/\/www.radiopiu.net\/wordpress\/wp-content\/uploads\/2020\/06\/103894374_594847557804881_3386827775232412133_n-160x300.jpg 160w, https:\/\/www.radiopiu.net\/wordpress\/wp-content\/uploads\/2020\/06\/103894374_594847557804881_3386827775232412133_n.jpg 256w\" sizes=\"auto, (max-width: 160px) 100vw, 160px\" \/><\/a><a class=\"dt-pswp-item\" href=\"https:\/\/www.radiopiu.net\/wordpress\/wp-content\/uploads\/2020\/06\/103966715_332966521029349_7308394570390081548_n.jpg\" data-dt-img-description=\"\" data-large_image_width=\"270\" data-large_image_height=\"480\"><img loading=\"lazy\" decoding=\"async\" class=\"alignnone size-medium wp-image-143599\" src=\"https:\/\/www.radiopiu.net\/wordpress\/wp-content\/uploads\/2020\/06\/103966715_332966521029349_7308394570390081548_n-169x300.jpg\" alt=\"\" width=\"169\" height=\"300\" srcset=\"https:\/\/www.radiopiu.net\/wordpress\/wp-content\/uploads\/2020\/06\/103966715_332966521029349_7308394570390081548_n-169x300.jpg 169w, https:\/\/www.radiopiu.net\/wordpress\/wp-content\/uploads\/2020\/06\/103966715_332966521029349_7308394570390081548_n.jpg 270w\" sizes=\"auto, (max-width: 169px) 100vw, 169px\" \/><\/a><a class=\"dt-pswp-item\" style=\"color: #005177; outline: 0px;\" href=\"https:\/\/www.radiopiu.net\/wordpress\/wp-content\/uploads\/2020\/06\/103986881_616009982598989_575300230331006001_n.jpg\" data-dt-img-description=\"\" data-large_image_width=\"270\" data-large_image_height=\"480\"><img loading=\"lazy\" decoding=\"async\" class=\"alignnone size-medium wp-image-143598\" src=\"https:\/\/www.radiopiu.net\/wordpress\/wp-content\/uploads\/2020\/06\/103986881_616009982598989_575300230331006001_n-169x300.jpg\" alt=\"\" width=\"169\" height=\"300\" srcset=\"https:\/\/www.radiopiu.net\/wordpress\/wp-content\/uploads\/2020\/06\/103986881_616009982598989_575300230331006001_n-169x300.jpg 169w, https:\/\/www.radiopiu.net\/wordpress\/wp-content\/uploads\/2020\/06\/103986881_616009982598989_575300230331006001_n.jpg 270w\" sizes=\"auto, (max-width: 169px) 100vw, 169px\" \/><\/a><a class=\"dt-pswp-item\" href=\"https:\/\/www.radiopiu.net\/wordpress\/wp-content\/uploads\/2020\/06\/103425904_298902624838750_8085937141862785813_n.jpg\" data-dt-img-description=\"\" data-large_image_width=\"256\" data-large_image_height=\"480\"><img loading=\"lazy\" decoding=\"async\" class=\"alignnone size-medium wp-image-143596\" src=\"https:\/\/www.radiopiu.net\/wordpress\/wp-content\/uploads\/2020\/06\/103425904_298902624838750_8085937141862785813_n-160x300.jpg\" alt=\"\" width=\"160\" height=\"300\" srcset=\"https:\/\/www.radiopiu.net\/wordpress\/wp-content\/uploads\/2020\/06\/103425904_298902624838750_8085937141862785813_n-160x300.jpg 160w, https:\/\/www.radiopiu.net\/wordpress\/wp-content\/uploads\/2020\/06\/103425904_298902624838750_8085937141862785813_n.jpg 256w\" sizes=\"auto, (max-width: 160px) 100vw, 160px\" \/><\/a> <a class=\"dt-pswp-item\" href=\"https:\/\/www.radiopiu.net\/wordpress\/wp-content\/uploads\/2020\/06\/103950450_715200342641038_3323805903018897167_n.jpg\" data-dt-img-description=\"\" data-large_image_width=\"1008\" data-large_image_height=\"568\"><img loading=\"lazy\" decoding=\"async\" class=\"alignnone wp-image-143597\" src=\"https:\/\/www.radiopiu.net\/wordpress\/wp-content\/uploads\/2020\/06\/103950450_715200342641038_3323805903018897167_n-300x169.jpg\" alt=\"\" width=\"329\" height=\"185\" srcset=\"https:\/\/www.radiopiu.net\/wordpress\/wp-content\/uploads\/2020\/06\/103950450_715200342641038_3323805903018897167_n-300x169.jpg 300w, https:\/\/www.radiopiu.net\/wordpress\/wp-content\/uploads\/2020\/06\/103950450_715200342641038_3323805903018897167_n-768x433.jpg 768w, https:\/\/www.radiopiu.net\/wordpress\/wp-content\/uploads\/2020\/06\/103950450_715200342641038_3323805903018897167_n.jpg 1008w\" sizes=\"auto, (max-width: 329px) 100vw, 329px\" \/><\/a> <a class=\"dt-pswp-item\" href=\"https:\/\/www.radiopiu.net\/wordpress\/wp-content\/uploads\/2020\/06\/103863226_3032720090123089_782545424095368930_n.jpg\" data-dt-img-description=\"\" data-large_image_width=\"1008\" data-large_image_height=\"568\"><img loading=\"lazy\" decoding=\"async\" class=\"alignnone wp-image-143600\" src=\"https:\/\/www.radiopiu.net\/wordpress\/wp-content\/uploads\/2020\/06\/103863226_3032720090123089_782545424095368930_n-300x169.jpg\" alt=\"\" width=\"326\" height=\"183\" srcset=\"https:\/\/www.radiopiu.net\/wordpress\/wp-content\/uploads\/2020\/06\/103863226_3032720090123089_782545424095368930_n-300x169.jpg 300w, https:\/\/www.radiopiu.net\/wordpress\/wp-content\/uploads\/2020\/06\/103863226_3032720090123089_782545424095368930_n-768x433.jpg 768w, https:\/\/www.radiopiu.net\/wordpress\/wp-content\/uploads\/2020\/06\/103863226_3032720090123089_782545424095368930_n.jpg 1008w\" sizes=\"auto, (max-width: 326px) 100vw, 326px\" \/><\/a><\/p>\n<p>&nbsp;<\/p>\n<p>&nbsp;<\/p>\n<p>&nbsp;<\/p>\n<p>&nbsp;<\/p>\n<hr \/>\n<p>&nbsp;<\/p>\n<blockquote>\n<h3>LA STRADA TAGLIA FUOCO LA MERLA COL DI PEDEN SI FARA&#8217;. SODDISFAZIONE DEL COMITATO SPONTANEO CHE CHIEDE PERO&#8217; UN CONFRONTO CON LA POPOLAZIONE<\/h3>\n<\/blockquote>\n<p><strong><img loading=\"lazy\" decoding=\"async\" class=\"alignleft\" src=\"https:\/\/www.radiopiu.net\/wordpress\/wp-content\/uploads\/2019\/11\/WhatsApp-Image-2020-02-14-at-12.39.31.jpeg\" width=\"338\" height=\"169\" \/>TAIBON<\/strong> Il<span style=\"font-size: medium;\"> Comune di Taibon Agordino ha dato la notizia: \u00e8 stato assegnato un contributo di un milione di euro per la realizzazione della strada tagliafuoco sopra le frazioni di Forno Val, Villanova e Coi de Peden, alle pendici della Prima Pala di San Lucano. <\/span><span style=\"font-size: medium;\">Il comitato spontaneo di Taibon attendeva da tempo questa buona nuova, anche se conoscendo bene le lungaggini burocratiche dell&#8217;amministrazione pubblica, questo ritardo lo riteneva quasi fisiologico e scontato. <\/span><span style=\"font-size: medium;\">Nel frattempo, a tal proposito, il comitato in rappresentanza anche dei sottoscrittori delle varie istanze, ha ritenuto corretto non intervenire lasciando all&#8217;amministrazione tutto il tempo necessario per affrontare nel modo pi\u00f9 consono il problema. <\/span><span style=\"font-size: medium;\">Certo che un coinvolgimento in questa fase di preparazione alla progettualit\u00e0, francamente il comitato se l&#8217;aspettava, anche se la petizione nelle sue linee generali era chiara ed esaustiva.<em> &#8220;<\/em><\/span><em><span style=\"font-size: medium;\">Veniamo pertanto a sapere &#8211; scrivono oggi gli aderenti al comitato &#8211; e\u00a0 speriamo non sia cos\u00ec, che le decisioni in merito al tracciato ed alle modalit\u00e0 per poi effettuare i lavori, almeno da quello che si sente, siano gi\u00e0 state prese. <\/span><span style=\"font-size: medium;\">Siamo venuti a conoscenza che si starebbe anche per assegnare l&#8217;incarico ad un professionista per stilare il progetto su un itinerario ben identificato. <\/span><span style=\"font-size: medium;\">Il comitato, anzi la popolazione tutta, gradirebbe sapere con attendibilit\u00e0 dall&#8217;amministrazione, a che punto siamo di questa procedura, alla luce anche del finanziamento, per non trovarsi poi davanti, al momento dell\u2019inizio dei lavori a decisioni inderogabili. <\/span><span style=\"font-size: medium;\">Visto che il Comitato, unitamente ai sottoscrittori, era fermamente convinto delle istanze riportate nella petizione del 16 dicembre 2018 e protocollata il 19 dicembre 2018 e che sono in buona parte discostanti con le decisioni prese o che si stanno per prendere in merito alle modalit\u00e0 di esecuzione della strada tagliafuoco, ritengono quantomeno necessario che l&#8217;amministrazione informi il comitato stesso e conseguentemente la popolazione di Taibon, prima della redazione del progetto che diventer\u00e0 presto esecutivo&#8221;. <\/span><\/em><span style=\"font-size: medium;\">Il\u00a0 Comitato ringrazia l&#8217; Amministrazione Comunale e auspica che la strada in oggetto con i vari interventi complementari, vista l&#8217;importanza fondamentale per la messa in sicurezza che riveste, sia realizzata cos\u00ec come a suo tempo prospettato dal Comitato, interpretando la volont\u00e0 degli abitanti delle frazioni di Forno Val, Villanova. e Coi de Peden. <em>&#8220;<\/em><\/span><em><span style=\"font-size: medium;\">Sarebbe auspicabile che l&#8217;Amministrazione Comunale si confrontasse, nella maniera che riterr\u00e0 opportuna, con la popolazione prima di decidere il tracciato e le modalit\u00e0 di esecuzione&#8221;.<\/span><\/em><\/p>\n<p><strong>NEL SERVIZIO SUCCESSIVO, ALL&#8217;INTERNO, LE CONSIDERAZIONI DEL COMITATO\u00a0<\/strong><\/p>\n<blockquote class=\"wp-embedded-content\" data-secret=\"BeZPOrvlyv\"><p><a href=\"https:\/\/www.radiopiu.net\/wordpress\/la-strada-taglia-fuoco-la-merla-col-di-peden-si-fara-soddisfazione-del-comitato-spontaneo-che-chiede-pero-un-confronto-con-la-popolazione\/\">LA STRADA TAGLIA FUOCO LA MERLA COL DI PEDEN SI FARA&#8217;. SODDISFAZIONE DEL COMITATO SPONTANEO CHE CHIEDE PERO&#8217; UN CONFRONTO CON LA POPOLAZIONE<\/a><\/p><\/blockquote>\n<p><iframe loading=\"lazy\" title=\"&#8220;LA STRADA TAGLIA FUOCO LA MERLA COL DI PEDEN SI FARA&#8217;. SODDISFAZIONE DEL COMITATO SPONTANEO CHE CHIEDE PERO&#8217; UN CONFRONTO CON LA POPOLAZIONE&#8221; &#8212; Radio Pi\u00f9\" class=\"wp-embedded-content\" sandbox=\"allow-scripts\" security=\"restricted\" style=\"position: absolute; clip: rect(1px, 1px, 1px, 1px);\" src=\"https:\/\/www.radiopiu.net\/wordpress\/la-strada-taglia-fuoco-la-merla-col-di-peden-si-fara-soddisfazione-del-comitato-spontaneo-che-chiede-pero-un-confronto-con-la-popolazione\/embed\/#?secret=BeZPOrvlyv\" data-secret=\"BeZPOrvlyv\" width=\"600\" height=\"338\" frameborder=\"0\" marginwidth=\"0\" marginheight=\"0\" scrolling=\"no\"><\/iframe><\/p>\n<p>&nbsp;<\/p>\n<p>&nbsp;<\/p>\n<hr \/>\n<blockquote>\n<h3><\/h3>\n<h3><\/h3>\n<h3>MATTARELLA A VO&#8217; PER L&#8217;INIZIO DELLA SCUOLA. I PARENTI DELLA SPOSA TREVIGIANA\u00a0 IN QUARANTENA DOPO LE NOZZE A BOLOGNA. CONTAGIATA LA BADANTE MOLDAVA, MISTERO SULLE ALTRE 11 PERSONE CHE VIAGGIAVANO SULLO STESSO PULLMAN VERSO L&#8217;ITALIA. DA IERI SERA OSPEDALE DI BELLUNO COVID FREE, NESSUN PAZIENTE RICOVERATO<\/h3>\n<\/blockquote>\n<p><strong>di Mirko Mezzacasa\u00a0<\/strong><\/p>\n<p>Il Presidente della Repubblica sceglie Vo&#8217; per aprire l&#8217;anno scolastico. Di recente la visita a Codogno, a settembre in Veneto, in entrambi i casi luoghi simbolo della tragedia Covid19. A Vo&#8217; ricordiamo il primo decesso ma anche il grande impegno sanitario in una zona rossa dove i cittadini non hanno esitato a mettersi a disposizione della scienza con le campagne tamponi. Quale sia la data della visita della massima autorit\u00e0 dello Stato non \u00e8 nota, la Regione infatti dovr\u00e0 decidere la data di inizio dell&#8217;anno scolastico ma attende prima di conoscere quando ci sar\u00e0 l&#8217;election day (regionali, comunali, referendum) per non dover aprire le scuole e chiuderle subito dopo per dare spazio ai seggi elettorali.\u00a0 <em>&#8220;\u00c8 imbarazzante &#8211; ha detto ieri Zaia &#8211; che il Parlamento sia bloccato sulla data delle elezioni, quando ha davanti tanti amministratori scaduti: \u00e8 una pessima pagina di storia. Il voto \u00e8 la sublimazione della democrazia. In Corea si \u00e8 votato ad aprile, in Francia si vota a met\u00e0 giugno. Ci troviamo davanti a una filosofia contraria a democrazia e autonomia, visto che \u00e8 prerogativa delle Regioni fissare la data delle elezioni\u00bb.<\/em> Che l&#8217;emergenza non sia del tutto superata lo confermano due recenti episodi, un gruppo di persone da ieri in quarantena per aver partecipato ad un matrimonio a Bologna, i parenti della sposa dopo la cerimonia sono tornati a casa ma ancora non sapevano che erano stati in contatto con un positivo. Una badante Moldava ha riscontrato il virus di ritorno dal suo paese in pullman, a ieri non si conoscevano compagni e compagne di viaggio ovviamente anche loro a rischio quarantena. Interessante intervento quello di ieri in conferenza stampa a Marghera della dottoressa Anna Maria Cattelan responsabile del malattie infettive di Padova<em> &#8220;Ci siamo trovati impreparati e impauriti, non ce l&#8217;aspettavamo. Ora sappiamo come combattere il virus. Quello che oggi temiamo \u00e8 un intreccio tra focolai covid e virus influenzali&#8221; <\/em><strong>I NUMERI\u00a0 IN VENETO:<\/strong> TOTALE POSITIVI 19194\u00a0 (+4)\u00a0 ATTUALMENTE POSITIVI 955 (-35)\u00a0 DECESSI 1964\u00a0 (3)\u00a0 NEGATIVIZZATI 16275 (+36) IN ISOLAMENTO 878 (+20)\u00a0 RICOVERATI 300 (+1\u00a0 63 POSITIVI,\u00a0 237 NEGATIVIZZATI), NEGLI OSPEDALI DI COMUNITA\u2019 39\u00a0 ( 7 POSITIVI,\u00a0 \u00a032 NEGATIVIZZATI), IN TERAPIA INTENSIVA 15 (0,\u00a0 0 POSITIVI,\u00a0 \u00a015 NEGATIVIZZATI). DIMESSI 3466 (+2), DECESSI IN OSPEDALE 1407 (+2). <strong>I NUMERI IN PROVINCIA:<\/strong> TOTALE CONTAGI 1179 (+2) , ATTUALMENTE POSITIVI 74\u00a0 (-4) , DECEDUTI 111 (0), NEGATIVIZZATI\u00a0 994 (+6) ISOLAMENTO DOMICILIARE 75 (-2) RICOVERATI IN OSPEDALE AL SAN MARTINO 0<\/p>\n<hr \/>\n<blockquote class=\"wp-embedded-content\" data-secret=\"Le3kSiGTwX\"><p><a href=\"https:\/\/www.radiopiu.net\/wordpress\/coronavirus-aggiornamento-nazionale-10-giugno\/\">CORONAVIRUS: AGGIORNAMENTO NAZIONALE 10 GIUGNO<\/a><\/p><\/blockquote>\n<p><iframe loading=\"lazy\" title=\"&#8220;CORONAVIRUS: AGGIORNAMENTO NAZIONALE 10 GIUGNO&#8221; &#8212; Radio Pi\u00f9\" class=\"wp-embedded-content\" sandbox=\"allow-scripts\" security=\"restricted\" style=\"position: absolute; clip: rect(1px, 1px, 1px, 1px);\" src=\"https:\/\/www.radiopiu.net\/wordpress\/coronavirus-aggiornamento-nazionale-10-giugno\/embed\/#?secret=Le3kSiGTwX\" data-secret=\"Le3kSiGTwX\" width=\"600\" height=\"338\" frameborder=\"0\" marginwidth=\"0\" marginheight=\"0\" scrolling=\"no\"><\/iframe><\/p>\n<p>&nbsp;<\/p>\n<p>&nbsp;<\/p>\n<p>&nbsp;<\/p>\n<blockquote class=\"wp-embedded-content\" data-secret=\"n5RydNDbc1\"><p><a href=\"https:\/\/www.radiopiu.net\/wordpress\/bollettino-delle-17-al-san-martino-di-belluno-non-ci-sono-piu-pazienti-ricoverati-in-regione-4-positivi-in-piu-2-belluno-torna-la-badante-dalla-moldavia-e-salgono-le-persone-in-isolamento-20\/\">BOLLETTINO DELLE 17: AL SAN MARTINO DI BELLUNO NON CI SONO PIU&#8217; PAZIENTI RICOVERATI, IN REGIONE 4 POSITIVI IN PIU&#8217; (2 BELLUNO), TORNA LA BADANTE DALLA MOLDAVIA E SALGONO LE PERSONE IN ISOLAMENTO +20, OGGI 4 DECESSI, 2 IN OSPEDALE<\/a><\/p><\/blockquote>\n<p><iframe loading=\"lazy\" title=\"&#8220;BOLLETTINO DELLE 17: AL SAN MARTINO DI BELLUNO NON CI SONO PIU&#8217; PAZIENTI RICOVERATI, IN REGIONE 4 POSITIVI IN PIU&#8217; (2 BELLUNO), TORNA LA BADANTE DALLA MOLDAVIA E SALGONO LE PERSONE IN ISOLAMENTO +20, OGGI 4 DECESSI, 2 IN OSPEDALE&#8221; &#8212; Radio Pi\u00f9\" class=\"wp-embedded-content\" sandbox=\"allow-scripts\" security=\"restricted\" style=\"position: absolute; clip: rect(1px, 1px, 1px, 1px);\" src=\"https:\/\/www.radiopiu.net\/wordpress\/bollettino-delle-17-al-san-martino-di-belluno-non-ci-sono-piu-pazienti-ricoverati-in-regione-4-positivi-in-piu-2-belluno-torna-la-badante-dalla-moldavia-e-salgono-le-persone-in-isolamento-20\/embed\/#?secret=n5RydNDbc1\" data-secret=\"n5RydNDbc1\" width=\"600\" height=\"338\" frameborder=\"0\" marginwidth=\"0\" marginheight=\"0\" scrolling=\"no\"><\/iframe><\/p>\n<blockquote class=\"wp-embedded-content\" data-secret=\"OD2ds1aTx1\"><p><a href=\"https:\/\/www.radiopiu.net\/wordpress\/dati-e-grafici-del-giorno-provincia-regione-10-giugno-2020\/\">DATI E GRAFICI DEL GIORNO, PROVINCIA \u2013 REGIONE 10 GIUGNO 2020<\/a><\/p><\/blockquote>\n<p><iframe loading=\"lazy\" title=\"&#8220;DATI E GRAFICI DEL GIORNO, PROVINCIA \u2013 REGIONE 10 GIUGNO 2020&#8221; &#8212; Radio Pi\u00f9\" class=\"wp-embedded-content\" sandbox=\"allow-scripts\" security=\"restricted\" style=\"position: absolute; clip: rect(1px, 1px, 1px, 1px);\" src=\"https:\/\/www.radiopiu.net\/wordpress\/dati-e-grafici-del-giorno-provincia-regione-10-giugno-2020\/embed\/#?secret=OD2ds1aTx1\" data-secret=\"OD2ds1aTx1\" width=\"600\" height=\"338\" frameborder=\"0\" marginwidth=\"0\" marginheight=\"0\" scrolling=\"no\"><\/iframe><\/p>\n<p>&nbsp;<\/p>\n<hr \/>\n<blockquote>\n<h3>RICONOSCIMENTO A VO&#8217;, L&#8217;INIZIO DELL&#8217;ANNO SCOLASTICO CON MANIFESTAZIONE ALLA PRESENZA DEL PRESIDENTE DELLA REPUBBLICAM MA NON C&#8217;E&#8217; LA DATA. CONFERENZA STAMPA DEL PRESIDENTE DEL VENETO LUCA ZAIA 10 GIUGNO 2020<\/h3>\n<\/blockquote>\n<p>&nbsp;<\/p>\n<h2>LEGGI LA CONFERENZA STAMPA DI LUCA ZAIA<\/h2>\n<blockquote><p><em>\u00a0Il presidente della Repubblica Sergio Mattarella sar\u00e0 presente a Vo Euganeo, il comune che fu focolaio del Coronavirus in Veneto, per l&#8217;inaugurazione del prossimo anno scolastico. Non sappiamo quale sar\u00e0 la data, non siamo in grado di programmare l&#8217;apertura delle scuole non sapendo quando si andr\u00e0 a votare. C&#8217;\u00e8 la possibilit\u00e0 che il Presidente faccia un&#8217;apertura simbolica ma non mi sembra la cosa migliore.\u00a0<\/em><\/p><\/blockquote>\n<p><strong>MATTARELLA A VO&#8217;<\/strong> Bella notizia per Vo&#8217; simbolo del coronavirus con il primo morto in Italia, i primi tamponi e lo studio che fa storia,\u00a0 ci sar\u00e0 un riconoscimento ufficiale come ho gi\u00e0 parlato con il Presidente Mattarella. S&#8217;inaugura l&#8217;anno scolastico con il Presidente della Repubblica, riconoscimento per la storia sanitaria del Veneto. Altra notizia: borse di studio per oltre 9 milioni e 700 mila euro. Faremo il corso di laurea e Medicina-Chirurgia a Treviso e invito tutti ad iscriversi abbiamo 60 posti disponibili i primi 2 anni di corso sono gi\u00e0 attivati. 90 borse di studio per gli specializzandi, questo lo facciamo come squadra veneta a sostegno delle specialit\u00e0. Sul corso di laurea stiamo lavorando ultima data il 16 di giugno e spero che il Governo chiuda la partita in maniera pacifica e non in Corte Costituzionale.<\/p>\n<p><strong>ELEZIONI <\/strong>E&#8217; imbarazzante assistere ad un Parlamento bloccato per decidere una data delle elezioni con gli amminstratori scaduti (1500 sindaci e 6 presidenti di Regione) che hanno concluso la loro legislatura. E&#8217; una pessima pagina di storia, la sublimazione della democrazia il non andare a votare. In Corea si \u00e8 votato ad aprile. La Francia vota a met\u00e0 giugno e questo paese non vuole riconoscere che gli organi di Governo vanno eletti dal popolo. Chi porta avanti questa filosofia e&#8217; anche contro l&#8217;autonomia perche&#8217; \u00e8 prerogativa delle Regioni scegliere la data delle elezioni. E&#8217; stato fatto un emendamento per vietare alle Regioni di convocare le urne il 6 settembre. Hanno vietato le convocazioni prima del 15 settembre, di fatto bloccato le prime due domeniche della finestra del 6 e 13 settembre. Non e&#8217; un &#8220;casino&#8221; dell&#8217;opposizione ma lo sta facendo il Governo. E&#8217; come l&#8217;articolo 63 della Costituzione che prevede il rinvio delle elezioni in caso di guerra. Ho parlato anche con Mattarella delle elezioni consoce la situazione ma non ha voci in capitolo. I Veneti hanno voglia di andare a votare. Il decreto prevede gi\u00e0 l&#8217;ipotesi del rinvio se arriva il virus. C&#8217;\u00e8 chi spera di saltare un anno attendendo che cambi il tempo.<\/p>\n<p>&nbsp;<\/p>\n<blockquote>\n<h2>DOTTORESSA ANNA MARIA CATTELAN, IN TRINCEA,\u00a0 IN PRIMA FILA NEL REPARTO MALATTIA INFETTIVE. GIA&#8217; PRIMARIO A ROVIGO. MEMBRO DEL COMITATO SCIENTIFICO NAZIONALE.<\/h2>\n<\/blockquote>\n<p>Noi infettivologi siamo ancora in trincea in questa guerra che ci ha colto impreparati diversamente da una guerra. Questa guerra abbiamo saputo combatterla molto bene fin da subito anche se pensavamo, eravamo convinti che mai avrebbe varcato i confini dell&#8217;Italia. Il 21 febbraio avevamo in corso un convegno con colleghi da tutte le Regione sull&#8217;Hiv, concentrati in altrepatologie. Eppure alle 16 dei quel pomeriggio mi ha chiamato il direttore dicendomi del primo caso di covid e da li&#8217; e&#8217; cambiato tutto. E&#8217; stato messo in moto il piano emergenziale dalla Regione ricaduto su tutte le aziende e ci ha visto in prima linea ad accogliere i pazienti. Un lavoro importante di squadra.Cappello che ha permesso di ottenere grandi risultati. Rinnovo il grazie a tutti gli operatori della sanit\u00e0 amministrativi compresi che hanno lavorato al di l\u00e0 di ogni orario mettendo in gioco anche se stessi. Grande collaborazione a Padova anche con il territorio. I DATI sono buoni, eccellenti. Ci siamo mossi su due fronti, il primo di un triage avanzato subito istituito presso l&#8217;azienda di Padova prima al malattie infettive e visti i numeri crescenti nella tenso struttura dove nelle prime 8 settimane abbiamo fatto oltre 13 mila tamponi a quasi 8000 pazienti arrivati dal 118, da casa, dal medico di base per sospetta infezione covid o a contatto con positivi. 70% dei casi erano sintomatici con febbre, tosse e classici sintomi. Un 10% non aveva febbre. Ma avevano alterazioni del gusto e olfatto, unici sintomi presentati dai pazienti. Un grande lavoro che ci ha portato al protocollo sanitario per mettere in sicurezza gli operatori. Nelle 8 settimane nessun operatore sanitario della tensostruttura aperta 24 ore su 24 (60) nessuno si \u00e8 infettato. Fiore all&#8217;occhiello di Regione e Direzione che diversamente da altre realt\u00e0,\u00a0 ci hanno dato i dispositivi di protezione fin dall&#8217;inizio e avevamo paura non conoscendo il virus e le modalit\u00e0 di trasmissione. Questo ha permesso ottimi risultati. Altro dato i pazienti ricoverati, abbiamo seguito 303 pazienti fino al 20 maggio, direttamente al malattie infettive poi spostati alle terapie sub intensive e o intensive. CI hanno detto l&#8217;et\u00e0 media di 60 anni, i piu&#8217; anziani con piu&#8217; patologie associate, chi aveva piu&#8217; malattie purtroppo andavamo piu&#8217; frequentemente in rianimazione. 23% il ricorso alla ventilazione dei pazienti, questo accesso piu&#8217; rapido alla sub intensiva ci ha permesso di ottenere risultati eccellenti. Abbiamo una mortalita&#8217; complessiva del 6,8% molto bassa, 15% nei 69 pazienti alla ventilazione. Complessivamente numeri bassi al di sotto di altri tassi di mortalita&#8217; di altre casistiche italiane ed europee.<\/p>\n<p>&nbsp;<\/p>\n<p>&nbsp;<\/p>\n<p>https:\/\/www.facebook.com\/zaiaufficiale\/videos\/281832286522181<\/p>\n<p>&nbsp;<\/p>\n<p>&nbsp;<\/p>\n<p>&nbsp;<\/p>\n<hr \/>\n<blockquote>\n<h3><\/h3>\n<h3>90 BORSE DI STUDIO DI SPECIALITA\u2019 AGGIUNTIVE A QUELLE NAZIONALI. 9,7 MILIONI,\u00a0 UNA RISPOSTA ALLA CRISI<\/h3>\n<\/blockquote>\n<p><strong>VENEZIA<\/strong> Anche per l\u2019anno accademico in corso, le Universit\u00e0 di Padova e Verona potranno contare su 90 borse di studio di specializzazione per i giovani medici, aggiuntive a quelle messe a disposizione a livello nazionale, e finanziate dalla Regione Veneto. La delibera prevede uno stanziamento complessivo di 9.745.000 euro, dei quali 2.250.000 euro per le borse di quest\u2019anno, 7.195.000 euro per il pagamento dei contratti gi\u00e0 in essere relativi agli anni di corso successivi al primo, 300.00 euro da destinare alle obbligazioni derivanti dalle gravidanze e dalle malattie eventualmente effettuate dagli specializzandi. Sar\u00e0 utilizzata una parte dei finanziamenti della Gestione Accentrata regionale nell\u2019ambito del Fondo Sanitario Nazionale.<em>\u201cE bene ricordare \u2013 dice l&#8217;assessore Manuela\u00a0 Lanzarin \u2013 che, per farlo, abbiamo dovuto vincere un ricorso in Corte Costituzionale alla quale il Governo, nel 2014, si era rivolto per impedircelo\u201d.\u00a0<\/em><\/p>\n<hr \/>\n<p>&nbsp;<\/p>\n<blockquote>\n<h3>\u00a0DI LAMON I NUOVI GESTORI DELLA MALGA\u00a0 GRAN PIAN CHE NON APRIRA&#8217; PER L&#8217;ESTATE, LUNGA DISCUSSIONE IN CONSIGLIO COMUNALE. PER IL CAMPEGGIO IN CORSO LA VERTENZA LEGALE<\/h3>\n<\/blockquote>\n<p>&nbsp;<\/p>\n<p><strong>DI GIANNI SAN TOMASO<\/strong><\/p>\n<audio class=\"wp-audio-shortcode\" id=\"audio-143512-3\" preload=\"none\" style=\"width: 100%;\" controls=\"controls\"><source type=\"audio\/mpeg\" src=\"https:\/\/www.radiopiu.net\/wordpress\/wp-content\/uploads\/2020\/06\/GIANNI-ROCCA.mp3?_=3\" \/><a href=\"https:\/\/www.radiopiu.net\/wordpress\/wp-content\/uploads\/2020\/06\/GIANNI-ROCCA.mp3\">https:\/\/www.radiopiu.net\/wordpress\/wp-content\/uploads\/2020\/06\/GIANNI-ROCCA.mp3<\/a><\/audio>\n<p>&nbsp;<\/p>\n<blockquote class=\"wp-embedded-content\" data-secret=\"pB86Cyl3FM\"><p><a href=\"https:\/\/www.radiopiu.net\/wordpress\/consiglio-comunale-di-rocca-pietore-diretta-facebook-clicca-e-segui-la-diretta-di-radio-piu\/\">CONSIGLIO COMUNALE DI ROCCA PIETORE, DIRETTA FACEBOOK. CLICCA E SEGUI LA DIRETTA DI RADIO PIU<\/a><\/p><\/blockquote>\n<p><iframe loading=\"lazy\" title=\"&#8220;CONSIGLIO COMUNALE DI ROCCA PIETORE, DIRETTA FACEBOOK. CLICCA E SEGUI LA DIRETTA DI RADIO PIU&#8221; &#8212; Radio Pi\u00f9\" class=\"wp-embedded-content\" sandbox=\"allow-scripts\" security=\"restricted\" style=\"position: absolute; clip: rect(1px, 1px, 1px, 1px);\" src=\"https:\/\/www.radiopiu.net\/wordpress\/consiglio-comunale-di-rocca-pietore-diretta-facebook-clicca-e-segui-la-diretta-di-radio-piu\/embed\/#?secret=pB86Cyl3FM\" data-secret=\"pB86Cyl3FM\" width=\"600\" height=\"338\" frameborder=\"0\" marginwidth=\"0\" marginheight=\"0\" scrolling=\"no\"><\/iframe><\/p>\n<p>&nbsp;<\/p>\n<hr \/>\n<p>&nbsp;<\/p>\n<p>&nbsp;<\/p>\n<blockquote>\n<h3>\u00a0GLI EMENDAMENTI DEL PD PER RIDURRE IL DIVARIO E POTENZIARE\u00a0 LE AREE INTERNE E PROVINCE MONTANE<\/h3>\n<\/blockquote>\n<p><strong><a class=\"dt-pswp-item\" href=\"https:\/\/www.radiopiu.net\/wordpress\/wp-content\/uploads\/2018\/11\/PD.png\" data-dt-img-description=\"\" data-large_image_width=\"226\" data-large_image_height=\"182\"><img loading=\"lazy\" decoding=\"async\" class=\" wp-image-67744 alignleft\" src=\"https:\/\/www.radiopiu.net\/wordpress\/wp-content\/uploads\/2018\/11\/PD.png\" alt=\"\" width=\"219\" height=\"176\" \/><\/a>ROMA\u00a0<\/strong> Sono stati presentati dal gruppo del Partito democratico una serie di emendamenti alla legge di conversione del Decreto Rilancio per potenziare e sostenere il \u2018differenziale montagna\u2019.<em> \u00abSi tratta in molti casi di interventi su cui da tempo con l\u2019intergruppo parlamentare \u2018montagna\u2019 sollecitiamo il governo a ridurre il divario di investimenti tra aree sviluppate e zone marginali del Paese\u00bb,<\/em> spiega il deputato bellunese Roger De Menech. Gli emendamenti prevedono interventi in campo ambientale, amministrativo ed economico tendenti a ridurre la burocrazia, stimolare la gestione bio-economica del patrimonio boschivo e la generazione di filiere locali, con ricadute locali, collegate ai beni della montagna: in primo luogo bacini idrici e foreste. In particolare si \u00e8 chiesto di potenziare le politiche e le risorse nella strategia delle aree interne e nelle Province montane. <em>\u00abOra\u00a0 &#8211; continua De Menech &#8211; sarebbe importante che le richieste, non solo di attenzione, ma di interventi puntuali, venissero direttamente dai territori coinvolti, dalle Unioni montane, dalle Province Montane e dai Comuni delle aree interne. Se ci fosse un\u2019alleanza tra territori montani a sostegno di un nuovo approccio alla spesa pubblica in grado di far capire come le risorse investite nella cosiddetta \u2018periferia\u2019 in realt\u00e0 generano buone pratiche, servizi capillari e lavoro, probabilmente avremo maggiori possibilit\u00e0 di influenzare il legislatore e gli orientamenti dei governi\u00bb.\u00a0 <\/em>Proprio in questi giorni l\u2019Uncem, Unione dei Comuni e delle Comunit\u00e0 ed enti montani ha presentato al gruppo di esperti guidato da Vittorio Colao una scheda per completare la redazione del piano di ripresa. Nella scheda si ribadisce che la legge sui piccoli Comuni, la legge sulla green economy e il testo unico forestale vanno attuati pienamente a beneficio di tutto il Paese e sottolinea alcune proposte per migliorare la &#8216;Strategia per le aree interne e montane&#8217;.<\/p>\n<p>&nbsp;<\/p>\n<p>&nbsp;<\/p>\n<hr \/>\n<p>&nbsp;<\/p>\n<blockquote>\n<h3><\/h3>\n<h3>IL GOVERNO DIMENTICA IL TERZO SETTORE DEL NORD E PREMIA IL SUD<\/h3>\n<\/blockquote>\n<p><span style=\"color: #0000ff;\">DALLA RASSEGNA STAMPA DELLE OTTO<\/span><\/p>\n<audio class=\"wp-audio-shortcode\" id=\"audio-143512-4\" preload=\"none\" style=\"width: 100%;\" controls=\"controls\"><source type=\"audio\/mpeg\" src=\"https:\/\/www.radiopiu.net\/wordpress\/wp-content\/uploads\/2020\/06\/BPND.mp3?_=4\" \/><a href=\"https:\/\/www.radiopiu.net\/wordpress\/wp-content\/uploads\/2020\/06\/BPND.mp3\">https:\/\/www.radiopiu.net\/wordpress\/wp-content\/uploads\/2020\/06\/BPND.mp3<\/a><\/audio>\n<p>&nbsp;<\/p>\n<p><strong><a class=\"dt-pswp-item\" href=\"https:\/\/www.radiopiu.net\/wordpress\/wp-content\/uploads\/2018\/09\/BOND.jpg\" data-dt-img-description=\"\" data-large_image_width=\"109\" data-large_image_height=\"160\"><img loading=\"lazy\" decoding=\"async\" class=\" wp-image-59772 alignleft\" src=\"https:\/\/www.radiopiu.net\/wordpress\/wp-content\/uploads\/2018\/09\/BOND.jpg\" alt=\"\" width=\"63\" height=\"92\" \/><\/a>ROMA<\/strong> <em>\u201cAncora una delusione: il Governo premia il Sud e dimentica le regioni del Nord, in particolare dimentica il Terzo settore che opera in quelle regioni senza considerare che, nel corso della pandemia, la mobilitazione senza risparmio avvenuta a sostegno delle comunit\u00e0 e dei territori colpiti dal virus\u201d<\/em>. E\u2019 l&#8217;amaro commento del deputato di Forza Italia, Dario Bond\u00a0 <em>\u201cNel Dl Rilancio \u2013 spiega il deputato veneto &#8211; si prevede la concessione di un contributo pari a 120 milioni di euro in favore degli Enti operanti nel Terzo Settore, ma solo nelle Regioni del Mezzogiorno.<\/em> <em>Non si comprende perch\u00e9 si sia voluto circoscrivere solo ad una parte del Paese, lasciando abbandonati i territori che hanno subito pi\u00f9 danni per la pandemia\u201d.<\/em><\/p>\n<p>&nbsp;<\/p>\n<p>&nbsp;<\/p>\n<hr \/>\n<blockquote>\n<h3>\u00abANCHE BOCCIA RICONOSCE IL FALLIMENTO DELLA DELRIO CI FACCIANO TORNARE ALLE URNE\u00bb<\/h3>\n<\/blockquote>\n<p>dai NOTIZIARI DI RADIO PIU ANDREA BONA<\/p>\n<audio class=\"wp-audio-shortcode\" id=\"audio-143512-5\" preload=\"none\" style=\"width: 100%;\" controls=\"controls\"><source type=\"audio\/mpeg\" src=\"https:\/\/www.radiopiu.net\/wordpress\/wp-content\/uploads\/2020\/06\/bard.mp3?_=5\" \/><a href=\"https:\/\/www.radiopiu.net\/wordpress\/wp-content\/uploads\/2020\/06\/bard.mp3\">https:\/\/www.radiopiu.net\/wordpress\/wp-content\/uploads\/2020\/06\/bard.mp3<\/a><\/audio>\n<p><a class=\"dt-pswp-item\" href=\"https:\/\/www.radiopiu.net\/wordpress\/wp-content\/uploads\/2015\/12\/bard.jpg\" data-dt-img-description=\"\" data-large_image_width=\"128\" data-large_image_height=\"128\"><img loading=\"lazy\" decoding=\"async\" class=\" wp-image-14147 alignleft\" src=\"https:\/\/www.radiopiu.net\/wordpress\/wp-content\/uploads\/2015\/12\/bard.jpg\" alt=\"\" width=\"191\" height=\"191\" \/><\/a>&#8220;Il processo di superamento delle province \u00e8 oggettivamente fallito, ora occorre intervenire per garantire le risorse e la funzionalit\u00e0 degli enti locali. Le scuole, le strade e i ponti hanno bisogno di certezze, le risorse vanno accompagnate da funzioni chiare. Ci sar\u00e0 un ddl di revisione del Testo unico sugli enti locali e io penso che abbia molto senso che il Parlamento concentri la sua attenzione sulla legge Delrio\u201d: parole, queste del Ministro per gli Affari Regionali, Francesco Boccia, proferite oggi alla Camera e che vengono accolte con soddisfazione dal movimento Belluno Autonoma Regione Dolomiti. \u00abSiamo lieti che, dopo anni di denunce, anche questo Governo si sia accorto del totale fallimento della \u201cprovincia dei sindaci\u201d. &#8211; commenta il presidente Andrea Bona \u2013 Gi\u00e0 in occasione dell&#8217;incontro avuto con il ministro lo scorso dicembre, e poi a febbraio con il sottosegretario Variati, abbiamo avuto modo di segnalare la necessit\u00e0, soprattutto per il territorio bellunese, di un ente che rappresenti in maniera democratica i suoi abitanti; siamo lieti che il nostro messaggio sia passato e sia arrivato ai vertici del Governo. Non dimentichiamo poi le contestazioni fatte gi\u00e0 nell&#8217;ottobre 2017 dal Consiglio d&#8217;Europa all&#8217;Italia proprio per il mancato rispetto della Carta delle autonomia locali, nate dalla presentazione di adeguata documentazione da parte del nostro movimento\u00bb. \u00abTra quattro mesi e mezzo \u201cfesteggeremo\u201d 9 anni di assenza di democrazia e rappresentativit\u00e0 a Palazzo Piloni. &#8211; conclude Bona \u2013 Speriamo che la riforma delle province possa avvenire con successo gi\u00e0 in estate, cos\u00ec da poter dare di nuovo voce agli elettori bellunesi gi\u00e0 nella tornata autunnale\u00bb.<\/p>\n<p>&nbsp;<\/p>\n<hr \/>\n<blockquote>\n<h3><\/h3>\n<h3>CROCE ROSSA: CORSO BASE PER VOLONTARI E DATI EMERGENZA COVID_19<\/h3>\n<\/blockquote>\n<p><strong><a class=\"dt-pswp-item\" href=\"https:\/\/www.radiopiu.net\/wordpress\/wp-content\/uploads\/2020\/06\/foto-cri.jpg\" data-dt-img-description=\"\" data-large_image_width=\"960\" data-large_image_height=\"540\"><img loading=\"lazy\" decoding=\"async\" class=\"size-medium wp-image-143688 alignleft\" src=\"https:\/\/www.radiopiu.net\/wordpress\/wp-content\/uploads\/2020\/06\/foto-cri-300x169.jpg\" alt=\"\" width=\"300\" height=\"169\" srcset=\"https:\/\/www.radiopiu.net\/wordpress\/wp-content\/uploads\/2020\/06\/foto-cri-300x169.jpg 300w, https:\/\/www.radiopiu.net\/wordpress\/wp-content\/uploads\/2020\/06\/foto-cri-768x432.jpg 768w, https:\/\/www.radiopiu.net\/wordpress\/wp-content\/uploads\/2020\/06\/foto-cri.jpg 960w\" sizes=\"auto, (max-width: 300px) 100vw, 300px\" \/><\/a>FELTRE<\/strong> Il Comitato della Croce rossa italiana di Feltre organizza un corso per aspiranti volontari che prender\u00e0 il via sabato 13 giugno 2020 nella sede operativa del Comitato in via Cason 1 a Feltre. Il corso, che non richiede titoli di studio specifici ma la sola iscrizione alla CRI, far\u00e0 conoscere le origini e la struttura della Croce Rossa in Italia e nel mondo, dar\u00e0 nozioni importanti di Diritto internazionale umanitario garantendo agli aspiranti volontari una completa preparazione di base al primo soccorso certificata da un esame finale. Le lezioni saranno tenute online. Entrati nel mondo CRI i volontari potranno implementare la loro preparazione con il soccorso in ambulanza che permetter\u00e0 loro di ottenere la qualifica di soccorritore. Per qualsiasi informazione sar\u00e0 sufficiente chiamare il numero 327 0752001 oppure visitare il sito internet www.crifeltre.it o la pagina Facebook: Croce Rossa Italiana \u2013 Comitato di Feltre.<\/p>\n<p><strong>I NUMERI DELL&#8217;EMERGENZA COVID_19<\/strong><\/p>\n<p>L\u2019emergenza Covid-19 ha testato le capacit\u00e0 del Comitato CRI di Feltre che ha saputo rispondere in modo importante e imponente. Dal 18 marzo 2020 il Comitato di Feltre ha iniziato la sua opera in supporto alla popolazione con un operatore dedicato 24 ore su 24 e oltre 70 volontari che hanno svolto il servizio chiamato \u201cIl tempo della gentilezza\u201d, ideato da CRI, con il compito di consegna dei farmaci, distribuzione dei beni di prima<br \/>\nnecessit\u00e0, trasporto di persone vulnerabili e distribuzione pasti. Ai volontari effettivi si sono aggiunti pi\u00f9 di 40 volontari temporanei che hanno affiancato i colleghi nelle medesime attivit\u00e0. Il 6 giugno 2020 il numero di interventi compiuti era di 240 e sono tutt\u2019ora in aumento. Non vanno dimenticate le decine di servizi svolti in convenzione con l\u2019Ulss 1 Dolomiti. Tutto questo non poteva compiersi senza l\u2019ausilio di mezzi adeguati. Durante l\u2019emergenza sono state utilizzate quattro ambulanze del parco mezzi del Comitato di Feltre in supporto al Pronto Soccorso dell\u2019Ospedale di Feltre per i trasferimenti dei pazienti nelle abitazioni, ospedali e case di riposo. A questi si aggiungono i trasporti privati di persone con patologie o fragili per visite specialistiche. Oltre alle ambulanze sono scese in strada anche quattro auto, due di CRI Feltre e due in comodato d\u2019uso grazie alla Convenzione fra Croce Rossa Italiana e le case automobilistiche Toyota e Peugeot. I chilometri percorsi in meno di 3 mesi sono stati pi\u00f9 di 22 mila, divisi equamente fra ambulanze e auto.<\/p>\n<p>&nbsp;<\/p>\n<p>&nbsp;<\/p>\n<hr \/>\n<p>&nbsp;<\/p>\n<p>&nbsp;<\/p>\n<blockquote>\n<h3>&#8220;DE COCCIO&#8221;: UN&#8217;ALTRA GIORNATA SENZA SANZIONI<\/h3>\n<\/blockquote>\n<p><strong>BELLUNO<\/strong> Continuano i controlli delle Forze dell&#8217;Ordine per il contenimento del virus Covid-19. Nella giornata di marted\u00ec sono state controllate 267 persone, nessuna sanzione o denuncia a riguardo. Per il sesto giorno consecutivo non sono state rilevate scorrettezze da parte dei cittadini. Controllati anche 305 esercizi commerciali e anche in questo caso risulta tutto regolare.<\/p>\n<p><a class=\"dt-pswp-item\" href=\"https:\/\/www.radiopiu.net\/wordpress\/wp-content\/uploads\/2020\/06\/MONITORAGGIO_SETTIMANALE_DEI_SERVIZI_DI_CONTROLLO_DEL_09.06.2020.jpg\" data-dt-img-description=\"\" data-large_image_width=\"1240\" data-large_image_height=\"1754\"><img loading=\"lazy\" decoding=\"async\" class=\"alignnone wp-image-143543 \" src=\"https:\/\/www.radiopiu.net\/wordpress\/wp-content\/uploads\/2020\/06\/MONITORAGGIO_SETTIMANALE_DEI_SERVIZI_DI_CONTROLLO_DEL_09.06.2020-724x1024.jpg\" alt=\"\" width=\"283\" height=\"400\" srcset=\"https:\/\/www.radiopiu.net\/wordpress\/wp-content\/uploads\/2020\/06\/MONITORAGGIO_SETTIMANALE_DEI_SERVIZI_DI_CONTROLLO_DEL_09.06.2020-724x1024.jpg 724w, https:\/\/www.radiopiu.net\/wordpress\/wp-content\/uploads\/2020\/06\/MONITORAGGIO_SETTIMANALE_DEI_SERVIZI_DI_CONTROLLO_DEL_09.06.2020-212x300.jpg 212w, https:\/\/www.radiopiu.net\/wordpress\/wp-content\/uploads\/2020\/06\/MONITORAGGIO_SETTIMANALE_DEI_SERVIZI_DI_CONTROLLO_DEL_09.06.2020-768x1086.jpg 768w, https:\/\/www.radiopiu.net\/wordpress\/wp-content\/uploads\/2020\/06\/MONITORAGGIO_SETTIMANALE_DEI_SERVIZI_DI_CONTROLLO_DEL_09.06.2020-1086x1536.jpg 1086w, https:\/\/www.radiopiu.net\/wordpress\/wp-content\/uploads\/2020\/06\/MONITORAGGIO_SETTIMANALE_DEI_SERVIZI_DI_CONTROLLO_DEL_09.06.2020.jpg 1240w\" sizes=\"auto, (max-width: 283px) 100vw, 283px\" \/><\/a><\/p>\n<p>&nbsp;<\/p>\n<p>&nbsp;<\/p>\n<hr \/>\n<p>&nbsp;<\/p>\n<blockquote>\n<h3>LUXOTTICA: AL VIA L&#8217;ORDINE DEI LIBRI DI TESTO SCOLASTICI<\/h3>\n<\/blockquote>\n<p><strong><a class=\"dt-pswp-item\" href=\"https:\/\/www.radiopiu.net\/wordpress\/wp-content\/uploads\/2020\/01\/NUOVA-INSEGNA-LUXOTTICA-scaled.jpg\" data-dt-img-description=\"\" data-large_image_width=\"2560\" data-large_image_height=\"1920\"><img loading=\"lazy\" decoding=\"async\" class=\" wp-image-113444 alignleft\" src=\"https:\/\/www.radiopiu.net\/wordpress\/wp-content\/uploads\/2020\/01\/NUOVA-INSEGNA-LUXOTTICA-300x225.jpg\" alt=\"\" width=\"236\" height=\"177\" srcset=\"https:\/\/www.radiopiu.net\/wordpress\/wp-content\/uploads\/2020\/01\/NUOVA-INSEGNA-LUXOTTICA-300x225.jpg 300w, https:\/\/www.radiopiu.net\/wordpress\/wp-content\/uploads\/2020\/01\/NUOVA-INSEGNA-LUXOTTICA-1024x768.jpg 1024w, https:\/\/www.radiopiu.net\/wordpress\/wp-content\/uploads\/2020\/01\/NUOVA-INSEGNA-LUXOTTICA-768x576.jpg 768w, https:\/\/www.radiopiu.net\/wordpress\/wp-content\/uploads\/2020\/01\/NUOVA-INSEGNA-LUXOTTICA-1536x1152.jpg 1536w, https:\/\/www.radiopiu.net\/wordpress\/wp-content\/uploads\/2020\/01\/NUOVA-INSEGNA-LUXOTTICA-2048x1536.jpg 2048w\" sizes=\"auto, (max-width: 236px) 100vw, 236px\" \/><\/a>AGORDO<\/strong> Come gli anni scorsi, Luxottica, grazie al welfare aziendale, da la possibilit\u00e0 ai dipendenti di acquistare i libri di testo per le scuole medie, superiori e universit\u00e0. A partire da ieri, sul portale aziendale dedicato alle maestranze OneLuxottica, si pu\u00f2 verificare la disponibilit\u00e0 delle liste riguardanti le varie scuole ed ordinare i libri per il prossimo anno scolastico. Non solo, a disposizione dell&#8217;utente anche una serie di libri facoltativi e la possibilit\u00e0 di personalizzare la copertina dei libri. La conferma dell&#8217;ordine avverr\u00e0 tramite SMS e i libri saranno disponibili per il ritiro presso la sede di lavoro.<\/p>\n<p>&nbsp;<\/p>\n<p>&nbsp;<\/p>\n<h3><\/h3>\n<hr \/>\n<h3><strong><a class=\"dt-pswp-item\" href=\"https:\/\/www.radiopiu.net\/wordpress\/wp-content\/uploads\/2020\/04\/FEMCA-CISL.png\" data-dt-img-description=\"\" data-large_image_width=\"225\" data-large_image_height=\"225\"><img loading=\"lazy\" decoding=\"async\" class=\" wp-image-127312 alignleft\" src=\"https:\/\/www.radiopiu.net\/wordpress\/wp-content\/uploads\/2020\/04\/FEMCA-CISL.png\" alt=\"\" width=\"146\" height=\"146\" srcset=\"https:\/\/www.radiopiu.net\/wordpress\/wp-content\/uploads\/2020\/04\/FEMCA-CISL.png 225w, https:\/\/www.radiopiu.net\/wordpress\/wp-content\/uploads\/2020\/04\/FEMCA-CISL-150x150.png 150w\" sizes=\"auto, (max-width: 146px) 100vw, 146px\" \/><\/a><\/strong><\/h3>\n<h3><\/h3>\n<h3><strong><span style=\"color: #008000;\">CISL, LA VOCE DEI LAVORATORI<\/span><\/strong><\/h3>\n<p><strong>PUNTATA DEL 10 GIUGNO 2020<\/strong><\/p>\n<p>con Paolo Chissal\u00e8, ieri alla radio.<\/p>\n<audio class=\"wp-audio-shortcode\" id=\"audio-143512-6\" preload=\"none\" style=\"width: 100%;\" controls=\"controls\"><source type=\"audio\/mpeg\" src=\"https:\/\/www.radiopiu.net\/wordpress\/wp-content\/uploads\/2020\/06\/CISL-LA-VOCE.mp3?_=6\" \/><a href=\"https:\/\/www.radiopiu.net\/wordpress\/wp-content\/uploads\/2020\/06\/CISL-LA-VOCE.mp3\">https:\/\/www.radiopiu.net\/wordpress\/wp-content\/uploads\/2020\/06\/CISL-LA-VOCE.mp3<\/a><\/audio>\n<h3><\/h3>\n<h3><\/h3>\n<hr \/>\n<h3><\/h3>\n<div class=\"page-title-head hgroup\">\n<h3 class=\"entry-title\">COOPERAZIONE TRA DIPENDENTI, AZIENDA E ISTITUZIONI PER IL RILANCIO DELL\u2019ACC<\/h3>\n<p><b><img loading=\"lazy\" decoding=\"async\" class=\"alignleft\" src=\"https:\/\/www.radiopiu.net\/wordpress\/wp-content\/uploads\/2018\/12\/De_Castro_Paolo-1749.jpg\" width=\"149\" height=\"224\" \/>BORGO VALBELLUNA\u00a0 <\/b><em>\u201cCredo che oggi sia stato segnato un altro tassello importante per lo stabilimento Acc di Mel: il verbale di accordo sottoscritto tra azienda, organizzazioni sindacali e istituzioni, stabilisce una partecipazione e una collaborazione da parte dei dipendenti per la continuit\u00e0 sia industriale, sia occupazionale del sito di Borgo Valbelluna. \u00c8 un segnale concreto di cooperazione, ma anche di trasparenza per un nuovo cammino dell\u2019azienda\u201d.\u00a0 <\/em>Lo afferma Federico D\u2019Inc\u00e0, Ministro per i Rapporti con il Parlamento, in occasione della sessione straordinaria del Consiglio di Sorveglianza Socio-istituzionale dedicata alla nuova procedura di amministrazione straordinaria di ACC che si \u00e8 tenuta questa mattina nel Municipio di Borgo Valbelluna.<br \/>\nIl piano illustrato dal Commissario Straordinario Maurizio Castro (FOTO)conferma tutte le potenzialit\u00e0 del sito produttivo: dalla ricerca di nuovi mercati, all\u2019aumento dei volumi con una nuova tipologia di compressore a velocit\u00e0 variabile ad alte prestazioni, fino alle nuove assunzioni previste. Si tratta di un programma determinato che potr\u00e0 dare rilancio all\u2019Acc attraverso una nuova forma di competizione per l\u2019azienda del freddo. Secondo D\u2019Inc\u00e0 <em>\u201cIl lavoro di sinergia istituzionale che \u00e8 stato svolto fino a questo momento proseguir\u00e0 e ringrazio tutte le parti che si sono adoperate per trovare una soluzione alla difficile vertenza. Da parte del Governo, che ha gi\u00e0 dimostrato un forte impegno nel corso di questi mesi, ci sar\u00e0 ancora una volta la massima attenzione per la continuit\u00e0 produttiva dell\u2019azienda\u201d.<\/em><\/p>\n<\/div>\n<div class=\"page-title-breadcrumbs\">\n<p align=\"JUSTIFY\"><span style=\"font-size: medium;\"><b>DONAZZAN, \u201cSTORICO ACCORDO DI COGESTIONE, FRUTTO DI UN GIOCO DI SQUADRA. ORA SUBITO AL LAVORO PER RICERCA DI FINANZA E NUOVO SVILUPPO INDUSTRIALE\u201d<\/b><\/span><\/p>\n<blockquote>\n<p align=\"JUSTIFY\"><em>\u201c<span style=\"font-size: large;\">E\u2019 un gioco di squadra \u2013 evidenzia Donazzan &#8211; che ha visto giungere messaggi unitari e organici dal territorio, e nel quale anche il ministro D\u2019Inc\u00e0 ha esercitato il delicato compito di prevenire possibili errori, che avrebbero determinato esiti diversi da quelli odierni\u201d. <\/span><\/em><\/p>\n<\/blockquote>\n<p align=\"JUSTIFY\"><span style=\"font-size: large;\"><a class=\"dt-pswp-item\" href=\"https:\/\/www.radiopiu.net\/wordpress\/wp-content\/uploads\/2020\/06\/838-2020-Consiglio-socioistituzionale-tavolo-1.jpg\" data-dt-img-description=\"\" data-large_image_width=\"1024\" data-large_image_height=\"768\"><img loading=\"lazy\" decoding=\"async\" class=\" wp-image-143639 alignleft\" src=\"https:\/\/www.radiopiu.net\/wordpress\/wp-content\/uploads\/2020\/06\/838-2020-Consiglio-socioistituzionale-tavolo-1-300x225.jpg\" alt=\"\" width=\"239\" height=\"179\" srcset=\"https:\/\/www.radiopiu.net\/wordpress\/wp-content\/uploads\/2020\/06\/838-2020-Consiglio-socioistituzionale-tavolo-1-300x225.jpg 300w, https:\/\/www.radiopiu.net\/wordpress\/wp-content\/uploads\/2020\/06\/838-2020-Consiglio-socioistituzionale-tavolo-1-768x576.jpg 768w, https:\/\/www.radiopiu.net\/wordpress\/wp-content\/uploads\/2020\/06\/838-2020-Consiglio-socioistituzionale-tavolo-1.jpg 1024w\" sizes=\"auto, (max-width: 239px) 100vw, 239px\" \/><\/a>VENEZIA Giornata storica per lo stabilimento di Mel di Acc-Wanbao in amministrazione straordinaria: nel municipio di Borgo Valbelluna, dove era convocata la prima seduta del Consiglio di sorveglianza socio-istituzionale con il nuovo commissario della procedura di amministrazione straordinaria Maurizio Castro, \u00e8 stato sottoscritto un innovativo accordo sindacale con cui si d\u00e0 vita ad un Comitato industriale di Consultazione permanente, composto da tre rappresentanti aziendali (compreso il commissario) e tre sindacali. <\/span><span style=\"font-size: large;\">Il Comitato industriale di consultazione permanente si riunir\u00e0 ogni 15 giorni per esaminare tutti gli aspetti della gestione industriale della fabbrica di compressori di Mel, con particolare riferimento \u201c<\/span><span style=\"font-size: large;\"><i>ai fattori chiave del posizionamento competitivo, al processo di cessione dei suoi asset, all\u2019eventuale contenzioso con fornitori, clienti e concorrenti, all\u2019approvvigionamento di risorse finanziarie e ad ogni altra questione significativa per l\u2019andamento della procedura di amministrazione straordinaria<\/i><\/span><span style=\"font-size: large;\">\u201d.<\/span><\/p>\n<\/div>\n<p>&nbsp;<\/p>\n<p>&nbsp;<\/p>\n<hr \/>\n<blockquote>\n<h3><\/h3>\n<h3>IL NUOVO PONTE SUL PIAVE, PROGETTO SPAGNOLO<\/h3>\n<p><em>Venticinque progetti presentati, da segnalare la partecipazione straniera, anche la presenza di un architetto e di uno studio di ingegneria della Pennsylvania, negli Stati Uniti. Dall&#8217;Italia, significativa <a class=\"dt-pswp-item\" href=\"https:\/\/www.radiopiu.net\/wordpress\/wp-content\/uploads\/2020\/06\/faep_N6Y.jpeg\" data-dt-img-description=\"\" data-large_image_width=\"1280\" data-large_image_height=\"960\"><img loading=\"lazy\" decoding=\"async\" class=\"size-medium wp-image-143655 alignleft\" src=\"https:\/\/www.radiopiu.net\/wordpress\/wp-content\/uploads\/2020\/06\/faep_N6Y-300x225.jpeg\" alt=\"\" width=\"300\" height=\"225\" srcset=\"https:\/\/www.radiopiu.net\/wordpress\/wp-content\/uploads\/2020\/06\/faep_N6Y-300x225.jpeg 300w, https:\/\/www.radiopiu.net\/wordpress\/wp-content\/uploads\/2020\/06\/faep_N6Y-1024x768.jpeg 1024w, https:\/\/www.radiopiu.net\/wordpress\/wp-content\/uploads\/2020\/06\/faep_N6Y-768x576.jpeg 768w, https:\/\/www.radiopiu.net\/wordpress\/wp-content\/uploads\/2020\/06\/faep_N6Y.jpeg 1280w\" sizes=\"auto, (max-width: 300px) 100vw, 300px\" \/><\/a>la presenza di studi e professionisti veneti. Buona anche la presenza bellunese, con una proposta interamente \u201cMade in Belluno\u201d, classificatasi quarta, e altre tre che hanno visto la collaborazione di studi e liberi professionisti bellunesi con altre realt\u00e0 italiane.<\/em><\/p><\/blockquote>\n<p>Parla spagnolo il progetto del nuovo ponte sul Piave, destinato a sostituire in via definitiva il ponte bailey di Lambioi: anche la seconda fase delle verifiche documentali ha infatti confermato la graduatoria provvisoria che gi\u00e0 lo scorso 14 maggio aveva visto riconosciuto come miglior progetto quello elaborato dal raggruppamento temporaneo di progettisti costituito da Fhecor Ingenieros Consultores e l&#8217;Estudio de Arquitectura Campo Baeza. Il ponte sar\u00e0 largo complessivamente 14 metri e sar\u00e0 dotato di due marciapiedi; quello sul lato destro, pi\u00f9 ampio, sar\u00e0 aperto anche al transito ciclabile, mentre sull&#8217;altro versante potranno circolare solamente i pedoni.L&#8217;illuminazione del ponte sar\u00e0 garantita da fasci di luce LED continui. Sulla sponda destra del Piave, ci si propone di realizzare un percorso che unisca il Ponte della Vittoria al parcheggio di Lambioi, mentre sulla sponda sinistra si creer\u00e0 una nuova zona di sosta, connessa con il Ponte della Vittoria e con la spiaggia di ghiaia anche con la costruzione di una scala di accesso e di un punto belvedere.Entro il 30 settembre, dovr\u00e0 essere formalizzato l&#8217;incarico ai progettisti per la redazione del progetto esecutivo definitivo.<\/p>\n<p><a class=\"dt-pswp-item\" href=\"https:\/\/www.radiopiu.net\/wordpress\/wp-content\/uploads\/2020\/06\/Tavole-Nuovo-ponte-sul-Piave-4-scaled.jpg\" data-dt-img-description=\"\" data-large_image_width=\"2560\" data-large_image_height=\"1811\"><img loading=\"lazy\" decoding=\"async\" class=\"alignnone size-medium wp-image-143615\" src=\"https:\/\/www.radiopiu.net\/wordpress\/wp-content\/uploads\/2020\/06\/Tavole-Nuovo-ponte-sul-Piave-4-300x212.jpg\" alt=\"\" width=\"300\" height=\"212\" srcset=\"https:\/\/www.radiopiu.net\/wordpress\/wp-content\/uploads\/2020\/06\/Tavole-Nuovo-ponte-sul-Piave-4-300x212.jpg 300w, https:\/\/www.radiopiu.net\/wordpress\/wp-content\/uploads\/2020\/06\/Tavole-Nuovo-ponte-sul-Piave-4-1024x724.jpg 1024w, https:\/\/www.radiopiu.net\/wordpress\/wp-content\/uploads\/2020\/06\/Tavole-Nuovo-ponte-sul-Piave-4-768x543.jpg 768w, https:\/\/www.radiopiu.net\/wordpress\/wp-content\/uploads\/2020\/06\/Tavole-Nuovo-ponte-sul-Piave-4-1536x1086.jpg 1536w, https:\/\/www.radiopiu.net\/wordpress\/wp-content\/uploads\/2020\/06\/Tavole-Nuovo-ponte-sul-Piave-4-2048x1449.jpg 2048w\" sizes=\"auto, (max-width: 300px) 100vw, 300px\" \/><\/a><a class=\"dt-pswp-item\" href=\"https:\/\/www.radiopiu.net\/wordpress\/wp-content\/uploads\/2020\/06\/Tavole-Nuovo-ponte-sul-Piave-3-scaled.jpg\" data-dt-img-description=\"\" data-large_image_width=\"2560\" data-large_image_height=\"1811\"><img loading=\"lazy\" decoding=\"async\" class=\"alignnone size-medium wp-image-143614\" src=\"https:\/\/www.radiopiu.net\/wordpress\/wp-content\/uploads\/2020\/06\/Tavole-Nuovo-ponte-sul-Piave-3-300x212.jpg\" alt=\"\" width=\"300\" height=\"212\" srcset=\"https:\/\/www.radiopiu.net\/wordpress\/wp-content\/uploads\/2020\/06\/Tavole-Nuovo-ponte-sul-Piave-3-300x212.jpg 300w, https:\/\/www.radiopiu.net\/wordpress\/wp-content\/uploads\/2020\/06\/Tavole-Nuovo-ponte-sul-Piave-3-1024x724.jpg 1024w, https:\/\/www.radiopiu.net\/wordpress\/wp-content\/uploads\/2020\/06\/Tavole-Nuovo-ponte-sul-Piave-3-768x543.jpg 768w, https:\/\/www.radiopiu.net\/wordpress\/wp-content\/uploads\/2020\/06\/Tavole-Nuovo-ponte-sul-Piave-3-1536x1086.jpg 1536w, https:\/\/www.radiopiu.net\/wordpress\/wp-content\/uploads\/2020\/06\/Tavole-Nuovo-ponte-sul-Piave-3-2048x1449.jpg 2048w\" sizes=\"auto, (max-width: 300px) 100vw, 300px\" \/><\/a><a class=\"dt-pswp-item\" href=\"https:\/\/www.radiopiu.net\/wordpress\/wp-content\/uploads\/2020\/06\/Tavole-Nuovo-ponte-sul-Piave-2-scaled.jpg\" data-dt-img-description=\"\" data-large_image_width=\"2560\" data-large_image_height=\"1811\"><img loading=\"lazy\" decoding=\"async\" class=\"alignnone size-medium wp-image-143613\" src=\"https:\/\/www.radiopiu.net\/wordpress\/wp-content\/uploads\/2020\/06\/Tavole-Nuovo-ponte-sul-Piave-2-300x212.jpg\" alt=\"\" width=\"300\" height=\"212\" srcset=\"https:\/\/www.radiopiu.net\/wordpress\/wp-content\/uploads\/2020\/06\/Tavole-Nuovo-ponte-sul-Piave-2-300x212.jpg 300w, https:\/\/www.radiopiu.net\/wordpress\/wp-content\/uploads\/2020\/06\/Tavole-Nuovo-ponte-sul-Piave-2-1024x724.jpg 1024w, https:\/\/www.radiopiu.net\/wordpress\/wp-content\/uploads\/2020\/06\/Tavole-Nuovo-ponte-sul-Piave-2-768x543.jpg 768w, https:\/\/www.radiopiu.net\/wordpress\/wp-content\/uploads\/2020\/06\/Tavole-Nuovo-ponte-sul-Piave-2-1536x1086.jpg 1536w, https:\/\/www.radiopiu.net\/wordpress\/wp-content\/uploads\/2020\/06\/Tavole-Nuovo-ponte-sul-Piave-2-2048x1449.jpg 2048w\" sizes=\"auto, (max-width: 300px) 100vw, 300px\" \/> <\/a><a class=\"dt-pswp-item\" href=\"https:\/\/www.radiopiu.net\/wordpress\/wp-content\/uploads\/2020\/06\/a41d4759-404d-4abc-b209-dff5237e8d5e.jpg\" data-dt-img-description=\"\" data-large_image_width=\"1600\" data-large_image_height=\"859\"><img loading=\"lazy\" decoding=\"async\" class=\"alignnone size-medium wp-image-143663\" src=\"https:\/\/www.radiopiu.net\/wordpress\/wp-content\/uploads\/2020\/06\/a41d4759-404d-4abc-b209-dff5237e8d5e-300x161.jpg\" alt=\"\" width=\"300\" height=\"161\" srcset=\"https:\/\/www.radiopiu.net\/wordpress\/wp-content\/uploads\/2020\/06\/a41d4759-404d-4abc-b209-dff5237e8d5e-300x161.jpg 300w, https:\/\/www.radiopiu.net\/wordpress\/wp-content\/uploads\/2020\/06\/a41d4759-404d-4abc-b209-dff5237e8d5e-1024x550.jpg 1024w, https:\/\/www.radiopiu.net\/wordpress\/wp-content\/uploads\/2020\/06\/a41d4759-404d-4abc-b209-dff5237e8d5e-768x412.jpg 768w, https:\/\/www.radiopiu.net\/wordpress\/wp-content\/uploads\/2020\/06\/a41d4759-404d-4abc-b209-dff5237e8d5e-1536x825.jpg 1536w, https:\/\/www.radiopiu.net\/wordpress\/wp-content\/uploads\/2020\/06\/a41d4759-404d-4abc-b209-dff5237e8d5e.jpg 1600w\" sizes=\"auto, (max-width: 300px) 100vw, 300px\" \/><\/a><a class=\"dt-pswp-item\" href=\"https:\/\/www.radiopiu.net\/wordpress\/wp-content\/uploads\/2020\/06\/1805b484-de79-4e65-9583-06bd57edff70.jpg\" data-dt-img-description=\"\" data-large_image_width=\"1600\" data-large_image_height=\"885\"><img loading=\"lazy\" decoding=\"async\" class=\"alignnone size-medium wp-image-143662\" src=\"https:\/\/www.radiopiu.net\/wordpress\/wp-content\/uploads\/2020\/06\/1805b484-de79-4e65-9583-06bd57edff70-300x166.jpg\" alt=\"\" width=\"300\" height=\"166\" srcset=\"https:\/\/www.radiopiu.net\/wordpress\/wp-content\/uploads\/2020\/06\/1805b484-de79-4e65-9583-06bd57edff70-300x166.jpg 300w, https:\/\/www.radiopiu.net\/wordpress\/wp-content\/uploads\/2020\/06\/1805b484-de79-4e65-9583-06bd57edff70-1024x566.jpg 1024w, https:\/\/www.radiopiu.net\/wordpress\/wp-content\/uploads\/2020\/06\/1805b484-de79-4e65-9583-06bd57edff70-768x425.jpg 768w, https:\/\/www.radiopiu.net\/wordpress\/wp-content\/uploads\/2020\/06\/1805b484-de79-4e65-9583-06bd57edff70-1536x850.jpg 1536w, https:\/\/www.radiopiu.net\/wordpress\/wp-content\/uploads\/2020\/06\/1805b484-de79-4e65-9583-06bd57edff70.jpg 1600w\" sizes=\"auto, (max-width: 300px) 100vw, 300px\" \/><\/a><a class=\"dt-pswp-item\" href=\"https:\/\/www.radiopiu.net\/wordpress\/wp-content\/uploads\/2020\/06\/499ee4d3-6391-4a76-a421-32eda0ddea3a.jpg\" data-dt-img-description=\"\" data-large_image_width=\"1600\" data-large_image_height=\"855\"><img loading=\"lazy\" decoding=\"async\" class=\"alignnone size-medium wp-image-143660\" src=\"https:\/\/www.radiopiu.net\/wordpress\/wp-content\/uploads\/2020\/06\/499ee4d3-6391-4a76-a421-32eda0ddea3a-300x160.jpg\" alt=\"\" width=\"300\" height=\"160\" srcset=\"https:\/\/www.radiopiu.net\/wordpress\/wp-content\/uploads\/2020\/06\/499ee4d3-6391-4a76-a421-32eda0ddea3a-300x160.jpg 300w, https:\/\/www.radiopiu.net\/wordpress\/wp-content\/uploads\/2020\/06\/499ee4d3-6391-4a76-a421-32eda0ddea3a-1024x547.jpg 1024w, https:\/\/www.radiopiu.net\/wordpress\/wp-content\/uploads\/2020\/06\/499ee4d3-6391-4a76-a421-32eda0ddea3a-768x410.jpg 768w, https:\/\/www.radiopiu.net\/wordpress\/wp-content\/uploads\/2020\/06\/499ee4d3-6391-4a76-a421-32eda0ddea3a-1536x821.jpg 1536w, https:\/\/www.radiopiu.net\/wordpress\/wp-content\/uploads\/2020\/06\/499ee4d3-6391-4a76-a421-32eda0ddea3a.jpg 1600w\" sizes=\"auto, (max-width: 300px) 100vw, 300px\" \/><\/a><\/p>\n<h4><a class=\"dt-pswp-item\" href=\"https:\/\/www.radiopiu.net\/wordpress\/wp-content\/uploads\/2020\/06\/jeZLuVOo.jpeg\" data-dt-img-description=\"\" data-large_image_width=\"178\" data-large_image_height=\"178\"><img loading=\"lazy\" decoding=\"async\" class=\"wp-image-143659 alignleft\" src=\"https:\/\/www.radiopiu.net\/wordpress\/wp-content\/uploads\/2020\/06\/jeZLuVOo.jpeg\" alt=\"\" width=\"118\" height=\"118\" srcset=\"https:\/\/www.radiopiu.net\/wordpress\/wp-content\/uploads\/2020\/06\/jeZLuVOo.jpeg 178w, https:\/\/www.radiopiu.net\/wordpress\/wp-content\/uploads\/2020\/06\/jeZLuVOo-150x150.jpeg 150w\" sizes=\"auto, (max-width: 118px) 100vw, 118px\" \/><\/a><\/h4>\n<h4><\/h4>\n<h4><\/h4>\n<h4>IL SINDACO DI BELLUNO, JACOPO MASSARO<\/h4>\n<audio class=\"wp-audio-shortcode\" id=\"audio-143512-7\" preload=\"none\" style=\"width: 100%;\" controls=\"controls\"><source type=\"audio\/mpeg\" src=\"https:\/\/www.radiopiu.net\/wordpress\/wp-content\/uploads\/2020\/06\/Jacopo-Massaro-Sindaco-di-Belluno-Nuovo-ponte-sul-Piave.mp3?_=7\" \/><a href=\"https:\/\/www.radiopiu.net\/wordpress\/wp-content\/uploads\/2020\/06\/Jacopo-Massaro-Sindaco-di-Belluno-Nuovo-ponte-sul-Piave.mp3\">https:\/\/www.radiopiu.net\/wordpress\/wp-content\/uploads\/2020\/06\/Jacopo-Massaro-Sindaco-di-Belluno-Nuovo-ponte-sul-Piave.mp3<\/a><\/audio>\n<h4><a class=\"dt-pswp-item\" href=\"https:\/\/www.radiopiu.net\/wordpress\/wp-content\/uploads\/2020\/06\/nBfjKwok.jpeg\" data-dt-img-description=\"\" data-large_image_width=\"178\" data-large_image_height=\"178\"><img loading=\"lazy\" decoding=\"async\" class=\"alignnone wp-image-143657\" src=\"https:\/\/www.radiopiu.net\/wordpress\/wp-content\/uploads\/2020\/06\/nBfjKwok.jpeg\" alt=\"\" width=\"121\" height=\"121\" srcset=\"https:\/\/www.radiopiu.net\/wordpress\/wp-content\/uploads\/2020\/06\/nBfjKwok.jpeg 178w, https:\/\/www.radiopiu.net\/wordpress\/wp-content\/uploads\/2020\/06\/nBfjKwok-150x150.jpeg 150w\" sizes=\"auto, (max-width: 121px) 100vw, 121px\" \/><\/a>PRESIDENTE ORDINE ARCHITETTI BELLUNO, FABIOLA DE BATTISTA<\/h4>\n<audio class=\"wp-audio-shortcode\" id=\"audio-143512-8\" preload=\"none\" style=\"width: 100%;\" controls=\"controls\"><source type=\"audio\/mpeg\" src=\"https:\/\/www.radiopiu.net\/wordpress\/wp-content\/uploads\/2020\/06\/Fabiola-De-Battista-Presidente-Ordine-Architetti-Belluno-Nuovo-ponte-sul-Piave.mp3?_=8\" \/><a href=\"https:\/\/www.radiopiu.net\/wordpress\/wp-content\/uploads\/2020\/06\/Fabiola-De-Battista-Presidente-Ordine-Architetti-Belluno-Nuovo-ponte-sul-Piave.mp3\">https:\/\/www.radiopiu.net\/wordpress\/wp-content\/uploads\/2020\/06\/Fabiola-De-Battista-Presidente-Ordine-Architetti-Belluno-Nuovo-ponte-sul-Piave.mp3<\/a><\/audio>\n<h4><a class=\"dt-pswp-item\" href=\"https:\/\/www.radiopiu.net\/wordpress\/wp-content\/uploads\/2020\/06\/rMIlxHzA.jpeg\" data-dt-img-description=\"\" data-large_image_width=\"178\" data-large_image_height=\"178\"><img loading=\"lazy\" decoding=\"async\" class=\"alignnone wp-image-143658\" src=\"https:\/\/www.radiopiu.net\/wordpress\/wp-content\/uploads\/2020\/06\/rMIlxHzA.jpeg\" alt=\"\" width=\"123\" height=\"123\" srcset=\"https:\/\/www.radiopiu.net\/wordpress\/wp-content\/uploads\/2020\/06\/rMIlxHzA.jpeg 178w, https:\/\/www.radiopiu.net\/wordpress\/wp-content\/uploads\/2020\/06\/rMIlxHzA-150x150.jpeg 150w\" sizes=\"auto, (max-width: 123px) 100vw, 123px\" \/><\/a>PRESIDENTE FONDAZIONE ARCHITETTURA ANGELO DA FRE&#8217;<\/h4>\n<audio class=\"wp-audio-shortcode\" id=\"audio-143512-9\" preload=\"none\" style=\"width: 100%;\" controls=\"controls\"><source type=\"audio\/mpeg\" src=\"https:\/\/www.radiopiu.net\/wordpress\/wp-content\/uploads\/2020\/06\/Angelo-Da-Fr\u00e8-Presidente-Fondazione-Architettura-Nuovo-ponte-sul-Piave.mp3?_=9\" \/><a href=\"https:\/\/www.radiopiu.net\/wordpress\/wp-content\/uploads\/2020\/06\/Angelo-Da-Fr\u00e8-Presidente-Fondazione-Architettura-Nuovo-ponte-sul-Piave.mp3\">https:\/\/www.radiopiu.net\/wordpress\/wp-content\/uploads\/2020\/06\/Angelo-Da-Fr\u00e8-Presidente-Fondazione-Architettura-Nuovo-ponte-sul-Piave.mp3<\/a><\/audio>\n<blockquote>\n<h3>PER ADDAMIAMO POTREBBE TRATTARSI DI UN ANNUNCIO SPOT DELL&#8217;ATTUALE AMMINITRAZIONE IN SCADENZA TRA DUE ANNI.<\/h3>\n<\/blockquote>\n<h4><a class=\"_6qw4\" href=\"https:\/\/www.facebook.com\/raffaele.addamiano?comment_id=Y29tbWVudDoxNjg5NjkzMTAxMjA3NjY4XzE2OTAwNzE3NTc4MzY0Njk%3D\" data-hovercard=\"\/ajax\/hovercard\/user.php?id=1541282978&amp;extragetparams={&quot;directed_target_id&quot;: &quot;543792999131023&quot;}\">Raffaele Addamiano<\/a>:\u00a0 d<span dir=\"ltr\"><span class=\"_3l3x\">a cittadino sono contento di quest&#8217;opera che \u00e8 assolutamente necessaria per lo sviluppo del Capoluogo e, tuttavia, da amministratore, registro in termini obiettivi che siamo solo alla fase del progetto preliminare e non ancora a quella progettuale-esecutiva. Dunque, viene da chiedersi se il nuovo ponte (che dovr\u00e0 inserirsi in modo armonico nel contesto di riferimento) vedr\u00e0 davvero la luce prima della fine di questa legislatura e, cio\u00e8, nel maggio del 2022. Perch\u00e9, se cos\u00ec non fosse, ed e&#8217; purtroppo altamente probabile, visti i tempi della burocrazia e della fase realizzativa, col dovuto rispetto, saremmo di fronte all&#8217;ennesimo annuncio spot di questa Amministrazione che fa credere come gia&#8217; realizzate opere che, invece, sono solo sulla carta. Per inciso, \u00e8 almeno dal 2012 che si \u00e8 posta l&#8217;esigenza di un nuovo manufatto e a oggi si \u00e8 andati avanti solo a colpi di proroghe. Tutto questo per dovere di Verit\u00e0.<\/span><\/span><\/h4>\n<p>&nbsp;<\/p>\n<hr \/>\n<p>&nbsp;<\/p>\n<p>&nbsp;<\/p>\n<p align=\"JUSTIFY\"><span style=\"font-size: medium;\"><b>L\u2019AUSTRIA RIAPRE LE FRONTIERE<\/b><\/span><\/p>\n<p align=\"JUSTIFY\"><strong>VENEZIA<\/strong> <em>\u201c<span style=\"font-size: medium;\">Un\u2019altra boccata d\u2019ossigeno per il nostro settore turistico. Tra pochi giorni, infatti, non ci saranno pi\u00f9 barriere per i tantissimi turisti di lingua tedesca che vorranno raggiungere il Veneto: da marted\u00ec prossimo 16 giugno l\u2019Austria aprir\u00e0 nuovamente i confini con l\u2019Italia e le nostre destinazioni stanno gi\u00e0 lavorando da settimane per farsi trovare pronte e assicurare agli ospiti soggiorni sicuri e piacevoli, sia nelle strutture ricettive, sia nei diversi luoghi e ambienti abitualmente frequentati dai vacanzieri\u201d. <\/span><\/em><span style=\"font-size: medium;\">L\u2019assessore al turismo della Regione del Veneto, Federico Caner, saluta con grande soddisfazione la notizia della riapertura della frontiera italo-austriaca comunicata dal ministro degli esteri di Vienna<\/span><\/p>\n<p>&nbsp;<\/p>\n<hr \/>\n<h3><\/h3>\n<p>&nbsp;<\/p>\n<h3>BANDO IMPRENDITORIA GIOVANILE. FINANZIATE 140 DOMANDE PER CIRCA 3.264.000 EURO DI CONTRIBUTI A FONDO PERDUTO<\/h3>\n<p><strong><a class=\"dt-pswp-item\" href=\"https:\/\/www.radiopiu.net\/wordpress\/wp-content\/uploads\/2020\/04\/ROBERTO-MARCATO.jpg\" data-dt-img-description=\"\" data-large_image_width=\"960\" data-large_image_height=\"960\"><img loading=\"lazy\" decoding=\"async\" class=\" wp-image-128165 alignleft\" src=\"https:\/\/www.radiopiu.net\/wordpress\/wp-content\/uploads\/2020\/04\/ROBERTO-MARCATO-300x300.jpg\" alt=\"\" width=\"126\" height=\"126\" srcset=\"https:\/\/www.radiopiu.net\/wordpress\/wp-content\/uploads\/2020\/04\/ROBERTO-MARCATO-300x300.jpg 300w, https:\/\/www.radiopiu.net\/wordpress\/wp-content\/uploads\/2020\/04\/ROBERTO-MARCATO-150x150.jpg 150w, https:\/\/www.radiopiu.net\/wordpress\/wp-content\/uploads\/2020\/04\/ROBERTO-MARCATO-768x768.jpg 768w, https:\/\/www.radiopiu.net\/wordpress\/wp-content\/uploads\/2020\/04\/ROBERTO-MARCATO.jpg 960w\" sizes=\"auto, (max-width: 126px) 100vw, 126px\" \/><\/a>VENEZIA\u00a0<\/strong>\u00c8 stata pubblicata la graduatoria relativa al bando per l\u2019imprenditoria giovanile per il 2020. Il bando prevedeva una dotazione finanziaria complessiva di oltre 3 milioni di euro, di cui pi\u00f9 della met\u00e0\u00a0 provenienti dal Fondo Unico Regionale. Sono state ammesse e finanziate 140 domande fino ad esaurimento delle risorse disponibili.<span class=\"Apple-converted-space\">\u00a0\u00a0<\/span>\u201c<em>La grande risposta per un bando che scadeva in piena epidemia \u00e8 segno di quanta voglia abbiano i nostri giovani imprenditori di investire sul futuro <\/em>\u2013 sottolinea l\u2019assessore regionale allo sviluppo economico Roberto Marcato \u2013<em> sono arrivate domande oltre il plafond disponibile: \u00e8 la dimostrazione che i giovani imprenditori sono una realt\u00e0 consolidata in Veneto e non verranno certo fermati dalla crisi provocata dalla pandemia<\/em>\u201d. \u00a0Il bando per l\u2019erogazione di contributi alle Piccole medie imprese\u00a0 considera le gestioni prevalentemente giovanili i cui titolari abbiano un\u2019et\u00e0 compresa tra 18 e 35 anni.<\/p>\n<p>&nbsp;<\/p>\n<hr \/>\n<p>&nbsp;<\/p>\n<blockquote>\n<h3>CONTRIBUTI REGIONALI E COMUNALI PER L&#8217;AFFITTO<\/h3>\n<\/blockquote>\n<div align=\"left\"><span style=\"color: #000000; font-family: Helvetica;\"><strong>BELLUNO<\/strong>\u00a0 Da luned\u00ec e fino al 5 luglio sar\u00e0 possibile chiedere alla Regione Veneto &#8211; con domanda online &#8211; un contributo fino a 400 euro una tantum messo a disposizione dei cittadini per dare una risposta ai problemi che incontrano migliaia di inquilini in questo periodo di emergenza pandemica. <\/span><span style=\"color: #000000; font-family: Helvetica;\">Per poter accedere a questo sostegno economico bisogner\u00e0 dimostrare di avere avuto nel periodo compreso fra marzo e maggio 2020 entrate inferiori del 50% rispetto allo stesso periodo dell&#8217;anno scorso, avere una giacenza in conto corrente al 28 febbraio 2020 inferiore a 20.000 euro e aver avuto nel 2019 un imponibile Irpef inferiore a 50 mila euro. <\/span><span style=\"color: #000000; font-family: Helvetica;\">Assieme a questo intervento\u00a0 la Regione \u00e8 intervenuta modificando e integrando la delibera di approvazione dei criteri di assegnazione delle risorse previste dal Fondo Sostegno Affitti, per consentire l\u2019accesso ai contributi da parte dei nuclei familiari che si trovano in maggiore difficolt\u00e0 per gli effetti anche dell\u2019emergenza Covid-19. In questo caso, il sostegno economico viene erogato dal Comune di residenza (solo se sopra i 10mila abitanti e se ha aderito al bando della Regione cofinanziando il Fondo Affitti).\u00a0<\/span><\/div>\n<p>&nbsp;<\/p>\n<p>&nbsp;<\/p>\n<hr \/>\n<blockquote>\n<h3><\/h3>\n<p>&nbsp;<\/p><\/blockquote>\n<h3>AL VIA IL CENTRO ESTIVO IN VALLE DEL CORDEVOLE<\/h3>\n<p><strong><a class=\"dt-pswp-item\" href=\"https:\/\/www.radiopiu.net\/wordpress\/wp-content\/uploads\/2020\/06\/ASDASDASDASDASD.jpg\" data-dt-img-description=\"\" data-large_image_width=\"510\" data-large_image_height=\"340\"><img loading=\"lazy\" decoding=\"async\" class=\"wp-image-143677 alignleft\" src=\"https:\/\/www.radiopiu.net\/wordpress\/wp-content\/uploads\/2020\/06\/ASDASDASDASDASD-300x200.jpg\" alt=\"\" width=\"150\" height=\"100\" srcset=\"https:\/\/www.radiopiu.net\/wordpress\/wp-content\/uploads\/2020\/06\/ASDASDASDASDASD-300x200.jpg 300w, https:\/\/www.radiopiu.net\/wordpress\/wp-content\/uploads\/2020\/06\/ASDASDASDASDASD.jpg 510w\" sizes=\"auto, (max-width: 150px) 100vw, 150px\" \/><\/a>ALLEGHE\u00a0<\/strong> Dal 16 giugno si apriranno le iscrizioni al centro estivo per i bambini dei Comuni di Alleghe, selva di Cadore, Rocca Pietore e Colle Santa Lucia.\u00a0 Il progetto redatto dalla Cooperativa Croce Blu in accordo con le quattro amministrazioni prevede due possibilit\u00e0 : al mattino dalle 7,30\u00a0 alle\u00a0 12,30 oppure per tutta la giornata dalle 7,30 alle\u00a0 17,30. Il centro e&#8217; riservato ai bambini dai 3 anni fino a coloro che hanno frequentato la seconda media . Le condizioni e le modalit\u00e0 di adesione verranno pubblicate sui siti dei quattro comuni e comunque diffusi mediante avvisi. La durata prevista del centro e di due mesi con inizio il 29 giugno<\/p>\n<blockquote>\n<h3><\/h3>\n<hr \/>\n<h3>CONTRIBUTI ALLE PICCOLE IMPRESE: DAL COMUNE DI ALPAGO OLTRE 200 MILA EURO A 65 PICCOLE ATTIVIT\u00c0 DEL TERRITORIO IN 4 ANNI<\/h3>\n<\/blockquote>\n<p><strong><a class=\"dt-pswp-item\" href=\"https:\/\/www.radiopiu.net\/wordpress\/wp-content\/uploads\/2020\/06\/municipio-pieve.jpg\" data-dt-img-description=\"\" data-large_image_width=\"2048\" data-large_image_height=\"1536\"><img loading=\"lazy\" decoding=\"async\" class=\" wp-image-143548 alignleft\" src=\"https:\/\/www.radiopiu.net\/wordpress\/wp-content\/uploads\/2020\/06\/municipio-pieve-300x225.jpg\" alt=\"\" width=\"235\" height=\"176\" srcset=\"https:\/\/www.radiopiu.net\/wordpress\/wp-content\/uploads\/2020\/06\/municipio-pieve-300x225.jpg 300w, https:\/\/www.radiopiu.net\/wordpress\/wp-content\/uploads\/2020\/06\/municipio-pieve-1024x768.jpg 1024w, https:\/\/www.radiopiu.net\/wordpress\/wp-content\/uploads\/2020\/06\/municipio-pieve-768x576.jpg 768w, https:\/\/www.radiopiu.net\/wordpress\/wp-content\/uploads\/2020\/06\/municipio-pieve-1536x1152.jpg 1536w, https:\/\/www.radiopiu.net\/wordpress\/wp-content\/uploads\/2020\/06\/municipio-pieve.jpg 2048w\" sizes=\"auto, (max-width: 235px) 100vw, 235px\" \/><\/a>ALPAGO\u00a0<\/strong>Famiglie ed imprese sono i due capisaldi su cui l\u2019Amministrazione ha concentrato in questi anni la propria attivit\u00e0 per garantire un futuro alla comunit\u00e0 di Alpago.\u00a0Con riguardo al secondo aspetto, quello delle attivit\u00e0 economiche, \u00e8 di queste settimane la stesura della graduatoria annuale per l\u2019assegnazione dei contributi a fondo perduto a favore delle piccole e medie imprese commerciali, artigiane ed agricole con sede nel comune di Alpago.\u00a0\u201c<em>Siamo orgogliosi di quanto abbiamo fatto con questo strumento in questi anni per cercare di supportare le piccole imprese del territorio\u201d <\/em>dice il sindaco di Alpago Umberto Soccal. In 5 anni sono stati erogati sostegni a 65 aziende per oltre 200 mila euro. \u201c<em>Con il regolamento che abbiamo messo a punto nel 2016\u00a0 &#8211;<\/em> aggiunge l\u2019assessore alle attivit\u00e0 produttive Federico Costa &#8211; <em>abbiamo previsto la possibilit\u00e0 di erogare somme variabili in base a determinati parametri&#8221;<\/em><\/p>\n<p>&nbsp;<\/p>\n<p>&nbsp;<\/p>\n<hr \/>\n<p>&nbsp;<\/p>\n<blockquote>\n<h3>I CONSULENTI DEL LAVORO VENETI\u00a0DONANO UN ECOGRAFO ALL&#8217;OSPEDALE DI BORGO TRENTO<\/h3>\n<\/blockquote>\n<p><strong><a class=\"dt-pswp-item\" href=\"https:\/\/www.radiopiu.net\/wordpress\/wp-content\/uploads\/2020\/06\/Donazione-CDL-Ecografo-Ospedale-Borgo-Trento-1.jpeg\" data-dt-img-description=\"\" data-large_image_width=\"1600\" data-large_image_height=\"1200\"><img loading=\"lazy\" decoding=\"async\" class=\" wp-image-143546 alignleft\" src=\"https:\/\/www.radiopiu.net\/wordpress\/wp-content\/uploads\/2020\/06\/Donazione-CDL-Ecografo-Ospedale-Borgo-Trento-1-300x225.jpeg\" alt=\"\" width=\"225\" height=\"169\" srcset=\"https:\/\/www.radiopiu.net\/wordpress\/wp-content\/uploads\/2020\/06\/Donazione-CDL-Ecografo-Ospedale-Borgo-Trento-1-300x225.jpeg 300w, https:\/\/www.radiopiu.net\/wordpress\/wp-content\/uploads\/2020\/06\/Donazione-CDL-Ecografo-Ospedale-Borgo-Trento-1-1024x768.jpeg 1024w, https:\/\/www.radiopiu.net\/wordpress\/wp-content\/uploads\/2020\/06\/Donazione-CDL-Ecografo-Ospedale-Borgo-Trento-1-768x576.jpeg 768w, https:\/\/www.radiopiu.net\/wordpress\/wp-content\/uploads\/2020\/06\/Donazione-CDL-Ecografo-Ospedale-Borgo-Trento-1-1536x1152.jpeg 1536w, https:\/\/www.radiopiu.net\/wordpress\/wp-content\/uploads\/2020\/06\/Donazione-CDL-Ecografo-Ospedale-Borgo-Trento-1.jpeg 1600w\" sizes=\"auto, (max-width: 225px) 100vw, 225px\" \/><\/a>BELLUNO\u00a0<\/strong>\u00c8 stato consegnato in questi giorni l&#8217;ecografo portatile donato dalla Consulta dell&#8217;Ordine dei Consulenti del Lavoro del Veneto al reparto di terapia intensiva dell&#8217;ospedale di Borgo Trento, a\u00a0 erona. L&#8217;iniziativa &#8211; promossa a pochi giorni dallo scoppio dell&#8217;epidemia dall&#8217;avvocato Innocenzo Megali, Presidente dell&#8217;Ordine provinciale di Belluno e coordinatore della consulta regionale &#8211; ha coinvolto gli oltre duemila professionisti iscritti agli ordini provinciali che nel giro di poche settimane hanno raccolto gli oltre 10mila euro necessari per l&#8217;acquisto dell&#8217;apparecchio medico. \u00ab<em>Avevamo scelto da subito di sostenere l&#8217;ospedale di Verona \u2013 commenta Megali \u2013 perch\u00e9, visti i numeri di casi sul territorio, \u00e8 risultata dal principio una delle province pi\u00f9 colpite dal virus. Avevamo visto giusto perch\u00e9 proprio dall&#8217;ospedale di Borgo Trento \u00e8 stato dimesso l&#8217;ultimo paziente del Veneto in terapia intensiva per Covid&#8221;.<\/em><\/p>\n<p>&nbsp;<\/p>\n<p>&nbsp;<\/p>\n<p>&nbsp;<\/p>\n<p>&nbsp;<\/p>\n<p>&nbsp;<\/p>\n<hr \/>\n<blockquote>\n<h3>L&#8217;ASSESSORE DONAZZAN INAUGURA NUOVE AULE DI CONFARTIGIANATO BELLUNO<\/h3>\n<\/blockquote>\n<p><em><a class=\"dt-pswp-item\" href=\"https:\/\/www.radiopiu.net\/wordpress\/wp-content\/uploads\/2020\/06\/834-2020-Donazzan-inaugura-aule-formazione-Confartigianato-BL.jpg\" data-dt-img-description=\"\" data-large_image_width=\"1220\" data-large_image_height=\"1302\"><img loading=\"lazy\" decoding=\"async\" class=\" wp-image-143592 alignleft\" src=\"https:\/\/www.radiopiu.net\/wordpress\/wp-content\/uploads\/2020\/06\/834-2020-Donazzan-inaugura-aule-formazione-Confartigianato-BL-281x300.jpg\" alt=\"\" width=\"121\" height=\"129\" srcset=\"https:\/\/www.radiopiu.net\/wordpress\/wp-content\/uploads\/2020\/06\/834-2020-Donazzan-inaugura-aule-formazione-Confartigianato-BL-281x300.jpg 281w, https:\/\/www.radiopiu.net\/wordpress\/wp-content\/uploads\/2020\/06\/834-2020-Donazzan-inaugura-aule-formazione-Confartigianato-BL-960x1024.jpg 960w, https:\/\/www.radiopiu.net\/wordpress\/wp-content\/uploads\/2020\/06\/834-2020-Donazzan-inaugura-aule-formazione-Confartigianato-BL-768x820.jpg 768w, https:\/\/www.radiopiu.net\/wordpress\/wp-content\/uploads\/2020\/06\/834-2020-Donazzan-inaugura-aule-formazione-Confartigianato-BL.jpg 1220w\" sizes=\"auto, (max-width: 121px) 100vw, 121px\" \/><\/a><\/em><strong>VENEZIA<\/strong>\u00a0 L\u2019assessore regionale alla Formazione e lavoro Elena Donazzan ha inaugurato le nuove aule per la formazione di Confartigianato Belluno, nella sede di Piazzale della Resistenza. Al taglio del nastro dei nuovi spazi attrezzati, rinviato da mesi a causa dell\u2019emergenza Coronavirus, hanno partecipato la presidente Claudia Scarzanella, il consiglio direttivo e la giunta di Confartigianato Belluno.<\/p>\n<blockquote><p><em>\u00abI nuovi spazi attrezzati rappresentano un investimento importante per la formazione degli imprenditori bellunesi e dei loro dipendenti \u2013 ha sottolineato l\u2019assessore regionale &#8211; In questa fase, \u00e8 importante che le associazioni di categorie non siano solo erogatrici di servizi ma creino occasioni crescita. E la formazione \u00e8 lo strumento ideale, perch\u00e9 risponde alle reali esigenze delle imprese\u201d.<\/em><\/p><\/blockquote>\n<p>Confartigianato Belluno prevede una intensa attivit\u00e0: 87 corsi programmati per l\u2019anno corrente, e con questo investimento strutturale dimostra di credere nella formazione, fondamentale per la ripartenza e anche per affrontare le sfide che si prospettano come i Mondiali di Cortina e le Olimpiadi 2026. Il territorio dovr\u00e0 proporre progetti e crearsi un ruolo.<\/p>\n<p>&nbsp;<\/p>\n<p>&nbsp;<\/p>\n<hr \/>\n<blockquote>\n<h3>OLTRE IL COVID, INVITO AGLI SCREENING<\/h3>\n<\/blockquote>\n<p><strong><a class=\"dt-pswp-item\" href=\"https:\/\/www.radiopiu.net\/wordpress\/wp-content\/uploads\/2020\/06\/pastorelli-1-scaled.jpg\" data-dt-img-description=\"\" data-large_image_width=\"2560\" data-large_image_height=\"1920\"><img loading=\"lazy\" decoding=\"async\" class=\"wp-image-143608 alignleft\" src=\"https:\/\/www.radiopiu.net\/wordpress\/wp-content\/uploads\/2020\/06\/pastorelli-1-300x225.jpg\" alt=\"\" width=\"195\" height=\"146\" srcset=\"https:\/\/www.radiopiu.net\/wordpress\/wp-content\/uploads\/2020\/06\/pastorelli-1-300x225.jpg 300w, https:\/\/www.radiopiu.net\/wordpress\/wp-content\/uploads\/2020\/06\/pastorelli-1-1024x768.jpg 1024w, https:\/\/www.radiopiu.net\/wordpress\/wp-content\/uploads\/2020\/06\/pastorelli-1-768x576.jpg 768w, https:\/\/www.radiopiu.net\/wordpress\/wp-content\/uploads\/2020\/06\/pastorelli-1-1536x1152.jpg 1536w, https:\/\/www.radiopiu.net\/wordpress\/wp-content\/uploads\/2020\/06\/pastorelli-1-2048x1536.jpg 2048w\" sizes=\"auto, (max-width: 195px) 100vw, 195px\" \/><\/a>BELLUNO<\/strong> Superata la fase acuta dell\u2019 emergenza, riprende a pieno ritmo l\u2019attivit\u00e0 del Centro di riferimento regionale per la Chirurgia oncologica gastroenterologia diretto da Davide Pastorelli. Durante la fase di piena crisi emergenziale c\u2019\u00e8 stata una momentanea sospensione degli screening di primo livello, tra cui quello del colon retto con la ricerca del sangue occulto, mentre \u00e8 stato sempre garantito il secondo livello ( Colonscopia). <em>\u00ab\u00c8, pertanto, auspicabile &#8211; spiega Davide Pastorelli.- che aumenti l\u2019adesione dei cittadini allo screening del colon-retto perch\u00e9 a livello nazionale e internazionale la comunit\u00e0 scientifica teme che, a causa della pandemia, ci possa essere sia un aumento dei casi di incidenza sia un ritardo nelle diagnosi di neoplasie del colon con un rischio di diagnosticarle in fase pi\u00f9 avanzata\u00bb. <\/em>\u00a0Nel corso del 2019, a livello provinciale, sono stati effettuati 17.225 test di screening per la ricerca del sangue occulto con un adesione del 63,9%. Da gennaio a marzo 2020 ne sono stati effettuati 3.237. Gli screening di primo livello sono ripartiti a maggio 2020. Tra alcune settimane la Chirurgia di Feltre, diretta da Umberto Montin, partir\u00e0 con due studi nazionali sull\u2019utilizzo della chemio ipertermia intraoperatoria (Hipec) nelle neoplasie del colon e dello stomaco in collaborazione con l\u2019oncologia.<\/p>\n<p>&nbsp;<\/p>\n<p>&nbsp;<\/p>\n<hr \/>\n<h2><\/h2>\n<h2>IERI ALLA RADIO<\/h2>\n<h3><a class=\"dt-pswp-item\" href=\"https:\/\/www.radiopiu.net\/wordpress\/wp-content\/uploads\/2020\/06\/unnamed.jpg\" data-dt-img-description=\"\" data-large_image_width=\"384\" data-large_image_height=\"512\"><img loading=\"lazy\" decoding=\"async\" class=\" wp-image-143511 alignleft\" src=\"https:\/\/www.radiopiu.net\/wordpress\/wp-content\/uploads\/2020\/06\/unnamed-225x300.jpg\" alt=\"\" width=\"129\" height=\"172\" srcset=\"https:\/\/www.radiopiu.net\/wordpress\/wp-content\/uploads\/2020\/06\/unnamed-225x300.jpg 225w, https:\/\/www.radiopiu.net\/wordpress\/wp-content\/uploads\/2020\/06\/unnamed.jpg 384w\" sizes=\"auto, (max-width: 129px) 100vw, 129px\" \/><\/a><\/h3>\n<h3><\/h3>\n<h3><span style=\"color: #0000ff;\">FEDERICO BOTTO, ORTOPEDIA DI AGORDO<\/span><\/h3>\n<p><strong>di Claudio Fontanive\u00a0<\/strong><\/p>\n<audio class=\"wp-audio-shortcode\" id=\"audio-143512-10\" preload=\"none\" style=\"width: 100%;\" controls=\"controls\"><source type=\"audio\/mpeg\" src=\"https:\/\/www.radiopiu.net\/wordpress\/wp-content\/uploads\/2020\/06\/federico-botto-10-giugno.mp3?_=10\" \/><a href=\"https:\/\/www.radiopiu.net\/wordpress\/wp-content\/uploads\/2020\/06\/federico-botto-10-giugno.mp3\">https:\/\/www.radiopiu.net\/wordpress\/wp-content\/uploads\/2020\/06\/federico-botto-10-giugno.mp3<\/a><\/audio>\n<p>&nbsp;<\/p>\n<p>&nbsp;<\/p>\n<hr \/>\n<p>&nbsp;<\/p>\n<p>&nbsp;<\/p>\n<blockquote>\n<h2>VECCHIE E SPLENDIDE CARTOLINE DEDICATE AD ALLEGHE E CAPRILE di RENATO BONA<\/h2>\n<\/blockquote>\n<p style=\"text-align: left;\"><strong><a class=\"dt-pswp-item\" href=\"https:\/\/www.radiopiu.net\/wordpress\/wp-content\/uploads\/2020\/06\/103953606_348247702816595_6129477311470229341_n.jpg\" data-dt-img-description=\"\" data-large_image_width=\"2048\" data-large_image_height=\"1225\"><img loading=\"lazy\" decoding=\"async\" class=\"size-medium wp-image-143648 alignleft\" src=\"https:\/\/www.radiopiu.net\/wordpress\/wp-content\/uploads\/2020\/06\/103953606_348247702816595_6129477311470229341_n-300x179.jpg\" alt=\"\" width=\"300\" height=\"179\" srcset=\"https:\/\/www.radiopiu.net\/wordpress\/wp-content\/uploads\/2020\/06\/103953606_348247702816595_6129477311470229341_n-300x179.jpg 300w, https:\/\/www.radiopiu.net\/wordpress\/wp-content\/uploads\/2020\/06\/103953606_348247702816595_6129477311470229341_n-1024x613.jpg 1024w, https:\/\/www.radiopiu.net\/wordpress\/wp-content\/uploads\/2020\/06\/103953606_348247702816595_6129477311470229341_n-768x459.jpg 768w, https:\/\/www.radiopiu.net\/wordpress\/wp-content\/uploads\/2020\/06\/103953606_348247702816595_6129477311470229341_n-1536x919.jpg 1536w, https:\/\/www.radiopiu.net\/wordpress\/wp-content\/uploads\/2020\/06\/103953606_348247702816595_6129477311470229341_n.jpg 2048w\" sizes=\"auto, (max-width: 300px) 100vw, 300px\" \/><\/a>BELLUNO\u00a0<\/strong>\u00a0 Avevamo accennato ad Alleghe nella precedente tappa del nostro \u201cviaggio\u201d in ambito provinciale guidati dal pregevole volume degli storici Giovanni Fabbiani e Giuseppe Sorge: \u201cBelluno e provincia nelle vecchie cartoline\u201d, splendida iniziativa del Lions club bellunese che lo face stampare (Officine grafiche Longo e Zoppelli di Treviso) nel dicembre 1975 da Canova edizioni. Vi torniamo ora riportando il commento dei due storici alla fotografia intitolata: \u201cNasce l\u2019hockey su ghiaccio\u201d. Eccolo: \u201cL\u2019hockey su ghiaccio, ad Alleghe, ha origini remote. Sullo specchio ghiacciato del lago, prima che venisse <a class=\"dt-pswp-item\" href=\"https:\/\/www.radiopiu.net\/wordpress\/wp-content\/uploads\/2020\/06\/103909490_580966399467346_8643343621008284339_n.jpg\" data-dt-img-description=\"\" data-large_image_width=\"669\" data-large_image_height=\"960\"><img loading=\"lazy\" decoding=\"async\" class=\"size-medium wp-image-143649 alignright\" src=\"https:\/\/www.radiopiu.net\/wordpress\/wp-content\/uploads\/2020\/06\/103909490_580966399467346_8643343621008284339_n-209x300.jpg\" alt=\"\" width=\"209\" height=\"300\" srcset=\"https:\/\/www.radiopiu.net\/wordpress\/wp-content\/uploads\/2020\/06\/103909490_580966399467346_8643343621008284339_n-209x300.jpg 209w, https:\/\/www.radiopiu.net\/wordpress\/wp-content\/uploads\/2020\/06\/103909490_580966399467346_8643343621008284339_n.jpg 669w\" sizes=\"auto, (max-width: 209px) 100vw, 209px\" \/><\/a>trasformato in bacino idroelettrico dalla Sade, i ragazzi trascorrevano ore ed ore a pattinare. Le prime squadre di hockey risalgono al 1925, epoca di questa cartolina. Il pae34se, sullo sfondo, si \u00e8 arricchito di case\u201d. Ma non solo hockey\u2026 L\u2019immagine successiva \u00e8 intitolata \u201cIl campanile e la chiesa di Alleghe\u201d e reca questa dicitura: \u201cViene ricostruita dopo il 1771. Sullo sfondo il monte Spiz da dove si stacc\u00f2 l\u2019immane frana. Sulla piazza, oltre alla chiesa, si affacciava un tempo il municipio, dove erano sistemate a piano terra, anche le scuole. Fra il municipio e la chiesa sorgeva il cimitero che fu eliminato all\u2019inizio del secolo, costruendovi al suo posto la fontana che figura nella cartolina. Prima che il turismo vi prendesse piede, sul finire del secolo scorso, Alleghe ospitava alcune fabbriche di posate, forbici, coltelli ed altri strumenti in acciaio che a Venezia venivano spacciati come lavori inglesi\u201d. Altre due vecchie cartoline fra le 157 scelte <a class=\"dt-pswp-item\" href=\"https:\/\/www.radiopiu.net\/wordpress\/wp-content\/uploads\/2020\/06\/103960053_2657483794568050_8571206228071945875_n.jpg\" data-dt-img-description=\"\" data-large_image_width=\"629\" data-large_image_height=\"960\"><img loading=\"lazy\" decoding=\"async\" class=\"size-medium wp-image-143650 alignleft\" src=\"https:\/\/www.radiopiu.net\/wordpress\/wp-content\/uploads\/2020\/06\/103960053_2657483794568050_8571206228071945875_n-197x300.jpg\" alt=\"\" width=\"197\" height=\"300\" srcset=\"https:\/\/www.radiopiu.net\/wordpress\/wp-content\/uploads\/2020\/06\/103960053_2657483794568050_8571206228071945875_n-197x300.jpg 197w, https:\/\/www.radiopiu.net\/wordpress\/wp-content\/uploads\/2020\/06\/103960053_2657483794568050_8571206228071945875_n.jpg 629w\" sizes=\"auto, (max-width: 197px) 100vw, 197px\" \/><\/a>e commentate da Fabbiani-Sorge sono dedicate a Caprile, che di Alleghe \u00e8 frazione. La prima porta il titolo: \u201cCaprile \u2013 Ai confini della Serenissima\u201d e la seguente didascalia: \u201cCaprile nel 1897 nell\u2019alveo del Cordevole. Per la sua posizione geografica fin dal secolo scorso Caprile era frequentata da forestieri che trovavano alloggio in alcuni alberghi. Uno di questi, l\u2019Alberto Posta \u00e8 gestito dalla medesima famiglia da oltre 100 anni. La clientela era costituita esclusivamente da inglesi che in quel tempo si spingevano in Caprile per esplorare i massicci del Pelmo, della Marmolada e del Civetta. Sempre in quegli anni il nascente alpinismo dolomitico Aveva in Caprile la sede di famose guide. Tra gli ospiti illustri di Caprile si ricordano l\u2019Abate Antonio Stoppani, Giosu\u00e8 Carducci, il Cardinale Achille Ratti, prima che <a class=\"dt-pswp-item\" href=\"https:\/\/www.radiopiu.net\/wordpress\/wp-content\/uploads\/2020\/06\/104159746_901638473689639_6064964753005227985_n.jpg\" data-dt-img-description=\"\" data-large_image_width=\"2048\" data-large_image_height=\"1265\"><img loading=\"lazy\" decoding=\"async\" class=\"size-medium wp-image-143651 alignright\" src=\"https:\/\/www.radiopiu.net\/wordpress\/wp-content\/uploads\/2020\/06\/104159746_901638473689639_6064964753005227985_n-300x185.jpg\" alt=\"\" width=\"300\" height=\"185\" srcset=\"https:\/\/www.radiopiu.net\/wordpress\/wp-content\/uploads\/2020\/06\/104159746_901638473689639_6064964753005227985_n-300x185.jpg 300w, https:\/\/www.radiopiu.net\/wordpress\/wp-content\/uploads\/2020\/06\/104159746_901638473689639_6064964753005227985_n-1024x633.jpg 1024w, https:\/\/www.radiopiu.net\/wordpress\/wp-content\/uploads\/2020\/06\/104159746_901638473689639_6064964753005227985_n-768x474.jpg 768w, https:\/\/www.radiopiu.net\/wordpress\/wp-content\/uploads\/2020\/06\/104159746_901638473689639_6064964753005227985_n-1536x949.jpg 1536w, https:\/\/www.radiopiu.net\/wordpress\/wp-content\/uploads\/2020\/06\/104159746_901638473689639_6064964753005227985_n.jpg 2048w\" sizes=\"auto, (max-width: 300px) 100vw, 300px\" \/><\/a>diventasse Pontefice, il cardinale inglese Merry Del Val. La seconda cartolina d\u2019epoca \u00e8 intitolata: \u201cCaprile via XX Settembre\u201d ed \u00e8 accompagnata da questa illustrazione: \u201cNella borgata vecchia di Caprile, verso la confluenza del Cordevole col Fiorentina, nella piazzetta San Marco fra case antiche con belle finestre ornate d\u2019eleganti inferriate, c\u2019\u00e8 una colonna portante in cima il leone di San Marco. Venne eretta nel 1609, in onore di Scipione Benzoni cui Venezia aveva delegato la risoluzione d\u2019una vertenza di confini tra Caprile e Colle S. Lucia. Il vetusto monumento venne travolto dall\u2019alluvione del 1966, venne restaurato nel 1968 con una nuova colonna donata da Venezia, rifatto lo stemma di casa Benzoni, venne riposta l\u2019iscrizione salvata e in alto torn\u00f2 il vecchio Leone con le ali, rifatte queste perch\u00e9 in un\u2019invasione i livinallonghesi, secoli or sono, le avevano rubate. Sul retro di queste antiche case si trovano i forni fusori dei metalli estratti dalle miniere di Colle S,. Lucia. Il metallo fuso veniva poi esportato in verghe oppure lavorato nelle officine di Fusine, uno dei villaggi sommersi dalle acque del lago di Alleghe\u201d.<\/p>\n<p>&nbsp;<\/p>\n<p>&nbsp;<\/p>\n<hr \/>\n<blockquote>\n<h3><strong>EL BON DE L&#8217;ANSUDA: WEEKEND DI FESTEGGIAMENTI A FALCADE<\/strong><\/h3>\n<\/blockquote>\n<p><strong>FALCADE<\/strong> Sabato e domenica\u00a0 nella Piana torna &#8220;El bon de l&#8217;ansuda\u201d, l\u2019evento che celebra la primavera sulle Dolomiti tra menu a base di erbe spontanee, passeggiate a cavallo, escursioni in mountain bike, prodotti tipici dell\u2019Agordino, laboratori di artigiani, visite al giardino delle opere di Franco e Augusto Murer e molto altro. Il calendario \u00e8 infatti denso di opportunit\u00e0 per tutti i gusti con occasioni di divertimento anche per i pi\u00f9 piccoli. Sono circa una decina i ristoranti della valle che hanno aderito all&#8217;iniziativa, sar\u00e0 quindi possibile fare un tour gastronomico alla scoperta dei sapori della primavera. Dalla passeggiata sul sentiero geologico, insieme al grande esperto delle Dolomiti Vittorio Fenti, alle escursioni in mountain bike o e-bike con Bike Guides Dolomiti, fino alle passeggiate a cavallo sulla Piana. Mirco Tancon, istruttore di apicoltura che dal mese di maggio ha posizionato le sue arnie sulla Piana per sfruttare la grande variet\u00e0 di fiori che offre, racconter\u00e0 questo magico mondo. Al mercatino di prodotti bellunesi si aggiungono le letture animate per bambini e la dimostrazione del taglio di albero utilizzando le tecniche antiche. Tra i momenti da non perdere vi \u00e8 la passeggiata alla scoperta delle erbe spontanee. Tra le novit\u00e0 del 2020 l&#8217;itinerario alla scoperta della valle con i santi alle finestre insieme a Dunio che illustrer\u00e0 i dipinti murali e le opere d&#8217;arte poste sulle case antiche<\/p>\n<p><strong>LO SPECIALE ALLA RADIO, OSPITE ANTONELLA SCHENA<\/strong><\/p>\n<audio class=\"wp-audio-shortcode\" id=\"audio-143512-11\" preload=\"none\" style=\"width: 100%;\" controls=\"controls\"><source type=\"audio\/mpeg\" src=\"https:\/\/www.radiopiu.net\/wordpress\/wp-content\/uploads\/2020\/06\/antonella-schena-8-giugno.mp3?_=11\" \/><a href=\"https:\/\/www.radiopiu.net\/wordpress\/wp-content\/uploads\/2020\/06\/antonella-schena-8-giugno.mp3\">https:\/\/www.radiopiu.net\/wordpress\/wp-content\/uploads\/2020\/06\/antonella-schena-8-giugno.mp3<\/a><\/audio>\n<p>&nbsp;<\/p>\n<p>&nbsp;<\/p>\n<hr \/>\n<h3><span style=\"color: #ff0000;\">DUE MINUTI UN LIBRO<\/span><\/h3>\n<blockquote class=\"wp-embedded-content\" data-secret=\"cDKztQ6gwe\"><p><a href=\"https:\/\/www.radiopiu.net\/wordpress\/il-fuoco-interiore\/\">Il fuoco interiore<\/a><\/p><\/blockquote>\n<p><iframe loading=\"lazy\" title=\"&#8220;Il fuoco interiore&#8221; &#8212; Radio Pi\u00f9\" class=\"wp-embedded-content\" sandbox=\"allow-scripts\" security=\"restricted\" style=\"position: absolute; clip: rect(1px, 1px, 1px, 1px);\" src=\"https:\/\/www.radiopiu.net\/wordpress\/il-fuoco-interiore\/embed\/#?secret=cDKztQ6gwe\" data-secret=\"cDKztQ6gwe\" width=\"600\" height=\"338\" frameborder=\"0\" marginwidth=\"0\" marginheight=\"0\" scrolling=\"no\"><\/iframe><\/p>\n<p><strong>LE ALTRE PUNTATE<\/strong><\/p>\n<blockquote class=\"wp-embedded-content\" data-secret=\"lZuDbfq4hm\"><p><a href=\"https:\/\/www.radiopiu.net\/wordpress\/due-minuti-un-libro\/\">Due minuti un libro<\/a><\/p><\/blockquote>\n<p><iframe loading=\"lazy\" title=\"&#8220;Due minuti un libro&#8221; &#8212; Radio Pi\u00f9\" class=\"wp-embedded-content\" sandbox=\"allow-scripts\" security=\"restricted\" style=\"position: absolute; clip: rect(1px, 1px, 1px, 1px);\" src=\"https:\/\/www.radiopiu.net\/wordpress\/due-minuti-un-libro\/embed\/#?secret=lZuDbfq4hm\" data-secret=\"lZuDbfq4hm\" width=\"600\" height=\"338\" frameborder=\"0\" marginwidth=\"0\" marginheight=\"0\" scrolling=\"no\"><\/iframe><\/p>\n<h3><\/h3>\n<hr \/>\n<h3><span style=\"color: #008080;\">AGORDINOMERON<\/span><\/h3>\n<blockquote class=\"wp-embedded-content\" data-secret=\"u0Q9Bp3X9N\"><p><a href=\"https:\/\/www.radiopiu.net\/wordpress\/agordinomeron\/\">AGORDINOMERON, IL TERRITORIO SI RACCONTA Da un&#8217;idea di Gianni Santomaso<\/a><\/p><\/blockquote>\n<p><iframe loading=\"lazy\" title=\"&#8220;AGORDINOMERON, IL TERRITORIO SI RACCONTA Da un&#8217;idea di Gianni Santomaso&#8221; &#8212; Radio Pi\u00f9\" class=\"wp-embedded-content\" sandbox=\"allow-scripts\" security=\"restricted\" style=\"position: absolute; clip: rect(1px, 1px, 1px, 1px);\" src=\"https:\/\/www.radiopiu.net\/wordpress\/agordinomeron\/embed\/#?secret=u0Q9Bp3X9N\" data-secret=\"u0Q9Bp3X9N\" width=\"600\" height=\"338\" frameborder=\"0\" marginwidth=\"0\" marginheight=\"0\" scrolling=\"no\"><\/iframe><\/p>\n<h3><\/h3>\n<h3><\/h3>\n<hr \/>\n<h3><span style=\"color: #00ccff;\">IL MESSAGGIO DEI SACERDOTI A RADIO PIU&#8217;<\/span><\/h3>\n<blockquote class=\"wp-embedded-content\" data-secret=\"XunjN7g1qE\"><p><a href=\"https:\/\/www.radiopiu.net\/wordpress\/chiesa\/\">DON CESARE  SU RADIO PIU&#8217; ALLE 7.30 E 19.30, PARROCCHIE DI AGORDO, LA VALLE E TAIBON<\/a><\/p><\/blockquote>\n<p><iframe loading=\"lazy\" title=\"&#8220;DON CESARE  SU RADIO PIU&#8217; ALLE 7.30 E 19.30, PARROCCHIE DI AGORDO, LA VALLE E TAIBON&#8221; &#8212; Radio Pi\u00f9\" class=\"wp-embedded-content\" sandbox=\"allow-scripts\" security=\"restricted\" style=\"position: absolute; clip: rect(1px, 1px, 1px, 1px);\" src=\"https:\/\/www.radiopiu.net\/wordpress\/chiesa\/embed\/#?secret=XunjN7g1qE\" data-secret=\"XunjN7g1qE\" width=\"600\" height=\"338\" frameborder=\"0\" marginwidth=\"0\" marginheight=\"0\" scrolling=\"no\"><\/iframe><\/p>\n<p>&nbsp;<\/p>\n<hr \/>\n<p>&nbsp;<\/p>\n<p>&nbsp;<\/p>\n<p>&nbsp;<\/p>\n<p><strong class=\"photoswipe-wrapper\"><a class=\"dt-pswp-item pspw-wrap-ready\" href=\"https:\/\/i0.wp.com\/www.radiopiu.net\/wordpress\/wp-content\/uploads\/2018\/09\/viabilita.jpeg?ssl=1\" data-dt-img-description=\"\" data-large_image_width=\"800\" data-large_image_height=\"100\"><img loading=\"lazy\" decoding=\"async\" class=\"aligncenter wp-image-61954 size-full jetpack-lazy-image jetpack-lazy-image--handled\" src=\"https:\/\/i0.wp.com\/www.radiopiu.net\/wordpress\/wp-content\/uploads\/2018\/09\/viabilita.jpeg?resize=800%2C100&amp;ssl=1\" sizes=\"auto, (max-width: 800px) 100vw, 800px\" srcset=\"https:\/\/i0.wp.com\/www.radiopiu.net\/wordpress\/wp-content\/uploads\/2018\/09\/viabilita.jpeg?w=800&amp;ssl=1 800w, https:\/\/i0.wp.com\/www.radiopiu.net\/wordpress\/wp-content\/uploads\/2018\/09\/viabilita.jpeg?resize=300%2C38&amp;ssl=1 300w, https:\/\/i0.wp.com\/www.radiopiu.net\/wordpress\/wp-content\/uploads\/2018\/09\/viabilita.jpeg?resize=768%2C96&amp;ssl=1 768w\" alt=\"\" width=\"800\" height=\"100\" data-lazy-loaded=\"1\" \/><\/a><\/strong><\/p>\n<p><strong>\u00a0<\/strong><\/p>\n<p>PROVINCIALE 20 DELLA VAL FIORENTINA, SELVA DI CADORE: FINO AL 13 GIUGNO, CHIUSURA TOTALE TRA SOLATOR E IL CENTRO DEL PAESE ANCHE NEI GIORNI FESTIVI E PREFESTIVI, DAL CHILOMETRO 4.850 AL CHILOMETRO 5.100. TRANSITO CONSENTITO AI LOCALI CON TEMPI DI ATTESA MASSIMI STIMATI IN 30 MINUTI IN LOCALITA\u2019 SOLATOR DAL CHILOMETRO 4.400 AL CHILOMETRO 4.850<\/p>\n<p>REGIONALE 48 DELLE DOLOMITI, LOCALIT\u00c0 POCOL INIZIO ABITATO CORTINA,FINO\u00a0 AL 12 GIUGNO SEMAFORO PER TRATTI DI 250 METRI ANCHE NEI GIORNI FESTIVI E PREFESTIVI<\/p>\n<p>REGIONALE 203 AGORDINA FINO AL 15 GIUGNO IN LOCALIT\u00c0 LA MUDA DEVIAZIONE SU VIABILIT\u00c0 PROVVISORIA, PRUDENZA<\/p>\n<p>PROVINCIALE 12 PEDEMONTANA LOCALIT\u00c0 PONTE MAS, CHIUSURA TOTALE DI PONTE MAS FINO\u00a0 AL 30 GIUGNO<\/p>\n<p>STRADA REGIONALE 48 DELLE DOLOMITI, DAL KM 110,350 AL KM 112, SENSO UNICO ALTERNATO REGOLATO DA IMPIANTO SEMAFORICO ANCHE SABATO E FESTIVI FINO\u00a0 AL 30 GIUGNO PER POSA ELETTRODOTTO INTERRATO<\/p>\n<p>PROVINCIALE 563 DI SALESEI, FINO\u00a0 AL 3 LUGLIO, SENSO UNICO ALTERNATO REGOLATO DA IMPIANTO SEMAFORICO IN LOCALIT\u00c0 DIGONERA PER MESSA IN SICUREZZA PIANO VIABILE, SABATO E FESTIVI INCLUSI<\/p>\n<p>REGIONALE 203 AGORDINA, CANDATEN-LA STANGA, FINO\u00a0 AL 30 GIUGNO INCLUSI SABATO E DOMENICA DALLE 7.30 ALLE 9 E DALLE 16.30 ALLE 18 SENSO UNICO ALTERNATO CON MOVIERI, NEGLI ALTRI PERIODI SENSO UNICO CON SEMAFORO.<\/p>\n<p>PROVINCIALE 563 DI SALESEI, FINO AL\u00a0 19 GIUGNO, DOMENICHE E FESTIVI ESCLUSI, SENSO UNICO ALTERNATO REGOLATO DA IMPIANTO SEMAFORICO E POSSIBILI BREVI INTERRUZIONI AL TRAFFICO DI 15 MINUTI PER MESSA IN SICUREZZA VERSANTE A MONTE DELLA STRADA<\/p>\n<p>STRADA PROVINCIALE 346 DEL SAN PELLEGRINO, NEI COMUNI DI FALCADE, CANALE E VALLADA, FINO\u00a0 AL 3 LUGLIO, INCLUSI SABATI E DOMENICHE, POSSIBILE ISTITUZIONE DI SENSO UNICO ALTERNATO REGOLATO DA MOVIERI PER SOSTITUZIONE CONDUTTORI E MANUTENZIONE LINEA ELETTRICA ALTA TENSIONE<\/p>\n<p>REGIONALE 203 AGORDINA, NEL COMUNE DI CENCENIGHE, FINO\u00a0 AL 3 LUGLIO, INCLUSI SABATI E DOMENICHE, POSSIBILE ISTITUZIONE DI SENSO UNICO ALTERNATO REGOLATO DA MOVIERI PER SOSTITUZIONE CONDUTTORI E MANUTENZIONE LINEA ELETTRICA ALTA TENSIONE<\/p>\n<p>STRADA PROVINCIALE 422 DELL\u2019ALPAGO E DEL CANSIGLIO, FINO AL\u00a0 19 GIUGNO, DALLE 8 ALLE 19, SENSO UNICO ALTERNATO REGOLATO DA IMPIANTO SEMAFORICO O MOVIERE PER POSA FIBRA OTTICA<\/p>\n<p>STRADA PROVINCIALE 346 DEL SAN PELLEGRINO, NEL COMUNE DI VALLADA AGORDINA\u00a0 FINO AL\u00a0 19 GIUGNO SENSO UNICO ALTERNATO REGOLATO DA IMPIANTO SEMAFORICO PER MESSA IN SICUREZZA BARRIERE DI PROTEZIONE LATERALI<\/p>\n<p>STRADA REGIONA 203 AGORDINA, TRA MAS DI SEDICO E CERNADOI SU TRATTI SALTUARI DI STRADA, FINO\u00a0 AL 30 GIUGNO, ESCLUSO SABATO E DOMENICA, SENSO UNICO ALTERNATO REGOLATO DA IMPIANTO SEMAFORICO PER MESSA IN SICUREZZA BARRIERE DI PROTEZIONE LATERALI<\/p>\n<p>STRADA PROVINCIALE 347 DEL PASSO CEREDA E DURAN, NEL COMUNE DI GOSALDO (LOC. SANT\u2019ANDREA),\u00a0 FINO\u00a0 AL 20 GIUGNO SENSO UNICO ALTERNATO REGOLATO DA IMPIANTO SEMAFORICO PER MESSA IN SICUREZZA DELLA STRADA<\/p>\n<p>STRADA PROVINCIALE 347 DEL PASSO CEREDA E DURAN, NEL COMUNE DI AGORDO, FINO\u00a0 AL 12 GIUGNO SENSO UNICO ALTERNATO REGOLATO DA IMPIANTO SEMAFORICO PER POSA FIBRA OTTICA<\/p>\n<p>STRADA REGIONALE 48 DELLE DOLOMITI, NEL COMUNE DI LIVINALLONGO DEL COL DI LANA IN LOCALITA\u2019 ANDRAZ, FINO\u00a0 AL 30 GIUGNO SENSO UNICO ALTERNATO REGOLATO DA IMPIANTO SEMAFORICO O MOVIERE CON POSSIBILI BREVI INTERRUZIONI TOTALI AL TRAFFICO DELLA DURATA MASSIMA DI 10 MINUTI, PER LAVORI DI MESSA IN SICUREZZA DEL VERSANTE<\/p>\n<p>STRADA PROVINCIALE 641 DEL PASSO FEDAIA, A SOTTOGUDA DI ROCCA PIETORE,FINO\u00a0 AL 19 GIUGNO, DALLE 7 ALLE 12 E DALLE 13 ALLE 18 ESCLUSI SABATO E DOMENICA, SENSO UNICO ALTERNATO REGOLATO DA MOVIERI PER RIPRISTINO PIANO VIABILE SU CAVIDOTTO MEDIA TENSIONE.<\/p>\n<p>STRADA PROVINCIALE 347 DEL PASSO CEREDA E DURAN, COMUNE DI VAL DI ZOLDO LOCALITA\u2019 CORNIGIAN, FINO AL 10 GIUGNO DALLE 7 ALLE 18\u00a0SENSO UNICO ALTERNATO REGOLATO DA IMPIANTO SEMAFORICO PER RICERCHE GEOGNOSTICHE<\/p>\n<p>48 DELLE DOLOMITI, LOCALITA\u2019 ANDRAZ DI LIVINALLONGO, FINO\u00a0 AL 26 GIUGNO SENSO UNICO CON SEMAFORO<\/p>\n<p>&nbsp;<\/p>\n<hr \/>\n<p>&nbsp;<\/p>\n<p class=\"photoswipe-wrapper\"><a class=\"dt-pswp-item pspw-wrap-ready\" href=\"https:\/\/i0.wp.com\/www.radiopiu.net\/wordpress\/wp-content\/uploads\/2018\/09\/WhatsApp-Image-2018-09-20-at-16.04.06.jpeg?ssl=1\" data-dt-img-description=\"\" data-large_image_width=\"800\" data-large_image_height=\"100\"><img loading=\"lazy\" decoding=\"async\" class=\"aligncenter wp-image-61378 size-full jetpack-lazy-image jetpack-lazy-image--handled\" src=\"https:\/\/i0.wp.com\/www.radiopiu.net\/wordpress\/wp-content\/uploads\/2018\/09\/WhatsApp-Image-2018-09-20-at-16.04.06.jpeg?resize=800%2C100&amp;ssl=1\" sizes=\"auto, (max-width: 800px) 100vw, 800px\" srcset=\"https:\/\/i0.wp.com\/www.radiopiu.net\/wordpress\/wp-content\/uploads\/2018\/09\/WhatsApp-Image-2018-09-20-at-16.04.06.jpeg?w=800&amp;ssl=1 800w, https:\/\/i0.wp.com\/www.radiopiu.net\/wordpress\/wp-content\/uploads\/2018\/09\/WhatsApp-Image-2018-09-20-at-16.04.06.jpeg?resize=300%2C38&amp;ssl=1 300w, https:\/\/i0.wp.com\/www.radiopiu.net\/wordpress\/wp-content\/uploads\/2018\/09\/WhatsApp-Image-2018-09-20-at-16.04.06.jpeg?resize=768%2C96&amp;ssl=1 768w\" alt=\"\" width=\"800\" height=\"100\" data-lazy-loaded=\"1\" \/><\/a><\/p>\n<p>&nbsp;<\/p>\n<p><center><b>Giovedi 11<\/b><\/center><b>Tempo atteso: <\/b>Al primo mattino in prevalenza soleggiato con banchi di altocumuli e qualche nube bassa. Nel corso della mattinata primi segnali d&#8217;attivit\u00e0 cumuliforme con riduzione del soleggiamento. Al pomeriggio ulteriore sviluppo degli addensamenti, i quali saranno associati a fenomeni convettivi sparsi. Clima pi\u00f9 fresco di notte e pi\u00f9 mite in giornata.<br \/>\n<b>Precipitazioni: <\/b>Assenti fino alla tarda mattinata (0%), in seguito probabilit\u00e0 media di rovesci (40\/50%) e di qualche singolo temporale (10\/20%), la probabilit\u00e0 di rovesci sar\u00e0 minore sulle Dolomiti (30\/40%). Limite neve sui 2600\/2700 m.<br \/>\n<b>Temperature: <\/b>Minime in leggero calo; massime stazionarie in quota e in aumento nelle valli pi\u00f9 interessate dai tratti soleggiati. Sono previste punte di 20\/21\u00b0C nei fondovalle prealpini e di 16\/18\u00b0C a 1000\/1200 m. Su Prealpi a 1500 m min 6\u00b0C max 12\u00b0C, a 2000 m min 3\u00b0C max 8\u00b0C. Su Dolomiti a 2000 m min 2\u00b0C max 7\u00b0C, a 3000 m min -3\u00b0C max 0\u00b0C.<br \/>\n<b>Venti: <\/b>Nelle valli ritorno delle brezze da deboli a moderate; in quota deboli o molto deboli dai quadranti meridionali, a 5-10 km\/h sia a 2000 che a 3000 m.<\/p>\n<hr \/>\n<p><center><b>Venerdi 12<\/b><\/center><b>Tempo atteso: <\/b>In prevalenza soleggiato con lieve riduzione del soleggiamento al pomeriggio per modesta attivit\u00e0 cumuliforme sulla maggiore parte dei settori, solo localmente moderata. Clima ancora fresco di notte e decisamente pi\u00f9 caldo di giorno.<br \/>\n<b>Precipitazioni: <\/b>Assenti (0%).<br \/>\n<b>Temperature: <\/b>Minime pressoch\u00e9 stazionarie nelle valli e in rialzo in alta quota; massime in generale aumento, pi\u00f9 sensibile nelle valli. Sono previste punte di 24\/25\u00b0C nei fondovalle prealpini e di 19\/21\u00b0C a 1000\/1200 m. Su Prealpi a 1500 m min 8\u00b0C max 15\u00b0C, a 2000 m min 6\u00b0C max 12\u00b0C. Su Dolomiti a 2000 m min 5\u00b0C max 12\u00b0C, a 3000 m min 0\u00b0C max 3\u00b0C.<br \/>\n<b>Venti: <\/b>Nelle valli da deboli a moderate per brezze; in quota deboli sud-occidentale al mattino, anche moderati al pomeriggio, a 5-10 km\/h a 2000 m e 10\/20 km\/h a 3000 m.<\/p>\n<hr \/>\n<p><center><b>Sabato 13<\/b><\/center>Inizialmente in prevalenza soleggiato con riduzione del soleggiamento per qualche velatura del cielo, dalle ore centrali in poi anche per lo sviluppo dell&#8217;attivit\u00e0 cumuliforme, modesta sulle Prealpi e moderata sulle Dolomiti, dove vi sar\u00e0 una lieve insidia di qualche locale rovescio o eventuale singolo temporale pomeridiano. Temperature in generale aumento, specie le massime che saranno quasi estive nei fondovalle prealpini. Venti deboli\/moderati a regime di brezza nelle valli, deboli\/moderati da sud sud-ovest al mattino in alta quota, poi da est e finalmente da nord-est alla sera.<\/p>\n<hr \/>\n<p><center><b>Domenica 14<\/b><\/center>In prevalenza soleggiato al mattino e riduzione del soleggiamento al pomeriggio per moderata\/forte attivit\u00e0 cumuliforme con insidia di locali rovesci o temporali. Temperature minime senza notevoli variazioni e massime in leggera flessione. Venti deboli\/moderati a regime di brezza nelle valli, deboli\/moderati da nord-est in alta quota, anche tesi sulle cime dolomitiche pi\u00f9 alte al pomeriggio.<\/p>\n","protected":false},"excerpt":{"rendered":"<p>PER RICEVERE QUESTO NOTIZIARIO DIRETTAMENTE SUL TUO CELLULARE ISCRIVITI AL CANALE TELEGRAM\u00a0\u201cRADIO PIU\u00a0 INFORMAZIONE\u201d\u00a0\u00a0 &nbsp; &nbsp; &nbsp; LA FOTO DEL GIORNO DI GIOVANNI VALT SAPPADE DI FALCADE\u00a0 Gioco di nuvole, sembra di vedere dietro il monte Pelsa. Le nuvole ricalcano il profilo delle montagne sottostanti. &nbsp; &nbsp; &nbsp; &nbsp; &nbsp; LAGO DI ALLEGHE E SERRAI&hellip;<\/p>\n","protected":false},"author":4,"featured_media":143596,"comment_status":"closed","ping_status":"closed","sticky":false,"template":"","format":"standard","meta":{"_monsterinsights_skip_tracking":false,"_monsterinsights_sitenote_active":false,"_monsterinsights_sitenote_note":"","_monsterinsights_sitenote_category":0,"footnotes":""},"categories":[1,86,49],"tags":[],"class_list":["post-143512","post","type-post","status-publish","format-standard","has-post-thumbnail","hentry","category-senza-categoria","category-gr","category-news-18","category-1","category-86","category-49","description-off"],"img_url":"https:\/\/www.radiopiu.net\/wordpress\/wp-content\/uploads\/2020\/06\/103425904_298902624838750_8085937141862785813_n.jpg","_links":{"self":[{"href":"https:\/\/www.radiopiu.net\/wordpress\/wp-json\/wp\/v2\/posts\/143512","targetHints":{"allow":["GET"]}}],"collection":[{"href":"https:\/\/www.radiopiu.net\/wordpress\/wp-json\/wp\/v2\/posts"}],"about":[{"href":"https:\/\/www.radiopiu.net\/wordpress\/wp-json\/wp\/v2\/types\/post"}],"author":[{"embeddable":true,"href":"https:\/\/www.radiopiu.net\/wordpress\/wp-json\/wp\/v2\/users\/4"}],"replies":[{"embeddable":true,"href":"https:\/\/www.radiopiu.net\/wordpress\/wp-json\/wp\/v2\/comments?post=143512"}],"version-history":[{"count":0,"href":"https:\/\/www.radiopiu.net\/wordpress\/wp-json\/wp\/v2\/posts\/143512\/revisions"}],"wp:featuredmedia":[{"embeddable":true,"href":"https:\/\/www.radiopiu.net\/wordpress\/wp-json\/wp\/v2\/media\/143596"}],"wp:attachment":[{"href":"https:\/\/www.radiopiu.net\/wordpress\/wp-json\/wp\/v2\/media?parent=143512"}],"wp:term":[{"taxonomy":"category","embeddable":true,"href":"https:\/\/www.radiopiu.net\/wordpress\/wp-json\/wp\/v2\/categories?post=143512"},{"taxonomy":"post_tag","embeddable":true,"href":"https:\/\/www.radiopiu.net\/wordpress\/wp-json\/wp\/v2\/tags?post=143512"}],"curies":[{"name":"wp","href":"https:\/\/api.w.org\/{rel}","templated":true}]}}