{"id":143522,"date":"2020-06-10T12:28:57","date_gmt":"2020-06-10T10:28:57","guid":{"rendered":"https:\/\/www.radiopiu.net\/wordpress\/?p=143522"},"modified":"2020-06-10T13:09:57","modified_gmt":"2020-06-10T11:09:57","slug":"conferenza-stampa-del-presidente-del-veneto-luca-zaia-10-giugno-2020","status":"publish","type":"post","link":"https:\/\/www.radiopiu.net\/wordpress\/conferenza-stampa-del-presidente-del-veneto-luca-zaia-10-giugno-2020\/","title":{"rendered":"RICONOSCIMENTO A VO&#8217;, L&#8217;INIZIO DELL&#8217;ANNO SCOLASTICO CON MANIFESTAZIONE ALLA PRESENZA DEL PRESIDENTE DELLA REPUBBLICAM MA NON C&#8217;E&#8217; LA DATA. CONFERENZA STAMPA DEL PRESIDENTE DEL VENETO LUCA ZAIA 10 GIUGNO 2020"},"content":{"rendered":"<p><strong>VENEZIA<\/strong> Da Marghera il\u00a0Presidente\u00a0Luca Zaia fa il punto sull\u2019emergenza Covid-19<\/p>\n<p><strong>NELLE ULTIME 24 ORE,\u00a0<\/strong> 772767 TAMPONI (+10669), POSITIVI 19194 (+3), ISOLAMENTO 878 (+20 nucleo famiglaire allargato che ha partecipato a un matrimonio a Bologna, 20 ignari veneti in isolamento fiduciario per aver partecipato al matrimonio di una sposa veneta), RICOVERATI 300 (-5, 66 I POSITIVI 234 NEGATIVIZZATI) 15 IN TERAPIA INTENSIVA NUMERO INVERIATO E ZERO COVID. DIMESSI 3465 (+5), MORTI 1961 NUMERO INVARIATO RISPETTO A IERI. IN OSPEDALE 1405.<\/p>\n<h2>LEGGI LA CONFERENZA STAMPA DI LUCA ZAIA<\/h2>\n<blockquote><p><em>\u00a0Il presidente della Repubblica Sergio Mattarella sar\u00e0 presente a Vo Euganeo, il comune che fu focolaio del Coronavirus in Veneto, per l&#8217;inaugurazione del prossimo anno scolastico. Non sappiamo quale sar\u00e0 la data, non siamo in grado di programmare l&#8217;apertura delle scuole non sapendo quando si andr\u00e0 a votare. C&#8217;\u00e8 la possibilit\u00e0 che il Presidente faccia un&#8217;apertura simbolica ma non mi sembra la cosa migliore.\u00a0<\/em><\/p><\/blockquote>\n<p><strong>MATTARELLA A VO&#8217;<\/strong> Bella notizia per Vo&#8217; simbolo del coronavirus con il primo morto in Italia, i primi tamponi e lo studio che fa storia,\u00a0 ci sar\u00e0 un riconoscimento ufficiale come ho gi\u00e0 parlato con il Presidente Mattarella. S&#8217;inaugura l&#8217;anno scolastico con il Presidente della Repubblica, riconoscimento per la storia sanitaria del Veneto. Altra notizia: borse di studio per oltre 9 milioni e 700 mila euro. Faremo il corso di laurea e Medicina-Chirurgia a Treviso e invito tutti ad iscriversi abbiamo 60 posti disponibili i primi 2 anni di corso sono gi\u00e0 attivati. 90 borse di studio per gli specializzandi, questo lo facciamo come squadra veneta a sostegno delle specialit\u00e0. Sul corso di laurea stiamo lavorando ultima data il 16 di giugno e spero che il Governo chiuda la partita in maniera pacifica e non in Corte Costituzionale.<\/p>\n<p><strong>ELEZIONI <\/strong>E&#8217; imbarazzante assistere ad un Parlamento bloccato per decidere una data delle elezioni con gli amminstratori scaduti (1500 sindaci e 6 presidenti di Regione) che hanno concluso la loro legislatura. E&#8217; una pessima pagina di storia, la sublimazione della democrazia il non andare a votare. In Corea si \u00e8 votato ad aprile. La Francia vota a met\u00e0 giugno e questo paese non vuole riconoscere che gli organi di Governo vanno eletti dal popolo. Chi porta avanti questa filosofia e&#8217; anche contro l&#8217;autonomia perche&#8217; \u00e8 prerogativa delle Regioni scegliere la data delle elezioni. E&#8217; stato fatto un emendamento per vietare alle Regioni di convocare le urne il 6 settembre. Hanno vietato le convocazioni prima del 15 settembre, di fatto bloccato le prime due domeniche della finestra del 6 e 13 settembre. Non e&#8217; un &#8220;casino&#8221; dell&#8217;opposizione ma lo sta facendo il Governo. E&#8217; come l&#8217;articolo 63 della Costituzione che prevede il rinvio delle elezioni in caso di guerra. Ho parlato anche con Mattarella delle elezioni consoce la situazione ma non ha voci in capitolo. I Veneti hanno voglia di andare a votare. Il decreto prevede gi\u00e0 l&#8217;ipotesi del rinvio se arriva il virus. C&#8217;\u00e8 chi spera di saltare un anno attendendo che cambi il tempo.<\/p>\n<p>&nbsp;<\/p>\n<blockquote>\n<h2>DOTTORESSA ANNA MARIA CATTELAN, IN TRINCEA,\u00a0 IN PRIMA FILA NEL REPARTO MALATTIA INFETTIVE. GIA&#8217; PRIMARIO A ROVIGO. MEMBRO DEL COMITATO SCIENTIFICO NAZIONALE.<\/h2>\n<\/blockquote>\n<p>Noi infettivologi siamo ancora in trincea in questa guerra che ci ha colto impreparati diversamente da una guerra. Questa guerra abbiamo saputo combatterla molto bene fin da subito anche se pensavamo, eravamo convinti che mai avrebbe varcato i confini dell&#8217;Italia. Il 21 febbraio avevamo in corso un convegno con colleghi da tutte le Regione sull&#8217;Hiv, concentrati in altrepatologie. Eppure alle 16 dei quel pomeriggio mi ha chiamato il direttore dicendomi del primo caso di covid e da li&#8217; e&#8217; cambiato tutto. E&#8217; stato messo in moto il piano emergenziale dalla Regione ricaduto su tutte le aziende e ci ha visto in prima linea ad accogliere i pazienti. Un lavoro importante di squadra.Cappello che ha permesso di ottenere grandi risultati. Rinnovo il grazie a tutti gli operatori della sanit\u00e0 amministrativi compresi che hanno lavorato al di l\u00e0 di ogni orario mettendo in gioco anche se stessi. Grande collaborazione a Padova anche con il territorio. I DATI sono buoni, eccellenti. Ci siamo mossi su due fronti, il primo di un triage avanzato subito istituito presso l&#8217;azienda di Padova prima al malattie infettive e visti i numeri crescenti nella tenso struttura dove nelle prime 8 settimane abbiamo fatto otlre 13 mila tamponi a quasi 8000 pazienti arrivati dal 118, da casa, dal medico di base per sospetta infenzione covid o a contatto con positivi. 70% dei casi erano sintomatici con febbre, tosse e classici sintomi. Un 10% non aveva febbre. Ma avevano alterazioni del gusto e olfatto, unici sintomi presentati dai pazienti. Un grande lavoro che ci ha portato al protocollo sanitario per mettere in sicurezza gli operatori. Nelle 8 settimane nessun operatore sanitario della tensostruttura aperta 24 ore su 24 (60) nessuno si \u00e8 infettato. Fiore all&#8217;occhiello di Regione e Direzione che diversamente da altre realt\u00e0,\u00a0 ci hanno dato i dispositivi di protezione fin dall&#8217;inizio e avevamo paura non conoscendo il virus e le modalit\u00e0 di trasmissione. Questo ha permesso ottimi risultati. Altro dato i pazienti ricoverati, abbiamo seguito 303 pazienti fino al 20 maggio, direttamente al malattie infettive poi spostati alle terapie sub intensive e o intensive. CI hanno detto l&#8217;et\u00e0 media di 60 anni, i piu&#8217; anziani con piu&#8217; patologie associate, chi aveva piu&#8217; malattie purtroppo andavamo piu&#8217; frequentemente in rianimazione. 23% il ricordo alla ventilazione dei pazienti, questo accesso piu&#8217; rapido alla sub intensiva ci ha permesso di ottenere risultati eccellenti. Abbiamo una mortalita&#8217; complessiva del 6,8% molto bassa, 15% nei 69 pazienti alla ventilazione. Complessivamente numeri bassi al di sotto di altri tassi di mortalita&#8217; di altre casistiche italiane ed europee.<\/p>\n<p>&nbsp;<\/p>\n<p>&nbsp;<\/p>\n<p>https:\/\/www.facebook.com\/zaiaufficiale\/videos\/281832286522181<\/p>\n","protected":false},"excerpt":{"rendered":"<p>VENEZIA Da Marghera il\u00a0Presidente\u00a0Luca Zaia fa il punto sull\u2019emergenza Covid-19 NELLE ULTIME 24 ORE,\u00a0 772767 TAMPONI (+10669), POSITIVI 19194 (+3), ISOLAMENTO 878 (+20 nucleo famiglaire allargato che ha partecipato a un matrimonio a Bologna, 20 ignari veneti in isolamento fiduciario per aver partecipato al matrimonio di una sposa veneta), RICOVERATI 300 (-5, 66 I POSITIVI&hellip;<\/p>\n","protected":false},"author":4,"featured_media":121391,"comment_status":"closed","ping_status":"closed","sticky":false,"template":"","format":"standard","meta":{"_monsterinsights_skip_tracking":false,"_monsterinsights_sitenote_active":false,"_monsterinsights_sitenote_note":"","_monsterinsights_sitenote_category":0,"footnotes":""},"categories":[49],"tags":[],"class_list":["post-143522","post","type-post","status-publish","format-standard","has-post-thumbnail","hentry","category-news-18","category-49","description-off"],"img_url":"https:\/\/www.radiopiu.net\/wordpress\/wp-content\/uploads\/2020\/03\/covid-zaia.jpg","_links":{"self":[{"href":"https:\/\/www.radiopiu.net\/wordpress\/wp-json\/wp\/v2\/posts\/143522","targetHints":{"allow":["GET"]}}],"collection":[{"href":"https:\/\/www.radiopiu.net\/wordpress\/wp-json\/wp\/v2\/posts"}],"about":[{"href":"https:\/\/www.radiopiu.net\/wordpress\/wp-json\/wp\/v2\/types\/post"}],"author":[{"embeddable":true,"href":"https:\/\/www.radiopiu.net\/wordpress\/wp-json\/wp\/v2\/users\/4"}],"replies":[{"embeddable":true,"href":"https:\/\/www.radiopiu.net\/wordpress\/wp-json\/wp\/v2\/comments?post=143522"}],"version-history":[{"count":0,"href":"https:\/\/www.radiopiu.net\/wordpress\/wp-json\/wp\/v2\/posts\/143522\/revisions"}],"wp:featuredmedia":[{"embeddable":true,"href":"https:\/\/www.radiopiu.net\/wordpress\/wp-json\/wp\/v2\/media\/121391"}],"wp:attachment":[{"href":"https:\/\/www.radiopiu.net\/wordpress\/wp-json\/wp\/v2\/media?parent=143522"}],"wp:term":[{"taxonomy":"category","embeddable":true,"href":"https:\/\/www.radiopiu.net\/wordpress\/wp-json\/wp\/v2\/categories?post=143522"},{"taxonomy":"post_tag","embeddable":true,"href":"https:\/\/www.radiopiu.net\/wordpress\/wp-json\/wp\/v2\/tags?post=143522"}],"curies":[{"name":"wp","href":"https:\/\/api.w.org\/{rel}","templated":true}]}}