{"id":143583,"date":"2020-06-10T13:07:49","date_gmt":"2020-06-10T11:07:49","guid":{"rendered":"https:\/\/www.radiopiu.net\/wordpress\/?p=143583"},"modified":"2020-06-10T14:27:24","modified_gmt":"2020-06-10T12:27:24","slug":"il-presidente-mattarella-a-vo-per-linizio-dellanno-scolastico","status":"publish","type":"post","link":"https:\/\/www.radiopiu.net\/wordpress\/il-presidente-mattarella-a-vo-per-linizio-dellanno-scolastico\/","title":{"rendered":"IL PRESIDENTE MATTARELLA A VO&#8217; PER L&#8217;INIZIO DELL&#8217;ANNO SCOLASTICO"},"content":{"rendered":"<p>&nbsp;<\/p>\n<blockquote><p><img loading=\"lazy\" decoding=\"async\" class=\"alignleft\" src=\"https:\/\/www.radiopiu.net\/wordpress\/wp-content\/uploads\/2019\/02\/Presidente_Sergio_Mattarella.jpg\" width=\"139\" height=\"161\" \/>\u00a0Il presidente della Repubblica Sergio Mattarella sar\u00e0 presente a Vo Euganeo, il Comune che fu focolaio del Coronavirus in Veneto, per l&#8217;inaugurazione del prossimo anno scolastico<em>. &#8220;Non sappiamo quale sar\u00e0 la data &#8211; <\/em>HA DETTO LUCA ZAIA<em> &#8211;\u00a0 non siamo in grado di programmare l&#8217;apertura delle scuole non sapendo quando si andr\u00e0 a votare. C&#8217;\u00e8 la possibilit\u00e0 che il Presidente faccia un&#8217;apertura simbolica ma non mi sembra la cosa migliore&#8221;.\u00a0<\/em><\/p><\/blockquote>\n<p>Bella notizia per Vo&#8217; simbolo del coronavirus con il primo morto in Italia, i primi tamponi e lo studio che fa storia,\u00a0 ci sar\u00e0 un riconoscimento ufficiale. S&#8217;inaugura l&#8217;anno scolastico con il Presidente della Repubblica, riconoscimento per la storia sanitaria del Veneto.<\/p>\n<p>&nbsp;<\/p>\n<p><strong>IL MINISTRO FEDERICO D&#8217;INCA&#8217;<\/strong> Voglio ringraziare il Presidente della Repubblica, Sergio #Mattarella, per aver scelto Vo&#8217; Euganeo come paese simbolo dove inaugurare, a settembre, il prossimo anno scolastico. Vo&#8217; \u00e8 stato il primo focolaio accertato di #coronavirus in Italia e il primo comune ad essere messo in lockdown. In quei giorni ero proprio in Veneto e decisi di andare nella sede della Protezione Civile di Marghera per avere dettagli sull&#8217;evolversi della situazione. Sono stati momenti terribili. Ma Vo&#8217; e i suoi abitanti sono anche simbolo di coraggio, collaborazione, resilienza e rinascita. E grazie alla generosit\u00e0 e disponibilit\u00e0 dei vadensi, Vo&#8217; \u00e8 stato anche un importantissimo luogo di ricerca scientifica per studiare l&#8217;evoluzione dell&#8217;epidemia.\u00a0 La presenza del Capo dello Stato all&#8217;inaugurazione dell&#8217;anno scolastico sar\u00e0 certamente un ricordo indelebile per gli abitanti ma, soprattutto, per gli studenti che avranno il compito di far tesoro di questa esperienza per progettare e realizzare un mondo migliore.<\/p>\n<p>&nbsp;<\/p>\n<p><strong>LA MINISTRA LUCIA AZZOLINA<\/strong> <em>La scelta del Presidente della Repubblica di inaugurare il prossimo anno scolastico a Vo&#8217; Euganeo \u00e8 la conferma della sua grande attenzione per la scuola. Lo ringrazio. \u00c8 un segnale bellissimo.\u00a0 <\/em><em>Quella di Vo&#8217; \u00e8 stata una comunit\u00e0 scolastica particolarmente colpita, che ha saputo reagire con forza all&#8217;emergenza.<br \/>\nSar\u00e0 un onore essere presente come Ministra dell&#8217;Istruzione.<\/em><\/p>\n<p>&nbsp;<\/p>\n","protected":false},"excerpt":{"rendered":"<p>&nbsp; \u00a0Il presidente della Repubblica Sergio Mattarella sar\u00e0 presente a Vo Euganeo, il Comune che fu focolaio del Coronavirus in Veneto, per l&#8217;inaugurazione del prossimo anno scolastico. &#8220;Non sappiamo quale sar\u00e0 la data &#8211; HA DETTO LUCA ZAIA &#8211;\u00a0 non siamo in grado di programmare l&#8217;apertura delle scuole non sapendo quando si andr\u00e0 a votare.&hellip;<\/p>\n","protected":false},"author":1,"featured_media":77300,"comment_status":"closed","ping_status":"closed","sticky":false,"template":"","format":"standard","meta":{"_monsterinsights_skip_tracking":false,"_monsterinsights_sitenote_active":false,"_monsterinsights_sitenote_note":"","_monsterinsights_sitenote_category":0,"footnotes":""},"categories":[1,49],"tags":[],"class_list":["post-143583","post","type-post","status-publish","format-standard","has-post-thumbnail","hentry","category-senza-categoria","category-news-18","category-1","category-49","description-off"],"img_url":"https:\/\/www.radiopiu.net\/wordpress\/wp-content\/uploads\/2019\/02\/Presidente_Sergio_Mattarella.jpg","_links":{"self":[{"href":"https:\/\/www.radiopiu.net\/wordpress\/wp-json\/wp\/v2\/posts\/143583","targetHints":{"allow":["GET"]}}],"collection":[{"href":"https:\/\/www.radiopiu.net\/wordpress\/wp-json\/wp\/v2\/posts"}],"about":[{"href":"https:\/\/www.radiopiu.net\/wordpress\/wp-json\/wp\/v2\/types\/post"}],"author":[{"embeddable":true,"href":"https:\/\/www.radiopiu.net\/wordpress\/wp-json\/wp\/v2\/users\/1"}],"replies":[{"embeddable":true,"href":"https:\/\/www.radiopiu.net\/wordpress\/wp-json\/wp\/v2\/comments?post=143583"}],"version-history":[{"count":0,"href":"https:\/\/www.radiopiu.net\/wordpress\/wp-json\/wp\/v2\/posts\/143583\/revisions"}],"wp:featuredmedia":[{"embeddable":true,"href":"https:\/\/www.radiopiu.net\/wordpress\/wp-json\/wp\/v2\/media\/77300"}],"wp:attachment":[{"href":"https:\/\/www.radiopiu.net\/wordpress\/wp-json\/wp\/v2\/media?parent=143583"}],"wp:term":[{"taxonomy":"category","embeddable":true,"href":"https:\/\/www.radiopiu.net\/wordpress\/wp-json\/wp\/v2\/categories?post=143583"},{"taxonomy":"post_tag","embeddable":true,"href":"https:\/\/www.radiopiu.net\/wordpress\/wp-json\/wp\/v2\/tags?post=143583"}],"curies":[{"name":"wp","href":"https:\/\/api.w.org\/{rel}","templated":true}]}}