{"id":143604,"date":"2020-06-11T05:45:58","date_gmt":"2020-06-11T03:45:58","guid":{"rendered":"https:\/\/www.radiopiu.net\/wordpress\/?p=143604"},"modified":"2020-06-11T06:05:11","modified_gmt":"2020-06-11T04:05:11","slug":"meteo-ancora-instabilita-in-veneto","status":"publish","type":"post","link":"https:\/\/www.radiopiu.net\/wordpress\/meteo-ancora-instabilita-in-veneto\/","title":{"rendered":"METEO. ANCORA INSTABILIT\u00c0 IN VENETO"},"content":{"rendered":"<p><b>VENEZIA\u00a0 <\/b>Tra oggi e le prime ore di domani, saranno ancora probabili dei rovesci e temporali sparsi in Veneto, con possibilit\u00e0 di qualche fenomeno intenso come forti rovesci e grandinate su Prealpi e pianura, anche se il rischio sar\u00e0 molto basso. Visti i fenomeni meteorologici previsti il Centro funzionale della Protezione civile del Veneto avvisa di possibili disagi al sistema fognario e lungo la rete idrografica minore e del possibile innesco di fenomeni franosi superficiali.. L&#8217;ordinaria criticit\u00e0 per rischio temporali rimane valida fino alle 8 di venerd\u00ec. Successivamente il rischio di fenomeni intensi sar\u00e0 molto basso.<\/p>\n","protected":false},"excerpt":{"rendered":"<p>VENEZIA\u00a0 Tra oggi e le prime ore di domani, saranno ancora probabili dei rovesci e temporali sparsi in Veneto, con possibilit\u00e0 di qualche fenomeno intenso come forti rovesci e grandinate su Prealpi e pianura, anche se il rischio sar\u00e0 molto basso. Visti i fenomeni meteorologici previsti il Centro funzionale della Protezione civile del Veneto avvisa&hellip;<\/p>\n","protected":false},"author":1,"featured_media":142852,"comment_status":"closed","ping_status":"closed","sticky":false,"template":"","format":"standard","meta":{"_monsterinsights_skip_tracking":false,"_monsterinsights_sitenote_active":false,"_monsterinsights_sitenote_note":"","_monsterinsights_sitenote_category":0,"footnotes":""},"categories":[49],"tags":[],"class_list":["post-143604","post","type-post","status-publish","format-standard","has-post-thumbnail","hentry","category-news-18","category-49","description-off"],"img_url":"https:\/\/www.radiopiu.net\/wordpress\/wp-content\/uploads\/2020\/06\/FULMINE-METEO-MALTEMPO.jpg","_links":{"self":[{"href":"https:\/\/www.radiopiu.net\/wordpress\/wp-json\/wp\/v2\/posts\/143604","targetHints":{"allow":["GET"]}}],"collection":[{"href":"https:\/\/www.radiopiu.net\/wordpress\/wp-json\/wp\/v2\/posts"}],"about":[{"href":"https:\/\/www.radiopiu.net\/wordpress\/wp-json\/wp\/v2\/types\/post"}],"author":[{"embeddable":true,"href":"https:\/\/www.radiopiu.net\/wordpress\/wp-json\/wp\/v2\/users\/1"}],"replies":[{"embeddable":true,"href":"https:\/\/www.radiopiu.net\/wordpress\/wp-json\/wp\/v2\/comments?post=143604"}],"version-history":[{"count":0,"href":"https:\/\/www.radiopiu.net\/wordpress\/wp-json\/wp\/v2\/posts\/143604\/revisions"}],"wp:featuredmedia":[{"embeddable":true,"href":"https:\/\/www.radiopiu.net\/wordpress\/wp-json\/wp\/v2\/media\/142852"}],"wp:attachment":[{"href":"https:\/\/www.radiopiu.net\/wordpress\/wp-json\/wp\/v2\/media?parent=143604"}],"wp:term":[{"taxonomy":"category","embeddable":true,"href":"https:\/\/www.radiopiu.net\/wordpress\/wp-json\/wp\/v2\/categories?post=143604"},{"taxonomy":"post_tag","embeddable":true,"href":"https:\/\/www.radiopiu.net\/wordpress\/wp-json\/wp\/v2\/tags?post=143604"}],"curies":[{"name":"wp","href":"https:\/\/api.w.org\/{rel}","templated":true}]}}