{"id":143710,"date":"2020-06-12T05:51:53","date_gmt":"2020-06-12T03:51:53","guid":{"rendered":"https:\/\/www.radiopiu.net\/wordpress\/?p=143710"},"modified":"2020-06-12T12:41:40","modified_gmt":"2020-06-12T10:41:40","slug":"giornale-radiopiu-12-giugno-2020-direttore-mirko-mezzacasa","status":"publish","type":"post","link":"https:\/\/www.radiopiu.net\/wordpress\/giornale-radiopiu-12-giugno-2020-direttore-mirko-mezzacasa\/","title":{"rendered":"GIORNALE RADIOPIU 12 GIUGNO 2020 DIRETTORE MIRKO MEZZACASA"},"content":{"rendered":"<h3><strong>PER RICEVERE QUESTO NOTIZIARIO DIRETTAMENTE SUL TUO CELLULARE ISCRIVITI AL CANALE TELEGRAM\u00a0<\/strong><strong>\u201cRADIO PIU\u00a0 INFORMAZIONE\u201d\u00a0<\/strong><\/h3>\n<hr \/>\n<h3 class=\"title style-scope ytd-video-primary-info-renderer\" style=\"text-align: center;\"><em>Campagna di comunicazione per la app Immuni<\/em><\/h3>\n<p><iframe loading=\"lazy\" title=\"Campagna di comunicazione per la app Immuni\" width=\"1200\" height=\"675\" src=\"https:\/\/www.youtube.com\/embed\/7atmX7l-7ms?feature=oembed\" frameborder=\"0\" allow=\"accelerometer; autoplay; clipboard-write; encrypted-media; gyroscope; picture-in-picture\" allowfullscreen><\/iframe><\/p>\n<h1><span style=\"color: #ff0000;\">IERI SERA CONFERENZA STAMPA DEL CONSIGLIO\u00a0 DEI MINISTRI<\/span><\/h1>\n<p><iframe loading=\"lazy\" title=\"Conferenza stampa del Consiglio dei Ministri n. 51\" width=\"1200\" height=\"675\" src=\"https:\/\/www.youtube.com\/embed\/Ifptm_cmSJI?feature=oembed\" frameborder=\"0\" allow=\"accelerometer; autoplay; clipboard-write; encrypted-media; gyroscope; picture-in-picture\" allowfullscreen><\/iframe><\/p>\n<h3>NUOVE MISURE A SOSTEGNO DELLA FAMIGLIA, il paese si dota di una riforma per le politiche famigliari. Previsti investimenti in umanit\u00e0 con l&#8217;assegno universale unico per tutti i figli (mensile), sostegno alle spese educative, riforma congedi parentali, incentivo al lavoro femminile, aiuti alle giovani coppie &#8220;Scelta di speranza e coraggio&#8221;. Si chiama family act, percorso Parlamentare prima firma Del Rio, primo passo concreto che vedr\u00e0 la collaborazione con il Parlamento. Previsti incentivi per rafforzare il ruolo delle donne nel contesto lavorativo.\u00a0 Da lunedi sar\u00e0 operativa in tutto il territorio nazionale l&#8217;app immuni che tutela la privacy, non invade gli spazi privati ma permette di ricevere informazioni in caso di contatti sospetti. Dal 12 giugno riprendono gli eventi e le competizioni sportive a porte chiuse senza la presenza di pubblico. Riprendono le attivit\u00e0 di sale gioco e sale bingo previa compatibilit\u00e0 accertata dalle Regioni. Dal 25 giugno possono riprendere gli sport di contatto amatoriale se le Regioni e i Ministro dello Sport e Salute lo consentiranno sulla base dell&#8217;andamento epidemiologico. Via ai centri estivi anche per i bambini 0-3 anni e agli spettacoli in sale teatrali e cinematrografiche con cautele e precauzioni. SOSPESE le manifestazioni in sale da ballo all&#8217;aperto a al chiuso. I corsi professionali potranno essere svolti in presenza. I centri termali, culturali e sociali sono consentiti previa compatibilit\u00e0 accertata dalle Regioni in base alla curva epidemiologica. SPOSTAMENTI da e per l&#8217;estero aumentato a 120 ore (5 giorni) il periodo massimo di permanenza senza obbligo di quartantena per ragioni di lavoro.<\/h3>\n<hr \/>\n<p>&nbsp;<\/p>\n<blockquote>\n<h2>PROVINCIALE VAL FIORENTINA, IL 13 GIUGNO NON RIAPRE, SEMAFORI TRA CANDATEN E PERON SULLA 203<\/h2>\n<\/blockquote>\n<h2><span style=\"color: #ff0000;\"><img loading=\"lazy\" decoding=\"async\" class=\"alignleft\" src=\"https:\/\/www.radiopiu.net\/wordpress\/wp-content\/uploads\/2019\/11\/1895-2019-movimento-franoso-in-Val-Fiorentina_3.jpg\" width=\"120\" height=\"90\" \/>PROVINCIALE 20<\/span> CAPRILE-SELVA DI CADORE. PROROGA ORDINANZA DI CHIUSURA DAL 13 GIUGNO AL 4 LUGLIO: STRADA TOTALMENTE CHIUSA IN LOCALITA&#8217; SOLATOR ANCHE SABATO E DOMENICA. TRANSITO CONSENTITO AI LOCALI CON TEMPI DI ATTESA FINO A 30 MINUTI<\/h2>\n<h2><span style=\"color: #ff0000;\">203 AGORDINA,<\/span> DAL 15 GIUGNO AL 30 LUGLIO ESCLUSI FESTIVI E PREFESTIVI SENSO UNICO ALTERNATO TRA CANDATEN E PERON. DALLE 730 ALLE 9 E DALLE 1630 ALLE 18 CON MOVIERI, NEGLI ALTRI ORARI SEMAFORO<\/h2>\n<p>&nbsp;<\/p>\n<hr \/>\n<blockquote>\n<h3><a class=\"dt-pswp-item\" href=\"https:\/\/www.radiopiu.net\/wordpress\/wp-content\/uploads\/2020\/06\/11951353_801676479959890_7694690079038014571_n.jpg\" data-dt-img-description=\"\" data-large_image_width=\"640\" data-large_image_height=\"480\"><img loading=\"lazy\" decoding=\"async\" class=\" wp-image-143874 alignleft\" src=\"https:\/\/www.radiopiu.net\/wordpress\/wp-content\/uploads\/2020\/06\/11951353_801676479959890_7694690079038014571_n-300x225.jpg\" alt=\"\" width=\"221\" height=\"166\" srcset=\"https:\/\/www.radiopiu.net\/wordpress\/wp-content\/uploads\/2020\/06\/11951353_801676479959890_7694690079038014571_n-300x225.jpg 300w, https:\/\/www.radiopiu.net\/wordpress\/wp-content\/uploads\/2020\/06\/11951353_801676479959890_7694690079038014571_n.jpg 640w\" sizes=\"auto, (max-width: 221px) 100vw, 221px\" \/><\/a>L&#8217;ADDIO AL POMPIERE VOLONTARIO PIONIERE DEL TURISMO IN VALLE DI GARES<\/h3>\n<p><em>&#8220;Sopra le nuvole c&#8217;\u00e8 sempre il sereno&#8230;ciao Zio&#8221;<\/em><\/p><\/blockquote>\n<p><strong>CANALE D&#8217;AGORDO<\/strong> Lutto in Valle di Gares ed a Canale d&#8217;Agordo, \u00e8 morto a 89 anni Enzo Deola, il pioniere del turismo nella sua Capanna Cima Comelle inaugurata a met\u00e0 degli anni Sessanta. Ma sar\u00e0 ricordato anche come artigiano, fabbro, esperto alpinista e pompiere volontario anche nei drammatici giorni del Vajont. Un messaggio di cordoglio dalla redazione alla moglie Luisa (in foto con Enzo), ai figli Ilio, Patrizio e Barbara. Sabato alle 14.30 i funerali a Canale d&#8217;Agordo<\/p>\n<p>&nbsp;<\/p>\n<p>&nbsp;<\/p>\n<p>&nbsp;<\/p>\n<hr \/>\n<blockquote>\n<h3>FANULLONI A NOI? LA REALTA&#8217; DEI FATTI SCONFESSA LE TEORIE BRUNETTIANE<\/h3>\n<p><em><img loading=\"lazy\" decoding=\"async\" class=\"alignleft\" src=\"https:\/\/www.radiopiu.net\/wordpress\/wp-content\/uploads\/2018\/02\/ANDREA-FIOCCO-300x300.jpg\" width=\"111\" height=\"111\" \/>Quattro risposte di Andrea Fiocco della Cgil FP in merito all&#8217;epidemia coronavirus. Ecco cosa hanno insegnato questi ultimi tre mesi di grande impegno di coloro che si sono spesi negli ospedali e strutture extraospedaliere, che il Brunetta e simili abbiamo il coraggio di chiedere scusa per le irriverenti dichiarazioni del passato. Onore ai lavoratori del Veneto, quelli del pubblico con un ammonimento a chi spinge per la privatizzazione, la Lombardia insegna<\/em><\/p><\/blockquote>\n<p><strong>AI MICROFONI DI RADIO PIU ANDREA FIOCCO<\/strong><\/p>\n<audio class=\"wp-audio-shortcode\" id=\"audio-143710-1\" preload=\"none\" style=\"width: 100%;\" controls=\"controls\"><source type=\"audio\/mpeg\" src=\"https:\/\/www.radiopiu.net\/wordpress\/wp-content\/uploads\/2020\/06\/fiocco.mp3?_=1\" \/><a href=\"https:\/\/www.radiopiu.net\/wordpress\/wp-content\/uploads\/2020\/06\/fiocco.mp3\">https:\/\/www.radiopiu.net\/wordpress\/wp-content\/uploads\/2020\/06\/fiocco.mp3<\/a><\/audio>\n<p>&nbsp;<\/p>\n<p>&nbsp;<\/p>\n<p>&nbsp;<\/p>\n<hr \/>\n<blockquote>\n<h3 class=\"entry-title\">SINDACI A CONFRONTO CON I TECNICI GSP PER IL COLLEGAMENTO IDRICO E DEPURAZIONE VAL PETTORINA-CAPRILE-ALLEGHE<\/h3>\n<\/blockquote>\n<p><strong class=\"photoswipe-wrapper\"><img loading=\"lazy\" decoding=\"async\" class=\" wp-image-143760 alignleft jetpack-lazy-image jetpack-lazy-image--handled\" src=\"https:\/\/i2.wp.com\/www.radiopiu.net\/wordpress\/wp-content\/uploads\/2020\/06\/f49c9dff-3a49-47ba-811c-63af049a1302.jpg?resize=300%2C225&amp;ssl=1\" sizes=\"auto, (max-width: 300px) 100vw, 300px\" srcset=\"https:\/\/i2.wp.com\/www.radiopiu.net\/wordpress\/wp-content\/uploads\/2020\/06\/f49c9dff-3a49-47ba-811c-63af049a1302.jpg?resize=300%2C225&amp;ssl=1 300w, https:\/\/i2.wp.com\/www.radiopiu.net\/wordpress\/wp-content\/uploads\/2020\/06\/f49c9dff-3a49-47ba-811c-63af049a1302.jpg?resize=1024%2C768&amp;ssl=1 1024w, https:\/\/i2.wp.com\/www.radiopiu.net\/wordpress\/wp-content\/uploads\/2020\/06\/f49c9dff-3a49-47ba-811c-63af049a1302.jpg?resize=768%2C576&amp;ssl=1 768w, https:\/\/i2.wp.com\/www.radiopiu.net\/wordpress\/wp-content\/uploads\/2020\/06\/f49c9dff-3a49-47ba-811c-63af049a1302.jpg?resize=1536%2C1153&amp;ssl=1 1536w, https:\/\/i2.wp.com\/www.radiopiu.net\/wordpress\/wp-content\/uploads\/2020\/06\/f49c9dff-3a49-47ba-811c-63af049a1302.jpg?w=1599&amp;ssl=1 1599w\" alt=\"\" width=\"241\" height=\"181\" data-recalc-dims=\"1\" data-lazy-loaded=\"1\" \/>ROCCA PIETORE <\/strong>Importante riunione ieri fra i Sindaci di Rocca Pietore Andrea De Bernadin,\u00a0 Alleghe Danilo De Toni e\u00a0 Gsp, Consiglio di Bacino, Veneto Acque per discutere l\u2019ipotesi di collegamento e depurazione della Val Pettorina e di Caprile e Alleghe. La proposta sar\u00e0 poi presentata al Commissario per l\u2019emergenza\u00a0 Luca Zaia per valutare le opportunit\u00e0 di\u00a0 finanziamento. L\u2019ipotesi \u00e8 di collegare l\u2019intera vallata scendendo da Malga Ciapela ed eliminare le sette vasche imhoff attualmente funzionanti<\/p>\n<p><strong>IL SINDACO DI ROCCA PIETORE ANDREA DE BERNARDIN<\/strong><\/p>\n<audio class=\"wp-audio-shortcode\" id=\"audio-143710-2\" preload=\"none\" style=\"width: 100%;\" controls=\"controls\"><source type=\"audio\/mpeg\" src=\"https:\/\/www.radiopiu.net\/wordpress\/wp-content\/uploads\/2020\/06\/DE-BERNARDIN-INCONTRO-GSP.mp3?_=2\" \/><a href=\"https:\/\/www.radiopiu.net\/wordpress\/wp-content\/uploads\/2020\/06\/DE-BERNARDIN-INCONTRO-GSP.mp3\">https:\/\/www.radiopiu.net\/wordpress\/wp-content\/uploads\/2020\/06\/DE-BERNARDIN-INCONTRO-GSP.mp3<\/a><\/audio>\n<p>&nbsp;<\/p>\n<p>&nbsp;<\/p>\n<hr \/>\n<p>&nbsp;<\/p>\n<blockquote>\n<h2>I CLIENTI GSP PROSEGUONO NELLA LORO &#8220;BATTAGLIA&#8221; CONTRO LA CARENZA E ASSENZA D&#8217;ACQUA<\/h2>\n<\/blockquote>\n<p><strong><a class=\"dt-pswp-item\" href=\"https:\/\/www.radiopiu.net\/wordpress\/wp-content\/uploads\/2020\/06\/3f3ce02c-4890-46f6-8a77-2807addc86c4.jpg\" data-dt-img-description=\"\" data-large_image_width=\"1024\" data-large_image_height=\"2048\"><img loading=\"lazy\" decoding=\"async\" class=\" wp-image-143795 alignleft\" src=\"https:\/\/www.radiopiu.net\/wordpress\/wp-content\/uploads\/2020\/06\/3f3ce02c-4890-46f6-8a77-2807addc86c4-150x300.jpg\" alt=\"\" width=\"157\" height=\"314\" srcset=\"https:\/\/www.radiopiu.net\/wordpress\/wp-content\/uploads\/2020\/06\/3f3ce02c-4890-46f6-8a77-2807addc86c4-150x300.jpg 150w, https:\/\/www.radiopiu.net\/wordpress\/wp-content\/uploads\/2020\/06\/3f3ce02c-4890-46f6-8a77-2807addc86c4-512x1024.jpg 512w, https:\/\/www.radiopiu.net\/wordpress\/wp-content\/uploads\/2020\/06\/3f3ce02c-4890-46f6-8a77-2807addc86c4-768x1536.jpg 768w, https:\/\/www.radiopiu.net\/wordpress\/wp-content\/uploads\/2020\/06\/3f3ce02c-4890-46f6-8a77-2807addc86c4.jpg 1024w\" sizes=\"auto, (max-width: 157px) 100vw, 157px\" \/><\/a>AGORDO<\/strong> A Faion frazione di Agordo, leggermente in quota ai piedi del Col di Foglia tanto nei giorni di pioggia che in quelli di sole il problema della mancanza d&#8217;acqua esiste e diventa sempre pi\u00f9 preoccupante e fastidioso per i clienti di GSP. Gli abitanti di una palazzina il problema l&#8217;hanno risolto con la famosa autoclave a proprie spese, in una seconda che qualche settimana fa i proprietari avevano evidenziato l&#8217;annoso problema coinvolgendo anche il sindaco Roberto Chissal\u00e8 che ha organizzato un apposito incontro in Municipio, sono quindi state invitati a fare altrettanto ovvero auto tassarsi per dotarsi di apparecchiatura idonea a portare l&#8217;acqua corrente dal pian terreno alla mansarda,\u00a0 perch\u00e9 il disagio esiste tanto ai piani bassi che a quelli pi\u00f9 alti. I proprietari della palazzina constatata la persistenza della mancanza d&#8217;acqua prima di chiamare il tecnico e mettere mano al conto corrente bancario hanno girato casa per casa ed ecco la sorpresa: il problema non \u00e8 limitato ad un&#8217;unica palazzina che sarebbe gi\u00e0 la seconda della serie, ma a due vie della zona. Ne \u00e8 uscito un fascicolo vergato di firme che mette nero su bianco che a Faion l&#8217;acqua quando arriva \u00e8 un lusso, ma spesso non succede. Una raccolta di firme che forse convincer\u00e0 GSP a prendere una posizione, magari intervenire con delle soluzioni concrete che non siano a questo punto decine di autoclavi. La raccolta firme, oltre che agli uffici di Belluno \u00e8 stata inviata anche a Palazzo Marconi con poche righe chiarificatrici <em>&#8220;Raccolta firme per la carenza o totale assenza di acqua erogata dall&#8217;acquedotto in gestione a Gsp nella localit\u00e0 Faion&#8221;<\/em>. Venticinque le persone che lamentano i disagi, ma ci\u00f2 che colpisce \u00e8 che non sono gli abitanti della stessa palazzina al civico 11\/A, e 11\/B, piuttosto famiglie che insistono in vie diverse: la nota via Faion civico 11\/A E 11\/B e la via Col di Foglia ai civici 59, 61, 63, 63\/A, 67. In totale 7 nuclei famigliari che si rivolgono a Gsp e Comune di Agordo che se seguiranno i consigli dell&#8217;ente gestore faranno sorridere produttori e venditori di autoclavi. Riproponiamo di seguito una serie di articoli pubblicati negli ultimi due anni. A luglio 2018 l&#8217;ex sindaco Sisto Da Roit dichiarava <em>&#8220;I proprietari lamentano il disagio gi\u00e0 dall&#8217;inizio dell&#8217;anno (2018 ndr.). Abbiamo concordato con GSP che far\u00e0 uno studio sull&#8217;intera area per poi fare delle proposte di interventi strutturali sull&#8217;intera rete. E&#8217; chiaro che quando avremo questo studio sar\u00e0 compito dell&#8217;amministrazione chiedere all&#8217;Ato Dolomiti di inserirlo nel piano investimenti. Nel frattempo che i proprietari delle abitazioni facciano un monitoraggio&#8221; <\/em>Un mese prima a giugno 2018 lo stesso sindaco dichiarava &#8221; <em>Alcuni lavori fatti alla vasca di Colvignas hanno comportato un calo della pressione nelle tubazioni generando un problema di erogazione dell\u2019acqua nelle case pi\u00f9 in alto di Faion. il problema, con oggi, dovrebbe essere risolto. Se ci fossero ancora difficolt\u00e0 di erogazione GSP far\u00e0 ulteriori interventi per superarle. Invito i cittadini a monitorare la situazione ed eventualmente ad informare anche l\u2019amministrazione se vi fossero altri problemi&#8221;.\u00a0<\/em><\/p>\n<p>&nbsp;<\/p>\n<blockquote>\n<h2>DUE ANNI DI PROBLEMI, DALL&#8217;ESTATE 2018 TRA PROMESSE DELL&#8217;EX SINDACO, GIUSTIFICAZIONI ED INVANE ATTESE. LA RACCOLTA DEI SERVIZI PUBBLICATI DAL SITO INTERNET DI RADIO PIU. apri la notizie a segui la sequenza di eventi<\/h2>\n<\/blockquote>\n<blockquote class=\"wp-embedded-content\" data-secret=\"YFKYFUoT43\"><p><a href=\"https:\/\/www.radiopiu.net\/wordpress\/i-clienti-gsp-proseguono-nella-loro-battaglia-contro-la-carenza-e-assenza-dacqua\/\">I CLIENTI GSP PROSEGUONO NELLA LORO &#8220;BATTAGLIA&#8221; CONTRO LA CARENZA E ASSENZA D&#8217;ACQUA<\/a><\/p><\/blockquote>\n<p><iframe loading=\"lazy\" class=\"wp-embedded-content\" sandbox=\"allow-scripts\" security=\"restricted\" style=\"position: absolute; clip: rect(1px, 1px, 1px, 1px);\" title=\"&#8220;I CLIENTI GSP PROSEGUONO NELLA LORO &#8220;BATTAGLIA&#8221; CONTRO LA CARENZA E ASSENZA D&#8217;ACQUA&#8221; &#8212; Radio Pi\u00f9\" src=\"https:\/\/www.radiopiu.net\/wordpress\/i-clienti-gsp-proseguono-nella-loro-battaglia-contro-la-carenza-e-assenza-dacqua\/embed\/#?secret=YFKYFUoT43\" data-secret=\"YFKYFUoT43\" width=\"600\" height=\"338\" frameborder=\"0\" marginwidth=\"0\" marginheight=\"0\" scrolling=\"no\"><\/iframe><\/p>\n<p>&nbsp;<\/p>\n<p>&nbsp;<\/p>\n<hr \/>\n<p>&nbsp;<\/p>\n<blockquote>\n<h3>PREVALE LA LINEA DELLA CAUTELA, RIMANGONO AL PALO GLI SPORT DI CONTATTO E LE DISCOTECHE NON RIAPRIRANNO ALMENO FINO AL 25 LUGLIO. OSPEDALI DEL VENETO COVID FREE NELLE TERAPIE INTENSIVE MA I MEDICI RIMANGONO IN ORGANICO LE ASSUNZIONI SONO CONFERMATE. DA FINE AGOSTO VIA AI VACCINI ANTI INFLUENZALI. LA FONDAZIONE GIMBE ACCUSA LE REGIONI DI AVER DIMINUITO IL NUMERO DEI TAMPONI PER ZAIA &#8220;CALUNNIA DA DENUNCIA PENALE&#8221;. CODE AL CUP LA ULSS DOLOMITI SI SCUSA<\/h3>\n<\/blockquote>\n<p><strong>di Mirko Mezzacasa<\/strong><\/p>\n<p>Il Governo ha deciso di sostenere la genitorialit\u00e0 per la crescita armoniosa dei bambini, alle nuove mamme verr\u00e0 corrisposto anche l&#8217;assegno universale dal settimo mese di gravidanza e fino al compimento del 18esimo anno di et\u00e0 di ciascun figlio, non un assegno o cash per la verit\u00e0 ma la somma di denaro verr\u00e0 erogata con credito d&#8217;imposta da utilizzare in compensazione. Confermato il congedo parentale, gli incentivi al lavoro femminile e il sostegno alle famiglie con detrazioni fiscali sull&#8217;acquisto di libri universitari. Le buone notizie trovano riscontro anche nei dati di ieri di Azienda Zero, le terapia intensive non hanno pi\u00f9 pazienti positivi al Covid, ma i 1087 medici ingaggiati a &#8220;gettone&#8221; per l&#8217;emergenza rimarranno al loro posto <em>\u00abCos\u00ec incrementiamo in maniera stabile l&#8217;organico dei dipendenti della Regione\u00bb <\/em>hanno detto ieri il presidente Zaia e l&#8217;assessore Lanzarin. Ieri 5 casi di positivit\u00e0 sugli oltre 8000 tamponi effettuati, il numero delle persone malate scende a 908, oltre 16mila i guariti. Ieri in conferenza stampa a Marghera \u00e8 intervenuto il neo Cavaliere d&#8217;Italia Carlo Santucci <em>\u00a0\u00abL&#8217;esperienza sul campo \u00e8 la migliore scuola che ci sia. Si \u00e8 pensato che fossimo lasciati da soli, ma in realt\u00e0 questo non \u00e8 mai successo\u00a0 con noi ci sono i tutor e veniamo inseriti gradualmente. Emotivamente non mi sento di dire che il nostro ingresso \u00e8 stato un lato positivo del Covid&#8221;, <\/em>ha detto il medico non ancora specializzato\u00a0 &#8220;eroe&#8221; che salv\u00f2 la vita ad una 39enne in treno grazie ad un massaggio cardiaco di oltre 40 minuti. La Regione del Veneto ha gi\u00e0 previsto una campagna vaccinale imponente, ha infatti appaltato la fornitura dei vaccini anti influenzali che saranno disponibili da fine agosto: 1 milione 306 mila dosi per un costo di oltre 8 milioni di euro. Lo scorso anno ne sono stati utilizzati 790mila su una disponibilit\u00e0 di 864 mila. <em>&#8220;Siamo la prima Regione in Italia a chiudere la partita&#8221;<\/em> ha detto Zaia ricordando che sar\u00e0 a disposizione degli over 60 e categorie a rischio, da chi opera nella sanit\u00e0 e soprattutto nelle case di riposo. Chiunque potr\u00e0 vaccinarsi ma non sar\u00e0 obbligatorio, piuttosto su base volontaria. Ed \u00e8 scontro con la fondazione Gimbe che accusa le Regioni Lombardia, Emilia e Veneto di aver ridotto il numero di tamponi, in media 2000 in meno nell&#8217;ultima settimana. Per il presidente della Regione una calunnia da denuncia penale poich\u00e9 il Veneto dal 25 aprile ha visto aumentare i tamponi del 103% con oltre 10 mila diagnosi giornaliere. Ieri conferenza stampa del direttore generale Adriano Rasi Caldogno con le scuse per i disagi (non sono mancate le proteste) agli sportelli del Cup, la Ulss Dolomiti chiede aiuto al privato appaltando il servizio\u00a0 ad una societ\u00e0 esterna dopo giorni di grande difficolt\u00e0. Nell&#8217;ultimo mese l&#8217;Azienda ha contato 182 mila prestazioni sanitarie nel ritorno verso la normalit\u00e0.\u00a0 <strong>I NUMERI\u00a0 IN VENETO:<\/strong> TOTALE POSITIVI 19199\u00a0 (+5)\u00a0 ATTUALMENTE POSITIVI 908\u00a0 (-47)\u00a0 DECESSI 1966\u00a0 \u00a0(+2)\u00a0 NEGATIVIZZATI 16325\u00a0 (+50) IN ISOLAMENTO 873\u00a0 \u00a0(-5)\u00a0 RICOVERATI 297\u00a0 (-3\u00a0 \u00a052 POSITIVI,\u00a0 \u00a0245 NEGATIVIZZATI), NEGLI OSPEDALI DI COMUNITA\u2019 38\u00a0 (-1\u00a0 \u00a06 POSITIVI,\u00a0 32 NEGATIVIZZATI), IN TERAPIA INTENSIVA 14 (0,\u00a0 0 POSITIVI,\u00a0 14 NEGATIVIZZATI). DIMESSI 3471\u00a0 \u00a0(+5), DECESSI IN OSPEDALE 1408\u00a0 (+1). )<strong>I NUMERI IN PROVINCIA:<\/strong>\u00a0TOTALE CONTAGI 1179 (0) , ATTUALMENTE POSITIVI 73\u00a0 (-1) , DECEDUTI 111 (0), NEGATIVIZZATI\u00a0 995 (+1) ISOLAMENTO DOMICILIARE 76 (+1) RICOVERATI IN OSPEDALE AL SAN MARTINO 0<\/p>\n<p>&nbsp;<\/p>\n<hr \/>\n<blockquote class=\"wp-embedded-content\" data-secret=\"pwqSBqo6WT\"><p><a href=\"https:\/\/www.radiopiu.net\/wordpress\/coronavirus-aggiornamento-nazionale-11-giugno\/\">CORONAVIRUS: AGGIORNAMENTO NAZIONALE 11 GIUGNO<\/a><\/p><\/blockquote>\n<p><iframe loading=\"lazy\" class=\"wp-embedded-content\" sandbox=\"allow-scripts\" security=\"restricted\" style=\"position: absolute; clip: rect(1px, 1px, 1px, 1px);\" title=\"&#8220;CORONAVIRUS: AGGIORNAMENTO NAZIONALE 11 GIUGNO&#8221; &#8212; Radio Pi\u00f9\" src=\"https:\/\/www.radiopiu.net\/wordpress\/coronavirus-aggiornamento-nazionale-11-giugno\/embed\/#?secret=pwqSBqo6WT\" data-secret=\"pwqSBqo6WT\" width=\"600\" height=\"338\" frameborder=\"0\" marginwidth=\"0\" marginheight=\"0\" scrolling=\"no\"><\/iframe><\/p>\n<p>&nbsp;<\/p>\n<hr \/>\n<p>&nbsp;<\/p>\n<p>&nbsp;<\/p>\n<p>&nbsp;<\/p>\n<blockquote class=\"wp-embedded-content\" data-secret=\"S7hhXRwYHA\"><p><a href=\"https:\/\/www.radiopiu.net\/wordpress\/dati-e-grafici-del-giorno-provincia-regione-11-giugno-2020\/\">DATI E GRAFICI DEL GIORNO, PROVINCIA \u2013 REGIONE 11 GIUGNO 2020<\/a><\/p><\/blockquote>\n<p><iframe loading=\"lazy\" class=\"wp-embedded-content\" sandbox=\"allow-scripts\" security=\"restricted\" style=\"position: absolute; clip: rect(1px, 1px, 1px, 1px);\" title=\"&#8220;DATI E GRAFICI DEL GIORNO, PROVINCIA \u2013 REGIONE 11 GIUGNO 2020&#8221; &#8212; Radio Pi\u00f9\" src=\"https:\/\/www.radiopiu.net\/wordpress\/dati-e-grafici-del-giorno-provincia-regione-11-giugno-2020\/embed\/#?secret=S7hhXRwYHA\" data-secret=\"S7hhXRwYHA\" width=\"600\" height=\"338\" frameborder=\"0\" marginwidth=\"0\" marginheight=\"0\" scrolling=\"no\"><\/iframe><\/p>\n<p>&nbsp;<\/p>\n<p>&nbsp;<\/p>\n<hr \/>\n<h2><\/h2>\n<h2><\/h2>\n<blockquote class=\"wp-embedded-content\" data-secret=\"TdShrTg0hL\"><p><a href=\"https:\/\/www.radiopiu.net\/wordpress\/bollettino-delle-17-al-san-martino-di-belluno-non-ci-sono-piu-pazienti-ricoverati-in-regione-4-positivi-in-piu-2-belluno-torna-la-badante-dalla-moldavia-e-salgono-le-persone-in-isolamento-20\/\">BOLLETTINO DELLE 17: 5 positivi nelle ultime 24 ore, 2 decessi 1 in ospedale, 50 guariti e 5 persone in meno in isolamento. Belluno 0 contagi, 1 guarito  e una persona in meno in isolamento<\/a><\/p><\/blockquote>\n<p><iframe loading=\"lazy\" class=\"wp-embedded-content\" sandbox=\"allow-scripts\" security=\"restricted\" style=\"position: absolute; clip: rect(1px, 1px, 1px, 1px);\" title=\"&#8220;BOLLETTINO DELLE 17: 5 positivi nelle ultime 24 ore, 2 decessi 1 in ospedale, 50 guariti e 5 persone in meno in isolamento. Belluno 0 contagi, 1 guarito  e una persona in meno in isolamento&#8221; &#8212; Radio Pi\u00f9\" src=\"https:\/\/www.radiopiu.net\/wordpress\/bollettino-delle-17-al-san-martino-di-belluno-non-ci-sono-piu-pazienti-ricoverati-in-regione-4-positivi-in-piu-2-belluno-torna-la-badante-dalla-moldavia-e-salgono-le-persone-in-isolamento-20\/embed\/#?secret=TdShrTg0hL\" data-secret=\"TdShrTg0hL\" width=\"600\" height=\"338\" frameborder=\"0\" marginwidth=\"0\" marginheight=\"0\" scrolling=\"no\"><\/iframe><\/p>\n<h2><\/h2>\n<h2><\/h2>\n<h2><\/h2>\n<hr \/>\n<h2><\/h2>\n<h2><span style=\"color: #ff0000;\">FASE 3 APERTURE E RINVII<\/span><\/h2>\n<h3><strong>RIAPERTURE DA LUNEDI, RINVIATA DI UN MESE L&#8217;APERTURA DELLE DISCOTECHE<\/strong> La bozza del DPCM sulla fase 3 che il governo ha intenzione di varare d\u00e0 l\u2019ok alla riapertura delle aree giochi per i bambini e dei centri estivi, cos\u00ec come dei cinema che ripartono dal 15 giugno e d\u00e0 il via per le partite di calcetto, basket, pallavolo, pallanuoto, beachvolley sulle spiagge. <em>\u201cLe disposizioni del presente decreto si applicano dalla data del 15 giugno 2020 in sostituzione di quelle del decreto del Presidente del Consiglio dei ministri 17 maggio 2020 e sono efficaci fino al 14 luglio 2020\u2033<\/em>, si legge nella bozza.<strong> Rinviata invece di un mese l&#8217;apertura delle discoteche: \u00e8 prevista per il 15 luglio.<\/strong><\/h3>\n<p><em> &#8220;Il momento e&#8217; stato difficile e complicato. Abbiamo cercato di agire con grande senso di responsabilita&#8217;. E&#8217; pero&#8217; inaccettabile che, nonostante l&#8217;anticipazione fatta dal Governo sull&#8217;ipotesi di riaprire i cinema, ci si debba trovare, ancora una volta, di fronte a regole stringenti e poco chiare, ancora una volta dettate dal Comitato tecnico scientifico e caratterizzate dalla incapacit\u00e0 di saper contemperare interesse pubblico e salute dei cittadini da un lato, tutela delle attivita&#8217; produttive dall&#8217;altro&#8221;.<\/em> Cosi&#8217; in una nota il deputato di Forza Italia, Dario Bond.<\/p>\n<p><strong>AUDIO<\/strong><\/p>\n<audio class=\"wp-audio-shortcode\" id=\"audio-143710-3\" preload=\"none\" style=\"width: 100%;\" controls=\"controls\"><source type=\"audio\/mpeg\" src=\"https:\/\/www.radiopiu.net\/wordpress\/wp-content\/uploads\/2020\/06\/bond.mp3?_=3\" \/><a href=\"https:\/\/www.radiopiu.net\/wordpress\/wp-content\/uploads\/2020\/06\/bond.mp3\">https:\/\/www.radiopiu.net\/wordpress\/wp-content\/uploads\/2020\/06\/bond.mp3<\/a><\/audio>\n<p>&nbsp;<\/p>\n<p>&nbsp;<\/p>\n<hr \/>\n<h2><\/h2>\n<p class=\"western\"><b>CORONAVIRUS. REGIONE VENETO CONTESTA DATI GIMBE SU TAMPONI. TRA IL 25 APRILE E IL 6 GIUGNO AUMENTATI DEL 103% RISPETTO AL PERIODO PRECEDENTE<\/b><\/p>\n<p class=\"western\"><strong>VENEZIA<\/strong>\u00a0 <span style=\"font-size: medium;\">L\u2019incremento medio giornaliero dei tamponi per la diagnosi del coronavirus in Veneto, nel periodo 25\/04-06\/06 rispetto al periodo precedente (21\/2-24\/4) \u00e8 stato del 103%. <\/span><span style=\"font-size: medium;\">Lo rende noto la Regione Veneto, in relazione alle valutazioni diffuse oggi dalla Fondazione Gimbe su un presunto calo dei tamponi che si sarebbe verificato in Veneto e che non corrisponde alla realt\u00e0 <\/span><span style=\"font-size: medium;\">Nel periodo dal 25\/04 al 06\/06 sono stati eseguiti mediamente ogni giorno 10.172 tamponi, nel periodo precedente (21\/02 &#8211; 24\/04) erano stati eseguiti mediamente ogni giorno 5013 tamponi. <\/span><span style=\"font-size: medium;\">I tamponi processati e accompagnati dall\u2019esito sono stati, ad oggi, 780.786.<\/span><\/p>\n<a href=\"https:\/\/www.radiopiu.net\/wordpress\/wp-content\/uploads\/2020\/06\/chart-2.pdf\" class=\"pdfemb-viewer\" style=\"\" data-width=\"max\" data-height=\"max\" data-toolbar=\"top\" data-toolbar-fixed=\"on\">chart-2<\/a>\n<p>&nbsp;<\/p>\n<hr \/>\n<h2><\/h2>\n<h2>&#8220;DA FINE AGOSTO 1 MILIONE 300 MILA VACCINI ANTI INFLUENZALE NON OBBLIGATORI A DISPOSIZIONE DEI VENETI&#8221;CONFERENZA STAMPA DEL PRESIDENTE DEL VENETO LUCA ZAIA 11 GIUGNO 2020<\/h2>\n<p><strong>VENEZIA<\/strong>\u00a0Da Marghera il\u00a0Presidente\u00a0Luca Zaia fa il punto sull\u2019emergenza Covid-19<\/p>\n<p><strong><span style=\"color: #ff0000;\">NELLE ULTIME 24 ORE <\/span><\/strong><span style=\"color: #ff0000;\"><span style=\"color: #000000;\">780.786 TAMPONI (+8000 circa),\u00a0 POSITIVI 19199 (+5)<\/span><\/span><span style=\"color: #000000;\">\u00a0 300 RICOVERATI (66 POSITIVI) TERAPIA INTENSIVA 14 NESSUN PAZIENTE POSITIVO, TOTALE DECESSI 1964 (+3, nessuno nelle ultime 12 ore), 1407 IN OSPEDALE\u00a0 3478 DIMESSI.<\/span><\/p>\n<blockquote>\n<h2>LEGGI LA CONFERENZA DI LUCA ZAIA<\/h2>\n<\/blockquote>\n<p style=\"text-align: left;\"><em>8 milioni d&#8217;euro di vaccini antinfluenzale pronti da fine agosto, la prima Regione \u00e8 il Veneto ad attivarsi in tale senso, non saranno obbligatori, ma raccomandati per un totale di 1 milone e 300 mila vaccini<\/em><\/p>\n<p><strong>MEDICINA A TREVISO<\/strong> Aperto un tavolo nazionale per il corso di medicina a Treviso, non siamo guerrafondai. Vogliamo che prima del 16 si trovi una soluzione senza dover andare in tribunale. <strong>VACCINO ANTI INFLUENZALE NON OBBLIGATORIO<\/strong> Si \u00e8 chiusa la gara per i vaccini, abbiamo aggiudicato 1 milione 300 mila dosi, (per oltre 8 milioni di euro)\u00a0 \u00e8 raccomandato ma non obbligatorio. Coperture per over 60, operatori sanitari e case di riposo e con accesso volontario. Siamo la prima Regione in Italia e non \u00e8 una cosa da poco a fine agosto inzii settembre via alla campagna di vaccinazione. <strong>SI DICE CHE LOMBARDIA VENETO E CAMPANIA NELLE ULTIME DUE SETTIMANE ABBIAMO DIMINUITO I TAMPONI\u00a0 (-12,6%, -20% IN PROSSIMITA&#8217; DELLE APERTURA DEL 4 MAGGIO POI RISALITE E PRECIPITATE DEL 18% PER L&#8217;APERTURA DEL 3 GIUGNO) FUNZIONALI ALLA TESI DEL RALLENTAMENTO DEL CONTAGIO (Lo segnala la Fondazione Gimbe nel suo monitoraggio settimanale)<\/strong> Dire che non si fanno i tamponi per dimostrare il contagio \u00e8 penale, se c&#8217;\u00e8 una Regione che lo fa \u00e8 penale ed e&#8217; una calunnia \u00e8 una denuncia pubblica. Noi non abbiamo modificato minimamente il piano. Non so che dati abbiano visto questi. Duemila tamponi in Veneto? Sulla base di cosa? Noi abbiamo un piano tamponi per i medici in prima linea, ai medici, agli ospiti e operatori delle case di riposo parliamo di 60 mila nella case di riposo e altrettanti nella sanit\u00e0 ma facciamo tamponi ai sintomatici e contatti stretti. Oggi abbiamo 5 positivi su 8000 tamponi fatti ieri. Non facciamo certo i tamponi per strada. Dire che facciamo 2000 tamponi in meno \u00e8 una calunnia, abbiamo tanti premi Nobel ma a Stoccolma non se n&#8217;\u00e8 accorto nessuno. Se volete vi diamo il processato e i tamponi fatti ogni giorno. Se non ci sono contagiati a chi li facciamo? <strong>HA FISSATO LA DATA DELL&#8217;INIZIO DELLE SCUOLE? LEI HA IN OSTAGGIO L&#8217;AGENDA DEL PRESIDENTE MATTARELLA<\/strong> Io non ho in ostaggio niente. Oggi non c&#8217;\u00e8 la preoccupazione della data, la fisseremo, ho difficolt\u00e0 a fissarla non sapendo cosa faranno a Roma con le elezioni e cosi&#8217; i miei colleghi che non hanno ospite il Presidente della Repubblica il primo giorno. <strong>LINEE GUIDA, MALUMORE DALLE DISCOTECHE DEL VENETO\u00a0<\/strong> Dipendiamo dai servizi di prevenzione e comitato tecnico scientifico, oggi abbiamo una conferenza per parlare di questo. Sul fronte degli spettacoli il Governo vuole procastinare l&#8217;apertura a met\u00e0 luglio. Non sono poche le difficolt\u00e0 per i gestori, lavoratori, per il turismo. Vediamo cosa esce dalla video conferenza di oggi. Dobbiamo confermare la data del 15 giugno ma se non ci sono spazi di discrezionalit\u00e0 dovremo agganciarci alla data del DPCM che deve essere rinnovato prima del 15. Vediamo cosa scrivono e cosa di potr\u00e0 fare.<strong>CEOD IN FORTE DIFFICOLTA&#8217; RIESCONO AD ATTIVARE PER LA META&#8217; DELLA CAPIENZA NORMALE SI PUO&#8217; ALLENTARE?<\/strong> Lo si puo&#8217; fare non appena vediamo il nuovo DPCM fino al 15 giugno queste sono le linee guida. Attendiamo Roma e le nuove linee guida. <strong>DIVIETI DEI GIOCHI DI SQUADRA<\/strong> Le linee guida europee danno la distanza di un metro, noi abbiamo i 2 metri, quindi vanno adeguate. Poi ci sono i grandi tornei dei quali parleremo oggi. <strong>DIVIETO DISTRIBUZIONE GIORNALI NEI LUOGHI PUBBLICI<\/strong> Secodno me \u00e8 possibile ripristinare la normalit\u00e0, stiamo lavorando. E&#8217; una condizione imposta temporanea che ora va risolta. <strong>CONTROLLI E SANZIONI<\/strong> Abbiamo chiesto allo Spisal di accompagnare non sanzionare. Serve il senso civico non il controllo.\u00a0 Per la mascherina la metti perch\u00e9 sei controllato o perch\u00e9 sei un cittadino che rispetta le regole? Pensare di basare tutto sui controlli \u00e8 impossibile.<strong>SE CI SONO DELLE REGOLE PER LA SALUTE PUBBLICA IL FURBO DI TURNO DOVREBBE FARLO A CASA PROPRIA A SOTTOMARINA LE REGOLE DELLE DISTANZE TRA LETTINI NON ESISTONO AD ESEMPIO.<\/strong> Sottomarina c&#8217;\u00e8 un consorzio per la balneazione chiederemo se le distanze non sono rispettate. Ognuno deve pensare alla propria sicurezza chi non le rispetta o sar\u00e0 controllato o finisce tra gli incevili. Siamo un popolo che fa la paternale e s&#8217;indigna su tutto e poi servono le paternali anche solo per l&#8217;uso della mascherina.<\/p>\n<h4>OSPITE IL DOTTOR CARLO SANTUCCI, MEDICO NON SPECIALIZZATO IL 27 AGOSTO 2019 IN TRENO HA SALVATO LA VITA A UNA PERSONA CON 40 MINUTI DI MASSAGGIO CARDIACO E&#8217; UNO DEI 500 MEDICI ASSUNTI A CAMPO SAMPIERO, PRONTO SOCCORSO, CON CONTRATTO COVID. RACCONTA LA SUA ESPERIENZA DEL SALVATAGGIO DELLA SIGNORA DI 39 ANNI OGGI VIVA GRAZIE AL MEDICO.<\/h4>\n<p>https:\/\/www.facebook.com\/zaiaufficiale\/videos\/736606027075400<\/p>\n<p>&nbsp;<\/p>\n<p>&nbsp;<\/p>\n<p>&nbsp;<\/p>\n<hr \/>\n<h2>LEGGI LA CONFERENZA STAMPA DI ADRIANO RASI CALDOGNO<\/h2>\n<blockquote><p><em>In vista di una possibile ripresa della pandemia su indicazione della Protezione Civile e Regione Veneto partir\u00e0 a breve un potenziamento della terapia intensiva e sub intensiva con una ristrutturazione per i due Pronto Soccorso di Belluno e Feltre a possibili pazienti affetti da covid. Questo fino a quando l&#8217;emergenza non sar\u00e0 archiviata.\u00a0\u00a0<\/em><\/p><\/blockquote>\n<p><strong>LA BUONA NOTIZIA<\/strong>: Situazione epidemiologica, non ci sono pi\u00f9 ricoverati per Covid19. Sono 73 le persone ancora positive in quarantena in totale 194 persone in isolamento fiduciario e sorveglianza attiva, ancora 200 persone quotidianamente monitorate. questo e&#8217; un giro di boa importante nell&#8217;emergenza coronavirus. A ieri oltre 41 mila tamponi, numero rilevante. L&#8217;emergenza non si pu\u00f2 considerare archiviata, \u00e8 necessario adottare i comportamenti responsabili di prevenzione del contagio ormai ben noti. Questo ritorno alla nuova normalit\u00e0 con tutti gli accorgimenti di sicurezza del caso (che non \u00e8 la normalit\u00e0 del pre covid) \u00e8 una prospettiva a breve dove ci si addentra sempre di pi\u00f9. Grazie al nostro personale sanitario per la professionalit\u00e0, attenzione, generosit\u00e0 e cura dei pazienti covid e non solo in un periodo complesso impegnativo e di grande preoccupazione. Grazie al personale del dipartimento prevenzione che si occupa quotidianamente della questione di tutte le attivit\u00e0. Tornando alla nuova normalit\u00e0 possiamo dire che complessivamente siamo a circa 3\/4 (80 per cento) dell&#8217;operativit\u00e0 pregressa con la necessit\u00e0 di rispettare i tempi delle prestazioni diagnostiche. E&#8217; necessario inserire ulteriori tempi rispetti a quelli tradizionalmente a disposizione delle varie agende per la precauzione della sicurezza di pazienti e personale. Stiamo sempre di pi\u00f9 arrivando al massimo delle prestazioni erogabili. C&#8217;\u00e8 poi il tema del recupero delle 12 mila impegnative rimaste sospese tra i primi giorni di marzo e maggio che sempre pi\u00f9 si stanno riassorbendo. Dalla ripresa dell&#8217;attivit\u00e0: 13647 visite, oltre 40 mila prestazioini di diagnostica (radiologia in particolare) 19896 persone hanno fatto riferimento ai laboratori di analisi e anatomia patologica. In totale erogate oltre 182 mila prestazioni. In un mese effettuati 1496 interventi nell&#8217;area chirurgica, 781 Belluno 119 Agordo 551 Feltre 45 a Pieve di Cadore. Gli scenari attesi, ci prepariamo alla fase 3 con l&#8217;apprestamento di tutta una serie di strutture per una possibile ripresa pandemica per l&#8217;autunno prossimo. Su indicazione della protezione civile partir\u00e0 a breve un programma di potenziamento di posti sia di terapia intensiva che sub intensiva, una ristrutturazione per i due Pronto Soccorso di Belluno e Feltre dedicati a pazienti affetti da Covid. Una scelta organizzativa che rimarr\u00e0 nel tempo fino a che l&#8217;emergenza non venga archiviata. Come era prevedibile ci ritroviamo in questi giorni a sperimentare le nuove modalit\u00e0 di accesso penso alle criticit\u00e0 da una settimana rispetto all&#8217;accesso al centro unico di prenotazione. Attualmente l&#8217;accesso al cup avviene per via telefonica e le prenotazioni gestite in questo modo. Raddoppio del volume di telefonate a cui si aggiunge una quota importante (50 mila al mese) dovuta alla prenotazione dei prelievi presso i centri di Belluno. Feltre e Pieve di Cadore e ci sono disservizi per i quali ci scusiamo. Assicuriamo che abbiamo dato da tempo indicazione alla ditta esterna che ha vinto la gara d&#8217;appalto per la gestione del cup di raddoppiare le linee telefoniche e aumentare del 50% i personale. Gi\u00e0 da ora \u00e8 possibile prenotare on line i prelievi dal sito della ulss1. Con la telemedicina vogliamo migliorare la qualit\u00e0 dei servizi. Valutiamo l&#8217;opportunit\u00e0 dei servizi in remoto con la tecnologia. E&#8217; nostra intenzione sviluppare sempre di piu&#8217; e diffondere in maniera sistematica in quante piu&#8217; specialita&#8217; questa attivit\u00e0 di telemedicina. Miglioramento prevenzione per le categorie a rischio (diabete o altre patologie cardio vascolari) pazienti che si sottopongono con frequenza ad una serie di operazioni di monitoraggio su parametri vitali. Altro settore di rilievo la diagnosi e la possibilit\u00e0 di utilizzare con la telemedicina un iter diagnostico completo. Aggiungeremo alle esperienze in essere attivit\u00e0 di telemedicina per le medicine gruppo e lo sviluppo di esperienze per le residenze sanitarie, case di riposo numerose sul territorio. Questo ci consentir\u00e0 di mantenere l&#8217;eccellenza della Ulss Dolomiti che con soddisfazione ricordo nel 2018 \u00e8 risultata tra le pi\u00f9 performanti della Regione.<\/p>\n<p>&nbsp;<\/p>\n<p>https:\/\/www.facebook.com\/RasiCaldognoUlssDolomiti\/videos\/554961331852325<\/p>\n<p>&nbsp;<\/p>\n<p>&nbsp;<\/p>\n<p>&nbsp;<\/p>\n<hr \/>\n<p>&nbsp;<\/p>\n<p>&nbsp;<\/p>\n<blockquote>\n<h2>SANTUCCI, IL MEDICO &#8220;EROE&#8221; AL SERVIZIO DEL VENETO PUR PRIVO DI SPECIALIZZAZIONE<\/h2>\n<\/blockquote>\n<h3><a class=\"dt-pswp-item\" href=\"https:\/\/www.radiopiu.net\/wordpress\/wp-content\/uploads\/2020\/06\/4bd866cd-451d-48c8-beff-66f6931020a8.jpg\" data-dt-img-description=\"\" data-large_image_width=\"1440\" data-large_image_height=\"720\"><img loading=\"lazy\" decoding=\"async\" class=\" wp-image-143787 alignleft\" src=\"https:\/\/www.radiopiu.net\/wordpress\/wp-content\/uploads\/2020\/06\/4bd866cd-451d-48c8-beff-66f6931020a8-300x150.jpg\" alt=\"\" width=\"276\" height=\"138\" srcset=\"https:\/\/www.radiopiu.net\/wordpress\/wp-content\/uploads\/2020\/06\/4bd866cd-451d-48c8-beff-66f6931020a8-300x150.jpg 300w, https:\/\/www.radiopiu.net\/wordpress\/wp-content\/uploads\/2020\/06\/4bd866cd-451d-48c8-beff-66f6931020a8-1024x512.jpg 1024w, https:\/\/www.radiopiu.net\/wordpress\/wp-content\/uploads\/2020\/06\/4bd866cd-451d-48c8-beff-66f6931020a8-768x384.jpg 768w, https:\/\/www.radiopiu.net\/wordpress\/wp-content\/uploads\/2020\/06\/4bd866cd-451d-48c8-beff-66f6931020a8.jpg 1440w\" sizes=\"auto, (max-width: 276px) 100vw, 276px\" \/><\/a>OSPITE ALLA CONFERENZA STAMPA DI MARGHERA IL DOTTOR CARLO SANTUCCI, MEDICO NON SPECIALIZZATO.\u00a0 IL 27 AGOSTO 2019 IN TRENO HA SALVATO LA VITA A UNA PERSONA CON 40 MINUTI DI MASSAGGIO CARDIACO.\u00a0 E&#8217; UNO DEI 500 MEDICI ASSUNTI A CAMPO SAMPIERO (PADOVA) IN\u00a0 PRONTO SOCCORSO, CON CONTRATTO COVID. RACCONTA LA SUA ESPERIENZA DEL SALVATAGGIO DELLA SIGNORA DI 39 ANNI OGGI VIVA GRAZIE AL MEDICO. IL PRESIDENTE DELLA REPUBBLICA GLI HA CONSEGNATO L&#8217;ONOREFICENZA DEL CAVALIERATO.<\/h3>\n<h3><strong><span style=\"color: #ff0000;\">audio\u00a0<\/span><\/strong><\/h3>\n<audio class=\"wp-audio-shortcode\" id=\"audio-143710-4\" preload=\"none\" style=\"width: 100%;\" controls=\"controls\"><source type=\"audio\/mpeg\" src=\"https:\/\/www.radiopiu.net\/wordpress\/wp-content\/uploads\/2020\/06\/SANTUCCI.mp3?_=4\" \/><a href=\"https:\/\/www.radiopiu.net\/wordpress\/wp-content\/uploads\/2020\/06\/SANTUCCI.mp3\">https:\/\/www.radiopiu.net\/wordpress\/wp-content\/uploads\/2020\/06\/SANTUCCI.mp3<\/a><\/audio>\n<p>&nbsp;<\/p>\n<p>&nbsp;<\/p>\n<hr \/>\n<p>&nbsp;<\/p>\n<p>&nbsp;<\/p>\n<h2><span style=\"color: #ff0000;\"><img loading=\"lazy\" decoding=\"async\" class=\"alignleft\" src=\"https:\/\/www.radiopiu.net\/wordpress\/wp-content\/uploads\/2016\/05\/UNIONE-MONTANA.jpg\" width=\"190\" height=\"270\" \/><\/span><\/h2>\n<h2><\/h2>\n<h2><span style=\"color: #ff0000;\">FONDI DI CONFINE E MAL DI PANCIA<\/span><\/h2>\n<blockquote>\n<h3>FALCADE RINUNCIA AI 5 MILIONI DI EURO PER IL CENTRO BENESSERE E GLI ALTRI COMUNI PRESENTANO I LORO PROGETTI. CASSATA LA ROTATORIA DI CENCENIGHE.<\/h3>\n<\/blockquote>\n<p>DI GIANNI SANTOMASO<\/p>\n<audio class=\"wp-audio-shortcode\" id=\"audio-143710-5\" preload=\"none\" style=\"width: 100%;\" controls=\"controls\"><source type=\"audio\/mpeg\" src=\"https:\/\/www.radiopiu.net\/wordpress\/wp-content\/uploads\/2020\/06\/GIANI-BIS.mp3?_=5\" \/><a href=\"https:\/\/www.radiopiu.net\/wordpress\/wp-content\/uploads\/2020\/06\/GIANI-BIS.mp3\">https:\/\/www.radiopiu.net\/wordpress\/wp-content\/uploads\/2020\/06\/GIANI-BIS.mp3<\/a><\/audio>\n<p>&nbsp;<\/p>\n<p>&nbsp;<\/p>\n<p>&nbsp;<\/p>\n<p>&nbsp;<\/p>\n<hr \/>\n<div class=\"page-title-head hgroup\">\n<blockquote>\n<h3><\/h3>\n<h3 class=\"entry-title\">LA VITTORIA DI BOTTACIN, APPROVATO IL PROGETTO PER LE GRANDI DERIVAZIONI AD USO IDROELETTRICO<\/h3>\n<\/blockquote>\n<p><a class=\"dt-pswp-item\" href=\"https:\/\/www.radiopiu.net\/wordpress\/wp-content\/uploads\/2020\/06\/103605225_10157383942052544_8911529914629366965_o.jpg\" data-dt-img-description=\"\" data-large_image_width=\"960\" data-large_image_height=\"540\"><img loading=\"lazy\" decoding=\"async\" class=\" wp-image-143802 alignleft\" src=\"https:\/\/www.radiopiu.net\/wordpress\/wp-content\/uploads\/2020\/06\/103605225_10157383942052544_8911529914629366965_o-300x169.jpg\" alt=\"\" width=\"249\" height=\"140\" srcset=\"https:\/\/www.radiopiu.net\/wordpress\/wp-content\/uploads\/2020\/06\/103605225_10157383942052544_8911529914629366965_o-300x169.jpg 300w, https:\/\/www.radiopiu.net\/wordpress\/wp-content\/uploads\/2020\/06\/103605225_10157383942052544_8911529914629366965_o-768x432.jpg 768w, https:\/\/www.radiopiu.net\/wordpress\/wp-content\/uploads\/2020\/06\/103605225_10157383942052544_8911529914629366965_o.jpg 960w\" sizes=\"auto, (max-width: 249px) 100vw, 249px\" \/><\/a> Si al progetto della Giunta\u00a0 Regionale in materia di grandi derivazioni ad uso idroelettrico che per l&#8217;assessore Gianpaolo Bottacin \u00e8 il passo fondamentale per portare maggiori risorse al territorio. Obiettivo raggiunto dalla seconda commissione consiliare con le\u00a0 \u201cprime disposizioni in materia di grandi derivazioni ad uso idroelettrico\u201d. Il testo legislativo \u00e8 stato <span class=\"text_exposed_show\">approvato nei contenuti senza alcun voto contrario: <em>\u201cSi tratta di un passaggio fondamentale \u2013 afferma con soddisfazione Bottacin \u2013 in quanto essendo stato esaminato dalla Commissione in sede redigente, ora passa al voto finale dell\u2019aula consiliare, che dovr\u00e0 approvarlo senza possibilit\u00e0 di ulteriori modifiche. Ci\u00f2 significa che siamo davvero prossimi all\u2019approvazione di una normativa di assoluto valore\u201d. <\/em>Il disegno di legge prevede principalmente l&#8217;obbligo per i titolari di grandi derivazioni idroelettriche di fornire ogni anno a titolo gratuito alla Regione 220 kilowattora di energia elettrica per ogni kw di potenza nominale media di concessione ovvero, su eventuale indicazione della Giunta, di monetizzare il valore equivalente. <em>\u201cSi tratta di importanti risorse &#8211; conclude Bottacin \u2013 che potremo destinare al rafforzamento delle esigenze del territorio\u201d.<\/em><\/span><\/p>\n<\/div>\n<div class=\"page-title-breadcrumbs\"><\/div>\n<p>&nbsp;<\/p>\n<p>&nbsp;<\/p>\n<div>\n<hr \/>\n<\/div>\n<div><\/div>\n<div><\/div>\n<blockquote>\n<h3>MEZZI IN MOVIMENTO TRA SOTTOGUDA E MALGA CIAPELA<\/h3>\n<\/blockquote>\n<p><strong><a class=\"dt-pswp-item\" href=\"https:\/\/www.radiopiu.net\/wordpress\/wp-content\/uploads\/2020\/06\/62eae14f-e276-422c-a120-690e2eaec24f.jpg\" data-dt-img-description=\"\" data-large_image_width=\"1599\" data-large_image_height=\"1200\"><img loading=\"lazy\" decoding=\"async\" class=\" wp-image-143831 alignleft\" src=\"https:\/\/www.radiopiu.net\/wordpress\/wp-content\/uploads\/2020\/06\/62eae14f-e276-422c-a120-690e2eaec24f-300x225.jpg\" alt=\"\" width=\"215\" height=\"161\" srcset=\"https:\/\/www.radiopiu.net\/wordpress\/wp-content\/uploads\/2020\/06\/62eae14f-e276-422c-a120-690e2eaec24f-300x225.jpg 300w, https:\/\/www.radiopiu.net\/wordpress\/wp-content\/uploads\/2020\/06\/62eae14f-e276-422c-a120-690e2eaec24f-1024x768.jpg 1024w, https:\/\/www.radiopiu.net\/wordpress\/wp-content\/uploads\/2020\/06\/62eae14f-e276-422c-a120-690e2eaec24f-768x576.jpg 768w, https:\/\/www.radiopiu.net\/wordpress\/wp-content\/uploads\/2020\/06\/62eae14f-e276-422c-a120-690e2eaec24f-1536x1153.jpg 1536w, https:\/\/www.radiopiu.net\/wordpress\/wp-content\/uploads\/2020\/06\/62eae14f-e276-422c-a120-690e2eaec24f.jpg 1599w\" sizes=\"auto, (max-width: 215px) 100vw, 215px\" \/><\/a>ROCCA PIETORE<\/strong> Anche questo genere di lavori\u00a0 rientra nel capitolo &#8220;accoglienza turistica&#8221;, non c&#8217;\u00e8 dubbio che trovare strade asfaltate e tirate a lucido gratifichi l&#8217;ospite,\u00a0 certo anche chi quotidianamente per lavoro e non solo per diletto, percorre la strada che da Sottoguda di Rocca Pietore s&#8217;inerpica verso Malga Ciapela e quindi Passo Fedaia. Nelle foto\u00a0 i lavori di asfaltatura in corso. Il tratto di strada \u00e8\u00a0 di competenza Veneto Strade. Questo tratto di asfalti sono appaltati e commissionati da Enel, in accordo con Veneto Strade. La ditta esecutrice \u00e8 la Camerin di Godega di Sant&#8217;Urbano di Treviso. Un piacere anche per i tanti motociclisti e ciclisti che si auspica calpesteranno frequentemente quell&#8217;asfalto di qui alle prossime settimane, diversamente dalla strada che scende dalla Valle del Biois dove le critiche sono continue dopo i lavori dei mesi scorsi e i rattoppi improvvisati lungo la sede stradale.<\/p>\n<p><strong><a class=\"dt-pswp-item\" href=\"https:\/\/www.radiopiu.net\/wordpress\/wp-content\/uploads\/2020\/06\/c0012a61-9eb9-4f9d-a237-7ea409145d8a.jpg\" data-dt-img-description=\"\" data-large_image_width=\"1599\" data-large_image_height=\"1200\"><img loading=\"lazy\" decoding=\"async\" class=\"wp-image-143834 alignright\" src=\"https:\/\/www.radiopiu.net\/wordpress\/wp-content\/uploads\/2020\/06\/c0012a61-9eb9-4f9d-a237-7ea409145d8a-300x225.jpg\" alt=\"\" width=\"172\" height=\"129\" srcset=\"https:\/\/www.radiopiu.net\/wordpress\/wp-content\/uploads\/2020\/06\/c0012a61-9eb9-4f9d-a237-7ea409145d8a-300x225.jpg 300w, https:\/\/www.radiopiu.net\/wordpress\/wp-content\/uploads\/2020\/06\/c0012a61-9eb9-4f9d-a237-7ea409145d8a-1024x768.jpg 1024w, https:\/\/www.radiopiu.net\/wordpress\/wp-content\/uploads\/2020\/06\/c0012a61-9eb9-4f9d-a237-7ea409145d8a-768x576.jpg 768w, https:\/\/www.radiopiu.net\/wordpress\/wp-content\/uploads\/2020\/06\/c0012a61-9eb9-4f9d-a237-7ea409145d8a-1536x1153.jpg 1536w, https:\/\/www.radiopiu.net\/wordpress\/wp-content\/uploads\/2020\/06\/c0012a61-9eb9-4f9d-a237-7ea409145d8a.jpg 1599w\" sizes=\"auto, (max-width: 172px) 100vw, 172px\" \/><\/a><\/strong><\/p>\n<p>&nbsp;<\/p>\n<p>&nbsp;<\/p>\n<p>&nbsp;<\/p>\n<p><strong>IL SINDACO ANDREA DE BERNARDIN<\/strong><\/p>\n<audio class=\"wp-audio-shortcode\" id=\"audio-143710-6\" preload=\"none\" style=\"width: 100%;\" controls=\"controls\"><source type=\"audio\/mpeg\" src=\"https:\/\/www.radiopiu.net\/wordpress\/wp-content\/uploads\/2020\/06\/ANDREA-1.mp3?_=6\" \/><a href=\"https:\/\/www.radiopiu.net\/wordpress\/wp-content\/uploads\/2020\/06\/ANDREA-1.mp3\">https:\/\/www.radiopiu.net\/wordpress\/wp-content\/uploads\/2020\/06\/ANDREA-1.mp3<\/a><\/audio>\n<h2><\/h2>\n<div><\/div>\n<div><\/div>\n<div><\/div>\n<p>&nbsp;<\/p>\n<hr \/>\n<p>&nbsp;<\/p>\n<blockquote>\n<h3 align=\"JUSTIFY\"><span style=\"font-size: medium;\"><b>IL PRESIDENTE ZAIA E L\u2019ASSESSORE CANER PRESENTANO IL PIANO DI RILANCIO TURISTICO DEL VENETO<\/b><\/span><\/h3>\n<\/blockquote>\n<p align=\"JUSTIFY\"><span style=\"font-size: medium;\">Oggi alle 12:30, al Centro regionale della Protezione Civile a Marghera, nel corso del quotidiano punto stampa dedicato all\u2019evolversi della situazione determinata dall\u2019epidemia di Coronavirus, il presidente Luca Zaia e l\u2019assessore al turismo, Federico Caner, presenteranno il piano di rilancio turistico del territorio veneto.<\/span><\/p>\n<p>&nbsp;<\/p>\n<hr \/>\n<blockquote>\n<h3><\/h3>\n<h3><\/h3>\n<h3>COMUNICATO SINDACALE CONGIUNTO AI LAVORATORI LUXOTTICA<\/h3>\n<\/blockquote>\n<p><strong><a class=\"dt-pswp-item\" href=\"https:\/\/www.radiopiu.net\/wordpress\/wp-content\/uploads\/2020\/03\/SINDACATI.jpg\" data-dt-img-description=\"\" data-large_image_width=\"2048\" data-large_image_height=\"2048\"><img loading=\"lazy\" decoding=\"async\" class=\"wp-image-121809 alignleft\" src=\"https:\/\/www.radiopiu.net\/wordpress\/wp-content\/uploads\/2020\/03\/SINDACATI-300x300.jpg\" alt=\"\" width=\"123\" height=\"123\" srcset=\"https:\/\/www.radiopiu.net\/wordpress\/wp-content\/uploads\/2020\/03\/SINDACATI-300x300.jpg 300w, https:\/\/www.radiopiu.net\/wordpress\/wp-content\/uploads\/2020\/03\/SINDACATI-1024x1024.jpg 1024w, https:\/\/www.radiopiu.net\/wordpress\/wp-content\/uploads\/2020\/03\/SINDACATI-150x150.jpg 150w, https:\/\/www.radiopiu.net\/wordpress\/wp-content\/uploads\/2020\/03\/SINDACATI-768x768.jpg 768w, https:\/\/www.radiopiu.net\/wordpress\/wp-content\/uploads\/2020\/03\/SINDACATI-1536x1536.jpg 1536w, https:\/\/www.radiopiu.net\/wordpress\/wp-content\/uploads\/2020\/03\/SINDACATI.jpg 2048w\" sizes=\"auto, (max-width: 123px) 100vw, 123px\" \/><\/a>AGORDO\u00a0<\/strong>CGIL, CISL e UIL hanno distribuito un comunicato unitario a tutti i dipendenti Luxottica che parla di un incontro per stimolare l\u2019azienda nel concordare strumenti che agevolino per quanto possibile i bisogni delle persone soprattutto sul versante della conciliazione vita lavoro.<em> &#8220;Sentiamo la necessit\u00e0 &#8211; dicono i sindacalisti &#8211; di incontrare i lavoratori in assemblea mentre stimoliamo l&#8217;azienda a concordare strumenti che agevolino i bisogno delle persone conciliando al meglio vita e lavoro&#8221;<\/em> Tra le proposte per i genitori con figli dai 3 ai 13 anni, la possibilit\u00e0 di convertire il valore del premio risultato in ore, oppure lo spostamento dei turni &#8211; se richiesto &#8211;\u00a0 per quei genitori entrambi impiegati in fabbrica con sovrapposizione di turno, ancora la possibilit\u00e0 di assentarsi dal lavoro per alcune ore usufruendo del Pir fino a novembre 2020 ma anche con permessi non retrIbuiti. La parte sindacale chiede all&#8217;azienda di verificare l&#8217;attuabilit\u00e0 di un piano di supporto per i figli in et\u00e0 3-13 anni, iscritti ai centri estivi.<\/p>\n<p>&nbsp;<\/p>\n<p><strong>IL COMUNICATO<\/strong><\/p>\n<a href=\"https:\/\/www.radiopiu.net\/wordpress\/wp-content\/uploads\/2020\/06\/COMUNI-LUX-SINDACATI.pdf\" class=\"pdfemb-viewer\" style=\"\" data-width=\"max\" data-height=\"max\" data-toolbar=\"top\" data-toolbar-fixed=\"on\">COMUNI LUX SINDACATI<\/a>\n<p>&nbsp;<\/p>\n<p>&nbsp;<\/p>\n<hr \/>\n<p>&nbsp;<\/p>\n<blockquote>\n<h2>DOPO\u00a0 LA ACC&#8230; LA IDEAL STANDARD. GOVERNO AL LAVORO PER DARGLI UN FUTURO<\/h2>\n<\/blockquote>\n<p><b><a class=\"dt-pswp-item\" href=\"https:\/\/www.radiopiu.net\/wordpress\/wp-content\/uploads\/2020\/05\/ideal-standard-orcenigo-scaled.jpg\" data-dt-img-description=\"\" data-large_image_width=\"2560\" data-large_image_height=\"1803\"><img loading=\"lazy\" decoding=\"async\" class=\"size-medium wp-image-138079 alignleft\" src=\"https:\/\/www.radiopiu.net\/wordpress\/wp-content\/uploads\/2020\/05\/ideal-standard-orcenigo-300x211.jpg\" alt=\"\" width=\"300\" height=\"211\" srcset=\"https:\/\/www.radiopiu.net\/wordpress\/wp-content\/uploads\/2020\/05\/ideal-standard-orcenigo-300x211.jpg 300w, https:\/\/www.radiopiu.net\/wordpress\/wp-content\/uploads\/2020\/05\/ideal-standard-orcenigo-1024x721.jpg 1024w, https:\/\/www.radiopiu.net\/wordpress\/wp-content\/uploads\/2020\/05\/ideal-standard-orcenigo-768x541.jpg 768w, https:\/\/www.radiopiu.net\/wordpress\/wp-content\/uploads\/2020\/05\/ideal-standard-orcenigo-1536x1082.jpg 1536w, https:\/\/www.radiopiu.net\/wordpress\/wp-content\/uploads\/2020\/05\/ideal-standard-orcenigo-2048x1442.jpg 2048w\" sizes=\"auto, (max-width: 300px) 100vw, 300px\" \/><\/a>ROMA\u00a0 <\/b><em>\u201cLo stabilimento Ideal Standard di Trichiana rappresenta un\u2019eccellenza nel settore dei sanitari e della ceramica e avr\u00e0 tutta l\u2019attenzione necessaria da parte del Governo affinch\u00e9 avvenga la ripresa della produzione. Come si \u00e8 gi\u00e0 verificato nella vertenza legata all\u2019Acc di Mel, ci sar\u00e0 tutto il mio impegno, in ogni sede, per dare una prospettiva solida ai 600 dipendenti dell\u2019azienda\u201d.\u00a0 \u00a0<\/em>Lo dichiara Federico D\u2019Inc\u00e0, Ministro per i Rapporti con il Parlamento al termine della videoconferenza\u00a0 tra il Mise, i rappresentanti di Ideal Standard e le organizzazioni sindacali in cui si \u00e8 discussa la situazione dello stabilimento di Trichiana.\u00a0 <em>\u201cAbito molto vicino allo stabilimento di Trichiana \u2013 prosegue D\u2019Inc\u00e0 &#8211; e ho evidenziato ai rappresentanti dell\u2019azienda la mia conoscenza personale con i dipendenti che, oltre ad avere un\u2019elevata professionalit\u00e0, considerano lo stabilimento come un simbolo del territorio: nel corso del tempo, c\u2019\u00e8 stato un forte impegno da parte di ognuno di loro, proprio in virt\u00f9 di questo legame speciale con l\u2019azienda. Uno stabilimento che vanta una tradizione importante e che ha sempre lavorato molto bene nel settore\u201d.<\/em><br \/>\nD\u2019Inc\u00e0 precisa che \u201cnegli ultimi 12 anni, 4 stabilimenti su 5 del gruppo Ideal Standard hanno chiuso in Italia. Trichiana \u00e8 rimasto un luogo di fondamentale importanza e <em>&#8220;Nei prossimi tavoli tra le parti\u00a0 &#8211; conclude il Minsitro &#8211; staremo ancora molto attenti sulle valutazioni dell\u2019azienda per il futuro. Ho una grandissima fiducia nel rilancio dello stabilimento e del nostro Paese e dimostreremo ancora una volta la determinazione nel seguire queste problematiche. Ringrazio i dipendenti, le organizzazioni sindacali e il Ministro per lo Sviluppo Economico Patuanelli, per il lavoro svolto fino a questo momento\u201d.<\/em><\/p>\n<h3 align=\"JUSTIFY\"><span style=\"font-size: medium;\"><b>\u00a0DONAZZAN, \u201cCHIEDIAMO I PIANI DI RILANCIO INDUSTRIALE DELLA SEDE DI TRICHIANA\u201d<\/b><\/span><\/h3>\n<p align=\"JUSTIFY\"><em><strong><span style=\"font-size: medium;\">VENEZIA <\/span><\/strong>\u201c<span style=\"font-size: large;\">L\u2019aspetto positivo \u2013 sottolinea l\u2019assessore Donazzan \u2013 \u00e8 l\u2019anticipo di due settimane della ripresa dell\u2019attivit\u00e0 lavorativa nella sede di Borgo Valbelluna, rispetto all\u2019iniziale calendario prospettato dal gruppo, che aveva privilegiato in termini temporali la ripartenza dell\u2019attivit\u00e0 nelle sedi in Bulgaria, nella Repubblica Ceca e nel Regno Unito. Continuano per\u00f2 a mancare, ad oggi, elementi concreti rispetto alla programmazione aziendale nel breve-medio periodo\u201d.\u00a0 L<\/span><span style=\"font-size: large;\">a Regione Veneto ha preso l\u2019impegno a realizzare un nuovo incontro, insieme alle altre istituzioni, entro met\u00e0 luglio, al fine di verificare l\u2019evoluzione della situazione aziendale.\u00a0<\/span><\/em><\/p>\n<p>&nbsp;<\/p>\n<p>&nbsp;<\/p>\n<hr \/>\n<h3><\/h3>\n<blockquote>\n<h3>SCADENZA IMU DEL 16 MAGGIO SENZA UNIFORMITA&#8217;, SENZA CHIAREZZA<\/h3>\n<\/blockquote>\n<p><strong>BELLUNO<\/strong> A pochi giorni dalla scadenza della prima rata IMU 2020 regna, come al solito, ancora l&#8217;incertezza. Non di certo per responsabilit\u00e0 degli enti locali ma perch\u00e9 a livello governativo non sono stati adottati criteri chiari e univoci e non sono stati forniti ai Comuni gli strumenti per poter adottare scelte uniformi e tempestive. Solo per gli immobili destinati ad attivit\u00e0 ricettive il Decreto \u201cRilancio\u201d ha previsto l&#8217;annullamento della rata lasciando per\u00f2 aperte varie questioni di carattere procedurale ed interpretativo che tengono in impasse centinaia di contribuenti solo a livello locale.\u00a0 <em>&#8220;Come sempre\u00bb, afferma il presidente di Confcommercio Belluno Paolo Doglioni \u00abci troviamo sotto scadenza senza certezze e si induce il contribuente ad adempiere per paura di incorrere in sanzioni ed interessi. Sembra un disegno quello di definire le cose a \u201cscadenza di fatto trascorsa\u201d cosicch\u00e9 intanto il cittadino e le imprese paghino. Sul fronte IMU, imposta che impatta per migliaia di euro sulle imprese, ci aspettavamo \u2013 e le nostre richieste andavano in tale direzione \u2013 una sorta di moratoria 2020. A pochi giorni dalla scadenza riscontriamo che alcuni Comuni stanno approvando proroghe e\/o sospensioni di sanzioni ed interessi. \u00c8 gi\u00e0 un segnale importante ma ravvisiamo difformit\u00e0 procedurali; considerata la ristrettezza dei tempi sarebbe fondamentale una procedura semplificata che consenta alle imprese di beneficiare di eventuali proroghe senza gravami burocratici\u00bb.<\/em><\/p>\n<p>&nbsp;<\/p>\n<p>&nbsp;<\/p>\n<p>&nbsp;<\/p>\n<hr \/>\n<blockquote>\n<h3><\/h3>\n<h3>OLIMPIADI,\u00a0 TAVOLO TECNICO PER LA VIABILITA&#8217; NEL BELLUNESE<\/h3>\n<\/blockquote>\n<p><strong>NOTA DEL MINISTRO FEDERICO D&#8217;INCA&#8217;.<\/strong><\/p>\n<blockquote><p><em><a class=\"dt-pswp-item\" href=\"https:\/\/www.radiopiu.net\/wordpress\/wp-content\/uploads\/2016\/07\/Preolimpicoitalia-640x360.jpg\" data-dt-img-description=\"\" data-large_image_width=\"640\" data-large_image_height=\"360\"><img loading=\"lazy\" decoding=\"async\" class=\"wp-image-21553 alignleft\" src=\"https:\/\/www.radiopiu.net\/wordpress\/wp-content\/uploads\/2016\/07\/Preolimpicoitalia-640x360-300x169.jpg\" alt=\"\" width=\"176\" height=\"99\" \/><\/a>\u201cOggi, \u00e8 previsto un importante tavolo tecnico tra Regione, Ministero delle Infrastrutture e Trasporti e Province autonome in merito alle opere infrastrutturali in vista delle Olimpiadi di Milano-Cortina 2026. Come previsto dall\u2019articolo 1, comma 20 della scorsa legge di Bilancio, si dovranno infatti stabilire gli interventi infrastrutturali di competenza del Ministero legati alla viabilit\u00e0. In sostanza, si tratta di valutare in maniera definitiva le opere che si dovranno realizzare per i Giochi Olimpici invernali del 2026. Ci auguriamo che tutte le parti coinvolte possano raggiungere un\u2019intesa per delle opere importanti che il territorio attende. Personalmente, mi auguro di potere illustrare prossimamente sul territorio bellunese gli interventi. Tra questi, ritengo indispensabile l\u2019opera legata alla variante di Longarone, attesa da tempo dai cittadini bellunesi e dai turisti che, soprattutto nel fine settimana, incontrano eccessivi flussi di traffico che provocano forti disagi. Ricordo che il Governo, nell\u2019ultima legge di Bilancio, ha stanziato 1 miliardo di euro per realizzare opere infrastrutturali utili che rimarranno alla cittadinanza\u201d.<\/em><\/p><\/blockquote>\n<p>&nbsp;<\/p>\n<p>&nbsp;<\/p>\n<p>&nbsp;<\/p>\n<hr \/>\n<blockquote>\n<h3><\/h3>\n<h3><\/h3>\n<h3>NEVEGAL: STOP A INSENSATE POLEMICHE, IL PD VUOLE UNA LEGGE INATTACABILE<\/h3>\n<\/blockquote>\n<p><strong><a class=\"dt-pswp-item\" href=\"https:\/\/www.radiopiu.net\/wordpress\/wp-content\/uploads\/2019\/08\/alpe-del-nevegal-seggiovia-1600x625.jpg\" data-dt-img-description=\"\" data-large_image_width=\"1600\" data-large_image_height=\"625\"><img loading=\"lazy\" decoding=\"async\" class=\"size-medium wp-image-94965 alignleft\" src=\"https:\/\/www.radiopiu.net\/wordpress\/wp-content\/uploads\/2019\/08\/alpe-del-nevegal-seggiovia-1600x625-300x117.jpg\" alt=\"\" width=\"300\" height=\"117\" srcset=\"https:\/\/www.radiopiu.net\/wordpress\/wp-content\/uploads\/2019\/08\/alpe-del-nevegal-seggiovia-1600x625-300x117.jpg 300w, https:\/\/www.radiopiu.net\/wordpress\/wp-content\/uploads\/2019\/08\/alpe-del-nevegal-seggiovia-1600x625-768x300.jpg 768w, https:\/\/www.radiopiu.net\/wordpress\/wp-content\/uploads\/2019\/08\/alpe-del-nevegal-seggiovia-1600x625-1024x400.jpg 1024w, https:\/\/www.radiopiu.net\/wordpress\/wp-content\/uploads\/2019\/08\/alpe-del-nevegal-seggiovia-1600x625.jpg 1600w\" sizes=\"auto, (max-width: 300px) 100vw, 300px\" \/><\/a>VENEZIA<\/strong> <em>\u201cSul Nevegal c\u2019\u00e8 una polemica senza senso: se non vogliamo che la legge venga impugnata e abbattuta \u00e8 bene darle un\u2019impostazione di carattere generale. Deve essere inattaccabile e per questo abbiamo concordato di togliere nella legge il riferimento diretto al Colle, ci dispiace che chi governa attacchi in modo strumentale e miope, facendo uno scaricabarile che semplicemente non esiste<\/em>\u201d. Ad affermarlo il capogruppo del Partito Democratico Stefano Fracasso a proposito dell\u2019istituzione del fondo per il settore degli impianti a fune, primo firmatario Franco Gidoni che ha \u2018additato\u2019 il gruppo dem per l\u2019eliminazione del riferimento al Nevegal.<em> \u201c\u00c8 stata una scelta unanime, un\u2019intesa trasversale per garantire la correttezza della legge che d\u2019accordo con lo stesso Gidoni abbiamo sottoscritto &#8211; sottolineano i due consiglieri democratici &#8211; Il Veneto ha una lunga lista di provvedimenti impugnati e dobbiamo evitare di arricchire l\u2019elenco&#8221;. <\/em>Il Pd per Fracasso\u00a0 non ha tradito nessuno avendo per primi\u00a0 incontrato gli operatori e presentato lo scorso novembre un ordine del giorno per rilanciare l\u2019intero comprensorio, chiedendo di utilizzare uno strumento specifico, il \u2018Progetto strategico turistico di interesse regionale\u2019. Proposta bocciata in aula dalla maggioranza <em>&#8220;Per un preconcetto politico &#8211; conclude Fracasso-\u00a0 che non aveva niente a che vedere con il contenuto. Non \u00e8 con le sterili polemiche o con le rivendicazioni di parte che aiutiamo quest\u2019area a risollevarsi\u201d.\u00a0<\/em><\/p>\n<p>&nbsp;<\/p>\n<hr \/>\n<p>&nbsp;<\/p>\n<p>&nbsp;<\/p>\n<blockquote>\n<h3>IL SINDACO DI FELTRE RINGRAZIA IL VOLONTARIATO DOPO 3 MESI DI APERTURA DEL CENTRO OPERATIVO COMUNALE PER L&#8217;EMERGENZA COVID<\/h3>\n<\/blockquote>\n<p><strong><a class=\"dt-pswp-item\" href=\"https:\/\/www.radiopiu.net\/wordpress\/wp-content\/uploads\/2020\/06\/80f76ff0-e293-47b5-b9cf-4c86250efd4c.jpg\" data-dt-img-description=\"\" data-large_image_width=\"1600\" data-large_image_height=\"1200\"><img loading=\"lazy\" decoding=\"async\" class=\"size-medium wp-image-143741 alignleft\" src=\"https:\/\/www.radiopiu.net\/wordpress\/wp-content\/uploads\/2020\/06\/80f76ff0-e293-47b5-b9cf-4c86250efd4c-300x225.jpg\" alt=\"\" width=\"300\" height=\"225\" srcset=\"https:\/\/www.radiopiu.net\/wordpress\/wp-content\/uploads\/2020\/06\/80f76ff0-e293-47b5-b9cf-4c86250efd4c-300x225.jpg 300w, https:\/\/www.radiopiu.net\/wordpress\/wp-content\/uploads\/2020\/06\/80f76ff0-e293-47b5-b9cf-4c86250efd4c-1024x768.jpg 1024w, https:\/\/www.radiopiu.net\/wordpress\/wp-content\/uploads\/2020\/06\/80f76ff0-e293-47b5-b9cf-4c86250efd4c-768x576.jpg 768w, https:\/\/www.radiopiu.net\/wordpress\/wp-content\/uploads\/2020\/06\/80f76ff0-e293-47b5-b9cf-4c86250efd4c-1536x1152.jpg 1536w, https:\/\/www.radiopiu.net\/wordpress\/wp-content\/uploads\/2020\/06\/80f76ff0-e293-47b5-b9cf-4c86250efd4c.jpg 1600w\" sizes=\"auto, (max-width: 300px) 100vw, 300px\" \/><\/a>FELTRE \u00a0<\/strong>Mercoled\u00ec sera il sindaco di Feltre Paolo Perenzin e l&#8217;assessore alla Protezione Civile Adis Zatta hanno incontrato presso al sede della Protezione Civile alle ex caserme Zannettelli alcuni dipendenti comunali e rappresentanti di enti e associazioni che si sono adoperati nei 93 giorni di apertura del C.O.C. durante la fase acuta dell&#8217;emergenza sanitaria legata all&#8217;epidemia da Coronavirus. Dall&#8217;Amministrazione sono giunte parole di sincera gratitudine per tutti coloro (volontari e non) che si sono messi a disposizione, dimostrando una volta di pi\u00f9 quanto Feltre sappia essere, anche e soprattutto in queste occasioni, una comunit\u00e0 coesa.<\/p>\n<p><strong>ALCUNI NUMERI SULL&#8217;ATTIVITA&#8217; DI QUESTI TRE MESI<\/strong><\/p>\n<p><a class=\"dt-pswp-item\" href=\"https:\/\/www.radiopiu.net\/wordpress\/wp-content\/uploads\/2020\/06\/190efc28-b8ca-4aa8-a908-7809732e24a4.jpg\" data-dt-img-description=\"\" data-large_image_width=\"1600\" data-large_image_height=\"1200\"><img loading=\"lazy\" decoding=\"async\" class=\"size-medium wp-image-143742 alignright\" src=\"https:\/\/www.radiopiu.net\/wordpress\/wp-content\/uploads\/2020\/06\/190efc28-b8ca-4aa8-a908-7809732e24a4-300x225.jpg\" alt=\"\" width=\"300\" height=\"225\" srcset=\"https:\/\/www.radiopiu.net\/wordpress\/wp-content\/uploads\/2020\/06\/190efc28-b8ca-4aa8-a908-7809732e24a4-300x225.jpg 300w, https:\/\/www.radiopiu.net\/wordpress\/wp-content\/uploads\/2020\/06\/190efc28-b8ca-4aa8-a908-7809732e24a4-1024x768.jpg 1024w, https:\/\/www.radiopiu.net\/wordpress\/wp-content\/uploads\/2020\/06\/190efc28-b8ca-4aa8-a908-7809732e24a4-768x576.jpg 768w, https:\/\/www.radiopiu.net\/wordpress\/wp-content\/uploads\/2020\/06\/190efc28-b8ca-4aa8-a908-7809732e24a4-1536x1152.jpg 1536w, https:\/\/www.radiopiu.net\/wordpress\/wp-content\/uploads\/2020\/06\/190efc28-b8ca-4aa8-a908-7809732e24a4.jpg 1600w\" sizes=\"auto, (max-width: 300px) 100vw, 300px\" \/><\/a>Organizzazione della Sala COC.\u00a0La sala COC \u00e8 rimasta aperta per 93 giorni a partire dal 4 marzo al 5 giugno 2020. \u00a0A presidio \u00e8 stato impiegato il personale comunale per un totale di 10 persone, 376 giorni uomo e 2064 ore in totale.\u00a0Rilevazione attivit\u00e0 delle associazioni volontari:\u00a0Nel periodo di apertura della sala C.O.C. sono state attivate le associazioni di volontariato in modo sistematico con un totale di 1608 giornate uomo cos\u00ec suddivise: -Associazione Nazionale Alpini \/ Protezione Civile: Presidio ospedale, Consegna pacchi alimentari e mascherine, Sanificazione spazi pubblici, Presidio mercato settimanale 1073 giorni uomo;\u00a0Associazione Nazionale Carabinieri 051: Presidio ospedale e Consegna mascherine e buoni spesa 386 giorni uomo;\u00a0Associazione S.F.C.S Cinofili: Presidio ex Casa Cura Bellati e Consegna mascherine 39 giorni uomo;\u00a0Gruppo Sommozzatori: Presidio ex Casa Cura Bellati e Consegna mascherine 93 giorni uomo;\u00a0Radio Club Feltrino: Presidio ex casa Cura Bellati 17 giorni uomo.\u00a0Inoltre si sono rese disponibili altre nove associazioni di volontariato, in particolare l&#8217;associazione Papiria, Gruppo di Volontari Carabinieri 109 e l&#8217;associazione Serve Una Mano, che si sono rivelate molto utili nelle attivit\u00e0 di imbustamento delle mascherine. Si sono rese disponibili anche altre associazioni quali associazione ASPES, Noi con Voi, Auser &#8211; Circolo al Castello, Chiesa Evangelica, Gruppo Soccorso Alpino.<\/p>\n<p><a class=\"dt-pswp-item\" href=\"https:\/\/www.radiopiu.net\/wordpress\/wp-content\/uploads\/2020\/06\/69e3e9f4-6cfc-431b-8d42-d2421229de57.jpg\" data-dt-img-description=\"\" data-large_image_width=\"1600\" data-large_image_height=\"1200\"><img loading=\"lazy\" decoding=\"async\" class=\"size-medium wp-image-143743 alignleft\" src=\"https:\/\/www.radiopiu.net\/wordpress\/wp-content\/uploads\/2020\/06\/69e3e9f4-6cfc-431b-8d42-d2421229de57-300x225.jpg\" alt=\"\" width=\"300\" height=\"225\" srcset=\"https:\/\/www.radiopiu.net\/wordpress\/wp-content\/uploads\/2020\/06\/69e3e9f4-6cfc-431b-8d42-d2421229de57-300x225.jpg 300w, https:\/\/www.radiopiu.net\/wordpress\/wp-content\/uploads\/2020\/06\/69e3e9f4-6cfc-431b-8d42-d2421229de57-1024x768.jpg 1024w, https:\/\/www.radiopiu.net\/wordpress\/wp-content\/uploads\/2020\/06\/69e3e9f4-6cfc-431b-8d42-d2421229de57-768x576.jpg 768w, https:\/\/www.radiopiu.net\/wordpress\/wp-content\/uploads\/2020\/06\/69e3e9f4-6cfc-431b-8d42-d2421229de57-1536x1152.jpg 1536w, https:\/\/www.radiopiu.net\/wordpress\/wp-content\/uploads\/2020\/06\/69e3e9f4-6cfc-431b-8d42-d2421229de57.jpg 1600w\" sizes=\"auto, (max-width: 300px) 100vw, 300px\" \/><\/a>Distribuzione mascherine:\u00a0A partire dal 21 marzo fino al 29 aprile la Regione Veneto ha inviato pi\u00f9 di 35.000 mascherine che sono state distribuite in modo capillare dai volontari. Alla data del 4 aprile sono state consegnate ai volontari e distribuite a tutta la popolazione nr. 20.899 mascherine. In seguito, sono state distribuite 7.200 mascherine alle attivit\u00e0 commerciali aperte durante il periodo di isolamento con 500 pezzi le grandi strutture di vendita e 100 agli esercizi medio-piccoli. Le 4.840 mascherine donate dai privati (Clivet 3.000 pz., Vivaio Scariot 1.000 pz., citt\u00e0 Cinese di Xi&#8217;an tramite l&#8217;associazione Citt\u00e0 Murate del Veneto 690 pz. e signor Fin Stefano 150 pz.) sono state messe a disposizione per i dipendenti comunali durante il servizio in aggiunta a quelle acquistate dal Comune stesso.<\/p>\n<p>Rilevazione chiamate al C.O.C. di Feltre:\u00a0La sala COC ha ricevuto 667 chiamate per informazioni, registrate a partire dal 7\/03 al 05\/06\/20, con una media di 8 telefonate al giorno con un picco di 50 telefonate il 30\/03\/2020.<\/p>\n<p><strong>L&#8217;ASSESSORE DEL COMUNE DI FELTRE ALLA PROTEZIONE CIVILE ADIS ZATTA<\/strong><\/p>\n<audio class=\"wp-audio-shortcode\" id=\"audio-143710-7\" preload=\"none\" style=\"width: 100%;\" controls=\"controls\"><source type=\"audio\/mpeg\" src=\"https:\/\/www.radiopiu.net\/wordpress\/wp-content\/uploads\/2020\/06\/ADIS-ZATTA-COC-FELTRE.mp3?_=7\" \/><a href=\"https:\/\/www.radiopiu.net\/wordpress\/wp-content\/uploads\/2020\/06\/ADIS-ZATTA-COC-FELTRE.mp3\">https:\/\/www.radiopiu.net\/wordpress\/wp-content\/uploads\/2020\/06\/ADIS-ZATTA-COC-FELTRE.mp3<\/a><\/audio>\n<p>&nbsp;<\/p>\n<p>&nbsp;<\/p>\n<hr \/>\n<p>&nbsp;<\/p>\n<p>&nbsp;<\/p>\n<blockquote>\n<h3><b>RITORNA DOMENICA LA FIERA DELL&#8217;OGGETTO RITROVATO<\/b><\/h3>\n<\/blockquote>\n<p><strong><a class=\"dt-pswp-item\" href=\"https:\/\/www.radiopiu.net\/wordpress\/wp-content\/uploads\/2020\/06\/8019537b-ac50-4b8c-b7b9-443358e62be0.jpg\" data-dt-img-description=\"\" data-large_image_width=\"1080\" data-large_image_height=\"810\"><img loading=\"lazy\" decoding=\"async\" class=\"size-medium wp-image-143738 alignleft\" src=\"https:\/\/www.radiopiu.net\/wordpress\/wp-content\/uploads\/2020\/06\/8019537b-ac50-4b8c-b7b9-443358e62be0-300x225.jpg\" alt=\"\" width=\"300\" height=\"225\" srcset=\"https:\/\/www.radiopiu.net\/wordpress\/wp-content\/uploads\/2020\/06\/8019537b-ac50-4b8c-b7b9-443358e62be0-300x225.jpg 300w, https:\/\/www.radiopiu.net\/wordpress\/wp-content\/uploads\/2020\/06\/8019537b-ac50-4b8c-b7b9-443358e62be0-1024x768.jpg 1024w, https:\/\/www.radiopiu.net\/wordpress\/wp-content\/uploads\/2020\/06\/8019537b-ac50-4b8c-b7b9-443358e62be0-768x576.jpg 768w, https:\/\/www.radiopiu.net\/wordpress\/wp-content\/uploads\/2020\/06\/8019537b-ac50-4b8c-b7b9-443358e62be0.jpg 1080w\" sizes=\"auto, (max-width: 300px) 100vw, 300px\" \/><\/a>FELTRE \u00a0<\/strong>Ritorna domenica 14 giugno l&#8217;appuntamento con la \u201cFiera dell&#8217;oggetto ritrovato \u2013 Mostra-mercato dell&#8217;usato e dell&#8217;antiquariato in centro storico\u201d, nella sua tradizionale collocazione della seconda domenica di ogni mese, Quest&#8217;anno la manifestazione, organizzata dall\u2019Associazione \u201cFeltre Vivere il Centro Storico\u201d con il supporto del Comune di Feltre, avr\u00e0 anche una data straordinaria a ridosso del Natale, domenica 20 dicembre.\u00a0\u00a0La rassegna, che nei giorni scorsi ha ottenuto anche la qualifica di manifestazione fieristica locale a carattere espositivo e promozionale, \u00e8, come noto, una mostra-mercato di prodotti ed oggetti usati di uso quotidiano, che in questi anni ha riscontrato ampio gradimento sia tra i cittadini di Feltre che presso i molti visitatori giunti da fuori.\u00a0Anche durante il 2020 la Fiera si svolger\u00e0 nella suggestiva cornice del centro storico tra via Mezzaterra (da Salita da Romagno verso Piazza Vittorio Emanuele II), Piazza Filippo De Boni, Piazza Vittorio Emanuele II (Piazza Maggiore), Piazzetta delle Biade, Piazza della Legna, Salita Muffoni.\u00a0\u201c<em>La Fiera dell&#8217;Oggetto Ritrovato \u00e8 una delle prime iniziative da cui intendiamo ripartire nell&#8217;ottica di rivitalizzare la citt\u00e0 e il centro storico, avvalorando nel contempo la pratica del riuso e del riciclo degli oggetti altrimenti destinati allo scarto\u201d, commenta l&#8217;assessore Valter Bonan, che aggiunge: \u201cI visitatori troveranno nella cittadella un&#8217;occasione di scambio culturale, oltre che di merci, avvalorato dalla contemporanea apertura della Galleria \u201cRizzarda\u201d e del Museo Civico, dove \u00e8 visitabile da qualche giorno anche la nuova mostra \u201cCarta, Fuoco, Macerie<\/em>\u201d.\u00a0\u00a0\u201c<em>Con la ripresa della Fiera vogliamo contribuire a dare un segno di vitalit\u00e0 della citt\u00e0, dopo il lungo periodo di chiusura forzata che ha inciso pesantemente sulla nostra vita sociale ed economica, aggiunge Massimiliano Conzada, presidente dell&#8217;associazione \u201cFeltre, Vivere il Centro Storico\u201d. La manifestazione \u2013 conclude Conzada \u2013 si terr\u00e0 naturalmente nel rispetto delle normative sul distanziamento sociale e le altre cautele per previste per il contenimento dell&#8217;epidemia<\/em>\u201d.<\/p>\n<p>&nbsp;<\/p>\n<p>&nbsp;<\/p>\n<hr \/>\n<p>&nbsp;<\/p>\n<p>&nbsp;<\/p>\n<blockquote>\n<h2>DA IERI OPERATIVO LO IAT DI PIAZZA DUOMO<\/h2>\n<\/blockquote>\n<p><a class=\"dt-pswp-item\" href=\"https:\/\/www.radiopiu.net\/wordpress\/wp-content\/uploads\/2020\/06\/Apertura-IAT-Piazza-Duomo-1-scaled.jpg\" data-dt-img-description=\"\" data-large_image_width=\"2560\" data-large_image_height=\"1706\"><img loading=\"lazy\" decoding=\"async\" class=\"size-medium wp-image-143807 alignleft\" src=\"https:\/\/www.radiopiu.net\/wordpress\/wp-content\/uploads\/2020\/06\/Apertura-IAT-Piazza-Duomo-1-300x200.jpg\" alt=\"\" width=\"300\" height=\"200\" srcset=\"https:\/\/www.radiopiu.net\/wordpress\/wp-content\/uploads\/2020\/06\/Apertura-IAT-Piazza-Duomo-1-300x200.jpg 300w, https:\/\/www.radiopiu.net\/wordpress\/wp-content\/uploads\/2020\/06\/Apertura-IAT-Piazza-Duomo-1-1024x683.jpg 1024w, https:\/\/www.radiopiu.net\/wordpress\/wp-content\/uploads\/2020\/06\/Apertura-IAT-Piazza-Duomo-1-768x512.jpg 768w, https:\/\/www.radiopiu.net\/wordpress\/wp-content\/uploads\/2020\/06\/Apertura-IAT-Piazza-Duomo-1-1536x1024.jpg 1536w, https:\/\/www.radiopiu.net\/wordpress\/wp-content\/uploads\/2020\/06\/Apertura-IAT-Piazza-Duomo-1-2048x1365.jpg 2048w\" sizes=\"auto, (max-width: 300px) 100vw, 300px\" \/><\/a><strong>BELLUNO<\/strong> Ha riaperto i battenti l&#8217;ufficio di Informazione e Accoglienza Turistica di Piazza Duomo, sotto la nuova gestione del Consorzio Dolomiti Prealpi. Ad augurare il buon lavoro per il prossimo anno di collaborazione al personale del Consorzio che seguir\u00e0 l&#8217;attivit\u00e0 dell&#8217;ufficio erano presenti il Sindaco di Belluno, Jacopo Massaro, l&#8217;assessore al turismo, Yuki d&#8217;Emilia, e il presidente della Fondazione Teatri delle Dolomiti, Renzo Poloni. <em>\u00abAuguriamo un grande in bocca al lupo al Consorzio per questa nuova avventura, ricca di novit\u00e0 anche dal punto gestionale e promozionale. &#8211; affermano Massaro e d&#8217;Emilia \u2013 Non possiamo poi non ringraziare la Fondazione Teatri delle Dolomiti, tramite il suo presidente Renzo Poloni, per il lavoro svolto in questi uffici durante questi anni, lavoro che ha portato buoni frutti e che ci ha permesso di dare in gestione a professionisti del settore un ufficio turistico riconosciuto per la seriet\u00e0 del suo operato\u00bb. <\/em>L&#8217;ufficio di Piazza Duomo fino al 15 ottobre rester\u00e0 aperto tutti i giorni dal luned\u00ec alla domenica dalle 10.00 alle 13.00 e dalle 15.00 alle 18.00; durante l&#8217;orario invernale invece dal sabato al luned\u00ec sar\u00e0 in funzione dalle 10.00 alle 13.00 e dalle 15.00 alle 18.00, mentre il marted\u00ec, il gioved\u00ec e il venerd\u00ec effettuer\u00e0 solo l&#8217;apertura pomeridiana (15.00 \u2013 18.00), restando chiuso nella giornata di mercoled\u00ec. \u00c8 invece attesa per gioved\u00ec 18 giugno alle 11.00 la cerimonia d&#8217;inaugurazione dell&#8217;Infopoint del Nevegal, che trover\u00e0 spazio nei vecchi uffici dell&#8217;Alpe del Nevegal, nel piazzale davanti alla partenza della seggiovia.<\/p>\n<p>&nbsp;<\/p>\n<p>&nbsp;<\/p>\n<hr \/>\n<blockquote>\n<h3><\/h3>\n<h3>#AIUTIAMOCIBELLUNO, CRESCE LA GRANDE FAMIGLIA DEL PROGETTO SOLIDALE<\/h3>\n<\/blockquote>\n<p><strong><a class=\"dt-pswp-item\" href=\"https:\/\/www.radiopiu.net\/wordpress\/wp-content\/uploads\/2018\/08\/CSV.png\" data-dt-img-description=\"\" data-large_image_width=\"296\" data-large_image_height=\"170\"><img loading=\"lazy\" decoding=\"async\" class=\"size-full wp-image-57221 alignleft\" src=\"https:\/\/www.radiopiu.net\/wordpress\/wp-content\/uploads\/2018\/08\/CSV.png\" alt=\"\" width=\"296\" height=\"170\" \/><\/a>BELLUNO\u00a0<\/strong>Cresce la grande famiglia del progetto solidale #aiutiamocibelluno.<span class=\"Apple-converted-space\">\u00a0\u00a0<\/span>L&#8217;associazione Gruppi \u201cInsieme si pu\u00f2\u2026\u201d Onlus partecipa a fianco del Comitato d&#8217;intesa alla raccolta fondi post-Coronavirus da destinare ai Bellunesi in difficolt\u00e0, promossa dal Comitato e dal Fondo Welfare provinciale.\u00a0Un tandem che riunisce pi\u00f9 soggetti per un unico intento:\u00a0risolvere, il pi\u00f9 possibile, criticit\u00e0 create dall\u2019epidemia, in particolare la mancanza di liquidit\u00e0 di singoli e famiglie per assenza o riduzione del reddito.\u00a0\u00ab<em>L\u2019emergenza sanitaria ha messo in luce diverse situazioni di soggetti che fino a quel momento si trovavano in equilibrio precario, ma che in qualche modo riuscivano ad andare avanti. Con la pandemia, e le sue conseguenze a vari livelli, quell\u2019equilibrio si \u00e8 spezzato\u00bb, dichiara il direttore di \u201cInsieme si pu\u00f2&#8230;\u201d Daniele Giaffredo. \u00abLo vediamo ormai quotidianamente nelle richieste di aiuto che riceviamo e che condividiamo con i servizi sociali istituzionali e con le altre realt\u00e0 caritative e associazionistiche della provincia<\/em>\u00bb.\u00a0Da sempre l&#8217;associazione si occupa, oltre che di progetti di cooperazione in vari Paesi del Sud del mondo, anche dell\u2019aiuto alle famiglie del territorio bellunese; da tempo il supporto locale \u00e8 diventato inoltre pi\u00f9 sistematico e strutturato, attraverso il progetto \u201cLa povert\u00e0 a casa nostra\u201d, che nel 2019 ha sostenuto circa 200 famiglie.\u00a0\u00ab<em>Siamo contenti della sensibilit\u00e0 che stanno dimostrando i Bellunesi e dei risultati finora ottenuti, ma abbiamo bisogno di crescere ancora per garantire il massimo supporto in questo particolare momento. Il Fondo Welfare gi\u00e0<span class=\"Apple-converted-space\">\u00a0 <\/span>con Vaia aveva dato prova dell&#8217;efficacia nell&#8217;aiuto concreto a categorie svantaggiate, dunque la sinergia d&#8217;intenti tra istituzioni ed enti \u00e8 l&#8217;unica strada percorribile<\/em>\u00bb commenta Gianluca Corsetti,\u00a0presidente del Comitato d\u2019intesa.\u00a0Dichiara Francesca De Biasi, presidente del Fondo: \u00abLa collaborazione di Insieme si pu\u00f2&#8230; \u00e8 un valore aggiunto al progetto. Il nome di questa importante associazione \u00e8 anche un po&#8217; il motto che il Fondo Welfare si \u00e8 dato in questo anno e mezzo di attivit\u00e0: ci accomuna la capacit\u00e0 di tener fede ai nostri obiettivi costitutivi ed insieme la risposta pronta ai bisogni emergenti del nostro territorio. Speriamo che questa sia la prima di altre future collaborazioni\u00bb.\u00a0La raccolta di fondi avviene tramite lo strumento dell\u2019erogazione liberale, che gode delle agevolazioni fiscali previste dalla legge.\u00a0L\u2019Iban del conto corrente dedicato \u00e8 IT84N0200811910000105892344. La causale \u201cemergenza Covid19\u201d.<\/p>\n<p>&nbsp;<\/p>\n<p>&nbsp;<\/p>\n<hr \/>\n<p>&nbsp;<\/p>\n<blockquote>\n<h3>DOMANI FLASH MOB DI LOGICAMENTE, GENITORI E INSEGNANTI IN MOVIMENTO<\/h3>\n<\/blockquote>\n<p><strong>BELLUNO<\/strong> \u201cLogicamente\u201d \u00e8 un gruppo spontaneo di persone, genitori e insegnanti che si troveranno domani alle 17 prima in Piazza dei Martiri a Belluno e successivamente in Piazza Duomo, sotto Palazzo Rosso (sede del Comune), per un flash mob con l\u2019obbiettivo di rivendicare il diritto ad una scuola vera e \u201cumana\u201d. \u201cA settembre si ipotizza un rientro in classe con mascherine, distanziamento e insegnanti. <em>&#8220;Chi sta ideando queste devastanti misure &#8211; dicono i promotori dell&#8217;iniziativa &#8211;\u00a0 che limiteranno in modo irreparabile i rapporti fra i bambini, con conseguenti ripercussioni sulla loro salute e sul loro equilibrio non ha probabilmente idea di cosa significhi essere ragazzo o bambino&#8221;. <\/em>I genitori e gli insegnanti di tutta Italia sono in rivolta e la cosa sta esplodendo sia sui social che nelle piazze, soprattutto per la paura delle conseguenze psichiche che comporterebbe per i bambini trovarsi tutti con le mascherine e senza poter interagire. <em>&#8220;In particolare &#8211; continuano i genitori &#8211;\u00a0 vorremmo che tutti i sindaci chiedessero al Presidente del Consiglio qual\u2019\u00e8 il numero esatto di tamponi che sono stati fatti in Italia fra 0 e 18 anni, quanti fra questi sono risultati positivi e quanti hanno avuto un esito infausto. <\/em><em>Crediamo che solo numeri esorbitanti i bambini contagiati o che abbiano avuto gravi conseguenze possano giustificare scelte di questo tipo&#8221;.<\/em><\/p>\n<p>&nbsp;<\/p>\n<hr \/>\n<h3><\/h3>\n<p>&nbsp;<\/p>\n<h2>RIPARTENZA ALLEGHESE, RIPRENDE L&#8217;ATTIVITA&#8217; DELLE BIBLIOTECA E VIA AL CENTRO ESTIVO<\/h2>\n<h3><\/h3>\n<h3><a class=\"dt-pswp-item\" href=\"https:\/\/www.radiopiu.net\/wordpress\/wp-content\/uploads\/2020\/01\/bibliostudenti.jpg\" data-dt-img-description=\"\" data-large_image_width=\"600\" data-large_image_height=\"498\"><img loading=\"lazy\" decoding=\"async\" class=\"size-medium wp-image-113028 alignleft\" src=\"https:\/\/www.radiopiu.net\/wordpress\/wp-content\/uploads\/2020\/01\/bibliostudenti-300x249.jpg\" alt=\"\" width=\"300\" height=\"249\" srcset=\"https:\/\/www.radiopiu.net\/wordpress\/wp-content\/uploads\/2020\/01\/bibliostudenti-300x249.jpg 300w, https:\/\/www.radiopiu.net\/wordpress\/wp-content\/uploads\/2020\/01\/bibliostudenti.jpg 600w\" sizes=\"auto, (max-width: 300px) 100vw, 300px\" \/><\/a><\/h3>\n<h3><\/h3>\n<h3><\/h3>\n<h3><\/h3>\n<h3>DI GIANNI SANTOMASO<\/h3>\n<h3><\/h3>\n<h3>BIBLIOTECA<\/h3>\n<audio class=\"wp-audio-shortcode\" id=\"audio-143710-8\" preload=\"none\" style=\"width: 100%;\" controls=\"controls\"><source type=\"audio\/mpeg\" src=\"https:\/\/www.radiopiu.net\/wordpress\/wp-content\/uploads\/2020\/06\/BIBLIOTECA.mp3?_=8\" \/><a href=\"https:\/\/www.radiopiu.net\/wordpress\/wp-content\/uploads\/2020\/06\/BIBLIOTECA.mp3\">https:\/\/www.radiopiu.net\/wordpress\/wp-content\/uploads\/2020\/06\/BIBLIOTECA.mp3<\/a><\/audio>\n<h3>CENTRO ESTIVO<\/h3>\n<audio class=\"wp-audio-shortcode\" id=\"audio-143710-9\" preload=\"none\" style=\"width: 100%;\" controls=\"controls\"><source type=\"audio\/mpeg\" src=\"https:\/\/www.radiopiu.net\/wordpress\/wp-content\/uploads\/2020\/06\/CEBTRO-ESTIVO.mp3?_=9\" \/><a href=\"https:\/\/www.radiopiu.net\/wordpress\/wp-content\/uploads\/2020\/06\/CEBTRO-ESTIVO.mp3\">https:\/\/www.radiopiu.net\/wordpress\/wp-content\/uploads\/2020\/06\/CEBTRO-ESTIVO.mp3<\/a><\/audio>\n<p>&nbsp;<\/p>\n<p>&nbsp;<\/p>\n<hr \/>\n<blockquote>\n<h3><\/h3>\n<h3>CASTELLO DI ANDRAZ AL VIA LA NUOVA STAGIONE<\/h3>\n<\/blockquote>\n<p><strong>LIVINALLONGO<\/strong> Imminente apertura stagionale del Castello di Andraz. Alcune novit\u00e0 in relazione alle misure di sicurezza in materia di Covid-19: le visite non potranno essere ad accesso libero e perci\u00f2 saranno tutte accompagnate e guidate dalle operatrici\/operatori, per gruppi di masimo 10 persone alla volta. Chi vorr\u00e0 visitare il Castello potr\u00e0 scegliere e prenotare la visita pi\u00f9 adatta alle proprie esigenze. Sul sito www.castellodiandraz.it ed i social altre informazioni.<\/p>\n<p><a class=\"dt-pswp-item\" href=\"https:\/\/www.radiopiu.net\/wordpress\/wp-content\/uploads\/2020\/06\/aperture.png\" data-dt-img-description=\"\" data-large_image_width=\"2000\" data-large_image_height=\"1414\"><img loading=\"lazy\" decoding=\"async\" class=\"alignnone size-medium wp-image-143812\" src=\"https:\/\/www.radiopiu.net\/wordpress\/wp-content\/uploads\/2020\/06\/aperture-300x212.png\" alt=\"\" width=\"300\" height=\"212\" srcset=\"https:\/\/www.radiopiu.net\/wordpress\/wp-content\/uploads\/2020\/06\/aperture-300x212.png 300w, https:\/\/www.radiopiu.net\/wordpress\/wp-content\/uploads\/2020\/06\/aperture-1024x724.png 1024w, https:\/\/www.radiopiu.net\/wordpress\/wp-content\/uploads\/2020\/06\/aperture-768x543.png 768w, https:\/\/www.radiopiu.net\/wordpress\/wp-content\/uploads\/2020\/06\/aperture-1536x1086.png 1536w, https:\/\/www.radiopiu.net\/wordpress\/wp-content\/uploads\/2020\/06\/aperture.png 2000w\" sizes=\"auto, (max-width: 300px) 100vw, 300px\" \/><\/a><a class=\"dt-pswp-item\" href=\"https:\/\/www.radiopiu.net\/wordpress\/wp-content\/uploads\/2020\/06\/ORARI-DI-INGRESSO.png\" data-dt-img-description=\"\" data-large_image_width=\"2000\" data-large_image_height=\"1414\"><img loading=\"lazy\" decoding=\"async\" class=\"alignnone size-medium wp-image-143814\" src=\"https:\/\/www.radiopiu.net\/wordpress\/wp-content\/uploads\/2020\/06\/ORARI-DI-INGRESSO-300x212.png\" alt=\"\" width=\"300\" height=\"212\" srcset=\"https:\/\/www.radiopiu.net\/wordpress\/wp-content\/uploads\/2020\/06\/ORARI-DI-INGRESSO-300x212.png 300w, https:\/\/www.radiopiu.net\/wordpress\/wp-content\/uploads\/2020\/06\/ORARI-DI-INGRESSO-1024x724.png 1024w, https:\/\/www.radiopiu.net\/wordpress\/wp-content\/uploads\/2020\/06\/ORARI-DI-INGRESSO-768x543.png 768w, https:\/\/www.radiopiu.net\/wordpress\/wp-content\/uploads\/2020\/06\/ORARI-DI-INGRESSO-1536x1086.png 1536w, https:\/\/www.radiopiu.net\/wordpress\/wp-content\/uploads\/2020\/06\/ORARI-DI-INGRESSO.png 2000w\" sizes=\"auto, (max-width: 300px) 100vw, 300px\" \/><\/a><\/p>\n<p>&nbsp;<\/p>\n<p>&nbsp;<\/p>\n<hr \/>\n<blockquote>\n<h3><\/h3>\n<h3>ASSEMBLEA ANNUALE ANA BELLUNO VERSO L&#8217;ELEZIONE DI LINO DE PRA CON IL GRAZIE PER TANTI ANNI DI IMPEGNO AD ANGELO DAL BORGO<\/h3>\n<\/blockquote>\n<p><strong><a class=\"dt-pswp-item\" href=\"https:\/\/www.radiopiu.net\/wordpress\/wp-content\/uploads\/2018\/10\/ana-alpini.png\" data-dt-img-description=\"\" data-large_image_width=\"225\" data-large_image_height=\"225\"><img loading=\"lazy\" decoding=\"async\" class=\" wp-image-62421 alignleft\" src=\"https:\/\/www.radiopiu.net\/wordpress\/wp-content\/uploads\/2018\/10\/ana-alpini.png\" alt=\"\" width=\"97\" height=\"97\" srcset=\"https:\/\/www.radiopiu.net\/wordpress\/wp-content\/uploads\/2018\/10\/ana-alpini.png 225w, https:\/\/www.radiopiu.net\/wordpress\/wp-content\/uploads\/2018\/10\/ana-alpini-150x150.png 150w\" sizes=\"auto, (max-width: 97px) 100vw, 97px\" \/><\/a>BELLUNO\u00a0<\/strong>Sabato 20 giugno al Palasport &#8220;A. De Mas&#8221; di Belluno si terr\u00e0 l&#8217;assemblea annuale della Sezione Alpini di Belluno. Alle 14 l&#8217;apertura con la verifica dei poteri, alle 14:40 l&#8217;alza bandiera e l&#8217;onore ai caduti all&#8217;esterno della struttura. Alle 15 l&#8217;assemblea dei delegati nel corso della quale saranno rinnovate le cariche sezionali. Si ricorda che l&#8217;accesso \u00e8 consentito solo con uso di mascherina e rispetto del distanziamento sociale.<\/p>\n<p>Dopo due forzati rinvii che sono stati causati dall\u2019emergenza sanitaria del Covid finalmente l&#8217;assemblea alla quale prenderanno parte i delegati dei 44 Gruppi appartenenti alla Sezione. All\u2019ordine del giorno sono previste le relazioni del Presidente, del Tesoriere e del Collegio dei Revisori dei conti, il dibattito aperto ai delegati e gli interventi delle autorit\u00e0. Punto focale dell\u2019assise saranno le operazioni per l\u2019elezione del nuovo Presidente, dei membri del Consiglio Direttivo, del Collegio dei Revisori dei conti e della Giunta di scrutinio per il triennio 2020-2022. L\u2019assemblea, pertanto, a norma di statuto sar\u00e0 chiamata ad eleggere in via diretta il Presidente sezionale che, per la sostituzione dell\u2019uscente Angelo Dal Borgo, vede quale candidato unico Lino De Pra, attuale vice presidente vicario.<\/p>\n<p>&nbsp;<\/p>\n<p>&nbsp;<\/p>\n<hr \/>\n<p>&nbsp;<\/p>\n<p>&nbsp;<\/p>\n<blockquote>\n<h3><a class=\"dt-pswp-item\" href=\"https:\/\/www.radiopiu.net\/wordpress\/wp-content\/uploads\/2020\/06\/download.png\" data-dt-img-description=\"\" data-large_image_width=\"212\" data-large_image_height=\"174\"><img loading=\"lazy\" decoding=\"async\" class=\"wp-image-143816 alignleft\" src=\"https:\/\/www.radiopiu.net\/wordpress\/wp-content\/uploads\/2020\/06\/download.png\" alt=\"\" width=\"105\" height=\"86\" \/><\/a>ASSEMBLEA GENERALE CONSORZIO BIM PIAVE<\/h3>\n<\/blockquote>\n<p><strong>BELLUNO<\/strong> Venerdi 19 giugno alle 14.15 al centro Diocesano Giovanni XXIII assemblea del Consorzio Bim Piave, in seduta pubblica. In discussione: approvazione rendiconto di gestione 2019, prima variazione al bilancio 2020-2022 e comunicazioni<\/p>\n<p>&nbsp;<\/p>\n<p><strong>LA DONAZIONE<\/strong>:\u00a0 Il Consorzio dei comuni del Bacino Imbrifero Montano del Piave ha donato all\u2019Ulss Dolomiti una serie di importanti attrezzature utili alla cura e al trasporto di pazienti bellunesi colpiti dal virus Covid19per un valore complessivo di 133 mila euro. Le apparecchiature saranno distribuite nei presidi ospedalieri della provincia. <em>\u201cIl contributo del Consorzio BIM Piave di Belluno \u2013 dichiara il Presidente Umberto Soccal &#8211; \u00e8 il segno della sensibilit\u00e0 e della solidariet\u00e0 dei Sindaci dei Comuni consorziati, che nel momento dell\u2019emergenza hanno deciso di unire le loro forze, utilizzando importanti risorse che normalmente sarebbero nella disponibilit\u00e0 dei singoli territori per mettere a disposizione dell\u2019Azienda Sanitaria bellunese attrezzature fondamentali per la gestione emergenziale nella cura dei pazienti colpiti dal Coronavirus. Tali attrezzature certamente saranno molto utili anche per l\u2019attivit\u00e0 a regime degli Ospedali della provincia di Belluno nella gestione post-emergenziale\u201d.<\/em><\/p>\n<p>&nbsp;<\/p>\n<p>&nbsp;<\/p>\n<hr \/>\n<p>&nbsp;<\/p>\n<blockquote>\n<h3>CONVOCAZIONE LEGHISTA<\/h3>\n<\/blockquote>\n<p><strong>BELLUNO<\/strong> Oggi alle 10.30 nella sede della Lega Nord incontro con la stampa, in discussione la mozione congiunta in merito alla gestione dell&#8217;Unione Montana Belluno-Ponte nelle Alpi. Partecipano: i consiglier comunali di Belluno<em> Luciano Da Pian, di Ponte nelle Alpi<\/em><em> Paolo De Vettor, il C<\/em><em>onsigliere regionale Franco Gidoni e il <\/em><em>Segretario cittadino della Lega Paolo Luciani<\/em><\/p>\n<p>&nbsp;<\/p>\n<hr \/>\n<p>&nbsp;<\/p>\n<p>&nbsp;<\/p>\n<blockquote class=\"wp-embedded-content\" data-secret=\"TzIrSPv7oW\"><p><a href=\"https:\/\/www.radiopiu.net\/wordpress\/capitelli-e-immagini-sacre-della-parrocchia-di-orzes-di-renato-bona\/\">CAPITELLI E IMMAGINI SACRE DELLA PARROCCHIA DI ORZES di RENATO BONA<\/a><\/p><\/blockquote>\n<p><iframe loading=\"lazy\" class=\"wp-embedded-content\" sandbox=\"allow-scripts\" security=\"restricted\" style=\"position: absolute; clip: rect(1px, 1px, 1px, 1px);\" title=\"&#8220;CAPITELLI E IMMAGINI SACRE DELLA PARROCCHIA DI ORZES di RENATO BONA&#8221; &#8212; Radio Pi\u00f9\" src=\"https:\/\/www.radiopiu.net\/wordpress\/capitelli-e-immagini-sacre-della-parrocchia-di-orzes-di-renato-bona\/embed\/#?secret=TzIrSPv7oW\" data-secret=\"TzIrSPv7oW\" width=\"600\" height=\"338\" frameborder=\"0\" marginwidth=\"0\" marginheight=\"0\" scrolling=\"no\"><\/iframe><\/p>\n<p>&nbsp;<\/p>\n<p>&nbsp;<\/p>\n<hr \/>\n<p>&nbsp;<\/p>\n<p>&nbsp;<\/p>\n<blockquote>\n<h3>L&#8217;OPINIONE<\/h3>\n<\/blockquote>\n<p><strong>di Franco Piacentini_Feltre<\/strong><\/p>\n<p><em>\u201cLa quattordicesima per i pensionati bellunesi con reddito previdenziale basso\u201d<\/em><em>Nei prossimi giorni arriver\u00e0 la quattordicesima per i pensionati dei settori privati che a<\/em><em>luglio 2020 e per i pensionati dei comparti pubblici che entro giugno 2020, avranno<\/em><em>compiuto 64 anni di et\u00e0 (per chi compir\u00e0 i 64 anni da agosto in poi o \u00e8 andato in<\/em><em>pensione nel durante il corrente anno, il pagamento della quattordicesima sar\u00e0<\/em><em>posticipato nel mese di dicembre 2020) e che il loro reddito previdenziale annuo non <\/em><em>superi i 10.043, 87 \u20acuro (valore fino 1,5 volte il trattamento minimo) per aver diritto alla <\/em><em>quota di quattordicesima \u201cmaggiorata\u201d o non superi i 13.391, 82 \u20acuro (da 1,5 a 2 volte il <\/em><em>trattamento minino) per ricevere la quota di quattordicesima \u201cridotta\u201d. Quest\u2019ultima \u00e8 <\/em><em>stata una conquista dei Sindacati Pensionati: SPI CGIL \u2013 FNP CISL \u2013 UILP UIL, che <\/em><em>con l\u2019accordo del 2017, raggiunto con il Governo Gentiloni, \u00e8 stato ampliato il numero <\/em><em>degli aventi diritto e sono stati incrementati gli importi per coloro che gi\u00e0 ricevevano la<\/em><em>quattordicesima. La conquista sindacale della quattordicesima ai pensionati \u00e8 datata<\/em><br \/>\n<em>2007, per merito della concertazione (dell\u2019intesa) tra CGIL CISL UIL e il Governo Prodi.<\/em><em>In aggiunta alla prossima mensilit\u00e0 (quella di luglio o successive) l\u2019INPS verser\u00e0 nei<\/em><em>rispettivi conti correnti bancari o postali dei pensionati aventi diritto i seguenti importi<\/em><em>che sono vincolati alle tre fasce di anni contributivi (15 anni \u2013 da 15 a 25 anni \u2013 oltre<\/em><em>25 anni), precisando che per i pensionati ex lavoratori autonomi l\u2019anzianit\u00e0 contributiva<\/em><br \/>\n<em>\u00e8 elevata di tre anni: quattordicesima \u201cmaggiorata\u201d, \u20acuro: 437; 546; 655 \u2013<\/em><em>quattordicesima \u201cridotta\u201d,\u20acuro: 336; 420; 504. Sulla base degli ultimi dati (aggiornati al <\/em><em>2018) riportati nell\u2019Osservatorio Statistico Nazionale dell\u2019INPS i pensionati oggi over <\/em><em>64enni, quindi, per et\u00e0 anagrafica, potenziali aventi diritto alla quattordicesima, in <\/em><em>provincia di Belluno, su un totale generale di 60.285, sono 48.761 (maschi = n. 22.319 <\/em><em>femmine = n.26.442). Se al requisito dell\u2019et\u00e0 si somma l\u2019altra obbligatoria condizione, <\/em><em>quella del reddito previdenziale, analizzando gli specifici due valori economici delle<\/em><em>pensioni (1,5 e 2 volte il trattamento minino: 10.043, 87 \u20acuro &amp; 13.391, 82 \u20acuro) in<\/em><br \/>\n<em>provincia di Belluno i possibili pensionati beneficiari della quattordicesima, declinata <\/em><em>nelle due opzioni, numericamente sono: circa 4.800 nella fascia \u201cmaggiorata\u201d e circa <\/em><em>7.000 in quella \u201cridotta\u201d. Grazie allo sforzo sindacale di SPI FNP UILP, \u00e8 stata acquisita <\/em><em>la quattordicesima per le pensionate ed i pensionati con redditi previdenziali che al <\/em><em>lordo non superano i mille euro mensili. E\u2019 stato un atto di giustizia sociale, da prendere <\/em><em>come esempio per raggiungere il traguardo della complessiva nuova riforma <\/em><em>previdenziale intergenerazionale. Per ricevere informazioni e\/o chiarimenti sulla <\/em><em>quattordicesima, gli interessati possono rivolgersi alle sedi dei Patronati sindacali e\/o ai <\/em><em>recapiti zonali e comunali dei Sindacati pensionati, in questo periodo di emergenza <\/em><em>sanitaria Covid \u2013 19, gli appuntamenti vanno sempre telefonicamente prenotati.<\/em><\/p>\n<p>&nbsp;<\/p>\n<hr \/>\n<p>&nbsp;<\/p>\n<p>&nbsp;<\/p>\n<h3>I premi della Lotteria del Carnevale di Sedico saranno ritirabili, previo appuntamento telefonico (0437\/83666), il sabato mattina dalle 9.00 alle 12.00 presso l\u2019ufficio della Pro Loco di Sedico. A\u00a0causa della situazione attuale, potr\u00e0 entrare in sede una sola persona alla volta munita di mascherina.<\/h3>\n<a href=\"https:\/\/www.radiopiu.net\/wordpress\/wp-content\/uploads\/2020\/06\/ESTRAZIONE-LOTTERIA-2020.pdf\" class=\"pdfemb-viewer\" style=\"\" data-width=\"max\" data-height=\"max\" data-toolbar=\"top\" data-toolbar-fixed=\"on\">ESTRAZIONE LOTTERIA 2020<\/a>\n<p>&nbsp;<\/p>\n<p>&nbsp;<\/p>\n<hr \/>\n<h2>IERI ALLA RADIO<\/h2>\n<h3><a class=\"dt-pswp-item\" href=\"https:\/\/www.radiopiu.net\/wordpress\/wp-content\/uploads\/2020\/06\/ALLEGHE-FUNIVIE.jpg\" data-dt-img-description=\"\" data-large_image_width=\"1056\" data-large_image_height=\"1056\"><img loading=\"lazy\" decoding=\"async\" class=\"size-medium wp-image-143716 alignleft\" src=\"https:\/\/www.radiopiu.net\/wordpress\/wp-content\/uploads\/2020\/06\/ALLEGHE-FUNIVIE-300x300.jpg\" alt=\"\" width=\"300\" height=\"300\" srcset=\"https:\/\/www.radiopiu.net\/wordpress\/wp-content\/uploads\/2020\/06\/ALLEGHE-FUNIVIE-300x300.jpg 300w, https:\/\/www.radiopiu.net\/wordpress\/wp-content\/uploads\/2020\/06\/ALLEGHE-FUNIVIE-1024x1024.jpg 1024w, https:\/\/www.radiopiu.net\/wordpress\/wp-content\/uploads\/2020\/06\/ALLEGHE-FUNIVIE-150x150.jpg 150w, https:\/\/www.radiopiu.net\/wordpress\/wp-content\/uploads\/2020\/06\/ALLEGHE-FUNIVIE-768x768.jpg 768w, https:\/\/www.radiopiu.net\/wordpress\/wp-content\/uploads\/2020\/06\/ALLEGHE-FUNIVIE.jpg 1056w\" sizes=\"auto, (max-width: 300px) 100vw, 300px\" \/><\/a><span style=\"color: #00ff00;\">CRISTIAN MORETTI E ANDREA DAL FARRA, ALLEGHE FUNIVIE<\/span><\/h3>\n<p><strong>di Claudio Fontanive<\/strong><\/p>\n<audio class=\"wp-audio-shortcode\" id=\"audio-143710-10\" preload=\"none\" style=\"width: 100%;\" controls=\"controls\"><source type=\"audio\/mpeg\" src=\"https:\/\/www.radiopiu.net\/wordpress\/wp-content\/uploads\/2020\/06\/dal-farra-moretti-11-giugno.mp3?_=10\" \/><a href=\"https:\/\/www.radiopiu.net\/wordpress\/wp-content\/uploads\/2020\/06\/dal-farra-moretti-11-giugno.mp3\">https:\/\/www.radiopiu.net\/wordpress\/wp-content\/uploads\/2020\/06\/dal-farra-moretti-11-giugno.mp3<\/a><\/audio>\n<p>&nbsp;<\/p>\n<p>&nbsp;<\/p>\n<hr \/>\n<h3><\/h3>\n<h3><a class=\"dt-pswp-item\" href=\"https:\/\/www.radiopiu.net\/wordpress\/wp-content\/uploads\/2019\/02\/Logo_Spi-CGIL-800x445.jpg\" data-dt-img-description=\"\" data-large_image_width=\"800\" data-large_image_height=\"445\"><img loading=\"lazy\" decoding=\"async\" class=\"size-medium wp-image-75538 alignleft\" src=\"https:\/\/www.radiopiu.net\/wordpress\/wp-content\/uploads\/2019\/02\/Logo_Spi-CGIL-800x445-300x167.jpg\" alt=\"\" width=\"300\" height=\"167\" srcset=\"https:\/\/www.radiopiu.net\/wordpress\/wp-content\/uploads\/2019\/02\/Logo_Spi-CGIL-800x445-300x167.jpg 300w, https:\/\/www.radiopiu.net\/wordpress\/wp-content\/uploads\/2019\/02\/Logo_Spi-CGIL-800x445-768x427.jpg 768w, https:\/\/www.radiopiu.net\/wordpress\/wp-content\/uploads\/2019\/02\/Logo_Spi-CGIL-800x445.jpg 800w\" sizes=\"auto, (max-width: 300px) 100vw, 300px\" \/><\/a><span style=\"color: #ff0000;\">SPECIALE SPI CGIL<\/span><\/h3>\n<p><strong>di Claudio Fontanive\u00a0<\/strong><\/p>\n<audio class=\"wp-audio-shortcode\" id=\"audio-143710-11\" preload=\"none\" style=\"width: 100%;\" controls=\"controls\"><source type=\"audio\/mpeg\" src=\"https:\/\/www.radiopiu.net\/wordpress\/wp-content\/uploads\/2020\/06\/spi-cgil-11-giugno.mp3?_=11\" \/><a href=\"https:\/\/www.radiopiu.net\/wordpress\/wp-content\/uploads\/2020\/06\/spi-cgil-11-giugno.mp3\">https:\/\/www.radiopiu.net\/wordpress\/wp-content\/uploads\/2020\/06\/spi-cgil-11-giugno.mp3<\/a><\/audio>\n<p>&nbsp;<\/p>\n<hr \/>\n<p>&nbsp;<\/p>\n<p>&nbsp;<\/p>\n<p><span style=\"color: #ff0000;\">L&#8217;ANGOLO DELLA POESIA<\/span><\/p>\n<p><strong>DI JOHN FRANCIS DELLA PIETRA<\/strong><\/p>\n<audio class=\"wp-audio-shortcode\" id=\"audio-143710-12\" preload=\"none\" style=\"width: 100%;\" controls=\"controls\"><source type=\"audio\/mpeg\" src=\"https:\/\/www.radiopiu.net\/wordpress\/wp-content\/uploads\/2020\/06\/john.mp3?_=12\" \/><a href=\"https:\/\/www.radiopiu.net\/wordpress\/wp-content\/uploads\/2020\/06\/john.mp3\">https:\/\/www.radiopiu.net\/wordpress\/wp-content\/uploads\/2020\/06\/john.mp3<\/a><\/audio>\n<p><strong>Natura madre e maestra<\/strong><\/p>\n<p>L abbiamo dimenticato<br \/>\nX poca memoria<br \/>\nO xk\u00e9 ciascuno di noi s \u00e8 inventato<br \/>\nDi farla lui la storia<br \/>\nInvece di trovar in lei umil emozione<br \/>\nS \u00e8 dato adito a tutta l umana presunzione<br \/>\nMentre lei c insegnava la retta via<br \/>\nX la tangente globale siam volati via<br \/>\nAbbiam perseguito l interesse di pochi<br \/>\nBruciandoci poi nel comune martirio dei pandemici fuochi<br \/>\nAbbiam scordato illustri letterati qual Dante<br \/>\nAd ogni monito abbiam risposto con orecchie da mercante<br \/>\nOr c han privato della dignit\u00e0<br \/>\nE quasi della libert\u00e0<br \/>\nSiam l\u00ec ansiosi e tesi<br \/>\nDipendenti da social e media famelici in attesa delle lor notizie protesi<br \/>\nNon c accorgiamo dei suoi brontolii dei temporali<br \/>\nChe non si ricordano tra i passati annali<br \/>\nL. accusiamo solo del male<br \/>\nDi cui noi umanit\u00e0 siam l artefice principale<br \/>\nAndiamo avanti diritti verso il disastro<br \/>\nSenza recedere in collisione col ns astro<br \/>\nNessun china la testa in segno d umilt\u00e0<br \/>\nMi sembra sia ora d aver un po&#8217; d obiettivit\u00e0<br \/>\nDi far indietro un passo<br \/>\nPrima d un final collasso<br \/>\nPrendiamola ad esempio<br \/>\nFermiamo il terren scempio<br \/>\nRipartiamo dall inizio dai valori veri della vita<br \/>\nAbbracciamola natura Madre e maestra infinita&#8230;<\/p>\n<p>&nbsp;<\/p>\n<p>&nbsp;<\/p>\n<hr \/>\n<h3><span style=\"color: #ff00ff;\">DUE MINUTI UN LIBRO<\/span><\/h3>\n<blockquote class=\"wp-embedded-content\" data-secret=\"cmZdhaD8JG\"><p><a href=\"https:\/\/www.radiopiu.net\/wordpress\/la-casa-delle-voci\/\">LA CASA DELLE VOCI<\/a><\/p><\/blockquote>\n<p><iframe loading=\"lazy\" class=\"wp-embedded-content\" sandbox=\"allow-scripts\" security=\"restricted\" style=\"position: absolute; clip: rect(1px, 1px, 1px, 1px);\" title=\"&#8220;LA CASA DELLE VOCI&#8221; &#8212; Radio Pi\u00f9\" src=\"https:\/\/www.radiopiu.net\/wordpress\/la-casa-delle-voci\/embed\/#?secret=cmZdhaD8JG\" data-secret=\"cmZdhaD8JG\" width=\"600\" height=\"338\" frameborder=\"0\" marginwidth=\"0\" marginheight=\"0\" scrolling=\"no\"><\/iframe><\/p>\n<p><strong>LE ALTRE PUNTATE<\/strong><\/p>\n<blockquote class=\"wp-embedded-content\" data-secret=\"emPdSaOYRi\"><p><a href=\"https:\/\/www.radiopiu.net\/wordpress\/due-minuti-un-libro\/\">Due minuti un libro<\/a><\/p><\/blockquote>\n<p><iframe loading=\"lazy\" class=\"wp-embedded-content\" sandbox=\"allow-scripts\" security=\"restricted\" style=\"position: absolute; clip: rect(1px, 1px, 1px, 1px);\" title=\"&#8220;Due minuti un libro&#8221; &#8212; Radio Pi\u00f9\" src=\"https:\/\/www.radiopiu.net\/wordpress\/due-minuti-un-libro\/embed\/#?secret=emPdSaOYRi\" data-secret=\"emPdSaOYRi\" width=\"600\" height=\"338\" frameborder=\"0\" marginwidth=\"0\" marginheight=\"0\" scrolling=\"no\"><\/iframe><\/p>\n<h3><span style=\"color: #008000;\">AGORDINOMERON<\/span><\/h3>\n<blockquote class=\"wp-embedded-content\" data-secret=\"ane8glTiWA\"><p><a href=\"https:\/\/www.radiopiu.net\/wordpress\/agordinomeron\/\">AGORDINOMERON, IL TERRITORIO SI RACCONTA Da un&#8217;idea di Gianni Santomaso<\/a><\/p><\/blockquote>\n<p><iframe loading=\"lazy\" class=\"wp-embedded-content\" sandbox=\"allow-scripts\" security=\"restricted\" style=\"position: absolute; clip: rect(1px, 1px, 1px, 1px);\" title=\"&#8220;AGORDINOMERON, IL TERRITORIO SI RACCONTA Da un&#8217;idea di Gianni Santomaso&#8221; &#8212; Radio Pi\u00f9\" src=\"https:\/\/www.radiopiu.net\/wordpress\/agordinomeron\/embed\/#?secret=ane8glTiWA\" data-secret=\"ane8glTiWA\" width=\"600\" height=\"338\" frameborder=\"0\" marginwidth=\"0\" marginheight=\"0\" scrolling=\"no\"><\/iframe><\/p>\n<h3><span style=\"color: #0000ff;\">IL MESSAGGIO DEI SACERDOTI A RADIO PIU&#8217;<\/span><\/h3>\n<blockquote class=\"wp-embedded-content\" data-secret=\"tQVweTrQli\"><p><a href=\"https:\/\/www.radiopiu.net\/wordpress\/chiesa\/\">DON CESARE  SU RADIO PIU&#8217; ALLE 7.30 E 19.30, PARROCCHIE DI AGORDO, LA VALLE E TAIBON<\/a><\/p><\/blockquote>\n<p><iframe loading=\"lazy\" title=\"&#8220;DON CESARE  SU RADIO PIU&#8217; ALLE 7.30 E 19.30, PARROCCHIE DI AGORDO, LA VALLE E TAIBON&#8221; &#8212; Radio Pi\u00f9\" class=\"wp-embedded-content\" sandbox=\"allow-scripts\" security=\"restricted\" style=\"position: absolute; clip: rect(1px, 1px, 1px, 1px);\" src=\"https:\/\/www.radiopiu.net\/wordpress\/chiesa\/embed\/#?secret=tQVweTrQli\" data-secret=\"tQVweTrQli\" width=\"600\" height=\"338\" frameborder=\"0\" marginwidth=\"0\" marginheight=\"0\" scrolling=\"no\"><\/iframe><\/p>\n<p>&nbsp;<\/p>\n<hr \/>\n<p>&nbsp;<\/p>\n<p><strong class=\"photoswipe-wrapper\"><a class=\"dt-pswp-item pspw-wrap-ready\" href=\"https:\/\/i0.wp.com\/www.radiopiu.net\/wordpress\/wp-content\/uploads\/2018\/09\/viabilita.jpeg?ssl=1\" data-dt-img-description=\"\" data-large_image_width=\"800\" data-large_image_height=\"100\"><img loading=\"lazy\" decoding=\"async\" class=\"aligncenter wp-image-61954 size-full jetpack-lazy-image jetpack-lazy-image--handled\" src=\"https:\/\/i0.wp.com\/www.radiopiu.net\/wordpress\/wp-content\/uploads\/2018\/09\/viabilita.jpeg?resize=800%2C100&amp;ssl=1\" sizes=\"auto, (max-width: 800px) 100vw, 800px\" srcset=\"https:\/\/i0.wp.com\/www.radiopiu.net\/wordpress\/wp-content\/uploads\/2018\/09\/viabilita.jpeg?w=800&amp;ssl=1 800w, https:\/\/i0.wp.com\/www.radiopiu.net\/wordpress\/wp-content\/uploads\/2018\/09\/viabilita.jpeg?resize=300%2C38&amp;ssl=1 300w, https:\/\/i0.wp.com\/www.radiopiu.net\/wordpress\/wp-content\/uploads\/2018\/09\/viabilita.jpeg?resize=768%2C96&amp;ssl=1 768w\" alt=\"\" width=\"800\" height=\"100\" data-lazy-loaded=\"1\" \/><\/a><\/strong><\/p>\n<p><strong>\u00a0<\/strong><\/p>\n<p>PROVINCIALE 20 DELLA VAL FIORENTINA, SELVA DI CADORE: FINO AL 4 LUGLIO, CHIUSURA TOTALE TRA SOLATOR E IL CENTRO DEL PAESE ANCHE NEI GIORNI FESTIVI E PREFESTIVI, DAL CHILOMETRO 4.850 AL CHILOMETRO 5.100. TRANSITO CONSENTITO AI LOCALI CON TEMPI DI ATTESA MASSIMI STIMATI IN 30 MINUTI IN LOCALITA\u2019 SOLATOR DAL CHILOMETRO 4.400 AL CHILOMETRO 4.850<\/p>\n<p>REGIONALE 48 DELLE DOLOMITI, LOCALIT\u00c0 POCOL INIZIO ABITATO CORTINA,FINO\u00a0 AL 12 GIUGNO SEMAFORO PER TRATTI DI 250 METRI ANCHE NEI GIORNI FESTIVI E PREFESTIVI<\/p>\n<p>REGIONALE 203 AGORDINA FINO AL 15 GIUGNO IN LOCALIT\u00c0 LA MUDA DEVIAZIONE SU VIABILIT\u00c0 PROVVISORIA, PRUDENZA<\/p>\n<p>PROVINCIALE 12 PEDEMONTANA LOCALIT\u00c0 PONTE MAS, CHIUSURA TOTALE DI PONTE MAS FINO\u00a0 AL 30 GIUGNO<\/p>\n<p>STRADA REGIONALE 48 DELLE DOLOMITI, DAL KM 110,350 AL KM 112, SENSO UNICO ALTERNATO REGOLATO DA IMPIANTO SEMAFORICO ANCHE SABATO E FESTIVI FINO\u00a0 AL 30 GIUGNO PER POSA ELETTRODOTTO INTERRATO<\/p>\n<p>PROVINCIALE 563 DI SALESEI, FINO\u00a0 AL 3 LUGLIO, SENSO UNICO ALTERNATO REGOLATO DA IMPIANTO SEMAFORICO IN LOCALIT\u00c0 DIGONERA PER MESSA IN SICUREZZA PIANO VIABILE, SABATO E FESTIVI INCLUSI<\/p>\n<p>REGIONALE 203 AGORDINA, CANDATEN-LA STANGA, FINO\u00a0 AL 30 GIUGNO INCLUSI SABATO E DOMENICA DALLE 7.30 ALLE 9 E DALLE 16.30 ALLE 18 SENSO UNICO ALTERNATO CON MOVIERI, NEGLI ALTRI PERIODI SENSO UNICO CON SEMAFORO.<\/p>\n<p>PROVINCIALE 563 DI SALESEI, FINO AL\u00a0 19 GIUGNO, DOMENICHE E FESTIVI ESCLUSI, SENSO UNICO ALTERNATO REGOLATO DA IMPIANTO SEMAFORICO E POSSIBILI BREVI INTERRUZIONI AL TRAFFICO DI 15 MINUTI PER MESSA IN SICUREZZA VERSANTE A MONTE DELLA STRADA<\/p>\n<p>STRADA PROVINCIALE 346 DEL SAN PELLEGRINO, NEI COMUNI DI FALCADE, CANALE E VALLADA, FINO\u00a0 AL 3 LUGLIO, INCLUSI SABATI E DOMENICHE, POSSIBILE ISTITUZIONE DI SENSO UNICO ALTERNATO REGOLATO DA MOVIERI PER SOSTITUZIONE CONDUTTORI E MANUTENZIONE LINEA ELETTRICA ALTA TENSIONE<\/p>\n<p>REGIONALE 203 AGORDINA, NEL COMUNE DI CENCENIGHE, FINO\u00a0 AL 3 LUGLIO, INCLUSI SABATI E DOMENICHE, POSSIBILE ISTITUZIONE DI SENSO UNICO ALTERNATO REGOLATO DA MOVIERI PER SOSTITUZIONE CONDUTTORI E MANUTENZIONE LINEA ELETTRICA ALTA TENSIONE<\/p>\n<p>STRADA PROVINCIALE 422 DELL\u2019ALPAGO E DEL CANSIGLIO, FINO AL\u00a0 19 GIUGNO, DALLE 8 ALLE 19, SENSO UNICO ALTERNATO REGOLATO DA IMPIANTO SEMAFORICO O MOVIERE PER POSA FIBRA OTTICA<\/p>\n<p>STRADA PROVINCIALE 346 DEL SAN PELLEGRINO, NEL COMUNE DI VALLADA AGORDINA\u00a0 FINO AL\u00a0 19 GIUGNO SENSO UNICO ALTERNATO REGOLATO DA IMPIANTO SEMAFORICO PER MESSA IN SICUREZZA BARRIERE DI PROTEZIONE LATERALI<\/p>\n<p>STRADA REGIONA 203 AGORDINA, TRA MAS DI SEDICO E CERNADOI SU TRATTI SALTUARI DI STRADA, FINO\u00a0 AL 30 GIUGNO, ESCLUSO SABATO E DOMENICA, SENSO UNICO ALTERNATO REGOLATO DA IMPIANTO SEMAFORICO PER MESSA IN SICUREZZA BARRIERE DI PROTEZIONE LATERALI<\/p>\n<p>STRADA PROVINCIALE 347 DEL PASSO CEREDA E DURAN, NEL COMUNE DI GOSALDO (LOC. SANT\u2019ANDREA),\u00a0 FINO\u00a0 AL 20 GIUGNO SENSO UNICO ALTERNATO REGOLATO DA IMPIANTO SEMAFORICO PER MESSA IN SICUREZZA DELLA STRADA<\/p>\n<p>STRADA PROVINCIALE 347 DEL PASSO CEREDA E DURAN, NEL COMUNE DI AGORDO, FINO\u00a0 AL 12 GIUGNO SENSO UNICO ALTERNATO REGOLATO DA IMPIANTO SEMAFORICO PER POSA FIBRA OTTICA<\/p>\n<p>STRADA REGIONALE 48 DELLE DOLOMITI, NEL COMUNE DI LIVINALLONGO DEL COL DI LANA IN LOCALITA\u2019 ANDRAZ, FINO\u00a0 AL 30 GIUGNO SENSO UNICO ALTERNATO REGOLATO DA IMPIANTO SEMAFORICO O MOVIERE CON POSSIBILI BREVI INTERRUZIONI TOTALI AL TRAFFICO DELLA DURATA MASSIMA DI 10 MINUTI, PER LAVORI DI MESSA IN SICUREZZA DEL VERSANTE<\/p>\n<p>STRADA PROVINCIALE 641 DEL PASSO FEDAIA, A SOTTOGUDA DI ROCCA PIETORE,FINO\u00a0 AL 19 GIUGNO, DALLE 7 ALLE 12 E DALLE 13 ALLE 18 ESCLUSI SABATO E DOMENICA, SENSO UNICO ALTERNATO REGOLATO DA MOVIERI PER RIPRISTINO PIANO VIABILE SU CAVIDOTTO MEDIA TENSIONE.<\/p>\n<p>STRADA PROVINCIALE 347 DEL PASSO CEREDA E DURAN, COMUNE DI VAL DI ZOLDO LOCALITA\u2019 CORNIGIAN, FINO AL 10 GIUGNO DALLE 7 ALLE 18\u00a0SENSO UNICO ALTERNATO REGOLATO DA IMPIANTO SEMAFORICO PER RICERCHE GEOGNOSTICHE<\/p>\n<p>48 DELLE DOLOMITI, LOCALITA\u2019 ANDRAZ DI LIVINALLONGO, FINO\u00a0 AL 26 GIUGNO SENSO UNICO CON SEMAFORO<\/p>\n<p>STRADA REGIONALE 203 AGORDINA TRA PERON E CANDATEN, DAL 15 GIUGNO AL 31 LUGLIO ESCLUSI SABATI E DOMENICHE, DALLE 7:30 ALLE 9 E E DALLE 16:30 ALLE 18 SENSO UNICO ALTERNATO REGOLATO DA MOVIERI. NEGLI ALTRI ORARI SENSO UNICO ALTERNATO REGOLATO DA SEMAFORO PER INTERRAMENTO CAVIDOTTO E-DISTRIBUZIONE<\/p>\n<p>&nbsp;<\/p>\n<hr \/>\n<p>&nbsp;<\/p>\n<p><a class=\"dt-pswp-item\" href=\"https:\/\/www.radiopiu.net\/wordpress\/wp-content\/uploads\/2018\/09\/sport.jpg\" data-dt-img-description=\"\" data-large_image_width=\"800\" data-large_image_height=\"100\"><img loading=\"lazy\" decoding=\"async\" class=\"aligncenter wp-image-60761 size-full\" src=\"https:\/\/www.radiopiu.net\/wordpress\/wp-content\/uploads\/2018\/09\/sport.jpg\" alt=\"\" width=\"800\" height=\"100\" srcset=\"https:\/\/www.radiopiu.net\/wordpress\/wp-content\/uploads\/2018\/09\/sport.jpg 800w, https:\/\/www.radiopiu.net\/wordpress\/wp-content\/uploads\/2018\/09\/sport-300x38.jpg 300w, https:\/\/www.radiopiu.net\/wordpress\/wp-content\/uploads\/2018\/09\/sport-768x96.jpg 768w\" sizes=\"auto, (max-width: 800px) 100vw, 800px\" \/><\/a><\/p>\n<p>&nbsp;<\/p>\n<blockquote>\n<h3>L\u2019AGORDINA \u00c8 UFFICIALMENTE IN SECONDA CATEGORIA<\/h3>\n<\/blockquote>\n<p class=\"p1\"><strong><a class=\"dt-pswp-item\" href=\"https:\/\/www.radiopiu.net\/wordpress\/wp-content\/uploads\/2018\/10\/MARCO-LORENZI-OK.png\" data-dt-img-description=\"\" data-large_image_width=\"669\" data-large_image_height=\"401\"><img loading=\"lazy\" decoding=\"async\" class=\"size-medium wp-image-64292 alignleft\" src=\"https:\/\/www.radiopiu.net\/wordpress\/wp-content\/uploads\/2018\/10\/MARCO-LORENZI-OK-300x180.png\" alt=\"\" width=\"300\" height=\"180\" srcset=\"https:\/\/www.radiopiu.net\/wordpress\/wp-content\/uploads\/2018\/10\/MARCO-LORENZI-OK-300x180.png 300w, https:\/\/www.radiopiu.net\/wordpress\/wp-content\/uploads\/2018\/10\/MARCO-LORENZI-OK.png 669w\" sizes=\"auto, (max-width: 300px) 100vw, 300px\" \/><\/a>AGORDO<\/strong> Nonostante il comunicato ufficiale non sia ancora uscito, \u00e8 arrivata la conferma dal Presidente della FIGC di Belluno Orazio Zanin che sulla sua pagina Facebook ieri sera ha annunciato la notizia che l\u2019Agordina aspettava da alcune settimane. La squadra di Marco Lorenzi \u00e8 stata promossa in Seconda Categoria. Con la conclusione anticipata del campionato provinciale di terza Categoria e la prima posizione in classifica, la squadra di Agordo \u00e8 stata promossa nel campionato regionale.<\/p>\n<p>&nbsp;<\/p>\n<p class=\"p1\"><strong>L\u2019ALLENATORE DELL\u2019AGORDINA MARCO LORENZI<\/strong><\/p>\n<audio class=\"wp-audio-shortcode\" id=\"audio-143710-13\" preload=\"none\" style=\"width: 100%;\" controls=\"controls\"><source type=\"audio\/mpeg\" src=\"https:\/\/www.radiopiu.net\/wordpress\/wp-content\/uploads\/2020\/06\/MARCO-LORENZI-AGORDINA-IN-SECONDA.mp3?_=13\" \/><a href=\"https:\/\/www.radiopiu.net\/wordpress\/wp-content\/uploads\/2020\/06\/MARCO-LORENZI-AGORDINA-IN-SECONDA.mp3\">https:\/\/www.radiopiu.net\/wordpress\/wp-content\/uploads\/2020\/06\/MARCO-LORENZI-AGORDINA-IN-SECONDA.mp3<\/a><\/audio>\n<p>&nbsp;<\/p>\n<p class=\"p1\">Buone notizie non solo per l\u2019Agordina Calcio. In totale sono 4 le squadre bellunesi che vengono promosse. Lo Schiara viene promosso in Prima categoria mentre il Limana il prossimo anno giocher\u00e0 in Promozione. Saranno 3 le squadre bellunesi che il prossimo anno si sfideranno in Serie D. Con Belluno e Union Feltre arriva l\u2019Union San Giorgio Sedico quindi saranno 3 i derby provinciali.<\/p>\n<p>&nbsp;<\/p>\n<p>&nbsp;<\/p>\n<hr \/>\n<p>&nbsp;<\/p>\n<p class=\"photoswipe-wrapper\"><a class=\"dt-pswp-item pspw-wrap-ready\" href=\"https:\/\/i0.wp.com\/www.radiopiu.net\/wordpress\/wp-content\/uploads\/2018\/09\/WhatsApp-Image-2018-09-20-at-16.04.06.jpeg?ssl=1\" data-dt-img-description=\"\" data-large_image_width=\"800\" data-large_image_height=\"100\"><img loading=\"lazy\" decoding=\"async\" class=\"aligncenter wp-image-61378 size-full jetpack-lazy-image jetpack-lazy-image--handled\" src=\"https:\/\/i0.wp.com\/www.radiopiu.net\/wordpress\/wp-content\/uploads\/2018\/09\/WhatsApp-Image-2018-09-20-at-16.04.06.jpeg?resize=800%2C100&amp;ssl=1\" sizes=\"auto, (max-width: 800px) 100vw, 800px\" srcset=\"https:\/\/i0.wp.com\/www.radiopiu.net\/wordpress\/wp-content\/uploads\/2018\/09\/WhatsApp-Image-2018-09-20-at-16.04.06.jpeg?w=800&amp;ssl=1 800w, https:\/\/i0.wp.com\/www.radiopiu.net\/wordpress\/wp-content\/uploads\/2018\/09\/WhatsApp-Image-2018-09-20-at-16.04.06.jpeg?resize=300%2C38&amp;ssl=1 300w, https:\/\/i0.wp.com\/www.radiopiu.net\/wordpress\/wp-content\/uploads\/2018\/09\/WhatsApp-Image-2018-09-20-at-16.04.06.jpeg?resize=768%2C96&amp;ssl=1 768w\" alt=\"\" width=\"800\" height=\"100\" data-lazy-loaded=\"1\" \/><\/a><\/p>\n<p>&nbsp;<\/p>\n<p><center><b>Venerdi 12<\/b><\/center><b>Tempo atteso:\u00a0<\/b>In prevalenza soleggiato, salvo locali nubi basse mattutine, in rapido dissolvimento, e lieve riduzione del soleggiamento per attivit\u00e0 cumuliforme durante le ore pi\u00f9 calde. Clima ancora fresco di notte e decisamente pi\u00f9 caldo di giorno.<br \/>\n<b>Precipitazioni:\u00a0<\/b>Assenti (0%).<br \/>\n<b>Temperature:\u00a0<\/b>Minime in diminuzione nelle valli e in lieve rialzo in alta quota; massime in generale aumento, pi\u00f9 sensibile nelle valli. Sono previste punte di 24\/25\u00b0C nei fondovalle prealpini e di 19\/21\u00b0C a 1000\/1200 m. Su Prealpi a 1500 m min 8\u00b0C max 15\u00b0C, a 2000 m min 6\u00b0C max 12\u00b0C. Su Dolomiti a 2000 m min 5\u00b0C max 12\u00b0C, a 3000 m min 0\u00b0C max 3\u00b0C.<br \/>\n<b>Venti:\u00a0<\/b>Nelle valli da deboli a moderate per brezze; in quota deboli sud-occidentale al mattino, anche moderati al pomeriggio, a 5-10 km\/h a 2000 m e 10\/20 km\/h a 3000 m.<\/p>\n<hr \/>\n<p><center><b>Sabato 13<\/b><\/center><b>Tempo atteso:\u00a0<\/b>Inizialmente in prevalenza soleggiato con cielo sereno o a tratti leggermente velato da sottili nubi alte. Al pomeriggio graduale riduzione del soleggiamento per lo sviluppo dell&#8217;attivit\u00e0 cumuliforme, assai pi\u00f9 modesta sulle Prealpi, ad eccezione di qualche settore, moderata sulle Dolomiti, localmente forte. In questo contesto non saranno da escludere sporadici temporali di calore. Clima diurno pi\u00f9 caldo a tutte le quote.<br \/>\n<b>Precipitazioni:\u00a0<\/b>Assenti fino al primo pomeriggio (0%), in seguito probabilit\u00e0 piuttosto bassa per isolati rovesci o singoli temporali sulle Prealpi, ma non esclusa (20\/30%). Il rischio sar\u00e0 maggiore sulle Dolomiti (30\/50%), in particolar modo nel tardo pomeriggio\/prima serata.<br \/>\n<b>Temperature:\u00a0<\/b>In generale aumento, specie le massime che saranno quasi estive nei fondovalle prealpini. Sono previste punte di 26\/27\u00b0C nei fondovalle prealpini e di 21\/23\u00b0C a 1000\/1200 m. Su Prealpi a 1500 m min 11\u00b0C max 18\u00b0C, a 2000 m min 9\u00b0C max 14\u00b0C. Su Dolomiti a 2000 m min 8\u00b0C max 15\u00b0C, a 3000 m min 3\u00b0C max 5\u00b0C.<br \/>\n<b>Venti:\u00a0<\/b>Nelle valli deboli\/moderati a regime di brezza nelle valli; in quota deboli\/moderati da sud sud-ovest al mattino, poi da sud-est e da nord-est alla sera, a 5-10 km\/h a 2000 m e 10\/25 km\/h a 3000 m.<\/p>\n<hr \/>\n<p><center><b>Domenica 14<\/b><\/center>Al mattino parzialmente soleggiato con primi addensamenti, non si potr\u00e0 escludere qualche rovescio o locale temporale entro le ore centrali del giorno. Al pomeriggio attivit\u00e0 cumuliforme moderata\/forte con probabilit\u00e0 alta rovesci e temporali. Temperature minime in rialzo e massime in contenuta flessione. Venti deboli\/moderati a regime di brezza nelle valli, deboli\/moderati da nord in quota, anche tesi sulle cime dolomitiche pi\u00f9 alte al pomeriggio.<\/p>\n<hr \/>\n<p><center><b>Lunedi 15<\/b><\/center>Tempo di nuovo pi\u00f9 soleggiato, specie nella prima parte del giorno. In seguito riduzione del soleggiamento per attivit\u00e0 cumuliforme irregolare. Il rischio per locali rovesci o temporali sar\u00e0 minore rispetto a domenica, ma ancora presente. Temperature minime in diminuzione e massime in leggero aumento. Venti deboli\/moderati a regime di brezza nelle valli, moderati da nord in alta quota, in graduale attenuazione al pomeriggio. Previsore: R.L.Th.<\/p>\n","protected":false},"excerpt":{"rendered":"<p>PER RICEVERE QUESTO NOTIZIARIO DIRETTAMENTE SUL TUO CELLULARE ISCRIVITI AL CANALE TELEGRAM\u00a0\u201cRADIO PIU\u00a0 INFORMAZIONE\u201d\u00a0 Campagna di comunicazione per la app Immuni IERI SERA CONFERENZA STAMPA DEL CONSIGLIO\u00a0 DEI MINISTRI NUOVE MISURE A SOSTEGNO DELLA FAMIGLIA, il paese si dota di una riforma per le politiche famigliari. Previsti investimenti in umanit\u00e0 con l&#8217;assegno universale unico per&hellip;<\/p>\n","protected":false},"author":4,"featured_media":143874,"comment_status":"closed","ping_status":"closed","sticky":false,"template":"","format":"standard","meta":{"_monsterinsights_skip_tracking":false,"_monsterinsights_sitenote_active":false,"_monsterinsights_sitenote_note":"","_monsterinsights_sitenote_category":0,"footnotes":""},"categories":[1,86],"tags":[],"class_list":["post-143710","post","type-post","status-publish","format-standard","has-post-thumbnail","hentry","category-senza-categoria","category-gr","category-1","category-86","description-off"],"img_url":"https:\/\/www.radiopiu.net\/wordpress\/wp-content\/uploads\/2020\/06\/11951353_801676479959890_7694690079038014571_n.jpg","_links":{"self":[{"href":"https:\/\/www.radiopiu.net\/wordpress\/wp-json\/wp\/v2\/posts\/143710","targetHints":{"allow":["GET"]}}],"collection":[{"href":"https:\/\/www.radiopiu.net\/wordpress\/wp-json\/wp\/v2\/posts"}],"about":[{"href":"https:\/\/www.radiopiu.net\/wordpress\/wp-json\/wp\/v2\/types\/post"}],"author":[{"embeddable":true,"href":"https:\/\/www.radiopiu.net\/wordpress\/wp-json\/wp\/v2\/users\/4"}],"replies":[{"embeddable":true,"href":"https:\/\/www.radiopiu.net\/wordpress\/wp-json\/wp\/v2\/comments?post=143710"}],"version-history":[{"count":0,"href":"https:\/\/www.radiopiu.net\/wordpress\/wp-json\/wp\/v2\/posts\/143710\/revisions"}],"wp:featuredmedia":[{"embeddable":true,"href":"https:\/\/www.radiopiu.net\/wordpress\/wp-json\/wp\/v2\/media\/143874"}],"wp:attachment":[{"href":"https:\/\/www.radiopiu.net\/wordpress\/wp-json\/wp\/v2\/media?parent=143710"}],"wp:term":[{"taxonomy":"category","embeddable":true,"href":"https:\/\/www.radiopiu.net\/wordpress\/wp-json\/wp\/v2\/categories?post=143710"},{"taxonomy":"post_tag","embeddable":true,"href":"https:\/\/www.radiopiu.net\/wordpress\/wp-json\/wp\/v2\/tags?post=143710"}],"curies":[{"name":"wp","href":"https:\/\/api.w.org\/{rel}","templated":true}]}}