{"id":143725,"date":"2020-06-11T12:31:37","date_gmt":"2020-06-11T10:31:37","guid":{"rendered":"https:\/\/www.radiopiu.net\/wordpress\/?p=143725"},"modified":"2020-06-11T13:39:32","modified_gmt":"2020-06-11T11:39:32","slug":"conferenza-stampa-del-presidente-del-veneto-luca-zaia-11-giugno-2020","status":"publish","type":"post","link":"https:\/\/www.radiopiu.net\/wordpress\/conferenza-stampa-del-presidente-del-veneto-luca-zaia-11-giugno-2020\/","title":{"rendered":"&#8220;DA FINE AGOSTO 1 MILIONE 300 MILA VACCINI ANTI INFLUENZALE NON OBBLIGATORI A DISPOSIZIONE DEI VENETI&#8221;CONFERENZA STAMPA DEL PRESIDENTE DEL VENETO LUCA ZAIA 11 GIUGNO 2020"},"content":{"rendered":"<p><strong>VENEZIA<\/strong>\u00a0Da Marghera il\u00a0Presidente\u00a0Luca Zaia fa il punto sull\u2019emergenza Covid-19<\/p>\n<p><strong><span style=\"color: #ff0000;\">NELLE ULTIME 24 ORE <\/span><\/strong><span style=\"color: #ff0000;\"><span style=\"color: #000000;\">780.786 TAMPONI (+8000 circa),\u00a0 POSITIVI 19199 (+5)<\/span><\/span><span style=\"color: #000000;\">\u00a0 300 RICOVERATI (66 POSITIVI) TERAPIA INTENSIVA 14 NESSUN PAZIENTE POSITIVO, TOTALE DECESSI 1964 (+3, nessuno nelle ultime 12 ore), 1407 IN OSPEDALE\u00a0 3478 DIMESSI.<\/span><\/p>\n<blockquote>\n<h2>LEGGI LA CONFERENZA DI LUCA ZAIA<\/h2>\n<\/blockquote>\n<p style=\"text-align: left;\"><em>8 milioni d&#8217;euro di vaccini antinfluenzale pronti da fine agosto, la prima Regione \u00e8 il Veneto ad attivarsi in tale senso, non saranno obbligatori, ma raccomandati per un totale di 1 milone e 300 mila vaccini<\/em><\/p>\n<p><strong>MEDICINA A TREVISO<\/strong> Aperto un tavolo nazionale per il corso di medicina a Treviso, non siamo guerrafondai. Vogliamo che prima del 16 si trovi una soluzione senza dover andare in tribunale. <strong>VACCINO ANTI INFLUENZALE NON OBBLIGATORIO<\/strong> Si \u00e8 chiusa la gara per i vaccini, abbiamo aggiudicato 1 milione 300 mila dosi, (per oltre 8 milioni di euro)\u00a0 \u00e8 raccomandato ma non obbligatorio. Coperture per over 60, operatori sanitari e case di riposo e con accesso volontario. Siamo la prima Regione in Italia e non \u00e8 una cosa da poco a fine agosto inzii settembre via alla campagna di vaccinazione. <strong>SI DICE CHE LOMBARDIA VENETO E CAMPANIA NELLE ULTIME DUE SETTIMANE ABBIAMO DIMINUITO I TAMPONI\u00a0 (-12,6%, -20% IN PROSSIMITA&#8217; DELLE APERTURA DEL 4 MAGGIO POI RISALITE E PRECIPITATE DEL 18% PER L&#8217;APERTURA DEL 3 GIUGNO) FUNZIONALI ALLA TESI DEL RALLENTAMENTO DEL CONTAGIO (Lo segnala la Fondazione Gimbe nel suo monitoraggio settimanale)<\/strong> Dire che non si fanno i tamponi per dimostrare il contagio \u00e8 penale, se c&#8217;\u00e8 una Regione che lo fa \u00e8 penale ed e&#8217; una calunnia \u00e8 una denuncia pubblica. Noi non abbiamo modificato minimamente il piano. Non so che dati abbiano visto questi. Duemila tamponi in Veneto? Sulla base di cosa? Noi abbiamo un piano tamponi per i medici in prima linea, ai medici, agli ospiti e operatori delle case di riposo parliamo di 60 mila nella case di riposo e altrettanti nella sanit\u00e0 ma facciamo tamponi ai sintomatici e contatti stretti. Oggi abbiamo 5 positivi su 8000 tamponi fatti ieri. Non facciamo certo i tamponi per strada. Dire che facciamo 2000 tamponi in meno \u00e8 una calunnia, abbiamo tanti premi Nobel ma a Stoccolma non se n&#8217;\u00e8 accorto nessuno. Se volete vi diamo il processato e i tamponi fatti ogni giorno. Se non ci sono contagiati a chi li facciamo? <strong>HA FISSATO LA DATA DELL&#8217;INIZIO DELLE SCUOLE? LEI HA IN OSTAGGIO L&#8217;AGENDA DEL PRESIDENTE MATTARELLA<\/strong> Io non ho in ostaggio niente. Oggi non c&#8217;\u00e8 la preoccupazione della data, la fisseremo, ho difficolt\u00e0 a fissarla non sapendo cosa faranno a Roma con le elezioni e cosi&#8217; i miei colleghi che non hanno ospite il Presidente della Repubblica il primo giorno. <strong>LINEE GUIDA, MALUMORE DALLE DISCOTECHE DEL VENETO\u00a0<\/strong> Dipendiamo dai servizi di prevenzione e comitato tecnico scientifico, oggi abbiamo una conferenza per parlare di questo. Sul fronte degli spettacoli il Governo vuole procastinare l&#8217;apertura a met\u00e0 luglio. Non sono poche le difficolt\u00e0 per i gestori, lavoratori, per il turismo. Vediamo cosa esce dalla video conferenza di oggi. Dobbiamo confermare la data del 15 giugno ma se non ci sono spazi di discrezionalit\u00e0 dovremo agganciarci alla data del DPCM che deve essere rinnovato prima del 15. Vediamo cosa scrivono e cosa di potr\u00e0 fare.<strong>CEOD IN FORTE DIFFICOLTA&#8217; RIESCONO AD ATTIVARE PER LA META&#8217; DELLA CAPIENZA NORMALE SI PUO&#8217; ALLENTARE?<\/strong> Lo si puo&#8217; fare non appena vediamo il nuovo DPCM fino al 15 giugno queste sono le linee guida. Attendiamo Roma e le nuove linee guida. <strong>DIVIETI DEI GIOCHI DI SQUADRA<\/strong> Le linee guida europee danno la distanza di un metro, noi abbiamo i 2 metri, quindi vanno adeguate. Poi ci sono i grandi tornei dei quali parleremo oggi. <strong>DIVIETO DISTRIBUZIONE GIORNALI NEI LUOGHI PUBBLICI<\/strong> Secodno me \u00e8 possibile ripristinare la normalit\u00e0, stiamo lavorando. E&#8217; una condizione imposta temporanea che ora va risolta. <strong>CONTROLLI E SANZIONI<\/strong> Abbiamo chiesto allo Spisal di accompagnare non sanzionare. Serve il senso civico non il controllo.\u00a0 Per la mascherina la metti perch\u00e9 sei controllato o perch\u00e9 sei un cittadino che rispetta le regole? Pensare di basare tutto sui controlli \u00e8 impossibile.<strong>SE CI SONO DELLE REGOLE PER LA SALUTE PUBBLICA IL FURBO DI TURNO DOVREBBE FARLO A CASA PROPRIA A SOTTOMARINA LE REGOLE DELLE DISTANZE TRA LETTINI NON ESISTONO AD ESEMPIO.<\/strong> Sottomarina c&#8217;\u00e8 un consorzio per la balneazione chiederemo se le distanze non sono rispettate. Ognuno deve pensare alla propria sicurezza chi non le rispetta o sar\u00e0 controllato o finisce tra gli incevili. Siamo un popolo che fa la paternale e s&#8217;indigna su tutto e poi servono le paternali anche solo per l&#8217;uso della mascherina.<\/p>\n<h2>OSPITE IL DOTTOR CARLO SANTUCCI, MEDICO NON SPECIALIZZATO IL 27 AGOSTO 2019 IN TRENO HA SALVATO LA VITA A UNA PERSONA CON 40 MINUTI DI MASSAGGIO CARDIACO E&#8217; UNO DEI 500 MEDICI ASSUNTI A CAMPO SAMPIERO, PRONTO SOCCORSO, CON CONTRATTO COVID. RACCONTA LA SUA ESPERIENZA DEL SALVATAGGIO DELLA SIGNORA DI 39 ANNI OGGI VIVA GRAZIE AL MEDICO.<\/h2>\n<p>&nbsp;<\/p>\n<p>https:\/\/www.facebook.com\/zaiaufficiale\/videos\/736606027075400<\/p>\n","protected":false},"excerpt":{"rendered":"<p>VENEZIA\u00a0Da Marghera il\u00a0Presidente\u00a0Luca Zaia fa il punto sull\u2019emergenza Covid-19 NELLE ULTIME 24 ORE 780.786 TAMPONI (+8000 circa),\u00a0 POSITIVI 19199 (+5)\u00a0 300 RICOVERATI (66 POSITIVI) TERAPIA INTENSIVA 14 NESSUN PAZIENTE POSITIVO, TOTALE DECESSI 1964 (+3, nessuno nelle ultime 12 ore), 1407 IN OSPEDALE\u00a0 3478 DIMESSI. LEGGI LA CONFERENZA DI LUCA ZAIA 8 milioni d&#8217;euro di vaccini&hellip;<\/p>\n","protected":false},"author":4,"featured_media":121391,"comment_status":"closed","ping_status":"closed","sticky":false,"template":"","format":"standard","meta":{"_monsterinsights_skip_tracking":false,"_monsterinsights_sitenote_active":false,"_monsterinsights_sitenote_note":"","_monsterinsights_sitenote_category":0,"footnotes":""},"categories":[49],"tags":[],"class_list":["post-143725","post","type-post","status-publish","format-standard","has-post-thumbnail","hentry","category-news-18","category-49","description-off"],"img_url":"https:\/\/www.radiopiu.net\/wordpress\/wp-content\/uploads\/2020\/03\/covid-zaia.jpg","_links":{"self":[{"href":"https:\/\/www.radiopiu.net\/wordpress\/wp-json\/wp\/v2\/posts\/143725","targetHints":{"allow":["GET"]}}],"collection":[{"href":"https:\/\/www.radiopiu.net\/wordpress\/wp-json\/wp\/v2\/posts"}],"about":[{"href":"https:\/\/www.radiopiu.net\/wordpress\/wp-json\/wp\/v2\/types\/post"}],"author":[{"embeddable":true,"href":"https:\/\/www.radiopiu.net\/wordpress\/wp-json\/wp\/v2\/users\/4"}],"replies":[{"embeddable":true,"href":"https:\/\/www.radiopiu.net\/wordpress\/wp-json\/wp\/v2\/comments?post=143725"}],"version-history":[{"count":0,"href":"https:\/\/www.radiopiu.net\/wordpress\/wp-json\/wp\/v2\/posts\/143725\/revisions"}],"wp:featuredmedia":[{"embeddable":true,"href":"https:\/\/www.radiopiu.net\/wordpress\/wp-json\/wp\/v2\/media\/121391"}],"wp:attachment":[{"href":"https:\/\/www.radiopiu.net\/wordpress\/wp-json\/wp\/v2\/media?parent=143725"}],"wp:term":[{"taxonomy":"category","embeddable":true,"href":"https:\/\/www.radiopiu.net\/wordpress\/wp-json\/wp\/v2\/categories?post=143725"},{"taxonomy":"post_tag","embeddable":true,"href":"https:\/\/www.radiopiu.net\/wordpress\/wp-json\/wp\/v2\/tags?post=143725"}],"curies":[{"name":"wp","href":"https:\/\/api.w.org\/{rel}","templated":true}]}}