{"id":143794,"date":"2020-06-12T08:19:04","date_gmt":"2020-06-12T06:19:04","guid":{"rendered":"https:\/\/www.radiopiu.net\/wordpress\/?p=143794"},"modified":"2020-06-12T08:54:38","modified_gmt":"2020-06-12T06:54:38","slug":"i-clienti-gsp-proseguono-nella-loro-battaglia-contro-la-carenza-e-assenza-dacqua","status":"publish","type":"post","link":"https:\/\/www.radiopiu.net\/wordpress\/i-clienti-gsp-proseguono-nella-loro-battaglia-contro-la-carenza-e-assenza-dacqua\/","title":{"rendered":"I CLIENTI GSP PROSEGUONO NELLA LORO &#8220;BATTAGLIA&#8221; CONTRO LA CARENZA E ASSENZA D&#8217;ACQUA"},"content":{"rendered":"<p><strong><a class=\"dt-pswp-item\" href=\"https:\/\/www.radiopiu.net\/wordpress\/wp-content\/uploads\/2020\/06\/3f3ce02c-4890-46f6-8a77-2807addc86c4.jpg\" data-dt-img-description=\"\" data-large_image_width=\"1024\" data-large_image_height=\"2048\"><img loading=\"lazy\" decoding=\"async\" class=\" wp-image-143795 alignleft\" src=\"https:\/\/www.radiopiu.net\/wordpress\/wp-content\/uploads\/2020\/06\/3f3ce02c-4890-46f6-8a77-2807addc86c4-150x300.jpg\" alt=\"\" width=\"157\" height=\"314\" srcset=\"https:\/\/www.radiopiu.net\/wordpress\/wp-content\/uploads\/2020\/06\/3f3ce02c-4890-46f6-8a77-2807addc86c4-150x300.jpg 150w, https:\/\/www.radiopiu.net\/wordpress\/wp-content\/uploads\/2020\/06\/3f3ce02c-4890-46f6-8a77-2807addc86c4-512x1024.jpg 512w, https:\/\/www.radiopiu.net\/wordpress\/wp-content\/uploads\/2020\/06\/3f3ce02c-4890-46f6-8a77-2807addc86c4-768x1536.jpg 768w, https:\/\/www.radiopiu.net\/wordpress\/wp-content\/uploads\/2020\/06\/3f3ce02c-4890-46f6-8a77-2807addc86c4.jpg 1024w\" sizes=\"auto, (max-width: 157px) 100vw, 157px\" \/><\/a>AGORDO<\/strong> A Faion frazione di Agordo, leggermente in quota ai piedi del Col di Foglia tanto nei giorni di pioggia che in quelli di sole il problema della mancanza d&#8217;acqua esiste e diventa sempre pi\u00f9 preoccupante e fastidioso per i clienti di GSP. Gli abitanti di una palazzina il problema l&#8217;hanno risolto con la famosa autoclave a proprie spese, in una seconda che qualche settimana fa i proprietari avevano evidenziato l&#8217;annoso problema coinvolgendo anche il sindaco Roberto Chissal\u00e8 che ha organizzato un apposito incontro in Municipio, sono quindi state invitati a fare altrettanto ovvero auto tassarsi per dotarsi di apparecchiatura idonea a portare l&#8217;acqua corrente dal pian terreno alla mansarda,\u00a0 perch\u00e9 il disagio esiste tanto ai piani bassi che a quelli pi\u00f9 alti. I proprietari della palazzina constatata la persistenza della mancanza d&#8217;acqua prima di chiamare il tecnico e mettere mano al conto corrente bancario hanno girato casa per casa ed ecco la sorpresa: il problema non \u00e8 limitato ad un&#8217;unica palazzina che sarebbe gi\u00e0 la seconda della serie, ma a due vie della zona. Ne \u00e8 uscito un fascicolo vergato di firme che mette nero su bianco che a Faion l&#8217;acqua quando arriva \u00e8 un lusso, ma spesso non succede. Una raccolta di firme che forse convincer\u00e0 GSP a prendere una posizione, magari intervenire con delle soluzioni concrete che non siano a questo punto decine di autoclavi. La raccolta firme, oltre che agli uffici di Belluno \u00e8 stata inviata anche a Palazzo Marconi con poche righe chiarificatrici <em>&#8220;Raccolta firme per la carenza o totale assenza di acqua erogata dall&#8217;acquedotto in gestione a Gsp nella localit\u00e0 Faion&#8221;<\/em>. Venticinque le persone che lamentano i disagi, ma ci\u00f2 che colpisce \u00e8 che non sono gli abitanti della stessa palazzina al civico 11\/A, e 11\/B, piuttosto famiglie che insistono in vie diverse: la nota via Faion civico 11\/A E 11\/B e la via Col di Foglia ai civici 59, 61, 63, 63\/A, 67. In totale 7 nuclei famigliari che si rivolgono a Gsp e Comune di Agordo che se seguiranno i consigli dell&#8217;ente gestore faranno sorridere produttori e venditori di autoclavi. Riproponiamo di seguito una serie di articoli pubblicati negli ultimi due anni. A luglio 2018 l&#8217;ex sindaco Sisto Da Roit dichiarava <em>&#8220;I proprietari lamentano il disagio gi\u00e0 dall&#8217;inizio dell&#8217;anno (2018 ndr.). Abbiamo concordato con GSP che far\u00e0 uno studio sull&#8217;intera area per poi fare delle proposte di interventi strutturali sull&#8217;intera rete. E&#8217; chiaro che quando avremo questo studio sar\u00e0 compito dell&#8217;amministrazione chiedere all&#8217;Ato Dolomiti di inserirlo nel piano investimenti. Nel frattempo che i proprietari delle abitazioni facciano un monitoraggio&#8221; <\/em>Un mese prima a giugno 2018 lo stesso sindaco dichiarava &#8221; <em>Alcuni lavori fatti alla vasca di Colvignas hanno comportato un calo della pressione nelle tubazioni generando un problema di erogazione dell\u2019acqua nelle case pi\u00f9 in alto di Faion. il problema, con oggi, dovrebbe essere risolto. Se ci fossero ancora difficolt\u00e0 di erogazione GSP far\u00e0 ulteriori interventi per superarle. Invito i cittadini a monitorare la situazione ed eventualmente ad informare anche l\u2019amministrazione se vi fossero altri problemi&#8221;.\u00a0<\/em><\/p>\n<p>&nbsp;<\/p>\n<hr \/>\n<p>&nbsp;<\/p>\n<p><span style=\"color: #ff0000;\">ARTICOLO PUBBLICATO IL 23 MAGGIO 2020<\/span>\u00a0 &#8220;<strong>LA SOLUZIONE PER GLI ABITANTI DEL CONDOMINIO DI FAION: L\u2019AUTOCLAVE&#8221;<\/strong><\/p>\n<div class=\"page-title-breadcrumbs\">\n<p><strong class=\"photoswipe-wrapper\"><a class=\"dt-pswp-item pspw-wrap-ready\" href=\"https:\/\/i0.wp.com\/www.radiopiu.net\/wordpress\/wp-content\/uploads\/2020\/05\/9f9b9541-883d-432f-a081-35abeafbea22.jpg?ssl=1\" data-dt-img-description=\"\" data-large_image_width=\"1600\" data-large_image_height=\"1200\"><img loading=\"lazy\" decoding=\"async\" class=\" wp-image-139684 alignleft\" src=\"https:\/\/i0.wp.com\/www.radiopiu.net\/wordpress\/wp-content\/uploads\/2020\/05\/9f9b9541-883d-432f-a081-35abeafbea22.jpg?resize=190%2C143&amp;ssl=1\" sizes=\"auto, (max-width: 190px) 100vw, 190px\" srcset=\"https:\/\/i0.wp.com\/www.radiopiu.net\/wordpress\/wp-content\/uploads\/2020\/05\/9f9b9541-883d-432f-a081-35abeafbea22.jpg?resize=300%2C225&amp;ssl=1 300w, https:\/\/i0.wp.com\/www.radiopiu.net\/wordpress\/wp-content\/uploads\/2020\/05\/9f9b9541-883d-432f-a081-35abeafbea22.jpg?resize=1024%2C768&amp;ssl=1 1024w, https:\/\/i0.wp.com\/www.radiopiu.net\/wordpress\/wp-content\/uploads\/2020\/05\/9f9b9541-883d-432f-a081-35abeafbea22.jpg?resize=768%2C576&amp;ssl=1 768w, https:\/\/i0.wp.com\/www.radiopiu.net\/wordpress\/wp-content\/uploads\/2020\/05\/9f9b9541-883d-432f-a081-35abeafbea22.jpg?resize=1536%2C1152&amp;ssl=1 1536w, https:\/\/i0.wp.com\/www.radiopiu.net\/wordpress\/wp-content\/uploads\/2020\/05\/9f9b9541-883d-432f-a081-35abeafbea22.jpg?w=1600&amp;ssl=1 1600w\" alt=\"\" width=\"190\" height=\"143\" data-recalc-dims=\"1\" \/><\/a>AGORDO<\/strong>\u00a0I condomini della palazzina di Faion che lamentano la mancanza d\u2019acqua corrente sono stati ricevuti dal sindaco di Agordo, Roberto Chissal\u00e8. Pur il Comune non avendo responsabilit\u00e0 sulla rete idrica in gestione a GSP, ha voluto comunque sentire i suoi concittadini e ieri in Municipio, a poche ore dal disservizio la riunione.\u00a0<em>\u201cIl sindaco \u2013 riferisce\u00a0 un partecipante all\u2019incontro \u2013 ha dimostrato interesse per il nostro disagio. Ha promesso che parler\u00e0 con il direttore di GSP per esporre di nuovo il problema. Ci ha consigliato di valutare l\u2019opportunit\u00e0 di installare l\u2019autoclave perch\u00e9 pur prevedendo lavori in futuro la soluzione al problema non sar\u00e0 immediata per un disagio che potrebbe durare anche un anno\u201d. La spesa sar\u00e0 a carico dei condomini e prima sar\u00e0 necessario un sopralluogo dei tecnici per valutare l\u2019opportunit\u00e0 dei lavori e i costi su garanzie certe che il problema trovi soluzione\u201d .\u00a0<\/em>Sulla riunione tenutasi a palazzo Marconi abbiamo sentito anche il sindaco Roberto Chissal\u00e8.<\/p>\n<audio class=\"wp-audio-shortcode\" id=\"audio-143794-1\" preload=\"none\" style=\"width: 100%;\" controls=\"controls\"><source type=\"audio\/mpeg\" src=\"https:\/\/www.radiopiu.net\/wordpress\/wp-content\/uploads\/2020\/05\/CHISSALE.mp3?_=1\" \/><a href=\"https:\/\/www.radiopiu.net\/wordpress\/wp-content\/uploads\/2020\/05\/CHISSALE.mp3\">https:\/\/www.radiopiu.net\/wordpress\/wp-content\/uploads\/2020\/05\/CHISSALE.mp3<\/a><\/audio>\n<p>&nbsp;<\/p>\n<\/div>\n<hr \/>\n<p>&nbsp;<\/p>\n<p><span style=\"color: #ff0000;\">ARTICOLO PUBBLICATO IL 21 MAGGIO 2020<\/span> <strong>&#8220;FAION, DOVE LA REGOLARITA&#8217; DELL&#8217;ACQUA CORRENTE NEI CONDOMINI E&#8217; UN LUSSO&#8221;<\/strong><\/p>\n<p><strong><a class=\"dt-pswp-item\" href=\"https:\/\/www.radiopiu.net\/wordpress\/wp-content\/uploads\/2020\/05\/f8514169-d441-47e5-8f87-9411b1f7609d.jpg\" data-dt-img-description=\"\" data-large_image_width=\"1600\" data-large_image_height=\"1200\"><img loading=\"lazy\" decoding=\"async\" class=\" wp-image-139464 alignleft\" src=\"https:\/\/www.radiopiu.net\/wordpress\/wp-content\/uploads\/2020\/05\/f8514169-d441-47e5-8f87-9411b1f7609d-300x225.jpg\" alt=\"\" width=\"240\" height=\"181\" srcset=\"https:\/\/www.radiopiu.net\/wordpress\/wp-content\/uploads\/2020\/05\/f8514169-d441-47e5-8f87-9411b1f7609d-300x225.jpg 300w, https:\/\/www.radiopiu.net\/wordpress\/wp-content\/uploads\/2020\/05\/f8514169-d441-47e5-8f87-9411b1f7609d-1024x768.jpg 1024w, https:\/\/www.radiopiu.net\/wordpress\/wp-content\/uploads\/2020\/05\/f8514169-d441-47e5-8f87-9411b1f7609d-768x576.jpg 768w, https:\/\/www.radiopiu.net\/wordpress\/wp-content\/uploads\/2020\/05\/f8514169-d441-47e5-8f87-9411b1f7609d-1536x1152.jpg 1536w, https:\/\/www.radiopiu.net\/wordpress\/wp-content\/uploads\/2020\/05\/f8514169-d441-47e5-8f87-9411b1f7609d.jpg 1600w\" sizes=\"auto, (max-width: 240px) 100vw, 240px\" \/><\/a>AGORDO<\/strong> Ed ecco che il problema si ripropone sull&#8217;altura di Agordo, in localit\u00e0 Faion ai piedi del Col di Foglia, un anno fa s&#8217;erano aperti i rubinetti delle critiche perch\u00e9 in alcuni condomini l&#8217;acqua non arrivava, non sempre, non come si vorrebbe nel terzo millennio. Ieri sera il primo messaggio. <em>&#8220;In via\u00a0 Faion 11\/b\u00a0 siamo ancora senz&#8217;acqua&#8221;<\/em> ci racconta Erik. Al disservizio aprono la porta \u00a06 famiglie mentre nella palazzina accanto gli inquilini aprono il rubinetto e l&#8217;acqua esce con regolarit\u00e0. <em>&#8220;Loro &#8211; continua Erik &#8211; hanno messo mano al portafoglio,\u00a0 si sono installati un autoclave,\u00a0 \u00a0su consiglio dei tecnici di Gsp. Non lo trovo giusto, con quello che paghiamo in bolletta sarebbe forse pi\u00f9 logico che fosse l&#8217;azienda a risolvere il nostro problema&#8221;<\/em>. Anche Veruschka si lamenta<em> &#8220;Ho chiamato per l&#8217;ennesima volta Gsp, ma dal call center rispondono da lontano e non non si riesce a trovare una soluzione. Non se ne pu\u00f2 pi\u00f9, infine sono anche riuscita a parlare con un tecnico e mi ha liquidato con una domanda: vi siete messi l&#8217;autoclave?&#8221;. <\/em>La palazzina accanto ha dunque risolto il problema probabilmente dopo che Gsp ha garantito di non avere responsabilit\u00e0, cio\u00e8 di portare l&#8217;acqua fino alla palazzina con le caratteristiche di norma. Il sindaco Roberto Chissal\u00e8 si \u00e8 gi\u00e0 interfacciato con Gsp segnalando il problema <em>&#8220;Mi \u00e8 stato ribadito &#8211; dice &#8211; che anche in questo caso l&#8217;unica soluzione \u00e8 quella dell&#8217;autoclave&#8221;.<\/em> Ma \u00e8 anche vero che da qualche anno si parla di trovare ulteriori soluzioni alternative lavorando sulle vasche di raccolta <em>&#8220;Corretto &#8211; dice il sindaco &#8211; da tempo Gsp dice di voler intervenire sulla programmazione con investimenti puntuali potenziando le vasche di raccolta. Terremo alta l&#8217;attenzione perch\u00e9 il problema venga valutato e risolto&#8221;. <\/em>Per\u00f2 in questo periodo non si pu\u00f2 certo parlare di siccit\u00e0, o meglio le sorgenti non pare siano a secco. <em>&#8220;Anche questo \u00e8 vero &#8211; dice il sindaco &#8211; anche per questo ho creduto opportuno avvisare subito Gsp della segnalazione in arrivo da Faion&#8221;.\u00a0<\/em><\/p>\n<p>&nbsp;<\/p>\n<hr \/>\n<p>&nbsp;<\/p>\n<p>&nbsp;<\/p>\n<p><span style=\"color: #ff0000;\">ARTICOLO PUBBLICATO IL 7 AGOSTO 2018<\/span><strong> L&#8217;ACQUA VA E VIENE, A FAION IL PROBLEMA IRRISOLTO<\/strong><\/p>\n<p style=\"text-align: left;\"><strong>AGORDO<\/strong> Contribuenti di Gsp all&#8217;attacco, stufi di pagare delle bollette visto che da 8 mesi l&#8217;acqua non arriva fino ai rubinetti. Al primo piano cala la pressione, ma salendo le scale l&#8217;acqua scompare. Dalla scorsa primavere i problemi, aumentati durante l&#8217;estate e ormai quotidiani. &#8220;Se il problema \u00e8 nostro Gsp venga GSP a dimostrarcelo&#8221;.<\/p>\n<p style=\"text-align: left;\"><strong>DA AGORDO, GIANNI SANTOMASO<\/strong><\/p>\n<audio class=\"wp-audio-shortcode\" id=\"audio-143794-2\" preload=\"none\" style=\"width: 100%;\" controls=\"controls\"><source type=\"audio\/mpeg\" src=\"http:\/\/www.radiopiu.net\/wordpress\/wp-content\/uploads\/2018\/08\/gr-04-problema-acqua-a-faion.mp3?_=2\" \/><a href=\"http:\/\/www.radiopiu.net\/wordpress\/wp-content\/uploads\/2018\/08\/gr-04-problema-acqua-a-faion.mp3\">http:\/\/www.radiopiu.net\/wordpress\/wp-content\/uploads\/2018\/08\/gr-04-problema-acqua-a-faion.mp3<\/a><\/audio>\n<p>&nbsp;<\/p>\n<p>&nbsp;<\/p>\n<hr \/>\n<p>&nbsp;<\/p>\n<p>&nbsp;<\/p>\n<p><span style=\"color: #ff0000;\">ARTICOLO PUBBLICATO IL 27 LUGLIO 2018<span style=\"color: #000000;\"><strong> &#8220;FAION: PROBLEMA IDRICO&#8221;<\/strong><\/span><\/span><\/p>\n<p><strong><img loading=\"lazy\" decoding=\"async\" class=\"size-medium wp-image-9169 alignleft\" src=\"http:\/\/www.radiopiu.net\/wordpress\/wp-content\/uploads\/2015\/08\/agordo-alto-4-300x225.jpg\" alt=\"\" width=\"300\" height=\"225\" \/>AGORDO Per Gsp che si occupa della gestione delle rete idrica il problema a Faion di Agordo (Col di Foglia) che si evidenzia da 8 mesi per la mancanza d&#8217;acqua non dipenderebbe dalla rete idrica. I controlli confermano che l&#8217;acqua arriva dall&#8217;acquedotto di Ceramasse (pi\u00f9 basso in altezza rispetto al Col di Foglia) con la giusta pressione. I controlli ai pozzetti prima dell&#8217;allacciamento ai condomini dove si registrano i problemi confermerebbero la tesi. Comunque Gsp aggiunge che saranno necessari nuovi lavori e interesser\u00e0 l&#8217;Ato. Le ultime costruzioni per Gsp non sono la causa delle problematiche evidenziate da tempo da diverse famiglie, per quelle che verranno (nuovi condomini) sarann<\/strong><strong>o richieste opportune valutazioni.<\/strong><\/p>\n<p><span style=\"color: #ff0000;\">IL SINDACO DI AGORDO, SISTO DA ROIT<\/span><\/p>\n<audio class=\"wp-audio-shortcode\" id=\"audio-143794-3\" preload=\"none\" style=\"width: 100%;\" controls=\"controls\"><source type=\"audio\/mpeg\" src=\"http:\/\/www.radiopiu.net\/wordpress\/wp-content\/uploads\/2018\/07\/SISTO-GSP.mp3?_=3\" \/><a href=\"http:\/\/www.radiopiu.net\/wordpress\/wp-content\/uploads\/2018\/07\/SISTO-GSP.mp3\">http:\/\/www.radiopiu.net\/wordpress\/wp-content\/uploads\/2018\/07\/SISTO-GSP.mp3<\/a><\/audio>\n<p>&nbsp;<\/p>\n<hr \/>\n<p>&nbsp;<\/p>\n<p><span style=\"color: #ff0000;\">ARTICOLO PUBBLICATO IL 23 LUGLIO 2018<\/span> <strong>&#8220;FAION SENZ&#8217;ACQUA, SCAMBIO DI CORRISPONDENZA&#8221;<\/strong><\/p>\n<p><em>Oggi 23 luglio a Faion di Agordo siamo ancora con i rubinetti a secco, non ne possiamo veramente pi\u00f9. E&#8217;una vergogna che in un paese immerso nel verde e pieno di sorgenti ci siano questi poblemi! Ultima bolletta quasi 90 euro per un servizio che non funziona tra Gsp e sindaco cosa ci\u00a0 raccontano? Non se ne pu\u00f2 pi\u00f9! <\/em><strong>RISPOSTA<\/strong> <strong>GSP:<\/strong> dalle verifiche effettuate dal nostro personale tecnico il problema ci risulta circoscritto ad una sola utenza con la quale siamo gi\u00e0 in contatto diretto. <strong>MA ERIC INSISTE<\/strong> Qui non si \u00e8 visto nessuno oggi: l&#8217;altra settimana sono stati qua in 5\/6 e non sanno neanche loro come risolvere&#8230;vanno a tentativi e intanto il disagio continua.oggi non \u00e8 passato nessuno n\u00e8 abbiamo sentito nessuno <strong>SECONDA MAIL<\/strong> Il problema secondo Gsp sarebbe circoscritto ad una sola utenza, ma poco fa la redazione \u00e8 stata resa partecipe da un secondo messaggio: Negli ultimi giorni la pressione era poca e qualche giorno eravamo senza acqua ma non abbiamo segnalato perch\u00e8 dicevano che ci stavano lavorando tranne gioved\u00ec con una situazione insostenibile e abbiamo informato Gsp. In ogni caso non hanno ancora risolto niente<\/p>\n<p>&nbsp;<\/p>\n<hr \/>\n<p>&nbsp;<\/p>\n<p><span style=\"color: #ff0000;\">ARTICOLO PUBBLICATO IL 10 LUGLIO 2018<\/span> <strong>FAION, NIENTE ACQUA NEMMENO OGGI<\/strong><\/p>\n<blockquote><p><em><strong>Localit\u00e0 Faion, ore 8:50. Zero acqua anche oggi, siamo stufi, noi come nelle abitazioni vicine! Ho gi\u00e0 avvisato anche il sindaco, nessuna comunicazione nei giorni scorsi e oggi siamo tornati come una settimana fa! Non ce la facciamo pi\u00f9!<\/strong><\/em><\/p><\/blockquote>\n<p>Il sindaco di Agordo, Sisto Da Roit ha gi\u00e0 mosso importanti passi.<em> &#8220;Oltre al responsabile dell&#8217;uffIcio tecnico di GSP &#8211; ci ha detto &#8211;\u00a0 ho contattato il presidente dell&#8217;Ato Acqua (organismo che sovrintende all&#8217;attivit\u00e0 di GSP) informandolo che valuter\u00f2 con i cittadini la possibilit\u00e0 di avviare una pratica di diffida per la sospensione del servizio idrico. Il presidente mi ha assicurato che oggi pomeriggio andr\u00e0 in assemblea\u00a0 GSP per perorare la causa, poi riferir\u00e0. Attendo risposte inoltre dal responsabile dell&#8217;ufficio tecnico di GSO. L&#8217;auspicio \u00e8 uno soltanto: che ne vengano fuori&#8221;<\/em><\/p>\n<p>&nbsp;<\/p>\n<hr \/>\n<p>&nbsp;<\/p>\n<p>&nbsp;<\/p>\n<p><span style=\"color: #ff0000;\">ARTICOLO PUBBLICATO IL 4 LUGLIO 2018<\/span> <strong>GSP, PROBLEMI CONTINUI SUL COL DI FOGLIA<\/strong><\/p>\n<p><strong><img loading=\"lazy\" decoding=\"async\" class=\"size-medium wp-image-53061 alignleft\" src=\"http:\/\/www.radiopiu.net\/wordpress\/wp-content\/uploads\/2018\/07\/water-pipe-2852047_960_720-300x200.jpg\" alt=\"\" width=\"300\" height=\"200\" srcset=\"https:\/\/www.radiopiu.net\/wordpress\/wp-content\/uploads\/2018\/07\/water-pipe-2852047_960_720-300x200.jpg 300w, https:\/\/www.radiopiu.net\/wordpress\/wp-content\/uploads\/2018\/07\/water-pipe-2852047_960_720-768x512.jpg 768w, https:\/\/www.radiopiu.net\/wordpress\/wp-content\/uploads\/2018\/07\/water-pipe-2852047_960_720.jpg 960w\" sizes=\"auto, (max-width: 300px) 100vw, 300px\" \/>AGORDO<\/strong> Non sono stati risolti i problemi sul Col di Foglia e via Faion, anche ieri segnalati problemi di approvigionamento idrico ai &#8220;piani\u00a0 alti&#8221;. Da 8 mesi la situazione non cambia, ma c&#8217;\u00e8 chi riesce anche ad ironizzare.<br \/>\n<strong>LA LETTERA<\/strong><br \/>\n<em>&#8220;Ieri sera usciva una strana sostanza trasparente dai rubinetti di casa nostra, ho cercato in internet e dicono si tratti di acqua. Questa mattina usciva ancora, poi dalle 8 \u00e8 tornato tutto alla normalit\u00e0, ovvero usciva come al solito l&#8217;aria. Ora ne esce un filo, abbiamo chiamato GSP alle 11.45 e come al solito ci hanno detto che ci avrebbero richiamato,\u00a0 alle 13 abbiamo richiamato noi perch\u00e8 nessuno si \u00e8 fatto sentire e questa volta si sono &#8220;inventati&#8221; che avevamo i filtrini sporchi, questa ci\u00a0 mancava. Spiegata tutta la situazione hanno escluso quel problema, fatto sta che ad oggi, noi abbiamo ancora poca pressione, probabilmente il\u00a0 problema ora \u00e8 circoscritto a noi dei &#8220;piani alti&#8221; e siamo ancora <\/em><em>impossibilitati a fare lavatrici e lavastoviglie dato che queste ultime senza acqua si fondono e devono essere sostituite. Non sappiamo pi\u00f9 cosa fare&#8221;.<\/em><br \/>\n<strong>IL SINDACO DI AGORDO<\/strong><br \/>\nAbbiamo chiesto a Sisto Da Roit se lui o chi per lui sa cosa fare per risolvere un grande problema a chi le bollette GSP le paga regolarmente.<\/p>\n<audio class=\"wp-audio-shortcode\" id=\"audio-143794-4\" preload=\"none\" style=\"width: 100%;\" controls=\"controls\"><source type=\"audio\/mpeg\" src=\"http:\/\/www.radiopiu.net\/wordpress\/wp-content\/uploads\/2018\/07\/SISTO-DA-ROIT.mp3?_=4\" \/><a href=\"http:\/\/www.radiopiu.net\/wordpress\/wp-content\/uploads\/2018\/07\/SISTO-DA-ROIT.mp3\">http:\/\/www.radiopiu.net\/wordpress\/wp-content\/uploads\/2018\/07\/SISTO-DA-ROIT.mp3<\/a><\/audio>\n<p>&nbsp;<\/p>\n<p>&nbsp;<\/p>\n<hr \/>\n<p>&nbsp;<\/p>\n<p><span style=\"color: #ff0000;\">ARTICOLO PUBBLICATO IL 27 GIUGNO 2018<\/span> <strong>&#8220;FAION COL DI FOGLIA, DI NUOVO A SECCO&#8221;<\/strong><\/p>\n<p><strong>Anche nelle ultime ore la zona del Col di Foglia \u00e8 rimasta sen&#8217;acqua, gi\u00e0 ci eravamo occupati del problema la scorsa settimana con relativa risposta del sindaco di Agordo, Sisto Da Roit, che preannunciava una veloce sulzione del problema. Cos\u00ec pare non sia visto il tenore della lettera inviata a stamane in Municipio ad Agordo.<\/strong><\/p>\n<p><em>Gentile Sindaco,<\/em><br class=\"\" \/><em>viviamo in localit\u00e0 Faion ad Agordo ormai da un anno e da dicembre 2017 sono ricorrenti gli episodi di mancanza di acqua in localit\u00e0 Faion.\u00a0<\/em><em>Nell\u2019ultimo periodo gli episodi di mancanza d&#8217;acqua si sono intensificati, nello specifico nelle ultime due settimane sono all\u2019ordine del giorno, a qualsiasi ora senza giustificazione. Abbiamo sollecitato GSP tutte le volte che \u00e8 successo e abbiamo ottenuto svariate risposte \u201csegnaliamo il problema e vi faremo sapere\u201d (nessuna spiegazione sensata a riguardo \u00e8 mai arrivata); &#8220;stiamo lavorando per sistemare una questione di pressione nelle vasche che servono la zona\u201d; fino alla scorsa settimana in cui Lei stesso ha dichiarato che il problema si sarebbe risolto nel giro di un paio di giorni. Cosa vera in parte, perch\u00e9 per un paio di giorni l\u2019acqua non \u00e8 mancata pur essendo ridotta la quantit\u00e0 disponibile.\u00a0<\/em><em>Fiduciosi che la questione si fosse ormai risolta al primo episodio di mancanza d\u2019acqua non abbiamo nemmeno sollecitato GSP.\u00a0<\/em><em>Ieri l\u2019acqua \u00e8 mancata dalle 10:00, la sera \u00e8 mancata dalle 19:00 fino a notte, stamattina alle 07:00 mancava nuovamente e ad ora, ore 10:30, manca ancora. Purtroppo non posso riportarle con precisione i momenti in cui \u00e8 assente e in cui \u00e8 presente l\u2019acqua perch\u00e9 durante il giorno (come la maggior parte delle persone) siamo fuori per lavoro. E\u2019 stato sollecitato GSP da pi\u00f9 utenze ma non abbiamo ricevuto alcuna spiegazione per l\u2019accaduto.\u00a0\u00a0<\/em><em>Nonostante si possa essere comprensivi e immaginare che risolvere la questione non sia semplice e possa comportare dei disagi, sarebbe almeno auspicabile avere delle comunicazioni ufficiali di intervento, informazioni a riguardo per sapere come evolve la situazione, in modo da potersi un minimo organizzare. Senza preavviso, senza regolarit\u00e0 di presenza e mancanza d\u2019acqua diventa difficile organizzarsi anche per le cose pi\u00f9 banali, fare una doccia, preparare il pranzo, lavare la biancheria, ecc.\u00a0\u00a0<\/em><em>Finora abbiamo voluto riporre la nostra fiducia nei servizi GSP e nell\u2019amministrazione comunale ma ad oggi ci risulta difficile farlo nuovamente in quanto il disservizio persiste.\u00a0\u00a0<\/em><em>Chiedo a Lei cosa dovremmo fare e come dovremmo muoverci riguardo questa problematica.<\/em><\/p>\n<p><strong>Abbiamo chiesto chiarimenti a GSP, l&#8217;ufficio stampa a stretto giro di posta ci ha gi\u00e0 inviato una nota chiarificatrice, stiamo invece attendendo un cenno di conferma e una risposta da parte del primo cittadino di Agordo Sisto Da Roit al quale abbiamo girato i quesiti proposti dagli ascoltatori-lettori di RADIO PIU<\/strong><\/p>\n<p><strong>LA RISPOSTA DI GSP<\/strong><\/p>\n<p>Siamo al corrente della problematica e ci siamo gi\u00e0 attivati: in loco abbiamo il nostro personale operativo che sta monitorando la rete a servizio dell&#8217;utenza e ricercando eventuali perdite, possibile motivo dell&#8217;attuale mancanza d&#8217;acqua. Abbiamo, inoltre, gi\u00e0 incaricato una ditta specializzata che, nei prossimi giorni, con apposite strumentazioni eseguir\u00e0 ulteriori ricerche perdite lungo tutta la rete.<\/p>\n<p>&nbsp;<\/p>\n<hr \/>\n<p>&nbsp;<\/p>\n<p><span style=\"color: #ff0000;\">ARTICOLO PUBBLICATO IL 23 GIUGNO 2018<\/span> <strong>COL DI FOGLIA: ACQUA ZERO.<\/strong><\/p>\n<p>Da ieri sera rubinetti a secco in via Faion sul Col di Foglia. Il sindaco, Sisto Da Roit, e Gsp che sono sul &#8220;pezzo&#8221; parlano di soluzioni in tempi brevi, ma si fa riferimento a lunedi. Resisteranno i cittadini per 5 giorni dopo i tanti disagi gi\u00e0 patiti negli ultimi mesi? Si star\u00e0 pensando ad eventuali soluzioni di emergenza con rifornimenti idrici?<br \/>\npubblichiamo il video e una lettera: <strong>LETTERA<\/strong> Ieri sono stata contattata dal sindaco che mi ha spiegato di persona gli interventi che faranno (quello che ha detto a te ieri). Bisogner\u00e0 attendere fino alla prossima settimana sperando che trovino il problema e una soluzione. Nel frattempo i problemi persistono, anche ieri sera e questa mattina senza acqua.<\/p>\n<p>&nbsp;<\/p>\n<hr \/>\n<p>&nbsp;<\/p>\n<p><span style=\"color: #ff0000;\">ARTICOLO PUBBLICATO IL 21 GIUGNO 2018<\/span><strong> &#8220;FAION IL PROBLEMA DELL&#8217;ACQUA CHE NON C&#8217;E'&#8221;<\/strong><\/p>\n<p><strong>LA LETTERA A RADIO PIU\u00a0<\/strong>\u00a0<em>\u201cSono un cittadino di Agordo,\u00a0 del Col di Foglia in via Faion\u2026.pago regolarmente le bollette alla compagnia Gsp eppure nel 2018 qui siamo\u00a0 (plurale\u2026) senz\u2019a cqua ormai da due sere e va avanti da capodanno. Ogni due settimane\u00a0 i rubinetti sono a secco. Chiamando l\u2019azienda a Belluno ci rispondono con ogni tipo di scusa ma le bollette le dobbiamo pagare, perch\u00e8 nello stabile dove abito il problema interessa 5 famiglie con bimbi, potrebbe anche non essere l\u2019unico problema.<\/em><\/p>\n<p><strong>Dalla redazione abbiamo gi\u00e0 provveduto ad informare tanto Gsp Belluno che il sindaco di Agordo Sisto Da Roit (i Comuni sono i soci della societ\u00e0 e non possono lavarsene le mani), rimaniamo in attesa di una cortese risposta perch\u00e8 come sempre chiedere \u00e8 lecito, rispondere cortesia, purch\u00e9 in tempi accettabili<\/strong><\/p>\n<h3>RISPOSTA DEL SINDACO DI AGORDO, SISTO DA ROIT<\/h3>\n<p><strong><em>Alcuni lavori fatti alla vasca di Colvignas hanno comportato un calo della pressione nelle tubazioni generando un problema di erogazione dell\u2019acqua nelle case pi\u00f9 in alto di Faion. il problema, con oggi, dovrebbe essere risolto. Se ci fossero ancora difficolt\u00e0 di erogazione GSP far\u00e0 ulteriori interventi per superarle. Invito i cittadini a monitorare la situazione ed eventualmente ad informare anche l\u2019amministrazione se vi fossero altri problemi. L\u2019erogazione irregolare di questo inverno era invece dovuta alla carenza d\u2019acqua. La neve sta dando ora benefici al sistema idrico. Questo \u00e8 quanto mi hanno detto in GSP<\/em><\/strong><\/p>\n<p>&nbsp;<\/p>\n<hr \/>\n<p>&nbsp;<\/p>\n","protected":false},"excerpt":{"rendered":"<p>AGORDO A Faion frazione di Agordo, leggermente in quota ai piedi del Col di Foglia tanto nei giorni di pioggia che in quelli di sole il problema della mancanza d&#8217;acqua esiste e diventa sempre pi\u00f9 preoccupante e fastidioso per i clienti di GSP. Gli abitanti di una palazzina il problema l&#8217;hanno risolto con la famosa&hellip;<\/p>\n","protected":false},"author":1,"featured_media":143795,"comment_status":"closed","ping_status":"closed","sticky":false,"template":"","format":"standard","meta":{"_monsterinsights_skip_tracking":false,"_monsterinsights_sitenote_active":false,"_monsterinsights_sitenote_note":"","_monsterinsights_sitenote_category":0,"footnotes":""},"categories":[1,49],"tags":[],"class_list":["post-143794","post","type-post","status-publish","format-standard","has-post-thumbnail","hentry","category-senza-categoria","category-news-18","category-1","category-49","description-off"],"img_url":"https:\/\/www.radiopiu.net\/wordpress\/wp-content\/uploads\/2020\/06\/3f3ce02c-4890-46f6-8a77-2807addc86c4.jpg","_links":{"self":[{"href":"https:\/\/www.radiopiu.net\/wordpress\/wp-json\/wp\/v2\/posts\/143794","targetHints":{"allow":["GET"]}}],"collection":[{"href":"https:\/\/www.radiopiu.net\/wordpress\/wp-json\/wp\/v2\/posts"}],"about":[{"href":"https:\/\/www.radiopiu.net\/wordpress\/wp-json\/wp\/v2\/types\/post"}],"author":[{"embeddable":true,"href":"https:\/\/www.radiopiu.net\/wordpress\/wp-json\/wp\/v2\/users\/1"}],"replies":[{"embeddable":true,"href":"https:\/\/www.radiopiu.net\/wordpress\/wp-json\/wp\/v2\/comments?post=143794"}],"version-history":[{"count":0,"href":"https:\/\/www.radiopiu.net\/wordpress\/wp-json\/wp\/v2\/posts\/143794\/revisions"}],"wp:featuredmedia":[{"embeddable":true,"href":"https:\/\/www.radiopiu.net\/wordpress\/wp-json\/wp\/v2\/media\/143795"}],"wp:attachment":[{"href":"https:\/\/www.radiopiu.net\/wordpress\/wp-json\/wp\/v2\/media?parent=143794"}],"wp:term":[{"taxonomy":"category","embeddable":true,"href":"https:\/\/www.radiopiu.net\/wordpress\/wp-json\/wp\/v2\/categories?post=143794"},{"taxonomy":"post_tag","embeddable":true,"href":"https:\/\/www.radiopiu.net\/wordpress\/wp-json\/wp\/v2\/tags?post=143794"}],"curies":[{"name":"wp","href":"https:\/\/api.w.org\/{rel}","templated":true}]}}