{"id":143805,"date":"2020-06-11T15:52:57","date_gmt":"2020-06-11T13:52:57","guid":{"rendered":"https:\/\/www.radiopiu.net\/wordpress\/?p=143805"},"modified":"2020-06-11T16:05:34","modified_gmt":"2020-06-11T14:05:34","slug":"ieri-la-acc-oggi-la-ideal-standard-governo-al-lavoro-per-dargli-un-futuro","status":"publish","type":"post","link":"https:\/\/www.radiopiu.net\/wordpress\/ieri-la-acc-oggi-la-ideal-standard-governo-al-lavoro-per-dargli-un-futuro\/","title":{"rendered":"IERI LA ACC&#8230; OGGI LA IDEAL STANDARD. GOVERNO AL LAVORO PER DARGLI UN FUTURO"},"content":{"rendered":"<p><b><a class=\"dt-pswp-item\" href=\"https:\/\/www.radiopiu.net\/wordpress\/wp-content\/uploads\/2020\/05\/ideal-standard-orcenigo-scaled.jpg\" data-dt-img-description=\"\" data-large_image_width=\"2560\" data-large_image_height=\"1803\"><img loading=\"lazy\" decoding=\"async\" class=\"size-medium wp-image-138079 alignleft\" src=\"https:\/\/www.radiopiu.net\/wordpress\/wp-content\/uploads\/2020\/05\/ideal-standard-orcenigo-300x211.jpg\" alt=\"\" width=\"300\" height=\"211\" srcset=\"https:\/\/www.radiopiu.net\/wordpress\/wp-content\/uploads\/2020\/05\/ideal-standard-orcenigo-300x211.jpg 300w, https:\/\/www.radiopiu.net\/wordpress\/wp-content\/uploads\/2020\/05\/ideal-standard-orcenigo-1024x721.jpg 1024w, https:\/\/www.radiopiu.net\/wordpress\/wp-content\/uploads\/2020\/05\/ideal-standard-orcenigo-768x541.jpg 768w, https:\/\/www.radiopiu.net\/wordpress\/wp-content\/uploads\/2020\/05\/ideal-standard-orcenigo-1536x1082.jpg 1536w, https:\/\/www.radiopiu.net\/wordpress\/wp-content\/uploads\/2020\/05\/ideal-standard-orcenigo-2048x1442.jpg 2048w\" sizes=\"auto, (max-width: 300px) 100vw, 300px\" \/><\/a>ROMA\u00a0 <\/b><em>\u201cLo stabilimento Ideal Standard di Trichiana rappresenta un\u2019eccellenza nel settore dei sanitari e della ceramica e avr\u00e0 tutta l\u2019attenzione necessaria da parte del Governo affinch\u00e9 avvenga la ripresa della produzione. Come si \u00e8 gi\u00e0 verificato nella vertenza legata all\u2019Acc di Mel, ci sar\u00e0 tutto il mio impegno, in ogni sede, per dare una prospettiva solida ai 600 dipendenti dell\u2019azienda\u201d.\u00a0 \u00a0<\/em>Lo dichiara Federico D\u2019Inc\u00e0, Ministro per i Rapporti con il Parlamento al termine della videoconferenza\u00a0 tra il Mise, i rappresentanti di Ideal Standard e le organizzazioni sindacali in cui si \u00e8 discussa la situazione dello stabilimento di Trichiana.\u00a0 <em>\u201cAbito molto vicino allo stabilimento di Trichiana \u2013 prosegue D\u2019Inc\u00e0 &#8211; e ho evidenziato ai rappresentanti dell\u2019azienda la mia conoscenza personale con i dipendenti che, oltre ad avere un\u2019elevata professionalit\u00e0, considerano lo stabilimento come un simbolo del territorio: nel corso del tempo, c\u2019\u00e8 stato un forte impegno da parte di ognuno di loro, proprio in virt\u00f9 di questo legame speciale con l\u2019azienda. Uno stabilimento che vanta una tradizione importante e che ha sempre lavorato molto bene nel settore\u201d.<\/em><br \/>\nD\u2019Inc\u00e0 precisa che \u201cnegli ultimi 12 anni, 4 stabilimenti su 5 del gruppo Ideal Standard hanno chiuso in Italia. Trichiana \u00e8 rimasto un luogo di fondamentale importanza e <em>&#8220;Nei prossimi tavoli tra le parti\u00a0 &#8211; conclude il Minsitro &#8211; staremo ancora molto attenti sulle valutazioni dell\u2019azienda per il futuro. Ho una grandissima fiducia nel rilancio dello stabilimento e del nostro Paese e dimostreremo ancora una volta la determinazione nel seguire queste problematiche. Ringrazio i dipendenti, le organizzazioni sindacali e il Ministro per lo Sviluppo Economico Patuanelli, per il lavoro svolto fino a questo momento\u201d.<\/em><\/p>\n<p>&nbsp;<\/p>\n<p align=\"JUSTIFY\"><span style=\"font-size: medium;\"><b>\u00a0DONAZZAN, \u201cCHIEDIAMO I PIANI DI RILANCIO INDUSTRIALE DELLA SEDE DI TRICHIANA\u201d<\/b><\/span><\/p>\n<p align=\"JUSTIFY\"><em><strong><span style=\"font-size: medium;\">VENEZIA <\/span><\/strong>\u201c<span style=\"font-size: large;\">L\u2019aspetto positivo \u2013 sottolinea l\u2019assessore Donazzan \u2013 \u00e8 l\u2019anticipo di due settimane della ripresa dell\u2019attivit\u00e0 lavorativa nella sede di Borgo Valbelluna, rispetto all\u2019iniziale calendario prospettato dal gruppo, che aveva privilegiato in termini temporali la ripartenza dell\u2019attivit\u00e0 nelle sedi in Bulgaria, nella Repubblica Ceca e nel Regno Unito. Continuano per\u00f2 a mancare, ad oggi, elementi concreti rispetto alla programmazione aziendale nel breve-medio periodo\u201d.\u00a0 L<\/span><span style=\"font-size: large;\">a Regione Veneto ha preso l\u2019impegno a realizzare un nuovo incontro, insieme alle altre istituzioni, entro met\u00e0 luglio, al fine di verificare l\u2019evoluzione della situazione aziendale.\u00a0<\/span><\/em><\/p>\n","protected":false},"excerpt":{"rendered":"<p>ROMA\u00a0 \u201cLo stabilimento Ideal Standard di Trichiana rappresenta un\u2019eccellenza nel settore dei sanitari e della ceramica e avr\u00e0 tutta l\u2019attenzione necessaria da parte del Governo affinch\u00e9 avvenga la ripresa della produzione. Come si \u00e8 gi\u00e0 verificato nella vertenza legata all\u2019Acc di Mel, ci sar\u00e0 tutto il mio impegno, in ogni sede, per dare una prospettiva&hellip;<\/p>\n","protected":false},"author":1,"featured_media":42229,"comment_status":"closed","ping_status":"closed","sticky":false,"template":"","format":"standard","meta":{"_monsterinsights_skip_tracking":false,"_monsterinsights_sitenote_active":false,"_monsterinsights_sitenote_note":"","_monsterinsights_sitenote_category":0,"footnotes":""},"categories":[49],"tags":[],"class_list":["post-143805","post","type-post","status-publish","format-standard","has-post-thumbnail","hentry","category-news-18","category-49","description-off"],"img_url":"https:\/\/www.radiopiu.net\/wordpress\/wp-content\/uploads\/2018\/01\/IdealStandard_print.gif","_links":{"self":[{"href":"https:\/\/www.radiopiu.net\/wordpress\/wp-json\/wp\/v2\/posts\/143805","targetHints":{"allow":["GET"]}}],"collection":[{"href":"https:\/\/www.radiopiu.net\/wordpress\/wp-json\/wp\/v2\/posts"}],"about":[{"href":"https:\/\/www.radiopiu.net\/wordpress\/wp-json\/wp\/v2\/types\/post"}],"author":[{"embeddable":true,"href":"https:\/\/www.radiopiu.net\/wordpress\/wp-json\/wp\/v2\/users\/1"}],"replies":[{"embeddable":true,"href":"https:\/\/www.radiopiu.net\/wordpress\/wp-json\/wp\/v2\/comments?post=143805"}],"version-history":[{"count":0,"href":"https:\/\/www.radiopiu.net\/wordpress\/wp-json\/wp\/v2\/posts\/143805\/revisions"}],"wp:featuredmedia":[{"embeddable":true,"href":"https:\/\/www.radiopiu.net\/wordpress\/wp-json\/wp\/v2\/media\/42229"}],"wp:attachment":[{"href":"https:\/\/www.radiopiu.net\/wordpress\/wp-json\/wp\/v2\/media?parent=143805"}],"wp:term":[{"taxonomy":"category","embeddable":true,"href":"https:\/\/www.radiopiu.net\/wordpress\/wp-json\/wp\/v2\/categories?post=143805"},{"taxonomy":"post_tag","embeddable":true,"href":"https:\/\/www.radiopiu.net\/wordpress\/wp-json\/wp\/v2\/tags?post=143805"}],"curies":[{"name":"wp","href":"https:\/\/api.w.org\/{rel}","templated":true}]}}