{"id":144017,"date":"2020-06-12T23:59:19","date_gmt":"2020-06-12T21:59:19","guid":{"rendered":"https:\/\/www.radiopiu.net\/wordpress\/?p=144017"},"modified":"2020-06-13T05:50:41","modified_gmt":"2020-06-13T03:50:41","slug":"san-simon-2000-ritorno-alle-origini-sullemigrazione-dalla-valbiois-di-renato-bona","status":"publish","type":"post","link":"https:\/\/www.radiopiu.net\/wordpress\/san-simon-2000-ritorno-alle-origini-sullemigrazione-dalla-valbiois-di-renato-bona\/","title":{"rendered":"SAN SIMON 2000. RITORNO ALLE ORIGINI SULL\u2019EMIGRAZIONE DALLA VALBIOIS  di Renato Bona"},"content":{"rendered":"<p><strong><a class=\"dt-pswp-item\" href=\"https:\/\/www.radiopiu.net\/wordpress\/wp-content\/uploads\/2019\/08\/553085_385905871470280_1626001170_n-1.jpg\" data-dt-img-description=\"\" data-large_image_width=\"855\" data-large_image_height=\"569\"><img loading=\"lazy\" decoding=\"async\" class=\" wp-image-94594 alignleft\" src=\"https:\/\/www.radiopiu.net\/wordpress\/wp-content\/uploads\/2019\/08\/553085_385905871470280_1626001170_n-1-300x200.jpg\" alt=\"\" width=\"177\" height=\"118\" srcset=\"https:\/\/www.radiopiu.net\/wordpress\/wp-content\/uploads\/2019\/08\/553085_385905871470280_1626001170_n-1-300x200.jpg 300w, https:\/\/www.radiopiu.net\/wordpress\/wp-content\/uploads\/2019\/08\/553085_385905871470280_1626001170_n-1-768x511.jpg 768w, https:\/\/www.radiopiu.net\/wordpress\/wp-content\/uploads\/2019\/08\/553085_385905871470280_1626001170_n-1.jpg 855w\" sizes=\"auto, (max-width: 177px) 100vw, 177px\" \/><\/a>di Renato Bona\u00a0<\/strong><\/p>\n<p>Vent\u2019anni fa, con una pubblicazione (stampata in proprio) modesta nella forma ma preziosa nella sostanza, l\u2019amministrazione comunale di Vallada Agordina in provincia di Belluno dava succintamente conto dell\u2019emigrazione dalla Valle del Biois dal 1877 al 1900. Il quadernetto era intitolato \u201cSan Simon 2000. Ritorno alle origini\u201d ed era stato realizzato in occasione di quello che veniva definito avvenimento storico eccezionale: l\u2019arrivo e il soggiorno dal 27 ottobre 2000 e fino al 2 novembre \u2013 nel periodo della ricorrenza di San Simon e della festa paesana a lui dedicata e che maggiormente aggrega le genti della Valle del Biois &#8211; di una comitiva di 44 brasiliani per la maggior parte discendenti dagli emigranti che lasciarono per sempre Falcade, Canale, Vallada e San Tomaso per stabilirsi nella colonia di Luis Alves, nello stato di Santa Catarina, alla fine del secolo scorso. E sottolineava che \u201csolo alcuni dei futuri ospiti sono oriundi di altri paesi del Bellunese\u201d. A guidare il gruppo degli ospiti sarebbe stato Helio Micheluzzi, cittadino onorario di Vallada Agordina dal 1999 e presidente della Famiglia bellunese di Jaragu\u00e0 do Sul nello stato di Santa Catarina; assieme a lui, Iria Tancon che \u201cgiunta fortuitamente a Canale nel \u201978 grazie alla corrispondenza conservata fra il nonno paterno e la cugina Bortola Tancon (la mamma di Papa Luciani, il \u2018Papa bellunese del sorriso\u2019 asceso al soglio di Pietro proprio nel 1978), dopo aver scoperto nei paesi della vallata agordina gli stessi cognomi a lei familiari fin dall\u2019infanzia. Iria Tancon fu la prima ad impegnarsi e prodigarsi perch\u00e9 fra le due comunit\u00e0 riprendessero contatti, sia pure per piccole tappe. Il sindaco dell\u2019epoca di Vallada Agordina, dopo alcune visite della Tancon, effettu\u00f2 una prima trasferta in terra brasiliana, a Luis Alves, nel dicembre 1994 e poi il 20 aprile 1997 in occasione della solenne cerimonia per ricordare e dedicare una via al vescovo italo-brasiliano Giovanni Battista Costa nel primo anniversario della scomparsa. In quell\u2019occasione erano presenti il primo cittadino di San Tomaso Agordino in rappresentanza del comune di origine del padre del presule, Luigi Costa; intervenne pure il vice sindaco di Vallada Agordina per rappresentare il comune di origine della madre, Speranza Lazzaris. Seguirono altri viaggi, istituzionali o privati ed i rapporti si intensificarono al punto che per il Capodanno 1999 ben 35 valligiani di Falcade, Canale, Vallada e San Tomaso varcarono l\u2019oceano per conoscere lo stato di Santa Catarina. Nell\u2019occasione, all\u2019associazione degli emigranti locale venne consegnato il gagliardetto della \u201cBellunesi nel mondo\u201d mentre don Angelo Crepaz \u201ccon una felice intuizione seppe interpretare il sentire di tutti, chiedendo perdono ai nostri fratelli d\u2019oltreoceano per tanti anni di oblio\u201d. La pubblicazione traccia quindi la sintetica \u201cStoria di una comunit\u00e0 gemella\u201d sottolineando come l\u2019estrema povert\u00e0 dell\u2019epoca dopo l\u2019annessione del Veneto al Regno d\u2019Italia \u201crese inevitabile la decisione di emigrare permanentemente in lontane parti del globo per tante persone ormai al limite della sopravvivenza\u201d. Sicch\u00e9 a cominciare dal 1877 e fino al 1900 in ondate successive lasciarono la nostra valle per recarsi in Brasile (e al 99 per cento nella Colonia di Luis Alves nello stato di Santa Catarina) almeno 500 persone\u201d. E fu \u201cGrazie a questa scelta coraggiosa, definitiva ed irrevocabile\u201d che i partenti permisero condizioni di vita pi\u00f9 accettabili tali da consentire la sopravvivenza anche a chi restava. La traversata, quando tutto andava bene, durava 30 giorni e una volta scesi a terra, almeno nei primi anni, \u201ci nostri valligiani si trovarono un una vasta zona collinare coperta da fitta boscaglia e\u2026 nient\u2019altro! Cos\u00ec col cuore lacerato dalla nostalgia e nella ulteriore consapevolezza che un ritorno era impossibile, essi si accamparono dapprima insieme, provvedendo attraverso la caccia al sostentamento del gruppo e mantenendo il fuoco acceso anche durante la notte per allontanare le bestie pericolose. E quando infine fu distribuita la terra ed inizi\u00f2 la colonizzazione vera e propria, essi scelsero propriet\u00e0 contigue, lungo i diversi corsi d\u2019acqua minori, tutti tributari del Luis Alves\u201d. Questa la conclusione: \u201cOggi dopo oltre cent\u2019anni dall\u2019inizio della colonizzazione, le due comunit\u00e0 nate da due semi della stessa pianta si sono riscoperte e riconosciute. Quella catarinense appare pi\u00f9 numerosa, giovane e intraprendente, mentre quella italiana \u00e8 pi\u00f9 anziana, e quasi paga del benessere ottenuto nel dopoguerra grazie al turismo prima e all\u2019industria dell\u2019occhiale poi\u201d. NELLE FOTO (riproduzioni dal \u201cSan Simon 2000. Ritorno alle origini\u201d): la copertina della pubblicazione; conferimento della cittadinanza onoraria a Helio Micheluzzi; consegna del gagliardetto della \u201cBellunesi nel mondo\u201d alla \u201cfamiglia Abm\u201d di Luis Alves; passaporto dell\u2019800 per espatriare in Brasile; prenotazione del viaggio su battelli in partenza da Genova; la famiglia Ronchi Isidoro \u201cOro\u201d; la famiglia Micheluzzi Tiziano \u201cVaz\u201d; la famiglia Tomaselli \u201cBaudin\u201d; Gaetano Lazzaris \u201cElene\u201d; Luigi Ronchi e Maria De Lazzer; la chiesa di Santa Luzia nell\u2019omonima contrada; Luis Alves \u201cO Paraiso Verde do Vale\u201d.<\/p>\n\n\t\t\t<style type='text\/css'>\n\t\t\t\t#gallery-1 {\n\t\t\t\t\tmargin: auto;\n\t\t\t\t}\n\t\t\t\t#gallery-1 .gallery-item {\n\t\t\t\t\tfloat: left;\n\t\t\t\t\tmargin-top: 10px;\n\t\t\t\t\ttext-align: center;\n\t\t\t\t\twidth: 25%;\n\t\t\t\t}\n\t\t\t\t#gallery-1 img {\n\t\t\t\t\tborder: 2px solid #cfcfcf;\n\t\t\t\t}\n\t\t\t\t#gallery-1 .gallery-caption {\n\t\t\t\t\tmargin-left: 0;\n\t\t\t\t}\n\t\t\t\t\/* see gallery_shortcode() in wp-includes\/media.php *\/\n\t\t\t<\/style>\n\t\t<div id='gallery-1' class='dt-gallery-container gallery galleryid-144017 gallery-columns-4 gallery-size-thumbnail'><dl class='gallery-item'>\n\t\t\t\t<dt class='gallery-icon portrait'>\n\t\t\t\t\t<a class=\"rollover\" href='https:\/\/www.radiopiu.net\/wordpress\/san-simon-2000-ritorno-alle-origini-sullemigrazione-dalla-valbiois-di-renato-bona\/103945816_284009359629937_8032340084642612691_n\/'><img loading=\"lazy\" decoding=\"async\" width=\"150\" height=\"150\" src=\"https:\/\/www.radiopiu.net\/wordpress\/wp-content\/uploads\/2020\/06\/103945816_284009359629937_8032340084642612691_n-150x150.jpg\" class=\"attachment-thumbnail size-thumbnail\" alt=\"\" \/><\/a>\n\t\t\t\t<\/dt><\/dl><dl class='gallery-item'>\n\t\t\t\t<dt class='gallery-icon landscape'>\n\t\t\t\t\t<a class=\"rollover\" href='https:\/\/www.radiopiu.net\/wordpress\/san-simon-2000-ritorno-alle-origini-sullemigrazione-dalla-valbiois-di-renato-bona\/104191314_258984811996824_2871383292815248482_n-2\/'><img loading=\"lazy\" decoding=\"async\" width=\"150\" height=\"150\" src=\"https:\/\/www.radiopiu.net\/wordpress\/wp-content\/uploads\/2020\/06\/104191314_258984811996824_2871383292815248482_n-1-150x150.jpg\" class=\"attachment-thumbnail size-thumbnail\" alt=\"\" \/><\/a>\n\t\t\t\t<\/dt><\/dl><dl class='gallery-item'>\n\t\t\t\t<dt class='gallery-icon landscape'>\n\t\t\t\t\t<a class=\"rollover\" href='https:\/\/www.radiopiu.net\/wordpress\/san-simon-2000-ritorno-alle-origini-sullemigrazione-dalla-valbiois-di-renato-bona\/103876081_290585115657386_354674082182645422_n\/'><img loading=\"lazy\" decoding=\"async\" width=\"150\" height=\"150\" src=\"https:\/\/www.radiopiu.net\/wordpress\/wp-content\/uploads\/2020\/06\/103876081_290585115657386_354674082182645422_n-150x150.jpg\" class=\"attachment-thumbnail size-thumbnail\" alt=\"\" \/><\/a>\n\t\t\t\t<\/dt><\/dl><dl class='gallery-item'>\n\t\t\t\t<dt class='gallery-icon landscape'>\n\t\t\t\t\t<a class=\"rollover\" href='https:\/\/www.radiopiu.net\/wordpress\/san-simon-2000-ritorno-alle-origini-sullemigrazione-dalla-valbiois-di-renato-bona\/104226379_183012149800041_6508313611367138223_n\/'><img loading=\"lazy\" decoding=\"async\" width=\"150\" height=\"150\" src=\"https:\/\/www.radiopiu.net\/wordpress\/wp-content\/uploads\/2020\/06\/104226379_183012149800041_6508313611367138223_n-150x150.jpg\" class=\"attachment-thumbnail size-thumbnail\" alt=\"\" \/><\/a>\n\t\t\t\t<\/dt><\/dl><br style=\"clear: both\" \/><dl class='gallery-item'>\n\t\t\t\t<dt class='gallery-icon portrait'>\n\t\t\t\t\t<a class=\"rollover\" href='https:\/\/www.radiopiu.net\/wordpress\/san-simon-2000-ritorno-alle-origini-sullemigrazione-dalla-valbiois-di-renato-bona\/104002480_851765941981059_1417512841306201267_n\/'><img loading=\"lazy\" decoding=\"async\" width=\"150\" height=\"150\" src=\"https:\/\/www.radiopiu.net\/wordpress\/wp-content\/uploads\/2020\/06\/104002480_851765941981059_1417512841306201267_n-150x150.jpg\" class=\"attachment-thumbnail size-thumbnail\" alt=\"\" \/><\/a>\n\t\t\t\t<\/dt><\/dl><dl class='gallery-item'>\n\t\t\t\t<dt class='gallery-icon portrait'>\n\t\t\t\t\t<a class=\"rollover\" href='https:\/\/www.radiopiu.net\/wordpress\/san-simon-2000-ritorno-alle-origini-sullemigrazione-dalla-valbiois-di-renato-bona\/104099816_285804085877259_7059180705563910146_n\/'><img loading=\"lazy\" decoding=\"async\" width=\"150\" height=\"150\" src=\"https:\/\/www.radiopiu.net\/wordpress\/wp-content\/uploads\/2020\/06\/104099816_285804085877259_7059180705563910146_n-150x150.jpg\" class=\"attachment-thumbnail size-thumbnail\" alt=\"\" \/><\/a>\n\t\t\t\t<\/dt><\/dl><dl class='gallery-item'>\n\t\t\t\t<dt class='gallery-icon landscape'>\n\t\t\t\t\t<a class=\"rollover\" href='https:\/\/www.radiopiu.net\/wordpress\/san-simon-2000-ritorno-alle-origini-sullemigrazione-dalla-valbiois-di-renato-bona\/104338754_196877894855216_5770445175281364649_n\/'><img loading=\"lazy\" decoding=\"async\" width=\"150\" height=\"150\" src=\"https:\/\/www.radiopiu.net\/wordpress\/wp-content\/uploads\/2020\/06\/104338754_196877894855216_5770445175281364649_n-150x150.jpg\" class=\"attachment-thumbnail size-thumbnail\" alt=\"\" \/><\/a>\n\t\t\t\t<\/dt><\/dl><dl class='gallery-item'>\n\t\t\t\t<dt class='gallery-icon landscape'>\n\t\t\t\t\t<a class=\"rollover\" href='https:\/\/www.radiopiu.net\/wordpress\/san-simon-2000-ritorno-alle-origini-sullemigrazione-dalla-valbiois-di-renato-bona\/103833128_293667678494957_2331977677513078045_n\/'><img loading=\"lazy\" decoding=\"async\" width=\"150\" height=\"150\" src=\"https:\/\/www.radiopiu.net\/wordpress\/wp-content\/uploads\/2020\/06\/103833128_293667678494957_2331977677513078045_n-150x150.jpg\" class=\"attachment-thumbnail size-thumbnail\" alt=\"\" \/><\/a>\n\t\t\t\t<\/dt><\/dl><br style=\"clear: both\" \/><dl class='gallery-item'>\n\t\t\t\t<dt class='gallery-icon landscape'>\n\t\t\t\t\t<a class=\"rollover\" href='https:\/\/www.radiopiu.net\/wordpress\/san-simon-2000-ritorno-alle-origini-sullemigrazione-dalla-valbiois-di-renato-bona\/103965072_2728258290766871_873494927016759707_n\/'><img loading=\"lazy\" decoding=\"async\" width=\"150\" height=\"150\" src=\"https:\/\/www.radiopiu.net\/wordpress\/wp-content\/uploads\/2020\/06\/103965072_2728258290766871_873494927016759707_n-150x150.jpg\" class=\"attachment-thumbnail size-thumbnail\" alt=\"\" \/><\/a>\n\t\t\t\t<\/dt><\/dl><dl class='gallery-item'>\n\t\t\t\t<dt class='gallery-icon portrait'>\n\t\t\t\t\t<a class=\"rollover\" href='https:\/\/www.radiopiu.net\/wordpress\/san-simon-2000-ritorno-alle-origini-sullemigrazione-dalla-valbiois-di-renato-bona\/103949438_284868156252750_366633749328658200_n\/'><img loading=\"lazy\" decoding=\"async\" width=\"150\" height=\"150\" src=\"https:\/\/www.radiopiu.net\/wordpress\/wp-content\/uploads\/2020\/06\/103949438_284868156252750_366633749328658200_n-150x150.jpg\" class=\"attachment-thumbnail size-thumbnail\" alt=\"\" \/><\/a>\n\t\t\t\t<\/dt><\/dl><dl class='gallery-item'>\n\t\t\t\t<dt class='gallery-icon portrait'>\n\t\t\t\t\t<a class=\"rollover\" href='https:\/\/www.radiopiu.net\/wordpress\/san-simon-2000-ritorno-alle-origini-sullemigrazione-dalla-valbiois-di-renato-bona\/103775276_2695555364056145_5617299712742380743_n\/'><img loading=\"lazy\" decoding=\"async\" width=\"150\" height=\"150\" src=\"https:\/\/www.radiopiu.net\/wordpress\/wp-content\/uploads\/2020\/06\/103775276_2695555364056145_5617299712742380743_n-150x150.jpg\" class=\"attachment-thumbnail size-thumbnail\" alt=\"\" \/><\/a>\n\t\t\t\t<\/dt><\/dl><dl class='gallery-item'>\n\t\t\t\t<dt class='gallery-icon landscape'>\n\t\t\t\t\t<a class=\"rollover\" href='https:\/\/www.radiopiu.net\/wordpress\/san-simon-2000-ritorno-alle-origini-sullemigrazione-dalla-valbiois-di-renato-bona\/104137429_650421268884162_6916563908920608102_n\/'><img loading=\"lazy\" decoding=\"async\" width=\"150\" height=\"150\" src=\"https:\/\/www.radiopiu.net\/wordpress\/wp-content\/uploads\/2020\/06\/104137429_650421268884162_6916563908920608102_n-150x150.jpg\" class=\"attachment-thumbnail size-thumbnail\" alt=\"\" \/><\/a>\n\t\t\t\t<\/dt><\/dl><br style=\"clear: both\" \/>\n\t\t\t<\/div>\n\n<p>&nbsp;<\/p>\n","protected":false},"excerpt":{"rendered":"<p>di Renato Bona\u00a0 Vent\u2019anni fa, con una pubblicazione (stampata in proprio) modesta nella forma ma preziosa nella sostanza, l\u2019amministrazione comunale di Vallada Agordina in provincia di Belluno dava succintamente conto dell\u2019emigrazione dalla Valle del Biois dal 1877 al 1900. Il quadernetto era intitolato \u201cSan Simon 2000. Ritorno alle origini\u201d ed era stato realizzato in occasione&hellip;<\/p>\n","protected":false},"author":4,"featured_media":144024,"comment_status":"closed","ping_status":"closed","sticky":false,"template":"","format":"standard","meta":{"_monsterinsights_skip_tracking":false,"_monsterinsights_sitenote_active":false,"_monsterinsights_sitenote_note":"","_monsterinsights_sitenote_category":0,"footnotes":""},"categories":[49],"tags":[],"class_list":["post-144017","post","type-post","status-publish","format-standard","has-post-thumbnail","hentry","category-news-18","category-49","description-off"],"img_url":"https:\/\/www.radiopiu.net\/wordpress\/wp-content\/uploads\/2020\/06\/103833128_293667678494957_2331977677513078045_n-scaled.jpg","_links":{"self":[{"href":"https:\/\/www.radiopiu.net\/wordpress\/wp-json\/wp\/v2\/posts\/144017","targetHints":{"allow":["GET"]}}],"collection":[{"href":"https:\/\/www.radiopiu.net\/wordpress\/wp-json\/wp\/v2\/posts"}],"about":[{"href":"https:\/\/www.radiopiu.net\/wordpress\/wp-json\/wp\/v2\/types\/post"}],"author":[{"embeddable":true,"href":"https:\/\/www.radiopiu.net\/wordpress\/wp-json\/wp\/v2\/users\/4"}],"replies":[{"embeddable":true,"href":"https:\/\/www.radiopiu.net\/wordpress\/wp-json\/wp\/v2\/comments?post=144017"}],"version-history":[{"count":0,"href":"https:\/\/www.radiopiu.net\/wordpress\/wp-json\/wp\/v2\/posts\/144017\/revisions"}],"wp:featuredmedia":[{"embeddable":true,"href":"https:\/\/www.radiopiu.net\/wordpress\/wp-json\/wp\/v2\/media\/144024"}],"wp:attachment":[{"href":"https:\/\/www.radiopiu.net\/wordpress\/wp-json\/wp\/v2\/media?parent=144017"}],"wp:term":[{"taxonomy":"category","embeddable":true,"href":"https:\/\/www.radiopiu.net\/wordpress\/wp-json\/wp\/v2\/categories?post=144017"},{"taxonomy":"post_tag","embeddable":true,"href":"https:\/\/www.radiopiu.net\/wordpress\/wp-json\/wp\/v2\/tags?post=144017"}],"curies":[{"name":"wp","href":"https:\/\/api.w.org\/{rel}","templated":true}]}}