{"id":144081,"date":"2020-06-14T18:34:11","date_gmt":"2020-06-14T16:34:11","guid":{"rendered":"https:\/\/www.radiopiu.net\/wordpress\/?p=144081"},"modified":"2020-06-15T06:21:48","modified_gmt":"2020-06-15T04:21:48","slug":"dallinutile-totem-allutile-ricarica-e-bike","status":"publish","type":"post","link":"https:\/\/www.radiopiu.net\/wordpress\/dallinutile-totem-allutile-ricarica-e-bike\/","title":{"rendered":"DALL&#8217;INUTILE TOTEM ALL&#8217;UTILE RICARICA E BIKE"},"content":{"rendered":"<p><strong>AGORDO\u00a0<\/strong> Finalmente quell&#8217;inutile monumento allo spreco \u00e8 stato tolto da Piazza Libert\u00e0. Era stato presentato con la gran cassa dalla Provincia e dalle precedenti amministrazioni comunali che si sono succedute negli ultimi 10 anni,\u00a0 doveva essere l&#8217;iniziativa turistica importante collegata al famoso milione del Cnr&#8230; il famoso milione del signor Bonaventura, una barzelletta. Doveva presentare manifestazioni, eventi, locali della zona, a vantaggio dei turisti. Ha funzionato forse qualche settimana, poi non \u00e8 stato pi\u00f9 aggiornato e quindi si \u00e8 spento per sempre. Una valanga di soldi gettati alle ortiche tra le domande della gente che si chiedeva perch\u00e8 occupasse uno spazio pubblico senza motivo e le &#8220;non risposte&#8221; dell&#8217;allora amministrazione comunale. Oggi l&#8217;assessore al turismo Chiara Fontanive presenta con orgoglio una nuova iniziativa, questa si serve: una colonnina per la ricarica delle e-bike.<\/p>\n<p>&nbsp;<\/p>\n<blockquote>\n<p align=\"JUSTIFY\"><em><span style=\"font-family: Cambria, serif;\">Ha trovato concretezza mercoled\u00ec 10 giugno, l\u2019installazione della nuova postazione di ricarica e-bike in piazza Libert\u00e0, promossa dal Comune di Agordo. Un tassello di un progetto a larga scala che prevede 25 stazioni che verranno collocate da Sedico-Bribano, sviluppando un circuito lungo la vallata Agordina affiancando quelle che sono le piste ciclabili in costruzione.\u00a0<\/span><span style=\"font-family: Cambria, serif;\">Il progetto nasce dalla collaborazione tra Cassa Rurale Dolomiti di Fassa, Primiero e Belluno e Repower con lo scopo di promuovere il cicloturismo sostenibile e incentivare l\u2019uso delle e-bike, innovando l\u2019offerta turistica e potenziandone i benefici per l\u2019economia locale. <\/span><span style=\"font-family: Cambria, serif;\">Ecco dunque l\u2019idea di sostituire il totem informativo della piazza, purtroppo da anni guasto e inservibile, con uno dei 25 energy point, riutilizzando la base precedentemente realizzata con i relativi collegamenti elettrici, ottimizzando totalmente le risorse. Nasce cos\u00ec un punto di sosta funzionale, facilmente identificabile e che permette al cicloturista di accedere ai servizi offerti dal paese, lasciando comodamente la bicicletta in ricarica. <\/span><\/em><span style=\"font-family: Cambria, serif;\"><em>La struttura \u00e8 caratterizzata da due pannelli bifacciali, che accolgono da una parte la stazione \u201cBitta\u201d , disegnata da Italo Rota e Alessandro Pedretti in esclusiva per Repower, progettata per essere facile da utilizzare, resistente e completamente impermeabile. La parte anteriore ospita invece le indicazioni e le fotografie concesse da Dolomiti Sport Republik e Agordino Bike Guides.<\/em> <\/span><\/p>\n<\/blockquote>\n<p>&nbsp;<\/p>\n<p>&nbsp;<\/p>\n<p><strong>L&#8217;ASSESSORE DEL COMUNE DI AGORDO CHIARA FONTANIVE<\/strong><\/p>\n<audio class=\"wp-audio-shortcode\" id=\"audio-144081-1\" preload=\"none\" style=\"width: 100%;\" controls=\"controls\"><source type=\"audio\/mpeg\" src=\"https:\/\/www.radiopiu.net\/wordpress\/wp-content\/uploads\/2020\/06\/CHIARA-FONTANIVE-EBIKE.mp3?_=1\" \/><a href=\"https:\/\/www.radiopiu.net\/wordpress\/wp-content\/uploads\/2020\/06\/CHIARA-FONTANIVE-EBIKE.mp3\">https:\/\/www.radiopiu.net\/wordpress\/wp-content\/uploads\/2020\/06\/CHIARA-FONTANIVE-EBIKE.mp3<\/a><\/audio>\n<p>&nbsp;<\/p>\n<p><a class=\"dt-pswp-item\" href=\"https:\/\/www.radiopiu.net\/wordpress\/wp-content\/uploads\/2020\/06\/37621125-117d-4c7a-ab7e-c98e3ddf9caf.jpg\" data-dt-img-description=\"\" data-large_image_width=\"1536\" data-large_image_height=\"2048\"><img loading=\"lazy\" decoding=\"async\" class=\"alignnone size-medium wp-image-144082\" src=\"https:\/\/www.radiopiu.net\/wordpress\/wp-content\/uploads\/2020\/06\/37621125-117d-4c7a-ab7e-c98e3ddf9caf-225x300.jpg\" alt=\"\" width=\"225\" height=\"300\" srcset=\"https:\/\/www.radiopiu.net\/wordpress\/wp-content\/uploads\/2020\/06\/37621125-117d-4c7a-ab7e-c98e3ddf9caf-225x300.jpg 225w, https:\/\/www.radiopiu.net\/wordpress\/wp-content\/uploads\/2020\/06\/37621125-117d-4c7a-ab7e-c98e3ddf9caf-768x1024.jpg 768w, https:\/\/www.radiopiu.net\/wordpress\/wp-content\/uploads\/2020\/06\/37621125-117d-4c7a-ab7e-c98e3ddf9caf-1152x1536.jpg 1152w, https:\/\/www.radiopiu.net\/wordpress\/wp-content\/uploads\/2020\/06\/37621125-117d-4c7a-ab7e-c98e3ddf9caf.jpg 1536w\" sizes=\"auto, (max-width: 225px) 100vw, 225px\" \/><\/a><a class=\"dt-pswp-item\" href=\"https:\/\/www.radiopiu.net\/wordpress\/wp-content\/uploads\/2020\/06\/6c2b4e48-45ee-458b-8ac7-2f4b7bfb560d.jpg\" data-dt-img-description=\"\" data-large_image_width=\"1536\" data-large_image_height=\"2048\"><img loading=\"lazy\" decoding=\"async\" class=\"alignnone size-medium wp-image-144083\" src=\"https:\/\/www.radiopiu.net\/wordpress\/wp-content\/uploads\/2020\/06\/6c2b4e48-45ee-458b-8ac7-2f4b7bfb560d-225x300.jpg\" alt=\"\" width=\"225\" height=\"300\" srcset=\"https:\/\/www.radiopiu.net\/wordpress\/wp-content\/uploads\/2020\/06\/6c2b4e48-45ee-458b-8ac7-2f4b7bfb560d-225x300.jpg 225w, https:\/\/www.radiopiu.net\/wordpress\/wp-content\/uploads\/2020\/06\/6c2b4e48-45ee-458b-8ac7-2f4b7bfb560d-768x1024.jpg 768w, https:\/\/www.radiopiu.net\/wordpress\/wp-content\/uploads\/2020\/06\/6c2b4e48-45ee-458b-8ac7-2f4b7bfb560d-1152x1536.jpg 1152w, https:\/\/www.radiopiu.net\/wordpress\/wp-content\/uploads\/2020\/06\/6c2b4e48-45ee-458b-8ac7-2f4b7bfb560d.jpg 1536w\" sizes=\"auto, (max-width: 225px) 100vw, 225px\" \/><\/a><\/p>\n","protected":false},"excerpt":{"rendered":"<p>AGORDO\u00a0 Finalmente quell&#8217;inutile monumento allo spreco \u00e8 stato tolto da Piazza Libert\u00e0. Era stato presentato con la gran cassa dalla Provincia e dalle precedenti amministrazioni comunali che si sono succedute negli ultimi 10 anni,\u00a0 doveva essere l&#8217;iniziativa turistica importante collegata al famoso milione del Cnr&#8230; il famoso milione del signor Bonaventura, una barzelletta. Doveva presentare&hellip;<\/p>\n","protected":false},"author":1,"featured_media":144082,"comment_status":"closed","ping_status":"closed","sticky":false,"template":"","format":"standard","meta":{"_monsterinsights_skip_tracking":false,"_monsterinsights_sitenote_active":false,"_monsterinsights_sitenote_note":"","_monsterinsights_sitenote_category":0,"footnotes":""},"categories":[49],"tags":[],"class_list":["post-144081","post","type-post","status-publish","format-standard","has-post-thumbnail","hentry","category-news-18","category-49","description-off"],"img_url":"https:\/\/www.radiopiu.net\/wordpress\/wp-content\/uploads\/2020\/06\/37621125-117d-4c7a-ab7e-c98e3ddf9caf.jpg","_links":{"self":[{"href":"https:\/\/www.radiopiu.net\/wordpress\/wp-json\/wp\/v2\/posts\/144081","targetHints":{"allow":["GET"]}}],"collection":[{"href":"https:\/\/www.radiopiu.net\/wordpress\/wp-json\/wp\/v2\/posts"}],"about":[{"href":"https:\/\/www.radiopiu.net\/wordpress\/wp-json\/wp\/v2\/types\/post"}],"author":[{"embeddable":true,"href":"https:\/\/www.radiopiu.net\/wordpress\/wp-json\/wp\/v2\/users\/1"}],"replies":[{"embeddable":true,"href":"https:\/\/www.radiopiu.net\/wordpress\/wp-json\/wp\/v2\/comments?post=144081"}],"version-history":[{"count":0,"href":"https:\/\/www.radiopiu.net\/wordpress\/wp-json\/wp\/v2\/posts\/144081\/revisions"}],"wp:featuredmedia":[{"embeddable":true,"href":"https:\/\/www.radiopiu.net\/wordpress\/wp-json\/wp\/v2\/media\/144082"}],"wp:attachment":[{"href":"https:\/\/www.radiopiu.net\/wordpress\/wp-json\/wp\/v2\/media?parent=144081"}],"wp:term":[{"taxonomy":"category","embeddable":true,"href":"https:\/\/www.radiopiu.net\/wordpress\/wp-json\/wp\/v2\/categories?post=144081"},{"taxonomy":"post_tag","embeddable":true,"href":"https:\/\/www.radiopiu.net\/wordpress\/wp-json\/wp\/v2\/tags?post=144081"}],"curies":[{"name":"wp","href":"https:\/\/api.w.org\/{rel}","templated":true}]}}