{"id":144098,"date":"2020-06-13T10:07:19","date_gmt":"2020-06-13T08:07:19","guid":{"rendered":"https:\/\/www.radiopiu.net\/wordpress\/?p=144098"},"modified":"2020-06-13T10:07:19","modified_gmt":"2020-06-13T08:07:19","slug":"un-bellesempio","status":"publish","type":"post","link":"https:\/\/www.radiopiu.net\/wordpress\/un-bellesempio\/","title":{"rendered":"UN BELL&#8217;ESEMPIO"},"content":{"rendered":"<p><strong><a class=\"dt-pswp-item\" href=\"https:\/\/www.radiopiu.net\/wordpress\/wp-content\/uploads\/2020\/06\/Albert-Nikolla.jpg\" data-dt-img-description=\"\" data-large_image_width=\"1437\" data-large_image_height=\"1181\"><img loading=\"lazy\" decoding=\"async\" class=\"size-medium wp-image-144099 alignleft\" src=\"https:\/\/www.radiopiu.net\/wordpress\/wp-content\/uploads\/2020\/06\/Albert-Nikolla-300x247.jpg\" alt=\"\" width=\"300\" height=\"247\" srcset=\"https:\/\/www.radiopiu.net\/wordpress\/wp-content\/uploads\/2020\/06\/Albert-Nikolla-300x247.jpg 300w, https:\/\/www.radiopiu.net\/wordpress\/wp-content\/uploads\/2020\/06\/Albert-Nikolla-1024x842.jpg 1024w, https:\/\/www.radiopiu.net\/wordpress\/wp-content\/uploads\/2020\/06\/Albert-Nikolla-768x631.jpg 768w, https:\/\/www.radiopiu.net\/wordpress\/wp-content\/uploads\/2020\/06\/Albert-Nikolla.jpg 1437w\" sizes=\"auto, (max-width: 300px) 100vw, 300px\" \/><\/a>BELLUNO<\/strong> Albert Nikolla, dopo essere stato nominato ancora l&#8217;anno scorso consigliere del primo ministro Rama per gli affari sociali ieri \u00e8 stato nominato Viceministro della Sanit\u00e0 e Affari Sociali. Una bella notizia che parla un p\u00f2 bellunese dato che Albert si \u00e8 formato soprattutto in provincia e nelle Universit\u00e0 italiane.\u00a0Arrivato a Belluno negli anni 90, da &#8220;perpetuo&#8221; di don Fabio Cassol nella parrocchia di Pez, \u00e8 stato il fondatore dell associazione Alba azione di Gioia, prima associazione di immigrati della provincia di Belluno che ha gestito gli informa immigrati di Alpago, Belluno e Feltre. Dal 2000 al 2005 responsabile ufficio informaimmigrati di Feltre.<br \/>\nDiploma in scienze religiose presso la facolt\u00e0 teologica di Belluno, master in bioetica universit\u00e0 pontificia di Roma, dottorato in scienze antropologiche universit\u00e0 di Firenze, dal 2007 al 2017 direttore della Caritas nazionale albanese. Un bell&#8217;esempio.<\/p>\n","protected":false},"excerpt":{"rendered":"<p>BELLUNO Albert Nikolla, dopo essere stato nominato ancora l&#8217;anno scorso consigliere del primo ministro Rama per gli affari sociali ieri \u00e8 stato nominato Viceministro della Sanit\u00e0 e Affari Sociali. Una bella notizia che parla un p\u00f2 bellunese dato che Albert si \u00e8 formato soprattutto in provincia e nelle Universit\u00e0 italiane.\u00a0Arrivato a Belluno negli anni 90,&hellip;<\/p>\n","protected":false},"author":4,"featured_media":144099,"comment_status":"closed","ping_status":"closed","sticky":false,"template":"","format":"standard","meta":{"_monsterinsights_skip_tracking":false,"_monsterinsights_sitenote_active":false,"_monsterinsights_sitenote_note":"","_monsterinsights_sitenote_category":0,"footnotes":""},"categories":[49],"tags":[],"class_list":["post-144098","post","type-post","status-publish","format-standard","has-post-thumbnail","hentry","category-news-18","category-49","description-off"],"img_url":"https:\/\/www.radiopiu.net\/wordpress\/wp-content\/uploads\/2020\/06\/Albert-Nikolla.jpg","_links":{"self":[{"href":"https:\/\/www.radiopiu.net\/wordpress\/wp-json\/wp\/v2\/posts\/144098","targetHints":{"allow":["GET"]}}],"collection":[{"href":"https:\/\/www.radiopiu.net\/wordpress\/wp-json\/wp\/v2\/posts"}],"about":[{"href":"https:\/\/www.radiopiu.net\/wordpress\/wp-json\/wp\/v2\/types\/post"}],"author":[{"embeddable":true,"href":"https:\/\/www.radiopiu.net\/wordpress\/wp-json\/wp\/v2\/users\/4"}],"replies":[{"embeddable":true,"href":"https:\/\/www.radiopiu.net\/wordpress\/wp-json\/wp\/v2\/comments?post=144098"}],"version-history":[{"count":0,"href":"https:\/\/www.radiopiu.net\/wordpress\/wp-json\/wp\/v2\/posts\/144098\/revisions"}],"wp:featuredmedia":[{"embeddable":true,"href":"https:\/\/www.radiopiu.net\/wordpress\/wp-json\/wp\/v2\/media\/144099"}],"wp:attachment":[{"href":"https:\/\/www.radiopiu.net\/wordpress\/wp-json\/wp\/v2\/media?parent=144098"}],"wp:term":[{"taxonomy":"category","embeddable":true,"href":"https:\/\/www.radiopiu.net\/wordpress\/wp-json\/wp\/v2\/categories?post=144098"},{"taxonomy":"post_tag","embeddable":true,"href":"https:\/\/www.radiopiu.net\/wordpress\/wp-json\/wp\/v2\/tags?post=144098"}],"curies":[{"name":"wp","href":"https:\/\/api.w.org\/{rel}","templated":true}]}}