{"id":144128,"date":"2020-06-13T14:53:04","date_gmt":"2020-06-13T12:53:04","guid":{"rendered":"https:\/\/www.radiopiu.net\/wordpress\/?p=144128"},"modified":"2020-06-13T14:53:04","modified_gmt":"2020-06-13T12:53:04","slug":"nuovo-step-nella-riattivazione-del-servizio-extraurbano-riprendono-i-collegamenti-in-cadore-comelico-zoldano-e-feltrino-oltre-al-trenobus-delle-dolomiti","status":"publish","type":"post","link":"https:\/\/www.radiopiu.net\/wordpress\/nuovo-step-nella-riattivazione-del-servizio-extraurbano-riprendono-i-collegamenti-in-cadore-comelico-zoldano-e-feltrino-oltre-al-trenobus-delle-dolomiti\/","title":{"rendered":"NUOVO STEP NELLA RIATTIVAZIONE DEL SERVIZIO EXTRAURBANO. RIPRENDONO I COLLEGAMENTI IN CADORE, COMELICO, ZOLDANO E FELTRINO, OLTRE AL TRENOBUS DELLE DOLOMITI"},"content":{"rendered":"<p><strong><a class=\"dt-pswp-item\" href=\"https:\/\/www.radiopiu.net\/wordpress\/wp-content\/uploads\/2018\/08\/dolomitibus.jpeg\" data-dt-img-description=\"\" data-large_image_width=\"621\" data-large_image_height=\"414\"><img loading=\"lazy\" decoding=\"async\" class=\"size-medium wp-image-59158 alignleft\" src=\"https:\/\/www.radiopiu.net\/wordpress\/wp-content\/uploads\/2018\/08\/dolomitibus-300x200.jpeg\" alt=\"\" width=\"300\" height=\"200\" srcset=\"https:\/\/www.radiopiu.net\/wordpress\/wp-content\/uploads\/2018\/08\/dolomitibus-300x200.jpeg 300w, https:\/\/www.radiopiu.net\/wordpress\/wp-content\/uploads\/2018\/08\/dolomitibus.jpeg 621w\" sizes=\"auto, (max-width: 300px) 100vw, 300px\" \/><\/a>BELLUNO<\/strong> Riprende il servizio turistico del trasporto pubblico locale e da luned\u00ec prossimo (15 giugno) saranno riattivati i collegamenti in Cadore, Comelico, Zoldano e Feltrino. La Provincia di Belluno ha chiesto a Dolomitibus di accelerare ancora un po\u2019 nel ripristino delle linee extraurbane. \u00ab<em>In attesa di avviare la programmazione estiva a inizio luglio, \u00e8 un ulteriore step nel ritorno alla normalit\u00e0 &#8211; commenta il consigliere provinciale delegato ai trasporti, Dario Scopel -. Abbiamo guardato alle aree pi\u00f9 periferiche e disagiate, in cui il servizio di trasporto pubblico rappresenta uno strumento per evitare la marginalit\u00e0. Sappiamo che ci sono ancora alcune zone scoperte, ma chiediamo un po\u2019 di pazienza in attesa della ripartenza da luglio. Intanto, c\u2019\u00e8 un\u2019attenzione particolare anche al turismo<\/em>\u00bb.\u00a0Proprio il turismo avr\u00e0 a disposizione nei festivi a partire da domani (domenica 14) alcune corse sulla linea 30 Calalzo-Cortina, tra cui anche quelle del \u201cTrenobus delle Dolomiti\u201d, con coordinamento tra gli orari di Trenitalia e autobus dotato di carrello portabiciclette. \u00ab<em>Un servizio che negli anni ha visto crescere l\u2019apprezzamento dell\u2019utenza &#8211; continua il consigliere Scopel -. In pi\u00f9, come \u00e8 stato nell\u2019estate 2019, viene riproposto il prolungamento del servizio ferroviario dedicato agli escursionisti, fino a Cortina<\/em>\u00bb.\u00a0Per quanto riguarda il servizio extraurbano, da luned\u00ec saranno riattivate diverse tratte. In Cadore e Comelico Dolomitibus riprender\u00e0 servizio sulle linee 31 (Calalzo-Auronzo), 33 (Calalzo-Santo Stefano), 34 (Santo Stefano-San Pietro-Costalta) e 35 (Calalzo-Laggio-Lorenzago). Nello Zoldano sar\u00e0 riattivata la linea 25 Belluno-Pecol, mentre a Ponte nelle Alpi sar\u00e0 nuovamente operativo il servizio delle linee 38 (Belluno-Arsi\u00e8-Reveane) e 42 (Belluno-Losego-Quantin). Nel Feltrino riprendono le linee 16\/29 (Feltre-Pedavena-Servo di Sovramonte-Zorzoi) e 26\/27 (Feltre-Arsi\u00e8-Lamon-bivio Caravaggio, comprendente anche il ripristino del collegamento con la zona industriale di Villapaiera); la linea 14 (Feltre-Pedavena) gi\u00e0 in funzione da qualche settimana avr\u00e0 minimi aggiornamenti orari, cos\u00ec come alcune corse della linea Alano-Fener stazione (servizio effettuato da Sbizzera srl) per adeguare le coincidenze con il nuovo orario estivo del servizio ferroviario. Sempre da luned\u00ec prender\u00e0 avvio anche l\u2019iniziativa Cortina Link, per facilitare l\u2019integrazione tra ferrovia e tpl su gomma della linea 30 (Calalzo-Cortina): sul sito di Trenitalia saranno acquistabili anche i biglietti per il bus, in coincidenza con le corse del treno. \u00ab<em>Da inizio luglio saranno programmati gli orari estivi Dolomitibus per tutta la rete provinciale &#8211; conclude\u00a0il consigliere Dario Scopel -. Sar\u00e0 lo snodo fondamentale per un ulteriore step. Se oggi la riattivazione del servizio Dolomitibus arriva al 35%, con il mese prossimo arriveremo al 55% circa<\/em>\u00bb.<\/p>\n","protected":false},"excerpt":{"rendered":"<p>BELLUNO Riprende il servizio turistico del trasporto pubblico locale e da luned\u00ec prossimo (15 giugno) saranno riattivati i collegamenti in Cadore, Comelico, Zoldano e Feltrino. La Provincia di Belluno ha chiesto a Dolomitibus di accelerare ancora un po\u2019 nel ripristino delle linee extraurbane. \u00abIn attesa di avviare la programmazione estiva a inizio luglio, \u00e8 un&hellip;<\/p>\n","protected":false},"author":4,"featured_media":59158,"comment_status":"closed","ping_status":"closed","sticky":false,"template":"","format":"standard","meta":{"_monsterinsights_skip_tracking":false,"_monsterinsights_sitenote_active":false,"_monsterinsights_sitenote_note":"","_monsterinsights_sitenote_category":0,"footnotes":""},"categories":[49],"tags":[],"class_list":["post-144128","post","type-post","status-publish","format-standard","has-post-thumbnail","hentry","category-news-18","category-49","description-off"],"img_url":"https:\/\/www.radiopiu.net\/wordpress\/wp-content\/uploads\/2018\/08\/dolomitibus.jpeg","_links":{"self":[{"href":"https:\/\/www.radiopiu.net\/wordpress\/wp-json\/wp\/v2\/posts\/144128","targetHints":{"allow":["GET"]}}],"collection":[{"href":"https:\/\/www.radiopiu.net\/wordpress\/wp-json\/wp\/v2\/posts"}],"about":[{"href":"https:\/\/www.radiopiu.net\/wordpress\/wp-json\/wp\/v2\/types\/post"}],"author":[{"embeddable":true,"href":"https:\/\/www.radiopiu.net\/wordpress\/wp-json\/wp\/v2\/users\/4"}],"replies":[{"embeddable":true,"href":"https:\/\/www.radiopiu.net\/wordpress\/wp-json\/wp\/v2\/comments?post=144128"}],"version-history":[{"count":0,"href":"https:\/\/www.radiopiu.net\/wordpress\/wp-json\/wp\/v2\/posts\/144128\/revisions"}],"wp:featuredmedia":[{"embeddable":true,"href":"https:\/\/www.radiopiu.net\/wordpress\/wp-json\/wp\/v2\/media\/59158"}],"wp:attachment":[{"href":"https:\/\/www.radiopiu.net\/wordpress\/wp-json\/wp\/v2\/media?parent=144128"}],"wp:term":[{"taxonomy":"category","embeddable":true,"href":"https:\/\/www.radiopiu.net\/wordpress\/wp-json\/wp\/v2\/categories?post=144128"},{"taxonomy":"post_tag","embeddable":true,"href":"https:\/\/www.radiopiu.net\/wordpress\/wp-json\/wp\/v2\/tags?post=144128"}],"curies":[{"name":"wp","href":"https:\/\/api.w.org\/{rel}","templated":true}]}}