{"id":144139,"date":"2020-06-14T07:37:17","date_gmt":"2020-06-14T05:37:17","guid":{"rendered":"https:\/\/www.radiopiu.net\/wordpress\/?p=144139"},"modified":"2020-06-14T08:38:25","modified_gmt":"2020-06-14T06:38:25","slug":"giornale-radiopiu-14-giugno-2020-direttore-mirko-mezzacasa","status":"publish","type":"post","link":"https:\/\/www.radiopiu.net\/wordpress\/giornale-radiopiu-14-giugno-2020-direttore-mirko-mezzacasa\/","title":{"rendered":"GIORNALE RADIOPIU 14 GIUGNO 2020 DIRETTORE MIRKO MEZZACASA"},"content":{"rendered":"<h3><strong>PER RICEVERE QUESTO NOTIZIARIO DIRETTAMENTE SUL TUO CELLULARE ISCRIVITI AL CANALE TELEGRAM\u00a0<\/strong><strong>\u201cRADIO PIU\u00a0 INFORMAZIONE\u201d\u00a0<\/strong><\/h3>\n<p>&nbsp;<\/p>\n<hr \/>\n<p>&nbsp;<\/p>\n<p><em><strong>PROVINCIALE 20\u00a0CAPRILE-SELVA DI CADORE. PROROGA ORDINANZA DI CHIUSURA DAL 13 GIUGNO AL 4 LUGLIO: STRADA TOTALMENTE CHIUSA IN LOCALITA\u2019 SOLATOR ANCHE SABATO E DOMENICA. TRANSITO CONSENTITO AI LOCALI CON TEMPI DI ATTESA FINO A 30 MINUTI<\/strong><\/em><\/p>\n<p><em><strong>203 AGORDINA,\u00a0DAL 15 GIUGNO AL 30 LUGLIO ESCLUSI FESTIVI E PREFESTIVI SENSO UNICO ALTERNATO TRA CANDATEN E PERON. DALLE 730 ALLE 9 E DALLE 1630 ALLE 18 CON MOVIERI, NEGLI ALTRI ORARI SEMAFORO<\/strong><\/em><\/p>\n<p>&nbsp;<\/p>\n<hr \/>\n<p>&nbsp;<\/p>\n<div class=\"page-title-head hgroup\">\n<blockquote>\n<h3 class=\"entry-title\">CADE A VELOCITA\u2019 MODERATA, MUORE SUBITO DOPO PROBABILMENTE PER UN MALORE<\/h3>\n<\/blockquote>\n<p class=\"entry-title\"><b style=\"font-size: 14px;\"><a class=\"dt-pswp-item\" href=\"https:\/\/www.radiopiu.net\/wordpress\/wp-content\/uploads\/2020\/06\/download-7.jpg\" data-dt-img-description=\"\" data-large_image_width=\"259\" data-large_image_height=\"194\"><img loading=\"lazy\" decoding=\"async\" class=\" wp-image-144168 alignleft\" src=\"https:\/\/www.radiopiu.net\/wordpress\/wp-content\/uploads\/2020\/06\/download-7.jpg\" alt=\"\" width=\"134\" height=\"100\" \/><\/a><b>FONZASO <\/b><\/b>Potrebbe essere un malore la causa della morte di un anziano motociclista in viaggio lungo la statale 50 nella galleria di Pedesalto.\u00a0 \u00a0Giuseppe De Pretto Dopo essere caduto a velocit\u00e0 moderata all&#8217;interno della galleria, si \u00e8 rialzato da solo, ha rassicurato i primi soccorritori e poco dopo \u00e8 crollato improvvisamente a terra.\u00a0 Il centauro, un vicentino residente a Bolzano, forse \u00e8 stato colpito da un malore e inutili tutti gli sforzi di rianimarlo da parte dei sanitari dell&#8217;ospedale di Feltre. A breve\u00a0 la magistratura potrebbe concedere il nulla osta per la sepoltura essendo state escluse responsabilit\u00e0 di terzi<b style=\"font-size: 14px;\"><br \/>\n<\/b><\/p>\n<p>&nbsp;<\/p>\n<p>&nbsp;<\/p>\n<hr \/>\n<p>&nbsp;<\/p>\n<\/div>\n<div class=\"page-title-head hgroup\">\n<blockquote>\n<h3 class=\"entry-title\">AUTO IN FIAMME SULLA 203 AGORDINA<\/h3>\n<\/blockquote>\n<p><strong class=\"photoswipe-wrapper\"><a class=\"dt-pswp-item pspw-wrap-ready\" href=\"https:\/\/i1.wp.com\/www.radiopiu.net\/wordpress\/wp-content\/uploads\/2020\/06\/d4d1d9cd-5213-4ff5-8733-0f30d72167b1.jpg?ssl=1\" data-dt-img-description=\"\" data-large_image_width=\"2048\" data-large_image_height=\"1536\"><img loading=\"lazy\" decoding=\"async\" class=\" wp-image-144131 alignleft jetpack-lazy-image jetpack-lazy-image--handled\" src=\"https:\/\/i1.wp.com\/www.radiopiu.net\/wordpress\/wp-content\/uploads\/2020\/06\/d4d1d9cd-5213-4ff5-8733-0f30d72167b1.jpg?resize=300%2C225&amp;ssl=1\" sizes=\"auto, (max-width: 300px) 100vw, 300px\" srcset=\"https:\/\/i1.wp.com\/www.radiopiu.net\/wordpress\/wp-content\/uploads\/2020\/06\/d4d1d9cd-5213-4ff5-8733-0f30d72167b1.jpg?resize=300%2C225&amp;ssl=1 300w, https:\/\/i1.wp.com\/www.radiopiu.net\/wordpress\/wp-content\/uploads\/2020\/06\/d4d1d9cd-5213-4ff5-8733-0f30d72167b1.jpg?resize=1024%2C768&amp;ssl=1 1024w, https:\/\/i1.wp.com\/www.radiopiu.net\/wordpress\/wp-content\/uploads\/2020\/06\/d4d1d9cd-5213-4ff5-8733-0f30d72167b1.jpg?resize=768%2C576&amp;ssl=1 768w, https:\/\/i1.wp.com\/www.radiopiu.net\/wordpress\/wp-content\/uploads\/2020\/06\/d4d1d9cd-5213-4ff5-8733-0f30d72167b1.jpg?resize=1536%2C1152&amp;ssl=1 1536w, https:\/\/i1.wp.com\/www.radiopiu.net\/wordpress\/wp-content\/uploads\/2020\/06\/d4d1d9cd-5213-4ff5-8733-0f30d72167b1.jpg?w=2048&amp;ssl=1 2048w\" alt=\"\" width=\"227\" height=\"170\" data-recalc-dims=\"1\" data-lazy-loaded=\"1\" \/><\/a>LA VALLE AGORDINA\u00a0<\/strong>Il viaggio di una famiglia su Mercedes famigliare, finisce tra le fiamme in localit\u00e0 Le Campe. L\u2019auto era in viaggio verso Agordo lungo la regionale 203 Agordina quando il guidatore ha visto sprigionarsi dal vano motore alte fiamme. Dalla stazione di servizio della Botol Group subito un primo intervento con gli estintori. Immediato l\u2019intervento dei Vigili del Fuoco di Agordo che hanno spento le fiamme. Fortunatamente nessun ferito, tutti gli occupanti dell\u2019auto sono riusciti a scendere in tempo. Sul posto anche i Carabinieri per i rilievi di legge. Disagi al traffico limitati grazie ai Vigili del Fuoco che hanno provveduto anche a regolamentare il traffico.<\/p>\n<p>&nbsp;<\/p>\n<p>&nbsp;<\/p>\n<hr \/>\n<p>&nbsp;<\/p>\n<blockquote>\n<h3>DUE INTERVENTI IN MONTAGNA<\/h3>\n<\/blockquote>\n<p><strong><a class=\"dt-pswp-item\" href=\"https:\/\/www.radiopiu.net\/wordpress\/wp-content\/uploads\/2018\/08\/soccorsoalpino.jpg\" data-dt-img-description=\"\" data-large_image_width=\"1200\" data-large_image_height=\"1200\"><img loading=\"lazy\" decoding=\"async\" class=\" wp-image-59164 alignleft\" src=\"https:\/\/www.radiopiu.net\/wordpress\/wp-content\/uploads\/2018\/08\/soccorsoalpino-300x300.jpg\" alt=\"\" width=\"191\" height=\"191\" srcset=\"https:\/\/www.radiopiu.net\/wordpress\/wp-content\/uploads\/2018\/08\/soccorsoalpino-300x300.jpg 300w, https:\/\/www.radiopiu.net\/wordpress\/wp-content\/uploads\/2018\/08\/soccorsoalpino-150x150.jpg 150w, https:\/\/www.radiopiu.net\/wordpress\/wp-content\/uploads\/2018\/08\/soccorsoalpino-768x768.jpg 768w, https:\/\/www.radiopiu.net\/wordpress\/wp-content\/uploads\/2018\/08\/soccorsoalpino-1024x1024.jpg 1024w, https:\/\/www.radiopiu.net\/wordpress\/wp-content\/uploads\/2018\/08\/soccorsoalpino.jpg 1200w\" sizes=\"auto, (max-width: 191px) 100vw, 191px\" \/><\/a>BELLUNO\u00a0<\/strong>Alle 13.30 circa il Soccorso alpino di Belluno \u00e8 stato allertato dalla Centrale del 118 per un&#8217;escursionista che si era fatta male lungo la sterrata che dal Rifugio Bristot porta sul Col Visentin. Raggiunta in fuoristrada da una squadra, ad A.M., 35 anni, di Trichiana (BL), cui era ceduto nel cammino un ginocchio, sono stati approntati gli opportuni presidi sanitari. La donna \u00e8 stata poi accompagnata fino al piazzale del Nevegal per essere affidata all&#8217;ambulanza diretta all&#8217;ospedale di Belluno.\u00a0Verso le 13.40 \u00e8 scattato l&#8217;allarme per un anziano colto da malore sul sentiero in localit\u00e0 Grea, a Domegge di Cadore, che era stato notato da alcune persone di passaggio. Una squadra del Soccorso alpino del Centro Cadore si \u00e8 portata sul posto con la jeep e ha poi trasportato T.N., 86 anni di Mestre (VE) a Grea dove attendeva l&#8217;ambulanza con destinazione Pieve di Cadore.<\/p>\n<p>&nbsp;<\/p>\n<p>&nbsp;<\/p>\n<hr \/>\n<p>&nbsp;<\/p>\n<blockquote>\n<h3>DUE INTERVENTI A CORTINA<\/h3>\n<\/blockquote>\n<p><strong><a class=\"dt-pswp-item\" href=\"https:\/\/www.radiopiu.net\/wordpress\/wp-content\/uploads\/2015\/06\/Soccorso-Alpino-elicottero-imbarco-persone.jpg\" data-dt-img-description=\"\" data-large_image_width=\"700\" data-large_image_height=\"467\"><img loading=\"lazy\" decoding=\"async\" class=\"size-medium wp-image-6941 alignleft\" src=\"https:\/\/www.radiopiu.net\/wordpress\/wp-content\/uploads\/2015\/06\/Soccorso-Alpino-elicottero-imbarco-persone-300x200.jpg\" alt=\"\" width=\"300\" height=\"200\" \/><\/a>CORTINA\u00a0<\/strong>Attorno alle 14.30 un escursionista ha contattato la Centrale del 118, poich\u00e9, partito da Ospitale per affrontare la Ferrata Dibona sul Cristallo, si trovava all&#8217;altezza del Bivacco Buffa di Perrero dopo aver superato un tratto innevato e ne aveva un altro di fronte a s\u00e9. L&#8217;uomo, un quarantaquattrenne di Limana (BL), all&#8217;inizio ha rifiutato l&#8217;intervento dell&#8217;elicottero, tentando di procedere da solo pur trovandosi in difficolt\u00e0, salvo poi richiederlo verso le 17, impossibilitato ad avanzare. L&#8217;eliambulanza del Suem di Pieve di Cadore lo ha quindi individuato e recuperato utilizzando un verricello di 10 metri per poi trasportarlo a valle. Alle 15.50 il Soccorso alpino di Cortina \u00e8 stato invece allertato per una ciclista caduta con la mountain bike in Val Salata, lungo l&#8217;itinerario che da Malga Ra Stua va verso il Rifugio Sennes. La donna, 46 anni, di Bologna, che aveva riportato un probabile trauma alla caviglia, \u00e8 stata raggiunta da una squadra del Sagf in fuoristrafa. Caricata a bordo, \u00e8 stata poi accompagnata al Codivilla.<\/p>\n<p>&nbsp;<\/p>\n<p>&nbsp;<\/p>\n<hr \/>\n<p>&nbsp;<\/p>\n<p>&nbsp;<\/p>\n<h3>ARRESTATO A PEDAVENA PER LESIONI<\/h3>\n<p><strong>PEDAVENA<\/strong> I Carabinieri gli chiedono i documenti e lui risponde aggredendoli e mandandone uno in ospedale con una prognosi di qualche giorno per lesioni. L&#8217;uomo 32 anni di Pedavena l&#8217;altra sera \u00e8 finito in manette al Bar El Travo durante un normale controllo dopo l&#8217;orario di chiusura. La posizione dell&#8217;uomo si \u00e8 aggravata durante la perquisizione per possesso di sostanze stupefacenti (cocaina).<\/p>\n<p>&nbsp;<\/p>\n<p>&nbsp;<\/p>\n<p>&nbsp;<\/p>\n<hr \/>\n<blockquote>\n<h3>LAVORI SUL LAGO DI ALLEGHE FINO AI PRIMI GIORNI DI LUGLIO<\/h3>\n<\/blockquote>\n<p><b><img loading=\"lazy\" decoding=\"async\" class=\"alignleft\" src=\"https:\/\/www.radiopiu.net\/wordpress\/wp-content\/uploads\/2020\/06\/72245d85-a1ac-46eb-ba5f-c2daf42c7ada.jpg\" width=\"133\" height=\"100\" \/>\u00a0ALLEGHE <\/b>Proseguono i lavori sul lago di Alleghe, in questi giorni \u00e8 in fase di realizzazione un canale per convogliare le acque del Cordevole non un bel vedere in vista della stagione turistica ma il sindaco Danilo De Toni si \u00e8 gi\u00e0 fatto sentire con Veneto Acqua. A inizio luglio i lavori di fermeranno (sul lago) per poi riprendere alla fine del mese di agosto a stagione terminata.<\/p>\n<p>&nbsp;<\/p>\n<audio class=\"wp-audio-shortcode\" id=\"audio-144139-1\" preload=\"none\" style=\"width: 100%;\" controls=\"controls\"><source type=\"audio\/mpeg\" src=\"https:\/\/www.radiopiu.net\/wordpress\/wp-content\/uploads\/2020\/06\/DANILO-LAGO.mp3?_=1\" \/><a href=\"https:\/\/www.radiopiu.net\/wordpress\/wp-content\/uploads\/2020\/06\/DANILO-LAGO.mp3\">https:\/\/www.radiopiu.net\/wordpress\/wp-content\/uploads\/2020\/06\/DANILO-LAGO.mp3<\/a><\/audio>\n<p>&nbsp;<\/p>\n<p><a class=\"dt-pswp-item\" href=\"https:\/\/www.radiopiu.net\/wordpress\/wp-content\/uploads\/2020\/06\/f1d854f8-ef88-4111-8dcf-519ba943f72d.jpg\" data-dt-img-description=\"\" data-large_image_width=\"960\" data-large_image_height=\"720\"><img loading=\"lazy\" decoding=\"async\" class=\"alignnone size-medium wp-image-144006\" src=\"https:\/\/www.radiopiu.net\/wordpress\/wp-content\/uploads\/2020\/06\/f1d854f8-ef88-4111-8dcf-519ba943f72d-300x225.jpg\" alt=\"\" width=\"300\" height=\"225\" srcset=\"https:\/\/www.radiopiu.net\/wordpress\/wp-content\/uploads\/2020\/06\/f1d854f8-ef88-4111-8dcf-519ba943f72d-300x225.jpg 300w, https:\/\/www.radiopiu.net\/wordpress\/wp-content\/uploads\/2020\/06\/f1d854f8-ef88-4111-8dcf-519ba943f72d-768x576.jpg 768w, https:\/\/www.radiopiu.net\/wordpress\/wp-content\/uploads\/2020\/06\/f1d854f8-ef88-4111-8dcf-519ba943f72d.jpg 960w\" sizes=\"auto, (max-width: 300px) 100vw, 300px\" \/><\/a><a class=\"dt-pswp-item\" href=\"https:\/\/www.radiopiu.net\/wordpress\/wp-content\/uploads\/2020\/06\/ac58b8c0-7fec-433b-bcf9-0a78a3c78760.jpg\" data-dt-img-description=\"\" data-large_image_width=\"960\" data-large_image_height=\"720\"><img loading=\"lazy\" decoding=\"async\" class=\"alignnone size-medium wp-image-144003\" src=\"https:\/\/www.radiopiu.net\/wordpress\/wp-content\/uploads\/2020\/06\/ac58b8c0-7fec-433b-bcf9-0a78a3c78760-300x225.jpg\" alt=\"\" width=\"300\" height=\"225\" srcset=\"https:\/\/www.radiopiu.net\/wordpress\/wp-content\/uploads\/2020\/06\/ac58b8c0-7fec-433b-bcf9-0a78a3c78760-300x225.jpg 300w, https:\/\/www.radiopiu.net\/wordpress\/wp-content\/uploads\/2020\/06\/ac58b8c0-7fec-433b-bcf9-0a78a3c78760-768x576.jpg 768w, https:\/\/www.radiopiu.net\/wordpress\/wp-content\/uploads\/2020\/06\/ac58b8c0-7fec-433b-bcf9-0a78a3c78760.jpg 960w\" sizes=\"auto, (max-width: 300px) 100vw, 300px\" \/><\/a><a class=\"dt-pswp-item\" href=\"https:\/\/www.radiopiu.net\/wordpress\/wp-content\/uploads\/2020\/06\/74062274-43f7-4d19-a4e5-855e9217bcaa.jpg\" data-dt-img-description=\"\" data-large_image_width=\"960\" data-large_image_height=\"720\"><img loading=\"lazy\" decoding=\"async\" class=\"alignnone size-medium wp-image-144002\" src=\"https:\/\/www.radiopiu.net\/wordpress\/wp-content\/uploads\/2020\/06\/74062274-43f7-4d19-a4e5-855e9217bcaa-300x225.jpg\" alt=\"\" width=\"300\" height=\"225\" srcset=\"https:\/\/www.radiopiu.net\/wordpress\/wp-content\/uploads\/2020\/06\/74062274-43f7-4d19-a4e5-855e9217bcaa-300x225.jpg 300w, https:\/\/www.radiopiu.net\/wordpress\/wp-content\/uploads\/2020\/06\/74062274-43f7-4d19-a4e5-855e9217bcaa-768x576.jpg 768w, https:\/\/www.radiopiu.net\/wordpress\/wp-content\/uploads\/2020\/06\/74062274-43f7-4d19-a4e5-855e9217bcaa.jpg 960w\" sizes=\"auto, (max-width: 300px) 100vw, 300px\" \/><\/a><\/p>\n<p>&nbsp;<\/p>\n<p>&nbsp;<\/p>\n<hr \/>\n<p>&nbsp;<\/p>\n<p>&nbsp;<\/p>\n<blockquote>\n<h3>METEO. SUL VENETO PREVISTO FINO ALLA MEZZANOTTE DI DOMANI TEMPO INSTABILE CON PRECIPITAZIONI ANCHE SIGNIFICATIVE SU PREALPI E PIANURA<\/h3>\n<\/blockquote>\n<p><strong><a class=\"dt-pswp-item\" href=\"https:\/\/www.radiopiu.net\/wordpress\/wp-content\/uploads\/2015\/06\/temporale1.jpg\" data-dt-img-description=\"\" data-large_image_width=\"550\" data-large_image_height=\"454\"><img loading=\"lazy\" decoding=\"async\" class=\"size-medium wp-image-6562 alignleft\" src=\"https:\/\/www.radiopiu.net\/wordpress\/wp-content\/uploads\/2015\/06\/temporale1-300x248.jpg\" alt=\"\" width=\"300\" height=\"248\" \/><\/a>VENEZIA \u00a0<\/strong>Le previsioni Meteo del Veneto segnalano che tra la serata di oggi e il tardo pomeriggio di domani, domenica 14 giugno, \u00e8 previsto tempo instabile, a tratti perturbato, con precipitazioni anche a carattere di rovescio e temporale. Localmente saranno possibili anche fenomeni intensi con forti rovesci e grandinate sulla fascia delle Prealpi e sulla pianura. Precipitazioni pi\u00f9 estese e consistenti, si potranno verificare nella notte e nel primo mattino di domenica.\u00a0Considerati i fenomeni meteorologici previsti sul territorio regionale, il Centro Funzionale Decentrato della Regione del Veneto ha dichiarato, dalle 21 di questa sera alla mezzanotte di domani, la fase di \u201cAttenzione\u201d per criticit\u00e0 idrogeologica nei seguenti bacini idrografici: Piave Pedemontano (BL-TV), Alto Brenta Bacchiglione e Alpone (VI-BL-TV-VR), Adige Garda e Monti Lessini (VR), Basso Brenta e Bacchiglione (PD-VI-VR-VE-TV), Po Fissero-Tartaro-Canal Bianco e Basso Adige (RO-VR), Basso Piave Sile e Bacino scolante in Laguna (Tv-VE-PD), Livenza Lemene e Tagliamento (VE-TV).<\/p>\n<p>&nbsp;<\/p>\n<p>&nbsp;<\/p>\n<p>&nbsp;<\/p>\n<hr \/>\n<p>&nbsp;<\/p>\n<blockquote>\n<h3>IL VENETO ANTICIPA\u00a0 I TEMPI CON LA NUOVA ORDINANZA CHE APRE TUTTO. DUE NUOVI POSITIVI IN PROVINCIA MA SCENDONO I CASI MENTRE UNA FAMIGLIA DI QUERO ESCE DALL&#8217;ISOLAMENTO DOPO OLTRE DUE MESI<\/h3>\n<\/blockquote>\n<p><strong>di Mirko Mezzacasa\u00a0\u00a0<\/strong><br \/>\nLa maxi ordinanza in tre parti fissa le date di riapertura per i cinema che riaprono da domani, venerdi via a discoteche e sagre ma anche casin\u00f2 e congressi. Dal 25 giugno si potr\u00e0 tornare a giocare a calcio, beach volley e giochi di squadra che prevedono il contatto. Le regole per le sagre sono per\u00f2 molto stringenti e i tempi stretti porteranno inevitabilmente a numerosi annullamenti. Anche il mondo delle discoteche \u00e8 comunque in difficolt\u00e0 perch\u00e9 le regole sono ferree e molti locali probabilmente non riapriranno. Tra le novit\u00e0 regionali la decisione di curare eventuali turisti che si contagiano sulle spiagge, laghi e montagne venete a spese delle Ulss. Prossimamente altra ordinanza per riaprire le case di riposo che ancora non permettono le visite ai parenti piuttosto che i nuovi ingressi. Dopo 76 giorni una famiglia ritrova la libert\u00e0. E&#8217; rimasta in isolamento dal 29 marzo, la notizia dopo 2 tamponi finalmente negativi, si tratta della quarantena pi\u00f9 lunga in provincia mentre c&#8217;\u00e8 un&#8217;altra famiglia in quarantena da 60 giorni a Lentiai. <strong>I NUMERI\u00a0 IN VENETO:<\/strong> TOTALE POSITIVI 19219 (+12)\u00a0 ATTUALMENTE POSITIVI 775\u00a0 (-38)\u00a0 DECESSI 1978 (+1)\u00a0 NEGATIVIZZATI 16466\u00a0 (+49) IN ISOLAMENTO 831\u00a0 (-8)\u00a0 RICOVERATI 271 (-6\u00a0 \u00a041 POSITIVI,\u00a0 \u00a0230 NEGATIVIZZATI), NEGLI OSPEDALI DI COMUNITA\u2019 RICOVERATI 38\u00a0 (-0\u00a0 \u00a06 POSITIVI,\u00a0 32 NEGATIVIZZATI), IN TERAPIA INTENSIVA 13 (0,\u00a0 1 POSITIVI,\u00a0 12 NEGATIVIZZATI). DIMESSI 3498 (+7),\u00a0<strong>I NUMERI IN PROVINCIA:<\/strong>\u00a0TOTALE CONTAGI 1181 (+2) , ATTUALMENTE POSITIVI 51\u00a0 (-12) , DECEDUTI 111 (0), NEGATIVIZZATI\u00a0 1019 (+14) ISOLAMENTO DOMICILIARE 69 (-4) RICOVERATI IN OSPEDALE AL SAN MARTINO 0<\/p>\n<p>&nbsp;<\/p>\n<hr \/>\n<blockquote class=\"wp-embedded-content\" data-secret=\"EGxy5KMkqC\"><p><a href=\"https:\/\/www.radiopiu.net\/wordpress\/coronavirus-aggiornamento-nazionale-13-giugno\/\">CORONAVIRUS: AGGIORNAMENTO NAZIONALE 13 GIUGNO<\/a><\/p><\/blockquote>\n<p><iframe loading=\"lazy\" class=\"wp-embedded-content\" sandbox=\"allow-scripts\" security=\"restricted\" style=\"position: absolute; clip: rect(1px, 1px, 1px, 1px);\" title=\"&#8220;CORONAVIRUS: AGGIORNAMENTO NAZIONALE 13 GIUGNO&#8221; &#8212; Radio Pi\u00f9\" src=\"https:\/\/www.radiopiu.net\/wordpress\/coronavirus-aggiornamento-nazionale-13-giugno\/embed\/#?secret=EGxy5KMkqC\" data-secret=\"EGxy5KMkqC\" width=\"600\" height=\"338\" frameborder=\"0\" marginwidth=\"0\" marginheight=\"0\" scrolling=\"no\"><\/iframe><\/p>\n<p>&nbsp;<\/p>\n<hr \/>\n<p>&nbsp;<\/p>\n<h3 style=\"text-align: center;\"><em>BELLUNO: 2 POSITIVI IN 24 ORE, SCENDE A 51 IL NUMERO DEGLI ATTUALMENTE POSITIVI E ALTRE 4 PERSONE ESCONO DALL&#8217;ISOLAMENTO FIDUCIARIO DOMICIALIARE, ALTRI 14 GUARITI<\/em><\/h3>\n<blockquote class=\"wp-embedded-content\" data-secret=\"DVMLSKzAUi\"><p><a href=\"https:\/\/www.radiopiu.net\/wordpress\/bollettino-delle-17-al-san-martino-di-belluno-non-ci-sono-piu-pazienti-ricoverati-in-regione-4-positivi-in-piu-2-belluno-torna-la-badante-dalla-moldavia-e-salgono-le-persone-in-isolamento-20\/\">BOLLETTINO DELLE 17:  12 positivi in 24 ore, un paziente gi\u00e0 negativizzato \u00e8 di nuovo positivo in terapia intensiva, 1 decesso  sale il numero dei guariti<\/a><\/p><\/blockquote>\n<p><iframe loading=\"lazy\" class=\"wp-embedded-content\" sandbox=\"allow-scripts\" security=\"restricted\" style=\"position: absolute; clip: rect(1px, 1px, 1px, 1px);\" title=\"&#8220;BOLLETTINO DELLE 17:  12 positivi in 24 ore, un paziente gi\u00e0 negativizzato \u00e8 di nuovo positivo in terapia intensiva, 1 decesso  sale il numero dei guariti&#8221; &#8212; Radio Pi\u00f9\" src=\"https:\/\/www.radiopiu.net\/wordpress\/bollettino-delle-17-al-san-martino-di-belluno-non-ci-sono-piu-pazienti-ricoverati-in-regione-4-positivi-in-piu-2-belluno-torna-la-badante-dalla-moldavia-e-salgono-le-persone-in-isolamento-20\/embed\/#?secret=DVMLSKzAUi\" data-secret=\"DVMLSKzAUi\" width=\"600\" height=\"338\" frameborder=\"0\" marginwidth=\"0\" marginheight=\"0\" scrolling=\"no\"><\/iframe><\/p>\n<p>&nbsp;<\/p>\n<hr \/>\n<p>&nbsp;<\/p>\n<blockquote>\n<h3>DATI E GRAFICI DEL GIORNO, PROVINCIA \u2013 REGIONE 13 GIUGNO 2020<\/h3>\n<\/blockquote>\n<p><strong>Con la collaborazione di Tiziano De Col, fonte sole24 ore<\/strong><\/p>\n<p><a class=\"dt-pswp-item\" href=\"https:\/\/www.radiopiu.net\/wordpress\/wp-content\/uploads\/2020\/06\/Schermata-2020-06-13-alle-19.41.19.png\" data-dt-img-description=\"\" data-large_image_width=\"814\" data-large_image_height=\"450\"><img loading=\"lazy\" decoding=\"async\" class=\"alignnone wp-image-144180\" src=\"https:\/\/www.radiopiu.net\/wordpress\/wp-content\/uploads\/2020\/06\/Schermata-2020-06-13-alle-19.41.19-300x166.png\" alt=\"\" width=\"376\" height=\"208\" srcset=\"https:\/\/www.radiopiu.net\/wordpress\/wp-content\/uploads\/2020\/06\/Schermata-2020-06-13-alle-19.41.19-300x166.png 300w, https:\/\/www.radiopiu.net\/wordpress\/wp-content\/uploads\/2020\/06\/Schermata-2020-06-13-alle-19.41.19-768x425.png 768w, https:\/\/www.radiopiu.net\/wordpress\/wp-content\/uploads\/2020\/06\/Schermata-2020-06-13-alle-19.41.19.png 814w\" sizes=\"auto, (max-width: 376px) 100vw, 376px\" \/><\/a><a class=\"dt-pswp-item\" href=\"https:\/\/www.radiopiu.net\/wordpress\/wp-content\/uploads\/2020\/06\/374aaa39-cabb-4c7f-a9b8-d42b7d31fe44.jpg\" data-dt-img-description=\"\" data-large_image_width=\"480\" data-large_image_height=\"333\"><img loading=\"lazy\" decoding=\"async\" class=\"alignnone size-medium wp-image-144181\" src=\"https:\/\/www.radiopiu.net\/wordpress\/wp-content\/uploads\/2020\/06\/374aaa39-cabb-4c7f-a9b8-d42b7d31fe44-300x208.jpg\" alt=\"\" width=\"300\" height=\"208\" srcset=\"https:\/\/www.radiopiu.net\/wordpress\/wp-content\/uploads\/2020\/06\/374aaa39-cabb-4c7f-a9b8-d42b7d31fe44-300x208.jpg 300w, https:\/\/www.radiopiu.net\/wordpress\/wp-content\/uploads\/2020\/06\/374aaa39-cabb-4c7f-a9b8-d42b7d31fe44.jpg 480w\" sizes=\"auto, (max-width: 300px) 100vw, 300px\" \/><\/a><a class=\"dt-pswp-item\" href=\"https:\/\/www.radiopiu.net\/wordpress\/wp-content\/uploads\/2020\/06\/69992d0d-f71e-4ddc-a842-9c503d5a1b2f.jpg\" data-dt-img-description=\"\" data-large_image_width=\"480\" data-large_image_height=\"374\"><img loading=\"lazy\" decoding=\"async\" class=\"alignnone size-medium wp-image-144182\" src=\"https:\/\/www.radiopiu.net\/wordpress\/wp-content\/uploads\/2020\/06\/69992d0d-f71e-4ddc-a842-9c503d5a1b2f-300x234.jpg\" alt=\"\" width=\"300\" height=\"234\" srcset=\"https:\/\/www.radiopiu.net\/wordpress\/wp-content\/uploads\/2020\/06\/69992d0d-f71e-4ddc-a842-9c503d5a1b2f-300x234.jpg 300w, https:\/\/www.radiopiu.net\/wordpress\/wp-content\/uploads\/2020\/06\/69992d0d-f71e-4ddc-a842-9c503d5a1b2f.jpg 480w\" sizes=\"auto, (max-width: 300px) 100vw, 300px\" \/><\/a><\/p>\n<p>&nbsp;<\/p>\n<p>&nbsp;<\/p>\n<hr \/>\n<p>&nbsp;<\/p>\n<\/div>\n<h2><strong>LEGGI LA CONFERENZA DI\u00a0 LUCA ZAIA<\/strong><\/h2>\n<p>La nuova \u00a0ordinanza\u00a0 apre tutto e scade il 10 luglio. Dal 15 giugno pu\u00f2 aprire il settore di cinema e spettacoli: il numero delle persone da accogliere \u00e8 proporzionale alle sedute fisse (quindi una postazione s\u00ec e una no) e se non ci sono le sedie bisogna rispettare un metro di distanza. Il 19 giugno aprono sagre e fiere, congressi e grandi eventi turistici, sale slot, sale gioco, sale bingo, discoteche e il casin\u00f2 di Venezia. La pratica degli sport con contatto riprende in Veneto dal 25 giugno con le linee guida regionali. L&#8217;ordinanza prevede l&#8217;uso della mascherina nei luoghi chiusi o negli assembramenti <strong>TURISTI CONTAGIATI\u00a0<\/strong> I contagiati da coronavirus durante la vacanza saranno\u00a0 presi in carico dall&#8217;Ulss\u00a0 e messi in isolamento per 14 giorni.\u00a0 cio\u00e8\u00a0 quarantena in vacanza.<strong> OGGI VIDEO CONFERENZA PER GLI STATI GENERALI<\/strong>con i presidenti di Regione per definire la delegazione. La mira l&#8217;abbiamo presa, speriamo di prendere il bersaglio, che \u00e8 la ripresa economica.<strong> CASE DI RIPOSO<\/strong> Stiamo lavorando ad una nuova ordinanza per disabili e case di riposo.\u00a0 Siamo allertati dai messaggi dei familiari ed hanno tutti ragione. Abbiamo capito che le linee guida caricano di responsabilit\u00e0 i gestori e alcune gestioni non se la sentono. <strong>MANUELA LANZARIN\u00a0 <\/strong>Si tratta di un settore complicato e delicato, i gestori delle strutture con anziani e disabili sono spaventati. Quindi dobbiamo elaborare un documento che segua le linee guida degli accessi degli ospedali&#8221;.\u00a0 A proposito dei centri per l&#8217;infanzia la misurazione della temperatura \u00e8 consigliata, ma non \u00e8 pi\u00f9 obbligatoria.<\/p>\n<p>https:\/\/www.facebook.com\/zaiaufficiale\/videos\/1337886399751567\/<\/p>\n<p>&nbsp;<\/p>\n<hr \/>\n<p>&nbsp;<\/p>\n<blockquote>\n<h3>ZAIA PRESENTA LA NUOVA ORDINANZA: AL VIA CINEMA, SPETTACOLI, DISCOTECHE E SPORT DI SQUADRA<\/h3>\n<\/blockquote>\n<p><strong><a class=\"dt-pswp-item\" href=\"https:\/\/www.radiopiu.net\/wordpress\/wp-content\/uploads\/2020\/06\/zaia.jpg\" data-dt-img-description=\"\" data-large_image_width=\"1024\" data-large_image_height=\"576\"><img loading=\"lazy\" decoding=\"async\" class=\"size-medium wp-image-142371 alignleft\" src=\"https:\/\/www.radiopiu.net\/wordpress\/wp-content\/uploads\/2020\/06\/zaia-300x169.jpg\" alt=\"\" width=\"300\" height=\"169\" srcset=\"https:\/\/www.radiopiu.net\/wordpress\/wp-content\/uploads\/2020\/06\/zaia-300x169.jpg 300w, https:\/\/www.radiopiu.net\/wordpress\/wp-content\/uploads\/2020\/06\/zaia-768x432.jpg 768w, https:\/\/www.radiopiu.net\/wordpress\/wp-content\/uploads\/2020\/06\/zaia.jpg 1024w\" sizes=\"auto, (max-width: 300px) 100vw, 300px\" \/><\/a>VENEZIA<\/strong> Il Presidente del Veneto Luca Zaia ha illustrato in conferenza stampa la nuova ordinanza regionale che consente di riaprire i cinema, le discoteche, sagre, fiere e lo sport di squadra. Non solo aperture ma anche un articolo per i turisti stranieri. Cinema e spettacoli riaprono dal 15 giugno, il 19 sagre e fiere, congressi e grandi eventi turistici, sale slot, sale gioco, sale bingo, discoteche e il casin\u00f2 di Venezia mentre dal 25 saranno consentiti gli sport di contatto. Se un turista straniero risultasse positivo, sar\u00e0 la ULSS a prenderlo in carico e verr\u00e0 messo in quarantena per 14 giorni.<\/p>\n<p><strong>IL PRESIDENTE DEL VENETO LUCA ZAIA<\/strong><\/p>\n<audio class=\"wp-audio-shortcode\" id=\"audio-144139-2\" preload=\"none\" style=\"width: 100%;\" controls=\"controls\"><source type=\"audio\/mpeg\" src=\"https:\/\/www.radiopiu.net\/wordpress\/wp-content\/uploads\/2020\/06\/ZAIA-ORDINANZA-CINEMA-ETC.mp3?_=2\" \/><a href=\"https:\/\/www.radiopiu.net\/wordpress\/wp-content\/uploads\/2020\/06\/ZAIA-ORDINANZA-CINEMA-ETC.mp3\">https:\/\/www.radiopiu.net\/wordpress\/wp-content\/uploads\/2020\/06\/ZAIA-ORDINANZA-CINEMA-ETC.mp3<\/a><\/audio>\n<p>&nbsp;<\/p>\n<p><strong>LA NUOVA ORDINANZA<\/strong><\/p>\n<a href=\"https:\/\/www.radiopiu.net\/wordpress\/wp-content\/uploads\/2020\/06\/ORDINANZA-ZAIA-14-GIUGNO-2020.pdf\" class=\"pdfemb-viewer\" style=\"\" data-width=\"max\" data-height=\"max\" data-toolbar=\"top\" data-toolbar-fixed=\"on\">ORDINANZA ZAIA 14 GIUGNO 2020<\/a>\n<p>&nbsp;<\/p>\n<hr \/>\n<p>&nbsp;<\/p>\n<blockquote>\n<h3>&#8220;DE COCCIO&#8221;: VENERDI NESSUNA INFRAZIONE<\/h3>\n<\/blockquote>\n<p><strong>BELLUNO<\/strong> Nessuna infrazione nella giornata di venerd\u00ec dopo i controlli delle Forze dell&#8217;ordine in base ai controlli per il contenimento del Covid-19. 290 persone controllate in una giornata e nessuna sanzione. 211 gli esercizi commerciali controllati e anche in questo caso nessuna irregolarit\u00e0.<\/p>\n<p><a class=\"dt-pswp-item\" href=\"https:\/\/www.radiopiu.net\/wordpress\/wp-content\/uploads\/2020\/06\/MONITORAGGIO_SETTIMANALE_DEI_SERVIZI_DI_CONTROLLO_DEL_12.06.2020.jpg\" data-dt-img-description=\"\" data-large_image_width=\"1240\" data-large_image_height=\"1754\"><img loading=\"lazy\" decoding=\"async\" class=\"alignnone wp-image-144187 \" src=\"https:\/\/www.radiopiu.net\/wordpress\/wp-content\/uploads\/2020\/06\/MONITORAGGIO_SETTIMANALE_DEI_SERVIZI_DI_CONTROLLO_DEL_12.06.2020-724x1024.jpg\" alt=\"\" width=\"283\" height=\"400\" srcset=\"https:\/\/www.radiopiu.net\/wordpress\/wp-content\/uploads\/2020\/06\/MONITORAGGIO_SETTIMANALE_DEI_SERVIZI_DI_CONTROLLO_DEL_12.06.2020-724x1024.jpg 724w, https:\/\/www.radiopiu.net\/wordpress\/wp-content\/uploads\/2020\/06\/MONITORAGGIO_SETTIMANALE_DEI_SERVIZI_DI_CONTROLLO_DEL_12.06.2020-212x300.jpg 212w, https:\/\/www.radiopiu.net\/wordpress\/wp-content\/uploads\/2020\/06\/MONITORAGGIO_SETTIMANALE_DEI_SERVIZI_DI_CONTROLLO_DEL_12.06.2020-768x1086.jpg 768w, https:\/\/www.radiopiu.net\/wordpress\/wp-content\/uploads\/2020\/06\/MONITORAGGIO_SETTIMANALE_DEI_SERVIZI_DI_CONTROLLO_DEL_12.06.2020-1086x1536.jpg 1086w, https:\/\/www.radiopiu.net\/wordpress\/wp-content\/uploads\/2020\/06\/MONITORAGGIO_SETTIMANALE_DEI_SERVIZI_DI_CONTROLLO_DEL_12.06.2020.jpg 1240w\" sizes=\"auto, (max-width: 283px) 100vw, 283px\" \/><\/a><\/p>\n<p>&nbsp;<\/p>\n<p>&nbsp;<\/p>\n<hr \/>\n<p>&nbsp;<\/p>\n<blockquote>\n<h3>STATI GENERALI DELL&#8217;ECONOMIA SENZA TERRITORI. BUSSONE (UNCEM): &#8220;DIMENTICATA COME \u00c8 FATTA L&#8217;ITALIA. TUTTI CHE PARLANO DI BORGHI E MONTAGNA, MA NESSUN INVITATO CONOSCE SFIDE E OBIETTIVI<\/h3>\n<\/blockquote>\n<p><strong><a class=\"dt-pswp-item\" href=\"https:\/\/www.radiopiu.net\/wordpress\/wp-content\/uploads\/2020\/04\/UNCEM.jpg\" data-dt-img-description=\"\" data-large_image_width=\"500\" data-large_image_height=\"500\"><img loading=\"lazy\" decoding=\"async\" class=\"wp-image-133399 alignleft\" src=\"https:\/\/www.radiopiu.net\/wordpress\/wp-content\/uploads\/2020\/04\/UNCEM-300x300.jpg\" alt=\"\" width=\"159\" height=\"159\" srcset=\"https:\/\/www.radiopiu.net\/wordpress\/wp-content\/uploads\/2020\/04\/UNCEM-300x300.jpg 300w, https:\/\/www.radiopiu.net\/wordpress\/wp-content\/uploads\/2020\/04\/UNCEM-150x150.jpg 150w, https:\/\/www.radiopiu.net\/wordpress\/wp-content\/uploads\/2020\/04\/UNCEM.jpg 500w\" sizes=\"auto, (max-width: 159px) 100vw, 159px\" \/><\/a>ROMA <\/strong>&#8220;<em>Non sta certo a me, a Uncem, decidere e commentare utilit\u00e0 di sedi, luoghi, obiettivi degli\u00a0Stati generali dell&#8217;Economia. Di certo, sono\u00a0totalmente assenti Sindaci e territori. Tutti fanno un gran parlare di borghi, di montagne, di turismo, di nuove destinazioni, ma nessun invitato ne conosce realmente sfide e obiettivi. Sono stupito dela totale assenza di chi rappresenta oltre il 55 per cento del paese, montano, fatto di territori che sono stati dimenticati.\u00a0Gli Stati generali dell&#8217;Economia hanno dimenticato come \u00e8 fatta l&#8217;Italia. Colao ha dimenticato la montagna, i piccoli Comuni, i borghi da vivere. Gli abbiamo scritto noi la scheda. Lo abbiamo aiutato, mica ci tiriamo indietro. Abbiamo lanciato un ponte. Ma con supponenza qualcuno ha pensato che gli ultimi lass\u00f9 possono rimanere fuori.\u00a0Si corregga questa deriva urbanocentrica, lontano da come \u00e8 fatta l&#8217;Italia vera<\/em>&#8220;.\u00a0Lo sottolinea Marco Bussone, Presidente nazionale Uncem.<\/p>\n<p>&nbsp;<\/p>\n<p>&nbsp;<\/p>\n<hr \/>\n<p>&nbsp;<\/p>\n<blockquote>\n<h3 class=\"entry-title\">NUOVO STEP NELLA RIATTIVAZIONE DEL SERVIZIO EXTRAURBANO. RIPRENDONO I COLLEGAMENTI IN CADORE, COMELICO, ZOLDANO E FELTRINO, OLTRE AL TRENOBUS DELLE DOLOMITI<\/h3>\n<\/blockquote>\n<p><strong class=\"photoswipe-wrapper\"><a class=\"dt-pswp-item pspw-wrap-ready\" href=\"https:\/\/i2.wp.com\/www.radiopiu.net\/wordpress\/wp-content\/uploads\/2018\/08\/dolomitibus.jpeg?ssl=1\" data-dt-img-description=\"\" data-large_image_width=\"621\" data-large_image_height=\"414\"><img loading=\"lazy\" decoding=\"async\" class=\"size-medium wp-image-59158 alignleft jetpack-lazy-image jetpack-lazy-image--handled\" src=\"https:\/\/i2.wp.com\/www.radiopiu.net\/wordpress\/wp-content\/uploads\/2018\/08\/dolomitibus.jpeg?resize=300%2C200&amp;ssl=1\" sizes=\"auto, (max-width: 300px) 100vw, 300px\" srcset=\"https:\/\/i2.wp.com\/www.radiopiu.net\/wordpress\/wp-content\/uploads\/2018\/08\/dolomitibus.jpeg?resize=300%2C200&amp;ssl=1 300w, https:\/\/i2.wp.com\/www.radiopiu.net\/wordpress\/wp-content\/uploads\/2018\/08\/dolomitibus.jpeg?w=621&amp;ssl=1 621w\" alt=\"\" width=\"300\" height=\"200\" data-recalc-dims=\"1\" data-lazy-loaded=\"1\" \/><\/a>BELLUNO<\/strong>\u00a0Riprende il servizio turistico del trasporto pubblico locale e da luned\u00ec prossimo (15 giugno) saranno riattivati i collegamenti in Cadore, Comelico, Zoldano e Feltrino. La Provincia di Belluno ha chiesto a Dolomitibus di accelerare ancora un po\u2019 nel ripristino delle linee extraurbane. \u00ab<em>In attesa di avviare la programmazione estiva a inizio luglio, \u00e8 un ulteriore step nel ritorno alla normalit\u00e0 \u2013 commenta il consigliere provinciale delegato ai trasporti, Dario Scopel -. Abbiamo guardato alle aree pi\u00f9 periferiche e disagiate, in cui il servizio di trasporto pubblico rappresenta uno strumento per evitare la marginalit\u00e0. Sappiamo che ci sono ancora alcune zone scoperte, ma chiediamo un po\u2019 di pazienza in attesa della ripartenza da luglio. Intanto, c\u2019\u00e8 un\u2019attenzione particolare anche al turismo<\/em>\u00bb.\u00a0Proprio il turismo avr\u00e0 a disposizione nei festivi a partire da domani (domenica 14) alcune corse sulla linea 30 Calalzo-Cortina, tra cui anche quelle del \u201cTrenobus delle Dolomiti\u201d, con coordinamento tra gli orari di Trenitalia e autobus dotato di carrello portabiciclette. \u00ab<em>Un servizio che negli anni ha visto crescere l\u2019apprezzamento dell\u2019utenza \u2013 continua il consigliere Scopel -. In pi\u00f9, come \u00e8 stato nell\u2019estate 2019, viene riproposto il prolungamento del servizio ferroviario dedicato agli escursionisti, fino a Cortina<\/em>\u00bb.\u00a0Per quanto riguarda il servizio extraurbano, da luned\u00ec saranno riattivate diverse tratte. In Cadore e Comelico Dolomitibus riprender\u00e0 servizio sulle linee 31 (Calalzo-Auronzo), 33 (Calalzo-Santo Stefano), 34 (Santo Stefano-San Pietro-Costalta) e 35 (Calalzo-Laggio-Lorenzago). Nello Zoldano sar\u00e0 riattivata la linea 25 Belluno-Pecol, mentre a Ponte nelle Alpi sar\u00e0 nuovamente operativo il servizio delle linee 38 (Belluno-Arsi\u00e8-Reveane) e 42 (Belluno-Losego-Quantin). Nel Feltrino riprendono le linee 16\/29 (Feltre-Pedavena-Servo di Sovramonte-Zorzoi) e 26\/27 (Feltre-Arsi\u00e8-Lamon-bivio Caravaggio, comprendente anche il ripristino del collegamento con la zona industriale di Villapaiera); la linea 14 (Feltre-Pedavena) gi\u00e0 in funzione da qualche settimana avr\u00e0 minimi aggiornamenti orari, cos\u00ec come alcune corse della linea Alano-Fener stazione (servizio effettuato da Sbizzera srl) per adeguare le coincidenze con il nuovo orario estivo del servizio ferroviario. Sempre da luned\u00ec prender\u00e0 avvio anche l\u2019iniziativa Cortina Link, per facilitare l\u2019integrazione tra ferrovia e tpl su gomma della linea 30 (Calalzo-Cortina): sul sito di Trenitalia saranno acquistabili anche i biglietti per il bus, in coincidenza con le corse del treno. \u00ab<em>Da inizio luglio saranno programmati gli orari estivi Dolomitibus per tutta la rete provinciale \u2013 conclude\u00a0il consigliere Dario Scopel -. Sar\u00e0 lo snodo fondamentale per un ulteriore step. Se oggi la riattivazione del servizio Dolomitibus arriva al 35%, con il mese prossimo arriveremo al 55% circa<\/em>\u00bb.<\/p>\n<p><strong>IL CONSIGLIERE PROVINCIALE DARIO SCOPEL<\/strong><\/p>\n<audio class=\"wp-audio-shortcode\" id=\"audio-144139-3\" preload=\"none\" style=\"width: 100%;\" controls=\"controls\"><source type=\"audio\/mpeg\" src=\"https:\/\/www.radiopiu.net\/wordpress\/wp-content\/uploads\/2020\/06\/DARIO-SCOPEL-DOLOMITI-BUS-ALTRO-STEP.mp3?_=3\" \/><a href=\"https:\/\/www.radiopiu.net\/wordpress\/wp-content\/uploads\/2020\/06\/DARIO-SCOPEL-DOLOMITI-BUS-ALTRO-STEP.mp3\">https:\/\/www.radiopiu.net\/wordpress\/wp-content\/uploads\/2020\/06\/DARIO-SCOPEL-DOLOMITI-BUS-ALTRO-STEP.mp3<\/a><\/audio>\n<p>&nbsp;<\/p>\n<p>&nbsp;<\/p>\n<hr \/>\n<p>&nbsp;<\/p>\n<div class=\"page-title-head hgroup\">\n<blockquote>\n<h3 class=\"entry-title\">UN BELL\u2019ESEMPIO<\/h3>\n<\/blockquote>\n<\/div>\n<div class=\"page-title-breadcrumbs\"><strong class=\"photoswipe-wrapper\"><a class=\"dt-pswp-item pspw-wrap-ready\" href=\"https:\/\/i2.wp.com\/www.radiopiu.net\/wordpress\/wp-content\/uploads\/2020\/06\/Albert-Nikolla.jpg?ssl=1\" data-dt-img-description=\"\" data-large_image_width=\"1437\" data-large_image_height=\"1181\"><img loading=\"lazy\" decoding=\"async\" class=\"size-medium wp-image-144099 alignleft jetpack-lazy-image jetpack-lazy-image--handled\" src=\"https:\/\/i2.wp.com\/www.radiopiu.net\/wordpress\/wp-content\/uploads\/2020\/06\/Albert-Nikolla.jpg?resize=300%2C247&amp;ssl=1\" sizes=\"auto, (max-width: 300px) 100vw, 300px\" srcset=\"https:\/\/i2.wp.com\/www.radiopiu.net\/wordpress\/wp-content\/uploads\/2020\/06\/Albert-Nikolla.jpg?resize=300%2C247&amp;ssl=1 300w, https:\/\/i2.wp.com\/www.radiopiu.net\/wordpress\/wp-content\/uploads\/2020\/06\/Albert-Nikolla.jpg?resize=1024%2C842&amp;ssl=1 1024w, https:\/\/i2.wp.com\/www.radiopiu.net\/wordpress\/wp-content\/uploads\/2020\/06\/Albert-Nikolla.jpg?resize=768%2C631&amp;ssl=1 768w, https:\/\/i2.wp.com\/www.radiopiu.net\/wordpress\/wp-content\/uploads\/2020\/06\/Albert-Nikolla.jpg?w=1437&amp;ssl=1 1437w\" alt=\"\" width=\"300\" height=\"247\" data-recalc-dims=\"1\" data-lazy-loaded=\"1\" \/><\/a>BELLUNO<\/strong>\u00a0Albert Nikolla, dopo essere stato nominato ancora l\u2019anno scorso consigliere del primo ministro Rama per gli affari sociali ieri \u00e8 stato nominato Viceministro della Sanit\u00e0 e Affari Sociali. Una bella notizia che parla un p\u00f2 bellunese dato che Albert si \u00e8 formato soprattutto in provincia e nelle Universit\u00e0 italiane.\u00a0Arrivato a Belluno negli anni 90, da \u201cperpetuo\u201d di don Fabio Cassol nella parrocchia di Pez, \u00e8 stato il fondatore dell associazione Alba azione di Gioia, prima associazione di immigrati della provincia di Belluno che ha gestito gli informa immigrati di Alpago, Belluno e Feltre. Dal 2000 al 2005 responsabile ufficio informaimmigrati di Feltre.<br \/>\nDiploma in scienze religiose presso la facolt\u00e0 teologica di Belluno, master in bioetica universit\u00e0 pontificia di Roma, dottorato in scienze antropologiche universit\u00e0 di Firenze, dal 2007 al 2017 direttore della Caritas nazionale albanese. Un bell\u2019esempio.<\/div>\n<div><\/div>\n<div><\/div>\n<div>\n<hr \/>\n<\/div>\n<h3><\/h3>\n<blockquote>\n<h3 class=\"entry-title\">LA MALABUROCRAZIA E I MANCATI PAGAMENTI DELLA PA COSTANO ALLE IMPRESE VENETE QUASI 10 MILIARDI ALL\u2019ANNO<\/h3>\n<\/blockquote>\n<p class=\"photoswipe-wrapper\"><a class=\"dt-pswp-item pspw-wrap-ready\" href=\"https:\/\/i0.wp.com\/www.radiopiu.net\/wordpress\/wp-content\/uploads\/2020\/06\/Schermata-2020-06-13-alle-12.08.57.png?ssl=1\" data-dt-img-description=\"\" data-large_image_width=\"802\" data-large_image_height=\"566\"><img loading=\"lazy\" decoding=\"async\" class=\"alignleft size-medium wp-image-144121 jetpack-lazy-image jetpack-lazy-image--handled\" src=\"https:\/\/i0.wp.com\/www.radiopiu.net\/wordpress\/wp-content\/uploads\/2020\/06\/Schermata-2020-06-13-alle-12.08.57.png?resize=300%2C212&amp;ssl=1\" sizes=\"auto, (max-width: 300px) 100vw, 300px\" srcset=\"https:\/\/i0.wp.com\/www.radiopiu.net\/wordpress\/wp-content\/uploads\/2020\/06\/Schermata-2020-06-13-alle-12.08.57.png?resize=300%2C212&amp;ssl=1 300w, https:\/\/i0.wp.com\/www.radiopiu.net\/wordpress\/wp-content\/uploads\/2020\/06\/Schermata-2020-06-13-alle-12.08.57.png?resize=768%2C542&amp;ssl=1 768w, https:\/\/i0.wp.com\/www.radiopiu.net\/wordpress\/wp-content\/uploads\/2020\/06\/Schermata-2020-06-13-alle-12.08.57.png?w=802&amp;ssl=1 802w\" alt=\"\" width=\"300\" height=\"212\" data-recalc-dims=\"1\" data-lazy-loaded=\"1\" \/><\/a>Tra moduli da compilare, certificati da produrre e adempimenti da espletare, la nostra Pubblica Amministrazione (PA) continua ad alimentare la malaburocrazia che nel nostro Paese ha ormai raggiunto una dimensione non pi\u00f9 accettabile. Senza contare che, purtroppo, permane il grosso problema dei mancati pagamenti da parte della PA. Dichiara il coordinatore dell\u2019Ufficio studi della CGIA Paolo Zabeo:<\/p>\n<p>\u201cSecondo una nostra elaborazione, il costo che incombe sul sistema produttivo del Veneto per la gestione dei rapporti con la PA ammonterebbe a 5,2 miliardi di euro. Se a questi aggiungiamo i 4,5 miliardi di mancati pagamenti da parte dello Stato centrale e delle Autonomie locali che sarebbero in capo ai fornitori veneti, il cattivo funzionamento del nostro settore pubblico costerebbe al sistema produttivo regionale quasi 10 miliardi di euro all\u2019anno\u201d.<\/p>\n<p>Sebbene stiamo parlando di stime, queste cifre confermano che le nostre aziende sono sempre pi\u00f9 schiacciate da una burocrazia cieca e ottusa e da un cattivo funzionamento della PA che non sembra essere in grado di redimersi. Sebbene possiamo contare su punte di eccellenza della nostra Amministrazione pubblica, in buona parte concentrate a Nordest, in questa fase di COVID le cose, purtroppo, sono peggiorate. Sottolinea il segretario della CGIA Renato Mason:<\/p>\n<p class=\"photoswipe-wrapper\"><a class=\"dt-pswp-item pspw-wrap-ready\" href=\"https:\/\/i2.wp.com\/www.radiopiu.net\/wordpress\/wp-content\/uploads\/2020\/06\/Schermata-2020-06-13-alle-12.09.14.png?ssl=1\" data-dt-img-description=\"\" data-large_image_width=\"1266\" data-large_image_height=\"756\"><img loading=\"lazy\" decoding=\"async\" class=\"alignleft size-medium wp-image-144123 jetpack-lazy-image jetpack-lazy-image--handled\" src=\"https:\/\/i2.wp.com\/www.radiopiu.net\/wordpress\/wp-content\/uploads\/2020\/06\/Schermata-2020-06-13-alle-12.09.14.png?resize=300%2C179&amp;ssl=1\" sizes=\"auto, (max-width: 300px) 100vw, 300px\" srcset=\"https:\/\/i2.wp.com\/www.radiopiu.net\/wordpress\/wp-content\/uploads\/2020\/06\/Schermata-2020-06-13-alle-12.09.14.png?resize=300%2C179&amp;ssl=1 300w, https:\/\/i2.wp.com\/www.radiopiu.net\/wordpress\/wp-content\/uploads\/2020\/06\/Schermata-2020-06-13-alle-12.09.14.png?resize=1024%2C611&amp;ssl=1 1024w, https:\/\/i2.wp.com\/www.radiopiu.net\/wordpress\/wp-content\/uploads\/2020\/06\/Schermata-2020-06-13-alle-12.09.14.png?resize=768%2C459&amp;ssl=1 768w, https:\/\/i2.wp.com\/www.radiopiu.net\/wordpress\/wp-content\/uploads\/2020\/06\/Schermata-2020-06-13-alle-12.09.14.png?w=1266&amp;ssl=1 1266w\" alt=\"\" width=\"300\" height=\"179\" data-recalc-dims=\"1\" data-lazy-loaded=\"1\" \/><\/a>\u201cI decreti Cura Italia, Liquidit\u00e0 e Rilancio non hanno finora innescato gli effetti positivi che tutti auspicavano. All\u2019opposto, hanno generato confusione, disorientamento e tanta irritazione da parte dei lavoratori e delle imprese nei confronti delle istituzioni pubbliche. I punti di criticit\u00e0 sono tanti, in particolar modo di natura burocratica. Sono stati approvati dei provvedimenti impossibili da gestire e da rispettare, perch\u00e9 scritti male e difficilmente decifrabili. Sicuramente saranno stati pensati con le migliori intenzioni, ma chi pensa di mantenerli \u00e8 fuori dal mondo\u201d.<\/p>\n<p>L\u2019Ufficio studi della CGIA ha provato a stimare a quanto ammonta il peso della burocrazia sulle imprese per province di residenza, calcolando l\u2019incidenza del valore aggiunto sui 57,2 miliardi di euro di costo annuo in capo alle aziende italiane stimato dall\u2019Istituto Ambrosetti. In questa simulazione, ovviamente, risultano essere maggiormente penalizzate quelle realt\u00e0 territoriali dove \u00e8 maggiore la concentrazione di attivit\u00e0 economiche che producono ricchezza.<\/p>\n<p>La provincia veneta dove il costo annuo sostenuto dalle imprese per la gestione dei rapporti con la Pubblica Amministrazione \u00e8 superiore a tutte le altre \u00e8 Verona con 1,034 miliardi di euro. Seguono Padova con 1,032 miliardi, Vicenza con 963 milioni, Treviso con 938 e Venezia con 877 milioni. Le realt\u00e0 imprenditoriali meno \u201csoffocate\u201d dalla burocrazia sono quelle di Belluno (218 milioni di euro) e Rovigo (197 milioni).<\/p>\n<p class=\"photoswipe-wrapper\"><a class=\"dt-pswp-item pspw-wrap-ready\" href=\"https:\/\/i2.wp.com\/www.radiopiu.net\/wordpress\/wp-content\/uploads\/2020\/06\/Schermata-2020-06-13-alle-12.10.26.png?ssl=1\" data-dt-img-description=\"\" data-large_image_width=\"1816\" data-large_image_height=\"922\"><img loading=\"lazy\" decoding=\"async\" class=\"alignleft size-medium wp-image-144122 jetpack-lazy-image jetpack-lazy-image--handled\" src=\"https:\/\/i2.wp.com\/www.radiopiu.net\/wordpress\/wp-content\/uploads\/2020\/06\/Schermata-2020-06-13-alle-12.10.26.png?resize=300%2C152&amp;ssl=1\" sizes=\"auto, (max-width: 300px) 100vw, 300px\" srcset=\"https:\/\/i2.wp.com\/www.radiopiu.net\/wordpress\/wp-content\/uploads\/2020\/06\/Schermata-2020-06-13-alle-12.10.26.png?resize=300%2C152&amp;ssl=1 300w, https:\/\/i2.wp.com\/www.radiopiu.net\/wordpress\/wp-content\/uploads\/2020\/06\/Schermata-2020-06-13-alle-12.10.26.png?resize=1024%2C520&amp;ssl=1 1024w, https:\/\/i2.wp.com\/www.radiopiu.net\/wordpress\/wp-content\/uploads\/2020\/06\/Schermata-2020-06-13-alle-12.10.26.png?resize=768%2C390&amp;ssl=1 768w, https:\/\/i2.wp.com\/www.radiopiu.net\/wordpress\/wp-content\/uploads\/2020\/06\/Schermata-2020-06-13-alle-12.10.26.png?resize=1536%2C780&amp;ssl=1 1536w, https:\/\/i2.wp.com\/www.radiopiu.net\/wordpress\/wp-content\/uploads\/2020\/06\/Schermata-2020-06-13-alle-12.10.26.png?w=1816&amp;ssl=1 1816w\" alt=\"\" width=\"300\" height=\"152\" data-recalc-dims=\"1\" data-lazy-loaded=\"1\" \/><\/a>Sul fronte dei tempi di pagamento della Pubblica Amministrazione del Veneto, gli ultimi dati disponibili (riferiti al 1\u00b0 trimestre di quest\u2019anno e al dato medio del 2019) ci dicono che le nostre Aziende sanitarie, i Comuni capoluogo, le sette Province e la Regione del Veneto sono virtuosissime. Su 25 realt\u00e0 monitorate, nel 2019 nessuno ha pagato i propri fornitori successivamente alla scadenza. Nel primo trimestre di quest\u2019anno, invece, della platea di soggetti pubblici presa in esame, solo il Comune di Treviso ha onorato i propri debiti commerciali dopo la scadenza imposta per contratto, comunque con un ritardo lievissimo: 1,33 giorni (vedi Tab. 3).<\/p>\n<p>Quali sono le proposte della CGIA per migliorare l\u2019efficienza della PA ? Innanzitutto, bisogna diminuire le norme presenti nel nostro ordinamento. In questi ultimi decenni sono aumentate a dismisura, in quanto il legislatore nazionale ha ecceduto nell\u2019approvazione di decreti legislativi che per essere operativi richiedono la successiva approvazione di provvedimenti attuativi.<\/p>\n<p>Altres\u00ec, \u00e8 necessario che queste leggi siano scritte meglio, cancellando le sovrapposizioni esistenti tra i vari livelli di governo, bandendo il burocratese e imponendo un monitoraggio periodico sugli effetti che queste producono, soprattutto in campo economico.<\/p>\n<p>E\u2019 necessario, inoltre, semplificare le procedure e introdurre controlli successivi rigidissimi, incentivando il meccanismo del silenzio- assenso, senza dimenticare che bisogna digitalizzare tutti i soggetti pubblici, agevolando il dialogo tra le loro banche dati per evitare la duplicazione delle richieste che periodicamente travolgono cittadini e imprenditori ogni qual volta si interfacciano con un ufficio pubblico.<\/p>\n<p>Infine, bisogna \u201cdepenalizzare\u201d il reato di abuso di ufficio che, purtroppo, \u201cdissuade\u201d tanti dirigenti pubblici ad apporre la firma, rallentando enormemente lo smaltimento delle pratiche soprattutto nei settori dell\u2019edilizia, dell\u2019urbanistica e degli appalti. Per contro, vanno premiati i dirigenti\/funzionari che si comportano correttamente e rendono efficienti le proprie aree di influenza: l\u2019aumento della produttivit\u00e0, anche nel pubblico, va riconosciuto economicamente.<\/p>\n<p>&nbsp;<\/p>\n<p>&nbsp;<\/p>\n<hr \/>\n<p>&nbsp;<\/p>\n<blockquote>\n<h3>SAN GIOVANNI TAKE-AWAY<\/h3>\n<\/blockquote>\n<p><strong class=\"photoswipe-wrapper\"><a class=\"dt-pswp-item pspw-wrap-ready\" href=\"https:\/\/i0.wp.com\/www.radiopiu.net\/wordpress\/wp-content\/uploads\/2020\/06\/san-giovanni-2020.jpg?ssl=1\" data-dt-img-description=\"\" data-large_image_width=\"1131\" data-large_image_height=\"1599\"><img loading=\"lazy\" decoding=\"async\" class=\"wp-image-143920 alignleft\" src=\"https:\/\/i0.wp.com\/www.radiopiu.net\/wordpress\/wp-content\/uploads\/2020\/06\/san-giovanni-2020.jpg?resize=82%2C116&amp;ssl=1\" sizes=\"auto, (max-width: 82px) 100vw, 82px\" srcset=\"https:\/\/i0.wp.com\/www.radiopiu.net\/wordpress\/wp-content\/uploads\/2020\/06\/san-giovanni-2020.jpg?resize=212%2C300&amp;ssl=1 212w, https:\/\/i0.wp.com\/www.radiopiu.net\/wordpress\/wp-content\/uploads\/2020\/06\/san-giovanni-2020.jpg?resize=724%2C1024&amp;ssl=1 724w, https:\/\/i0.wp.com\/www.radiopiu.net\/wordpress\/wp-content\/uploads\/2020\/06\/san-giovanni-2020.jpg?resize=768%2C1086&amp;ssl=1 768w, https:\/\/i0.wp.com\/www.radiopiu.net\/wordpress\/wp-content\/uploads\/2020\/06\/san-giovanni-2020.jpg?resize=1086%2C1536&amp;ssl=1 1086w, https:\/\/i0.wp.com\/www.radiopiu.net\/wordpress\/wp-content\/uploads\/2020\/06\/san-giovanni-2020.jpg?w=1131&amp;ssl=1 1131w\" alt=\"\" width=\"82\" height=\"116\" data-recalc-dims=\"1\" \/><\/a>CANALE D\u2019AGORDO\u00a0<\/strong>La sagra di San Giovanni a Canale cambia forma dopo l\u2019emergenza Coronavirus. Il 20 e 21 giugno i piatti della tradizione sono per asporto. Frittura di pesce, baccal\u00e0 con polenta, seppie in umido, dessert speciale e bibite. Basta fare lo scontrino alla cassa e ritirare le pietanze presso la Baita dei cacciatori in via soia. Si effettua anche la consegna a domicilio nei comuni di Canale, Vallada e Falcade. Basta ordinare al numero 331 5458317.<\/p>\n<p>&nbsp;<\/p>\n<p>&nbsp;<\/p>\n<hr \/>\n<p>&nbsp;<\/p>\n<blockquote>\n<h3>CORSO PER OPERATORE DI BASE AL PR RANCH DI LA VALLE<\/h3>\n<\/blockquote>\n<p><strong>LA VALLE AGORDINA\u00a0<\/strong>Il 27 e 28 giugno presso il PR Ranch di La Valle, verranno effettuati i corsi di base con rilascio di abilitazione di terzo grado Endas Equestre. Per informazioni allegro.luciano@gmail.com o 340 9652578<\/p>\n<p>&nbsp;<\/p>\n<p>&nbsp;<\/p>\n<hr \/>\n<p>&nbsp;<\/p>\n<blockquote>\n<h3>IL 22 GIUGNO RIAPRE LA PISCINA COMUNALE DI PEDAVENA<\/h3>\n<\/blockquote>\n<p><strong><a class=\"dt-pswp-item\" href=\"https:\/\/www.radiopiu.net\/wordpress\/wp-content\/uploads\/2020\/06\/Vasca-Pedavena-scaled.jpg\" data-dt-img-description=\"\" data-large_image_width=\"2560\" data-large_image_height=\"1920\"><img loading=\"lazy\" decoding=\"async\" class=\" wp-image-144150 alignleft\" src=\"https:\/\/www.radiopiu.net\/wordpress\/wp-content\/uploads\/2020\/06\/Vasca-Pedavena-300x225.jpg\" alt=\"\" width=\"360\" height=\"270\" srcset=\"https:\/\/www.radiopiu.net\/wordpress\/wp-content\/uploads\/2020\/06\/Vasca-Pedavena-300x225.jpg 300w, https:\/\/www.radiopiu.net\/wordpress\/wp-content\/uploads\/2020\/06\/Vasca-Pedavena-1024x768.jpg 1024w, https:\/\/www.radiopiu.net\/wordpress\/wp-content\/uploads\/2020\/06\/Vasca-Pedavena-768x576.jpg 768w, https:\/\/www.radiopiu.net\/wordpress\/wp-content\/uploads\/2020\/06\/Vasca-Pedavena-1536x1152.jpg 1536w, https:\/\/www.radiopiu.net\/wordpress\/wp-content\/uploads\/2020\/06\/Vasca-Pedavena-2048x1536.jpg 2048w\" sizes=\"auto, (max-width: 360px) 100vw, 360px\" \/><\/a>PEDAVENA\u00a0<\/strong>Luned\u00ec 22 giugno riapre la piscina comunale di Pedavena dopo ben 15 settimane di chiusura dovuta all\u2019emergenza epidemiologica da Covid-19.\u00a0 In questi giorni la societ\u00e0 Ondablu si sta adoperando per l\u2019adozione delle linee di indirizzo della Regione del Veneto e le misure di sicurezza della FIN &#8211; Federazione Italiana Nuoto. In queste settimane sono state fatte le manutenzioni ordinarie e straordinarie, mentre in questi giorni si stanno facendo gli interventi di pulizia, igiene e sanificazione di tutti locali e degli impianti di ventilazione per garantire un\u2019apertura in sicurezza e salute.\u00a0Al loro arrivo gli utenti troveranno la segnaletica e le indicazioni per poter muoversi in tutta sicurezza in ogni ambiente della struttura. Troveranno inoltre il nuovo parcheggio con trenta posti auto e posti moto realizzato dal Comune di Pedavena.\u00a0La societ\u00e0 Ondablu si \u00e8 confrontata con l\u2019Amministrazione Comunale condividendo i tempi per l\u2019apertura e chiarendo che l\u2019avvio sar\u00e0 graduale. Considerando che i costi di gestione sono alti, \u00e8 fondamentale la risposta degli utenti, i quali, consapevoli del fatto che lo sport migliora la salute psico-fisica e rassicurati dalle misure adottate, auspichiamo arrivino numerosi. La piscina per la prima settimana sar\u00e0 destinata soltanto al nuoto libero all\u2019acquafitness, oltre che alle attivit\u00e0 sportive giovanili del settore propaganda, swim teen ed agonistica, nonch\u00e9 al perfezionamento adulti e alla squadra masters.\u00a0La segreteria sar\u00e0 aperta per informazioni e per raccogliere le iscrizioni ai corsi di nuoto ed alle altre attivit\u00e0 che si svolgeranno durante il periodo estivo dal luned\u00ec al gioved\u00ec dalle 16 alle 20, il venerd\u00ec dalle 16 alle 19 ed il sabato dalle 9 alle 12. Gli orari al nuoto libero saranno il luned\u00ec dalle 11,15 alle 14,15 e dalle 16 alle 20, il marted\u00ec dalle 16 alle 20, il mercoled\u00ec dalle 10,30 alle 14,15 e dalle 16 alle 20, il gioved\u00ec dalle 16 alle 20, il venerd\u00ec dalle 11,15 alle 14,15 e dalle 16 alle 19, il sabato dalle 10,30 alle 12,30 e dalle 15 alle 19, la domenica dalle 9 alle 12.\u00a0Saranno pubblicati ed aggiornati nel sito www.ondablu.org e sulla pagina Facebook di Ondablu, in quanto potranno subire modifiche in base alle esigenze organizzative.<\/p>\n<p>&nbsp;<\/p>\n<p><strong>IL VEDEMECUM PER L&#8217;ACCESSO IN PISCINA<\/strong><\/p>\n<a href=\"https:\/\/www.radiopiu.net\/wordpress\/wp-content\/uploads\/2020\/06\/OB_norme-Covid-19_utenti_200612.pdf\" class=\"pdfemb-viewer\" style=\"\" data-width=\"max\" data-height=\"max\" data-toolbar=\"top\" data-toolbar-fixed=\"on\">OB_norme Covid-19_utenti_200612<\/a>\n<p>&nbsp;<\/p>\n<hr \/>\n<p>&nbsp;<\/p>\n<blockquote class=\"wp-embedded-content\" data-secret=\"cAneMdkF0L\"><p><a href=\"https:\/\/www.radiopiu.net\/wordpress\/la-corale-di-limana-allospedale-san-martino-di-belluno\/\">LA CORALE DI LIMANA ALL&#8217;OSPEDALE SAN MARTINO DI BELLUNO<\/a><\/p><\/blockquote>\n<p><iframe loading=\"lazy\" class=\"wp-embedded-content\" sandbox=\"allow-scripts\" security=\"restricted\" style=\"position: absolute; clip: rect(1px, 1px, 1px, 1px);\" title=\"&#8220;LA CORALE DI LIMANA ALL&#8217;OSPEDALE SAN MARTINO DI BELLUNO&#8221; &#8212; Radio Pi\u00f9\" src=\"https:\/\/www.radiopiu.net\/wordpress\/la-corale-di-limana-allospedale-san-martino-di-belluno\/embed\/#?secret=cAneMdkF0L\" data-secret=\"cAneMdkF0L\" width=\"600\" height=\"338\" frameborder=\"0\" marginwidth=\"0\" marginheight=\"0\" scrolling=\"no\"><\/iframe><\/p>\n<p>&nbsp;<\/p>\n<hr \/>\n<p>&nbsp;<\/p>\n<h2>IERI ALLA RADIO<\/h2>\n<h3><span style=\"color: #333399;\">LA RASSEGNA STAMPA DALL&#8217;AMICO DEL POPOLO di Gianni Santomaso\u00a0<\/span><\/h3>\n<audio class=\"wp-audio-shortcode\" id=\"audio-144139-4\" preload=\"none\" style=\"width: 100%;\" controls=\"controls\"><source type=\"audio\/mpeg\" src=\"https:\/\/www.radiopiu.net\/wordpress\/wp-content\/uploads\/2020\/06\/RASSEGNA-GIANNI-1.mp3?_=4\" \/><a href=\"https:\/\/www.radiopiu.net\/wordpress\/wp-content\/uploads\/2020\/06\/RASSEGNA-GIANNI-1.mp3\">https:\/\/www.radiopiu.net\/wordpress\/wp-content\/uploads\/2020\/06\/RASSEGNA-GIANNI-1.mp3<\/a><\/audio>\n<p>&nbsp;<\/p>\n<h3><span style=\"color: #ff0000;\">DUE MINUTI UN LIBRO<\/span><\/h3>\n<blockquote class=\"wp-embedded-content\" data-secret=\"bgZ23MK7Se\"><p><a href=\"https:\/\/www.radiopiu.net\/wordpress\/la-prima-alba-del-cosmo\/\">LA PRIMA ALBA DEL COSMO<\/a><\/p><\/blockquote>\n<p><iframe loading=\"lazy\" class=\"wp-embedded-content\" sandbox=\"allow-scripts\" security=\"restricted\" style=\"position: absolute; clip: rect(1px, 1px, 1px, 1px);\" title=\"&#8220;LA PRIMA ALBA DEL COSMO&#8221; &#8212; Radio Pi\u00f9\" src=\"https:\/\/www.radiopiu.net\/wordpress\/la-prima-alba-del-cosmo\/embed\/#?secret=bgZ23MK7Se\" data-secret=\"bgZ23MK7Se\" width=\"600\" height=\"338\" frameborder=\"0\" marginwidth=\"0\" marginheight=\"0\" scrolling=\"no\"><\/iframe><\/p>\n<p><strong>LE ALTRE PUNTATE<\/strong><\/p>\n<blockquote class=\"wp-embedded-content\" data-secret=\"MjhXnU096i\"><p><a href=\"https:\/\/www.radiopiu.net\/wordpress\/due-minuti-un-libro\/\">Due minuti un libro<\/a><\/p><\/blockquote>\n<p><iframe loading=\"lazy\" class=\"wp-embedded-content\" sandbox=\"allow-scripts\" security=\"restricted\" style=\"position: absolute; clip: rect(1px, 1px, 1px, 1px);\" title=\"&#8220;Due minuti un libro&#8221; &#8212; Radio Pi\u00f9\" src=\"https:\/\/www.radiopiu.net\/wordpress\/due-minuti-un-libro\/embed\/#?secret=MjhXnU096i\" data-secret=\"MjhXnU096i\" width=\"600\" height=\"338\" frameborder=\"0\" marginwidth=\"0\" marginheight=\"0\" scrolling=\"no\"><\/iframe><\/p>\n<h3><span style=\"color: #339966;\">AGORDINOMERON<\/span><\/h3>\n<blockquote class=\"wp-embedded-content\" data-secret=\"wOyQjKg0K4\"><p><a href=\"https:\/\/www.radiopiu.net\/wordpress\/agordinomeron\/\">AGORDINOMERON, IL TERRITORIO SI RACCONTA Da un&#8217;idea di Gianni Santomaso<\/a><\/p><\/blockquote>\n<p><iframe loading=\"lazy\" class=\"wp-embedded-content\" sandbox=\"allow-scripts\" security=\"restricted\" style=\"position: absolute; clip: rect(1px, 1px, 1px, 1px);\" title=\"&#8220;AGORDINOMERON, IL TERRITORIO SI RACCONTA Da un&#8217;idea di Gianni Santomaso&#8221; &#8212; Radio Pi\u00f9\" src=\"https:\/\/www.radiopiu.net\/wordpress\/agordinomeron\/embed\/#?secret=wOyQjKg0K4\" data-secret=\"wOyQjKg0K4\" width=\"600\" height=\"338\" frameborder=\"0\" marginwidth=\"0\" marginheight=\"0\" scrolling=\"no\"><\/iframe><\/p>\n<h3><span style=\"color: #3366ff;\">IL MESSAGGIO DEI SACERDOTI A RADIO PIU&#8217;<\/span><\/h3>\n<blockquote class=\"wp-embedded-content\" data-secret=\"XqFP20e4Ve\"><p><a href=\"https:\/\/www.radiopiu.net\/wordpress\/chiesa11\/\">I NOSTRI PARROCI,   SU RADIO PIU&#8217; ALLE 7.30 E 19.30, PARROCCHIE DI AGORDO, LA VALLE E TAIBON<\/a><\/p><\/blockquote>\n<p><iframe loading=\"lazy\" class=\"wp-embedded-content\" sandbox=\"allow-scripts\" security=\"restricted\" style=\"position: absolute; clip: rect(1px, 1px, 1px, 1px);\" title=\"&#8220;I NOSTRI PARROCI,   SU RADIO PIU&#8217; ALLE 7.30 E 19.30, PARROCCHIE DI AGORDO, LA VALLE E TAIBON&#8221; &#8212; Radio Pi\u00f9\" src=\"https:\/\/www.radiopiu.net\/wordpress\/chiesa11\/embed\/#?secret=XqFP20e4Ve\" data-secret=\"XqFP20e4Ve\" width=\"600\" height=\"338\" frameborder=\"0\" marginwidth=\"0\" marginheight=\"0\" scrolling=\"no\"><\/iframe><\/p>\n<p>&nbsp;<\/p>\n<hr \/>\n<p>&nbsp;<\/p>\n<p><strong class=\"photoswipe-wrapper\"><a class=\"dt-pswp-item pspw-wrap-ready\" href=\"https:\/\/i0.wp.com\/www.radiopiu.net\/wordpress\/wp-content\/uploads\/2018\/09\/viabilita.jpeg?ssl=1\" data-dt-img-description=\"\" data-large_image_width=\"800\" data-large_image_height=\"100\"><img loading=\"lazy\" decoding=\"async\" class=\"aligncenter wp-image-61954 size-full jetpack-lazy-image jetpack-lazy-image--handled\" src=\"https:\/\/i0.wp.com\/www.radiopiu.net\/wordpress\/wp-content\/uploads\/2018\/09\/viabilita.jpeg?resize=800%2C100&amp;ssl=1\" sizes=\"auto, (max-width: 800px) 100vw, 800px\" srcset=\"https:\/\/i0.wp.com\/www.radiopiu.net\/wordpress\/wp-content\/uploads\/2018\/09\/viabilita.jpeg?w=800&amp;ssl=1 800w, https:\/\/i0.wp.com\/www.radiopiu.net\/wordpress\/wp-content\/uploads\/2018\/09\/viabilita.jpeg?resize=300%2C38&amp;ssl=1 300w, https:\/\/i0.wp.com\/www.radiopiu.net\/wordpress\/wp-content\/uploads\/2018\/09\/viabilita.jpeg?resize=768%2C96&amp;ssl=1 768w\" alt=\"\" width=\"800\" height=\"100\" data-lazy-loaded=\"1\" \/><\/a><\/strong><\/p>\n<p><strong>\u00a0<\/strong><\/p>\n<p>PROVINCIALE 20 DELLA VAL FIORENTINA, SELVA DI CADORE: FINO AL 4 LUGLIO, CHIUSURA TOTALE TRA SOLATOR E IL CENTRO DEL PAESE ANCHE NEI GIORNI FESTIVI E PREFESTIVI, DAL CHILOMETRO 4.850 AL CHILOMETRO 5.100. TRANSITO CONSENTITO AI LOCALI CON TEMPI DI ATTESA MASSIMI STIMATI IN 30 MINUTI IN LOCALITA\u2019 SOLATOR DAL CHILOMETRO 4.400 AL CHILOMETRO 4.850<\/p>\n<p>REGIONALE 48 DELLE DOLOMITI, LOCALIT\u00c0 POCOL INIZIO ABITATO CORTINA,FINO\u00a0 AL 12 GIUGNO SEMAFORO PER TRATTI DI 250 METRI ANCHE NEI GIORNI FESTIVI E PREFESTIVI<\/p>\n<p>REGIONALE 203 AGORDINA FINO AL 20 GIUGNO IN LOCALIT\u00c0 LA MUDA DEVIAZIONE SU VIABILIT\u00c0 PROVVISORIA, PRUDENZA<\/p>\n<p>PROVINCIALE 12 PEDEMONTANA LOCALIT\u00c0 PONTE MAS, CHIUSURA TOTALE DI PONTE MAS FINO\u00a0 AL 30 GIUGNO<\/p>\n<p>STRADA REGIONALE 48 DELLE DOLOMITI, DAL KM 110,350 AL KM 112, SENSO UNICO ALTERNATO REGOLATO DA IMPIANTO SEMAFORICO ANCHE SABATO E FESTIVI FINO\u00a0 AL 30 GIUGNO PER POSA ELETTRODOTTO INTERRATO<\/p>\n<p>PROVINCIALE 563 DI SALESEI, FINO\u00a0 AL 3 LUGLIO, SENSO UNICO ALTERNATO REGOLATO DA IMPIANTO SEMAFORICO IN LOCALIT\u00c0 DIGONERA PER MESSA IN SICUREZZA PIANO VIABILE, SABATO E FESTIVI INCLUSI<\/p>\n<p>REGIONALE 203 AGORDINA, CANDATEN-LA STANGA, FINO\u00a0 AL 30 GIUGNO INCLUSI SABATO E DOMENICA DALLE 7.30 ALLE 9 E DALLE 16.30 ALLE 18 SENSO UNICO ALTERNATO CON MOVIERI, NEGLI ALTRI PERIODI SENSO UNICO CON SEMAFORO.<\/p>\n<p>PROVINCIALE 563 DI SALESEI, FINO AL\u00a0 19 GIUGNO, DOMENICHE E FESTIVI ESCLUSI, SENSO UNICO ALTERNATO REGOLATO DA IMPIANTO SEMAFORICO E POSSIBILI BREVI INTERRUZIONI AL TRAFFICO DI 15 MINUTI PER MESSA IN SICUREZZA VERSANTE A MONTE DELLA STRADA<\/p>\n<p>STRADA PROVINCIALE 346 DEL SAN PELLEGRINO, NEI COMUNI DI FALCADE, CANALE E VALLADA, FINO\u00a0 AL 3 LUGLIO, INCLUSI SABATI E DOMENICHE, POSSIBILE ISTITUZIONE DI SENSO UNICO ALTERNATO REGOLATO DA MOVIERI PER SOSTITUZIONE CONDUTTORI E MANUTENZIONE LINEA ELETTRICA ALTA TENSIONE<\/p>\n<p>REGIONALE 203 AGORDINA, NEL COMUNE DI CENCENIGHE, FINO\u00a0 AL 3 LUGLIO, INCLUSI SABATI E DOMENICHE, POSSIBILE ISTITUZIONE DI SENSO UNICO ALTERNATO REGOLATO DA MOVIERI PER SOSTITUZIONE CONDUTTORI E MANUTENZIONE LINEA ELETTRICA ALTA TENSIONE<\/p>\n<p>STRADA PROVINCIALE 422 DELL\u2019ALPAGO E DEL CANSIGLIO, FINO AL\u00a0 19 GIUGNO, DALLE 8 ALLE 19, SENSO UNICO ALTERNATO REGOLATO DA IMPIANTO SEMAFORICO O MOVIERE PER POSA FIBRA OTTICA<\/p>\n<p>STRADA PROVINCIALE 346 DEL SAN PELLEGRINO, NEL COMUNE DI VALLADA AGORDINA\u00a0 FINO AL\u00a0 19 GIUGNO SENSO UNICO ALTERNATO REGOLATO DA IMPIANTO SEMAFORICO PER MESSA IN SICUREZZA BARRIERE DI PROTEZIONE LATERALI<\/p>\n<p>STRADA REGIONA 203 AGORDINA, TRA MAS DI SEDICO E CERNADOI SU TRATTI SALTUARI DI STRADA, FINO\u00a0 AL 30 GIUGNO, ESCLUSO SABATO E DOMENICA, SENSO UNICO ALTERNATO REGOLATO DA IMPIANTO SEMAFORICO PER MESSA IN SICUREZZA BARRIERE DI PROTEZIONE LATERALI<\/p>\n<p>STRADA PROVINCIALE 347 DEL PASSO CEREDA E DURAN, NEL COMUNE DI GOSALDO (LOC. SANT\u2019ANDREA),\u00a0 FINO\u00a0 AL 20 GIUGNO SENSO UNICO ALTERNATO REGOLATO DA IMPIANTO SEMAFORICO PER MESSA IN SICUREZZA DELLA STRADA<\/p>\n<p>STRADA PROVINCIALE 347 DEL PASSO CEREDA E DURAN, NEL COMUNE DI AGORDO, FINO\u00a0 AL 26 GIUGNO SENSO UNICO ALTERNATO REGOLATO DA IMPIANTO SEMAFORICO PER POSA FIBRA OTTICA<\/p>\n<p>STRADA REGIONALE 48 DELLE DOLOMITI, NEL COMUNE DI LIVINALLONGO DEL COL DI LANA IN LOCALITA\u2019 ANDRAZ, FINO\u00a0 AL 30 GIUGNO SENSO UNICO ALTERNATO REGOLATO DA IMPIANTO SEMAFORICO O MOVIERE CON POSSIBILI BREVI INTERRUZIONI TOTALI AL TRAFFICO DELLA DURATA MASSIMA DI 10 MINUTI, PER LAVORI DI MESSA IN SICUREZZA DEL VERSANTE<\/p>\n<p>STRADA PROVINCIALE 641 DEL PASSO FEDAIA, A SOTTOGUDA DI ROCCA PIETORE,FINO\u00a0 AL 19 GIUGNO, DALLE 7 ALLE 12 E DALLE 13 ALLE 18 ESCLUSI SABATO E DOMENICA, SENSO UNICO ALTERNATO REGOLATO DA MOVIERI PER RIPRISTINO PIANO VIABILE SU CAVIDOTTO MEDIA TENSIONE.<\/p>\n<p>STRADA PROVINCIALE 347 DEL PASSO CEREDA E DURAN, COMUNE DI VAL DI ZOLDO LOCALITA\u2019 CORNIGIAN, FINO AL 10 GIUGNO DALLE 7 ALLE 18\u00a0SENSO UNICO ALTERNATO REGOLATO DA IMPIANTO SEMAFORICO PER RICERCHE GEOGNOSTICHE<\/p>\n<p>48 DELLE DOLOMITI, LOCALITA\u2019 ANDRAZ DI LIVINALLONGO, FINO\u00a0 AL 26 GIUGNO SENSO UNICO CON SEMAFORO<\/p>\n<p>STRADA REGIONALE 203 AGORDINA TRA PERON E CANDATEN, DAL 15 GIUGNO AL 31 LUGLIO ESCLUSI SABATI E DOMENICHE, DALLE 7:30 ALLE 9 E E DALLE 16:30 ALLE 18 SENSO UNICO ALTERNATO REGOLATO DA MOVIERI. NEGLI ALTRI ORARI SENSO UNICO ALTERNATO REGOLATO DA SEMAFORO PER INTERRAMENTO CAVIDOTTO E-DISTRIBUZIONE<\/p>\n<p>&nbsp;<\/p>\n<hr \/>\n<p>&nbsp;<\/p>\n<p class=\"photoswipe-wrapper\"><a class=\"dt-pswp-item pspw-wrap-ready\" href=\"https:\/\/i0.wp.com\/www.radiopiu.net\/wordpress\/wp-content\/uploads\/2018\/09\/WhatsApp-Image-2018-09-20-at-16.04.06.jpeg?ssl=1\" data-dt-img-description=\"\" data-large_image_width=\"800\" data-large_image_height=\"100\"><img loading=\"lazy\" decoding=\"async\" class=\"aligncenter wp-image-61378 size-full jetpack-lazy-image jetpack-lazy-image--handled\" src=\"https:\/\/i0.wp.com\/www.radiopiu.net\/wordpress\/wp-content\/uploads\/2018\/09\/WhatsApp-Image-2018-09-20-at-16.04.06.jpeg?resize=800%2C100&amp;ssl=1\" sizes=\"auto, (max-width: 800px) 100vw, 800px\" srcset=\"https:\/\/i0.wp.com\/www.radiopiu.net\/wordpress\/wp-content\/uploads\/2018\/09\/WhatsApp-Image-2018-09-20-at-16.04.06.jpeg?w=800&amp;ssl=1 800w, https:\/\/i0.wp.com\/www.radiopiu.net\/wordpress\/wp-content\/uploads\/2018\/09\/WhatsApp-Image-2018-09-20-at-16.04.06.jpeg?resize=300%2C38&amp;ssl=1 300w, https:\/\/i0.wp.com\/www.radiopiu.net\/wordpress\/wp-content\/uploads\/2018\/09\/WhatsApp-Image-2018-09-20-at-16.04.06.jpeg?resize=768%2C96&amp;ssl=1 768w\" alt=\"\" width=\"800\" height=\"100\" data-lazy-loaded=\"1\" \/><\/a><\/p>\n<p>&nbsp;<\/p>\n<p><center><b>Domenica 14<\/b><\/center><b>Tempo atteso:\u00a0<\/b>Nella notte e al primo mattino sulle Prealpi probabili rovesci, anche temporaleschi, occasionalmente forti, solo in parziale estensione alle Dolomiti. Durante la giornata tempo in parte soleggiato ma instabile, con nuvolosit\u00e0 irregolare, pi\u00f9 diffusa sulle Dolomiti, dove saranno un po&#8217; pi\u00f9 probabili fenomeni di instabilit\u00e0. Verso sera tendenza a miglioramento.<br \/>\n<b>Precipitazioni:\u00a0<\/b>Nella notte e all&#8217;alba sulle Prealpi rovesci o temporali molto probabili (90%), mentre sulle Dolomiti il rischio sar\u00e0 minore, specie su quelle settentrionali (40-60%). In giornata possibili rovesci, anche temporaleschi nelle ore centrali del giorno, un po&#8217; pi\u00f9 probabili sulle Dolomiti (60-70%). In serata generalmente assenti (10%)<br \/>\n<b>Temperature:\u00a0<\/b>Minime in aumento e massime in diminuzione. Su Prealpi a 1500 m min 10\u00b0C max 13\u00b0C, a 2000 m min 8\u00b0C max 9\u00b0C. Su Dolomiti a 2000 m min 7\u00b0C max 11\u00b0C, a 3000 m min 0\u00b0C max 2\u00b0C.<br \/>\n<b>Venti:\u00a0<\/b>Nelle valli deboli o moderati; in quota moderati o tesi da nord-est, 25-35 km\/h sia a 2000 che a 3000 m.<\/p>\n<hr \/>\n<p><center><b>Lunedi 15<\/b><\/center><b>Tempo atteso:\u00a0<\/b>Giornata in prevalenza nuvolosa, ma con rischio basso di fenomeni. Durante il mattino nubi medio-alte in aumento da nord, sempre pi\u00f9 dense. Nel pomeriggio in prevalenza coperto per dense nubi medio-alte, salvo qualche schiarita, specie sulle Prealpi. Possibili deboli fenomeni, soprattutto sulle Dolomiti settentrionali.<br \/>\n<b>Precipitazioni:\u00a0<\/b>Probabilit\u00e0 bassa (10-30%) di deboli piogge, con rischio pi\u00f9 alto sulle Dolomiti settentrionali e minore sulle Prealpi veronesi.<br \/>\n<b>Temperature:\u00a0<\/b>Minime in calo, massime stazionarie, salvo diminuire leggermente in quota. Su Prealpi a 1500 m min 11\u00b0C max 13\u00b0C, a 2000 m min 9\u00b0C max 10\u00b0C. Su Dolomiti a 2000 m min 7\u00b0C max 9\u00b0C, a 3000 m min 1\u00b0C max 3\u00b0C.<br \/>\n<b>Venti:\u00a0<\/b>Nelle valli deboli di direzione variabile; in quota moderati da nord nord-est, anche tesi a 3000 m, 20-30 km\/h a 2000 m e 30-35 km\/h a 3000 m.<\/p>\n<hr \/>\n<p><center><b>Martedi 16<\/b><\/center>Solo in parte soleggiato, con possibilit\u00e0 di qualche rovescio, specie sulle Dolomiti nel pomeriggio. Temperature senza variazioni di rilievo. Venti in quota deboli o moderati da nord nord-est, in ulteriore attenuazione.<\/p>\n<hr \/>\n<p><center><b>Mercoledi 17<\/b><\/center>Condizioni simili a quelle di marted\u00ec, con schiarite pi\u00f9 ampie, ma con maggiore probabilit\u00e0 di rovesci e qualche temporale, dalle ore centrali della giornata. Temperature ancora in genere stazionarie. Venti in quota deboli o moderati da sud-ovest. Previsore: B.R.<\/p>\n","protected":false},"excerpt":{"rendered":"<p>PER RICEVERE QUESTO NOTIZIARIO DIRETTAMENTE SUL TUO CELLULARE ISCRIVITI AL CANALE TELEGRAM\u00a0\u201cRADIO PIU\u00a0 INFORMAZIONE\u201d\u00a0 &nbsp; &nbsp; PROVINCIALE 20\u00a0CAPRILE-SELVA DI CADORE. PROROGA ORDINANZA DI CHIUSURA DAL 13 GIUGNO AL 4 LUGLIO: STRADA TOTALMENTE CHIUSA IN LOCALITA\u2019 SOLATOR ANCHE SABATO E DOMENICA. TRANSITO CONSENTITO AI LOCALI CON TEMPI DI ATTESA FINO A 30 MINUTI 203 AGORDINA,\u00a0DAL 15&hellip;<\/p>\n","protected":false},"author":4,"featured_media":144131,"comment_status":"closed","ping_status":"closed","sticky":false,"template":"","format":"standard","meta":{"_monsterinsights_skip_tracking":false,"_monsterinsights_sitenote_active":false,"_monsterinsights_sitenote_note":"","_monsterinsights_sitenote_category":0,"footnotes":""},"categories":[1,86,49],"tags":[],"class_list":["post-144139","post","type-post","status-publish","format-standard","has-post-thumbnail","hentry","category-senza-categoria","category-gr","category-news-18","category-1","category-86","category-49","description-off"],"img_url":"https:\/\/www.radiopiu.net\/wordpress\/wp-content\/uploads\/2020\/06\/d4d1d9cd-5213-4ff5-8733-0f30d72167b1.jpg","_links":{"self":[{"href":"https:\/\/www.radiopiu.net\/wordpress\/wp-json\/wp\/v2\/posts\/144139","targetHints":{"allow":["GET"]}}],"collection":[{"href":"https:\/\/www.radiopiu.net\/wordpress\/wp-json\/wp\/v2\/posts"}],"about":[{"href":"https:\/\/www.radiopiu.net\/wordpress\/wp-json\/wp\/v2\/types\/post"}],"author":[{"embeddable":true,"href":"https:\/\/www.radiopiu.net\/wordpress\/wp-json\/wp\/v2\/users\/4"}],"replies":[{"embeddable":true,"href":"https:\/\/www.radiopiu.net\/wordpress\/wp-json\/wp\/v2\/comments?post=144139"}],"version-history":[{"count":0,"href":"https:\/\/www.radiopiu.net\/wordpress\/wp-json\/wp\/v2\/posts\/144139\/revisions"}],"wp:featuredmedia":[{"embeddable":true,"href":"https:\/\/www.radiopiu.net\/wordpress\/wp-json\/wp\/v2\/media\/144131"}],"wp:attachment":[{"href":"https:\/\/www.radiopiu.net\/wordpress\/wp-json\/wp\/v2\/media?parent=144139"}],"wp:term":[{"taxonomy":"category","embeddable":true,"href":"https:\/\/www.radiopiu.net\/wordpress\/wp-json\/wp\/v2\/categories?post=144139"},{"taxonomy":"post_tag","embeddable":true,"href":"https:\/\/www.radiopiu.net\/wordpress\/wp-json\/wp\/v2\/tags?post=144139"}],"curies":[{"name":"wp","href":"https:\/\/api.w.org\/{rel}","templated":true}]}}