{"id":144202,"date":"2020-06-15T05:58:02","date_gmt":"2020-06-15T03:58:02","guid":{"rendered":"https:\/\/www.radiopiu.net\/wordpress\/?p=144202"},"modified":"2020-06-15T10:38:27","modified_gmt":"2020-06-15T08:38:27","slug":"giornale-radiopiu-15-giugno-2020-direttore-mirko-mezzacasa","status":"publish","type":"post","link":"https:\/\/www.radiopiu.net\/wordpress\/giornale-radiopiu-15-giugno-2020-direttore-mirko-mezzacasa\/","title":{"rendered":"GIORNALE RADIOPIU 15 GIUGNO 2020 DIRETTORE MIRKO MEZZACASA"},"content":{"rendered":"<h3><strong>PER RICEVERE QUESTO NOTIZIARIO DIRETTAMENTE SUL TUO CELLULARE ISCRIVITI AL CANALE TELEGRAM\u00a0<\/strong><strong>\u201cRADIO PIU\u00a0 INFORMAZIONE\u201d\u00a0<\/strong><\/h3>\n<p>&nbsp;<\/p>\n<hr \/>\n<p>&nbsp;<\/p>\n<p><em><strong>PROVINCIALE 20 CAPRILE-SELVA DI CADORE. PROROGA ORDINANZA DI CHIUSURA FINO AL 4 LUGLIO: STRADA TOTALMENTE CHIUSA IN LOCALITA\u2019 SOLATOR ANCHE SABATO E DOMENICA. TRANSITO CONSENTITO AI LOCALI CON TEMPI DI ATTESA FINO A 30 MINUTI<\/strong><\/em><\/p>\n<p><em><strong>203 AGORDINA, FINO AL 30 LUGLIO ESCLUSI FESTIVI E PREFESTIVI SENSO UNICO ALTERNATO TRA CANDATEN E PERON. DALLE 730 ALLE 9 E DALLE 1630 ALLE 18 CON MOVIERI, NEGLI ALTRI ORARI SEMAFORO<\/strong><\/em><\/p>\n<p><strong><span style=\"color: #ff0000;\">LE BELLE NOTIZIE<\/span><\/strong>: Oggi sul Corriere delle Alpi:\u00a0 A Selva di Cadore si combatte lo spopolamento, in paese aprono 5 nuove attivit\u00e0. Inaugurato il bar Baraonda gestito da giovani ragazze. L&#8217;ex sindaco Giuseppe Romanelli punta su una lavanderia e un negozio coworking.<\/p>\n<p><strong>LA CRITICA<\/strong> E&#8217; dei gestori dei rifugi che nel fine settimana di escursionisti non ne hanno visti tanti. Le colpe degli esperti della meteorologia con previsioni da &#8220;terrore&#8221; quando in realt\u00e0 sia sabato che ieri si sono alternate nuvole, sole e arcobaleni\u00a0 <em>&#8220;Mai come quest&#8217;anno serve la competenza&#8221;<\/em> dicono con ragione i rifugisti.<\/p>\n<p>&nbsp;<\/p>\n<p><strong>LA FOTO DEL GIORNO, ARCOBALENO SOPRA ALLEGHE DI ALAIN DOTTA<\/strong><\/p>\n<p><a class=\"dt-pswp-item\" href=\"https:\/\/www.radiopiu.net\/wordpress\/wp-content\/uploads\/2020\/06\/104053464_10222684421915840_6824512446381159978_o.jpg\" data-dt-img-description=\"\" data-large_image_width=\"720\" data-large_image_height=\"960\"><img loading=\"lazy\" decoding=\"async\" class=\"alignleft size-medium wp-image-144402\" src=\"https:\/\/www.radiopiu.net\/wordpress\/wp-content\/uploads\/2020\/06\/104053464_10222684421915840_6824512446381159978_o-225x300.jpg\" alt=\"\" width=\"225\" height=\"300\" srcset=\"https:\/\/www.radiopiu.net\/wordpress\/wp-content\/uploads\/2020\/06\/104053464_10222684421915840_6824512446381159978_o-225x300.jpg 225w, https:\/\/www.radiopiu.net\/wordpress\/wp-content\/uploads\/2020\/06\/104053464_10222684421915840_6824512446381159978_o.jpg 720w\" sizes=\"auto, (max-width: 225px) 100vw, 225px\" \/><\/a><\/p>\n<p>&nbsp;<\/p>\n<p>&nbsp;<\/p>\n<p>&nbsp;<\/p>\n<p>&nbsp;<\/p>\n<p>&nbsp;<\/p>\n<p>&nbsp;<\/p>\n<p>&nbsp;<\/p>\n<p>&nbsp;<\/p>\n<p>&nbsp;<\/p>\n<p>&nbsp;<\/p>\n<p>&nbsp;<\/p>\n<p>&nbsp;<\/p>\n<p>&nbsp;<\/p>\n<p>&nbsp;<\/p>\n<hr \/>\n<p>&nbsp;<\/p>\n<blockquote>\n<h3>INTERVENTO SULLE TRE CIME DI LAVAREDO<\/h3>\n<\/blockquote>\n<p><strong><a class=\"dt-pswp-item\" href=\"https:\/\/www.radiopiu.net\/wordpress\/wp-content\/uploads\/2019\/05\/ELI-SUEM-SOCC-3-1.jpg\" data-dt-img-description=\"\" data-large_image_width=\"1600\" data-large_image_height=\"900\"><img loading=\"lazy\" decoding=\"async\" class=\"size-medium wp-image-86194 alignleft\" src=\"https:\/\/www.radiopiu.net\/wordpress\/wp-content\/uploads\/2019\/05\/ELI-SUEM-SOCC-3-1-300x169.jpg\" alt=\"\" width=\"300\" height=\"169\" srcset=\"https:\/\/www.radiopiu.net\/wordpress\/wp-content\/uploads\/2019\/05\/ELI-SUEM-SOCC-3-1-300x169.jpg 300w, https:\/\/www.radiopiu.net\/wordpress\/wp-content\/uploads\/2019\/05\/ELI-SUEM-SOCC-3-1-768x432.jpg 768w, https:\/\/www.radiopiu.net\/wordpress\/wp-content\/uploads\/2019\/05\/ELI-SUEM-SOCC-3-1-1024x576.jpg 1024w, https:\/\/www.radiopiu.net\/wordpress\/wp-content\/uploads\/2019\/05\/ELI-SUEM-SOCC-3-1.jpg 1600w\" sizes=\"auto, (max-width: 300px) 100vw, 300px\" \/><\/a>AURONZO DI CADORE\u00a0<\/strong>Si \u00e8 concluso ieri mattina passate le due l&#8217;intervento del Soccorso alpino di Auronzo in supporto a tre cordate in difficolt\u00e0 nella scalata dello Spigolo Dibona sulla Grande delle Tre Cime di Lavaredo. Sabato alle 19 circa la Centrale del 118 era stata contattata da due cordate di amici che chiedevano informazioni. I 4 alpinisti avevano terminato la via sbagliando uscita e si erano ritrovati, anzich\u00e9 sull&#8217;ampia Cengia Grande a 2.800 metri di quota, su un terrazzamento sottostante, dove alcune chiodature possono trarre in inganno. Era stato quindi loro detto di salire pi\u00f9 sopra per ritrovare il percorso corretto. Una terza cordata di due rocciatori, che si era invece attardata nella progressione ed era ancora a un paio di tiri dalla Cengia Grande, ha successivamente chiesto il supporto di una squadra, vista la presenza di nebbia e le previsioni di maltempo per le ore successive. L&#8217;elicottero del Suem di Pieve di Cadore ha quindi imbarcato due soccorritori e li ha calati con un verricello di 15 metri sulla vetta della Grande. Da l\u00ec i tecnici hanno raggiunto i primi quattro scalatori, L.B., 32 anni, di Seveso (MB), A.M., 32 anni di Riva del Garda (TN), F.L., 48 anni, di Lainate (MI), e J.K., 32 anni, austriaco &#8211; risaliti sulla Cengia Grande e fermatisi l\u00ec come loro consigliato &#8211; attrezzando con corde un tratto innevato e scavando degli scalini per agevolare il passaggio a ritroso. Uno dei soccorritori \u00e8 quindi andato incontro alla terza cordata, allestendo una sosta sulla verticale e aiutando il primo rocciatore uscito in cengia a recuperare il compagno, e con i due, F.P., 64 anni, di Lainate (MI) e G.F., 36 anni, di Darfo (BS), si \u00e8 poi ricongiunto al resto del gruppo. I soccorritori e i sei alpinisti si sono spostati sulla normale e hanno iniziato la discesa dalla Grande arrivando alla Chiesetta alla base della parete alle 2. Alle 20.30 era inoltre scattato l&#8217;allarme per una turista di origini cinesi di 51 anni, che si era separata dal marito durante il giro delle Tre Cime e non era pi\u00f9 rientrata. La donna \u00e8 stata ritrovata da una squadra del Soccorso alpino di Auronzo portatasi in fuoristrada nella Zona di Forcella Lavaredo e poi scesa a piedi per controllare nella nebbia, ed \u00e8 stata riaccompagnata al Rifugio Auronzo.<\/p>\n<p>&nbsp;<\/p>\n<blockquote>\n<h3>IN CERCA DI UN CANE IN PIAN DEI BUOI<\/h3>\n<\/blockquote>\n<p><strong><a class=\"dt-pswp-item\" href=\"https:\/\/www.radiopiu.net\/wordpress\/wp-content\/uploads\/2020\/06\/IMG-20200614-WA0024.jpg\" data-dt-img-description=\"\" data-large_image_width=\"1158\" data-large_image_height=\"1600\"><img loading=\"lazy\" decoding=\"async\" class=\" wp-image-144345 alignleft\" src=\"https:\/\/www.radiopiu.net\/wordpress\/wp-content\/uploads\/2020\/06\/IMG-20200614-WA0024-217x300.jpg\" alt=\"\" width=\"131\" height=\"182\" srcset=\"https:\/\/www.radiopiu.net\/wordpress\/wp-content\/uploads\/2020\/06\/IMG-20200614-WA0024-217x300.jpg 217w, https:\/\/www.radiopiu.net\/wordpress\/wp-content\/uploads\/2020\/06\/IMG-20200614-WA0024-741x1024.jpg 741w, https:\/\/www.radiopiu.net\/wordpress\/wp-content\/uploads\/2020\/06\/IMG-20200614-WA0024-768x1061.jpg 768w, https:\/\/www.radiopiu.net\/wordpress\/wp-content\/uploads\/2020\/06\/IMG-20200614-WA0024-1112x1536.jpg 1112w, https:\/\/www.radiopiu.net\/wordpress\/wp-content\/uploads\/2020\/06\/IMG-20200614-WA0024.jpg 1158w\" sizes=\"auto, (max-width: 131px) 100vw, 131px\" \/><\/a>LOZZO DI CADORE\u00a0<\/strong>Attorno alle 13 una squadra del Soccorso alpino del Centro Cadore ha perlustrato una zona impervia e difficile da percorrere sotto Pian dei Buoi, su richiesta dei proprietari di Seky, un Golden retriever di 11 anni scappato un paio di giorni fa probabilmente seguendo una traccia di selvatici. Oggi infatti \u00e8 arrivata la segnalazione di una persona che aveva sentito abbaiare in localit\u00e0 Soracrepe, in un&#8217;area scoscesa, con salti di roccia e piante abbattute da Vaia. I soccorritori hanno percorso la zona fino alla base del sentiero, senza purtroppo vedere o sentire nulla. Hanno anche chiesto informazioni nelle baite presenti, ma non lo hanno trovato. Qui l&#8217;appello dei suoi proprietari e i riferimenti per contattarli in caso qualcuno lo vedesse.<\/p>\n<p>&nbsp;<\/p>\n<p>&nbsp;<\/p>\n<p>&nbsp;<\/p>\n<hr \/>\n<p>&nbsp;<\/p>\n<p>&nbsp;<\/p>\n<blockquote>\n<h3>DAL CASSETTO DEI SOGNI L&#8217;ULTIMO TRATTO DELLA TANGENZIALE DI AGORDO DA 43 MILIONI. SABATO IN TARDA MATTINATA IN LOCALITA&#8217; LA PISSA ANCORA SASSI SULLA STRADA, GOMME FORATE PER L&#8217;AUTO IN TRANSITO.<\/h3>\n<\/blockquote>\n<p><strong><a class=\"dt-pswp-item\" href=\"https:\/\/www.radiopiu.net\/wordpress\/wp-content\/uploads\/2020\/06\/753a9c9b-d8e2-409b-bd5d-986499d4ed39.jpg\" data-dt-img-description=\"\" data-large_image_width=\"2048\" data-large_image_height=\"1536\"><img loading=\"lazy\" decoding=\"async\" class=\"alignleft wp-image-144295\" src=\"https:\/\/www.radiopiu.net\/wordpress\/wp-content\/uploads\/2020\/06\/753a9c9b-d8e2-409b-bd5d-986499d4ed39-300x225.jpg\" alt=\"\" width=\"217\" height=\"163\" srcset=\"https:\/\/www.radiopiu.net\/wordpress\/wp-content\/uploads\/2020\/06\/753a9c9b-d8e2-409b-bd5d-986499d4ed39-300x225.jpg 300w, https:\/\/www.radiopiu.net\/wordpress\/wp-content\/uploads\/2020\/06\/753a9c9b-d8e2-409b-bd5d-986499d4ed39-1024x768.jpg 1024w, https:\/\/www.radiopiu.net\/wordpress\/wp-content\/uploads\/2020\/06\/753a9c9b-d8e2-409b-bd5d-986499d4ed39-768x576.jpg 768w, https:\/\/www.radiopiu.net\/wordpress\/wp-content\/uploads\/2020\/06\/753a9c9b-d8e2-409b-bd5d-986499d4ed39-1536x1152.jpg 1536w, https:\/\/www.radiopiu.net\/wordpress\/wp-content\/uploads\/2020\/06\/753a9c9b-d8e2-409b-bd5d-986499d4ed39.jpg 2048w\" sizes=\"auto, (max-width: 217px) 100vw, 217px\" \/><\/a>AGORDO<\/strong> Forse le imminenti elezioni regionali, oppure l&#8217;adrenalina da grandi eventi (mondiali di sci e Olimpiadi), fatto sta che ultimamente i cassetti si riempiono di sogni. Il treno delle Dolomiti ad esempio, oppure la monorotaia che colleghi Belluno, Agordo Luxottica, Cortina,\u00a0 in una vallata incapace anche di terminare una ciclabile per le due ruote o che deve impegnarsi a fondo per mettere in sicurezza <strong>una strada regionale come la 203 agordina dove dopo Vaia piovono sassi, quasi ogni giorno, anche sabato alle 9&#8217;50 in localit\u00e0 La Pissa dove ne ha fatto le spese un automobilista, nessun sasso sulle lamiere, ma i pneumatici forati per la presenza di sassi acuminati <a class=\"dt-pswp-item\" href=\"https:\/\/www.radiopiu.net\/wordpress\/wp-content\/uploads\/2020\/06\/9e6078d6-5966-4aa8-bbb8-7804c5525810.jpg\" data-dt-img-description=\"\" data-large_image_width=\"2048\" data-large_image_height=\"1536\"><img loading=\"lazy\" decoding=\"async\" class=\" wp-image-144293 alignright\" src=\"https:\/\/www.radiopiu.net\/wordpress\/wp-content\/uploads\/2020\/06\/9e6078d6-5966-4aa8-bbb8-7804c5525810-300x225.jpg\" alt=\"\" width=\"267\" height=\"200\" srcset=\"https:\/\/www.radiopiu.net\/wordpress\/wp-content\/uploads\/2020\/06\/9e6078d6-5966-4aa8-bbb8-7804c5525810-300x225.jpg 300w, https:\/\/www.radiopiu.net\/wordpress\/wp-content\/uploads\/2020\/06\/9e6078d6-5966-4aa8-bbb8-7804c5525810-1024x768.jpg 1024w, https:\/\/www.radiopiu.net\/wordpress\/wp-content\/uploads\/2020\/06\/9e6078d6-5966-4aa8-bbb8-7804c5525810-768x576.jpg 768w, https:\/\/www.radiopiu.net\/wordpress\/wp-content\/uploads\/2020\/06\/9e6078d6-5966-4aa8-bbb8-7804c5525810-1536x1152.jpg 1536w, https:\/\/www.radiopiu.net\/wordpress\/wp-content\/uploads\/2020\/06\/9e6078d6-5966-4aa8-bbb8-7804c5525810.jpg 2048w\" sizes=\"auto, (max-width: 267px) 100vw, 267px\" \/><\/a>sull&#8217;asfalto<\/strong>. Torniamo ai sogni, quelli che mettono sul piatto centinaia di milioni perch\u00e9 le Olimpiadi suscitano aspettative. Il Governo stanzia 325 milioni, la Regione ne vorrebbe 600. In questa lista dei sogni\u00a0 l&#8217;assessore regionale Elisa De Berti ritiene anche che sia urgente recuperare i 43 milioni che servono per completare la variante di Agordo. Ci sono voluti 60 anni per vedere l&#8217;attuale tangenziale che ha tolto il traffico dal centro, chiss\u00e0 quanti ancora ne passeranno\u00a0 per accarezzare il progetto della De Berti. La tangenziale \u00e8 in effetti un&#8217;opera monca, nei progetti di tanto tempo fa doveva iniziare in localit\u00e0 Le Campe (foto2) saltando il Ponte della Missiaga (foto1), ma come si sa la tangenziale si ferma alla rotatoria di\u00a0 Ponte Alto ed \u00e8 gi\u00e0 un grande successo. Ne abbiamo parlato con il sindaco di Agordo, Roberto Chissal\u00e8.<\/p>\n<audio class=\"wp-audio-shortcode\" id=\"audio-144202-1\" preload=\"none\" style=\"width: 100%;\" controls=\"controls\"><source type=\"audio\/mpeg\" src=\"https:\/\/www.radiopiu.net\/wordpress\/wp-content\/uploads\/2020\/06\/chissale.mp3?_=1\" \/><a href=\"https:\/\/www.radiopiu.net\/wordpress\/wp-content\/uploads\/2020\/06\/chissale.mp3\">https:\/\/www.radiopiu.net\/wordpress\/wp-content\/uploads\/2020\/06\/chissale.mp3<\/a><\/audio>\n<p>&nbsp;<\/p>\n<p>&nbsp;<\/p>\n<hr \/>\n<p>&nbsp;<\/p>\n<p>&nbsp;<\/p>\n<blockquote>\n<h3>ALTRI 80 MILA EURO LA DELICATA STRADA DI SAVINER DI CALLONEGHE, LA CRITICA NON E&#8217; GIUSTIFICATA<\/h3>\n<\/blockquote>\n<p><strong><a class=\"dt-pswp-item\" href=\"https:\/\/www.radiopiu.net\/wordpress\/wp-content\/uploads\/2020\/06\/cc6e9ef6-f36c-4269-902c-699881bcde37.jpg\" data-dt-img-description=\"\" data-large_image_width=\"1440\" data-large_image_height=\"720\"><img loading=\"lazy\" decoding=\"async\" class=\"alignleft wp-image-144289\" src=\"https:\/\/www.radiopiu.net\/wordpress\/wp-content\/uploads\/2020\/06\/cc6e9ef6-f36c-4269-902c-699881bcde37-300x150.jpg\" alt=\"\" width=\"252\" height=\"126\" srcset=\"https:\/\/www.radiopiu.net\/wordpress\/wp-content\/uploads\/2020\/06\/cc6e9ef6-f36c-4269-902c-699881bcde37-300x150.jpg 300w, https:\/\/www.radiopiu.net\/wordpress\/wp-content\/uploads\/2020\/06\/cc6e9ef6-f36c-4269-902c-699881bcde37-1024x512.jpg 1024w, https:\/\/www.radiopiu.net\/wordpress\/wp-content\/uploads\/2020\/06\/cc6e9ef6-f36c-4269-902c-699881bcde37-768x384.jpg 768w, https:\/\/www.radiopiu.net\/wordpress\/wp-content\/uploads\/2020\/06\/cc6e9ef6-f36c-4269-902c-699881bcde37.jpg 1440w\" sizes=\"auto, (max-width: 252px) 100vw, 252px\" \/><\/a>ROCCA PIETORE<\/strong> Il sindaco Andrea De Bernardin \u00e8 avvilito ma non sconfitto. Deluso per la provocazione e l&#8217;immeritata critica,\u00a0 perch\u00e9 criticare quando i lavori non vengono realizzati \u00e8 legittimo, non altrettanto se\u00a0 in corso di realizzazione, anche per rispetto degli\u00a0 uomini impegnati sul campo. No, la critica\u00a0 non trova spiegazione,\u00a0 non \u00e8 giustificata. Il riferimento alla strada per Saviner di Calloneghe dove sono gi\u00e0 stati investiti 350 mila euro ma non viene riconosciuto lo sforzo dell&#8217;amministrazione. La parolaccia sulla foto \u00e8 segno evidente che il cittadino &#8211; ammesso sia di Rocca Pietore &#8211; non ha ascoltato il recente consiglio comunale altrimenti sarebbe a conoscenza degli\u00a0 ulteriori\u00a0 80 mila euro stanziati per continuare ultimare i lavori.<\/p>\n<p><strong>IL SINDACO ANDREA DE BERNARDIN<\/strong><\/p>\n<audio class=\"wp-audio-shortcode\" id=\"audio-144202-2\" preload=\"none\" style=\"width: 100%;\" controls=\"controls\"><source type=\"audio\/mpeg\" src=\"https:\/\/www.radiopiu.net\/wordpress\/wp-content\/uploads\/2020\/06\/andrea.mp3?_=2\" \/><a href=\"https:\/\/www.radiopiu.net\/wordpress\/wp-content\/uploads\/2020\/06\/andrea.mp3\">https:\/\/www.radiopiu.net\/wordpress\/wp-content\/uploads\/2020\/06\/andrea.mp3<\/a><\/audio>\n<p>&nbsp;<\/p>\n<p>&nbsp;<\/p>\n<hr \/>\n<p>&nbsp;<\/p>\n<p>&nbsp;<\/p>\n<blockquote>\n<h3>CENTRALINA IDROELETTRICA SULLA LIERA ALTA: ACCOLTO IL RICORSO<\/h3>\n<\/blockquote>\n<p><strong><span style=\"color: #ff0000;\">DAL CORRIERE DELLE ALPI, LIERA A CANALE D&#8217;AGORDO\u00a0 E SALZANA A VOLTAGO: PROGETTI BOCCIATI. DOPPIA VITTORIA DELL&#8217;INTERESSE PUBBLICO SULLA SPECULAZIONE PRIVATA<\/span><\/strong><\/p>\n<audio class=\"wp-audio-shortcode\" id=\"audio-144202-3\" preload=\"none\" style=\"width: 100%;\" controls=\"controls\"><source type=\"audio\/mpeg\" src=\"https:\/\/www.radiopiu.net\/wordpress\/wp-content\/uploads\/2020\/06\/GIANNI-LIERA-ALTA-CANALE.mp3?_=3\" \/><a href=\"https:\/\/www.radiopiu.net\/wordpress\/wp-content\/uploads\/2020\/06\/GIANNI-LIERA-ALTA-CANALE.mp3\">https:\/\/www.radiopiu.net\/wordpress\/wp-content\/uploads\/2020\/06\/GIANNI-LIERA-ALTA-CANALE.mp3<\/a><\/audio>\n<p>&nbsp;<\/p>\n<p><strong><a class=\"dt-pswp-item\" href=\"https:\/\/www.radiopiu.net\/wordpress\/wp-content\/uploads\/2020\/06\/CANALE-DAGORDO-8.jpg\" data-dt-img-description=\"\" data-large_image_width=\"960\" data-large_image_height=\"720\"><img loading=\"lazy\" decoding=\"async\" class=\"size-medium wp-image-142137 alignleft\" src=\"https:\/\/www.radiopiu.net\/wordpress\/wp-content\/uploads\/2020\/06\/CANALE-DAGORDO-8-300x225.jpg\" alt=\"\" width=\"300\" height=\"225\" srcset=\"https:\/\/www.radiopiu.net\/wordpress\/wp-content\/uploads\/2020\/06\/CANALE-DAGORDO-8-300x225.jpg 300w, https:\/\/www.radiopiu.net\/wordpress\/wp-content\/uploads\/2020\/06\/CANALE-DAGORDO-8-768x576.jpg 768w, https:\/\/www.radiopiu.net\/wordpress\/wp-content\/uploads\/2020\/06\/CANALE-DAGORDO-8.jpg 960w\" sizes=\"auto, (max-width: 300px) 100vw, 300px\" \/><\/a>CANALE D&#8217;AGORDO<\/strong> A nome del comitato &#8220;Cittadini Per Il Territorio&#8221;, Giulia Fiocco con una lettera aperta comunica che \u00e8 stato accolto il ricorso per la centralina idroelettrica sulla Liera Alta a Canale.<\/p>\n<blockquote><p>&nbsp;<\/p>\n<p><em>La notizia \u00e8 certa, abbiamo potuto infatti leggere la sentenza che ci \u00e8 stata inviata dall\u2019 avvocato Matteo Ceruti, del Foro di Rovigo, che ha seguito la causa. Il Tribunale Superiore delle Acque Pubbliche (Roma) ha accolto il ricorso presentato dai cittadini di Canale d\u2019 Agordo: ha annullato pertanto la concessione dell\u2019 acqua per la realizzazione di un nuovo impianto idroelettrico sul torrente Liera che la Provincia di Belluno aveva rilasciato alla Societ\u00e0 Dolomiti Derivazioni S.r.l. nell\u2019 ottobre del 2016. In estrema sintesi, il Tribunale ha accolto il principio in base al quale le valutazioni di carattere ambientale devono precedere e non seguire il rilascio della concessione. L\u2019 idea del ricorso al TSAP, maturata tra fine 2016 e inizi 2017, si \u00e8 concretizzata grazie alla collaborazione convinta di molte persone, singoli ed associazioni, che hanno supportato in vari modi, anche finanziariamente, l\u2019 iniziativa del comitato \u201cCittadini per il territorio\u201d di Canale d\u2019 Agordo. Questo risultato, che abbiamo accolto con gioia e soddisfazione, \u00e8 un\u2019 ulteriore conferma di una nostra convinzione profonda: per qualcosa che vale bisogna impegnarsi sempre, con convinzione e coraggio, senza ripensamenti e senza mai rinunciare alla speranza di poter al fine raggiungere l\u2019 obiettivo che ci si \u00e8 posti. Qualcosa di buono ne verr\u00e0 fuori, sicuramente. A tutte le persone che hanno creduto in questa iniziativa, che l\u2019 hanno appoggiata in qualunque forma, va il nostro sincero grazie. Ai singoli cittadini, ai pescatori di Canale e pi\u00f9 in generale del Bacino di pesca n. 5, a Mountain Wilderness e al Comitato bellunese Acqua Bene Comune le cui firme erano indispensabili per il ricorrere, alla signora Lucia Ruffato che si batte da anni in difesa dei torrenti, alla direzione del campeggio Lastei e ad altri. Speriamo davvero di non aver dimenticato nessuno\u2026. A questo punto (tanto per smorzare un po\u2019 la nostra gioia) \u00e8 doveroso dire, come previsto dalla legge,che \u201cI soccombenti hanno 45 giorni dall&#8217;avviso del 9 giugno scorso per proporre eventuale impugnazione alle Sezioni Unite della Corte di Cassazione\u201d. Noi tuttavia speriamo vivamente che la cosa finisca qui. Vedremo\u2026<\/em><\/p><\/blockquote>\n<p>&nbsp;<\/p>\n<p>&nbsp;<\/p>\n<p>&nbsp;<\/p>\n<p>&nbsp;<\/p>\n<hr \/>\n<h3><\/h3>\n<p>&nbsp;<\/p>\n<blockquote>\n<h3>LA SPIAGGETTA SUL LAGO, MANCANO LE AUTORIZZAZIONI<\/h3>\n<\/blockquote>\n<p><strong><a class=\"dt-pswp-item\" href=\"https:\/\/www.radiopiu.net\/wordpress\/wp-content\/uploads\/2020\/06\/b772a033-23ea-43a2-9e64-3421162e9207.jpg\" data-dt-img-description=\"\" data-large_image_width=\"960\" data-large_image_height=\"720\"><img loading=\"lazy\" decoding=\"async\" class=\"wp-image-144004 alignleft\" src=\"https:\/\/www.radiopiu.net\/wordpress\/wp-content\/uploads\/2020\/06\/b772a033-23ea-43a2-9e64-3421162e9207-300x225.jpg\" alt=\"\" width=\"192\" height=\"144\" srcset=\"https:\/\/www.radiopiu.net\/wordpress\/wp-content\/uploads\/2020\/06\/b772a033-23ea-43a2-9e64-3421162e9207-300x225.jpg 300w, https:\/\/www.radiopiu.net\/wordpress\/wp-content\/uploads\/2020\/06\/b772a033-23ea-43a2-9e64-3421162e9207-768x576.jpg 768w, https:\/\/www.radiopiu.net\/wordpress\/wp-content\/uploads\/2020\/06\/b772a033-23ea-43a2-9e64-3421162e9207.jpg 960w\" sizes=\"auto, (max-width: 192px) 100vw, 192px\" \/><\/a>ALLEGHE<\/strong> Il sindaco di Alleghe Danilo De Toni torna sull&#8217;argomento &#8220;spiaggetta&#8221; in riva al lago precisando quali sono le motivazioni che hanno portato alla sua chiusura poich\u00e9 area alluvionale. Nel progetto di risistemazione verranno predisposte due aree in zone sicure ad Alleghe e sul lato del Comune di Rocca Pietore.<\/p>\n<p><strong>AI NOSTRI MICROFONI IL SINDACO DI ALLEGHE DANILO DE TONI<\/strong><\/p>\n<audio class=\"wp-audio-shortcode\" id=\"audio-144202-4\" preload=\"none\" style=\"width: 100%;\" controls=\"controls\"><source type=\"audio\/mpeg\" src=\"https:\/\/www.radiopiu.net\/wordpress\/wp-content\/uploads\/2020\/06\/SPIAGGETTA-DANILO.mp3?_=4\" \/><a href=\"https:\/\/www.radiopiu.net\/wordpress\/wp-content\/uploads\/2020\/06\/SPIAGGETTA-DANILO.mp3\">https:\/\/www.radiopiu.net\/wordpress\/wp-content\/uploads\/2020\/06\/SPIAGGETTA-DANILO.mp3<\/a><\/audio>\n<p>&nbsp;<\/p>\n<div style=\"width: 640px;\" class=\"wp-video\"><video class=\"wp-video-shortcode\" id=\"video-144202-1\" width=\"640\" height=\"352\" preload=\"metadata\" controls=\"controls\"><source type=\"video\/mp4\" src=\"https:\/\/www.radiopiu.net\/wordpress\/wp-content\/uploads\/2020\/06\/WhatsApp-Video-2020-06-12-at-16.03.13.mp4?_=1\" \/><a href=\"https:\/\/www.radiopiu.net\/wordpress\/wp-content\/uploads\/2020\/06\/WhatsApp-Video-2020-06-12-at-16.03.13.mp4\">https:\/\/www.radiopiu.net\/wordpress\/wp-content\/uploads\/2020\/06\/WhatsApp-Video-2020-06-12-at-16.03.13.mp4<\/a><\/video><\/div>\n<p>&nbsp;<\/p>\n<hr \/>\n<p>&nbsp;<\/p>\n<div class=\"page-title-head hgroup\">\n<blockquote>\n<h3 class=\"entry-title\">DALL\u2019INUTILE TOTEM ALL\u2019UTILE RICARICA E BIKE<\/h3>\n<\/blockquote>\n<\/div>\n<div class=\"page-title-breadcrumbs\">\n<p><strong>AGORDO\u00a0<\/strong> Finalmente quell&#8217;inutile monumento allo spreco \u00e8 stato tolto da Piazza Libert\u00e0. Era stato presentato con la gran cassa dalla Provincia e dalle precedenti amministrazioni comunali che si sono succedute negli ultimi 10 anni,\u00a0 doveva essere l&#8217;iniziativa turistica importante collegata al famoso milione del Cnr&#8230; il famoso milione del signor Bonaventura, una barzelletta. Doveva presentare manifestazioni, eventi, locali della zona, a vantaggio dei turisti. Ha funzionato forse qualche settimana, poi non \u00e8 stato pi\u00f9 aggiornato e quindi si \u00e8 spento per sempre. Una valanga di soldi gettati alle ortiche tra le domande della gente che si chiedeva perch\u00e8 occupasse uno spazio pubblico senza motivo e le &#8220;non risposte&#8221; dell&#8217;allora amministrazione comunale. Oggi l&#8217;assessore al turismo Chiara Fontanive presenta con orgoglio una nuova iniziativa, questa si serve: una colonnina per la ricarica delle e-bike.<\/p>\n<p>&nbsp;<\/p>\n<blockquote>\n<p align=\"JUSTIFY\"><em><span style=\"font-family: Cambria, serif;\">Ha trovato concretezza mercoled\u00ec 10 giugno, l\u2019installazione della nuova postazione di ricarica e-bike in piazza Libert\u00e0, promossa dal Comune di Agordo. Un tassello di un progetto a larga scala che prevede 25 stazioni che verranno collocate da Sedico-Bribano, sviluppando un circuito lungo la vallata Agordina affiancando quelle che sono le piste ciclabili in costruzione.\u00a0<\/span><span style=\"font-family: Cambria, serif;\">Il progetto nasce dalla collaborazione tra Cassa Rurale Dolomiti di Fassa, Primiero e Belluno e Repower con lo scopo di promuovere il cicloturismo sostenibile e incentivare l\u2019uso delle e-bike, innovando l\u2019offerta turistica e potenziandone i benefici per l\u2019economia locale. <\/span><span style=\"font-family: Cambria, serif;\">Ecco dunque l\u2019idea di sostituire il totem informativo della piazza, purtroppo da anni guasto e inservibile, con uno dei 25 energy point, riutilizzando la base precedentemente realizzata con i relativi collegamenti elettrici, ottimizzando totalmente le risorse. Nasce cos\u00ec un punto di sosta funzionale, facilmente identificabile e che permette al cicloturista di accedere ai servizi offerti dal paese, lasciando comodamente la bicicletta in ricarica. <\/span><span style=\"font-family: Cambria, serif;\">La struttura \u00e8 caratterizzata da due pannelli bifacciali, che accolgono da una parte la stazione \u201cBitta\u201d , disegnata da Italo Rota e Alessandro Pedretti in esclusiva per Repower, progettata per essere facile da utilizzare, resistente e completamente impermeabile. La parte anteriore ospita invece le indicazioni e le fotografie concesse da Dolomiti Sport Republik e Agordino Bike Guides.\u00a0<\/span><\/em><\/p>\n<\/blockquote>\n<p><strong>L&#8217;ASSESSORE DEL COMUNE DI AGORDO CHIARA FONTANIVE<\/strong><\/p>\n<audio class=\"wp-audio-shortcode\" id=\"audio-144202-5\" preload=\"none\" style=\"width: 100%;\" controls=\"controls\"><source type=\"audio\/mpeg\" src=\"https:\/\/www.radiopiu.net\/wordpress\/wp-content\/uploads\/2020\/06\/CHIARA-FONTANIVE-EBIKE.mp3?_=5\" \/><a href=\"https:\/\/www.radiopiu.net\/wordpress\/wp-content\/uploads\/2020\/06\/CHIARA-FONTANIVE-EBIKE.mp3\">https:\/\/www.radiopiu.net\/wordpress\/wp-content\/uploads\/2020\/06\/CHIARA-FONTANIVE-EBIKE.mp3<\/a><\/audio>\n<p>&nbsp;<\/p>\n<p><a class=\"dt-pswp-item\" href=\"https:\/\/www.radiopiu.net\/wordpress\/wp-content\/uploads\/2020\/06\/37621125-117d-4c7a-ab7e-c98e3ddf9caf.jpg\" data-dt-img-description=\"\" data-large_image_width=\"1536\" data-large_image_height=\"2048\"><img loading=\"lazy\" decoding=\"async\" class=\"alignnone size-medium wp-image-144082\" src=\"https:\/\/www.radiopiu.net\/wordpress\/wp-content\/uploads\/2020\/06\/37621125-117d-4c7a-ab7e-c98e3ddf9caf-225x300.jpg\" alt=\"\" width=\"225\" height=\"300\" srcset=\"https:\/\/www.radiopiu.net\/wordpress\/wp-content\/uploads\/2020\/06\/37621125-117d-4c7a-ab7e-c98e3ddf9caf-225x300.jpg 225w, https:\/\/www.radiopiu.net\/wordpress\/wp-content\/uploads\/2020\/06\/37621125-117d-4c7a-ab7e-c98e3ddf9caf-768x1024.jpg 768w, https:\/\/www.radiopiu.net\/wordpress\/wp-content\/uploads\/2020\/06\/37621125-117d-4c7a-ab7e-c98e3ddf9caf-1152x1536.jpg 1152w, https:\/\/www.radiopiu.net\/wordpress\/wp-content\/uploads\/2020\/06\/37621125-117d-4c7a-ab7e-c98e3ddf9caf.jpg 1536w\" sizes=\"auto, (max-width: 225px) 100vw, 225px\" \/><\/a><a class=\"dt-pswp-item\" href=\"https:\/\/www.radiopiu.net\/wordpress\/wp-content\/uploads\/2020\/06\/6c2b4e48-45ee-458b-8ac7-2f4b7bfb560d.jpg\" data-dt-img-description=\"\" data-large_image_width=\"1536\" data-large_image_height=\"2048\"><img loading=\"lazy\" decoding=\"async\" class=\"alignnone size-medium wp-image-144083\" src=\"https:\/\/www.radiopiu.net\/wordpress\/wp-content\/uploads\/2020\/06\/6c2b4e48-45ee-458b-8ac7-2f4b7bfb560d-225x300.jpg\" alt=\"\" width=\"225\" height=\"300\" srcset=\"https:\/\/www.radiopiu.net\/wordpress\/wp-content\/uploads\/2020\/06\/6c2b4e48-45ee-458b-8ac7-2f4b7bfb560d-225x300.jpg 225w, https:\/\/www.radiopiu.net\/wordpress\/wp-content\/uploads\/2020\/06\/6c2b4e48-45ee-458b-8ac7-2f4b7bfb560d-768x1024.jpg 768w, https:\/\/www.radiopiu.net\/wordpress\/wp-content\/uploads\/2020\/06\/6c2b4e48-45ee-458b-8ac7-2f4b7bfb560d-1152x1536.jpg 1152w, https:\/\/www.radiopiu.net\/wordpress\/wp-content\/uploads\/2020\/06\/6c2b4e48-45ee-458b-8ac7-2f4b7bfb560d.jpg 1536w\" sizes=\"auto, (max-width: 225px) 100vw, 225px\" \/><\/a><\/p>\n<\/div>\n<p>&nbsp;<\/p>\n<p>&nbsp;<\/p>\n<hr \/>\n<div class=\"page-title-head hgroup\">\n<blockquote>\n<h3><\/h3>\n<h3 class=\"entry-title\">PONT: STORIA, NATURA, HOBBY E PANORAMI MOZZAFIATO<\/h3>\n<\/blockquote>\n<p class=\"photoswipe-wrapper\"><strong class=\"photoswipe-wrapper\"><a class=\"dt-pswp-item pspw-wrap-ready\" href=\"https:\/\/i2.wp.com\/www.radiopiu.net\/wordpress\/wp-content\/uploads\/2020\/06\/a5989f90-22ce-4e22-955f-3d83a35a7348.jpg?ssl=1\" data-dt-img-description=\"\" data-large_image_width=\"2048\" data-large_image_height=\"2048\"><img loading=\"lazy\" decoding=\"async\" class=\"alignleft wp-image-142919\" src=\"https:\/\/i2.wp.com\/www.radiopiu.net\/wordpress\/wp-content\/uploads\/2020\/06\/a5989f90-22ce-4e22-955f-3d83a35a7348.jpg?resize=215%2C215&amp;ssl=1\" sizes=\"auto, (max-width: 215px) 100vw, 215px\" srcset=\"https:\/\/i2.wp.com\/www.radiopiu.net\/wordpress\/wp-content\/uploads\/2020\/06\/a5989f90-22ce-4e22-955f-3d83a35a7348.jpg?resize=300%2C300&amp;ssl=1 300w, https:\/\/i2.wp.com\/www.radiopiu.net\/wordpress\/wp-content\/uploads\/2020\/06\/a5989f90-22ce-4e22-955f-3d83a35a7348.jpg?resize=1024%2C1024&amp;ssl=1 1024w, https:\/\/i2.wp.com\/www.radiopiu.net\/wordpress\/wp-content\/uploads\/2020\/06\/a5989f90-22ce-4e22-955f-3d83a35a7348.jpg?resize=150%2C150&amp;ssl=1 150w, https:\/\/i2.wp.com\/www.radiopiu.net\/wordpress\/wp-content\/uploads\/2020\/06\/a5989f90-22ce-4e22-955f-3d83a35a7348.jpg?resize=768%2C768&amp;ssl=1 768w, https:\/\/i2.wp.com\/www.radiopiu.net\/wordpress\/wp-content\/uploads\/2020\/06\/a5989f90-22ce-4e22-955f-3d83a35a7348.jpg?resize=1536%2C1536&amp;ssl=1 1536w, https:\/\/i2.wp.com\/www.radiopiu.net\/wordpress\/wp-content\/uploads\/2020\/06\/a5989f90-22ce-4e22-955f-3d83a35a7348.jpg?w=2048&amp;ssl=1 2048w\" alt=\"\" width=\"215\" height=\"215\" data-recalc-dims=\"1\" \/><\/a>TAIBON<\/strong> In bicicletta ad esempio, meglio se con una mountain bike,\u00a0 per i meno sportivi l\u2019e-bike. Un tuffo nella natura tra boschi, laghetti e tanto verde circondati da Re Agner e dalle sue ancelle, le Pale di San Lucano. Dal parcheggio di Taibon, in riva al Tegnas, ci si butta subito nel bosco e lungo una mulattiera in un attimo si raggiunge la fine del paese, Forno Val, sbucando proprio davanti la centrale idroelettrica. Qui la prima sorpresa, la ciclabile che porta fino all\u2019ex baita Peschiere \u00e8 di nuovo funzionale. Il tratto asportato dal torrente Tegnas nei giorni di Vaia \u00e8 stato ricostruito e livellato, il bosco ripulito dagli schianti fino al laghetto delle PeschIere. Lo avevamo gi\u00e0 detto ma vale la pensa ripeterlo, \u00e8 stato fatto un lavoro eccezionale\u00a0 manca solo un po\u2019 di verde, ma <a class=\"dt-pswp-item pspw-wrap-ready\" href=\"https:\/\/i2.wp.com\/www.radiopiu.net\/wordpress\/wp-content\/uploads\/2019\/08\/LAGO-PESCHIERE-AGOSTO-2019-07.jpg?ssl=1\" data-dt-img-description=\"\" data-large_image_width=\"1600\" data-large_image_height=\"1200\"><img loading=\"lazy\" decoding=\"async\" class=\" wp-image-96718 alignright\" src=\"https:\/\/i2.wp.com\/www.radiopiu.net\/wordpress\/wp-content\/uploads\/2019\/08\/LAGO-PESCHIERE-AGOSTO-2019-07.jpg?resize=283%2C212&amp;ssl=1\" sizes=\"auto, (max-width: 283px) 100vw, 283px\" srcset=\"https:\/\/i2.wp.com\/www.radiopiu.net\/wordpress\/wp-content\/uploads\/2019\/08\/LAGO-PESCHIERE-AGOSTO-2019-07.jpg?resize=300%2C225&amp;ssl=1 300w, https:\/\/i2.wp.com\/www.radiopiu.net\/wordpress\/wp-content\/uploads\/2019\/08\/LAGO-PESCHIERE-AGOSTO-2019-07.jpg?resize=768%2C576&amp;ssl=1 768w, https:\/\/i2.wp.com\/www.radiopiu.net\/wordpress\/wp-content\/uploads\/2019\/08\/LAGO-PESCHIERE-AGOSTO-2019-07.jpg?resize=1024%2C768&amp;ssl=1 1024w, https:\/\/i2.wp.com\/www.radiopiu.net\/wordpress\/wp-content\/uploads\/2019\/08\/LAGO-PESCHIERE-AGOSTO-2019-07.jpg?w=1600&amp;ssl=1 1600w\" alt=\"\" width=\"283\" height=\"212\" \/><\/a>\u00e8 questione di mesi. Il problema \u00e8 raggiungere la centralina di San Lucano,\u00a0 perch\u00e9 qui si la ciclabile \u00e8 ancora devastata dai giorni di Vaia. Per i pi\u00f9 esperti, ma neanche tanto, \u00e8 possibile salire leggermente in quota fino alla condotta Enel, e dopo un centinaio di metri (sulla condotta stessa facendo attenzione a non scivolare) si arriva a San Lucano. Qui purtroppo l\u2019ambiente \u00e8 irriconoscibile rispetto a due anni fa, ma i lavori per togliere gli schianti sono in corso quindi con il tempo non sar\u00e0 difficile rifarsi l\u2019occhio. Superato \u201cEl Caval\u201d ci sono due possibilit\u00e0, puntare verso il villaggio \u201cBen\u201d e tornare in strada, oppure tenere la sinistra per arrivare all\u2019inizio di Col di Pra. In questo periodo percorso sconsigliato perch\u00e9 la ditta austriaca che ha in appalto i lavori sta spostando grossi tronchi e la ciclabile \u00e8 ovviamente un percorso di guerra, ma una volta terminati i lavori e livellata sar\u00e0 uno dei punti di forza del percorso anche perch\u00e9 guardando verso le Pale si scopre l\u2019arco del Bersanel che non avr\u00e0 la forma del cuore ma \u00e8 altrettanto accattivante. Alle case disastrate dalla terribile frana di oltre 100 anni fa, dopo qualche decina di metri di asfalto \u00e8 possibile riprendere la strada in riva al torrente Tegnas per arrivare tranquillamente fino al Ponte sul Bordina. Prima di costeggiare il Tegnas vale la pena alzare gli occhi verso \u201cel Cor\u201d da qui \u00e8 visibile se non ci sono nuvole\u2026 Passato Col di Pra prima sorpresa, il ponte \u00e8 <a class=\"dt-pswp-item pspw-wrap-ready\" href=\"https:\/\/i1.wp.com\/www.radiopiu.net\/wordpress\/wp-content\/uploads\/2020\/06\/b3f3af58-81e1-46cd-8364-5929bd77ced5.jpg?ssl=1\" data-dt-img-description=\"\" data-large_image_width=\"1599\" data-large_image_height=\"1200\"><img loading=\"lazy\" decoding=\"async\" class=\"size-medium wp-image-144228 alignright\" src=\"https:\/\/i1.wp.com\/www.radiopiu.net\/wordpress\/wp-content\/uploads\/2020\/06\/b3f3af58-81e1-46cd-8364-5929bd77ced5.jpg?resize=300%2C225&amp;ssl=1\" sizes=\"auto, (max-width: 300px) 100vw, 300px\" srcset=\"https:\/\/i1.wp.com\/www.radiopiu.net\/wordpress\/wp-content\/uploads\/2020\/06\/b3f3af58-81e1-46cd-8364-5929bd77ced5.jpg?resize=300%2C225&amp;ssl=1 300w, https:\/\/i1.wp.com\/www.radiopiu.net\/wordpress\/wp-content\/uploads\/2020\/06\/b3f3af58-81e1-46cd-8364-5929bd77ced5.jpg?resize=1024%2C768&amp;ssl=1 1024w, https:\/\/i1.wp.com\/www.radiopiu.net\/wordpress\/wp-content\/uploads\/2020\/06\/b3f3af58-81e1-46cd-8364-5929bd77ced5.jpg?resize=768%2C576&amp;ssl=1 768w, https:\/\/i1.wp.com\/www.radiopiu.net\/wordpress\/wp-content\/uploads\/2020\/06\/b3f3af58-81e1-46cd-8364-5929bd77ced5.jpg?resize=1536%2C1153&amp;ssl=1 1536w, https:\/\/i1.wp.com\/www.radiopiu.net\/wordpress\/wp-content\/uploads\/2020\/06\/b3f3af58-81e1-46cd-8364-5929bd77ced5.jpg?w=1599&amp;ssl=1 1599w\" alt=\"\" width=\"300\" height=\"225\" data-recalc-dims=\"1\" \/><\/a>quasi terminato, dai giorni di Vaia ad oggi la famiglia Forcellini che non ha mai\u00a0 abbandonato l\u2019abitazione ai Cadene,\u00a0 ha potuto servirsi del ponte realizzato in emergenza. Inizia la salita verso Pont. Il primo tornante sopra I Cadene \u00e8 stato ben rettificato, poco sopra il primo cantiere di lavoro, un versante in frana rimesso in sicurezza. Pedalare o camminare lungo la strada \u00e8 uno spettacolo Vaia ha colpito duro a tratti, ma non ha devastato come a fondovalle. Guardando gi\u00f9 verso Col di Pra o su verso l\u2019Agner \u00e8 fantastico. Si arriva a Pont superando un secondo cantiere, un altro versante in frana, un\u2019altra serie di lavori ben realizzati che hanno messo in sicurezza la strada. Nel piazzale di Pont\u00a0 ancora belle <a class=\"dt-pswp-item pspw-wrap-ready\" href=\"https:\/\/i1.wp.com\/www.radiopiu.net\/wordpress\/wp-content\/uploads\/2020\/06\/523b025c-9eca-4046-8bbf-3cf8fdab3f2c.jpg?ssl=1\" data-dt-img-description=\"\" data-large_image_width=\"1599\" data-large_image_height=\"1200\"><img loading=\"lazy\" decoding=\"async\" class=\"size-medium wp-image-144235 alignright\" src=\"https:\/\/i1.wp.com\/www.radiopiu.net\/wordpress\/wp-content\/uploads\/2020\/06\/523b025c-9eca-4046-8bbf-3cf8fdab3f2c.jpg?resize=300%2C225&amp;ssl=1\" sizes=\"auto, (max-width: 300px) 100vw, 300px\" srcset=\"https:\/\/i1.wp.com\/www.radiopiu.net\/wordpress\/wp-content\/uploads\/2020\/06\/523b025c-9eca-4046-8bbf-3cf8fdab3f2c.jpg?resize=300%2C225&amp;ssl=1 300w, https:\/\/i1.wp.com\/www.radiopiu.net\/wordpress\/wp-content\/uploads\/2020\/06\/523b025c-9eca-4046-8bbf-3cf8fdab3f2c.jpg?resize=1024%2C768&amp;ssl=1 1024w, https:\/\/i1.wp.com\/www.radiopiu.net\/wordpress\/wp-content\/uploads\/2020\/06\/523b025c-9eca-4046-8bbf-3cf8fdab3f2c.jpg?resize=768%2C576&amp;ssl=1 768w, https:\/\/i1.wp.com\/www.radiopiu.net\/wordpress\/wp-content\/uploads\/2020\/06\/523b025c-9eca-4046-8bbf-3cf8fdab3f2c.jpg?resize=1536%2C1153&amp;ssl=1 1536w, https:\/\/i1.wp.com\/www.radiopiu.net\/wordpress\/wp-content\/uploads\/2020\/06\/523b025c-9eca-4046-8bbf-3cf8fdab3f2c.jpg?w=1599&amp;ssl=1 1599w\" alt=\"\" width=\"300\" height=\"225\" data-recalc-dims=\"1\" \/><\/a>sorprese, le voragini non ci sono pi\u00f9 e le famose pietre nere ricavate dalla montagna, che richiamano il passato, sono state finalmente riportate \u201ca galla\u201d non sepolte come stava accadendo nel corso dei lavori. Per ora sono a bordo strada in attesa di trovare sistemazione per ricordare ai posteri le fatiche e l\u2019economia di un tempo. L\u2019altra sorpresa un gruppo di persone che sorseggia la meritata birra, premio per un grande lavoro. Si tratta dei pesca sportivi di Taibon che sabato hanno provveduto alla semina delle trotelle nel torrente Bordina. Vaia ha spazzato via tutto il patrimonio ittico lungo i torrenti, i pescatori hanno provveduto a riportare in montagna oltre 9000 pesciolini.<\/p>\n<p>&nbsp;<\/p>\n<h3>NELLE FOTO: PESCA SPORTIVI TAIBON E PONT DOPO LA TEMPESTA VAIA<\/h3>\n<p class=\"photoswipe-wrapper\"><a class=\"dt-pswp-item pspw-wrap-ready\" href=\"https:\/\/i2.wp.com\/www.radiopiu.net\/wordpress\/wp-content\/uploads\/2020\/06\/a8f4f433-767d-46b8-9cd2-256b50bec06f.jpg?ssl=1\" data-dt-img-description=\"\" data-large_image_width=\"1599\" data-large_image_height=\"1200\"><img loading=\"lazy\" decoding=\"async\" class=\"alignleft wp-image-144237\" src=\"https:\/\/i2.wp.com\/www.radiopiu.net\/wordpress\/wp-content\/uploads\/2020\/06\/a8f4f433-767d-46b8-9cd2-256b50bec06f.jpg?resize=409%2C307&amp;ssl=1\" sizes=\"auto, (max-width: 409px) 100vw, 409px\" srcset=\"https:\/\/i2.wp.com\/www.radiopiu.net\/wordpress\/wp-content\/uploads\/2020\/06\/a8f4f433-767d-46b8-9cd2-256b50bec06f.jpg?resize=300%2C225&amp;ssl=1 300w, https:\/\/i2.wp.com\/www.radiopiu.net\/wordpress\/wp-content\/uploads\/2020\/06\/a8f4f433-767d-46b8-9cd2-256b50bec06f.jpg?resize=1024%2C768&amp;ssl=1 1024w, https:\/\/i2.wp.com\/www.radiopiu.net\/wordpress\/wp-content\/uploads\/2020\/06\/a8f4f433-767d-46b8-9cd2-256b50bec06f.jpg?resize=768%2C576&amp;ssl=1 768w, https:\/\/i2.wp.com\/www.radiopiu.net\/wordpress\/wp-content\/uploads\/2020\/06\/a8f4f433-767d-46b8-9cd2-256b50bec06f.jpg?resize=1536%2C1153&amp;ssl=1 1536w, https:\/\/i2.wp.com\/www.radiopiu.net\/wordpress\/wp-content\/uploads\/2020\/06\/a8f4f433-767d-46b8-9cd2-256b50bec06f.jpg?w=1599&amp;ssl=1 1599w\" alt=\"\" width=\"409\" height=\"307\" data-recalc-dims=\"1\" \/><\/a><a class=\"dt-pswp-item pspw-wrap-ready\" href=\"https:\/\/i0.wp.com\/www.radiopiu.net\/wordpress\/wp-content\/uploads\/2020\/06\/loc.-PONT-scaled.jpg?ssl=1\" data-dt-img-description=\"\" data-large_image_width=\"2560\" data-large_image_height=\"1920\"><img loading=\"lazy\" decoding=\"async\" class=\"alignleft wp-image-144271\" src=\"https:\/\/i0.wp.com\/www.radiopiu.net\/wordpress\/wp-content\/uploads\/2020\/06\/loc.-PONT.jpg?resize=407%2C305&amp;ssl=1\" sizes=\"auto, (max-width: 407px) 100vw, 407px\" srcset=\"https:\/\/i0.wp.com\/www.radiopiu.net\/wordpress\/wp-content\/uploads\/2020\/06\/loc.-PONT-scaled.jpg?resize=300%2C225&amp;ssl=1 300w, https:\/\/i0.wp.com\/www.radiopiu.net\/wordpress\/wp-content\/uploads\/2020\/06\/loc.-PONT-scaled.jpg?resize=1024%2C768&amp;ssl=1 1024w, https:\/\/i0.wp.com\/www.radiopiu.net\/wordpress\/wp-content\/uploads\/2020\/06\/loc.-PONT-scaled.jpg?resize=768%2C576&amp;ssl=1 768w, https:\/\/i0.wp.com\/www.radiopiu.net\/wordpress\/wp-content\/uploads\/2020\/06\/loc.-PONT-scaled.jpg?resize=1536%2C1152&amp;ssl=1 1536w, https:\/\/i0.wp.com\/www.radiopiu.net\/wordpress\/wp-content\/uploads\/2020\/06\/loc.-PONT-scaled.jpg?resize=2048%2C1536&amp;ssl=1 2048w, https:\/\/i0.wp.com\/www.radiopiu.net\/wordpress\/wp-content\/uploads\/2020\/06\/loc.-PONT-scaled.jpg?w=2400&amp;ssl=1 2400w\" alt=\"\" width=\"407\" height=\"305\" data-recalc-dims=\"1\" \/><\/a><\/p>\n<h1><\/h1>\n<h3><\/h3>\n<h3><\/h3>\n<h3><\/h3>\n<p>&nbsp;<\/p>\n<p>&nbsp;<\/p>\n<p>&nbsp;<\/p>\n<p>&nbsp;<\/p>\n<p>&nbsp;<\/p>\n<p>&nbsp;<\/p>\n<h3><\/h3>\n<p>&nbsp;<\/p>\n<h2><\/h2>\n<p>&nbsp;<\/p>\n<h2><\/h2>\n<p>&nbsp;<\/p>\n<p>&nbsp;<\/p>\n<\/div>\n<p>&nbsp;<\/p>\n<p>&nbsp;<\/p>\n<p>&nbsp;<\/p>\n<hr \/>\n<blockquote>\n<h2><\/h2>\n<h2>EL BON DE L&#8217;ANSUDA, UN SUCCESSO DI COLORI, SAPORI, TRADIZIONI E BELLEZZA<\/h2>\n<\/blockquote>\n<p><strong>FALCADE<\/strong> Il primo evento agordino post lockdown incassa il favore del grande pubblico, una partecipazione immensa nell&#8217;incantevole anfiteatro naturale della piana di Falcade. la PromoFalcade ha colto nel segno rendendo piacevole il &#8220;primo&#8221; fine settimana estivo che ha aperto le porte a valligiani e turisti. Tanti eventi ed iniziative che hanno saputo coinvolgere le passioni di artigiani, artisti, musicisti ed esperti di tante tematiche di montagna<\/p>\n<p><strong>LA PRESIDENTE DI PROMO FALCADE, ANTONELLA SCHENA<\/strong><\/p>\n<audio class=\"wp-audio-shortcode\" id=\"audio-144202-6\" preload=\"none\" style=\"width: 100%;\" controls=\"controls\"><source type=\"audio\/mpeg\" src=\"https:\/\/www.radiopiu.net\/wordpress\/wp-content\/uploads\/2020\/06\/anto.mp3?_=6\" \/><a href=\"https:\/\/www.radiopiu.net\/wordpress\/wp-content\/uploads\/2020\/06\/anto.mp3\">https:\/\/www.radiopiu.net\/wordpress\/wp-content\/uploads\/2020\/06\/anto.mp3<\/a><\/audio>\n<p>&nbsp;<\/p>\n\n\t\t\t<style type='text\/css'>\n\t\t\t\t#gallery-1 {\n\t\t\t\t\tmargin: auto;\n\t\t\t\t}\n\t\t\t\t#gallery-1 .gallery-item {\n\t\t\t\t\tfloat: left;\n\t\t\t\t\tmargin-top: 10px;\n\t\t\t\t\ttext-align: center;\n\t\t\t\t\twidth: 33%;\n\t\t\t\t}\n\t\t\t\t#gallery-1 img {\n\t\t\t\t\tborder: 2px solid #cfcfcf;\n\t\t\t\t}\n\t\t\t\t#gallery-1 .gallery-caption {\n\t\t\t\t\tmargin-left: 0;\n\t\t\t\t}\n\t\t\t\t\/* see gallery_shortcode() in wp-includes\/media.php *\/\n\t\t\t<\/style>\n\t\t<div id='gallery-1' class='dt-gallery-container gallery galleryid-144202 gallery-columns-3 gallery-size-thumbnail'><dl class='gallery-item'>\n\t\t\t\t<dt class='gallery-icon landscape'>\n\t\t\t\t\t<a class=\"rollover\" href='https:\/\/www.radiopiu.net\/wordpress\/el-bon-de-lansuda-un-successo-di-colori-sapori-tradizioni-e-bellezza\/e601cde8-9611-4772-9390-67d95eb201be\/'><img loading=\"lazy\" decoding=\"async\" width=\"150\" height=\"150\" src=\"https:\/\/www.radiopiu.net\/wordpress\/wp-content\/uploads\/2020\/06\/e601cde8-9611-4772-9390-67d95eb201be-150x150.jpg\" class=\"attachment-thumbnail size-thumbnail\" alt=\"\" \/><\/a>\n\t\t\t\t<\/dt><\/dl><dl class='gallery-item'>\n\t\t\t\t<dt class='gallery-icon portrait'>\n\t\t\t\t\t<a class=\"rollover\" href='https:\/\/www.radiopiu.net\/wordpress\/el-bon-de-lansuda-un-successo-di-colori-sapori-tradizioni-e-bellezza\/27791e36-fe29-4f6b-b79b-2fb7f750f708\/'><img loading=\"lazy\" decoding=\"async\" width=\"150\" height=\"150\" src=\"https:\/\/www.radiopiu.net\/wordpress\/wp-content\/uploads\/2020\/06\/27791e36-fe29-4f6b-b79b-2fb7f750f708-150x150.jpg\" class=\"attachment-thumbnail size-thumbnail\" alt=\"\" \/><\/a>\n\t\t\t\t<\/dt><\/dl><dl class='gallery-item'>\n\t\t\t\t<dt class='gallery-icon landscape'>\n\t\t\t\t\t<a class=\"rollover\" href='https:\/\/www.radiopiu.net\/wordpress\/el-bon-de-lansuda-un-successo-di-colori-sapori-tradizioni-e-bellezza\/eb843e17-d51f-4cef-a763-f43148e082ac\/'><img loading=\"lazy\" decoding=\"async\" width=\"150\" height=\"150\" src=\"https:\/\/www.radiopiu.net\/wordpress\/wp-content\/uploads\/2020\/06\/eb843e17-d51f-4cef-a763-f43148e082ac-150x150.jpg\" class=\"attachment-thumbnail size-thumbnail\" alt=\"\" \/><\/a>\n\t\t\t\t<\/dt><\/dl><br style=\"clear: both\" \/><dl class='gallery-item'>\n\t\t\t\t<dt class='gallery-icon landscape'>\n\t\t\t\t\t<a class=\"rollover\" href='https:\/\/www.radiopiu.net\/wordpress\/el-bon-de-lansuda-un-successo-di-colori-sapori-tradizioni-e-bellezza\/bb3f31aa-a3bd-41ce-90f3-8f092df90f40\/'><img loading=\"lazy\" decoding=\"async\" width=\"150\" height=\"150\" src=\"https:\/\/www.radiopiu.net\/wordpress\/wp-content\/uploads\/2020\/06\/bb3f31aa-a3bd-41ce-90f3-8f092df90f40-150x150.jpg\" class=\"attachment-thumbnail size-thumbnail\" alt=\"\" \/><\/a>\n\t\t\t\t<\/dt><\/dl><dl class='gallery-item'>\n\t\t\t\t<dt class='gallery-icon portrait'>\n\t\t\t\t\t<a class=\"rollover\" href='https:\/\/www.radiopiu.net\/wordpress\/el-bon-de-lansuda-un-successo-di-colori-sapori-tradizioni-e-bellezza\/d89d5c62-7a22-4f0d-88c2-f1d3a59ca43e\/'><img loading=\"lazy\" decoding=\"async\" width=\"150\" height=\"150\" src=\"https:\/\/www.radiopiu.net\/wordpress\/wp-content\/uploads\/2020\/06\/d89d5c62-7a22-4f0d-88c2-f1d3a59ca43e-150x150.jpg\" class=\"attachment-thumbnail size-thumbnail\" alt=\"\" \/><\/a>\n\t\t\t\t<\/dt><\/dl><dl class='gallery-item'>\n\t\t\t\t<dt class='gallery-icon landscape'>\n\t\t\t\t\t<a class=\"rollover\" href='https:\/\/www.radiopiu.net\/wordpress\/el-bon-de-lansuda-un-successo-di-colori-sapori-tradizioni-e-bellezza\/cec75129-7fa0-4bf8-ad8a-62eaa888f6ef\/'><img loading=\"lazy\" decoding=\"async\" width=\"150\" height=\"150\" src=\"https:\/\/www.radiopiu.net\/wordpress\/wp-content\/uploads\/2020\/06\/cec75129-7fa0-4bf8-ad8a-62eaa888f6ef-150x150.jpg\" class=\"attachment-thumbnail size-thumbnail\" alt=\"\" \/><\/a>\n\t\t\t\t<\/dt><\/dl><br style=\"clear: both\" \/><dl class='gallery-item'>\n\t\t\t\t<dt class='gallery-icon landscape'>\n\t\t\t\t\t<a class=\"rollover\" href='https:\/\/www.radiopiu.net\/wordpress\/el-bon-de-lansuda-un-successo-di-colori-sapori-tradizioni-e-bellezza\/2222ee18-e47c-4e88-a32d-6223813582bf\/'><img loading=\"lazy\" decoding=\"async\" width=\"150\" height=\"150\" src=\"https:\/\/www.radiopiu.net\/wordpress\/wp-content\/uploads\/2020\/06\/2222ee18-e47c-4e88-a32d-6223813582bf-150x150.jpg\" class=\"attachment-thumbnail size-thumbnail\" alt=\"\" \/><\/a>\n\t\t\t\t<\/dt><\/dl><dl class='gallery-item'>\n\t\t\t\t<dt class='gallery-icon landscape'>\n\t\t\t\t\t<a class=\"rollover\" href='https:\/\/www.radiopiu.net\/wordpress\/el-bon-de-lansuda-un-successo-di-colori-sapori-tradizioni-e-bellezza\/e4f9c372-6341-4541-adf0-5033e0a801ab-2\/'><img loading=\"lazy\" decoding=\"async\" width=\"150\" height=\"150\" src=\"https:\/\/www.radiopiu.net\/wordpress\/wp-content\/uploads\/2020\/06\/e4f9c372-6341-4541-adf0-5033e0a801ab-1-150x150.jpg\" class=\"attachment-thumbnail size-thumbnail\" alt=\"\" \/><\/a>\n\t\t\t\t<\/dt><\/dl><dl class='gallery-item'>\n\t\t\t\t<dt class='gallery-icon portrait'>\n\t\t\t\t\t<a class=\"rollover\" href='https:\/\/www.radiopiu.net\/wordpress\/el-bon-de-lansuda-un-successo-di-colori-sapori-tradizioni-e-bellezza\/be8859e9-8ecb-44a7-bb4c-c41763aa4a9a\/'><img loading=\"lazy\" decoding=\"async\" width=\"150\" height=\"150\" src=\"https:\/\/www.radiopiu.net\/wordpress\/wp-content\/uploads\/2020\/06\/be8859e9-8ecb-44a7-bb4c-c41763aa4a9a-150x150.jpg\" class=\"attachment-thumbnail size-thumbnail\" alt=\"\" \/><\/a>\n\t\t\t\t<\/dt><\/dl><br style=\"clear: both\" \/><dl class='gallery-item'>\n\t\t\t\t<dt class='gallery-icon portrait'>\n\t\t\t\t\t<a class=\"rollover\" href='https:\/\/www.radiopiu.net\/wordpress\/el-bon-de-lansuda-un-successo-di-colori-sapori-tradizioni-e-bellezza\/6d997cff-b0fb-4a89-8bae-68cc7b9ac35b\/'><img loading=\"lazy\" decoding=\"async\" width=\"150\" height=\"150\" src=\"https:\/\/www.radiopiu.net\/wordpress\/wp-content\/uploads\/2020\/06\/6d997cff-b0fb-4a89-8bae-68cc7b9ac35b-150x150.jpg\" class=\"attachment-thumbnail size-thumbnail\" alt=\"\" \/><\/a>\n\t\t\t\t<\/dt><\/dl><dl class='gallery-item'>\n\t\t\t\t<dt class='gallery-icon landscape'>\n\t\t\t\t\t<a class=\"rollover\" href='https:\/\/www.radiopiu.net\/wordpress\/el-bon-de-lansuda-un-successo-di-colori-sapori-tradizioni-e-bellezza\/75fe4f19-055c-4af0-827f-9fefebd8b506\/'><img loading=\"lazy\" decoding=\"async\" width=\"150\" height=\"150\" src=\"https:\/\/www.radiopiu.net\/wordpress\/wp-content\/uploads\/2020\/06\/75fe4f19-055c-4af0-827f-9fefebd8b506-150x150.jpg\" class=\"attachment-thumbnail size-thumbnail\" alt=\"\" \/><\/a>\n\t\t\t\t<\/dt><\/dl><dl class='gallery-item'>\n\t\t\t\t<dt class='gallery-icon landscape'>\n\t\t\t\t\t<a class=\"rollover\" href='https:\/\/www.radiopiu.net\/wordpress\/el-bon-de-lansuda-un-successo-di-colori-sapori-tradizioni-e-bellezza\/67800ed0-c854-4040-8d20-fc9f83264b80\/'><img loading=\"lazy\" decoding=\"async\" width=\"150\" height=\"150\" src=\"https:\/\/www.radiopiu.net\/wordpress\/wp-content\/uploads\/2020\/06\/67800ed0-c854-4040-8d20-fc9f83264b80-150x150.jpg\" class=\"attachment-thumbnail size-thumbnail\" alt=\"\" srcset=\"https:\/\/www.radiopiu.net\/wordpress\/wp-content\/uploads\/2020\/06\/67800ed0-c854-4040-8d20-fc9f83264b80-150x150.jpg 150w, https:\/\/www.radiopiu.net\/wordpress\/wp-content\/uploads\/2020\/06\/67800ed0-c854-4040-8d20-fc9f83264b80-300x300.jpg 300w, https:\/\/www.radiopiu.net\/wordpress\/wp-content\/uploads\/2020\/06\/67800ed0-c854-4040-8d20-fc9f83264b80-1024x1024.jpg 1024w, https:\/\/www.radiopiu.net\/wordpress\/wp-content\/uploads\/2020\/06\/67800ed0-c854-4040-8d20-fc9f83264b80-768x768.jpg 768w, https:\/\/www.radiopiu.net\/wordpress\/wp-content\/uploads\/2020\/06\/67800ed0-c854-4040-8d20-fc9f83264b80-1536x1536.jpg 1536w, https:\/\/www.radiopiu.net\/wordpress\/wp-content\/uploads\/2020\/06\/67800ed0-c854-4040-8d20-fc9f83264b80.jpg 1544w\" sizes=\"auto, (max-width: 150px) 100vw, 150px\" \/><\/a>\n\t\t\t\t<\/dt><\/dl><br style=\"clear: both\" \/><dl class='gallery-item'>\n\t\t\t\t<dt class='gallery-icon portrait'>\n\t\t\t\t\t<a class=\"rollover\" href='https:\/\/www.radiopiu.net\/wordpress\/el-bon-de-lansuda-un-successo-di-colori-sapori-tradizioni-e-bellezza\/afbd4cb6-f947-4baf-a6a3-b199aaa00b17\/'><img loading=\"lazy\" decoding=\"async\" width=\"150\" height=\"150\" src=\"https:\/\/www.radiopiu.net\/wordpress\/wp-content\/uploads\/2020\/06\/afbd4cb6-f947-4baf-a6a3-b199aaa00b17-150x150.jpg\" class=\"attachment-thumbnail size-thumbnail\" alt=\"\" \/><\/a>\n\t\t\t\t<\/dt><\/dl><dl class='gallery-item'>\n\t\t\t\t<dt class='gallery-icon portrait'>\n\t\t\t\t\t<a class=\"rollover\" href='https:\/\/www.radiopiu.net\/wordpress\/el-bon-de-lansuda-un-successo-di-colori-sapori-tradizioni-e-bellezza\/9152e829-0126-4b44-ba52-dbabca32f389\/'><img loading=\"lazy\" decoding=\"async\" width=\"150\" height=\"150\" src=\"https:\/\/www.radiopiu.net\/wordpress\/wp-content\/uploads\/2020\/06\/9152e829-0126-4b44-ba52-dbabca32f389-150x150.jpg\" class=\"attachment-thumbnail size-thumbnail\" alt=\"\" \/><\/a>\n\t\t\t\t<\/dt><\/dl><dl class='gallery-item'>\n\t\t\t\t<dt class='gallery-icon landscape'>\n\t\t\t\t\t<a class=\"rollover\" href='https:\/\/www.radiopiu.net\/wordpress\/el-bon-de-lansuda-un-successo-di-colori-sapori-tradizioni-e-bellezza\/b75c4dc2-0d9e-4a3e-be32-9ec68010d9c5\/'><img loading=\"lazy\" decoding=\"async\" width=\"150\" height=\"150\" src=\"https:\/\/www.radiopiu.net\/wordpress\/wp-content\/uploads\/2020\/06\/b75c4dc2-0d9e-4a3e-be32-9ec68010d9c5-150x150.jpg\" class=\"attachment-thumbnail size-thumbnail\" alt=\"\" \/><\/a>\n\t\t\t\t<\/dt><\/dl><br style=\"clear: both\" \/><dl class='gallery-item'>\n\t\t\t\t<dt class='gallery-icon landscape'>\n\t\t\t\t\t<a class=\"rollover\" href='https:\/\/www.radiopiu.net\/wordpress\/el-bon-de-lansuda-un-successo-di-colori-sapori-tradizioni-e-bellezza\/63c2a052-07d9-483d-84d4-cec941b365e0\/'><img loading=\"lazy\" decoding=\"async\" width=\"150\" height=\"150\" src=\"https:\/\/www.radiopiu.net\/wordpress\/wp-content\/uploads\/2020\/06\/63c2a052-07d9-483d-84d4-cec941b365e0-150x150.jpg\" class=\"attachment-thumbnail size-thumbnail\" alt=\"\" \/><\/a>\n\t\t\t\t<\/dt><\/dl><dl class='gallery-item'>\n\t\t\t\t<dt class='gallery-icon landscape'>\n\t\t\t\t\t<a class=\"rollover\" href='https:\/\/www.radiopiu.net\/wordpress\/el-bon-de-lansuda-un-successo-di-colori-sapori-tradizioni-e-bellezza\/90bda970-d399-4454-92b9-2994a7869df5\/'><img loading=\"lazy\" decoding=\"async\" width=\"150\" height=\"150\" src=\"https:\/\/www.radiopiu.net\/wordpress\/wp-content\/uploads\/2020\/06\/90bda970-d399-4454-92b9-2994a7869df5-150x150.jpg\" class=\"attachment-thumbnail size-thumbnail\" alt=\"\" \/><\/a>\n\t\t\t\t<\/dt><\/dl><dl class='gallery-item'>\n\t\t\t\t<dt class='gallery-icon landscape'>\n\t\t\t\t\t<a class=\"rollover\" href='https:\/\/www.radiopiu.net\/wordpress\/el-bon-de-lansuda-un-successo-di-colori-sapori-tradizioni-e-bellezza\/9b0c94e4-cf5c-4c88-adb0-d52b85ac3563\/'><img loading=\"lazy\" decoding=\"async\" width=\"150\" height=\"150\" src=\"https:\/\/www.radiopiu.net\/wordpress\/wp-content\/uploads\/2020\/06\/9b0c94e4-cf5c-4c88-adb0-d52b85ac3563-150x150.jpg\" class=\"attachment-thumbnail size-thumbnail\" alt=\"\" \/><\/a>\n\t\t\t\t<\/dt><\/dl><br style=\"clear: both\" \/><dl class='gallery-item'>\n\t\t\t\t<dt class='gallery-icon portrait'>\n\t\t\t\t\t<a class=\"rollover\" href='https:\/\/www.radiopiu.net\/wordpress\/el-bon-de-lansuda-un-successo-di-colori-sapori-tradizioni-e-bellezza\/f3cf5811-f30a-4f01-803b-768f5f238511\/'><img loading=\"lazy\" decoding=\"async\" width=\"150\" height=\"150\" src=\"https:\/\/www.radiopiu.net\/wordpress\/wp-content\/uploads\/2020\/06\/f3cf5811-f30a-4f01-803b-768f5f238511-150x150.jpg\" class=\"attachment-thumbnail size-thumbnail\" alt=\"\" \/><\/a>\n\t\t\t\t<\/dt><\/dl><dl class='gallery-item'>\n\t\t\t\t<dt class='gallery-icon portrait'>\n\t\t\t\t\t<a class=\"rollover\" href='https:\/\/www.radiopiu.net\/wordpress\/el-bon-de-lansuda-un-successo-di-colori-sapori-tradizioni-e-bellezza\/2266e411-779b-45f6-816d-3b2cd6b0d54d\/'><img loading=\"lazy\" decoding=\"async\" width=\"150\" height=\"150\" src=\"https:\/\/www.radiopiu.net\/wordpress\/wp-content\/uploads\/2020\/06\/2266e411-779b-45f6-816d-3b2cd6b0d54d-150x150.jpg\" class=\"attachment-thumbnail size-thumbnail\" alt=\"\" \/><\/a>\n\t\t\t\t<\/dt><\/dl><dl class='gallery-item'>\n\t\t\t\t<dt class='gallery-icon portrait'>\n\t\t\t\t\t<a class=\"rollover\" href='https:\/\/www.radiopiu.net\/wordpress\/el-bon-de-lansuda-un-successo-di-colori-sapori-tradizioni-e-bellezza\/9b1380f4-f438-48a2-a88b-916cd0386f42\/'><img loading=\"lazy\" decoding=\"async\" width=\"150\" height=\"150\" src=\"https:\/\/www.radiopiu.net\/wordpress\/wp-content\/uploads\/2020\/06\/9b1380f4-f438-48a2-a88b-916cd0386f42-150x150.jpg\" class=\"attachment-thumbnail size-thumbnail\" alt=\"\" \/><\/a>\n\t\t\t\t<\/dt><\/dl><br style=\"clear: both\" \/><dl class='gallery-item'>\n\t\t\t\t<dt class='gallery-icon landscape'>\n\t\t\t\t\t<a class=\"rollover\" href='https:\/\/www.radiopiu.net\/wordpress\/el-bon-de-lansuda-un-successo-di-colori-sapori-tradizioni-e-bellezza\/2d7c259f-513c-4c57-b278-26a54287471e\/'><img loading=\"lazy\" decoding=\"async\" width=\"150\" height=\"150\" src=\"https:\/\/www.radiopiu.net\/wordpress\/wp-content\/uploads\/2020\/06\/2d7c259f-513c-4c57-b278-26a54287471e-150x150.jpg\" class=\"attachment-thumbnail size-thumbnail\" alt=\"\" \/><\/a>\n\t\t\t\t<\/dt><\/dl><dl class='gallery-item'>\n\t\t\t\t<dt class='gallery-icon portrait'>\n\t\t\t\t\t<a class=\"rollover\" href='https:\/\/www.radiopiu.net\/wordpress\/el-bon-de-lansuda-un-successo-di-colori-sapori-tradizioni-e-bellezza\/9c28c3dd-ba2c-4b7f-a87e-3a960640d909\/'><img loading=\"lazy\" decoding=\"async\" width=\"150\" height=\"150\" src=\"https:\/\/www.radiopiu.net\/wordpress\/wp-content\/uploads\/2020\/06\/9c28c3dd-ba2c-4b7f-a87e-3a960640d909-150x150.jpg\" class=\"attachment-thumbnail size-thumbnail\" alt=\"\" \/><\/a>\n\t\t\t\t<\/dt><\/dl><dl class='gallery-item'>\n\t\t\t\t<dt class='gallery-icon landscape'>\n\t\t\t\t\t<a class=\"rollover\" href='https:\/\/www.radiopiu.net\/wordpress\/el-bon-de-lansuda-un-successo-di-colori-sapori-tradizioni-e-bellezza\/f829ba60-b52a-43e5-bc46-59f998f0ee97\/'><img loading=\"lazy\" decoding=\"async\" width=\"150\" height=\"150\" src=\"https:\/\/www.radiopiu.net\/wordpress\/wp-content\/uploads\/2020\/06\/f829ba60-b52a-43e5-bc46-59f998f0ee97-150x150.jpg\" class=\"attachment-thumbnail size-thumbnail\" alt=\"\" \/><\/a>\n\t\t\t\t<\/dt><\/dl><br style=\"clear: both\" \/><dl class='gallery-item'>\n\t\t\t\t<dt class='gallery-icon landscape'>\n\t\t\t\t\t<a class=\"rollover\" href='https:\/\/www.radiopiu.net\/wordpress\/el-bon-de-lansuda-un-successo-di-colori-sapori-tradizioni-e-bellezza\/2a51402f-b7f9-4c52-9a07-5899e39107cf\/'><img loading=\"lazy\" decoding=\"async\" width=\"150\" height=\"150\" src=\"https:\/\/www.radiopiu.net\/wordpress\/wp-content\/uploads\/2020\/06\/2a51402f-b7f9-4c52-9a07-5899e39107cf-150x150.jpg\" class=\"attachment-thumbnail size-thumbnail\" alt=\"\" \/><\/a>\n\t\t\t\t<\/dt><\/dl><dl class='gallery-item'>\n\t\t\t\t<dt class='gallery-icon landscape'>\n\t\t\t\t\t<a class=\"rollover\" href='https:\/\/www.radiopiu.net\/wordpress\/el-bon-de-lansuda-un-successo-di-colori-sapori-tradizioni-e-bellezza\/397af028-9eb0-49c6-9695-827a21d2cdff\/'><img loading=\"lazy\" decoding=\"async\" width=\"150\" height=\"150\" src=\"https:\/\/www.radiopiu.net\/wordpress\/wp-content\/uploads\/2020\/06\/397af028-9eb0-49c6-9695-827a21d2cdff-150x150.jpg\" class=\"attachment-thumbnail size-thumbnail\" alt=\"\" \/><\/a>\n\t\t\t\t<\/dt><\/dl><dl class='gallery-item'>\n\t\t\t\t<dt class='gallery-icon portrait'>\n\t\t\t\t\t<a class=\"rollover\" href='https:\/\/www.radiopiu.net\/wordpress\/el-bon-de-lansuda-un-successo-di-colori-sapori-tradizioni-e-bellezza\/2e6aff73-698f-4208-9aa2-b300311b418d\/'><img loading=\"lazy\" decoding=\"async\" width=\"150\" height=\"150\" src=\"https:\/\/www.radiopiu.net\/wordpress\/wp-content\/uploads\/2020\/06\/2e6aff73-698f-4208-9aa2-b300311b418d-150x150.jpg\" class=\"attachment-thumbnail size-thumbnail\" alt=\"\" \/><\/a>\n\t\t\t\t<\/dt><\/dl><br style=\"clear: both\" \/><dl class='gallery-item'>\n\t\t\t\t<dt class='gallery-icon portrait'>\n\t\t\t\t\t<a class=\"rollover\" href='https:\/\/www.radiopiu.net\/wordpress\/el-bon-de-lansuda-un-successo-di-colori-sapori-tradizioni-e-bellezza\/a9f9b466-99a9-4e98-a803-b50a76f8030a\/'><img loading=\"lazy\" decoding=\"async\" width=\"150\" height=\"150\" src=\"https:\/\/www.radiopiu.net\/wordpress\/wp-content\/uploads\/2020\/06\/a9f9b466-99a9-4e98-a803-b50a76f8030a-150x150.jpg\" class=\"attachment-thumbnail size-thumbnail\" alt=\"\" \/><\/a>\n\t\t\t\t<\/dt><\/dl><dl class='gallery-item'>\n\t\t\t\t<dt class='gallery-icon landscape'>\n\t\t\t\t\t<a class=\"rollover\" href='https:\/\/www.radiopiu.net\/wordpress\/el-bon-de-lansuda-un-successo-di-colori-sapori-tradizioni-e-bellezza\/2de046e3-f6a0-4402-8e48-593738f1bb54\/'><img loading=\"lazy\" decoding=\"async\" width=\"150\" height=\"150\" src=\"https:\/\/www.radiopiu.net\/wordpress\/wp-content\/uploads\/2020\/06\/2de046e3-f6a0-4402-8e48-593738f1bb54-150x150.jpg\" class=\"attachment-thumbnail size-thumbnail\" alt=\"\" \/><\/a>\n\t\t\t\t<\/dt><\/dl><dl class='gallery-item'>\n\t\t\t\t<dt class='gallery-icon portrait'>\n\t\t\t\t\t<a class=\"rollover\" href='https:\/\/www.radiopiu.net\/wordpress\/el-bon-de-lansuda-un-successo-di-colori-sapori-tradizioni-e-bellezza\/03f668f1-0060-487b-b62c-7516ef72ca0e\/'><img loading=\"lazy\" decoding=\"async\" width=\"150\" height=\"150\" src=\"https:\/\/www.radiopiu.net\/wordpress\/wp-content\/uploads\/2020\/06\/03f668f1-0060-487b-b62c-7516ef72ca0e-150x150.jpg\" class=\"attachment-thumbnail size-thumbnail\" alt=\"\" \/><\/a>\n\t\t\t\t<\/dt><\/dl><br style=\"clear: both\" \/>\n\t\t\t<\/div>\n\n<p>&nbsp;<\/p>\n<p>&nbsp;<\/p>\n<p>&nbsp;<\/p>\n<hr \/>\n<blockquote>\n<h3><\/h3>\n<h3>LA FESTA DI SANT&#8217;ANTONIO A RIVAMONTE<\/h3>\n<\/blockquote>\n<p>di Gianni Santomaso<\/p>\n<audio class=\"wp-audio-shortcode\" id=\"audio-144202-7\" preload=\"none\" style=\"width: 100%;\" controls=\"controls\"><source type=\"audio\/mpeg\" src=\"https:\/\/www.radiopiu.net\/wordpress\/wp-content\/uploads\/2020\/06\/GIANNI-SANTANTONIO.mp3?_=7\" \/><a href=\"https:\/\/www.radiopiu.net\/wordpress\/wp-content\/uploads\/2020\/06\/GIANNI-SANTANTONIO.mp3\">https:\/\/www.radiopiu.net\/wordpress\/wp-content\/uploads\/2020\/06\/GIANNI-SANTANTONIO.mp3<\/a><\/audio>\n<p>&nbsp;<\/p>\n<p><strong>LE FOTO<\/strong><\/p>\n\n\t\t\t<style type='text\/css'>\n\t\t\t\t#gallery-2 {\n\t\t\t\t\tmargin: auto;\n\t\t\t\t}\n\t\t\t\t#gallery-2 .gallery-item {\n\t\t\t\t\tfloat: left;\n\t\t\t\t\tmargin-top: 10px;\n\t\t\t\t\ttext-align: center;\n\t\t\t\t\twidth: 20%;\n\t\t\t\t}\n\t\t\t\t#gallery-2 img {\n\t\t\t\t\tborder: 2px solid #cfcfcf;\n\t\t\t\t}\n\t\t\t\t#gallery-2 .gallery-caption {\n\t\t\t\t\tmargin-left: 0;\n\t\t\t\t}\n\t\t\t\t\/* see gallery_shortcode() in wp-includes\/media.php *\/\n\t\t\t<\/style>\n\t\t<div id='gallery-2' class='dt-gallery-container gallery galleryid-144202 gallery-columns-5 gallery-size-thumbnail'><dl class='gallery-item'>\n\t\t\t\t<dt class='gallery-icon landscape'>\n\t\t\t\t\t<a class=\"rollover\" href='https:\/\/www.radiopiu.net\/wordpress\/la-festa-di-santantonio-a-rivamonte\/397e2d76-a009-4706-b0c3-b18605c88ee3\/'><img loading=\"lazy\" decoding=\"async\" width=\"150\" height=\"150\" src=\"https:\/\/www.radiopiu.net\/wordpress\/wp-content\/uploads\/2020\/06\/397e2d76-a009-4706-b0c3-b18605c88ee3-150x150.jpg\" class=\"attachment-thumbnail size-thumbnail\" alt=\"\" \/><\/a>\n\t\t\t\t<\/dt><\/dl><dl class='gallery-item'>\n\t\t\t\t<dt class='gallery-icon landscape'>\n\t\t\t\t\t<a class=\"rollover\" href='https:\/\/www.radiopiu.net\/wordpress\/la-festa-di-santantonio-a-rivamonte\/7b201fff-9073-4902-94ab-99506be68a64\/'><img loading=\"lazy\" decoding=\"async\" width=\"150\" height=\"150\" src=\"https:\/\/www.radiopiu.net\/wordpress\/wp-content\/uploads\/2020\/06\/7b201fff-9073-4902-94ab-99506be68a64-150x150.jpg\" class=\"attachment-thumbnail size-thumbnail\" alt=\"\" \/><\/a>\n\t\t\t\t<\/dt><\/dl><dl class='gallery-item'>\n\t\t\t\t<dt class='gallery-icon landscape'>\n\t\t\t\t\t<a class=\"rollover\" href='https:\/\/www.radiopiu.net\/wordpress\/la-festa-di-santantonio-a-rivamonte\/c7e2cf10-02df-4ecb-82bc-51d69eb558e9\/'><img loading=\"lazy\" decoding=\"async\" width=\"150\" height=\"150\" src=\"https:\/\/www.radiopiu.net\/wordpress\/wp-content\/uploads\/2020\/06\/c7e2cf10-02df-4ecb-82bc-51d69eb558e9-150x150.jpg\" class=\"attachment-thumbnail size-thumbnail\" alt=\"\" \/><\/a>\n\t\t\t\t<\/dt><\/dl><dl class='gallery-item'>\n\t\t\t\t<dt class='gallery-icon landscape'>\n\t\t\t\t\t<a class=\"rollover\" href='https:\/\/www.radiopiu.net\/wordpress\/la-festa-di-santantonio-a-rivamonte\/f76b64cc-b6f3-49fd-8609-f4f98cbb99e7\/'><img loading=\"lazy\" decoding=\"async\" width=\"150\" height=\"150\" src=\"https:\/\/www.radiopiu.net\/wordpress\/wp-content\/uploads\/2020\/06\/f76b64cc-b6f3-49fd-8609-f4f98cbb99e7-150x150.jpg\" class=\"attachment-thumbnail size-thumbnail\" alt=\"\" \/><\/a>\n\t\t\t\t<\/dt><\/dl><dl class='gallery-item'>\n\t\t\t\t<dt class='gallery-icon portrait'>\n\t\t\t\t\t<a class=\"rollover\" href='https:\/\/www.radiopiu.net\/wordpress\/la-festa-di-santantonio-a-rivamonte\/e387149b-01b0-494a-a5b3-506397a43368\/'><img loading=\"lazy\" decoding=\"async\" width=\"150\" height=\"150\" src=\"https:\/\/www.radiopiu.net\/wordpress\/wp-content\/uploads\/2020\/06\/e387149b-01b0-494a-a5b3-506397a43368-150x150.jpg\" class=\"attachment-thumbnail size-thumbnail\" alt=\"\" \/><\/a>\n\t\t\t\t<\/dt><\/dl><br style=\"clear: both\" \/>\n\t\t\t<\/div>\n\n<p>&nbsp;<\/p>\n<p>&nbsp;<\/p>\n<p>&nbsp;<\/p>\n<hr \/>\n<p>&nbsp;<\/p>\n<blockquote>\n<h3>15 LUGLIO: LA FINE DELL&#8217;INCUBO, DA OGGI VIA A CINEMA, TEATRO, MUSICA. IERI IL PRIMO VENETO SULLA PIANA DI FALCADE E A RIVAMONTE FESTA SENZA SAGRA MA CON I CORDONI SOTTO ALL&#8217;ALTARE DI SANT&#8217;ANTONIO<\/h3>\n<\/blockquote>\n<p><strong>di Mirko Mezzacasa<\/strong><\/p>\n<p>Qualche settimana ancora e poi tutto ritorner\u00e0 nella normalit\u00e0, a met\u00e0 luglio le ultime aperture anche per le discoteche, le prima a chiudere le ultime a riaprire <em>&#8220;Se le attuali linee guida dureranno all&#8217;infinito le discoteche chiuderanno. Chiuderanno tutte&#8221;<\/em> lo ha detto il Presidente Luca Zaia. Per questo s&#8217;ipotizza la data del 15 luglio per la definitiva fine del periodo post quarantena. Il 15 luglio \u00e8 anche la data di scadenza del DPCM del Presidente Giuseppe Conte. Da oggi via libera a spettacoli, giochi di squadra anche con contatto, cinema con diminuzione di posti a sedere. Ripartono anche i luna park, arriveranno nell&#8217;Agordino le giostre per San Giovanni a Canale d&#8217;Agordo, per San Piero sul Broi di Agordo. A proposito di eventi, eccezionale successo per &#8220;El bon de l&#8217;ansuda&#8221; la primavera falcadina sulla piana. Intanto in Trentino da ieri \u00e8 caduto l&#8217;obbligo della mascherina, in Emilia Romagna si aprono definitivamente tutte le case di riposo mentre in Piemonte e Veneto alle Rsa gli accessi sono ancora limitati. In Lombardia si entra nel ristorante solo dopo la misurazione delle febbre e in Toscana da ieri si balla all&#8217;aperto. La Regione ha scelto le Tre Cime come simbolo della ripartenza turistica e per veicolare la grande campagna di promozione, peccato che l&#8217;agenzia che si occupa della pubblicit\u00e0 abbia puntato sul versante di Bolzano anzich\u00e9 su quello bellunese e sui social \u00e8 gi\u00e0 montata la polemica. L&#8217;assessore Federico Caner ha risposto <em>&#8220;E&#8217; il caso di fare polemiche per queste sciocchezze?'&#8221;<\/em> Il Deputato Roger De Menech sta dalla parte delle Tre Cime <em>&#8220;Non \u00e8 il caso di cavillare sulla foto &#8211; ha detto &#8211; lo sanno tutti che le Tre Cime sono bellunesi&#8221;. <\/em><strong>I NUMERI\u00a0 IN VENETO:<\/strong> TOTALE POSITIVI 1920 (+1)\u00a0 ATTUALMENTE POSITIVI 755\u00a0 (-20)\u00a0 DECESSI 1978 (+0)\u00a0 NEGATIVIZZATI 16487\u00a0 (+21) IN ISOLAMENTO 847\u00a0 (-16)\u00a0 RICOVERATI 271 (-6\u00a0 \u00a037 POSITIVI,\u00a0 \u00a0234 NEGATIVIZZATI), NEGLI OSPEDALI DI COMUNITA\u2019 RICOVERATI 38\u00a0 (-0\u00a0 \u00a06 POSITIVI,\u00a0 32 NEGATIVIZZATI), IN TERAPIA INTENSIVA 13 (0,\u00a0 1 POSITIVI,\u00a0 12 NEGATIVIZZATI). DIMESSI 3498 (0),\u00a0<strong>I NUMERI IN PROVINCIA:<\/strong> TOTALE CONTAGI 1181 (0) , ATTUALMENTE POSITIVI 51\u00a0 (0) , DECEDUTI 111 (0), NEGATIVIZZATI\u00a0 1019 (0) ISOLAMENTO DOMICILIARE 61 (-8) RICOVERATI IN OSPEDALE AL SAN MARTINO 0<\/p>\n<p>&nbsp;<\/p>\n<hr \/>\n<p>&nbsp;<\/p>\n<blockquote class=\"wp-embedded-content\" data-secret=\"pdrGqh1Cyf\"><p><a href=\"https:\/\/www.radiopiu.net\/wordpress\/coronavirus-aggiornamento-nazionale-14-giugno\/\">CORONAVIRUS: AGGIORNAMENTO NAZIONALE 14 GIUGNO<\/a><\/p><\/blockquote>\n<p><iframe loading=\"lazy\" class=\"wp-embedded-content\" sandbox=\"allow-scripts\" security=\"restricted\" style=\"position: absolute; clip: rect(1px, 1px, 1px, 1px);\" title=\"&#8220;CORONAVIRUS: AGGIORNAMENTO NAZIONALE 14 GIUGNO&#8221; &#8212; Radio Pi\u00f9\" src=\"https:\/\/www.radiopiu.net\/wordpress\/coronavirus-aggiornamento-nazionale-14-giugno\/embed\/#?secret=pdrGqh1Cyf\" data-secret=\"pdrGqh1Cyf\" width=\"600\" height=\"338\" frameborder=\"0\" marginwidth=\"0\" marginheight=\"0\" scrolling=\"no\"><\/iframe><\/p>\n<p>&nbsp;<\/p>\n<hr \/>\n<p>&nbsp;<\/p>\n<p style=\"text-align: center;\"><em><strong>BELLUNO: NELLE ULTIME 24 ORE ZERO POSITIVI E 8 PERSONE FUORI DALL&#8217;ISOLAMENTO FIDUCIARIO. NESSUN&#8217;ALTRA VARIAZIONE RISPETTO A SABATO SERA <\/strong><\/em><\/p>\n<blockquote class=\"wp-embedded-content\" data-secret=\"a1bsgYvahs\"><p><a href=\"https:\/\/www.radiopiu.net\/wordpress\/bollettino-delle-17-al-san-martino-di-belluno-non-ci-sono-piu-pazienti-ricoverati-in-regione-4-positivi-in-piu-2-belluno-torna-la-badante-dalla-moldavia-e-salgono-le-persone-in-isolamento-20\/\">BOLLETTINO DELLE 17:  tornano a calare i positivi: 1 in 24 ore, 20 attualmente positivi in meno, 1 decesso in 24 ore e 6 ricoverati in meno<\/a><\/p><\/blockquote>\n<p><iframe loading=\"lazy\" class=\"wp-embedded-content\" sandbox=\"allow-scripts\" security=\"restricted\" style=\"position: absolute; clip: rect(1px, 1px, 1px, 1px);\" title=\"&#8220;BOLLETTINO DELLE 17:  tornano a calare i positivi: 1 in 24 ore, 20 attualmente positivi in meno, 1 decesso in 24 ore e 6 ricoverati in meno&#8221; &#8212; Radio Pi\u00f9\" src=\"https:\/\/www.radiopiu.net\/wordpress\/bollettino-delle-17-al-san-martino-di-belluno-non-ci-sono-piu-pazienti-ricoverati-in-regione-4-positivi-in-piu-2-belluno-torna-la-badante-dalla-moldavia-e-salgono-le-persone-in-isolamento-20\/embed\/#?secret=a1bsgYvahs\" data-secret=\"a1bsgYvahs\" width=\"600\" height=\"338\" frameborder=\"0\" marginwidth=\"0\" marginheight=\"0\" scrolling=\"no\"><\/iframe><\/p>\n<p>&nbsp;<\/p>\n<hr \/>\n<p>&nbsp;<\/p>\n<p><strong><a class=\"dt-pswp-item\" href=\"https:\/\/www.radiopiu.net\/wordpress\/wp-content\/uploads\/2020\/03\/covid-bottacin.jpg\" data-dt-img-description=\"\" data-large_image_width=\"800\" data-large_image_height=\"600\"><img loading=\"lazy\" decoding=\"async\" class=\"wp-image-122521 alignleft\" src=\"https:\/\/www.radiopiu.net\/wordpress\/wp-content\/uploads\/2020\/03\/covid-bottacin-300x225.jpg\" alt=\"\" width=\"116\" height=\"87\" srcset=\"https:\/\/www.radiopiu.net\/wordpress\/wp-content\/uploads\/2020\/03\/covid-bottacin-300x225.jpg 300w, https:\/\/www.radiopiu.net\/wordpress\/wp-content\/uploads\/2020\/03\/covid-bottacin-768x576.jpg 768w, https:\/\/www.radiopiu.net\/wordpress\/wp-content\/uploads\/2020\/03\/covid-bottacin.jpg 800w\" sizes=\"auto, (max-width: 116px) 100vw, 116px\" \/><\/a>L&#8217;INTERVENTO A RADIO PIU&#8217; DEL ASSESSORE ALLA PROTEZIONE CIVILE DEL VENETO GIANPAOLO BOTTACIN<\/strong><\/p>\n<audio class=\"wp-audio-shortcode\" id=\"audio-144202-8\" preload=\"none\" style=\"width: 100%;\" controls=\"controls\"><source type=\"audio\/mpeg\" src=\"https:\/\/www.radiopiu.net\/wordpress\/wp-content\/uploads\/2020\/06\/BOTTACIN-14-GIUGNO.mp3?_=8\" \/><a href=\"https:\/\/www.radiopiu.net\/wordpress\/wp-content\/uploads\/2020\/06\/BOTTACIN-14-GIUGNO.mp3\">https:\/\/www.radiopiu.net\/wordpress\/wp-content\/uploads\/2020\/06\/BOTTACIN-14-GIUGNO.mp3<\/a><\/audio>\n<p>&nbsp;<\/p>\n<hr \/>\n<p>&nbsp;<\/p>\n<blockquote>\n<h3>EL SBATUDIN, LA NUOVA IDEA DEI GELATIERI DEL VENETO<\/h3>\n<\/blockquote>\n<p><strong><a class=\"dt-pswp-item\" href=\"https:\/\/www.radiopiu.net\/wordpress\/wp-content\/uploads\/2020\/06\/Schermata-2020-06-14-alle-13.21.29.png\" data-dt-img-description=\"\" data-large_image_width=\"940\" data-large_image_height=\"572\"><img loading=\"lazy\" decoding=\"async\" class=\"size-medium wp-image-144244 alignleft\" src=\"https:\/\/www.radiopiu.net\/wordpress\/wp-content\/uploads\/2020\/06\/Schermata-2020-06-14-alle-13.21.29-300x183.png\" alt=\"\" width=\"300\" height=\"183\" srcset=\"https:\/\/www.radiopiu.net\/wordpress\/wp-content\/uploads\/2020\/06\/Schermata-2020-06-14-alle-13.21.29-300x183.png 300w, https:\/\/www.radiopiu.net\/wordpress\/wp-content\/uploads\/2020\/06\/Schermata-2020-06-14-alle-13.21.29-768x467.png 768w, https:\/\/www.radiopiu.net\/wordpress\/wp-content\/uploads\/2020\/06\/Schermata-2020-06-14-alle-13.21.29.png 940w\" sizes=\"auto, (max-width: 300px) 100vw, 300px\" \/><\/a>VENEZIA <\/strong>Al termine della conferenza stampa di Luca\u00a0Zaia sono intervenuti dei gelatieri veneti che hanno presentato il gelato della rinascita. Lo &#8220;Sbatudin&#8221; \u00e8 il nome del nuovo gusto di gelato che verr\u00e0 proposto in tutte le gelaterie della regione.<\/p>\n<p><strong>LA PRESENTAZIONE DEL NUOVO GUSTO DEL GELATO<\/strong><\/p>\n<audio class=\"wp-audio-shortcode\" id=\"audio-144202-9\" preload=\"none\" style=\"width: 100%;\" controls=\"controls\"><source type=\"audio\/mpeg\" src=\"https:\/\/www.radiopiu.net\/wordpress\/wp-content\/uploads\/2020\/06\/ZAIA-GELATO-SBATUDIN.mp3?_=9\" \/><a href=\"https:\/\/www.radiopiu.net\/wordpress\/wp-content\/uploads\/2020\/06\/ZAIA-GELATO-SBATUDIN.mp3\">https:\/\/www.radiopiu.net\/wordpress\/wp-content\/uploads\/2020\/06\/ZAIA-GELATO-SBATUDIN.mp3<\/a><\/audio>\n<p>&nbsp;<\/p>\n<p>&nbsp;<\/p>\n<p>&nbsp;<\/p>\n<hr \/>\n<blockquote>\n<h2>LEGGI LA CONFERENZA STAMPA DI LUCA ZAIA<\/h2>\n<\/blockquote>\n<p>Con l&#8217;ordinanza di ieri abbiamo aperto tutto, per lo sport male che vada si va al 25 giugno. Ma il virus c&#8217;\u00e8 ancora pur non aggressivo come prima per un&#8217;evidenza empirica, cio\u00e8 i numeri della sanit\u00e0 e la vita ripresa il lockdwon \u00e8 ormai un ricordo. Mi chiedono spesso se tutto quello che \u00e8 successo era prevedibile. A Venezia abbiamo avuto un piccolo focolaio ma non \u00e8 successo nulla di grave rispetto a quanto successo ne trevigiano o padovano. E&#8217; un virus strano nei suo comportamenti, in un Comune dell&#8217;entroterra fa un disastro, in grandi assembramenti come le vie di Venezia non decolla. Oggi giornata speciale, ieri Sant&#8217;Antonio oggi la giornata del donatore e ci rivolgiamo con un grazie unico ai 135 donatori Avis e 30 mila di altre associazioni. Tante persone che ci fanno fare un figurone unico a livello nazionale internazionale perch\u00e9 uno dei piu&#8217; alti atti di civilt\u00e0. La donazione non \u00e8 solo sangue su sangue ma anche ottenimento di farmaci. <strong>IL 4 MAGGIO LA GRANDE APERTURA CON OLTRE UN MILIONE DI LAVORATORI CHE TORNAVANO AL LAVORO I RICOVERATI ERANO 1076 OGGI 271 SOLO 40 POSITIVI. OGGI QUINDI 40 RICOVERATI CONTRO 1056 IN QUARANTA GIORNI. TERAPIE INTENIVE 99 CORONAVIRUS DEL 4 MAGGIO E OGGI SOLO 1 POSITIVO (SU 13). <\/strong>Mattia 12 anni di di VIcenza con 55 bottiglie nei giorni della quarantena ha realizzato la mucca artistica. Sempre tante le donazioni dei bambini,<\/p>\n<p><strong>SCUOLA<\/strong> Il ministero ipotizza come apertura il 14 settembre, proposta avanzata anche dalle Regioni. ma Toti dalla Liguria pare non sia daccordo. Ho letto anch&#8217;io&#8230;. vediamo la bottiglia mezza piena, il 14 e&#8217; una bella idea purche&#8217; si facciano le elezioni il 6.<\/p>\n<p><strong>IN AUTO<\/strong> in auto si pu\u00f2 andare senza mascherina se conviventi, se amici ci vuole la mascherina.<\/p>\n<p><strong>SAGRE E DISCOTECHE\u00a0<\/strong> Intanto non \u00e8 vero che l&#8217;Emilia Romagna apre prima di noi, avranno fatto delle riunioni. Quindi quanto letto sulla stampa oggi \u00e8 un informazione non corretta. Nessuno ha aperto prima. Se immaginiamo che le discoteche debbano lavorare con queste linee guida all&#8217;infinito chiuderebbero tutte: MI auguro si vada a regime entro qualche settimana che \u00e8 quello che mi dicono autorevoli gestori. Abbiamo scelto di allentare come abbiamo fatto con il il resto<\/p>\n<p><strong>LA MIGLIOR RIPARTENZA<\/strong> Mi limito a 4 punti in estrema sintesi: dare l&#8217;autonomia al Veneto; poi azzerare la burocrazia; immettere fondi freschi nei settori economici strategici; agevolare il pi\u00f9 grande committente di opere, il pubblico, adottando il modello del Ponte Morandi. Infine, 5. punto, non andare col cappello in mano a chiedere fondi all&#8217;Europa. Noi siamo fra i fondatori della Ue.<br \/>\nLo scenario che avremo davanti al prossimo autunno &#8211; in caso di seconda ondata &#8211; sar\u00e0 molto diverso, sar\u00e0 un altro mondo, ma noi ora siamo preparati.<\/p>\n<p><strong>I GELATIERI\u00a0 VENETI PRESENTANO IL GELATO\u00a0 &#8220;LO SBATUDIN &#8220;<\/strong><\/p>\n<p>&nbsp;<\/p>\n<p>https:\/\/www.facebook.com\/zaiaufficiale\/videos\/1142690699436079<\/p>\n<p>&nbsp;<\/p>\n<hr \/>\n<p>&nbsp;<\/p>\n<blockquote>\n<h3>&#8220;DE COCCIO&#8221;: IL FINE SETTIMANA INIZIA SENZA SANZIONI<\/h3>\n<\/blockquote>\n<p><strong>BELLUNO<\/strong> 303 persone controllate, nessuna sanzione e nessuna denuncia. Questo il riassunto della Prefettura di Belluno sui controlli effettuati sabato dalle Forze dell&#8217;Ordine sul contenimento del Covid-19. Da inizio settimana 2 sanzioni dopo 1504 persone controllate. Sotto controllo anche gli esercizi commerciali. Nell&#8217;ultima giornata 166 le attivit\u00e0 controllate, nessuna irregolarit\u00e0 rilevata.<\/p>\n<p><a class=\"dt-pswp-item\" href=\"https:\/\/www.radiopiu.net\/wordpress\/wp-content\/uploads\/2020\/06\/MONITORAGGIO_SETTIMANALE_DEI_SERVIZI_DI_CONTROLLO_DEL_13.06.2020.jpg\" data-dt-img-description=\"\" data-large_image_width=\"1240\" data-large_image_height=\"1754\"><img loading=\"lazy\" decoding=\"async\" class=\"alignnone wp-image-144268 \" src=\"https:\/\/www.radiopiu.net\/wordpress\/wp-content\/uploads\/2020\/06\/MONITORAGGIO_SETTIMANALE_DEI_SERVIZI_DI_CONTROLLO_DEL_13.06.2020-724x1024.jpg\" alt=\"\" width=\"283\" height=\"400\" srcset=\"https:\/\/www.radiopiu.net\/wordpress\/wp-content\/uploads\/2020\/06\/MONITORAGGIO_SETTIMANALE_DEI_SERVIZI_DI_CONTROLLO_DEL_13.06.2020-724x1024.jpg 724w, https:\/\/www.radiopiu.net\/wordpress\/wp-content\/uploads\/2020\/06\/MONITORAGGIO_SETTIMANALE_DEI_SERVIZI_DI_CONTROLLO_DEL_13.06.2020-212x300.jpg 212w, https:\/\/www.radiopiu.net\/wordpress\/wp-content\/uploads\/2020\/06\/MONITORAGGIO_SETTIMANALE_DEI_SERVIZI_DI_CONTROLLO_DEL_13.06.2020-768x1086.jpg 768w, https:\/\/www.radiopiu.net\/wordpress\/wp-content\/uploads\/2020\/06\/MONITORAGGIO_SETTIMANALE_DEI_SERVIZI_DI_CONTROLLO_DEL_13.06.2020-1086x1536.jpg 1086w, https:\/\/www.radiopiu.net\/wordpress\/wp-content\/uploads\/2020\/06\/MONITORAGGIO_SETTIMANALE_DEI_SERVIZI_DI_CONTROLLO_DEL_13.06.2020.jpg 1240w\" sizes=\"auto, (max-width: 283px) 100vw, 283px\" \/><\/a><\/p>\n<p>&nbsp;<\/p>\n<p>&nbsp;<\/p>\n<hr \/>\n<p>&nbsp;<\/p>\n<div class=\"page-title-head hgroup\">\n<blockquote>\n<h3 class=\"entry-title\">MISTER DINAMITE, IL RAGAZZO DEL FOLLADOR OSPITE DEL ROTARY CLUB BELLUNO<\/h3>\n<\/blockquote>\n<\/div>\n<div class=\"page-title-breadcrumbs\">\n<p><strong><a class=\"dt-pswp-item\" href=\"https:\/\/www.radiopiu.net\/wordpress\/wp-content\/uploads\/2020\/06\/danilo_coppe_felice_gaiardo.jpg\" data-dt-img-description=\"\" data-large_image_width=\"1600\" data-large_image_height=\"900\"><img loading=\"lazy\" decoding=\"async\" class=\"alignleft size-medium wp-image-144409\" src=\"https:\/\/www.radiopiu.net\/wordpress\/wp-content\/uploads\/2020\/06\/danilo_coppe_felice_gaiardo-300x169.jpg\" alt=\"\" width=\"300\" height=\"169\" srcset=\"https:\/\/www.radiopiu.net\/wordpress\/wp-content\/uploads\/2020\/06\/danilo_coppe_felice_gaiardo-300x169.jpg 300w, https:\/\/www.radiopiu.net\/wordpress\/wp-content\/uploads\/2020\/06\/danilo_coppe_felice_gaiardo-1024x576.jpg 1024w, https:\/\/www.radiopiu.net\/wordpress\/wp-content\/uploads\/2020\/06\/danilo_coppe_felice_gaiardo-768x432.jpg 768w, https:\/\/www.radiopiu.net\/wordpress\/wp-content\/uploads\/2020\/06\/danilo_coppe_felice_gaiardo-1536x864.jpg 1536w, https:\/\/www.radiopiu.net\/wordpress\/wp-content\/uploads\/2020\/06\/danilo_coppe_felice_gaiardo.jpg 1600w\" sizes=\"auto, (max-width: 300px) 100vw, 300px\" \/><\/a>BELLUNO<\/strong> <span style=\"font-family: Helvetica Neue, serif;\"><span style=\"font-size: small;\"><span lang=\"it-IT\">Cinquecento kg di dinamite per il cemento armato e 180 kg per sollevare l\u2019acqua, 30 kg di <\/span><\/span><\/span><span style=\"font-family: Helvetica Neue, serif;\"><span style=\"font-size: small;\"><span lang=\"it-IT\"><i>semtex<\/i><\/span><\/span><\/span><span style=\"font-family: Helvetica Neue, serif;\"><span style=\"font-size: small;\"><span lang=\"it-IT\"> per gli stralli, 5.000 m di micce detonanti per il cemento e l\u2019acqua, 3.000.000 di litri d\u2019acqua sollevata, 1.5 km di vasche, 30.000 litri di acqua per 12 idranti e 6 <\/span><\/span><\/span><span style=\"font-family: Helvetica Neue, serif;\"><span style=\"font-size: small;\"><span lang=\"it-IT\"><i>cannon fog, <\/i><\/span><\/span><\/span><span style=\"font-family: Helvetica Neue, serif;\"><span style=\"font-size: small;\"><span lang=\"it-IT\">3.000 persone evacuate. Non stiamo parlando di una ricetta culinaria, ma dei numeri che hanno portato alla demolizione del ponte Morandi di Genova, avvenuta il 28 giugno del 2019 ad opera di Danilo Coppe e del suo staff.\u00a0 <\/span><\/span><\/span><span style=\"font-family: Helvetica Neue, serif;\"><span style=\"font-size: small;\"><span lang=\"it-IT\">E proprio Danilo Coppe, geominerario esplosivista, laureato in Scienze Criminologiche e della Sicurezza ed esperto di <\/span><\/span><\/span><span style=\"font-family: Helvetica Neue, serif;\"><span style=\"font-size: small;\"><span lang=\"it-IT\"><i>blasting engineering<\/i><\/span><\/span><\/span><span style=\"font-family: Helvetica Neue, serif;\"><span style=\"font-size: small;\"><span lang=\"it-IT\"> con oltre 700 interventi di esplosivistica civile documentati, \u00e8 stato il protagonista della videconferenza \u201cesplosiva\u201d organizzata dal Rotary Club Belluno nella serata di gioved\u00ec 12 giugno.\u00a0 <\/span><\/span><\/span><span style=\"font-family: Helvetica Neue, serif;\"><span style=\"font-size: small;\"><span lang=\"it-IT\">Parmigiano, ma con origini anche venete e orgoglioso &#8211; come da lui pi\u00f9 volte sottolineato &#8211; di essersi diplomato all\u2019Istituto minerario \u201cFollador\u201d di Agordo (Belluno), Coppe ha una carriera quasi quarantennale. Fondatore e progettista della SIAG srl di Parma (azienda italiana leader nelle demolizioni con esplosivi), oltre che fondatore e presidente dell\u2019Istituto Ricerche Esplosivistiche, Coppe si occupa di esplosioni controllate di torri, palazzi, acquedotti, ponti, campanili, \u201ceco-mostri\u201d, operando in situazioni delicate e decisive come il\u00a0 brillamento del ponte Morandi a Genova, ma anche portando avanti un lavoro di ricerca e di indagini investigative. Un esempio: l\u2019ultima perizia sugli esplosivi utilizzati per la strage di Bologna. <\/span><\/span><\/span><span style=\"font-family: Helvetica Neue, serif;\"><span style=\"font-size: small;\"><span lang=\"it-IT\">E proprio in occasione del conviviale del Rotary Club di Belluno ha raccontato di come, assieme al suo staff, ha demolito il ponte Morandi. <\/span><\/span><\/span><span style=\"font-family: Helvetica Neue, serif;\"><span style=\"font-size: small;\">\u00ab<\/span><\/span><span style=\"font-family: Helvetica Neue, serif;\"><span style=\"font-size: small;\"><span lang=\"it-IT\">Un abbattimento non certo semplice &#8211; ha messo in evidenza Coppe &#8211; e con il quale abbiamo dovuto risolvere diverse \u201crogne\u201d\u00bb. Dieci \u201crogne\u201d per essere precisi: dalle dimensioni notevoli del ponte alla <\/span><\/span><\/span><span style=\"font-family: Helvetica Neue, serif;\"><span style=\"font-size: small;\"><span lang=\"it-IT\"><i>class action<\/i><\/span><\/span><\/span><span style=\"font-family: Helvetica Neue, serif;\"><span style=\"font-size: small;\"><span lang=\"it-IT\"> di una parte di cittadini genovesi, che supponevano che la struttura prossima all\u2019abbattimento fosse potenzialmente pericolosa perch\u00e9 contenente amianto con particelle di ofiolite e crisolito, per non parlare della polvere che si sarebbe alzata; dal viadotto della A7, dove erano stati ancorati gli stalli nuovi alla presenza dell\u2019elicoidale; dal rispetto delle scadenze in programma alla alta temperatura del mese di giugno, che stava creando dei problemi con la dinamite esposta al sole; dalle interferenze con le altre maestranze al fattore tempo, con la piramide degli intervalli al momento dell\u2019esplosione. <\/span><\/span><\/span><span style=\"font-family: Helvetica Neue, serif;\"><span style=\"font-size: small;\">\u00ab<\/span><\/span><span style=\"font-family: Helvetica Neue, serif;\"><span style=\"font-size: small;\"><span lang=\"it-IT\">Per non parlare &#8211; ha continuato Coppe &#8211; dello stress mediatico\u00bb. A metterci la faccia infatti \u00e8 stato proprio Danilo Coppe. Cos\u00ec titolava la prima pagina del \u201cResto del Carlino\u201d il giorno in cui era stata programmata la demolizione: \u201cFaccio saltare il ponte. Mister dinamite stamattina abbatte il moncone del Morandi. Sei secondi e sparir\u00e0\u201d. <\/span><\/span><\/span><span style=\"font-family: Helvetica Neue, serif;\"><span style=\"font-size: small;\">\u00ab<\/span><\/span><span style=\"font-family: Helvetica Neue, serif;\"><span style=\"font-size: small;\"><span lang=\"it-IT\">Tanti mi chiedono cosa ho provato il minuto prima di azionare il famoso pulsante &#8211; ha concluso Coppe &#8211; Assolutamente nulla rispondo, perch\u00e9 la concentrazione che devi avere per calcolare la piramide del tempo dev\u2019essere totale, altrimenti se uno si facesse prendere dall\u2019emozione non potrebbe gestire l\u2019operazione\u00bb. <\/span><\/span><\/span><span style=\"font-family: Helvetica Neue, serif;\"><span style=\"font-size: small;\"><span lang=\"it-IT\">Il conviviale si \u00e8 concluso con il tradizionale rintocco della campana da parte del presidente del Rotary Club di Belluno, Felice Gaiardo, e con l\u2019omaggio a Danilo Coppe della pubblicazione \u201cBelluno la citt\u00e0 splendente\u201d.<\/span><\/span><\/span><\/p>\n<h4 class=\"western\" lang=\"it-IT\" align=\"JUSTIFY\"><\/h4>\n<\/div>\n<p>&nbsp;<\/p>\n<hr \/>\n<blockquote>\n<h3><\/h3>\n<h3>VISITA AL CARCERE DI BALDENICH. DE CARLO E ADDAMIANO: \u201cGRAZIE AGLI AGENTI PER IL LORO LAVORO DURANTE L&#8217;EMERGENZA COVID. SIAMO VICINI AGLI UOMINI DELLO STATO\u201d<\/h3>\n<\/blockquote>\n<p><strong><a class=\"dt-pswp-item\" href=\"https:\/\/www.radiopiu.net\/wordpress\/wp-content\/uploads\/2020\/06\/DE-CARLO-BALDENICH.jpg\" data-dt-img-description=\"\" data-large_image_width=\"1600\" data-large_image_height=\"1276\"><img loading=\"lazy\" decoding=\"async\" class=\"size-medium wp-image-144239 alignleft\" src=\"https:\/\/www.radiopiu.net\/wordpress\/wp-content\/uploads\/2020\/06\/DE-CARLO-BALDENICH-300x239.jpg\" alt=\"\" width=\"300\" height=\"239\" srcset=\"https:\/\/www.radiopiu.net\/wordpress\/wp-content\/uploads\/2020\/06\/DE-CARLO-BALDENICH-300x239.jpg 300w, https:\/\/www.radiopiu.net\/wordpress\/wp-content\/uploads\/2020\/06\/DE-CARLO-BALDENICH-1024x817.jpg 1024w, https:\/\/www.radiopiu.net\/wordpress\/wp-content\/uploads\/2020\/06\/DE-CARLO-BALDENICH-768x612.jpg 768w, https:\/\/www.radiopiu.net\/wordpress\/wp-content\/uploads\/2020\/06\/DE-CARLO-BALDENICH-1536x1225.jpg 1536w, https:\/\/www.radiopiu.net\/wordpress\/wp-content\/uploads\/2020\/06\/DE-CARLO-BALDENICH.jpg 1600w\" sizes=\"auto, (max-width: 300px) 100vw, 300px\" \/><\/a>BELLUNO\u00a0<\/strong>Visita al carcere di Baldenich, a Belluno, per il deputato e coordinatore veneto di Fratelli d&#8217;Italia, Luca De Carlo, e il consigliere comunale Raffaele Addamiano; una visita che arriva a poche ore dalla grande rivolta che ha visto protagonisti i detenuti del carcere di Santa Maria Capua Vetere. \u201c<em>Abbiamo voluto portare la nostra solidariet\u00e0 agli agenti di polizia penitenziaria e ringraziarli per il lavoro svolto, soprattutto durante l&#8217;emergenza Covid\u201d, sottolineano De Carlo e Addamiano. \u201cNoi saremo sempre al fianco degli uomini dello Stato<\/em>\u201d.<br \/>\nPer De Carlo, questa non \u00e8 stata la prima visita al penitenziario bellunese: \u201cLa situazione purtroppo \u00e8 nota: gli 80 agenti in servizio sono notevolmente sotto organico, le condizioni di lavoro sono difficili e, seppur in misura minore rispetto a altre realt\u00e0, anche qui si sono registrate ribellioni e aggressioni\u201d, ricorda De Carlo, che gi\u00e0 nei mesi scorsi si era attivato chiedendo nuovo personale e la chiusura e trasferimento della sezione di salute mentale.\u00a0\u201c<em>Nonostante queste enormi difficolt\u00e0, tutto il personale, dalla direttrice agli agenti, ha dimostrato ancora una volta un grandissimo senso di responsabilit\u00e0, e per questo abbiamo voluto ringraziarli personalmente<\/em>\u201d, gli fa eco Addamiano.\u00a0I due rappresentanti FdI hanno anche raccolto l&#8217;esperienza degli operatori durante l&#8217;emergenza Covid: \u201c<em>Si sono registrati quattro casi di positivit\u00e0, ma questo non ha fermato il loro lavoro, anche se questo li ha sottoposti a turni massacranti. Tra le tante categorie che hanno continuato il proprio operato durante i mesi di lockdown, quella degli agenti penitenziari viene spesso dimenticata, nonostante abbiano garantito la sicurezza in periodi e condizioni particolarmente complicati. Lo Stato deve essere vicino ai suoi uomini, e con questa visita abbiamo voluto dare un segnale di questa vicinanz<\/em>a\u201d, concludono De Carlo e Addamiano.<\/p>\n<p>&nbsp;<\/p>\n<p>&nbsp;<\/p>\n<hr \/>\n<p>&nbsp;<\/p>\n<blockquote>\n<h3>BELLUNO-SANREMO IN SETTE GIORNI TRA GUADI E FANGO PER PURIFICARSI DALLA QUARANTENA<\/h3>\n<\/blockquote>\n<p><strong><a class=\"dt-pswp-item\" href=\"https:\/\/www.radiopiu.net\/wordpress\/wp-content\/uploads\/2020\/06\/104007702_10223840697433372_4512083099160336692_o.jpg\" data-dt-img-description=\"\" data-large_image_width=\"960\" data-large_image_height=\"656\"><img loading=\"lazy\" decoding=\"async\" class=\"alignleft wp-image-144301\" src=\"https:\/\/www.radiopiu.net\/wordpress\/wp-content\/uploads\/2020\/06\/104007702_10223840697433372_4512083099160336692_o-300x205.jpg\" alt=\"\" width=\"222\" height=\"152\" srcset=\"https:\/\/www.radiopiu.net\/wordpress\/wp-content\/uploads\/2020\/06\/104007702_10223840697433372_4512083099160336692_o-300x205.jpg 300w, https:\/\/www.radiopiu.net\/wordpress\/wp-content\/uploads\/2020\/06\/104007702_10223840697433372_4512083099160336692_o-768x525.jpg 768w, https:\/\/www.radiopiu.net\/wordpress\/wp-content\/uploads\/2020\/06\/104007702_10223840697433372_4512083099160336692_o.jpg 960w\" sizes=\"auto, (max-width: 222px) 100vw, 222px\" \/><\/a>BELLUNO<\/strong> Durante la quarantena, probabilmente, Luca e Simone hanno studiato i percorsi e oliato la catena e appena l&#8217;estate ha bussato alla porta non hanno esitato a dare concretezza al loro progetto. Una lunga pedalata lungo strade sterrate da Belluno a Sanremo in Liguria <em>&#8220;un tour catartico per purificarsi dai giorni del lockdown&#8221;<\/em>. Luca Vignazia e Simone Scarella ce l&#8217;hanno fatta nonostante il tempo incerto e sono stati premiati. CI sono stati giorni duri, anche 4 ore consecutive di pioggia sulla schiena tra guardi e fango.\u00a0 <strong>1 tappa: Belluno &#8211; Mantova<\/strong> Km 230 &#8211; dislivello 1000 mt; <strong>2 tappa: Mantova &#8211; Podenzana<\/strong> Km 196 &#8211; dislivello 2000 mt. <strong>3 tappa: Podenzana &#8211; Passo del Bocco<\/strong> Km 96 &#8211; dislivello 3000 mt. <strong>4 tappa: Passo del Bocco &#8211; Montoggio<\/strong> Km 103 &#8211; dislivello 2300 mt. <strong>5 tappa: Montoggio &#8211; Sassello<\/strong> Km 102 &#8211; dislivello 2700 mt.<strong> 6 tappa: Sassello &#8211; Bardineto<\/strong> Km 81 &#8211; dislivello 2100 mt.<strong> 7 tappa: Bardineto &#8211; Sanremo<\/strong> Km 122 &#8211; dislivello 3600 mt.<\/p>\n<blockquote><p><em>AI MICROFONI DI RADIO PIU&#8217; IL RACCONTO DI UN&#8217;AVVENTURA DA INCORNICIARE, DI LUCA\u00a0 VIGNAZIA<\/em><\/p><\/blockquote>\n<audio class=\"wp-audio-shortcode\" id=\"audio-144202-10\" preload=\"none\" style=\"width: 100%;\" controls=\"controls\"><source type=\"audio\/mpeg\" src=\"https:\/\/www.radiopiu.net\/wordpress\/wp-content\/uploads\/2020\/06\/vignaziatre.mp3?_=10\" \/><a href=\"https:\/\/www.radiopiu.net\/wordpress\/wp-content\/uploads\/2020\/06\/vignaziatre.mp3\">https:\/\/www.radiopiu.net\/wordpress\/wp-content\/uploads\/2020\/06\/vignaziatre.mp3<\/a><\/audio>\n<p>&nbsp;<\/p>\n<p>&nbsp;<\/p>\n<hr \/>\n<p>&nbsp;<\/p>\n<blockquote>\n<h3>RIPRENDONO IL CONSUETO ORARIO GLI UFFICI POSTALI DI ALLEGHE E QUERO<\/h3>\n<\/blockquote>\n<p><a class=\"dt-pswp-item\" href=\"https:\/\/www.radiopiu.net\/wordpress\/wp-content\/uploads\/2020\/05\/POSTE-ITALIANE.png\" data-dt-img-description=\"\" data-large_image_width=\"436\" data-large_image_height=\"88\"><img loading=\"lazy\" decoding=\"async\" class=\"size-medium wp-image-141305 alignleft\" src=\"https:\/\/www.radiopiu.net\/wordpress\/wp-content\/uploads\/2020\/05\/POSTE-ITALIANE-300x61.png\" alt=\"\" width=\"300\" height=\"61\" srcset=\"https:\/\/www.radiopiu.net\/wordpress\/wp-content\/uploads\/2020\/05\/POSTE-ITALIANE-300x61.png 300w, https:\/\/www.radiopiu.net\/wordpress\/wp-content\/uploads\/2020\/05\/POSTE-ITALIANE.png 436w\" sizes=\"auto, (max-width: 300px) 100vw, 300px\" \/><\/a>Poste Italiane ha comunicato che da oggi riprenderanno il consueto orario gli uffici postali di Alleghe e di Quero, il primo sito in Corso Italia 36 (presso il municipio), il secondo in via Dante 4. I due uffici saranno aperti da luned\u00ec a venerd\u00ec dalle ore 8.20 alle ore 13.35 e il sabato dalle ore 8.20 alle ore 12.35. L\u2019ufficio postale di Soranzen, invece, aprir\u00e0 marted\u00ec e gioved\u00ec dalle ore 8.20 alle ore 13.45 e il sabato dalle ore 8.20 alle ore 12.45 (anzich\u00e9 luned\u00ec, mercoled\u00ec e venerd\u00ec).<\/p>\n<p>&nbsp;<\/p>\n<p>&nbsp;<\/p>\n<hr \/>\n<p>&nbsp;<\/p>\n<p>&nbsp;<\/p>\n<p>&nbsp;<\/p>\n<blockquote class=\"wp-embedded-content\" data-secret=\"puulc5qQaF\"><p><a href=\"https:\/\/www.radiopiu.net\/wordpress\/la-malaburocrazia-e-i-mancati-pagamenti-della-pa-costano-alle-imprese-venete-quasi-10-miliardi-allanno\/\">LA MALABUROCRAZIA E I  MANCATI PAGAMENTI DELLA PA COSTANO ALLE IMPRESE VENETE QUASI 10 MILIARDI ALL\u2019ANNO<\/a><\/p><\/blockquote>\n<p><iframe loading=\"lazy\" class=\"wp-embedded-content\" sandbox=\"allow-scripts\" security=\"restricted\" style=\"position: absolute; clip: rect(1px, 1px, 1px, 1px);\" title=\"&#8220;LA MALABUROCRAZIA E I  MANCATI PAGAMENTI DELLA PA COSTANO ALLE IMPRESE VENETE QUASI 10 MILIARDI ALL\u2019ANNO&#8221; &#8212; Radio Pi\u00f9\" src=\"https:\/\/www.radiopiu.net\/wordpress\/la-malaburocrazia-e-i-mancati-pagamenti-della-pa-costano-alle-imprese-venete-quasi-10-miliardi-allanno\/embed\/#?secret=puulc5qQaF\" data-secret=\"puulc5qQaF\" width=\"600\" height=\"338\" frameborder=\"0\" marginwidth=\"0\" marginheight=\"0\" scrolling=\"no\"><\/iframe><\/p>\n<p>&nbsp;<\/p>\n<hr \/>\n<p>&nbsp;<\/p>\n<blockquote>\n<h3>SAN GIOVANNI TAKE-AWAY<\/h3>\n<\/blockquote>\n<p><strong class=\"photoswipe-wrapper\"><a class=\"dt-pswp-item pspw-wrap-ready\" href=\"https:\/\/i0.wp.com\/www.radiopiu.net\/wordpress\/wp-content\/uploads\/2020\/06\/san-giovanni-2020.jpg?ssl=1\" data-dt-img-description=\"\" data-large_image_width=\"1131\" data-large_image_height=\"1599\"><img loading=\"lazy\" decoding=\"async\" class=\"wp-image-143920 alignleft jetpack-lazy-image jetpack-lazy-image--handled\" src=\"https:\/\/i0.wp.com\/www.radiopiu.net\/wordpress\/wp-content\/uploads\/2020\/06\/san-giovanni-2020.jpg?resize=82%2C116&amp;ssl=1\" sizes=\"auto, (max-width: 82px) 100vw, 82px\" srcset=\"https:\/\/i0.wp.com\/www.radiopiu.net\/wordpress\/wp-content\/uploads\/2020\/06\/san-giovanni-2020.jpg?resize=212%2C300&amp;ssl=1 212w, https:\/\/i0.wp.com\/www.radiopiu.net\/wordpress\/wp-content\/uploads\/2020\/06\/san-giovanni-2020.jpg?resize=724%2C1024&amp;ssl=1 724w, https:\/\/i0.wp.com\/www.radiopiu.net\/wordpress\/wp-content\/uploads\/2020\/06\/san-giovanni-2020.jpg?resize=768%2C1086&amp;ssl=1 768w, https:\/\/i0.wp.com\/www.radiopiu.net\/wordpress\/wp-content\/uploads\/2020\/06\/san-giovanni-2020.jpg?resize=1086%2C1536&amp;ssl=1 1086w, https:\/\/i0.wp.com\/www.radiopiu.net\/wordpress\/wp-content\/uploads\/2020\/06\/san-giovanni-2020.jpg?w=1131&amp;ssl=1 1131w\" alt=\"\" width=\"82\" height=\"116\" data-recalc-dims=\"1\" data-lazy-loaded=\"1\" \/><\/a>CANALE D\u2019AGORDO\u00a0<\/strong>La sagra di San Giovanni a Canale cambia forma dopo l\u2019emergenza Coronavirus. Il 20 e 21 giugno i piatti della tradizione sono per asporto. Frittura di pesce, baccal\u00e0 con polenta, seppie in umido, dessert speciale e bibite. Basta fare lo scontrino alla cassa e ritirare le pietanze presso la Baita dei cacciatori in via soia. Si effettua anche la consegna a domicilio nei comuni di Canale, Vallada e Falcade. Basta ordinare al numero 331 5458317.<\/p>\n<p>&nbsp;<\/p>\n<p>&nbsp;<\/p>\n<hr \/>\n<p>&nbsp;<\/p>\n<blockquote>\n<h3>CORSO PER OPERATORE DI BASE AL PR RANCH DI LA VALLE<\/h3>\n<\/blockquote>\n<p><strong>LA VALLE AGORDINA\u00a0<\/strong>Il 27 e 28 giugno presso il PR Ranch di La Valle, verranno effettuati i corsi di base con rilascio di abilitazione di terzo grado Endas Equestre. Per informazioni allegro.luciano@gmail.com o 340 9652578<\/p>\n<p>&nbsp;<\/p>\n<p>&nbsp;<\/p>\n<hr \/>\n<p>&nbsp;<\/p>\n<blockquote class=\"wp-embedded-content\" data-secret=\"NU0ptmBUNm\"><p><a href=\"https:\/\/www.radiopiu.net\/wordpress\/matteo-cesa-pittore-fra-i-piu-dotati-del-400-500-con-bottega-a-belluno-di-renato-bona\/\">MATTEO CESA: PITTORE FRA I PIU\u2019 DOTATI DEL \u2018400-\u2018500 (CON \u201cBOTTEGA\u201d A BELLUNO) di Renato Bona<\/a><\/p><\/blockquote>\n<p><iframe loading=\"lazy\" class=\"wp-embedded-content\" sandbox=\"allow-scripts\" security=\"restricted\" style=\"position: absolute; clip: rect(1px, 1px, 1px, 1px);\" title=\"&#8220;MATTEO CESA: PITTORE FRA I PIU\u2019 DOTATI DEL \u2018400-\u2018500 (CON \u201cBOTTEGA\u201d A BELLUNO) di Renato Bona&#8221; &#8212; Radio Pi\u00f9\" src=\"https:\/\/www.radiopiu.net\/wordpress\/matteo-cesa-pittore-fra-i-piu-dotati-del-400-500-con-bottega-a-belluno-di-renato-bona\/embed\/#?secret=NU0ptmBUNm\" data-secret=\"NU0ptmBUNm\" width=\"600\" height=\"338\" frameborder=\"0\" marginwidth=\"0\" marginheight=\"0\" scrolling=\"no\"><\/iframe><\/p>\n<p>&nbsp;<\/p>\n<hr \/>\n<p>&nbsp;<\/p>\n<h2><a class=\"dt-pswp-item\" href=\"https:\/\/www.radiopiu.net\/wordpress\/wp-content\/uploads\/2020\/06\/download-9.jpg\" data-dt-img-description=\"\" data-large_image_width=\"188\" data-large_image_height=\"269\"><img loading=\"lazy\" decoding=\"async\" class=\"alignleft size-full wp-image-144442\" src=\"https:\/\/www.radiopiu.net\/wordpress\/wp-content\/uploads\/2020\/06\/download-9.jpg\" alt=\"\" width=\"188\" height=\"269\" \/><\/a><\/h2>\n<h2><\/h2>\n<h2><\/h2>\n<h2><\/h2>\n<h2>IERI ALLA RADIO<\/h2>\n<h3><span style=\"color: #ff0000;\">LA RASSEGNA STAMPA DALL\u2019AMICO DEL POPOLO di Gianni Santomaso\u00a0<\/span><\/h3>\n<audio class=\"wp-audio-shortcode\" id=\"audio-144202-11\" preload=\"none\" style=\"width: 100%;\" controls=\"controls\"><source type=\"audio\/mpeg\" src=\"https:\/\/www.radiopiu.net\/wordpress\/wp-content\/uploads\/2020\/06\/RASSEGNA-GIANNI-1.mp3?_=11\" \/><a href=\"https:\/\/www.radiopiu.net\/wordpress\/wp-content\/uploads\/2020\/06\/RASSEGNA-GIANNI-1.mp3\">https:\/\/www.radiopiu.net\/wordpress\/wp-content\/uploads\/2020\/06\/RASSEGNA-GIANNI-1.mp3<\/a><\/audio>\n<p>&nbsp;<\/p>\n<h3><span style=\"color: #339966;\">AGORDINOMERON<\/span><\/h3>\n<p><iframe loading=\"lazy\" class=\"wp-embedded-content\" title=\"\u201cAGORDINOMERON, IL TERRITORIO SI RACCONTA Da un\u2019idea di Gianni Santomaso\u201d \u2014 Radio Pi\u00f9\" src=\"https:\/\/www.radiopiu.net\/wordpress\/agordinomeron\/embed\/#?secret=wOyQjKg0K4\" width=\"600\" height=\"346\" frameborder=\"0\" marginwidth=\"0\" marginheight=\"0\" scrolling=\"no\" sandbox=\"allow-scripts\" data-secret=\"wOyQjKg0K4\" data-mce-fragment=\"1\"><\/iframe><\/p>\n<h3><span style=\"color: #3366ff;\">IL MESSAGGIO DEI SACERDOTI A RADIO PIU\u2019<\/span><\/h3>\n<p><iframe loading=\"lazy\" class=\"wp-embedded-content\" title=\"\u201cI NOSTRI PARROCI, SU RADIO PIU\u2019 ALLE 7.30 E 19.30, PARROCCHIE DI AGORDO, LA VALLE E TAIBON\u201d \u2014 Radio Pi\u00f9\" src=\"https:\/\/www.radiopiu.net\/wordpress\/chiesa11\/embed\/#?secret=XqFP20e4Ve\" width=\"600\" height=\"381\" frameborder=\"0\" marginwidth=\"0\" marginheight=\"0\" scrolling=\"no\" sandbox=\"allow-scripts\" data-secret=\"XqFP20e4Ve\" data-mce-fragment=\"1\"><\/iframe><\/p>\n<p>&nbsp;<\/p>\n<hr \/>\n<p>&nbsp;<\/p>\n<p><strong class=\"photoswipe-wrapper\"><a class=\"dt-pswp-item pspw-wrap-ready\" href=\"https:\/\/i0.wp.com\/www.radiopiu.net\/wordpress\/wp-content\/uploads\/2018\/09\/viabilita.jpeg?ssl=1\" data-dt-img-description=\"\" data-large_image_width=\"800\" data-large_image_height=\"100\"><img loading=\"lazy\" decoding=\"async\" class=\"aligncenter wp-image-61954 size-full jetpack-lazy-image jetpack-lazy-image--handled\" src=\"https:\/\/i0.wp.com\/www.radiopiu.net\/wordpress\/wp-content\/uploads\/2018\/09\/viabilita.jpeg?resize=800%2C100&amp;ssl=1\" sizes=\"auto, (max-width: 800px) 100vw, 800px\" srcset=\"https:\/\/i0.wp.com\/www.radiopiu.net\/wordpress\/wp-content\/uploads\/2018\/09\/viabilita.jpeg?w=800&amp;ssl=1 800w, https:\/\/i0.wp.com\/www.radiopiu.net\/wordpress\/wp-content\/uploads\/2018\/09\/viabilita.jpeg?resize=300%2C38&amp;ssl=1 300w, https:\/\/i0.wp.com\/www.radiopiu.net\/wordpress\/wp-content\/uploads\/2018\/09\/viabilita.jpeg?resize=768%2C96&amp;ssl=1 768w\" alt=\"\" width=\"800\" height=\"100\" data-lazy-loaded=\"1\" \/><\/a><\/strong><\/p>\n<p><strong>\u00a0<\/strong><\/p>\n<p>PROVINCIALE 20 DELLA VAL FIORENTINA, SELVA DI CADORE: FINO AL 4 LUGLIO, CHIUSURA TOTALE TRA SOLATOR E IL CENTRO DEL PAESE ANCHE NEI GIORNI FESTIVI E PREFESTIVI, DAL CHILOMETRO 4.850 AL CHILOMETRO 5.100. TRANSITO CONSENTITO AI LOCALI CON TEMPI DI ATTESA MASSIMI STIMATI IN 30 MINUTI IN LOCALITA\u2019 SOLATOR DAL CHILOMETRO 4.400 AL CHILOMETRO 4.850<\/p>\n<p>REGIONALE 203 AGORDINA FINO AL 20 GIUGNO IN LOCALIT\u00c0 LA MUDA DEVIAZIONE SU VIABILIT\u00c0 PROVVISORIA, PRUDENZA<\/p>\n<p>PROVINCIALE 12 PEDEMONTANA LOCALIT\u00c0 PONTE MAS, CHIUSURA TOTALE DI PONTE MAS FINO\u00a0 AL 30 GIUGNO<\/p>\n<p>STRADA REGIONALE 48 DELLE DOLOMITI, DAL KM 110,350 AL KM 112, SENSO UNICO ALTERNATO REGOLATO DA IMPIANTO SEMAFORICO ANCHE SABATO E FESTIVI FINO\u00a0 AL 30 GIUGNO PER POSA ELETTRODOTTO INTERRATO<\/p>\n<p>PROVINCIALE 563 DI SALESEI, FINO\u00a0 AL 3 LUGLIO, SENSO UNICO ALTERNATO REGOLATO DA IMPIANTO SEMAFORICO IN LOCALIT\u00c0 DIGONERA PER MESSA IN SICUREZZA PIANO VIABILE, SABATO E FESTIVI INCLUSI<\/p>\n<p>REGIONALE 203 AGORDINA, CANDATEN-LA STANGA, FINO\u00a0 AL 30 GIUGNO INCLUSI SABATO E DOMENICA DALLE 7.30 ALLE 9 E DALLE 16.30 ALLE 18 SENSO UNICO ALTERNATO CON MOVIERI, NEGLI ALTRI PERIODI SENSO UNICO CON SEMAFORO.<\/p>\n<p>PROVINCIALE 563 DI SALESEI, FINO AL\u00a0 19 GIUGNO, DOMENICHE E FESTIVI ESCLUSI, SENSO UNICO ALTERNATO REGOLATO DA IMPIANTO SEMAFORICO E POSSIBILI BREVI INTERRUZIONI AL TRAFFICO DI 15 MINUTI PER MESSA IN SICUREZZA VERSANTE A MONTE DELLA STRADA<\/p>\n<p>STRADA PROVINCIALE 346 DEL SAN PELLEGRINO, NEI COMUNI DI FALCADE, CANALE E VALLADA, FINO\u00a0 AL 3 LUGLIO, INCLUSI SABATI E DOMENICHE, POSSIBILE ISTITUZIONE DI SENSO UNICO ALTERNATO REGOLATO DA MOVIERI PER SOSTITUZIONE CONDUTTORI E MANUTENZIONE LINEA ELETTRICA ALTA TENSIONE<\/p>\n<p>REGIONALE 203 AGORDINA, NEL COMUNE DI CENCENIGHE, FINO\u00a0 AL 3 LUGLIO, INCLUSI SABATI E DOMENICHE, POSSIBILE ISTITUZIONE DI SENSO UNICO ALTERNATO REGOLATO DA MOVIERI PER SOSTITUZIONE CONDUTTORI E MANUTENZIONE LINEA ELETTRICA ALTA TENSIONE<\/p>\n<p>STRADA PROVINCIALE 422 DELL\u2019ALPAGO E DEL CANSIGLIO, FINO AL\u00a0 19 GIUGNO, DALLE 8 ALLE 19, SENSO UNICO ALTERNATO REGOLATO DA IMPIANTO SEMAFORICO O MOVIERE PER POSA FIBRA OTTICA<\/p>\n<p>STRADA PROVINCIALE 346 DEL SAN PELLEGRINO, NEL COMUNE DI VALLADA AGORDINA\u00a0 FINO AL\u00a0 19 GIUGNO SENSO UNICO ALTERNATO REGOLATO DA IMPIANTO SEMAFORICO PER MESSA IN SICUREZZA BARRIERE DI PROTEZIONE LATERALI<\/p>\n<p>STRADA REGIONA 203 AGORDINA, TRA MAS DI SEDICO E CERNADOI SU TRATTI SALTUARI DI STRADA, FINO\u00a0 AL 30 GIUGNO, ESCLUSO SABATO E DOMENICA, SENSO UNICO ALTERNATO REGOLATO DA IMPIANTO SEMAFORICO PER MESSA IN SICUREZZA BARRIERE DI PROTEZIONE LATERALI<\/p>\n<p>STRADA PROVINCIALE 347 DEL PASSO CEREDA E DURAN, NEL COMUNE DI GOSALDO (LOC. SANT\u2019ANDREA),\u00a0 FINO\u00a0 AL 20 GIUGNO SENSO UNICO ALTERNATO REGOLATO DA IMPIANTO SEMAFORICO PER MESSA IN SICUREZZA DELLA STRADA<\/p>\n<p>STRADA PROVINCIALE 347 DEL PASSO CEREDA E DURAN, NEL COMUNE DI AGORDO, FINO\u00a0 AL 26 GIUGNO SENSO UNICO ALTERNATO REGOLATO DA IMPIANTO SEMAFORICO PER POSA FIBRA OTTICA<\/p>\n<p>STRADA REGIONALE 48 DELLE DOLOMITI, NEL COMUNE DI LIVINALLONGO DEL COL DI LANA IN LOCALITA\u2019 ANDRAZ, FINO\u00a0 AL 30 GIUGNO SENSO UNICO ALTERNATO REGOLATO DA IMPIANTO SEMAFORICO O MOVIERE CON POSSIBILI BREVI INTERRUZIONI TOTALI AL TRAFFICO DELLA DURATA MASSIMA DI 10 MINUTI, PER LAVORI DI MESSA IN SICUREZZA DEL VERSANTE<\/p>\n<p>STRADA PROVINCIALE 641 DEL PASSO FEDAIA, A SOTTOGUDA DI ROCCA PIETORE,FINO\u00a0 AL 19 GIUGNO, DALLE 7 ALLE 12 E DALLE 13 ALLE 18 ESCLUSI SABATO E DOMENICA, SENSO UNICO ALTERNATO REGOLATO DA MOVIERI PER RIPRISTINO PIANO VIABILE SU CAVIDOTTO MEDIA TENSIONE.<\/p>\n<p>48 DELLE DOLOMITI, LOCALITA\u2019 ANDRAZ DI LIVINALLONGO, FINO\u00a0 AL 26 GIUGNO SENSO UNICO CON SEMAFORO<\/p>\n<p>STRADA REGIONALE 203 AGORDINA TRA PERON E CANDATEN, DAL 15 GIUGNO AL 31 LUGLIO ESCLUSI SABATI E DOMENICHE, DALLE 7:30 ALLE 9 E E DALLE 16:30 ALLE 18 SENSO UNICO ALTERNATO REGOLATO DA MOVIERI. NEGLI ALTRI ORARI SENSO UNICO ALTERNATO REGOLATO DA SEMAFORO PER INTERRAMENTO CAVIDOTTO E-DISTRIBUZIONE<\/p>\n<p>&nbsp;<\/p>\n<hr \/>\n<p>&nbsp;<\/p>\n<p><a class=\"dt-pswp-item\" href=\"https:\/\/www.radiopiu.net\/wordpress\/wp-content\/uploads\/2018\/09\/sport.jpg\" data-dt-img-description=\"\" data-large_image_width=\"800\" data-large_image_height=\"100\"><img loading=\"lazy\" decoding=\"async\" class=\"aligncenter wp-image-60761 size-full\" src=\"https:\/\/www.radiopiu.net\/wordpress\/wp-content\/uploads\/2018\/09\/sport.jpg\" alt=\"\" width=\"800\" height=\"100\" srcset=\"https:\/\/www.radiopiu.net\/wordpress\/wp-content\/uploads\/2018\/09\/sport.jpg 800w, https:\/\/www.radiopiu.net\/wordpress\/wp-content\/uploads\/2018\/09\/sport-300x38.jpg 300w, https:\/\/www.radiopiu.net\/wordpress\/wp-content\/uploads\/2018\/09\/sport-768x96.jpg 768w\" sizes=\"auto, (max-width: 800px) 100vw, 800px\" \/><\/a><\/p>\n<p>&nbsp;<\/p>\n<blockquote>\n<h3>YARI MASOCH RIMANE AL BELLUNO CALCIO<\/h3>\n<\/blockquote>\n<p><strong><a class=\"dt-pswp-item\" href=\"https:\/\/www.radiopiu.net\/wordpress\/wp-content\/uploads\/2020\/06\/YARI-MASOCH.jpeg\" data-dt-img-description=\"\" data-large_image_width=\"1183\" data-large_image_height=\"787\"><img loading=\"lazy\" decoding=\"async\" class=\" wp-image-144362 alignleft\" src=\"https:\/\/www.radiopiu.net\/wordpress\/wp-content\/uploads\/2020\/06\/YARI-MASOCH-300x200.jpeg\" alt=\"\" width=\"189\" height=\"126\" srcset=\"https:\/\/www.radiopiu.net\/wordpress\/wp-content\/uploads\/2020\/06\/YARI-MASOCH-300x200.jpeg 300w, https:\/\/www.radiopiu.net\/wordpress\/wp-content\/uploads\/2020\/06\/YARI-MASOCH-1024x681.jpeg 1024w, https:\/\/www.radiopiu.net\/wordpress\/wp-content\/uploads\/2020\/06\/YARI-MASOCH-768x511.jpeg 768w, https:\/\/www.radiopiu.net\/wordpress\/wp-content\/uploads\/2020\/06\/YARI-MASOCH.jpeg 1183w\" sizes=\"auto, (max-width: 189px) 100vw, 189px\" \/><\/a>BELLUNO<\/strong> Dopo la firma di Stefano Mosca, anche Yari Masoch continua la sua carriera calcistica al Belluno. Il giocatore di Gosaldo per l\u2019undicesima stagione consecutiva vestir\u00e0 la maglia della squadra capoluogo di provincia. Dopo alcune settimane per ragionare sul proprio futuro, Masoch ha firmato per un\u2019altra stagione in Serie D con il Belluno<\/p>\n<p><strong>YARI MASOCH, GIOCATORE DEL BELLUNO<\/strong><\/p>\n<audio class=\"wp-audio-shortcode\" id=\"audio-144202-12\" preload=\"none\" style=\"width: 100%;\" controls=\"controls\"><source type=\"audio\/mpeg\" src=\"https:\/\/www.radiopiu.net\/wordpress\/wp-content\/uploads\/2020\/06\/YARI-MASOCH-11-ANNI-AL-BELLUNO.mp3?_=12\" \/><a href=\"https:\/\/www.radiopiu.net\/wordpress\/wp-content\/uploads\/2020\/06\/YARI-MASOCH-11-ANNI-AL-BELLUNO.mp3\">https:\/\/www.radiopiu.net\/wordpress\/wp-content\/uploads\/2020\/06\/YARI-MASOCH-11-ANNI-AL-BELLUNO.mp3<\/a><\/audio>\n<p>&nbsp;<\/p>\n<p>&nbsp;<\/p>\n<hr \/>\n<p>&nbsp;<\/p>\n<p class=\"photoswipe-wrapper\"><a class=\"dt-pswp-item pspw-wrap-ready\" href=\"https:\/\/i0.wp.com\/www.radiopiu.net\/wordpress\/wp-content\/uploads\/2018\/09\/WhatsApp-Image-2018-09-20-at-16.04.06.jpeg?ssl=1\" data-dt-img-description=\"\" data-large_image_width=\"800\" data-large_image_height=\"100\"><img loading=\"lazy\" decoding=\"async\" class=\"aligncenter wp-image-61378 size-full jetpack-lazy-image jetpack-lazy-image--handled\" src=\"https:\/\/i0.wp.com\/www.radiopiu.net\/wordpress\/wp-content\/uploads\/2018\/09\/WhatsApp-Image-2018-09-20-at-16.04.06.jpeg?resize=800%2C100&amp;ssl=1\" sizes=\"auto, (max-width: 800px) 100vw, 800px\" srcset=\"https:\/\/i0.wp.com\/www.radiopiu.net\/wordpress\/wp-content\/uploads\/2018\/09\/WhatsApp-Image-2018-09-20-at-16.04.06.jpeg?w=800&amp;ssl=1 800w, https:\/\/i0.wp.com\/www.radiopiu.net\/wordpress\/wp-content\/uploads\/2018\/09\/WhatsApp-Image-2018-09-20-at-16.04.06.jpeg?resize=300%2C38&amp;ssl=1 300w, https:\/\/i0.wp.com\/www.radiopiu.net\/wordpress\/wp-content\/uploads\/2018\/09\/WhatsApp-Image-2018-09-20-at-16.04.06.jpeg?resize=768%2C96&amp;ssl=1 768w\" alt=\"\" width=\"800\" height=\"100\" data-lazy-loaded=\"1\" \/><\/a><\/p>\n<p>&nbsp;<\/p>\n<p><center><b>Lunedi 15<\/b><\/center><b>Tempo atteso:\u00a0<\/b>Al mattino annuvolamenti irregolari, con tendenza ad aumento della nuvolosit\u00e0 medio-alta da nord-est. Nel pomeriggio-sera nuvoloso o molto nuvoloso per nubi medio-alte, anche dense sulle Prealpi, dove saranno pi\u00f9 probabili dei fenomeni.<br \/>\n<b>Precipitazioni:\u00a0<\/b>Al mattino assenti (0%), nel pomeriggio possibili piovaschi, soprattutto sulle Prealpi (probabilit\u00e0 60-70% sulle Prealpi, 30-40% sulle Dolomiti)<br \/>\n<b>Temperature:\u00a0<\/b>Minime in lieve diminuzione nelle valli, massime generalmente stazionarie. Su Prealpi a 1500 m min 12\u00b0C max 13\u00b0C, a 2000 m min 8\u00b0C max 11\u00b0C. Su Dolomiti a 2000 m min 5\u00b0C max 10\u00b0C, a 3000 m min 0\u00b0C max 2\u00b0C.<br \/>\n<b>Venti:\u00a0<\/b>Nelle valli deboli di direzione variabile; in quota in genere deboli settentrionali, salvo rinforzi al primo mattino sulle cime prealpine, 5-20 km\/h a 2000 m, 10-15 km\/h a 3000 m.<\/p>\n<hr \/>\n<p><center><b>Martedi 16<\/b><\/center><b>Tempo atteso:\u00a0<\/b>Giornata in prevalenza nuvolosa, ma con pochi fenomeni. Al mattino estesa nuvolosit\u00e0 sulle Dolomiti con possibili, deboli fenomeni, mentre sulle Prealpi la nuvolosit\u00e0 sar\u00e0 meno compatta, con qualche schiarita sui settori veronese e vicentino. Nel pomeriggio ovunque irregolarmente nuvoloso, con poche schiarite e possibilit\u00e0 di qualche debole fenomeno.<br \/>\n<b>Precipitazioni:\u00a0<\/b>Al mattino possibili piovaschi sulle Dolomiti (50-60%), non escluse anche sulle Prealpi (30%). Nel pomeriggio possibili piovaschi sia sulle Dolomiti che sulle Prealpi (40-50%).<br \/>\n<b>Temperature:\u00a0<\/b>In lieve diminuzione, salvo aumentare leggermente le minime nelle valli. Su Prealpi a 1500 m min 10\u00b0C max 13\u00b0C, a 2000 m min 7\u00b0C max 10\u00b0C. Su Dolomiti a 2000 m min 5\u00b0C max 9\u00b0C, a 3000 m min -1\u00b0C max 1\u00b0C.<br \/>\n<b>Venti:\u00a0<\/b>Nelle valli in genere deboli, variabili; in quota deboli o moderati da nord-est, 5-15 km\/h a 2000 m e 10-20 km\/h a 3000 m.<\/p>\n<hr \/>\n<p><center><b>Mercoledi 17<\/b><\/center>Cielo irregolarmente nuvoloso, pur con parziali schiarite, e possibilit\u00e0 di piovaschi o rovesci sia nella notte\/mattino che nel pomeriggio\/sera. Temperature senza notevoli variazioni. Venti in quota generalmente deboli da sud-ovest.<\/p>\n<hr \/>\n<p><center><b>Giovedi 18<\/b><\/center>Cielo ancora irregolarmente nuvoloso, con parziali schiarite al mattino, ma rispetto a mercoled\u00ec con maggiore probabilit\u00e0 di rovesci o temporali da met\u00e0 giornata in poi. Temperature stazionarie o in lieve calo. Venti in quota ancora in prevalenza deboli, di direzione variabile. Previsore: B.R.<\/p>\n","protected":false},"excerpt":{"rendered":"<p>PER RICEVERE QUESTO NOTIZIARIO DIRETTAMENTE SUL TUO CELLULARE ISCRIVITI AL CANALE TELEGRAM\u00a0\u201cRADIO PIU\u00a0 INFORMAZIONE\u201d\u00a0 &nbsp; &nbsp; PROVINCIALE 20 CAPRILE-SELVA DI CADORE. PROROGA ORDINANZA DI CHIUSURA FINO AL 4 LUGLIO: STRADA TOTALMENTE CHIUSA IN LOCALITA\u2019 SOLATOR ANCHE SABATO E DOMENICA. TRANSITO CONSENTITO AI LOCALI CON TEMPI DI ATTESA FINO A 30 MINUTI 203 AGORDINA, FINO AL&hellip;<\/p>\n","protected":false},"author":4,"featured_media":144402,"comment_status":"closed","ping_status":"closed","sticky":false,"template":"","format":"standard","meta":{"_monsterinsights_skip_tracking":false,"_monsterinsights_sitenote_active":false,"_monsterinsights_sitenote_note":"","_monsterinsights_sitenote_category":0,"footnotes":""},"categories":[1,86,49],"tags":[],"class_list":["post-144202","post","type-post","status-publish","format-standard","has-post-thumbnail","hentry","category-senza-categoria","category-gr","category-news-18","category-1","category-86","category-49","description-off"],"img_url":"https:\/\/www.radiopiu.net\/wordpress\/wp-content\/uploads\/2020\/06\/104053464_10222684421915840_6824512446381159978_o.jpg","_links":{"self":[{"href":"https:\/\/www.radiopiu.net\/wordpress\/wp-json\/wp\/v2\/posts\/144202","targetHints":{"allow":["GET"]}}],"collection":[{"href":"https:\/\/www.radiopiu.net\/wordpress\/wp-json\/wp\/v2\/posts"}],"about":[{"href":"https:\/\/www.radiopiu.net\/wordpress\/wp-json\/wp\/v2\/types\/post"}],"author":[{"embeddable":true,"href":"https:\/\/www.radiopiu.net\/wordpress\/wp-json\/wp\/v2\/users\/4"}],"replies":[{"embeddable":true,"href":"https:\/\/www.radiopiu.net\/wordpress\/wp-json\/wp\/v2\/comments?post=144202"}],"version-history":[{"count":0,"href":"https:\/\/www.radiopiu.net\/wordpress\/wp-json\/wp\/v2\/posts\/144202\/revisions"}],"wp:featuredmedia":[{"embeddable":true,"href":"https:\/\/www.radiopiu.net\/wordpress\/wp-json\/wp\/v2\/media\/144402"}],"wp:attachment":[{"href":"https:\/\/www.radiopiu.net\/wordpress\/wp-json\/wp\/v2\/media?parent=144202"}],"wp:term":[{"taxonomy":"category","embeddable":true,"href":"https:\/\/www.radiopiu.net\/wordpress\/wp-json\/wp\/v2\/categories?post=144202"},{"taxonomy":"post_tag","embeddable":true,"href":"https:\/\/www.radiopiu.net\/wordpress\/wp-json\/wp\/v2\/tags?post=144202"}],"curies":[{"name":"wp","href":"https:\/\/api.w.org\/{rel}","templated":true}]}}