{"id":144246,"date":"2020-06-15T06:01:30","date_gmt":"2020-06-15T04:01:30","guid":{"rendered":"https:\/\/www.radiopiu.net\/wordpress\/?p=144246"},"modified":"2020-06-15T09:26:25","modified_gmt":"2020-06-15T07:26:25","slug":"centralina-idroelettrica-sulla-liera-alta-accolto-il-ricorso","status":"publish","type":"post","link":"https:\/\/www.radiopiu.net\/wordpress\/centralina-idroelettrica-sulla-liera-alta-accolto-il-ricorso\/","title":{"rendered":"CENTRALINA IDROELETTRICA SULLA LIERA ALTA: ACCOLTO IL RICORSO"},"content":{"rendered":"<p><strong><a class=\"dt-pswp-item\" href=\"https:\/\/www.radiopiu.net\/wordpress\/wp-content\/uploads\/2020\/06\/CANALE-DAGORDO-8.jpg\" data-dt-img-description=\"\" data-large_image_width=\"960\" data-large_image_height=\"720\"><img loading=\"lazy\" decoding=\"async\" class=\"size-medium wp-image-142137 alignleft\" src=\"https:\/\/www.radiopiu.net\/wordpress\/wp-content\/uploads\/2020\/06\/CANALE-DAGORDO-8-300x225.jpg\" alt=\"\" width=\"300\" height=\"225\" srcset=\"https:\/\/www.radiopiu.net\/wordpress\/wp-content\/uploads\/2020\/06\/CANALE-DAGORDO-8-300x225.jpg 300w, https:\/\/www.radiopiu.net\/wordpress\/wp-content\/uploads\/2020\/06\/CANALE-DAGORDO-8-768x576.jpg 768w, https:\/\/www.radiopiu.net\/wordpress\/wp-content\/uploads\/2020\/06\/CANALE-DAGORDO-8.jpg 960w\" sizes=\"auto, (max-width: 300px) 100vw, 300px\" \/><\/a>CANALE D&#8217;AGORDO<\/strong> A nome del comitato &#8220;Cittadini Per Il Territorio&#8221;, Giulia Fiocco con una lettera aperta comunica che \u00e8 stato accolto il ricorso per la centralina idroelettrica sella Liera Alta a Canale.<\/p>\n<blockquote><p>&nbsp;<\/p>\n<p>La notizia \u00e8 certa, abbiamo potuto infatti leggere la sentenza che ci \u00e8 stata inviata dall\u2019 avvocato Matteo Ceruti, del Foro di Rovigo, che ha seguito la causa.\u00a0Il Tribunale Superiore delle Acque Pubbliche (Roma) ha accolto il ricorso presentato dai cittadini di Canale d\u2019 Agordo:<span class=\"Apple-converted-space\">\u00a0 <\/span>ha annullato pertanto la concessione dell\u2019 acqua per la realizzazione di un nuovo impianto idroelettrico sul torrente Liera che la Provincia di Belluno aveva rilasciato alla Societ\u00e0 Dolomiti Derivazioni S.r.l. nell\u2019 ottobre del 2016.<span class=\"Apple-converted-space\">\u00a0\u00a0<\/span>In estrema sintesi, il Tribunale ha accolto il principio in base al quale le valutazioni di carattere ambientale devono precedere e non seguire il rilascio della concessione.\u00a0L\u2019 idea del ricorso al TSAP, maturata tra fine 2016 e inizi 2017, si \u00e8 concretizzata grazie alla collaborazione convinta di molte persone, singoli ed associazioni, che hanno supportato in vari modi, anche finanziariamente, l\u2019 iniziativa del comitato \u201cCittadini per il territorio\u201d di Canale d\u2019 Agordo.<span class=\"Apple-converted-space\">\u00a0<\/span>Questo risultato, che abbiamo accolto con gioia e soddisfazione, \u00e8 un\u2019 ulteriore conferma di una nostra convinzione profonda: per qualcosa che vale<span class=\"Apple-converted-space\">\u00a0 <\/span>bisogna impegnarsi sempre, con convinzione e coraggio, senza ripensamenti e senza mai rinunciare alla speranza di poter al fine raggiungere l\u2019 obiettivo che ci si \u00e8 posti. Qualcosa di buono ne verr\u00e0 fuori, sicuramente.\u00a0A tutte le persone che hanno creduto in questa iniziativa, che l\u2019 hanno appoggiata in qualunque forma, va il nostro sincero grazie. Ai singoli cittadini, ai pescatori di Canale e pi\u00f9 in generale del Bacino di pesca n. 5, a Mountain Wilderness e al Comitato bellunese Acqua Bene Comune le cui firme erano<span class=\"Apple-converted-space\">\u00a0 <\/span>indispensabili per il ricorrere, alla signora Lucia Ruffato che si batte da anni in difesa dei torrenti, alla direzione del campeggio Lastei e<span class=\"Apple-converted-space\">\u00a0 <\/span>ad altri. Speriamo davvero di non aver dimenticato nessuno\u2026.\u00a0A questo punto (tanto per smorzare un po\u2019 la nostra gioia) \u00e8 doveroso dire, come previsto dalla legge,<span class=\"Apple-converted-space\">\u00a0 <\/span>che <i>\u201cI soccombenti hanno 45 giorni dall&#8217;avviso del 9 giugno scorso per proporre eventuale impugnazione alle Sezioni Unite della Corte di Cassazione\u201d.<span class=\"Apple-converted-space\">\u00a0<\/span><\/i>Noi tuttavia speriamo vivamente che la cosa finisca qui. Vedremo\u2026<\/p><\/blockquote>\n","protected":false},"excerpt":{"rendered":"<p>CANALE D&#8217;AGORDO A nome del comitato &#8220;Cittadini Per Il Territorio&#8221;, Giulia Fiocco con una lettera aperta comunica che \u00e8 stato accolto il ricorso per la centralina idroelettrica sella Liera Alta a Canale. &nbsp; La notizia \u00e8 certa, abbiamo potuto infatti leggere la sentenza che ci \u00e8 stata inviata dall\u2019 avvocato Matteo Ceruti, del Foro di&hellip;<\/p>\n","protected":false},"author":4,"featured_media":142137,"comment_status":"closed","ping_status":"closed","sticky":false,"template":"","format":"standard","meta":{"_monsterinsights_skip_tracking":false,"_monsterinsights_sitenote_active":false,"_monsterinsights_sitenote_note":"","_monsterinsights_sitenote_category":0,"footnotes":""},"categories":[49],"tags":[],"class_list":["post-144246","post","type-post","status-publish","format-standard","has-post-thumbnail","hentry","category-news-18","category-49","description-off"],"img_url":"https:\/\/www.radiopiu.net\/wordpress\/wp-content\/uploads\/2020\/06\/CANALE-DAGORDO-8.jpg","_links":{"self":[{"href":"https:\/\/www.radiopiu.net\/wordpress\/wp-json\/wp\/v2\/posts\/144246","targetHints":{"allow":["GET"]}}],"collection":[{"href":"https:\/\/www.radiopiu.net\/wordpress\/wp-json\/wp\/v2\/posts"}],"about":[{"href":"https:\/\/www.radiopiu.net\/wordpress\/wp-json\/wp\/v2\/types\/post"}],"author":[{"embeddable":true,"href":"https:\/\/www.radiopiu.net\/wordpress\/wp-json\/wp\/v2\/users\/4"}],"replies":[{"embeddable":true,"href":"https:\/\/www.radiopiu.net\/wordpress\/wp-json\/wp\/v2\/comments?post=144246"}],"version-history":[{"count":0,"href":"https:\/\/www.radiopiu.net\/wordpress\/wp-json\/wp\/v2\/posts\/144246\/revisions"}],"wp:featuredmedia":[{"embeddable":true,"href":"https:\/\/www.radiopiu.net\/wordpress\/wp-json\/wp\/v2\/media\/142137"}],"wp:attachment":[{"href":"https:\/\/www.radiopiu.net\/wordpress\/wp-json\/wp\/v2\/media?parent=144246"}],"wp:term":[{"taxonomy":"category","embeddable":true,"href":"https:\/\/www.radiopiu.net\/wordpress\/wp-json\/wp\/v2\/categories?post=144246"},{"taxonomy":"post_tag","embeddable":true,"href":"https:\/\/www.radiopiu.net\/wordpress\/wp-json\/wp\/v2\/tags?post=144246"}],"curies":[{"name":"wp","href":"https:\/\/api.w.org\/{rel}","templated":true}]}}