{"id":144317,"date":"2020-06-14T23:58:54","date_gmt":"2020-06-14T21:58:54","guid":{"rendered":"https:\/\/www.radiopiu.net\/wordpress\/?p=144317"},"modified":"2020-06-14T18:22:18","modified_gmt":"2020-06-14T16:22:18","slug":"matteo-cesa-pittore-fra-i-piu-dotati-del-400-500-con-bottega-a-belluno-di-renato-bona","status":"publish","type":"post","link":"https:\/\/www.radiopiu.net\/wordpress\/matteo-cesa-pittore-fra-i-piu-dotati-del-400-500-con-bottega-a-belluno-di-renato-bona\/","title":{"rendered":"MATTEO CESA: PITTORE FRA I PIU\u2019 DOTATI DEL \u2018400-\u2018500 (CON \u201cBOTTEGA\u201d A BELLUNO) di Renato Bona"},"content":{"rendered":"<p><strong><a class=\"dt-pswp-item\" href=\"https:\/\/www.radiopiu.net\/wordpress\/wp-content\/uploads\/2019\/08\/553085_385905871470280_1626001170_n-1.jpg\" data-dt-img-description=\"\" data-large_image_width=\"855\" data-large_image_height=\"569\"><img loading=\"lazy\" decoding=\"async\" class=\" wp-image-94594 alignleft\" src=\"https:\/\/www.radiopiu.net\/wordpress\/wp-content\/uploads\/2019\/08\/553085_385905871470280_1626001170_n-1-300x200.jpg\" alt=\"\" width=\"198\" height=\"132\" srcset=\"https:\/\/www.radiopiu.net\/wordpress\/wp-content\/uploads\/2019\/08\/553085_385905871470280_1626001170_n-1-300x200.jpg 300w, https:\/\/www.radiopiu.net\/wordpress\/wp-content\/uploads\/2019\/08\/553085_385905871470280_1626001170_n-1-768x511.jpg 768w, https:\/\/www.radiopiu.net\/wordpress\/wp-content\/uploads\/2019\/08\/553085_385905871470280_1626001170_n-1.jpg 855w\" sizes=\"auto, (max-width: 198px) 100vw, 198px\" \/><\/a>di Renato Bona<\/strong><\/p>\n<p>La professoressa Gabriella Dalla Vestra ha tracciato per il Dizionario biografico degli italiani (volume 24 del 1980) il profilo, ospitato sul sito treccani.it\/enciclopedia, di Matteo Cesa che sarebbe divenuto (lo scrive la libera enciclopedia Wikipedia) pittore tra i pi\u00f9 dotati della seconda met\u00e0 del \u2018400 e i primi del \u2018500, formandosi nella bottega di Simone da Cusighe ed in seguito tenendo a Belluno una delle pi\u00f9 fiorenti botteghe artistiche.<br \/>\nLa docente bellunese spiega che Matteo, figlio di Donato detto Giovanni, pittore, nacque a Belluno nell\u2019anno 1425 circa, e ricevette probabilmente la prima educazione artistica nella stessa citt\u00e0, nella bottega del padre, che era originario del vicino villaggio di Cesa. Ancora la Dalla Vestra: \u201cA Belluno fu \u2018massaro\u2019 o amministratore della Confraternita di Santa Maria dei Battuti e spos\u00f2 una Laurentia\u201d. Ricorda quindi che \u201cNell\u2019ambiente operavano alcuni modesti artefici locali, pittori, miniaturisti, intagliatori, i quali accettavano, in una arcaica trascrizione provinciale, influssi delle correnti veneto-bizantina e bolognese-romagnola.<br \/>\nLa critica richiama quindi \u201cil persistere di una tradizione che attribuisce al Cesa varie opere di incerto autore e la continuit\u00e0 di esperienza e di forme, che si ritrova nell\u2019opera pittorica del figlio Antonio e nelle prime opere di Antonio Rosso di Cadore, fanno desumere che certamente egli ebbe in Belluno la pi\u00f9 importante bottega dell\u2019epoca, in cui si lavorava di pittura e di scultura, come era costume degli artefici bellunesi e come \u00e8 attestato dalle cornici originali dorate, con cuspidi gotiche e fiorami, racchiudenti le tavole del Museo e della chiesa di Cet (Belluno)\u201d. Come che sia, la prima opera certa, composta forse intorno al 1446, firmata \u201cOpus Mathei\u201d, \u00e8 il trittico a tempera su tavola, con ricca cornice originale, del Museo di Belluno, rappresentante la Madonna col Bambino in trono tra l\u2019arcangelo Michele e un santo vescovo, che denuncia ancora caratteri di quattrocentismo provinciale tardogotico; una certa evoluzione nel linguaggio pittorico per maggiore plasticit\u00e0, concisione, scioltezza, si nota nel trittico firmato, a tempera su tavola, con cornice originale, della chiesa di Cet, con Madonna e Bambino in trono tra San Sebastiano e Santa Lucia, assegnabile a una data tra il 1450 e il 1458. Probabilmente allo stesso periodo appartengono i disegni a sanguigna di volti femminili, inseriti in una pagina del Codice del catasto dei beni della Confraternita di Santa Maria dei Battuti di Belluno, la cui prima pagina reca la data 1458 e la firma\u2019Matia fiollo de Maistro Don\u00e0 da Cessa\u2019. Nei successivi tre dipinti, conservati negli Staatliche Museen di Berlino est (Bode Museum), eseguiti nel 1460-90, il Cesa aderisce pi\u00f9 strettamente a esempi vivarineschi, di cui ebbe forte conoscenza anche attraverso la pala di Alvise posta sull\u2019altar maggiore della chiesa dei Battuti di Belluno nel decennio 1480-90: la Madonna col Bambino benedicente e i simboli degli Evangelisti \u00e8 probabilmente la tavola centrale di un polittico gi\u00e0 esistente nella chiesa di San Nicol\u00f2 di Caleipo (Belluno), di cui sono perdute le quattro laterali con Scene della vita di San Nicola.<br \/>\nAvviandosi a conclusione la Dalla Vestra sottolinea il fatto che rimane memoria documentaria di diverse opere di Matteo Cesa ora disperse: una Sacra Famiglia e san Giovanni Battista che era gi\u00e0 in casa Pagani (Belluno); frammenti di affresco nel villaggio di Cesa e nella chiesa di Sagrogna con Madonna, Bambino e Sant\u2019Antonio abate; un trittico, su tavola, firmato, gi\u00e0 nella chiesa di Madeago con Madonna e Bambino in trono fra due santi, ancora in loco ai primi del Novecento; quindi un trittico gi\u00e0 in un tabernacolo vicino alla chiesa di San Pietro in Campo con Madonna e Bambino fra i santi Pietro e Paolo, entro altarino gotico con l\u2019incisione: \u2018Maheus Pinxit et Intaiavit\u2019; un frammento di pannello con patrono inginocchiato gi\u00e0 di propriet\u00e0 Pagani e firmato \u2018Opus Mathei\u2019; una tavola con Madonna e Bambino e nove scene della Vita della Madonna gi\u00e0 nella chiesa di Sargnano; una scultura in tutto tondo gi\u00e0 nella canonica di Castellavazzo rappresentante la Madonna in trono con Bambino firmata \u2018Opus Mathei de Cesa\u2019; la pala lignea con Madonna, Bambino e santi nella cappella Cesa della chiesa di Santo Stefano.<br \/>\nRicordato che il Comune di Belluno ha intitolato a Matteo Cesa la via che dalla sponda destra del Ponte nuovo va verso la Cerva, richiamiamo quelle che secondo Wikipedia sarebbero le opere pi\u00f9 celebri dell\u2019artista bellunese: Trittico della Madonna (Museo civico di Belluno); Madonna in trono fra sei Santi (chiesa di Santo Stefano); Madonna in trono con i simboli Evangelici (Staatliche Museen di Berlino); Madonna in trono fra i santi Andrea, Apollonia, Caterina, Francesco (stesso museo tedesco); Madonna della Misericordia (Convento di San Lazzaro degli Armeni di Venezia); Annunciata (stesso convento), Pala Cet (chiesa di Santa Lucia di Cet, Belluno).<br \/>\nNELLE FOTO (Renato Bona, Pinacoteca dell&#8217;Accademia Carrara, Izi.travel; Fondazione Zeri.Unibo, sothebys.com, Tripadvisor): la tabella e la via che a Belluno portano il nome di Matteo Cesa; Madonna con Bambino; Madonna con Bambino in trono; Madonna con Bambino in trono, Sant\u2019Andrea, Sant\u2019Apollonia, Santa Caterina d\u2019Alessandria, San Francesco d\u2019Assisi; la nascita e la presentazione della Vergine Maria nel tempio; la dormizione della Maria Vergine; la chiesa di Cet di Belluno; gruppo ligneo policromo nella chiesa bellunese di Santo Stefano.<\/p>\n\n\t\t\t<style type='text\/css'>\n\t\t\t\t#gallery-1 {\n\t\t\t\t\tmargin: auto;\n\t\t\t\t}\n\t\t\t\t#gallery-1 .gallery-item {\n\t\t\t\t\tfloat: left;\n\t\t\t\t\tmargin-top: 10px;\n\t\t\t\t\ttext-align: center;\n\t\t\t\t\twidth: 33%;\n\t\t\t\t}\n\t\t\t\t#gallery-1 img {\n\t\t\t\t\tborder: 2px solid #cfcfcf;\n\t\t\t\t}\n\t\t\t\t#gallery-1 .gallery-caption {\n\t\t\t\t\tmargin-left: 0;\n\t\t\t\t}\n\t\t\t\t\/* see gallery_shortcode() in wp-includes\/media.php *\/\n\t\t\t<\/style>\n\t\t<div id='gallery-1' class='dt-gallery-container gallery galleryid-144317 gallery-columns-3 gallery-size-thumbnail'><dl class='gallery-item'>\n\t\t\t\t<dt class='gallery-icon portrait'>\n\t\t\t\t\t<a class=\"rollover\" href='https:\/\/www.radiopiu.net\/wordpress\/104012060_584258549162218_982227106518936390_n\/'><img loading=\"lazy\" decoding=\"async\" width=\"150\" height=\"150\" src=\"https:\/\/www.radiopiu.net\/wordpress\/wp-content\/uploads\/2020\/06\/104012060_584258549162218_982227106518936390_n-150x150.jpg\" class=\"attachment-thumbnail size-thumbnail\" alt=\"\" \/><\/a>\n\t\t\t\t<\/dt><\/dl><dl class='gallery-item'>\n\t\t\t\t<dt class='gallery-icon landscape'>\n\t\t\t\t\t<a class=\"rollover\" href='https:\/\/www.radiopiu.net\/wordpress\/104205320_717990448954174_4107742373545476822_n\/'><img loading=\"lazy\" decoding=\"async\" width=\"150\" height=\"150\" src=\"https:\/\/www.radiopiu.net\/wordpress\/wp-content\/uploads\/2020\/06\/104205320_717990448954174_4107742373545476822_n-150x150.jpg\" class=\"attachment-thumbnail size-thumbnail\" alt=\"\" \/><\/a>\n\t\t\t\t<\/dt><\/dl><dl class='gallery-item'>\n\t\t\t\t<dt class='gallery-icon portrait'>\n\t\t\t\t\t<a class=\"rollover\" href='https:\/\/www.radiopiu.net\/wordpress\/104026384_713292912760502_5105240241994081670_n\/'><img loading=\"lazy\" decoding=\"async\" width=\"150\" height=\"150\" src=\"https:\/\/www.radiopiu.net\/wordpress\/wp-content\/uploads\/2020\/06\/104026384_713292912760502_5105240241994081670_n-150x150.jpg\" class=\"attachment-thumbnail size-thumbnail\" alt=\"\" \/><\/a>\n\t\t\t\t<\/dt><\/dl><br style=\"clear: both\" \/><dl class='gallery-item'>\n\t\t\t\t<dt class='gallery-icon landscape'>\n\t\t\t\t\t<a class=\"rollover\" href='https:\/\/www.radiopiu.net\/wordpress\/104333301_576794523025019_5335343426558596103_n\/'><img loading=\"lazy\" decoding=\"async\" width=\"150\" height=\"150\" src=\"https:\/\/www.radiopiu.net\/wordpress\/wp-content\/uploads\/2020\/06\/104333301_576794523025019_5335343426558596103_n-150x150.jpg\" class=\"attachment-thumbnail size-thumbnail\" alt=\"\" \/><\/a>\n\t\t\t\t<\/dt><\/dl><dl class='gallery-item'>\n\t\t\t\t<dt class='gallery-icon landscape'>\n\t\t\t\t\t<a class=\"rollover\" href='https:\/\/www.radiopiu.net\/wordpress\/103986345_299341441468417_3297336375488340391_n\/'><img loading=\"lazy\" decoding=\"async\" width=\"150\" height=\"150\" src=\"https:\/\/www.radiopiu.net\/wordpress\/wp-content\/uploads\/2020\/06\/103986345_299341441468417_3297336375488340391_n-150x150.jpg\" class=\"attachment-thumbnail size-thumbnail\" alt=\"\" \/><\/a>\n\t\t\t\t<\/dt><\/dl><dl class='gallery-item'>\n\t\t\t\t<dt class='gallery-icon landscape'>\n\t\t\t\t\t<a class=\"rollover\" href='https:\/\/www.radiopiu.net\/wordpress\/104088360_1763655837141912_8190660767668254167_n\/'><img loading=\"lazy\" decoding=\"async\" width=\"150\" height=\"150\" src=\"https:\/\/www.radiopiu.net\/wordpress\/wp-content\/uploads\/2020\/06\/104088360_1763655837141912_8190660767668254167_n-150x150.jpg\" class=\"attachment-thumbnail size-thumbnail\" alt=\"\" srcset=\"https:\/\/www.radiopiu.net\/wordpress\/wp-content\/uploads\/2020\/06\/104088360_1763655837141912_8190660767668254167_n-150x150.jpg 150w, https:\/\/www.radiopiu.net\/wordpress\/wp-content\/uploads\/2020\/06\/104088360_1763655837141912_8190660767668254167_n.jpg 225w\" sizes=\"auto, (max-width: 150px) 100vw, 150px\" \/><\/a>\n\t\t\t\t<\/dt><\/dl><br style=\"clear: both\" \/><dl class='gallery-item'>\n\t\t\t\t<dt class='gallery-icon portrait'>\n\t\t\t\t\t<a class=\"rollover\" href='https:\/\/www.radiopiu.net\/wordpress\/103964720_710454653046863_6379670195892070456_n\/'><img loading=\"lazy\" decoding=\"async\" width=\"150\" height=\"150\" src=\"https:\/\/www.radiopiu.net\/wordpress\/wp-content\/uploads\/2020\/06\/103964720_710454653046863_6379670195892070456_n-150x150.jpg\" class=\"attachment-thumbnail size-thumbnail\" alt=\"\" \/><\/a>\n\t\t\t\t<\/dt><\/dl><dl class='gallery-item'>\n\t\t\t\t<dt class='gallery-icon portrait'>\n\t\t\t\t\t<a class=\"rollover\" href='https:\/\/www.radiopiu.net\/wordpress\/104105832_331176394534043_4750158481347081473_n\/'><img loading=\"lazy\" decoding=\"async\" width=\"150\" height=\"150\" src=\"https:\/\/www.radiopiu.net\/wordpress\/wp-content\/uploads\/2020\/06\/104105832_331176394534043_4750158481347081473_n-150x150.jpg\" class=\"attachment-thumbnail size-thumbnail\" alt=\"\" \/><\/a>\n\t\t\t\t<\/dt><\/dl><dl class='gallery-item'>\n\t\t\t\t<dt class='gallery-icon landscape'>\n\t\t\t\t\t<a class=\"rollover\" href='https:\/\/www.radiopiu.net\/wordpress\/82271116_254381582508364_3520887050905243963_n\/'><img loading=\"lazy\" decoding=\"async\" width=\"150\" height=\"150\" src=\"https:\/\/www.radiopiu.net\/wordpress\/wp-content\/uploads\/2020\/06\/82271116_254381582508364_3520887050905243963_n-150x150.jpg\" class=\"attachment-thumbnail size-thumbnail\" alt=\"\" \/><\/a>\n\t\t\t\t<\/dt><\/dl><br style=\"clear: both\" \/>\n\t\t\t<\/div>\n\n","protected":false},"excerpt":{"rendered":"<p>di Renato Bona La professoressa Gabriella Dalla Vestra ha tracciato per il Dizionario biografico degli italiani (volume 24 del 1980) il profilo, ospitato sul sito treccani.it\/enciclopedia, di Matteo Cesa che sarebbe divenuto (lo scrive la libera enciclopedia Wikipedia) pittore tra i pi\u00f9 dotati della seconda met\u00e0 del \u2018400 e i primi del \u2018500, formandosi nella&hellip;<\/p>\n","protected":false},"author":4,"featured_media":144323,"comment_status":"closed","ping_status":"closed","sticky":false,"template":"","format":"standard","meta":{"_monsterinsights_skip_tracking":false,"_monsterinsights_sitenote_active":false,"_monsterinsights_sitenote_note":"","_monsterinsights_sitenote_category":0,"footnotes":""},"categories":[1,49],"tags":[],"class_list":["post-144317","post","type-post","status-publish","format-standard","has-post-thumbnail","hentry","category-senza-categoria","category-news-18","category-1","category-49","description-off"],"img_url":"https:\/\/www.radiopiu.net\/wordpress\/wp-content\/uploads\/2020\/06\/104205320_717990448954174_4107742373545476822_n-scaled.jpg","_links":{"self":[{"href":"https:\/\/www.radiopiu.net\/wordpress\/wp-json\/wp\/v2\/posts\/144317","targetHints":{"allow":["GET"]}}],"collection":[{"href":"https:\/\/www.radiopiu.net\/wordpress\/wp-json\/wp\/v2\/posts"}],"about":[{"href":"https:\/\/www.radiopiu.net\/wordpress\/wp-json\/wp\/v2\/types\/post"}],"author":[{"embeddable":true,"href":"https:\/\/www.radiopiu.net\/wordpress\/wp-json\/wp\/v2\/users\/4"}],"replies":[{"embeddable":true,"href":"https:\/\/www.radiopiu.net\/wordpress\/wp-json\/wp\/v2\/comments?post=144317"}],"version-history":[{"count":0,"href":"https:\/\/www.radiopiu.net\/wordpress\/wp-json\/wp\/v2\/posts\/144317\/revisions"}],"wp:featuredmedia":[{"embeddable":true,"href":"https:\/\/www.radiopiu.net\/wordpress\/wp-json\/wp\/v2\/media\/144323"}],"wp:attachment":[{"href":"https:\/\/www.radiopiu.net\/wordpress\/wp-json\/wp\/v2\/media?parent=144317"}],"wp:term":[{"taxonomy":"category","embeddable":true,"href":"https:\/\/www.radiopiu.net\/wordpress\/wp-json\/wp\/v2\/categories?post=144317"},{"taxonomy":"post_tag","embeddable":true,"href":"https:\/\/www.radiopiu.net\/wordpress\/wp-json\/wp\/v2\/tags?post=144317"}],"curies":[{"name":"wp","href":"https:\/\/api.w.org\/{rel}","templated":true}]}}