{"id":144333,"date":"2020-06-15T14:30:14","date_gmt":"2020-06-15T12:30:14","guid":{"rendered":"https:\/\/www.radiopiu.net\/wordpress\/?p=144333"},"modified":"2020-06-14T18:30:26","modified_gmt":"2020-06-14T16:30:26","slug":"i-racconti-di-paolo-soppelsa-ventisettesima-puntata","status":"publish","type":"post","link":"https:\/\/www.radiopiu.net\/wordpress\/i-racconti-di-paolo-soppelsa-ventisettesima-puntata\/","title":{"rendered":"I RACCONTI DI PAOLO SOPPELSA VENTISETTESIMA PUNTATA"},"content":{"rendered":"<p><strong>LA PISSA<\/strong><\/p>\n<p><em><strong>AUDIO<\/strong><\/em><\/p>\n<audio class=\"wp-audio-shortcode\" id=\"audio-144333-1\" preload=\"none\" style=\"width: 100%;\" controls=\"controls\"><source type=\"audio\/mpeg\" src=\"https:\/\/www.radiopiu.net\/wordpress\/wp-content\/uploads\/2020\/06\/PAOLO-SOPPELSA-LA-PISSA.mp3?_=1\" \/><a href=\"https:\/\/www.radiopiu.net\/wordpress\/wp-content\/uploads\/2020\/06\/PAOLO-SOPPELSA-LA-PISSA.mp3\">https:\/\/www.radiopiu.net\/wordpress\/wp-content\/uploads\/2020\/06\/PAOLO-SOPPELSA-LA-PISSA.mp3<\/a><\/audio>\n<p>&nbsp;<\/p>\n<p><a class=\"dt-pswp-item\" href=\"https:\/\/www.radiopiu.net\/wordpress\/wp-content\/uploads\/2020\/06\/c91da346-855f-40fe-a6ca-3beb44337a92.jpg\" data-dt-img-description=\"\" data-large_image_width=\"960\" data-large_image_height=\"541\"><img loading=\"lazy\" decoding=\"async\" class=\"size-medium wp-image-144336 alignleft\" src=\"https:\/\/www.radiopiu.net\/wordpress\/wp-content\/uploads\/2020\/06\/c91da346-855f-40fe-a6ca-3beb44337a92-300x169.jpg\" alt=\"\" width=\"300\" height=\"169\" srcset=\"https:\/\/www.radiopiu.net\/wordpress\/wp-content\/uploads\/2020\/06\/c91da346-855f-40fe-a6ca-3beb44337a92-300x169.jpg 300w, https:\/\/www.radiopiu.net\/wordpress\/wp-content\/uploads\/2020\/06\/c91da346-855f-40fe-a6ca-3beb44337a92-768x433.jpg 768w, https:\/\/www.radiopiu.net\/wordpress\/wp-content\/uploads\/2020\/06\/c91da346-855f-40fe-a6ca-3beb44337a92.jpg 960w\" sizes=\"auto, (max-width: 300px) 100vw, 300px\" \/><\/a>Pareva attendermi quando, appena superato il ponte del Torner, mi voltavo verso destra e la osservavo dal finestrino. Severa guardiana della gola dei Castei, con la sua forma un po&#8217; sinistra, quasi di viso scheletrico ingentilito dall&#8217;acqua lucente che scendeva sopra il suo naso di pietra. Era la &#8220;Pissa&#8221;, con la sua forma che, appena imboccata la &#8220;riva&#8221;, mi appariva come una sorta di volto umano visto di profilo. Con l&#8217;occhio infossato, un naso lungo e dritto ed una bocca distorta. Era l&#8217;acqua che scendeva perenne dalla verticale parete ad aver scavato quel volto severo. Una visione affascinante che catturava il mio sguardo ad ogni passaggio lungo la vecchia 203 Agordina. Soprattutto d&#8217;inverno, quando alla base si formava una sorta di cono di ghiaccio che saliva dal greto del Cordevole lungo la parete fino a lambire la cupa finestra della galleria del treno. Un&#8217;opera sublime di quell&#8217;acqua che, in migliaia di anni, aveva scolpito quel viso e che d&#8217;inverno si divertiva a creare una luccicante cascata di ghiaccio. Poi, all&#8217;inizio degli anni &#8217;90, il prodigio improvvisamente termin\u00f2. Le mine sparate nel ventre della montagna per scavare la nuova galleria decretarono la morte della &#8220;Pissa&#8221;. Per almeno un paio d&#8217;anni, appena superato il ponte del Torner, in macchina si udiva sistematicamente quel &#8220;che pec\u00e0 che la se ave sug\u00e0&#8221;. Fu cos\u00ec fino all&#8217;apertura della galleria. Poi la &#8220;Pissa&#8221; divenne un ricordo per pochi. Ora il ponte \u00e8 il luogo dove parcheggio la macchina prima di inoltrarmi verso la Casa dei Silenzi. E, proprio come allora, lo sguardo volge verso destra fino ad incrociare l&#8217;enigmatico viso di roccia asciutta. Saluto il volto ossuto ed ancora pronuncio quel &#8220;che pec\u00e0&#8221; mentre cammino lungo la &#8220;riva dei Castei&#8221;. Ciao &#8220;Cascata della Pissa&#8221;, silenziosa sorvegliante della vecchia strada. Non ti ho dimenticata\u2026Magiche Dolomiti!!<\/p>\n","protected":false},"excerpt":{"rendered":"<p>LA PISSA AUDIO &nbsp; Pareva attendermi quando, appena superato il ponte del Torner, mi voltavo verso destra e la osservavo dal finestrino. Severa guardiana della gola dei Castei, con la sua forma un po&#8217; sinistra, quasi di viso scheletrico ingentilito dall&#8217;acqua lucente che scendeva sopra il suo naso di pietra. Era la &#8220;Pissa&#8221;, con la&hellip;<\/p>\n","protected":false},"author":4,"featured_media":144336,"comment_status":"closed","ping_status":"closed","sticky":false,"template":"","format":"standard","meta":{"_monsterinsights_skip_tracking":false,"_monsterinsights_sitenote_active":false,"_monsterinsights_sitenote_note":"","_monsterinsights_sitenote_category":0,"footnotes":""},"categories":[49,112],"tags":[],"class_list":["post-144333","post","type-post","status-publish","format-standard","has-post-thumbnail","hentry","category-news-18","category-racconti-soppelsa","category-49","category-112","description-off"],"img_url":"https:\/\/www.radiopiu.net\/wordpress\/wp-content\/uploads\/2020\/06\/c91da346-855f-40fe-a6ca-3beb44337a92.jpg","_links":{"self":[{"href":"https:\/\/www.radiopiu.net\/wordpress\/wp-json\/wp\/v2\/posts\/144333","targetHints":{"allow":["GET"]}}],"collection":[{"href":"https:\/\/www.radiopiu.net\/wordpress\/wp-json\/wp\/v2\/posts"}],"about":[{"href":"https:\/\/www.radiopiu.net\/wordpress\/wp-json\/wp\/v2\/types\/post"}],"author":[{"embeddable":true,"href":"https:\/\/www.radiopiu.net\/wordpress\/wp-json\/wp\/v2\/users\/4"}],"replies":[{"embeddable":true,"href":"https:\/\/www.radiopiu.net\/wordpress\/wp-json\/wp\/v2\/comments?post=144333"}],"version-history":[{"count":0,"href":"https:\/\/www.radiopiu.net\/wordpress\/wp-json\/wp\/v2\/posts\/144333\/revisions"}],"wp:featuredmedia":[{"embeddable":true,"href":"https:\/\/www.radiopiu.net\/wordpress\/wp-json\/wp\/v2\/media\/144336"}],"wp:attachment":[{"href":"https:\/\/www.radiopiu.net\/wordpress\/wp-json\/wp\/v2\/media?parent=144333"}],"wp:term":[{"taxonomy":"category","embeddable":true,"href":"https:\/\/www.radiopiu.net\/wordpress\/wp-json\/wp\/v2\/categories?post=144333"},{"taxonomy":"post_tag","embeddable":true,"href":"https:\/\/www.radiopiu.net\/wordpress\/wp-json\/wp\/v2\/tags?post=144333"}],"curies":[{"name":"wp","href":"https:\/\/api.w.org\/{rel}","templated":true}]}}