{"id":144449,"date":"2020-06-15T10:51:36","date_gmt":"2020-06-15T08:51:36","guid":{"rendered":"https:\/\/www.radiopiu.net\/wordpress\/?p=144449"},"modified":"2020-06-15T13:43:07","modified_gmt":"2020-06-15T11:43:07","slug":"51-positivi-diminuiscono-giorno-dopo-giorno-con-840-tamponi-al-giorno-conferenza-stampa-direttore-generale-adriano-rasi-caldogno-dati-attivita-seconda-fase-dal-4-maggio-3761-visite-9870-pr","status":"publish","type":"post","link":"https:\/\/www.radiopiu.net\/wordpress\/51-positivi-diminuiscono-giorno-dopo-giorno-con-840-tamponi-al-giorno-conferenza-stampa-direttore-generale-adriano-rasi-caldogno-dati-attivita-seconda-fase-dal-4-maggio-3761-visite-9870-pr\/","title":{"rendered":"&#8220;51 POSITIVI, DIMINUISCONO GIORNO DOPO GIORNO, con 840 tamponi al giorno&#8221; CONFERENZA STAMPA DIRETTORE GENERALE ADRIANO RASI CALDOGNO &#8220;Dati attivit\u00e0 seconda fase dal 4 maggio: 3761 visite, 9870 prestazioni diagnostiche, 411 interventi chirurgici"},"content":{"rendered":"<p><strong>BELLUNO<\/strong><\/p>\n<blockquote>\n<h2>LEGGI LA CONFERENZA STAMPA DI OGGI 15 GIUGNO 2020<\/h2>\n<p><em>Da oggi entra in servizio il dottor Cinquetti al dipartimento Prevenzione, il post Soppelsa<\/em><\/p><\/blockquote>\n<p>Da diversi giorni non abbiamo pi\u00f9 ricoverati in ospedale. Aggiornamento di questa mattina, numero soggetti positivi sta diminuendo sono 51 e quotidianamente \u00e8 un dato che si ridimensiona. Dall&#8217;inizio dell&#8217;epidemia quasi 1200 soggetti positivi. Questo numero \u00e8 direttamente proporzionale al numero di tamponi eseguiti dal 2 febbraio: 43.142 mila tamponi eseguiti, con un numero di persone pari a 18320. La capacit\u00e0 produttiva diagnostica negli ospedali \u00e8 di 290 tamponi al giorno a Belluno e 150 a Feltre, A questo si aggiunge la quota parte di tamponi dal laboratorio di Padova circa 400 tamponi al giorno. Accanto agli 840 tamponi di media al giorno\u00a0 ci sono i test sierologici effetuati, a questa mattina alle 8 quasi 21mila test, 3745 su dipendenti Ulss1,\u00a0 11884 su ospiti e personale dipendente\/collaboratori case di riposo. Per tutte le altre categorie testate (forze dell&#8217;ordine, volontari\u00a0 e altri soggetti nei servizio pubblici) oltre 5000 test rapidi. Attualmente nelle case di riposo per non autosufficienti risultano positive 16 persone su 2154 ospiti, 4 operatori positivi su 2105 dipendenti o collaboratori testati.<strong> l&#8217;80% delle residente anziani \u00e8 covid free,<\/strong> nelle altre 6 uno o pi\u00f9 casi presenti, sostanzialmente un numero molto ridotto di soggetti positivi al tampone. Sotto controllo anche le strutture dedicate al trattamento delle dipendenze,\u00a0 strutture per disabili, strutture residenziali di salute mentale\u00a0 e\u00a0 non sono stati riscontrati casi di positivit\u00e0, notizia confortante.<br \/>\n<strong>DATI ATTIVITA&#8217; SECONDA FASE DAL 4 MAGGIO (dall&#8217;8 al 13 giugno): 3761 VISITE, 9870 PRESTAZIONI DIAGNOSTICA, 411 INTERVENTI CHIRURGICI: 217 BELLUNO 154 FELTRE.<\/strong> C&#8217;\u00e8 chi ha detto che forse c&#8217;\u00e8 un&#8217;aspettativa di avere pi\u00f9 prestazioni, da un lato c&#8217;\u00e8 la necessit\u00e0 di ripresa graduale e in sicurezza per pazienti e personale. Questo ha comportato un allungamento e appesantimento di tempi e modalit\u00e0 di erogazione di servizi. Le agende di vista e diagnostica si sono ridotte per garantire tempi e modalit\u00e0 di sanificazione e controllo tra i vari utenti. Si ripropongono ora i temi del passato pre emergenza covid, molto spesso abbiamo delle difficolt\u00e0 nel reperire gli specialisti e riemergono i problemi della sanit\u00e0 e in particolare nella Ulss Dolomiti. Il nostro personale continua ad impegnarsi al massimo per poter erogare il massimo delle prestazioni possibile ma emergono le difficolt\u00e0 dove spesso ci siamo confrontati. Stiamo cercando nuove modalit\u00e0 di erogazione di prestazioni con la telemedicina che consentir\u00e0 nel medio breve periodo di incrementare il servizio senza mettere a repentaglio la qualit\u00e0. Questo va di pari passo con uno sviluppo di attivit\u00e0 che sconta le difficolt\u00e0 ben note sulle quali abbiamo confidenza che verranno adottate una serie di misura che prima di dare frutti concreti passer\u00e0 del tempo. Non c&#8217;\u00e8 nessuna volont\u00e0 di dare informazioni che non siano quelle che traducono il periodo che stiamo vivendo.<br \/>\nOggi giornata nella quale \u00e8 entrato il servizio il dottor Cinquetti responsabile del Dipartimento di Prevenzione e quindi il periodo di vacanza tra la gestione del dottor Soppelsa e oggi \u00e8 stata ben gestita dal dottor Comin. Benvenuto al dottor Cinquetti e grazie al dottore che lo ha preceduto con un lavoro complesso in piena emergenza.<\/p>\n<p>&nbsp;<\/p>\n<p>https:\/\/www.facebook.com\/RasiCaldognoUlssDolomiti\/videos\/867540413725797\/<\/p>\n<p>&nbsp;<\/p>\n","protected":false},"excerpt":{"rendered":"<p>BELLUNO LEGGI LA CONFERENZA STAMPA DI OGGI 15 GIUGNO 2020 Da oggi entra in servizio il dottor Cinquetti al dipartimento Prevenzione, il post Soppelsa Da diversi giorni non abbiamo pi\u00f9 ricoverati in ospedale. Aggiornamento di questa mattina, numero soggetti positivi sta diminuendo sono 51 e quotidianamente \u00e8 un dato che si ridimensiona. Dall&#8217;inizio dell&#8217;epidemia quasi&hellip;<\/p>\n","protected":false},"author":1,"featured_media":127853,"comment_status":"closed","ping_status":"closed","sticky":false,"template":"","format":"standard","meta":{"_monsterinsights_skip_tracking":false,"_monsterinsights_sitenote_active":false,"_monsterinsights_sitenote_note":"","_monsterinsights_sitenote_category":0,"footnotes":""},"categories":[49],"tags":[],"class_list":["post-144449","post","type-post","status-publish","format-standard","has-post-thumbnail","hentry","category-news-18","category-49","description-off"],"img_url":"https:\/\/www.radiopiu.net\/wordpress\/wp-content\/uploads\/2020\/04\/RASI-CALDOGNO.jpeg","_links":{"self":[{"href":"https:\/\/www.radiopiu.net\/wordpress\/wp-json\/wp\/v2\/posts\/144449","targetHints":{"allow":["GET"]}}],"collection":[{"href":"https:\/\/www.radiopiu.net\/wordpress\/wp-json\/wp\/v2\/posts"}],"about":[{"href":"https:\/\/www.radiopiu.net\/wordpress\/wp-json\/wp\/v2\/types\/post"}],"author":[{"embeddable":true,"href":"https:\/\/www.radiopiu.net\/wordpress\/wp-json\/wp\/v2\/users\/1"}],"replies":[{"embeddable":true,"href":"https:\/\/www.radiopiu.net\/wordpress\/wp-json\/wp\/v2\/comments?post=144449"}],"version-history":[{"count":0,"href":"https:\/\/www.radiopiu.net\/wordpress\/wp-json\/wp\/v2\/posts\/144449\/revisions"}],"wp:featuredmedia":[{"embeddable":true,"href":"https:\/\/www.radiopiu.net\/wordpress\/wp-json\/wp\/v2\/media\/127853"}],"wp:attachment":[{"href":"https:\/\/www.radiopiu.net\/wordpress\/wp-json\/wp\/v2\/media?parent=144449"}],"wp:term":[{"taxonomy":"category","embeddable":true,"href":"https:\/\/www.radiopiu.net\/wordpress\/wp-json\/wp\/v2\/categories?post=144449"},{"taxonomy":"post_tag","embeddable":true,"href":"https:\/\/www.radiopiu.net\/wordpress\/wp-json\/wp\/v2\/tags?post=144449"}],"curies":[{"name":"wp","href":"https:\/\/api.w.org\/{rel}","templated":true}]}}