{"id":144513,"date":"2020-06-16T12:26:54","date_gmt":"2020-06-16T10:26:54","guid":{"rendered":"https:\/\/www.radiopiu.net\/wordpress\/?p=144513"},"modified":"2020-06-16T12:26:39","modified_gmt":"2020-06-16T10:26:39","slug":"luxottica-part-time-incentivato-e-centri-estivi","status":"publish","type":"post","link":"https:\/\/www.radiopiu.net\/wordpress\/luxottica-part-time-incentivato-e-centri-estivi\/","title":{"rendered":"LUXOTTICA: PART-TIME INCENTIVATO E CENTRI ESTIVI"},"content":{"rendered":"<p><strong><a class=\"dt-pswp-item\" href=\"https:\/\/www.radiopiu.net\/wordpress\/wp-content\/uploads\/2019\/10\/MAGLIA-LUXOTTICA.jpeg\" data-dt-img-description=\"\" data-large_image_width=\"1024\" data-large_image_height=\"1024\"><img loading=\"lazy\" decoding=\"async\" class=\" wp-image-103580 alignleft\" src=\"https:\/\/www.radiopiu.net\/wordpress\/wp-content\/uploads\/2019\/10\/MAGLIA-LUXOTTICA-300x300.jpeg\" alt=\"\" width=\"270\" height=\"270\" srcset=\"https:\/\/www.radiopiu.net\/wordpress\/wp-content\/uploads\/2019\/10\/MAGLIA-LUXOTTICA-300x300.jpeg 300w, https:\/\/www.radiopiu.net\/wordpress\/wp-content\/uploads\/2019\/10\/MAGLIA-LUXOTTICA-150x150.jpeg 150w, https:\/\/www.radiopiu.net\/wordpress\/wp-content\/uploads\/2019\/10\/MAGLIA-LUXOTTICA-768x768.jpeg 768w, https:\/\/www.radiopiu.net\/wordpress\/wp-content\/uploads\/2019\/10\/MAGLIA-LUXOTTICA.jpeg 1024w\" sizes=\"auto, (max-width: 270px) 100vw, 270px\" \/><\/a>AGORDO\u00a0<\/strong>La direzione di Luxottica ha incontrato la RSU. Nell&#8217;incontro \u00e8 emerso che tutti i lavoratori con Part-Time incentivato avranno l&#8217;orario a 6 ore esteso fino al 30 settembre prossimo. Per quanto riguarda i centri estivi, verranno rimborsate le rette per i figli dai 6 ai 13 anni che dovevano accedere al centro estivo nel periodo da giugno a settembre. I rimborsi vanno dai 350 \u20ac (fino al livello 4S) ai 250 (5 e 6 livello). Nel caso in cui entrambi i genitori siano dipendenti Luxottica, il rimborso verr\u00e0 erogato al genitore con la busta paga pi\u00f9 alta. Nel breve Luxottica invier\u00e0 un messaggio\/mail a tutti i dipendenti Luxottica\/agenzia di somministrazione, con ulteriori informazioni pi\u00f9 dettagliate attraverso il portale One-Luxottica. Per farsi accreditare il rimborso in busta paga il dipendente dovr\u00e0 presentare la documentazione necessaria entro il 30 settembre.<\/p>\n","protected":false},"excerpt":{"rendered":"<p>AGORDO\u00a0La direzione di Luxottica ha incontrato la RSU. Nell&#8217;incontro \u00e8 emerso che tutti i lavoratori con Part-Time incentivato avranno l&#8217;orario a 6 ore esteso fino al 30 settembre prossimo. Per quanto riguarda i centri estivi, verranno rimborsate le rette per i figli dai 6 ai 13 anni che dovevano accedere al centro estivo nel periodo&hellip;<\/p>\n","protected":false},"author":4,"featured_media":103580,"comment_status":"closed","ping_status":"closed","sticky":false,"template":"","format":"standard","meta":{"_monsterinsights_skip_tracking":false,"_monsterinsights_sitenote_active":false,"_monsterinsights_sitenote_note":"","_monsterinsights_sitenote_category":0,"footnotes":""},"categories":[51,49],"tags":[],"class_list":["post-144513","post","type-post","status-publish","format-standard","has-post-thumbnail","hentry","category-evidenza-top","category-news-18","category-51","category-49","description-off"],"img_url":"https:\/\/www.radiopiu.net\/wordpress\/wp-content\/uploads\/2019\/10\/MAGLIA-LUXOTTICA.jpeg","_links":{"self":[{"href":"https:\/\/www.radiopiu.net\/wordpress\/wp-json\/wp\/v2\/posts\/144513","targetHints":{"allow":["GET"]}}],"collection":[{"href":"https:\/\/www.radiopiu.net\/wordpress\/wp-json\/wp\/v2\/posts"}],"about":[{"href":"https:\/\/www.radiopiu.net\/wordpress\/wp-json\/wp\/v2\/types\/post"}],"author":[{"embeddable":true,"href":"https:\/\/www.radiopiu.net\/wordpress\/wp-json\/wp\/v2\/users\/4"}],"replies":[{"embeddable":true,"href":"https:\/\/www.radiopiu.net\/wordpress\/wp-json\/wp\/v2\/comments?post=144513"}],"version-history":[{"count":0,"href":"https:\/\/www.radiopiu.net\/wordpress\/wp-json\/wp\/v2\/posts\/144513\/revisions"}],"wp:featuredmedia":[{"embeddable":true,"href":"https:\/\/www.radiopiu.net\/wordpress\/wp-json\/wp\/v2\/media\/103580"}],"wp:attachment":[{"href":"https:\/\/www.radiopiu.net\/wordpress\/wp-json\/wp\/v2\/media?parent=144513"}],"wp:term":[{"taxonomy":"category","embeddable":true,"href":"https:\/\/www.radiopiu.net\/wordpress\/wp-json\/wp\/v2\/categories?post=144513"},{"taxonomy":"post_tag","embeddable":true,"href":"https:\/\/www.radiopiu.net\/wordpress\/wp-json\/wp\/v2\/tags?post=144513"}],"curies":[{"name":"wp","href":"https:\/\/api.w.org\/{rel}","templated":true}]}}