{"id":144578,"date":"2020-06-15T17:53:11","date_gmt":"2020-06-15T15:53:11","guid":{"rendered":"https:\/\/www.radiopiu.net\/wordpress\/?p=144578"},"modified":"2020-06-15T17:53:11","modified_gmt":"2020-06-15T15:53:11","slug":"ecco-le-nazionali-juniores-azzurro-per-elia-delle-fiamme-gialle-e-gia-dello-ski-college-di-falcade","status":"publish","type":"post","link":"https:\/\/www.radiopiu.net\/wordpress\/ecco-le-nazionali-juniores-azzurro-per-elia-delle-fiamme-gialle-e-gia-dello-ski-college-di-falcade\/","title":{"rendered":"ECCO LE NAZIONALI JUNIORES, AZZURRO PER ELIA DELLE FIAMME GIALLE E GIA&#8217; DELLO SKI COLLEGE DI FALCADE"},"content":{"rendered":"<p><a class=\"dt-pswp-item\" href=\"https:\/\/www.radiopiu.net\/wordpress\/wp-content\/uploads\/2020\/06\/download-13.jpg\" data-dt-img-description=\"\" data-large_image_width=\"259\" data-large_image_height=\"194\"><img loading=\"lazy\" decoding=\"async\" class=\"alignleft  wp-image-144579\" src=\"https:\/\/www.radiopiu.net\/wordpress\/wp-content\/uploads\/2020\/06\/download-13.jpg\" alt=\"\" width=\"191\" height=\"143\" \/><\/a>Il Presidente Flavio Roda ha proceduto all\u2019ufficializzazione delle squadre del settore giovanile di sci di fondo, il cui nuovo direttore tecnico sar\u00e0 l\u2019altoatesino Alfred Stauder, tecnico di grande esperienza, in passato allenatore del gruppo femminile di Coppa del mondo. Di seguito la lista degli atleti che prevede dieci atleti fra gli junior (under 20) equamente distribuiti fra uomini e donne e ventuno atleti di interesse nazionale. Questo gruppo verr\u00e0 ulteriormente completato nelle prossime settimane, quando si riunir\u00e0 la Commissione Giovani. Ed \u00e8 meritato azzurro anche per Elia Barp, trichianese dello Ski College di Falcade, dalla scorsa stagione aggregato alle Fiamme Gialle.<\/p>\n<p><strong>SETTORE GIOVANILE 2020\/21<\/strong><\/p>\n<p><strong>TECNICI<\/strong><\/p>\n<figure class=\"wp-block-table\">\n<table>\n<tbody>\n<tr>\n<td>Direttore tecnico giovanile<\/td>\n<td>Stauder Alfred<\/td>\n<td>Amateur S.C. Toblach<\/td>\n<\/tr>\n<tr>\n<td>Allenatore responsabile<\/td>\n<td>Cardini Luciano<\/td>\n<td>C.S. Carabinieri Sez. Sci<\/td>\n<\/tr>\n<tr>\n<td>Allenatore sq. femminile e responsabile AIN<\/td>\n<td>Rivero Paolo<\/td>\n<td>A.S.D. SC Valle Maira<\/td>\n<\/tr>\n<tr>\n<td>Aiuto allenatore<\/td>\n<td>Andreola Michela<\/td>\n<td><\/td>\n<\/tr>\n<tr>\n<td>Skimen<\/td>\n<td>Pasini Fabio<\/td>\n<td>C.S. Esercito<\/td>\n<\/tr>\n<tr>\n<td>Referente centro-sud<\/td>\n<td>Tamburro Tommaso<\/td>\n<td><\/td>\n<\/tr>\n<tr>\n<td>Referente calendari e organizzazione<\/td>\n<td>Rainer Michel<\/td>\n<td>C.S. Carabinieri Sez. Sci<\/td>\n<\/tr>\n<\/tbody>\n<\/table>\n<\/figure>\n<p><strong>SQUADRA JUNIOR UNDER 20<\/strong><\/p>\n<p><strong>ATLETI<\/strong><\/p>\n<figure class=\"wp-block-table\">\n<table>\n<tbody>\n<tr>\n<td>Chiocchetti Alessandro<\/td>\n<td>30\/08\/2001<\/td>\n<td>G.S: Fiamme Gialle tesserato<\/td>\n<\/tr>\n<tr>\n<td>Sclisizzo Luca<\/td>\n<td>07\/01\/2001<\/td>\n<td>C.S. Esercito<\/td>\n<\/tr>\n<tr>\n<td>Ferrari Matteo<\/td>\n<td>30\/01\/2001<\/td>\n<td>G.S. Fiamme Oro Moena<\/td>\n<\/tr>\n<tr>\n<td><span style=\"color: #ff0000;\"><strong>Barp Elia<\/strong><\/span><\/td>\n<td><span style=\"color: #ff0000;\">19\/12\/2002<\/span><\/td>\n<td><span style=\"color: #ff0000;\"><strong>G.S. Fiamme Gialle tesserato<\/strong><\/span><\/td>\n<\/tr>\n<tr>\n<td>Gartner Andrea<\/td>\n<td>30\/08\/2002<\/td>\n<td>G.S. Fiamme Gialle tesserato<\/td>\n<\/tr>\n<\/tbody>\n<\/table>\n<\/figure>\n<p>ATLETE<\/p>\n<figure class=\"wp-block-table\">\n<table>\n<tbody>\n<tr>\n<td>Rossi Anna<\/td>\n<td>31\/03\/2001<\/td>\n<td>C.S. Carabinieri Sez. Sci<\/td>\n<\/tr>\n<tr>\n<td>Cozzi Giulia<\/td>\n<td>07\/01\/2001<\/td>\n<td>S.C. Goggi A.S.D.<\/td>\n<\/tr>\n<tr>\n<td>Cola Francesca<\/td>\n<td>11\/10\/2003<\/td>\n<td>S.C. Alta Valtellina<\/td>\n<\/tr>\n<tr>\n<td>Laurent Nadine<\/td>\n<td>10\/06\/2003<\/td>\n<td><\/td>\n<\/tr>\n<tr>\n<td>Isonni Lucia<\/td>\n<td>03\/05\/2003<\/td>\n<td>S.C. Schilpario<\/td>\n<\/tr>\n<\/tbody>\n<\/table>\n<\/figure>\n<p><strong>GRUPPO INTERESSE NAZIONALE<\/strong><\/p>\n<p><strong>ATLETI<\/strong><\/p>\n<figure class=\"wp-block-table\">\n<table>\n<tbody>\n<tr>\n<td>Cusini Nicol\u00f2<\/td>\n<td>19\/01\/2001<\/td>\n<td><\/td>\n<\/tr>\n<tr>\n<td>Pomari Pietro<\/td>\n<td>02\/09\/2001<\/td>\n<td>G.S. Fiamme Gialle tesserato<\/td>\n<\/tr>\n<tr>\n<td>Angerer Bjoern<\/td>\n<td>04\/04\/2001<\/td>\n<td>G.S. Fiamme Oro Moena tesserato<\/td>\n<\/tr>\n<tr>\n<td>Masiero Riccardo Lorenzo<\/td>\n<td>30\/11\/2001<\/td>\n<td>S.C. Valdobbiadene<\/td>\n<\/tr>\n<tr>\n<td>Mastrobattista Simone<\/td>\n<td>23\/08\/2002<\/td>\n<td>G.S. Fiamme Gialle tesserato<\/td>\n<\/tr>\n<tr>\n<td>Schwiengshackl Benjamin<\/td>\n<td>22\/01\/2002<\/td>\n<td>C.S. Carabinieri Sez. Sci<\/td>\n<\/tr>\n<tr>\n<td>Moizi Lorenzo<\/td>\n<td>24\/10\/2002<\/td>\n<td><\/td>\n<\/tr>\n<tr>\n<td>Capelli Leonardo<\/td>\n<td>15\/06\/2008<\/td>\n<td>Cus Milano Madesimo<\/td>\n<\/tr>\n<tr>\n<td>Carollo Martino<\/td>\n<td>19\/06\/2003<\/td>\n<td>S.C: Alpi Marittime Eantracque<\/td>\n<\/tr>\n<tr>\n<td>Giraudo Samuele<\/td>\n<td>22\/10\/2003<\/td>\n<td>A.S.D. S.C. Valle Stura<\/td>\n<\/tr>\n<tr>\n<td>Zorzi Andrea<\/td>\n<td>24\/10\/2003<\/td>\n<td>G.S. Fiamme Gialle tesserato<\/td>\n<\/tr>\n<tr>\n<td>Buzzi Edoardo<\/td>\n<td>21\/07\/2003<\/td>\n<td>\u00a0C.S. Carabinieri Sez. Sci<\/td>\n<\/tr>\n<\/tbody>\n<\/table>\n<\/figure>\n<p><strong>ATLETE<\/strong><\/p>\n<figure class=\"wp-block-table\">\n<table>\n<tbody>\n<tr>\n<td>Hutter Sara<\/td>\n<td>23\/10\/2001<\/td>\n<td>G.S. Fiamme Oro Moena tesserato<\/td>\n<\/tr>\n<tr>\n<td>Bastrentaz Beatrice<\/td>\n<td>13\/05\/2001<\/td>\n<td><\/td>\n<\/tr>\n<tr>\n<td>Centamori Lara<\/td>\n<td>28\/08\/2001<\/td>\n<td><\/td>\n<\/tr>\n<tr>\n<td>Lelitro Martina<\/td>\n<td><\/td>\n<td><\/td>\n<\/tr>\n<tr>\n<td>Silvestri Veronica<\/td>\n<td>04\/05\/2002<\/td>\n<td><\/td>\n<\/tr>\n<tr>\n<td>Dedei Denise<\/td>\n<td>21\/05\/2002<\/td>\n<td>S.C. Gromo A.D.<\/td>\n<\/tr>\n<tr>\n<td>Gallo Elisa<\/td>\n<td>03\/04\/2003<\/td>\n<td>S.C. Alpi Marittime Entracque<\/td>\n<\/tr>\n<tr>\n<td>Negroni Giulia<\/td>\n<td>\u00a02003<\/td>\n<td><\/td>\n<\/tr>\n<tr>\n<td>Rossi Elena<\/td>\n<td>06\/03\/2003<\/td>\n<td>S.C. Alta Valtellina<\/td>\n<\/tr>\n<\/tbody>\n<\/table>\n<\/figure>\n<div class=\"addtoany_share_save_container addtoany_content addtoany_content_bottom\">\n<div class=\"a2a_kit a2a_kit_size_16 addtoany_list\" data-a2a-url=\"https:\/\/www.fisiveneto.com\/2020\/06\/15\/fondo-ecco-le-nazionali-juniores\/\" data-a2a-title=\"Fondo, ecco le nazionali Juniores\"><\/div>\n<\/div>\n","protected":false},"excerpt":{"rendered":"<p>Il Presidente Flavio Roda ha proceduto all\u2019ufficializzazione delle squadre del settore giovanile di sci di fondo, il cui nuovo direttore tecnico sar\u00e0 l\u2019altoatesino Alfred Stauder, tecnico di grande esperienza, in passato allenatore del gruppo femminile di Coppa del mondo. Di seguito la lista degli atleti che prevede dieci atleti fra gli junior (under 20) equamente&hellip;<\/p>\n","protected":false},"author":1,"featured_media":144579,"comment_status":"closed","ping_status":"closed","sticky":false,"template":"","format":"standard","meta":{"_monsterinsights_skip_tracking":false,"_monsterinsights_sitenote_active":false,"_monsterinsights_sitenote_note":"","_monsterinsights_sitenote_category":0,"footnotes":""},"categories":[49],"tags":[],"class_list":["post-144578","post","type-post","status-publish","format-standard","has-post-thumbnail","hentry","category-news-18","category-49","description-off"],"img_url":"https:\/\/www.radiopiu.net\/wordpress\/wp-content\/uploads\/2020\/06\/download-13.jpg","_links":{"self":[{"href":"https:\/\/www.radiopiu.net\/wordpress\/wp-json\/wp\/v2\/posts\/144578","targetHints":{"allow":["GET"]}}],"collection":[{"href":"https:\/\/www.radiopiu.net\/wordpress\/wp-json\/wp\/v2\/posts"}],"about":[{"href":"https:\/\/www.radiopiu.net\/wordpress\/wp-json\/wp\/v2\/types\/post"}],"author":[{"embeddable":true,"href":"https:\/\/www.radiopiu.net\/wordpress\/wp-json\/wp\/v2\/users\/1"}],"replies":[{"embeddable":true,"href":"https:\/\/www.radiopiu.net\/wordpress\/wp-json\/wp\/v2\/comments?post=144578"}],"version-history":[{"count":0,"href":"https:\/\/www.radiopiu.net\/wordpress\/wp-json\/wp\/v2\/posts\/144578\/revisions"}],"wp:featuredmedia":[{"embeddable":true,"href":"https:\/\/www.radiopiu.net\/wordpress\/wp-json\/wp\/v2\/media\/144579"}],"wp:attachment":[{"href":"https:\/\/www.radiopiu.net\/wordpress\/wp-json\/wp\/v2\/media?parent=144578"}],"wp:term":[{"taxonomy":"category","embeddable":true,"href":"https:\/\/www.radiopiu.net\/wordpress\/wp-json\/wp\/v2\/categories?post=144578"},{"taxonomy":"post_tag","embeddable":true,"href":"https:\/\/www.radiopiu.net\/wordpress\/wp-json\/wp\/v2\/tags?post=144578"}],"curies":[{"name":"wp","href":"https:\/\/api.w.org\/{rel}","templated":true}]}}