{"id":144766,"date":"2020-06-16T15:13:16","date_gmt":"2020-06-16T13:13:16","guid":{"rendered":"https:\/\/www.radiopiu.net\/wordpress\/?p=144766"},"modified":"2020-06-16T15:13:16","modified_gmt":"2020-06-16T13:13:16","slug":"meteo-sul-veneto-tempo-variabile-con-qualche-instabilita-nuvolosita-piu-persistente-sulla-montagna-piu-probabili-schiarite-sulla-pianura","status":"publish","type":"post","link":"https:\/\/www.radiopiu.net\/wordpress\/meteo-sul-veneto-tempo-variabile-con-qualche-instabilita-nuvolosita-piu-persistente-sulla-montagna-piu-probabili-schiarite-sulla-pianura\/","title":{"rendered":"METEO. SUL VENETO TEMPO VARIABILE CON QUALCHE INSTABILITA\u2019. NUVOLOSITA\u2019 PIU\u2019 PERSISTENTE SULLA MONTAGNA, PIU\u2019 PROBABILI SCHIARITE SULLA PIANURA"},"content":{"rendered":"<p><strong><a class=\"dt-pswp-item\" href=\"https:\/\/www.radiopiu.net\/wordpress\/wp-content\/uploads\/2018\/04\/previsioni-meteo.jpg\" data-dt-img-description=\"\" data-large_image_width=\"500\" data-large_image_height=\"392\"><img loading=\"lazy\" decoding=\"async\" class=\"size-medium wp-image-46370 alignleft\" src=\"https:\/\/www.radiopiu.net\/wordpress\/wp-content\/uploads\/2018\/04\/previsioni-meteo-300x235.jpg\" alt=\"\" width=\"300\" height=\"235\" srcset=\"https:\/\/www.radiopiu.net\/wordpress\/wp-content\/uploads\/2018\/04\/previsioni-meteo-300x235.jpg 300w, https:\/\/www.radiopiu.net\/wordpress\/wp-content\/uploads\/2018\/04\/previsioni-meteo.jpg 500w\" sizes=\"auto, (max-width: 300px) 100vw, 300px\" \/><\/a>VENEZIA\u00a0<\/strong>Il bollettino Meteo del Veneto prevede che domani, mercoled\u00ec 17 giugno, prevarr\u00e0 un tempo variabile che, nelle ore pomeridiane, potr\u00e0 mostrarsi a tratti pi\u00f9 instabile. La nuvolosit\u00e0 sar\u00e0 maggiormente persistente sulle zone montane mentre le schiarite riguarderanno in particolare la pianura. Una situazione metereologica simile \u00e8 prevista anche per gioved\u00ec 18.\u00a0La giornata di oggi prosegue con cielo nuvoloso alternato a qualche schiarita. Non si escludono alcune precipitazioni sia in pianura che in montagna. Si registra un moderato aumento delle temperature massime, almeno nelle zone pianeggianti.<span class=\"Apple-converted-space\">\u00a0<\/span>In riferimento alla criticit\u00e0 idrogeologica, nelle giornate di oggi e domani il Centro Funzionale Decentrato della Protezione Civile non segnala fenomeni significativi prevedibili. Per il comune di Borca di Cadore (Belluno) \u00e8 confermato il livello di \u201cattenzione\u201d a causa del fenomeno franoso presente nel territorio.<\/p>\n","protected":false},"excerpt":{"rendered":"<p>VENEZIA\u00a0Il bollettino Meteo del Veneto prevede che domani, mercoled\u00ec 17 giugno, prevarr\u00e0 un tempo variabile che, nelle ore pomeridiane, potr\u00e0 mostrarsi a tratti pi\u00f9 instabile. La nuvolosit\u00e0 sar\u00e0 maggiormente persistente sulle zone montane mentre le schiarite riguarderanno in particolare la pianura. Una situazione metereologica simile \u00e8 prevista anche per gioved\u00ec 18.\u00a0La giornata di oggi prosegue&hellip;<\/p>\n","protected":false},"author":4,"featured_media":46370,"comment_status":"closed","ping_status":"closed","sticky":false,"template":"","format":"standard","meta":{"_monsterinsights_skip_tracking":false,"_monsterinsights_sitenote_active":false,"_monsterinsights_sitenote_note":"","_monsterinsights_sitenote_category":0,"footnotes":""},"categories":[49],"tags":[],"class_list":["post-144766","post","type-post","status-publish","format-standard","has-post-thumbnail","hentry","category-news-18","category-49","description-off"],"img_url":"https:\/\/www.radiopiu.net\/wordpress\/wp-content\/uploads\/2018\/04\/previsioni-meteo.jpg","_links":{"self":[{"href":"https:\/\/www.radiopiu.net\/wordpress\/wp-json\/wp\/v2\/posts\/144766","targetHints":{"allow":["GET"]}}],"collection":[{"href":"https:\/\/www.radiopiu.net\/wordpress\/wp-json\/wp\/v2\/posts"}],"about":[{"href":"https:\/\/www.radiopiu.net\/wordpress\/wp-json\/wp\/v2\/types\/post"}],"author":[{"embeddable":true,"href":"https:\/\/www.radiopiu.net\/wordpress\/wp-json\/wp\/v2\/users\/4"}],"replies":[{"embeddable":true,"href":"https:\/\/www.radiopiu.net\/wordpress\/wp-json\/wp\/v2\/comments?post=144766"}],"version-history":[{"count":0,"href":"https:\/\/www.radiopiu.net\/wordpress\/wp-json\/wp\/v2\/posts\/144766\/revisions"}],"wp:featuredmedia":[{"embeddable":true,"href":"https:\/\/www.radiopiu.net\/wordpress\/wp-json\/wp\/v2\/media\/46370"}],"wp:attachment":[{"href":"https:\/\/www.radiopiu.net\/wordpress\/wp-json\/wp\/v2\/media?parent=144766"}],"wp:term":[{"taxonomy":"category","embeddable":true,"href":"https:\/\/www.radiopiu.net\/wordpress\/wp-json\/wp\/v2\/categories?post=144766"},{"taxonomy":"post_tag","embeddable":true,"href":"https:\/\/www.radiopiu.net\/wordpress\/wp-json\/wp\/v2\/tags?post=144766"}],"curies":[{"name":"wp","href":"https:\/\/api.w.org\/{rel}","templated":true}]}}