{"id":144769,"date":"2020-06-16T15:26:43","date_gmt":"2020-06-16T13:26:43","guid":{"rendered":"https:\/\/www.radiopiu.net\/wordpress\/?p=144769"},"modified":"2020-06-16T15:30:46","modified_gmt":"2020-06-16T13:30:46","slug":"provincia-di-belluno-il-bilancio-del-2019","status":"publish","type":"post","link":"https:\/\/www.radiopiu.net\/wordpress\/provincia-di-belluno-il-bilancio-del-2019\/","title":{"rendered":"PROVINCIA DI BELLUNO: IL BILANCIO DEL 2019"},"content":{"rendered":"<p><strong><a class=\"dt-pswp-item\" href=\"https:\/\/www.radiopiu.net\/wordpress\/wp-content\/uploads\/2020\/05\/PADRIN.jpg\" data-dt-img-description=\"\" data-large_image_width=\"945\" data-large_image_height=\"1417\"><img loading=\"lazy\" decoding=\"async\" class=\"size-medium wp-image-134835 alignleft\" src=\"https:\/\/www.radiopiu.net\/wordpress\/wp-content\/uploads\/2020\/05\/PADRIN-200x300.jpg\" alt=\"\" width=\"200\" height=\"300\" srcset=\"https:\/\/www.radiopiu.net\/wordpress\/wp-content\/uploads\/2020\/05\/PADRIN-200x300.jpg 200w, https:\/\/www.radiopiu.net\/wordpress\/wp-content\/uploads\/2020\/05\/PADRIN-683x1024.jpg 683w, https:\/\/www.radiopiu.net\/wordpress\/wp-content\/uploads\/2020\/05\/PADRIN-768x1152.jpg 768w, https:\/\/www.radiopiu.net\/wordpress\/wp-content\/uploads\/2020\/05\/PADRIN.jpg 945w\" sizes=\"auto, (max-width: 200px) 100vw, 200px\" \/><\/a>BELLUNO<\/strong>\u00a0La provincia di Belluno ha distribuito il rendiconto del bilancio 2019.\u00a0<em>Roberto Padrin: \u00abQuesto rendiconto della gestione 2019 ci d\u00e0 la possibilit\u00e0 di guardare a cosa \u00e8 stato fatto, ma soprattutto di sintetizzare le ulteriori prospettive, nell\u2019ottica di rendere la Provincia sempre pi\u00f9 un ente a servizio del territorio. I primi passi sono stati fatti, con gli accordi di programma tra Provincia e Comuni finalizzati a risolvere diverse criticit\u00e0 di difesa del suolo. Dovremo continuare a spingere in questa direzione, in modo da ridurre i tempi di utilizzo delle risorse e di soluzione dei problemi.\u00a0<\/em><em>Per quanto riguarda le partite future, c\u2019\u00e8 da risolvere quella di Veneto Strade; se ne parla da tempo, ma in questo momento stiamo aspettando la riclassificazione delle strade e la revisione della convenzione che ci permetta di risparmiare alcune risorse da utilizzare poi in altri ambiti. L\u2019altra partita sar\u00e0 quella del post-Covid, che dipender\u00e0 in gran parte dalle risorse che il Governo ha destinato agli enti locali; mi auguro che a settembre ci sia un ulteriore intervento per venire incontro a quelle che sono le entrate mancate. \u00a0<\/em><em>Sotto il profilo della macchina provinciale, stiamo procedendo con un concorso per il nuovo dirigente dell\u2019area lavori pubblici ed edilizia scolastica. Provvederemo anche a reperire altre figure tecniche, in modo da rafforzare entro l\u2019estate la struttura del personale. <\/em><em>Infine, sar\u00e0 molto importante il lavoro del consigliere Paolo Perenzin delegato alla programmazione del Fondo Comuni di confine, un lavoro estremamente delicato che pu\u00f2 dare prospettive al nostro territorio. Le risorse del Fondo si uniscono a quelle dell\u2019avanzo di amministrazione e al piano infrastrutturale previsto per le Olimpiadi. L\u2019augurio \u00e8 che si possa andare oltre la viabilit\u00e0 per Cortina, cos\u00ec da risolvere alcune criticit\u00e0 annose della nostra provincia\u00bb.<\/em><\/p>\n<p><strong>LA SLIDE CON IL BILANCIO DELLA PROVINCIA DI BELLUNO<\/strong><\/p>\n<a href=\"https:\/\/www.radiopiu.net\/wordpress\/wp-content\/uploads\/2020\/06\/slides-consuntivo-2019-5.pdf\" class=\"pdfemb-viewer\" style=\"\" data-width=\"max\" data-height=\"max\" data-toolbar=\"top\" data-toolbar-fixed=\"on\">slides consuntivo 2019 (5)<\/a>\n","protected":false},"excerpt":{"rendered":"<p>BELLUNO\u00a0La provincia di Belluno ha distribuito il rendiconto del bilancio 2019.\u00a0Roberto Padrin: \u00abQuesto rendiconto della gestione 2019 ci d\u00e0 la possibilit\u00e0 di guardare a cosa \u00e8 stato fatto, ma soprattutto di sintetizzare le ulteriori prospettive, nell\u2019ottica di rendere la Provincia sempre pi\u00f9 un ente a servizio del territorio. I primi passi sono stati fatti, con&hellip;<\/p>\n","protected":false},"author":4,"featured_media":144771,"comment_status":"closed","ping_status":"closed","sticky":false,"template":"","format":"standard","meta":{"_monsterinsights_skip_tracking":false,"_monsterinsights_sitenote_active":false,"_monsterinsights_sitenote_note":"","_monsterinsights_sitenote_category":0,"footnotes":""},"categories":[49],"tags":[],"class_list":["post-144769","post","type-post","status-publish","format-standard","has-post-thumbnail","hentry","category-news-18","category-49","description-off"],"img_url":"https:\/\/www.radiopiu.net\/wordpress\/wp-content\/uploads\/2020\/06\/palazzo_piloni_belluno.jpg","_links":{"self":[{"href":"https:\/\/www.radiopiu.net\/wordpress\/wp-json\/wp\/v2\/posts\/144769","targetHints":{"allow":["GET"]}}],"collection":[{"href":"https:\/\/www.radiopiu.net\/wordpress\/wp-json\/wp\/v2\/posts"}],"about":[{"href":"https:\/\/www.radiopiu.net\/wordpress\/wp-json\/wp\/v2\/types\/post"}],"author":[{"embeddable":true,"href":"https:\/\/www.radiopiu.net\/wordpress\/wp-json\/wp\/v2\/users\/4"}],"replies":[{"embeddable":true,"href":"https:\/\/www.radiopiu.net\/wordpress\/wp-json\/wp\/v2\/comments?post=144769"}],"version-history":[{"count":0,"href":"https:\/\/www.radiopiu.net\/wordpress\/wp-json\/wp\/v2\/posts\/144769\/revisions"}],"wp:featuredmedia":[{"embeddable":true,"href":"https:\/\/www.radiopiu.net\/wordpress\/wp-json\/wp\/v2\/media\/144771"}],"wp:attachment":[{"href":"https:\/\/www.radiopiu.net\/wordpress\/wp-json\/wp\/v2\/media?parent=144769"}],"wp:term":[{"taxonomy":"category","embeddable":true,"href":"https:\/\/www.radiopiu.net\/wordpress\/wp-json\/wp\/v2\/categories?post=144769"},{"taxonomy":"post_tag","embeddable":true,"href":"https:\/\/www.radiopiu.net\/wordpress\/wp-json\/wp\/v2\/tags?post=144769"}],"curies":[{"name":"wp","href":"https:\/\/api.w.org\/{rel}","templated":true}]}}