{"id":144779,"date":"2020-06-17T06:06:06","date_gmt":"2020-06-17T04:06:06","guid":{"rendered":"https:\/\/www.radiopiu.net\/wordpress\/?p=144779"},"modified":"2020-06-17T06:12:39","modified_gmt":"2020-06-17T04:12:39","slug":"a-due-anni-da-vaia-il-cantiere-sotto-la-regionale-203-agordina","status":"publish","type":"post","link":"https:\/\/www.radiopiu.net\/wordpress\/a-due-anni-da-vaia-il-cantiere-sotto-la-regionale-203-agordina\/","title":{"rendered":"A DUE ANNI DA VAIA IL CANTIERE SOTTO LA REGIONALE 203 AGORDINA"},"content":{"rendered":"<p><b><a class=\"dt-pswp-item\" href=\"https:\/\/www.radiopiu.net\/wordpress\/wp-content\/uploads\/2020\/06\/4f319b9d-15dc-46c0-be95-195acf9af0c3.jpg\" data-dt-img-description=\"\" data-large_image_width=\"960\" data-large_image_height=\"720\"><img loading=\"lazy\" decoding=\"async\" class=\"alignleft wp-image-144788 size-medium\" src=\"https:\/\/www.radiopiu.net\/wordpress\/wp-content\/uploads\/2020\/06\/4f319b9d-15dc-46c0-be95-195acf9af0c3-300x225.jpg\" alt=\"\" width=\"300\" height=\"225\" srcset=\"https:\/\/www.radiopiu.net\/wordpress\/wp-content\/uploads\/2020\/06\/4f319b9d-15dc-46c0-be95-195acf9af0c3-300x225.jpg 300w, https:\/\/www.radiopiu.net\/wordpress\/wp-content\/uploads\/2020\/06\/4f319b9d-15dc-46c0-be95-195acf9af0c3-768x576.jpg 768w, https:\/\/www.radiopiu.net\/wordpress\/wp-content\/uploads\/2020\/06\/4f319b9d-15dc-46c0-be95-195acf9af0c3.jpg 960w\" sizes=\"auto, (max-width: 300px) 100vw, 300px\" \/><\/a>LA VALLE<\/b> In quella maledetta notte del 29 ottobre 2018 il torrente si ingross\u00f2 come non mai, anzi quasi come non mai, perch\u00e9 emul\u00f2 i fasti del &#8217;66. Tanta acqua nera, aggressiva e rumorosa che oltre Ponte Alto ha sbattuto con forza lungo le ripe che sorreggono la regionale 203 agordina in localit\u00e0 Le Campe. Un&#8217;aggressivit\u00e0 con conseguenze devastanti perch\u00e9 il Cordevole mordendo le sponde ben oltre il suo corso ha divorato decine di metri di argini portando con s\u00e8 cemento, terra, sassi, demolendo le scarpate\u00a0 a sostegno della principale via di collegamento con l&#8217;Agordino. Per giorni quella strada \u00e8 rimasta in bilico controllata a vista dalle maestranze di Veneto Strade. Per giorni impossibile il transito dei mezzi pesanti, anche dei camion con caricati i gruppi elettrogeni che <a class=\"dt-pswp-item\" href=\"https:\/\/www.radiopiu.net\/wordpress\/wp-content\/uploads\/2020\/06\/3c596cf5-fc80-47cc-9636-f04ad0285898.jpg\" data-dt-img-description=\"\" data-large_image_width=\"960\" data-large_image_height=\"720\"><img loading=\"lazy\" decoding=\"async\" class=\"alignright wp-image-144787 size-medium\" src=\"https:\/\/www.radiopiu.net\/wordpress\/wp-content\/uploads\/2020\/06\/3c596cf5-fc80-47cc-9636-f04ad0285898-300x225.jpg\" alt=\"\" width=\"300\" height=\"225\" srcset=\"https:\/\/www.radiopiu.net\/wordpress\/wp-content\/uploads\/2020\/06\/3c596cf5-fc80-47cc-9636-f04ad0285898-300x225.jpg 300w, https:\/\/www.radiopiu.net\/wordpress\/wp-content\/uploads\/2020\/06\/3c596cf5-fc80-47cc-9636-f04ad0285898-768x576.jpg 768w, https:\/\/www.radiopiu.net\/wordpress\/wp-content\/uploads\/2020\/06\/3c596cf5-fc80-47cc-9636-f04ad0285898.jpg 960w\" sizes=\"auto, (max-width: 300px) 100vw, 300px\" \/><\/a>avrebbero dovuto togliere dall&#8217;isolamento elettrico intere frazioni rimaste per giorni al buio, anche i mezzi dell&#8217;esercito pronti ad intervenire con le forze di grigio-verde. Va dato merito agli uomini di Veneto Strade di aver comunque evitato il peggio perch\u00e9\u00a0 il collegamento tra Agordo e il resto del mondo non \u00e8 mai venuto a meno. Oltre ai danni alla regionale 203 agordina le potenti acque hanno spazzato via la pista ciclabile, o meglio un pezzo di una pista ciclabile in disuso perch\u00e9 si tratta del famoso tratto Le Campe-Agordo che per un ricorso di un privato sar\u00e0 ricordata ai posteri come la grande incompiuta, lo \u00e8 da oltre un decennio. A due anni di distanza il panorama dal Cordevole \u00e8 decisamente cambiato. Grandi lavori e grandi cantieri hanno rimesso e stanno rimettendo in sicurezza la regionale 203 agordina, sono stati ricostruiti gli argini, potenziate e ripristinate le scarpate di contenimento. Lo abbiamo documentato con video e foto.<\/p>\n<div style=\"width: 640px;\" class=\"wp-video\"><video class=\"wp-video-shortcode\" id=\"video-144779-1\" width=\"640\" height=\"352\" preload=\"metadata\" controls=\"controls\"><source type=\"video\/mp4\" src=\"https:\/\/www.radiopiu.net\/wordpress\/wp-content\/uploads\/2020\/06\/WhatsApp-Video-2020-06-16-at-15.40.47.mp4?_=1\" \/><a href=\"https:\/\/www.radiopiu.net\/wordpress\/wp-content\/uploads\/2020\/06\/WhatsApp-Video-2020-06-16-at-15.40.47.mp4\">https:\/\/www.radiopiu.net\/wordpress\/wp-content\/uploads\/2020\/06\/WhatsApp-Video-2020-06-16-at-15.40.47.mp4<\/a><\/video><\/div>\n","protected":false},"excerpt":{"rendered":"<p>LA VALLE In quella maledetta notte del 29 ottobre 2018 il torrente si ingross\u00f2 come non mai, anzi quasi come non mai, perch\u00e9 emul\u00f2 i fasti del &#8217;66. Tanta acqua nera, aggressiva e rumorosa che oltre Ponte Alto ha sbattuto con forza lungo le ripe che sorreggono la regionale 203 agordina in localit\u00e0 Le Campe.&hellip;<\/p>\n","protected":false},"author":1,"featured_media":144788,"comment_status":"closed","ping_status":"closed","sticky":false,"template":"","format":"standard","meta":{"_monsterinsights_skip_tracking":false,"_monsterinsights_sitenote_active":false,"_monsterinsights_sitenote_note":"","_monsterinsights_sitenote_category":0,"footnotes":""},"categories":[1,51],"tags":[],"class_list":["post-144779","post","type-post","status-publish","format-standard","has-post-thumbnail","hentry","category-senza-categoria","category-evidenza-top","category-1","category-51","description-off"],"img_url":"https:\/\/www.radiopiu.net\/wordpress\/wp-content\/uploads\/2020\/06\/4f319b9d-15dc-46c0-be95-195acf9af0c3.jpg","_links":{"self":[{"href":"https:\/\/www.radiopiu.net\/wordpress\/wp-json\/wp\/v2\/posts\/144779","targetHints":{"allow":["GET"]}}],"collection":[{"href":"https:\/\/www.radiopiu.net\/wordpress\/wp-json\/wp\/v2\/posts"}],"about":[{"href":"https:\/\/www.radiopiu.net\/wordpress\/wp-json\/wp\/v2\/types\/post"}],"author":[{"embeddable":true,"href":"https:\/\/www.radiopiu.net\/wordpress\/wp-json\/wp\/v2\/users\/1"}],"replies":[{"embeddable":true,"href":"https:\/\/www.radiopiu.net\/wordpress\/wp-json\/wp\/v2\/comments?post=144779"}],"version-history":[{"count":0,"href":"https:\/\/www.radiopiu.net\/wordpress\/wp-json\/wp\/v2\/posts\/144779\/revisions"}],"wp:featuredmedia":[{"embeddable":true,"href":"https:\/\/www.radiopiu.net\/wordpress\/wp-json\/wp\/v2\/media\/144788"}],"wp:attachment":[{"href":"https:\/\/www.radiopiu.net\/wordpress\/wp-json\/wp\/v2\/media?parent=144779"}],"wp:term":[{"taxonomy":"category","embeddable":true,"href":"https:\/\/www.radiopiu.net\/wordpress\/wp-json\/wp\/v2\/categories?post=144779"},{"taxonomy":"post_tag","embeddable":true,"href":"https:\/\/www.radiopiu.net\/wordpress\/wp-json\/wp\/v2\/tags?post=144779"}],"curies":[{"name":"wp","href":"https:\/\/api.w.org\/{rel}","templated":true}]}}