{"id":144923,"date":"2020-06-18T06:00:12","date_gmt":"2020-06-18T04:00:12","guid":{"rendered":"https:\/\/www.radiopiu.net\/wordpress\/?p=144923"},"modified":"2020-06-18T06:04:34","modified_gmt":"2020-06-18T04:04:34","slug":"chiusa-la-strada-per-malga-framont","status":"publish","type":"post","link":"https:\/\/www.radiopiu.net\/wordpress\/chiusa-la-strada-per-malga-framont\/","title":{"rendered":"CHIUSA LA STRADA PER MALGA FRAMONT"},"content":{"rendered":"<p>&nbsp;<\/p>\n<blockquote>\n<h3><\/h3>\n<\/blockquote>\n<p><strong><a class=\"dt-pswp-item\" href=\"https:\/\/www.radiopiu.net\/wordpress\/wp-content\/uploads\/2020\/06\/LAVORI-FRAMONT.jpg\" data-dt-img-description=\"\" data-large_image_width=\"900\" data-large_image_height=\"600\"><img loading=\"lazy\" decoding=\"async\" class=\"alignleft size-thumbnail wp-image-141784\" src=\"https:\/\/www.radiopiu.net\/wordpress\/wp-content\/uploads\/2020\/06\/LAVORI-FRAMONT-150x150.jpg\" alt=\"\" width=\"150\" height=\"150\" \/><\/a>AGORDO<\/strong> Continuano i lavori di ripristino della funzionalit\u00e0 della strada comunale che da Rif sale a Malga Framont. La strada rimane totalmente chiusa dalla localit\u00e0 Don fino al 15 luglio anche nelle giornate di sabato 20 e domenica 21 giugno, l&#8217;apertura sar\u00e0 garantita negli altri fine settimana. La riapertura del 15 luglio \u00e8 vincolata dalle condizioni meteorologiche.<\/p>\n<p>&nbsp;<\/p>\n<p>&nbsp;<\/p>\n","protected":false},"excerpt":{"rendered":"<p>&nbsp; AGORDO Continuano i lavori di ripristino della funzionalit\u00e0 della strada comunale che da Rif sale a Malga Framont. La strada rimane totalmente chiusa dalla localit\u00e0 Don fino al 15 luglio anche nelle giornate di sabato 20 e domenica 21 giugno, l&#8217;apertura sar\u00e0 garantita negli altri fine settimana. La riapertura del 15 luglio \u00e8 vincolata&hellip;<\/p>\n","protected":false},"author":1,"featured_media":62310,"comment_status":"closed","ping_status":"closed","sticky":false,"template":"","format":"standard","meta":{"_monsterinsights_skip_tracking":false,"_monsterinsights_sitenote_active":false,"_monsterinsights_sitenote_note":"","_monsterinsights_sitenote_category":0,"footnotes":""},"categories":[49],"tags":[],"class_list":["post-144923","post","type-post","status-publish","format-standard","has-post-thumbnail","hentry","category-news-18","category-49","description-off"],"img_url":"https:\/\/www.radiopiu.net\/wordpress\/wp-content\/uploads\/2018\/09\/framont-1.jpg","_links":{"self":[{"href":"https:\/\/www.radiopiu.net\/wordpress\/wp-json\/wp\/v2\/posts\/144923","targetHints":{"allow":["GET"]}}],"collection":[{"href":"https:\/\/www.radiopiu.net\/wordpress\/wp-json\/wp\/v2\/posts"}],"about":[{"href":"https:\/\/www.radiopiu.net\/wordpress\/wp-json\/wp\/v2\/types\/post"}],"author":[{"embeddable":true,"href":"https:\/\/www.radiopiu.net\/wordpress\/wp-json\/wp\/v2\/users\/1"}],"replies":[{"embeddable":true,"href":"https:\/\/www.radiopiu.net\/wordpress\/wp-json\/wp\/v2\/comments?post=144923"}],"version-history":[{"count":0,"href":"https:\/\/www.radiopiu.net\/wordpress\/wp-json\/wp\/v2\/posts\/144923\/revisions"}],"wp:featuredmedia":[{"embeddable":true,"href":"https:\/\/www.radiopiu.net\/wordpress\/wp-json\/wp\/v2\/media\/62310"}],"wp:attachment":[{"href":"https:\/\/www.radiopiu.net\/wordpress\/wp-json\/wp\/v2\/media?parent=144923"}],"wp:term":[{"taxonomy":"category","embeddable":true,"href":"https:\/\/www.radiopiu.net\/wordpress\/wp-json\/wp\/v2\/categories?post=144923"},{"taxonomy":"post_tag","embeddable":true,"href":"https:\/\/www.radiopiu.net\/wordpress\/wp-json\/wp\/v2\/tags?post=144923"}],"curies":[{"name":"wp","href":"https:\/\/api.w.org\/{rel}","templated":true}]}}