{"id":144959,"date":"2020-06-17T19:01:27","date_gmt":"2020-06-17T17:01:27","guid":{"rendered":"https:\/\/www.radiopiu.net\/wordpress\/?p=144959"},"modified":"2020-06-18T05:45:41","modified_gmt":"2020-06-18T03:45:41","slug":"silvia-a","status":"publish","type":"post","link":"https:\/\/www.radiopiu.net\/wordpress\/silvia-a\/","title":{"rendered":"SILVIA NON CE L&#8217;HA FATTA, LA VENTENNE LONGARONESE HA CESSATO DI VIVERE ALL&#8217;OSPEDALE DI PESCHIERA"},"content":{"rendered":"<p>&nbsp;<\/p>\n<p><em>Avrebbe compiuto 20 anni tra qualche mese, a settembre. Originaria di Tai di Cadore viveva ad Igne con la mamma Giulia Zambon e una sorella di 9 anni.<\/em><\/p>\n<p><strong class=\"photoswipe-wrapper\"><img loading=\"lazy\" decoding=\"async\" class=\"alignleft wp-image-144983 jetpack-lazy-image jetpack-lazy-image--handled\" src=\"https:\/\/i2.wp.com\/www.radiopiu.net\/wordpress\/wp-content\/uploads\/2020\/06\/14188663_10208936167740536_6821377098567028384_o.jpg?resize=250%2C166&amp;ssl=1\" sizes=\"auto, (max-width: 250px) 100vw, 250px\" srcset=\"https:\/\/i2.wp.com\/www.radiopiu.net\/wordpress\/wp-content\/uploads\/2020\/06\/14188663_10208936167740536_6821377098567028384_o.jpg?resize=300%2C199&amp;ssl=1 300w, https:\/\/i2.wp.com\/www.radiopiu.net\/wordpress\/wp-content\/uploads\/2020\/06\/14188663_10208936167740536_6821377098567028384_o.jpg?resize=768%2C510&amp;ssl=1 768w, https:\/\/i2.wp.com\/www.radiopiu.net\/wordpress\/wp-content\/uploads\/2020\/06\/14188663_10208936167740536_6821377098567028384_o.jpg?w=1024&amp;ssl=1 1024w\" alt=\"\" width=\"250\" height=\"166\" data-recalc-dims=\"1\" data-lazy-loaded=\"1\" \/>LONGARONE<\/strong> Si spezza il cuore nello scrivere della morte di una ragazza piena di vita, vent\u2019anni alle prime esperienze lavorative, forse alla prima festa dopo un lungo periodo di quarantena. E chi ti tiene a vent\u2019anni. Vanno pesate le parole nel rispetto della famiglia, degli amici, dei conoscenti, di chi nella vita si \u00e8 scontrato con una morte terribile di un proprio caro, magari proprio un figlio. Silvia Doriguzzi aveva vent\u2019anni, una vita da vivere e la voglia di trascorrere un\u2019estate al lago di Garda tra lavoro e divertimento. Per essere indipendente lontano dalla sua Igne e dai suo affetti, ma anche per un\u2019estate da vivere al ritmo dell\u2019euforia giovanile. Sabato avrebbe dovuto iniziare a lavorare al Bar Filo&#8217; di Peschiera dopo alcuni giorni di prova. Il suo entusiasmo \u00e8 durato un soffio di vento d\u2019inizio estate. Una festa, un tuffo nel lago prima di scomparire tra le onde, un maledetto destino che ha provocato l\u2019incidente contro quel sasso ed \u00e8 annegata. C\u2019hanno provato i Carabinieri, ci ha provato un Ispettore di Polizia di Villafranca, c\u2019hanno provato i sanitari a riportarla in vita dopo averla trovata esanime sotto un pontile. Tutto inutile, \u00a0inutili le procedure di respirazione artificiale fino all\u2019arrivo dei sanitari del 118, inutili le successive manovre rianimatorie, inutile la corsa all\u2019ospedale \u201cPederzoli\u201d dove forse un lieve battito cardiaco aveva acceso la speranza, inutile anche il tentativo di trasportarla d\u2019urgenza all\u2019ospedale Borgo Trento di Verona. Ora la giovane di Longarone non c\u2019\u00e8 pi\u00f9. All\u2019ospedale di Peschiera la sua agonia \u00e8 durata poche ore. Nel tardo\u00a0 pomeriggio l\u2019annuncio del decesso per arresto cardiaco. A Igne la comunit\u00e0 \u00e8 sprofondata nella tristezza, nel dolore. Non c\u2019\u00e8 altro da aggiungere se non un messaggio di solidariet\u00e0 per chi resta e ricorda il suo sorriso contagioso, la sua allegria e chiss\u00e0 quante risate, quelle rimarranno per sempre nei cuori di chi l\u2019ha amata e sui social le testimonianze sono continue: <em>&#8220;Voglio ricordarati come ti ho conosciuto uragano di felicit\u00e0&#8221;<\/em> scrive Marco, per Dana <em>&#8220;Certe giornate sono incubi non realt\u00e0, eri il sorriso del buon umore&#8221;,<\/em> Tommaso: <em>&#8220;Sei stata con noi cos\u00ec poco, ma mi ha sempre colpito il tuo sorriso e la tua voglia di vivere siamo tutti shockati, a vent&#8217;anni nessuno merita di perdere queste doti&#8221;.<\/em><\/p>\n<p>mm<\/p>\n<p>&nbsp;<\/p>\n","protected":false},"excerpt":{"rendered":"<p>&nbsp; Avrebbe compiuto 20 anni tra qualche mese, a settembre. Originaria di Tai di Cadore viveva ad Igne con la mamma Giulia Zambon e una sorella di 9 anni. LONGARONE Si spezza il cuore nello scrivere della morte di una ragazza piena di vita, vent\u2019anni alle prime esperienze lavorative, forse alla prima festa dopo un&hellip;<\/p>\n","protected":false},"author":1,"featured_media":144960,"comment_status":"closed","ping_status":"closed","sticky":false,"template":"","format":"standard","meta":{"_monsterinsights_skip_tracking":false,"_monsterinsights_sitenote_active":false,"_monsterinsights_sitenote_note":"","_monsterinsights_sitenote_category":0,"footnotes":""},"categories":[51,49],"tags":[],"class_list":["post-144959","post","type-post","status-publish","format-standard","has-post-thumbnail","hentry","category-evidenza-top","category-news-18","category-51","category-49","description-off"],"img_url":"https:\/\/www.radiopiu.net\/wordpress\/wp-content\/uploads\/2020\/06\/cc-peschiera-mascherine.jpg","_links":{"self":[{"href":"https:\/\/www.radiopiu.net\/wordpress\/wp-json\/wp\/v2\/posts\/144959","targetHints":{"allow":["GET"]}}],"collection":[{"href":"https:\/\/www.radiopiu.net\/wordpress\/wp-json\/wp\/v2\/posts"}],"about":[{"href":"https:\/\/www.radiopiu.net\/wordpress\/wp-json\/wp\/v2\/types\/post"}],"author":[{"embeddable":true,"href":"https:\/\/www.radiopiu.net\/wordpress\/wp-json\/wp\/v2\/users\/1"}],"replies":[{"embeddable":true,"href":"https:\/\/www.radiopiu.net\/wordpress\/wp-json\/wp\/v2\/comments?post=144959"}],"version-history":[{"count":0,"href":"https:\/\/www.radiopiu.net\/wordpress\/wp-json\/wp\/v2\/posts\/144959\/revisions"}],"wp:featuredmedia":[{"embeddable":true,"href":"https:\/\/www.radiopiu.net\/wordpress\/wp-json\/wp\/v2\/media\/144960"}],"wp:attachment":[{"href":"https:\/\/www.radiopiu.net\/wordpress\/wp-json\/wp\/v2\/media?parent=144959"}],"wp:term":[{"taxonomy":"category","embeddable":true,"href":"https:\/\/www.radiopiu.net\/wordpress\/wp-json\/wp\/v2\/categories?post=144959"},{"taxonomy":"post_tag","embeddable":true,"href":"https:\/\/www.radiopiu.net\/wordpress\/wp-json\/wp\/v2\/tags?post=144959"}],"curies":[{"name":"wp","href":"https:\/\/api.w.org\/{rel}","templated":true}]}}