{"id":145019,"date":"2020-06-18T12:28:43","date_gmt":"2020-06-18T10:28:43","guid":{"rendered":"https:\/\/www.radiopiu.net\/wordpress\/?p=145019"},"modified":"2020-06-19T12:38:39","modified_gmt":"2020-06-19T10:38:39","slug":"conferenza-stampa-del-presidente-del-veneto-luca-zaia-18-giugno-2020","status":"publish","type":"post","link":"https:\/\/www.radiopiu.net\/wordpress\/conferenza-stampa-del-presidente-del-veneto-luca-zaia-18-giugno-2020\/","title":{"rendered":"&#8220;CASE DI RIPOSO CON LUNEDI LE NUOVE LINEE GUIDA. SUL BUR IL BANDO PER I NUOVI DIRETTORI DELLE ULSS&#8221; &#8220;A BREVE LE NOVITA&#8217; SUI TRASPORTI PRIVATI, NUOVE LINEE GUIDA IN ARRIVO&#8221; CONFERENZA STAMPA DEL PRESIDENTE DEL VENETO LUCA ZAIA 18 GIUGNO 2020"},"content":{"rendered":"<p><strong>VENEZIA<\/strong>\u00a0Da Marghera il\u00a0Presidente\u00a0Luca Zaia fa il punto sull\u2019emergenza Covid-19<\/p>\n<p><strong>I NUMERI DELLE ULTIME 24 ORE:<\/strong> TAMPONI 848123 (+10190), ISOLAMENTO 847 (+13), POSITIVI 19233 (+8), RICOVERATI 248 (33 POSITIVI 215 NEGATIVI), TERAPIE INTENSIVE 12 (da tre giorni, 1 paziente covid positivo), DECESSI 1994 (+7 in area RSA), OSPEDALE 1422, DIMESSI 3517.<\/p>\n<p>&nbsp;<\/p>\n<h2>LEGGI LA CONFERENZA STAMPA DI LUCA ZAIA<\/h2>\n<p><span style=\"color: #ff0000;\">OSPITE LA PROFESSORESSA LIVIANA DA DALT, PEDIATRIA<\/span><\/p>\n<p>&nbsp;<\/p>\n<p>Domani sono previste le novit\u00e0 sul trasporto, nero su bianco. Stiamo tentando di introdurre nuove linee guida sul trasporto privato e valutando di affrontare il tema delle linee guida del trasporto pubblico tornando alla capienza d&#8217;origine con la mascherina come succede in Inghilterra. A breve si avaranno notizie sull&#8217;istituzione di una commissione ispettiva per la vicenda Citrobacter di Verona dopo la morte di un bimbo. Vogliamo una commissione fondamentale per avere ulteriori chiarimenti sull&#8217;evoluzione di questo batterio raro in ospedale ma purtroppo c&#8217;\u00e8. Esiste la commissione dell&#8217;azienda ma credo ne serva una regionale perch\u00e9 non vi siano dubbi.\u00a0<strong>SECONDA ONDATA LA PAURA DELL&#8217;INTASAMENTO DEGLI OSPEDALI<\/strong> Stiamo studiando la fase 3, il piano verr\u00e0 consegnato entro met\u00e0 luglio. Il piano terr\u00e0 presente due aspetti: cosa facciamo se torna il virus? L&#8217;altro riferito alle sindromi influenzali che non c&#8217;entrano con il virus ma che creeranno paura e psicosi. E&#8217; una pandemia mondiale, tutte le multinazionali famarceutiche hanno acceso i riflettori per la grande massa critica di mercato. Pensiamo anche ai test rapidi da 10 minuti, vediamo se saranno validati in laboratorio e poi autorizzati. Sul mercato gi\u00e0 ci sono e se funzionano siamo pronti ad adottarli.<strong> OSPEDALE QATAR<\/strong> Non ancora allestito se non arriva l&#8217;allestimento di un tendone non ce ne facciamo nulla, male che vada rester\u00e0 un&#8217;esercitazione. Ma la proposta che mi hanno fatto era di un ospedale chiavi in mano.<strong> MISURAZIONE DELLA FEBBRE A SCUOLA OBBLIGATORIA? <\/strong>Per noi \u00e8 raccomandata non obbligaoria, la professoressa Da Dalt potr\u00e0 rispondere con maggiore precisione, ma sono linee del comitato scientifico.<\/p>\n<p>&nbsp;<\/p>\n<h2><strong>LA PROFESSORESSA DA LIVIANA\u00a0 DALT ESPERTA IN PEDIATRIA\u00a0<\/strong><\/h2>\n<p><em>La professoressa, trevigiana di Vittorio Veneto, aveva guidato il reparto di Pediatria del Ca\u2019 Foncello dopo Silvana Agostini dal 2010 fino al 2016. Professore Associato nel Settore Scientifico Disciplinare di Pediatria Generale e Specialistica Med 38. Professore Associato nel Settore Scientifico Disciplinare di Pediatria Generale e Specialistica Med 38 presso l\u2019Universit\u00e0 degli Studi di Padova dall\u20191.12.2006 al 30.11 2009, confermato dall\u2019 01.12.2009. Abilitazione Scientifica Nazionale a Professore di Prima Fascia, Settore Scientifico Disciplinare Med 38 \u2013 Pediatria Generale e Specialistica &#8211; ottenuta il 27 Novembre 2014 (validit\u00e0 al 27 novembre 2020) Nel periodo 21 aprile 2010-30 settembre 2012 \u00e8 stata titolare di Incarico dirigenziale a tempo determinato ai sensi dell\u2019art. 15-septies DL 502,<br \/>\n30 dicembre 1992, di Dirigente Medico a rapporto esclusivo, disciplina Pediatria, presso la U.O.C. di Pediatria del Presidio Ospedaliero di Treviso dell\u2019Azienda U.L.S.S. 9. Dal 1 Ottobre 2012ricopre l\u2019incarico di Direttore della U.O.C. di Pediatria del Presidio Ospedaliero di Treviso dell\u2019Azienda U.L.S.S. 9, struttura Clinicizzata in convenzione con l\u2019Universit\u00e0 di Padova. Dal 1 gennaio 2015 riveste l\u2019incarico di Direttore del Dipartimento Materno-Infantile dell\u2019Azienda ULSS 9 di Treviso <\/em><\/p>\n<p><strong>SI SONO INFETTATI 369 BAMBINI POCO MENO DEL 2% RISPETTO AI CONTAGI TOTALI<\/strong> e&#8217; una percentuale molto bassa sui 650 mila bimbi veneti che sono il 13% della popolazione. In Italia 2% la percentuale contagi, circa 5200. I bambini sono dell&#8217;et\u00e0 prescolare, 50 primi giorni di vita. Per la quasi totalit\u00e0 contagio intra famigliare. Necessit\u00e0 di ricovero molto bassa, in Veneto solo 13, tutti ricoverati in reparti ordinari tranne uno che ha richiesto cure intensive. Quindi in reparti di pediatria e in un caso malattie infettive. Non si \u00e8 registrato nessuno decesso. In Italia 4 decessi, a Padova sappiamo solo di 1 caso limitrofo al Veneto,\u00a0 un bambino con patologie gravi gi\u00e0 esistenti. I dati confermano quello che avevamo imparato in Cina. L&#8217;infezione da Coronavirus ha un decorso diverso nei bambini rispetto agli adulti. Si aggravano meno, in forma meno grave. Solo il 10% manifesta forme gravi che necessita del ricovero. i bambini si ammalano meno, meno gravemente, hanno una forma lieve o asintomatica, un po&#8217; di tosse e febbre bassa, diarrea e vomito, tutto si risolve rapidamente. <strong>PERCHE&#8217; IL BAMBINO DI AMMALA MENO? <\/strong>Solo ipotesi e molti studi in corso. Infettivit\u00e0: il coronavirus per entrare nell&#8217;organismo deve legarsi a una proteina che nei bambini \u00e8 immatura. Altra spiegazione i bambini sono esposti a pi\u00f9 infezioni quindi c&#8217;\u00e8 un meccanismo competitivo tra i virus che rallenta il coronavirus. Altra ipotesi la risposta del bambino alle infezioni. Il sistema immunitario \u00e8 diverso dall&#8217;adulto c&#8217;\u00e8 un&#8217;immunita innata. I bambini sono dei potenziali contagianti. Il problema si pone con bambini con malattie croniche preesistenti. Abbiamo avuto solo un bambino. Dagli Usa \u00e8 arrivato un report su 48 bambini che indica che i decessi riguardano proprio i piccoli con malattie croniche pregresse. <strong>IL VIRUS SI TRASMETTE DALLA MAMMA AL NEONATO? <\/strong>Il virus non si trasmette dalla mamma al neonato e non si trasmette con il latte materno. A Padova abbiamo creato un reparto Covid per i bambini, ricoverati 6 degli 11 contagiati.\u00a0 Dieci mamme sono state interessate dal virus durante l&#8217;epidemia, una di questa ha partorito prematuramente, il bimbo \u00e8 nato, sta bene, e nessuno dei nati \u00e8 risultato positivo.<strong> RIAPERTURE DELLE SCUOLE E CENTRI ESTIVI <\/strong>Misurare la febbre quando entrano nelle strutture scolastiche? Anche s\u00ec, ma occorre valutare vantaggi e svantaggi, sono sufficienti\u00a0 i\u00a0 controlli a campione e allearsi con le famiglie affinch\u00e9 mandino i bambini a scuola in salute. <strong>SARA&#8217; IMPORTANTE VACCINARE I BAMBINI?<\/strong> Occorre vaccinare i bambini contro l&#8217;influenza\u00a0 facilitante per gestire un eventuale ritorno del Coronavirus, perch\u00e9 \u00e8 poco distinguibile dall&#8217;influenza.<strong>METTERE LA MASCHERINA?<\/strong> Sotto i 6 anni non va utilizzata, sotto i 2 anni puo&#8217; essere dannosa. Occludere il cavo orale rende difficoltosa la respirazione e potrebbero anche soffocare. Tra i 2-6 anni veniva consigliata ma il bimbo non la sopporta la tocca e rischia di infettarsi piu&#8217; che proteggersi. Sotto i 6 anni non vanno quindi utilizzate. Per i pi\u00f9 grandi dall&#8217;et\u00e0 scolare deve essere educato alla mascherina pur sapendo del loro basso rischio di malattia ma vanno abituati. <strong>Quando?<\/strong> In condizioni di affollamento dove non ci sono le distanze dove non ci sono misure di prevenzione. Dotiamoli e aiutiamoli ad imparare ad utilizzarla. Sembra ragionevole che dove ci sia il distanziamento non sia necessaria quindi anche a scuola, quando va in bagno, in spazi comuni a ricreazione<span style=\"color: #ff0000;\">.NEL PERIODO DI QUARANTENA SONO AUMENTATI GLI INCIDENTI DOMESTICI.<\/span><\/p>\n<p>https:\/\/www.facebook.com\/zaiaufficiale\/videos\/602581433719186\/<\/p>\n<p>&nbsp;<\/p>\n","protected":false},"excerpt":{"rendered":"<p>VENEZIA\u00a0Da Marghera il\u00a0Presidente\u00a0Luca Zaia fa il punto sull\u2019emergenza Covid-19 I NUMERI DELLE ULTIME 24 ORE: TAMPONI 848123 (+10190), ISOLAMENTO 847 (+13), POSITIVI 19233 (+8), RICOVERATI 248 (33 POSITIVI 215 NEGATIVI), TERAPIE INTENSIVE 12 (da tre giorni, 1 paziente covid positivo), DECESSI 1994 (+7 in area RSA), OSPEDALE 1422, DIMESSI 3517. &nbsp; LEGGI LA CONFERENZA STAMPA&hellip;<\/p>\n","protected":false},"author":4,"featured_media":121391,"comment_status":"closed","ping_status":"closed","sticky":false,"template":"","format":"standard","meta":{"_monsterinsights_skip_tracking":false,"_monsterinsights_sitenote_active":false,"_monsterinsights_sitenote_note":"","_monsterinsights_sitenote_category":0,"footnotes":""},"categories":[49],"tags":[],"class_list":["post-145019","post","type-post","status-publish","format-standard","has-post-thumbnail","hentry","category-news-18","category-49","description-off"],"img_url":"https:\/\/www.radiopiu.net\/wordpress\/wp-content\/uploads\/2020\/03\/covid-zaia.jpg","_links":{"self":[{"href":"https:\/\/www.radiopiu.net\/wordpress\/wp-json\/wp\/v2\/posts\/145019","targetHints":{"allow":["GET"]}}],"collection":[{"href":"https:\/\/www.radiopiu.net\/wordpress\/wp-json\/wp\/v2\/posts"}],"about":[{"href":"https:\/\/www.radiopiu.net\/wordpress\/wp-json\/wp\/v2\/types\/post"}],"author":[{"embeddable":true,"href":"https:\/\/www.radiopiu.net\/wordpress\/wp-json\/wp\/v2\/users\/4"}],"replies":[{"embeddable":true,"href":"https:\/\/www.radiopiu.net\/wordpress\/wp-json\/wp\/v2\/comments?post=145019"}],"version-history":[{"count":0,"href":"https:\/\/www.radiopiu.net\/wordpress\/wp-json\/wp\/v2\/posts\/145019\/revisions"}],"wp:featuredmedia":[{"embeddable":true,"href":"https:\/\/www.radiopiu.net\/wordpress\/wp-json\/wp\/v2\/media\/121391"}],"wp:attachment":[{"href":"https:\/\/www.radiopiu.net\/wordpress\/wp-json\/wp\/v2\/media?parent=145019"}],"wp:term":[{"taxonomy":"category","embeddable":true,"href":"https:\/\/www.radiopiu.net\/wordpress\/wp-json\/wp\/v2\/categories?post=145019"},{"taxonomy":"post_tag","embeddable":true,"href":"https:\/\/www.radiopiu.net\/wordpress\/wp-json\/wp\/v2\/tags?post=145019"}],"curies":[{"name":"wp","href":"https:\/\/api.w.org\/{rel}","templated":true}]}}