{"id":145021,"date":"2020-06-19T05:52:47","date_gmt":"2020-06-19T03:52:47","guid":{"rendered":"https:\/\/www.radiopiu.net\/wordpress\/?p=145021"},"modified":"2020-06-19T09:23:03","modified_gmt":"2020-06-19T07:23:03","slug":"giornaleradiopiu","status":"publish","type":"post","link":"https:\/\/www.radiopiu.net\/wordpress\/giornaleradiopiu\/","title":{"rendered":"GIORNALE RADIOPIU 19 GIUGNO 2020 DIRETTORE MIRKO MEZZACASA"},"content":{"rendered":"<h3><strong>PER RICEVERE QUESTO NOTIZIARIO DIRETTAMENTE SUL TUO CELLULARE ISCRIVITI AL CANALE TELEGRAM\u00a0<\/strong><strong>\u201cRADIO PIU\u00a0 INFORMAZIONE\u201d\u00a0\u00a0<\/strong><\/h3>\n<p>&nbsp;<\/p>\n<hr \/>\n<h3><a class=\"dt-pswp-item\" href=\"https:\/\/www.radiopiu.net\/wordpress\/wp-content\/uploads\/2020\/06\/104678005_10221198679655670_2446301072877222725_o.jpg\" data-dt-img-description=\"\" data-large_image_width=\"512\" data-large_image_height=\"640\"><img loading=\"lazy\" decoding=\"async\" class=\"alignleft size-medium wp-image-145207\" src=\"https:\/\/www.radiopiu.net\/wordpress\/wp-content\/uploads\/2020\/06\/104678005_10221198679655670_2446301072877222725_o-240x300.jpg\" alt=\"\" width=\"240\" height=\"300\" srcset=\"https:\/\/www.radiopiu.net\/wordpress\/wp-content\/uploads\/2020\/06\/104678005_10221198679655670_2446301072877222725_o-240x300.jpg 240w, https:\/\/www.radiopiu.net\/wordpress\/wp-content\/uploads\/2020\/06\/104678005_10221198679655670_2446301072877222725_o.jpg 512w\" sizes=\"auto, (max-width: 240px) 100vw, 240px\" \/><\/a>A SILVIA DORIGUZZI<\/h3>\n<p><em>&#8220;Manchi gi\u00e0 come l&#8217;aria. Illuminaci coi tuoi sorrisi da lass\u00f9.. Lo so che senti tutto questo amore che abbiamo per te&#8221;:<\/em> la mamma, Giulia Zambon. <em>&#8220;Grazie per le vostre parole, abbracci, pensieri&#8230;ci sentiamo avvolti dall&#8217;affetto che avete per noi e per la nostra adorata Silvia. Il suo sorriso risplende fortissimo in tutti noi, specialmente oggi che \u00e8 passata oltre&#8230;ma lei sar\u00e0 sempre presente, ogniqualvolta la penseremo, ricorderemo o chiameremo in aiuto in momenti in cui, col suo buffo e spigliato altruismo, si preoccupava di renderci felici. Brillava..brillava tanto e la sua luce ci raggiunger\u00e0 sempre e ovunque..grazie ancora.. e anche lei vi ringrazia per il grande amore e la grande energia che ci donate&#8221;\u00a0<\/em><\/p>\n<p>&nbsp;<\/p>\n<p>&nbsp;<\/p>\n<p>&nbsp;<\/p>\n<p>&nbsp;<\/p>\n<p>&nbsp;<\/p>\n<hr \/>\n<p>&nbsp;<\/p>\n<p><span style=\"color: #ff0000;\"><strong>Gestione Servizi Pubblici informa che a LIVINALLONGO DEL COL DI LANA nelle LOCALITA&#8217; LARZONEI, SALESEI DI SOPRA, SALESEI DI SOTTO, PIAN DI SALESEI, SALESEI, SOTTOCREPA e FOPPA l&#8217;acqua erogata dall&#8217;acquedotto non \u00e8 potabile e pu\u00f2 essere usata per scopi alimentari SOLO PREVIA bollitura<\/strong><\/span><\/p>\n<p>&nbsp;<\/p>\n<hr \/>\n<p>&nbsp;<\/p>\n<p><em><strong>PONTE MAS RIAPRE CON 10 GIORNI DI ANTICIPO, VIA LIBERA DA SABATO ANZICHE&#8217; DAL 30 GIUGNO COME INZIALMENTE PREVISTO. FINO A SABATO DEVIAZIONI SULLA VIABILITA&#8217; ALTERNATIVA PER VIGNOLE.<\/strong><\/em><\/p>\n<p><em><strong>PROVINCIALE 20 CAPRILE-SELVA DI CADORE.\u00a0 CHIUSA\u00a0 FINO\u00a0 AL 4 LUGLIO IN LOCALITA\u2019 SOLATOR ANCHE SABATO E DOMENICA. TRANSITO CONSENTITO AI LOCALI CON TEMPI DI ATTESA FINO A 30 MINUTI<\/strong><\/em><\/p>\n<p><em><strong>203 AGORDINA, FINO\u00a0 AL 30 LUGLIO ESCLUSI FESTIVI E PREFESTIVI SENSO UNICO ALTERNATO TRA CANDATEN E PERON. DALLE 730 ALLE 9 E DALLE 1630 ALLE 18 CON MOVIERI, NEGLI ALTRI ORARI SEMAFORO\u00a0<\/strong><\/em><\/p>\n<p>&nbsp;<\/p>\n<hr \/>\n<blockquote>\n<h3><\/h3>\n<h3>IN VALLE DEL MIS IL PARCO IMPONE IL BIGLIETTO, ALTROVE NON SE NE PARLA NEMMENO.<\/h3>\n<\/blockquote>\n<p><em><strong><a class=\"dt-pswp-item\" href=\"https:\/\/www.radiopiu.net\/wordpress\/wp-content\/uploads\/2020\/06\/download-19.jpg\" data-dt-img-description=\"\" data-large_image_width=\"201\" data-large_image_height=\"251\"><img loading=\"lazy\" decoding=\"async\" class=\"alignleft size-full wp-image-145204\" src=\"https:\/\/www.radiopiu.net\/wordpress\/wp-content\/uploads\/2020\/06\/download-19.jpg\" alt=\"\" width=\"201\" height=\"251\" \/><\/a>SOSPIROLO<\/strong> La passeggiata ai Cadini del Brenton in Valle del Mis non \u00e8 pi\u00f9 gratuita. Per vedere le 15 vasche d&#8217;acqua naturali il turista (non i bambini fino a 14 anni) pagher\u00e0 e il denaro servir\u00e0 per migliorare l&#8217;accessibilit\u00e0 all&#8217;area del Parco Nazionale delle Dolomiti e potrebbe essere un buon affare perch\u00e9 lo scorso anno in valle si sono contate 20mila presenze. La gente residente nei 15 Comuni del Parco avr\u00e0 invece accesso gratuito. I visitatori oltre al biglietto riceveranno un segnalibro omaggio. Un buona iniziativa in Valle del Mis, sarebbe opportuno che da questa esperienza prendessero esempio anche altre zone montane prese d&#8217;assedio dal turista del pic nic porta immondizie, dalla Valle di San Lucano a quella di Gares, dagli incantati pendii del Framont ai boschi del Poi ma sono esempi. Non importa se il biglietto viene staccato per il parcheggio piuttosto che per l&#8217;area barbecue o il gabinetto che non sia quello sotto al cielo. L&#8217;importante sarebbe staccarlo come succede al mare o al lago per poi re investire quel denaro nel recupero ambientale che anche in montagna, soprattutto dopo Vaia se ne\u00a0 vede il bisogno ovunque. Infine, a proposito del Parco: a quando una decisione importante per Candaten dove gli animali selvatici scorrazzano lungo la regionale 203 agordina? A quando una soluzione seria che non siano le gi\u00e0 viste panacee di cartelli con luci intermittenti piuttosto che i paletti con dispositivi tecnologici che non hanno risolto il problema? Dopo i giorni dell&#8217;ultimo incidente mortale pi\u00f9 nessuno ne ha parlato ma sarebbe opportuno affrontare l&#8217;argomento con decisione, prima della prossima vittima.<\/em><em>\u00a0(mm)<\/em><\/p>\n<p>&nbsp;<\/p>\n<p>&nbsp;<\/p>\n<p>&nbsp;<\/p>\n<hr \/>\n<p>&nbsp;<\/p>\n<blockquote>\n<h3>DOPPIO INTERVENTO DEI VIGILI DEL FUOCO PER APERTURA PORTE E INCIDENTE STRADALE<\/h3>\n<\/blockquote>\n<p><strong>PONTE NELLE ALP<\/strong>I VIgili del fuoco del comando di Belluno doppiamente impegnati oggi, Nel pomeriggio a Ponte nelle Alpi per un incidente che ha coinvolto un&#8217;auto e un autocarro dell&#8217;Anas. Sul posto\u00a0 il personale del 118 in soccorso all&#8217;automobilista, M.F. un quarantenne vicentino portato in ospedale ma non in gravi condizioni. Dalla prima ricostruzione il camion dell&#8217;Anas ha fatto inversione in contromano e l&#8217;uomo a bordo della citroen non \u00e8 riuscito ad evitare lo schianto.\u00a0 In mattinata invece gli uomini in rosso sono\u00a0 intervenuti a Belluno alle 9.30, in via Lungardo per aiutare una mamma uscita di casa per portare l&#8217;immondizia, quando \u00e8 tornata la porta era chiusa e la figlia piccola di 2 anni prigioniera in casa. La bimba non ha nemmeno avuto il tempo di prendere paura tanto \u00e8 stato immediato l&#8217;intervento dei pompieri per la riapertura delle porta che hanno raggiunto l&#8217;abitazione da un terrazzo.<\/p>\n<p><a class=\"dt-pswp-item\" href=\"https:\/\/www.radiopiu.net\/wordpress\/wp-content\/uploads\/2020\/06\/foto1.jpg\" data-dt-img-description=\"\" data-large_image_width=\"1280\" data-large_image_height=\"960\"><img loading=\"lazy\" decoding=\"async\" class=\"alignleft size-medium wp-image-145169\" src=\"https:\/\/www.radiopiu.net\/wordpress\/wp-content\/uploads\/2020\/06\/foto1-300x225.jpg\" alt=\"\" width=\"300\" height=\"225\" srcset=\"https:\/\/www.radiopiu.net\/wordpress\/wp-content\/uploads\/2020\/06\/foto1-300x225.jpg 300w, https:\/\/www.radiopiu.net\/wordpress\/wp-content\/uploads\/2020\/06\/foto1-1024x768.jpg 1024w, https:\/\/www.radiopiu.net\/wordpress\/wp-content\/uploads\/2020\/06\/foto1-768x576.jpg 768w, https:\/\/www.radiopiu.net\/wordpress\/wp-content\/uploads\/2020\/06\/foto1.jpg 1280w\" sizes=\"auto, (max-width: 300px) 100vw, 300px\" \/><\/a><a class=\"dt-pswp-item\" href=\"https:\/\/www.radiopiu.net\/wordpress\/wp-content\/uploads\/2020\/06\/foto2.jpg\" data-dt-img-description=\"\" data-large_image_width=\"1280\" data-large_image_height=\"960\"><img loading=\"lazy\" decoding=\"async\" class=\"alignleft size-medium wp-image-145168\" src=\"https:\/\/www.radiopiu.net\/wordpress\/wp-content\/uploads\/2020\/06\/foto2-300x225.jpg\" alt=\"\" width=\"300\" height=\"225\" srcset=\"https:\/\/www.radiopiu.net\/wordpress\/wp-content\/uploads\/2020\/06\/foto2-300x225.jpg 300w, https:\/\/www.radiopiu.net\/wordpress\/wp-content\/uploads\/2020\/06\/foto2-1024x768.jpg 1024w, https:\/\/www.radiopiu.net\/wordpress\/wp-content\/uploads\/2020\/06\/foto2-768x576.jpg 768w, https:\/\/www.radiopiu.net\/wordpress\/wp-content\/uploads\/2020\/06\/foto2.jpg 1280w\" sizes=\"auto, (max-width: 300px) 100vw, 300px\" \/><\/a><\/p>\n<p>&nbsp;<\/p>\n<p>&nbsp;<\/p>\n<p>&nbsp;<\/p>\n<p>&nbsp;<\/p>\n<p>&nbsp;<\/p>\n<p>&nbsp;<\/p>\n<p>&nbsp;<\/p>\n<p>&nbsp;<\/p>\n<p>&nbsp;<\/p>\n<p>&nbsp;<\/p>\n<hr \/>\n<p>&nbsp;<\/p>\n<blockquote>\n<h3>CICLISTA INVESTITA A FELTRE<\/h3>\n<\/blockquote>\n<p><strong>FELTRE<\/strong> \u00c8\u00a0 ricoverata al Santa Maria del Prato con una frattura e numerosi traumi la ciclista investita ieri mattina alle 8 da un&#8217;auto i all&#8217;altezza di Pont lungo la strada provinciale 37\u00a0 che porta a\u00a0 Nemeggio. La ciclista, Z.E., 26 anni, di Borgo Valbelluna in ,mountain bike stava andando verso Feltre. Nella stessa direzione la Renault guidata da una donna di Belluno, G.I., 31 anni. All&#8217;incrocio la bici si sarebbe spostata verso sinistra, venendo colpita dalla macchina che sopraggiungeva.La ciclista \u00e8 stata soccorsa dai sanitari del Santa Maria del Prato che l&#8217;hanno portata d&#8217;urgenza in ospedale.Non corre pericolo di vita ma della diagnosi anche l&#8217;ipotesi di un intervento per la\u00a0 frattura vertebrale e il\u00a0 trauma cranico commotivo oltre a numerose lesioni<\/p>\n<p>&nbsp;<\/p>\n<hr \/>\n<p>&nbsp;<\/p>\n<blockquote>\n<h3>I SOMMOZZATORI DEI VIGILI DEL FUOCO RECUPERATO LE CARCASSE DI DUE MAIALINI EVISCERATI NEL VAJONT, FOTO E VIDEO<\/h3>\n<\/blockquote>\n<p><strong><a class=\"dt-pswp-item\" href=\"https:\/\/www.radiopiu.net\/wordpress\/wp-content\/uploads\/2020\/06\/WhatsApp-Image-2020-06-18-at-20.02.13.jpeg\" data-dt-img-description=\"\" data-large_image_width=\"960\" data-large_image_height=\"713\"><img loading=\"lazy\" decoding=\"async\" class=\"alignleft size-medium wp-image-145190\" src=\"https:\/\/www.radiopiu.net\/wordpress\/wp-content\/uploads\/2020\/06\/WhatsApp-Image-2020-06-18-at-20.02.13-300x223.jpeg\" alt=\"\" width=\"300\" height=\"223\" srcset=\"https:\/\/www.radiopiu.net\/wordpress\/wp-content\/uploads\/2020\/06\/WhatsApp-Image-2020-06-18-at-20.02.13-300x223.jpeg 300w, https:\/\/www.radiopiu.net\/wordpress\/wp-content\/uploads\/2020\/06\/WhatsApp-Image-2020-06-18-at-20.02.13-768x570.jpeg 768w, https:\/\/www.radiopiu.net\/wordpress\/wp-content\/uploads\/2020\/06\/WhatsApp-Image-2020-06-18-at-20.02.13.jpeg 960w\" sizes=\"auto, (max-width: 300px) 100vw, 300px\" \/><\/a>LONGARONE<\/strong> Dopo i cinque vitelli recuperati ieri a Bogo di Cencenighe anche ieri i vigili del fuoco sono intervenuti nel recupero di alcuni animali\u00a0 nella forra del torrente Vajont. Questa volta purtroppo non si \u00e8 trattato di portare in salvo gli animali, piuttosto di recuperare le carcasse segnalate\u00a0 da un cittadino che aveva notato delle sagome nell\u2019acqua guardando dal ponte. I vigili del fuoco di Belluno dopo un primo sopralluogo, hanno fatto intervenire il personale del nucleo sommozzatori di Venezia che hanno portato a galla dalla forra due maialini eviscerati, legati tra di loro, pi\u00f9 altri due mezzi gi\u00e0 macellati. Gli animali sono stati messi in alcuni sacchi e tirati su dal ponte del torrente. Il veterinario dell\u2019Ulss presente sul posto ha effettuato una prima verifica e preso in consegna le carcasse, che saranno inviate in laboratorio per alcune analisi. Tutto da chiarire come gli animali siano finiti nella forra. Sul posto il personale del comune e la polizia locale.<\/p>\n<p>&nbsp;<\/p>\n<p>&nbsp;<\/p>\n<p>&nbsp;<\/p>\n<p>VIDEO<\/p>\n<p><iframe loading=\"lazy\" title=\"vigili del fuoco a Longarone nel Vajont\" width=\"1200\" height=\"675\" src=\"https:\/\/www.youtube.com\/embed\/f1bmwHV87Eg?feature=oembed\" frameborder=\"0\" allow=\"accelerometer; autoplay; clipboard-write; encrypted-media; gyroscope; picture-in-picture\" allowfullscreen><\/iframe><\/p>\n<p>&nbsp;<\/p>\n<hr \/>\n<blockquote>\n<h3><\/h3>\n<h3>OSPEDALE DI AGORDO, L&#8217;ULSS RISPONDE<\/h3>\n<\/blockquote>\n<p><a class=\"dt-pswp-item\" href=\"https:\/\/www.radiopiu.net\/wordpress\/wp-content\/uploads\/2015\/10\/Entrata-Agordo-300x225.jpg\" data-dt-img-description=\"\" data-large_image_width=\"300\" data-large_image_height=\"225\"><img loading=\"lazy\" decoding=\"async\" class=\"size-medium wp-image-11952 alignleft\" src=\"https:\/\/www.radiopiu.net\/wordpress\/wp-content\/uploads\/2015\/10\/Entrata-Agordo-300x225-300x225.jpg\" alt=\"\" width=\"300\" height=\"225\" \/><\/a>di Gianni Santomaso<\/p>\n<audio class=\"wp-audio-shortcode\" id=\"audio-145021-1\" preload=\"none\" style=\"width: 100%;\" controls=\"controls\"><source type=\"audio\/mpeg\" src=\"https:\/\/www.radiopiu.net\/wordpress\/wp-content\/uploads\/2020\/06\/GIANNI-OSPEDALE-AGORDO-ULSS-RISPONDE.mp3?_=1\" \/><a href=\"https:\/\/www.radiopiu.net\/wordpress\/wp-content\/uploads\/2020\/06\/GIANNI-OSPEDALE-AGORDO-ULSS-RISPONDE.mp3\">https:\/\/www.radiopiu.net\/wordpress\/wp-content\/uploads\/2020\/06\/GIANNI-OSPEDALE-AGORDO-ULSS-RISPONDE.mp3<\/a><\/audio>\n<p>&nbsp;<\/p>\n<p>&nbsp;<\/p>\n<hr \/>\n<p>&nbsp;<\/p>\n<p>&nbsp;<\/p>\n<blockquote>\n<h3>LUXOTTICA: ALTRE 4 SETTIMANE DI CASSA INTEGRAZIONE AL 100%, MA NON PER TUTTI<\/h3>\n<\/blockquote>\n<p><strong><a class=\"dt-pswp-item\" href=\"https:\/\/www.radiopiu.net\/wordpress\/wp-content\/uploads\/2020\/04\/LUXOTTICA-ITALIA-scaled.jpg\" data-dt-img-description=\"\" data-large_image_width=\"2560\" data-large_image_height=\"1920\"><img loading=\"lazy\" decoding=\"async\" class=\"size-medium wp-image-130528 alignleft\" src=\"https:\/\/www.radiopiu.net\/wordpress\/wp-content\/uploads\/2020\/04\/LUXOTTICA-ITALIA-300x225.jpg\" alt=\"\" width=\"300\" height=\"225\" srcset=\"https:\/\/www.radiopiu.net\/wordpress\/wp-content\/uploads\/2020\/04\/LUXOTTICA-ITALIA-300x225.jpg 300w, https:\/\/www.radiopiu.net\/wordpress\/wp-content\/uploads\/2020\/04\/LUXOTTICA-ITALIA-1024x768.jpg 1024w, https:\/\/www.radiopiu.net\/wordpress\/wp-content\/uploads\/2020\/04\/LUXOTTICA-ITALIA-768x576.jpg 768w, https:\/\/www.radiopiu.net\/wordpress\/wp-content\/uploads\/2020\/04\/LUXOTTICA-ITALIA-1536x1152.jpg 1536w, https:\/\/www.radiopiu.net\/wordpress\/wp-content\/uploads\/2020\/04\/LUXOTTICA-ITALIA-2048x1536.jpg 2048w\" sizes=\"auto, (max-width: 300px) 100vw, 300px\" \/><\/a>AGORDO<\/strong> Incontro settimanale tra dirigenza Luxottica e sigle sindacali per fare il punto della situazione. Dopo un esame delle settimane trascorse e l\u2019analisi di alcune tematiche emerse trasversalmente a livello territoriale anche alla luce dell\u2019accordo di Cassa Integrazione, sono stati ribaditi i programmi produttivi per la settimana del 22 di Giugno 2020 che confermano la progressiva crescita del piano produttivo. In tal senso per tutti gli stabilimenti di Agordo, Cencenighe, Sedico, Pederobba, Rovereto, Lauriano occhiali, Lauriano Lenti, Silvi Marina e Citt\u00e0 Sant\u2019Angelo, si conferma una percentuale di presenze indicativa media fra il 70% ed il 80% per la suddetta settimana, con aperture in parte scaglionate in alcuni reparti. La logistica distributiva (Sedico) continuer\u00e0 a lavorare sui consueti livelli. Una percentuale di presenze pi\u00f9 alta \u00e8 confermata ad Agordo nelle aree dell\u2019Ufficio tecnico, Ufficio Prodotto ed Officina al fine di garantire il processo dei nuovi prodotti. Sono, inoltre, previste le consuete attivit\u00e0 di manutenzione e messa in sicurezza degli impianti che verranno garantite in ogni sede. Si \u00e8 infine convenuta la proroga di ulteriori 4 settimane di Cigo Covid per agevolare il progressivo rientro dei dipendenti in linea con l&#8217;andamento produttivo e nel pieno rispetto del Protocollo Sanitario. Gli stabilimenti di Barberini, Sedico Logistica, RX lenti e AfterSale non saranno interessati dalla proroga della Cassa integrazione. Per i soggetti deboli degli stabilimenti di cui sopra, che non dovessero\/potessero riprendere l\u2019attivit\u00e0 produttiva, si condivideranno a livello territoriale le soluzione pi\u00f9 opportune, tra cui il ricorso alla Banca Etica. Le 4 settimane di proroga CIG COVID-19, vengono richieste in base a quanto previsto dall\u2019ultimo Decreto del Governo.<\/p>\n<p>&nbsp;<\/p>\n<p>&nbsp;<\/p>\n<p>&nbsp;<\/p>\n<hr \/>\n<p>&nbsp;<\/p>\n<p>&nbsp;<\/p>\n<h2>OGGI ALLA RADIO<\/h2>\n<blockquote>\n<h3>LUXOTTICA. CISL LA VOCE DEI LAVORATORI, I CONGEDI PARENTALI<\/h3>\n<h3>di Paolo Chissal\u00e8<\/h3>\n<\/blockquote>\n<p><strong><img loading=\"lazy\" decoding=\"async\" class=\"alignleft\" src=\"https:\/\/www.radiopiu.net\/wordpress\/wp-content\/uploads\/2018\/01\/PAOLO-CHISSALE.jpg\" width=\"198\" height=\"132\" \/><\/strong><\/p>\n<p>&nbsp;<\/p>\n<p><strong>AGORDO<\/strong> In Luxottica \u00e8 forte a necessit\u00e0 di azioni incisive post emergenza Covid. Paolo Chissal\u00e8 spiega le opportunit\u00e0 per i dipendenti del gruppo dell&#8217;occhiale. Possibilit\u00e0 di contributi per chi iscrive i propri figli ai centri estivi<\/p>\n<p>&nbsp;<\/p>\n<audio class=\"wp-audio-shortcode\" id=\"audio-145021-2\" preload=\"none\" style=\"width: 100%;\" controls=\"controls\"><source type=\"audio\/mpeg\" src=\"https:\/\/www.radiopiu.net\/wordpress\/wp-content\/uploads\/2020\/06\/PAOLO-CHISSSALE.mp3?_=2\" \/><a href=\"https:\/\/www.radiopiu.net\/wordpress\/wp-content\/uploads\/2020\/06\/PAOLO-CHISSSALE.mp3\">https:\/\/www.radiopiu.net\/wordpress\/wp-content\/uploads\/2020\/06\/PAOLO-CHISSSALE.mp3<\/a><\/audio>\n<p>&nbsp;<\/p>\n<p>&nbsp;<\/p>\n<hr \/>\n<p>&nbsp;<\/p>\n<p>&nbsp;<\/p>\n<blockquote>\n<h2>DILLO A RADIO PIU&#8217;: A QUESTE CONDIZIONI NON TUTTI POSSONO PERMETTERSI IL CENTRO ESTIVO<\/h2>\n<\/blockquote>\n<p><strong>di Mirko Mezzacasa<\/strong><\/p>\n<p><strong><a class=\"dt-pswp-item\" href=\"https:\/\/www.radiopiu.net\/wordpress\/wp-content\/uploads\/2020\/06\/download-1.png\" data-dt-img-description=\"\" data-large_image_width=\"447\" data-large_image_height=\"113\"><img loading=\"lazy\" decoding=\"async\" class=\"alignleft wp-image-145058\" src=\"https:\/\/www.radiopiu.net\/wordpress\/wp-content\/uploads\/2020\/06\/download-1-300x76.png\" alt=\"\" width=\"268\" height=\"68\" srcset=\"https:\/\/www.radiopiu.net\/wordpress\/wp-content\/uploads\/2020\/06\/download-1-300x76.png 300w, https:\/\/www.radiopiu.net\/wordpress\/wp-content\/uploads\/2020\/06\/download-1.png 447w\" sizes=\"auto, (max-width: 268px) 100vw, 268px\" \/><\/a>VAL CORDEVOLE<\/strong> Sembrava tutto risolto, che i genitori finalmente potessero respirare con l&#8217;apertura del centro estivo al servizio dei Comuni della Valle del Cordevole ma la segnalazione arrivata in redazione spegne quelli che si possono considerare facili entusiasmi. <em>&#8220;Gentile redazione di Radiopi\u00f9, vi scrivo per segnalare il problema dei costi del centro estivo organizzato dai Comuni di Alleghe, Rocca Pietore, Selva di Cadore e Colle Santa Lucia. Per una famiglia con due figli come la nostra il costo sarebbe di 1.330 euro al mese. Un po&#8217; tanto per una famiglia con reddito medio. Sarebbe importante se i Comuni potessero intervenire con un contributo per le famiglie, per abbassare la retta&#8221; <\/em>Messaggio chiaro e anche quando chiediamo se le famiglie abbiano la possibilit\u00e0 di accedere agli ammortizzatori statali ecco un&#8217;altra risposta sconcertante alla faccia della tanto decantata semplificazione e mano porta agli italiani bastonati dalla crisi covid19<em> &#8220;La richiesta del bonus baby sitter da trasformare in bonus centro estivo \u00e8 molto complicata per poter recuperare 600 euro. Il tentativo \u00e8 stato fatto dall&#8217;Ascom sono stato invitato ad interessare l&#8217;Enasco che mi ha invitato a sentire il patronato. Tutti mi hanno confermato la complessit\u00e0 dell&#8217;operazione&#8221;<\/em>. Che sia una una problematica molto sentita \u00e8 quindi evidente, in tanti hanno bisogno di un centro estivo ma non tutti potranno spendere i soldi richiesti. I Comuni gi\u00e0 hanno contribuito sostenendo le spese per i protocolli Covid previsti dalla Regione Veneto ma per le famiglie questi sono i costi: fascia 3-4 anni dalle 7.30 del mattino alle 12.30 sono 103 euro a settimana, per tutto il giorno fino alle 17.30 aumenta a 175 euro. Per la fascia 6-13 anni 82 euro mezza giornata, 145 giornata intera. Ovviamente per chi frequenta il centro dalle 7.30 alle 17.30 \u00e8 previsto il costo del pasto, 24 euro per i pi\u00f9 piccoli, 27,50 a pasto per i pi\u00f9 grandi. Abbiamo chiesto ai sindaci cosa ne pensano, al sindaco di Alleghe Danilo De Toni in particolare mentre per il Comune di Rocca Pietore che ha risposto il consigliere Carlo Bernardi delegato a seguire la vicenda. Il sindaco di Alleghe ammette che i costi sono alti <em>&#8220;Perch\u00e8 sono cambiate le condizioni operative causa Covid 19&#8221;.\u00a0<\/em>Il sindaco \u00e8 fiducioso, che le Regioni possano distribuire dei fondi ai Comuni per andare incontro alle famiglie. <em>&#8220;La Regione oltre questi fondi &#8211; conclude De Toni &#8211; trover\u00e0 delle somme da erogare ai Comuni per abbassare le rette&#8221;<\/em> al momento nessuno per\u00f2 \u00e8 in grado di dare scadenze, quindi sono solo i migliori auspici o speranza.\u00a0 Carlo Bernardi da Rocca Pietore\u00a0 nel suo intervento spiega e chiarisce l&#8217;offerta della Cooperativa Croce Blu di Belluno che a Rocca Pietore organizza anche i corsi extra scolastici nel Comune.<em> &#8220;Sono tariffe importanti, come importanti sono le esperienze precedenti dei centri estivi. Come Comune interveniamo con un cofinanziamento con somme dai 30 a 40 euro a settimana a seconda dell&#8217;et\u00e0&#8221; <\/em>Il consigliere riconosce il peso della burocrazia per l&#8217;accesso ai bonus governativi <em>&#8220;Per questo cercheremo di ottenere ulteriori contributi ma al momento questo \u00e8 il servizio che riusciamo ad offrire tramite la cooperativa&#8221;.<\/em> Infine i costi per i pasti forniti da un catering esterno trovano giustificazione nell&#8217;emergenza covid19 con la necessit\u00e0 delle dosi monopasto. La conclusione: queste sono le condizioni della serie &#8220;prendere o lasciare&#8221; con la speranza che comunque le famiglie iscrivano i loro figli e sperino in ulteriori eventuali sostegni da parte delle istituzioni, Governo e Regione tramite i Comuni per il quale al momento ci sono solo auspici e non certezze.<\/p>\n<p>&nbsp;<\/p>\n<p><strong>IL SINDACO DI ALLEGHE DANILO DE TONI<\/strong><\/p>\n<audio class=\"wp-audio-shortcode\" id=\"audio-145021-3\" preload=\"none\" style=\"width: 100%;\" controls=\"controls\"><source type=\"audio\/mpeg\" src=\"https:\/\/www.radiopiu.net\/wordpress\/wp-content\/uploads\/2020\/06\/DANILO-DE-TONI-1.mp3?_=3\" \/><a href=\"https:\/\/www.radiopiu.net\/wordpress\/wp-content\/uploads\/2020\/06\/DANILO-DE-TONI-1.mp3\">https:\/\/www.radiopiu.net\/wordpress\/wp-content\/uploads\/2020\/06\/DANILO-DE-TONI-1.mp3<\/a><\/audio>\n<p>&nbsp;<\/p>\n<p><strong>IL CONSIGLIERE COMUNALE CARLO BERNARDI<\/strong><\/p>\n<audio class=\"wp-audio-shortcode\" id=\"audio-145021-4\" preload=\"none\" style=\"width: 100%;\" controls=\"controls\"><source type=\"audio\/mpeg\" src=\"https:\/\/www.radiopiu.net\/wordpress\/wp-content\/uploads\/2020\/06\/CARLO-BERNARDI.mp3?_=4\" \/><a href=\"https:\/\/www.radiopiu.net\/wordpress\/wp-content\/uploads\/2020\/06\/CARLO-BERNARDI.mp3\">https:\/\/www.radiopiu.net\/wordpress\/wp-content\/uploads\/2020\/06\/CARLO-BERNARDI.mp3<\/a><\/audio>\n<p>&nbsp;<\/p>\n<p><strong>IL SINDACO DI SELVA DI CADORE SILVIA CESTARO<\/strong><\/p>\n<audio class=\"wp-audio-shortcode\" id=\"audio-145021-5\" preload=\"none\" style=\"width: 100%;\" controls=\"controls\"><source type=\"audio\/mpeg\" src=\"https:\/\/www.radiopiu.net\/wordpress\/wp-content\/uploads\/2020\/06\/silvia.mp3?_=5\" \/><a href=\"https:\/\/www.radiopiu.net\/wordpress\/wp-content\/uploads\/2020\/06\/silvia.mp3\">https:\/\/www.radiopiu.net\/wordpress\/wp-content\/uploads\/2020\/06\/silvia.mp3<\/a><\/audio>\n<p>&nbsp;<\/p>\n<p>&nbsp;<\/p>\n<p>&nbsp;<\/p>\n<hr \/>\n<h3><\/h3>\n<p>&nbsp;<\/p>\n<blockquote>\n<h2>PARCO GIOCHI DI FALCADE, LAVORI IN STALLO LA STAGIONE SI APRE TRA STRUTTURE DI EMERGENZA. NESSUN PARTECIPANTE PER IL BANDO AL PARCO GIOCHI DI CAVIOLA<\/h2>\n<\/blockquote>\n<p><strong><a class=\"dt-pswp-item\" href=\"https:\/\/www.radiopiu.net\/wordpress\/wp-content\/uploads\/2020\/06\/download-15.jpg\" data-dt-img-description=\"\" data-large_image_width=\"275\" data-large_image_height=\"183\"><img loading=\"lazy\" decoding=\"async\" class=\"alignleft size-full wp-image-145063\" src=\"https:\/\/www.radiopiu.net\/wordpress\/wp-content\/uploads\/2020\/06\/download-15.jpg\" alt=\"\" width=\"275\" height=\"183\" \/><\/a>FALCADE <\/strong>I lavori al Parco Giochi sulla piana di Falcade sono in fase di stallo, anzi sono proprio bloccati e le novit\u00e0 sono delle peggiori. I ritardi sui lavori sono notevoli e per la seconda estate mancher\u00e0 il servizio bar e ristorazione che per fortuna in via emergenziale \u00e8 garantito da un &#8220;bar container&#8221;. I motivi del ritardo vengono spiegati dal sindaco Michele Costa che con l&#8217;attuale gruppo di Governo ha dato il via ai lavori con l&#8217;uscita della precedente gestione, i locali infatti\u00a0 non erano pi\u00f9 gestibili. Il progetto definitivo \u00e8 stato ufficializzato a fine ottobre 2019. A fine febbraio al momento della firma del contratto con la ditta vincitrice dell&#8217;appalto la doccia fredda: la ditta Brunelli di Verona per un contenzioso giudiziario \u00e8 in concordato preventivo e quindi il bando \u00e8 aggiudicato ad un&#8217;azienda che non pu\u00f2 operare. Va quindi atteso il parere del Tribunale e il Comune stante le norme vigenti non pu\u00f2 revocare l&#8217;autorizzazione, sar\u00e0 poi da vedere se la seconda ditta classificata nella gara d&#8217;appalto se accetter\u00e0 il 12% di ribasso d&#8217;asta previsto per la Brunelli di Verona. Sono invece iniziati alcuni lavori importanti come lo spostamento della cabina della media tensione da parte dell&#8217;Enel. Anche per la sistemazione del Parco giochi di Caviola non ci sono buone notizie, nessuno ha partecipato al bando anche se sono previsti lavori non eccessivamente complicati per la riqualificazione dell&#8217;area.&#8221;Stiamo provvedendo a rifare gli avvisi&#8221; dice il sindaco falcadino.<\/p>\n<blockquote>\n<h3>IL SINDACO DI FALCADE MICHELE COSTA AI MICROFONI DI RADIO PIU&#8217;.<\/h3>\n<\/blockquote>\n<audio class=\"wp-audio-shortcode\" id=\"audio-145021-6\" preload=\"none\" style=\"width: 100%;\" controls=\"controls\"><source type=\"audio\/mpeg\" src=\"https:\/\/www.radiopiu.net\/wordpress\/wp-content\/uploads\/2020\/06\/MICHELE-COSTA.mp3?_=6\" \/><a href=\"https:\/\/www.radiopiu.net\/wordpress\/wp-content\/uploads\/2020\/06\/MICHELE-COSTA.mp3\">https:\/\/www.radiopiu.net\/wordpress\/wp-content\/uploads\/2020\/06\/MICHELE-COSTA.mp3<\/a><\/audio>\n<p>&nbsp;<\/p>\n<p>&nbsp;<\/p>\n<p>&nbsp;<\/p>\n<hr \/>\n<h3><\/h3>\n<blockquote>\n<h3>LA FONTANA A VILLOTTA DI FALCADE<\/h3>\n<\/blockquote>\n<p><a class=\"dt-pswp-item\" href=\"https:\/\/www.radiopiu.net\/wordpress\/wp-content\/uploads\/2020\/06\/9706096a-6149-4186-9d1f-c52ea038b8f1.jpg\" data-dt-img-description=\"\" data-large_image_width=\"2048\" data-large_image_height=\"1154\"><img loading=\"lazy\" decoding=\"async\" class=\"alignleft size-medium wp-image-144666\" src=\"https:\/\/www.radiopiu.net\/wordpress\/wp-content\/uploads\/2020\/06\/9706096a-6149-4186-9d1f-c52ea038b8f1-300x169.jpg\" alt=\"\" width=\"300\" height=\"169\" srcset=\"https:\/\/www.radiopiu.net\/wordpress\/wp-content\/uploads\/2020\/06\/9706096a-6149-4186-9d1f-c52ea038b8f1-300x169.jpg 300w, https:\/\/www.radiopiu.net\/wordpress\/wp-content\/uploads\/2020\/06\/9706096a-6149-4186-9d1f-c52ea038b8f1-1024x577.jpg 1024w, https:\/\/www.radiopiu.net\/wordpress\/wp-content\/uploads\/2020\/06\/9706096a-6149-4186-9d1f-c52ea038b8f1-768x433.jpg 768w, https:\/\/www.radiopiu.net\/wordpress\/wp-content\/uploads\/2020\/06\/9706096a-6149-4186-9d1f-c52ea038b8f1-1536x866.jpg 1536w, https:\/\/www.radiopiu.net\/wordpress\/wp-content\/uploads\/2020\/06\/9706096a-6149-4186-9d1f-c52ea038b8f1.jpg 2048w\" sizes=\"auto, (max-width: 300px) 100vw, 300px\" \/><\/a><\/p>\n<p>di Gianni Santomaso<\/p>\n<audio class=\"wp-audio-shortcode\" id=\"audio-145021-7\" preload=\"none\" style=\"width: 100%;\" controls=\"controls\"><source type=\"audio\/mpeg\" src=\"https:\/\/www.radiopiu.net\/wordpress\/wp-content\/uploads\/2020\/06\/GIANNI-VILLOTTA-FALCADE.mp3?_=7\" \/><a href=\"https:\/\/www.radiopiu.net\/wordpress\/wp-content\/uploads\/2020\/06\/GIANNI-VILLOTTA-FALCADE.mp3\">https:\/\/www.radiopiu.net\/wordpress\/wp-content\/uploads\/2020\/06\/GIANNI-VILLOTTA-FALCADE.mp3<\/a><\/audio>\n<p>&nbsp;<\/p>\n<p>ARCHIVIO RADIO PIU, 8 AGOSTO 2019<\/p>\n<blockquote class=\"wp-embedded-content\" data-secret=\"cCtPmFCCwk\"><p><a href=\"https:\/\/www.radiopiu.net\/wordpress\/la-riqualificazione-della-piazzetta-di-villotta-e-della-sua-intoccabile-fontana\/\">LA RIQUALIFICAZIONE DELLA PIAZZETTA DI VILLOTTA E DELLA SUA INTOCCABILE FONTANA<\/a><\/p><\/blockquote>\n<p><iframe loading=\"lazy\" class=\"wp-embedded-content\" sandbox=\"allow-scripts\" security=\"restricted\" style=\"position: absolute; clip: rect(1px, 1px, 1px, 1px);\" title=\"&#8220;LA RIQUALIFICAZIONE DELLA PIAZZETTA DI VILLOTTA E DELLA SUA INTOCCABILE FONTANA&#8221; &#8212; Radio Pi\u00f9\" src=\"https:\/\/www.radiopiu.net\/wordpress\/la-riqualificazione-della-piazzetta-di-villotta-e-della-sua-intoccabile-fontana\/embed\/#?secret=cCtPmFCCwk\" data-secret=\"cCtPmFCCwk\" width=\"600\" height=\"338\" frameborder=\"0\" marginwidth=\"0\" marginheight=\"0\" scrolling=\"no\"><\/iframe><\/p>\n<p>&nbsp;<\/p>\n<p>&nbsp;<\/p>\n<p>&nbsp;<\/p>\n<hr \/>\n<p>&nbsp;<\/p>\n<p>&nbsp;<\/p>\n<blockquote>\n<h3>MINORI: REGIONE VENETO, 5 MLN DI EURO DI CONTRIBUTI PER AFFIDI IN FAMIGLIA<\/h3>\n<\/blockquote>\n<p><strong>VENEZIA<\/strong>\u00a0 Quasi 5 milioni di euro stanno per arrivare a Ulss e Comuni del Veneto per sostenere con contributi mensili le famiglie affidatarie che hanno accolto nel corso del 2019 un bambino o un ragazzo in difficolt\u00e0, affiancandosi alla famiglia di origine. I contributi, pari a 507 euro mensili per minore, per un totale complessivo di 4 milioni e 850 mila euro, sono stati assegnati dalla Giunta regionale del Veneto all\u2019Azienda Zero, perch\u00e9 provveda al riparto agli enti territoriali. <em>\u201cLo scorso anno sono stati oltre un migliaio i minori allontanati dalle loro famiglie d\u2019origine su istanza dei servizi sociali o con provvedimenti della magistratura minorile \u2013 afferma l\u2019assessore regionale alla sanit\u00e0 e al Sociale, Manuela Lanzarin \u2013 La Regione, attraverso i servizi sociali dei Comuni e delle Ulss, sostiene con un contributo mensile le famiglie che si fanno carico di accogliere questi minori e di seguirli nel percorso educativo\u201d.<\/em><\/p>\n<p>&nbsp;<\/p>\n<p>&nbsp;<\/p>\n<hr \/>\n<h3><\/h3>\n<p>&nbsp;<\/p>\n<blockquote>\n<h3>APPROVATA L&#8217;EROGAZIONE DEL FONDO DI SOLIDARIET\u00c0, 212 MILIONI DI EURO ALL&#8217;ITALIA PER L&#8217;ALLUVIONE 2019<\/h3>\n<p><strong>DALLA RASSEGNA STAMPA DELLE OTTO\u00a0<\/strong><\/p><\/blockquote>\n<audio class=\"wp-audio-shortcode\" id=\"audio-145021-8\" preload=\"none\" style=\"width: 100%;\" controls=\"controls\"><source type=\"audio\/mpeg\" src=\"https:\/\/www.radiopiu.net\/wordpress\/wp-content\/uploads\/2020\/06\/DORFY.mp3?_=8\" \/><a href=\"https:\/\/www.radiopiu.net\/wordpress\/wp-content\/uploads\/2020\/06\/DORFY.mp3\">https:\/\/www.radiopiu.net\/wordpress\/wp-content\/uploads\/2020\/06\/DORFY.mp3<\/a><\/audio>\n<p>&nbsp;<\/p>\n<p><strong><a class=\"dt-pswp-item\" href=\"https:\/\/www.radiopiu.net\/wordpress\/wp-content\/uploads\/2020\/02\/Herbert-Dorfmann-2-1.jpg\" data-dt-img-description=\"\" data-large_image_width=\"2000\" data-large_image_height=\"1333\"><img loading=\"lazy\" decoding=\"async\" class=\"size-medium wp-image-118435 alignleft\" src=\"https:\/\/www.radiopiu.net\/wordpress\/wp-content\/uploads\/2020\/02\/Herbert-Dorfmann-2-1-300x200.jpg\" alt=\"\" width=\"300\" height=\"200\" srcset=\"https:\/\/www.radiopiu.net\/wordpress\/wp-content\/uploads\/2020\/02\/Herbert-Dorfmann-2-1-300x200.jpg 300w, https:\/\/www.radiopiu.net\/wordpress\/wp-content\/uploads\/2020\/02\/Herbert-Dorfmann-2-1-1024x682.jpg 1024w, https:\/\/www.radiopiu.net\/wordpress\/wp-content\/uploads\/2020\/02\/Herbert-Dorfmann-2-1-768x512.jpg 768w, https:\/\/www.radiopiu.net\/wordpress\/wp-content\/uploads\/2020\/02\/Herbert-Dorfmann-2-1-1536x1024.jpg 1536w, https:\/\/www.radiopiu.net\/wordpress\/wp-content\/uploads\/2020\/02\/Herbert-Dorfmann-2-1.jpg 2000w\" sizes=\"auto, (max-width: 300px) 100vw, 300px\" \/><\/a>BRUXELLES\u00a0<\/strong>\u00c8 arrivato nella serata di mercoled\u00ec il voto del Parlamento Europeo, convocato in seduta plenaria a Bruxelles, che approva l&#8217;erogazione del Fondo di Solidariet\u00e0 Europeo agli Stati membri colpiti da gravi eventi climatici (Italia, Portogallo, Spagna e Austria); dei 279 milioni totali, la grandissima parte \u2013 quasi 212 milioni \u2013 \u00e8 destinata all&#8217;Italia, per i danni subiti dal maltempo che ha colpito ben 17 regioni italiane nell&#8217;autunno 2019.\u00a0Praticamente unanime la decisione del Parlamento, che ha visto solamente 7 voti contrari.\u00a0Chiaramente soddisfatto per l&#8217;esito della votazione l&#8217;europarlamentare Herbert Dorfmann, che si era attivato chiedendo l&#8217;attivazione del Fondo di Solidariet\u00e0 e ne ha poi seguito \u2013 come membro della Commissione Bilancio &#8211; l&#8217;iter di approvazione: \u00ab<em>Sono contento di questo risultato, raggiunto nonostante la pausa forzata legata all&#8217;epidemia da Covid-19, che permette di dare un ristoro ai nostri territori. &#8211; commenta \u2013 Queste risorse verranno erogate a Roma, che poi le suddivider\u00e0 in base alle richieste arrivate dalle regioni e dalle province autonome messe in ginocchio da quella pesantissima ondata di maltempo<\/em>\u00bb.\u00a0Va ricordato come la sola Regione Veneto, sui circa sei miliardi totali richiesti dall&#8217;Italia, present\u00f2 un conto dei danni di poco inferiore ai due miliardi di euro;<span class=\"Apple-converted-space\">\u00a0\u00a0<\/span>nel conteggio dei disastri, infatti, figurano gli enormi e gravissimi danni riportati da Venezia e dal litorale a cause dell&#8217; \u201caqua granda\u201d di novembre, ma anche le decine di frane, smottamenti e allagamenti che dal Comelico al Feltrino, passando per il Cadore, la Valbelluna, l&#8217;Alpago e l&#8217;Agordino, avevano colpito per diverse giornate la provincia di Belluno. Per citare alcuni esempi: gli alberi caduti per il forte vento in Alto Agordino, con frazioni isolate e mancanza di elettricit\u00e0; gli allagamenti della zona industriale di Paludi, che avevano richiesto anche l&#8217;utilizzo delle pompe idrovore; la frana di Schiucaz, in Alpago, tornata a muoversi, provocando nuove paure nei residenti; la chiusura di numerose strade e passi.\u00a0Spetter\u00e0 quindi ai vari soggetti attuatori individuare quali progetti realizzare, dagli acquedotti alle strade, passando per la messa in sicurezza del territorio.\u00a0\u00ab<em>Ora la partita in Europa si \u00e8 chiusa. &#8211; conclude Dorfmann \u2013 La palla \u00e8 in mano a Roma che, una volta incassati i soldi, dovr\u00e0 procedere alla ripartizione sul territorio nazionale<\/em>\u00bb.<\/p>\n<p>&nbsp;<\/p>\n<p>&nbsp;<\/p>\n<hr \/>\n<p>&nbsp;<\/p>\n<blockquote>\n<h3>IL COVID19 MORDE ANCORA, DOPO PARECCHI GIORNI UN NUOVO RICOVERO AL SAN MARTINO DI BELLUNO. TRE PERSONE ESCONO DALL&#8217;ISOLAMENTO NELLE ULTIME 24 ORE, MA L&#8217;ALTRO IERI NE ERANO ENTRATE 7. IN VENETO ALTRI 4 MORTI E 13 PERSONE IN QUARTANTENA COMPRESO UN GIOCATORE DEL VENEZIA CALCIO.<\/h3>\n<\/blockquote>\n<p><strong>di Mirko Mezzacasa<\/strong><\/p>\n<p>Il virus \u00e8 ancora in circolo, 333 nuovi casi ieri in Italia, in crescita i ricoveri in terapia intensiva (+5), ieri 66 decessi il dato pi\u00f9 alto della settimana. Nel Veneto aumento delle persone in isolamento fiduciario (+13) anche un calciatore del Venezia trovato positico al Covid, calano invece gli attualmente positivi (-67) ma non si fermano i decessi, ieri altri 4. Nella conferenza stampa di Marghera ha parlato la pediatra, la dottoressa Liviana Da Dalt dell&#8217;ospedale di Padova. Ha spiegato che i bambini non si ammalano, i numeri lo confermano: 2 bimbi ogni 100 contagiati ma sono portatori del virus. Su 19.223 positivi,\u00a0 369 i bambini con et\u00e0 sotto i quindici anni hanno contratto il virus, 4 i decessi in Italia (nessuno in Veneto) e solo l&#8217;1% dei contagiati \u00e8 finito in terapia intensiva. Quello che maggiormente ha preoccupato ha spiegato la dottoressa Da Dalt \u00e8 stato il lockdown <em>&#8220;Mai visti cos\u00ec tanti traumi -ha detto &#8211; tra bimbi caduti dai letti a castello, piuttosto che intossicati con i prodotti trovati in casa. Dal 9 marzo al 20 aprile a Padova sono stati ricoverati 11 bambini di et\u00e0 superiore ad un anno e nello stesso periodo per coronavirus sono stati accolti 2 bambini&#8221;.<\/em> La dottoressa ha pregato di liberare dalle restrizione i bambini, di farlo il prima possibile e in quanto alle mascherin<em>e &#8220;Sotto i 6 anni non vanno utilizzate, da 0 a 2 anni sono invece dannose oltre che complicato a farle indossare visto che i bambini si toccano bocca e naso mettendosi a rischio infezione. Dai 6 anni in su invece i bambini e i ragazzi vanno educati all&#8217;uso delle protezioni&#8221;. <\/em><strong>I NUMERI\u00a0 IN VENETO:<\/strong> TOTALE POSITIVI\u00a0 19233\u00a0 (+8)\u00a0 ATTUALMENTE POSITIVI 600\u00a0 (-67)\u00a0 DECESSI\u00a0 \u00a01997 (+4)\u00a0 NEGATIVIZZATI 16636 (+71)\u00a0 IN ISOLAMENTO 847\u00a0 (+13)\u00a0 RICOVERATI 240 (-9\u00a0 32 POSITIVI,\u00a0 \u00a0207\u00a0 NEGATIVIZZATI), NEGLI OSPEDALI DI COMUNITA\u2019 RICOVERATI 33\u00a0 ( 6 POSITIVI,\u00a0 27 NEGATIVIZZATI), IN TERAPIA INTENSIVA 11 (-1,\u00a0 1 POSITIVI,\u00a0 10 NEGATIVIZZATI). DIMESSI 3526 (+10), <strong>I NUMERI IN PROVINCIA:<\/strong>\u00a0TOTALE CONTAGI 1183 (+0) , ATTUALMENTE POSITIVI 38\u00a0 (-5) , DECEDUTI 112 (0), NEGATIVIZZATI\u00a0 1033 (+5) ISOLAMENTO DOMICILIARE 46\u00a0 (-3) RICOVERATI IN OSPEDALE AL SAN MARTINO 1<\/p>\n<p>&nbsp;<\/p>\n<hr \/>\n<p>&nbsp;<\/p>\n<p>&nbsp;<\/p>\n<blockquote class=\"wp-embedded-content\" data-secret=\"uggoAis2An\"><p><a href=\"https:\/\/www.radiopiu.net\/wordpress\/coronavirus-aggiornamento-nazionale-18-giugno\/\">CORONAVIRUS: AGGIORNAMENTO NAZIONALE 18 GIUGNO<\/a><\/p><\/blockquote>\n<p><iframe loading=\"lazy\" class=\"wp-embedded-content\" sandbox=\"allow-scripts\" security=\"restricted\" style=\"position: absolute; clip: rect(1px, 1px, 1px, 1px);\" title=\"&#8220;CORONAVIRUS: AGGIORNAMENTO NAZIONALE 18 GIUGNO&#8221; &#8212; Radio Pi\u00f9\" src=\"https:\/\/www.radiopiu.net\/wordpress\/coronavirus-aggiornamento-nazionale-18-giugno\/embed\/#?secret=uggoAis2An\" data-secret=\"uggoAis2An\" width=\"600\" height=\"338\" frameborder=\"0\" marginwidth=\"0\" marginheight=\"0\" scrolling=\"no\"><\/iframe><\/p>\n<hr \/>\n<p>&nbsp;<\/p>\n<p>&nbsp;<\/p>\n<blockquote class=\"wp-embedded-content\" data-secret=\"CiDXiBHwYG\"><p><a href=\"https:\/\/www.radiopiu.net\/wordpress\/18-giugno\/\">BOLLETTINO DELLE 17: 4 decessi oltre le stanze d&#8217;ospedale, 13 persone in pi\u00f9 in isolamento,  in crescita dimessi e guariti<\/a><\/p><\/blockquote>\n<p><iframe loading=\"lazy\" class=\"wp-embedded-content\" sandbox=\"allow-scripts\" security=\"restricted\" style=\"position: absolute; clip: rect(1px, 1px, 1px, 1px);\" title=\"&#8220;BOLLETTINO DELLE 17: 4 decessi oltre le stanze d&#8217;ospedale, 13 persone in pi\u00f9 in isolamento,  in crescita dimessi e guariti&#8221; &#8212; Radio Pi\u00f9\" src=\"https:\/\/www.radiopiu.net\/wordpress\/18-giugno\/embed\/#?secret=CiDXiBHwYG\" data-secret=\"CiDXiBHwYG\" width=\"600\" height=\"338\" frameborder=\"0\" marginwidth=\"0\" marginheight=\"0\" scrolling=\"no\"><\/iframe><\/p>\n<p>&nbsp;<\/p>\n<hr \/>\n<p>&nbsp;<\/p>\n<blockquote>\n<h3>FONDO COMUNI CONFINANTI Siglata a Roma la nuova Intesa che assicura al territorio risorse fondamentali<\/h3>\n<\/blockquote>\n<p style=\"font-weight: 400;\"><strong>ROMA\u00a0<\/strong> Marted\u00ec a Roma \u00e8 stata apposta la firma finale del sottosegretario al Mef Pierpaolo Baretta l\u2019Intesa per la gestione del Fondo Comuni Confinanti. L\u2019accordo tra il Ministero dell\u2019economia e Finanze, il Dipartimento per gli Affari Regionali, le Regioni Lombardia e Veneto e le Province Autonome di Trento e Bolzano, mette a disposizione 80 milioni di euro l\u2019anno per i territori al confine con Trentino e Alto Adige \u2013 Sudtirolo. Confermato l\u2019impianto precedente dell\u2019Intesa che prevede una quota delle risorse destinata direttamente ai Comuni e la parte maggioritaria a disposizione dei territori per progetti di sviluppo economico, sociale e culturale. Oltre al Fondo Comuni Confinanti, a favore del Bellunese ci sono il Fondo Letta, il Fondo per le Aree Interne, i proventi dei Canoni idrici, i fondi europei distribuiti attraverso i GAL, le risorse della Fondazione Cariverona e quelle del Consorzio Bim.<\/p>\n<p style=\"font-weight: 400;\">IL DEPUTATO ROGER DE MENECH<\/p>\n<div style=\"width: 848px;\" class=\"wp-video\"><video class=\"wp-video-shortcode\" id=\"video-145021-1\" width=\"848\" height=\"480\" preload=\"metadata\" controls=\"controls\"><source type=\"video\/mp4\" src=\"https:\/\/www.radiopiu.net\/wordpress\/wp-content\/uploads\/2020\/06\/WhatsApp-Video-2020-06-18-at-13.23.03.mp4?_=1\" \/><a href=\"https:\/\/www.radiopiu.net\/wordpress\/wp-content\/uploads\/2020\/06\/WhatsApp-Video-2020-06-18-at-13.23.03.mp4\">https:\/\/www.radiopiu.net\/wordpress\/wp-content\/uploads\/2020\/06\/WhatsApp-Video-2020-06-18-at-13.23.03.mp4<\/a><\/video><\/div>\n<p>&nbsp;<\/p>\n<p>&nbsp;<\/p>\n<p>&nbsp;<\/p>\n<hr \/>\n<p>&nbsp;<\/p>\n<p>&nbsp;<\/p>\n<blockquote>\n<h3>BOND (FI), RINVIARE SCADENZA DIRITTI ANNUALI CAMERE DI COMMERCIO<\/h3>\n<\/blockquote>\n<p><strong>di Dario Bond<\/strong><\/p>\n<p style=\"font-weight: 400;\"><strong><em>\u201cItalia ferma, attivit\u00e0 chiuse, tregua fiscale per cittadini e imprese, un paio di mesi di stop anche a bollette e canoni. Ma il versamento alle Camere di Commercio per il Diritto annuale mantiene comunque la scadenza prevista del 30 giugno. Addirittura viene sollecitato anche a chi da anni non ha pi\u00f9 la partita Iva. Le Camere di Commercio\u00a0\u00a0sono enti che dovrebbero tutelare gli interessi delle imprese, non versare altra benzina sul fuoco andando ad incrementare spese, in un periodo sicuramente non ottimale per le imprese. Il Governo intervenga subito\u201d.<\/em><\/strong><\/p>\n<p>&nbsp;<\/p>\n<p>&nbsp;<\/p>\n<hr \/>\n<h3><\/h3>\n<p>&nbsp;<\/p>\n<blockquote>\n<h3>BANDO ROTTAMAZIONE AUTO. RIAPERTI I TERMINI PER PRESENTARE DOMANDA. ASSESSORE BOTTACIN, \u201cCONTINUE AZIONI PER INCENTIVARE L&#8217;ABBATTIMENTO DELLO SMOG\u201d<\/h3>\n<\/blockquote>\n<p><strong><a class=\"dt-pswp-item\" href=\"https:\/\/www.radiopiu.net\/wordpress\/wp-content\/uploads\/2020\/04\/bottacin-1.jpg\" data-dt-img-description=\"\" data-large_image_width=\"640\" data-large_image_height=\"426\"><img loading=\"lazy\" decoding=\"async\" class=\"alignleft size-medium wp-image-132784\" src=\"https:\/\/www.radiopiu.net\/wordpress\/wp-content\/uploads\/2020\/04\/bottacin-1-300x200.jpg\" alt=\"\" width=\"300\" height=\"200\" srcset=\"https:\/\/www.radiopiu.net\/wordpress\/wp-content\/uploads\/2020\/04\/bottacin-1-300x200.jpg 300w, https:\/\/www.radiopiu.net\/wordpress\/wp-content\/uploads\/2020\/04\/bottacin-1.jpg 640w\" sizes=\"auto, (max-width: 300px) 100vw, 300px\" \/><\/a>VENEZIA<\/strong>\u00a0 \u201cDopo una prima proroga che come Giunta avevamo da subito attivato con l&#8217;obiettivo di dare massima possibilit\u00e0 di accedere ai contributi previsti, in ossequio anche a ulteriori provvedimenti normativi emanati durante l&#8217;emergenza coronavirus, abbiamo ora deciso di estendere ulteriormente la possibilit\u00e0 per i cittadini di presentare domanda per la rottamazione della loro vecchia auto con conseguente acquisto di un nuovo veicolo meno inquinante\u201d. A dirlo l\u2019assessore regionale all\u2019ambiente Gianpaolo Bottacin nell&#8217;annunciare la nuova scadenza per la presentazione delle domande fissata al 12 luglio 2020. Si ricorda che il bando prevede la possibilit\u00e0 di rottamare i vecchi veicoli alimentati a benzina fino a euro 3, gasolio fino a euro 5 e bifuel fino a euro 2, mentre nel valutare i punteggi per i nuovi acquisti si privileger\u00e0 il criterio delle minori emissioni. &#8220;Gli incentivi, che potranno arrivare fino a 4.500 euro, &#8211; spiega Bottacin &#8211; saranno quindi differenti in funzione alle effettive emissioni di anidride carbonica e ossidi di azoto del nuovo mezzo, stabiliti in base a specifici protocolli e si potranno ottenere rottamando autovetture adibite al trasporto persone. Come per altri bandi gi\u00e0 promossi, per agevolare al massimo chi pu\u00f2 averne pi\u00f9 bisogno, nel predisporre la graduatoria, oltre a tenere conto delle emissioni, abbiamo previsto punteggi differenti a seconda della situazione economica dei beneficiari, dando una priorit\u00e0 alle fasce di reddito pi\u00f9 basse\u201d. Tra i criteri \u00e8 stato inoltre inserito un incremento di punteggio per le istanze presentate da residenti nei Comuni nei quali sono state approvate ordinanze conformi alle disposizioni dell\u2019Accordo di Programma del Bacino Padano, cos\u00ec da premiare in quota parte anche il lavoro delle amministrazioni locali. Come criterio residuale, in caso di punteggi equivalenti, si terr\u00e0, infine, conto dell&#8217;ordine cronologico di arrivo delle domande, fino ad esaurimento delle disponibilit\u00e0 finanziarie.<\/p>\n<p>&nbsp;<\/p>\n<p>&nbsp;<\/p>\n<hr \/>\n<h2><\/h2>\n<p>&nbsp;<\/p>\n<blockquote>\n<h2>Bigon (PD): \u201cStabilizzare i medici assunti con l\u2019emergenza Covid-19, dalle promesse si passi agli atti\u201d<\/h2>\n<\/blockquote>\n<p><strong><a class=\"dt-pswp-item\" href=\"https:\/\/www.radiopiu.net\/wordpress\/wp-content\/uploads\/2020\/03\/rmedici-1.jpg\" data-dt-img-description=\"\" data-large_image_width=\"960\" data-large_image_height=\"633\"><img loading=\"lazy\" decoding=\"async\" class=\"alignleft wp-image-121647\" src=\"https:\/\/www.radiopiu.net\/wordpress\/wp-content\/uploads\/2020\/03\/rmedici-1-300x198.jpg\" alt=\"\" width=\"261\" height=\"172\" srcset=\"https:\/\/www.radiopiu.net\/wordpress\/wp-content\/uploads\/2020\/03\/rmedici-1-300x198.jpg 300w, https:\/\/www.radiopiu.net\/wordpress\/wp-content\/uploads\/2020\/03\/rmedici-1-768x506.jpg 768w, https:\/\/www.radiopiu.net\/wordpress\/wp-content\/uploads\/2020\/03\/rmedici-1.jpg 960w\" sizes=\"auto, (max-width: 261px) 100vw, 261px\" \/><\/a>VENEZIA<\/strong>\u00a0 \u201cLa Regione assuma in pianta stabile i circa 500 medici reclutati nella fase dell\u2019emergenza Covid-19, il cui contributo \u00e8 stato fondamentale durante la pandemia. Non bastano gli annunci nelle quotidiane conferenze stampa a Marghera, ci vogliono atti concreti. Anche perch\u00e9 i contratti scadranno a breve\u201d. Il sollecito arriva da Anna Maria Bigon, consigliera regionale del Partito Democratico, che ha poi presentato un\u2019interrogazione a risposta immediata, sottoscritta dal collega Andrea Zanoni.\u00a0 \u201cIl lavoro di queste persone \u00e8 stato preziosissimo, \u00e8 grazie anche al loro impegno e alla loro dedizione se il sistema sanitario regionale ha retto, facendo s\u00ec che in Veneto si registrassero criticit\u00e0 inferiori rispetto ad altre realt\u00e0 assai vicine. I contratti termineranno a luglio e quindi invito la Regione a intervenire prima possibile. Ci sono studi epidemiologici che ipotizzano una seconda ondata di contagi da Covid il prossimo autunno: visto che Zaia ha usato spesso questa previsione quasi come una minaccia per chiedere per intere settimane di votare a luglio, non perda tempo e faccia assumere a tempo indeterminato quei medici. Considerate le gravi carenze di personale, la loro professionalit\u00e0 torner\u00e0 comunque utile\u201d.<\/p>\n<p>&nbsp;<\/p>\n<p>&nbsp;<\/p>\n<hr \/>\n<h3><\/h3>\n<h3>&#8220;A BREVE LE NOVITA&#8217; SUI TRASPORTI PRIVATI, NUOVE LINEE GUIDA IN ARRIVO&#8221; CONFERENZA STAMPA DEL PRESIDENTE DEL VENETO LUCA ZAIA 18 GIUGNO 2020<\/h3>\n<h2>LEGGI LA CONFERENZA STAMPA DI LUCA ZAIA<\/h2>\n<p>Domani sono previste le novit\u00e0 sul trasporto, nero su bianco. Stiamo tentando di introdurre nuove linee guida sul trasporto privato e valutando di affrontare il tema delle linee guida del trasporto pubblico tornando alla capienza d&#8217;origine con la mascherina come succede in Inghilterra. A breve si avaranno notizie sull&#8217;istituzione di una commissione ispettiva per la vicenda Citrobacter di Verona dopo la morte di un bimbo. Vogliamo una commissione fondamentale per avere ulteriori chiarimenti sull&#8217;evoluzione di questo batterio raro in ospedale ma purtroppo c&#8217;\u00e8. Esiste la commissione dell&#8217;azienda ma credo ne serva una regionale perch\u00e9 non vi siano dubbi.\u00a0<strong>SECONDA ONDATA LA PAURA DELL&#8217;INTASAMENTO DEGLI OSPEDALI<\/strong> Stiamo studiando la fase 3, il piano verr\u00e0 consegnato entro met\u00e0 luglio. Il piano terr\u00e0 presente due aspetti: cosa facciamo se torna il virus? L&#8217;altro riferito alle sindromi influenzali che non c&#8217;entrano con il virus ma che creeranno paura e psicosi. E&#8217; una pandemia mondiale, tutte le multinazionali famarceutiche hanno acceso i riflettori per la grande massa critica di mercato. Pensiamo anche ai test rapidi da 10 minuti, vediamo se saranno validati in laboratorio e poi autorizzati. Sul mercato gi\u00e0 ci sono e se funzionano siamo pronti ad adottarli.<strong> OSPEDALE QATAR<\/strong> Non ancora allestito se non arriva l&#8217;allestimento di un tendone non ce ne facciamo nulla, male che vada rester\u00e0 un&#8217;esercitazione. Ma la proposta che mi hanno fatto era di un ospedale chiavi in mano.<strong> MISURAZIONE DELLA FEBBRE A SCUOLA OBBLIGATORIA? <\/strong>Per noi \u00e8 raccomandata non obbligaoria, la professoressa Da Dalt potr\u00e0 rispondere con maggiore precisione, ma sono linee del comitato scientifico.<\/p>\n<p>&nbsp;<\/p>\n<p>https:\/\/www.facebook.com\/zaiaufficiale\/videos\/602581433719186\/<\/p>\n<p>&nbsp;<\/p>\n<p>&nbsp;<\/p>\n<hr \/>\n<p>&nbsp;<\/p>\n<p>&nbsp;<\/p>\n<h2>I BAMBINI SI AMMALANO DI COVID? VANNO VACCINATI? DEVONO USARE LA MASCHERINA? IL PARERE DELLA PEDIATRA<\/h2>\n<h2><strong>LA PROFESSORESSA DA LIVIANA\u00a0 DALT ESPERTA IN PEDIATRIA\u00a0<\/strong><\/h2>\n<h2><strong>LA PROFESSORESSA DA LIVIANA\u00a0 DALT ESPERTA IN PEDIATRIA\u00a0<\/strong><\/h2>\n<p><em>La professoressa, trevigiana di Vittorio Veneto, aveva guidato il reparto di Pediatria del Ca\u2019 Foncello dopo Silvana Agostini dal 2010 fino al 2016. Professore Associato nel Settore Scientifico Disciplinare di Pediatria Generale e Specialistica Med 38. Professore Associato nel Settore Scientifico Disciplinare di Pediatria Generale e Specialistica Med 38 presso l\u2019Universit\u00e0 degli Studi di Padova dall\u20191.12.2006 al 30.11 2009, confermato dall\u2019 01.12.2009. Abilitazione Scientifica Nazionale a Professore di Prima Fascia, Settore Scientifico Disciplinare Med 38 \u2013 Pediatria Generale e Specialistica &#8211; ottenuta il 27 Novembre 2014 (validit\u00e0 al 27 novembre 2020) Nel periodo 21 aprile 2010-30 settembre 2012 \u00e8 stata titolare di Incarico dirigenziale a tempo determinato ai sensi dell\u2019art. 15-septies DL 502,<br \/>\n30 dicembre 1992, di Dirigente Medico a rapporto esclusivo, disciplina Pediatria, presso la U.O.C. di Pediatria del Presidio Ospedaliero di Treviso dell\u2019Azienda U.L.S.S. 9. Dal 1 Ottobre 2012ricopre l\u2019incarico di Direttore della U.O.C. di Pediatria del Presidio Ospedaliero di Treviso dell\u2019Azienda U.L.S.S. 9, struttura Clinicizzata in convenzione con l\u2019Universit\u00e0 di Padova. Dal 1 gennaio 2015 riveste l\u2019incarico di Direttore del Dipartimento Materno-Infantile dell\u2019Azienda ULSS 9 di Treviso<\/em><\/p>\n<p><em><a class=\"dt-pswp-item\" href=\"https:\/\/www.radiopiu.net\/wordpress\/wp-content\/uploads\/2020\/06\/download-18.jpg\" data-dt-img-description=\"\" data-large_image_width=\"300\" data-large_image_height=\"168\"><img loading=\"lazy\" decoding=\"async\" class=\"alignleft size-full wp-image-145096\" src=\"https:\/\/www.radiopiu.net\/wordpress\/wp-content\/uploads\/2020\/06\/download-18.jpg\" alt=\"\" width=\"300\" height=\"168\" \/><\/a><br \/>\n<\/em><\/p>\n<p>&nbsp;<\/p>\n<p><strong>AUDIO, L&#8217;INTERVENTO IN CONFERENZA STAMPA A MARGHERA DELLA PROF. DA DALT<\/strong><\/p>\n<audio class=\"wp-audio-shortcode\" id=\"audio-145021-9\" preload=\"none\" style=\"width: 100%;\" controls=\"controls\"><source type=\"audio\/mpeg\" src=\"https:\/\/www.radiopiu.net\/wordpress\/wp-content\/uploads\/2020\/06\/DA-DALT.mp3?_=9\" \/><a href=\"https:\/\/www.radiopiu.net\/wordpress\/wp-content\/uploads\/2020\/06\/DA-DALT.mp3\">https:\/\/www.radiopiu.net\/wordpress\/wp-content\/uploads\/2020\/06\/DA-DALT.mp3<\/a><\/audio>\n<p>&nbsp;<\/p>\n<p><strong>SI SONO INFETTATI 369 BAMBINI POCO MENO DEL 2% RISPETTO AI CONTAGI TOTALI<\/strong> e&#8217; una percentuale molto bassa sui 650 mila bimbi veneti che sono il 13% della popolazione. In Italia 2% la percentuale contagi, circa 5200. I bambini sono dell&#8217;et\u00e0 prescolare, 50 primi giorni di vita. Per la quasi totalit\u00e0 contagio intra famigliare. Necessit\u00e0 di ricovero molto bassa, in Veneto solo 13, tutti ricoverati in reparti ordinari tranne uno che ha richiesto cure intensive. Quindi in reparti di pediatria e in un caso malattie infettive. Non si \u00e8 registrato nessuno decesso. In Italia 4 decessi, a Padova sappiamo solo di 1 caso limitrofo al Veneto,\u00a0 un bambino con patologie gravi gi\u00e0 esistenti. I dati confermano quello che avevamo imparato in Cina. L&#8217;infezione da Coronavirus ha un decorso diverso nei bambini rispetto agli adulti. Si aggravano meno, in forma meno grave. Solo il 10% manifesta forme gravi che necessita del ricovero. i bambini si ammalano meno, meno gravemente, hanno una forma lieve o asintomatica, un po&#8217; di tosse e febbre bassa, diarrea e vomito, tutto si risolve rapidamente. <strong>PERCHE&#8217; IL BAMBINO DI AMMALA MENO? <\/strong>Solo ipotesi e molti studi in corso. Infettivit\u00e0: il coronavirus per entrare nell&#8217;organismo deve legarsi a una proteina che nei bambini \u00e8 immatura. Altra spiegazione i bambini sono esposti a pi\u00f9 infezioni quindi c&#8217;\u00e8 un meccanismo competitivo tra i virus che rallenta il coronavirus. Altra ipotesi la risposta del bambino alle infezioni. Il sistema immunitario \u00e8 diverso dall&#8217;adulto c&#8217;\u00e8 un&#8217;immunita innata. I bambini sono dei potenziali contagianti. Il problema si pone con bambini con malattie croniche preesistenti. Abbiamo avuto solo un bambino. Dagli Usa \u00e8 arrivato un report su 48 bambini che indica che i decessi riguardano proprio i piccoli con malattie croniche pregresse. <strong>IL VIRUS SI TRASMETTE DALLA MAMMA AL NEONATO? <\/strong>Il virus non si trasmette dalla mamma al neonato e non si trasmette con il latte materno. A Padova abbiamo creato un reparto Covid per i bambini, ricoverati 6 degli 11 contagiati.\u00a0 Dieci mamme sono state interessate dal virus durante l&#8217;epidemia, una di questa ha partorito prematuramente, il bimbo \u00e8 nato, sta bene, e nessuno dei nati \u00e8 risultato positivo.<strong> RIAPERTURE DELLE SCUOLE E CENTRI ESTIVI <\/strong>Misurare la febbre quando entrano nelle strutture scolastiche? Anche s\u00ec, ma occorre valutare vantaggi e svantaggi, sono sufficienti\u00a0 i\u00a0 controlli a campione e allearsi con le famiglie affinch\u00e9 mandino i bambini a scuola in salute. <strong>SARA&#8217; IMPORTANTE VACCINARE I BAMBINI?<\/strong> Occorre vaccinare i bambini contro l&#8217;influenza\u00a0 facilitante per gestire un eventuale ritorno del Coronavirus, perch\u00e9 \u00e8 poco distinguibile dall&#8217;influenza.<strong>METTERE LA MASCHERINA?<\/strong> Sotto i 6 anni non va utilizzata, sotto i 2 anni puo&#8217; essere dannosa. Occludere il cavo orale rende difficoltosa la respirazione e potrebbero anche soffocare. Tra i 2-6 anni veniva consigliata ma il bimbo non la sopporta la tocca e rischia di infettarsi piu&#8217; che proteggersi. Sotto i 6 anni non vanno quindi utilizzate. Per i pi\u00f9 grandi dall&#8217;et\u00e0 scolare deve essere educato alla mascherina pur sapendo del loro basso rischio di malattia ma vanno abituati. <strong>Quando?<\/strong> In condizioni di affollamento dove non ci sono le distanze dove non ci sono misure di prevenzione. Dotiamoli e aiutiamoli ad imparare ad utilizzarla. Sembra ragionevole che dove ci sia il distanziamento non sia necessaria quindi anche a scuola, quando va in bagno, in spazi comuni a ricreazione<span style=\"color: #ff0000;\">.NEL PERIODO DI QUARANTENA SONO AUMENTATI GLI INCIDENTI DOMESTICI.<\/span><\/p>\n<p>&nbsp;<\/p>\n<p>&nbsp;<\/p>\n<hr \/>\n<p>&nbsp;<\/p>\n<blockquote>\n<h3>FONDO DI SOLIDARIET\u00c0, RISORSE PER IL MALTEMPO. PADRIN: \u00abBENE PER LA RICOSTRUZIONE DEI DANNI, MA ANCHE COME RILANCIO POST-COVID\u00bb<\/h3>\n<\/blockquote>\n<p><strong><a class=\"dt-pswp-item\" href=\"https:\/\/www.radiopiu.net\/wordpress\/wp-content\/uploads\/2020\/05\/PADRIN.jpg\" data-dt-img-description=\"\" data-large_image_width=\"945\" data-large_image_height=\"1417\"><img loading=\"lazy\" decoding=\"async\" class=\"size-medium wp-image-134835 alignleft\" src=\"https:\/\/www.radiopiu.net\/wordpress\/wp-content\/uploads\/2020\/05\/PADRIN-200x300.jpg\" alt=\"\" width=\"200\" height=\"300\" srcset=\"https:\/\/www.radiopiu.net\/wordpress\/wp-content\/uploads\/2020\/05\/PADRIN-200x300.jpg 200w, https:\/\/www.radiopiu.net\/wordpress\/wp-content\/uploads\/2020\/05\/PADRIN-683x1024.jpg 683w, https:\/\/www.radiopiu.net\/wordpress\/wp-content\/uploads\/2020\/05\/PADRIN-768x1152.jpg 768w, https:\/\/www.radiopiu.net\/wordpress\/wp-content\/uploads\/2020\/05\/PADRIN.jpg 945w\" sizes=\"auto, (max-width: 200px) 100vw, 200px\" \/><\/a>BELLUNO\u00a0<\/strong>\u00ab<em>Le risorse messe a disposizione dall\u2019Europa per il maltempo dello scorso anno potranno essere importanti per il nostro territorio e saranno fondamentali anche per ridare slancio alla ripartenza dopo il lockdown<\/em>\u00bb. Cos\u00ec il presidente della Provincia di Belluno, Roberto Padrin, alla notizia dello sblocco del Fondo di Solidariet\u00e0 disposto dal Parlamento Europeo. Mercoled\u00ec sera, infatti, la plenaria di Bruxelles ha deliberato l\u2019erogazione di risorse per gli Stati membri colpiti dai gravi eventi climatici; e ha assegnato 212 milioni di euro all\u2019Italia, per i danni provocati dal maltempo nel novembre 2019 (risorse che arriveranno a Roma; sar\u00e0 poi il Governo ad assegnare le quote parte ai singoli territori). \u00ab<em>La nostra provincia nel 2018 \u00e8 stata devastata dalla tempesta Vaia, che ancora oggi lascia segni inequivocabili nei boschi e nei corsi d\u2019acqua &#8211; commenta il presidente Padrin -. Il territorio ha risentito del colpo inferto dal maltempo anche nel novembre 2019 e i dissesti idrogeologici con cui dobbiamo fare i conti sono quasi quotidiani. In questo senso, le risorse del Fondo di Solidariet\u00e0 sono importanti per proseguire nella direzione della ricostruzione che abbiamo avviato fin dall\u2019indomani di Vaia, agendo con le prime somme urgenze e grazie alla gestione commissariale della Regione Veneto, che finora ha funzionato molto bene. Al momento non siamo in grado di quantificare quante risorse arriveranno, ma ci auguriamo che la quota parte assegnata al Veneto e al Bellunese sia rispondente alle esigenze. Una iniezione di liquidit\u00e0 sar\u00e0 importantissima non solo per intervenire sulle fragilit\u00e0 del territorio, ma anche per la ripartenza post-Covid: poter agire con cantieri di difesa del suolo e lavori pubblici ci dar\u00e0 la possibilit\u00e0 di far lavorare le imprese locali e creare un volano utile alla ripresa economica<\/em>\u00bb.<\/p>\n<p>&nbsp;<\/p>\n<p>&nbsp;<\/p>\n<p>&nbsp;<\/p>\n<p>&nbsp;<\/p>\n<p>&nbsp;<\/p>\n<hr \/>\n<p>&nbsp;<\/p>\n<blockquote>\n<h3><b>INAUGURATO L&#8217;INFOPOINT IN NEVEGAL<\/b><\/h3>\n<\/blockquote>\n<p><strong><a class=\"dt-pswp-item\" href=\"https:\/\/www.radiopiu.net\/wordpress\/wp-content\/uploads\/2020\/06\/Inagurazione-Infopoint-Nevegal-2.jpeg\" data-dt-img-description=\"\" data-large_image_width=\"1600\" data-large_image_height=\"738\"><img loading=\"lazy\" decoding=\"async\" class=\"size-medium wp-image-145127 alignleft\" src=\"https:\/\/www.radiopiu.net\/wordpress\/wp-content\/uploads\/2020\/06\/Inagurazione-Infopoint-Nevegal-2-300x138.jpeg\" alt=\"\" width=\"300\" height=\"138\" srcset=\"https:\/\/www.radiopiu.net\/wordpress\/wp-content\/uploads\/2020\/06\/Inagurazione-Infopoint-Nevegal-2-300x138.jpeg 300w, https:\/\/www.radiopiu.net\/wordpress\/wp-content\/uploads\/2020\/06\/Inagurazione-Infopoint-Nevegal-2-1024x472.jpeg 1024w, https:\/\/www.radiopiu.net\/wordpress\/wp-content\/uploads\/2020\/06\/Inagurazione-Infopoint-Nevegal-2-768x354.jpeg 768w, https:\/\/www.radiopiu.net\/wordpress\/wp-content\/uploads\/2020\/06\/Inagurazione-Infopoint-Nevegal-2-1536x708.jpeg 1536w, https:\/\/www.radiopiu.net\/wordpress\/wp-content\/uploads\/2020\/06\/Inagurazione-Infopoint-Nevegal-2.jpeg 1600w\" sizes=\"auto, (max-width: 300px) 100vw, 300px\" \/><\/a>BELLUNO\u00a0<\/strong>Cerimonia di inaugurazione ieri mattina per l&#8217;Infopoint del Nevegal, che dopo l&#8217;esperienza della scorsa estate torna ad aprire i battenti con la gestione del Consorzio Dolomiti Prealpi; a salutare l&#8217;avvio dei lavori nella nuova sede, negli uffici che si affacciano sul piazzale, il Sindaco di Belluno Jacopo Massaro, l&#8217;assessore al turismo Yuki d&#8217;Emilia e il consigliere del Consorzio Dolomiti Prealpi Fabio Prade, in rappresentanza del presidente Lionello Gorza.<\/p>\n<p><strong>IL SINDACO DI BELLUNO JACOPO MASSARO<\/strong><\/p>\n<audio class=\"wp-audio-shortcode\" id=\"audio-145021-10\" preload=\"none\" style=\"width: 100%;\" controls=\"controls\"><source type=\"audio\/mpeg\" src=\"https:\/\/www.radiopiu.net\/wordpress\/wp-content\/uploads\/2020\/06\/Jacopo-Massaro-Inaugurazione-Infopoint-Nevegal.mp3?_=10\" \/><a href=\"https:\/\/www.radiopiu.net\/wordpress\/wp-content\/uploads\/2020\/06\/Jacopo-Massaro-Inaugurazione-Infopoint-Nevegal.mp3\">https:\/\/www.radiopiu.net\/wordpress\/wp-content\/uploads\/2020\/06\/Jacopo-Massaro-Inaugurazione-Infopoint-Nevegal.mp3<\/a><\/audio>\n<p>&nbsp;<\/p>\n<p><strong>YUKI D&#8217;EMILIA, ASSESSORE AL TURISMO DEL COMUNE DI BELLUNO<\/strong><\/p>\n<audio class=\"wp-audio-shortcode\" id=\"audio-145021-11\" preload=\"none\" style=\"width: 100%;\" controls=\"controls\"><source type=\"audio\/mpeg\" src=\"https:\/\/www.radiopiu.net\/wordpress\/wp-content\/uploads\/2020\/06\/Yuki-dEmilia-Inaugurazione-Infopoint-Nevegal.mp3?_=11\" \/><a href=\"https:\/\/www.radiopiu.net\/wordpress\/wp-content\/uploads\/2020\/06\/Yuki-dEmilia-Inaugurazione-Infopoint-Nevegal.mp3\">https:\/\/www.radiopiu.net\/wordpress\/wp-content\/uploads\/2020\/06\/Yuki-dEmilia-Inaugurazione-Infopoint-Nevegal.mp3<\/a><\/audio>\n<p>&nbsp;<\/p>\n<p><strong>FABIO PRADE, CONSIGLIERE CONSORZIO DOLOMITI PREALPI<\/strong><\/p>\n<audio class=\"wp-audio-shortcode\" id=\"audio-145021-12\" preload=\"none\" style=\"width: 100%;\" controls=\"controls\"><source type=\"audio\/mpeg\" src=\"https:\/\/www.radiopiu.net\/wordpress\/wp-content\/uploads\/2020\/06\/Fabio-Prade-Consigliere-Consorzio-Dolomiti-Prealpi-Inaugurazione-Infopoint-Nevegal.mp3?_=12\" \/><a href=\"https:\/\/www.radiopiu.net\/wordpress\/wp-content\/uploads\/2020\/06\/Fabio-Prade-Consigliere-Consorzio-Dolomiti-Prealpi-Inaugurazione-Infopoint-Nevegal.mp3\">https:\/\/www.radiopiu.net\/wordpress\/wp-content\/uploads\/2020\/06\/Fabio-Prade-Consigliere-Consorzio-Dolomiti-Prealpi-Inaugurazione-Infopoint-Nevegal.mp3<\/a><\/audio>\n<p>&nbsp;<\/p>\n<p>&nbsp;<\/p>\n<hr \/>\n<p>&nbsp;<\/p>\n<p>&nbsp;<\/p>\n<blockquote>\n<h3>ALTRA SAGRA IN BIANCO, ANNULLATI GLI APPUNTAMENTI DI &#8220;MELERE&#8221;<\/h3>\n<\/blockquote>\n<p><strong><a class=\"dt-pswp-item\" href=\"https:\/\/www.radiopiu.net\/wordpress\/wp-content\/uploads\/2020\/06\/download-17.jpg\" data-dt-img-description=\"\" data-large_image_width=\"300\" data-large_image_height=\"168\"><img loading=\"lazy\" decoding=\"async\" class=\"alignleft wp-image-145068\" src=\"https:\/\/www.radiopiu.net\/wordpress\/wp-content\/uploads\/2020\/06\/download-17.jpg\" alt=\"\" width=\"248\" height=\"139\" \/><\/a>TRICHIANA<\/strong> Un&#8217;altra festa,\u00a0 tra le pi\u00f9 longeve e frequentate della provincia \u00e8 stata annullata. La\u00a0 47 edizione della sagra di Melere \u00e8 posticipata al prossimo anno. Anche le ultime linee guida comportano delle restrizioni difficili da attuare in presenza di migliaia di persone e la data ultima del 15 luglio per ulteriori eventuali nuove disposizioni \u00e8 assolutamente troppo in la per poterla organizzare.\u00a0<em> &#8220;Gestire la mole di persone che ogni anno vi partecipa sia collaboratori che ovviamente i tanti ospiti\u00a0 &#8211; spiegano gli organizzatori &#8211; non \u00e8 cosa che si pu\u00f2 improvvisare. Sarebbe difficile mettere un numero chiuso e dover dire a chi arriva successivamente di tornare a indietro o non venire proprio su, non \u00e8 nelle nostre corde. Aspettare ancora nella speranza di maggiori libert\u00e0 renderebbe impossibile riuscire a completare la riorganizzazione di eventi, fornitori e soprattutto la parte burocratica&#8221;.<\/em> E&#8217; invece prevista la premiazione del concorso delle magliette di Melere 2020 realizzate come da tanti anni dai ragazzi delle scuole. Ne corso dell&#8217;estate non \u00e8 esclusa l&#8217;organizzazione di altri eventi\u00a0 pi\u00f9 piccoli anche sportivo-naturalistico e di spettacoli per tutte le et\u00e0 in Melere piuttosto che in\u00a0 piazza a Trichiana <span style=\"color: #ff0000;\">(foto eventisagre.it)<\/span><\/p>\n<h3><\/h3>\n<p>&nbsp;<\/p>\n<hr \/>\n<h3><\/h3>\n<blockquote>\n<h3>PARTE IL CENTRO ESTIVO COMUNALE. ISCRIZIONI ENTRO IL 23 GIUGNO<\/h3>\n<\/blockquote>\n<p><strong>ALPAGO <\/strong>Per venire incontro alle esigenze delle famiglie e per garantire un&#8217;esperienza di socialit\u00e0 per i ragazzi, pi\u00f9 che mai all&#8217;uscita di un periodo difficile come quello dell&#8217;emergenza sanitaria legata all&#8217;epidemia da Coronavirus, il Comune di Alpago organizza anche quest&#8217;anno il Centro Estivo. Uno sforzo organizzativo che, come \u00e8 facile intuire, prevede maggiori oneri logistici ed economici, visto che il servizio deve essere adeguato e modificato nel rispetto delle disposizioni nazionali e regionali per la prevenzione ed il contenimento della diffusione del Covid-19.\u00a0Il centro Estivo, in continuit\u00e0 con l&#8217;anno scorso, verr\u00e0 affidato alla Croce Blu di Belluno che garantisce l&#8217;adempimento delle disposizioni anti-contagio ed attuer\u00e0 tutte le precauzioni necessarie per far divertire i bambini e i ragazzi in sicurezza. Saranno strutturate attivit\u00e0 per privilegiare il distanziamento personale, a piccoli gruppi ed il pi\u00f9 possibile all&#8217;aperto e verr\u00e0 fornito anche il supporto allo svolgimento dei compiti estivi.\u00a0Ecco le principali caratteristiche del CENTRO ESTIVO 2020:\u00a0il centro estivo si svolge presso la scuola primaria di Puos, con utilizzo degli spazi esterni, la palestre delle scuole medie e l&#8217;ex istituto professionale di Puos;\u00a0orario: dalle ore 7.30 alle ore 13.00 dal luned\u00ec al venerd\u00ec;\u00a0periodo: dal 29 giugno al 21 agosto 2020 compresi.\u00a0Il trasporto ed il pranzo non vengono forniti, ma verr\u00e0 fornita la merenda del mattino.\u00a0Il Centro Estivo vivr\u00e0 su una serie di attivit\u00e0 a stretto contatto con la natura con particolare attenzione ai quattro elementi fondamentali : Acqua, Aria, Terra e Fuoco.\u00a0 Nella programmazione non si pu\u00f2 non tener conto anche della sospensione dell&#8217;attivit\u00e0 scolastica sostituita dalla didattica a distanza: sar\u00e0 quindi previsto anche del tempo dedicato al supporto allo studio e ai compiti per le vacanze, con particolare attenzione agli argomenti appresi durante l&#8217;emergenza.\u00a0In virt\u00f9 delle diverse e pi\u00f9 impegnative procedure da seguire per lo svolgimento delle attivit\u00e0, anche la tariffa richiesta dalla Cooperativa subisce un adeguamento per l&#8217;attuazione dei protocolli Covid-19 e sar\u00e0 di 110 euro a settimana.\u00a0Il Comune di Alpago metter\u00e0 a disposizione una quota di compartecipazione di\u00a0 45 euro a settimana per i residenti e 35 per i non residenti, di modo che l&#8217;onere effettivo\u00a0per le famiglie sar\u00e0 di 65 euro a settimana per i residenti e 75 per i non residenti. Il comune interverr\u00e0, oltre che con il contributo sopra specificato, anche con la fornitura del materiale didattico e mettendo a disposizione i materiali di sanificazione<i>\/<\/i>igienizzazione.<\/p>\n<p>&nbsp;<\/p>\n<p>&nbsp;<\/p>\n<hr \/>\n<p>&nbsp;<\/p>\n<blockquote>\n<h3>CONVEGNO SUL REGIONALISMO E RUOLO DELLA SECONDA CAMERA<\/h3>\n<\/blockquote>\n<p><strong>BELLUNO<\/strong> Si svolger\u00e0 sabato 20 giugno, organizzato dalla Federazione Provinciale di Belluno del Movimento Sociale Fiamma Tricolore, il convegno dal tema \u201cIl regionalismo al tempo del COVID-19 ed il ruolo della seconda Camera\u201d. Tra i relatori\u00a0 i professor Daniele Trabucco, docente presso la Libera Accademia degli Studi di Bellinzona, il\u00a0 professor. Orlando Del Don, Rettore della Libera Accademia degli Studi di Bellinzona, il\u00a0 professor Carlo Vival Di Forti, della medesima istituzione accademica, il dottor Fabio Marino dell\u2019Universit\u00e0 di Padova, la\u00a0 dottoressa Fabiola Salvalaggio, consulente aziendale, e Roberto Severoni, imprenditore veneto; le conclusioni del convegno saranno affidate al Segretario Nazionale del Movimento Sociale Fiamma Tricolore Attilio Carelli. In ossequio alle normative ancora attualmente vigenti, l\u2019evento si svolger\u00e0 per via telematica attraverso la piattaforma \u201cGoogle Meet\u201d e sar\u00e0 moderato dal Commissario Provinciale della Fiamma Tricolore di Belluno Roberto Dal Pan.\u00a0 L\u2019accesso \u00e8 libero previa registrazione entro le 9 di sabato 20 giugno, attraverso il modulo presente sul sito www.fiammabelluno.it.<\/p>\n<p>&nbsp;<\/p>\n<p>&nbsp;<\/p>\n<hr \/>\n<h3><\/h3>\n<div class=\"page-title-head hgroup\">\n<blockquote>\n<h3 class=\"entry-title\">LAGHETTO DELLE PESCHIERE VERSO LA RINASCITA<\/h3>\n<\/blockquote>\n<\/div>\n<div class=\"page-title-breadcrumbs\">\n<p><strong>TAIBON<\/strong> L\u2019effetto dei grandi lavori di questi mesi \u00e8 un laghetto che piano piano ritorna al suo splendore che comunque mai ha perso visto il contesto in cui \u00e8 incastonato. Certo con gli alberi rialzati e le operazioni di pulizia ha cambiato decisamente volto. La ditta\u00a0 Holz Mede si \u00e8 occupata dell\u2019esbosco perch\u00e9 dopo vaia il sito era decisamente disastrato come molti ricorderanno. Il ponticello \u00e8 stato usato per poter accedere al legname da asportare. Dapprima rinforzato per il passaggio dei mezzi pesanti \u00e8 stato quindi ripristinato come era prima, i parapetti sono stati sistemati, erano stati devastati dall\u2019onda d\u2019urto di Vaia. Ora il panorama \u00e8 decisamente migliorato<\/p>\n<p>&nbsp;<\/p>\n<p><a class=\"dt-pswp-item\" href=\"https:\/\/www.radiopiu.net\/wordpress\/wp-content\/uploads\/2020\/06\/104693953_704342897053748_5752274175451472653_n.jpg\" data-dt-img-description=\"\" data-large_image_width=\"960\" data-large_image_height=\"720\"><img loading=\"lazy\" decoding=\"async\" class=\"alignleft size-medium wp-image-145124\" src=\"https:\/\/www.radiopiu.net\/wordpress\/wp-content\/uploads\/2020\/06\/104693953_704342897053748_5752274175451472653_n-300x225.jpg\" alt=\"\" width=\"300\" height=\"225\" srcset=\"https:\/\/www.radiopiu.net\/wordpress\/wp-content\/uploads\/2020\/06\/104693953_704342897053748_5752274175451472653_n-300x225.jpg 300w, https:\/\/www.radiopiu.net\/wordpress\/wp-content\/uploads\/2020\/06\/104693953_704342897053748_5752274175451472653_n-768x576.jpg 768w, https:\/\/www.radiopiu.net\/wordpress\/wp-content\/uploads\/2020\/06\/104693953_704342897053748_5752274175451472653_n.jpg 960w\" sizes=\"auto, (max-width: 300px) 100vw, 300px\" \/><\/a><a class=\"dt-pswp-item\" href=\"https:\/\/www.radiopiu.net\/wordpress\/wp-content\/uploads\/2020\/06\/104940802_710898916336284_1515607895367560378_n.jpg\" data-dt-img-description=\"\" data-large_image_width=\"720\" data-large_image_height=\"960\"><img loading=\"lazy\" decoding=\"async\" class=\"alignleft wp-image-145125\" src=\"https:\/\/www.radiopiu.net\/wordpress\/wp-content\/uploads\/2020\/06\/104940802_710898916336284_1515607895367560378_n-225x300.jpg\" alt=\"\" width=\"169\" height=\"226\" srcset=\"https:\/\/www.radiopiu.net\/wordpress\/wp-content\/uploads\/2020\/06\/104940802_710898916336284_1515607895367560378_n-225x300.jpg 225w, https:\/\/www.radiopiu.net\/wordpress\/wp-content\/uploads\/2020\/06\/104940802_710898916336284_1515607895367560378_n.jpg 720w\" sizes=\"auto, (max-width: 169px) 100vw, 169px\" \/><\/a><a class=\"dt-pswp-item\" href=\"https:\/\/www.radiopiu.net\/wordpress\/wp-content\/uploads\/2020\/06\/103844055_255178788905180_7466990339755637989_n.jpg\" data-dt-img-description=\"\" data-large_image_width=\"960\" data-large_image_height=\"960\"><img loading=\"lazy\" decoding=\"async\" class=\"alignleft wp-image-145126\" src=\"https:\/\/www.radiopiu.net\/wordpress\/wp-content\/uploads\/2020\/06\/103844055_255178788905180_7466990339755637989_n-300x300.jpg\" alt=\"\" width=\"228\" height=\"228\" srcset=\"https:\/\/www.radiopiu.net\/wordpress\/wp-content\/uploads\/2020\/06\/103844055_255178788905180_7466990339755637989_n-300x300.jpg 300w, https:\/\/www.radiopiu.net\/wordpress\/wp-content\/uploads\/2020\/06\/103844055_255178788905180_7466990339755637989_n-150x150.jpg 150w, https:\/\/www.radiopiu.net\/wordpress\/wp-content\/uploads\/2020\/06\/103844055_255178788905180_7466990339755637989_n-768x768.jpg 768w, https:\/\/www.radiopiu.net\/wordpress\/wp-content\/uploads\/2020\/06\/103844055_255178788905180_7466990339755637989_n.jpg 960w\" sizes=\"auto, (max-width: 228px) 100vw, 228px\" \/><\/a><\/p>\n<p>&nbsp;<\/p>\n<p>&nbsp;<\/p>\n<p>&nbsp;<\/p>\n<p>&nbsp;<\/p>\n<p>&nbsp;<\/p>\n<p>&nbsp;<\/p>\n<p>&nbsp;<\/p>\n<p>&nbsp;<\/p>\n<p>&nbsp;<\/p>\n<p>&nbsp;<\/p>\n<hr \/>\n<p>&nbsp;<\/p>\n<blockquote>\n<h3>EX CHIESA DEI GESUITI QUESTA MATTINA LA CONSEGNA DEI LAVORI<\/h3>\n<\/blockquote>\n<p><strong><a class=\"dt-pswp-item\" href=\"https:\/\/www.radiopiu.net\/wordpress\/wp-content\/uploads\/2020\/06\/Fronte-chiesa-2-scaled.jpg\" data-dt-img-description=\"\" data-large_image_width=\"2560\" data-large_image_height=\"1707\"><img loading=\"lazy\" decoding=\"async\" class=\"size-medium wp-image-145139 alignleft\" src=\"https:\/\/www.radiopiu.net\/wordpress\/wp-content\/uploads\/2020\/06\/Fronte-chiesa-2-300x200.jpg\" alt=\"\" width=\"300\" height=\"200\" srcset=\"https:\/\/www.radiopiu.net\/wordpress\/wp-content\/uploads\/2020\/06\/Fronte-chiesa-2-300x200.jpg 300w, https:\/\/www.radiopiu.net\/wordpress\/wp-content\/uploads\/2020\/06\/Fronte-chiesa-2-1024x683.jpg 1024w, https:\/\/www.radiopiu.net\/wordpress\/wp-content\/uploads\/2020\/06\/Fronte-chiesa-2-768x512.jpg 768w, https:\/\/www.radiopiu.net\/wordpress\/wp-content\/uploads\/2020\/06\/Fronte-chiesa-2-1536x1024.jpg 1536w, https:\/\/www.radiopiu.net\/wordpress\/wp-content\/uploads\/2020\/06\/Fronte-chiesa-2-2048x1365.jpg 2048w\" sizes=\"auto, (max-width: 300px) 100vw, 300px\" \/><\/a>BELLUNO\u00a0<\/strong>Il Progetto Belluno di rigenerazione urbana riprende a passi decisi, dopo lo stop legato all&#8217;epidemia da Covid-19: sono stati infatti consegnati questa mattina i lavori per l&#8217;ex Chiesa dei Gesuiti, in Via Jacopo Tasso.\u00a0Dopo l&#8217;aggiudicazione della gara arrivata a ridosso del Natale 2019, si \u00e8 arrivati quindi alla consegna dei lavori all&#8217;associazione temporanea di imprese che vede come capofila la bellunese Deon SPA, che operer\u00e0 assieme all&#8217;altra bellunese Idealfer di Fonzaso e con la Cogei Costruzioni di Bologna e la Lithos di Venezia.<span class=\"Apple-converted-space\">\u00a0<\/span>Il costo dei lavori, che prevedono la realizzazione di una piazza coperta al piano terra e di una sala polifunzionale di 500 mq al primo piano, \u00e8 di poco superiore a 1,5 milioni di euro; i tempi per il recupero della struttura \u00e8 di un anno.<\/p>\n<p><strong>\u00a0<\/strong><\/p>\n<p><strong>\u00a0<\/strong><\/p>\n<p><strong>\u00a0<\/strong><\/p>\n<p><strong>L&#8217;ASSESSORE DEL COMUNE DI BELLUNO FRANCO FRISON<\/strong><\/p>\n<audio class=\"wp-audio-shortcode\" id=\"audio-145021-13\" preload=\"none\" style=\"width: 100%;\" controls=\"controls\"><source type=\"audio\/mpeg\" src=\"https:\/\/www.radiopiu.net\/wordpress\/wp-content\/uploads\/2020\/06\/Franco-Frison-Consegna-lavori-Chiesa-dei-Gesuiti.mp3?_=13\" \/><a href=\"https:\/\/www.radiopiu.net\/wordpress\/wp-content\/uploads\/2020\/06\/Franco-Frison-Consegna-lavori-Chiesa-dei-Gesuiti.mp3\">https:\/\/www.radiopiu.net\/wordpress\/wp-content\/uploads\/2020\/06\/Franco-Frison-Consegna-lavori-Chiesa-dei-Gesuiti.mp3<\/a><\/audio>\n<p>&nbsp;<\/p>\n<p>&nbsp;<\/p>\n<hr \/>\n<p>&nbsp;<\/p>\n<\/div>\n<blockquote>\n<h3>MOSTRA CONCLUSIVA AL MUSEO BUREL<\/h3>\n<\/blockquote>\n<p><em>Ultima puntata per il ciclo sull&#8217;Om Selvarech anche con\u00a0 i pezzi della collezione di Gianni Secco<\/em><\/p>\n<p><strong>BELLUNO\u00a0<\/strong> Sabato 20 giugno, dalle 16 alle alle 20, in via Mezzaterra, il\u00a0 Museo Burel inaugura &#8220;Diversi&#8221;, a cura di Daniela Zangrando. La mostra \u00e8 in concomitanza con la riapertura del Museo dopo lo stop per la pandemia Covid_19, \u00e8 il quarto atto del ciclo \u201cHai paura dell&#8217;uomo nero? Coinvolge tre artisti \u2013 Jan Fabre, Alberto Tadiello e Mungo Thomson \u2013 e il collezionista bellunese Gianni Secco. Potr\u00e0 accedere agli spazi del Museo una persona per volta, e il direttore Daniela Zangrando sar\u00e0 presente per spiegare e raccontare opere e scelte fatte. \u00a0 Dalle 21 alle 24 on line i dj set di Lorenzo Burlon, Gabriele Gei e Marco Zangrando ( <a href=\"https:\/\/m.twitch.tv\/museoburel\">https:\/\/m.twitch.tv\/museoburel<\/a>)<\/p>\n<p>&nbsp;<\/p>\n<p>&nbsp;<\/p>\n<hr \/>\n<h2><\/h2>\n<blockquote class=\"wp-embedded-content\" data-secret=\"vXqetSftdi\"><p><a href=\"https:\/\/www.radiopiu.net\/wordpress\/luigi-cima-pittore-che-affascina-realista-e-intensamente-poetico-di-renato-bona\/\">LUIGI CIMA. PITTORE CHE AFFASCINA: REALISTA E INTENSAMENTE POETICO di Renato Bona<\/a><\/p><\/blockquote>\n<p><iframe loading=\"lazy\" class=\"wp-embedded-content\" sandbox=\"allow-scripts\" security=\"restricted\" style=\"position: absolute; clip: rect(1px, 1px, 1px, 1px);\" title=\"&#8220;LUIGI CIMA. PITTORE CHE AFFASCINA: REALISTA E INTENSAMENTE POETICO di Renato Bona&#8221; &#8212; Radio Pi\u00f9\" src=\"https:\/\/www.radiopiu.net\/wordpress\/luigi-cima-pittore-che-affascina-realista-e-intensamente-poetico-di-renato-bona\/embed\/#?secret=vXqetSftdi\" data-secret=\"vXqetSftdi\" width=\"600\" height=\"338\" frameborder=\"0\" marginwidth=\"0\" marginheight=\"0\" scrolling=\"no\"><\/iframe><\/p>\n<p>&nbsp;<\/p>\n<hr \/>\n<p>&nbsp;<\/p>\n<blockquote>\n<h3>IERI ALLA RADIO 19^ PUNTATA EPCENTER CON FRANCESCO ZILLIO, ASCOLTA IN PODCAST E SULLA HOME DEL SITO LA VIDEO GALLERY CON LE 18 PUNTATE PRECEDENTI<\/h3>\n<\/blockquote>\n<p><iframe loading=\"lazy\" title=\"EPCENTER puntata 19\" width=\"1200\" height=\"675\" src=\"https:\/\/www.youtube.com\/embed\/AkSJwoV4UxE?feature=oembed\" frameborder=\"0\" allow=\"accelerometer; autoplay; clipboard-write; encrypted-media; gyroscope; picture-in-picture\" allowfullscreen><\/iframe><\/p>\n<p>&nbsp;<\/p>\n<h2>TUTTE LE PUNTATE<\/h2>\n<blockquote class=\"wp-embedded-content\" data-secret=\"yzoJERsXvK\"><p><a href=\"https:\/\/www.radiopiu.net\/wordpress\/ep-center-video-gallery\/\">EP CENTER video gallery<\/a><\/p><\/blockquote>\n<p><iframe loading=\"lazy\" class=\"wp-embedded-content\" sandbox=\"allow-scripts\" security=\"restricted\" style=\"position: absolute; clip: rect(1px, 1px, 1px, 1px);\" title=\"&#8220;EP CENTER video gallery&#8221; &#8212; Radio Pi\u00f9\" src=\"https:\/\/www.radiopiu.net\/wordpress\/ep-center-video-gallery\/embed\/#?secret=yzoJERsXvK\" data-secret=\"yzoJERsXvK\" width=\"600\" height=\"338\" frameborder=\"0\" marginwidth=\"0\" marginheight=\"0\" scrolling=\"no\"><\/iframe><\/p>\n<p>&nbsp;<\/p>\n<hr \/>\n<h2><\/h2>\n<h2>IERI ALLA RADIO<\/h2>\n<h3><a class=\"dt-pswp-item\" href=\"https:\/\/www.radiopiu.net\/wordpress\/wp-content\/uploads\/2015\/08\/castello-Andraz-2.jpg\" data-dt-img-description=\"\" data-large_image_width=\"477\" data-large_image_height=\"480\"><img loading=\"lazy\" decoding=\"async\" class=\"size-medium wp-image-9455 alignleft\" src=\"https:\/\/www.radiopiu.net\/wordpress\/wp-content\/uploads\/2015\/08\/castello-Andraz-2-298x300.jpg\" alt=\"\" width=\"298\" height=\"300\" \/><\/a><span style=\"color: #808000;\">RIAPRE IL CASTELLO DI ANDRAZ<\/span><\/h3>\n<p><strong>di Claudio Fontanive<\/strong><\/p>\n<audio class=\"wp-audio-shortcode\" id=\"audio-145021-14\" preload=\"none\" style=\"width: 100%;\" controls=\"controls\"><source type=\"audio\/mpeg\" src=\"https:\/\/www.radiopiu.net\/wordpress\/wp-content\/uploads\/2020\/06\/castello-andraz-18-giugno.mp3?_=14\" \/><a href=\"https:\/\/www.radiopiu.net\/wordpress\/wp-content\/uploads\/2020\/06\/castello-andraz-18-giugno.mp3\">https:\/\/www.radiopiu.net\/wordpress\/wp-content\/uploads\/2020\/06\/castello-andraz-18-giugno.mp3<\/a><\/audio>\n<p>&nbsp;<\/p>\n<p>&nbsp;<\/p>\n<h2><span style=\"color: #ff0000;\">DUE MINUTI UN LIBRO<\/span><\/h2>\n<blockquote class=\"wp-embedded-content\" data-secret=\"QI6dDfluy2\"><p><a href=\"https:\/\/www.radiopiu.net\/wordpress\/litalia-finisce-a-napoli\/\">L&#8217;ITALIA FINISCE A NAPOLI<\/a><\/p><\/blockquote>\n<p><iframe loading=\"lazy\" class=\"wp-embedded-content\" sandbox=\"allow-scripts\" security=\"restricted\" style=\"position: absolute; clip: rect(1px, 1px, 1px, 1px);\" title=\"&#8220;L&#8217;ITALIA FINISCE A NAPOLI&#8221; &#8212; Radio Pi\u00f9\" src=\"https:\/\/www.radiopiu.net\/wordpress\/litalia-finisce-a-napoli\/embed\/#?secret=QI6dDfluy2\" data-secret=\"QI6dDfluy2\" width=\"600\" height=\"338\" frameborder=\"0\" marginwidth=\"0\" marginheight=\"0\" scrolling=\"no\"><\/iframe><\/p>\n<p><strong>LE ALTRE PUNTATE<\/strong><\/p>\n<blockquote class=\"wp-embedded-content\" data-secret=\"vwgFJWct1a\"><p><a href=\"https:\/\/www.radiopiu.net\/wordpress\/due-minuti-un-libro\/\">Due minuti un libro<\/a><\/p><\/blockquote>\n<p><iframe loading=\"lazy\" class=\"wp-embedded-content\" sandbox=\"allow-scripts\" security=\"restricted\" style=\"position: absolute; clip: rect(1px, 1px, 1px, 1px);\" title=\"&#8220;Due minuti un libro&#8221; &#8212; Radio Pi\u00f9\" src=\"https:\/\/www.radiopiu.net\/wordpress\/due-minuti-un-libro\/embed\/#?secret=vwgFJWct1a\" data-secret=\"vwgFJWct1a\" width=\"600\" height=\"338\" frameborder=\"0\" marginwidth=\"0\" marginheight=\"0\" scrolling=\"no\"><\/iframe><\/p>\n<h2><span style=\"color: #339966;\">AGORDINOMERON<\/span><\/h2>\n<p><iframe loading=\"lazy\" class=\"wp-embedded-content\" title=\"\u201cAGORDINOMERON, IL TERRITORIO SI RACCONTA Da un\u2019idea di Gianni Santomaso\u201d \u2014 Radio Pi\u00f9\" src=\"https:\/\/www.radiopiu.net\/wordpress\/agordinomeron\/embed\/#?secret=wOyQjKg0K4\" width=\"600\" height=\"346\" frameborder=\"0\" marginwidth=\"0\" marginheight=\"0\" scrolling=\"no\" sandbox=\"allow-scripts\" data-secret=\"wOyQjKg0K4\" data-mce-fragment=\"1\"><\/iframe><\/p>\n<h3><\/h3>\n<h3><\/h3>\n<h2><span style=\"color: #3366ff;\">IL MESSAGGIO DEI SACERDOTI A RADIO PIU\u2019<\/span><\/h2>\n<p><iframe loading=\"lazy\" class=\"wp-embedded-content\" title=\"\u201cI NOSTRI PARROCI, SU RADIO PIU\u2019 ALLE 7.30 E 19.30, PARROCCHIE DI AGORDO, LA VALLE E TAIBON\u201d \u2014 Radio Pi\u00f9\" src=\"https:\/\/www.radiopiu.net\/wordpress\/chiesa11\/embed\/#?secret=XqFP20e4Ve\" width=\"600\" height=\"381\" frameborder=\"0\" marginwidth=\"0\" marginheight=\"0\" scrolling=\"no\" sandbox=\"allow-scripts\" data-secret=\"XqFP20e4Ve\" data-mce-fragment=\"1\"><\/iframe><\/p>\n<p>&nbsp;<\/p>\n<hr \/>\n<p>&nbsp;<\/p>\n<p><strong class=\"photoswipe-wrapper\"><a class=\"dt-pswp-item pspw-wrap-ready\" href=\"https:\/\/i0.wp.com\/www.radiopiu.net\/wordpress\/wp-content\/uploads\/2018\/09\/viabilita.jpeg?ssl=1\" data-dt-img-description=\"\" data-large_image_width=\"800\" data-large_image_height=\"100\"><img loading=\"lazy\" decoding=\"async\" class=\"aligncenter wp-image-61954 size-full jetpack-lazy-image jetpack-lazy-image--handled\" src=\"https:\/\/i0.wp.com\/www.radiopiu.net\/wordpress\/wp-content\/uploads\/2018\/09\/viabilita.jpeg?resize=800%2C100&amp;ssl=1\" sizes=\"auto, (max-width: 800px) 100vw, 800px\" srcset=\"https:\/\/i0.wp.com\/www.radiopiu.net\/wordpress\/wp-content\/uploads\/2018\/09\/viabilita.jpeg?w=800&amp;ssl=1 800w, https:\/\/i0.wp.com\/www.radiopiu.net\/wordpress\/wp-content\/uploads\/2018\/09\/viabilita.jpeg?resize=300%2C38&amp;ssl=1 300w, https:\/\/i0.wp.com\/www.radiopiu.net\/wordpress\/wp-content\/uploads\/2018\/09\/viabilita.jpeg?resize=768%2C96&amp;ssl=1 768w\" alt=\"\" width=\"800\" height=\"100\" data-lazy-loaded=\"1\" \/><\/a><\/strong><\/p>\n<p><strong>\u00a0<\/strong><\/p>\n<p>FINO AL 24 LUGLIO SABATO E DOMENICA COMPRESI LUNGO LA 641 DI PASSO FEDAIA IN LOCALIT\u00e0 CAPANNA BILL E COL DI ROCCA, SENSO UNICO ALTERNATO CON SEMAFORO<\/p>\n<p>PROVINCIALE 20 DELLA VAL FIORENTINA, SELVA DI CADORE: FINO AL 4 LUGLIO, CHIUSURA TOTALE TRA SOLATOR E IL CENTRO DEL PAESE ANCHE NEI GIORNI FESTIVI E PREFESTIVI, DAL CHILOMETRO 4.850 AL CHILOMETRO 5.100. TRANSITO CONSENTITO AI LOCALI CON TEMPI DI ATTESA MASSIMI STIMATI IN 30 MINUTI IN LOCALITA\u2019 SOLATOR DAL CHILOMETRO 4.400 AL CHILOMETRO 4.850<\/p>\n<p>REGIONALE 203 AGORDINA FINO AL 20 GIUGNO IN LOCALIT\u00c0 LA MUDA DEVIAZIONE SU VIABILIT\u00c0 PROVVISORIA, PRUDENZA<\/p>\n<p>PROVINCIALE 12 PEDEMONTANA LOCALIT\u00c0 PONTE MAS, CHIUSURA TOTALE DI PONTE MAS FINO\u00a0 AL 30 GIUGNO<\/p>\n<p>STRADA REGIONALE 48 DELLE DOLOMITI, DAL KM 110,350 AL KM 112, SENSO UNICO ALTERNATO REGOLATO DA IMPIANTO SEMAFORICO ANCHE SABATO E FESTIVI FINO\u00a0 AL 30 GIUGNO PER POSA ELETTRODOTTO INTERRATO<\/p>\n<p>PROVINCIALE 563 DI SALESEI, FINO\u00a0 AL 3 LUGLIO, SENSO UNICO ALTERNATO REGOLATO DA IMPIANTO SEMAFORICO IN LOCALIT\u00c0 DIGONERA PER MESSA IN SICUREZZA PIANO VIABILE, SABATO E FESTIVI INCLUSI<\/p>\n<p>REGIONALE 203 AGORDINA, CANDATEN-LA STANGA, FINO\u00a0 AL 30 GIUGNO INCLUSI SABATO E DOMENICA DALLE 7.30 ALLE 9 E DALLE 16.30 ALLE 18 SENSO UNICO ALTERNATO CON MOVIERI, NEGLI ALTRI PERIODI SENSO UNICO CON SEMAFORO.<\/p>\n<p>PROVINCIALE 563 DI SALESEI, FINO AL\u00a0 19 GIUGNO, DOMENICHE E FESTIVI ESCLUSI, SENSO UNICO ALTERNATO REGOLATO DA IMPIANTO SEMAFORICO E POSSIBILI BREVI INTERRUZIONI AL TRAFFICO DI 15 MINUTI PER MESSA IN SICUREZZA VERSANTE A MONTE DELLA STRADA<\/p>\n<p>STRADA PROVINCIALE 346 DEL SAN PELLEGRINO, NEI COMUNI DI FALCADE, CANALE E VALLADA, FINO\u00a0 AL 3 LUGLIO, INCLUSI SABATI E DOMENICHE, POSSIBILE ISTITUZIONE DI SENSO UNICO ALTERNATO REGOLATO DA MOVIERI PER SOSTITUZIONE CONDUTTORI E MANUTENZIONE LINEA ELETTRICA ALTA TENSIONE<\/p>\n<p>REGIONALE 203 AGORDINA, NEL COMUNE DI CENCENIGHE, FINO\u00a0 AL 3 LUGLIO, INCLUSI SABATI E DOMENICHE, POSSIBILE ISTITUZIONE DI SENSO UNICO ALTERNATO REGOLATO DA MOVIERI PER SOSTITUZIONE CONDUTTORI E MANUTENZIONE LINEA ELETTRICA ALTA TENSIONE<\/p>\n<p>STRADA PROVINCIALE 422 DELL\u2019ALPAGO E DEL CANSIGLIO, FINO AL\u00a0 19 GIUGNO, DALLE 8 ALLE 19, SENSO UNICO ALTERNATO REGOLATO DA IMPIANTO SEMAFORICO O MOVIERE PER POSA FIBRA OTTICA<\/p>\n<p>STRADA PROVINCIALE 346 DEL SAN PELLEGRINO, NEL COMUNE DI VALLADA AGORDINA\u00a0 FINO AL\u00a0 19 GIUGNO SENSO UNICO ALTERNATO REGOLATO DA IMPIANTO SEMAFORICO PER MESSA IN SICUREZZA BARRIERE DI PROTEZIONE LATERALI<\/p>\n<p>STRADA REGIONA 203 AGORDINA, TRA MAS DI SEDICO E CERNADOI SU TRATTI SALTUARI DI STRADA, FINO\u00a0 AL 30 GIUGNO, ESCLUSO SABATO E DOMENICA, SENSO UNICO ALTERNATO REGOLATO DA IMPIANTO SEMAFORICO PER MESSA IN SICUREZZA BARRIERE DI PROTEZIONE LATERALI<\/p>\n<p>STRADA PROVINCIALE 347 DEL PASSO CEREDA E DURAN, NEL COMUNE DI GOSALDO (LOC. SANT\u2019ANDREA),\u00a0 FINO\u00a0 AL 20 GIUGNO SENSO UNICO ALTERNATO REGOLATO DA IMPIANTO SEMAFORICO PER MESSA IN SICUREZZA DELLA STRADA<\/p>\n<p>STRADA PROVINCIALE 347 DEL PASSO CEREDA E DURAN, NEL COMUNE DI AGORDO, FINO\u00a0 AL 26 GIUGNO SENSO UNICO ALTERNATO REGOLATO DA IMPIANTO SEMAFORICO PER POSA FIBRA OTTICA<\/p>\n<p>STRADA REGIONALE 48 DELLE DOLOMITI, NEL COMUNE DI LIVINALLONGO DEL COL DI LANA IN LOCALITA\u2019 ANDRAZ, FINO\u00a0 AL 30 GIUGNO SENSO UNICO ALTERNATO REGOLATO DA IMPIANTO SEMAFORICO O MOVIERE CON POSSIBILI BREVI INTERRUZIONI TOTALI AL TRAFFICO DELLA DURATA MASSIMA DI 10 MINUTI, PER LAVORI DI MESSA IN SICUREZZA DEL VERSANTE<\/p>\n<p>48 DELLE DOLOMITI, LOCALITA\u2019 ANDRAZ DI LIVINALLONGO, FINO\u00a0 AL 26 GIUGNO SENSO UNICO CON SEMAFORO<\/p>\n<p>STRADA REGIONALE 203 AGORDINA TRA PERON E CANDATEN, DAL 15 GIUGNO AL 31 LUGLIO ESCLUSI SABATI E DOMENICHE, DALLE 7:30 ALLE 9 E E DALLE 16:30 ALLE 18 SENSO UNICO ALTERNATO REGOLATO DA MOVIERI. NEGLI ALTRI ORARI SENSO UNICO ALTERNATO REGOLATO DA SEMAFORO PER INTERRAMENTO CAVIDOTTO E-DISTRIBUZIONE<\/p>\n<p>STRADA PROVINCIALE 12 PEDEMONTANA, AD ARTEN DI FONZASO INTERDIZIONE TOTALE AL TRAFFICO DALLE 8 ALLE 17 NEI GIORNI 16 E 17 GIUGNO PER LAVORI DI ALLACCIAMENTO ALLA FOGNATURA<\/p>\n<p>48 DELLE DOLOMITI, LOCALITA&#8217; ALVERA&#8217; CORTINA D&#8217;AMPEZZO LUNGO IL PONTE SUL TORRENTE BIGONTINA. DAL 18 GIUGNO E FINO A REVOCA DIVIETO DI TRANSITO AI VEICOLI AVENTI MASSA A PIENO CARICO SUPERIORE A 24 TONELLATE<\/p>\n<p>&nbsp;<\/p>\n<hr \/>\n<p>&nbsp;<\/p>\n<p class=\"photoswipe-wrapper\"><a class=\"dt-pswp-item pspw-wrap-ready\" href=\"https:\/\/i0.wp.com\/www.radiopiu.net\/wordpress\/wp-content\/uploads\/2018\/09\/WhatsApp-Image-2018-09-20-at-16.04.06.jpeg?ssl=1\" data-dt-img-description=\"\" data-large_image_width=\"800\" data-large_image_height=\"100\"><img loading=\"lazy\" decoding=\"async\" class=\"aligncenter wp-image-61378 size-full jetpack-lazy-image jetpack-lazy-image--handled\" src=\"https:\/\/i0.wp.com\/www.radiopiu.net\/wordpress\/wp-content\/uploads\/2018\/09\/WhatsApp-Image-2018-09-20-at-16.04.06.jpeg?resize=800%2C100&amp;ssl=1\" sizes=\"auto, (max-width: 800px) 100vw, 800px\" srcset=\"https:\/\/i0.wp.com\/www.radiopiu.net\/wordpress\/wp-content\/uploads\/2018\/09\/WhatsApp-Image-2018-09-20-at-16.04.06.jpeg?w=800&amp;ssl=1 800w, https:\/\/i0.wp.com\/www.radiopiu.net\/wordpress\/wp-content\/uploads\/2018\/09\/WhatsApp-Image-2018-09-20-at-16.04.06.jpeg?resize=300%2C38&amp;ssl=1 300w, https:\/\/i0.wp.com\/www.radiopiu.net\/wordpress\/wp-content\/uploads\/2018\/09\/WhatsApp-Image-2018-09-20-at-16.04.06.jpeg?resize=768%2C96&amp;ssl=1 768w\" alt=\"\" width=\"800\" height=\"100\" data-lazy-loaded=\"1\" \/><\/a><\/p>\n<p>&nbsp;<\/p>\n<div><center><b>Venerdi 19<\/b><\/center><b>Tempo atteso:\u00a0<\/b>Minore nuvolosit\u00e0 e tratti soleggiati pi\u00f9 ampi rispetto a gioved\u00ec. Dalla tarda mattinata riduzione del soleggiamento per moderata attivit\u00e0 cumuliforme, localmente intensa ed associata a fenomeni convettivi. Clima diurno un po&#8217; pi\u00f9 fresco.<br \/>\n<b>Precipitazioni:\u00a0<\/b>Al mattino probabilit\u00e0 inizialmente assente ovunque, poi non esclusi primi sporadici rovesci (30\/40%) sulle Prealpi nelle ore centrali del giorno. Al pomeriggio la probabilit\u00e0 per rovesci rimarr\u00e0 assai contenuta sulle Dolomiti (30\/40%) con basso rischio di temporali (20%). Sulle Prealpi situazione diversa con rovesci pi\u00f9 frequenti (50\/60%) e insidia temporalesca maggiore (30\/40%), ma meno intensi rispetto a gioved\u00ec. In caso di rovesci, il limite neve sar\u00e0 sui 2800 m.<br \/>\n<b>Temperature:\u00a0<\/b>In generale lieve calo, eccetto stazionariet\u00e0 delle minime in quota. Sono previste punte massime di 21\/22\u00b0C nei fondovalle prealpini e 17\/19\u00b0C a 1000\/1200 m. Su Prealpi a 1500 m min 8\u00b0C max 13\u00b0C, a 2000 m min 6\u00b0C max 10\u00b0C. Su Dolomiti a 2000 m min 5\u00b0C max 9\u00b0C, a 3000 m min -1\u00b0C max 0\u00b0C.<br \/>\n<b>Venti:\u00a0<\/b>Perlopi\u00f9 deboli a regime di brezza nelle valli, a tratti moderati in alcuni settori prealpini; in quota deboli\/moderati da ovest al mattino e da nord al pomeriggio, a 5-10 km\/h a 2000 m e 10-20 km\/h a 3000 m.<\/p>\n<hr \/>\n<p><center><b>Sabato 20<\/b><\/center><b>Tempo atteso:\u00a0<\/b>Al mattino tempo ben soleggiato con cielo sereno ed aria limpida. Al pomeriggio riduzione del soleggiamento per attivit\u00e0 cumuliforme perlopi\u00f9 moderata, solo localmente intensa e il rischio di fenomeni convettivi sar\u00e0 minore rispetto ai giorni precedenti, seppur ancora presente. Clima diurno un po&#8217; pi\u00f9 caldo.<br \/>\n<b>Precipitazioni:\u00a0<\/b>Al mattino probabilit\u00e0 assente (0%). Al pomeriggio la probabilit\u00e0 di rovesci e di temporali aumenter\u00e0, ma sar\u00e0 assai minore rispetto ai giorni precendenti (30\/40%).<br \/>\n<b>Temperature:\u00a0<\/b>Minime stazionarie in quota e in calo nelle valli; massime in generale aumento. Sono previste punte massime di 24\/25\u00b0C nei fondovalle prealpini e 20\/22\u00b0C a 1000\/1200 m. Su Prealpi a 1500 m min 8\u00b0C max 16\u00b0C, a 2000 m min 6\u00b0C max 12\u00b0C. Su Dolomiti a 2000 m min 5\u00b0C max 13\u00b0C, a 3000 m min 0\u00b0C max 1\u00b0C.<br \/>\n<b>Venti:\u00a0<\/b>Nelle valli deboli\/moderati a regime di brezza; in quota deboli da nord-ovest al mattino, moderati da nord al pomeriggio, anche tesi sulle vette dolomitiche in serata, a 5-15 km\/h a 2000 m e 10-30 km\/h a 3000 m.<\/p>\n<hr \/>\n<p><center><b>Domenica 21<\/b><\/center>Il tempo sar\u00e0 variabile\/buono, con nubi stratiformi, anche estese al mattino, e rasserenamenti via via pi\u00f9 ampi al pomeriggio fino a cielo sereno nel tardo pomeriggio\/sera. Temperature in generale aumento, pi\u00f9 sensibile per le massime in quota. Venti in quota moderati da nord al mattino, tendenti a rafforzarsi fino a tesi al pomeriggio generando un atmosfera un po&#8217; ventosa sulle cime pi\u00f9 alte; nelle valli deboli\/moderati di direzione varabile con qualche rinforzo nei settori esposti a nord.<\/p>\n<hr \/>\n<p><center><b>Lunedi 22<\/b><\/center>Tempo pi\u00f9 stabile, molto soleggiato e pi\u00f9 caldo con leggera riduzione del soleggiamento per modesta attivit\u00e0 cumuliforme limitata alle ore pi\u00f9 calde. Temperature in generale aumento, pi\u00f9 sensibile per quelle diurne, con primi caldi di stampo estivo. In quota venti tesi\/forti da nord-est al mattino, in attenuazione al pomeriggio; nelle valli deboli\/moderati a regime di brezza. Previsore: R.L.Th.<\/p>\n<\/div>\n","protected":false},"excerpt":{"rendered":"<p>PER RICEVERE QUESTO NOTIZIARIO DIRETTAMENTE SUL TUO CELLULARE ISCRIVITI AL CANALE TELEGRAM\u00a0\u201cRADIO PIU\u00a0 INFORMAZIONE\u201d\u00a0\u00a0 &nbsp; A SILVIA DORIGUZZI &#8220;Manchi gi\u00e0 come l&#8217;aria. Illuminaci coi tuoi sorrisi da lass\u00f9.. Lo so che senti tutto questo amore che abbiamo per te&#8221;: la mamma, Giulia Zambon. &#8220;Grazie per le vostre parole, abbracci, pensieri&#8230;ci sentiamo avvolti dall&#8217;affetto che avete&hellip;<\/p>\n","protected":false},"author":4,"featured_media":145209,"comment_status":"closed","ping_status":"closed","sticky":false,"template":"","format":"standard","meta":{"_monsterinsights_skip_tracking":false,"_monsterinsights_sitenote_active":false,"_monsterinsights_sitenote_note":"","_monsterinsights_sitenote_category":0,"footnotes":""},"categories":[1,86,49],"tags":[],"class_list":["post-145021","post","type-post","status-publish","format-standard","has-post-thumbnail","hentry","category-senza-categoria","category-gr","category-news-18","category-1","category-86","category-49","description-off"],"img_url":"https:\/\/www.radiopiu.net\/wordpress\/wp-content\/uploads\/2020\/06\/95502035_10220722219784471_4202322398998953984_o.jpg","_links":{"self":[{"href":"https:\/\/www.radiopiu.net\/wordpress\/wp-json\/wp\/v2\/posts\/145021","targetHints":{"allow":["GET"]}}],"collection":[{"href":"https:\/\/www.radiopiu.net\/wordpress\/wp-json\/wp\/v2\/posts"}],"about":[{"href":"https:\/\/www.radiopiu.net\/wordpress\/wp-json\/wp\/v2\/types\/post"}],"author":[{"embeddable":true,"href":"https:\/\/www.radiopiu.net\/wordpress\/wp-json\/wp\/v2\/users\/4"}],"replies":[{"embeddable":true,"href":"https:\/\/www.radiopiu.net\/wordpress\/wp-json\/wp\/v2\/comments?post=145021"}],"version-history":[{"count":0,"href":"https:\/\/www.radiopiu.net\/wordpress\/wp-json\/wp\/v2\/posts\/145021\/revisions"}],"wp:featuredmedia":[{"embeddable":true,"href":"https:\/\/www.radiopiu.net\/wordpress\/wp-json\/wp\/v2\/media\/145209"}],"wp:attachment":[{"href":"https:\/\/www.radiopiu.net\/wordpress\/wp-json\/wp\/v2\/media?parent=145021"}],"wp:term":[{"taxonomy":"category","embeddable":true,"href":"https:\/\/www.radiopiu.net\/wordpress\/wp-json\/wp\/v2\/categories?post=145021"},{"taxonomy":"post_tag","embeddable":true,"href":"https:\/\/www.radiopiu.net\/wordpress\/wp-json\/wp\/v2\/tags?post=145021"}],"curies":[{"name":"wp","href":"https:\/\/api.w.org\/{rel}","templated":true}]}}