{"id":145025,"date":"2020-06-18T06:02:05","date_gmt":"2020-06-18T04:02:05","guid":{"rendered":"https:\/\/www.radiopiu.net\/wordpress\/?p=145025"},"modified":"2020-06-18T06:03:31","modified_gmt":"2020-06-18T04:03:31","slug":"la-nuova-stagione-del-cai-di-agordo","status":"publish","type":"post","link":"https:\/\/www.radiopiu.net\/wordpress\/la-nuova-stagione-del-cai-di-agordo\/","title":{"rendered":"LA NUOVA STAGIONE DEL CAI DI AGORDO"},"content":{"rendered":"<p><strong><a class=\"dt-pswp-item\" href=\"https:\/\/www.radiopiu.net\/wordpress\/wp-content\/uploads\/2020\/06\/b55ccc9c-a8ee-4140-a19a-9eb6b2ae0486.jpg\" data-dt-img-description=\"\" data-large_image_width=\"1600\" data-large_image_height=\"900\"><img loading=\"lazy\" decoding=\"async\" class=\"alignleft size-medium wp-image-145026\" src=\"https:\/\/www.radiopiu.net\/wordpress\/wp-content\/uploads\/2020\/06\/b55ccc9c-a8ee-4140-a19a-9eb6b2ae0486-300x169.jpg\" alt=\"\" width=\"300\" height=\"169\" srcset=\"https:\/\/www.radiopiu.net\/wordpress\/wp-content\/uploads\/2020\/06\/b55ccc9c-a8ee-4140-a19a-9eb6b2ae0486-300x169.jpg 300w, https:\/\/www.radiopiu.net\/wordpress\/wp-content\/uploads\/2020\/06\/b55ccc9c-a8ee-4140-a19a-9eb6b2ae0486-1024x576.jpg 1024w, https:\/\/www.radiopiu.net\/wordpress\/wp-content\/uploads\/2020\/06\/b55ccc9c-a8ee-4140-a19a-9eb6b2ae0486-768x432.jpg 768w, https:\/\/www.radiopiu.net\/wordpress\/wp-content\/uploads\/2020\/06\/b55ccc9c-a8ee-4140-a19a-9eb6b2ae0486-1536x864.jpg 1536w, https:\/\/www.radiopiu.net\/wordpress\/wp-content\/uploads\/2020\/06\/b55ccc9c-a8ee-4140-a19a-9eb6b2ae0486.jpg 1600w\" sizes=\"auto, (max-width: 300px) 100vw, 300px\" \/><\/a>AGORDO<\/strong> <span style=\"color: #000000;\">Con la riunione del Consiglio Direttivo ai primi di giugno, riprende timidamente e con parecchie incertezze, l&#8217;attivit\u00e0 della Sezione Agordina dopo il blocco totale per il Covid-19. Su indicazione della Sede Centrale l&#8217;attivit\u00e0 del Club Alpino Italiano pu\u00f2 riprendere ma con parecchie limitazioni che ne pregiudicano quantit\u00e0 e qualit\u00e0. Via libera dunque all&#8217;apertura della Sede sociale e pure alle escursioni. La Commissione Escursionismo sezionale sta valutando la ripresa delle escursioni sociali in quanto le limitazioni poste a livello centrale (ad esempio il numero massimo di partecipanti), inducono a riflessioni serie per non rischiare di penalizzare i soci che volessero partecipare alle uscite e sovraccaricare gli accompagnatori (in termini di impegno e di responsabilit\u00e0). Anche in altre Sezioni del Veneto la ripresa delle escursioni \u00e8 un po&#8217; incerta: alcune rinunciano ad organizzarle, altri ne ridimensionano difficolt\u00e0 e giorni, altre ancora attendono l&#8217;evolversi della situazione senza sbilanciarsi troppo. <em>&#8220;Dunque, amici escursionisti &#8211; spiega la sezione agordina in una nota &#8211; dovrete attendere ancora qualche giorno e portare pazienza. Nel frattempo, meteo permettendo potrete fare &#8220;fiato e gambe&#8221; con qualche uscita fai da te per non farvi trovare impreparati quando finalmente potremo ritrovarci a camminare e divertirci assieme&#8221;.<\/em><\/span><\/p>\n","protected":false},"excerpt":{"rendered":"<p>AGORDO Con la riunione del Consiglio Direttivo ai primi di giugno, riprende timidamente e con parecchie incertezze, l&#8217;attivit\u00e0 della Sezione Agordina dopo il blocco totale per il Covid-19. Su indicazione della Sede Centrale l&#8217;attivit\u00e0 del Club Alpino Italiano pu\u00f2 riprendere ma con parecchie limitazioni che ne pregiudicano quantit\u00e0 e qualit\u00e0. Via libera dunque all&#8217;apertura della&hellip;<\/p>\n","protected":false},"author":1,"featured_media":145026,"comment_status":"closed","ping_status":"closed","sticky":false,"template":"","format":"standard","meta":{"_monsterinsights_skip_tracking":false,"_monsterinsights_sitenote_active":false,"_monsterinsights_sitenote_note":"","_monsterinsights_sitenote_category":0,"footnotes":""},"categories":[49],"tags":[],"class_list":["post-145025","post","type-post","status-publish","format-standard","has-post-thumbnail","hentry","category-news-18","category-49","description-off"],"img_url":"https:\/\/www.radiopiu.net\/wordpress\/wp-content\/uploads\/2020\/06\/b55ccc9c-a8ee-4140-a19a-9eb6b2ae0486.jpg","_links":{"self":[{"href":"https:\/\/www.radiopiu.net\/wordpress\/wp-json\/wp\/v2\/posts\/145025","targetHints":{"allow":["GET"]}}],"collection":[{"href":"https:\/\/www.radiopiu.net\/wordpress\/wp-json\/wp\/v2\/posts"}],"about":[{"href":"https:\/\/www.radiopiu.net\/wordpress\/wp-json\/wp\/v2\/types\/post"}],"author":[{"embeddable":true,"href":"https:\/\/www.radiopiu.net\/wordpress\/wp-json\/wp\/v2\/users\/1"}],"replies":[{"embeddable":true,"href":"https:\/\/www.radiopiu.net\/wordpress\/wp-json\/wp\/v2\/comments?post=145025"}],"version-history":[{"count":0,"href":"https:\/\/www.radiopiu.net\/wordpress\/wp-json\/wp\/v2\/posts\/145025\/revisions"}],"wp:featuredmedia":[{"embeddable":true,"href":"https:\/\/www.radiopiu.net\/wordpress\/wp-json\/wp\/v2\/media\/145026"}],"wp:attachment":[{"href":"https:\/\/www.radiopiu.net\/wordpress\/wp-json\/wp\/v2\/media?parent=145025"}],"wp:term":[{"taxonomy":"category","embeddable":true,"href":"https:\/\/www.radiopiu.net\/wordpress\/wp-json\/wp\/v2\/categories?post=145025"},{"taxonomy":"post_tag","embeddable":true,"href":"https:\/\/www.radiopiu.net\/wordpress\/wp-json\/wp\/v2\/tags?post=145025"}],"curies":[{"name":"wp","href":"https:\/\/api.w.org\/{rel}","templated":true}]}}