{"id":145229,"date":"2020-06-20T05:53:18","date_gmt":"2020-06-20T03:53:18","guid":{"rendered":"https:\/\/www.radiopiu.net\/wordpress\/?p=145229"},"modified":"2020-06-20T10:01:25","modified_gmt":"2020-06-20T08:01:25","slug":"giornale-radiopiu-20-giugno-2020-direttore-mirko-mezzacasa","status":"publish","type":"post","link":"https:\/\/www.radiopiu.net\/wordpress\/giornale-radiopiu-20-giugno-2020-direttore-mirko-mezzacasa\/","title":{"rendered":"GIORNALE RADIOPIU 20 GIUGNO 2020 DIRETTORE MIRKO MEZZACASA"},"content":{"rendered":"<h3><strong>PER RICEVERE QUESTO NOTIZIARIO DIRETTAMENTE SUL TUO CELLULARE ISCRIVITI AL CANALE TELEGRAM\u00a0<\/strong><strong>\u201cRADIO PIU\u00a0 INFORMAZIONE\u201d\u00a0<\/strong><\/h3>\n<p>&nbsp;<\/p>\n<hr \/>\n<p>&nbsp;<\/p>\n<p><strong><i style=\"color: #0000ff;\">Gestione Servizi Pubblici informa che, per lavori alla rete idrica comunale, martedi dalle 8 a fine lavori, verr\u00e0 sospesa l\u2019erogazione dell\u2019acqua a Rocca Pietore in localit\u00e0\u00a0<\/i><span style=\"color: #0000ff;\"><span style=\"caret-color: #0000ff;\"><i>localita&#8217; capoluogo, Sottoguda, Palue, Boscoverde, Col di Rocca, Soraru, Pezz\u00e8, Condio <\/i><\/span><\/span><i style=\"color: #0000ff;\">e Saviner di Laste. Sempre martedi dalle 8 a fine lavori sospensione dell&#8217;erogazione d&#8217;acqua per lavori anche a Taibon in frazione Villanova, Taibon centro, nelle piazze Vecchia e della Chiesa nonch\u00e9 nelle vie Dante Alighieri, San Lucano, Riva Granda e Caravaggio.<\/i><\/strong><\/p>\n<p>&nbsp;<\/p>\n<hr \/>\n<p>&nbsp;<\/p>\n<p><span style=\"color: #ff0000;\"><strong>Gestione Servizi Pubblici informa che a LIVINALLONGO DEL COL DI LANA nelle LOCALITA\u2019 LARZONEI, SALESEI DI SOPRA, SALESEI DI SOTTO, PIAN DI SALESEI, SALESEI, SOTTOCREPA e FOPPA l\u2019acqua erogata dall\u2019acquedotto non \u00e8 potabile e pu\u00f2 essere usata per scopi alimentari SOLO PREVIA bollitura<\/strong><\/span><\/p>\n<p>&nbsp;<\/p>\n<hr \/>\n<p>&nbsp;<\/p>\n<p><strong>PROVINCIALE 12 PEDEMONTANA, PONTE MAS: RIAPRE CON 10 GIORNI DI ANTICIPO, VIA LIBERA OGGI ALLE 13 CON RIPRISTINO DELLA CIRCOLAZIONE IN ENTRAMBI I SENSI DI MARCIA.<\/strong><\/p>\n<p><em><strong>PROVINCIALE 20 CAPRILE-SELVA DI CADORE.\u00a0 CHIUSA\u00a0 FINO\u00a0 AL 4 LUGLIO IN LOCALITA\u2019 SOLATOR ANCHE SABATO E DOMENICA. TRANSITO CONSENTITO AI LOCALI CON TEMPI DI ATTESA FINO A 30 MINUTI<\/strong><\/em><\/p>\n<p><em><strong>203 AGORDINA, FINO\u00a0 AL 30 LUGLIO ESCLUSI FESTIVI E PREFESTIVI SENSO UNICO ALTERNATO TRA CANDATEN E PERON. DALLE 730 ALLE 9 E DALLE 1630 ALLE 18 CON MOVIERI, NEGLI ALTRI ORARI SEMAFORO\u00a0<\/strong><\/em><\/p>\n<p>&nbsp;<\/p>\n<p>&nbsp;<\/p>\n<hr \/>\n<p>&nbsp;<\/p>\n<blockquote>\n<h3><a class=\"dt-pswp-item\" href=\"https:\/\/www.radiopiu.net\/wordpress\/wp-content\/uploads\/2020\/06\/104726953_10223344995683274_7793848053878200584_n.jpg\" data-dt-img-description=\"\" data-large_image_width=\"960\" data-large_image_height=\"640\"><img loading=\"lazy\" decoding=\"async\" class=\"alignleft wp-image-145422\" src=\"https:\/\/www.radiopiu.net\/wordpress\/wp-content\/uploads\/2020\/06\/104726953_10223344995683274_7793848053878200584_n-300x200.jpg\" alt=\"\" width=\"200\" height=\"133\" srcset=\"https:\/\/www.radiopiu.net\/wordpress\/wp-content\/uploads\/2020\/06\/104726953_10223344995683274_7793848053878200584_n-300x200.jpg 300w, https:\/\/www.radiopiu.net\/wordpress\/wp-content\/uploads\/2020\/06\/104726953_10223344995683274_7793848053878200584_n-768x512.jpg 768w, https:\/\/www.radiopiu.net\/wordpress\/wp-content\/uploads\/2020\/06\/104726953_10223344995683274_7793848053878200584_n.jpg 960w\" sizes=\"auto, (max-width: 200px) 100vw, 200px\" \/><\/a>LA TUA BELLEZZA CONTINUERA&#8217; A SPLENDERE SU TUTTI NOI ANCHE ORA CHE SEI UN MERAVIGLIOSO ANGELO<\/h3>\n<\/blockquote>\n<p><strong>LONGARONE<\/strong>: Domani alle 15 in chiesa i funerali di Silvia Doriguzzi<\/p>\n<blockquote>\n<h3>di \u00a0<span class=\"fwb\"><a class=\"profileLink\" title=\"Thiago Oliveira\" href=\"https:\/\/www.facebook.com\/thiagoballa83?__tn__=%2CdlC-R-R&amp;eid=ARDl6sKZCStn51IY-N4YgZmLx3fayE1cjYNYJGZDLE_v-F10Q2uuTOnlwpfEhYw9vhR_b-IuX_G1Zap6&amp;hc_ref=ARRZTF2yOL43SnbuiTdrG1cJ_eazbsRNkfadU8mS_zO9VxM8UKE83rZGMaxPxsoILcg&amp;ref=nf_target\" data-ft=\"{&quot;tn&quot;:&quot;l&quot;}\" data-hovercard=\"\/ajax\/hovercard\/user.php?id=1537395296&amp;extragetparams=%7B%22__tn__%22%3A%22%2CdlC-R-R%22%2C%22eid%22%3A%22ARDl6sKZCStn51IY-N4YgZmLx3fayE1cjYNYJGZDLE_v-F10Q2uuTOnlwpfEhYw9vhR_b-IuX_G1Zap6%22%2C%22hc_ref%22%3A%22ARRZTF2yOL43SnbuiTdrG1cJ_eazbsRNkfadU8mS_zO9VxM8UKE83rZGMaxPxsoILcg%22%2C%22ref%22%3A%22nf_target%22%7D\" data-hovercard-prefer-more-content-show=\"1\" data-hovercard-referer=\"ARRZTF2yOL43SnbuiTdrG1cJ_eazbsRNkfadU8mS_zO9VxM8UKE83rZGMaxPxsoILcg\">Thiago Oliveira<\/a><\/span>\u00a0 \u201cutile la fantasia a respirare ogni cosa prima\u201d.<\/h3>\n<\/blockquote>\n<div id=\"js_40t\" class=\"_5pbx userContent _3576\" data-testid=\"post_message\" data-ft=\"{&quot;tn&quot;:&quot;K&quot;}\">\n<div id=\"id_5eed84cba7d5c3f08240093\" class=\"text_exposed_root text_exposed\">\n<p><a id=\"js_53n\" class=\"profileLink\" title=\"Silvia Doriguzzi\" href=\"https:\/\/www.facebook.com\/silviasilvy.doriguzzi?__tn__=%2CdK-R-R&amp;eid=ARAAj7a0YPsqtdV9soeOt-U03oF6aXmaPrT9-vpiQHJ3H7moiDcM2y08NRAQ4R4RtdTtNKuhi6mYJxYI&amp;fref=mentions\" data-hovercard=\"\/ajax\/hovercard\/user.php?id=100006639006573&amp;extragetparams=%7B%22__tn__%22%3A%22%2CdK-R-R%22%2C%22eid%22%3A%22ARAAj7a0YPsqtdV9soeOt-U03oF6aXmaPrT9-vpiQHJ3H7moiDcM2y08NRAQ4R4RtdTtNKuhi6mYJxYI%22%2C%22fref%22%3A%22mentions%22%7D\" data-hovercard-prefer-more-content-show=\"1\" aria-describedby=\"u_ry_1\" aria-owns=\"js_53l\">Silvia <\/a>\u00a0 voglio ricordarti cos\u00ec. Col tuo sorriso e con la tua vitalit\u00e0 chiedendomi consigli per il tuo futuro , mancherai tanto. Ma sono sicuro che ovunque tu sia porterai la gioia di vita che hai dentro. Riposa in pace, Cara mamma<span class=\"text_exposed_show\"><a class=\"profileLink\" title=\"Zambon Giulia\" href=\"https:\/\/www.facebook.com\/giulia.zambon?__tn__=%2CdK-R-R&amp;eid=ARCn4mZqoFt6moL95n9A5OU5KrhJ5T2hBiVkq5w_ecuIvQdGOKbvKGXx8TGW8MSN7Q727-nnwGKBnlgn&amp;fref=mentions\" data-hovercard=\"\/ajax\/hovercard\/user.php?id=1206041337&amp;extragetparams=%7B%22__tn__%22%3A%22%2CdK-R-R%22%2C%22eid%22%3A%22ARCn4mZqoFt6moL95n9A5OU5KrhJ5T2hBiVkq5w_ecuIvQdGOKbvKGXx8TGW8MSN7Q727-nnwGKBnlgn%22%2C%22fref%22%3A%22mentions%22%7D\" data-hovercard-prefer-more-content-show=\"1\"> Giulia<\/a> nulla al mondo potr\u00e0 prendere il posto di Silvia, ma io ti sono vicino. <\/span><\/p>\n<\/div>\n<\/div>\n<p>&nbsp;<\/p>\n<hr \/>\n<blockquote>\n<h3><\/h3>\n<\/blockquote>\n<h2>IERI SERA\u00a0 FRANA ALLA ROTATORIA DI FENER<\/h2>\n<p><strong>FENER<\/strong> Ieri sera personale\u00a0 \u00a0dei\u00a0 Vigili del Fuoco\u00a0 \u00e8 intervenuto alle\u00a0 18:20 nei pressi della rotatoria di Fener per del pietrisco che ha invaso la sede stradale a causa di condizioni meteo avverse. I Vigili del fuoco\u00a0 volontari del distaccamento del Basso Feltrino con la collaborazione degli uomini del Comando di Belluno hanno provveduto alla rimozione del materiale ripristinando la viabilit\u00e0. L&#8217;intervento si \u00e8 concluso alle ore 20:53. Presente sul posto anche personale di Veneto Strade.<\/p>\n<p><a class=\"dt-pswp-item\" href=\"https:\/\/www.radiopiu.net\/wordpress\/wp-content\/uploads\/2020\/06\/foto-logo.jpg\" data-dt-img-description=\"\" data-large_image_width=\"1280\" data-large_image_height=\"720\"><img loading=\"lazy\" decoding=\"async\" class=\"alignleft size-medium wp-image-145397\" src=\"https:\/\/www.radiopiu.net\/wordpress\/wp-content\/uploads\/2020\/06\/foto-logo-300x169.jpg\" alt=\"\" width=\"300\" height=\"169\" srcset=\"https:\/\/www.radiopiu.net\/wordpress\/wp-content\/uploads\/2020\/06\/foto-logo-300x169.jpg 300w, https:\/\/www.radiopiu.net\/wordpress\/wp-content\/uploads\/2020\/06\/foto-logo-1024x576.jpg 1024w, https:\/\/www.radiopiu.net\/wordpress\/wp-content\/uploads\/2020\/06\/foto-logo-768x432.jpg 768w, https:\/\/www.radiopiu.net\/wordpress\/wp-content\/uploads\/2020\/06\/foto-logo.jpg 1280w\" sizes=\"auto, (max-width: 300px) 100vw, 300px\" \/><\/a><a class=\"dt-pswp-item\" href=\"https:\/\/www.radiopiu.net\/wordpress\/wp-content\/uploads\/2020\/06\/logo-1.jpg\" data-dt-img-description=\"\" data-large_image_width=\"1280\" data-large_image_height=\"720\"><img loading=\"lazy\" decoding=\"async\" class=\"alignleft size-medium wp-image-145396\" src=\"https:\/\/www.radiopiu.net\/wordpress\/wp-content\/uploads\/2020\/06\/logo-1-300x169.jpg\" alt=\"\" width=\"300\" height=\"169\" srcset=\"https:\/\/www.radiopiu.net\/wordpress\/wp-content\/uploads\/2020\/06\/logo-1-300x169.jpg 300w, https:\/\/www.radiopiu.net\/wordpress\/wp-content\/uploads\/2020\/06\/logo-1-1024x576.jpg 1024w, https:\/\/www.radiopiu.net\/wordpress\/wp-content\/uploads\/2020\/06\/logo-1-768x432.jpg 768w, https:\/\/www.radiopiu.net\/wordpress\/wp-content\/uploads\/2020\/06\/logo-1.jpg 1280w\" sizes=\"auto, (max-width: 300px) 100vw, 300px\" \/><\/a><\/p>\n<p>&nbsp;<\/p>\n<p>&nbsp;<\/p>\n<p>&nbsp;<\/p>\n<p>&nbsp;<\/p>\n<p>&nbsp;<\/p>\n<p>&nbsp;<\/p>\n<p>&nbsp;<\/p>\n<p>&nbsp;<\/p>\n<p>&nbsp;<\/p>\n<p>&nbsp;<\/p>\n<hr \/>\n<p>&nbsp;<\/p>\n<blockquote>\n<h1>OGGI RIAPRE PONTE MAS&#8230;ECCO COME SI PRESENTA IL &#8220;PONTE TI VEDO&#8221;<\/h1>\n<\/blockquote>\n<p><strong>SEDICO<\/strong> Ponte Mas riapre con 10 giorni di anticipo, via libera da oggi anziche\u2019 dal 30 giugno come inizialmente previsto. Le ditte Lavina ed Edilcostruzioni hanno lavorato per conto di Veneto Strade. L&#8217;apertura alle ore 13. Il Responsabile del procedimento Silvano Vernizzi, il progettista e direttori lavori Michele Artusato hanno lavorato in sinergia con il coordinatore della sicurezza per l&#8217;esecuzione Paolo Da Rold e il direttore operativo Lorenzo Roldo. Si tratta di uno degli interventi urgenti in seguito alla tempesta Vaia, i lavori hanno comportato un costo di 825 mila euro.<\/p>\n<p><strong>ECCO COME SI PRESENTA IL PONTE A POCHE ORE DALLA RIAPERTURA<\/strong><\/p>\n<p><strong>LE FOTO<\/strong><\/p>\n\n\t\t\t<style type='text\/css'>\n\t\t\t\t#gallery-1 {\n\t\t\t\t\tmargin: auto;\n\t\t\t\t}\n\t\t\t\t#gallery-1 .gallery-item {\n\t\t\t\t\tfloat: left;\n\t\t\t\t\tmargin-top: 10px;\n\t\t\t\t\ttext-align: center;\n\t\t\t\t\twidth: 33%;\n\t\t\t\t}\n\t\t\t\t#gallery-1 img {\n\t\t\t\t\tborder: 2px solid #cfcfcf;\n\t\t\t\t}\n\t\t\t\t#gallery-1 .gallery-caption {\n\t\t\t\t\tmargin-left: 0;\n\t\t\t\t}\n\t\t\t\t\/* see gallery_shortcode() in wp-includes\/media.php *\/\n\t\t\t<\/style>\n\t\t<div id='gallery-1' class='dt-gallery-container gallery galleryid-145229 gallery-columns-3 gallery-size-medium'><dl class='gallery-item'>\n\t\t\t\t<dt class='gallery-icon landscape'>\n\t\t\t\t\t<a class=\"rollover\" href='https:\/\/www.radiopiu.net\/wordpress\/domani-riapre-ponte-mas-ecco-come-si-presenta\/e4aa82bb-788d-4dec-9dd3-1b74ae5d64cc\/'><img loading=\"lazy\" decoding=\"async\" width=\"300\" height=\"225\" src=\"https:\/\/www.radiopiu.net\/wordpress\/wp-content\/uploads\/2020\/06\/e4aa82bb-788d-4dec-9dd3-1b74ae5d64cc-300x225.jpg\" class=\"attachment-medium size-medium\" alt=\"\" srcset=\"https:\/\/www.radiopiu.net\/wordpress\/wp-content\/uploads\/2020\/06\/e4aa82bb-788d-4dec-9dd3-1b74ae5d64cc-300x225.jpg 300w, https:\/\/www.radiopiu.net\/wordpress\/wp-content\/uploads\/2020\/06\/e4aa82bb-788d-4dec-9dd3-1b74ae5d64cc-1024x768.jpg 1024w, https:\/\/www.radiopiu.net\/wordpress\/wp-content\/uploads\/2020\/06\/e4aa82bb-788d-4dec-9dd3-1b74ae5d64cc-768x576.jpg 768w, https:\/\/www.radiopiu.net\/wordpress\/wp-content\/uploads\/2020\/06\/e4aa82bb-788d-4dec-9dd3-1b74ae5d64cc-1536x1152.jpg 1536w, https:\/\/www.radiopiu.net\/wordpress\/wp-content\/uploads\/2020\/06\/e4aa82bb-788d-4dec-9dd3-1b74ae5d64cc.jpg 2048w\" sizes=\"auto, (max-width: 300px) 100vw, 300px\" \/><\/a>\n\t\t\t\t<\/dt><\/dl><dl class='gallery-item'>\n\t\t\t\t<dt class='gallery-icon landscape'>\n\t\t\t\t\t<a class=\"rollover\" href='https:\/\/www.radiopiu.net\/wordpress\/domani-riapre-ponte-mas-ecco-come-si-presenta\/e3fe7b0f-3003-489a-bfea-37d7b89c9c9a\/'><img loading=\"lazy\" decoding=\"async\" width=\"300\" height=\"225\" src=\"https:\/\/www.radiopiu.net\/wordpress\/wp-content\/uploads\/2020\/06\/e3fe7b0f-3003-489a-bfea-37d7b89c9c9a-300x225.jpg\" class=\"attachment-medium size-medium\" alt=\"\" srcset=\"https:\/\/www.radiopiu.net\/wordpress\/wp-content\/uploads\/2020\/06\/e3fe7b0f-3003-489a-bfea-37d7b89c9c9a-300x225.jpg 300w, https:\/\/www.radiopiu.net\/wordpress\/wp-content\/uploads\/2020\/06\/e3fe7b0f-3003-489a-bfea-37d7b89c9c9a-768x576.jpg 768w, https:\/\/www.radiopiu.net\/wordpress\/wp-content\/uploads\/2020\/06\/e3fe7b0f-3003-489a-bfea-37d7b89c9c9a.jpg 960w\" sizes=\"auto, (max-width: 300px) 100vw, 300px\" \/><\/a>\n\t\t\t\t<\/dt><\/dl><dl class='gallery-item'>\n\t\t\t\t<dt class='gallery-icon landscape'>\n\t\t\t\t\t<a class=\"rollover\" href='https:\/\/www.radiopiu.net\/wordpress\/domani-riapre-ponte-mas-ecco-come-si-presenta\/bb6905ec-c370-423e-89ff-d618d4ee1594\/'><img loading=\"lazy\" decoding=\"async\" width=\"300\" height=\"225\" src=\"https:\/\/www.radiopiu.net\/wordpress\/wp-content\/uploads\/2020\/06\/bb6905ec-c370-423e-89ff-d618d4ee1594-300x225.jpg\" class=\"attachment-medium size-medium\" alt=\"\" srcset=\"https:\/\/www.radiopiu.net\/wordpress\/wp-content\/uploads\/2020\/06\/bb6905ec-c370-423e-89ff-d618d4ee1594-300x225.jpg 300w, https:\/\/www.radiopiu.net\/wordpress\/wp-content\/uploads\/2020\/06\/bb6905ec-c370-423e-89ff-d618d4ee1594-768x576.jpg 768w, https:\/\/www.radiopiu.net\/wordpress\/wp-content\/uploads\/2020\/06\/bb6905ec-c370-423e-89ff-d618d4ee1594.jpg 960w\" sizes=\"auto, (max-width: 300px) 100vw, 300px\" \/><\/a>\n\t\t\t\t<\/dt><\/dl><br style=\"clear: both\" \/><dl class='gallery-item'>\n\t\t\t\t<dt class='gallery-icon landscape'>\n\t\t\t\t\t<a class=\"rollover\" href='https:\/\/www.radiopiu.net\/wordpress\/semaforo-a-candaten-e-la-stanga-lordinanza-sara-rispettata-in-caso-contrario-e-previsto-il-controllo-con-i-movieri\/62b069ab-49c2-476c-8f51-ba0c99a4b7f4\/'><img loading=\"lazy\" decoding=\"async\" width=\"300\" height=\"150\" src=\"https:\/\/www.radiopiu.net\/wordpress\/wp-content\/uploads\/2020\/06\/62b069ab-49c2-476c-8f51-ba0c99a4b7f4-300x150.jpg\" class=\"attachment-medium size-medium\" alt=\"\" srcset=\"https:\/\/www.radiopiu.net\/wordpress\/wp-content\/uploads\/2020\/06\/62b069ab-49c2-476c-8f51-ba0c99a4b7f4-300x150.jpg 300w, https:\/\/www.radiopiu.net\/wordpress\/wp-content\/uploads\/2020\/06\/62b069ab-49c2-476c-8f51-ba0c99a4b7f4-1024x512.jpg 1024w, https:\/\/www.radiopiu.net\/wordpress\/wp-content\/uploads\/2020\/06\/62b069ab-49c2-476c-8f51-ba0c99a4b7f4-768x384.jpg 768w, https:\/\/www.radiopiu.net\/wordpress\/wp-content\/uploads\/2020\/06\/62b069ab-49c2-476c-8f51-ba0c99a4b7f4-1536x768.jpg 1536w, https:\/\/www.radiopiu.net\/wordpress\/wp-content\/uploads\/2020\/06\/62b069ab-49c2-476c-8f51-ba0c99a4b7f4.jpg 2048w\" sizes=\"auto, (max-width: 300px) 100vw, 300px\" \/><\/a>\n\t\t\t\t<\/dt><\/dl><dl class='gallery-item'>\n\t\t\t\t<dt class='gallery-icon landscape'>\n\t\t\t\t\t<a class=\"rollover\" href='https:\/\/www.radiopiu.net\/wordpress\/semaforo-a-candaten-e-la-stanga-lordinanza-sara-rispettata-in-caso-contrario-e-previsto-il-controllo-con-i-movieri\/1e57e97c-9617-4094-98d6-a6f3616e8e9f\/'><img loading=\"lazy\" decoding=\"async\" width=\"300\" height=\"150\" src=\"https:\/\/www.radiopiu.net\/wordpress\/wp-content\/uploads\/2020\/06\/1e57e97c-9617-4094-98d6-a6f3616e8e9f-300x150.jpg\" class=\"attachment-medium size-medium\" alt=\"\" srcset=\"https:\/\/www.radiopiu.net\/wordpress\/wp-content\/uploads\/2020\/06\/1e57e97c-9617-4094-98d6-a6f3616e8e9f-300x150.jpg 300w, https:\/\/www.radiopiu.net\/wordpress\/wp-content\/uploads\/2020\/06\/1e57e97c-9617-4094-98d6-a6f3616e8e9f-1024x512.jpg 1024w, https:\/\/www.radiopiu.net\/wordpress\/wp-content\/uploads\/2020\/06\/1e57e97c-9617-4094-98d6-a6f3616e8e9f-768x384.jpg 768w, https:\/\/www.radiopiu.net\/wordpress\/wp-content\/uploads\/2020\/06\/1e57e97c-9617-4094-98d6-a6f3616e8e9f-1536x768.jpg 1536w, https:\/\/www.radiopiu.net\/wordpress\/wp-content\/uploads\/2020\/06\/1e57e97c-9617-4094-98d6-a6f3616e8e9f.jpg 2048w\" sizes=\"auto, (max-width: 300px) 100vw, 300px\" \/><\/a>\n\t\t\t\t<\/dt><\/dl><dl class='gallery-item'>\n\t\t\t\t<dt class='gallery-icon landscape'>\n\t\t\t\t\t<a class=\"rollover\" href='https:\/\/www.radiopiu.net\/wordpress\/semaforo-a-candaten-e-la-stanga-lordinanza-sara-rispettata-in-caso-contrario-e-previsto-il-controllo-con-i-movieri\/63a5ec49-bf92-48c3-b0a3-7853a8d76912\/'><img loading=\"lazy\" decoding=\"async\" width=\"300\" height=\"150\" src=\"https:\/\/www.radiopiu.net\/wordpress\/wp-content\/uploads\/2020\/06\/63a5ec49-bf92-48c3-b0a3-7853a8d76912-300x150.jpg\" class=\"attachment-medium size-medium\" alt=\"\" srcset=\"https:\/\/www.radiopiu.net\/wordpress\/wp-content\/uploads\/2020\/06\/63a5ec49-bf92-48c3-b0a3-7853a8d76912-300x150.jpg 300w, https:\/\/www.radiopiu.net\/wordpress\/wp-content\/uploads\/2020\/06\/63a5ec49-bf92-48c3-b0a3-7853a8d76912-1024x512.jpg 1024w, https:\/\/www.radiopiu.net\/wordpress\/wp-content\/uploads\/2020\/06\/63a5ec49-bf92-48c3-b0a3-7853a8d76912-768x384.jpg 768w, https:\/\/www.radiopiu.net\/wordpress\/wp-content\/uploads\/2020\/06\/63a5ec49-bf92-48c3-b0a3-7853a8d76912-1536x768.jpg 1536w, https:\/\/www.radiopiu.net\/wordpress\/wp-content\/uploads\/2020\/06\/63a5ec49-bf92-48c3-b0a3-7853a8d76912.jpg 2048w\" sizes=\"auto, (max-width: 300px) 100vw, 300px\" \/><\/a>\n\t\t\t\t<\/dt><\/dl><br style=\"clear: both\" \/><dl class='gallery-item'>\n\t\t\t\t<dt class='gallery-icon landscape'>\n\t\t\t\t\t<a class=\"rollover\" href='https:\/\/www.radiopiu.net\/wordpress\/semaforo-a-candaten-e-la-stanga-lordinanza-sara-rispettata-in-caso-contrario-e-previsto-il-controllo-con-i-movieri\/1e0e29ed-74f2-4d2a-88dd-7f3b0596ad80\/'><img loading=\"lazy\" decoding=\"async\" width=\"300\" height=\"150\" src=\"https:\/\/www.radiopiu.net\/wordpress\/wp-content\/uploads\/2020\/06\/1e0e29ed-74f2-4d2a-88dd-7f3b0596ad80-300x150.jpg\" class=\"attachment-medium size-medium\" alt=\"\" srcset=\"https:\/\/www.radiopiu.net\/wordpress\/wp-content\/uploads\/2020\/06\/1e0e29ed-74f2-4d2a-88dd-7f3b0596ad80-300x150.jpg 300w, https:\/\/www.radiopiu.net\/wordpress\/wp-content\/uploads\/2020\/06\/1e0e29ed-74f2-4d2a-88dd-7f3b0596ad80-1024x512.jpg 1024w, https:\/\/www.radiopiu.net\/wordpress\/wp-content\/uploads\/2020\/06\/1e0e29ed-74f2-4d2a-88dd-7f3b0596ad80-768x384.jpg 768w, https:\/\/www.radiopiu.net\/wordpress\/wp-content\/uploads\/2020\/06\/1e0e29ed-74f2-4d2a-88dd-7f3b0596ad80-1536x768.jpg 1536w, https:\/\/www.radiopiu.net\/wordpress\/wp-content\/uploads\/2020\/06\/1e0e29ed-74f2-4d2a-88dd-7f3b0596ad80.jpg 2048w\" sizes=\"auto, (max-width: 300px) 100vw, 300px\" \/><\/a>\n\t\t\t\t<\/dt><\/dl><dl class='gallery-item'>\n\t\t\t\t<dt class='gallery-icon landscape'>\n\t\t\t\t\t<a class=\"rollover\" href='https:\/\/www.radiopiu.net\/wordpress\/semaforo-a-candaten-e-la-stanga-lordinanza-sara-rispettata-in-caso-contrario-e-previsto-il-controllo-con-i-movieri\/9bcadc95-060d-42dc-a38b-b0a6f7f314cf\/'><img loading=\"lazy\" decoding=\"async\" width=\"300\" height=\"150\" src=\"https:\/\/www.radiopiu.net\/wordpress\/wp-content\/uploads\/2020\/06\/9bcadc95-060d-42dc-a38b-b0a6f7f314cf-300x150.jpg\" class=\"attachment-medium size-medium\" alt=\"\" srcset=\"https:\/\/www.radiopiu.net\/wordpress\/wp-content\/uploads\/2020\/06\/9bcadc95-060d-42dc-a38b-b0a6f7f314cf-300x150.jpg 300w, https:\/\/www.radiopiu.net\/wordpress\/wp-content\/uploads\/2020\/06\/9bcadc95-060d-42dc-a38b-b0a6f7f314cf-1024x512.jpg 1024w, https:\/\/www.radiopiu.net\/wordpress\/wp-content\/uploads\/2020\/06\/9bcadc95-060d-42dc-a38b-b0a6f7f314cf-768x384.jpg 768w, https:\/\/www.radiopiu.net\/wordpress\/wp-content\/uploads\/2020\/06\/9bcadc95-060d-42dc-a38b-b0a6f7f314cf-1536x768.jpg 1536w, https:\/\/www.radiopiu.net\/wordpress\/wp-content\/uploads\/2020\/06\/9bcadc95-060d-42dc-a38b-b0a6f7f314cf.jpg 2048w\" sizes=\"auto, (max-width: 300px) 100vw, 300px\" \/><\/a>\n\t\t\t\t<\/dt><\/dl>\n\t\t\t\t<br style='clear: both' \/>\n\t\t\t<\/div>\n\n<p><strong>IL VIDEO<\/strong><\/p>\n<div style=\"width: 640px;\" class=\"wp-video\"><video class=\"wp-video-shortcode\" id=\"video-145229-1\" width=\"640\" height=\"352\" preload=\"metadata\" controls=\"controls\"><source type=\"video\/mp4\" src=\"https:\/\/www.radiopiu.net\/wordpress\/wp-content\/uploads\/2020\/06\/PONTE-MAS.mp4?_=1\" \/><a href=\"https:\/\/www.radiopiu.net\/wordpress\/wp-content\/uploads\/2020\/06\/PONTE-MAS.mp4\">https:\/\/www.radiopiu.net\/wordpress\/wp-content\/uploads\/2020\/06\/PONTE-MAS.mp4<\/a><\/video><\/div>\n<p>&nbsp;<\/p>\n<p>&nbsp;<\/p>\n<hr \/>\n<p>&nbsp;<\/p>\n<p><strong><span style=\"color: #ff0000;\">ULTIM&#8217;ORA<\/span><\/strong><\/p>\n<blockquote>\n<h3>LUXOTTICA: RIPARTE IL TURNO NOTTURNO<\/h3>\n<\/blockquote>\n<p><strong><a class=\"dt-pswp-item\" href=\"https:\/\/www.radiopiu.net\/wordpress\/wp-content\/uploads\/2019\/10\/MAGLIA-LUXOTTICA.jpeg\" data-dt-img-description=\"\" data-large_image_width=\"1024\" data-large_image_height=\"1024\"><img loading=\"lazy\" decoding=\"async\" class=\" wp-image-103580 alignleft\" src=\"https:\/\/www.radiopiu.net\/wordpress\/wp-content\/uploads\/2019\/10\/MAGLIA-LUXOTTICA-300x300.jpeg\" alt=\"\" width=\"125\" height=\"125\" srcset=\"https:\/\/www.radiopiu.net\/wordpress\/wp-content\/uploads\/2019\/10\/MAGLIA-LUXOTTICA-300x300.jpeg 300w, https:\/\/www.radiopiu.net\/wordpress\/wp-content\/uploads\/2019\/10\/MAGLIA-LUXOTTICA-150x150.jpeg 150w, https:\/\/www.radiopiu.net\/wordpress\/wp-content\/uploads\/2019\/10\/MAGLIA-LUXOTTICA-768x768.jpeg 768w, https:\/\/www.radiopiu.net\/wordpress\/wp-content\/uploads\/2019\/10\/MAGLIA-LUXOTTICA.jpeg 1024w\" sizes=\"auto, (max-width: 125px) 100vw, 125px\" \/><\/a>AGORDO <\/strong>Dirigenza Luxottica e sigle sindacali si sono incontrate per firmare un accordo che riguarda la ripresa del turno notturno. Sar\u00e0 un part-time incentivato a 37 ore. Al momento nessuna indiscrezione in pi\u00f9 ma la prossima settimana le maestranze saranno informate dall&#8217;azienda e dai sindacati con delle mini riunioni in reparto.<\/p>\n<p>&nbsp;<\/p>\n<p>&nbsp;<\/p>\n<p>&nbsp;<\/p>\n<p>&nbsp;<\/p>\n<hr \/>\n<p>&nbsp;<\/p>\n<p>&nbsp;<\/p>\n<blockquote>\n<h3>SEMAFORO A CANDATEN E LA STANGA, FINE SETTIMANA DI PASSIONE. CHI CONTROLLA GLI ADDETTI AI LAVORI CHE RISPETTINO LE ORDINANZE?<\/h3>\n<\/blockquote>\n<p><strong><a class=\"dt-pswp-item\" href=\"https:\/\/www.radiopiu.net\/wordpress\/wp-content\/uploads\/2020\/06\/581639d4-778b-4f7a-97e6-b12433e24866.jpg\" data-dt-img-description=\"\" data-large_image_width=\"2048\" data-large_image_height=\"1024\"><img loading=\"lazy\" decoding=\"async\" class=\"alignleft wp-image-145365\" src=\"https:\/\/www.radiopiu.net\/wordpress\/wp-content\/uploads\/2020\/06\/581639d4-778b-4f7a-97e6-b12433e24866-300x150.jpg\" alt=\"\" width=\"218\" height=\"109\" srcset=\"https:\/\/www.radiopiu.net\/wordpress\/wp-content\/uploads\/2020\/06\/581639d4-778b-4f7a-97e6-b12433e24866-300x150.jpg 300w, https:\/\/www.radiopiu.net\/wordpress\/wp-content\/uploads\/2020\/06\/581639d4-778b-4f7a-97e6-b12433e24866-1024x512.jpg 1024w, https:\/\/www.radiopiu.net\/wordpress\/wp-content\/uploads\/2020\/06\/581639d4-778b-4f7a-97e6-b12433e24866-768x384.jpg 768w, https:\/\/www.radiopiu.net\/wordpress\/wp-content\/uploads\/2020\/06\/581639d4-778b-4f7a-97e6-b12433e24866-1536x768.jpg 1536w, https:\/\/www.radiopiu.net\/wordpress\/wp-content\/uploads\/2020\/06\/581639d4-778b-4f7a-97e6-b12433e24866.jpg 2048w\" sizes=\"auto, (max-width: 218px) 100vw, 218px\" \/><\/a><a class=\"dt-pswp-item\" href=\"https:\/\/www.radiopiu.net\/wordpress\/wp-content\/uploads\/2020\/06\/b321ab96-526f-48f6-a948-b04c00a89c50.jpg\" data-dt-img-description=\"\" data-large_image_width=\"1024\" data-large_image_height=\"2048\"><img loading=\"lazy\" decoding=\"async\" class=\"size-medium wp-image-145367 alignright\" src=\"https:\/\/www.radiopiu.net\/wordpress\/wp-content\/uploads\/2020\/06\/b321ab96-526f-48f6-a948-b04c00a89c50-150x300.jpg\" alt=\"\" width=\"150\" height=\"300\" srcset=\"https:\/\/www.radiopiu.net\/wordpress\/wp-content\/uploads\/2020\/06\/b321ab96-526f-48f6-a948-b04c00a89c50-150x300.jpg 150w, https:\/\/www.radiopiu.net\/wordpress\/wp-content\/uploads\/2020\/06\/b321ab96-526f-48f6-a948-b04c00a89c50-512x1024.jpg 512w, https:\/\/www.radiopiu.net\/wordpress\/wp-content\/uploads\/2020\/06\/b321ab96-526f-48f6-a948-b04c00a89c50-768x1536.jpg 768w, https:\/\/www.radiopiu.net\/wordpress\/wp-content\/uploads\/2020\/06\/b321ab96-526f-48f6-a948-b04c00a89c50.jpg 1024w\" sizes=\"auto, (max-width: 150px) 100vw, 150px\" \/><\/a>SEDICO<\/strong> Dall&#8217;ordinanza di Veneto Strade leggiamo che il senso unico alternato tra Peron e Candaten rimarr\u00e0 in vigore fino al 31 luglio, ma leggiamo anche esclusi sabato e domenica. Allora perch\u00e9 stamane i semafori sono accesi e dei movieri manco l&#8217;ombra?. Perch\u00e9\u00a0 i mezzi operativi sono\u00a0 sulla strada che risulta non percorribile con i canali di scavo &#8220;aperti&#8221; su parte della carreggiata. Stessa situazione davanti alla centrale dell&#8217;Enel.\u00a0 \u00a0Se nei giorni feriali in concomitanza con gli spostamenti verso Luxottica \u00e8 previsto il servizio dei movieri, perch\u00e8 questo non accade per favorire i grandi flussi turistici\u00a0 anche nei giorni festivi e prefestivi visto che l&#8217;ordinanza non trova concretezza nelle direttive di Veneto Strade?. La questione preoccupa perch\u00e9 al sabato e alla domenica l&#8217;afflusso di turisti verso la montagna \u00e8 notevole, di conseguenza \u00e8 facile immaginare che si formeranno lunghe code al mattino verso l&#8217;Agordino e in serata nei flussi di ritorno e le telefonate alle forze dell&#8217;ordine sono assicurate. Speriamo di sbagliarci, auspichiamo cio\u00e8 che qualcuno abbia davvero pensato a far rispettare quanto previsto, semmai ad imporre il controllo con movieri (qualcuno riferisce che ci sia poca attenzione anche nel corso dei giorni feriali dove spesso chi va o ritorna dalla fabbrica \u00e8 in balia solo del semaforo) altrimenti le critiche e le polemiche non mancheranno e il gi\u00e0 bastonato turismo-covid19 non ne ha proprio bisogno<\/p>\n<p>&nbsp;<\/p>\n<p>&nbsp;<\/p>\n<hr \/>\n<p>&nbsp;<\/p>\n<p>&nbsp;<\/p>\n<p>&nbsp;<\/p>\n<blockquote>\n<h3>D&#8217;ACCORDO APRIRE LE PORTE AL TURISTA, MA UN MINIMO DI RISCONTRO E&#8217; NECESSARIO PERCHE&#8217; NON TUTTO E&#8217; DOVUTO<\/h3>\n<\/blockquote>\n<p><strong>di Mirko Mezzacasa\u00a0<\/strong><\/p>\n<p><strong><a class=\"dt-pswp-item\" href=\"https:\/\/www.radiopiu.net\/wordpress\/wp-content\/uploads\/2020\/06\/d2effaf5-5352-4816-9185-f89b9ea314a9-e1592557103293.jpg\" data-dt-img-description=\"\" data-large_image_width=\"2048\" data-large_image_height=\"1024\"><img loading=\"lazy\" decoding=\"async\" class=\"alignleft size-medium wp-image-145251\" src=\"https:\/\/www.radiopiu.net\/wordpress\/wp-content\/uploads\/2020\/06\/d2effaf5-5352-4816-9185-f89b9ea314a9-e1592557103293-300x150.jpg\" alt=\"\" width=\"300\" height=\"150\" srcset=\"https:\/\/www.radiopiu.net\/wordpress\/wp-content\/uploads\/2020\/06\/d2effaf5-5352-4816-9185-f89b9ea314a9-e1592557103293-300x150.jpg 300w, https:\/\/www.radiopiu.net\/wordpress\/wp-content\/uploads\/2020\/06\/d2effaf5-5352-4816-9185-f89b9ea314a9-e1592557103293-1024x512.jpg 1024w, https:\/\/www.radiopiu.net\/wordpress\/wp-content\/uploads\/2020\/06\/d2effaf5-5352-4816-9185-f89b9ea314a9-e1592557103293-768x384.jpg 768w, https:\/\/www.radiopiu.net\/wordpress\/wp-content\/uploads\/2020\/06\/d2effaf5-5352-4816-9185-f89b9ea314a9-e1592557103293-1536x768.jpg 1536w, https:\/\/www.radiopiu.net\/wordpress\/wp-content\/uploads\/2020\/06\/d2effaf5-5352-4816-9185-f89b9ea314a9-e1592557103293.jpg 2048w\" sizes=\"auto, (max-width: 300px) 100vw, 300px\" \/><\/a>TAIBON<\/strong> Il Parco Nazionale delle Dolomiti Bellunesi non ha avuto esitazione nell&#8217;imporre il ticket per i turisti che scelgono il refrigerio della Valle del Mis ai Cadini del Brenton, ottima scelta al pari di quella che aveva assunto il Comune di Rocca Pietore quando aveva deciso di mettere il biglietto per l&#8217;ingresso ai Serrai di Sottoguda. Il turista paga pochi euro, gli enti o i Comuni incassano del denaro che ritorna utile per le opere di manutenzione, per organizzare il servizio raccolta rifiuti, perch\u00e9\u00a0 gli incivili non mancano mai nelle nostre valli, quelli che lasciano di tutto e di pi\u00f9 e poi tocca a noi raccogliere e pagare. Non solo, nel caso dei Serrai a Sottoguda quella scelta aveva dato l&#8217;opportunit\u00e0 di assumere della gente del luogo creando quindi posti di lavoro stagionali. In molti altri Comuni tutto \u00e8 sempre gratis, quasi dovuto. La Valle di San Lucano ne \u00e8 l&#8217;esempio pi\u00f9 eclatante, da anni il turista arriva, accede ai barbecue, alla legna del bosco, alle zone pic nic, si sollazza e spesso prima di andarsene usa i boschi come gabinetto (perch\u00e9 non sono stati previsti) e lascia sacchetti di immondizie ovunque. Insufficienti i controlli visti i risultati ed a fine stagione i volontari devono darsi da fare per ripristinare i luoghi. Da tempo per\u00f2 dal Comune la promessa che questa situazione \u00e8 destinata a conoscere la parola fine. Sarebbe decisamente ora, come sarebbe altrettanto opportuno sfruttarle le occasioni che offre la nostra montagna. Forse non tutti sono a conoscenza che lo stesso Comune di Taibon risulta proprietario di una malga e un <a class=\"dt-pswp-item\" href=\"https:\/\/www.radiopiu.net\/wordpress\/wp-content\/uploads\/2020\/06\/df5c62fa-3de3-42bc-ae3b-ccbc3d5942fb-e1592557130892.jpg\" data-dt-img-description=\"\" data-large_image_width=\"2048\" data-large_image_height=\"1024\"><img loading=\"lazy\" decoding=\"async\" class=\"size-medium wp-image-145252 alignright\" src=\"https:\/\/www.radiopiu.net\/wordpress\/wp-content\/uploads\/2020\/06\/df5c62fa-3de3-42bc-ae3b-ccbc3d5942fb-e1592557130892-300x150.jpg\" alt=\"\" width=\"300\" height=\"150\" srcset=\"https:\/\/www.radiopiu.net\/wordpress\/wp-content\/uploads\/2020\/06\/df5c62fa-3de3-42bc-ae3b-ccbc3d5942fb-e1592557130892-300x150.jpg 300w, https:\/\/www.radiopiu.net\/wordpress\/wp-content\/uploads\/2020\/06\/df5c62fa-3de3-42bc-ae3b-ccbc3d5942fb-e1592557130892-1024x512.jpg 1024w, https:\/\/www.radiopiu.net\/wordpress\/wp-content\/uploads\/2020\/06\/df5c62fa-3de3-42bc-ae3b-ccbc3d5942fb-e1592557130892-768x384.jpg 768w, https:\/\/www.radiopiu.net\/wordpress\/wp-content\/uploads\/2020\/06\/df5c62fa-3de3-42bc-ae3b-ccbc3d5942fb-e1592557130892-1536x768.jpg 1536w, https:\/\/www.radiopiu.net\/wordpress\/wp-content\/uploads\/2020\/06\/df5c62fa-3de3-42bc-ae3b-ccbc3d5942fb-e1592557130892.jpg 2048w\" sizes=\"auto, (max-width: 300px) 100vw, 300px\" \/><\/a>appezzamento di terreno sulla sommit\u00e0 di Passo Valles,\u00a0 compreso un grande parcheggio (foto sopra) che tutti usano in modo gratuito. Allora anzich\u00e9 guardare sempre al ricco Trentino con invidia,\u00a0 che si colgano gli esempi perch\u00e9 spesso fanno lezione. Ad esempio, a Passo San Pellegrino la provincia autonoma di Trento per parcheggiare un&#8217;auto sul grande piazzale fa pagare una modica cifra oraria o giornaliera. Con grande afflusso di turisti a fine estate rimangono alcune decine di migliaia d&#8217;euro che entrano nelle casse del Comune, il parcheggio \u00e8 ordinato e non ci sono auto lasciate ovunque a lato strada o peggio nei prati,\u00a0 perch\u00e9 il territorio \u00e8 presidiato. A Passo Valles il grande parcheggio di propriet\u00e0 del Comune di Taibon mette in risalto auto in sosta in modo disordinato ed a fine estate l&#8217;unica cosa che rimane \u00e8 l&#8217;aria fresca che scende dal Mulaz e Caviazza. Quel denaro che il Comune non raccoglie ad ogni stagione,\u00a0 potrebbe tornare utile anche per sistemare in modo definitivo una situazione imbarazzante a Malga Valles Alto,\u00a0 di propriet\u00e0 del Comune di Taibon. Risulta incomprensibile che un ampio manufatto in legno adibito a sala da pranzo e degustazioni prodotti della casa, a fine stagione debba essere smontato per essere rimontato di nuovo a primavera comportando un serio deperimento per la struttura nel periodo invernale (foto sopra). Possibile che in dieci anni nessuno negli uffici del Palazzo abbia saputo trovare gli strumenti urbanistici ed i tempi utili per rendere la costruzione permanente anzich\u00e9 precaria\u00a0 facilitando l&#8217;attivit\u00e0 del malgaro?<\/p>\n<p>&nbsp;<\/p>\n<hr \/>\n<p>&nbsp;<\/p>\n<blockquote>\n<h3>Bim Gsp, Vignato escluso dal cda<br \/>\n\u00abTroppi incompetenti tra i sindaci\u00bb<\/h3>\n<\/blockquote>\n<p><span style=\"color: #ff0000;\"><a class=\"dt-pswp-item\" href=\"https:\/\/www.radiopiu.net\/wordpress\/wp-content\/uploads\/2015\/06\/bimgsp.jpg\" data-dt-img-description=\"\" data-large_image_width=\"300\" data-large_image_height=\"168\"><img loading=\"lazy\" decoding=\"async\" class=\"alignleft size-medium wp-image-6703\" src=\"https:\/\/www.radiopiu.net\/wordpress\/wp-content\/uploads\/2015\/06\/bimgsp-300x168.jpg\" alt=\"\" width=\"300\" height=\"168\" \/><\/a><strong>OGGI SUL CORRIERE DELLE ALPI<\/strong><\/span> <strong>di Irene Aliprandi<\/strong>\u00a0 Dal primo luglio finisce l&#8217;era di Giuseppe Vignato a capo di Bim Gsp. Dopo aver deciso di sostituire l&#8217;amministratore unico con un consiglio di amministrazione a tre, infatti, ieri i sindaci hanno presentato una lista unica dove il nome di Vignato, pur candidato, non compare. A guidare Bim Gsp nel prossimo futuro saranno Attilio Sommavilla, Lara Stefani e Andrea Menin:<\/p>\n<div class=\"articlePlainSubHead\"><strong>Bim Gsp ha chiesto di adeguare i conti per fare investimenti <\/strong><strong>I sindaci non ci stanno: \u00abCercheremo dei finanziamenti\u00bb di Alessia Forzin\u00a0 <\/strong>Servono 161 milioni\u00a0 per adeguare i depuratori, la rete fognaria, per sistemare le condotte dell&#8217;acqua e rendere il servizio sempre pi\u00f9 efficiente. Ma i sindaci non hanno intenzione di aumentare le tariffe per coprire le cifre necessarie.<\/div>\n<p>&nbsp;<\/p>\n<p>&nbsp;<\/p>\n<hr \/>\n<p>&nbsp;<\/p>\n<blockquote>\n<h2>IL RITORNO AL LAVORO DEI LICENZIATI DAI CINESI<\/h2>\n<\/blockquote>\n<p>di Moreno Gioli<\/p>\n<blockquote><audio class=\"wp-audio-shortcode\" id=\"audio-145229-1\" preload=\"none\" style=\"width: 100%;\" controls=\"controls\"><source type=\"audio\/mpeg\" src=\"https:\/\/www.radiopiu.net\/wordpress\/wp-content\/uploads\/2020\/06\/moreno.mp3?_=1\" \/><a href=\"https:\/\/www.radiopiu.net\/wordpress\/wp-content\/uploads\/2020\/06\/moreno.mp3\">https:\/\/www.radiopiu.net\/wordpress\/wp-content\/uploads\/2020\/06\/moreno.mp3<\/a><\/audio>\n<p>&nbsp;<\/p>\n<p>&nbsp;<\/p><\/blockquote>\n<p><a class=\"dt-pswp-item\" href=\"https:\/\/www.radiopiu.net\/wordpress\/wp-content\/uploads\/2020\/06\/Schermata-2020-06-19-alle-18.09.19.png\" data-dt-img-description=\"\" data-large_image_width=\"1652\" data-large_image_height=\"796\"><img loading=\"lazy\" decoding=\"async\" class=\"alignnone wp-image-145359 size-large\" src=\"https:\/\/www.radiopiu.net\/wordpress\/wp-content\/uploads\/2020\/06\/Schermata-2020-06-19-alle-18.09.19-1024x493.png\" alt=\"\" width=\"1024\" height=\"493\" srcset=\"https:\/\/www.radiopiu.net\/wordpress\/wp-content\/uploads\/2020\/06\/Schermata-2020-06-19-alle-18.09.19-1024x493.png 1024w, https:\/\/www.radiopiu.net\/wordpress\/wp-content\/uploads\/2020\/06\/Schermata-2020-06-19-alle-18.09.19-300x145.png 300w, https:\/\/www.radiopiu.net\/wordpress\/wp-content\/uploads\/2020\/06\/Schermata-2020-06-19-alle-18.09.19-768x370.png 768w, https:\/\/www.radiopiu.net\/wordpress\/wp-content\/uploads\/2020\/06\/Schermata-2020-06-19-alle-18.09.19-1536x740.png 1536w, https:\/\/www.radiopiu.net\/wordpress\/wp-content\/uploads\/2020\/06\/Schermata-2020-06-19-alle-18.09.19.png 1652w\" sizes=\"auto, (max-width: 1024px) 100vw, 1024px\" \/>\u00a0<\/a><\/p>\n<p>&nbsp;<\/p>\n<h1>DIRETTA FACEBOOK DALLA ACC DI MEL<\/h1>\n<p>&nbsp;<\/p>\n<p>https:\/\/www.facebook.com\/mirko.radiopiu\/videos\/177401447076079<\/p>\n<p>&nbsp;<\/p>\n<p>&nbsp;<\/p>\n<p>&nbsp;<\/p>\n<p>&nbsp;<\/p>\n<hr \/>\n<blockquote>\n<h3><\/h3>\n<h3><\/h3>\n<h3>RIAPERTA LA SILVO PASTORALE PER LA VALLE OMBRETTA<\/h3>\n<\/blockquote>\n<p><strong>ROCCA PIETORE<\/strong> A tempo record sono terminati i lavori della strada per la valle Ombretta. A renderlo noto il sindaco di Rocca Pietore, Andrea De Bernardin: &#8220;<em>Ringrazio anche a nome dei gestori della malga e del rifugio Falier i servizi Forestali che hanno fatto un lavoro davvero veloce ed efficace<\/em>&#8221;<\/p>\n<p><strong>IL SINDACO DI ROCCA PIETORE ANDREA DE BERNARDIN<\/strong><\/p>\n<audio class=\"wp-audio-shortcode\" id=\"audio-145229-2\" preload=\"none\" style=\"width: 100%;\" controls=\"controls\"><source type=\"audio\/mpeg\" src=\"https:\/\/www.radiopiu.net\/wordpress\/wp-content\/uploads\/2020\/06\/DE-BERNARDIN-VALLE-OMBRETTA.mp3?_=2\" \/><a href=\"https:\/\/www.radiopiu.net\/wordpress\/wp-content\/uploads\/2020\/06\/DE-BERNARDIN-VALLE-OMBRETTA.mp3\">https:\/\/www.radiopiu.net\/wordpress\/wp-content\/uploads\/2020\/06\/DE-BERNARDIN-VALLE-OMBRETTA.mp3<\/a><\/audio>\n<p>&nbsp;<\/p>\n<p><strong>LE FOTO<\/strong><\/p>\n\n\t\t\t<style type='text\/css'>\n\t\t\t\t#gallery-2 {\n\t\t\t\t\tmargin: auto;\n\t\t\t\t}\n\t\t\t\t#gallery-2 .gallery-item {\n\t\t\t\t\tfloat: left;\n\t\t\t\t\tmargin-top: 10px;\n\t\t\t\t\ttext-align: center;\n\t\t\t\t\twidth: 33%;\n\t\t\t\t}\n\t\t\t\t#gallery-2 img {\n\t\t\t\t\tborder: 2px solid #cfcfcf;\n\t\t\t\t}\n\t\t\t\t#gallery-2 .gallery-caption {\n\t\t\t\t\tmargin-left: 0;\n\t\t\t\t}\n\t\t\t\t\/* see gallery_shortcode() in wp-includes\/media.php *\/\n\t\t\t<\/style>\n\t\t<div id='gallery-2' class='dt-gallery-container gallery galleryid-145229 gallery-columns-3 gallery-size-medium'><dl class='gallery-item'>\n\t\t\t\t<dt class='gallery-icon portrait'>\n\t\t\t\t\t<a class=\"rollover\" href='https:\/\/www.radiopiu.net\/wordpress\/riaperta-la-silvo-pastorale-per-la-valle-ombretta\/5312b136-f95a-407f-9ed0-672daeee1b25\/'><img loading=\"lazy\" decoding=\"async\" width=\"169\" height=\"300\" src=\"https:\/\/www.radiopiu.net\/wordpress\/wp-content\/uploads\/2020\/06\/5312b136-f95a-407f-9ed0-672daeee1b25-169x300.jpg\" class=\"attachment-medium size-medium\" alt=\"\" srcset=\"https:\/\/www.radiopiu.net\/wordpress\/wp-content\/uploads\/2020\/06\/5312b136-f95a-407f-9ed0-672daeee1b25-169x300.jpg 169w, https:\/\/www.radiopiu.net\/wordpress\/wp-content\/uploads\/2020\/06\/5312b136-f95a-407f-9ed0-672daeee1b25-576x1024.jpg 576w, https:\/\/www.radiopiu.net\/wordpress\/wp-content\/uploads\/2020\/06\/5312b136-f95a-407f-9ed0-672daeee1b25-768x1365.jpg 768w, https:\/\/www.radiopiu.net\/wordpress\/wp-content\/uploads\/2020\/06\/5312b136-f95a-407f-9ed0-672daeee1b25-864x1536.jpg 864w, https:\/\/www.radiopiu.net\/wordpress\/wp-content\/uploads\/2020\/06\/5312b136-f95a-407f-9ed0-672daeee1b25.jpg 900w\" sizes=\"auto, (max-width: 169px) 100vw, 169px\" \/><\/a>\n\t\t\t\t<\/dt><\/dl><dl class='gallery-item'>\n\t\t\t\t<dt class='gallery-icon portrait'>\n\t\t\t\t\t<a class=\"rollover\" href='https:\/\/www.radiopiu.net\/wordpress\/riaperta-la-silvo-pastorale-per-la-valle-ombretta\/c6819beb-4ffe-41fe-a456-71784f06bdcc\/'><img loading=\"lazy\" decoding=\"async\" width=\"225\" height=\"300\" src=\"https:\/\/www.radiopiu.net\/wordpress\/wp-content\/uploads\/2020\/06\/c6819beb-4ffe-41fe-a456-71784f06bdcc-225x300.jpg\" class=\"attachment-medium size-medium\" alt=\"\" srcset=\"https:\/\/www.radiopiu.net\/wordpress\/wp-content\/uploads\/2020\/06\/c6819beb-4ffe-41fe-a456-71784f06bdcc-225x300.jpg 225w, https:\/\/www.radiopiu.net\/wordpress\/wp-content\/uploads\/2020\/06\/c6819beb-4ffe-41fe-a456-71784f06bdcc.jpg 768w\" sizes=\"auto, (max-width: 225px) 100vw, 225px\" \/><\/a>\n\t\t\t\t<\/dt><\/dl><dl class='gallery-item'>\n\t\t\t\t<dt class='gallery-icon portrait'>\n\t\t\t\t\t<a class=\"rollover\" href='https:\/\/www.radiopiu.net\/wordpress\/riaperta-la-silvo-pastorale-per-la-valle-ombretta\/93f4c785-3f9b-4585-87e4-502d90b62c85\/'><img loading=\"lazy\" decoding=\"async\" width=\"225\" height=\"300\" src=\"https:\/\/www.radiopiu.net\/wordpress\/wp-content\/uploads\/2020\/06\/93f4c785-3f9b-4585-87e4-502d90b62c85-225x300.jpg\" class=\"attachment-medium size-medium\" alt=\"\" srcset=\"https:\/\/www.radiopiu.net\/wordpress\/wp-content\/uploads\/2020\/06\/93f4c785-3f9b-4585-87e4-502d90b62c85-225x300.jpg 225w, https:\/\/www.radiopiu.net\/wordpress\/wp-content\/uploads\/2020\/06\/93f4c785-3f9b-4585-87e4-502d90b62c85.jpg 768w\" sizes=\"auto, (max-width: 225px) 100vw, 225px\" \/><\/a>\n\t\t\t\t<\/dt><\/dl><br style=\"clear: both\" \/>\n\t\t\t<\/div>\n\n<p>&nbsp;<\/p>\n<p>&nbsp;<\/p>\n<hr \/>\n<p>&nbsp;<\/p>\n<blockquote>\n<h3 class=\"entry-title\">DILLO A RADIO PIU, CONSIDERAZIONI DEL PRESIDENTE DI ARABBA FODOM TURISMO. DOLOMITIBUS, LA GRANDE DELUSIONE.<\/h3>\n<\/blockquote>\n<p><strong class=\"photoswipe-wrapper\"><img loading=\"lazy\" decoding=\"async\" class=\"alignleft size-medium wp-image-145261 jetpack-lazy-image jetpack-lazy-image--handled\" src=\"https:\/\/i0.wp.com\/www.radiopiu.net\/wordpress\/wp-content\/uploads\/2020\/06\/6da81a24-1626-40cb-8597-fd11c946778e.jpg?resize=208%2C300&amp;ssl=1\" sizes=\"auto, (max-width: 208px) 100vw, 208px\" srcset=\"https:\/\/i0.wp.com\/www.radiopiu.net\/wordpress\/wp-content\/uploads\/2020\/06\/6da81a24-1626-40cb-8597-fd11c946778e.jpg?resize=208%2C300&amp;ssl=1 208w, https:\/\/i0.wp.com\/www.radiopiu.net\/wordpress\/wp-content\/uploads\/2020\/06\/6da81a24-1626-40cb-8597-fd11c946778e.jpg?w=222&amp;ssl=1 222w\" alt=\"\" width=\"208\" height=\"300\" data-recalc-dims=\"1\" data-lazy-loaded=\"1\" \/>VENEZIA<\/strong> Da giorni in conferenza stampa a Marghera il presidente Luca Zaia chiede a gran voce che Trenitalia e il Governo con i suoi DPCM mettano la parola fine al caos trasporti tra corse dimezzate, capienza ridotta del cinquanta per cento, pendolari in protesta e gente appiedata. Nell\u2019Agordino il problema dei treni non sussiste, non c\u2019\u00e8 la linea ferrata e nemmeno le stazioni. Nell\u2019Agordino c\u2019\u00e8 la Dolomitibus con gli uffici di Agordo chiusi al pubblico e sui vetri \u2013 come segnalato l\u2019altro ieri \u2013 indicazioni errate e non aggiornate. Nel bellunese c\u2019\u00e8 la Dolomitibus che ha fatto arrabbiare sindacati ed Rsu che mercoledi scenderanno in piazza a Belluno con un flash mob come da foto copertina. Nell\u2019Alto Agordino c\u2019\u00e8 un settore turistico che prova a ripartire in una corsa ad ostacoli, uno di questi ostacoli \u00e8 il trasporto pubblico locale.<\/p>\n<p><strong>LA RIFLESSIONE DI MANUEL RONCAT, PRESIDENTE ARABBA FODOM TURISMO<\/strong><\/p>\n<blockquote><p><em><strong>LIVINALLONGO<\/strong> \u201cDal 13 giugno Arabba prova a fare partire la stagione, con la riapertura delle frontiere alberghi, servizi e appartamenti stanno riaprendo, una partenza con il freno a mano, senza nemmeno la corsa di un autobus.\u00a0 Dolomitibus riparte da e per Arabba da luglio, forse. Invece turismo e trasporto pubblico dovrebbero andare \u201ca braccetto\u201d come in un ballo. L\u00b4esempio perfetto sarebbe un tango oppure una baciata. Purtroppo quello che vediamo nella realt\u00e0 dei fatti \u00e8 un \u201clento\u201d, ballato pure male, dove il compagno di ballo ti pesta continuamente i calli\u201d<\/em><\/p>\n<p>&nbsp;<\/p><\/blockquote>\n<p>&nbsp;<\/p>\n<hr \/>\n<blockquote>\n<h2><\/h2>\n<h2>IL MODELLO AGORDO<\/h2>\n<\/blockquote>\n<p><a class=\"dt-pswp-item\" href=\"https:\/\/www.radiopiu.net\/wordpress\/wp-content\/uploads\/2020\/03\/CONSIGLIO-AGORDO.jpg\" data-dt-img-description=\"\" data-large_image_width=\"1477\" data-large_image_height=\"832\"><img loading=\"lazy\" decoding=\"async\" class=\"size-medium wp-image-122996 alignleft\" src=\"https:\/\/www.radiopiu.net\/wordpress\/wp-content\/uploads\/2020\/03\/CONSIGLIO-AGORDO-300x169.jpg\" alt=\"\" width=\"300\" height=\"169\" srcset=\"https:\/\/www.radiopiu.net\/wordpress\/wp-content\/uploads\/2020\/03\/CONSIGLIO-AGORDO-300x169.jpg 300w, https:\/\/www.radiopiu.net\/wordpress\/wp-content\/uploads\/2020\/03\/CONSIGLIO-AGORDO-1024x577.jpg 1024w, https:\/\/www.radiopiu.net\/wordpress\/wp-content\/uploads\/2020\/03\/CONSIGLIO-AGORDO-768x433.jpg 768w, https:\/\/www.radiopiu.net\/wordpress\/wp-content\/uploads\/2020\/03\/CONSIGLIO-AGORDO.jpg 1477w\" sizes=\"auto, (max-width: 300px) 100vw, 300px\" \/><\/a>di Gianni Santomaso<\/p>\n<audio class=\"wp-audio-shortcode\" id=\"audio-145229-3\" preload=\"none\" style=\"width: 100%;\" controls=\"controls\"><source type=\"audio\/mpeg\" src=\"https:\/\/www.radiopiu.net\/wordpress\/wp-content\/uploads\/2020\/06\/GIANNI-MODELLO-AGORDO.mp3?_=3\" \/><a href=\"https:\/\/www.radiopiu.net\/wordpress\/wp-content\/uploads\/2020\/06\/GIANNI-MODELLO-AGORDO.mp3\">https:\/\/www.radiopiu.net\/wordpress\/wp-content\/uploads\/2020\/06\/GIANNI-MODELLO-AGORDO.mp3<\/a><\/audio>\n<p>&nbsp;<\/p>\n<p>&nbsp;<\/p>\n<p>&nbsp;<\/p>\n<hr \/>\n<h3><\/h3>\n<h3>LA STRAGE: SUPERATI I 2000 DECESSI IN VENETO, UNA LUNGA SCIA DI MORTE IERI ALTRI 4 LUTTI. LUNEDI LA NUOVA ORDINANZA PER LE CASE DI RIPOSO. IN ARRIVO NEI COMUNI IL DENARO PER I CENTRI ESTIVI, 311 MILA EURO PER IL BELLUNESE. SITUAZIONE MIGLIORE IN FATTO INQUINAMENTO ANCHE PER LE PM10 MEGLIO CHE NEGLI ALTRI STATI DELL&#8217;EUROPA. A BELLUNO ANCORA IN AUMENTO LA POPOLAZIONE IN ISOLAMENTO DOMICILIARE +7 DOPO IL -3 DI IERI E IL +7 DI DUE GIORNI FA.<\/h3>\n<p><strong>di Mirko Mezzacasa\u00a0<\/strong><\/p>\n<p>Qualche segnale ci mette in allarme nonostante gran parte dei dati siano positivi, dopo una settimana di ulteriori allentamenti in diverse regioni sono aumentati i casi di positivit\u00e0 al covid19. L&#8217;indice Rt (di trasmissione) \u00e8 positivo ovunque ma non nel Lazio sopra il limite critico di 1 a causa di alcuni focolai che sarebbero gi\u00e0 stati circoscritti. In Lombardia ogni giorno vengono segnalati centinaia di positivi in pi\u00f9 ma anche la comunicazione \u00e8 all&#8217;acqua di rose con notifiche in ritardo su tamponi non sempre recenti. Sono diminuiti in tutta Italia i ricoveri in terapia intensiva, 161 ieri sera e anche i ricoveri nei reparti sono in calo 2.632, in Italia in 24 ore 47 decessi e 1363 guariti. In Veneto ormai superate le 2000 vittime, ieri altre 4. Il governatore Luca Zaia ha anticipato che luned\u00ec firmer\u00e0 la nuova ordinanza per le case di riposo e i centri disabili che possa permettere con maggiore facilit\u00e0 tanto l&#8217;ingresso dei nuovi ospiti nelle strutture che le visite dei parenti ai loro cari. Aumentano intanto le liste di attesa dopo i mesi di stop, rispetto allo scorso anno un pi\u00f9 50%. Quello che cala \u00e8 invece l&#8217;inquinamento, del 40% ma non scende il pm10. <em>&#8220;La riduzione del 40% sulla pianura veneta- ha detto l&#8217;assessore Gianpaolo Bottacin &#8211; \u00e8 un risultato importante, il Veneto ha meno pm10 e ossidi di azoto pro-capite rispetto alla media europea&#8221;<\/em>. A marzo valori minori di pm10 rispetto agli anni precedenti ma con una diminuzione meno marcata rispetto agli inquinanti gassosi. Il picco di massa di fine mese \u00e8 stato causato dal trasporto di masse d&#8217;aria con le polveri del deserto. Ieri \u00e8 stata data la notizia del nuovo bando per i direttori generali delle Ulss, aziende ospedaliere e Iov (12 in totale), l&#8217;avviso durer\u00e0 30 giorni poi le decisioni delle commissioni della Giunta regionale. L&#8217;assessore Manuela Lanzarin ha invece comunicato che \u00e8 stato approvato il riparto dei 150 milioni per i centri estivi, o meglio 135 per i centri estivi e 15 per le povert\u00e0 educative. Al Veneto assegnati 9,8 milioni assegnati direttamente ai 506 Comuni e saranno ripartiti in base alla popolazione 3-14 anni. I soldi saranno assegnati direttamente ai Comuni per accorciare le procedure burocratiche. <strong>I NUMERI\u00a0 IN VENETO:<\/strong>\u00a0TOTALE POSITIVI\u00a0 19235 \u00a0(+2)\u00a0 ATTUALMENTE POSITIVI 578 \u00a0(-22)\u00a0 DECESSI \u00a02001 (+4)\u00a0 NEGATIVIZZATI 16656 (+20)\u00a0 IN ISOLAMENTO 915 \u00a0(+68)\u00a0 RICOVERATI 236 (-4 \u00a031 POSITIVI,\u00a0 \u00a0205 \u00a0NEGATIVIZZATI), NEGLI OSPEDALI DI COMUNITA\u2019 RICOVERATI 33\u00a0 (-\u00a00 POSITIVI,\u00a0 27 NEGATIVIZZATI), IN TERAPIA INTENSIVA 11 (-0, 1 POSITIVI,\u00a0 10 NEGATIVIZZATI). DIMESSI 3540 (+14),<strong>I NUMERI IN PROVINCIA:<\/strong>\u00a0TOTALE CONTAGI 1183 (+0) , ATTUALMENTE POSITIVI 35 \u00a0(-3) , DECEDUTI 112 (0), NEGATIVIZZATI\u00a0 1036 (+3) ISOLAMENTO DOMICILIARE 53 \u00a0(+7) RICOVERATI IN OSPEDALE AL SAN MARTINO 1<\/p>\n<hr \/>\n<blockquote class=\"wp-embedded-content\" data-secret=\"tGRYAzCcpi\"><p><a href=\"https:\/\/www.radiopiu.net\/wordpress\/coronavirus-aggiornamento-nazionale-19-giugno\/\">CORONAVIRUS: AGGIORNAMENTO NAZIONALE 19 GIUGNO<\/a><\/p><\/blockquote>\n<p><iframe loading=\"lazy\" class=\"wp-embedded-content\" sandbox=\"allow-scripts\" security=\"restricted\" style=\"position: absolute; clip: rect(1px, 1px, 1px, 1px);\" title=\"&#8220;CORONAVIRUS: AGGIORNAMENTO NAZIONALE 19 GIUGNO&#8221; &#8212; Radio Pi\u00f9\" src=\"https:\/\/www.radiopiu.net\/wordpress\/coronavirus-aggiornamento-nazionale-19-giugno\/embed\/#?secret=tGRYAzCcpi\" data-secret=\"tGRYAzCcpi\" width=\"600\" height=\"338\" frameborder=\"0\" marginwidth=\"0\" marginheight=\"0\" scrolling=\"no\"><\/iframe><\/p>\n<p>&nbsp;<\/p>\n<hr \/>\n<p>&nbsp;<\/p>\n<blockquote class=\"wp-embedded-content\" data-secret=\"3SMCsn9Owf\"><p><a href=\"https:\/\/www.radiopiu.net\/wordpress\/azienda-zero-bollettino-delle-17-4-decessi-nelle-ultime-24-ore-68-persone-in-piu-in-isolamento-domiciliare-i-positivi-sono-22-in-meno\/\">AZIENDA ZERO BOLLETTINO DELLE 17: 4 DECESSI NELLE ULTIME 24 ORE,  68 PERSONE IN PIU&#8217; IN ISOLAMENTO DOMICILIARE, I POSITIVI SONO 22 IN MENO.<\/a><\/p><\/blockquote>\n<p><iframe loading=\"lazy\" class=\"wp-embedded-content\" sandbox=\"allow-scripts\" security=\"restricted\" style=\"position: absolute; clip: rect(1px, 1px, 1px, 1px);\" title=\"&#8220;AZIENDA ZERO BOLLETTINO DELLE 17: 4 DECESSI NELLE ULTIME 24 ORE,  68 PERSONE IN PIU&#8217; IN ISOLAMENTO DOMICILIARE, I POSITIVI SONO 22 IN MENO.&#8221; &#8212; Radio Pi\u00f9\" src=\"https:\/\/www.radiopiu.net\/wordpress\/azienda-zero-bollettino-delle-17-4-decessi-nelle-ultime-24-ore-68-persone-in-piu-in-isolamento-domiciliare-i-positivi-sono-22-in-meno\/embed\/#?secret=3SMCsn9Owf\" data-secret=\"3SMCsn9Owf\" width=\"600\" height=\"338\" frameborder=\"0\" marginwidth=\"0\" marginheight=\"0\" scrolling=\"no\"><\/iframe><\/p>\n<p>&nbsp;<\/p>\n<hr \/>\n<p>&nbsp;<\/p>\n<p>&nbsp;<\/p>\n<blockquote>\n<h3>&#8220;CASE DI RIPOSO CON LUNEDI LE NUOVE LINEE GUIDA. SUL BUR IL BANDO PER I NUOVI DIRETTORI DELLE ULSS&#8221; &#8220;A BREVE LE NOVITA&#8217; SUI TRASPORTI PRIVATI, NUOVE LINEE GUIDA IN ARRIVO&#8221; CONFERENZA STAMPA DEL PRESIDENTE DEL VENETO LUCA ZAIA 19 GIUGNO 2020<\/h3>\n<\/blockquote>\n<p>&nbsp;<\/p>\n<blockquote>\n<h2>LEGGI LA CONFERENZA STAMPA DI LUCA ZAIA<\/h2>\n<p><em>Liste di attesa, +50% rispetto allo scorso anno, 10mila telefonate al giorno al call center, facciamo il possibile ma non abbiamo la bacchetta magica, Siamo impegnati a garantire la quarantena ai turisti che d\u2019infettano in vacanza\u00a0 in Veneto, abbiamo strutture ricettive ad hoc per eventuali casi. Elezioni: che fissino questa data e l\u2019election day\u00a0 evitando sprechi, attendiamo ancora qualche ora per sapere, certo non mesi. Mi aspetterei dal Governo efficiente un decreto, gi\u00e0 oggi, che fiasi la data del voto, cosa stanno aspettando? Squadra elezioni: chi viaggia con noi deve sapere che il programma del viaggio prevede l\u2019autonomia<\/em><\/p><\/blockquote>\n<p><strong>CASE DI RIPOSO<\/strong> Non possiamo anticipare le linee guida ma entro lunedi si chiude la partite delle case di riposo e disabili con una proposta piu\u2019 agile e leggere per gli ingressi dei visitatori e presa in carico di nuovi ospiti. La macchina \u00e8 ferma da febbraio con un ritardo nelle liste di attesa di chi deve entrare nelle RSA. Parliamo di 30mila ospiti, 300 case di riposo e altri 30mila operatori. Una massa critica importante. E\u2019 stato un lavoro di tessitura tra le esigenze di famiglie, ospiti, gestioni case di riposo che non dipendono da noi e\u00a0 il tema sanitario. Si teme la partenza dei nuovi cluster. Lunedi dovremo avere il parere del comitato tecnico scientifico per poi provvedere a risolvere i problemi che molte gestioni hanno dal punto di vista procedurale.<strong> NUOVI DIRETTORI ULSS<\/strong> Da oggi \u00e8 pubblicato sul Bur il bando per i nuovi generali delle Ulss perch\u00e9 scadono. E\u2019 stata avviata la procedura per 9 Ulss 2 Aziende Ospedaliere e lo Iov. L\u2019avviso dura 30 giorni da oggi chi vuole candidarsi mandi la sua disponibilit\u00e0. <strong>INCONTRO CON I DIRETTORI<\/strong> Abbiamo chiesto flessibilit\u00e0 e comprensione per aprire le porte ai visitatori delle case di riposo. Liste di attesa: abbiamo avuto parecchi mesi di assenza delle prestazioni, ovvio che ora gli indicatori di giugno ci dicono +50% rispetto ad un anno fa. Inevitabile dopo mesi di stop. Ci sono call center da 10mila telefonate al giorno. Chiedo comprensione \u00e8 come l\u2019alluvione quando gli argini non tengono pi\u00f9. abbiamo pi\u00f9 difficolt\u00e0 a ricevere le prenotaizoni. Prossima settimana ci sar\u00e0 un punto sulla situazione. Abbiamo accumulato almeno un quarto delle prestazioni di un anno e non abbiamo la bacchetta magica. <strong>TURISMO<\/strong>Garantiamo la quarantena a chi si contagia durante le vacanze,\u00a0 abbiamo cercato e trovato strutture ricettive che si possano mettere a disposizione. <strong>OGGI PROTESTA\u00a0 A VENEZIA DEI MEDICI\u00a0<\/strong> Noi finanziamo le borse di studio per 10 milioni di euro. Ma devono essere aumentate a livello nazionale, c\u2019\u00e8 una forte richiesta di medici specializzati e molti ancora non lo sono. Il Governo dovrebbe triplicare o quadripulicare le borse di studio siamo pronti a rinunciare alla quota parte in sanit\u00e0 se fa questo, si discute tanto non si fa nulla. Noi abbiamo assunto 500 medici non specializzati. Non possiamo dire che un laureato abilitato \u00e8 un pericolo pubblico e questi medici lo dimostrano salvando la vita alle persone lo sa la signora di 39 anni alla quale un medico non specializzato ha salvato la vita.\u00a0 <strong>POLITICA ELEZIONI 20 SETTEMBRE<\/strong> Questo governo ne ha combinate di tutti i colori prima il 6 luglio, poi fine luglio, poi 6 settembre adesso un\u2019altra finestra 20 settembre 15 dicembre e se fosse il 15 dicembre sarebbe una tragedie e dobbiamo anche riaprire le scuole <strong>LA SUA PROPOSTA<\/strong> Non abbiamo via di fuga, fissata la finestra \u00e8 il 20 settembre perche\u2019 il 15 dicembre \u00e8 infrasettimanale ne\u2019 sabato ne\u2019 domenica. Attendiamo ancora qualche ora non certo mesi.<strong>VOTARE NON NELLE SCUOLE<\/strong> Sono favorevole. In tre mesi si puo\u2019 anche organizzare uscendo da questo paese ingessato-borbonico-mummificato\u00a0 e cambiando la sede dei seggi. Non giustifico il Governo un Governo efficiente cosa aspetta a scegliere la data del voto. Si possono comunicare luoghi diversi\u00a0 dei seggi ai cittadini con la collaborazione dei Comuni. <strong>NEL SONDAGGIO DI REPUBBLICA SONDAGGIO AL 56% POCO SOTTO CONTE E LA COALIZIONE DI CENTRO DESTRA NON HA TROVATO UN\u2019INTESA<\/strong>Innanzitutto ringrazio per il consenso e fiducia che condivido con la squadra politica e tecnica. Non ho ambizione di scalare il partito nazionale. L\u2019accordo non \u00e8 chiuso per colpa dell\u2019autonomia. Noi abbiamo posto la questione, non ho tempo da perdere \u00e8 fondamentale un percorso assieme perch\u00e9 abbiamo tanti nemici dell\u2019autonomia, Chi viaggia con noi deve sapere che il programma del viaggio pretende l\u2019autonomia \u00e8 un fatto di trasparenza. Non si sono certi piantati sull\u2019autonomia, discuteranno anche di questo. Non sottoscrivere il documento in linea con la costituzione \u00e8 arrampicarsi sugli specchi. Quando lo vedrete capirete, per ora ce lo abbiamo in mano solo in due. Lo conosco bene l\u2019ho scritto io. <strong>TRASPORTI<\/strong> Scritta la bozza dell\u2019ordinanza mandata nel comitato scientifico, appena ho il parere la firmo. Siamo in primi in Italia ad affrontare questo tema vediamo cosa dice il comitato poi io ci metto la firma. Se non funziona lo Stato centrale funzionano le Regioni.<\/p>\n<p>&nbsp;<\/p>\n<p>https:\/\/www.facebook.com\/zaiaufficiale\/videos\/260777888563374<\/p>\n<p>&nbsp;<\/p>\n<div class=\"fb-video fb_iframe_widget fb_iframe_widget_fluid_desktop\" data-allowfullscreen=\"true\" data-href=\"https:\/\/www.facebook.com\/zaiaufficiale\/videos\/260777888563374\"><\/div>\n<p>&nbsp;<\/p>\n<hr \/>\n<p>&nbsp;<\/p>\n<p>&nbsp;<\/p>\n<blockquote>\n<h3>L&#8217;INFLUENZA DEL COVID SULL&#8217;INQUINAMENTO ATMOSFERICO A BREVE I DATI. &#8220;SONO I COMUNI CHE EVIDENTEMENTE ATTUANO I BLOCCHI NON LA REGIONE, A NORMA DI LEGGE&#8221;<\/h3>\n<\/blockquote>\n<p><strong><a class=\"dt-pswp-item\" href=\"https:\/\/www.radiopiu.net\/wordpress\/wp-content\/uploads\/2017\/04\/resized_Siccit\u00e0_Bottacin_Pan.jpg\" data-dt-img-description=\"\" data-large_image_width=\"2080\" data-large_image_height=\"1560\"><img loading=\"lazy\" decoding=\"async\" class=\"alignleft wp-image-30834\" src=\"https:\/\/www.radiopiu.net\/wordpress\/wp-content\/uploads\/2017\/04\/resized_Siccit\u00e0_Bottacin_Pan-300x225.jpg\" alt=\"\" width=\"196\" height=\"147\" \/><\/a>VENEZIA<\/strong> Sull&#8217;argomento \u00e8 intervenuto l&#8217;assessore alla protezione civile Gianpaolo Bottacin <em>&#8220;Abbiamo avuto un calo delle pm10, ma non\u00a0 rilevante. L&#8217;inquinamento dipende dalla conformazione della Pianura Padana, e delle condizioni meteo, molto pi\u00f9 delle emissioni effettive. Il valore inquinante generale \u00e8 ancora alto, ma il trendo \u00e8 in calo da noi la media \u00e8 molto p\u00f9 bassa che nel resto dell&#8217;Europa, tuttavia abbiamo densit\u00e0 abitative molto rilevanti, la conformazione geologica e il meteo. Il lockdown da Coronavirus non ha dato gli effetti che molti speravano e ha confermato le nostre teorie&#8221;<\/em><\/p>\n<p><strong>L&#8217;ASSESSORE GIANPAOLO BOTTACIN<\/strong><\/p>\n<audio class=\"wp-audio-shortcode\" id=\"audio-145229-4\" preload=\"none\" style=\"width: 100%;\" controls=\"controls\"><source type=\"audio\/mpeg\" src=\"https:\/\/www.radiopiu.net\/wordpress\/wp-content\/uploads\/2020\/06\/BOTTACIN-1.mp3?_=4\" \/><a href=\"https:\/\/www.radiopiu.net\/wordpress\/wp-content\/uploads\/2020\/06\/BOTTACIN-1.mp3\">https:\/\/www.radiopiu.net\/wordpress\/wp-content\/uploads\/2020\/06\/BOTTACIN-1.mp3<\/a><\/audio>\n<p>All&#8217;assessore \u00e8 stato anche chiesto chi \u00e8 deputato a fare il blocco del traffico nei momenti di maggiore inquinamento. Bottacin ha ricordato che la competenza \u00e8 dei\u00a0 i Comuni, non certo le Regioni come ipotizzato o richiesto da qualcuno. Per l&#8217;assessore non \u00e8 l&#8217;unica soluzione per risolvere i problemi, ad essa altre ne vanno affiancate<\/p>\n<audio class=\"wp-audio-shortcode\" id=\"audio-145229-5\" preload=\"none\" style=\"width: 100%;\" controls=\"controls\"><source type=\"audio\/mpeg\" src=\"https:\/\/www.radiopiu.net\/wordpress\/wp-content\/uploads\/2020\/06\/BOTTACIN2.mp3?_=5\" \/><a href=\"https:\/\/www.radiopiu.net\/wordpress\/wp-content\/uploads\/2020\/06\/BOTTACIN2.mp3\">https:\/\/www.radiopiu.net\/wordpress\/wp-content\/uploads\/2020\/06\/BOTTACIN2.mp3<\/a><\/audio>\n<p>&nbsp;<\/p>\n<p>&nbsp;<\/p>\n<hr \/>\n<p>&nbsp;<\/p>\n<p>&nbsp;<\/p>\n<h2>CENTRI ESTIVI: ARRIVANO I SOLDI DAL GOVERNO ATTRAVERSO LE REGIONI E I COMUNI. IN PROVINCIA ARRIVERANNO 311 MILA EURO A 38 ENTI<\/h2>\n<p><strong>I FINANZIAMENTI IN MIGLIAIA D&#8217;EURO<\/strong>: Agordo 6,9, Alano 6,4, Alleghe 1,9, Arsi\u00e8 3,2, Auronzo 5,8, Belluno 62, Borca 1, Borgo Valbelluna 27, Canale d&#8217;Agordo 1,9, Cencenighe 1,8, Cesiomaggiore 6,4, Chies 2, Comelico 3,4, Cortina 9,5, Falcade 2,9, Feltre 37, Lamon 3,9, Limana 11,7, Livinallongo 2,5, Longarone 8,6, Lorenzago 1,1, Pedavena 7,9, Perarolo 0,7, Pieve dei Cadore 6,3, Ponte nelle Alpi 16,3, Santa Giustina 12,5, Quero 6,4,\u00a0 Rocca Pietore 1,6,\u00a0 Sedico 21,4, Selva dei Cadore 0,7, Sospirolo 5,8, Taibon 3,5, Tambre 1,9, Val di Zoldo 4,4, Vallada 0,9, Valle di Cadore 3.<\/p>\n<p>&nbsp;<\/p>\n<p><strong>INTERVENTO DELL&#8217;ASSESSORE MANUELA LANZARIN<\/strong><\/p>\n<p><a class=\"dt-pswp-item\" href=\"https:\/\/www.radiopiu.net\/wordpress\/wp-content\/uploads\/2020\/05\/LANZARIN.jpg\" data-dt-img-description=\"\" data-large_image_width=\"960\" data-large_image_height=\"720\"><img loading=\"lazy\" decoding=\"async\" class=\"alignleft size-medium wp-image-136601\" src=\"https:\/\/www.radiopiu.net\/wordpress\/wp-content\/uploads\/2020\/05\/LANZARIN-300x225.jpg\" alt=\"\" width=\"300\" height=\"225\" srcset=\"https:\/\/www.radiopiu.net\/wordpress\/wp-content\/uploads\/2020\/05\/LANZARIN-300x225.jpg 300w, https:\/\/www.radiopiu.net\/wordpress\/wp-content\/uploads\/2020\/05\/LANZARIN-768x576.jpg 768w, https:\/\/www.radiopiu.net\/wordpress\/wp-content\/uploads\/2020\/05\/LANZARIN.jpg 960w\" sizes=\"auto, (max-width: 300px) 100vw, 300px\" \/><\/a>Abbiamo pronte le linee guida per le case di riposo e sono al CTS comitato tecnico scientifico che ci risponder\u00e0 lunedi poi le denifiremo ed emaneremo. Alleggeriscono le procedure dei nuovi ingressi e anche cercano di alleggerire e semplificare le visite dei famigliari. Ci sono anche tutti i soggetti e categorie: salute mentali dipendenze, minori in comunit\u00e0, pernottamento fuori dei disabili. Ne abbiamo parlato con i direttori generali per un\u2019applicazione uniforme su tutto il territorio. Oggi siamo sotto l\u20191% e quasi a 0 con riferimento ai contagi, \u00e8 un situazione molto diversa dall\u2019allora 6% degli ospiti e 3% degli operatori. Dati buoni per ridare la normalit\u00e0 alle strutture puntando sempre sulla prevenzione. E\u2019 un pacchetto con dentro tutto l\u2019extraospedaliero. Poi c\u2019\u00e8 il personale che soffre per manza di OSS e Infermieri\u00a0 perch\u00e9 con le forti assunzioni in tempo di emergenza molti sono transitati delle strutture sanitarie a quelle ospedaliere. Abbiamo fatto il punto con i sindacati e gli addetti ai lavori per mettere in campo quando necessario per andare incontro a queste esigenze, non possiamo permetterci un vuoto a livello territoriale. Non possiamo permetterci lo svuotamento delle strutture non ospedaliere. C\u2019\u00e8 poi la sostenibilit\u00e0 economica per chi ha avuto decessi e non ha visto ingressi, stiamo provvedendo con un provvedimento per la loro sostenibilit\u00e0 a tutto tondo rispetto ai volume precedenti. CENTRI ESTIVI APPROVATO IL RIPARTO DEI 150 MILIONI, CHE SONO 135 AI CENTRI ESTIVI E 15 CON UN BANDO SPECIFICO ALLE POVERTA\u2019 EDUCATIVE. AL VENETO LA QUOTA PARTE E\u2019 DI 9,8 MILIONI DATI DIRETTAMENTE AI COMUNI. ABBIAMO GIA\u2019 MANDATO L\u2019ELENCO DEI COMUNI. HANNO RISPOSTO 506 COMUNI E NEL RIPARTO SONO TUTTI COMPRESI IN BASE ALLA POPOLAZIONE DAI 3 AI 14 ANNI. SOLDI DIRETTAMENTE AI COMUNI PER LA GESTIONE DIRETTA MA ANCHE PER IL TERZO SETTORE. LA PROCEDURA SARA\u2019 CONCORDATA CON LA CONFERENZA DELLE REGIONI ANDANDO DIRETTAMENTE AI COMUNI PER ACCORCIARE I TEMPI.<\/p>\n<audio class=\"wp-audio-shortcode\" id=\"audio-145229-6\" preload=\"none\" style=\"width: 100%;\" controls=\"controls\"><source type=\"audio\/mpeg\" src=\"https:\/\/www.radiopiu.net\/wordpress\/wp-content\/uploads\/2020\/06\/LANZARIN-CENTRI-ESTIVI.mp3?_=6\" \/><a href=\"https:\/\/www.radiopiu.net\/wordpress\/wp-content\/uploads\/2020\/06\/LANZARIN-CENTRI-ESTIVI.mp3\">https:\/\/www.radiopiu.net\/wordpress\/wp-content\/uploads\/2020\/06\/LANZARIN-CENTRI-ESTIVI.mp3<\/a><\/audio>\n<p><strong>Case di riposo<\/strong>: da lunedi le nuove linee guida per facilitare i nuovi ingressi e le visite ai parenti. Ancora l&#8217;assessore alla sanit\u00e0 Manuela Lanzarin<\/p>\n<audio class=\"wp-audio-shortcode\" id=\"audio-145229-7\" preload=\"none\" style=\"width: 100%;\" controls=\"controls\"><source type=\"audio\/mpeg\" src=\"https:\/\/www.radiopiu.net\/wordpress\/wp-content\/uploads\/2020\/06\/LANZARIN-CASE-DI-RIPOSO.mp3?_=7\" \/><a href=\"https:\/\/www.radiopiu.net\/wordpress\/wp-content\/uploads\/2020\/06\/LANZARIN-CASE-DI-RIPOSO.mp3\">https:\/\/www.radiopiu.net\/wordpress\/wp-content\/uploads\/2020\/06\/LANZARIN-CASE-DI-RIPOSO.mp3<\/a><\/audio>\n<p>&nbsp;<\/p>\n<p>&nbsp;<\/p>\n<blockquote>\n<h2>CENTRO ESTIVO IN VAL CORDEVOLE, I SINDACI VOGLIONO AIUTARE LE FAMIGLIE DOPO LE DELUSIONE DEL CONTRIBUTO GOVERNATIVO<\/h2>\n<\/blockquote>\n<p><strong>ALLEGHE<\/strong> Che i costi per iscrivere i figli ai centri estivi siano elevati \u00e8 ormai assodato. In questi giorni amministratori e famiglie i aspettavano una boccata d&#8217;ossigeno importante dai contributi statali, ma i 10 milioni destinati al Veneto, cio\u00e8 i 311 mila euro per Belluno sono davvero poca cosa, le aspettative non erano queste. Poche migliaia d&#8217;euro per Comune che non risolveranno le situazioni pi\u00f9 critiche. In proposito interviene il sindaco di Alleghe, Danilo De Toni con parole confortanti<\/p>\n<p><strong>IL SINDACO DANILO DE TONI<\/strong><\/p>\n<audio class=\"wp-audio-shortcode\" id=\"audio-145229-8\" preload=\"none\" style=\"width: 100%;\" controls=\"controls\"><source type=\"audio\/mpeg\" src=\"https:\/\/www.radiopiu.net\/wordpress\/wp-content\/uploads\/2020\/06\/DANILO.mp3?_=8\" \/><a href=\"https:\/\/www.radiopiu.net\/wordpress\/wp-content\/uploads\/2020\/06\/DANILO.mp3\">https:\/\/www.radiopiu.net\/wordpress\/wp-content\/uploads\/2020\/06\/DANILO.mp3<\/a><\/audio>\n<p>&nbsp;<\/p>\n<p>&nbsp;<\/p>\n<p>&nbsp;<\/p>\n<hr \/>\n<p>&nbsp;<\/p>\n<p>&nbsp;<\/p>\n<blockquote>\n<h3>&#8220;DE COCCIO&#8221;: NESSUNA SANZIONE NEI PRIMI 4 GIORNI DELLA SETTIMANA<\/h3>\n<\/blockquote>\n<p><strong>BELLUNO<\/strong> Continuano i controlli delle Forze dell&#8217;Ordine per il contenimento del Covid-19. Da inizio settimana sono 696 le persone controllate e nessuna infrazione \u00e8 stata rilevata. Nessuna sanzione o chiusura anche per le attivit\u00e0 commerciali. Sono 384 gli esercizi controllati finora questa settimana.<\/p>\n<p><a class=\"dt-pswp-item\" href=\"https:\/\/www.radiopiu.net\/wordpress\/wp-content\/uploads\/2020\/06\/MONITORAGGIO_SETTIMANALE_DEI_SERVIZI_DI_CONTROLLO_DEL_18.06.2020.jpg\" data-dt-img-description=\"\" data-large_image_width=\"1240\" data-large_image_height=\"1754\"><img loading=\"lazy\" decoding=\"async\" class=\"alignnone wp-image-145238 \" src=\"https:\/\/www.radiopiu.net\/wordpress\/wp-content\/uploads\/2020\/06\/MONITORAGGIO_SETTIMANALE_DEI_SERVIZI_DI_CONTROLLO_DEL_18.06.2020-724x1024.jpg\" alt=\"\" width=\"283\" height=\"400\" srcset=\"https:\/\/www.radiopiu.net\/wordpress\/wp-content\/uploads\/2020\/06\/MONITORAGGIO_SETTIMANALE_DEI_SERVIZI_DI_CONTROLLO_DEL_18.06.2020-724x1024.jpg 724w, https:\/\/www.radiopiu.net\/wordpress\/wp-content\/uploads\/2020\/06\/MONITORAGGIO_SETTIMANALE_DEI_SERVIZI_DI_CONTROLLO_DEL_18.06.2020-212x300.jpg 212w, https:\/\/www.radiopiu.net\/wordpress\/wp-content\/uploads\/2020\/06\/MONITORAGGIO_SETTIMANALE_DEI_SERVIZI_DI_CONTROLLO_DEL_18.06.2020-768x1086.jpg 768w, https:\/\/www.radiopiu.net\/wordpress\/wp-content\/uploads\/2020\/06\/MONITORAGGIO_SETTIMANALE_DEI_SERVIZI_DI_CONTROLLO_DEL_18.06.2020-1086x1536.jpg 1086w, https:\/\/www.radiopiu.net\/wordpress\/wp-content\/uploads\/2020\/06\/MONITORAGGIO_SETTIMANALE_DEI_SERVIZI_DI_CONTROLLO_DEL_18.06.2020.jpg 1240w\" sizes=\"auto, (max-width: 283px) 100vw, 283px\" \/><\/a><\/p>\n<p>&nbsp;<\/p>\n<p>&nbsp;<\/p>\n<hr \/>\n<p>&nbsp;<\/p>\n<blockquote>\n<h3>LAVORO.<span class=\"Apple-converted-space\">\u00a0 <\/span>TIMIDI I PRIMI SEGNI DI RIPRESA OCCUPAZIONALE DOPO IL LOCKDOWN<\/h3>\n<\/blockquote>\n<p><strong><a class=\"dt-pswp-item\" href=\"https:\/\/www.radiopiu.net\/wordpress\/wp-content\/uploads\/2020\/04\/DONAZZAN-1.jpg\" data-dt-img-description=\"\" data-large_image_width=\"2048\" data-large_image_height=\"2048\"><img loading=\"lazy\" decoding=\"async\" class=\"size-medium wp-image-133654 alignleft\" src=\"https:\/\/www.radiopiu.net\/wordpress\/wp-content\/uploads\/2020\/04\/DONAZZAN-1-300x300.jpg\" alt=\"\" width=\"300\" height=\"300\" srcset=\"https:\/\/www.radiopiu.net\/wordpress\/wp-content\/uploads\/2020\/04\/DONAZZAN-1-300x300.jpg 300w, https:\/\/www.radiopiu.net\/wordpress\/wp-content\/uploads\/2020\/04\/DONAZZAN-1-1024x1024.jpg 1024w, https:\/\/www.radiopiu.net\/wordpress\/wp-content\/uploads\/2020\/04\/DONAZZAN-1-150x150.jpg 150w, https:\/\/www.radiopiu.net\/wordpress\/wp-content\/uploads\/2020\/04\/DONAZZAN-1-768x768.jpg 768w, https:\/\/www.radiopiu.net\/wordpress\/wp-content\/uploads\/2020\/04\/DONAZZAN-1-1536x1536.jpg 1536w, https:\/\/www.radiopiu.net\/wordpress\/wp-content\/uploads\/2020\/04\/DONAZZAN-1.jpg 2048w\" sizes=\"auto, (max-width: 300px) 100vw, 300px\" \/><\/a>VENEZIA\u00a0<\/strong>Nel periodo compreso tra il 23 febbraio e il 14 giugno 2020, tra mancate assunzioni e rapporti di lavoro cessati, l\u2019emergenza Covid-19 ha determinato in Veneto una perdita di circa 65 mila posti di lavoro rispetto allo stesso periodo del 2019, corrispondenti al 3% dell\u2019occupazione dipendente complessiva. A partire dal 4 maggio, in corrispondenza con l\u2019allentamento delle misure di lockdown e dei vincoli alla libert\u00e0 di movimento dei singoli cittadini, si sono registrati i primi segnali incoraggianti. Il saldo occupazionale \u00e8 tornato ad essere positivo sia nel mese di maggio (+3.400) che in quello di giugno, quando ha raggiunto un valore simile a quello registrato nel 2019 (+17.600 nella prima met\u00e0 del mese contro +23.500 dello stesso periodo dell\u2019anno precedente). Da considerare che il dato \u00e8 evidentemente influenzato anche dal blocco dei licenziamenti e dall\u2019estensione della cassa integrazione, che hanno contenuto il numero delle cessazioni, riguardanti per la maggior parte contratti a tempo determinato giunti a scadenza.\u00a0\u00c8 quanto emerge dai dati aggiornati del monitoraggio dell\u2019Osservatorio Veneto Lavoro sull\u2019impatto della pandemia sul mercato del lavoro regionale.\u00a0\u201c<em>Questo piccolo recupero di contratti di lavoro \u2013 sottolinea l\u2019assessore al Lavoro, Elena Donazzan &#8211; \u00e8 strettamente legato alla fine delle misure di totale restrizione, ma non pu\u00f2 essere letto come una ripresa perch\u00e9 il crollo dei contratti, unito al blocco dei licenziamenti e al poderoso utilizzo di ammortizzatori sociali riservano ancora una incognita per i prossimi mesi. Molti lavoratori sono ancora nell\u2019incertezza del proprio posto di lavoro, o di un ammortizzatore sociale che il governo si era impegnato a pagare con celerit\u00e0 e cos\u00ec non \u00e8 stato. Le imprese sono in sofferenza di liquidit\u00e0 perch\u00e9 in molti casi hanno anticipato ai propri lavoratori la cassa integrazione, e ora sono esposte alle insicurezze legate al mercato, mentre di certo ci sono soltanto le scadenze finanziarie<\/em>\u201d.\u00a0La differenza tra il 2020 e il 2019 \u00e8 dunque largamente imputabile al crollo delle assunzioni, pi\u00f9 che dimezzate rispetto all\u2019anno precedente (-51%). Ma se nella fase pi\u00f9 acuta della crisi il calo ha toccato quote superiori al 61%, a maggio e giugno \u00e8 andato attenuandosi rispettivamente al -34% e al -31%.\u00a0Nella fase pre-coronavirus, tra il 1\u00b0 gennaio e il 22 febbraio di quest\u2019anno, l\u2019andamento del mercato del lavoro si era mantenuto positivo, anche se in progressivo rallentamento, con un saldo di 40.000 posizioni lavorative dipendenti in pi\u00f9, un risultato di poco inferiore a quello registrato l\u2019anno precedente (+45.000). La situazione \u00e8 progressivamente peggiorata nelle settimane successive a causa degli effetti generati dall\u2019epidemia, mentre a partire dall\u2019inizio di maggio la caduta occupazionale si \u00e8 pressoch\u00e9 arrestata.\u00a0Tutte le tipologie contrattuali dipendenti sono state interessate in questi mesi da una dinamica negativa: la differenza con il saldo del 2019 \u00e8 pari a -8.000 per il tempo indeterminato, -7.300 per l\u2019apprendistato, -50.000 per i contratti a termine (che includono anche i rapporti di lavoro stagionali per i quali le assunzioni sono diminuite del 52%). Tra maggio e giugno si registra per\u00f2 un recupero delle posizioni a tempo indeterminato (+4.300 a fronte dei +3.400 del 2019). Bilancio negativo anche per il lavoro intermittente (-9.200), ma con la riapertura di bar e ristoranti si registra un\u2019impennata delle assunzioni e un recupero nelle ultime due settimane di 2.600 rapporti di lavoro. Si riduce significativamente il ricorso al lavoro somministrato, che nel mese di aprile ha evidenziato un crollo delle assunzioni pari al 77% rispetto a dodici mesi prima.\u00a0Le province pi\u00f9 colpite si confermano quelle con una maggiore incidenza delle attivit\u00e0 stagionali: a Venezia si \u00e8 registrata una perdita di oltre 29.000 posti di lavoro, a Verona 17.000. Calo pi\u00f9 contenuto nelle altre province: -6.700 a Padova, -4.700 a Treviso, -4.200 a Vicenza, -1.900 a Belluno e -1.600 a Rovigo. In tutti i territori il saldo occupazionale nella prima met\u00e0 di giugno risulta positivo, sebbene su livelli inferiori rispetto al 2019.<\/p>\n<p>&nbsp;<\/p>\n<p>&nbsp;<\/p>\n<hr \/>\n<p>&nbsp;<\/p>\n<blockquote>\n<h3><b>PEDIATRI DI LIBERA SCELTA: CESSA ZOPPI, ARRIVA SNIJDERS<\/b><\/h3>\n<\/blockquote>\n<p><strong><a class=\"dt-pswp-item\" href=\"https:\/\/www.radiopiu.net\/wordpress\/wp-content\/uploads\/2020\/03\/ULSS-1-DOLOMITI-LOGO.jpg\" data-dt-img-description=\"\" data-large_image_width=\"298\" data-large_image_height=\"219\"><img loading=\"lazy\" decoding=\"async\" class=\"size-full wp-image-121256 alignleft\" src=\"https:\/\/www.radiopiu.net\/wordpress\/wp-content\/uploads\/2020\/03\/ULSS-1-DOLOMITI-LOGO.jpg\" alt=\"\" width=\"298\" height=\"219\" \/><\/a>BELLUNO\u00a0<\/strong>Dal 30 giugno 2020<b> <\/b>la dr.ssa Silvia ZOPPI,\u00a0 pediatra di libera scelta dell&#8217;ambito territoriale dei Comuni di Belluno, Limana, Ponte nelle Alpi, Soverzene, Longarone, Ospitale di Cadore, Val di Zoldo, Zopp\u00e8 di Cadore, Alpago, Chies d\u2019Alpago e Tambre, cesser\u00e0 la propria attivit\u00e0.\u00a0Dal 1\u00b0 luglio 2020 l\u2019assistenza medica gratuita sar\u00e0 temporaneamente garantita -fino ad inserimento di un nuovo pediatra a seguito delle procedure previste dalla normativa di settore- dalla dr.ssa Deborah Snijders presso gli ambulatori di Longarone, in Piazza IX Ottobre 1963 n. 6, di Forno di Zoldo, in Via Roma n. 15 e di Belluno in Via Giovanni Paolo I\u00b0 n. 41\/B.\u00a0Si informa che alla dr.ssa Deborah Snijders saranno assegnati d\u2019ufficio tutti gli assistiti della dr.ssa Zoppi.\u00a0 Pertanto non sar\u00e0 necessario che gli assistiti si rechino presso gli sportelli anagrafe di questa ULSS per effettuare la scelta di un pediatra<b>.<\/b> E\u2019 comunque fatta salva la possibilit\u00e0 di effettuare un\u2019eventuale scelta diversa tra uno dei pediatri dell\u2019ambito territoriale sopra indicato con disponibilit\u00e0 di posti con modalit\u00e0 evidenziata nella nota inviata in questi giorni ai genitori degli assistiti.<\/p>\n<p>&nbsp;<\/p>\n<p>&nbsp;<\/p>\n<p>&nbsp;<\/p>\n<p>&nbsp;<\/p>\n<hr \/>\n<p>&nbsp;<\/p>\n<p>&nbsp;<\/p>\n<blockquote>\n<h3>BANCHE, D\u2019INC\u00c0: \u201cDAL VENETO PRESENTATE CIRCA 50 MILA DOMANDE AL FIR\u201d<\/h3>\n<\/blockquote>\n<p><strong><a class=\"dt-pswp-item\" href=\"https:\/\/www.radiopiu.net\/wordpress\/wp-content\/uploads\/2020\/04\/FEDERICO-DINCA.png\" data-dt-img-description=\"\" data-large_image_width=\"1018\" data-large_image_height=\"1290\"><img loading=\"lazy\" decoding=\"async\" class=\"size-medium wp-image-132319 alignleft\" src=\"https:\/\/www.radiopiu.net\/wordpress\/wp-content\/uploads\/2020\/04\/FEDERICO-DINCA-237x300.png\" alt=\"\" width=\"237\" height=\"300\" srcset=\"https:\/\/www.radiopiu.net\/wordpress\/wp-content\/uploads\/2020\/04\/FEDERICO-DINCA-237x300.png 237w, https:\/\/www.radiopiu.net\/wordpress\/wp-content\/uploads\/2020\/04\/FEDERICO-DINCA-808x1024.png 808w, https:\/\/www.radiopiu.net\/wordpress\/wp-content\/uploads\/2020\/04\/FEDERICO-DINCA-768x973.png 768w, https:\/\/www.radiopiu.net\/wordpress\/wp-content\/uploads\/2020\/04\/FEDERICO-DINCA.png 1018w\" sizes=\"auto, (max-width: 237px) 100vw, 237px\" \/><\/a>ROMA\u00a0<\/strong>\u201c<em>Gioved\u00ec 18 giugno \u00e8 scaduto il termine per la presentazione delle pratiche al Fir, il Fondo indennizzo risparmiatori messo in atto per risarcire i cittadini truffati dalle banche. Dai primi riscontri comunicati dal Ministero dell\u2019Economia e Finanze, dal Veneto sono state presentate circa 50 mila domande a fronte di circa 144 mila su tutto il territorio nazionale. Ci sar\u00e0 una procedura veloce per potere restituire i soldi ai cittadini. Per agevolare i risparmiatori, nell\u2019ultima legge di Bilancio il Governo aveva deciso di spostare dal 18 febbraio al 18 aprile il termine per la presentazione delle domande e nella fase di emergenza legata al Covid-19, \u00e8 stato ritenuto giusto rinviare ulteriormente i termini di due mesi, fino al 18 giugno, per dare un sostegno ai territori pi\u00f9 colpiti, come il Veneto. Non solo: per le pratiche che hanno avuto una valutazione positiva si \u00e8 deciso di disporre un anticipo del 40 per cento dell\u2019importo dell\u2019indennizzo. Le pratiche, come ha sottolineato il Sottosegretario al Ministero dell\u2019Economia e Finanze Alessio Villarosa, saranno esaminate dalla Commissione tecnica che gi\u00e0 oggi ha una prima riunione. Questa battaglia \u00e8 stata voluta con forza dal Movimento 5 Stelle che si \u00e8 impegnato fin da subito per ridare giustizia alle migliaia di cittadini che hanno sub\u00ecto, ingiustamente, un danno<\/em>\u201d.\u00a0Lo comunica in una nota Federico D\u2019Inc\u00e0, Ministro per i Rapporti con il Parlamento.<\/p>\n<p>&nbsp;<\/p>\n<p>&nbsp;<\/p>\n<p>&nbsp;<\/p>\n<hr \/>\n<p>&nbsp;<\/p>\n<p>&nbsp;<\/p>\n<blockquote>\n<h3>GRUPPO PD &#8211; \u201c11 ANNI PER UN PAESAGGIO SENZA TUTELA: ARRIVA IL VUOTO DEL PRTC. BENVENUTI IN THE LAND OF VENICE\u201d<\/h3>\n<\/blockquote>\n<p><strong><a class=\"dt-pswp-item\" href=\"https:\/\/www.radiopiu.net\/wordpress\/wp-content\/uploads\/2018\/11\/PD.png\" data-dt-img-description=\"\" data-large_image_width=\"226\" data-large_image_height=\"182\"><img loading=\"lazy\" decoding=\"async\" class=\"size-full wp-image-67744 alignleft\" src=\"https:\/\/www.radiopiu.net\/wordpress\/wp-content\/uploads\/2018\/11\/PD.png\" alt=\"\" width=\"226\" height=\"182\" \/><\/a>VENEZIA<\/strong> \u201cDopo una gestazione di ben undici anni arriva in aula un piano vuoto, senza alcuna valenza paesaggistica. Un documento di intenti e nulla pi\u00f9\u201d. A denunciarlo il gruppo consiliare del Partito Democratico che oggi ha tenuto una conferenza stampa in vista della discussione nell\u2019aula di Palazzo Ferro Fini a partire da marted\u00ec prossimo.\u00a0 \u201cUn piano semplicemente inconcludente &#8211; il giudizio secco del\u00a0capogruppo\u00a0Stefano Fracasso\u00a0&#8211; L\u2019iter \u00e8 iniziato nel 2009, con numerose rivisitazioni, aggiunte e modifiche a fronte di oltre 24mila osservazioni ed \u00e8 costato alla collettivit\u00e0 quasi cinque milioni. Era lecito aspettarsi qualcosa di meglio. Non si tutela il paesaggio, non si danno indicazioni chiare ai Comuni e si consente ai grandi consumatori di suolo di proseguire la loro attivit\u00e0. La scommessa del \u2018Land of Venice\u2019 che valorizzasse il territorio veneto di cui ci vantiamo, dalle colline alle valli passando per gli altipiani, \u00e8 svanita. Cos\u00ec non va, lo ripeteremo chiaramente in aula dove cercheremo di rimediare a queste storture\u201d.<\/p>\n<p>&nbsp;<\/p>\n<p>&nbsp;<\/p>\n<p>&nbsp;<\/p>\n<p>&nbsp;<\/p>\n<hr \/>\n<p>&nbsp;<\/p>\n<p>&nbsp;<\/p>\n<blockquote>\n<h3>BOND (FI): MINISTRO BELLANOVA RIFERISCA SU SANATORIA, STRUMENTO COSTOSO E INEFFICACE<\/h3>\n<\/blockquote>\n<p><strong><a class=\"dt-pswp-item\" href=\"https:\/\/www.radiopiu.net\/wordpress\/wp-content\/uploads\/2019\/07\/Dario-Bond.jpg\" data-dt-img-description=\"\" data-large_image_width=\"2449\" data-large_image_height=\"1633\"><img loading=\"lazy\" decoding=\"async\" class=\"size-medium wp-image-93051 alignleft\" src=\"https:\/\/www.radiopiu.net\/wordpress\/wp-content\/uploads\/2019\/07\/Dario-Bond-300x200.jpg\" alt=\"\" width=\"300\" height=\"200\" srcset=\"https:\/\/www.radiopiu.net\/wordpress\/wp-content\/uploads\/2019\/07\/Dario-Bond-300x200.jpg 300w, https:\/\/www.radiopiu.net\/wordpress\/wp-content\/uploads\/2019\/07\/Dario-Bond-768x512.jpg 768w, https:\/\/www.radiopiu.net\/wordpress\/wp-content\/uploads\/2019\/07\/Dario-Bond-1024x683.jpg 1024w\" sizes=\"auto, (max-width: 300px) 100vw, 300px\" \/><\/a>ROMA\u00a0<\/strong>\u201c<em>La sanatoria si profila come un grande flop, tanto per la farraginosit\u00e0 burocratica di applicazione quanto in termini di scarsit\u00e0 di domande ad oggi pervenute<\/em>\u201d dichiara Dario Bond, deputato di Forza Italia. \u201c<em>Dal 1 giugno \u2013 spiega Bond -sono state circa 32.000 le domande complessivamente presentate. Di queste, come leggiamo direttamente dal sito del Viminale, sulle 23mila gi\u00e0 perfezionate e oltre 7mila in lavorazione, la stragrande maggioranza di domande non riguarda affatto il settore agricolo, che era tanto a cuore del ministro Bellanova. Il 91% delle domande perfezionate e il 76% di quelle in lavorazione sono infatti relative al Lavoro domestico e di assistenza alla persona<\/em>\u201d. \u201c<em>Una sanatoria, in sostanza \u2013 sottolinea il deputato azzurro &#8211; conquistata \u2018a lacrime e sangue\u2019 dal ministro dell\u2019Agricoltura per favorire il lavoro nei campi di braccianti e migranti che, per\u00f2, \u00e8 andata a beneficio quasi esclusivo di colf e badanti. Un palese fallimento, costoso e inefficace, a differenza dello strumento dei voucher proposto da noi di Forza Italia e dalla Commissione europea \u00a0nelle scorse settimane con il quale, grazie alla modifica del Feasr, \u00e8 possibile estendere i fondi eccezionali e temporanei a sostegno delle piccole imprese e degli agricoltori che ne hanno bisogno urgente post emergenza Covid\u201d. \u201cChiediamo \u2013 conclude Bond &#8211; che il ministro Bellanova venga a riferire in Parlamento. L\u2019Italia ha bisogno pi\u00f9 che mai di\u00a0 scelte sensate, di velocit\u00e0, flessibilit\u00e0 e concretezza. Di lacrime ne ha versate gi\u00e0 abbastanza<\/em>\u201d.<\/p>\n<p><strong>IL DEPUTATO DI FORZA ITALIA DARIO BOND<\/strong><\/p>\n<audio class=\"wp-audio-shortcode\" id=\"audio-145229-9\" preload=\"none\" style=\"width: 100%;\" controls=\"controls\"><source type=\"audio\/mpeg\" src=\"https:\/\/www.radiopiu.net\/wordpress\/wp-content\/uploads\/2020\/06\/BOND-SANATORIA.mp3?_=9\" \/><a href=\"https:\/\/www.radiopiu.net\/wordpress\/wp-content\/uploads\/2020\/06\/BOND-SANATORIA.mp3\">https:\/\/www.radiopiu.net\/wordpress\/wp-content\/uploads\/2020\/06\/BOND-SANATORIA.mp3<\/a><\/audio>\n<p>&nbsp;<\/p>\n<p>&nbsp;<\/p>\n<hr \/>\n<p>&nbsp;<\/p>\n<blockquote>\n<h3>LE STARTUP ITALIANE DELL\u2019INDUSTRIA 4.0 SI PRESENTANO AGLI IMPRENDITORI BELLUNESI<\/h3>\n<\/blockquote>\n<p><strong><a class=\"dt-pswp-item\" href=\"https:\/\/www.radiopiu.net\/wordpress\/wp-content\/uploads\/2015\/10\/Confindustria_BL.gif\" data-dt-img-description=\"\" data-large_image_width=\"793\" data-large_image_height=\"211\"><img loading=\"lazy\" decoding=\"async\" class=\"size-medium wp-image-12471 alignleft\" src=\"https:\/\/www.radiopiu.net\/wordpress\/wp-content\/uploads\/2015\/10\/Confindustria_BL-300x80.gif\" alt=\"\" width=\"300\" height=\"80\" \/><\/a>BELLUNO\u00a0<\/strong>Non si ferma l\u2019Industrio Radar, l\u2019iniziativa di collaborazione tra Confindustria Belluno Dolomiti e l\u2019investitore e acceleratore di startup hardware Industrio Ventures, avente sede in Trentino-Alto Adige e attivo in tutto il Nordest. Luned\u00ec 22 giugno, dalle ore 16 alle ore 18, si terr\u00e0 online l\u2019Industrio Coffee &amp; Pitch Tecnologie per l\u2019Industria 4.0 Belluno-Dolomiti.<span class=\"Apple-converted-space\">\u00a0<\/span>Organizzato da Industrio Ventures con Confindustria Belluno Dolomiti e con Reviviscar, sponsorizzato da Unicredit, l\u2019appuntamento consentir\u00e0 ad alcune delle startup pi\u00f9 dinamiche e interessanti d\u2019Italia attive nell\u2019ambito dell\u2019Industria 4.0 di farsi conoscere dagli imprenditori e dagli investitori innovativi del bellunese. Gli startupper presenteranno le loro giovanissime aziende e i loro progetti (\u201cfaranno un pitch\u201d, nel gergo startupper) a una platea d\u2019eccellenza del manifatturiero bellunese, ricevendo utili stimoli e preziosi consigli da parte di chi \u201cce l\u2019ha gi\u00e0 fatta\u201d.\u00a0\u00ab<em>Con questa iniziativa \u2013 spiega Andrea Ferrazzi, direttore di Confindustria Belluno Dolomiti &#8211; si rafforza la collaborazione con Industrio di Trento, sempre nell\u2019ottica della creazione sul territorio bellunese di un ecosistema dell\u2019innovazione, in particolare favorendo lo sviluppo delle competenze e la contaminazione tre imprese e start up<\/em>\u00bb.<\/p>\n<p>&nbsp;<\/p>\n<p>&nbsp;<\/p>\n<hr \/>\n<p>&nbsp;<\/p>\n<p>&nbsp;<\/p>\n<blockquote>\n<h3>SOPRALLUOGO SUL CANTIERE DI CANCIA: ENTRO MET\u00c0 AGOSTO LA POSA DEFINITIVA DELLA BRIGLIA<\/h3>\n<\/blockquote>\n<p><strong>BELLUNO\u00a0<\/strong>Proseguono a ritmo serrato i lavori di mitigazione del rischio geologico sulla frana di Cancia (Borca di Cadore). Entro la met\u00e0 di agosto, meteo permettendo, sar\u00e0 installata anche la parte principale della briglia di tecnologia giapponese \u201cSabo Dam\u201d, che costituisce la parte principale del cantiere lungo le pendici dell\u2019Antelao. Dopodich\u00e9 mancheranno solo alcuni dettagli. Il cronoprogramma e l\u2019avanzamento del cantiere sono stati analizzati stamattina nel corso di una riunione (con sopralluogo) da parte dei tecnici della Difesa del Suolo con maestranze e collaudatori.\u00a0Nel frattempo, nelle ultime settimane sono state gettate le platee della briglia e del dissipatore, opera che avr\u00e0 il compito di rallentare la velocit\u00e0 di caduta della parte liquida delle colate, per evitare cos\u00ec l\u2019attivit\u00e0 di erosione provocata dalle precipitazioni e dai temporali.<\/p>\n<p><b>MASSIMO BORTOLUZZI, CONSIGLIERE PROVINCIALE<\/b><\/p>\n<audio class=\"wp-audio-shortcode\" id=\"audio-145229-10\" preload=\"none\" style=\"width: 100%;\" controls=\"controls\"><source type=\"audio\/mpeg\" src=\"https:\/\/www.radiopiu.net\/wordpress\/wp-content\/uploads\/2020\/06\/BORTOLUZZI-CANCIA.mp3?_=10\" \/><a href=\"https:\/\/www.radiopiu.net\/wordpress\/wp-content\/uploads\/2020\/06\/BORTOLUZZI-CANCIA.mp3\">https:\/\/www.radiopiu.net\/wordpress\/wp-content\/uploads\/2020\/06\/BORTOLUZZI-CANCIA.mp3<\/a><\/audio>\n<p>&nbsp;<\/p>\n<p><strong>LE FOTO DAL CANTIERE<\/strong><\/p>\n\n\t\t\t<style type='text\/css'>\n\t\t\t\t#gallery-3 {\n\t\t\t\t\tmargin: auto;\n\t\t\t\t}\n\t\t\t\t#gallery-3 .gallery-item {\n\t\t\t\t\tfloat: left;\n\t\t\t\t\tmargin-top: 10px;\n\t\t\t\t\ttext-align: center;\n\t\t\t\t\twidth: 25%;\n\t\t\t\t}\n\t\t\t\t#gallery-3 img {\n\t\t\t\t\tborder: 2px solid #cfcfcf;\n\t\t\t\t}\n\t\t\t\t#gallery-3 .gallery-caption {\n\t\t\t\t\tmargin-left: 0;\n\t\t\t\t}\n\t\t\t\t\/* see gallery_shortcode() in wp-includes\/media.php *\/\n\t\t\t<\/style>\n\t\t<div id='gallery-3' class='dt-gallery-container gallery galleryid-145229 gallery-columns-4 gallery-size-thumbnail'><dl class='gallery-item'>\n\t\t\t\t<dt class='gallery-icon landscape'>\n\t\t\t\t\t<a class=\"rollover\" href='https:\/\/www.radiopiu.net\/wordpress\/giornale-radiopiu-20-giugno-2020-direttore-mirko-mezzacasa\/photo-2020-06-19-14-50-52\/'><img loading=\"lazy\" decoding=\"async\" width=\"150\" height=\"150\" src=\"https:\/\/www.radiopiu.net\/wordpress\/wp-content\/uploads\/2020\/06\/PHOTO-2020-06-19-14-50-52-150x150.jpg\" class=\"attachment-thumbnail size-thumbnail\" alt=\"\" \/><\/a>\n\t\t\t\t<\/dt><\/dl><dl class='gallery-item'>\n\t\t\t\t<dt class='gallery-icon landscape'>\n\t\t\t\t\t<a class=\"rollover\" href='https:\/\/www.radiopiu.net\/wordpress\/giornale-radiopiu-20-giugno-2020-direttore-mirko-mezzacasa\/photo-2020-06-19-14-50-53\/'><img loading=\"lazy\" decoding=\"async\" width=\"150\" height=\"150\" src=\"https:\/\/www.radiopiu.net\/wordpress\/wp-content\/uploads\/2020\/06\/PHOTO-2020-06-19-14-50-53-150x150.jpg\" class=\"attachment-thumbnail size-thumbnail\" alt=\"\" \/><\/a>\n\t\t\t\t<\/dt><\/dl><dl class='gallery-item'>\n\t\t\t\t<dt class='gallery-icon landscape'>\n\t\t\t\t\t<a class=\"rollover\" href='https:\/\/www.radiopiu.net\/wordpress\/giornale-radiopiu-20-giugno-2020-direttore-mirko-mezzacasa\/photo-2020-06-19-14-50-522\/'><img loading=\"lazy\" decoding=\"async\" width=\"150\" height=\"150\" src=\"https:\/\/www.radiopiu.net\/wordpress\/wp-content\/uploads\/2020\/06\/PHOTO-2020-06-19-14-50-522-150x150.jpg\" class=\"attachment-thumbnail size-thumbnail\" alt=\"\" \/><\/a>\n\t\t\t\t<\/dt><\/dl><dl class='gallery-item'>\n\t\t\t\t<dt class='gallery-icon landscape'>\n\t\t\t\t\t<a class=\"rollover\" href='https:\/\/www.radiopiu.net\/wordpress\/giornale-radiopiu-20-giugno-2020-direttore-mirko-mezzacasa\/photo-2020-06-19-14-50-5222\/'><img loading=\"lazy\" decoding=\"async\" width=\"150\" height=\"150\" src=\"https:\/\/www.radiopiu.net\/wordpress\/wp-content\/uploads\/2020\/06\/PHOTO-2020-06-19-14-50-5222-150x150.jpg\" class=\"attachment-thumbnail size-thumbnail\" alt=\"\" \/><\/a>\n\t\t\t\t<\/dt><\/dl><br style=\"clear: both\" \/><dl class='gallery-item'>\n\t\t\t\t<dt class='gallery-icon landscape'>\n\t\t\t\t\t<a class=\"rollover\" href='https:\/\/www.radiopiu.net\/wordpress\/giornale-radiopiu-20-giugno-2020-direttore-mirko-mezzacasa\/photo-2020-06-19-14-52-28\/'><img loading=\"lazy\" decoding=\"async\" width=\"150\" height=\"150\" src=\"https:\/\/www.radiopiu.net\/wordpress\/wp-content\/uploads\/2020\/06\/PHOTO-2020-06-19-14-52-28-150x150.jpg\" class=\"attachment-thumbnail size-thumbnail\" alt=\"\" \/><\/a>\n\t\t\t\t<\/dt><\/dl><dl class='gallery-item'>\n\t\t\t\t<dt class='gallery-icon landscape'>\n\t\t\t\t\t<a class=\"rollover\" href='https:\/\/www.radiopiu.net\/wordpress\/giornale-radiopiu-20-giugno-2020-direttore-mirko-mezzacasa\/photo-2020-06-19-14-52-29\/'><img loading=\"lazy\" decoding=\"async\" width=\"150\" height=\"150\" src=\"https:\/\/www.radiopiu.net\/wordpress\/wp-content\/uploads\/2020\/06\/PHOTO-2020-06-19-14-52-29-150x150.jpg\" class=\"attachment-thumbnail size-thumbnail\" alt=\"\" \/><\/a>\n\t\t\t\t<\/dt><\/dl><dl class='gallery-item'>\n\t\t\t\t<dt class='gallery-icon landscape'>\n\t\t\t\t\t<a class=\"rollover\" href='https:\/\/www.radiopiu.net\/wordpress\/giornale-radiopiu-20-giugno-2020-direttore-mirko-mezzacasa\/photo-2020-06-19-14-52-288\/'><img loading=\"lazy\" decoding=\"async\" width=\"150\" height=\"150\" src=\"https:\/\/www.radiopiu.net\/wordpress\/wp-content\/uploads\/2020\/06\/PHOTO-2020-06-19-14-52-288-150x150.jpg\" class=\"attachment-thumbnail size-thumbnail\" alt=\"\" \/><\/a>\n\t\t\t\t<\/dt><\/dl><dl class='gallery-item'>\n\t\t\t\t<dt class='gallery-icon landscape'>\n\t\t\t\t\t<a class=\"rollover\" href='https:\/\/www.radiopiu.net\/wordpress\/giornale-radiopiu-20-giugno-2020-direttore-mirko-mezzacasa\/photo-2020-06-19-14-52-299\/'><img loading=\"lazy\" decoding=\"async\" width=\"150\" height=\"150\" src=\"https:\/\/www.radiopiu.net\/wordpress\/wp-content\/uploads\/2020\/06\/PHOTO-2020-06-19-14-52-299-150x150.jpg\" class=\"attachment-thumbnail size-thumbnail\" alt=\"\" \/><\/a>\n\t\t\t\t<\/dt><\/dl><br style=\"clear: both\" \/>\n\t\t\t<\/div>\n\n<p>&nbsp;<\/p>\n<p>&nbsp;<\/p>\n<hr \/>\n<p>&nbsp;<\/p>\n<p>&nbsp;<\/p>\n<blockquote>\n<h3>RIAPERTURA DEI SERVIZI PER L\u2019INFANZIA: LA PROVINCIA DISTRIBUISCE LE MASCHERINE PER GLI OPERATORI<\/h3>\n<\/blockquote>\n<p><strong><a class=\"dt-pswp-item\" href=\"https:\/\/www.radiopiu.net\/wordpress\/wp-content\/uploads\/2016\/05\/Poesie-bambini-estate-vacanze.jpg\" data-dt-img-description=\"\" data-large_image_width=\"588\" data-large_image_height=\"400\"><img loading=\"lazy\" decoding=\"async\" class=\"size-medium wp-image-19196 alignleft\" src=\"https:\/\/www.radiopiu.net\/wordpress\/wp-content\/uploads\/2016\/05\/Poesie-bambini-estate-vacanze-300x204.jpg\" alt=\"\" width=\"300\" height=\"204\" \/><\/a>BELLUNO<\/strong> La Provincia di Belluno assicura il suo contributo alla riapertura dei servizi educativi per l\u2019infanzia: dopo le case di riposo, arrivano le mascherine anche negli asili nido. Infatti, da luned\u00ec prossimo (22 giugno) potranno riprendere l\u2019attivit\u00e0 le strutture 0-3 anni e i nido. Ovviamente in tutta sicurezza, e nel pieno rispetto delle misure anti-Covid, anche grazie all\u2019apporto della Protezione Civile provinciale.\u00a0Le settimane immediatamente precedenti la riapertura sono state condizionate dalla necessit\u00e0 di garantire tutte le misure di sicurezza. Allo sforzo di mettere insieme le linee guida per la riattivazione dei servizi e di dotare le strutture di tutto il necessario per ripartire si sono sommate le difficolt\u00e0 di reperire le mascherine. \u00ab<em>In un contesto complesso, grazie alla brillante idea di Maria Teresa De Bortoli, gi\u00e0 sindaco di Pedavena, e alla collaborazione con l\u2019Ulss 1 Dolomiti, abbiamo deciso di intervenire direttamente &#8211; spiega il presidente della Provincia, Roberto Padrin -. Sono state acquistate e consegnate diverse mascherine di tipo chirurgico, che serviranno agli operatori e agli educatori degli asili nido<\/em>\u00bb.\u00a0La consegna \u00e8 gi\u00e0 stata fatta. Negli ultimi giorni la Protezione Civile provinciale ha distribuito le mascherine in tutti i servizi per l\u2019infanzia, sia in quelli comunali sia nei \u201cnido in famiglia\u201d. In totale, sono stati consegnati pacchi da 50 e 100 dpi nelle oltre 40 strutture presenti in provincia.\u00a0\u00ab<em>Come per le case di riposo, due mesi fa, abbiamo pensato di rendere utile l\u2019apporto della Provincia anche per un\u2019altra fascia debole della popolazione &#8211; conclude il presidente Padrin -. Il ritorno alla normalit\u00e0 passa anche dalla riapertura degli asili nido, che rappresentano un servizio indispensabile per le famiglie, tanto pi\u00f9 per quelle in cui entrambi i genitori lavorano. Ringrazio i volontari di Protezione Civile che ancora una volta hanno messo il loro tempo a disposizione della collettivit\u00e0<\/em>\u00bb.<\/p>\n<p>&nbsp;<\/p>\n<p>&nbsp;<\/p>\n<hr \/>\n<p>&nbsp;<\/p>\n<blockquote>\n<h3 class=\"entry-title\">GSP ULTIME NOTIZIE: MARTEDI INTERRUZIONE DEL SERVIZIO A ROCCA PIETORE E TAIBON, A LIVINALLONGO ACQUA INQUINATA<\/h3>\n<\/blockquote>\n<p><strong class=\"photoswipe-wrapper\"><img loading=\"lazy\" decoding=\"async\" class=\"alignleft wp-image-14375 jetpack-lazy-image jetpack-lazy-image--handled\" src=\"https:\/\/i1.wp.com\/www.radiopiu.net\/wordpress\/wp-content\/uploads\/2015\/12\/acqua-pubblica_74691.jpg?resize=172%2C86&amp;ssl=1\" sizes=\"auto, (max-width: 172px) 100vw, 172px\" srcset=\"https:\/\/i1.wp.com\/www.radiopiu.net\/wordpress\/wp-content\/uploads\/2015\/12\/acqua-pubblica_74691.jpg?resize=300%2C150&amp;ssl=1 300w, https:\/\/i1.wp.com\/www.radiopiu.net\/wordpress\/wp-content\/uploads\/2015\/12\/acqua-pubblica_74691.jpg?w=600&amp;ssl=1 600w\" alt=\"\" width=\"172\" height=\"86\" data-recalc-dims=\"1\" data-lazy-loaded=\"1\" \/>ROCCA PIETORE<\/strong> Per lavori alla rete idrica comunale, martedi dalle 8 a fine lavori, verr\u00e0 sospesa l\u2019erogazione dell\u2019acqua a Rocca Pietore in localit\u00e0 Saviner di Laste. Mercoledi dalle 8 sospensione del servizio idrico nelle localit\u00e0 Capoluogo, Sottoguda, Palue, Boscoverde, Col di Rocca, Soraru\u2019, Pezze, Condio.<\/p>\n<p><strong>TAIBON<\/strong> Martedi dalle 8 a fine lavori sospensione dell\u2019erogazione d\u2019acqua per lavori anche a Taibon in frazione Villanova, Taibon centro, nelle piazze Vecchia e della Chiesa nonch\u00e9 nelle vie Dante Alighieri, San Lucano, Riva Granda e Caravaggio.<\/p>\n<p><strong>LIVINALLONGO<\/strong> Acqua inquinata a Livinallongo in localit\u00e0 Larzonei, Salesei, Salesei di sopra e di sotto, Pian di Salesei, Sottocrepa e Foppa. Si puo\u2019 usare per scopi alimentare solo previa bollitura<\/p>\n<p>&nbsp;<\/p>\n<p>&nbsp;<\/p>\n<hr \/>\n<p>&nbsp;<\/p>\n<blockquote>\n<h3>VIVAIO DOLOMITI PARLA DEI LAVORI DI INTERRAMENTO DELLA LINEA ELETTRICA<\/h3>\n<\/blockquote>\n<p><strong><a class=\"dt-pswp-item\" href=\"https:\/\/www.radiopiu.net\/wordpress\/wp-content\/uploads\/2018\/07\/VIVAIO-DOLOMITI.jpg\" data-dt-img-description=\"\" data-large_image_width=\"247\" data-large_image_height=\"204\"><img loading=\"lazy\" decoding=\"async\" class=\"size-full wp-image-53894 alignleft\" src=\"https:\/\/www.radiopiu.net\/wordpress\/wp-content\/uploads\/2018\/07\/VIVAIO-DOLOMITI.jpg\" alt=\"\" width=\"247\" height=\"204\" \/><\/a>BELLUNO <\/strong>L&#8217;associazione Vivaio Dolomiti parla dei lavori di interramento della linea elettrica.\u00a0Due buoni interventi di Terna in Veneto. L&#8217;impossibile diventa realt\u00e0, con l&#8217;interramento delle reti elettriche in Riviera del Brenta (dove sindaci e cittadini hanno combattuto a lungo per evitare che i tralicci devastassero il territorio, anche nelle aule di Tribunale) e anche fra Somprade e Cortina. &#8220;<em>Ora aspettiamo il promesso tavolo regionale con i territori per quanto riguarda la razionalizzazione nella media valle del Piave e la stazione di Volpago. Siamo fiduciosi che si seguir\u00e0 l&#8217;interramento lungo l&#8217;asse dell&#8217;A27, come pi\u00f9 volte richiesto, altrimenti ci sarebbe un Veneto di serie A e uno di serie B. Vivaio Dolomiti rimane sempre disponibile al dialogo e al confronto in modo propositivo, ma rimaniamo fermi e pronti a ogni forma di ricorso possibile se il progetto rimarr\u00e0 quello autorizzato dal governo Gentiloni. Non essendo noi un soggetto politico, disponibilit\u00e0 non significa che ci faremo mettere i piedi in testa. Vigili e determinati come il primo giorno, non molleremo di un solo centimetro<\/em>.&#8221;<\/p>\n<p>&nbsp;<\/p>\n<p>&nbsp;<\/p>\n<hr \/>\n<p>&nbsp;<\/p>\n<p>&nbsp;<\/p>\n<h2>SICURI SUL SENTIERO, OGGI DALLE DOLOMITI EVENTO ONLINE PER LA SICUREZZA IN MONTAGNA<\/h2>\n<p><strong><img loading=\"lazy\" decoding=\"async\" class=\"alignleft\" src=\"https:\/\/www.radiopiu.net\/wordpress\/wp-content\/uploads\/2018\/08\/soccorsoalpino-300x300.jpg\" width=\"170\" height=\"170\" \/>BELLUNO<\/strong>\u00a0 Appassionati e frequentatori della montagna, alle 21, tenetevi liberi! Occhi puntati sull\u2019iniziativa \u201cSicuri sul Sentiero\u201d, quest\u2019anno organizzata completamente online. Una diretta Facebook, dal rifugio Scoiattoli di Cortina d\u2019Ampezzo, durante la quale verranno proposti consigli, suggerimenti e novit\u00e0 per affrontare in sicurezza la stagione estiva, ormai iniziata. Con alcune sorprese. L\u2019evento fa parte del progetto \u201cSicuri in Montagna\u201d, che quest\u2019anno festeggia i 20 anni dalla fondazione: \u00e8 organizzato dalla Direzione Nazionale del Corpo Nazionale Soccorso Alpino e Speleologico, con il Club Alpino Italiano e la media partnership di TPI \u2013 The Post Internazionale. Alle 21.00 inizier\u00e0 una diretta Facebook sulla pagina ufficiale del Corpo Nazionale Soccorso Alpino e Speleologico e sulla pagina di TPI \u2013 The Post Internazionale: il collegamento sar\u00e0 dal Rifugio Scoiattoli, sopra Cortina d\u2019Ampezzo, proprio di fronte alle Cinque Torri, uno degli spettacoli pi\u00f9 entusiasmanti delle Dolomiti. Tanti gli ospiti: istruttori del Soccorso Alpino e Speleologico, personalit\u00e0 della montagna, testimoni diretti di salvataggi particolarmente complessi e i piloti dell\u2019Aiut Alpin Dolomites, i \u201cmitici\u201d fratelli Kostner di Ortisei, ai quali andr\u00e0 un particolare riconoscimento. L\u2019evento \u00e8 particolarmente attuale, dopo il lungo lockdown del Coronavirus: secondo il Soccorso Alpino e Speleologico la montagna quest\u2019anno sar\u00e0 particolarmente frequentata, anche da persone meno esperte e formate. Ecco perch\u00e9 informazione e prevenzione sono pi\u00f9 che mail fra le nostre priorit\u00e0 del 2020.<\/p>\n<p>Per info: area news del sito www.cnsas.it\u00a0 O contatta: Walter Milan, responsabile nazionale comunicazione CNSAS, coordinamentostampa@cnsas.it<\/p>\n<p>&nbsp;<\/p>\n<p>&nbsp;<\/p>\n<p>&nbsp;<\/p>\n<hr \/>\n<blockquote>\n<h3>OGGI IL SOLSTIZIO ESTIVO<\/h3>\n<\/blockquote>\n<p><strong>di Claudio Pra<\/strong><\/p>\n<p>Oggi, 20 giugno, si verifica il solstizio estivo, esattamente alle 23.45. Il Sole raggiunge la massima declinazione nord spingendosi fino a +23\u00b0,26&#8242;, ovvero fino al Tropico del Cancro. Le ore di luce, per gran parte dell&#8217;Emisfero Boreale, raggiungono il loro massimo, con il Sole che in Agordino rimane sopra l&#8217;orizzonte per ben 13 ore e 49 minuti (per contro, al solstizio invernale, rimane sopra l&#8217;orizzonte quasi 6 ore in meno). La parola solstizio deriva dal latino solstitium, fermarsi, ben raffigurano la situazione di questo periodo con la nostra stella che, dopo mesi in cui si \u00e8 alzata sempre pi\u00f9 in cielo, sembra appunto fermarsi per poi gradualmente cominciare a calare fino a raggiungere la minima altezza in dicembre, al solstizio invernale. Nella prima foto le differenti altezze del Sole al solstizio estivo e invernale nel momento della culminazione. Nella foto 2 l&#8217;inclinazione della Terra al momento del Solstizio estivo.<\/p>\n<p><a class=\"dt-pswp-item\" href=\"https:\/\/www.radiopiu.net\/wordpress\/wp-content\/uploads\/2020\/06\/53783ec8-b0bb-40eb-8125-2625ad3a4d64.jpg\" data-dt-img-description=\"\" data-large_image_width=\"1600\" data-large_image_height=\"1147\"><img loading=\"lazy\" decoding=\"async\" class=\"alignnone wp-image-145304\" src=\"https:\/\/www.radiopiu.net\/wordpress\/wp-content\/uploads\/2020\/06\/53783ec8-b0bb-40eb-8125-2625ad3a4d64-300x215.jpg\" alt=\"\" width=\"391\" height=\"280\" srcset=\"https:\/\/www.radiopiu.net\/wordpress\/wp-content\/uploads\/2020\/06\/53783ec8-b0bb-40eb-8125-2625ad3a4d64-300x215.jpg 300w, https:\/\/www.radiopiu.net\/wordpress\/wp-content\/uploads\/2020\/06\/53783ec8-b0bb-40eb-8125-2625ad3a4d64-1024x734.jpg 1024w, https:\/\/www.radiopiu.net\/wordpress\/wp-content\/uploads\/2020\/06\/53783ec8-b0bb-40eb-8125-2625ad3a4d64-768x551.jpg 768w, https:\/\/www.radiopiu.net\/wordpress\/wp-content\/uploads\/2020\/06\/53783ec8-b0bb-40eb-8125-2625ad3a4d64-1536x1101.jpg 1536w, https:\/\/www.radiopiu.net\/wordpress\/wp-content\/uploads\/2020\/06\/53783ec8-b0bb-40eb-8125-2625ad3a4d64.jpg 1600w\" sizes=\"auto, (max-width: 391px) 100vw, 391px\" \/><\/a><a class=\"dt-pswp-item\" href=\"https:\/\/www.radiopiu.net\/wordpress\/wp-content\/uploads\/2020\/06\/2ef4e5ec-e5f2-45ad-9084-3612f75a33ec.jpg\" data-dt-img-description=\"\" data-large_image_width=\"1600\" data-large_image_height=\"1466\"><img loading=\"lazy\" decoding=\"async\" class=\"alignnone wp-image-145305\" src=\"https:\/\/www.radiopiu.net\/wordpress\/wp-content\/uploads\/2020\/06\/2ef4e5ec-e5f2-45ad-9084-3612f75a33ec-300x275.jpg\" alt=\"\" width=\"303\" height=\"278\" srcset=\"https:\/\/www.radiopiu.net\/wordpress\/wp-content\/uploads\/2020\/06\/2ef4e5ec-e5f2-45ad-9084-3612f75a33ec-300x275.jpg 300w, https:\/\/www.radiopiu.net\/wordpress\/wp-content\/uploads\/2020\/06\/2ef4e5ec-e5f2-45ad-9084-3612f75a33ec-1024x938.jpg 1024w, https:\/\/www.radiopiu.net\/wordpress\/wp-content\/uploads\/2020\/06\/2ef4e5ec-e5f2-45ad-9084-3612f75a33ec-768x704.jpg 768w, https:\/\/www.radiopiu.net\/wordpress\/wp-content\/uploads\/2020\/06\/2ef4e5ec-e5f2-45ad-9084-3612f75a33ec-1536x1407.jpg 1536w, https:\/\/www.radiopiu.net\/wordpress\/wp-content\/uploads\/2020\/06\/2ef4e5ec-e5f2-45ad-9084-3612f75a33ec.jpg 1600w\" sizes=\"auto, (max-width: 303px) 100vw, 303px\" \/><\/a><\/p>\n<p>&nbsp;<\/p>\n<p>&nbsp;<\/p>\n<hr \/>\n<p>&nbsp;<\/p>\n<blockquote>\n<h3>STOP 5 G A SOSTEGNO DEI SINDACI OGGI IL FLASH MOB<\/h3>\n<\/blockquote>\n<p><strong>BELLUNO<\/strong> Per dire no allo sviluppo del 5G il comitato elettrosmog di Belluno ha organizzato una manifestazione a sostegno degli amministratori locali che hanno deliberato atti di precauzione nei confronti delle nuove tecnologie, secondo i promotori dell&#8217;iniziativa 800 tra sindaci e consiglieri comunali tra cui anche La Valle Agordina, Belluno, Feltre e Limana. L&#8217;iniziativa fa parte di quella nazionale che si svolger\u00e0 in varie citt\u00e0 italiane nei giorni in cui si mormora che il Governo stia valutando la proposta di Colao di escludere l&#8217;opponibilit\u00e0 locale alla diffusione del 5G. La giornata di mobilitazione si terr\u00e0 in piazza dei Martiri a Belluno con un Flash Mob, oggi dalle 16 alle 19<\/p>\n<p>&nbsp;<\/p>\n<p>&nbsp;<\/p>\n<hr \/>\n<h2>IERI ALLA RADIO<\/h2>\n<h3><a class=\"dt-pswp-item\" href=\"https:\/\/www.radiopiu.net\/wordpress\/wp-content\/uploads\/2017\/08\/renzo-minella-presidente-dolomiti-turismo.jpg\" data-dt-img-description=\"\" data-large_image_width=\"190\" data-large_image_height=\"270\"><img loading=\"lazy\" decoding=\"async\" class=\"size-full wp-image-36028 alignleft\" src=\"https:\/\/www.radiopiu.net\/wordpress\/wp-content\/uploads\/2017\/08\/renzo-minella-presidente-dolomiti-turismo.jpg\" alt=\"\" width=\"190\" height=\"270\" \/><\/a><span style=\"color: #800080;\">RENZO MINELLA, RIAPRE LA SKI AREA SAN PELLEGRINO<\/span><\/h3>\n<p><strong>di Claudio Fontanive<\/strong><\/p>\n<audio class=\"wp-audio-shortcode\" id=\"audio-145229-11\" preload=\"none\" style=\"width: 100%;\" controls=\"controls\"><source type=\"audio\/mpeg\" src=\"https:\/\/www.radiopiu.net\/wordpress\/wp-content\/uploads\/2020\/06\/renzo-minella-19-giugno.mp3?_=11\" \/><a href=\"https:\/\/www.radiopiu.net\/wordpress\/wp-content\/uploads\/2020\/06\/renzo-minella-19-giugno.mp3\">https:\/\/www.radiopiu.net\/wordpress\/wp-content\/uploads\/2020\/06\/renzo-minella-19-giugno.mp3<\/a><\/audio>\n<p>&nbsp;<\/p>\n<p>&nbsp;<\/p>\n<hr \/>\n<p>&nbsp;<\/p>\n<blockquote>\n<h3>QUATRO CIACOLE SU AGORDO CON MATTHIAS, DICIOTTESIMA PUNTATA CON MATTHIAS&#8221;STRUTTURE SCOMPARSE&#8221;<\/h3>\n<\/blockquote>\n<p>Oggi Matthias Rossi ci parla di un edificio storico della piazza che ora non esiste pi\u00f9 e di cui non tutti conoscono la storia. (FOTO ARCHEO AGORDO)<\/p>\n<p>https:\/\/www.facebook.com\/AdAgordoProloco\/videos\/892575294595703\/<\/p>\n<p>&nbsp;<\/p>\n<p>&nbsp;<\/p>\n<blockquote class=\"wp-embedded-content\" data-secret=\"LNFgjO43zp\"><p><a href=\"https:\/\/www.radiopiu.net\/wordpress\/quatro-ciacole-su-agort\/\">Quatro ci\u00e0cole su Agort<\/a><\/p><\/blockquote>\n<p><iframe loading=\"lazy\" class=\"wp-embedded-content\" sandbox=\"allow-scripts\" security=\"restricted\" style=\"position: absolute; clip: rect(1px, 1px, 1px, 1px);\" title=\"&#8220;Quatro ci\u00e0cole su Agort&#8221; &#8212; Radio Pi\u00f9\" src=\"https:\/\/www.radiopiu.net\/wordpress\/quatro-ciacole-su-agort\/embed\/#?secret=LNFgjO43zp\" data-secret=\"LNFgjO43zp\" width=\"600\" height=\"338\" frameborder=\"0\" marginwidth=\"0\" marginheight=\"0\" scrolling=\"no\"><\/iframe><\/p>\n<p>&nbsp;<\/p>\n<p>&nbsp;<\/p>\n<p>&nbsp;<\/p>\n<hr \/>\n<h3><a class=\"dt-pswp-item\" href=\"https:\/\/www.radiopiu.net\/wordpress\/wp-content\/uploads\/2020\/06\/cassa-solidarieta-luxottica.jpg\" data-dt-img-description=\"\" data-large_image_width=\"1167\" data-large_image_height=\"574\"><img loading=\"lazy\" decoding=\"async\" class=\"size-medium wp-image-145244 alignleft\" src=\"https:\/\/www.radiopiu.net\/wordpress\/wp-content\/uploads\/2020\/06\/cassa-solidarieta-luxottica-300x148.jpg\" alt=\"\" width=\"300\" height=\"148\" srcset=\"https:\/\/www.radiopiu.net\/wordpress\/wp-content\/uploads\/2020\/06\/cassa-solidarieta-luxottica-300x148.jpg 300w, https:\/\/www.radiopiu.net\/wordpress\/wp-content\/uploads\/2020\/06\/cassa-solidarieta-luxottica-1024x504.jpg 1024w, https:\/\/www.radiopiu.net\/wordpress\/wp-content\/uploads\/2020\/06\/cassa-solidarieta-luxottica-768x378.jpg 768w, https:\/\/www.radiopiu.net\/wordpress\/wp-content\/uploads\/2020\/06\/cassa-solidarieta-luxottica.jpg 1167w\" sizes=\"auto, (max-width: 300px) 100vw, 300px\" \/><\/a><span style=\"color: #008080;\">CASSA SOLIDARIET\u00c0 LUXOTTICA, PUNTATA DEL 19 GIUGNO 2020<\/span><\/h3>\n<p><strong>di Claudio Fontanive\u00a0<\/strong><\/p>\n<audio class=\"wp-audio-shortcode\" id=\"audio-145229-12\" preload=\"none\" style=\"width: 100%;\" controls=\"controls\"><source type=\"audio\/mpeg\" src=\"https:\/\/www.radiopiu.net\/wordpress\/wp-content\/uploads\/2020\/06\/ca-sol-lux-giugno.mp3?_=12\" \/><a href=\"https:\/\/www.radiopiu.net\/wordpress\/wp-content\/uploads\/2020\/06\/ca-sol-lux-giugno.mp3\">https:\/\/www.radiopiu.net\/wordpress\/wp-content\/uploads\/2020\/06\/ca-sol-lux-giugno.mp3<\/a><\/audio>\n<p>&nbsp;<\/p>\n<p>&nbsp;<\/p>\n<h2><span style=\"color: #ff0000;\">DUE MINUTI UN LIBRO<\/span><\/h2>\n<blockquote class=\"wp-embedded-content\" data-secret=\"E1zsFr8heA\"><p><a href=\"https:\/\/www.radiopiu.net\/wordpress\/con-dio-vivere-e-piu-facile\/\">CON DIO VIVERE E&#8217; PIU&#8217; FACILE<\/a><\/p><\/blockquote>\n<p><iframe loading=\"lazy\" class=\"wp-embedded-content\" sandbox=\"allow-scripts\" security=\"restricted\" style=\"position: absolute; clip: rect(1px, 1px, 1px, 1px);\" title=\"&#8220;CON DIO VIVERE E&#8217; PIU&#8217; FACILE&#8221; &#8212; Radio Pi\u00f9\" src=\"https:\/\/www.radiopiu.net\/wordpress\/con-dio-vivere-e-piu-facile\/embed\/#?secret=E1zsFr8heA\" data-secret=\"E1zsFr8heA\" width=\"600\" height=\"338\" frameborder=\"0\" marginwidth=\"0\" marginheight=\"0\" scrolling=\"no\"><\/iframe><\/p>\n<p><strong>LE ALTRE PUNTATE<\/strong><\/p>\n<blockquote class=\"wp-embedded-content\" data-secret=\"ZWhy2LMICC\"><p><a href=\"https:\/\/www.radiopiu.net\/wordpress\/due-minuti-un-libro\/\">Due minuti un libro<\/a><\/p><\/blockquote>\n<p><iframe loading=\"lazy\" class=\"wp-embedded-content\" sandbox=\"allow-scripts\" security=\"restricted\" style=\"position: absolute; clip: rect(1px, 1px, 1px, 1px);\" title=\"&#8220;Due minuti un libro&#8221; &#8212; Radio Pi\u00f9\" src=\"https:\/\/www.radiopiu.net\/wordpress\/due-minuti-un-libro\/embed\/#?secret=ZWhy2LMICC\" data-secret=\"ZWhy2LMICC\" width=\"600\" height=\"338\" frameborder=\"0\" marginwidth=\"0\" marginheight=\"0\" scrolling=\"no\"><\/iframe><\/p>\n<h2><span style=\"color: #99cc00;\">AGORDINOMERON<\/span><\/h2>\n<blockquote class=\"wp-embedded-content\" data-secret=\"qsXGOXScZj\"><p><a href=\"https:\/\/www.radiopiu.net\/wordpress\/agordinomeron\/\">AGORDINOMERON, IL TERRITORIO SI RACCONTA Da un&#8217;idea di Gianni Santomaso<\/a><\/p><\/blockquote>\n<p><iframe loading=\"lazy\" class=\"wp-embedded-content\" sandbox=\"allow-scripts\" security=\"restricted\" style=\"position: absolute; clip: rect(1px, 1px, 1px, 1px);\" title=\"&#8220;AGORDINOMERON, IL TERRITORIO SI RACCONTA Da un&#8217;idea di Gianni Santomaso&#8221; &#8212; Radio Pi\u00f9\" src=\"https:\/\/www.radiopiu.net\/wordpress\/agordinomeron\/embed\/#?secret=qsXGOXScZj\" data-secret=\"qsXGOXScZj\" width=\"600\" height=\"338\" frameborder=\"0\" marginwidth=\"0\" marginheight=\"0\" scrolling=\"no\"><\/iframe><\/p>\n<h2><span style=\"color: #3366ff;\">IL MESSAGGIO DEI SACERDOTI A RADIO PIU&#8217;<\/span><\/h2>\n<blockquote class=\"wp-embedded-content\" data-secret=\"SWDMwUiNHH\"><p><a href=\"https:\/\/www.radiopiu.net\/wordpress\/chiesa11\/\">DON CESARE SU RADIO PIU&#8217; ALLE 7.30 E 19.30, PARROCCHIE DI AGORDO, LA VALLE E TAIBON<\/a><\/p><\/blockquote>\n<p><iframe loading=\"lazy\" class=\"wp-embedded-content\" sandbox=\"allow-scripts\" security=\"restricted\" style=\"position: absolute; clip: rect(1px, 1px, 1px, 1px);\" title=\"&#8220;DON CESARE SU RADIO PIU&#8217; ALLE 7.30 E 19.30, PARROCCHIE DI AGORDO, LA VALLE E TAIBON&#8221; &#8212; Radio Pi\u00f9\" src=\"https:\/\/www.radiopiu.net\/wordpress\/chiesa11\/embed\/#?secret=SWDMwUiNHH\" data-secret=\"SWDMwUiNHH\" width=\"600\" height=\"338\" frameborder=\"0\" marginwidth=\"0\" marginheight=\"0\" scrolling=\"no\"><\/iframe><\/p>\n<p>&nbsp;<\/p>\n<hr \/>\n<p>&nbsp;<\/p>\n<p><a class=\"dt-pswp-item\" href=\"https:\/\/www.radiopiu.net\/wordpress\/wp-content\/uploads\/2018\/09\/sport.jpg\" data-dt-img-description=\"\" data-large_image_width=\"800\" data-large_image_height=\"100\"><img loading=\"lazy\" decoding=\"async\" class=\"alignleft wp-image-60761 size-full\" src=\"https:\/\/www.radiopiu.net\/wordpress\/wp-content\/uploads\/2018\/09\/sport.jpg\" alt=\"\" width=\"800\" height=\"100\" srcset=\"https:\/\/www.radiopiu.net\/wordpress\/wp-content\/uploads\/2018\/09\/sport.jpg 800w, https:\/\/www.radiopiu.net\/wordpress\/wp-content\/uploads\/2018\/09\/sport-300x38.jpg 300w, https:\/\/www.radiopiu.net\/wordpress\/wp-content\/uploads\/2018\/09\/sport-768x96.jpg 768w\" sizes=\"auto, (max-width: 800px) 100vw, 800px\" \/><\/a><\/p>\n<p>&nbsp;<\/p>\n<p>&nbsp;<\/p>\n<p>&nbsp;<\/p>\n<p>&nbsp;<\/p>\n<p>&nbsp;<\/p>\n<blockquote>\n<h3>\u00a0A FINE GIUGNO LA LAVAREDO ULTRA TRAIL VIRTUALE OLTRE A UN GRUPPETTO DI ATLETI CHE CORRERA&#8217; SUL PERCORSO.<\/h3>\n<p>&nbsp;<\/p><\/blockquote>\n<p><strong>CORTINA<\/strong>\u00a0 L\u2019ultimo week end di giugno era in programma la gara che\u00a0 anche quest\u2019anno avrebbe ospitato oltre 5.000 runners da tutto il mondo. Purtroppo l\u2019emergenza Covid-19 ha impedito lo svolgimento della manifestazione, ma gli organizzatori vogliono comunque dare un segno di continuit\u00e0 proponendo una gara virtuale su un percorso di 48 km e 2.600 metri di dislivello positivo. Il meccanismo \u00e8 molto semplice: sar\u00e0 sufficiente scaricare una APP, avviarla e correre fino al raggiungimento della distanza prevista, in qualsiasi parte del mondo ci si trovi. E cos\u00ec, dalle 6 di sabato 27 alle 23 di domenica 28 giugno, gli appassionati di trail running potranno scegliere il loro orario di partenza e cimentarsi in questa sfida virtuale. Ma ci sar\u00e0 anche chi correr\u00e0 davvero tra le Dolomiti Ampezzane: sabato 27 giugno prenderanno il via da Corso Italia alcuni tra gli atleti italiani pi\u00f9 forti, tra i quali: Marco De Gasperi, Elisa Desco, Fabio Di Giacomo, Michele Evangelisti, Gabriele Fior, Roberto Mastrotto, Christian Modena, Georg Piazza, Francesca Pretto, Francesco Trenti. L\u2019iscrizione alla Lavaredo Ultra Trail Virtual \u00e8 gratuita.<\/p>\n<p>&nbsp;<\/p>\n<p>&nbsp;<\/p>\n<hr \/>\n<p>&nbsp;<\/p>\n<p><strong class=\"photoswipe-wrapper\"><a class=\"dt-pswp-item pspw-wrap-ready\" href=\"https:\/\/i0.wp.com\/www.radiopiu.net\/wordpress\/wp-content\/uploads\/2018\/09\/viabilita.jpeg?ssl=1\" data-dt-img-description=\"\" data-large_image_width=\"800\" data-large_image_height=\"100\"><img loading=\"lazy\" decoding=\"async\" class=\"aligncenter wp-image-61954 size-full jetpack-lazy-image jetpack-lazy-image--handled\" src=\"https:\/\/i0.wp.com\/www.radiopiu.net\/wordpress\/wp-content\/uploads\/2018\/09\/viabilita.jpeg?resize=800%2C100&amp;ssl=1\" sizes=\"auto, (max-width: 800px) 100vw, 800px\" srcset=\"https:\/\/i0.wp.com\/www.radiopiu.net\/wordpress\/wp-content\/uploads\/2018\/09\/viabilita.jpeg?w=800&amp;ssl=1 800w, https:\/\/i0.wp.com\/www.radiopiu.net\/wordpress\/wp-content\/uploads\/2018\/09\/viabilita.jpeg?resize=300%2C38&amp;ssl=1 300w, https:\/\/i0.wp.com\/www.radiopiu.net\/wordpress\/wp-content\/uploads\/2018\/09\/viabilita.jpeg?resize=768%2C96&amp;ssl=1 768w\" alt=\"\" width=\"800\" height=\"100\" data-lazy-loaded=\"1\" \/><\/a><\/strong><\/p>\n<p><strong>\u00a0<\/strong><\/p>\n<p>FINO AL 24 LUGLIO SABATO E DOMENICA COMPRESI LUNGO LA 641 DI PASSO FEDAIA IN LOCALIT\u00e0 CAPANNA BILL E COL DI ROCCA, SENSO UNICO ALTERNATO CON SEMAFORO<\/p>\n<p>PROVINCIALE 20 DELLA VAL FIORENTINA, SELVA DI CADORE: FINO AL 4 LUGLIO, CHIUSURA TOTALE TRA SOLATOR E IL CENTRO DEL PAESE ANCHE NEI GIORNI FESTIVI E PREFESTIVI, DAL CHILOMETRO 4.850 AL CHILOMETRO 5.100. TRANSITO CONSENTITO AI LOCALI CON TEMPI DI ATTESA MASSIMI STIMATI IN 30 MINUTI IN LOCALITA\u2019 SOLATOR DAL CHILOMETRO 4.400 AL CHILOMETRO 4.850<\/p>\n<p>REGIONALE 203 AGORDINA FINO AL 20 GIUGNO IN LOCALIT\u00c0 LA MUDA DEVIAZIONE SU VIABILIT\u00c0 PROVVISORIA, PRUDENZA<\/p>\n<p>STRADA REGIONALE 48 DELLE DOLOMITI, DAL KM 110,350 AL KM 112, SENSO UNICO ALTERNATO REGOLATO DA IMPIANTO SEMAFORICO ANCHE SABATO E FESTIVI FINO\u00a0 AL 30 GIUGNO PER POSA ELETTRODOTTO INTERRATO<\/p>\n<p>PROVINCIALE 563 DI SALESEI, FINO\u00a0 AL 3 LUGLIO, SENSO UNICO ALTERNATO REGOLATO DA IMPIANTO SEMAFORICO IN LOCALIT\u00c0 DIGONERA PER MESSA IN SICUREZZA PIANO VIABILE, SABATO E FESTIVI INCLUSI<\/p>\n<p>STRADA PROVINCIALE 346 DEL SAN PELLEGRINO, NEI COMUNI DI FALCADE, CANALE E VALLADA, FINO\u00a0 AL 3 LUGLIO, INCLUSI SABATI E DOMENICHE, POSSIBILE ISTITUZIONE DI SENSO UNICO ALTERNATO REGOLATO DA MOVIERI PER SOSTITUZIONE CONDUTTORI E MANUTENZIONE LINEA ELETTRICA ALTA TENSIONE<\/p>\n<p>REGIONALE 203 AGORDINA, NEL COMUNE DI CENCENIGHE, FINO\u00a0 AL 3 LUGLIO, INCLUSI SABATI E DOMENICHE, POSSIBILE ISTITUZIONE DI SENSO UNICO ALTERNATO REGOLATO DA MOVIERI PER SOSTITUZIONE CONDUTTORI E MANUTENZIONE LINEA ELETTRICA ALTA TENSIONE<\/p>\n<p>STRADA REGIONA 203 AGORDINA, TRA MAS DI SEDICO E CERNADOI SU TRATTI SALTUARI DI STRADA, FINO\u00a0 AL 30 GIUGNO, ESCLUSO SABATO E DOMENICA, SENSO UNICO ALTERNATO REGOLATO DA IMPIANTO SEMAFORICO PER MESSA IN SICUREZZA BARRIERE DI PROTEZIONE LATERALI<\/p>\n<p>STRADA PROVINCIALE 347 DEL PASSO CEREDA E DURAN, NEL COMUNE DI GOSALDO (LOC. SANT\u2019ANDREA),\u00a0 FINO\u00a0 AL 20 GIUGNO SENSO UNICO ALTERNATO REGOLATO DA IMPIANTO SEMAFORICO PER MESSA IN SICUREZZA DELLA STRADA<\/p>\n<p>STRADA PROVINCIALE 347 DEL PASSO CEREDA E DURAN, NEL COMUNE DI AGORDO, FINO\u00a0 AL 26 GIUGNO SENSO UNICO ALTERNATO REGOLATO DA IMPIANTO SEMAFORICO PER POSA FIBRA OTTICA<\/p>\n<p>STRADA REGIONALE 48 DELLE DOLOMITI, NEL COMUNE DI LIVINALLONGO DEL COL DI LANA IN LOCALITA\u2019 ANDRAZ, FINO\u00a0 AL 30 GIUGNO SENSO UNICO ALTERNATO REGOLATO DA IMPIANTO SEMAFORICO O MOVIERE CON POSSIBILI BREVI INTERRUZIONI TOTALI AL TRAFFICO DELLA DURATA MASSIMA DI 10 MINUTI, PER LAVORI DI MESSA IN SICUREZZA DEL VERSANTE<\/p>\n<p>48 DELLE DOLOMITI, LOCALITA\u2019 ANDRAZ DI LIVINALLONGO, FINO\u00a0 AL 26 GIUGNO SENSO UNICO CON SEMAFORO<\/p>\n<p>STRADA REGIONALE 203 AGORDINA TRA PERON E CANDATEN, DAL 15 GIUGNO AL 31 LUGLIO ESCLUSI SABATI E DOMENICHE, DALLE 7:30 ALLE 9 E E DALLE 16:30 ALLE 18 SENSO UNICO ALTERNATO REGOLATO DA MOVIERI. NEGLI ALTRI ORARI SENSO UNICO ALTERNATO REGOLATO DA SEMAFORO PER INTERRAMENTO CAVIDOTTO E-DISTRIBUZIONE<\/p>\n<p>48 DELLE DOLOMITI, LOCALITA\u2019 ALVERA\u2019 CORTINA D\u2019AMPEZZO LUNGO IL PONTE SUL TORRENTE BIGONTINA. DAL 18 GIUGNO E FINO A REVOCA DIVIETO DI TRANSITO AI VEICOLI AVENTI MASSA A PIENO CARICO SUPERIORE A 24 TONELLATE<\/p>\n<p>&nbsp;<\/p>\n<hr \/>\n<p>&nbsp;<\/p>\n<p class=\"photoswipe-wrapper\"><a class=\"dt-pswp-item pspw-wrap-ready\" href=\"https:\/\/i0.wp.com\/www.radiopiu.net\/wordpress\/wp-content\/uploads\/2018\/09\/WhatsApp-Image-2018-09-20-at-16.04.06.jpeg?ssl=1\" data-dt-img-description=\"\" data-large_image_width=\"800\" data-large_image_height=\"100\"><img loading=\"lazy\" decoding=\"async\" class=\"aligncenter wp-image-61378 size-full jetpack-lazy-image jetpack-lazy-image--handled\" src=\"https:\/\/i0.wp.com\/www.radiopiu.net\/wordpress\/wp-content\/uploads\/2018\/09\/WhatsApp-Image-2018-09-20-at-16.04.06.jpeg?resize=800%2C100&amp;ssl=1\" sizes=\"auto, (max-width: 800px) 100vw, 800px\" srcset=\"https:\/\/i0.wp.com\/www.radiopiu.net\/wordpress\/wp-content\/uploads\/2018\/09\/WhatsApp-Image-2018-09-20-at-16.04.06.jpeg?w=800&amp;ssl=1 800w, https:\/\/i0.wp.com\/www.radiopiu.net\/wordpress\/wp-content\/uploads\/2018\/09\/WhatsApp-Image-2018-09-20-at-16.04.06.jpeg?resize=300%2C38&amp;ssl=1 300w, https:\/\/i0.wp.com\/www.radiopiu.net\/wordpress\/wp-content\/uploads\/2018\/09\/WhatsApp-Image-2018-09-20-at-16.04.06.jpeg?resize=768%2C96&amp;ssl=1 768w\" alt=\"\" width=\"800\" height=\"100\" data-lazy-loaded=\"1\" \/><\/a><\/p>\n<p>&nbsp;<\/p>\n<p><center><b>Sabato 20<\/b><\/center><b>Tempo atteso:\u00a0<\/b>Al mattino tempo ben soleggiato con cielo sereno ed aria limpida. Al pomeriggio riduzione del soleggiamento per attivit\u00e0 cumuliforme perlopi\u00f9 moderata, solo localmente intensa e il rischio di fenomeni convettivi sar\u00e0 minore rispetto a venerd\u00ec, seppur ancora sporadicamente presente. Clima diurno un po&#8217; pi\u00f9 caldo.<br \/>\n<b>Precipitazioni:\u00a0<\/b>Al mattino probabilit\u00e0 assente (0%). Al pomeriggio la probabilit\u00e0 di rovesci o occasionali singoli temporali aumenter\u00e0, specie sulle Prealpi (30\/40%), assai meno sulle Dolomiti (10\/20%).<br \/>\n<b>Temperature:\u00a0<\/b>Minime stazionarie in quota e in calo nelle valli; massime in generale aumento. Sono previste punte massime di 24\/25\u00b0C nei fondovalle prealpini e 20\/22\u00b0C a 1000\/1200 m. Su Prealpi a 1500 m min 7\u00b0C max 15\u00b0C, a 2000 m min 5\u00b0C max 11\u00b0C. Su Dolomiti a 2000 m min 3\u00b0C max 12\u00b0C, a 3000 m min -2\u00b0C max 1\u00b0C.<br \/>\n<b>Venti:\u00a0<\/b>Nelle valli deboli\/moderati a regime di brezza; in quota deboli da nord-ovest al mattino, moderati da nord al pomeriggio, anche tesi sulle vette dolomitiche in serata, a 5-15 km\/h a 2000 m e 10-30 km\/h a 3000 m.<\/p>\n<hr \/>\n<p><center><b>Domenica 21<\/b><\/center><b>Tempo atteso:\u00a0<\/b>Il tempo sar\u00e0 discreto al mattino, nonostante il temporaneo transito di nubi medio-alte, pi\u00f9 estese e compatte sulle Dolomiti rispetto alle Prealpi. Al pomeriggio ritorno del sole e del cielo sereno, salvo innocui cumuli sulla fascia prealpina. Clima diurno pi\u00f9 caldo grazie al buon soleggiamento pomeridiano.<br \/>\n<b>Precipitazioni:\u00a0<\/b>Assenti (0%).<br \/>\n<b>Temperature:\u00a0<\/b>In generale aumento, specie le massime in quota per avvezione d&#8217;aria assai pi\u00f9 calda alle quote medie. Sono previste punte massime di 25\/26\u00b0C nei fondovalle prealpini e 21\/23\u00b0C a 1000\/1200 m. Su Prealpi a 1500 m min 8\u00b0C max 17\u00b0C, a 2000 m min 6\u00b0C max 13\u00b0C. Su Dolomiti a 2000 m min 5\u00b0C max 14\u00b0C, a 3000 m min 1\u00b0C max 3\u00b0C.<br \/>\n<b>Venti:\u00a0<\/b>Nelle valli deboli\/moderati a regime di brezza con qualche rinforzo da nord alla sera; in quota moderati da nord fino al primo pomeriggio, in seguito in contenuto rinforzo fino a tesi sulle vette dolomitiche in serata, a 5-20 km\/h a 2000 m e 20-35 km\/h a 3000 m.<\/p>\n<hr \/>\n<p><center><b>Lunedi 22<\/b><\/center>Tempo pi\u00f9 stabile, molto soleggiato e pi\u00f9 caldo con leggera riduzione del soleggiamento per modesta attivit\u00e0 cumuliforme limitata alle ore pi\u00f9 calde. Temperature in generale aumento, pi\u00f9 sensibile per quelle diurne, con primi caldi di stampo estivo. In quota venti tesi\/forti da nord-est al mattino, in attenuazione al pomeriggio; nelle valli deboli\/moderati a regime di brezza.<\/p>\n<hr \/>\n<p><center><b>Martedi 23<\/b><\/center>Tempo stabile e ben soleggiato con clima sempre pi\u00f9 estivo. Al pomeriggio leggera riduzione del soleggiamento per modesti cumuli a ridosso delle cime durante le ore pi\u00f9 calde. Temperature in generale ulteriore aumento, pi\u00f9 sensibile per i valori diurni (massimi prossimi ai 30\u00b0C nelle conche prealpine e 25\/26\u00b0C a 1000\/1200 m). In quota venti deboli\/moderati da nord-est, nelle valli deboli\/moderati a regime di brezza. Previsore: R.L.Th.<\/p>\n","protected":false},"excerpt":{"rendered":"<p>PER RICEVERE QUESTO NOTIZIARIO DIRETTAMENTE SUL TUO CELLULARE ISCRIVITI AL CANALE TELEGRAM\u00a0\u201cRADIO PIU\u00a0 INFORMAZIONE\u201d\u00a0 &nbsp; &nbsp; Gestione Servizi Pubblici informa che, per lavori alla rete idrica comunale, martedi dalle 8 a fine lavori, verr\u00e0 sospesa l\u2019erogazione dell\u2019acqua a Rocca Pietore in localit\u00e0\u00a0localita&#8217; capoluogo, Sottoguda, Palue, Boscoverde, Col di Rocca, Soraru, Pezz\u00e8, Condio e Saviner di&hellip;<\/p>\n","protected":false},"author":4,"featured_media":145397,"comment_status":"closed","ping_status":"closed","sticky":false,"template":"","format":"standard","meta":{"_monsterinsights_skip_tracking":false,"_monsterinsights_sitenote_active":false,"_monsterinsights_sitenote_note":"","_monsterinsights_sitenote_category":0,"footnotes":""},"categories":[1,86,49],"tags":[],"class_list":["post-145229","post","type-post","status-publish","format-standard","has-post-thumbnail","hentry","category-senza-categoria","category-gr","category-news-18","category-1","category-86","category-49","description-off"],"img_url":"https:\/\/www.radiopiu.net\/wordpress\/wp-content\/uploads\/2020\/06\/foto-logo.jpg","_links":{"self":[{"href":"https:\/\/www.radiopiu.net\/wordpress\/wp-json\/wp\/v2\/posts\/145229","targetHints":{"allow":["GET"]}}],"collection":[{"href":"https:\/\/www.radiopiu.net\/wordpress\/wp-json\/wp\/v2\/posts"}],"about":[{"href":"https:\/\/www.radiopiu.net\/wordpress\/wp-json\/wp\/v2\/types\/post"}],"author":[{"embeddable":true,"href":"https:\/\/www.radiopiu.net\/wordpress\/wp-json\/wp\/v2\/users\/4"}],"replies":[{"embeddable":true,"href":"https:\/\/www.radiopiu.net\/wordpress\/wp-json\/wp\/v2\/comments?post=145229"}],"version-history":[{"count":0,"href":"https:\/\/www.radiopiu.net\/wordpress\/wp-json\/wp\/v2\/posts\/145229\/revisions"}],"wp:featuredmedia":[{"embeddable":true,"href":"https:\/\/www.radiopiu.net\/wordpress\/wp-json\/wp\/v2\/media\/145397"}],"wp:attachment":[{"href":"https:\/\/www.radiopiu.net\/wordpress\/wp-json\/wp\/v2\/media?parent=145229"}],"wp:term":[{"taxonomy":"category","embeddable":true,"href":"https:\/\/www.radiopiu.net\/wordpress\/wp-json\/wp\/v2\/categories?post=145229"},{"taxonomy":"post_tag","embeddable":true,"href":"https:\/\/www.radiopiu.net\/wordpress\/wp-json\/wp\/v2\/tags?post=145229"}],"curies":[{"name":"wp","href":"https:\/\/api.w.org\/{rel}","templated":true}]}}