{"id":145293,"date":"2020-06-19T14:05:43","date_gmt":"2020-06-19T12:05:43","guid":{"rendered":"https:\/\/www.radiopiu.net\/wordpress\/?p=145293"},"modified":"2020-06-19T14:05:43","modified_gmt":"2020-06-19T12:05:43","slug":"linfluenza-del-covid-sullinquinamento-atmosferico-a-breve-i-dati-sono-i-comuni-che-evidentemente-attuano-i-blocchi-non-la-regione-a-norma-di-legge","status":"publish","type":"post","link":"https:\/\/www.radiopiu.net\/wordpress\/linfluenza-del-covid-sullinquinamento-atmosferico-a-breve-i-dati-sono-i-comuni-che-evidentemente-attuano-i-blocchi-non-la-regione-a-norma-di-legge\/","title":{"rendered":"L&#8217;INFLUENZA DEL COVID SULL&#8217;INQUINAMENTO ATMOSFERICO A BREVE I DATI. &#8220;SONO I COMUNI CHE EVIDENTEMENTE ATTUANO I BLOCCHI NON LA REGIONE, A NORMA DI LEGGE&#8221;"},"content":{"rendered":"<p><strong><a class=\"dt-pswp-item\" href=\"https:\/\/www.radiopiu.net\/wordpress\/wp-content\/uploads\/2017\/04\/resized_Siccit\u00e0_Bottacin_Pan.jpg\" data-dt-img-description=\"\" data-large_image_width=\"2080\" data-large_image_height=\"1560\"><img loading=\"lazy\" decoding=\"async\" class=\"alignleft  wp-image-30834\" src=\"https:\/\/www.radiopiu.net\/wordpress\/wp-content\/uploads\/2017\/04\/resized_Siccit\u00e0_Bottacin_Pan-300x225.jpg\" alt=\"\" width=\"196\" height=\"147\" \/><\/a>VENEZIA<\/strong> Sull&#8217;argomento \u00e8 intervenuto l&#8217;assessore alla protezione civile Gianpaolo Bottacin <em>&#8220;Abbiamo avuto un calo delle pm10, ma non\u00a0 rilevante. L&#8217;inquinamento dipende dalla conformazione della Pianura Padana, e delle condizioni meteo, molto pi\u00f9 delle emissioni effettive. Il valore inquinante generale \u00e8 ancora alto, ma il trendo \u00e8 in calo da noi la media \u00e8 molto p\u00f9 bassa che nel resto dell&#8217;Europa, tuttavia abbiamo densit\u00e0 abitative molto rilevanti, la conformazione geologica e il meteo. Il lockdown da Coronavirus non ha dato gli effetti che molti speravano e ha confermato le nostre teorie&#8221;<\/em><\/p>\n<p><strong>L&#8217;ASSESSORE GIANPAOLO BOTTACIN<\/strong><\/p>\n<audio class=\"wp-audio-shortcode\" id=\"audio-145293-1\" preload=\"none\" style=\"width: 100%;\" controls=\"controls\"><source type=\"audio\/mpeg\" src=\"https:\/\/www.radiopiu.net\/wordpress\/wp-content\/uploads\/2020\/06\/BOTTACIN-1.mp3?_=1\" \/><a href=\"https:\/\/www.radiopiu.net\/wordpress\/wp-content\/uploads\/2020\/06\/BOTTACIN-1.mp3\">https:\/\/www.radiopiu.net\/wordpress\/wp-content\/uploads\/2020\/06\/BOTTACIN-1.mp3<\/a><\/audio>\n<p>All&#8217;assessore \u00e8 stato anche chiesto chi \u00e8 deputato a fare il blocco del traffico nei momenti di maggiore inquinamento. Bottacin ha ricordato che la competenza \u00e8 dei\u00a0 i Comuni, non certo le Regioni come ipotizzato o richiesto da qualcuno. Per l&#8217;assessore non \u00e8 l&#8217;unica soluzione per risolvere i problemi, ad essa altre ne vanno affiancate<\/p>\n<audio class=\"wp-audio-shortcode\" id=\"audio-145293-2\" preload=\"none\" style=\"width: 100%;\" controls=\"controls\"><source type=\"audio\/mpeg\" src=\"https:\/\/www.radiopiu.net\/wordpress\/wp-content\/uploads\/2020\/06\/BOTTACIN2.mp3?_=2\" \/><a href=\"https:\/\/www.radiopiu.net\/wordpress\/wp-content\/uploads\/2020\/06\/BOTTACIN2.mp3\">https:\/\/www.radiopiu.net\/wordpress\/wp-content\/uploads\/2020\/06\/BOTTACIN2.mp3<\/a><\/audio>\n<p>&nbsp;<\/p>\n<p>&nbsp;<\/p>\n","protected":false},"excerpt":{"rendered":"<p>VENEZIA Sull&#8217;argomento \u00e8 intervenuto l&#8217;assessore alla protezione civile Gianpaolo Bottacin &#8220;Abbiamo avuto un calo delle pm10, ma non\u00a0 rilevante. L&#8217;inquinamento dipende dalla conformazione della Pianura Padana, e delle condizioni meteo, molto pi\u00f9 delle emissioni effettive. Il valore inquinante generale \u00e8 ancora alto, ma il trendo \u00e8 in calo da noi la media \u00e8 molto p\u00f9&hellip;<\/p>\n","protected":false},"author":1,"featured_media":125103,"comment_status":"closed","ping_status":"closed","sticky":false,"template":"","format":"standard","meta":{"_monsterinsights_skip_tracking":false,"_monsterinsights_sitenote_active":false,"_monsterinsights_sitenote_note":"","_monsterinsights_sitenote_category":0,"footnotes":""},"categories":[49],"tags":[],"class_list":["post-145293","post","type-post","status-publish","format-standard","has-post-thumbnail","hentry","category-news-18","category-49","description-off"],"img_url":"https:\/\/www.radiopiu.net\/wordpress\/wp-content\/uploads\/2020\/03\/BOTTACIN-CONFERENZA-STAMPA.jpg","_links":{"self":[{"href":"https:\/\/www.radiopiu.net\/wordpress\/wp-json\/wp\/v2\/posts\/145293","targetHints":{"allow":["GET"]}}],"collection":[{"href":"https:\/\/www.radiopiu.net\/wordpress\/wp-json\/wp\/v2\/posts"}],"about":[{"href":"https:\/\/www.radiopiu.net\/wordpress\/wp-json\/wp\/v2\/types\/post"}],"author":[{"embeddable":true,"href":"https:\/\/www.radiopiu.net\/wordpress\/wp-json\/wp\/v2\/users\/1"}],"replies":[{"embeddable":true,"href":"https:\/\/www.radiopiu.net\/wordpress\/wp-json\/wp\/v2\/comments?post=145293"}],"version-history":[{"count":0,"href":"https:\/\/www.radiopiu.net\/wordpress\/wp-json\/wp\/v2\/posts\/145293\/revisions"}],"wp:featuredmedia":[{"embeddable":true,"href":"https:\/\/www.radiopiu.net\/wordpress\/wp-json\/wp\/v2\/media\/125103"}],"wp:attachment":[{"href":"https:\/\/www.radiopiu.net\/wordpress\/wp-json\/wp\/v2\/media?parent=145293"}],"wp:term":[{"taxonomy":"category","embeddable":true,"href":"https:\/\/www.radiopiu.net\/wordpress\/wp-json\/wp\/v2\/categories?post=145293"},{"taxonomy":"post_tag","embeddable":true,"href":"https:\/\/www.radiopiu.net\/wordpress\/wp-json\/wp\/v2\/tags?post=145293"}],"curies":[{"name":"wp","href":"https:\/\/api.w.org\/{rel}","templated":true}]}}