{"id":145317,"date":"2020-06-19T15:10:50","date_gmt":"2020-06-19T13:10:50","guid":{"rendered":"https:\/\/www.radiopiu.net\/wordpress\/?p=145317"},"modified":"2020-06-19T15:10:50","modified_gmt":"2020-06-19T13:10:50","slug":"sopralluogo-sul-cantiere-di-cancia-entro-meta-agosto-la-posa-definitiva-della-briglia","status":"publish","type":"post","link":"https:\/\/www.radiopiu.net\/wordpress\/sopralluogo-sul-cantiere-di-cancia-entro-meta-agosto-la-posa-definitiva-della-briglia\/","title":{"rendered":"SOPRALLUOGO SUL CANTIERE DI CANCIA: ENTRO MET\u00c0 AGOSTO LA POSA DEFINITIVA DELLA BRIGLIA"},"content":{"rendered":"<p><strong>BELLUNO\u00a0<\/strong>Proseguono a ritmo serrato i lavori di mitigazione del rischio geologico sulla frana di Cancia (Borca di Cadore). Entro la met\u00e0 di agosto, meteo permettendo, sar\u00e0 installata anche la parte principale della briglia di tecnologia giapponese \u201cSabo Dam\u201d, che costituisce la parte principale del cantiere lungo le pendici dell\u2019Antelao. Dopodich\u00e9 mancheranno solo alcuni dettagli. Il cronoprogramma e l\u2019avanzamento del cantiere sono stati analizzati stamattina nel corso di una riunione (con sopralluogo) da parte dei tecnici della Difesa del Suolo con maestranze e collaudatori.\u00a0\u00ab<em>I lavori sono in stato avanzato &#8211; conferma il consigliere provinciale delegato alla Difesa del Suolo, Massimo Bortoluzzi -. Le condizioni meteo hanno favorito la ditta che sta operando, tanto che a fine giugno arriveremo al 60 per cento delle lavorazioni previste. Entro Ferragosto, poi, se il meteo continuer\u00e0 a darci una mano, potr\u00e0 essere posata la parte conclusiva della \u201cSabo Dam\u201d, che rappresenta la tecnologia principale e fondamentale di questo stralcio di progetto<\/em>\u00bb.\u00a0Nel frattempo, nelle ultime settimane sono state gettate le platee della briglia e del dissipatore, opera che avr\u00e0 il compito di rallentare la velocit\u00e0 di caduta della parte liquida delle colate, per evitare cos\u00ec l\u2019attivit\u00e0 di erosione provocata dalle precipitazioni e dai temporali.\u00a0\u00ab<em>Si conferma il largo anticipo dei lavori rispetto al cronoprogramma iniziale &#8211; conclude il consigliere Bortoluzzi -. \u00c8 una buona notizia per tutti gli abitanti di Cancia e di Borca, che da anni aspettano questo intervento. Confidiamo che il cantiere possa continuare a operare nelle condizioni meteo ottimali. Ringraziamo le maestranze che stanno lavorando sul canalone dell\u2019Antelao, i tecnici provinciali, e anche i volontari di Protezione Civile che da qualche settimana hanno cominciato i monitoraggi a vista della frana<\/em>\u00bb.<\/p>\n<p><strong>LE FOTO DAL CANTIERE<\/strong><\/p>\n\n\t\t\t<style type='text\/css'>\n\t\t\t\t#gallery-1 {\n\t\t\t\t\tmargin: auto;\n\t\t\t\t}\n\t\t\t\t#gallery-1 .gallery-item {\n\t\t\t\t\tfloat: left;\n\t\t\t\t\tmargin-top: 10px;\n\t\t\t\t\ttext-align: center;\n\t\t\t\t\twidth: 25%;\n\t\t\t\t}\n\t\t\t\t#gallery-1 img {\n\t\t\t\t\tborder: 2px solid #cfcfcf;\n\t\t\t\t}\n\t\t\t\t#gallery-1 .gallery-caption {\n\t\t\t\t\tmargin-left: 0;\n\t\t\t\t}\n\t\t\t\t\/* see gallery_shortcode() in wp-includes\/media.php *\/\n\t\t\t<\/style>\n\t\t<div id='gallery-1' class='dt-gallery-container gallery galleryid-145317 gallery-columns-4 gallery-size-thumbnail'><dl class='gallery-item'>\n\t\t\t\t<dt class='gallery-icon landscape'>\n\t\t\t\t\t<a class=\"rollover\" href='https:\/\/www.radiopiu.net\/wordpress\/giornale-radiopiu-20-giugno-2020-direttore-mirko-mezzacasa\/photo-2020-06-19-14-50-52\/'><img loading=\"lazy\" decoding=\"async\" width=\"150\" height=\"150\" src=\"https:\/\/www.radiopiu.net\/wordpress\/wp-content\/uploads\/2020\/06\/PHOTO-2020-06-19-14-50-52-150x150.jpg\" class=\"attachment-thumbnail size-thumbnail\" alt=\"\" \/><\/a>\n\t\t\t\t<\/dt><\/dl><dl class='gallery-item'>\n\t\t\t\t<dt class='gallery-icon landscape'>\n\t\t\t\t\t<a class=\"rollover\" href='https:\/\/www.radiopiu.net\/wordpress\/giornale-radiopiu-20-giugno-2020-direttore-mirko-mezzacasa\/photo-2020-06-19-14-50-53\/'><img loading=\"lazy\" decoding=\"async\" width=\"150\" height=\"150\" src=\"https:\/\/www.radiopiu.net\/wordpress\/wp-content\/uploads\/2020\/06\/PHOTO-2020-06-19-14-50-53-150x150.jpg\" class=\"attachment-thumbnail size-thumbnail\" alt=\"\" \/><\/a>\n\t\t\t\t<\/dt><\/dl><dl class='gallery-item'>\n\t\t\t\t<dt class='gallery-icon landscape'>\n\t\t\t\t\t<a class=\"rollover\" href='https:\/\/www.radiopiu.net\/wordpress\/giornale-radiopiu-20-giugno-2020-direttore-mirko-mezzacasa\/photo-2020-06-19-14-50-522\/'><img loading=\"lazy\" decoding=\"async\" width=\"150\" height=\"150\" src=\"https:\/\/www.radiopiu.net\/wordpress\/wp-content\/uploads\/2020\/06\/PHOTO-2020-06-19-14-50-522-150x150.jpg\" class=\"attachment-thumbnail size-thumbnail\" alt=\"\" \/><\/a>\n\t\t\t\t<\/dt><\/dl><dl class='gallery-item'>\n\t\t\t\t<dt class='gallery-icon landscape'>\n\t\t\t\t\t<a class=\"rollover\" href='https:\/\/www.radiopiu.net\/wordpress\/giornale-radiopiu-20-giugno-2020-direttore-mirko-mezzacasa\/photo-2020-06-19-14-50-5222\/'><img loading=\"lazy\" decoding=\"async\" width=\"150\" height=\"150\" src=\"https:\/\/www.radiopiu.net\/wordpress\/wp-content\/uploads\/2020\/06\/PHOTO-2020-06-19-14-50-5222-150x150.jpg\" class=\"attachment-thumbnail size-thumbnail\" alt=\"\" \/><\/a>\n\t\t\t\t<\/dt><\/dl><br style=\"clear: both\" \/><dl class='gallery-item'>\n\t\t\t\t<dt class='gallery-icon landscape'>\n\t\t\t\t\t<a class=\"rollover\" href='https:\/\/www.radiopiu.net\/wordpress\/giornale-radiopiu-20-giugno-2020-direttore-mirko-mezzacasa\/photo-2020-06-19-14-52-28\/'><img loading=\"lazy\" decoding=\"async\" width=\"150\" height=\"150\" src=\"https:\/\/www.radiopiu.net\/wordpress\/wp-content\/uploads\/2020\/06\/PHOTO-2020-06-19-14-52-28-150x150.jpg\" class=\"attachment-thumbnail size-thumbnail\" alt=\"\" \/><\/a>\n\t\t\t\t<\/dt><\/dl><dl class='gallery-item'>\n\t\t\t\t<dt class='gallery-icon landscape'>\n\t\t\t\t\t<a class=\"rollover\" href='https:\/\/www.radiopiu.net\/wordpress\/giornale-radiopiu-20-giugno-2020-direttore-mirko-mezzacasa\/photo-2020-06-19-14-52-29\/'><img loading=\"lazy\" decoding=\"async\" width=\"150\" height=\"150\" src=\"https:\/\/www.radiopiu.net\/wordpress\/wp-content\/uploads\/2020\/06\/PHOTO-2020-06-19-14-52-29-150x150.jpg\" class=\"attachment-thumbnail size-thumbnail\" alt=\"\" \/><\/a>\n\t\t\t\t<\/dt><\/dl><dl class='gallery-item'>\n\t\t\t\t<dt class='gallery-icon landscape'>\n\t\t\t\t\t<a class=\"rollover\" href='https:\/\/www.radiopiu.net\/wordpress\/giornale-radiopiu-20-giugno-2020-direttore-mirko-mezzacasa\/photo-2020-06-19-14-52-288\/'><img loading=\"lazy\" decoding=\"async\" width=\"150\" height=\"150\" src=\"https:\/\/www.radiopiu.net\/wordpress\/wp-content\/uploads\/2020\/06\/PHOTO-2020-06-19-14-52-288-150x150.jpg\" class=\"attachment-thumbnail size-thumbnail\" alt=\"\" \/><\/a>\n\t\t\t\t<\/dt><\/dl><dl class='gallery-item'>\n\t\t\t\t<dt class='gallery-icon landscape'>\n\t\t\t\t\t<a class=\"rollover\" href='https:\/\/www.radiopiu.net\/wordpress\/giornale-radiopiu-20-giugno-2020-direttore-mirko-mezzacasa\/photo-2020-06-19-14-52-299\/'><img loading=\"lazy\" decoding=\"async\" width=\"150\" height=\"150\" src=\"https:\/\/www.radiopiu.net\/wordpress\/wp-content\/uploads\/2020\/06\/PHOTO-2020-06-19-14-52-299-150x150.jpg\" class=\"attachment-thumbnail size-thumbnail\" alt=\"\" \/><\/a>\n\t\t\t\t<\/dt><\/dl><br style=\"clear: both\" \/>\n\t\t\t<\/div>\n\n<p>&nbsp;<\/p>\n<p>&nbsp;<\/p>\n","protected":false},"excerpt":{"rendered":"<p>BELLUNO\u00a0Proseguono a ritmo serrato i lavori di mitigazione del rischio geologico sulla frana di Cancia (Borca di Cadore). Entro la met\u00e0 di agosto, meteo permettendo, sar\u00e0 installata anche la parte principale della briglia di tecnologia giapponese \u201cSabo Dam\u201d, che costituisce la parte principale del cantiere lungo le pendici dell\u2019Antelao. Dopodich\u00e9 mancheranno solo alcuni dettagli. Il&hellip;<\/p>\n","protected":false},"author":4,"featured_media":145315,"comment_status":"closed","ping_status":"closed","sticky":false,"template":"","format":"standard","meta":{"_monsterinsights_skip_tracking":false,"_monsterinsights_sitenote_active":false,"_monsterinsights_sitenote_note":"","_monsterinsights_sitenote_category":0,"footnotes":""},"categories":[49],"tags":[],"class_list":["post-145317","post","type-post","status-publish","format-standard","has-post-thumbnail","hentry","category-news-18","category-49","description-off"],"img_url":"https:\/\/www.radiopiu.net\/wordpress\/wp-content\/uploads\/2020\/06\/PHOTO-2020-06-19-14-52-299.jpg","_links":{"self":[{"href":"https:\/\/www.radiopiu.net\/wordpress\/wp-json\/wp\/v2\/posts\/145317","targetHints":{"allow":["GET"]}}],"collection":[{"href":"https:\/\/www.radiopiu.net\/wordpress\/wp-json\/wp\/v2\/posts"}],"about":[{"href":"https:\/\/www.radiopiu.net\/wordpress\/wp-json\/wp\/v2\/types\/post"}],"author":[{"embeddable":true,"href":"https:\/\/www.radiopiu.net\/wordpress\/wp-json\/wp\/v2\/users\/4"}],"replies":[{"embeddable":true,"href":"https:\/\/www.radiopiu.net\/wordpress\/wp-json\/wp\/v2\/comments?post=145317"}],"version-history":[{"count":0,"href":"https:\/\/www.radiopiu.net\/wordpress\/wp-json\/wp\/v2\/posts\/145317\/revisions"}],"wp:featuredmedia":[{"embeddable":true,"href":"https:\/\/www.radiopiu.net\/wordpress\/wp-json\/wp\/v2\/media\/145315"}],"wp:attachment":[{"href":"https:\/\/www.radiopiu.net\/wordpress\/wp-json\/wp\/v2\/media?parent=145317"}],"wp:term":[{"taxonomy":"category","embeddable":true,"href":"https:\/\/www.radiopiu.net\/wordpress\/wp-json\/wp\/v2\/categories?post=145317"},{"taxonomy":"post_tag","embeddable":true,"href":"https:\/\/www.radiopiu.net\/wordpress\/wp-json\/wp\/v2\/tags?post=145317"}],"curies":[{"name":"wp","href":"https:\/\/api.w.org\/{rel}","templated":true}]}}