{"id":145348,"date":"2020-06-20T13:39:39","date_gmt":"2020-06-20T11:39:39","guid":{"rendered":"https:\/\/www.radiopiu.net\/wordpress\/?p=145348"},"modified":"2020-06-20T14:58:50","modified_gmt":"2020-06-20T12:58:50","slug":"semaforo-a-candaten-e-la-stanga-lordinanza-sara-rispettata-in-caso-contrario-e-previsto-il-controllo-con-i-movieri","status":"publish","type":"post","link":"https:\/\/www.radiopiu.net\/wordpress\/semaforo-a-candaten-e-la-stanga-lordinanza-sara-rispettata-in-caso-contrario-e-previsto-il-controllo-con-i-movieri\/","title":{"rendered":"SEMAFORO A CANDATEN E LA STANGA, FINE SETTIMANA DI PASSIONE. CHI CONTROLLA GLI ADDETTI AI LAVORI CHE RISPETTINO LE ORDINANZE?"},"content":{"rendered":"<blockquote>\n<h3><\/h3>\n<\/blockquote>\n<p><strong><a class=\"dt-pswp-item\" href=\"https:\/\/www.radiopiu.net\/wordpress\/wp-content\/uploads\/2020\/06\/581639d4-778b-4f7a-97e6-b12433e24866.jpg\" data-dt-img-description=\"\" data-large_image_width=\"2048\" data-large_image_height=\"1024\"><img loading=\"lazy\" decoding=\"async\" class=\"alignleft wp-image-145365\" src=\"https:\/\/www.radiopiu.net\/wordpress\/wp-content\/uploads\/2020\/06\/581639d4-778b-4f7a-97e6-b12433e24866-300x150.jpg\" alt=\"\" width=\"218\" height=\"109\" srcset=\"https:\/\/www.radiopiu.net\/wordpress\/wp-content\/uploads\/2020\/06\/581639d4-778b-4f7a-97e6-b12433e24866-300x150.jpg 300w, https:\/\/www.radiopiu.net\/wordpress\/wp-content\/uploads\/2020\/06\/581639d4-778b-4f7a-97e6-b12433e24866-1024x512.jpg 1024w, https:\/\/www.radiopiu.net\/wordpress\/wp-content\/uploads\/2020\/06\/581639d4-778b-4f7a-97e6-b12433e24866-768x384.jpg 768w, https:\/\/www.radiopiu.net\/wordpress\/wp-content\/uploads\/2020\/06\/581639d4-778b-4f7a-97e6-b12433e24866-1536x768.jpg 1536w, https:\/\/www.radiopiu.net\/wordpress\/wp-content\/uploads\/2020\/06\/581639d4-778b-4f7a-97e6-b12433e24866.jpg 2048w\" sizes=\"auto, (max-width: 218px) 100vw, 218px\" \/><\/a><a class=\"dt-pswp-item\" href=\"https:\/\/www.radiopiu.net\/wordpress\/wp-content\/uploads\/2020\/06\/b321ab96-526f-48f6-a948-b04c00a89c50.jpg\" data-dt-img-description=\"\" data-large_image_width=\"1024\" data-large_image_height=\"2048\"><img loading=\"lazy\" decoding=\"async\" class=\"size-medium wp-image-145367 alignright\" src=\"https:\/\/www.radiopiu.net\/wordpress\/wp-content\/uploads\/2020\/06\/b321ab96-526f-48f6-a948-b04c00a89c50-150x300.jpg\" alt=\"\" width=\"150\" height=\"300\" srcset=\"https:\/\/www.radiopiu.net\/wordpress\/wp-content\/uploads\/2020\/06\/b321ab96-526f-48f6-a948-b04c00a89c50-150x300.jpg 150w, https:\/\/www.radiopiu.net\/wordpress\/wp-content\/uploads\/2020\/06\/b321ab96-526f-48f6-a948-b04c00a89c50-512x1024.jpg 512w, https:\/\/www.radiopiu.net\/wordpress\/wp-content\/uploads\/2020\/06\/b321ab96-526f-48f6-a948-b04c00a89c50-768x1536.jpg 768w, https:\/\/www.radiopiu.net\/wordpress\/wp-content\/uploads\/2020\/06\/b321ab96-526f-48f6-a948-b04c00a89c50.jpg 1024w\" sizes=\"auto, (max-width: 150px) 100vw, 150px\" \/><\/a>SEDICO<\/strong> Dall&#8217;ordinanza di Veneto Strade leggiamo che il senso unico alternato tra Peron e Candaten rimarr\u00e0 in vigore fino al 31 luglio, ma leggiamo anche esclusi sabato e domenica. Allora perch\u00e9 stamane i semafori sono accesi e dei movieri manco l&#8217;ombra?. Perch\u00e9\u00a0 i mezzi operativi sono\u00a0 sulla strada che risulta non percorribile con i canali di scavo &#8220;aperti&#8221; su parte della carreggiata. Stessa situazione davanti alla centrale dell&#8217;Enel.\u00a0 \u00a0Se nei giorni feriali in concomitanza con gli spostamenti verso Luxottica \u00e8 previsto il servizio dei movieri, perch\u00e8 questo non accade per favorire i grandi flussi turistici\u00a0 anche nei giorni festivi e prefestivi visto che l&#8217;ordinanza non trova concretezza nelle direttive di Veneto Strade?. La questione preoccupa perch\u00e9 al sabato e alla domenica l&#8217;afflusso di turisti verso la montagna \u00e8 notevole, di conseguenza \u00e8 facile immaginare che si formeranno lunghe code al mattino verso l&#8217;Agordino e in serata nei flussi di ritorno e le telefonate alle forze dell&#8217;ordine sono assicurate. Speriamo di sbagliarci, auspichiamo cio\u00e8 che qualcuno abbia davvero pensato a far rispettare quanto previsto, semmai ad imporre il controllo con movieri (qualcuno riferisce che ci sia poca attenzione anche nel corso dei giorni feriali dove spesso chi va o ritorna dalla fabbrica \u00e8 in balia solo del semaforo) altrimenti le critiche e le polemiche non mancheranno e il gi\u00e0 bastonato turismo-covid19 non ne ha proprio bisogno<\/p>\n","protected":false},"excerpt":{"rendered":"<p>SEDICO Dall&#8217;ordinanza di Veneto Strade leggiamo che il senso unico alternato tra Peron e Candaten rimarr\u00e0 in vigore fino al 31 luglio, ma leggiamo anche esclusi sabato e domenica. Allora perch\u00e9 stamane i semafori sono accesi e dei movieri manco l&#8217;ombra?. Perch\u00e9\u00a0 i mezzi operativi sono\u00a0 sulla strada che risulta non percorribile con i canali&hellip;<\/p>\n","protected":false},"author":4,"featured_media":145365,"comment_status":"closed","ping_status":"closed","sticky":false,"template":"","format":"standard","meta":{"_monsterinsights_skip_tracking":false,"_monsterinsights_sitenote_active":false,"_monsterinsights_sitenote_note":"","_monsterinsights_sitenote_category":0,"footnotes":""},"categories":[49],"tags":[],"class_list":["post-145348","post","type-post","status-publish","format-standard","has-post-thumbnail","hentry","category-news-18","category-49","description-off"],"img_url":"https:\/\/www.radiopiu.net\/wordpress\/wp-content\/uploads\/2020\/06\/581639d4-778b-4f7a-97e6-b12433e24866.jpg","_links":{"self":[{"href":"https:\/\/www.radiopiu.net\/wordpress\/wp-json\/wp\/v2\/posts\/145348","targetHints":{"allow":["GET"]}}],"collection":[{"href":"https:\/\/www.radiopiu.net\/wordpress\/wp-json\/wp\/v2\/posts"}],"about":[{"href":"https:\/\/www.radiopiu.net\/wordpress\/wp-json\/wp\/v2\/types\/post"}],"author":[{"embeddable":true,"href":"https:\/\/www.radiopiu.net\/wordpress\/wp-json\/wp\/v2\/users\/4"}],"replies":[{"embeddable":true,"href":"https:\/\/www.radiopiu.net\/wordpress\/wp-json\/wp\/v2\/comments?post=145348"}],"version-history":[{"count":0,"href":"https:\/\/www.radiopiu.net\/wordpress\/wp-json\/wp\/v2\/posts\/145348\/revisions"}],"wp:featuredmedia":[{"embeddable":true,"href":"https:\/\/www.radiopiu.net\/wordpress\/wp-json\/wp\/v2\/media\/145365"}],"wp:attachment":[{"href":"https:\/\/www.radiopiu.net\/wordpress\/wp-json\/wp\/v2\/media?parent=145348"}],"wp:term":[{"taxonomy":"category","embeddable":true,"href":"https:\/\/www.radiopiu.net\/wordpress\/wp-json\/wp\/v2\/categories?post=145348"},{"taxonomy":"post_tag","embeddable":true,"href":"https:\/\/www.radiopiu.net\/wordpress\/wp-json\/wp\/v2\/tags?post=145348"}],"curies":[{"name":"wp","href":"https:\/\/api.w.org\/{rel}","templated":true}]}}