{"id":145389,"date":"2020-06-19T21:05:05","date_gmt":"2020-06-19T19:05:05","guid":{"rendered":"https:\/\/www.radiopiu.net\/wordpress\/?p=145389"},"modified":"2020-06-19T21:07:50","modified_gmt":"2020-06-19T19:07:50","slug":"sicuri-sul-sentiero-domani-dalle-dolomiti-evento-online-per-la-sicurezza-in-montagna","status":"publish","type":"post","link":"https:\/\/www.radiopiu.net\/wordpress\/sicuri-sul-sentiero-domani-dalle-dolomiti-evento-online-per-la-sicurezza-in-montagna\/","title":{"rendered":"SICURI SUL SENTIERO, DOMANI DALLE DOLOMITI EVENTO ONLINE PER LA SICUREZZA IN MONTAGNA"},"content":{"rendered":"<p><strong><img loading=\"lazy\" decoding=\"async\" class=\"alignleft\" src=\"https:\/\/www.radiopiu.net\/wordpress\/wp-content\/uploads\/2018\/08\/soccorsoalpino-300x300.jpg\" width=\"170\" height=\"170\" \/>BELLUNO<\/strong>\u00a0 Appassionati e frequentatori della montagna, alle 21.00 di domani, sabato 20 giugno, tenetevi liberi! Occhi puntati sull\u2019iniziativa \u201cSicuri sul Sentiero\u201d, quest\u2019anno organizzata completamente online. Una diretta Facebook, dal rifugio Scoiattoli di Cortina d\u2019Ampezzo, durante la quale verranno proposti consigli, suggerimenti e novit\u00e0 per affrontare in sicurezza la stagione estiva, ormai iniziata. Con alcune sorprese. L\u2019evento fa parte del progetto \u201cSicuri in Montagna\u201d, che quest\u2019anno festeggia i 20 anni dalla fondazione: \u00e8 organizzato dalla Direzione Nazionale del Corpo Nazionale Soccorso Alpino e Speleologico, con il Club Alpino Italiano e la media partnership di TPI \u2013 The Post Internazionale. Alle 21.00 inizier\u00e0 una diretta Facebook sulla pagina ufficiale del Corpo Nazionale Soccorso Alpino e Speleologico e sulla pagina di TPI \u2013 The Post Internazionale: il collegamento sar\u00e0 dal Rifugio Scoiattoli, sopra Cortina d\u2019Ampezzo, proprio di fronte alle Cinque Torri, uno degli spettacoli pi\u00f9 entusiasmanti delle Dolomiti. Tanti gli ospiti: istruttori del Soccorso Alpino e Speleologico, personalit\u00e0 della montagna, testimoni diretti di salvataggi particolarmente complessi e i piloti dell\u2019Aiut Alpin Dolomites, i \u201cmitici\u201d fratelli Kostner di Ortisei, ai quali andr\u00e0 un particolare riconoscimento. L\u2019evento \u00e8 particolarmente attuale, dopo il lungo lockdown del Coronavirus: secondo il Soccorso Alpino e Speleologico la montagna quest\u2019anno sar\u00e0 particolarmente frequentata, anche da persone meno esperte e formate. Ecco perch\u00e9 informazione e prevenzione sono pi\u00f9 che mail fra le nostre priorit\u00e0 del 2020.<\/p>\n<p>Per info: area news del sito www.cnsas.it\u00a0 O contatta: Walter Milan, responsabile nazionale comunicazione CNSAS, coordinamentostampa@cnsas.it<\/p>\n","protected":false},"excerpt":{"rendered":"<p>BELLUNO\u00a0 Appassionati e frequentatori della montagna, alle 21.00 di domani, sabato 20 giugno, tenetevi liberi! Occhi puntati sull\u2019iniziativa \u201cSicuri sul Sentiero\u201d, quest\u2019anno organizzata completamente online. Una diretta Facebook, dal rifugio Scoiattoli di Cortina d\u2019Ampezzo, durante la quale verranno proposti consigli, suggerimenti e novit\u00e0 per affrontare in sicurezza la stagione estiva, ormai iniziata. Con alcune sorprese.&hellip;<\/p>\n","protected":false},"author":1,"featured_media":59164,"comment_status":"closed","ping_status":"closed","sticky":false,"template":"","format":"standard","meta":{"_monsterinsights_skip_tracking":false,"_monsterinsights_sitenote_active":false,"_monsterinsights_sitenote_note":"","_monsterinsights_sitenote_category":0,"footnotes":""},"categories":[49],"tags":[],"class_list":["post-145389","post","type-post","status-publish","format-standard","has-post-thumbnail","hentry","category-news-18","category-49","description-off"],"img_url":"https:\/\/www.radiopiu.net\/wordpress\/wp-content\/uploads\/2018\/08\/soccorsoalpino.jpg","_links":{"self":[{"href":"https:\/\/www.radiopiu.net\/wordpress\/wp-json\/wp\/v2\/posts\/145389","targetHints":{"allow":["GET"]}}],"collection":[{"href":"https:\/\/www.radiopiu.net\/wordpress\/wp-json\/wp\/v2\/posts"}],"about":[{"href":"https:\/\/www.radiopiu.net\/wordpress\/wp-json\/wp\/v2\/types\/post"}],"author":[{"embeddable":true,"href":"https:\/\/www.radiopiu.net\/wordpress\/wp-json\/wp\/v2\/users\/1"}],"replies":[{"embeddable":true,"href":"https:\/\/www.radiopiu.net\/wordpress\/wp-json\/wp\/v2\/comments?post=145389"}],"version-history":[{"count":0,"href":"https:\/\/www.radiopiu.net\/wordpress\/wp-json\/wp\/v2\/posts\/145389\/revisions"}],"wp:featuredmedia":[{"embeddable":true,"href":"https:\/\/www.radiopiu.net\/wordpress\/wp-json\/wp\/v2\/media\/59164"}],"wp:attachment":[{"href":"https:\/\/www.radiopiu.net\/wordpress\/wp-json\/wp\/v2\/media?parent=145389"}],"wp:term":[{"taxonomy":"category","embeddable":true,"href":"https:\/\/www.radiopiu.net\/wordpress\/wp-json\/wp\/v2\/categories?post=145389"},{"taxonomy":"post_tag","embeddable":true,"href":"https:\/\/www.radiopiu.net\/wordpress\/wp-json\/wp\/v2\/tags?post=145389"}],"curies":[{"name":"wp","href":"https:\/\/api.w.org\/{rel}","templated":true}]}}