{"id":145509,"date":"2020-06-21T09:14:05","date_gmt":"2020-06-21T07:14:05","guid":{"rendered":"https:\/\/www.radiopiu.net\/wordpress\/?p=145509"},"modified":"2020-06-21T09:14:28","modified_gmt":"2020-06-21T07:14:28","slug":"cade-con-la-mountain-bike-e-si-ferisce-al-collo","status":"publish","type":"post","link":"https:\/\/www.radiopiu.net\/wordpress\/cade-con-la-mountain-bike-e-si-ferisce-al-collo\/","title":{"rendered":"CADE CON LA MOUNTAIN BIKE E SI FERISCE AL COLLO, INCIDENTE SENZA FERITI A PONTE NELLE ALPI, CADONO PEZZI DI MURO IN STRADA IN VIA MONTEGRAPPA"},"content":{"rendered":"<p><strong><img decoding=\"async\" src=\"https:\/\/www.radiopiu.net\/wordpress\/wp-content\/uploads\/2020\/06\/ELICOTTERO-SUEM.jpg\" \/>AURONZO<\/strong>\u00a0 Attorno alle 14.30 la Centrale del 118 \u00e8 stata allertata dai compagni di un ciclista che era caduto con la propria mountain bike in localit\u00e0 Stabin, non distante dal Tabi\u00e0 Dal Monego. L&#8217;uomo, A.Z., 69 anni, di Spinea (VE), era ruzzolato a lato delle strada sterrata che stava percorrendo e il ramo di un albero lo aveva ferito all&#8217;altezza del collo. Mentre gli amici tamponavano il taglio seguendo le istruzioni degli operatori al cellulare, sul posto si \u00e8 portato l&#8217;elicottero del Suem di Pieve di Cadore, che, una volta individuato il luogo dell&#8217;incidente, ha sbarcato con un verricello di 40 metri tecnico di elisoccorso ed equipe medica. Subito sono state prestate le prime cure, per poi imbarcare l&#8217;infortunato e trasportarlo all&#8217;ospedale di Belluno.<\/p>\n<p><strong>PONTE NELLE ALP<\/strong>I Incidente \u00a0al\u00a0 ponte di Santa Caterina. Un&#8217;auto con tre giovani a bordo si \u00e8 scontrata in curva con un mezzo che procedeva in senso opposto. Sul posto, Vigili del fuoco e alcune pattuglie dei Carabinieri, che hanno bloccato il traffico all\u2019ingresso del ponte.\u00a0 Fortunatamente, non ci sono state\u00a0 conseguenze per le persone<\/p>\n<p><strong>BELLUNO<\/strong> Parti di muro di una casa sono caduti in strada in via monte grappa,<strong> strada chiusa\u00a0 in seguito ordinanza VENETO STRADE<\/strong> S.P. 1 \u201cdella Sinistra Piave \u201d dalla progressiva km 8+665 (loc. bivio Anconetta) alla progressiva km 9+400 ca (loc. Rotatoria di Visome) per caduta materiali, intonaci, tavolame del tetto da fabbricato lato sx alla sede stradale, la relativa segnaletica di chiusura \u00e8 installata in loco. . FOTO VIABILITA&#8217; PROVINCIA DI BELLUNO <em>SU TELEGRAM\u00a0<\/em><\/p>\n<p><a class=\"dt-pswp-item\" href=\"https:\/\/www.radiopiu.net\/wordpress\/wp-content\/uploads\/2020\/06\/15919ebf-f966-4f49-bee9-f461e91b0bf6.jpg\" data-dt-img-description=\"\" data-large_image_width=\"320\" data-large_image_height=\"240\">\u00a0<img loading=\"lazy\" decoding=\"async\" class=\"alignleft size-medium wp-image-145516\" src=\"https:\/\/www.radiopiu.net\/wordpress\/wp-content\/uploads\/2020\/06\/15919ebf-f966-4f49-bee9-f461e91b0bf6-300x225.jpg\" alt=\"\" width=\"300\" height=\"225\" srcset=\"https:\/\/www.radiopiu.net\/wordpress\/wp-content\/uploads\/2020\/06\/15919ebf-f966-4f49-bee9-f461e91b0bf6-300x225.jpg 300w, https:\/\/www.radiopiu.net\/wordpress\/wp-content\/uploads\/2020\/06\/15919ebf-f966-4f49-bee9-f461e91b0bf6.jpg 320w\" sizes=\"auto, (max-width: 300px) 100vw, 300px\" \/><\/a><\/p>\n","protected":false},"excerpt":{"rendered":"<p>AURONZO\u00a0 Attorno alle 14.30 la Centrale del 118 \u00e8 stata allertata dai compagni di un ciclista che era caduto con la propria mountain bike in localit\u00e0 Stabin, non distante dal Tabi\u00e0 Dal Monego. L&#8217;uomo, A.Z., 69 anni, di Spinea (VE), era ruzzolato a lato delle strada sterrata che stava percorrendo e il ramo di un&hellip;<\/p>\n","protected":false},"author":1,"featured_media":142190,"comment_status":"closed","ping_status":"closed","sticky":false,"template":"","format":"standard","meta":{"_monsterinsights_skip_tracking":false,"_monsterinsights_sitenote_active":false,"_monsterinsights_sitenote_note":"","_monsterinsights_sitenote_category":0,"footnotes":""},"categories":[51,49],"tags":[],"class_list":["post-145509","post","type-post","status-publish","format-standard","has-post-thumbnail","hentry","category-evidenza-top","category-news-18","category-51","category-49","description-off"],"img_url":"https:\/\/www.radiopiu.net\/wordpress\/wp-content\/uploads\/2020\/06\/ELICOTTERO-SUEM.jpg","_links":{"self":[{"href":"https:\/\/www.radiopiu.net\/wordpress\/wp-json\/wp\/v2\/posts\/145509","targetHints":{"allow":["GET"]}}],"collection":[{"href":"https:\/\/www.radiopiu.net\/wordpress\/wp-json\/wp\/v2\/posts"}],"about":[{"href":"https:\/\/www.radiopiu.net\/wordpress\/wp-json\/wp\/v2\/types\/post"}],"author":[{"embeddable":true,"href":"https:\/\/www.radiopiu.net\/wordpress\/wp-json\/wp\/v2\/users\/1"}],"replies":[{"embeddable":true,"href":"https:\/\/www.radiopiu.net\/wordpress\/wp-json\/wp\/v2\/comments?post=145509"}],"version-history":[{"count":0,"href":"https:\/\/www.radiopiu.net\/wordpress\/wp-json\/wp\/v2\/posts\/145509\/revisions"}],"wp:featuredmedia":[{"embeddable":true,"href":"https:\/\/www.radiopiu.net\/wordpress\/wp-json\/wp\/v2\/media\/142190"}],"wp:attachment":[{"href":"https:\/\/www.radiopiu.net\/wordpress\/wp-json\/wp\/v2\/media?parent=145509"}],"wp:term":[{"taxonomy":"category","embeddable":true,"href":"https:\/\/www.radiopiu.net\/wordpress\/wp-json\/wp\/v2\/categories?post=145509"},{"taxonomy":"post_tag","embeddable":true,"href":"https:\/\/www.radiopiu.net\/wordpress\/wp-json\/wp\/v2\/tags?post=145509"}],"curies":[{"name":"wp","href":"https:\/\/api.w.org\/{rel}","templated":true}]}}