{"id":145523,"date":"2020-06-20T19:57:21","date_gmt":"2020-06-20T17:57:21","guid":{"rendered":"https:\/\/www.radiopiu.net\/wordpress\/?p=145523"},"modified":"2020-06-20T19:57:21","modified_gmt":"2020-06-20T17:57:21","slug":"riaprono-i-rifugi-il-messaggio-del-presidente-regionale-del-cai-renato-frigo","status":"publish","type":"post","link":"https:\/\/www.radiopiu.net\/wordpress\/riaprono-i-rifugi-il-messaggio-del-presidente-regionale-del-cai-renato-frigo\/","title":{"rendered":"RIAPRONO I RIFUGI IL MESSAGGIO DEL PRESIDENTE REGIONALE DEL CAI RENATO FRIGO"},"content":{"rendered":"<p><a class=\"dt-pswp-item\" href=\"https:\/\/www.radiopiu.net\/wordpress\/wp-content\/uploads\/2020\/06\/5cb6ab6a-4759-47b6-8c07-5f8957d7d93f.jpg\" data-dt-img-description=\"\" data-large_image_width=\"2048\" data-large_image_height=\"1024\"><img loading=\"lazy\" decoding=\"async\" class=\"alignleft size-medium wp-image-145524\" src=\"https:\/\/www.radiopiu.net\/wordpress\/wp-content\/uploads\/2020\/06\/5cb6ab6a-4759-47b6-8c07-5f8957d7d93f-300x150.jpg\" alt=\"\" width=\"300\" height=\"150\" srcset=\"https:\/\/www.radiopiu.net\/wordpress\/wp-content\/uploads\/2020\/06\/5cb6ab6a-4759-47b6-8c07-5f8957d7d93f-300x150.jpg 300w, https:\/\/www.radiopiu.net\/wordpress\/wp-content\/uploads\/2020\/06\/5cb6ab6a-4759-47b6-8c07-5f8957d7d93f-1024x512.jpg 1024w, https:\/\/www.radiopiu.net\/wordpress\/wp-content\/uploads\/2020\/06\/5cb6ab6a-4759-47b6-8c07-5f8957d7d93f-768x384.jpg 768w, https:\/\/www.radiopiu.net\/wordpress\/wp-content\/uploads\/2020\/06\/5cb6ab6a-4759-47b6-8c07-5f8957d7d93f-1536x768.jpg 1536w, https:\/\/www.radiopiu.net\/wordpress\/wp-content\/uploads\/2020\/06\/5cb6ab6a-4759-47b6-8c07-5f8957d7d93f.jpg 2048w\" sizes=\"auto, (max-width: 300px) 100vw, 300px\" \/><\/a>Si riparte, con questo fine settimana quasi tutti i rifugi in quota vengono riaperti. Questo \u00e8 il punto di arrivo che non era cos\u00ec scontato nei mesi scorsi. I gestori dei rifugi alpini hanno dimostrato una grande forza di volont\u00e0, nonostante il clima di incertezza sia di natura economica, e sia per l\u2019applicazione delle disposizione fortemente limitanti atte al contenimento della diffusione del COVID 19. Ma la forte determinazione ha permesso di superare gli ostacoli, adeguando i rifugi, nel rispetto della normativa, con qualche difficolt\u00e0 in pi\u00f9, vista la peculiarit\u00e0 degli ambienti assolutamente non paragonabili agli alberghi, per essere pronti ad iniziare da oggi la stagione. Il Cai ha cercato di favorire in tutti i modi la riapertura, manifestato pi\u00f9 volte la vicinanza ai gestori dei rifugi , non solo a parole, ma procedendo alla sospensione degli affitti, con disponibilit\u00e0, a fine stagione, ove occorresse, andare a revisionare gli importi. In questi giorni sono previste le consegne dei kit gratuiti anti COVID 19 composti da: ozonizzatore, termometro elettronico, saturimetro e tutta la cartellonistica informativa. L\u2019applicazione della norma riguardante il distanziamento di 1,50 m, nei rifugi ha comportato una importante riduzione dell\u2019ospitalit\u00e0. Per meglio gestire la ridotta capacit\u00e0 ricettiva, la prenotazione \u00e8 diventa<br \/>\nobbligatoria per pranzi, cene e pernottamenti, il rispetto degli orari concordati \u00e8 fondamentale per poter dare un servizio a tutti, evitando gli assembramenti. I rifugi sono da sempre luoghi di riparo, di primo soccorso e di supporto agli escursionisti in presenza di: &#8211; condizioni meteorologiche avverse (non solo pioggia ma anche vento, basse temperature, ecc.); &#8211; nelle ore serali o notturne; &#8211; in caso di difficolt\u00e0 dell\u2019escursionista o di necessit\u00e0 di sosta. In queste situazioni critiche il rifugio dovr\u00e0 dare ricovero anche se questo potrebbe comportare un sovraffollamento degli ambienti, quindi il non rispetto delle disposizioni sul distanziamento. A tutti i frequentatori dell\u2019ambiente alpino non smetteremo mai di ricordare di avere sempre: un adeguato abbigliamento, di aver coscienza dei propri limiti nella scelta delle escursioni e se il caso di saper rinunciare, di portarsi a casa i propri rifiuti, di mantenere con le persone una rispettosa distanza di almeno 1 metro, di avere a portata di mano: mascherina, gel, ma soprattutto un ciao o un buongiorno non deve essere negato a nessuno Responsabilit\u00e0, autoregolamentazione e prudenza devono ispirare, ancora di pi\u00f9, in questo periodoogni frequentatore della montagna.<br \/>\nBuona montagna a tutti, RENATO FRIGO PRESIDENTE REGIONALE CAI VENETO<\/p>\n<p><strong><em>in foto: FOTOGRAFIA SU UN&#8217;ABITAZIONE DI POLPET DI A. BONA.. SIAMO RIMASTI AFFASCINATI DALLA BELLEZZA DEL CIVETTA E VAZZOLER MAGISTRALMENTE DIPINTI\u00a0<\/em><\/strong><\/p>\n","protected":false},"excerpt":{"rendered":"<p>Si riparte, con questo fine settimana quasi tutti i rifugi in quota vengono riaperti. Questo \u00e8 il punto di arrivo che non era cos\u00ec scontato nei mesi scorsi. I gestori dei rifugi alpini hanno dimostrato una grande forza di volont\u00e0, nonostante il clima di incertezza sia di natura economica, e sia per l\u2019applicazione delle disposizione&hellip;<\/p>\n","protected":false},"author":1,"featured_media":145524,"comment_status":"closed","ping_status":"closed","sticky":false,"template":"","format":"standard","meta":{"_monsterinsights_skip_tracking":false,"_monsterinsights_sitenote_active":false,"_monsterinsights_sitenote_note":"","_monsterinsights_sitenote_category":0,"footnotes":""},"categories":[51,49],"tags":[],"class_list":["post-145523","post","type-post","status-publish","format-standard","has-post-thumbnail","hentry","category-evidenza-top","category-news-18","category-51","category-49","description-off"],"img_url":"https:\/\/www.radiopiu.net\/wordpress\/wp-content\/uploads\/2020\/06\/5cb6ab6a-4759-47b6-8c07-5f8957d7d93f.jpg","_links":{"self":[{"href":"https:\/\/www.radiopiu.net\/wordpress\/wp-json\/wp\/v2\/posts\/145523","targetHints":{"allow":["GET"]}}],"collection":[{"href":"https:\/\/www.radiopiu.net\/wordpress\/wp-json\/wp\/v2\/posts"}],"about":[{"href":"https:\/\/www.radiopiu.net\/wordpress\/wp-json\/wp\/v2\/types\/post"}],"author":[{"embeddable":true,"href":"https:\/\/www.radiopiu.net\/wordpress\/wp-json\/wp\/v2\/users\/1"}],"replies":[{"embeddable":true,"href":"https:\/\/www.radiopiu.net\/wordpress\/wp-json\/wp\/v2\/comments?post=145523"}],"version-history":[{"count":0,"href":"https:\/\/www.radiopiu.net\/wordpress\/wp-json\/wp\/v2\/posts\/145523\/revisions"}],"wp:featuredmedia":[{"embeddable":true,"href":"https:\/\/www.radiopiu.net\/wordpress\/wp-json\/wp\/v2\/media\/145524"}],"wp:attachment":[{"href":"https:\/\/www.radiopiu.net\/wordpress\/wp-json\/wp\/v2\/media?parent=145523"}],"wp:term":[{"taxonomy":"category","embeddable":true,"href":"https:\/\/www.radiopiu.net\/wordpress\/wp-json\/wp\/v2\/categories?post=145523"},{"taxonomy":"post_tag","embeddable":true,"href":"https:\/\/www.radiopiu.net\/wordpress\/wp-json\/wp\/v2\/tags?post=145523"}],"curies":[{"name":"wp","href":"https:\/\/api.w.org\/{rel}","templated":true}]}}