{"id":145549,"date":"2020-06-22T05:50:02","date_gmt":"2020-06-22T03:50:02","guid":{"rendered":"https:\/\/www.radiopiu.net\/wordpress\/?p=145549"},"modified":"2020-06-22T09:28:36","modified_gmt":"2020-06-22T07:28:36","slug":"giornale-radiopiu-22-giugno-2020-direttore-mirko-mezzacasa","status":"publish","type":"post","link":"https:\/\/www.radiopiu.net\/wordpress\/giornale-radiopiu-22-giugno-2020-direttore-mirko-mezzacasa\/","title":{"rendered":"GIORNALE RADIOPIU 22 GIUGNO 2020 DIRETTORE MIRKO MEZZACASA"},"content":{"rendered":"<h3><strong>PER RICEVERE QUESTO NOTIZIARIO DIRETTAMENTE SUL TUO CELLULARE ISCRIVITI AL CANALE TELEGRAM\u00a0<\/strong><strong>\u201cRADIO PIU\u00a0 INFORMAZIONE\u201d\u00a0<\/strong><\/h3>\n<p>&nbsp;<\/p>\n<hr \/>\n<p>&nbsp;<\/p>\n<p><strong><i>Gestione Servizi Pubblici informa che, per lavori alla rete idrica comunale, domani dalle 8 a fine lavori, verr\u00e0 sospesa l\u2019erogazione dell\u2019acqua a Rocca Pietore in localit\u00e0 <\/i><i>localita\u2019 capoluogo, Sottoguda, Palue, Boscoverde, Col di Rocca, Soraru, Pezz\u00e8, Condio\u00a0<\/i><i>e Saviner di Laste. Sempre\u00a0 domani dalle 8 a fine lavori sospensione dell\u2019erogazione d\u2019acqua per lavori anche a Taibon in frazione Villanova, Taibon centro, nelle piazze Vecchia e della Chiesa nonch\u00e9 nelle vie Dante Alighieri, San Lucano, Riva Granda e Caravaggio.<\/i><\/strong><\/p>\n<p>&nbsp;<\/p>\n<hr \/>\n<p>&nbsp;<\/p>\n<p><strong>Gestione Servizi Pubblici informa che a LIVINALLONGO DEL COL DI LANA nelle LOCALITA\u2019 LARZONEI, SALESEI DI SOPRA, SALESEI DI SOTTO, PIAN DI SALESEI, SALESEI, SOTTOCREPA e FOPPA l\u2019acqua erogata dall\u2019acquedotto non \u00e8 potabile e pu\u00f2 essere usata per scopi alimentari SOLO PREVIA bollitura<\/strong><\/p>\n<p>&nbsp;<\/p>\n<hr \/>\n<p>&nbsp;<\/p>\n<p><em><strong>PROVINCIALE 20 CAPRILE-SELVA DI CADORE.\u00a0 CHIUSA\u00a0 FINO\u00a0 AL 4 LUGLIO IN LOCALITA\u2019 SOLATOR ANCHE SABATO E DOMENICA. TRANSITO CONSENTITO AI LOCALI CON TEMPI DI ATTESA FINO A 30 MINUTI<\/strong><\/em><\/p>\n<p><em><strong>203 AGORDINA, FINO\u00a0 AL 30 LUGLIO ESCLUSI FESTIVI E PREFESTIVI SENSO UNICO ALTERNATO TRA CANDATEN E PERON. DALLE 730 ALLE 9 E DALLE 1630 ALLE 18 CON MOVIERI, NEGLI ALTRI ORARI SEMAFORO\u00a0<\/strong><\/em><\/p>\n<p>&nbsp;<\/p>\n<hr \/>\n<p>&nbsp;<\/p>\n<blockquote>\n<h3>COME PREVISTO, LO DICEVAMO DA TRE GIORNI MA NESSUNO SI E&#8217; PREOCCUPATO DI BUTTARE IL SALVAGENTE AL TURISMO<\/h3>\n<\/blockquote>\n<p><strong><a class=\"dt-pswp-item\" href=\"https:\/\/www.radiopiu.net\/wordpress\/wp-content\/uploads\/2020\/06\/0a907c9a-652f-40d3-936b-831cb1166792.jpg\" data-dt-img-description=\"\" data-large_image_width=\"720\" data-large_image_height=\"1440\"><img loading=\"lazy\" decoding=\"async\" class=\"alignleft size-medium wp-image-145612\" src=\"https:\/\/www.radiopiu.net\/wordpress\/wp-content\/uploads\/2020\/06\/0a907c9a-652f-40d3-936b-831cb1166792-150x300.jpg\" alt=\"\" width=\"150\" height=\"300\" srcset=\"https:\/\/www.radiopiu.net\/wordpress\/wp-content\/uploads\/2020\/06\/0a907c9a-652f-40d3-936b-831cb1166792-150x300.jpg 150w, https:\/\/www.radiopiu.net\/wordpress\/wp-content\/uploads\/2020\/06\/0a907c9a-652f-40d3-936b-831cb1166792-512x1024.jpg 512w, https:\/\/www.radiopiu.net\/wordpress\/wp-content\/uploads\/2020\/06\/0a907c9a-652f-40d3-936b-831cb1166792.jpg 720w\" sizes=\"auto, (max-width: 150px) 100vw, 150px\" \/><\/a>SEDICO<\/strong> Follie di un fine settimana, iniziamo dalla fine, ieri pomeriggio pochi minuti alle 17, lungo la 203 agordina una lunga coda a passo d&#8217;uomo da Brugnach tangenziale fino a La Stanga ( 12,5 chilometri, un tratto che di norma si percorre in 13 minuti non in un&#8217;ora e passa), al semaforo di un cantiere che ieri non ha impiegato alcun operaio, lavori fermi, qualche mezzo parcheggiato in piena carreggiata e un buco sull&#8217;asfalto facile da ricoprire nel rispetto degli utenti della strada. Davanti ai semafori finalmente due movieri della ditta che ha in appalto i lavori che ha precisi ordini da Veneto Strade, presenza di movieri sia al mattino che in serata, \u00e8 da chiedersi se qualcuno si sia degnato di controllare se effettivamente l&#8217;ordinanza venga rispettata. Sabato di buon mattino non solo dalla mezzanotte ad esempio\u00a0 c&#8217;era il semaforo a Candaten nonostante l&#8217;ordinanza si esprimesse in modo chiaro: no cantieri sabato e domenica. Ma sabato mattina c&#8217;erano i semafori e poi ad un certo non c&#8217;erano pi\u00f9,\u00a0 la strada \u00e8 stata liberata. Semplicemente dovuto come da ordini di Veneto Strade. Due cantieri, due ordinanze, perch\u00e9 per La Stanga Veneto Strade prevede che il cantiere sia aperto sempre, sette giorni su sette, non importa se ieri nessuno lavorava. Torniamo a ieri, riavvolgiamo il nastro. Ieri mattina a La Stanga non si \u00e8 visto un moviere, il semaforo ha paralizzato il traffico in ascesa, 2,5 chilometri di coda da noi documentati da La Stanga a Candaten. Ovviamente poche auto in transito tra Agordo e Belluno ma il semaforo non \u00e8 intelligente. Di movieri manco l&#8217;ombra e la mattinata ha creato panico e caos con molti che hanno invertito la marcia e hanno scelto il lago del Mis piuttosto che quello di Santa Croce. Il peggio ieri pomeriggio, fino alle 16.30 a La Stanga stessa storia, manco un moviere e coda fino alla galleria dei Castei, 4-5 chilometri. Poi sono arrivati due uomini a dirigere il traffico quando ormai la coda era fino alla tangenziale di Agordo. Andr\u00e0 cos\u00ec per tutta l&#8217;estate? Anche se alla domenica nessuno lavora? Anche se basterebbe chiudere un fosso e spostare i mezzi a lato strada? La prima domenica come preannunciato \u00e8\u00a0 una bocciatura su tutti i fronti per chi segue i lavori, o li esegue, purtroppo anche per il turismo dell&#8217;Agordino, e da oggi sar\u00e0 da controllare se i movieri nelle ore di punta faranno il loro lavoro evitando ritardi a chi si muove non per sollazzo ma per raggiungere il posto di lavoro<\/p>\n<p>&nbsp;<\/p>\n<p>&nbsp;<\/p>\n<hr \/>\n<div class=\"page-title-head hgroup\">\n<blockquote>\n<h3><\/h3>\n<h3 class=\"entry-title\">INCIDENTE SUL PASSO GIAU: MUORE UN MOTOCICLISTA TRENTINO DI BORGO VALSUGANA, STRADA CHIUSA PER 5 ORE DALLE 14.30<\/h3>\n<\/blockquote>\n<\/div>\n<div class=\"page-title-breadcrumbs\"><strong><a class=\"dt-pswp-item\" href=\"https:\/\/www.radiopiu.net\/wordpress\/wp-content\/uploads\/2020\/06\/foto-logo-1-scaled.jpg\" data-dt-img-description=\"\" data-large_image_width=\"2560\" data-large_image_height=\"1920\"><img loading=\"lazy\" decoding=\"async\" class=\"alignleft size-medium wp-image-145661\" src=\"https:\/\/www.radiopiu.net\/wordpress\/wp-content\/uploads\/2020\/06\/foto-logo-1-300x225.jpg\" alt=\"\" width=\"300\" height=\"225\" srcset=\"https:\/\/www.radiopiu.net\/wordpress\/wp-content\/uploads\/2020\/06\/foto-logo-1-300x225.jpg 300w, https:\/\/www.radiopiu.net\/wordpress\/wp-content\/uploads\/2020\/06\/foto-logo-1-1024x768.jpg 1024w, https:\/\/www.radiopiu.net\/wordpress\/wp-content\/uploads\/2020\/06\/foto-logo-1-768x576.jpg 768w, https:\/\/www.radiopiu.net\/wordpress\/wp-content\/uploads\/2020\/06\/foto-logo-1-1536x1152.jpg 1536w, https:\/\/www.radiopiu.net\/wordpress\/wp-content\/uploads\/2020\/06\/foto-logo-1-2048x1536.jpg 2048w\" sizes=\"auto, (max-width: 300px) 100vw, 300px\" \/><\/a>PASSO GIAU <\/strong>Incidente nel pomeriggio sul Passo Giau. Un motociclista 29enne ha perso la vita. Sul posto i Vigili del Fuoco di Cortina e volontari, rilievi della Polizia Stradale. Nell\u2019incidente coinvolta anche un\u2019auto. La vittima risiedeva nel trentino. Sul posto anche i <a class=\"dt-pswp-item\" href=\"https:\/\/www.radiopiu.net\/wordpress\/wp-content\/uploads\/2020\/06\/90618763_10217095399398152_4236527157767045120_o.jpg\" data-dt-img-description=\"\" data-large_image_width=\"1440\" data-large_image_height=\"1440\"><img loading=\"lazy\" decoding=\"async\" class=\"wp-image-145663 alignright\" src=\"https:\/\/www.radiopiu.net\/wordpress\/wp-content\/uploads\/2020\/06\/90618763_10217095399398152_4236527157767045120_o-300x300.jpg\" alt=\"\" width=\"180\" height=\"180\" srcset=\"https:\/\/www.radiopiu.net\/wordpress\/wp-content\/uploads\/2020\/06\/90618763_10217095399398152_4236527157767045120_o-300x300.jpg 300w, https:\/\/www.radiopiu.net\/wordpress\/wp-content\/uploads\/2020\/06\/90618763_10217095399398152_4236527157767045120_o-1024x1024.jpg 1024w, https:\/\/www.radiopiu.net\/wordpress\/wp-content\/uploads\/2020\/06\/90618763_10217095399398152_4236527157767045120_o-150x150.jpg 150w, https:\/\/www.radiopiu.net\/wordpress\/wp-content\/uploads\/2020\/06\/90618763_10217095399398152_4236527157767045120_o-768x768.jpg 768w, https:\/\/www.radiopiu.net\/wordpress\/wp-content\/uploads\/2020\/06\/90618763_10217095399398152_4236527157767045120_o.jpg 1440w\" sizes=\"auto, (max-width: 180px) 100vw, 180px\" \/><\/a>volontari di Colle Santa Lucia competenti per la parte di rotabile che fa riferimento all\u2019Agordino, l\u2019incidente sul lato verso Cortina quindi hanno provveduto ai soccorsi i volontari ampezzani. Il giovane a bordo di una Kavasaki\u00a0 saliva da Cortina verso Passo Giau, era in testa al gruppo di cinque motociclisti. Ha perso il controllo delle due ruote schiantandosi contro una Volvo, un volo mortale senza via di scampo. Immediati i soccorsi ma per il giovane non c&#8217;\u00e8 stato nulla da fare, \u00e8 morto nel tremendo impatto. Sotto choc il 46enne trevigiano di Conegliano al volante dell&#8217;auto, accanto il figlio e altri due giovani amici (tutti illesi)\u00a0 con la Volvo stava scendendo verso Cortina, Bortolon \u00e8 volato per una decina di metri oltre la vettura. Daniele Bortolon, appassionato di motori (come racconta la pagina facebook) era nato a Borgo Valsugana, residente a Castel Ivano, a dicembre averebbe compiuto 29 anni, lavorava alla Eco Counsulting a Lavis.<\/div>\n<div><\/div>\n<div><\/div>\n<div><\/div>\n<blockquote>\n<div><\/div>\n<\/blockquote>\n<div>\n<hr \/>\n<\/div>\n<div><\/div>\n<blockquote>\n<h2>Distacco di placenta, corsa disperata per raggiungere il San Martino<\/h2>\n<\/blockquote>\n<p><span style=\"color: #ff0000;\">OGGI SUL CORRIERE DELLE ALPI di Paola Dall&#8217;Anese\u00a0<\/span> Distacco della placenta, corsa di un&#8217;ora in ambulanza per raggiungere l&#8217;ospedale di Belluno, taglio cesareo d&#8217;urgenza e poi trasferimento in Terapia intensiva all&#8217;ospedale di Padova per il neonato. Sono state ore di paura e di grande tensione che non sono, per\u00f2, ancora terminate, quelle vissute da una coppia del Comelico che ha dovuto sperimentare sulla propria pelle e su quella del loro primogenito cosa significa vivere in una provincia dove la Regione Veneto ha tagliato negli anni i servizi sanitari e il punto nascite di Pieve di Cadore \u00e8 stato chiuso.E poi, come dice qualcuno, ci si domanda perch\u00e9 la provincia di Belluno soffra dello spopolamento.<\/p>\n<div><\/div>\n<div><\/div>\n<blockquote>\n<div><\/div>\n<\/blockquote>\n<div>\n<hr \/>\n<\/div>\n<blockquote>\n<h3><\/h3>\n<h3>L&#8217;ADDIO A SILVIA<\/h3>\n<\/blockquote>\n<div><\/div>\n<div><strong><a class=\"dt-pswp-item\" href=\"https:\/\/www.radiopiu.net\/wordpress\/wp-content\/uploads\/2020\/06\/104678005_10221198679655670_2446301072877222725_o.jpg\" data-dt-img-description=\"\" data-large_image_width=\"512\" data-large_image_height=\"640\"><img loading=\"lazy\" decoding=\"async\" class=\"size-medium wp-image-145207 alignright\" src=\"https:\/\/www.radiopiu.net\/wordpress\/wp-content\/uploads\/2020\/06\/104678005_10221198679655670_2446301072877222725_o-240x300.jpg\" alt=\"\" width=\"240\" height=\"300\" srcset=\"https:\/\/www.radiopiu.net\/wordpress\/wp-content\/uploads\/2020\/06\/104678005_10221198679655670_2446301072877222725_o-240x300.jpg 240w, https:\/\/www.radiopiu.net\/wordpress\/wp-content\/uploads\/2020\/06\/104678005_10221198679655670_2446301072877222725_o.jpg 512w\" sizes=\"auto, (max-width: 240px) 100vw, 240px\" \/><\/a>LONGARONE\u00a0<\/strong> Una cassa color avorio, tante rose, la maglietta del suo gruppo musicale locale preferito &#8220;Polenta Violenta&#8221;. Il canto e la musica a fare da sottofondo. Momenti intensi di commozione per l&#8217;ultimo saluto alla ventenne morta dopo il tuffo nel lago di Garda. Il Padre nostro recitata sulla melodia di \u00abThe Sound of Silence\u00bb di Simon &amp; Garfunkel ai funerali celebrati da don Alessio Strappazzon. Non pi\u00f9 di 150 persone all&#8217;interno della chiesa, ma sul sagrato una folla di longaronesi, soprattutto della frazione di Igne. Una rappresentanza della stazione Centro Cadore del Soccorso alpino, della quale fa parte il padre Luca; le compagne di classe del corso per parrucchiere dell&#8217;istituto scolastico \u00abLeonardo Da Vinci\u00bb. Il sindaco\u00a0 Roberto Padrin ha letto il messaggio della madre Giulia: <em>\u00abDa mesi sentivo che ci sarebbe stato qualcosa di immenso e grande che avrebbe risvegliato pi\u00f9 coscienze possibili. Non immaginavo che sarebbe stato questo. La vita \u00e8 qui ed ora e lei aveva imparato a vivere con questo spirito. Ora comprendo tante cose. L&#8217;onda di amore che in questi giorni Silvia ha sollevato \u00e8 enorme: come il germogliare di un seme che Silvia ha lasciato in ognuno di noi\u00bb.<\/em><\/div>\n<div><\/div>\n<div><\/div>\n<div><\/div>\n<div><\/div>\n<blockquote>\n<div><\/div>\n<\/blockquote>\n<div><\/div>\n<div>\n<hr \/>\n<\/div>\n<h3><\/h3>\n<p>&nbsp;<\/p>\n<blockquote>\n<h3>ALPINISTA VOLA IN PARETE<\/h3>\n<\/blockquote>\n<p><strong><a class=\"dt-pswp-item\" href=\"https:\/\/www.radiopiu.net\/wordpress\/wp-content\/uploads\/2019\/08\/SOCCORSO-ALPINO-2019.jpg\" data-dt-img-description=\"\" data-large_image_width=\"1600\" data-large_image_height=\"1200\"><img loading=\"lazy\" decoding=\"async\" class=\"size-medium wp-image-96479 alignleft\" src=\"https:\/\/www.radiopiu.net\/wordpress\/wp-content\/uploads\/2019\/08\/SOCCORSO-ALPINO-2019-300x225.jpg\" alt=\"\" width=\"300\" height=\"225\" srcset=\"https:\/\/www.radiopiu.net\/wordpress\/wp-content\/uploads\/2019\/08\/SOCCORSO-ALPINO-2019-300x225.jpg 300w, https:\/\/www.radiopiu.net\/wordpress\/wp-content\/uploads\/2019\/08\/SOCCORSO-ALPINO-2019-768x576.jpg 768w, https:\/\/www.radiopiu.net\/wordpress\/wp-content\/uploads\/2019\/08\/SOCCORSO-ALPINO-2019-1024x768.jpg 1024w, https:\/\/www.radiopiu.net\/wordpress\/wp-content\/uploads\/2019\/08\/SOCCORSO-ALPINO-2019.jpg 1600w\" sizes=\"auto, (max-width: 300px) 100vw, 300px\" \/><\/a>SANTA GIUSTINA <\/strong>Ieri attorno alle 10 l&#8217;elicottero del Suem di Pieve di Cadore \u00e8 decollato in direzione del Passo Forca, dietro il Pizzocco, dove, scalando i primi tiri della Via Mafalda, un alpinista era volato in parete per una cinquantina di metri. Individuato il punto dell&#8217;incidente, l&#8217;eliambulanza ha sbarcato con un verricello di 40 metri il tecnico di elisoccorso e successivamente il medico, che hanno prestato le prime cure al rocciatore, C.P., 50 anni, di Feltre (BL), che lamentava dolori a una spalla e aveva sbattuto in altre parti del corpo, stabilizzandolo sul posto. L&#8217;elicottero ha poi recuperato il medico e il compagno, per poi imbarcare in una seconda rotazione tecnico di elisoccorso e infortunato. L&#8217;uomo, con un probabile politrauma, \u00e8 stato trasportato all&#8217;ospedale di Treviso. Pronta a intervenire in supporto alle operazioni anche una squadra del Soccorso alpino di Feltre.<\/p>\n<p>&nbsp;<\/p>\n<p>&nbsp;<\/p>\n<blockquote><p>&nbsp;<\/p><\/blockquote>\n<hr \/>\n<p>&nbsp;<\/p>\n<blockquote>\n<h3>RECUPERATI ALPINISTI IN MARMOLADA<\/h3>\n<\/blockquote>\n<p><strong><a class=\"dt-pswp-item\" href=\"https:\/\/www.radiopiu.net\/wordpress\/wp-content\/uploads\/2015\/05\/CNSAS_elicottero_verricello_55571.jpg\" data-dt-img-description=\"\" data-large_image_width=\"640\" data-large_image_height=\"480\"><img loading=\"lazy\" decoding=\"async\" class=\" wp-image-5221 alignleft\" src=\"https:\/\/www.radiopiu.net\/wordpress\/wp-content\/uploads\/2015\/05\/CNSAS_elicottero_verricello_55571-300x225.jpg\" alt=\"\" width=\"168\" height=\"126\" \/><\/a>ROCCA PIETORE <\/strong>Sabato\u00a0alle 18.50 \u00a0circa l&#8217;elicottero del Suem di Pieve di Cadore \u00e8 decollato in direzione della Marmolada, per una cordata in difficolt\u00e0. Giunti sugli ultimi tiri della Don Quixote infatti, i due alpinisti, A.G., 29 anni, di Mestre (VE), e F.B., 37 anni, di Martellago (VE), non erano pi\u00f9 in grado di proseguire per la presenza di neve e ghiaccio in parete. Recuperati dal tecnico di elisoccorso con un verricello di 50 metri, i rocciatori sono stati trasportati fino al Rifugio Falier.<\/p>\n<p>&nbsp;<\/p>\n<p>&nbsp;<\/p>\n<p>&nbsp;<\/p>\n<hr \/>\n<h3><\/h3>\n<h3>SOCCORSO IN RIFUGIO<\/h3>\n<p><strong>COMELICO\u00a0<\/strong> Ieri alle 18.30\u00a0 l&#8217;elicottero del Suem di Pieve di Cadore \u00e8 volato al Rifugio Berti, dove il gestore si era fatto male gi\u00e0 ieri a una caviglia e non era stato in grado di scendere autonomamente. Atterrati in piazzola, personale medico e tecnico di elisoccorso hanno provveduto a prestare le prime cure all&#8217;uomo, 59 anni, di Comelico Superiore (BL), e dopo averlo imbarcato lo hanno trasportato all&#8217;ospedale di Pieve di Cadore.<\/p>\n<p>&nbsp;<\/p>\n<hr \/>\n<p>&nbsp;<\/p>\n<p>&nbsp;<\/p>\n<blockquote>\n<h3>RITROVATA LA DONNA CHE SI ERA ALLONTANATA DA CASA<\/h3>\n<\/blockquote>\n<p><strong><a class=\"dt-pswp-item\" href=\"https:\/\/www.radiopiu.net\/wordpress\/wp-content\/uploads\/2020\/06\/ca8ade74-cb2b-4cb7-945f-a3a36deefdb8.jpg\" data-dt-img-description=\"\" data-large_image_width=\"960\" data-large_image_height=\"1224\"><img loading=\"lazy\" decoding=\"async\" class=\" wp-image-145553 alignleft\" src=\"https:\/\/www.radiopiu.net\/wordpress\/wp-content\/uploads\/2020\/06\/ca8ade74-cb2b-4cb7-945f-a3a36deefdb8-235x300.jpg\" alt=\"\" width=\"118\" height=\"151\" srcset=\"https:\/\/www.radiopiu.net\/wordpress\/wp-content\/uploads\/2020\/06\/ca8ade74-cb2b-4cb7-945f-a3a36deefdb8-235x300.jpg 235w, https:\/\/www.radiopiu.net\/wordpress\/wp-content\/uploads\/2020\/06\/ca8ade74-cb2b-4cb7-945f-a3a36deefdb8-803x1024.jpg 803w, https:\/\/www.radiopiu.net\/wordpress\/wp-content\/uploads\/2020\/06\/ca8ade74-cb2b-4cb7-945f-a3a36deefdb8-768x979.jpg 768w, https:\/\/www.radiopiu.net\/wordpress\/wp-content\/uploads\/2020\/06\/ca8ade74-cb2b-4cb7-945f-a3a36deefdb8.jpg 960w\" sizes=\"auto, (max-width: 118px) 100vw, 118px\" \/><\/a>BELLUNO<\/strong> \u00c8 stata trovata sabato sera, poco dopo le 22, la donna di Belluno di cui non si avevano notizie da l&#8217;altro ieri mattina dopo che si era allontanata da casa in pantofole. Le ricerche iniziate poco dopo le 20 hanno dato subito esito positivo con il ritrovamento della donna, da parte dei Vigili del Fuoco intorno alle 22, in una zona verde della citt\u00e0. La donna \u00e8 stata presa in consegna dai sanitari che si sono presi cura di lei. Oltre ai Vigili del Fuoco, alle ricerche ha partecipato anche le Polizia di Stato.<\/p>\n<p>&nbsp;<\/p>\n<p>&nbsp;<\/p>\n<p>&nbsp;<\/p>\n<hr \/>\n<p>&nbsp;<\/p>\n<p>&nbsp;<\/p>\n<blockquote>\n<h3>FORSE OGGI RIAPRE VIA MONTEGRAPPA, ARRABBIATO IL SINDACO MASSARO<\/h3>\n<\/blockquote>\n<p><strong>BELLUNO<\/strong> Forse\u00a0 via Montegrappa riaprir\u00e0 oggi dove un immobile diroccato\u00a0 ha causato la chiusura <em>&#8220;La competenza su quel tratto \u00e8 di Veneto Strade &#8211; dice il sindaco Jacopo Massaro-\u00a0 ma\u00a0 abbiamo intenzione di approfondire e andare fino in fondo. Chiudere quella strada ha causato un grosso danno, non solo agli utenti, ma anche alle attivit\u00e0 economiche \u00e8 inaccettabile frequentare una strada con il rischio che ti cada qualcosa in testa. Come il Comune deve fare il massimo per mantenere in ordine 400 km di strade, anche i privati hanno il dovere di curare i loro immobili&#8221;. L&#8217;edificio \u00e8 un rustico del 1700 di propriet\u00e0 della famiglia Buzzati.<\/em><\/p>\n<p>&nbsp;<\/p>\n<hr \/>\n<p>&nbsp;<\/p>\n<p>&nbsp;<\/p>\n<blockquote>\n<h3>\u00a0INCENDI IN ALPAGO<\/h3>\n<p><strong>ALPAGO<\/strong> Sabato sera i vigili del fuoco sono dovuti intervenire per due incendi di natura dolosa. Bruciati due cassonetti dei rifiuti adibiti alla raccolta della carte e della plastica.<\/p><\/blockquote>\n<p>&nbsp;<\/p>\n<p>&nbsp;<\/p>\n<hr \/>\n<blockquote>\n<h3><\/h3>\n<\/blockquote>\n<p>&nbsp;<\/p>\n<blockquote>\n<h3><a class=\"dt-pswp-item\" href=\"https:\/\/www.radiopiu.net\/wordpress\/wp-content\/uploads\/2020\/06\/4fa1f3eb-d821-4bfc-8542-68e763fca399.jpg\" data-dt-img-description=\"\" data-large_image_width=\"1080\" data-large_image_height=\"1920\"><img loading=\"lazy\" decoding=\"async\" class=\"alignleft size-medium wp-image-145667\" src=\"https:\/\/www.radiopiu.net\/wordpress\/wp-content\/uploads\/2020\/06\/4fa1f3eb-d821-4bfc-8542-68e763fca399-169x300.jpg\" alt=\"\" width=\"169\" height=\"300\" srcset=\"https:\/\/www.radiopiu.net\/wordpress\/wp-content\/uploads\/2020\/06\/4fa1f3eb-d821-4bfc-8542-68e763fca399-169x300.jpg 169w, https:\/\/www.radiopiu.net\/wordpress\/wp-content\/uploads\/2020\/06\/4fa1f3eb-d821-4bfc-8542-68e763fca399-576x1024.jpg 576w, https:\/\/www.radiopiu.net\/wordpress\/wp-content\/uploads\/2020\/06\/4fa1f3eb-d821-4bfc-8542-68e763fca399-768x1365.jpg 768w, https:\/\/www.radiopiu.net\/wordpress\/wp-content\/uploads\/2020\/06\/4fa1f3eb-d821-4bfc-8542-68e763fca399-864x1536.jpg 864w, https:\/\/www.radiopiu.net\/wordpress\/wp-content\/uploads\/2020\/06\/4fa1f3eb-d821-4bfc-8542-68e763fca399.jpg 1080w\" sizes=\"auto, (max-width: 169px) 100vw, 169px\" \/><\/a>TERREMOTO A TOLMEZZO, QUESTA NOTTE POCO PRIMA DELLE DUE<\/h3>\n<\/blockquote>\n<p><strong>UDINE<\/strong> Scossa di terremoto all&#8217; 1 e 48 a Tolmezzo, 2,3 gradi di magnitudo a 8,4 chilometri di profondit\u00e0<\/p>\n<p>&nbsp;<\/p>\n<p>&nbsp;<\/p>\n<p>&nbsp;<\/p>\n<p>&nbsp;<\/p>\n<p>&nbsp;<\/p>\n<p>&nbsp;<\/p>\n<p>&nbsp;<\/p>\n<p>&nbsp;<\/p>\n<p>&nbsp;<\/p>\n<hr \/>\n<blockquote>\n<h3><\/h3>\n<h3>CRISANTI CRITICA RIGOLI, ANCHE GLI SCIENZIATI SI CONFRONTANO USANDO IL PALCO MEDIATICO. SITUAZIONE STABILE IN VENETO E IERI GIORNATA SENZA DECESSI.<\/h3>\n<\/blockquote>\n<p><strong>\u00a0di Mirko Mezzacasa<\/strong><\/p>\n<p>I grandi della medicina litigano, quasi come i politici, forse di pi\u00f9. Il nodo del contendere \u00e8 il virus. Il dottor Rigoli primario di microbiologia a Treviso afferma che il covid19 \u00e8 ormai indebolito, per Crisanti l&#8217;esperto tamponatore sarebbero solo chiacchiere. Chi parla con grande umilt\u00e0 sono invece i medici di Vo&#8217; che ieri hanno portato la loro testimonianza in conferenza stampa a Marghera, hanno parlato delle loro paure e passioni. Sono coloro che hanno sostituito di medici finiti in quarantena <em>&#8220;C&#8217;erano anche molti bambini &#8211; hanno raccontato- ma non c&#8217;erano i pediatri, per questo ci siamo occupati anche di loro&#8221;<\/em>. Situazione stabile in Veneto, ieri nessun decesso, 8 i nuovi contagi, in aumento gli attualmente postiivi, 12 i ricoverati in rianimazione. Un\u00a0 contagio in pi\u00f9 anche in provincia e 3 persone in pi\u00f9 in isolamento domiciliare. In aumento i negativizzati e 2 ricoverati al San Martino. <strong>I NUMERI\u00a0 IN VENETO:<\/strong> TOTALE POSITIVI\u00a0 19247\u00a0 (+8)\u00a0 ATTUALMENTE POSITIVI\u00a0 587 (+13)\u00a0 DECESSI \u00a02002 (+0)\u00a0 NEGATIVIZZATI 16658 (-5)\u00a0 IN ISOLAMENTO 833 (-63)\u00a0 RICOVERATI 225 (-9 \u00a028 POSITIVI,\u00a0 197 \u00a0NEGATIVIZZATI), NEGLI OSPEDALI DI COMUNITA\u2019 RICOVERATI 33\u00a0 (6 POSITIVI,\u00a0 27 NEGATIVIZZATI), IN TERAPIA INTENSIVA 12 (+1, 1 POSITIVI,\u00a0 11 NEGATIVIZZATI). DIMESSI 3541 (+1) <strong>I NUMERI IN PROVINCIA:<\/strong> TOTALE CONTAGI 1185 (+1) , ATTUALMENTE POSITIVI 34 (-1) , DECEDUTI 112 (0), NEGATIVIZZATI 1039 (+2) ISOLAMENTO DOMICILIARE 56 (+3) RICOVERATI IN OSPEDALE AL SAN MARTINO 2 (+1)<\/p>\n<hr \/>\n<p>&nbsp;<\/p>\n<blockquote class=\"wp-embedded-content\" data-secret=\"yT9zRts4yy\"><p><a href=\"https:\/\/www.radiopiu.net\/wordpress\/coronavirus-aggiornamento-nazionale-21-giugno\/\">CORONAVIRUS: AGGIORNAMENTO NAZIONALE 21 GIUGNO<\/a><\/p><\/blockquote>\n<p><iframe loading=\"lazy\" class=\"wp-embedded-content\" sandbox=\"allow-scripts\" security=\"restricted\" style=\"position: absolute; clip: rect(1px, 1px, 1px, 1px);\" title=\"&#8220;CORONAVIRUS: AGGIORNAMENTO NAZIONALE 21 GIUGNO&#8221; &#8212; Radio Pi\u00f9\" src=\"https:\/\/www.radiopiu.net\/wordpress\/coronavirus-aggiornamento-nazionale-21-giugno\/embed\/#?secret=yT9zRts4yy\" data-secret=\"yT9zRts4yy\" width=\"600\" height=\"338\" frameborder=\"0\" marginwidth=\"0\" marginheight=\"0\" scrolling=\"no\"><\/iframe><\/p>\n<p>&nbsp;<\/p>\n<hr \/>\n<p>&nbsp;<\/p>\n<blockquote class=\"wp-embedded-content\" data-secret=\"JSpLfvZnua\"><p><a href=\"https:\/\/www.radiopiu.net\/wordpress\/21giugno2020\/\">BOLLETTINO  21 GIUGNO ORE 17: 8 POSITIVI IN 24 ORE, NESSUN DECESSO MA AUMENTANO DI 13 GLI ATTUALMENTE POSITIVI A  BELLUNO +3 IN ISOLAMENTO DOMICIALIARE<\/a><\/p><\/blockquote>\n<p><iframe loading=\"lazy\" class=\"wp-embedded-content\" sandbox=\"allow-scripts\" security=\"restricted\" style=\"position: absolute; clip: rect(1px, 1px, 1px, 1px);\" title=\"&#8220;BOLLETTINO  21 GIUGNO ORE 17: 8 POSITIVI IN 24 ORE, NESSUN DECESSO MA AUMENTANO DI 13 GLI ATTUALMENTE POSITIVI A  BELLUNO +3 IN ISOLAMENTO DOMICIALIARE&#8221; &#8212; Radio Pi\u00f9\" src=\"https:\/\/www.radiopiu.net\/wordpress\/21giugno2020\/embed\/#?secret=JSpLfvZnua\" data-secret=\"JSpLfvZnua\" width=\"600\" height=\"338\" frameborder=\"0\" marginwidth=\"0\" marginheight=\"0\" scrolling=\"no\"><\/iframe><\/p>\n<p>&nbsp;<\/p>\n<hr \/>\n<p>&nbsp;<\/p>\n<blockquote>\n<h2>GALLEA, SOSTINI, SIMIONATO: I 3 GIOVANI MEDICI DI V\u00d2<\/h2>\n<\/blockquote>\n<p>&nbsp;<\/p>\n<p><strong><a class=\"dt-pswp-item\" href=\"https:\/\/www.radiopiu.net\/wordpress\/wp-content\/uploads\/2020\/06\/Schermata-2020-06-21-alle-13.59.20.png\" data-dt-img-description=\"\" data-large_image_width=\"1292\" data-large_image_height=\"650\"><img loading=\"lazy\" decoding=\"async\" class=\"size-medium wp-image-145577 alignleft\" src=\"https:\/\/www.radiopiu.net\/wordpress\/wp-content\/uploads\/2020\/06\/Schermata-2020-06-21-alle-13.59.20-300x151.png\" alt=\"\" width=\"300\" height=\"151\" srcset=\"https:\/\/www.radiopiu.net\/wordpress\/wp-content\/uploads\/2020\/06\/Schermata-2020-06-21-alle-13.59.20-300x151.png 300w, https:\/\/www.radiopiu.net\/wordpress\/wp-content\/uploads\/2020\/06\/Schermata-2020-06-21-alle-13.59.20-1024x515.png 1024w, https:\/\/www.radiopiu.net\/wordpress\/wp-content\/uploads\/2020\/06\/Schermata-2020-06-21-alle-13.59.20-768x386.png 768w, https:\/\/www.radiopiu.net\/wordpress\/wp-content\/uploads\/2020\/06\/Schermata-2020-06-21-alle-13.59.20.png 1292w\" sizes=\"auto, (max-width: 300px) 100vw, 300px\" \/><\/a>VENEZIA\u00a0<\/strong>Durante la conferenza stampa del Presidente Zaia sono intervenuti 3 giovani medici che durante il periodo di massima emergenza si sono offerti di andare nel focolaio di V\u00f2. Maria Teresa Gallea, Luca Sostini e Paolo Simionato hanno raccontato le loro esperienze nel comune del padovano durante la chiusura dello stesso. La dottoressa Gallea: &#8220;Siamo a 4 mesi da quel venerd\u00ec 21 febbraio, quando tutto \u00e8 cominciato. io ero a Schiavonia, quel weekend per noi medici fu un fine settimana molto intenso. Tre medici di famiglia di Vo&#8217; erano stati messi in isolamento, ci siamo confrontati, e abbiamo deciso di offrirci come da codice deontologico&#8221;. &#8220;Io avevo alcuni miei assistiti residenti a Vo&#8217;, ero molto preoccupato, ho subito scelto di aderire, anche se non \u00e8 stato facile perch\u00e9 ho continuato a gestire il mio studio medico&#8221; ha detto il dottor Sostini. Simionato &#8220;Il virus all&#8217;epoca non si conosceva, quindi abbiamo dovuto riorganizzare l&#8217;assetto ambulatoriale dei colleghi sostituiti. Per prima cosa abbiamo pensato di far prenotare le visite ai pazienti e chiudere l&#8217;accesso diretto ai pazienti&#8221;<\/p>\n<p><strong>L&#8217;INTERVENTO DEI MEDICI IN CONFERENZA STAMPA<\/strong><\/p>\n<audio class=\"wp-audio-shortcode\" id=\"audio-145549-1\" preload=\"none\" style=\"width: 100%;\" controls=\"controls\"><source type=\"audio\/mpeg\" src=\"https:\/\/www.radiopiu.net\/wordpress\/wp-content\/uploads\/2020\/06\/ZAIA-3-MEDICI-VO.mp3?_=1\" \/><a href=\"https:\/\/www.radiopiu.net\/wordpress\/wp-content\/uploads\/2020\/06\/ZAIA-3-MEDICI-VO.mp3\">https:\/\/www.radiopiu.net\/wordpress\/wp-content\/uploads\/2020\/06\/ZAIA-3-MEDICI-VO.mp3<\/a><\/audio>\n<p>&nbsp;<\/p>\n<p>&nbsp;<\/p>\n<p>&nbsp;<\/p>\n<hr \/>\n<h2>LEGGI LA CONFERENZA STAMPA DI ZAIA<\/h2>\n<p>&nbsp;<\/p>\n<blockquote>\n<h3>ULTIME 24 ORE: 867052 tamponi, 833 (-63) persone in isolamento, 19245 positivi (+7), 2002 morti (+0). I pazienti ricoverati sono 225 di cui 28 pazienti Covid.<\/h3>\n<\/blockquote>\n<p>https:\/\/www.facebook.com\/zaiaufficiale\/videos\/187970512631328<\/p>\n<p>&nbsp;<\/p>\n<hr \/>\n<p>&nbsp;<\/p>\n<blockquote>\n<h3>&#8220;DE COCCIO&#8221;: SABATO LA PRIMA SANZIONE DELLA SETTIMANA<\/h3>\n<\/blockquote>\n<p><strong>BELLUNO<\/strong> La Prefettura di Belluno ha distribuito i dati in base ai controlli delle Forze dell&#8217;Ordine sul contenimento del Covid-19. Da inizio settimana sono state controllate 1092 persone e nessuna infrazione \u00e8 stata rilevata. Prima sanzione della settimana per quanto riguarda gli esercizi commerciali. 585 le attivit\u00e0 controllate da inizio settimana.<\/p>\n<p><a class=\"dt-pswp-item\" href=\"https:\/\/www.radiopiu.net\/wordpress\/wp-content\/uploads\/2020\/06\/MONITORAGGIO_SETTIMANALE_DEI_SERVIZI_DI_CONTROLLO_DEL_20.06.2020.jpg\" data-dt-img-description=\"\" data-large_image_width=\"1240\" data-large_image_height=\"1753\"><img loading=\"lazy\" decoding=\"async\" class=\"alignnone wp-image-145566 \" src=\"https:\/\/www.radiopiu.net\/wordpress\/wp-content\/uploads\/2020\/06\/MONITORAGGIO_SETTIMANALE_DEI_SERVIZI_DI_CONTROLLO_DEL_20.06.2020-724x1024.jpg\" alt=\"\" width=\"283\" height=\"400\" srcset=\"https:\/\/www.radiopiu.net\/wordpress\/wp-content\/uploads\/2020\/06\/MONITORAGGIO_SETTIMANALE_DEI_SERVIZI_DI_CONTROLLO_DEL_20.06.2020-724x1024.jpg 724w, https:\/\/www.radiopiu.net\/wordpress\/wp-content\/uploads\/2020\/06\/MONITORAGGIO_SETTIMANALE_DEI_SERVIZI_DI_CONTROLLO_DEL_20.06.2020-212x300.jpg 212w, https:\/\/www.radiopiu.net\/wordpress\/wp-content\/uploads\/2020\/06\/MONITORAGGIO_SETTIMANALE_DEI_SERVIZI_DI_CONTROLLO_DEL_20.06.2020-768x1086.jpg 768w, https:\/\/www.radiopiu.net\/wordpress\/wp-content\/uploads\/2020\/06\/MONITORAGGIO_SETTIMANALE_DEI_SERVIZI_DI_CONTROLLO_DEL_20.06.2020-1087x1536.jpg 1087w, https:\/\/www.radiopiu.net\/wordpress\/wp-content\/uploads\/2020\/06\/MONITORAGGIO_SETTIMANALE_DEI_SERVIZI_DI_CONTROLLO_DEL_20.06.2020.jpg 1240w\" sizes=\"auto, (max-width: 283px) 100vw, 283px\" \/><\/a><\/p>\n<p>&nbsp;<\/p>\n<p>&nbsp;<\/p>\n<hr \/>\n<p>&nbsp;<\/p>\n<blockquote>\n<h3 class=\"photoswipe-wrapper\"><a class=\"dt-pswp-item pspw-wrap-ready\" href=\"https:\/\/i0.wp.com\/www.radiopiu.net\/wordpress\/wp-content\/uploads\/2020\/06\/80c303ed-9a2e-49f0-8b20-3dd5e061bbf3.jpg?ssl=1\" data-dt-img-description=\"\" data-large_image_width=\"1280\" data-large_image_height=\"960\"><img loading=\"lazy\" decoding=\"async\" class=\"alignleft wp-image-145520 jetpack-lazy-image jetpack-lazy-image--handled\" src=\"https:\/\/i0.wp.com\/www.radiopiu.net\/wordpress\/wp-content\/uploads\/2020\/06\/80c303ed-9a2e-49f0-8b20-3dd5e061bbf3.jpg?resize=221%2C166&amp;ssl=1\" sizes=\"auto, (max-width: 221px) 100vw, 221px\" srcset=\"https:\/\/i0.wp.com\/www.radiopiu.net\/wordpress\/wp-content\/uploads\/2020\/06\/80c303ed-9a2e-49f0-8b20-3dd5e061bbf3.jpg?resize=300%2C225&amp;ssl=1 300w, https:\/\/i0.wp.com\/www.radiopiu.net\/wordpress\/wp-content\/uploads\/2020\/06\/80c303ed-9a2e-49f0-8b20-3dd5e061bbf3.jpg?resize=1024%2C768&amp;ssl=1 1024w, https:\/\/i0.wp.com\/www.radiopiu.net\/wordpress\/wp-content\/uploads\/2020\/06\/80c303ed-9a2e-49f0-8b20-3dd5e061bbf3.jpg?resize=768%2C576&amp;ssl=1 768w, https:\/\/i0.wp.com\/www.radiopiu.net\/wordpress\/wp-content\/uploads\/2020\/06\/80c303ed-9a2e-49f0-8b20-3dd5e061bbf3.jpg?w=1280&amp;ssl=1 1280w\" alt=\"\" width=\"221\" height=\"166\" data-recalc-dims=\"1\" data-lazy-loaded=\"1\" \/><\/a>MERCOLEDI PROTESTA IN PIAZZA PER CHIEDERE IL RILANCIO DEL TRASPORTO PUBBLICO<\/h3>\n<\/blockquote>\n<p><strong>BELLUNO\u00a0<\/strong>Le OOSS Filt CGIL di Belluno, Fit CISL Belluno Treviso, Uil trasporti Belluno Treviso, Faisa Cisal\u00a0 Belluno Treviso congiuntamente alla\u00a0Rsu Dolomiti Bus Spa organizzano per oggi alle 11.30 presso il Bistr\u00f2 Bembo di via Loreto a Belluno una conferenza stampa in vista della manifestazione di mercoled\u00ec 24, ore 10 in piazza Duomo per il rilancio del trasporto pubblico in Provincia.<\/p>\n<h3 class=\"entry_title\">sabato: pullman lumaca da Belluno fino a Cortina: la protesta delle aziende di trasporto<\/h3>\n<div style=\"width: 640px;\" class=\"wp-video\"><video class=\"wp-video-shortcode\" id=\"video-145549-1\" width=\"640\" height=\"304\" preload=\"metadata\" controls=\"controls\"><source type=\"video\/mp4\" src=\"https:\/\/www.radiopiu.net\/wordpress\/wp-content\/uploads\/2020\/06\/WhatsApp-Video-2020-06-21-at-14.49.59.mp4?_=1\" \/><a href=\"https:\/\/www.radiopiu.net\/wordpress\/wp-content\/uploads\/2020\/06\/WhatsApp-Video-2020-06-21-at-14.49.59.mp4\">https:\/\/www.radiopiu.net\/wordpress\/wp-content\/uploads\/2020\/06\/WhatsApp-Video-2020-06-21-at-14.49.59.mp4<\/a><\/video><\/div>\n<p>&nbsp;<\/p>\n<p>&nbsp;<\/p>\n<hr \/>\n<h3>IL CANE FERITO SALVATO DAGLI UOMINI IN ROSSO<\/h3>\n<p><a class=\"dt-pswp-item\" href=\"https:\/\/www.radiopiu.net\/wordpress\/wp-content\/uploads\/2020\/06\/99a78774-24c2-4829-b4b8-01adfffed9d9.jpg\" data-dt-img-description=\"\" data-large_image_width=\"1600\" data-large_image_height=\"1004\"><img loading=\"lazy\" decoding=\"async\" class=\"alignleft size-medium wp-image-145642\" src=\"https:\/\/www.radiopiu.net\/wordpress\/wp-content\/uploads\/2020\/06\/99a78774-24c2-4829-b4b8-01adfffed9d9-300x188.jpg\" alt=\"\" width=\"300\" height=\"188\" srcset=\"https:\/\/www.radiopiu.net\/wordpress\/wp-content\/uploads\/2020\/06\/99a78774-24c2-4829-b4b8-01adfffed9d9-300x188.jpg 300w, https:\/\/www.radiopiu.net\/wordpress\/wp-content\/uploads\/2020\/06\/99a78774-24c2-4829-b4b8-01adfffed9d9-1024x643.jpg 1024w, https:\/\/www.radiopiu.net\/wordpress\/wp-content\/uploads\/2020\/06\/99a78774-24c2-4829-b4b8-01adfffed9d9-768x482.jpg 768w, https:\/\/www.radiopiu.net\/wordpress\/wp-content\/uploads\/2020\/06\/99a78774-24c2-4829-b4b8-01adfffed9d9-1536x964.jpg 1536w, https:\/\/www.radiopiu.net\/wordpress\/wp-content\/uploads\/2020\/06\/99a78774-24c2-4829-b4b8-01adfffed9d9.jpg 1600w\" sizes=\"auto, (max-width: 300px) 100vw, 300px\" \/><\/a><strong>ALPAGO<\/strong> Nel pomeriggio di ieri l\u2019elicottero dei vigili del fuoco Drago 71 del reparto volo di Venezia \u00e8 intervenuto sulle Prealpi Venete nella zona di Col Nudo per il recupero di un cane di grossa taglia, rimasto ferito ad una gamba per un probabile morso di una vipera. Il padrone insieme con \u201cMaja\u201d era partito per un\u2019escursione quando nel primo pomeriggio l\u2019animale \u00e8 rimasto ferito, impossibilitato a proseguire. Dopo il trasporto a braccia dell\u2019animale per qualche tratto da parte del padrone e altri escursionisti, constatata l\u2019impossibilit\u00e0 di proseguire la richiesta di aiuto alla sala operativa dei vigili del fuoco. Raggiunta la zona del soccorso due elisoccorritori di Drago 71 si sono calati provvedendo a imbragare il padrone e il cane che sono stati issati a bordo con verricello per poi essere portati al rifugio Carota. Il padrone ha subito caricato Maja in auto per portarlo al primo pronto soccorso veterinario della zona per le cure, dove hanno confermato il morso della vipera.<\/p>\n<div style=\"width: 1200px;\" class=\"wp-video\"><video class=\"wp-video-shortcode\" id=\"video-145549-2\" width=\"1200\" height=\"675\" preload=\"metadata\" controls=\"controls\"><source type=\"video\/mp4\" src=\"https:\/\/www.radiopiu.net\/wordpress\/wp-content\/uploads\/2020\/06\/WhatsApp-Video-2020-06-21-at-18.48.01.mp4?_=2\" \/><a href=\"https:\/\/www.radiopiu.net\/wordpress\/wp-content\/uploads\/2020\/06\/WhatsApp-Video-2020-06-21-at-18.48.01.mp4\">https:\/\/www.radiopiu.net\/wordpress\/wp-content\/uploads\/2020\/06\/WhatsApp-Video-2020-06-21-at-18.48.01.mp4<\/a><\/video><\/div>\n<p>&nbsp;<\/p>\n<p>&nbsp;<\/p>\n<hr \/>\n<p>&nbsp;<\/p>\n<p>&nbsp;<\/p>\n<h3>PER LA MINORANZA DI FALCADE UNA SPESA ECCESSIVA PER IL PARCO GIOCHI<\/h3>\n<p><strong><a class=\"dt-pswp-item\" href=\"https:\/\/www.radiopiu.net\/wordpress\/wp-content\/uploads\/2020\/06\/PARCO-GIOCHI-FALCADE.jpg\" data-dt-img-description=\"\" data-large_image_width=\"259\" data-large_image_height=\"194\"><img loading=\"lazy\" decoding=\"async\" class=\"size-full wp-image-145495 alignleft\" src=\"https:\/\/www.radiopiu.net\/wordpress\/wp-content\/uploads\/2020\/06\/PARCO-GIOCHI-FALCADE.jpg\" alt=\"\" width=\"259\" height=\"194\" \/><\/a>FALCADE\u00a0<\/strong>Il gruppo di minoranza del comune di Falcade Uniti per la Val Biois, mette in evidenza una spesa che ritiene eccessiva (47.989,92 Iva inclusa del 22%) per un solo sistema di gioco combinato, da installare nel parco giochi di Falcade. &#8220;<em>A nostro avviso-<\/em> dice il consigliere comunale Cesare Bon\u00a0 <em>&#8211;\u00a0 si potevano scegliere l&#8217;acquisto di pi\u00f9 giochi con un costo pi\u00f9 contenuto in modo da installarne sia a Falcade che a Caviola. Desideremmo sapere se quella somma sia esclusivamente destinata per l&#8217;acquisto di giochi per parchi pubblici o possa essere destinata anche per le manutenzioni che garantiscono il decoro del paese che ultimamente risulta molto compromesso (marciapiedi impraticabili, strade dissestate, cartellonistica stradale vecchia e spesso\u00a0 di difficiile lettura, etc.<\/em>&#8221;<\/p>\n<p>&nbsp;<\/p>\n<hr \/>\n<p>&nbsp;<\/p>\n<p>&nbsp;<\/p>\n<blockquote class=\"wp-embedded-content\" data-secret=\"LQ7QYds2Zm\"><p><a href=\"https:\/\/www.radiopiu.net\/wordpress\/riaprono-i-rifugi-il-messaggio-del-presidente-regionale-del-cai-renato-frigo\/\">RIAPRONO I RIFUGI IL MESSAGGIO DEL PRESIDENTE REGIONALE DEL CAI RENATO FRIGO<\/a><\/p><\/blockquote>\n<p><iframe loading=\"lazy\" class=\"wp-embedded-content\" sandbox=\"allow-scripts\" security=\"restricted\" style=\"position: absolute; clip: rect(1px, 1px, 1px, 1px);\" title=\"&#8220;RIAPRONO I RIFUGI IL MESSAGGIO DEL PRESIDENTE REGIONALE DEL CAI RENATO FRIGO&#8221; &#8212; Radio Pi\u00f9\" src=\"https:\/\/www.radiopiu.net\/wordpress\/riaprono-i-rifugi-il-messaggio-del-presidente-regionale-del-cai-renato-frigo\/embed\/#?secret=LQ7QYds2Zm\" data-secret=\"LQ7QYds2Zm\" width=\"600\" height=\"338\" frameborder=\"0\" marginwidth=\"0\" marginheight=\"0\" scrolling=\"no\"><\/iframe><\/p>\n<p>&nbsp;<\/p>\n<hr \/>\n<p>&nbsp;<\/p>\n<blockquote>\n<h3>SICUREZZA DEI CICLISTI, BUSSONE (UNCEM): &#8220;BENE LA CHIUSURA DI TRATTI DI STRADE E PASSI ALPINI ALLE AUTO PER LASCIARE SPAZIO SOLO ALLE DUE RUOTE. MODELLI DA SVILUPPARE&#8221;<\/h3>\n<\/blockquote>\n<p><strong><a class=\"dt-pswp-item\" href=\"https:\/\/www.radiopiu.net\/wordpress\/wp-content\/uploads\/2020\/04\/UNCEM.jpg\" data-dt-img-description=\"\" data-large_image_width=\"500\" data-large_image_height=\"500\"><img loading=\"lazy\" decoding=\"async\" class=\"size-medium wp-image-133399 alignleft\" src=\"https:\/\/www.radiopiu.net\/wordpress\/wp-content\/uploads\/2020\/04\/UNCEM-300x300.jpg\" alt=\"\" width=\"300\" height=\"300\" srcset=\"https:\/\/www.radiopiu.net\/wordpress\/wp-content\/uploads\/2020\/04\/UNCEM-300x300.jpg 300w, https:\/\/www.radiopiu.net\/wordpress\/wp-content\/uploads\/2020\/04\/UNCEM-150x150.jpg 150w, https:\/\/www.radiopiu.net\/wordpress\/wp-content\/uploads\/2020\/04\/UNCEM.jpg 500w\" sizes=\"auto, (max-width: 300px) 100vw, 300px\" \/><\/a>ROMA<\/strong> &#8220;<em>L&#8217;incidente gravissimo nel quale \u00e8 rimasto coinvolto Alex Zanardi nei giorni scorsi ripropone il tema della sicurezza delle strade per i ciclisti. Sono in aumento, in particolare nel dopo lockdown, e le strade trafficate non sono, almeno in Italia, adeguate per le due ruote. Spesso con buche lungo la carreggiata, strade comunali e provinciali impongono a chi sceglie la bici da strada uno slalom spesso pericoloso. Cos\u00ec, allo stesso tempo, tra automobilisti e camion molto spesso manca &#8216;cultura dell&#8217;attenzione ai ciclisti&#8217;. Che devono sempre viaggiare in fila indiana e mai affiancati invadendo la corsia. Succede anche sulle strade di montagna, dove le precauzioni devono aumentare. I primi preoccupati per il rischio di incidenti sono i Sindaci e chi gestisce la viabilit\u00e0. Troppo facile scaricare su di loro le responsabilit\u00e0. Uncem evidenzia i tanti positivi progetti per la chiusura delle strade al traffico di mezzi motorizzati, per uno o pi\u00f9 giorni la settimana, per lasciare spazio ai ciclisti. Succede nelle Dolomiti, come in Val di Susa, in Alto Adige, nelle valli lombarde, sui passi pi\u00f9 importanti che hanno fatto la storia del ciclismo e delle grandi corse a tappe. Si possono aumentare le sperimentazioni e renderle stabili. Va nell&#8217;interesse dei territori, dei fruitori in bici e della pubblica sicurezza. Una cosa per\u00f2 \u00e8 certa. Devono essere riviste le norme nazionali che oggi non obbligano a chiudere le strade quando vi sono corse o altre iniziative ciclistiche non di professionisti. Siano queste competitive o no, occorre una revisione normativa a tutela di iscritti, organizzatori, Enti territoriali<\/em>&#8220;.\u00a0Lo afferma Marco Bussone, presidente nazionale Uncem<\/p>\n<p>&nbsp;<\/p>\n<p>&nbsp;<\/p>\n<hr \/>\n<p>&nbsp;<\/p>\n<blockquote class=\"wp-embedded-content\" data-secret=\"EXETZeMcLk\"><p><a href=\"https:\/\/www.radiopiu.net\/wordpress\/ciabatte-e-prenotazioni-nei-rifugi-gli-obiettivi-strategici-della-fondazione-dolomiti-unesco\/\">\u201cCIABATTE E PRENOTAZIONI NEI RIFUGI\u201d GLI OBIETTIVI STRATEGICI DELLA FONDAZIONE DOLOMITI UNESCO?<\/a><\/p><\/blockquote>\n<p><iframe loading=\"lazy\" class=\"wp-embedded-content\" sandbox=\"allow-scripts\" security=\"restricted\" style=\"position: absolute; clip: rect(1px, 1px, 1px, 1px);\" title=\"&#8220;\u201cCIABATTE E PRENOTAZIONI NEI RIFUGI\u201d GLI OBIETTIVI STRATEGICI DELLA FONDAZIONE DOLOMITI UNESCO?&#8221; &#8212; Radio Pi\u00f9\" src=\"https:\/\/www.radiopiu.net\/wordpress\/ciabatte-e-prenotazioni-nei-rifugi-gli-obiettivi-strategici-della-fondazione-dolomiti-unesco\/embed\/#?secret=EXETZeMcLk\" data-secret=\"EXETZeMcLk\" width=\"600\" height=\"338\" frameborder=\"0\" marginwidth=\"0\" marginheight=\"0\" scrolling=\"no\"><\/iframe><\/p>\n<p>&nbsp;<\/p>\n<hr \/>\n<p>&nbsp;<\/p>\n<blockquote>\n<h3>ASSEMBLEA ANNUALE DONATORI MIDOLLO OSSEO \u2013 SEZIONE DI BELLUNO<\/h3>\n<\/blockquote>\n<p><strong class=\"photoswipe-wrapper\"><a class=\"dt-pswp-item pspw-wrap-ready\" href=\"https:\/\/i2.wp.com\/www.radiopiu.net\/wordpress\/wp-content\/uploads\/2016\/03\/ADMO-LOGO.png?ssl=1\" data-dt-img-description=\"\" data-large_image_width=\"1678\" data-large_image_height=\"534\"><img loading=\"lazy\" decoding=\"async\" class=\"size-medium wp-image-17301 alignleft jetpack-lazy-image jetpack-lazy-image--handled\" src=\"https:\/\/i2.wp.com\/www.radiopiu.net\/wordpress\/wp-content\/uploads\/2016\/03\/ADMO-LOGO.png?resize=300%2C95&amp;ssl=1\" sizes=\"auto, (max-width: 300px) 100vw, 300px\" srcset=\"https:\/\/i2.wp.com\/www.radiopiu.net\/wordpress\/wp-content\/uploads\/2016\/03\/ADMO-LOGO.png?resize=300%2C95&amp;ssl=1 300w, https:\/\/i2.wp.com\/www.radiopiu.net\/wordpress\/wp-content\/uploads\/2016\/03\/ADMO-LOGO.png?resize=768%2C244&amp;ssl=1 768w, https:\/\/i2.wp.com\/www.radiopiu.net\/wordpress\/wp-content\/uploads\/2016\/03\/ADMO-LOGO.png?resize=1024%2C326&amp;ssl=1 1024w, https:\/\/i2.wp.com\/www.radiopiu.net\/wordpress\/wp-content\/uploads\/2016\/03\/ADMO-LOGO.png?w=1678&amp;ssl=1 1678w\" alt=\"\" width=\"300\" height=\"95\" data-recalc-dims=\"1\" data-lazy-loaded=\"1\" \/><\/a>BELLUNO\u00a0<\/strong>Venerd\u00ec 10 luglio alle ore 19.00, presso il Centro Anziani di Mas di Sedico, in via Val di Fontana 10, si svolger\u00e0 l\u2019assemblea ordinaria\u00a0 annuale dell\u2019Associazione dei Donatori di Midollo Osseo, ADMO Belluno. In questa occasione il presidente Benvenuto Pol esporr\u00e0 la relazione morale, la relazione finanziaria e sar\u00e0 discusso e approvato il\u00a0 bilancio consuntivo 2019 e il bilancio preventivo 2020.\u00a0 Sar\u00e0 l\u2019occasione per ritrovarsi, per aggiornarci sulle donazioni effettive avvenute nell\u2019ultimo anno. Saranno invitati i nuovi donatori effettivi che racconteranno brevemente la loro esperienza e ai quali sar\u00e0 consegnata una targa ricordo. Sar\u00e0 descritto l\u2019andamento della sensibilizzazione e delle nuove tipizzazioni, i rapporti con il trasfusionale e con l\u2019ADMO a livello regionale e nazionale. Saranno esposti i risultati della campagna \u201cUna colomba per la vita\u201d particolarmente problematica quest\u2019anno vista la chiusura per Covid 19. Verr\u00e0 descritta l\u2019attivit\u00e0 svolta e quella ancora da intraprendere, i punti di forza e le problematiche da affrontare e risolvere. La presenza e l\u2019apporto di tutti i donatori che vogliano intervenire \u00e8 oltremodo gradito in modo che anche questa occasione sia un momento di informazione, confronto e crescita. Ricordiamo ai soci di comunicare con cortese sollecitudine\u00a0 il cambio di indirizzo e che il nostro codice fiscale per la destinazione del 5 per mille \u00e8\u00a0 93025710257. L\u2019invito \u00e8 quindi per sabato 10 luglio alle ore 19 presso il Centro Anziani di Mas di Sedico.<\/p>\n<p>&nbsp;<\/p>\n<p>&nbsp;<\/p>\n<hr \/>\n<p>&nbsp;<\/p>\n<blockquote>\n<h3>VENERD\u00cc A BELLUNO LA MANIFESTAZIONE DI &#8220;NON UNA DI MENO&#8221;<\/h3>\n<\/blockquote>\n<p><strong><a class=\"dt-pswp-item\" href=\"https:\/\/www.radiopiu.net\/wordpress\/wp-content\/uploads\/2020\/06\/NON-UNA-DI-MENO.png\" data-dt-img-description=\"\" data-large_image_width=\"600\" data-large_image_height=\"372\"><img loading=\"lazy\" decoding=\"async\" class=\"size-medium wp-image-145560 alignleft\" src=\"https:\/\/www.radiopiu.net\/wordpress\/wp-content\/uploads\/2020\/06\/NON-UNA-DI-MENO-300x186.png\" alt=\"\" width=\"300\" height=\"186\" srcset=\"https:\/\/www.radiopiu.net\/wordpress\/wp-content\/uploads\/2020\/06\/NON-UNA-DI-MENO-300x186.png 300w, https:\/\/www.radiopiu.net\/wordpress\/wp-content\/uploads\/2020\/06\/NON-UNA-DI-MENO.png 600w\" sizes=\"auto, (max-width: 300px) 100vw, 300px\" \/><\/a>BELLUNO\u00a0<\/strong>Venerd\u00ec 26 giugno alle 18.00 in piazza dei Martiri, il gruppo femminista &#8220;Non Una Di Meno&#8221; &#8211; Belluno organizza una manifestazione aderendo a quella indetta dal Coordinamento Nazionale dal titolo \u201cTorniamo nelle strade! Ci tolgono il tempo, riprendiamoci tutto!\u201d.\u00a0Come in passato, per altre epidemie, il coronavirus ha evidenziato e inasprito le disparit\u00e0 esistenti, comprese quelle di genere\u00a0che, secondo alcuni studi, potranno produrre i loro effetti negativi anche per diversi anni. \u00a0Il confinamento tra le mura domestiche ha esasperato e ulteriormente nascosto i problemi che caratterizzano la nostra societ\u00e0 in termini di divario di genere: la violenza maschile contro le donne, lo squilibrio nella distribuzione dei carichi di cura&#8230; per fare solo qualche esempio. A ci\u00f2 si aggiungono le ulteriori difficolt\u00e0 derivanti dalla chiusura delle scuole e delle attivit\u00e0 del tempo libero destinate ai figli.\u00a0La pandemia ha messo a nudo gli errori nella gestione del Sistema Sanitario e del welfare aggravando i carichi di cura individuali e in particolare quelli delle donne.\u00a0Per concludere, l\u2019obiettivo della manifestazione non \u00e8 un semplice ritorno alla normalit\u00e0, perch\u00e9 la normalit\u00e0 basata sulle diseguaglianze e sulla violenza era gi\u00e0 il problema.<\/p>\n<p>&nbsp;<\/p>\n<p>&nbsp;<\/p>\n<hr \/>\n<p>&nbsp;<\/p>\n<blockquote class=\"wp-embedded-content\" data-secret=\"fAIsNZ7SnE\"><p><a href=\"https:\/\/www.radiopiu.net\/wordpress\/i-debiti-della-pa-sono-in-aumento-nel-1-trimestre-2020-anche-una-parte-del-fisco-ha-pagato-in-ritardo-le-imprese\/\">I DEBITI DELLA PA SONO IN AUMENTO. NEL 1\u00b0 TRIMESTRE 2020 ANCHE UNA PARTE DEL FISCO HA PAGATO IN RITARDO LE IMPRESE<\/a><\/p><\/blockquote>\n<p><iframe loading=\"lazy\" class=\"wp-embedded-content\" sandbox=\"allow-scripts\" security=\"restricted\" style=\"position: absolute; clip: rect(1px, 1px, 1px, 1px);\" title=\"&#8220;I DEBITI DELLA PA SONO IN AUMENTO. NEL 1\u00b0 TRIMESTRE 2020 ANCHE UNA PARTE DEL FISCO HA PAGATO IN RITARDO LE IMPRESE&#8221; &#8212; Radio Pi\u00f9\" src=\"https:\/\/www.radiopiu.net\/wordpress\/i-debiti-della-pa-sono-in-aumento-nel-1-trimestre-2020-anche-una-parte-del-fisco-ha-pagato-in-ritardo-le-imprese\/embed\/#?secret=fAIsNZ7SnE\" data-secret=\"fAIsNZ7SnE\" width=\"600\" height=\"338\" frameborder=\"0\" marginwidth=\"0\" marginheight=\"0\" scrolling=\"no\"><\/iframe><\/p>\n<p>&nbsp;<\/p>\n<hr \/>\n<p>&nbsp;<\/p>\n<blockquote>\n<h3>YOGA SUL COL MARGHERITA<\/h3>\n<\/blockquote>\n<p><strong>FALCADE<\/strong>\u00a0Praticare yoga ammirando le Dolomiti. Si \u00e8 tenuta ieri, dalle 8 alle 10, un\u2019affascinante diretta streaming a 2.514 metri sul Col Margherita, al confine tra Veneto e Trentino. Dal nuovo rifugio InAlto, dinanzi alla bellezza di cime dolomitiche come dalla parete sud della Marmolada, il monte Pelmo, il Civetta e le Pale di San Martino, si \u00e8 celebrata la giornata internazionale dello Yoga. A guidare la lezione virtuale dalla Ski Area San Pellegrino, la trevigiana Vera Bettiol della rete dei maestri di Treviso Yoga Day.\u00a0L&#8217;appuntamento, trasmesso in diretta su YouTube, ha inaugurato la quarta edizione dello Yoga Summer Tour Veneto 2020 organizzato dall\u2019associazione culturale cuoriDILUCE.\u00a0Per gli appassionati di montagna un assaggio del panorama che potranno godere dal 4 luglio con l&#8217;apertura del nuovo rifugio InAlto e l&#8217;inizio della stagione estiva degli impianti della Ski Area San Pellegrino, ovvero la funivia Col Margherita e la cabinovia Falcade &#8211; Le Buse.\u00a0Prossimo appuntamento in alta quota, il 7 agosto, alle 10.30, nel &#8220;Bosco degli Artisti&#8221; di Falcade (BL), nel cuore della Ski Area San Pellegrino, va in scena \u201cLa mia Terra\u201d, concerto con la grande orchestra a 2000 metri tra le Dolomiti. Questo progetto musicale \u00e8 stato ideato da Diego Basso, il direttore d\u2019orchestra trevigiano che ha cavalcato i maggiori palcoscenici internazionali.<\/p>\n<p><strong>IL VIDEO DELLA LEZIONE DI YOGA SUL COL MARGHERITA<\/strong><\/p>\n<p><iframe loading=\"lazy\" title=\"Yoga Day 21.06.2020 Dolomiti - Col Margherita San Pellegrino\" width=\"1200\" height=\"675\" src=\"https:\/\/www.youtube.com\/embed\/-y_Vo9sapu8?feature=oembed\" frameborder=\"0\" allow=\"accelerometer; autoplay; clipboard-write; encrypted-media; gyroscope; picture-in-picture\" allowfullscreen><\/iframe><\/p>\n<p>&nbsp;<\/p>\n<hr \/>\n<p>&nbsp;<\/p>\n<blockquote class=\"wp-embedded-content\" data-secret=\"81JmlLxYQz\"><p><a href=\"https:\/\/www.radiopiu.net\/wordpress\/rodolfo-psaro-valoroso-comandante-del-7-alpini-caduto-nel-1940-in-albania-di-renato-bona\/\">RODOLFO PSARO. VALOROSO COMANDANTE DEL 7. ALPINI, CADUTO NEL 1940 IN ALBANIA di Renato Bona<\/a><\/p><\/blockquote>\n<p><iframe loading=\"lazy\" class=\"wp-embedded-content\" sandbox=\"allow-scripts\" security=\"restricted\" style=\"position: absolute; clip: rect(1px, 1px, 1px, 1px);\" title=\"&#8220;RODOLFO PSARO. VALOROSO COMANDANTE DEL 7. ALPINI, CADUTO NEL 1940 IN ALBANIA di Renato Bona&#8221; &#8212; Radio Pi\u00f9\" src=\"https:\/\/www.radiopiu.net\/wordpress\/rodolfo-psaro-valoroso-comandante-del-7-alpini-caduto-nel-1940-in-albania-di-renato-bona\/embed\/#?secret=81JmlLxYQz\" data-secret=\"81JmlLxYQz\" width=\"600\" height=\"338\" frameborder=\"0\" marginwidth=\"0\" marginheight=\"0\" scrolling=\"no\"><\/iframe><\/p>\n<p>&nbsp;<\/p>\n<hr \/>\n<p>&nbsp;<\/p>\n<h2>IERI ALLA RADIO<\/h2>\n<h2><span style=\"color: #808000;\">LA RASSEGNA STAMPA DALL&#8217;AMICO DEL POPOLO di Gianni Santomaso\u00a0<\/span><\/h2>\n<audio class=\"wp-audio-shortcode\" id=\"audio-145549-2\" preload=\"none\" style=\"width: 100%;\" controls=\"controls\"><source type=\"audio\/mpeg\" src=\"https:\/\/www.radiopiu.net\/wordpress\/wp-content\/uploads\/2020\/06\/RASSEGNA-GIANNI-2.mp3?_=2\" \/><a href=\"https:\/\/www.radiopiu.net\/wordpress\/wp-content\/uploads\/2020\/06\/RASSEGNA-GIANNI-2.mp3\">https:\/\/www.radiopiu.net\/wordpress\/wp-content\/uploads\/2020\/06\/RASSEGNA-GIANNI-2.mp3<\/a><\/audio>\n<p>&nbsp;<\/p>\n<h2><span style=\"color: #00ccff;\">AGORDINOMERON<\/span><\/h2>\n<blockquote class=\"wp-embedded-content\" data-secret=\"K6yenJ0o3r\"><p><a href=\"https:\/\/www.radiopiu.net\/wordpress\/agordinomeron\/\">AGORDINOMERON, IL TERRITORIO SI RACCONTA Da un&#8217;idea di Gianni Santomaso<\/a><\/p><\/blockquote>\n<p><iframe loading=\"lazy\" class=\"wp-embedded-content\" sandbox=\"allow-scripts\" security=\"restricted\" style=\"position: absolute; clip: rect(1px, 1px, 1px, 1px);\" title=\"&#8220;AGORDINOMERON, IL TERRITORIO SI RACCONTA Da un&#8217;idea di Gianni Santomaso&#8221; &#8212; Radio Pi\u00f9\" src=\"https:\/\/www.radiopiu.net\/wordpress\/agordinomeron\/embed\/#?secret=K6yenJ0o3r\" data-secret=\"K6yenJ0o3r\" width=\"600\" height=\"338\" frameborder=\"0\" marginwidth=\"0\" marginheight=\"0\" scrolling=\"no\"><\/iframe><\/p>\n<h2><span style=\"color: #99cc00;\">IL MESSAGGIO DEI SACERDOTI A RADIO PIU&#8217;<\/span><\/h2>\n<blockquote class=\"wp-embedded-content\" data-secret=\"XlyPY5jig2\"><p><a href=\"https:\/\/www.radiopiu.net\/wordpress\/chiesa11\/\">DON CESARE SU RADIO PIU&#8217; ALLE 7.30 E 19.30, PARROCCHIE DI AGORDO, LA VALLE E TAIBON<\/a><\/p><\/blockquote>\n<p><iframe loading=\"lazy\" class=\"wp-embedded-content\" sandbox=\"allow-scripts\" security=\"restricted\" style=\"position: absolute; clip: rect(1px, 1px, 1px, 1px);\" title=\"&#8220;DON CESARE SU RADIO PIU&#8217; ALLE 7.30 E 19.30, PARROCCHIE DI AGORDO, LA VALLE E TAIBON&#8221; &#8212; Radio Pi\u00f9\" src=\"https:\/\/www.radiopiu.net\/wordpress\/chiesa11\/embed\/#?secret=XlyPY5jig2\" data-secret=\"XlyPY5jig2\" width=\"600\" height=\"338\" frameborder=\"0\" marginwidth=\"0\" marginheight=\"0\" scrolling=\"no\"><\/iframe><\/p>\n<p>&nbsp;<\/p>\n<hr \/>\n<p>&nbsp;<\/p>\n<p><strong class=\"photoswipe-wrapper\"><a class=\"dt-pswp-item pspw-wrap-ready\" href=\"https:\/\/i0.wp.com\/www.radiopiu.net\/wordpress\/wp-content\/uploads\/2018\/09\/viabilita.jpeg?ssl=1\" data-dt-img-description=\"\" data-large_image_width=\"800\" data-large_image_height=\"100\"><img loading=\"lazy\" decoding=\"async\" class=\"aligncenter wp-image-61954 size-full jetpack-lazy-image jetpack-lazy-image--handled\" src=\"https:\/\/i0.wp.com\/www.radiopiu.net\/wordpress\/wp-content\/uploads\/2018\/09\/viabilita.jpeg?resize=800%2C100&amp;ssl=1\" sizes=\"auto, (max-width: 800px) 100vw, 800px\" srcset=\"https:\/\/i0.wp.com\/www.radiopiu.net\/wordpress\/wp-content\/uploads\/2018\/09\/viabilita.jpeg?w=800&amp;ssl=1 800w, https:\/\/i0.wp.com\/www.radiopiu.net\/wordpress\/wp-content\/uploads\/2018\/09\/viabilita.jpeg?resize=300%2C38&amp;ssl=1 300w, https:\/\/i0.wp.com\/www.radiopiu.net\/wordpress\/wp-content\/uploads\/2018\/09\/viabilita.jpeg?resize=768%2C96&amp;ssl=1 768w\" alt=\"\" width=\"800\" height=\"100\" data-lazy-loaded=\"1\" \/><\/a><\/strong><\/p>\n<p><strong>\u00a0<\/strong><\/p>\n<p>FINO AL 24 LUGLIO SABATO E DOMENICA COMPRESI LUNGO LA 641 DI PASSO FEDAIA IN LOCALIT\u00e0 CAPANNA BILL E COL DI ROCCA, SENSO UNICO ALTERNATO CON SEMAFORO<\/p>\n<p>PROVINCIALE 20 DELLA VAL FIORENTINA, SELVA DI CADORE: FINO AL 4 LUGLIO, CHIUSURA TOTALE TRA SOLATOR E IL CENTRO DEL PAESE ANCHE NEI GIORNI FESTIVI E PREFESTIVI, DAL CHILOMETRO 4.850 AL CHILOMETRO 5.100. TRANSITO CONSENTITO AI LOCALI CON TEMPI DI ATTESA MASSIMI STIMATI IN 30 MINUTI IN LOCALITA\u2019 SOLATOR DAL CHILOMETRO 4.400 AL CHILOMETRO 4.850<\/p>\n<p>&nbsp;<\/p>\n<p>STRADA REGIONALE 48 DELLE DOLOMITI, DAL KM 110,350 AL KM 112, SENSO UNICO ALTERNATO REGOLATO DA IMPIANTO SEMAFORICO ANCHE SABATO E FESTIVI FINO\u00a0 AL 30 GIUGNO PER POSA ELETTRODOTTO INTERRATO<\/p>\n<p>PROVINCIALE 563 DI SALESEI, FINO\u00a0 AL 3 LUGLIO, SENSO UNICO ALTERNATO REGOLATO DA IMPIANTO SEMAFORICO IN LOCALIT\u00c0 DIGONERA PER MESSA IN SICUREZZA PIANO VIABILE, SABATO E FESTIVI INCLUSI<\/p>\n<p>STRADA PROVINCIALE 346 DEL SAN PELLEGRINO, NEI COMUNI DI FALCADE, CANALE E VALLADA, FINO\u00a0 AL 3 LUGLIO, INCLUSI SABATI E DOMENICHE, POSSIBILE ISTITUZIONE DI SENSO UNICO ALTERNATO REGOLATO DA MOVIERI PER SOSTITUZIONE CONDUTTORI E MANUTENZIONE LINEA ELETTRICA ALTA TENSIONE<\/p>\n<p>REGIONALE 203 AGORDINA, NEL COMUNE DI CENCENIGHE, FINO\u00a0 AL 3 LUGLIO, INCLUSI SABATI E DOMENICHE, POSSIBILE ISTITUZIONE DI SENSO UNICO ALTERNATO REGOLATO DA MOVIERI PER SOSTITUZIONE CONDUTTORI E MANUTENZIONE LINEA ELETTRICA ALTA TENSIONE<\/p>\n<p>STRADA REGIONA 203 AGORDINA, TRA MAS DI SEDICO E CERNADOI SU TRATTI SALTUARI DI STRADA, FINO\u00a0 AL 30 GIUGNO, ESCLUSO SABATO E DOMENICA, SENSO UNICO ALTERNATO REGOLATO DA IMPIANTO SEMAFORICO PER MESSA IN SICUREZZA BARRIERE DI PROTEZIONE LATERALI<\/p>\n<p>&nbsp;<\/p>\n<p>STRADA PROVINCIALE 347 DEL PASSO CEREDA E DURAN, NEL COMUNE DI AGORDO, FINO\u00a0 AL 26 GIUGNO SENSO UNICO ALTERNATO REGOLATO DA IMPIANTO SEMAFORICO PER POSA FIBRA OTTICA<\/p>\n<p>STRADA REGIONALE 48 DELLE DOLOMITI, NEL COMUNE DI LIVINALLONGO DEL COL DI LANA IN LOCALITA\u2019 ANDRAZ, FINO\u00a0 AL 30 GIUGNO SENSO UNICO ALTERNATO REGOLATO DA IMPIANTO SEMAFORICO O MOVIERE CON POSSIBILI BREVI INTERRUZIONI TOTALI AL TRAFFICO DELLA DURATA MASSIMA DI 10 MINUTI, PER LAVORI DI MESSA IN SICUREZZA DEL VERSANTE<\/p>\n<p>48 DELLE DOLOMITI, LOCALITA\u2019 ANDRAZ DI LIVINALLONGO, FINO\u00a0 AL 26 GIUGNO SENSO UNICO CON SEMAFORO<\/p>\n<p>STRADA REGIONALE 203 AGORDINA TRA PERON E CANDATEN, DAL 15 GIUGNO AL 31 LUGLIO ESCLUSI SABATI E DOMENICHE, DALLE 7:30 ALLE 9 E E DALLE 16:30 ALLE 18 SENSO UNICO ALTERNATO REGOLATO DA MOVIERI. NEGLI ALTRI ORARI SENSO UNICO ALTERNATO REGOLATO DA SEMAFORO PER INTERRAMENTO CAVIDOTTO E-DISTRIBUZIONE<\/p>\n<p>48 DELLE DOLOMITI, LOCALITA\u2019 ALVERA\u2019 CORTINA D\u2019AMPEZZO LUNGO IL PONTE SUL TORRENTE BIGONTINA. DAL 18 GIUGNO E FINO A REVOCA DIVIETO DI TRANSITO AI VEICOLI AVENTI MASSA A PIENO CARICO SUPERIORE A 24 TONELLATE<\/p>\n<p>&nbsp;<\/p>\n<hr \/>\n<p>&nbsp;<\/p>\n<p class=\"photoswipe-wrapper\"><a class=\"dt-pswp-item pspw-wrap-ready\" href=\"https:\/\/i1.wp.com\/www.radiopiu.net\/wordpress\/wp-content\/uploads\/2018\/09\/sport.jpg?ssl=1\" data-dt-img-description=\"\" data-large_image_width=\"800\" data-large_image_height=\"100\"><img loading=\"lazy\" decoding=\"async\" class=\"aligncenter wp-image-60761 size-full jetpack-lazy-image jetpack-lazy-image--handled\" src=\"https:\/\/i1.wp.com\/www.radiopiu.net\/wordpress\/wp-content\/uploads\/2018\/09\/sport.jpg?resize=800%2C100&amp;ssl=1\" sizes=\"auto, (max-width: 800px) 100vw, 800px\" srcset=\"https:\/\/i1.wp.com\/www.radiopiu.net\/wordpress\/wp-content\/uploads\/2018\/09\/sport.jpg?w=800&amp;ssl=1 800w, https:\/\/i1.wp.com\/www.radiopiu.net\/wordpress\/wp-content\/uploads\/2018\/09\/sport.jpg?resize=300%2C38&amp;ssl=1 300w, https:\/\/i1.wp.com\/www.radiopiu.net\/wordpress\/wp-content\/uploads\/2018\/09\/sport.jpg?resize=768%2C96&amp;ssl=1 768w\" alt=\"\" width=\"800\" height=\"100\" data-recalc-dims=\"1\" data-lazy-loaded=\"1\" \/><\/a><\/p>\n<p>&nbsp;<\/p>\n<blockquote>\n<h3>COLPACCIO DELL\u2019AGORDINA, ARRIVA NDIAYE DAOUDA IN ATTACCO<\/h3>\n<\/blockquote>\n<p><strong><a class=\"dt-pswp-item\" href=\"https:\/\/www.radiopiu.net\/wordpress\/wp-content\/uploads\/2019\/09\/AGORDINA-CALCIO.jpeg\" data-dt-img-description=\"\" data-large_image_width=\"225\" data-large_image_height=\"225\"><img loading=\"lazy\" decoding=\"async\" class=\" wp-image-97575 alignleft\" src=\"https:\/\/www.radiopiu.net\/wordpress\/wp-content\/uploads\/2019\/09\/AGORDINA-CALCIO.jpeg\" alt=\"\" width=\"146\" height=\"146\" srcset=\"https:\/\/www.radiopiu.net\/wordpress\/wp-content\/uploads\/2019\/09\/AGORDINA-CALCIO.jpeg 225w, https:\/\/www.radiopiu.net\/wordpress\/wp-content\/uploads\/2019\/09\/AGORDINA-CALCIO-150x150.jpeg 150w\" sizes=\"auto, (max-width: 146px) 100vw, 146px\" \/><\/a>AGORDO<\/strong> La notizia \u00e8 delle ultime ore. Con la promozione in Seconda Categoria l\u2019Agordina di Marco Lorenzi inizia a fare sul serio. Nella rosa della squadra del Presidente Cosmo Forcella arriva un nuovo giocatore. Il nome \u00e8 conosciuto anche perch\u00e9 \u00e8 uno degli attaccanti pi\u00f9 prolifici della provincia di Belluno. Ndiaye Daouda \u00e8 ufficialmente un giocatore dell\u2019Agordina. Classe 1980, ha iniziato a giocare in provincia di Belluno 10 anni fa. Dopo 6 stagioni alla ZTLL, gioca con la Fulgor Farra, Limana e Fiori Barp. Lo scorso anno \u00e8 stato avversario della squadra di Agordo e nelle 13 partite del girone di andata a segnato ben 17 volte con la maglia della Feltrese 1910. Ora il giocatore arriva in Agordino per una nuova esperienza con la speranza di battere il record personale di 27 gol in una stagione.<\/p>\n<p><strong>NDIAYE DAOUDA, IL NUOVO GIOCATORE DELL\u2019AGORDINA<\/strong><\/p>\n<audio class=\"wp-audio-shortcode\" id=\"audio-145549-3\" preload=\"none\" style=\"width: 100%;\" controls=\"controls\"><source type=\"audio\/mpeg\" src=\"https:\/\/www.radiopiu.net\/wordpress\/wp-content\/uploads\/2020\/06\/NDIAYE-DAOUDA-NUOVO-GIOCATORE-AGORDINA.mp3?_=3\" \/><a href=\"https:\/\/www.radiopiu.net\/wordpress\/wp-content\/uploads\/2020\/06\/NDIAYE-DAOUDA-NUOVO-GIOCATORE-AGORDINA.mp3\">https:\/\/www.radiopiu.net\/wordpress\/wp-content\/uploads\/2020\/06\/NDIAYE-DAOUDA-NUOVO-GIOCATORE-AGORDINA.mp3<\/a><\/audio>\n<p>&nbsp;<\/p>\n<p>&nbsp;<\/p>\n<hr \/>\n<p>&nbsp;<\/p>\n<p class=\"photoswipe-wrapper\"><a class=\"dt-pswp-item pspw-wrap-ready\" href=\"https:\/\/i0.wp.com\/www.radiopiu.net\/wordpress\/wp-content\/uploads\/2018\/09\/WhatsApp-Image-2018-09-20-at-16.04.06.jpeg?ssl=1\" data-dt-img-description=\"\" data-large_image_width=\"800\" data-large_image_height=\"100\"><img loading=\"lazy\" decoding=\"async\" class=\"aligncenter wp-image-61378 size-full jetpack-lazy-image jetpack-lazy-image--handled\" src=\"https:\/\/i0.wp.com\/www.radiopiu.net\/wordpress\/wp-content\/uploads\/2018\/09\/WhatsApp-Image-2018-09-20-at-16.04.06.jpeg?resize=800%2C100&amp;ssl=1\" sizes=\"auto, (max-width: 800px) 100vw, 800px\" srcset=\"https:\/\/i0.wp.com\/www.radiopiu.net\/wordpress\/wp-content\/uploads\/2018\/09\/WhatsApp-Image-2018-09-20-at-16.04.06.jpeg?w=800&amp;ssl=1 800w, https:\/\/i0.wp.com\/www.radiopiu.net\/wordpress\/wp-content\/uploads\/2018\/09\/WhatsApp-Image-2018-09-20-at-16.04.06.jpeg?resize=300%2C38&amp;ssl=1 300w, https:\/\/i0.wp.com\/www.radiopiu.net\/wordpress\/wp-content\/uploads\/2018\/09\/WhatsApp-Image-2018-09-20-at-16.04.06.jpeg?resize=768%2C96&amp;ssl=1 768w\" alt=\"\" width=\"800\" height=\"100\" data-lazy-loaded=\"1\" \/><\/a><\/p>\n<p>&nbsp;<\/p>\n<p style=\"text-align: center;\"><strong>Luned\u00ec 22<\/strong><\/p>\n<p style=\"text-align: left;\">Tempo stabile, molto soleggiato e pi\u00f9 caldo con leggera riduzione del soleggiamento per modesta attivit\u00e0 cumuliforme limitata alle ore pi\u00f9 calde. Clima di stampo pressoch\u00e9 estivo a tutte le quote.<br \/>\n<strong>Precipitazioni.<\/strong>\u00a0Assenti (0%).<br \/>\n<strong>Temperature.<\/strong>\u00a0In generale aumento, un po&#8217; pi\u00f9 marcato nei valori massimi. Su Prealpi a 1500 m min 12\u00b0C max 18\u00b0C, a 2000 m min 9\u00b0C max 14\u00b0C. Su Dolomiti a 2000 m min 7\u00b0C max 12\u00b0C, a 3000 m min 2\u00b0C max 6\u00b0C.<br \/>\n<strong>Venti.<\/strong>\u00a0Nelle valli deboli\/moderati a regime di brezza con qualche rinforzo da nord; in quota moderati\/tesi da nord nord-est, a 10-25 km\/h a 2000 m, 30-50 km\/h a 3000 m.<\/p>\n<p style=\"text-align: center;\"><strong>Marted\u00ec 23<\/strong><\/p>\n<p style=\"text-align: left;\">Tempo stabile e ben soleggiato con clima sempre pi\u00f9 estivo. Al pomeriggio leggera riduzione del soleggiamento per modesti cumuli a ridosso delle cime durante le ore pi\u00f9 calde.<br \/>\n<strong>Precipitazioni.<\/strong>\u00a0Assenti (0%).<br \/>\n<strong>Temperature.<\/strong>\u00a0Minime in lieve aumento, massime perlopi\u00f9 stazionarie. Su Prealpi a 1500 m min 14\u00b0C max 18\u00b0C, a 2000 m min 10\u00b0C max 14\u00b0C. Su Dolomiti a 2000 m min 9\u00b0C max 15\u00b0C, a 3000 m min 4\u00b0C max 6\u00b0C.<br \/>\n<strong>Venti.<\/strong>\u00a0Nelle valli deboli\/moderati a regime di brezza; in quota deboli\/moderati da nord, a 5-15 km\/h a 2000 m, 10-25 km\/h a 3000 m.<\/p>\n<h3 style=\"text-align: center;\">Tendenza<\/h3>\n<p style=\"text-align: center;\"><strong>Mercoled\u00ec 24<\/strong><\/p>\n<p style=\"text-align: left;\">Tempo piuttosto soleggiato al mattino, mentre dal mezzogiorno e nel pomeriggio\/sera la nuvolosit\u00e0 cumuliforme torner\u00e0 ad essere anche moderata, e torner\u00e0 ad essere presente un rischio contenuto di fenomeni termoconvettivi nelle ore pi\u00f9 calde, anche a carattere temporalesco. Lieve calo termico diurno. Venti deboli nord-occidentali in quota, a regime di brezza nelle valli.<\/p>\n<p style=\"text-align: center;\"><strong>Gioved\u00ec 25<\/strong><\/p>\n<p style=\"text-align: left;\">Nuvolosit\u00e0 irregolare pi\u00f9 presente dei giorni precedenti, con maggiore probabilit\u00e0 di rovesci e temporali sparsi, specie tra ore centrali e pomeriggio\/sera. Clima diurno leggermente pi\u00f9 fresco. Venti in quota in lieve intensificazione da nord-ovest, brezze nelle valli. Previsore: G.M.<\/p>\n","protected":false},"excerpt":{"rendered":"<p>PER RICEVERE QUESTO NOTIZIARIO DIRETTAMENTE SUL TUO CELLULARE ISCRIVITI AL CANALE TELEGRAM\u00a0\u201cRADIO PIU\u00a0 INFORMAZIONE\u201d\u00a0 &nbsp; &nbsp; Gestione Servizi Pubblici informa che, per lavori alla rete idrica comunale, domani dalle 8 a fine lavori, verr\u00e0 sospesa l\u2019erogazione dell\u2019acqua a Rocca Pietore in localit\u00e0 localita\u2019 capoluogo, Sottoguda, Palue, Boscoverde, Col di Rocca, Soraru, Pezz\u00e8, Condio\u00a0e Saviner di&hellip;<\/p>\n","protected":false},"author":4,"featured_media":145661,"comment_status":"closed","ping_status":"closed","sticky":false,"template":"","format":"standard","meta":{"_monsterinsights_skip_tracking":false,"_monsterinsights_sitenote_active":false,"_monsterinsights_sitenote_note":"","_monsterinsights_sitenote_category":0,"footnotes":""},"categories":[1,86,49],"tags":[],"class_list":["post-145549","post","type-post","status-publish","format-standard","has-post-thumbnail","hentry","category-senza-categoria","category-gr","category-news-18","category-1","category-86","category-49","description-off"],"img_url":"https:\/\/www.radiopiu.net\/wordpress\/wp-content\/uploads\/2020\/06\/foto-logo-1-scaled.jpg","_links":{"self":[{"href":"https:\/\/www.radiopiu.net\/wordpress\/wp-json\/wp\/v2\/posts\/145549","targetHints":{"allow":["GET"]}}],"collection":[{"href":"https:\/\/www.radiopiu.net\/wordpress\/wp-json\/wp\/v2\/posts"}],"about":[{"href":"https:\/\/www.radiopiu.net\/wordpress\/wp-json\/wp\/v2\/types\/post"}],"author":[{"embeddable":true,"href":"https:\/\/www.radiopiu.net\/wordpress\/wp-json\/wp\/v2\/users\/4"}],"replies":[{"embeddable":true,"href":"https:\/\/www.radiopiu.net\/wordpress\/wp-json\/wp\/v2\/comments?post=145549"}],"version-history":[{"count":0,"href":"https:\/\/www.radiopiu.net\/wordpress\/wp-json\/wp\/v2\/posts\/145549\/revisions"}],"wp:featuredmedia":[{"embeddable":true,"href":"https:\/\/www.radiopiu.net\/wordpress\/wp-json\/wp\/v2\/media\/145661"}],"wp:attachment":[{"href":"https:\/\/www.radiopiu.net\/wordpress\/wp-json\/wp\/v2\/media?parent=145549"}],"wp:term":[{"taxonomy":"category","embeddable":true,"href":"https:\/\/www.radiopiu.net\/wordpress\/wp-json\/wp\/v2\/categories?post=145549"},{"taxonomy":"post_tag","embeddable":true,"href":"https:\/\/www.radiopiu.net\/wordpress\/wp-json\/wp\/v2\/tags?post=145549"}],"curies":[{"name":"wp","href":"https:\/\/api.w.org\/{rel}","templated":true}]}}