{"id":145580,"date":"2020-06-21T23:59:54","date_gmt":"2020-06-21T21:59:54","guid":{"rendered":"https:\/\/www.radiopiu.net\/wordpress\/?p=145580"},"modified":"2020-06-22T06:14:30","modified_gmt":"2020-06-22T04:14:30","slug":"colpaccio-dellagordina-arriva-ndiaye-daouda-in-attacco","status":"publish","type":"post","link":"https:\/\/www.radiopiu.net\/wordpress\/colpaccio-dellagordina-arriva-ndiaye-daouda-in-attacco\/","title":{"rendered":"COLPACCIO DELL\u2019AGORDINA, ARRIVA NDIAYE DAOUDA IN ATTACCO"},"content":{"rendered":"<p><strong><a class=\"dt-pswp-item\" href=\"https:\/\/www.radiopiu.net\/wordpress\/wp-content\/uploads\/2019\/09\/AGORDINA-CALCIO.jpeg\" data-dt-img-description=\"\" data-large_image_width=\"225\" data-large_image_height=\"225\"><img loading=\"lazy\" decoding=\"async\" class=\" wp-image-97575 alignleft\" src=\"https:\/\/www.radiopiu.net\/wordpress\/wp-content\/uploads\/2019\/09\/AGORDINA-CALCIO.jpeg\" alt=\"\" width=\"146\" height=\"146\" srcset=\"https:\/\/www.radiopiu.net\/wordpress\/wp-content\/uploads\/2019\/09\/AGORDINA-CALCIO.jpeg 225w, https:\/\/www.radiopiu.net\/wordpress\/wp-content\/uploads\/2019\/09\/AGORDINA-CALCIO-150x150.jpeg 150w\" sizes=\"auto, (max-width: 146px) 100vw, 146px\" \/><\/a>AGORDO<\/strong> La notizia \u00e8 delle ultime ore. Con la promozione in Seconda Categoria l\u2019Agordina di Marco Lorenzi inizia a fare sul serio. Nella rosa della squadra del Presidente Cosmo Forcella arriva un nuovo giocatore. Il nome \u00e8 conosciuto anche perch\u00e9 \u00e8 uno degli attaccanti pi\u00f9 prolifici della provincia di Belluno. Ndiaye Daouda \u00e8 ufficialmente un giocatore dell\u2019Agordina. Classe 1980, ha iniziato a giocare in provincia di Belluno 10 anni fa. Dopo 6 stagioni alla ZTLL, gioca con la Fulgor Farra, Limana e Fiori Barp. Lo scorso anno \u00e8 stato avversario della squadra di Agordo e nelle 13 partite del girone di andata a segnato ben 17 volte con la maglia della Feltrese 1910. Ora il giocatore arriva in Agordino per una nuova esperienza con la speranza di battere il record personale di 27 gol in una stagione.<span class=\"Apple-converted-space\">\u00a0<\/span><\/p>\n<p><strong>NDIAYE DAOUDA, IL NUOVO GIOCATORE DELL\u2019AGORDINA<\/strong><\/p>\n<audio class=\"wp-audio-shortcode\" id=\"audio-145580-1\" preload=\"none\" style=\"width: 100%;\" controls=\"controls\"><source type=\"audio\/mpeg\" src=\"https:\/\/www.radiopiu.net\/wordpress\/wp-content\/uploads\/2020\/06\/NDIAYE-DAOUDA-NUOVO-GIOCATORE-AGORDINA.mp3?_=1\" \/><a href=\"https:\/\/www.radiopiu.net\/wordpress\/wp-content\/uploads\/2020\/06\/NDIAYE-DAOUDA-NUOVO-GIOCATORE-AGORDINA.mp3\">https:\/\/www.radiopiu.net\/wordpress\/wp-content\/uploads\/2020\/06\/NDIAYE-DAOUDA-NUOVO-GIOCATORE-AGORDINA.mp3<\/a><\/audio>\n","protected":false},"excerpt":{"rendered":"<p>AGORDO La notizia \u00e8 delle ultime ore. Con la promozione in Seconda Categoria l\u2019Agordina di Marco Lorenzi inizia a fare sul serio. Nella rosa della squadra del Presidente Cosmo Forcella arriva un nuovo giocatore. Il nome \u00e8 conosciuto anche perch\u00e9 \u00e8 uno degli attaccanti pi\u00f9 prolifici della provincia di Belluno. Ndiaye Daouda \u00e8 ufficialmente un&hellip;<\/p>\n","protected":false},"author":4,"featured_media":97575,"comment_status":"closed","ping_status":"closed","sticky":false,"template":"","format":"standard","meta":{"_monsterinsights_skip_tracking":false,"_monsterinsights_sitenote_active":false,"_monsterinsights_sitenote_note":"","_monsterinsights_sitenote_category":0,"footnotes":""},"categories":[104,49,72],"tags":[],"class_list":["post-145580","post","type-post","status-publish","format-standard","has-post-thumbnail","hentry","category-evidenza_3","category-news-18","category-sport","category-104","category-49","category-72","description-off"],"img_url":"https:\/\/www.radiopiu.net\/wordpress\/wp-content\/uploads\/2019\/09\/AGORDINA-CALCIO.jpeg","_links":{"self":[{"href":"https:\/\/www.radiopiu.net\/wordpress\/wp-json\/wp\/v2\/posts\/145580","targetHints":{"allow":["GET"]}}],"collection":[{"href":"https:\/\/www.radiopiu.net\/wordpress\/wp-json\/wp\/v2\/posts"}],"about":[{"href":"https:\/\/www.radiopiu.net\/wordpress\/wp-json\/wp\/v2\/types\/post"}],"author":[{"embeddable":true,"href":"https:\/\/www.radiopiu.net\/wordpress\/wp-json\/wp\/v2\/users\/4"}],"replies":[{"embeddable":true,"href":"https:\/\/www.radiopiu.net\/wordpress\/wp-json\/wp\/v2\/comments?post=145580"}],"version-history":[{"count":0,"href":"https:\/\/www.radiopiu.net\/wordpress\/wp-json\/wp\/v2\/posts\/145580\/revisions"}],"wp:featuredmedia":[{"embeddable":true,"href":"https:\/\/www.radiopiu.net\/wordpress\/wp-json\/wp\/v2\/media\/97575"}],"wp:attachment":[{"href":"https:\/\/www.radiopiu.net\/wordpress\/wp-json\/wp\/v2\/media?parent=145580"}],"wp:term":[{"taxonomy":"category","embeddable":true,"href":"https:\/\/www.radiopiu.net\/wordpress\/wp-json\/wp\/v2\/categories?post=145580"},{"taxonomy":"post_tag","embeddable":true,"href":"https:\/\/www.radiopiu.net\/wordpress\/wp-json\/wp\/v2\/tags?post=145580"}],"curies":[{"name":"wp","href":"https:\/\/api.w.org\/{rel}","templated":true}]}}