{"id":145694,"date":"2020-06-22T20:47:45","date_gmt":"2020-06-22T18:47:45","guid":{"rendered":"https:\/\/www.radiopiu.net\/wordpress\/?p=145694"},"modified":"2020-06-23T08:52:19","modified_gmt":"2020-06-23T06:52:19","slug":"giornale-radiopiu-23-giugno-2020-direttore-mirko-mezzacasa","status":"publish","type":"post","link":"https:\/\/www.radiopiu.net\/wordpress\/giornale-radiopiu-23-giugno-2020-direttore-mirko-mezzacasa\/","title":{"rendered":"GIORNALE RADIOPIU 23 GIUGNO 2020 DIRETTORE MIRKO MEZZACASA"},"content":{"rendered":"<h3><strong>PER RICEVERE QUESTO NOTIZIARIO DIRETTAMENTE SUL TUO CELLULARE ISCRIVITI AL CANALE TELEGRAM\u00a0<\/strong><strong>\u201cRADIO PIU\u00a0 INFORMAZIONE\u201d\u00a0<\/strong><\/h3>\n<p>&nbsp;<\/p>\n<hr \/>\n<p>&nbsp;<\/p>\n<p><strong><i>Gestione Servizi Pubblici informa che, per lavori alla rete idrica comunale, oggi dalle 8 a fine lavori, verr\u00e0 sospesa l\u2019erogazione dell\u2019acqua a Rocca Pietore in localit\u00e0\u00a0<\/i><i>localita\u2019 capoluogo, Sottoguda, Palue, Boscoverde, Col di Rocca, Soraru, Pezz\u00e8, Condio\u00a0<\/i><i>e Saviner di Laste. Sempre\u00a0 oggi dalle 8 a fine lavori sospensione dell\u2019erogazione d\u2019acqua per lavori anche a Taibon in frazione Villanova, Taibon centro, nelle piazze Vecchia e della Chiesa nonch\u00e9 nelle vie Dante Alighieri, San Lucano, Riva Granda e Caravaggio.<\/i><\/strong><\/p>\n<p>&nbsp;<\/p>\n<hr \/>\n<p>&nbsp;<\/p>\n<p><strong>Gestione Servizi Pubblici informa che a LIVINALLONGO DEL COL DI LANA nelle LOCALITA\u2019 LARZONEI, SALESEI DI SOPRA, SALESEI DI SOTTO, PIAN DI SALESEI, SALESEI, SOTTOCREPA e FOPPA l\u2019acqua erogata dall\u2019acquedotto non \u00e8 potabile e pu\u00f2 essere usata per scopi alimentari SOLO PREVIA bollitura<\/strong><\/p>\n<p>&nbsp;<\/p>\n<hr \/>\n<p>&nbsp;<\/p>\n<p><strong>PROVINCIALE 1 DELLA SINISTRA PIAVE, INTERRUZIONE TOTALE FINO A REVOCA PER CEDIMENTO STRUTTURALE DI PARTE DEL FABBRICATO A LATO STRADA CON CADUTA MATERIALE SUL PIANO VIABILE TRA VIA RIVAMOR E BIVIO ANCONETTA<\/strong><\/p>\n<p><em><strong>PROVINCIALE 20 CAPRILE-SELVA DI CADORE.\u00a0 CHIUSA\u00a0 FINO\u00a0 AL 4 LUGLIO IN LOCALITA\u2019 SOLATOR ANCHE SABATO E DOMENICA. TRANSITO CONSENTITO AI LOCALI CON TEMPI DI ATTESA FINO A 30 MINUTI<\/strong><\/em><\/p>\n<p><em><strong>203 AGORDINA, FINO\u00a0 AL 30 LUGLIO ESCLUSI FESTIVI E PREFESTIVI SENSO UNICO ALTERNATO TRA CANDATEN E PERON. DALLE 730 ALLE 9 E DALLE 1630 ALLE 18 CON MOVIERI, NEGLI ALTRI ORARI SEMAFORO\u00a0<\/strong><\/em><\/p>\n<p>&nbsp;<\/p>\n<hr \/>\n<p>&nbsp;<\/p>\n<h2>Travolta contromano: coppia bellunese ferita<\/h2>\n<p><strong><span style=\"color: #ff0000;\">OGGI SUL CORRIERE DELLE ALPI, di Cristina Contento\u00a0<\/span> <\/strong>Rientravano da Bibione\u00bb.L&#8217;auto contromano era una Alfa che domenica si \u00e8 fatta un bel tratto di A27 nella corsia sbagliata: l&#8217;incidente \u00e8 avvenuto tra Conegliano e Vittorio Veneto. Erano le 16.40 di domenica quando c&#8217;\u00e8 stato l&#8217;inferno sull&#8217;autostrada A27. Ad avere la peggio, due bellunesi che erano sull&#8217;Audi: Mario Procidano, 86 anni, noto imprenditore ora in pensione (gi\u00e0 presidente Sipao) e la moglie Matilde Perez, 77 anni, alla guida della vettura, rimasta gravemente ferita. Entrambi sono ricoverati a Conegliano.\u00abIeri alle cinque un irresponsabile che ha guidato in autostrada per 12 km contromano ha centrato la macchina con i miei&#8230; mio pap\u00e0 tante botte ma sta bene&#8230; La mamma un po&#8217; meno ma \u00e8 sempre stata un toro&#8230;\u00bb: con queste parole affidate ai social, i figli Guido Lozza e Michela Procidano, hanno denunciato l&#8217;accaduto.<\/p>\n<p>&nbsp;<\/p>\n<hr \/>\n<blockquote>\n<h3><\/h3>\n<h3>ANZIANA SCIVOLA E MUORE IN ALPAGO<\/h3>\n<\/blockquote>\n<p><strong><img loading=\"lazy\" decoding=\"async\" class=\"alignleft\" src=\"https:\/\/www.radiopiu.net\/wordpress\/wp-content\/uploads\/2019\/08\/IMG-20190813-WA0004.jpg\" width=\"92\" height=\"123\" \/>ALPAGO<\/strong> Attorno alle 14 di ieri i il Soccorso alpino dell\u2019Alpago \u00e8 intervenuto per recuperare il\u00a0 corpo senza vita di una donna di 81 anni, Anna Blanchini originaria di Udine,\u00a0 scivolata per un centinaio di metri in un dirupo a poca distanza dalla sua abitazione, in localit\u00e0 Villa di Pieve d\u2019Alpago. La donna era uscita di casa e, a una ventina di metri di distanza dalla sua abitazione, si deve essere sporta troppo sul ciglio di una ripida scarpata, perdendo l\u2019equilibrio e cadendo. Il figlio non trovandola a casa, ha iniziato a cercarla con altre persone, finch\u00e9 non sono state rinvenute le sue scarpe poco sotto il ciglio e sulla verticale pi\u00f9 sotto \u00e8 stato visto il corpo. Sei soccorritori sono scesi, hanno allargato uno spiazzo tra la vegetazione per agevolare il recupero della salma che era stata ricomposta e che, dopo essere stata imbarellata, \u00e8 stata sollevata con un verricello dall\u2019elicottero del Suem di Pieve di Cadore che l\u2019ha trasportata a monte dove \u00e8 poi stata affidata al carro funebre. Per i rilievo di legge sono intervenuti i Carabinieri<\/p>\n<p>&nbsp;<\/p>\n<p>&nbsp;<\/p>\n<hr \/>\n<p>&nbsp;<\/p>\n<p>&nbsp;<\/p>\n<blockquote>\n<h3>68ENNE MUORE PRECIPITANDO FORSE IN SEGUITO A MALORE, GRAVE UN MOTOCICLISTA NELLO SCONTRO CON UN&#8217;AUTO AD AURONZO<\/h3>\n<\/blockquote>\n<p><strong><a class=\"dt-pswp-item\" href=\"https:\/\/www.radiopiu.net\/wordpress\/wp-content\/uploads\/2020\/06\/764ce69a-1c41-48f4-9aab-f80be7c53a90.jpg\" data-dt-img-description=\"\" data-large_image_width=\"600\" data-large_image_height=\"800\"><img loading=\"lazy\" decoding=\"async\" class=\"alignleft size-medium wp-image-145846\" src=\"https:\/\/www.radiopiu.net\/wordpress\/wp-content\/uploads\/2020\/06\/764ce69a-1c41-48f4-9aab-f80be7c53a90-225x300.jpg\" alt=\"\" width=\"225\" height=\"300\" srcset=\"https:\/\/www.radiopiu.net\/wordpress\/wp-content\/uploads\/2020\/06\/764ce69a-1c41-48f4-9aab-f80be7c53a90-225x300.jpg 225w, https:\/\/www.radiopiu.net\/wordpress\/wp-content\/uploads\/2020\/06\/764ce69a-1c41-48f4-9aab-f80be7c53a90.jpg 600w\" sizes=\"auto, (max-width: 225px) 100vw, 225px\" \/><\/a>SOVRAMONTE<\/strong> Attorno alle 15 di ieri\u00a0 in localit\u00e0 Zorzoi ha perso la vita\u00a0 Maurizio Mazzorana 68 anni residente in\u00a0 Val di Zoldo. L&#8217;uomo stava effettuando una escursione assieme ad un amico, sul posto elisoccorso e Carabinieri. Quando i due amici che erano con lui, uno davanti e uno pi\u00f9 dietro, si sono ricongiunti, si sono resi conto della sua assenza e sono tornati indietro finch\u00e9 non lo hanno visto sotto alcuni salti di roccia in un canale. Uno di loro \u00e8 partito per chiedere aiuto e ha dovuto camminare quasi un&#8217;ora prima di riuscire a trovare campo per telefonare. Non a fatica per la difficolt\u00e0 a comunicare, l&#8217;elicottero del Suem di Pieve di Cadore \u00e8 riuscito a individuare il corpo esanime dell&#8217;uomo, dopo aver sbarcato il tecnico di elisoccorso dal secondo compagno rimasto in quota. Una volta che con un verricello medico e tecnico di elisoccorso sono stati calati sul posto, una cinquantina di metri sotto il sentiero, non e rimasto che constatare il decesso. La salma \u00e8 stata quindi recuperata e trasportata fino a Sovramonte. Anche l&#8217;amico \u00e8 stato imbarcato col tecnico nella seconda rotazione. Pronta a intervenire una squadra del Soccorso alpino di Feltre.<\/p>\n<p><strong>QUERO<\/strong> Incidente autonomo lungo la regionale 348,\u00a0 F.B 76 anni \u00e8 caduto\u00a0 ferendosi i modo lieve.<\/p>\n<p><strong>AURONZO<\/strong> A ponte Malon incidente auto moto, ha avuto la peggio Fabrizio Da Poz\u00a0 27 anni di Auronzo trasportato a Treviso con un politrauma e una ferita scomposta alla gamba (foto) Verso le 17 l&#8217;eliambulanza \u00e8 volata ad Auronzo di Cadore,\u00a0 L&#8217;elicottero ha verricellato equipe medica e tecnico di elisoccorso che gli hanno prestato le prime cure. Il ragazzo \u00e8 stato quindi caricato sull&#8217;ambulanza che lo ha \u00a0trasportato \u00a0alla piazzola di Auronzo, dove era in attesa l&#8217;eliambulanza decollata in direzione di Treviso.<\/p>\n<p>&nbsp;<\/p>\n<p>&nbsp;<\/p>\n<p>&nbsp;<\/p>\n<hr \/>\n<blockquote>\n<h3>PARTE PER ANDARE A FUNGHI, FINISCE ALL&#8217;OSPEDALE DI FELTRE<\/h3>\n<\/blockquote>\n<p><strong><a class=\"dt-pswp-item\" href=\"https:\/\/www.radiopiu.net\/wordpress\/wp-content\/uploads\/2020\/06\/IMG-20200622-WA0024.jpg\" data-dt-img-description=\"\" data-large_image_width=\"1200\" data-large_image_height=\"1600\"><img loading=\"lazy\" decoding=\"async\" class=\"alignleft wp-image-145778\" src=\"https:\/\/www.radiopiu.net\/wordpress\/wp-content\/uploads\/2020\/06\/IMG-20200622-WA0024-225x300.jpg\" alt=\"\" width=\"165\" height=\"220\" srcset=\"https:\/\/www.radiopiu.net\/wordpress\/wp-content\/uploads\/2020\/06\/IMG-20200622-WA0024-225x300.jpg 225w, https:\/\/www.radiopiu.net\/wordpress\/wp-content\/uploads\/2020\/06\/IMG-20200622-WA0024-768x1024.jpg 768w, https:\/\/www.radiopiu.net\/wordpress\/wp-content\/uploads\/2020\/06\/IMG-20200622-WA0024-1152x1536.jpg 1152w, https:\/\/www.radiopiu.net\/wordpress\/wp-content\/uploads\/2020\/06\/IMG-20200622-WA0024.jpg 1200w\" sizes=\"auto, (max-width: 165px) 100vw, 165px\" \/><\/a>LAMON\u00a0<\/strong> Ieri mattina il Soccorso alpino di Feltre \u00e8 stato allertato per una cercatrice di funghi che si \u00e8 infortunata in localit\u00e0 Chio\u00e8. La donna, 62 anni, di Lamon (BL), \u00e8 ruzzolata in un ripido pendio,\u00a0 il marito ha dato l&#8217;allarme ma ha dovuto prima scendere di quota data l&#8217;assenza di copertura telefonica. Un primo soccorritore ha subito raggiunto l&#8217;infortunata sincerandosi delle sue condizioni, seguito dal resto della squadra, una decina di tecnici in tutto. Seguendo le indicazioni dei soccorritori, l&#8217;elicottero del Suem di Pieve di Cadore ha individuato il punto dell&#8217;incidente tra la fitta vegetazione e ha sbarcato con un verricello di 40 metri tecnico di elisoccorso ed equipe medica, a una cinquantina di metri di distanza. Prestate le prime cure per un possibile trauma alla gamba e contusioni varie, la donna \u00e8 stata imbarellata e trasportata in uno spiazzo, aperto per favorire il recupero avvenuto sempre con il verricello. L&#8217;elicottero \u00e8 quindi volato all&#8217;ospedale di Feltre.<\/p>\n<p>&nbsp;<\/p>\n<p>&nbsp;<\/p>\n<hr \/>\n<p>&nbsp;<\/p>\n<blockquote>\n<h3>INCIDENTE CON RIBALTAMENTO AL CASONETTO DI FELTRE<\/h3>\n<\/blockquote>\n<p><strong>FELTRE<\/strong>\u00a0 Nel pomeriggio i vigili del fuoco sono intervenuti in via Casonetto a Feltre per il rovesciamento di un piccolo veicolo commerciale, dopo la perdita di controllo da parte del conducente rimasto ferito. I pompieri hanno messo in sicurezza il mezzo, mentre il ferito \u00e8 stato preso in consegna dai sanitari del SUEM per essere portato in pronto soccorso. Le operazioni di soccorso dei vigili del fuoco sono terminate dopo circa un\u2019ora.<\/p>\n<p><a class=\"dt-pswp-item\" href=\"https:\/\/www.radiopiu.net\/wordpress\/wp-content\/uploads\/2020\/06\/c23d2d95-9413-492e-82fc-2dbc18b7e531-1.jpg\" data-dt-img-description=\"\" data-large_image_width=\"1280\" data-large_image_height=\"720\"><img loading=\"lazy\" decoding=\"async\" class=\"alignleft wp-image-145834\" src=\"https:\/\/www.radiopiu.net\/wordpress\/wp-content\/uploads\/2020\/06\/c23d2d95-9413-492e-82fc-2dbc18b7e531-1-300x169.jpg\" alt=\"\" width=\"337\" height=\"190\" srcset=\"https:\/\/www.radiopiu.net\/wordpress\/wp-content\/uploads\/2020\/06\/c23d2d95-9413-492e-82fc-2dbc18b7e531-1-300x169.jpg 300w, https:\/\/www.radiopiu.net\/wordpress\/wp-content\/uploads\/2020\/06\/c23d2d95-9413-492e-82fc-2dbc18b7e531-1-1024x576.jpg 1024w, https:\/\/www.radiopiu.net\/wordpress\/wp-content\/uploads\/2020\/06\/c23d2d95-9413-492e-82fc-2dbc18b7e531-1-768x432.jpg 768w, https:\/\/www.radiopiu.net\/wordpress\/wp-content\/uploads\/2020\/06\/c23d2d95-9413-492e-82fc-2dbc18b7e531-1.jpg 1280w\" sizes=\"auto, (max-width: 337px) 100vw, 337px\" \/><\/a><a class=\"dt-pswp-item\" href=\"https:\/\/www.radiopiu.net\/wordpress\/wp-content\/uploads\/2020\/06\/7a661652-b8f7-4391-acce-b167ad0569ec-1.jpg\" data-dt-img-description=\"\" data-large_image_width=\"1020\" data-large_image_height=\"640\"><img loading=\"lazy\" decoding=\"async\" class=\"alignleft size-medium wp-image-145835\" src=\"https:\/\/www.radiopiu.net\/wordpress\/wp-content\/uploads\/2020\/06\/7a661652-b8f7-4391-acce-b167ad0569ec-1-300x188.jpg\" alt=\"\" width=\"300\" height=\"188\" srcset=\"https:\/\/www.radiopiu.net\/wordpress\/wp-content\/uploads\/2020\/06\/7a661652-b8f7-4391-acce-b167ad0569ec-1-300x188.jpg 300w, https:\/\/www.radiopiu.net\/wordpress\/wp-content\/uploads\/2020\/06\/7a661652-b8f7-4391-acce-b167ad0569ec-1-768x482.jpg 768w, https:\/\/www.radiopiu.net\/wordpress\/wp-content\/uploads\/2020\/06\/7a661652-b8f7-4391-acce-b167ad0569ec-1.jpg 1020w\" sizes=\"auto, (max-width: 300px) 100vw, 300px\" \/><\/a><\/p>\n<p>&nbsp;<\/p>\n<p>&nbsp;<\/p>\n<p>&nbsp;<\/p>\n<p>&nbsp;<\/p>\n<p>&nbsp;<\/p>\n<p>&nbsp;<\/p>\n<p>&nbsp;<\/p>\n<p>&nbsp;<\/p>\n<hr \/>\n<p>&nbsp;<\/p>\n<blockquote>\n<h3>LUTTO A SEDICO, E&#8217; MORTO NICOLA A SOLI 40 ANNI<\/h3>\n<\/blockquote>\n<p><strong>SEDICO<\/strong> E&#8217; morto per un malore Nicola Ambros dipendente della Renault Luciano Dal Pont. I funerali oggi alle 10.30 in cimitero a Sedico. Viveva a Bribano in centro, lascia la compagna Cristina, la mamma Iole, il pap\u00e0 Guglielmo e i fratelli Lorenzo e Manuel. Era meccanico molto apprezzato e preparato con una grande passione per i motori. Persona buona e sempre disponibile.<\/p>\n<p>&nbsp;<\/p>\n<hr \/>\n<blockquote>\n<h3><\/h3>\n<h3>ATTENZIONE AI TOPI D&#8217;AUTO<\/h3>\n<\/blockquote>\n<p><strong>BORGO VALBELLUNA<\/strong> Nell&#8217;ultimo fine settimana furti nelle auto nei luoghi di maggiore interesse turistico. Sono spariti portafogli, borsette, documenti soprattutto nelle zone di Mel e Lentiai. I Carabinieri hanno raccolto le denunce.<\/p>\n<p>&nbsp;<\/p>\n<p>&nbsp;<\/p>\n<hr \/>\n<p>&nbsp;<\/p>\n<blockquote>\n<h3>\u00a0IL PIROMANE DELL&#8217;ALPAGO<\/h3>\n<\/blockquote>\n<p><strong>TAMBRE<\/strong> Terzo incendio ai cassonetti in pochi giorni. E&#8217; sicuramente un piromane-vandalo. Gli amministratori chiedono indagini immediate affinch\u00e8 venga fermato prima che le fiamme causino danni ben pi\u00f9 gravi di quanto visto nel fine settmana. Tre cassonetti della raccolta differenziata avvolti dalla fiamme e spenti dai vigili del fuoco. Ci sarebbe una persona sospettata evidentemente con qualche problema<\/p>\n<p>&nbsp;<\/p>\n<hr \/>\n<p>&nbsp;<\/p>\n<p>&nbsp;<\/p>\n<blockquote>\n<h3 class=\"photoswipe-wrapper\"><a class=\"dt-pswp-item pspw-wrap-ready\" href=\"https:\/\/i0.wp.com\/www.radiopiu.net\/wordpress\/wp-content\/uploads\/2020\/06\/80c303ed-9a2e-49f0-8b20-3dd5e061bbf3.jpg?ssl=1\" data-dt-img-description=\"\" data-large_image_width=\"1280\" data-large_image_height=\"960\"><img loading=\"lazy\" decoding=\"async\" class=\"alignleft wp-image-145520 jetpack-lazy-image jetpack-lazy-image--handled\" src=\"https:\/\/i0.wp.com\/www.radiopiu.net\/wordpress\/wp-content\/uploads\/2020\/06\/80c303ed-9a2e-49f0-8b20-3dd5e061bbf3.jpg?resize=221%2C166&amp;ssl=1\" sizes=\"auto, (max-width: 221px) 100vw, 221px\" srcset=\"https:\/\/i0.wp.com\/www.radiopiu.net\/wordpress\/wp-content\/uploads\/2020\/06\/80c303ed-9a2e-49f0-8b20-3dd5e061bbf3.jpg?resize=300%2C225&amp;ssl=1 300w, https:\/\/i0.wp.com\/www.radiopiu.net\/wordpress\/wp-content\/uploads\/2020\/06\/80c303ed-9a2e-49f0-8b20-3dd5e061bbf3.jpg?resize=1024%2C768&amp;ssl=1 1024w, https:\/\/i0.wp.com\/www.radiopiu.net\/wordpress\/wp-content\/uploads\/2020\/06\/80c303ed-9a2e-49f0-8b20-3dd5e061bbf3.jpg?resize=768%2C576&amp;ssl=1 768w, https:\/\/i0.wp.com\/www.radiopiu.net\/wordpress\/wp-content\/uploads\/2020\/06\/80c303ed-9a2e-49f0-8b20-3dd5e061bbf3.jpg?w=1280&amp;ssl=1 1280w\" alt=\"\" width=\"109\" height=\"82\" data-lazy-loaded=\"1\" \/> <\/a>DOMANI PROTESTA IN PIAZZA PER CHIEDERE IL RILANCIO DEL TRASPORTO PUBBLICO<\/h3>\n<\/blockquote>\n<p><strong>BELLUNO\u00a0<\/strong>Le OOSS Filt CGIL di Belluno, Fit CISL Belluno Treviso, Uil trasporti Belluno Treviso, Faisa Cisal\u00a0 Belluno Treviso congiuntamente alla Rsu Dolomiti Bus Spa organizzano per domani alle 10\u00a0 una manifestazione in piazza Duomo per il rilancio del trasporto pubblico in Provincia.<\/p>\n<p>&nbsp;<\/p>\n<p>&nbsp;<\/p>\n<blockquote><p><em>IN PIAZZA ANCHE I RESPONSABILI DELLE ASSOCIAZIONI CONSUMATORI, PROVINCIA E DOLOMITIBUS FACCIANO LO LORO PARTE<\/em><\/p><\/blockquote>\n<p><strong>DA BELLUNO MORENO GIOLI\u00a0<\/strong><\/p>\n<audio class=\"wp-audio-shortcode\" id=\"audio-145694-1\" preload=\"none\" style=\"width: 100%;\" controls=\"controls\"><source type=\"audio\/mpeg\" src=\"https:\/\/www.radiopiu.net\/wordpress\/wp-content\/uploads\/2020\/06\/DOLOMTII-BUS.mp3?_=1\" \/><a href=\"https:\/\/www.radiopiu.net\/wordpress\/wp-content\/uploads\/2020\/06\/DOLOMTII-BUS.mp3\">https:\/\/www.radiopiu.net\/wordpress\/wp-content\/uploads\/2020\/06\/DOLOMTII-BUS.mp3<\/a><\/audio>\n<p>&nbsp;<\/p>\n<p>&nbsp;<\/p>\n<p>&nbsp;<\/p>\n<hr \/>\n<blockquote>\n<h3><\/h3>\n<h3 class=\"entry-title\">DOLOMITIBUS NON RISPONDE ALLE ESIGENZE DELL\u2019ALTO AGORDINO, PER FORTUNA C\u2019E\u2019 LA SAD DELLA PROVINCIA AUTONOMA<\/h3>\n<\/blockquote>\n<p><strong><a class=\"dt-pswp-item\" href=\"https:\/\/www.radiopiu.net\/wordpress\/wp-content\/uploads\/2020\/06\/download-21.jpg\" data-dt-img-description=\"\" data-large_image_width=\"349\" data-large_image_height=\"144\"><img loading=\"lazy\" decoding=\"async\" class=\"alignleft wp-image-145735\" src=\"https:\/\/www.radiopiu.net\/wordpress\/wp-content\/uploads\/2020\/06\/download-21-300x124.jpg\" alt=\"\" width=\"227\" height=\"94\" srcset=\"https:\/\/www.radiopiu.net\/wordpress\/wp-content\/uploads\/2020\/06\/download-21-300x124.jpg 300w, https:\/\/www.radiopiu.net\/wordpress\/wp-content\/uploads\/2020\/06\/download-21.jpg 349w\" sizes=\"auto, (max-width: 227px) 100vw, 227px\" \/><\/a>LIVINALLONGO<\/strong> Quando domani\u00a0 andr\u00e0 in scena la protesta contro la Dolomitibus organizzata da sindacati e Rsu non \u00e8 escluso che nel gruppo ci siano i rappresentanti della popolazione di montagna, quelli \u201cbastonati\u201d dal marzo scorso, perch\u00e9 a 4 mesi dallo stop imposto da quella che era l\u2019emergenza sanitaria \u00e8 cambiato ben poco.<br \/>\nAd Arabba ad esempio gi\u00e0 lo scorso fine settimana Manuel Roncat presidente di Arabba Fodom Turismo aveva a ragione alzato la voce, <em><a class=\"dt-pswp-item pspw-wrap-ready\" href=\"https:\/\/i0.wp.com\/www.radiopiu.net\/wordpress\/wp-content\/uploads\/2020\/06\/81d83911-ad56-4a8e-97af-391d10da1a55-e1592820772476.jpg?ssl=1\" data-dt-img-description=\"\" data-large_image_width=\"2048\" data-large_image_height=\"1152\"><img loading=\"lazy\" decoding=\"async\" class=\"wp-image-145734 jetpack-lazy-image jetpack-lazy-image--handled alignright\" src=\"https:\/\/i0.wp.com\/www.radiopiu.net\/wordpress\/wp-content\/uploads\/2020\/06\/81d83911-ad56-4a8e-97af-391d10da1a55-e1592820772476.jpg?resize=1200%2C675&amp;ssl=1\" sizes=\"auto, (max-width: 1200px) 100vw, 1200px\" srcset=\"https:\/\/i0.wp.com\/www.radiopiu.net\/wordpress\/wp-content\/uploads\/2020\/06\/81d83911-ad56-4a8e-97af-391d10da1a55-e1592820772476.jpg?w=2048&amp;ssl=1 2048w, https:\/\/i0.wp.com\/www.radiopiu.net\/wordpress\/wp-content\/uploads\/2020\/06\/81d83911-ad56-4a8e-97af-391d10da1a55-e1592820772476.jpg?resize=300%2C169&amp;ssl=1 300w, https:\/\/i0.wp.com\/www.radiopiu.net\/wordpress\/wp-content\/uploads\/2020\/06\/81d83911-ad56-4a8e-97af-391d10da1a55-e1592820772476.jpg?resize=1024%2C576&amp;ssl=1 1024w, https:\/\/i0.wp.com\/www.radiopiu.net\/wordpress\/wp-content\/uploads\/2020\/06\/81d83911-ad56-4a8e-97af-391d10da1a55-e1592820772476.jpg?resize=768%2C432&amp;ssl=1 768w, https:\/\/i0.wp.com\/www.radiopiu.net\/wordpress\/wp-content\/uploads\/2020\/06\/81d83911-ad56-4a8e-97af-391d10da1a55-e1592820772476.jpg?resize=1536%2C864&amp;ssl=1 1536w\" alt=\"\" width=\"206\" height=\"116\" data-recalc-dims=\"1\" data-lazy-loaded=\"1\" \/><\/a>\u201cIl turismo riprende ma senza Dolomitibus quando trasporti e turismo dovrebbero andare a braccetto\u201d.\u00a0<\/em>Tant\u2019\u00e8, Belluno non sente e allora via al piano B. <em>\u201cMentre turisticamente in materia di trasporto pubblico Belluno dorme \u2013 dice oggi Roncat \u2013\u00a0 da domenica ad Arabba abbiamo finalmente e per fortuna le corse del servizio pubblico della SAD di Bolzano che collega Arabba ai passi e a Corvara con ben 4 coppie di corse e \u00a0chiederemo di implementarle ulteriormente\u201d.<\/em>\u00a0 La gente Fodom plaude all\u2019iniziativa di chi vive sul territorio e per il territorio e \u00a0Manuel Roncat azzarda la proposta che visti i precedenti sar\u00e0 controfirmata dai colleghi che operano nel turismo <em>\u201cA questo punto sarebbe da chiedere a Dolomitibus di sopprimere definitivamente le corse da e per Livinallongo, facciamo tutto con SAD senza \u201cbadare a campanilismi\u201d provinciali e guardare al servizio per i cittadini\u201d<\/em><\/p>\n<p><strong>ARTICOLO PRECEDENTE<\/strong><\/p>\n<h3>ARTICOLO PRECEDENTE<\/h3>\n<blockquote>\n<h3>DILLO A RADIO PIU, CONSIDERAZIONI DEL PRESIDENTE DI ARABBA FODOM TURISMO. DOLOMITIBUS, LA GRANDE DELUSIONE.<\/h3>\n<\/blockquote>\n<p><strong><a class=\"dt-pswp-item\" href=\"https:\/\/www.radiopiu.net\/wordpress\/wp-content\/uploads\/2020\/06\/8f680db4-3147-41c5-9595-e0bc7e8ef0e7.jpg\" data-dt-img-description=\"\" data-large_image_width=\"777\" data-large_image_height=\"1121\"><img loading=\"lazy\" decoding=\"async\" class=\"alignleft size-medium wp-image-145266\" src=\"https:\/\/www.radiopiu.net\/wordpress\/wp-content\/uploads\/2020\/06\/8f680db4-3147-41c5-9595-e0bc7e8ef0e7-208x300.jpg\" alt=\"\" width=\"208\" height=\"300\" srcset=\"https:\/\/www.radiopiu.net\/wordpress\/wp-content\/uploads\/2020\/06\/8f680db4-3147-41c5-9595-e0bc7e8ef0e7-208x300.jpg 208w, https:\/\/www.radiopiu.net\/wordpress\/wp-content\/uploads\/2020\/06\/8f680db4-3147-41c5-9595-e0bc7e8ef0e7-710x1024.jpg 710w, https:\/\/www.radiopiu.net\/wordpress\/wp-content\/uploads\/2020\/06\/8f680db4-3147-41c5-9595-e0bc7e8ef0e7-768x1108.jpg 768w, https:\/\/www.radiopiu.net\/wordpress\/wp-content\/uploads\/2020\/06\/8f680db4-3147-41c5-9595-e0bc7e8ef0e7.jpg 777w\" sizes=\"auto, (max-width: 208px) 100vw, 208px\" \/><\/a>VENEZIA<\/strong> Da giorni in conferenza stampa a Marghera il presidente Luca Zaia chiede a gran voce che Trenitalia e il Governo con i suoi DPCM mettano la parola fine al caos trasporti tra corse dimezzate, capienza ridotta del cinquanta per cento, pendolari in protesta e gente appiedata. Nell&#8217;Agordino il problema dei treni non sussiste, non c&#8217;\u00e8 la linea ferrata e nemmeno le stazioni. Nell&#8217;Agordino c&#8217;\u00e8 la Dolomitibus con gli uffici di Agordo chiusi al pubblico e sui vetri &#8211; come segnalato l&#8217;altro ieri &#8211; indicazioni errate e non aggiornate. Nel bellunese c&#8217;\u00e8 la Dolomitibus che ha fatto arrabbiare sindacati ed Rsu che mercoledi scenderanno in piazza a Belluno con un flash mob come da foto copertina. Nell&#8217;Alto Agordino c&#8217;\u00e8 un settore turistico che prova a ripartire in una corsa ad ostacoli, uno di questi \u00e8 il trasporto pubblico locale.<\/p>\n<p><span style=\"color: #ff0000;\">LA RIFLESSIONE DI MANUEL RONCAT, PRESIDENTE ARABBA FODOM TURISMO<\/span><\/p>\n<blockquote><p><em><strong>LIVINALLONGO<\/strong> &#8220;Dal 13 giugno Arabba prova a fare partire la stagione, con la riapertura delle frontiere alberghi, servizi e appartamenti stanno riaprendo, una partenza con il freno a mano, senza nemmeno la corsa di un autobus.\u00a0 Dolomitibus riparte da e per Arabba da luglio, forse. Invece turismo e trasporto pubblico dovrebbero andare &#8220;a braccetto&#8221; come in un ballo. L\u00b4esempio perfetto sarebbe un tango oppure una baciata. Purtroppo quello che vediamo nella realt\u00e0 dei fatti \u00e8 un &#8220;lento&#8221;, ballato pure male, dove il compagno di ballo ti pesta continuamente i calli&#8221;<\/em><\/p><\/blockquote>\n<p>&nbsp;<\/p>\n<blockquote>\n<h3><\/h3>\n<\/blockquote>\n<hr \/>\n<p>&nbsp;<\/p>\n<blockquote>\n<h3>L&#8217;IDEA DELLA MONOROTAIA BELLUNO, AGORDO LUXOTTICA, ALTO AGORDINO, CORTINA<\/h3>\n<\/blockquote>\n<p><strong><a class=\"dt-pswp-item\" href=\"https:\/\/www.radiopiu.net\/wordpress\/wp-content\/uploads\/2020\/06\/104689262_363128841328637_2843444699787702162_n.jpg\" data-dt-img-description=\"\" data-large_image_width=\"1347\" data-large_image_height=\"900\"><img loading=\"lazy\" decoding=\"async\" class=\"alignleft wp-image-145816\" src=\"https:\/\/www.radiopiu.net\/wordpress\/wp-content\/uploads\/2020\/06\/104689262_363128841328637_2843444699787702162_n-300x200.jpg\" alt=\"\" width=\"204\" height=\"136\" srcset=\"https:\/\/www.radiopiu.net\/wordpress\/wp-content\/uploads\/2020\/06\/104689262_363128841328637_2843444699787702162_n-300x200.jpg 300w, https:\/\/www.radiopiu.net\/wordpress\/wp-content\/uploads\/2020\/06\/104689262_363128841328637_2843444699787702162_n-1024x684.jpg 1024w, https:\/\/www.radiopiu.net\/wordpress\/wp-content\/uploads\/2020\/06\/104689262_363128841328637_2843444699787702162_n-768x513.jpg 768w, https:\/\/www.radiopiu.net\/wordpress\/wp-content\/uploads\/2020\/06\/104689262_363128841328637_2843444699787702162_n.jpg 1347w\" sizes=\"auto, (max-width: 204px) 100vw, 204px\" \/><\/a>AGORDO<\/strong> In tempi in cui non circolano nemmeno i pullman della Dolomitibus come l&#8217;utente vorrebbe (a proposito a quando il rimborso degli abbonamenti non usufruiti?), in tempi in cui le strade sono a pezzi e le gallerie soffrono le infiltrazioni d&#8217;acqua, in tempi in cui le strade franano sotto gli effetti di Vaia e uomini e mezzi si danno da fare per costruire argini e protezioni, in tempi in cui non si salvano nemmeno le strade che potrebbero servire nelle emergenze (Listolade-Cencenighe, interrotta da due anni piuttosto che la ex 203 agordina al Torner che sta franando nel Cordevole), in tempi in cui c&#8217;\u00e8 chi si accapiglia per un percorso del treno in Cadore o per l&#8217;Agordino&#8230; in questi tempi c&#8217;\u00e8 chi ora dal cassetto dei progetti futuribili\u00a0 fa uscire l&#8217;idea della monorotaia.\u00a0 Sistema\u00a0 valido in ambito urbano, la sopraelevazione permette di evitare la viabilit\u00e0 esistente e ha una buona capacit\u00e0 trasportistica nelle piccole distanze. Per trasportare 400 persone ci vogliono (se prendiamo in esame il Marconi Express) 10 vagoni, quando un solo treno di quelli nuovi a disposizione della Regione Veneto (dal prossimo anno anche nel bellunese) ne porta molti di pi\u00f9 e\u00a0 pi\u00f9 velocemente (foto).\u00a0 Inoltre\u00a0 la monorotaia non porta legname\/merci varie, ha un biglietto tutto suo e necessita\u00a0 cambiare mezzo a Belluno per andare in pianura. Chi propone l&#8217;idea ammette di voler accollarsi l&#8217;intero investimento ma\u00a0 se va male chi paga? Il piano \u00e8 stato presentato attraverso l&#8217;architetto Fernando De Simone da un&#8217;azienda svizzera che sta realizzando il People Mover di Bologna.<\/p>\n<blockquote>\n<h3>A proposito di Marconi Express sono interessanti le notizie rese note dalla pagina wikipedia.<\/h3>\n<\/blockquote>\n<p><em>Il costo dell&#8217;opera previsto \u00e8 di 96 milioni di euro, a cui bisogna aggiungere 33 milioni di euro per oneri accessori<\/em><\/p>\n<p>Il Marconi Express, conosciuto anche come people mover di\u00a0 Bologna, \u00e8 il sistema di trasporto pubblico ettometrico di tipo people mover che collegher\u00e0 l&#8217;aeroporto &#8220;Gugliemo Marconi&#8221; con la stazione di Bologna Centrale, con una fermata intermedia al polo universitario del Lazzaretto. L&#8217;inaugurazione del servizio, dapprima annunciata per il mese di giugno 2019 e poi nuovamente per il 7 marzo 2020, \u00e8 soggetta a ritardi e\u00a0 rinvii ed avverr\u00e0 in data attualmente indefinita <em>(la Repubblica, 21 febbraio 2020)<\/em>. Nel 2015 la Corte dei Conti ha aperto un&#8217;inchiesta contabile ipotizzando un irregolare mutamento delle condizioni dell&#8217;appalto di gara, il quale inizialmente prevedeva la realizzazione dell&#8217;infrastruttura solo tramite finanza di progetto, con oneri di costruzione e successiva gestione (con relativo rischio d&#8217;impresa) a carico di soli soggetti privati. Tuttavia, dopo l&#8217;aggiudicazione dell&#8217;appalto di costruzione avvenuta nel 2009, il consorzio CCC fond\u00f2 nel 2010 una societ\u00e0 a capitale misto (di cui \u00e8 titolare al 75%, mentre il restante 25% \u00e8 di propriet\u00e0 pubblica), alla quale \u00e8 stata poi delegata la costruzione e gestione dell&#8217;infrastruttura (ANSA, 24 febbraio 2016).\u00a0 Oltre al procedimento contabile, la Procura della Repubblica di Bologna ha avviato due indagini penali: nel primo procedimento sono stati ipotizzati la turbativa d&#8217;asta e abuso d&#8217;ufficio da parte di alcuni funzionari pubblici coinvolti nella procedura di affidamento ( Corriere di Bologna, 26 febbraio 2015); nella seconda inchiesta si \u00e8 indagato per favoreggiamento ed abuso d&#8217;ufficio. La giunta comunale \u00e8 stata assolta in tutti i procedimenti, sia quello penale che quello presso la Corte dei Conti.(Sassuolo2000, 13 marzo 2018.).<\/p>\n<p>raccolta completa wikipedia<span style=\"color: #0000ff;\"> <a style=\"color: #0000ff;\" href=\"https:\/\/it.wikipedia.org\/wiki\/Marconi_Express?fbclid=IwAR13G5TdldDCw9OhvU8OrERDONgudcgPvkBNsfFG8miQBkdgK_Hq-zmkIrw#cite_note-18\">clicca qui<\/a><\/span><\/p>\n<p>&nbsp;<\/p>\n<p>&nbsp;<\/p>\n<p>&nbsp;<\/p>\n<hr \/>\n<blockquote>\n<h3><\/h3>\n<h3>DAI COMUNI DELL&#8217;ALTO AGORDINO UN AIUTO ALLE FAMIGLIE<\/h3>\n<\/blockquote>\n<p><strong>ALLEGHE<\/strong> Il sindaco Danilo De Toni nel fine settimana aveva anticipato che con l&#8217;aiuto del ragioniere era pronto a cercare tra le pieghe del bilancio delle somme di denaro per aiutare le famiglie che iscrivono i loro figli al centro estivo. Dopo le valutazioni del caso i sindaci di Rocca Pietore, Alleghe, Colle Santa Lucia e Selva di Cadore hanno deciso di dare supporto alla famiglie con un contributo<\/p>\n<p><strong>IL SINDACO DANILO DE TONI<\/strong><\/p>\n<audio class=\"wp-audio-shortcode\" id=\"audio-145694-2\" preload=\"none\" style=\"width: 100%;\" controls=\"controls\"><source type=\"audio\/mpeg\" src=\"https:\/\/www.radiopiu.net\/wordpress\/wp-content\/uploads\/2020\/06\/CENTRO-ESTIVO-DANILO.mp3?_=2\" \/><a href=\"https:\/\/www.radiopiu.net\/wordpress\/wp-content\/uploads\/2020\/06\/CENTRO-ESTIVO-DANILO.mp3\">https:\/\/www.radiopiu.net\/wordpress\/wp-content\/uploads\/2020\/06\/CENTRO-ESTIVO-DANILO.mp3<\/a><\/audio>\n<p>&nbsp;<\/p>\n<p><strong>NOTIZIARIO DEL 21 GIUGNO<\/strong><\/p>\n<blockquote class=\"wp-embedded-content\" data-secret=\"KYCnIPe0P6\"><p><a href=\"https:\/\/www.radiopiu.net\/wordpress\/centro-estivo\/\">CENTRO ESTIVO IN VAL CORDEVOLE, I SINDACI VOGLIONO AIUTARE LE FAMIGLIE DOPO LA DELUSIONE DEL CONTRIBUTO GOVERNATIVO<\/a><\/p><\/blockquote>\n<p><iframe loading=\"lazy\" class=\"wp-embedded-content\" sandbox=\"allow-scripts\" security=\"restricted\" style=\"position: absolute; clip: rect(1px, 1px, 1px, 1px);\" title=\"&#8220;CENTRO ESTIVO IN VAL CORDEVOLE, I SINDACI VOGLIONO AIUTARE LE FAMIGLIE DOPO LA DELUSIONE DEL CONTRIBUTO GOVERNATIVO&#8221; &#8212; Radio Pi\u00f9\" src=\"https:\/\/www.radiopiu.net\/wordpress\/centro-estivo\/embed\/#?secret=KYCnIPe0P6\" data-secret=\"KYCnIPe0P6\" width=\"600\" height=\"338\" frameborder=\"0\" marginwidth=\"0\" marginheight=\"0\" scrolling=\"no\"><\/iframe><\/p>\n<p><strong>NOTIZIARIO DEL 18 GIUGNO<\/strong><\/p>\n<blockquote class=\"wp-embedded-content\" data-secret=\"5yGZT7U3fz\"><p><a href=\"https:\/\/www.radiopiu.net\/wordpress\/dillo-a-radio-piu-a-queste-condizioni-non-tutti-possono-permettersi-il-centro-estivo\/\">DILLO A RADIO PIU&#8217;:  A QUESTE CONDIZIONI NON TUTTI POSSONO  PERMETTERSI  IL CENTRO ESTIVO<\/a><\/p><\/blockquote>\n<p><iframe loading=\"lazy\" class=\"wp-embedded-content\" sandbox=\"allow-scripts\" security=\"restricted\" style=\"position: absolute; clip: rect(1px, 1px, 1px, 1px);\" title=\"&#8220;DILLO A RADIO PIU&#8217;:  A QUESTE CONDIZIONI NON TUTTI POSSONO  PERMETTERSI  IL CENTRO ESTIVO&#8221; &#8212; Radio Pi\u00f9\" src=\"https:\/\/www.radiopiu.net\/wordpress\/dillo-a-radio-piu-a-queste-condizioni-non-tutti-possono-permettersi-il-centro-estivo\/embed\/#?secret=5yGZT7U3fz\" data-secret=\"5yGZT7U3fz\" width=\"600\" height=\"338\" frameborder=\"0\" marginwidth=\"0\" marginheight=\"0\" scrolling=\"no\"><\/iframe><\/p>\n<p>&nbsp;<\/p>\n<p>&nbsp;<\/p>\n<hr \/>\n<p>&nbsp;<\/p>\n<p>&nbsp;<\/p>\n<blockquote>\n<h3>5 MILIONI DA RIPARTIRE DOPO LA RINUNCIA DI FALCADE PER IL CENTRO BENESSERE.<\/h3>\n<\/blockquote>\n<p><strong>AGORDO<\/strong> Qualche cosa filtra, proviamo a ipotizzare le decisioni parziali prese dai sindaci per ecocentri\u00a0 e piste da sci. Falcade rinuncia a 5 milioni del centro benessere ma c&#8217;\u00e8 il precedente di Alleghe che gi\u00e0 aveva rinunciato al tunnel solforoso tenendo comunque i soldi sul territorio. Marea di progetti, reali o provocazione dopo quanto ipotizzato ad Agordo?<\/p>\n<p><strong>GIANNI SANTOMASO<\/strong><\/p>\n<audio class=\"wp-audio-shortcode\" id=\"audio-145694-3\" preload=\"none\" style=\"width: 100%;\" controls=\"controls\"><source type=\"audio\/mpeg\" src=\"https:\/\/www.radiopiu.net\/wordpress\/wp-content\/uploads\/2020\/06\/gianni-fondi.mp3?_=3\" \/><a href=\"https:\/\/www.radiopiu.net\/wordpress\/wp-content\/uploads\/2020\/06\/gianni-fondi.mp3\">https:\/\/www.radiopiu.net\/wordpress\/wp-content\/uploads\/2020\/06\/gianni-fondi.mp3<\/a><\/audio>\n<p>&nbsp;<\/p>\n<p><strong>AI MICROFONI DI RADIO PIU&#8217; IL DEPUTATO ROGER DE MENECH, PRESIDENTE COMITATO PARITETICO FONDI DI CONFINE<\/strong><\/p>\n<audio class=\"wp-audio-shortcode\" id=\"audio-145694-4\" preload=\"none\" style=\"width: 100%;\" controls=\"controls\"><source type=\"audio\/mpeg\" src=\"https:\/\/www.radiopiu.net\/wordpress\/wp-content\/uploads\/2020\/06\/ROGER.mp3?_=4\" \/><a href=\"https:\/\/www.radiopiu.net\/wordpress\/wp-content\/uploads\/2020\/06\/ROGER.mp3\">https:\/\/www.radiopiu.net\/wordpress\/wp-content\/uploads\/2020\/06\/ROGER.mp3<\/a><\/audio>\n<p>&nbsp;<\/p>\n<hr \/>\n<p>&nbsp;<\/p>\n<blockquote>\n<h3>I PROGETTI DELL&#8217;AMMINISTRAZIONE COMUNALE, NUOVA STRUTTURA IN VIA CAPPELLO<\/h3>\n<\/blockquote>\n<p><strong>di Gianni Santomaso<\/strong><\/p>\n<audio class=\"wp-audio-shortcode\" id=\"audio-145694-5\" preload=\"none\" style=\"width: 100%;\" controls=\"controls\"><source type=\"audio\/mpeg\" src=\"https:\/\/www.radiopiu.net\/wordpress\/wp-content\/uploads\/2020\/06\/gianni.mp3?_=5\" \/><a href=\"https:\/\/www.radiopiu.net\/wordpress\/wp-content\/uploads\/2020\/06\/gianni.mp3\">https:\/\/www.radiopiu.net\/wordpress\/wp-content\/uploads\/2020\/06\/gianni.mp3<\/a><\/audio>\n<p><strong>AGORDO<\/strong><\/p>\n<p>Il piano terra per la scuola materna si arricchir\u00e0\u00a0 di un&#8217;ampia sala per la mensa e per gli spettacoli; quello superiore con terrazza per l&#8217;asilo nido che potr\u00e0 quasi raddoppiare la capienza. \u00c8 la struttura che l&#8217;amministrazione comunale di Agordo e il consiglio d&#8217;amministrazione dell&#8217;Azienda speciale Agordo Servizi intendono fare in via Cappello, tra gli attuali edifici della scuola materna e dell&#8217;asilo nido.\u00a0<em> \u00abNei giorni scorsi\u00bb, spiega il vicesindaco e assessore ai lavori pubblici, Giulio Favretti, \u00abil cda ci ha consegnato lo studio di fattibilit\u00e0 dell&#8217;opera che abbiamo visionato e apprezzato, tanto che abbiamo detto alla presidente Tatiana Stalliviere di procedere con l&#8217;iter per arrivare al progetto definitivo. A nostro giudizio, infatti, il nuovo edificio si inserisce in modo armonico fra i due esistenti che ospitano i bambini frequentanti l&#8217;asilo nido e la scuola materna\u00bb.<\/em> L&#8217;obiettivo della giunta Chissal\u00e8 \u00e8 quello di creare un unico polo scolastico per alunni da zero a sei anni, permettendo sia l&#8217;aumento della capienza che quello dell&#8217;offerta formativa. All&#8217;asilo la capienza potr\u00e0 aumentare dagli attuali 35 posti a una sessantina. Una volta pronto il progetto il Comune cercher\u00e0 i soldi, almeno due milioni di euro.<\/p>\n<p>Nelle foto i rendering della struttura tra asilo medio e scuola materna, dal progetto di fattibilit\u00e0.<\/p>\n<p>&nbsp;<\/p>\n<p><a class=\"dt-pswp-item\" href=\"https:\/\/www.radiopiu.net\/wordpress\/wp-content\/uploads\/2020\/06\/188e9f01-ee66-4704-aa3f-c0226afe55a3.jpg\" data-dt-img-description=\"\" data-large_image_width=\"1533\" data-large_image_height=\"818\"><img loading=\"lazy\" decoding=\"async\" class=\"alignleft size-medium wp-image-145876\" src=\"https:\/\/www.radiopiu.net\/wordpress\/wp-content\/uploads\/2020\/06\/188e9f01-ee66-4704-aa3f-c0226afe55a3-300x160.jpg\" alt=\"\" width=\"300\" height=\"160\" srcset=\"https:\/\/www.radiopiu.net\/wordpress\/wp-content\/uploads\/2020\/06\/188e9f01-ee66-4704-aa3f-c0226afe55a3-300x160.jpg 300w, https:\/\/www.radiopiu.net\/wordpress\/wp-content\/uploads\/2020\/06\/188e9f01-ee66-4704-aa3f-c0226afe55a3-1024x546.jpg 1024w, https:\/\/www.radiopiu.net\/wordpress\/wp-content\/uploads\/2020\/06\/188e9f01-ee66-4704-aa3f-c0226afe55a3-768x410.jpg 768w, https:\/\/www.radiopiu.net\/wordpress\/wp-content\/uploads\/2020\/06\/188e9f01-ee66-4704-aa3f-c0226afe55a3.jpg 1533w\" sizes=\"auto, (max-width: 300px) 100vw, 300px\" \/><\/a><a class=\"dt-pswp-item\" href=\"https:\/\/www.radiopiu.net\/wordpress\/wp-content\/uploads\/2020\/06\/4fbb2d2e-aac6-4519-a467-cac0f215d7b9.jpg\" data-dt-img-description=\"\" data-large_image_width=\"1562\" data-large_image_height=\"794\"><img loading=\"lazy\" decoding=\"async\" class=\"alignleft size-medium wp-image-145877\" src=\"https:\/\/www.radiopiu.net\/wordpress\/wp-content\/uploads\/2020\/06\/4fbb2d2e-aac6-4519-a467-cac0f215d7b9-300x152.jpg\" alt=\"\" width=\"300\" height=\"152\" srcset=\"https:\/\/www.radiopiu.net\/wordpress\/wp-content\/uploads\/2020\/06\/4fbb2d2e-aac6-4519-a467-cac0f215d7b9-300x152.jpg 300w, https:\/\/www.radiopiu.net\/wordpress\/wp-content\/uploads\/2020\/06\/4fbb2d2e-aac6-4519-a467-cac0f215d7b9-1024x521.jpg 1024w, https:\/\/www.radiopiu.net\/wordpress\/wp-content\/uploads\/2020\/06\/4fbb2d2e-aac6-4519-a467-cac0f215d7b9-768x390.jpg 768w, https:\/\/www.radiopiu.net\/wordpress\/wp-content\/uploads\/2020\/06\/4fbb2d2e-aac6-4519-a467-cac0f215d7b9-1536x781.jpg 1536w, https:\/\/www.radiopiu.net\/wordpress\/wp-content\/uploads\/2020\/06\/4fbb2d2e-aac6-4519-a467-cac0f215d7b9.jpg 1562w\" sizes=\"auto, (max-width: 300px) 100vw, 300px\" \/><\/a><a class=\"dt-pswp-item\" href=\"https:\/\/www.radiopiu.net\/wordpress\/wp-content\/uploads\/2020\/06\/91f6cb18-80be-4e82-8090-13a0a33173b3.jpg\" data-dt-img-description=\"\" data-large_image_width=\"1537\" data-large_image_height=\"766\"><img loading=\"lazy\" decoding=\"async\" class=\"alignleft size-medium wp-image-145878\" src=\"https:\/\/www.radiopiu.net\/wordpress\/wp-content\/uploads\/2020\/06\/91f6cb18-80be-4e82-8090-13a0a33173b3-300x150.jpg\" alt=\"\" width=\"300\" height=\"150\" srcset=\"https:\/\/www.radiopiu.net\/wordpress\/wp-content\/uploads\/2020\/06\/91f6cb18-80be-4e82-8090-13a0a33173b3-300x150.jpg 300w, https:\/\/www.radiopiu.net\/wordpress\/wp-content\/uploads\/2020\/06\/91f6cb18-80be-4e82-8090-13a0a33173b3-1024x510.jpg 1024w, https:\/\/www.radiopiu.net\/wordpress\/wp-content\/uploads\/2020\/06\/91f6cb18-80be-4e82-8090-13a0a33173b3-768x383.jpg 768w, https:\/\/www.radiopiu.net\/wordpress\/wp-content\/uploads\/2020\/06\/91f6cb18-80be-4e82-8090-13a0a33173b3.jpg 1537w\" sizes=\"auto, (max-width: 300px) 100vw, 300px\" \/><\/a><\/p>\n<p>&nbsp;<\/p>\n<p>&nbsp;<\/p>\n<p>&nbsp;<\/p>\n<p>&nbsp;<\/p>\n<p>&nbsp;<\/p>\n<hr \/>\n<h3><\/h3>\n<hr \/>\n<p>&nbsp;<\/p>\n<p>&nbsp;<\/p>\n<blockquote>\n<h2>RIAPRE IL CASTELLO DI ANDRAZ<\/h2>\n<\/blockquote>\n<p><a class=\"dt-pswp-item\" href=\"https:\/\/www.radiopiu.net\/wordpress\/wp-content\/uploads\/2015\/08\/castello-Andraz-2.jpg\" data-dt-img-description=\"\" data-large_image_width=\"477\" data-large_image_height=\"480\"><img loading=\"lazy\" decoding=\"async\" class=\"size-medium wp-image-9455 alignleft\" src=\"https:\/\/www.radiopiu.net\/wordpress\/wp-content\/uploads\/2015\/08\/castello-Andraz-2-298x300.jpg\" alt=\"\" width=\"298\" height=\"300\" \/><\/a>di Claudio Fontanive<\/p>\n<audio class=\"wp-audio-shortcode\" id=\"audio-145694-6\" preload=\"none\" style=\"width: 100%;\" controls=\"controls\"><source type=\"audio\/mpeg\" src=\"https:\/\/www.radiopiu.net\/wordpress\/wp-content\/uploads\/2020\/06\/castello-andraz-18-giugno.mp3?_=6\" \/><a href=\"https:\/\/www.radiopiu.net\/wordpress\/wp-content\/uploads\/2020\/06\/castello-andraz-18-giugno.mp3\">https:\/\/www.radiopiu.net\/wordpress\/wp-content\/uploads\/2020\/06\/castello-andraz-18-giugno.mp3<\/a><\/audio>\n<p>&nbsp;<\/p>\n<p>&nbsp;<\/p>\n<hr \/>\n<blockquote>\n<h3>L&#8217;ULTIMA IDEA DEL PD: BONUS E DETRAZIONI PER GLI ANIMALI<\/h3>\n<\/blockquote>\n<p><strong><img decoding=\"async\" class=\"alignleft\" src=\"https:\/\/www.radiopiu.net\/wordpress\/wp-content\/uploads\/2018\/05\/menudacani.jpg\" \/>VENEZIA<\/strong> C&#8217;\u00e8 chi chiede il sostegno perch\u00e9 la cassa integrazione latita, chi perch\u00e9 ha perso il lavoro, famiglie intere lamentano gli alti costi per il centro estivo, dove non esistono operazioni di welfare sufficienti c&#8217;\u00e8 chi guarda al cielo sperando in un bonus per l&#8217;acquisto del materiale scolastico. Il Pd pensa ai cani con una mozione per mantenere gli animali domestici con bonus, agevolazioni fiscali e detrazioni. A proporla \u00e8 il consigliere del Partito Democratico e presidente dell\u2019Intergruppo per la tutela degli animali e la conservazione della natura, Andrea Zanoni. <em>\u201cDurante questa crisi sanitaria \u00e8 emerso con ancor pi\u00f9 forza l\u2019importanza del valore affettivo e relazionale di cani e gatti: soprattutto per molte persone anziane che vivono sole rappresentano l\u2019unica compagnia. Questi animali hanno per\u00f2 un costo che, specialmente in un periodo cos\u00ec difficile, rischia di diventare insostenibile: circa 700 euro l\u2019anno per un cane tra cibo, vaccini e profilassi e 250 per i gatti. C\u2019\u00e8 chi improvvisamente si \u00e8 trovato in condizione di indigenza per aver perso il lavoro, credo perci\u00f2 che le istituzioni dovrebbero intervenire per dare un sostegno economico ed evitare, magari, un\u2019ondata di abbandoni\u201d.\u00a0<\/em><\/p>\n<p>&nbsp;<\/p>\n<p>&nbsp;<\/p>\n<p>&nbsp;<\/p>\n<p>&nbsp;<\/p>\n<hr \/>\n<blockquote>\n<h3>NUOVE LINEE GUIDA PER CASE DI RIPOSO E ALTRE STRUTTURE, VISITE DI 30 MINUTI, MASCHERINE E TAMPONI A GOGO<\/h3>\n<\/blockquote>\n<p><strong><a class=\"dt-pswp-item\" href=\"https:\/\/www.radiopiu.net\/wordpress\/wp-content\/uploads\/2020\/06\/a2483bca-248f-473c-b3a3-bc6676002f7b.jpg\" data-dt-img-description=\"\" data-large_image_width=\"1024\" data-large_image_height=\"606\"><img loading=\"lazy\" decoding=\"async\" class=\"alignleft size-medium wp-image-145768\" src=\"https:\/\/www.radiopiu.net\/wordpress\/wp-content\/uploads\/2020\/06\/a2483bca-248f-473c-b3a3-bc6676002f7b-300x178.jpg\" alt=\"\" width=\"300\" height=\"178\" srcset=\"https:\/\/www.radiopiu.net\/wordpress\/wp-content\/uploads\/2020\/06\/a2483bca-248f-473c-b3a3-bc6676002f7b-300x178.jpg 300w, https:\/\/www.radiopiu.net\/wordpress\/wp-content\/uploads\/2020\/06\/a2483bca-248f-473c-b3a3-bc6676002f7b-768x455.jpg 768w, https:\/\/www.radiopiu.net\/wordpress\/wp-content\/uploads\/2020\/06\/a2483bca-248f-473c-b3a3-bc6676002f7b.jpg 1024w\" sizes=\"auto, (max-width: 300px) 100vw, 300px\" \/><\/a>VENEZIA<\/strong> Linee guida da oggi a nuova data, sostituiscono le precedenti, riferite a tutta l&#8217;offerta extraospedaliera socio sanitaria, case di riposo, disabili, salute mentali, dipendenze e minori. tutto il mondo residenziale ed extra residenziale. <strong>Case di riposo<\/strong>: nuovi ingressi di ospiti entrano nel registro unico, dal 29 maggio ci sono stati 500 nuovi accessi. Un ospite che arriva da casa fa tampone entra in struttura e viene collocato in area singola isolata, dopo 14 giorni secondo tampone se negativo entra nella struttura. Accesso da pronto soccorso\u00a0 entra direttamente nella struttura senza necessit\u00e0 di isolamento. Persona ricoverata in struttura sia che sia positiva o negativizzata siccome dovrebbe fare i 14 giorni al rientro prevediamo sia presa in carico da un&#8217;ospedale di comunit\u00e0 (struttura intermedia). <strong>Altre strutture<\/strong> il nuovo ingresso prevede il tampone e dopo l&#8217;esito entra in maniera normale\u00a0 con attesa a casa o nella struttura previo isolamento, la tempistica \u00e8 quella del tampone. <strong>Visite dei famigliari per tutti <\/strong>Prenotazione, ingressi limitati noi indichiamo massimo due persone per ospiti e 30 minuti massimo.\u00a0 Chiediamo un&#8217;analisi telefonica check list di ricognizione rispetto allo stato di salute. Facciamo firmare un patto di responsabilit\u00e0 rispetto alle condizioni di salute. Si terr\u00e0 la lista delle visite per 14 giorni, in caso di focolai scattano le indagini. Nelle visite:\u00a0 famigliari e ospiti con mascherina, meglio se ambienti all&#8217;aperto o luoghi dedicati che non sia la degenza. Per disabili e minori e&#8217; possibile il pernottamento a casa con patto responsabilit\u00e0 e monitoraggio sintomi<strong> Servizi semi residenziali<\/strong> peraltro gi\u00e0 riaperti, allarghiamo fino a gruppi da 10 persone non pi\u00f9 solo 5. Tutti i soggetti che entrano saranno soggetti a tampone.<\/p>\n<p><span style=\"color: #ff0000;\">audio<\/span><\/p>\n<audio class=\"wp-audio-shortcode\" id=\"audio-145694-7\" preload=\"none\" style=\"width: 100%;\" controls=\"controls\"><source type=\"audio\/mpeg\" src=\"https:\/\/www.radiopiu.net\/wordpress\/wp-content\/uploads\/2020\/06\/LANZARIN-1.mp3?_=7\" \/><a href=\"https:\/\/www.radiopiu.net\/wordpress\/wp-content\/uploads\/2020\/06\/LANZARIN-1.mp3\">https:\/\/www.radiopiu.net\/wordpress\/wp-content\/uploads\/2020\/06\/LANZARIN-1.mp3<\/a><\/audio>\n<p>&nbsp;<\/p>\n<hr \/>\n<p>&nbsp;<\/p>\n<blockquote>\n<h3>CASE DI RIPOSO, DA OGGI NUOVI INGRESSI E VISITE DEI PARENTI SECONDO LE LINEE GUIDA. APPELLO AI GIOVANI: &#8220;RISPETTATE LE REGOLE SE TORNA L&#8217;INFEZIONE CI SARANNO NUOVE RESTRIZIONI&#8221;.<\/h3>\n<\/blockquote>\n<p><strong>di Mirko Mezzacasa<\/strong><\/p>\n<p>Con l&#8217;ordinanza firmata ieri ecco il via libera per i nuovi ingressi nelle case di riposo e strutture extra ospedaliere, ma anche alle visite dei parenti. Si potr\u00e0 entrare in spazi appositi (non nelle camere) su prenotazione, non pi\u00f9 di due parenti alla volta per un massimo di 40 minuti. Per i ricoveri previsto il tampone e la quarantena per 14 giorni se l&#8217;ospite arriva da casa, non dal pronto soccorso o reparto ospedaliero. La quarantena \u00e8 prevista in un ospedale di comunit\u00e0. Ceod, centri diurni, centri sollievo sono autorizzati a riaprire per gruppi anche di 10 persone e non pi\u00f9 di 5 come avveniva fino a ieri. Per i nuovi ingressi anche in questo caso come per le case di riposo \u00e8 previsto l&#8217;esamente preventivo con il tampone, ma anche la sottoscrizione di un patto di responsabilit\u00e0 tra il gestore della struttura e i soggetti interessati (o famigliari), un&#8217;autodichiarazione sullo stato di salute dell&#8217;interessato. Anche i servizi di trasporto dovranno rispettare la distanza di un metro tra i passeggeri. Prima della stagione autunnale ci sar\u00e0 una vaccinazione di massa per ospiti, operatori, fornitori, visitatori e familiari. La vaccinazione anti influenzale gi\u00e0 da ora \u00e8 fortemente raccomandata. Ieri da Marghera l&#8217;appello ai giovani<em> &#8220;Nessuna festa della liberazione &#8211; ha detto Zaia &#8211; in Veneto si muore ancora&#8221;<\/em>. Zaia dopo aver ringraziato per mesi i giovani per il loro impegno (quando stavano chiusi tra le mura domestiche) ora ha cambiato tono invitandoli ad evitare gli assembramenti perch\u00e9 le segnalazioni sono continue <em>&#8220;E&#8217; trascorso un sabato e una domenica &#8211; ha detto &#8211; tra l&#8217;inosservanza delle regole, non vi dico di stare a casa ma di rispettarle le regole. La mascherina \u00e8 sempre fondamentale all&#8217;interno dei locali, se torna la re infezione dovremo gioco forza imporre di nuovo le restrizioni.&#8221; <\/em><strong>I NUMERI\u00a0 IN VENETO:<\/strong> TOTALE POSITIVI\u00a0 19 429\u00a0 \u00a0(+2)\u00a0 ATTUALMENTE POSITIVI 580 (-7 ieri +13)\u00a0 DECESSI \u00a02003 (+0)\u00a0 NEGATIVIZZATI 16666 (+8) IN ISOLAMENTO 833 (0)\u00a0 RICOVERATI 222 (-3\u00a0 31 POSITIVI,\u00a0 \u00a0191\u00a0 NEGATIVIZZATI), NEGLI OSPEDALI DI COMUNITA\u2019 RICOVERATI 33\u00a0 (6 POSITIVI,\u00a0 27 NEGATIVIZZATI), IN TERAPIA INTENSIVA 11 (-1, 1 POSITIVI,\u00a0 10 NEGATIVIZZATI). DIMESSI 3547 (+6) <strong>I NUMERI IN PROVINCIA:<\/strong> TOTALE CONTAGI 1185 (0) , ATTUALMENTE POSITIVI 34\u00a0 (0) , DECEDUTI 112 (0), NEGATIVIZZATI\u00a0 1039 (0) ISOLAMENTO DOMICILIARE 56 \u00a0(0) RICOVERATI IN OSPEDALE AL SAN MARTINO 2 (0)<\/p>\n<hr \/>\n<p>&nbsp;<\/p>\n<p>&nbsp;<\/p>\n<blockquote class=\"wp-embedded-content\" data-secret=\"TeBy6yOwR7\"><p><a href=\"https:\/\/www.radiopiu.net\/wordpress\/coronavirus-aggiornamento-nazionale-22-giugno\/\">CORONAVIRUS: AGGIORNAMENTO NAZIONALE 22 GIUGNO<\/a><\/p><\/blockquote>\n<p><iframe loading=\"lazy\" class=\"wp-embedded-content\" sandbox=\"allow-scripts\" security=\"restricted\" style=\"position: absolute; clip: rect(1px, 1px, 1px, 1px);\" title=\"&#8220;CORONAVIRUS: AGGIORNAMENTO NAZIONALE 22 GIUGNO&#8221; &#8212; Radio Pi\u00f9\" src=\"https:\/\/www.radiopiu.net\/wordpress\/coronavirus-aggiornamento-nazionale-22-giugno\/embed\/#?secret=TeBy6yOwR7\" data-secret=\"TeBy6yOwR7\" width=\"600\" height=\"338\" frameborder=\"0\" marginwidth=\"0\" marginheight=\"0\" scrolling=\"no\"><\/iframe><\/p>\n<p>&nbsp;<\/p>\n<p>&nbsp;<\/p>\n<hr \/>\n<p>&nbsp;<\/p>\n<p>&nbsp;<\/p>\n<blockquote class=\"wp-embedded-content\" data-secret=\"kJUtfUtH6o\"><p><a href=\"https:\/\/www.radiopiu.net\/wordpress\/21giugno2020\/\">BOLLETTINO  21 GIUGNO ORE 17: 2 positivi, 1 decesso di nuovo in diminuzione gli attualmente positivi e i ricoverati, un altro pazienti fuori dalla terapia intensiva<\/a><\/p><\/blockquote>\n<p><iframe loading=\"lazy\" class=\"wp-embedded-content\" sandbox=\"allow-scripts\" security=\"restricted\" style=\"position: absolute; clip: rect(1px, 1px, 1px, 1px);\" title=\"&#8220;BOLLETTINO  21 GIUGNO ORE 17: 2 positivi, 1 decesso di nuovo in diminuzione gli attualmente positivi e i ricoverati, un altro pazienti fuori dalla terapia intensiva&#8221; &#8212; Radio Pi\u00f9\" src=\"https:\/\/www.radiopiu.net\/wordpress\/21giugno2020\/embed\/#?secret=kJUtfUtH6o\" data-secret=\"kJUtfUtH6o\" width=\"600\" height=\"338\" frameborder=\"0\" marginwidth=\"0\" marginheight=\"0\" scrolling=\"no\"><\/iframe><\/p>\n<p>&nbsp;<\/p>\n<p>&nbsp;<\/p>\n<hr \/>\n<blockquote>\n<h3><\/h3>\n<h3>&#8220;TANTE SEGNALAZIONI, NON SI RISPETTANO LE REGOLE E GLI ASSEMBRAMENTI NON MANCANO. APPELLO AI GIOVANI&#8221; CONFERENZA STAMPA DEL PRESIDENTE DEL VENETO LUCA ZAIA 22 GIUGNO 2020. NUOVA ORDINANZA PER LE CASE DI RIPOSO E CENTRI DISABILI, PIU&#8217; FACILE VEDERE I FAMIGLIARI<\/h3>\n<\/blockquote>\n<p><strong>VENEZIA<\/strong>\u00a0Da Marghera il\u00a0Presidente\u00a0Luca Zaia fa il punto sull\u2019emergenza Covid-19<\/p>\n<blockquote>\n<h3>Un&#8217;altra settimana impegnativa, sabato e domenica non ci sar\u00e0 il punto, diversamente dagli altri giorni della settimana.<\/h3>\n<h2>LEGGI LA CONFERENZA STAMPA DI LUCA ZAIA<\/h2>\n<\/blockquote>\n<p><em>Non c&#8217;\u00e8 nessuna festa della liberazione da festeggiare.\u00a0 Non carichiamo nuovi pazienti e abbiamo un calo graduale, gli ultimi pazienti rimasti sono quelli pi\u00f9 gravi. Gli ultimi ricoverati avranno bisogno di cure intense.Case di riposo e per disabili: semplificazioni nell&#8217;accesso, con mascherina per tutti. Speriamo che si sblocchi questa &#8220;tragedia nella tragedia&#8221;, dove i familiari non possono visitare i cari. Dopo mesi via all&#8217;ingresso di nuovi ospiti nel rispetto delle linee guida. Fino a quando l&#8217;obbligo della mascherina?\u00a0 Il Dpcm del Governo\u00a0 che le prevede scadr\u00e0 il 15 luglio, da li&#8217; decideranno l&#8217;obbligo di dispositivi o meno.<\/em><\/p>\n<p><strong>FINE SETTIMANA DI ASSEMBRAMENTI<\/strong> Lento calo dei pazienti, oggi 223 i pi\u00f9 critici. Questo fine settimana tante segnalazioni per il non rispetto di alcune regole e trovo positivo che molti scrivano e lo facciano notare. I nostri dati sono in calo dal 10 di aprile, abbiamo affrontato con grande responsabilit\u00e0 la data fatidica del 18 maggio quando sono stati aperti bar, ristoranti, piscine e palestre trasferendo le responsabilit\u00e0 dalla sanit\u00e0 al cittadino. Ognuno di noi da allora ha una responsabilit\u00e0 individuale e una collettiva. Mi appello ai giovani che hanno dato vita agli assembramenti si deve dialogare, il rischio elevato di una re infezione c&#8217;\u00e8 con il rischio di portarlo a casa tra gli anziani o parenti ammalati. I veneti quando li chiami ci sono, ecco perch\u00e9 l&#8217;appello non di stare a casa ma di fare una vita sociale con precise regole evitando assembramenti perch\u00e9 la spiaggia \u00e8 grande. Oggi abbiamo 2 contagiati in pi\u00f9, qualcuno il contagio gliel&#8217;ha portato. Siamo preoccupati e non vogliamo andare verso nuove restrizioni.\u00a0 Ci vuole prudenza.\u00a0 <strong>L&#8217;ORDINANZA PER LE CASE DI RIPOSO<\/strong> Oggi verr\u00e0 presentato dall&#8217;assessore Manuela Lanzarin, pi\u00f9 facile incontrare i parenti (per 30 minuti per i parenti stretti &#8220;non un pullman&#8221; ma anche la presa in carico di nuovi ospiti previa quarantena ma solo per chi arriva da casa non da altre strutture sanitarie. <strong>POLEMICA CRISANTI-RIGOLI<\/strong> Non si discute la professionalit\u00e0 di Rigoli, tra gli scienziati \u00e8 in corso un dibattito sono persone che studiano. Crisanti non ha visto lo studio di Rigoli, credo che quando vedr\u00e0 le carte si capiranno.Rigoli ha presentato uno studio su 60mila tamponi, immagino che il professor Crisanti guarder\u00e0 i dati se non sono corretti che dia la sua lettura a questo processo.Il piano di Sanit\u00e0 pubblica cambier\u00e0 a seconda di quale tesi prevarr\u00e0,\u00a0 il dottor Rigoli ha dato una interpretazione di tipo statistica, Crisanti\u00a0 verifichi. Non\u00a0 pu\u00f2 liquidare tutto con &#8220;queste sono chiacchiere&#8221;<\/p>\n<p>https:\/\/www.facebook.com\/zaiaufficiale\/videos\/3356524741038734<\/p>\n<p>&nbsp;<\/p>\n<p>&nbsp;<\/p>\n<hr \/>\n<p>&nbsp;<\/p>\n<blockquote>\n<h3>PARTO A RISCHIO IN COMELICO, UN MOTIVO IN PIU&#8217; PER SOSPENDERE LE SCHEDE OSPEDALIERE<\/h3>\n<\/blockquote>\n<p><strong><img loading=\"lazy\" decoding=\"async\" class=\"alignleft\" src=\"https:\/\/www.radiopiu.net\/wordpress\/wp-content\/uploads\/2016\/04\/sanit%C3%A0-1.jpg\" width=\"209\" height=\"97\" \/>VENEZIA\u00a0<\/strong><em> \u201cI continui tagli ai servizi sanitari mettono a rischio la vita delle persone. Bisogna invertire la tendenza, devono essere sospese e ripensate le schede ospedaliere per garantire una sanit\u00e0 adeguata, con pi\u00f9 personale e maggiori risorse: le promesse di Zaia non bastano pi\u00f9. Il caso di sabato scorso nel Comelico \u00e8, purtroppo, l\u2019ennesimo esempio\u201d.<\/em> Cosi il capogruppo del Partito Democratico Stefano Fracasso interviene sul caso di una donna residente nel Comelico, all\u2019ottavo mese di gravidanza, che sabato ha subito il distacco della placenta ed \u00e8 stata costretta a un\u2019ora di ambulanza per raggiungere l\u2019ospedale di Belluno per partorire con il cesareo, mentre il neonato \u00e8 stato poi trasferito a Padova in Terapia intensiva.\u00a0<em> \u201cQuesto \u00e8 il risultato delle politiche sanitarie della Lega in Veneto: l\u2019ospedale pi\u00f9 vicino \u00e8 quello di Pieve di Cadore, ma da anni \u00e8 senza punto nascite \u00a0funzionante. Non pu\u00f2 bastare l\u2019elisoccorso, perch\u00e9 non \u00e8 sempre disponibile. \u00c8 inaccettabile dover fare oltre un\u2019ora di viaggio per partorire, non possono esserci cittadini di serie B: tutti hanno diritto ai livelli essenziali di assistenza. Non ci si pu\u00f2 occupare della montagna solo per fare passerelle sulla Marmolada per rivendicare i confini col Trentino. Da tempo chiediamo di sospendere le schede ospedaliere perch\u00e9 inadeguate, soprattutto per i territori marginali: quanto accaduto due giorni fa \u00e8 un motivo in pi\u00f9 per farlo\u201d.\u00a0<\/em><\/p>\n<p>&nbsp;<\/p>\n<p>&nbsp;<\/p>\n<h3>SANIT\u00c0 NEGATA, DA 20 ANNI LA REGIONE DISINVESTE<\/h3>\n<blockquote><p><em>Lotto (PD): \u00abInaccettabili disparit\u00e0 di trattamento. Il diritto alla salute non \u00e8 garantito in montagna\u00bb<\/em><\/p><\/blockquote>\n<p>BELLUNO\u00a0 <em>\u00abL\u2019idea dei servizi sanitari aperti dal luned\u00ec al venerd\u00ec nelle zone periferiche \u00e8 lo specchio del diritto alla salute garantito ai bellunesi dalla Regione Veneto\u00bb.<\/em> La segretaria provinciale del Partito democratico, Monica Lotto, stigmatizza l\u2019organizzazione dei servizi sanitari sul territorio caratterizzati negli ultimi 20 anni <em>\u00abda tagli di posti letto, privatizzazioni, riduzione dei finanziamenti e una sostanziale incapacit\u00e0 della Regione di rendere attrattivi i posti di lavoro del personale medico e sanitario in montagna. Quando a fine settembre del 2019 abbiamo denunciato lo smantellamento del servizio di ambulanza e primo soccorso in Comelico ci fu risposto con il dileggio e la popolazione fu rassicurata sull\u2019imminente riattivazione della convenzione tra Ulss1 e Vigili del Fuoco. Ecco, vorrei che gli artefici di questo capolavoro avessero il coraggio di prendersi le responsabilit\u00e0 delle loro nazioni. Non tanto con noi, ma con tutte le persone che tenacemente, nonostante le politiche regionali, si ostinano a vivere in montagna. Rileviamo ancora una volta quanto inaccettabili disparit\u00e0 di trattamento pesino nelle scelte di investimento della giunta regionale\u00bb.<\/em><\/p>\n<p>&nbsp;<\/p>\n<p>&nbsp;<\/p>\n<p>&nbsp;<\/p>\n<hr \/>\n<blockquote>\n<h3><\/h3>\n<h3>FONDI DI CONFINE&#8230;. DOPO IL MODELLO AGORDO LE RIFLESSIONI DEL SINDACO DI SAN TOMASO MORENO DE VAL<\/h3>\n<\/blockquote>\n<p><a class=\"dt-pswp-item\" href=\"https:\/\/www.radiopiu.net\/wordpress\/wp-content\/uploads\/2019\/05\/SAN-TOMASO-MORENO-DE-VAL.jpeg\" data-dt-img-description=\"\" data-large_image_width=\"320\" data-large_image_height=\"320\"><img loading=\"lazy\" decoding=\"async\" class=\"size-medium wp-image-86478 alignleft\" src=\"https:\/\/www.radiopiu.net\/wordpress\/wp-content\/uploads\/2019\/05\/SAN-TOMASO-MORENO-DE-VAL-300x300.jpeg\" alt=\"\" width=\"300\" height=\"300\" srcset=\"https:\/\/www.radiopiu.net\/wordpress\/wp-content\/uploads\/2019\/05\/SAN-TOMASO-MORENO-DE-VAL-300x300.jpeg 300w, https:\/\/www.radiopiu.net\/wordpress\/wp-content\/uploads\/2019\/05\/SAN-TOMASO-MORENO-DE-VAL-150x150.jpeg 150w, https:\/\/www.radiopiu.net\/wordpress\/wp-content\/uploads\/2019\/05\/SAN-TOMASO-MORENO-DE-VAL.jpeg 320w\" sizes=\"auto, (max-width: 300px) 100vw, 300px\" \/><\/a><\/p>\n<audio class=\"wp-audio-shortcode\" id=\"audio-145694-8\" preload=\"none\" style=\"width: 100%;\" controls=\"controls\"><source type=\"audio\/mpeg\" src=\"https:\/\/www.radiopiu.net\/wordpress\/wp-content\/uploads\/2020\/06\/moreno-finale.mp3?_=8\" \/><a href=\"https:\/\/www.radiopiu.net\/wordpress\/wp-content\/uploads\/2020\/06\/moreno-finale.mp3\">https:\/\/www.radiopiu.net\/wordpress\/wp-content\/uploads\/2020\/06\/moreno-finale.mp3<\/a><\/audio>\n<p>&nbsp;<\/p>\n<hr \/>\n<p>&nbsp;<\/p>\n<blockquote>\n<h3>ASSUNZIONI NEGLI ENTI LOCALI, UNCEM: TUTTO DA RIFARE. PENALIZZATI I VIRTUOSI E I PICCOLI COMUNI, SINDACI CRITICI<\/h3>\n<\/blockquote>\n<p><strong>ROMA<\/strong> Sulle assunzioni negli Enti locali \u00e8 tutto da rifare. La circolare della Funzione pubblica sulle assunzioni nei Comuni si trova presso l&#8217;Ufficio Bilancio di Palazzo Chigi e sta, quindi, terminando il suo iter. Numerosi i Comuni che si sono rivolti a Uncem evidenziando criticit\u00e0 e parametri completamente da rivedere. Questo meccanismo secondo Uncem penalizza pesantemente i piccoli Comuni e i Comuni &#8220;virtuosi&#8221;, senza debiti, e con piante organiche rimaste negli ultimi vent&#8217;anni ben al di sotto degli standard. Uncem ha scritto ai Ministri della Pubblica Amministrazione e dell&#8217;Economia e dell&#8217;Interno.\u00a0Occorre permettere ai Comuni e agli Enti sovracomunali un turn over al 100% come era stato gi\u00e0 stabilito e concertato con le Associazioni degli Enti locali.<\/p>\n<hr \/>\n<p>&nbsp;<\/p>\n<blockquote>\n<h3>&#8220;DE COCCIO&#8221;: LA SETTIMANA TERMINA CON UNA SANZIONE<\/h3>\n<\/blockquote>\n<p><strong>BELLUNO<\/strong> Termina con una sanzione ad un esercizio commerciale la settimana di controlli da parte delle Forze dell&#8217;Ordine per il contenimento del Covid-19. Il miglior risultato da inizio emergenza per la provincia di Belluno che vede zero sanzioni dopo 1422 persone controllate. 684 gli esercizi commerciali controllati in settimana e una sanzione nella giornata di sabato. Nella domenica appena trascorsa non sono state segnalate irregolarit\u00e0.<\/p>\n<p><a class=\"dt-pswp-item\" href=\"https:\/\/www.radiopiu.net\/wordpress\/wp-content\/uploads\/2020\/06\/MONITORAGGIO_SERVIZI_DI_CONTROLLO_-_SETTIMANA_DAL_15-06_AL_21-06.jpg\" data-dt-img-description=\"\" data-large_image_width=\"1240\" data-large_image_height=\"1754\"><img loading=\"lazy\" decoding=\"async\" class=\"alignnone wp-image-145716 \" src=\"https:\/\/www.radiopiu.net\/wordpress\/wp-content\/uploads\/2020\/06\/MONITORAGGIO_SERVIZI_DI_CONTROLLO_-_SETTIMANA_DAL_15-06_AL_21-06-724x1024.jpg\" alt=\"\" width=\"283\" height=\"400\" srcset=\"https:\/\/www.radiopiu.net\/wordpress\/wp-content\/uploads\/2020\/06\/MONITORAGGIO_SERVIZI_DI_CONTROLLO_-_SETTIMANA_DAL_15-06_AL_21-06-724x1024.jpg 724w, https:\/\/www.radiopiu.net\/wordpress\/wp-content\/uploads\/2020\/06\/MONITORAGGIO_SERVIZI_DI_CONTROLLO_-_SETTIMANA_DAL_15-06_AL_21-06-212x300.jpg 212w, https:\/\/www.radiopiu.net\/wordpress\/wp-content\/uploads\/2020\/06\/MONITORAGGIO_SERVIZI_DI_CONTROLLO_-_SETTIMANA_DAL_15-06_AL_21-06-768x1086.jpg 768w, https:\/\/www.radiopiu.net\/wordpress\/wp-content\/uploads\/2020\/06\/MONITORAGGIO_SERVIZI_DI_CONTROLLO_-_SETTIMANA_DAL_15-06_AL_21-06-1086x1536.jpg 1086w, https:\/\/www.radiopiu.net\/wordpress\/wp-content\/uploads\/2020\/06\/MONITORAGGIO_SERVIZI_DI_CONTROLLO_-_SETTIMANA_DAL_15-06_AL_21-06.jpg 1240w\" sizes=\"auto, (max-width: 283px) 100vw, 283px\" \/><\/a><\/p>\n<p>&nbsp;<\/p>\n<p>&nbsp;<\/p>\n<hr \/>\n<blockquote>\n<h3><\/h3>\n<h3>CODE SULLA A27, PADRIN: \u00abINACCETTABILE; O SI TOLGONO I CANTIERI FANTASMA O SI ELIMINANO I PEDAGGI\u00bb<\/h3>\n<\/blockquote>\n<p><strong><a class=\"dt-pswp-item\" href=\"https:\/\/www.radiopiu.net\/wordpress\/wp-content\/uploads\/2020\/05\/PADRIN-1-scaled.jpg\" data-dt-img-description=\"\" data-large_image_width=\"2560\" data-large_image_height=\"1920\"><img loading=\"lazy\" decoding=\"async\" class=\"size-medium wp-image-138417 alignleft\" src=\"https:\/\/www.radiopiu.net\/wordpress\/wp-content\/uploads\/2020\/05\/PADRIN-1-300x225.jpg\" alt=\"\" width=\"300\" height=\"225\" srcset=\"https:\/\/www.radiopiu.net\/wordpress\/wp-content\/uploads\/2020\/05\/PADRIN-1-300x225.jpg 300w, https:\/\/www.radiopiu.net\/wordpress\/wp-content\/uploads\/2020\/05\/PADRIN-1-1024x768.jpg 1024w, https:\/\/www.radiopiu.net\/wordpress\/wp-content\/uploads\/2020\/05\/PADRIN-1-768x576.jpg 768w, https:\/\/www.radiopiu.net\/wordpress\/wp-content\/uploads\/2020\/05\/PADRIN-1-1536x1152.jpg 1536w, https:\/\/www.radiopiu.net\/wordpress\/wp-content\/uploads\/2020\/05\/PADRIN-1-2048x1536.jpg 2048w\" sizes=\"auto, (max-width: 300px) 100vw, 300px\" \/><\/a>BELLUNO\u00a0<\/strong>\u00ab<em>Le code viste domenica in A27 non dovranno pi\u00f9 ripetersi durante la stagione estiva. Ne va dello sviluppo turistico della nostra montagna<\/em>\u00bb. \u00c8 quanto afferma il presidente della Provincia di Belluno, Roberto Padrin, che analizza la situazione creatasi ieri (domenica 21 giugno) in autostrada; sia al mattino, con lunghe colonne di auto in salita verso la montagna e poi anche al rientro verso la pianura, con 5-6 chilometri di coda tra Vittorio Veneto Sud e il Fadalto.<\/p>\n<p><strong>IL PRESIDENTE DELLA PROVINCIA DI BELLUNO ROBERTO PADRIN<\/strong><\/p>\n<audio class=\"wp-audio-shortcode\" id=\"audio-145694-9\" preload=\"none\" style=\"width: 100%;\" controls=\"controls\"><source type=\"audio\/mpeg\" src=\"https:\/\/www.radiopiu.net\/wordpress\/wp-content\/uploads\/2020\/06\/PADRIN-A27.mp3?_=9\" \/><a href=\"https:\/\/www.radiopiu.net\/wordpress\/wp-content\/uploads\/2020\/06\/PADRIN-A27.mp3\">https:\/\/www.radiopiu.net\/wordpress\/wp-content\/uploads\/2020\/06\/PADRIN-A27.mp3<\/a><\/audio>\n<p>&nbsp;<\/p>\n<hr \/>\n<p>&nbsp;<\/p>\n<blockquote>\n<h3>TAVOLO DELLE POLITICHE ATTIVE, PRIORITA&#8217; AL POST COVID SENZA DIMENTICARE LO SVILUPPO STRATEGICO DEL TERRITORIO.<\/h3>\n<\/blockquote>\n<p><strong><a class=\"dt-pswp-item\" href=\"https:\/\/www.radiopiu.net\/wordpress\/wp-content\/uploads\/2020\/06\/IMG_7627.jpg\" data-dt-img-description=\"\" data-large_image_width=\"1632\" data-large_image_height=\"1224\"><img loading=\"lazy\" decoding=\"async\" class=\"alignleft wp-image-145805\" src=\"https:\/\/www.radiopiu.net\/wordpress\/wp-content\/uploads\/2020\/06\/IMG_7627-300x225.jpg\" alt=\"\" width=\"243\" height=\"182\" srcset=\"https:\/\/www.radiopiu.net\/wordpress\/wp-content\/uploads\/2020\/06\/IMG_7627-300x225.jpg 300w, https:\/\/www.radiopiu.net\/wordpress\/wp-content\/uploads\/2020\/06\/IMG_7627-1024x768.jpg 1024w, https:\/\/www.radiopiu.net\/wordpress\/wp-content\/uploads\/2020\/06\/IMG_7627-768x576.jpg 768w, https:\/\/www.radiopiu.net\/wordpress\/wp-content\/uploads\/2020\/06\/IMG_7627-1536x1152.jpg 1536w, https:\/\/www.radiopiu.net\/wordpress\/wp-content\/uploads\/2020\/06\/IMG_7627.jpg 1632w\" sizes=\"auto, (max-width: 243px) 100vw, 243px\" \/><\/a>BELLUNO<\/strong> Soluzioni concrete e immediate per il post-Covid, senza dimenticare le politiche strategiche di ampio respiro per lo sviluppo del Bellunese, partendo dal contributo di tutte le componenti territoriali. \u00c8 il compito che si \u00e8 dato il Tavolo delle politiche attive. Il primo giro di tavolo \u00e8 servito per scattare la fotografia del Bellunese e degli effetti provocati dal lungo lockdown, sia sulle imprese sia su famiglie e servizi, si pensi alla cassa integrazione attivata durante le prime settimane dell\u2019emergenza sanitaria: 177 aziende per 12mila addetti totali (di queste, 88 aziende hanno gi\u00e0 chiesto la proroga di altre cinque settimane e altre sei per un\u2019ulteriore proroga di quattro settimane aggiuntive). Per rendere operativa fin da subito l\u2019unit\u00e0 di intenti, \u00e8 stato deciso di lavorare su canali tematici: il Tavolo delle Infrastrutture (gi\u00e0 attivo e coordinato da Confindustria) si occuper\u00e0 di portare avanti le progettualit\u00e0 relative alla dotazione infrastrutturale del territorio, anche verso la creazione di uno sbocco a Nord; il Fondo Welfare Territoriale (gi\u00e0 attivo e coordinato dalla presidente Francesca De Biasi) \u00e8 chiamato a lavorare su quelle che sono le esigenze sociali e delle famiglie; il gruppo relativo a Lavoro e Formazione (coordinato da Veneto Lavoro); Il gruppo tematico su Turismo e Promozione Territoriale (coordinato da Dmo Dolomiti). Le possibilit\u00e0 ci sono, i tempi sembrano stretti. Soprattutto per l\u2019immediato. \u00c8 per questo che il Tavolo per le politiche attive si \u00e8 dato compiti semplici da portare avanti subito: ognuno dei soggetti relazioner\u00e0 nel giro di una settimana,\u00a0 a brevissimo le prime misure da attivare nell\u2019immediato.<em> &#8220;Vogliamo arrivare alla fine dell\u2019anno pronti con alcune linee strategiche anche per lo sviluppo futuro, da condividere agli Stati Generali&#8221;<\/em> ha detto il presidente Roberto Padrin.<\/p>\n<audio class=\"wp-audio-shortcode\" id=\"audio-145694-10\" preload=\"none\" style=\"width: 100%;\" controls=\"controls\"><source type=\"audio\/mpeg\" src=\"https:\/\/www.radiopiu.net\/wordpress\/wp-content\/uploads\/2020\/06\/PADRIN2.mp3?_=10\" \/><a href=\"https:\/\/www.radiopiu.net\/wordpress\/wp-content\/uploads\/2020\/06\/PADRIN2.mp3\">https:\/\/www.radiopiu.net\/wordpress\/wp-content\/uploads\/2020\/06\/PADRIN2.mp3<\/a><\/audio>\n<p>&nbsp;<\/p>\n<p>&nbsp;<\/p>\n<p>&nbsp;<\/p>\n<hr \/>\n<p>&nbsp;<\/p>\n<p>&nbsp;<\/p>\n<blockquote class=\"wp-embedded-content\" data-secret=\"P2dTbB4LCZ\"><p><a href=\"https:\/\/www.radiopiu.net\/wordpress\/omaggi-a-feltre-dallalto\/\">OMAGGI A FELTRE&#8230; DALL&#8217;ALTO<\/a><\/p><\/blockquote>\n<p><iframe loading=\"lazy\" class=\"wp-embedded-content\" sandbox=\"allow-scripts\" security=\"restricted\" style=\"position: absolute; clip: rect(1px, 1px, 1px, 1px);\" title=\"&#8220;OMAGGI A FELTRE&#8230; DALL&#8217;ALTO&#8221; &#8212; Radio Pi\u00f9\" src=\"https:\/\/www.radiopiu.net\/wordpress\/omaggi-a-feltre-dallalto\/embed\/#?secret=P2dTbB4LCZ\" data-secret=\"P2dTbB4LCZ\" width=\"600\" height=\"338\" frameborder=\"0\" marginwidth=\"0\" marginheight=\"0\" scrolling=\"no\"><\/iframe><\/p>\n<p>&nbsp;<\/p>\n<p>&nbsp;<\/p>\n<hr \/>\n<p>&nbsp;<\/p>\n<p>&nbsp;<\/p>\n<p>&nbsp;<\/p>\n<blockquote>\n<h3>LE NUOVE ATTIVIT\u00c0 PER LA PISCINA DI AGORDO<\/h3>\n<\/blockquote>\n<p><strong><a class=\"dt-pswp-item\" href=\"https:\/\/www.radiopiu.net\/wordpress\/wp-content\/uploads\/2020\/06\/IMG_2135-22-06-20-12-29.jpg\" data-dt-img-description=\"\" data-large_image_width=\"2048\" data-large_image_height=\"1536\"><img loading=\"lazy\" decoding=\"async\" class=\"size-medium wp-image-145750 alignleft\" src=\"https:\/\/www.radiopiu.net\/wordpress\/wp-content\/uploads\/2020\/06\/IMG_2135-22-06-20-12-29-300x225.jpg\" alt=\"\" width=\"300\" height=\"225\" srcset=\"https:\/\/www.radiopiu.net\/wordpress\/wp-content\/uploads\/2020\/06\/IMG_2135-22-06-20-12-29-300x225.jpg 300w, https:\/\/www.radiopiu.net\/wordpress\/wp-content\/uploads\/2020\/06\/IMG_2135-22-06-20-12-29-1024x768.jpg 1024w, https:\/\/www.radiopiu.net\/wordpress\/wp-content\/uploads\/2020\/06\/IMG_2135-22-06-20-12-29-768x576.jpg 768w, https:\/\/www.radiopiu.net\/wordpress\/wp-content\/uploads\/2020\/06\/IMG_2135-22-06-20-12-29-1536x1152.jpg 1536w, https:\/\/www.radiopiu.net\/wordpress\/wp-content\/uploads\/2020\/06\/IMG_2135-22-06-20-12-29.jpg 2048w\" sizes=\"auto, (max-width: 300px) 100vw, 300px\" \/><\/a>AGORDO\u00a0<\/strong>La stagione estiva 2020 della Piscina Comprensoriale di Agordo si arricchisce con una nuova opportunit\u00e0: nelle giornate di apertura sar\u00e0 possibile godere del solarium esterno, nell\u2019ampio giardino panoramico, alternando nuoto libero ad una pausa riposante al sole. L\u2019area dispone di sdraio e ombrelloni a pagamento e spazi gratuiti liberi sull\u2019erba, nel rispetto del distanziamento e rispettando le normative vigenti. Da mercoled\u00ec 24 giugno 2020 si potr\u00e0 inoltre provare una nuova disciplina in acqua: si tratta di un corso di cardio boxing, disciplina di allenamento ad alta intensit\u00e0 con l\u2019istruttore Ugo Samaria. La prima lezione, che si svolger\u00e0 dalle ore 19.45 alle ore 20.30 sar\u00e0 una prova gratuita. Per tutti i corsi, l\u2019ingresso al nuoto libero e al solarium \u00e8 obbligatoria la prenotazione chiamando lo 0437.62406. Gli orari di apertura della piscina sono i seguenti: luned\u00ec, mercoled\u00ec e sabato 9.30-20.00; marted\u00ec e venerd\u00ec 15.00-21.00; gioved\u00ec 15.00-20.00 e domenica 15.00-19.00.<\/p>\n<p>&nbsp;<\/p>\n<p>&nbsp;<\/p>\n<hr \/>\n<p>&nbsp;<\/p>\n<blockquote>\n<h3>ASSEMBLEA ANNUALE DONATORI MIDOLLO OSSEO \u2013 SEZIONE DI BELLUNO<\/h3>\n<\/blockquote>\n<p><strong class=\"photoswipe-wrapper\"><a class=\"dt-pswp-item pspw-wrap-ready\" href=\"https:\/\/i2.wp.com\/www.radiopiu.net\/wordpress\/wp-content\/uploads\/2016\/03\/ADMO-LOGO.png?ssl=1\" data-dt-img-description=\"\" data-large_image_width=\"1678\" data-large_image_height=\"534\"><img loading=\"lazy\" decoding=\"async\" class=\"size-medium wp-image-17301 alignleft jetpack-lazy-image jetpack-lazy-image--handled\" src=\"https:\/\/i2.wp.com\/www.radiopiu.net\/wordpress\/wp-content\/uploads\/2016\/03\/ADMO-LOGO.png?resize=300%2C95&amp;ssl=1\" sizes=\"auto, (max-width: 300px) 100vw, 300px\" srcset=\"https:\/\/i2.wp.com\/www.radiopiu.net\/wordpress\/wp-content\/uploads\/2016\/03\/ADMO-LOGO.png?resize=300%2C95&amp;ssl=1 300w, https:\/\/i2.wp.com\/www.radiopiu.net\/wordpress\/wp-content\/uploads\/2016\/03\/ADMO-LOGO.png?resize=768%2C244&amp;ssl=1 768w, https:\/\/i2.wp.com\/www.radiopiu.net\/wordpress\/wp-content\/uploads\/2016\/03\/ADMO-LOGO.png?resize=1024%2C326&amp;ssl=1 1024w, https:\/\/i2.wp.com\/www.radiopiu.net\/wordpress\/wp-content\/uploads\/2016\/03\/ADMO-LOGO.png?w=1678&amp;ssl=1 1678w\" alt=\"\" width=\"300\" height=\"95\" data-lazy-loaded=\"1\" \/><\/a>BELLUNO\u00a0<\/strong>Venerd\u00ec 10 luglio alle ore 19.00, presso il Centro Anziani di Mas di Sedico, in via Val di Fontana 10, si svolger\u00e0 l\u2019assemblea ordinaria\u00a0 annuale dell\u2019Associazione dei Donatori di Midollo Osseo, ADMO Belluno. In questa occasione il presidente Benvenuto Pol esporr\u00e0 la relazione morale, la relazione finanziaria e sar\u00e0 discusso e approvato il\u00a0 bilancio consuntivo 2019 e il bilancio preventivo 2020.\u00a0 Sar\u00e0 l\u2019occasione per ritrovarsi, per aggiornarci sulle donazioni effettive avvenute nell\u2019ultimo anno. Saranno invitati i nuovi donatori effettivi che racconteranno brevemente la loro esperienza e ai quali sar\u00e0 consegnata una targa ricordo. Sar\u00e0 descritto l\u2019andamento della sensibilizzazione e delle nuove tipizzazioni, i rapporti con il trasfusionale e con l\u2019ADMO a livello regionale e nazionale. Saranno esposti i risultati della campagna \u201cUna colomba per la vita\u201d particolarmente problematica quest\u2019anno vista la chiusura per Covid 19. Verr\u00e0 descritta l\u2019attivit\u00e0 svolta e quella ancora da intraprendere, i punti di forza e le problematiche da affrontare e risolvere. La presenza e l\u2019apporto di tutti i donatori che vogliano intervenire \u00e8 oltremodo gradito in modo che anche questa occasione sia un momento di informazione, confronto e crescita. Ricordiamo ai soci di comunicare con cortese sollecitudine\u00a0 il cambio di indirizzo e che il nostro codice fiscale per la destinazione del 5 per mille \u00e8\u00a0 93025710257. L\u2019invito \u00e8 quindi per sabato 10 luglio alle ore 19 presso il Centro Anziani di Mas di Sedico.<\/p>\n<p>&nbsp;<\/p>\n<p>&nbsp;<\/p>\n<hr \/>\n<p>&nbsp;<\/p>\n<h3><span style=\"color: #ff0000;\">L&#8217;OPINIONE<\/span><\/h3>\n<p><strong>di Franco Piacentini, Feltre<\/strong><\/p>\n<p><em>\u00a0&#8220;incontro politico e sociale per la Fase 3 Covid-19&#8221;\u00a0<\/em><\/p>\n<blockquote><p><em>&#8220;Autorevoli opinionisti nei loro interventi evidenziano le tantissime sfide del dopo pandemia,\u00a0che il nostro Paese dovr\u00e0 affrontare per scongiurare l&#8217;aumento delle povert\u00e0 e per evitare il tracollo occupazionale.\u00a0\u00a0Se si analizzano i comportamenti che stanno caratterizzando\u00a0l&#8217;avvio della Fase 3 Covid-19, purtroppo non sta prendendo corpo la concertazione tra le parti politiche, sociali, economiche e sindacali. Concertazione \u00e8 l&#8217;inevitabile passaggio di responsabilizzazione convinta e di partecipazione attiva, di tutte le rappresentanze coinvolte nei giorni scorsi negli Stati Generali. Quanto emerso a Villa Pamphilj (Roma),\u00a0 negli auspici di coesione sociale e politica pi\u00f9 volte pronunciati dal Presidente della Repubblica, deve trovare l&#8217;incontro: tra Governo e opposizione parlamentare; tra Associazioni imprenditoriali\u00a0e CGIL CISL UIL; tra Regioni e Terzo settore; tra Enti locali e Volontariato. Distingui, personalismi, speculazioni, offese e polemiche, inevitabilmente\u00a0portano il nostro Paese nel tunnel degli scontri inconcludenti penalizzanti per la qualit\u00e0 e quantit\u00e0 delle prestazioni socio-sanitarie ed assistenziali e catastrofici per i ceti meno abbienti, i disoccupati e per le persone non autosufficienti&#8221;.\u00a0 \u00a0\u00a0<\/em><\/p><\/blockquote>\n<p>&nbsp;<\/p>\n<hr \/>\n<p>&nbsp;<\/p>\n<p>&nbsp;<\/p>\n<p>&nbsp;<\/p>\n<h2>TORNA L\u2019INIZIATIVA \u201cA CASA DI DINO\u201d NEL RICORDO E AD ONORE DI BUZZATI<\/h2>\n<h2>di RENATO BONA<\/h2>\n<p>&nbsp;<\/p>\n<p><strong>BELLUNO<\/strong> Non abbiamo certo la pretesa di illustrare figura ed opera di un collega giornalista (e lui pure scrittore e pittore) di fama internazionale quale \u00e8 stato Dino Buzzati, anch\u2019egli bellunese. Ma l\u2019iniziativa \u201cA casa di Dino\u201d del Comune di Belluno, che la propone insieme all\u2019Associazione culturale Villa Buzzati S. Pellegrino il Granaio, in collaborazione con: Libreria Le due zitelle di Piazza Piloni; Belluno eventi cultura 2020, Provincia di Belluno e Regione Veneto, ci offre l\u2019occasione, utilizzando la personale biblioteca, di proporre un aspetto particolare, la grande passione per la montagna, dell\u2019illustre concittadino cui il Comune ha dedicato la \u201cPanoramica\u201d via che da Piazzale Marconi porta al Ponte della Vittoria, con una tabella che ricorda: \u201cBuzzati Dino (1906-1972) \u2013 giornalista, scrittore, pittore, redattore del \u2018\u2019Corriere della Sera\u2019 e della \u2018Domenica del Corriere\u201d. Vincitore nel 1959 del premio \u2018Strega\u2019 con la raccolta \u2018Sessanta racconti\u2019. Il romanzo \u2018Il deserto dei Tartari\u2019 \u00e8 considerato il suo capolavoro\u201d. Intanto il programma della terza edizione di \u201cA casa di Dino\u201d sul tema: \u201cIl mostro, paure allo specchio\u201d.con la precisazione che \u201cL\u2019iniziativa si materializza per la terza volta nel cuore di Belluno per suscitare emozioni e divagazioni. Le inquietudini buzzatiane sono sempre presenti sul palcoscenico come nella vita\u201d. Venerd\u00ec 26 giugno alle 18,30 nel cortile del museo civico di Palazzo Fulcis \u201cOgnuno ha il suo mostro\u201d con Andrea Zancanaro, vincitore del Premio Campiello Giovani 2017 che racconta i suoi mostri; conduce Antonella Giacomini con interventi di Marina Da Canal; gioved\u00ec 2 luglio, stessa ora, stessa sede: \u201cMostri d\u2019alta quota\u201d, con Federico Camanni e Manrico Dall\u2019Agnola; riflessioni su montagne, pareti e paure; conduce Mirta Armanda Barbonetti; sabato 4 luglio, alle 20,45 sempre a Palazzo Fulcis: \u201cProfessoresse meccaniche scendono in citt\u00e0\u201d; legge e strepita Laura Portunato; suona e starnazza Sandro Del Duca; si tratta di uno spettacolo neo-parafisico e para-buzzatiano dal libro \u201cLe professoresse meccaniche\u201d di Alfonso Lentini. In caso di pioggia o emergenza sanitaria gli eventi potranno svolgersi in altre sedi che saranno comunicate. Una precisazione: \u00e8 obbligatoria la prenotazione al 39-333-6486024 culturavillabuzzati@gmail.com o associazione culturale Villa Buzzati San Pellegrino Il Granaio, via Visome 18, 32100 Belluno. Ci viene spontaneo tra i testi che possediamo citare \u201cLe Dolomiti di Dino Buzzati\u201d, finito di stampare nell\u2019ottobre del 1989 dalla tipografia Panfilo Castaldi di Feltre per conto di Nuovi Sentieri editore di Bepi Pellegrinon (altro benemerito della cultura), in occasione della mostra all\u2019auditorium di Belluno e nella Sala degli stemmi del Municipio di Feltre, rispettivamente dal 14 al 29 ottobre 1989 e all\u20191 al 30 novembre dello stesso anno, curata da Matteo Fiori e Bepi Pellegrinon, ad iniziativa dell\u2019assessorato alla cultura della Comunit\u00e0 montana bellunese e dall\u2019Associazione Dino Buzzati con la sezione Cai di Feltre. E poi il libro \u201cDino Buzzati Vita &amp; colori\u201d, curato da Rolly Marchi. Perch\u00e9 ci \u00e8 venuto in mente che Buzzati il 21 luglio 1969, in occasione della sua mostra antologica \u201cVita &amp; colori\u201d con dipinti, acquarelli, disegni e manoscritti, voluta dalla Comunit\u00e0 montana Agordina, organizzata col patrocinio della Regione Veneto e con la collaborazione della Barilla spa (allestimento architetto Fulvio Nardelli, copertina del catalogo di Nicola Salerno, immagini dello stesso Rolly Marchi e archivio Almerina Buzzati) e presentata da Indro Montanelli, scrisse: \u201cSono andati lass\u00f9 ad installare l\u2019estremo trampolino, sono tornati vittoriosi da quelle mortali solitudini. Ero un ragazzo quando ad Alleghe, in una sera di temporale, mi indicarono fera i lividi nembi, la parete della Civetta, selva di argentee canne d\u2019organo alta pi\u00f9 di un chilometro, che dal fondo valle sembra una fata morgana, e mi dissero che lass\u00f9 una cordata di alpinisti stava salendo. Mi sentii miserabile, ebbi la sensazione che quelli fossero superuomini, di una razza diversa e privilegiata, mai e poi mai, da grande, sarei arrivato alla loro altezza. Lo stesso moto dell\u2019animo, moltiplicato per cento, ho avuto l\u2019altra sera guardando il tenero spicchio della luna crescente, perch\u00e9 sapevo che in quel momento tre uomini\u2026\u201d.<\/p>\n\n\t\t\t<style type='text\/css'>\n\t\t\t\t#gallery-1 {\n\t\t\t\t\tmargin: auto;\n\t\t\t\t}\n\t\t\t\t#gallery-1 .gallery-item {\n\t\t\t\t\tfloat: left;\n\t\t\t\t\tmargin-top: 10px;\n\t\t\t\t\ttext-align: center;\n\t\t\t\t\twidth: 33%;\n\t\t\t\t}\n\t\t\t\t#gallery-1 img {\n\t\t\t\t\tborder: 2px solid #cfcfcf;\n\t\t\t\t}\n\t\t\t\t#gallery-1 .gallery-caption {\n\t\t\t\t\tmargin-left: 0;\n\t\t\t\t}\n\t\t\t\t\/* see gallery_shortcode() in wp-includes\/media.php *\/\n\t\t\t<\/style>\n\t\t<div id='gallery-1' class='dt-gallery-container gallery galleryid-145694 gallery-columns-3 gallery-size-thumbnail'><dl class='gallery-item'>\n\t\t\t\t<dt class='gallery-icon landscape'>\n\t\t\t\t\t<a class=\"rollover\" href='https:\/\/www.radiopiu.net\/wordpress\/torna-liniziativa-a-casa-di-dino-nel-ricordo-e-ad-onore-di-buzzati-di-renato-bona\/105015096_309630103533449_7976792908266240075_n\/'><img loading=\"lazy\" decoding=\"async\" width=\"150\" height=\"150\" src=\"https:\/\/www.radiopiu.net\/wordpress\/wp-content\/uploads\/2020\/06\/105015096_309630103533449_7976792908266240075_n-150x150.jpg\" class=\"attachment-thumbnail size-thumbnail\" alt=\"\" \/><\/a>\n\t\t\t\t<\/dt><\/dl><dl class='gallery-item'>\n\t\t\t\t<dt class='gallery-icon landscape'>\n\t\t\t\t\t<a class=\"rollover\" href='https:\/\/www.radiopiu.net\/wordpress\/torna-liniziativa-a-casa-di-dino-nel-ricordo-e-ad-onore-di-buzzati-di-renato-bona\/105700807_1378003579056730_7007711715049774469_n\/'><img loading=\"lazy\" decoding=\"async\" width=\"150\" height=\"150\" src=\"https:\/\/www.radiopiu.net\/wordpress\/wp-content\/uploads\/2020\/06\/105700807_1378003579056730_7007711715049774469_n-150x150.jpg\" class=\"attachment-thumbnail size-thumbnail\" alt=\"\" \/><\/a>\n\t\t\t\t<\/dt><\/dl><dl class='gallery-item'>\n\t\t\t\t<dt class='gallery-icon portrait'>\n\t\t\t\t\t<a class=\"rollover\" href='https:\/\/www.radiopiu.net\/wordpress\/torna-liniziativa-a-casa-di-dino-nel-ricordo-e-ad-onore-di-buzzati-di-renato-bona\/104834329_298274697881590_3924744362217511866_n\/'><img loading=\"lazy\" decoding=\"async\" width=\"150\" height=\"150\" src=\"https:\/\/www.radiopiu.net\/wordpress\/wp-content\/uploads\/2020\/06\/104834329_298274697881590_3924744362217511866_n-150x150.jpg\" class=\"attachment-thumbnail size-thumbnail\" alt=\"\" \/><\/a>\n\t\t\t\t<\/dt><\/dl><br style=\"clear: both\" \/><dl class='gallery-item'>\n\t\t\t\t<dt class='gallery-icon portrait'>\n\t\t\t\t\t<a class=\"rollover\" href='https:\/\/www.radiopiu.net\/wordpress\/torna-liniziativa-a-casa-di-dino-nel-ricordo-e-ad-onore-di-buzzati-di-renato-bona\/105610024_300851474426151_6943027173052260047_n\/'><img loading=\"lazy\" decoding=\"async\" width=\"150\" height=\"150\" src=\"https:\/\/www.radiopiu.net\/wordpress\/wp-content\/uploads\/2020\/06\/105610024_300851474426151_6943027173052260047_n-150x150.jpg\" class=\"attachment-thumbnail size-thumbnail\" alt=\"\" \/><\/a>\n\t\t\t\t<\/dt><\/dl><dl class='gallery-item'>\n\t\t\t\t<dt class='gallery-icon landscape'>\n\t\t\t\t\t<a class=\"rollover\" href='https:\/\/www.radiopiu.net\/wordpress\/torna-liniziativa-a-casa-di-dino-nel-ricordo-e-ad-onore-di-buzzati-di-renato-bona\/105293568_711580586332748_6267684396983817174_n\/'><img loading=\"lazy\" decoding=\"async\" width=\"150\" height=\"150\" src=\"https:\/\/www.radiopiu.net\/wordpress\/wp-content\/uploads\/2020\/06\/105293568_711580586332748_6267684396983817174_n-150x150.jpg\" class=\"attachment-thumbnail size-thumbnail\" alt=\"\" \/><\/a>\n\t\t\t\t<\/dt><\/dl><dl class='gallery-item'>\n\t\t\t\t<dt class='gallery-icon portrait'>\n\t\t\t\t\t<a class=\"rollover\" href='https:\/\/www.radiopiu.net\/wordpress\/torna-liniziativa-a-casa-di-dino-nel-ricordo-e-ad-onore-di-buzzati-di-renato-bona\/105007963_293321168381566_1806226612041408522_n\/'><img loading=\"lazy\" decoding=\"async\" width=\"150\" height=\"150\" src=\"https:\/\/www.radiopiu.net\/wordpress\/wp-content\/uploads\/2020\/06\/105007963_293321168381566_1806226612041408522_n-150x150.jpg\" class=\"attachment-thumbnail size-thumbnail\" alt=\"\" \/><\/a>\n\t\t\t\t<\/dt><\/dl><br style=\"clear: both\" \/><dl class='gallery-item'>\n\t\t\t\t<dt class='gallery-icon portrait'>\n\t\t\t\t\t<a class=\"rollover\" href='https:\/\/www.radiopiu.net\/wordpress\/torna-liniziativa-a-casa-di-dino-nel-ricordo-e-ad-onore-di-buzzati-di-renato-bona\/105980735_194306225247958_8884894439571203445_n\/'><img loading=\"lazy\" decoding=\"async\" width=\"150\" height=\"150\" src=\"https:\/\/www.radiopiu.net\/wordpress\/wp-content\/uploads\/2020\/06\/105980735_194306225247958_8884894439571203445_n-150x150.jpg\" class=\"attachment-thumbnail size-thumbnail\" alt=\"\" \/><\/a>\n\t\t\t\t<\/dt><\/dl><dl class='gallery-item'>\n\t\t\t\t<dt class='gallery-icon portrait'>\n\t\t\t\t\t<a class=\"rollover\" href='https:\/\/www.radiopiu.net\/wordpress\/torna-liniziativa-a-casa-di-dino-nel-ricordo-e-ad-onore-di-buzzati-di-renato-bona\/105286691_263394734767382_5522767268046390900_n\/'><img loading=\"lazy\" decoding=\"async\" width=\"150\" height=\"150\" src=\"https:\/\/www.radiopiu.net\/wordpress\/wp-content\/uploads\/2020\/06\/105286691_263394734767382_5522767268046390900_n-150x150.jpg\" class=\"attachment-thumbnail size-thumbnail\" alt=\"\" \/><\/a>\n\t\t\t\t<\/dt><\/dl><dl class='gallery-item'>\n\t\t\t\t<dt class='gallery-icon landscape'>\n\t\t\t\t\t<a class=\"rollover\" href='https:\/\/www.radiopiu.net\/wordpress\/torna-liniziativa-a-casa-di-dino-nel-ricordo-e-ad-onore-di-buzzati-di-renato-bona\/105493498_292447982133304_466148118647024561_n\/'><img loading=\"lazy\" decoding=\"async\" width=\"150\" height=\"150\" src=\"https:\/\/www.radiopiu.net\/wordpress\/wp-content\/uploads\/2020\/06\/105493498_292447982133304_466148118647024561_n-150x150.jpg\" class=\"attachment-thumbnail size-thumbnail\" alt=\"\" \/><\/a>\n\t\t\t\t<\/dt><\/dl><br style=\"clear: both\" \/><dl class='gallery-item'>\n\t\t\t\t<dt class='gallery-icon portrait'>\n\t\t\t\t\t<a class=\"rollover\" href='https:\/\/www.radiopiu.net\/wordpress\/torna-liniziativa-a-casa-di-dino-nel-ricordo-e-ad-onore-di-buzzati-di-renato-bona\/105519111_584711535754275_8625659886424275972_n\/'><img loading=\"lazy\" decoding=\"async\" width=\"150\" height=\"150\" src=\"https:\/\/www.radiopiu.net\/wordpress\/wp-content\/uploads\/2020\/06\/105519111_584711535754275_8625659886424275972_n-150x150.jpg\" class=\"attachment-thumbnail size-thumbnail\" alt=\"\" \/><\/a>\n\t\t\t\t<\/dt><\/dl>\n\t\t\t\t<br style='clear: both' \/>\n\t\t\t<\/div>\n\n<p>NELLE FOTO (riproduzione da \u201cLe Dolomiti di\u00a0 Buzzati\u201d e Renato Bona): Dino Buzzati in Val Canali; l\u2019annuncio della terza edizione di \u201cA casa di Dino\u201d; tabella e via col nome del grande giornalista, scrittore e pittore bellunese; copertine di \u201cLe Dolomiti\u201de \u201cVita &amp; colori\u201d; Buzzati (a destra) con Nani Min (al centro) ed Emilio Zacchi sulla cima dello Schiara; disegno buzzatiano della Torre Berti; discesa di Buzzati a corda doppia dalla Guglia De Amicis l\u20198 settembre 1931; Dino alla Croda da Lago con Pupa e Lalla Ramazzotti nel settembre 1942.<\/p>\n<p>&nbsp;<\/p>\n<p>&nbsp;<\/p>\n<p>&nbsp;<\/p>\n<p>&nbsp;<\/p>\n<p>&nbsp;<\/p>\n<hr \/>\n<p>&nbsp;<\/p>\n<h2>IERI ALLA RADIO<\/h2>\n<h3><a class=\"dt-pswp-item\" href=\"https:\/\/www.radiopiu.net\/wordpress\/wp-content\/uploads\/2020\/06\/b-fit.jpeg\" data-dt-img-description=\"\" data-large_image_width=\"232\" data-large_image_height=\"217\"><img loading=\"lazy\" decoding=\"async\" class=\"size-full wp-image-145697 alignleft\" src=\"https:\/\/www.radiopiu.net\/wordpress\/wp-content\/uploads\/2020\/06\/b-fit.jpeg\" alt=\"\" width=\"232\" height=\"217\" \/><\/a><span style=\"color: #800080;\">LUCIANO MAGI, PALESTRA B-FIT AGORDO<\/span><\/h3>\n<p><strong>di Claudio Fontanive\u00a0<\/strong><\/p>\n<audio class=\"wp-audio-shortcode\" id=\"audio-145694-11\" preload=\"none\" style=\"width: 100%;\" controls=\"controls\"><source type=\"audio\/mpeg\" src=\"https:\/\/www.radiopiu.net\/wordpress\/wp-content\/uploads\/2020\/06\/luciano-magi-22-giugno.mp3?_=11\" \/><a href=\"https:\/\/www.radiopiu.net\/wordpress\/wp-content\/uploads\/2020\/06\/luciano-magi-22-giugno.mp3\">https:\/\/www.radiopiu.net\/wordpress\/wp-content\/uploads\/2020\/06\/luciano-magi-22-giugno.mp3<\/a><\/audio>\n<p>&nbsp;<\/p>\n<p>&nbsp;<\/p>\n<hr \/>\n<h2><span style=\"color: #808000;\">I RACCONTI DI PAOLO SOPPELSA<\/span><\/h2>\n<p><strong>PRIMA VOLTA A CELAT<\/strong><\/p>\n<p><em><strong>AUDIO<\/strong><\/em><\/p>\n<audio class=\"wp-audio-shortcode\" id=\"audio-145694-12\" preload=\"none\" style=\"width: 100%;\" controls=\"controls\"><source type=\"audio\/mpeg\" src=\"https:\/\/www.radiopiu.net\/wordpress\/wp-content\/uploads\/2020\/06\/SOPPELSA-PRIMA-VOLTA-CELAT.mp3?_=12\" \/><a href=\"https:\/\/www.radiopiu.net\/wordpress\/wp-content\/uploads\/2020\/06\/SOPPELSA-PRIMA-VOLTA-CELAT.mp3\">https:\/\/www.radiopiu.net\/wordpress\/wp-content\/uploads\/2020\/06\/SOPPELSA-PRIMA-VOLTA-CELAT.mp3<\/a><\/audio>\n<p>&nbsp;<\/p>\n<p><a class=\"dt-pswp-item\" href=\"https:\/\/www.radiopiu.net\/wordpress\/wp-content\/uploads\/2020\/06\/1faffe1c-7cfe-4493-b27c-16aa23e0a4a3.jpg\" data-dt-img-description=\"\" data-large_image_width=\"1080\" data-large_image_height=\"810\"><img loading=\"lazy\" decoding=\"async\" class=\"size-medium wp-image-145633 alignleft\" src=\"https:\/\/www.radiopiu.net\/wordpress\/wp-content\/uploads\/2020\/06\/1faffe1c-7cfe-4493-b27c-16aa23e0a4a3-300x225.jpg\" alt=\"\" width=\"300\" height=\"225\" srcset=\"https:\/\/www.radiopiu.net\/wordpress\/wp-content\/uploads\/2020\/06\/1faffe1c-7cfe-4493-b27c-16aa23e0a4a3-300x225.jpg 300w, https:\/\/www.radiopiu.net\/wordpress\/wp-content\/uploads\/2020\/06\/1faffe1c-7cfe-4493-b27c-16aa23e0a4a3-1024x768.jpg 1024w, https:\/\/www.radiopiu.net\/wordpress\/wp-content\/uploads\/2020\/06\/1faffe1c-7cfe-4493-b27c-16aa23e0a4a3-768x576.jpg 768w, https:\/\/www.radiopiu.net\/wordpress\/wp-content\/uploads\/2020\/06\/1faffe1c-7cfe-4493-b27c-16aa23e0a4a3.jpg 1080w\" sizes=\"auto, (max-width: 300px) 100vw, 300px\" \/><\/a>Sicuramente c\u2019ero gi\u00e0 stato in piazza a San Tomaso. Ma ero troppo piccolo per ricordare. Il primo ricordo nitido risale a quando avevo cinque o sei anni. Era giugno inoltrato e sulle banche del Pelsa c\u2019era ancora un po\u2019 di neve. Quel giorno era caldo ed il cielo era quello classico di inizio estate. Appena dopo pranzo la nonna mi disse \u201c\u2026fra poc don fin via a Zelat\u2026\u201d La guardai con stupore. Fino a Cencenighe ci eravamo gi\u00e0 avventurati qualche volta a piedi a fare la spesa. Ma era tutta discesa e poi eravamo rientrati in corriera. Per andare a Celat, invece, era tutta salita. Mi preparai come ci si prepara per una grande escursione. La nonna indoss\u00f2 un vestito nero e mi disse che \u201c\u2026dovon d\u00ec an funeral\u2026\u201d Per\u00f2 non si mise il velo in testa perch\u00e9 era una nonna piuttosto moderna per i tempi. A me francamente del funerale interessava poco, mi interessava di pi\u00f9 il paesaggio che avrei ammirato durante la camminata. Salimmo in strada e partimmo lentamente. Pochi passi e salutammo la \u201cbrenta\u201d che cantava gioiosa mentre noi andavamo al funerale. Appena superato il gran curvone dove pap\u00e0 parcheggiava la macchina mi accorsi subito di una cosa particolare: dietro il Pelsa esisteva un\u2019altra montagna che ad ogni passo spuntava sempre di pi\u00f9 da sopra le creste del Pelsa. Era grigia e senza alberi ed erba. La nonna acceler\u00f2 il passo leggero che aveva ed in breve arrivammo a Tocol. A questo punto la montagna misteriosa si era svelata quasi del tutto. La nonna si accorse che guardavo e mi disse \u201c\u2026chel l\u00e0 le el Zoita\u2026\u201d. Era il Civetta. La mitica montagna che avevo gi\u00e0 sentito nominare con riverenza. Ora ce l\u2019avevo davvero davanti e potevo finalmente ammirarla questa montagna. Perso in quelle visioni mi ritrovai dopo la curva \u201cdela siega\u201d sul rettilineo che porta a Celat. Ora sentivo un po\u2019 la fatica perch\u00e9 la nonna, abituata a camminare parecchio, aveva un\u2019andatura piuttosto veloce. Giungemmo in piazza quando la campana andava sfumando i rintocchi a morto. Il paesaggio era un sogno. Con la bella chiesa con il campanile un po\u2019 simile a quello di Cencenighe ed il Civetta che adesso era veramente un qualcosa di maestoso. Sulla scalinata della chiesa c\u2019erano parecchi anziani che la nonna salut\u00f2. Ricambiarono il saluto e qualcuno mi diede una carezza sulla testa. Entrammo e prendemmo posto su un banco a met\u00e0 chiesa. Entrava un gran luce dalle finestre e la bara di legno scuro era posta davanti all\u2019altare. Il prete diede inizio alla cerimonia e c\u2019era silenzio. Si respirava un\u2019aria di composta serenit\u00e0. Non c\u2019erano pianti, solo qualche sospiro che proveniva dai banchi vicini all&#8217;altare. Non ricordo chi fosse il defunto, ma doveva essere molto anziano perch\u00e9 il parroco parlava di una lunga vita di lavoro e fatiche. E che da l\u00ec in poi avrebbe vissuto serenamente in Paradiso. E chiss\u00e0 come doveva essere quel Paradiso. A me sembrava che fuori dalla chiesa, in fondo, fossimo gi\u00e0 in Paradiso. La cerimonia fin\u00ec e quattro persone si caricarono la bara in spalla e la portarono nel cimitero sotto la chiesa. La depositarono nella cella mortuaria e la gente inizi\u00f2 pian piano a diradarsi. Qualcuno tornava a casa, altri approfittavano per visitare qualche congiunto sepolto l\u00ec. Anche la nonna volle farsi un giro veloce fra quelle tombe. Fece tre o quattro segni della Croce e poi risalimmo in piazza, che a lei i cimiteri non piacevano poi molto. Prima di riprendere la strada di casa ci fermammo un attimo al bar. La nonna mi compr\u00f2 un ghiacciolo perch\u00e9 ero stato bravo ad arrivare a Celat e mi ero comportato bene durante il funerale. All\u2019interno del bar rividi alcuni uomini che poco prima erano in chiesa. Bevevano \u201cun\u2019ombra\u201d e parlavano piano, forse del funerale e del defunto. Ripartimmo mentre scartavo il ghiacciolo e stavolta era tutta discesa. Si camminava pi\u00f9 veloci che all\u2019andata ed in poco tempo il Civetta era ritornato a nascondersi dietro il Pelsa. Arrivati a casa la nonna decise che aveva ancora tempo di fare qualcosa di utile e si sedette sugli scalini davanti al tabi\u00e0 a battere la \u201cfaoz\u201d. Le sue mani battevano veloci e sicure su quella lama che avrebbe tagliato il primo fieno di l\u00ec a pochi giorni. I larici erano verdi e nei prati c\u2019erano i fiori. Ed io, quel pomeriggio, avevo visto per la prima volta il Civetta. Sapendo che quel pomeriggio non l\u2019avrei scordato mai pi\u00f9\u2026Magiche Dolomiti!!!<\/p>\n<p><strong>LA RACCOLTA COMPLETA<\/strong><\/p>\n<blockquote class=\"wp-embedded-content\" data-secret=\"yTdw9j4frz\"><p><a href=\"https:\/\/www.radiopiu.net\/wordpress\/i-racconti-di-paolo-soppelsa\/\">I racconti di Paolo Soppelsa<\/a><\/p><\/blockquote>\n<p><iframe loading=\"lazy\" class=\"wp-embedded-content\" sandbox=\"allow-scripts\" security=\"restricted\" style=\"position: absolute; clip: rect(1px, 1px, 1px, 1px);\" title=\"&#8220;I racconti di Paolo Soppelsa&#8221; &#8212; Radio Pi\u00f9\" src=\"https:\/\/www.radiopiu.net\/wordpress\/i-racconti-di-paolo-soppelsa\/embed\/#?secret=yTdw9j4frz\" data-secret=\"yTdw9j4frz\" width=\"600\" height=\"338\" frameborder=\"0\" marginwidth=\"0\" marginheight=\"0\" scrolling=\"no\"><\/iframe><\/p>\n<hr \/>\n<h2><\/h2>\n<h2><span style=\"color: #ff0000;\">DUE MINUTI UN LIBRO<\/span><\/h2>\n<blockquote class=\"wp-embedded-content\" data-secret=\"TvcR3UF5bE\"><p><a href=\"https:\/\/www.radiopiu.net\/wordpress\/una-coperta-di-neve\/\">UNA COPERTA DI NEVE<\/a><\/p><\/blockquote>\n<p><iframe loading=\"lazy\" class=\"wp-embedded-content\" sandbox=\"allow-scripts\" security=\"restricted\" style=\"position: absolute; clip: rect(1px, 1px, 1px, 1px);\" title=\"&#8220;UNA COPERTA DI NEVE&#8221; &#8212; Radio Pi\u00f9\" src=\"https:\/\/www.radiopiu.net\/wordpress\/una-coperta-di-neve\/embed\/#?secret=TvcR3UF5bE\" data-secret=\"TvcR3UF5bE\" width=\"600\" height=\"338\" frameborder=\"0\" marginwidth=\"0\" marginheight=\"0\" scrolling=\"no\"><\/iframe><\/p>\n<p><strong>LE ALTRE PUNTATE<\/strong><\/p>\n<blockquote class=\"wp-embedded-content\" data-secret=\"Y8C4Wnxj1b\"><p><a href=\"https:\/\/www.radiopiu.net\/wordpress\/due-minuti-un-libro\/\">Due minuti un libro<\/a><\/p><\/blockquote>\n<p><iframe loading=\"lazy\" class=\"wp-embedded-content\" sandbox=\"allow-scripts\" security=\"restricted\" style=\"position: absolute; clip: rect(1px, 1px, 1px, 1px);\" title=\"&#8220;Due minuti un libro&#8221; &#8212; Radio Pi\u00f9\" src=\"https:\/\/www.radiopiu.net\/wordpress\/due-minuti-un-libro\/embed\/#?secret=Y8C4Wnxj1b\" data-secret=\"Y8C4Wnxj1b\" width=\"600\" height=\"338\" frameborder=\"0\" marginwidth=\"0\" marginheight=\"0\" scrolling=\"no\"><\/iframe><\/p>\n<h2><\/h2>\n<h2><span style=\"color: #00ccff;\">SALUTE E SOCIETA&#8217;<\/span><\/h2>\n<blockquote>\n<h2>COVID-19 riacutizzazioni &#8211; studio IMPACT<\/h2>\n<\/blockquote>\n<p>1. COVID-19 e malattie respiratorie<br \/>\n2. Attenzione alle riacutizzazioni<br \/>\n3. Lo studio IMPACT<\/p>\n<p>Interviste: Francesco Blasi, Ordinario di Malattie dell\u2019Apparato Respiratorio all\u2019Universit\u00e0 degli Studi di Milano Girolamo Pelaia, direttore della Clinica Pneumologica Universitaria e della Scuola di Specializzazione in Malattie dell\u2019Apparato Respiratorio dell\u2019Universit\u00e0 degli Studi di Catanzaro<\/p>\n<audio class=\"wp-audio-shortcode\" id=\"audio-145694-13\" preload=\"none\" style=\"width: 100%;\" controls=\"controls\"><source type=\"audio\/mpeg\" src=\"https:\/\/www.radiopiu.net\/wordpress\/wp-content\/uploads\/2020\/06\/ss_200622.mp3?_=13\" \/><a href=\"https:\/\/www.radiopiu.net\/wordpress\/wp-content\/uploads\/2020\/06\/ss_200622.mp3\">https:\/\/www.radiopiu.net\/wordpress\/wp-content\/uploads\/2020\/06\/ss_200622.mp3<\/a><\/audio>\n<p>&nbsp;<\/p>\n<p><strong>LE ALTRE PUNTATE<\/strong><\/p>\n<blockquote class=\"wp-embedded-content\" data-secret=\"ke0MIW0gBY\"><p><a href=\"https:\/\/www.radiopiu.net\/wordpress\/saluteesocieta\/\">Salute e Societ\u00e0<\/a><\/p><\/blockquote>\n<p><iframe loading=\"lazy\" class=\"wp-embedded-content\" sandbox=\"allow-scripts\" security=\"restricted\" style=\"position: absolute; clip: rect(1px, 1px, 1px, 1px);\" title=\"&#8220;Salute e Societ\u00e0&#8221; &#8212; Radio Pi\u00f9\" src=\"https:\/\/www.radiopiu.net\/wordpress\/saluteesocieta\/embed\/#?secret=ke0MIW0gBY\" data-secret=\"ke0MIW0gBY\" width=\"600\" height=\"338\" frameborder=\"0\" marginwidth=\"0\" marginheight=\"0\" scrolling=\"no\"><\/iframe><\/p>\n<h2><\/h2>\n<hr \/>\n<h2><\/h2>\n<h2><span style=\"color: #339966;\">AGORDINOMERON<\/span><\/h2>\n<blockquote class=\"wp-embedded-content\" data-secret=\"u29q7DU3oQ\"><p><a href=\"https:\/\/www.radiopiu.net\/wordpress\/agordinomeron\/\">AGORDINOMERON, IL TERRITORIO SI RACCONTA Da un&#8217;idea di Gianni Santomaso<\/a><\/p><\/blockquote>\n<p><iframe loading=\"lazy\" class=\"wp-embedded-content\" sandbox=\"allow-scripts\" security=\"restricted\" style=\"position: absolute; clip: rect(1px, 1px, 1px, 1px);\" title=\"&#8220;AGORDINOMERON, IL TERRITORIO SI RACCONTA Da un&#8217;idea di Gianni Santomaso&#8221; &#8212; Radio Pi\u00f9\" src=\"https:\/\/www.radiopiu.net\/wordpress\/agordinomeron\/embed\/#?secret=u29q7DU3oQ\" data-secret=\"u29q7DU3oQ\" width=\"600\" height=\"338\" frameborder=\"0\" marginwidth=\"0\" marginheight=\"0\" scrolling=\"no\"><\/iframe><\/p>\n<h2><\/h2>\n<h2><\/h2>\n<hr \/>\n<h2><\/h2>\n<h2><span style=\"color: #993300;\">IL MESSAGGIO DEI SACERDOTI A RADIO PIU&#8217;<\/span><\/h2>\n<blockquote class=\"wp-embedded-content\" data-secret=\"X053RblVqB\"><p><a href=\"https:\/\/www.radiopiu.net\/wordpress\/chiesa11\/\">DON CESARE SU RADIO PIU&#8217; ALLE 7.30 E 19.30, PARROCCHIE DI AGORDO, LA VALLE E TAIBON<\/a><\/p><\/blockquote>\n<p><iframe loading=\"lazy\" class=\"wp-embedded-content\" sandbox=\"allow-scripts\" security=\"restricted\" style=\"position: absolute; clip: rect(1px, 1px, 1px, 1px);\" title=\"&#8220;DON CESARE SU RADIO PIU&#8217; ALLE 7.30 E 19.30, PARROCCHIE DI AGORDO, LA VALLE E TAIBON&#8221; &#8212; Radio Pi\u00f9\" src=\"https:\/\/www.radiopiu.net\/wordpress\/chiesa11\/embed\/#?secret=X053RblVqB\" data-secret=\"X053RblVqB\" width=\"600\" height=\"338\" frameborder=\"0\" marginwidth=\"0\" marginheight=\"0\" scrolling=\"no\"><\/iframe><\/p>\n<p>&nbsp;<\/p>\n<hr \/>\n<p>&nbsp;<\/p>\n<p><strong class=\"photoswipe-wrapper\"><a class=\"dt-pswp-item pspw-wrap-ready\" href=\"https:\/\/i0.wp.com\/www.radiopiu.net\/wordpress\/wp-content\/uploads\/2018\/09\/viabilita.jpeg?ssl=1\" data-dt-img-description=\"\" data-large_image_width=\"800\" data-large_image_height=\"100\"><img loading=\"lazy\" decoding=\"async\" class=\"aligncenter wp-image-61954 size-full jetpack-lazy-image jetpack-lazy-image--handled\" src=\"https:\/\/i0.wp.com\/www.radiopiu.net\/wordpress\/wp-content\/uploads\/2018\/09\/viabilita.jpeg?resize=800%2C100&amp;ssl=1\" sizes=\"auto, (max-width: 800px) 100vw, 800px\" srcset=\"https:\/\/i0.wp.com\/www.radiopiu.net\/wordpress\/wp-content\/uploads\/2018\/09\/viabilita.jpeg?w=800&amp;ssl=1 800w, https:\/\/i0.wp.com\/www.radiopiu.net\/wordpress\/wp-content\/uploads\/2018\/09\/viabilita.jpeg?resize=300%2C38&amp;ssl=1 300w, https:\/\/i0.wp.com\/www.radiopiu.net\/wordpress\/wp-content\/uploads\/2018\/09\/viabilita.jpeg?resize=768%2C96&amp;ssl=1 768w\" alt=\"\" width=\"800\" height=\"100\" data-lazy-loaded=\"1\" \/><\/a><\/strong><\/p>\n<p><strong>\u00a0<\/strong><\/p>\n<p>FINO AL 24 LUGLIO SABATO E DOMENICA COMPRESI LUNGO LA 641 DI PASSO FEDAIA IN LOCALIT\u00e0 CAPANNA BILL E COL DI ROCCA, SENSO UNICO ALTERNATO CON SEMAFORO<\/p>\n<p>PROVINCIALE 20 DELLA VAL FIORENTINA, SELVA DI CADORE: FINO AL 4 LUGLIO, CHIUSURA TOTALE TRA SOLATOR E IL CENTRO DEL PAESE ANCHE NEI GIORNI FESTIVI E PREFESTIVI, DAL CHILOMETRO 4.850 AL CHILOMETRO 5.100. TRANSITO CONSENTITO AI LOCALI CON TEMPI DI ATTESA MASSIMI STIMATI IN 30 MINUTI IN LOCALITA\u2019 SOLATOR DAL CHILOMETRO 4.400 AL CHILOMETRO 4.850<\/p>\n<p>&nbsp;<\/p>\n<p>STRADA REGIONALE 48 DELLE DOLOMITI, DAL KM 110,350 AL KM 112, SENSO UNICO ALTERNATO REGOLATO DA IMPIANTO SEMAFORICO ANCHE SABATO E FESTIVI FINO\u00a0 AL 30 GIUGNO PER POSA ELETTRODOTTO INTERRATO<\/p>\n<p>PROVINCIALE 563 DI SALESEI, FINO\u00a0 AL 3 LUGLIO, SENSO UNICO ALTERNATO REGOLATO DA IMPIANTO SEMAFORICO IN LOCALIT\u00c0 DIGONERA PER MESSA IN SICUREZZA PIANO VIABILE, SABATO E FESTIVI INCLUSI<\/p>\n<p>STRADA PROVINCIALE 346 DEL SAN PELLEGRINO, NEI COMUNI DI FALCADE, CANALE E VALLADA, FINO\u00a0 AL 3 LUGLIO, INCLUSI SABATI E DOMENICHE, POSSIBILE ISTITUZIONE DI SENSO UNICO ALTERNATO REGOLATO DA MOVIERI PER SOSTITUZIONE CONDUTTORI E MANUTENZIONE LINEA ELETTRICA ALTA TENSIONE<\/p>\n<p>REGIONALE 203 AGORDINA, NEL COMUNE DI CENCENIGHE, FINO\u00a0 AL 3 LUGLIO, INCLUSI SABATI E DOMENICHE, POSSIBILE ISTITUZIONE DI SENSO UNICO ALTERNATO REGOLATO DA MOVIERI PER SOSTITUZIONE CONDUTTORI E MANUTENZIONE LINEA ELETTRICA ALTA TENSIONE<\/p>\n<p>STRADA REGIONA 203 AGORDINA, TRA MAS DI SEDICO E CERNADOI SU TRATTI SALTUARI DI STRADA, FINO\u00a0 AL 30 GIUGNO, ESCLUSO SABATO E DOMENICA, SENSO UNICO ALTERNATO REGOLATO DA IMPIANTO SEMAFORICO PER MESSA IN SICUREZZA BARRIERE DI PROTEZIONE LATERALI<\/p>\n<p>&nbsp;<\/p>\n<p>STRADA PROVINCIALE 347 DEL PASSO CEREDA E DURAN, NEL COMUNE DI AGORDO, FINO\u00a0 AL 26 GIUGNO SENSO UNICO ALTERNATO REGOLATO DA IMPIANTO SEMAFORICO PER POSA FIBRA OTTICA<\/p>\n<p>STRADA REGIONALE 48 DELLE DOLOMITI, NEL COMUNE DI LIVINALLONGO DEL COL DI LANA IN LOCALITA\u2019 ANDRAZ, FINO\u00a0 AL 30 GIUGNO SENSO UNICO ALTERNATO REGOLATO DA IMPIANTO SEMAFORICO O MOVIERE CON POSSIBILI BREVI INTERRUZIONI TOTALI AL TRAFFICO DELLA DURATA MASSIMA DI 10 MINUTI, PER LAVORI DI MESSA IN SICUREZZA DEL VERSANTE<\/p>\n<p>48 DELLE DOLOMITI, LOCALITA\u2019 ANDRAZ DI LIVINALLONGO, FINO\u00a0 AL 26 GIUGNO SENSO UNICO CON SEMAFORO<\/p>\n<p>STRADA REGIONALE 203 AGORDINA TRA PERON E CANDATEN, DAL 15 GIUGNO AL 31 LUGLIO ESCLUSI SABATI E DOMENICHE, DALLE 7:30 ALLE 9 E E DALLE 16:30 ALLE 18 SENSO UNICO ALTERNATO REGOLATO DA MOVIERI. NEGLI ALTRI ORARI SENSO UNICO ALTERNATO REGOLATO DA SEMAFORO PER INTERRAMENTO CAVIDOTTO E-DISTRIBUZIONE<\/p>\n<p>48 DELLE DOLOMITI, LOCALITA\u2019 ALVERA\u2019 CORTINA D\u2019AMPEZZO LUNGO IL PONTE SUL TORRENTE BIGONTINA. DAL 18 GIUGNO E FINO A REVOCA DIVIETO DI TRANSITO AI VEICOLI AVENTI MASSA A PIENO CARICO SUPERIORE A 24 TONELLATE<\/p>\n<p>PROVINCIALE 1 SINISTRA PIAVE, INTERRUZIONE TOTALE ALLA VIABILTA&#8217; DAL GIORNO 22 GIUGNO FINO A REVOCAPER CEDIMENTO STRUTTURALE DI PARTE DEL FABBRICATO<\/p>\n<p>&nbsp;<\/p>\n<hr \/>\n<p>&nbsp;<\/p>\n<p class=\"photoswipe-wrapper\"><a class=\"dt-pswp-item pspw-wrap-ready\" href=\"https:\/\/i0.wp.com\/www.radiopiu.net\/wordpress\/wp-content\/uploads\/2018\/09\/WhatsApp-Image-2018-09-20-at-16.04.06.jpeg?ssl=1\" data-dt-img-description=\"\" data-large_image_width=\"800\" data-large_image_height=\"100\"><img loading=\"lazy\" decoding=\"async\" class=\"aligncenter wp-image-61378 size-full jetpack-lazy-image jetpack-lazy-image--handled\" src=\"https:\/\/i0.wp.com\/www.radiopiu.net\/wordpress\/wp-content\/uploads\/2018\/09\/WhatsApp-Image-2018-09-20-at-16.04.06.jpeg?resize=800%2C100&amp;ssl=1\" sizes=\"auto, (max-width: 800px) 100vw, 800px\" srcset=\"https:\/\/i0.wp.com\/www.radiopiu.net\/wordpress\/wp-content\/uploads\/2018\/09\/WhatsApp-Image-2018-09-20-at-16.04.06.jpeg?w=800&amp;ssl=1 800w, https:\/\/i0.wp.com\/www.radiopiu.net\/wordpress\/wp-content\/uploads\/2018\/09\/WhatsApp-Image-2018-09-20-at-16.04.06.jpeg?resize=300%2C38&amp;ssl=1 300w, https:\/\/i0.wp.com\/www.radiopiu.net\/wordpress\/wp-content\/uploads\/2018\/09\/WhatsApp-Image-2018-09-20-at-16.04.06.jpeg?resize=768%2C96&amp;ssl=1 768w\" alt=\"\" width=\"800\" height=\"100\" data-lazy-loaded=\"1\" \/><\/a><\/p>\n<p>&nbsp;<\/p>\n<p style=\"text-align: center;\"><strong>Marted\u00ec 23<\/strong><\/p>\n<p>Tempo stabile e ben soleggiato con clima sempre pi\u00f9 estivo. Al pomeriggio leggera riduzione del soleggiamento per modesti cumuli a ridosso delle cime durante le ore pi\u00f9 calde. La visibilit\u00e0 continuer\u00e0 a essere ottima in quota per la presenza di aria molto secca.<br \/>\n<strong>Precipitazioni.<\/strong>\u00a0Assenti (0%).<br \/>\n<strong>Temperature.<\/strong>\u00a0In generale lieve aumento a tutte le quote. Sono previste punte di 29\/30\u00b0C nei fondovalle prealpini (localmente 31\u00b0C nel catino bellunese) e di 24\/26\u00b0C a 1000\/1200 m. Su Prealpi a 1500 m min 14\u00b0C max 21\u00b0C, a 2000 m min 12\u00b0C max 16\u00b0C. Su Dolomiti a 2000 m min 11\u00b0C max 17\u00b0C, a 3000 m min 5\u00b0C max 8\u00b0C.<br \/>\n<strong>Venti.<\/strong>\u00a0Nelle valli deboli\/moderati a regime di brezza; in quota deboli\/moderati dai quadranti settentrionali, a 5-15 km\/h a 2000 m, 10-25 km\/h a 3000 m.<\/p>\n<p style=\"text-align: center;\"><strong>Mercoled\u00ec 24<\/strong><\/p>\n<p>Tempo piuttosto soleggiato al mattino, mentre dalle ore centrali del giorno e sopratutto al pomeriggio la nuvolosit\u00e0 cumuliforme torner\u00e0 ad essere pi\u00f9 presente e localmente moderata con insidia di qualche fenomeno convettivo. Il clima continuer\u00e0 a essere estivo.<br \/>\n<strong>Precipitazioni.<\/strong>\u00a0Fino al primo pomeriggio assenti (0%), poi leggero incremento della probabilit\u00e0 per qualche sporadico temporale di calore tra Dolomiti e Prealpi occidentali (20\/30%), il rischio sar\u00e0 maggiore sulle Prealpi bellunesi (40%).<br \/>\n<strong>Temperature.<\/strong>\u00a0Minime stazionarie in quota e in aumento nelle valli; massime in leggera flessione, anche se il clima sar\u00e0 ancora di stampo estivo. Sono previste punte di 28\/29\u00b0C nei fondovalle prealpini e di 22\/24\u00b0C a 1000\/1200 m. Su Prealpi a 1500 m min 14\u00b0C max 19\u00b0C, a 2000 m min 13\u00b0C max 14\u00b0C. Su Dolomiti a 2000 m min 11\u00b0C max 15\u00b0C, a 3000 m min 5\u00b0C max 6\u00b0C.<br \/>\n<strong>Venti.<\/strong>\u00a0Deboli, a tratti moderati, a regime di brezza nelle valli; deboli nord-occidentali in quota, a 5-10 km\/h a 2000 m, 15-20 km\/h a 3000 m.<\/p>\n<p style=\"text-align: center;\"><strong>Gioved\u00ec 25<\/strong><\/p>\n<p>Tratti soleggiati, anche lunghi al mattino, e nuvolosit\u00e0 irregolare, pi\u00f9 presente al pomeriggio, per moderata attivit\u00e0 cumuliforme. La presenza d&#8217;aria fresca in quota dar\u00e0 luogo a qualche temporale di calore tra il pomeriggio e la sera, fenomeni sporadici sulle Dolomiti e sparsi sulle Prealpi. Temperature in lieve calo in quota e pressoch\u00e9 stazionarie nelle valli, anche se nei settori maggiormente interessati dall&#8217;attivit\u00e0 cumuliforme, il clima diurno sar\u00e0 leggermente meno caldo. Venti in quota in lieve intensificazione da nord-ovest, deboli\/moderati a regime di brezza nelle valli.<\/p>\n<p style=\"text-align: center;\"><strong>Venerd\u00ec 26<\/strong><\/p>\n<p>Il tempo torner\u00e0 ad essere pi\u00f9 soleggiato con minore attivit\u00e0 cumuliforme e l&#8217;insidia per temporali di calore diminuir\u00e0. Temperature diurne in ripresa. Venti deboli\/moderati da nord-ovest in quota, deboli\/moderati a regime di brezza nelle valli. Previsore: R.L.Th.<\/p>\n<p>&nbsp;<\/p>\n<p><a class=\"dt-pswp-item\" href=\"https:\/\/www.radiopiu.net\/wordpress\/wp-content\/uploads\/2018\/09\/sport.jpg\" data-dt-img-description=\"\" data-large_image_width=\"800\" data-large_image_height=\"100\"><img loading=\"lazy\" decoding=\"async\" class=\"alignleft wp-image-60761 size-full\" src=\"https:\/\/www.radiopiu.net\/wordpress\/wp-content\/uploads\/2018\/09\/sport.jpg\" alt=\"\" width=\"800\" height=\"100\" srcset=\"https:\/\/www.radiopiu.net\/wordpress\/wp-content\/uploads\/2018\/09\/sport.jpg 800w, https:\/\/www.radiopiu.net\/wordpress\/wp-content\/uploads\/2018\/09\/sport-300x38.jpg 300w, https:\/\/www.radiopiu.net\/wordpress\/wp-content\/uploads\/2018\/09\/sport-768x96.jpg 768w\" sizes=\"auto, (max-width: 800px) 100vw, 800px\" \/><\/a><\/p>\n<p>&nbsp;<\/p>\n<p>&nbsp;<\/p>\n<p>&nbsp;<\/p>\n<blockquote>\n<h2>TRANSCIVETTA 2020: IL BREVETTO NELL&#8217;ANNO SENZA GARA<\/h2>\n<\/blockquote>\n<blockquote>\n<h3><em>Partecipazione libera e gratuita, da luglio a met\u00e0 settembre<\/em><em>, per vivere le Dolomiti Agordine in maniera slow<\/em><\/h3>\n<\/blockquote>\n<p><strong><img decoding=\"async\" src=\"https:\/\/www.radiopiu.net\/wordpress\/wp-content\/uploads\/2019\/07\/trans2019-partenza.jpeg\" \/>ALLEGHE<\/strong> L&#8217;appuntamento con la quarantesima edizione della Transcivetta Karpos \u00e8 rinviato, causa l&#8217;emergenza sanitaria legata al Covid-19, al 18 luglio 2021. Ma il comitato organizzatore\u00a0 non far\u00e0 passare l&#8217;estate 2020 senza la possibilit\u00e0 di correre lungo gli spettacolari 23 chilometri che uniscono Listolade ai Piani di Pezz\u00e8 di. Non si potr\u00e0 gareggiare ma si potr\u00e0\u00a0 vivere la propria passione per la montagna e per la corsa (o la camminata) percorrendo, in coppia, il tracciato della Transcivetta. Ogni coppia potr\u00e0 coprire il tracciato\u00a0 nel giorno e negli orari che preferisce. La partecipazione \u00e8 gratuita: dal primo luglio al 15 settembre.\u00a0 Presso l&#8217;agriturismo Val Corpassa di Listolade,\u00a0 oppure dal sito web della manifestazione, si\u00a0 potr\u00e0\u00a0 ritirare\u00a0 il modulo di partecipazione sul quale verranno\u00a0 apposti i timbri che attestano il passaggio ai quattro rifugi lungo il percorso: Capanna Trieste, Vazzoler, Tissi e Coldai. All&#8217;arrivo ai Piani di Pezz\u00e8,\u00a0 al rifugio Grande Baita Civetta, verr\u00e0 consegnato il diploma finale di partecipazione. Al termine della stagione estiva, sul sito internet www.transcivetta.com\u00a0 verr\u00e0 pubblicato l&#8217;elenco delle coppie che hanno partecipato al Brevetto. Non una gara , piuttosto un&#8217;occasione per vivere la Transcivetta. La scommessa:\u00a0 verificare a met\u00e0 settembre\u00a0 quante delle mille coppie che solitamente partecipano alla gara sceglieranno comunque di lasciarsi abbracciare dal fascino del monte Civetta. In attesa del via del 18 luglio del 2021, anno della quarantesima edizione, della rinascita.<\/p>\n<p>&nbsp;<\/p>\n<p>&nbsp;<\/p>\n","protected":false},"excerpt":{"rendered":"<p>PER RICEVERE QUESTO NOTIZIARIO DIRETTAMENTE SUL TUO CELLULARE ISCRIVITI AL CANALE TELEGRAM\u00a0\u201cRADIO PIU\u00a0 INFORMAZIONE\u201d\u00a0 &nbsp; &nbsp; Gestione Servizi Pubblici informa che, per lavori alla rete idrica comunale, oggi dalle 8 a fine lavori, verr\u00e0 sospesa l\u2019erogazione dell\u2019acqua a Rocca Pietore in localit\u00e0\u00a0localita\u2019 capoluogo, Sottoguda, Palue, Boscoverde, Col di Rocca, Soraru, Pezz\u00e8, Condio\u00a0e Saviner di Laste.&hellip;<\/p>\n","protected":false},"author":4,"featured_media":145831,"comment_status":"closed","ping_status":"closed","sticky":false,"template":"","format":"standard","meta":{"_monsterinsights_skip_tracking":false,"_monsterinsights_sitenote_active":false,"_monsterinsights_sitenote_note":"","_monsterinsights_sitenote_category":0,"footnotes":""},"categories":[1,86,49],"tags":[],"class_list":["post-145694","post","type-post","status-publish","format-standard","has-post-thumbnail","hentry","category-senza-categoria","category-gr","category-news-18","category-1","category-86","category-49","description-off"],"img_url":"https:\/\/www.radiopiu.net\/wordpress\/wp-content\/uploads\/2020\/06\/7a661652-b8f7-4391-acce-b167ad0569ec.jpg","_links":{"self":[{"href":"https:\/\/www.radiopiu.net\/wordpress\/wp-json\/wp\/v2\/posts\/145694","targetHints":{"allow":["GET"]}}],"collection":[{"href":"https:\/\/www.radiopiu.net\/wordpress\/wp-json\/wp\/v2\/posts"}],"about":[{"href":"https:\/\/www.radiopiu.net\/wordpress\/wp-json\/wp\/v2\/types\/post"}],"author":[{"embeddable":true,"href":"https:\/\/www.radiopiu.net\/wordpress\/wp-json\/wp\/v2\/users\/4"}],"replies":[{"embeddable":true,"href":"https:\/\/www.radiopiu.net\/wordpress\/wp-json\/wp\/v2\/comments?post=145694"}],"version-history":[{"count":0,"href":"https:\/\/www.radiopiu.net\/wordpress\/wp-json\/wp\/v2\/posts\/145694\/revisions"}],"wp:featuredmedia":[{"embeddable":true,"href":"https:\/\/www.radiopiu.net\/wordpress\/wp-json\/wp\/v2\/media\/145831"}],"wp:attachment":[{"href":"https:\/\/www.radiopiu.net\/wordpress\/wp-json\/wp\/v2\/media?parent=145694"}],"wp:term":[{"taxonomy":"category","embeddable":true,"href":"https:\/\/www.radiopiu.net\/wordpress\/wp-json\/wp\/v2\/categories?post=145694"},{"taxonomy":"post_tag","embeddable":true,"href":"https:\/\/www.radiopiu.net\/wordpress\/wp-json\/wp\/v2\/tags?post=145694"}],"curies":[{"name":"wp","href":"https:\/\/api.w.org\/{rel}","templated":true}]}}