{"id":145746,"date":"2020-06-22T12:38:00","date_gmt":"2020-06-22T10:38:00","guid":{"rendered":"https:\/\/www.radiopiu.net\/wordpress\/?p=145746"},"modified":"2020-06-22T13:03:08","modified_gmt":"2020-06-22T11:03:08","slug":"code-sulla-a27-padrin-inaccettabile-o-si-tolgono-i-cantieri-fantasma-o-si-eliminano-i-pedaggi","status":"publish","type":"post","link":"https:\/\/www.radiopiu.net\/wordpress\/code-sulla-a27-padrin-inaccettabile-o-si-tolgono-i-cantieri-fantasma-o-si-eliminano-i-pedaggi\/","title":{"rendered":"CODE SULLA A27, PADRIN: \u00abINACCETTABILE; O SI TOLGONO I CANTIERI FANTASMA O SI ELIMINANO I PEDAGGI\u00bb"},"content":{"rendered":"<p><strong><a class=\"dt-pswp-item\" href=\"https:\/\/www.radiopiu.net\/wordpress\/wp-content\/uploads\/2020\/05\/PADRIN-1-scaled.jpg\" data-dt-img-description=\"\" data-large_image_width=\"2560\" data-large_image_height=\"1920\"><img loading=\"lazy\" decoding=\"async\" class=\"size-medium wp-image-138417 alignleft\" src=\"https:\/\/www.radiopiu.net\/wordpress\/wp-content\/uploads\/2020\/05\/PADRIN-1-300x225.jpg\" alt=\"\" width=\"300\" height=\"225\" srcset=\"https:\/\/www.radiopiu.net\/wordpress\/wp-content\/uploads\/2020\/05\/PADRIN-1-300x225.jpg 300w, https:\/\/www.radiopiu.net\/wordpress\/wp-content\/uploads\/2020\/05\/PADRIN-1-1024x768.jpg 1024w, https:\/\/www.radiopiu.net\/wordpress\/wp-content\/uploads\/2020\/05\/PADRIN-1-768x576.jpg 768w, https:\/\/www.radiopiu.net\/wordpress\/wp-content\/uploads\/2020\/05\/PADRIN-1-1536x1152.jpg 1536w, https:\/\/www.radiopiu.net\/wordpress\/wp-content\/uploads\/2020\/05\/PADRIN-1-2048x1536.jpg 2048w\" sizes=\"auto, (max-width: 300px) 100vw, 300px\" \/><\/a>BELLUNO\u00a0<\/strong>\u00ab<em>Le code viste domenica in A27 non dovranno pi\u00f9 ripetersi durante la stagione estiva. Ne va dello sviluppo turistico della nostra montagna<\/em>\u00bb. \u00c8 quanto afferma il presidente della Provincia di Belluno, Roberto Padrin, che analizza la situazione creatasi ieri (domenica 21 giugno) in autostrada; sia al mattino, con lunghe colonne di auto in salita verso la montagna e poi anche al rientro verso la pianura, con 5-6 chilometri di coda tra Vittorio Veneto Sud e il Fadalto. \u00ab<em>Sono anni che il tratto di autostrada tra Belluno e Conegliano \u00e8 costantemente sottoposto a cantieri fantasma, in cui vediamo restringimenti di carreggiata, ma nessun mezzo e nessun operaio al lavoro &#8211; prosegue il presidente Padrin -. Non possiamo permettercelo. La provincia di Belluno gi\u00e0 deve pagare un gap infrastrutturale che \u00e8 sotto gli occhi di tutti. Se poi dobbiamo fare i conti anche con una galleria sempre chiusa e un\u2019autostrada a mezzo servizio, con pedaggio tra i pi\u00f9 alti d\u2019Italia, diventa impossibile competere con altre realt\u00e0. Mi metto nei panni del turista che dopo una giornata di relax deve sorbirsi ore e ore di auto per coprire pochi chilometri, prima lungo la Alemagna, poi anche sulla A27; il rischio \u00e8 che scelga di non tornare pi\u00f9 tra le Dolomiti bellunesi, se le condizioni rimangono queste. Nell\u2019estate post-Covid che tutti annunciano come favorevolissima alla montagna, tutto questo \u00e8 non solo disastroso ma anche intollerabile. Scriver\u00f2 alla Societ\u00e0 Autostrade per fare chiarezza e superare questa situazione. Delle due l\u2019una: o la A27 \u00e8 un servizio autostradale vero, oppure venga eliminato il pedaggio<\/em>\u00bb.<\/p>\n<p><strong>IL PRESIDENTE DELLA PROVINCIA DI BELLUNO ROBERTO PADRIN<\/strong><\/p>\n<audio class=\"wp-audio-shortcode\" id=\"audio-145746-1\" preload=\"none\" style=\"width: 100%;\" controls=\"controls\"><source type=\"audio\/mpeg\" src=\"https:\/\/www.radiopiu.net\/wordpress\/wp-content\/uploads\/2020\/06\/PADRIN-A27.mp3?_=1\" \/><a href=\"https:\/\/www.radiopiu.net\/wordpress\/wp-content\/uploads\/2020\/06\/PADRIN-A27.mp3\">https:\/\/www.radiopiu.net\/wordpress\/wp-content\/uploads\/2020\/06\/PADRIN-A27.mp3<\/a><\/audio>\n<p>&nbsp;<\/p>\n","protected":false},"excerpt":{"rendered":"<p>BELLUNO\u00a0\u00abLe code viste domenica in A27 non dovranno pi\u00f9 ripetersi durante la stagione estiva. Ne va dello sviluppo turistico della nostra montagna\u00bb. \u00c8 quanto afferma il presidente della Provincia di Belluno, Roberto Padrin, che analizza la situazione creatasi ieri (domenica 21 giugno) in autostrada; sia al mattino, con lunghe colonne di auto in salita verso&hellip;<\/p>\n","protected":false},"author":4,"featured_media":138417,"comment_status":"closed","ping_status":"closed","sticky":false,"template":"","format":"standard","meta":{"_monsterinsights_skip_tracking":false,"_monsterinsights_sitenote_active":false,"_monsterinsights_sitenote_note":"","_monsterinsights_sitenote_category":0,"footnotes":""},"categories":[49],"tags":[],"class_list":["post-145746","post","type-post","status-publish","format-standard","has-post-thumbnail","hentry","category-news-18","category-49","description-off"],"img_url":"https:\/\/www.radiopiu.net\/wordpress\/wp-content\/uploads\/2020\/05\/PADRIN-1-scaled.jpg","_links":{"self":[{"href":"https:\/\/www.radiopiu.net\/wordpress\/wp-json\/wp\/v2\/posts\/145746","targetHints":{"allow":["GET"]}}],"collection":[{"href":"https:\/\/www.radiopiu.net\/wordpress\/wp-json\/wp\/v2\/posts"}],"about":[{"href":"https:\/\/www.radiopiu.net\/wordpress\/wp-json\/wp\/v2\/types\/post"}],"author":[{"embeddable":true,"href":"https:\/\/www.radiopiu.net\/wordpress\/wp-json\/wp\/v2\/users\/4"}],"replies":[{"embeddable":true,"href":"https:\/\/www.radiopiu.net\/wordpress\/wp-json\/wp\/v2\/comments?post=145746"}],"version-history":[{"count":0,"href":"https:\/\/www.radiopiu.net\/wordpress\/wp-json\/wp\/v2\/posts\/145746\/revisions"}],"wp:featuredmedia":[{"embeddable":true,"href":"https:\/\/www.radiopiu.net\/wordpress\/wp-json\/wp\/v2\/media\/138417"}],"wp:attachment":[{"href":"https:\/\/www.radiopiu.net\/wordpress\/wp-json\/wp\/v2\/media?parent=145746"}],"wp:term":[{"taxonomy":"category","embeddable":true,"href":"https:\/\/www.radiopiu.net\/wordpress\/wp-json\/wp\/v2\/categories?post=145746"},{"taxonomy":"post_tag","embeddable":true,"href":"https:\/\/www.radiopiu.net\/wordpress\/wp-json\/wp\/v2\/tags?post=145746"}],"curies":[{"name":"wp","href":"https:\/\/api.w.org\/{rel}","templated":true}]}}