{"id":145749,"date":"2020-06-25T23:59:59","date_gmt":"2020-06-25T21:59:59","guid":{"rendered":"https:\/\/www.radiopiu.net\/wordpress\/?p=145749"},"modified":"2020-06-26T06:29:30","modified_gmt":"2020-06-26T04:29:30","slug":"le-nuove-attivita-per-la-piscina-di-agordo","status":"publish","type":"post","link":"https:\/\/www.radiopiu.net\/wordpress\/le-nuove-attivita-per-la-piscina-di-agordo\/","title":{"rendered":"LE NUOVE ATTIVIT\u00c0 PER LA PISCINA DI AGORDO"},"content":{"rendered":"<p><strong><a class=\"dt-pswp-item\" href=\"https:\/\/www.radiopiu.net\/wordpress\/wp-content\/uploads\/2020\/06\/IMG_2135-22-06-20-12-29.jpg\" data-dt-img-description=\"\" data-large_image_width=\"2048\" data-large_image_height=\"1536\"><img loading=\"lazy\" decoding=\"async\" class=\"size-medium wp-image-145750 alignleft\" src=\"https:\/\/www.radiopiu.net\/wordpress\/wp-content\/uploads\/2020\/06\/IMG_2135-22-06-20-12-29-300x225.jpg\" alt=\"\" width=\"300\" height=\"225\" srcset=\"https:\/\/www.radiopiu.net\/wordpress\/wp-content\/uploads\/2020\/06\/IMG_2135-22-06-20-12-29-300x225.jpg 300w, https:\/\/www.radiopiu.net\/wordpress\/wp-content\/uploads\/2020\/06\/IMG_2135-22-06-20-12-29-1024x768.jpg 1024w, https:\/\/www.radiopiu.net\/wordpress\/wp-content\/uploads\/2020\/06\/IMG_2135-22-06-20-12-29-768x576.jpg 768w, https:\/\/www.radiopiu.net\/wordpress\/wp-content\/uploads\/2020\/06\/IMG_2135-22-06-20-12-29-1536x1152.jpg 1536w, https:\/\/www.radiopiu.net\/wordpress\/wp-content\/uploads\/2020\/06\/IMG_2135-22-06-20-12-29.jpg 2048w\" sizes=\"auto, (max-width: 300px) 100vw, 300px\" \/><\/a>AGORDO\u00a0<\/strong>La stagione estiva 2020 della Piscina Comprensoriale di Agordo si arricchisce con una nuova opportunit\u00e0: nelle giornate di apertura sar\u00e0 possibile godere del solarium esterno, nell\u2019ampio giardino panoramico, alternando nuoto libero ad una pausa riposante al sole. L\u2019area dispone di sdraio e ombrelloni a pagamento e spazi gratuiti liberi sull\u2019erba, nel rispetto del distanziamento e rispettando le normative vigenti. Da mercoled\u00ec 24 giugno 2020 si potr\u00e0 inoltre provare una nuova disciplina in acqua: si tratta di un corso di cardio boxing, disciplina di allenamento ad alta intensit\u00e0 con l\u2019istruttore Ugo Samaria. La prima lezione, che si svolger\u00e0 dalle ore 19.45 alle ore 20.30 sar\u00e0 una prova gratuita. Per tutti i corsi, l\u2019ingresso al nuoto libero e al solarium \u00e8 obbligatoria la prenotazione chiamando lo 0437.62406. Gli orari di apertura della piscina sono i seguenti: luned\u00ec, mercoled\u00ec e sabato 9.30-20.00; marted\u00ec e venerd\u00ec 15.00-21.00; gioved\u00ec 15.00-20.00 e domenica 15.00-19.00.<\/p>\n","protected":false},"excerpt":{"rendered":"<p>AGORDO\u00a0La stagione estiva 2020 della Piscina Comprensoriale di Agordo si arricchisce con una nuova opportunit\u00e0: nelle giornate di apertura sar\u00e0 possibile godere del solarium esterno, nell\u2019ampio giardino panoramico, alternando nuoto libero ad una pausa riposante al sole. L\u2019area dispone di sdraio e ombrelloni a pagamento e spazi gratuiti liberi sull\u2019erba, nel rispetto del distanziamento e&hellip;<\/p>\n","protected":false},"author":4,"featured_media":145752,"comment_status":"closed","ping_status":"closed","sticky":false,"template":"","format":"standard","meta":{"_monsterinsights_skip_tracking":false,"_monsterinsights_sitenote_active":false,"_monsterinsights_sitenote_note":"","_monsterinsights_sitenote_category":0,"footnotes":""},"categories":[49],"tags":[],"class_list":["post-145749","post","type-post","status-publish","format-standard","has-post-thumbnail","hentry","category-news-18","category-49","description-off"],"img_url":"https:\/\/www.radiopiu.net\/wordpress\/wp-content\/uploads\/2020\/06\/IMG_2136-22-06-20-12-29.jpg","_links":{"self":[{"href":"https:\/\/www.radiopiu.net\/wordpress\/wp-json\/wp\/v2\/posts\/145749","targetHints":{"allow":["GET"]}}],"collection":[{"href":"https:\/\/www.radiopiu.net\/wordpress\/wp-json\/wp\/v2\/posts"}],"about":[{"href":"https:\/\/www.radiopiu.net\/wordpress\/wp-json\/wp\/v2\/types\/post"}],"author":[{"embeddable":true,"href":"https:\/\/www.radiopiu.net\/wordpress\/wp-json\/wp\/v2\/users\/4"}],"replies":[{"embeddable":true,"href":"https:\/\/www.radiopiu.net\/wordpress\/wp-json\/wp\/v2\/comments?post=145749"}],"version-history":[{"count":0,"href":"https:\/\/www.radiopiu.net\/wordpress\/wp-json\/wp\/v2\/posts\/145749\/revisions"}],"wp:featuredmedia":[{"embeddable":true,"href":"https:\/\/www.radiopiu.net\/wordpress\/wp-json\/wp\/v2\/media\/145752"}],"wp:attachment":[{"href":"https:\/\/www.radiopiu.net\/wordpress\/wp-json\/wp\/v2\/media?parent=145749"}],"wp:term":[{"taxonomy":"category","embeddable":true,"href":"https:\/\/www.radiopiu.net\/wordpress\/wp-json\/wp\/v2\/categories?post=145749"},{"taxonomy":"post_tag","embeddable":true,"href":"https:\/\/www.radiopiu.net\/wordpress\/wp-json\/wp\/v2\/tags?post=145749"}],"curies":[{"name":"wp","href":"https:\/\/api.w.org\/{rel}","templated":true}]}}