{"id":145775,"date":"2020-06-22T13:40:05","date_gmt":"2020-06-22T11:40:05","guid":{"rendered":"https:\/\/www.radiopiu.net\/wordpress\/?p=145775"},"modified":"2020-06-22T13:40:05","modified_gmt":"2020-06-22T11:40:05","slug":"transcivetta-2020-il-brevetto-nellanno-senza-gara","status":"publish","type":"post","link":"https:\/\/www.radiopiu.net\/wordpress\/transcivetta-2020-il-brevetto-nellanno-senza-gara\/","title":{"rendered":"TRANSCIVETTA 2020: IL BREVETTO NELL&#8217;ANNO SENZA GARA"},"content":{"rendered":"<blockquote>\n<h3>\n<em>Partecipazione libera e gratuita, dall&#8217;1 luglio al 15 settembre, per vivere le Dolomiti Agordine in maniera slow<\/em><\/h3>\n<\/blockquote>\n<p><strong><img decoding=\"async\" src=\"https:\/\/www.radiopiu.net\/wordpress\/wp-content\/uploads\/2019\/07\/trans2019-partenza.jpeg\" \/>ALLEGHE<\/strong> L&#8217;appuntamento con la quarantesima edizione della Transcivetta Karpos \u00e8 rinviato, causa l&#8217;emergenza sanitaria legata al Covid-19, al 18 luglio 2021. Ma il comitato organizzatore della Transcivetta Karpos non far\u00e0 passare l&#8217;estate 2020 senza la possibilit\u00e0 di correre lungo gli spettacolari 23 chilometri che uniscono Listolade ai Piani di Pezz\u00e8 di Alleghe. Non si potr\u00e0 gareggiare ma si potr\u00e0 ugualmente vivere la propria passione per la montagna e per la corsa (o la camminata) percorrendo, in coppia, il tracciato della Transcivetta. \u00abOgni coppia potr\u00e0 percorrere il tracciato da Listolade ai Piani di Pezz\u00e8 di Alleghe nel giorno e negli orari che si preferisce\u00bb spiegano Egidio Ganz ed Erminio Ferretto, del comitato organizzatore. \u00abLa partecipazione \u00e8 gratuita e semplice: dall&#8217;1 luglio al 15 settembre sar\u00e0 possibile ritirare presso l&#8217;agriturismo Val Corpassa di Listolade oppure scaricare dal sito web della manifestazione, www.transcivetta.com, un modulo di partecipazione sul quale verranno poi apposti i timbri che attestano il passaggio ai quattro rifugi posti lungo il percorso, vale a dire Capanna Trieste, Vazzoler, Tissi e Coldai. All&#8217;arrivo ai Piani di Pezz\u00e8, presso il rifugio Grande Baita Civetta, verr\u00e0 consegnato il diploma finale di partecipazione\u00bb. Al termine della stagione estiva, sul sito internet www.transcivetta.com\u00a0 verr\u00e0 pubblicato l&#8217;elenco delle coppie che hanno partecipato al Brevetto Transcivetta.<br \/>\n\u00abNon si tratta di una gara bens\u00ec di un&#8217;occasione per vivere la Transcivetta anche in questo 2020 nel quale la Transcivetta non si disputer\u00e0\u00bb dicono ancora Ganz e Ferretto. \u00abIl Brevetto Transcivetta Karpos vuole essere un&#8217;occasione per visitare i rifugi, e gustare il fascino di vivere una giornata di sport \u201cslow\u201d e a contatto con la natura. Sar\u00e0 interessante verificare a met\u00e0 settembre \u2013 \u00e8 un po&#8217; la nostra scommessa, il nostro auspicio &#8211; quante delle mille coppie che solitamente partecipano alla gara sceglieranno comunque di lasciarsi abbracciare dal fascino delle Dolomiti Agordine e dal monte Civetta. In attesa, naturalmente, di averle al via il 18 luglio del 2021, anno di una quarantesima edizione che avr\u00e0 il sapore della rinascita\u00bb.<\/p>\n","protected":false},"excerpt":{"rendered":"<p>Partecipazione libera e gratuita, dall&#8217;1 luglio al 15 settembre, per vivere le Dolomiti Agordine in maniera slow ALLEGHE L&#8217;appuntamento con la quarantesima edizione della Transcivetta Karpos \u00e8 rinviato, causa l&#8217;emergenza sanitaria legata al Covid-19, al 18 luglio 2021. Ma il comitato organizzatore della Transcivetta Karpos non far\u00e0 passare l&#8217;estate 2020 senza la possibilit\u00e0 di correre&hellip;<\/p>\n","protected":false},"author":1,"featured_media":92427,"comment_status":"closed","ping_status":"closed","sticky":false,"template":"","format":"standard","meta":{"_monsterinsights_skip_tracking":false,"_monsterinsights_sitenote_active":false,"_monsterinsights_sitenote_note":"","_monsterinsights_sitenote_category":0,"footnotes":""},"categories":[49,72],"tags":[],"class_list":["post-145775","post","type-post","status-publish","format-standard","has-post-thumbnail","hentry","category-news-18","category-sport","category-49","category-72","description-off"],"img_url":"https:\/\/www.radiopiu.net\/wordpress\/wp-content\/uploads\/2019\/07\/trans2019-partenza.jpeg","_links":{"self":[{"href":"https:\/\/www.radiopiu.net\/wordpress\/wp-json\/wp\/v2\/posts\/145775","targetHints":{"allow":["GET"]}}],"collection":[{"href":"https:\/\/www.radiopiu.net\/wordpress\/wp-json\/wp\/v2\/posts"}],"about":[{"href":"https:\/\/www.radiopiu.net\/wordpress\/wp-json\/wp\/v2\/types\/post"}],"author":[{"embeddable":true,"href":"https:\/\/www.radiopiu.net\/wordpress\/wp-json\/wp\/v2\/users\/1"}],"replies":[{"embeddable":true,"href":"https:\/\/www.radiopiu.net\/wordpress\/wp-json\/wp\/v2\/comments?post=145775"}],"version-history":[{"count":0,"href":"https:\/\/www.radiopiu.net\/wordpress\/wp-json\/wp\/v2\/posts\/145775\/revisions"}],"wp:featuredmedia":[{"embeddable":true,"href":"https:\/\/www.radiopiu.net\/wordpress\/wp-json\/wp\/v2\/media\/92427"}],"wp:attachment":[{"href":"https:\/\/www.radiopiu.net\/wordpress\/wp-json\/wp\/v2\/media?parent=145775"}],"wp:term":[{"taxonomy":"category","embeddable":true,"href":"https:\/\/www.radiopiu.net\/wordpress\/wp-json\/wp\/v2\/categories?post=145775"},{"taxonomy":"post_tag","embeddable":true,"href":"https:\/\/www.radiopiu.net\/wordpress\/wp-json\/wp\/v2\/tags?post=145775"}],"curies":[{"name":"wp","href":"https:\/\/api.w.org\/{rel}","templated":true}]}}