{"id":145903,"date":"2020-06-24T06:00:46","date_gmt":"2020-06-24T04:00:46","guid":{"rendered":"https:\/\/www.radiopiu.net\/wordpress\/?p=145903"},"modified":"2020-06-24T12:25:54","modified_gmt":"2020-06-24T10:25:54","slug":"giornale-radiopiu-24-giugno-2020-direttore-mirko-mezzacasa","status":"publish","type":"post","link":"https:\/\/www.radiopiu.net\/wordpress\/giornale-radiopiu-24-giugno-2020-direttore-mirko-mezzacasa\/","title":{"rendered":"GIORNALE RADIOPIU 24 GIUGNO 2020 DIRETTORE MIRKO MEZZACASA"},"content":{"rendered":"<h3><strong>PER RICEVERE QUESTO NOTIZIARIO DIRETTAMENTE SUL TUO CELLULARE ISCRIVITI AL CANALE TELEGRAM\u00a0<\/strong><strong>\u201cRADIO PIU\u00a0 INFORMAZIONE\u201d\u00a0<\/strong><\/h3>\n<p>&nbsp;<\/p>\n<h3><a class=\"dt-pswp-item\" href=\"https:\/\/www.radiopiu.net\/wordpress\/wp-content\/uploads\/2020\/06\/WhatsApp-Image-2020-06-24-at-07.51.20.jpeg\" data-dt-img-description=\"\" data-large_image_width=\"2000\" data-large_image_height=\"1500\"><img loading=\"lazy\" decoding=\"async\" class=\"alignleft size-medium wp-image-146060\" src=\"https:\/\/www.radiopiu.net\/wordpress\/wp-content\/uploads\/2020\/06\/WhatsApp-Image-2020-06-24-at-07.51.20-300x225.jpeg\" alt=\"\" width=\"300\" height=\"225\" srcset=\"https:\/\/www.radiopiu.net\/wordpress\/wp-content\/uploads\/2020\/06\/WhatsApp-Image-2020-06-24-at-07.51.20-300x225.jpeg 300w, https:\/\/www.radiopiu.net\/wordpress\/wp-content\/uploads\/2020\/06\/WhatsApp-Image-2020-06-24-at-07.51.20-1024x768.jpeg 1024w, https:\/\/www.radiopiu.net\/wordpress\/wp-content\/uploads\/2020\/06\/WhatsApp-Image-2020-06-24-at-07.51.20-768x576.jpeg 768w, https:\/\/www.radiopiu.net\/wordpress\/wp-content\/uploads\/2020\/06\/WhatsApp-Image-2020-06-24-at-07.51.20-1536x1152.jpeg 1536w, https:\/\/www.radiopiu.net\/wordpress\/wp-content\/uploads\/2020\/06\/WhatsApp-Image-2020-06-24-at-07.51.20.jpeg 2000w\" sizes=\"auto, (max-width: 300px) 100vw, 300px\" \/><\/a><span style=\"color: #ff0000;\">DILLO A RADIO PIU, ROBERTO CI SCRIVE<\/span><br \/>\nRegionale 203 Agordina martoriata: oggi coda chilometrica tra Agordo-Cencenighe-Alleghe per gregge di pecore.\u00a0 E la gente che lavora? Cos\u00ec non va.\u00a0 \u00a0Passati anche in galleria a Listolade. Uguale ai gruppi di ciclisti incontrati l\u2019altro giorno senza alcuna luce segnaletica sempre in galleria. Tornando ai pastori: \u00a0possono fare alto e basso come vogliono?<\/h3>\n<p>&nbsp;<\/p>\n<p>&nbsp;<\/p>\n<hr \/>\n<p>&nbsp;<\/p>\n<p><strong>Gestione Servizi Pubblici informa che, per lavori alla rete idrica comunale, DOMANI dalle 8 a FINE LAVORI verr\u00e0 sospesa l\u2019erogazione dell\u2019acqua a S.TOMASO AGORDINO in LOCALITA&#8217; PECOL.<\/strong><\/p>\n<p><strong>Gestione Servizi Pubblici informa che a LIVINALLONGO DEL COL DI LANA nelle LOCALITA\u2019 LARZONEI, SALESEI DI SOPRA, SALESEI DI SOTTO, PIAN DI SALESEI, SALESEI, SOTTOCREPA e FOPPA l\u2019acqua erogata dall\u2019acquedotto non \u00e8 potabile e pu\u00f2 essere usata per scopi alimentari SOLO PREVIA bollitura<\/strong><\/p>\n<p>&nbsp;<\/p>\n<hr \/>\n<p>&nbsp;<\/p>\n<p><strong>PROVINCIALE 1 DELLA SINISTRA PIAVE, INTERRUZIONE TOTALE FINO A REVOCA PER CEDIMENTO STRUTTURALE DI PARTE DEL FABBRICATO A LATO STRADA CON CADUTA MATERIALE SUL PIANO VIABILE TRA VIA RIVAMOR E BIVIO ANCONETTA<\/strong><\/p>\n<p><em><strong>PROVINCIALE 20 CAPRILE-SELVA DI CADORE.\u00a0 CHIUSA\u00a0 FINO\u00a0 AL 4 LUGLIO IN LOCALITA\u2019 SOLATOR ANCHE SABATO E DOMENICA. TRANSITO CONSENTITO AI LOCALI CON TEMPI DI ATTESA FINO A 30 MINUTI<\/strong><\/em><\/p>\n<p><em><strong>203 AGORDINA, FINO\u00a0 AL 30 LUGLIO ESCLUSI FESTIVI E PREFESTIVI SENSO UNICO ALTERNATO TRA CANDATEN E PERON. DALLE 730 ALLE 9 E DALLE 1630 ALLE 18 CON MOVIERI, NEGLI ALTRI ORARI SEMAFORO\u00a0<\/strong><\/em><\/p>\n<p>&nbsp;<\/p>\n<hr \/>\n<blockquote>\n<h2>DALLE SABBIE DEL BIOIS L&#8217;ORDIGNO BELLICO, S&#8217;ATTENDONO GLI ARTIFICIERI<\/h2>\n<\/blockquote>\n<blockquote>\n<h3><strong><span style=\"color: #ff0000;\">L&#8217;ORDINANZA URGENTE DEL COMUNE DI FALCADE<\/span><\/strong><\/h3>\n<\/blockquote>\n<p><a class=\"dt-pswp-item\" href=\"https:\/\/www.radiopiu.net\/wordpress\/wp-content\/uploads\/2020\/06\/download-24.jpg\" data-dt-img-description=\"\" data-large_image_width=\"288\" data-large_image_height=\"175\"><img loading=\"lazy\" decoding=\"async\" class=\"alignleft size-full wp-image-146013\" src=\"https:\/\/www.radiopiu.net\/wordpress\/wp-content\/uploads\/2020\/06\/download-24.jpg\" alt=\"\" width=\"288\" height=\"175\" \/><\/a><strong><a class=\"dt-pswp-item\" href=\"https:\/\/www.radiopiu.net\/wordpress\/wp-content\/uploads\/2020\/06\/2124f88d-1020-4714-aed1-c7200290854a.jpg\" data-dt-img-description=\"\" data-large_image_width=\"541\" data-large_image_height=\"906\"><img loading=\"lazy\" decoding=\"async\" class=\"size-medium wp-image-146014 alignright\" src=\"https:\/\/www.radiopiu.net\/wordpress\/wp-content\/uploads\/2020\/06\/2124f88d-1020-4714-aed1-c7200290854a-179x300.jpg\" alt=\"\" width=\"179\" height=\"300\" srcset=\"https:\/\/www.radiopiu.net\/wordpress\/wp-content\/uploads\/2020\/06\/2124f88d-1020-4714-aed1-c7200290854a-179x300.jpg 179w, https:\/\/www.radiopiu.net\/wordpress\/wp-content\/uploads\/2020\/06\/2124f88d-1020-4714-aed1-c7200290854a.jpg 541w\" sizes=\"auto, (max-width: 179px) 100vw, 179px\" \/><\/a>FALCADE<\/strong> Ieri all&#8217;albo comunale un&#8217;ordinanza preoccupante, poche righe per segnalare il divieto di accesso all&#8217;area limitrofa all&#8217;opera di presa della centralina idroelettrica sul torrente Biois per stato di grave pericolosit\u00e0 in seguito al rinvenimento di un ordigno bellico. La segnalazione al Comune di Falcade risale a domenica mattina quando un cittadino in passeggiata ha notato il metallo affiorare dalla ghiaia. Ha intuito subito che potesse trattarsi di un ordigno e per questo si \u00e8 rivolto alle istituzioni. Immediato l&#8217;intervento del Comune che ha provveduto a delimitare la zona segnalando il pericolo, si tratta quasi certamente di un ordigno <strong>da<\/strong> 55 della Grande Guerra. Il vice sindaco Giovanni Ferrini ha informato la Prefettura, le Forze dell&#8217;Ordine competenti affinch\u00e9 allertino gli artificieri, gli unici deputati alle \u00a0attivit\u00e0 di disinnesco e di brillamento dell&#8217;ordigno, residuato bellico.<\/p>\n<blockquote><p>Si ricorda che la pista ciclabile \u00e8 regolarmente aperta poich\u00e9 distante dal luogo del ritrovamento. Ovviamente in Comune e in paese si auspica che le operazioni di brillamento siano celeri visto che i turisti in zona fortunatamente non mancano, grandi e piccini. (foto archivio)<\/p><\/blockquote>\n<p>&nbsp;<\/p>\n<p>L&#8217;ORDINANZA<\/p>\n<a href=\"https:\/\/www.radiopiu.net\/wordpress\/wp-content\/uploads\/2020\/06\/ord_00028_23-06-2020.pdf\" class=\"pdfemb-viewer\" style=\"\" data-width=\"max\" data-height=\"max\" data-toolbar=\"top\" data-toolbar-fixed=\"on\">ord_00028_23-06-2020<\/a>\n<p>&nbsp;<\/p>\n<p>&nbsp;<\/p>\n<p>&nbsp;<\/p>\n<hr \/>\n<blockquote>\n<h3>CHI HA VENDUTO L&#8217;ALCOOL AGLI ULTRA MINORENNI? INDAGANO I CARABINIERI<\/h3>\n<\/blockquote>\n<p><strong>FELTRE<\/strong> Una ragazzina feltrina di 13 anni finisce all&#8217;ospedale per aver ingerito forti quantit\u00e0 di alcool su consiglio ed approvazione degli amici. E&#8217; allarme in provincia e non \u00e8 il primo per l&#8217;abuso di sostanze alcooliche tra minorenni. La ragazzina portata al Santa Maria del Prato sta meglio mentre i Carabinieri della Compagnia di Feltre sono al lavoro per risalire a chi abbia venduto gli alcoolici al gruppo. I fatti risalgono a lunedi in concomitanza con gli schiamazzi di piazza che hanno attirato l&#8217;attenzione della gente, anche dei genitori della ragazzina.<\/p>\n<p>&nbsp;<\/p>\n<p>&nbsp;<\/p>\n<hr \/>\n<p>&nbsp;<\/p>\n<blockquote>\n<h3>INCIDENTE A MALGA CIAPELA, ALLEGHESE CADE IN BICI E&#8217; IN OSPEDALE IN OSSERVAZIONE A BELLUNO<\/h3>\n<\/blockquote>\n<p><strong>ROCCA PIETORE<\/strong> Un uomo di 72 anni di Alleghe V.D.T. (nome e cognome nelle iniziali) \u00e8 caduto in bicicletta a Magla Ciapela sbattendo la testa. Nei primi momenti ha perso conoscenza, \u00e8 stato soccorso dal Suem118 che ha inviato l&#8217;elicottero. L&#8217;uomo \u00e8 stato portato al San Martino di Belluno, ieri sera era ancora ricoverato in osservazione.<\/p>\n<p>&nbsp;<\/p>\n<p>&nbsp;<\/p>\n<hr \/>\n<h3><\/h3>\n<blockquote>\n<h3>MOTOCICLISTA DI BRIBANO FERITO NELLO SCHIANTO IN PROSSIMITA&#8217; DEL BAR<\/h3>\n<\/blockquote>\n<p><strong>BORGO VALBELLUNA<\/strong> Incidente davanti al Bar Monica, le cause del sinistro sono al vaglio della Polizia Stradale. Una Mercedes stava svoltando a sinistra e il centauro ha tentato il sorpasso cozzando contro l&#8217;auto. Ha auto la peggio il 24 enne motociclista finito a terra dolorante per la botta alla gamba. E&#8217; stato portato all&#8217;ospedale San Martino\u00a0 condizioni non gravi<\/p>\n<p>&nbsp;<\/p>\n<hr \/>\n<blockquote>\n<h3><\/h3>\n<\/blockquote>\n<blockquote>\n<h3><\/h3>\n<h3>GIORNATA IMPEGNATIVA PER IL SOCCORSO ALPINO TRA CORTINA, BELLUNO ED AURONZO<\/h3>\n<\/blockquote>\n<p><strong><a class=\"dt-pswp-item\" href=\"https:\/\/www.radiopiu.net\/wordpress\/wp-content\/uploads\/2019\/08\/IMG-20190813-WA0004.jpg\" data-dt-img-description=\"\" data-large_image_width=\"1200\" data-large_image_height=\"1600\"><img loading=\"lazy\" decoding=\"async\" class=\"alignleft size-medium wp-image-95475\" src=\"https:\/\/www.radiopiu.net\/wordpress\/wp-content\/uploads\/2019\/08\/IMG-20190813-WA0004-225x300.jpg\" alt=\"\" width=\"225\" height=\"300\" srcset=\"https:\/\/www.radiopiu.net\/wordpress\/wp-content\/uploads\/2019\/08\/IMG-20190813-WA0004-225x300.jpg 225w, https:\/\/www.radiopiu.net\/wordpress\/wp-content\/uploads\/2019\/08\/IMG-20190813-WA0004-768x1024.jpg 768w, https:\/\/www.radiopiu.net\/wordpress\/wp-content\/uploads\/2019\/08\/IMG-20190813-WA0004.jpg 1200w\" sizes=\"auto, (max-width: 225px) 100vw, 225px\" \/><\/a>CORTINA<\/strong>\u00a0 Ieri in mattinata il Suem 118 ha soccorso una coppia in difficolt\u00e0 tra Forcella Col dei Bos e la Galleria del Castelletto, sulla Tofana di Rozes. Forse a causa di un tratto franoso del sentiero la donna, 54 anni, di Bolzano, \u00e8 stata colta da una crisi di panico, impossibilitata a proseguire l&#8217;escursionista \u00e8 stata recuperata con un verricello e trasportata a valle, mentre il marito \u00e8 rientrato autonomamente.<\/p>\n<p>Una squadra del Sagf di Cortina \u00e8 andata incontro ai proprietari di un cane morso al naso da una vipera in Val di Fanes. I soccorritori hanno raggiunto la coppia, che stava portando in braccio Jack, e la ha accompagnata dal veterinario.<\/p>\n<p>Salendo la Via Grohmann alla Croda Rossa d&#8217;Ampezzo un uomo \u00e8 stato investito da una scarica di sassi. L&#8217;elicottero dell&#8217;Aiut Alpin Dolomites di Bolzano ha provveduto a soccorrere l&#8217;infortunato, che \u00e8 stato accompagnato al Codivilla per le possibili contusioni.<\/p>\n<p><strong>AURONZO <\/strong>Un&#8217;escursionista \u00e8 caduta non distante dal Rifugio Lavaredo, sulle Tre Cime, ad Auronzo di Cadore, riportando\u00a0 trauma al bacino. La donna \u00e8 stata individuata e imbarcata dal Pelikan di Bolzano.<\/p>\n<p>&nbsp;<\/p>\n<p>&nbsp;<\/p>\n<p><strong><img decoding=\"async\" class=\"alignleft\" src=\"https:\/\/www.radiopiu.net\/wordpress\/wp-content\/uploads\/2020\/06\/download-23.jpg\" \/>BELLUNO<\/strong> Nel pomeriggio l&#8217;elicottero del Suem di Pieve di Cadore \u00e8 volato sul Monte Serva dove, a circa 1.600 metri di quota, un ventunenne bellunese, che si trovava con amici, si \u00e8 storto una caviglia nella fase di discesa. Una volta sbarcati in hovering nelle vicinanze, medico e tecnico di elisoccorso hanno prestato le prime cure al ragazzo, recuperato con un verricello di 5 metri e trasportato all&#8217;ospedale di Belluno.<\/p>\n<p>&nbsp;<\/p>\n<p>foto adorable.belluno.it<\/p>\n<p>&nbsp;<\/p>\n<p>&nbsp;<\/p>\n<hr \/>\n<h3><\/h3>\n<p>&nbsp;<\/p>\n<blockquote>\n<h3>203 AGORDINA NEL FINE SETTIMANA UNO DEI DUE CANTIERI SPEGNE I SEMAFORI<\/h3>\n<\/blockquote>\n<p><strong><a class=\"dt-pswp-item\" href=\"https:\/\/www.radiopiu.net\/wordpress\/wp-content\/uploads\/2020\/06\/39e4cc23-8a18-4451-9f5f-ba22c699e07b-1.jpg\" data-dt-img-description=\"\" data-large_image_width=\"768\" data-large_image_height=\"1024\"><img loading=\"lazy\" decoding=\"async\" class=\"alignleft wp-image-145979\" src=\"https:\/\/www.radiopiu.net\/wordpress\/wp-content\/uploads\/2020\/06\/39e4cc23-8a18-4451-9f5f-ba22c699e07b-1-225x300.jpg\" alt=\"\" width=\"152\" height=\"203\" srcset=\"https:\/\/www.radiopiu.net\/wordpress\/wp-content\/uploads\/2020\/06\/39e4cc23-8a18-4451-9f5f-ba22c699e07b-1-225x300.jpg 225w, https:\/\/www.radiopiu.net\/wordpress\/wp-content\/uploads\/2020\/06\/39e4cc23-8a18-4451-9f5f-ba22c699e07b-1.jpg 768w\" sizes=\"auto, (max-width: 152px) 100vw, 152px\" \/><\/a>SEDICO <\/strong>Stessa strada, due imprese, due cantieri, due ordinanze. Lo scorso fine settimana \u00e8 stato l&#8217;esempio, a Candaten sabato mattina i semafori sono stati spenti e la carreggiata liberata dai mezzi risolvendo tutti i problemi, poco sopra a La Stanga (nonostante domenica non si siano notati operai al cantiere) semafori accesi, movieri solo in serata e lunghe code fino a 12 chilometri, fino alla tangenziale di Agordo: tutto previsto. Situazione che probabilmente si ripeter\u00e0 domenica e non che nei giorni feriali vada meglio, visto che anche ieri si sono formate lunghe code con i pendolari di Luxottica, intasata anche la tangenziale e il tratto tra le rotonde di Ponte Brugnach (foto).<\/p>\n<blockquote><p>Veneto Strade ha firmato la nuova ordinanza per il cantiere di Candaten, senso unico con movieri (7.30-9 e 16.30-18) e semaforo (negli altri orari) tutti i giorni della settimana esclusi\u00a0 sabato e domenica. L&#8217;ordinanza rimane in vigore fino al 30 giugno. Nessuna variazione per il tratto a La Stanga dove al contrario l&#8217;ordine \u00e8 di aprire con semaforo a senso unico alternato tanto nei giorni festivi che prefestivi. I lavori prevedono l&#8217;interramento del cavidotto anche lungo il nuovo tratto da poco realizzato, asfaltato e tirato a lucido.<\/p><\/blockquote>\n<p>&nbsp;<\/p>\n<p>&nbsp;<\/p>\n<hr \/>\n<blockquote>\n<h3><\/h3>\n<h3>CAMPOLONGO CHIUSO LATO CORVARA PER UN MESE&#8230;ANZI NO, IN SERATA IL DIETROFRONT<\/h3>\n<\/blockquote>\n<p><strong><a class=\"dt-pswp-item\" href=\"https:\/\/www.radiopiu.net\/wordpress\/wp-content\/uploads\/2020\/06\/download-22.jpg\" data-dt-img-description=\"\" data-large_image_width=\"259\" data-large_image_height=\"194\"><img loading=\"lazy\" decoding=\"async\" class=\"alignleft size-full wp-image-146005\" src=\"https:\/\/www.radiopiu.net\/wordpress\/wp-content\/uploads\/2020\/06\/download-22.jpg\" alt=\"\" width=\"259\" height=\"194\" \/><\/a>LIVINALLONGO<\/strong> Con sorpresa ma soprattutto stupore gli operatori turistici di Arabba nel pomeriggio hanno scoperto che da domani e per un mese il passo Campolongo doveva chiudere al traffico dalla parte del Comune di Corvara nel tratto tra Corvara e la zona del Planac, in altre parole impossibile andare da Arabba a Corvara sia per i lavoratori pendolari del turismo.\u00a0 La deviazione non \u00e8 quella della strada dell&#8217;orto, piuttosto\u00a0 attraverso i passi Pordoi, Sella, Gardena oppure Falzarego, Valparola. Subito la presa di posizione di chi opera nel turismo: <em>&#8220;Ci stiamo attivando come associazione turistica &#8211; anticipa il presidente di Arabba Fodom Turismo Manuel Roncat &#8211;\u00a0 per avere maggiori informazioni da parte delle autorit\u00e0 competenti per alternative di transito e informazioni per gli utenti siano essi residenti o turisti. Un&#8217;altra tegola in un momento gi\u00e0 difficile che non ci voleva&#8221;.\u00a0<\/em>Alle 19 Roncat comunica il dietro front:&#8221;<em>Immediato dietro front dell&#8217;assessorato ai lavori pubblici altoatesino, bolla l\u00b4informazione come un mero errore, niente piu chiusura del Passo, ulteriori informazioni a breve&#8221; annuncia il presidente di Arabba Fodom Turismo&#8221;.<\/em><\/p>\n<p><strong>SITO VIABILITA&#8217; ALLE 17<\/strong><\/p>\n<p><a class=\"dt-pswp-item\" href=\"https:\/\/www.radiopiu.net\/wordpress\/wp-content\/uploads\/2020\/06\/1894256f-f7ee-431c-a3e3-f7faf2749190.jpg\" data-dt-img-description=\"\" data-large_image_width=\"1599\" data-large_image_height=\"341\"><img loading=\"lazy\" decoding=\"async\" class=\"alignleft wp-image-146024 size-full\" src=\"https:\/\/www.radiopiu.net\/wordpress\/wp-content\/uploads\/2020\/06\/1894256f-f7ee-431c-a3e3-f7faf2749190.jpg\" alt=\"\" width=\"1599\" height=\"341\" srcset=\"https:\/\/www.radiopiu.net\/wordpress\/wp-content\/uploads\/2020\/06\/1894256f-f7ee-431c-a3e3-f7faf2749190.jpg 1599w, https:\/\/www.radiopiu.net\/wordpress\/wp-content\/uploads\/2020\/06\/1894256f-f7ee-431c-a3e3-f7faf2749190-300x64.jpg 300w, https:\/\/www.radiopiu.net\/wordpress\/wp-content\/uploads\/2020\/06\/1894256f-f7ee-431c-a3e3-f7faf2749190-1024x218.jpg 1024w, https:\/\/www.radiopiu.net\/wordpress\/wp-content\/uploads\/2020\/06\/1894256f-f7ee-431c-a3e3-f7faf2749190-768x164.jpg 768w, https:\/\/www.radiopiu.net\/wordpress\/wp-content\/uploads\/2020\/06\/1894256f-f7ee-431c-a3e3-f7faf2749190-1536x328.jpg 1536w\" sizes=\"auto, (max-width: 1599px) 100vw, 1599px\" \/><\/a><\/p>\n<p>&nbsp;<\/p>\n<p>&nbsp;<\/p>\n<p>&nbsp;<\/p>\n<hr \/>\n<h3><\/h3>\n<p>&nbsp;<\/p>\n<blockquote>\n<h3>IL NERO DELL&#8217;ASFALTO NON FA PER LA CICLABILE DA ALLEGHE A CAPRILE<\/h3>\n<\/blockquote>\n<p><strong>ALLEGHE<\/strong> Ne avevamo parlato molto a suo tempo, ma purtroppo non \u00e8 servito. Le idee della sovrintendente trovano oggi riscontro nella ripresa del cantiere. La bella pista ciclabile tra Alleghe e Caprile che era stata tirata come un &#8220;biliardo&#8221; con una asfalto gradevole per le ruote della bicicletta, le carrozzine e gli infradito in questi giorni viene di nuovo &#8220;graffiata&#8221; perch\u00e9 il colore nero stona con l&#8217;ambiente. Quanto \u00e8 costato quell&#8217;asfalto? Quanto cosa ora la nuova operazione? Non ce lo chiediamo solo noi, ma anche l&#8217;ex sindaco di Alleghe SIro De Biasio: &#8220;Ciclo-pedonale Alleghe-Caprile: un bell&#8217;esempio di come ti fanno sprecare i fondi pubblici&#8221; poche parole, significative.<\/p>\n\n\t\t\t<style type='text\/css'>\n\t\t\t\t#gallery-1 {\n\t\t\t\t\tmargin: auto;\n\t\t\t\t}\n\t\t\t\t#gallery-1 .gallery-item {\n\t\t\t\t\tfloat: left;\n\t\t\t\t\tmargin-top: 10px;\n\t\t\t\t\ttext-align: center;\n\t\t\t\t\twidth: 33%;\n\t\t\t\t}\n\t\t\t\t#gallery-1 img {\n\t\t\t\t\tborder: 2px solid #cfcfcf;\n\t\t\t\t}\n\t\t\t\t#gallery-1 .gallery-caption {\n\t\t\t\t\tmargin-left: 0;\n\t\t\t\t}\n\t\t\t\t\/* see gallery_shortcode() in wp-includes\/media.php *\/\n\t\t\t<\/style>\n\t\t<div id='gallery-1' class='dt-gallery-container gallery galleryid-145903 gallery-columns-3 gallery-size-medium'><dl class='gallery-item'>\n\t\t\t\t<dt class='gallery-icon portrait'>\n\t\t\t\t\t<a class=\"rollover\" href='https:\/\/www.radiopiu.net\/wordpress\/il-nero-dellasfalto-non-fa-per-la-ciclabile-da-alleghe-a-caprile\/15b70273-fc9c-48cf-a985-e85bc3948e68\/'><img loading=\"lazy\" decoding=\"async\" width=\"225\" height=\"300\" src=\"https:\/\/www.radiopiu.net\/wordpress\/wp-content\/uploads\/2020\/06\/15b70273-fc9c-48cf-a985-e85bc3948e68-225x300.jpg\" class=\"attachment-medium size-medium\" alt=\"\" srcset=\"https:\/\/www.radiopiu.net\/wordpress\/wp-content\/uploads\/2020\/06\/15b70273-fc9c-48cf-a985-e85bc3948e68-225x300.jpg 225w, https:\/\/www.radiopiu.net\/wordpress\/wp-content\/uploads\/2020\/06\/15b70273-fc9c-48cf-a985-e85bc3948e68-768x1024.jpg 768w, https:\/\/www.radiopiu.net\/wordpress\/wp-content\/uploads\/2020\/06\/15b70273-fc9c-48cf-a985-e85bc3948e68-1152x1536.jpg 1152w, https:\/\/www.radiopiu.net\/wordpress\/wp-content\/uploads\/2020\/06\/15b70273-fc9c-48cf-a985-e85bc3948e68.jpg 1200w\" sizes=\"auto, (max-width: 225px) 100vw, 225px\" \/><\/a>\n\t\t\t\t<\/dt><\/dl><dl class='gallery-item'>\n\t\t\t\t<dt class='gallery-icon portrait'>\n\t\t\t\t\t<a class=\"rollover\" href='https:\/\/www.radiopiu.net\/wordpress\/il-nero-dellasfalto-non-fa-per-la-ciclabile-da-alleghe-a-caprile\/d5112e12-c165-44df-bb33-bb3876d0562c\/'><img loading=\"lazy\" decoding=\"async\" width=\"225\" height=\"300\" src=\"https:\/\/www.radiopiu.net\/wordpress\/wp-content\/uploads\/2020\/06\/d5112e12-c165-44df-bb33-bb3876d0562c-225x300.jpg\" class=\"attachment-medium size-medium\" alt=\"\" srcset=\"https:\/\/www.radiopiu.net\/wordpress\/wp-content\/uploads\/2020\/06\/d5112e12-c165-44df-bb33-bb3876d0562c-225x300.jpg 225w, https:\/\/www.radiopiu.net\/wordpress\/wp-content\/uploads\/2020\/06\/d5112e12-c165-44df-bb33-bb3876d0562c-768x1024.jpg 768w, https:\/\/www.radiopiu.net\/wordpress\/wp-content\/uploads\/2020\/06\/d5112e12-c165-44df-bb33-bb3876d0562c-1152x1536.jpg 1152w, https:\/\/www.radiopiu.net\/wordpress\/wp-content\/uploads\/2020\/06\/d5112e12-c165-44df-bb33-bb3876d0562c.jpg 1200w\" sizes=\"auto, (max-width: 225px) 100vw, 225px\" \/><\/a>\n\t\t\t\t<\/dt><\/dl><dl class='gallery-item'>\n\t\t\t\t<dt class='gallery-icon portrait'>\n\t\t\t\t\t<a class=\"rollover\" href='https:\/\/www.radiopiu.net\/wordpress\/il-nero-dellasfalto-non-fa-per-la-ciclabile-da-alleghe-a-caprile\/7cf5e6b2-6460-4242-95d5-5bac7a551b02\/'><img loading=\"lazy\" decoding=\"async\" width=\"225\" height=\"300\" src=\"https:\/\/www.radiopiu.net\/wordpress\/wp-content\/uploads\/2020\/06\/7cf5e6b2-6460-4242-95d5-5bac7a551b02-225x300.jpg\" class=\"attachment-medium size-medium\" alt=\"\" srcset=\"https:\/\/www.radiopiu.net\/wordpress\/wp-content\/uploads\/2020\/06\/7cf5e6b2-6460-4242-95d5-5bac7a551b02-225x300.jpg 225w, https:\/\/www.radiopiu.net\/wordpress\/wp-content\/uploads\/2020\/06\/7cf5e6b2-6460-4242-95d5-5bac7a551b02-768x1024.jpg 768w, https:\/\/www.radiopiu.net\/wordpress\/wp-content\/uploads\/2020\/06\/7cf5e6b2-6460-4242-95d5-5bac7a551b02-1152x1536.jpg 1152w, https:\/\/www.radiopiu.net\/wordpress\/wp-content\/uploads\/2020\/06\/7cf5e6b2-6460-4242-95d5-5bac7a551b02.jpg 1200w\" sizes=\"auto, (max-width: 225px) 100vw, 225px\" \/><\/a>\n\t\t\t\t<\/dt><\/dl><br style=\"clear: both\" \/>\n\t\t\t<\/div>\n\n<p>&nbsp;<\/p>\n<blockquote><p>NOTIZIARIO DEL 14 OTTOBRE 2019, INTERVISTE AD ANDREA DE BERNARDIN SINDACO DI ROCCA PIETORE, SIRO DE BIASIO EX SINDACO DI ALLEGHE E INTERVENTO DEL DEPUTATO DARIO BOND. PURTROPPO NONOSTANTE CRITICHE, APPELLI, PROTESTE DELLA POPOLAZIONE L&#8217;APPELLO E&#8217; RIMASTO INASCOLTATO. CHI ABITA IL TERRITORIO NON COMANDA SUL TERRITORIO, RIMANE IL &#8220;SERVO&#8221; DELLE DECISIONI PRESE AI PIANI ALTI DA CHI IL TERRITORIO NON LO VIVE NON COME CHI DIMOSTRA DI CONOSCERLO E SPESSO LO DIFENDE COME IN QUESTA OCCASIONE<\/p><\/blockquote>\n<blockquote class=\"wp-embedded-content\" data-secret=\"l6dN0bdkrI\"><p><a href=\"https:\/\/www.radiopiu.net\/wordpress\/larte-di-pettinare-le-bambole-la-paura-di-esporsi\/\">L&#8217;ARTE DI PETTINARE LE BAMBOLE, LA PAURA\u00a0 DI ESPORSI.<\/a><\/p><\/blockquote>\n<p><iframe loading=\"lazy\" class=\"wp-embedded-content\" sandbox=\"allow-scripts\" security=\"restricted\" style=\"position: absolute; clip: rect(1px, 1px, 1px, 1px);\" title=\"&#8220;L&#8217;ARTE DI PETTINARE LE BAMBOLE, LA PAURA\u00a0 DI ESPORSI.&#8221; &#8212; Radio Pi\u00f9\" src=\"https:\/\/www.radiopiu.net\/wordpress\/larte-di-pettinare-le-bambole-la-paura-di-esporsi\/embed\/#?secret=l6dN0bdkrI\" data-secret=\"l6dN0bdkrI\" width=\"600\" height=\"338\" frameborder=\"0\" marginwidth=\"0\" marginheight=\"0\" scrolling=\"no\"><\/iframe><\/p>\n<p>&nbsp;<\/p>\n<p>&nbsp;<\/p>\n<p>&nbsp;<\/p>\n<hr \/>\n<p>&nbsp;<\/p>\n<blockquote>\n<h3>LA VALLE: INCONTRO CON VENETO STRADE PER LA RISTRUTTURAZIONE DEL PONTE MISSIAGA<\/h3>\n<\/blockquote>\n<p>&nbsp;<\/p>\n<p><a class=\"dt-pswp-item\" href=\"https:\/\/www.radiopiu.net\/wordpress\/wp-content\/uploads\/2020\/06\/b97068bd-f26a-40f5-a86d-44b08640f3f3.jpg\" data-dt-img-description=\"\" data-large_image_width=\"2048\" data-large_image_height=\"1154\"><img loading=\"lazy\" decoding=\"async\" class=\"alignleft size-medium wp-image-146001\" src=\"https:\/\/www.radiopiu.net\/wordpress\/wp-content\/uploads\/2020\/06\/b97068bd-f26a-40f5-a86d-44b08640f3f3-300x169.jpg\" alt=\"\" width=\"300\" height=\"169\" srcset=\"https:\/\/www.radiopiu.net\/wordpress\/wp-content\/uploads\/2020\/06\/b97068bd-f26a-40f5-a86d-44b08640f3f3-300x169.jpg 300w, https:\/\/www.radiopiu.net\/wordpress\/wp-content\/uploads\/2020\/06\/b97068bd-f26a-40f5-a86d-44b08640f3f3-1024x577.jpg 1024w, https:\/\/www.radiopiu.net\/wordpress\/wp-content\/uploads\/2020\/06\/b97068bd-f26a-40f5-a86d-44b08640f3f3-768x433.jpg 768w, https:\/\/www.radiopiu.net\/wordpress\/wp-content\/uploads\/2020\/06\/b97068bd-f26a-40f5-a86d-44b08640f3f3-1536x866.jpg 1536w, https:\/\/www.radiopiu.net\/wordpress\/wp-content\/uploads\/2020\/06\/b97068bd-f26a-40f5-a86d-44b08640f3f3.jpg 2048w\" sizes=\"auto, (max-width: 300px) 100vw, 300px\" \/><\/a><\/p>\n<p><a class=\"dt-pswp-item\" href=\"https:\/\/www.radiopiu.net\/wordpress\/wp-content\/uploads\/2020\/06\/930f480d-42fc-4c1a-b1ba-1c5d793fa628.jpg\" data-dt-img-description=\"\" data-large_image_width=\"2048\" data-large_image_height=\"1154\"><img loading=\"lazy\" decoding=\"async\" class=\"alignleft size-medium wp-image-146002\" src=\"https:\/\/www.radiopiu.net\/wordpress\/wp-content\/uploads\/2020\/06\/930f480d-42fc-4c1a-b1ba-1c5d793fa628-300x169.jpg\" alt=\"\" width=\"300\" height=\"169\" srcset=\"https:\/\/www.radiopiu.net\/wordpress\/wp-content\/uploads\/2020\/06\/930f480d-42fc-4c1a-b1ba-1c5d793fa628-300x169.jpg 300w, https:\/\/www.radiopiu.net\/wordpress\/wp-content\/uploads\/2020\/06\/930f480d-42fc-4c1a-b1ba-1c5d793fa628-1024x577.jpg 1024w, https:\/\/www.radiopiu.net\/wordpress\/wp-content\/uploads\/2020\/06\/930f480d-42fc-4c1a-b1ba-1c5d793fa628-768x433.jpg 768w, https:\/\/www.radiopiu.net\/wordpress\/wp-content\/uploads\/2020\/06\/930f480d-42fc-4c1a-b1ba-1c5d793fa628-1536x866.jpg 1536w, https:\/\/www.radiopiu.net\/wordpress\/wp-content\/uploads\/2020\/06\/930f480d-42fc-4c1a-b1ba-1c5d793fa628.jpg 2048w\" sizes=\"auto, (max-width: 300px) 100vw, 300px\" \/><\/a><\/p>\n<p>&nbsp;<\/p>\n<p>&nbsp;<\/p>\n<p>&nbsp;<\/p>\n<p>&nbsp;<\/p>\n<p>&nbsp;<\/p>\n<p>&nbsp;<\/p>\n<p>&nbsp;<\/p>\n<h2>di Gianni Santomaso<\/h2>\n<audio class=\"wp-audio-shortcode\" id=\"audio-145903-1\" preload=\"none\" style=\"width: 100%;\" controls=\"controls\"><source type=\"audio\/mpeg\" src=\"https:\/\/www.radiopiu.net\/wordpress\/wp-content\/uploads\/2020\/06\/GIANNI-PONTE-MISIAGA-LA-VALLE.mp3?_=1\" \/><a href=\"https:\/\/www.radiopiu.net\/wordpress\/wp-content\/uploads\/2020\/06\/GIANNI-PONTE-MISIAGA-LA-VALLE.mp3\">https:\/\/www.radiopiu.net\/wordpress\/wp-content\/uploads\/2020\/06\/GIANNI-PONTE-MISIAGA-LA-VALLE.mp3<\/a><\/audio>\n<p>&nbsp;<\/p>\n<p>&nbsp;<\/p>\n<hr \/>\n<p>&nbsp;<\/p>\n<blockquote>\n<h3>L&#8217;ULTIMA SFIDA SUI TRASPORTI: TRENI A PIENO CARICO COME NEL RESTO DELL&#8217;EUROPA. &#8220;IN AUTO I NON CONVIVENTI VIAGGIANO ASSIEME CON LA MASCHERINA, PERCHE&#8217; NON POSSONO FARLO IN AUTOBUS?&#8221;<\/h3>\n<\/blockquote>\n<p><strong>di Mirko Mezzacasa<\/strong><\/p>\n<ul>\n<li>Governo-Regione lo scontro \u00e8 continuo, ad ogni occasione parte il braccio di ferro <em>&#8220;Non voglio fare prove di forza&#8221;<\/em> dice sempre il presidente Luca Zaia,\u00a0 ma al momento di tirare le somme esce la muscolatura. Dopo il caso della laurea di medicina e chirurgia a Treviso si sale in treno. Il tema trasporti \u00e8 infatti l&#8217;ultima arena in cui si dipana lo scontro con il Governo Conte, anzi con il Ministro dei trasporti De Micheli che non cambia molto. Quest&#8217;ultimo ha decretato che i treni devono dimezzare la capienza del trasporto pubblico locale quindi treni, autobus, vaporetti e tram nelle citt\u00e0. Ovvio che la decisione ha portato a una serie infinita di problemi, i mezzi pubblici viaggiano con met\u00e0 del carico ma le aziende non hanno raddoppiato i mezzi, non ne hanno la possibilit\u00e0. C&#8217;\u00e8 chi arriva in ritardo al lavoro, chi rimane appiedato e chi deve ricorrere ai mezzi privati. <em>&#8220;Per questo &#8211; ha detto Zaia &#8211; stiamo inviando al comitato tecnico scientifico una proposta di ordinanza per il trasporto pubblico, gi\u00e0 lo abbiamo fatto per quello privato. E&#8217; un&#8217;ordinanza che non va d&#8217;accordo con il DPCM. Prevediamo di tornare alla capienza originale quindi secondo l&#8217;omologazione prevista senza distanziamenti, senza riduzione, ma obbligando ad indossare la mascherina. Questo succede in tutta Europa&#8221;. <\/em>Il Governo di prepara a discure con Regioni e Sindacati il tema scuola, l&#8217;intenzione ripartire a settembre con la divisione delle classi, l&#8217;ingresso per turni, lo studio on line. In previsione la riprogettazione degli spazi nelle aule e l&#8217;uso delle mascherine nelle citt\u00e0 pi\u00f9 a rischio. Riapertura prevista per il 1 settembre, sui banchi di scuola gli studenti impegnati nei recuperi, per tutti gli altri lo start il 14 settembre e il 20 tutti a casa per l&#8217;election day perch\u00e9 i plessi scolastici diventeranno sede dei seggi poich\u00e9 al Viminale non ci sentono di trovare soluzioni alternative. I presidi saranno caricati di nuove ed importante responsabilit\u00e0. Con il 30 giugno termina l&#8217;appuntamento quotidiano con le conferenze stampa di Luca Zaia che tra l&#8217;altro non sono previste n\u00e8 per sabato n\u00e8 per domenica. Ieri in conferenza stampa a Marghera il dottor Vincenzo Baldo ordinario di igiene all&#8217;universit\u00e0 di Padova. Ha spiegato l&#8217;importanza di continuare a seguire le regole nel giorno in cui in Veneto si registra un decesso e un aumento di positivi (+2). <em>&#8220;La prevenzione &#8211; ha detto &#8211; \u00e8 l&#8217;unica arma a nostra disposizione. C&#8217;\u00e8 una riduzione dei contagi, lo confermano i dati, ma le previsioni su quella che ci aspetta non sono possibili. Il virus potrebbe scomparire come tornare, in attesa del vaccino non ci resta che seguire le regole&#8221;.<\/em> Dal 1 luglio saranno organizzate alla bisogna, ma in vista delle elezioni il presidente non dovr\u00e0 dimenticare il periodo della quarantena da par condicio dove dirette e conferenze stampa non sono ammesse. I numeri: ieri in Italia 18 morti, lo stesso numero del 2 marzo nei giorni dell&#8217;epidemia, 115 i pazienti in rianimazione e 122 positivi su 40 mila tamponi. In Veneto sono 560 gli attualmente positivi, ovvero 20 in meno rispetto a lunedi. <strong>I NUMERI\u00a0 IN VENETO:<\/strong> TOTALE POSITIVI\u00a0 19251\u00a0 (+2)\u00a0 ATTUALMENTE POSITIVI 560 (-20)\u00a0 DECESSI \u00a02004 (+0)\u00a0 NEGATIVIZZATI 16687 (+21) IN ISOLAMENTO 758 (-75)\u00a0 RICOVERATI\u00a0 217 (-5\u00a0 29 POSITIVI,\u00a0 \u00a0188\u00a0 NEGATIVIZZATI), NEGLI OSPEDALI DI COMUNITA\u2019 RICOVERATI 33\u00a0 (6 POSITIVI,\u00a0 27 NEGATIVIZZATI), IN TERAPIA INTENSIVA 11 (1 POSITIVI,\u00a0 10 NEGATIVIZZATI). DIMESSI 3551 (+4)\u00a0<strong>I NUMERI IN PROVINCIA:<\/strong> TOTALE CONTAGI 1185 (0) , ATTUALMENTE POSITIVI 32\u00a0 (-2) , DECEDUTI 112 (0), NEGATIVIZZATI\u00a0 1041 (+2) ISOLAMENTO DOMICILIARE 49\u00a0 (-7) RICOVERATI IN OSPEDALE AL SAN MARTINO 2 (0)<\/li>\n<\/ul>\n<p>&nbsp;<\/p>\n<p>&nbsp;<\/p>\n<p>&nbsp;<\/p>\n<hr \/>\n<blockquote class=\"wp-embedded-content\" data-secret=\"9rS75vOkyH\"><p><a href=\"https:\/\/www.radiopiu.net\/wordpress\/coronavirus23\/\">CORONAVIRUS: AGGIORNAMENTO NAZIONALE 23 GIUGNO<\/a><\/p><\/blockquote>\n<p><iframe loading=\"lazy\" class=\"wp-embedded-content\" sandbox=\"allow-scripts\" security=\"restricted\" style=\"position: absolute; clip: rect(1px, 1px, 1px, 1px);\" title=\"&#8220;CORONAVIRUS: AGGIORNAMENTO NAZIONALE 23 GIUGNO&#8221; &#8212; Radio Pi\u00f9\" src=\"https:\/\/www.radiopiu.net\/wordpress\/coronavirus23\/embed\/#?secret=9rS75vOkyH\" data-secret=\"9rS75vOkyH\" width=\"600\" height=\"338\" frameborder=\"0\" marginwidth=\"0\" marginheight=\"0\" scrolling=\"no\"><\/iframe><\/p>\n<blockquote class=\"wp-embedded-content\" data-secret=\"BTnDmCRwIA\"><p><a href=\"https:\/\/www.radiopiu.net\/wordpress\/23-giugno\/\">BOLLETTINO  23 GIUGNO ORE 17: 1 decesso, 75 persone in meno in isolamento, 5 pazienti lasciano l&#8217;ospedale<\/a><\/p><\/blockquote>\n<p><iframe loading=\"lazy\" class=\"wp-embedded-content\" sandbox=\"allow-scripts\" security=\"restricted\" style=\"position: absolute; clip: rect(1px, 1px, 1px, 1px);\" title=\"&#8220;BOLLETTINO  23 GIUGNO ORE 17: 1 decesso, 75 persone in meno in isolamento, 5 pazienti lasciano l&#8217;ospedale&#8221; &#8212; Radio Pi\u00f9\" src=\"https:\/\/www.radiopiu.net\/wordpress\/23-giugno\/embed\/#?secret=BTnDmCRwIA\" data-secret=\"BTnDmCRwIA\" width=\"600\" height=\"338\" frameborder=\"0\" marginwidth=\"0\" marginheight=\"0\" scrolling=\"no\"><\/iframe><\/p>\n<hr \/>\n<h3><\/h3>\n<blockquote>\n<h3>CONFERENZA STAMPA DEL PRESIDENTE DEL VENETO LUCA ZAIA 23 GIUGNO 2020<\/h3>\n<\/blockquote>\n<p>TRASPORTO PUBBLICO in arrivo l&#8217;ordinanza che cozza con il Dpcm, treni e bus senza riduzione di passeggeri, ma con gli l&#8217;uso della mascherina. Si esprimer\u00e0 il comitato tecnico scientifico CASSA INTEGRAZIONE problemi per i lavoratori veneti. La parte istruttoria \u00e8 stata fatta da parte della Regione e dell&#8217;Inps regionale, in attesa dell&#8217;erogatore. A CACCIA DEI TEDESCHI Contiamo di poter partire con la campagna nelle tv internazionali e locali, coscienti del fatto che la maggioranza delle presenze turistiche in Veneto sono stranieri. Andremo con gli spot in Germania nelle previsioni METEO. MEDICINA A TREVISO si aprono le porte della Corte Costituzionale a difendere la nostra decisione e il corso di laurea, di certo l&#8217;anno accademico si aprir\u00e0 regolarmente.<\/p>\n<div align=\"center\">\n<p dir=\"ltr\" style=\"text-align: left;\">\u00a0Ospite il dottor Vincenzo\u00a0 Baldo Ordinario di igiene e medicina preventiva, \u00e8 nel comitato tecnico scientifico del Venet \u00abIl Covid \u00e8 stato un problema nuovo e ha fatto reagire un sistema: e la reazione, partita quasi da zero, \u00e8 stata importante e l&#8217;evoluzione del virus \u00e8 stata molto veloce. Questo virus ha dimostrato di essere virulento\u00a0Le misure sono il distanziamento, la mascherina, l&#8217;igiene respiratoria e delle mani. Situazioni del genere oramai sono diventate cicliche\u00bb Servono studi corretti e adeguati, noi abbiamo qualcosa di nuovo e di conseguenza il dibattito scientifico che si sta aprendo deve essere costruttivo e dare informazioni, oggi siamo in una situazione di riduzione dei casi, ma la circolazione virale esiste ancora, quindi non bisogna abbassare il livello di attenzione.<br \/>\nEsiste un piano autunnale? Dipende da cosa accade dal puto di vista dell&#8217;epidemia. Il serbatoio del virus \u00e8 l&#8217;uomo, possono essere gli asintomatici e non, il Covid continua ad essere cos\u00ec presente nella societ\u00e0, si nasconde nell&#8217;uomo.\u00a0Per prevenirla serve il vaccini. Durante l&#8217;estate non va persa la percezione di un qualcosa che potrebbe tornare, come non lo sappiamo, ci sono vari scenari. Con una ondata molto importante come l&#8217;influenza o in maniera blanda, non sappiamo cosa succeder\u00e0, ma dobbiamo essere pronti ad affrontare un ritorno. La sorveglianza con i tamponi \u00e8 molto importate per riuscire ad agire in modo immediato e localizzato.<\/p>\n<\/div>\n<p>https:\/\/www.facebook.com\/zaiaufficiale\/videos\/308080120585274<\/p>\n<p>&nbsp;<\/p>\n<p>&nbsp;<\/p>\n<hr \/>\n<p>&nbsp;<\/p>\n<p>&nbsp;<\/p>\n<blockquote>\n<h3>L&#8217;ENERGIA GRATUITA DELLE GRANDI DERIVAZIONI AD USO IDROELETTRICO DA IERI \u00c8 LEGGE.<\/h3>\n<\/blockquote>\n<p><strong><a class=\"dt-pswp-item\" href=\"https:\/\/www.radiopiu.net\/wordpress\/wp-content\/uploads\/2020\/03\/BOTTACIN-CONFERENZA-STAMPA.jpg\" data-dt-img-description=\"\" data-large_image_width=\"960\" data-large_image_height=\"691\"><img loading=\"lazy\" decoding=\"async\" class=\"alignleft wp-image-125103\" src=\"https:\/\/www.radiopiu.net\/wordpress\/wp-content\/uploads\/2020\/03\/BOTTACIN-CONFERENZA-STAMPA-300x216.jpg\" alt=\"\" width=\"158\" height=\"114\" srcset=\"https:\/\/www.radiopiu.net\/wordpress\/wp-content\/uploads\/2020\/03\/BOTTACIN-CONFERENZA-STAMPA-300x216.jpg 300w, https:\/\/www.radiopiu.net\/wordpress\/wp-content\/uploads\/2020\/03\/BOTTACIN-CONFERENZA-STAMPA-768x553.jpg 768w, https:\/\/www.radiopiu.net\/wordpress\/wp-content\/uploads\/2020\/03\/BOTTACIN-CONFERENZA-STAMPA.jpg 960w\" sizes=\"auto, (max-width: 158px) 100vw, 158px\" \/><\/a>VENEZIA\u00a0<\/strong> Con il passaggio finale in aula consiliare \u00e8 diventata a tutti gli effetti legge la proposta promossa dall&#8217;assessore alla difesa del suolo Gianpaolo Bottacin intitolata \u201cPrime disposizioni in materia di grandi derivazioni ad uso idroelettrico\u201d. Dopo l&#8217;approvazione in sede redigente da parte della Commissione consiliare competente, avvenuta nelle scorse settimane, oggi il Consiglio Regionale ha votato a maggioranza (30 a favore, 12 astenuti e 2 contrari) il testo definitivo della normativa. <em>&#8220;E&#8217; una svolta epocale &#8211; afferma l&#8217;assessore &#8211; perch\u00e9 con questa legge viene sancito l&#8217;obbligo per i titolari di grandi derivazioni idroelettriche di fornire ogni anno a titolo gratuito alla Regione 220 kilowattora di energia elettrica per ogni kw di potenza nominale media di concessione&#8221;. <\/em>Risorse importanti, quantificabili in diversi milioni di euro, che potranno essere destinate al territorio per coprire specifiche necessit\u00e0. La legge infatti prevede la fornitura di energia, ma anche, su eventuale indicazione della Giunta regionale, la possibilit\u00e0 di monetizzare il valore equivalente di tale energia. <em>\u201cSi tratta di sostegni finanziari preziosi &#8211; dettaglia Bottacin \u2013 che saranno dedicati a servizi pubblici e a specifiche categorie di utenti dei territori provinciali interessati dalle derivazioni&#8221;. <\/em>Nell&#8217;individuazione delle tipologie di servizi pubblici sar\u00e0 data priorit\u00e0 ai servizi sanitari, assistenziali, scolastici, ambientali, di protezione civile, ma anche al trasporto pubblico locale, allo sport e ad attivit\u00e0 ricreative.<\/p>\n<p>&nbsp;<\/p>\n<blockquote>\n<h3>PD ASTENUTO &#8220;LEGGE CARENTE SULLA PARTE AMBIENTALE&#8221;<\/h3>\n<\/blockquote>\n<p><strong><a class=\"dt-pswp-item\" href=\"https:\/\/www.radiopiu.net\/wordpress\/wp-content\/uploads\/2020\/04\/GRAZIANO-AZZALIN.jpg\" data-dt-img-description=\"\" data-large_image_width=\"287\" data-large_image_height=\"176\"><img loading=\"lazy\" decoding=\"async\" class=\"alignleft wp-image-128505\" src=\"https:\/\/www.radiopiu.net\/wordpress\/wp-content\/uploads\/2020\/04\/GRAZIANO-AZZALIN.jpg\" alt=\"\" width=\"220\" height=\"135\" \/><\/a>VENEZIA<\/strong> <em>\u201cServiva un Pdl organico e invece \u00e8 arrivato in aula un provvedimento incompleto e carente per la parte ambientale. Alcune nostre proposte sono state accolte, altre rinviate e dunque abbiamo deciso di astenerci\u201d.<\/em> Cos\u00ec Andrea Zanoni, correlatore del Pdl 486. <em>\u201cEra un progetto atteso da tempo, che prevede il passaggio di questi impianti alla propriet\u00e0 pubblica alla scadenza delle autorizzazioni e stabilisce i proventi che i concessionari dovranno destinare al servizio pubblico. In Veneto &#8211; ha ricordato &#8211; gli impianti sono 32, la maggior parte collocati nel Bellunese. Un numero consistente, per cui serviva un progetto di legge pi\u00f9 strutturato. Questo, invece, \u00e8 carente per la parte ambientale. Non vengono trattate alcune problematicit\u00e0, dal deflusso minimo vitale al deflusso ecologico, fino alla questione dell\u2019ittiofauna. Eppure nel corso della legislatura le associazioni dei pescatori hanno pi\u00f9 volte chiesto l\u2019intervento dell\u2019autorit\u00e0 pubblica, perch\u00e9 alcune manutenzioni hanno portato a un\u2019importante liberazione di fanghi con un altrettanto importante moria di pesci, episodi su cui ci sono stati atti ispettivi da parte nostra,<\/em>\u00a0\u00a0<em>avevamo chiesto che venisse assegnata una percentuale di energia elettrica alla provincia di Belluno pari al 100%, richiesta accolta sebbene con sfumature diverse, di inserire per quanto riguarda la destinazione dei benefici dell\u2019energia elettrica anche la loro condizionalit\u00e0 al miglioramento ambientale, di prevedere dei sistemi di telecontrollo&#8221;<\/em> Proposte non accolte e che saranno valutate nell\u2019ambito del Pdl 505 presentato dalla Giunta.\u00a0 <em>&#8220;Peccato -conclude Zanoni &#8211; visti i tempi, quel Pdl non verr\u00e0 mai discusso in questa legislatura\u201d.<\/em><\/p>\n<p>&nbsp;<\/p>\n<p>&nbsp;<\/p>\n<hr \/>\n<p>&nbsp;<\/p>\n<p>&nbsp;<\/p>\n<blockquote>\n<h3>SMART WORKING: DONAZZAN, \u201cDALL\u2019EMERGENZA COVID A UN NUOVO MODELLO DI ORGANIZZAZIONE<\/h3>\n<\/blockquote>\n<p><strong><a class=\"dt-pswp-item\" href=\"https:\/\/www.radiopiu.net\/wordpress\/wp-content\/uploads\/2016\/02\/l43-donazzan-150526182134_medium.jpg\" data-dt-img-description=\"\" data-large_image_width=\"420\" data-large_image_height=\"315\"><img loading=\"lazy\" decoding=\"async\" class=\"alignleft wp-image-17008\" src=\"https:\/\/www.radiopiu.net\/wordpress\/wp-content\/uploads\/2016\/02\/l43-donazzan-150526182134_medium-300x225.jpg\" alt=\"\" width=\"155\" height=\"116\" \/><\/a>VENEZIA<\/strong>\u00a0 Nei due mesi di lockdown il 73 per cento del personale delle Regioni e degli enti locali ha lavorato da remoto: una sperimentazione forzata, che ha fatto decollare lo smart working oltre ogni previsione, e che ora la Regione Veneto vuole valorizzare e consolidare. Questo l\u2019obiettivo del bando promosso dall\u2019assessorato regionale al Lavoro che stanzia 2 milioni di euro del programma operativo FSE per promuovere la riorganizzazione dei processi lavorativi nella PA, rafforzare la cultura digitale dei lavoratori, ridisegnare gli spazi fisici, incrementare le diverse competenze e, soprattutto, potenziare la dotazione strumentale a supporto. Potranno concorrere al bando le amministrazioni pubbliche e gli enti di formazione accreditati. I progetti, possibilmente in partenariato, vanno presentati alla Regione entro il prossimo 30 luglio. <em>\u201cUsciamo dall\u2019emergenza, facendo tesoro di quanto la Pubblica Amministrazione ha sperimentato e innovato \u2013 dichiara l\u2019assessore regionale al lavoro Elena Donazzan \u2013 Il Veneto sta gi\u00e0 sperimentando dal 2018 il lavoro agile, con quasi un centinaio di lavoratori in modalit\u00e0 \u2018smart\u2019, avendo aderito al progetto europeo \u2018Vela\u2019 insieme ad alcune regioni pilota. Grazie agli investimenti digitali fatti, e al grande senso di responsabilit\u00e0 messo in campo da dipendenti e dirigenti che nei mesi di lockdown hanno lavorato da remoto, la Regione ha dato continuit\u00e0 ai propri compiti istituzionali. Ora vogliamo valorizzare questa esperienza, che ha scalfito luoghi comuni e contribuito a superare molti pre-giudizi<\/em>.<\/p>\n<p>&nbsp;<\/p>\n<p>&nbsp;<\/p>\n<p>&nbsp;<\/p>\n<hr \/>\n<blockquote>\n<h3><\/h3>\n<h3>CONSIGLIO COMUNALE AD AGORDO<\/h3>\n<\/blockquote>\n<p><a class=\"dt-pswp-item\" href=\"https:\/\/www.radiopiu.net\/wordpress\/wp-content\/uploads\/2020\/03\/CONSIGLIO-AGORDO.jpg\" data-dt-img-description=\"\" data-large_image_width=\"1477\" data-large_image_height=\"832\"><img loading=\"lazy\" decoding=\"async\" class=\"size-medium wp-image-122996 alignleft\" src=\"https:\/\/www.radiopiu.net\/wordpress\/wp-content\/uploads\/2020\/03\/CONSIGLIO-AGORDO-300x169.jpg\" alt=\"\" width=\"300\" height=\"169\" srcset=\"https:\/\/www.radiopiu.net\/wordpress\/wp-content\/uploads\/2020\/03\/CONSIGLIO-AGORDO-300x169.jpg 300w, https:\/\/www.radiopiu.net\/wordpress\/wp-content\/uploads\/2020\/03\/CONSIGLIO-AGORDO-1024x577.jpg 1024w, https:\/\/www.radiopiu.net\/wordpress\/wp-content\/uploads\/2020\/03\/CONSIGLIO-AGORDO-768x433.jpg 768w, https:\/\/www.radiopiu.net\/wordpress\/wp-content\/uploads\/2020\/03\/CONSIGLIO-AGORDO.jpg 1477w\" sizes=\"auto, (max-width: 300px) 100vw, 300px\" \/><\/a><\/p>\n<p>&nbsp;<\/p>\n<p>&nbsp;<\/p>\n<p>&nbsp;<\/p>\n<p>di Gianni Santomaso<\/p>\n<audio class=\"wp-audio-shortcode\" id=\"audio-145903-2\" preload=\"none\" style=\"width: 100%;\" controls=\"controls\"><source type=\"audio\/mpeg\" src=\"https:\/\/www.radiopiu.net\/wordpress\/wp-content\/uploads\/2020\/06\/GIANNI-CONSIGLIO-COMUNALE-AGORDO.mp3?_=2\" \/><a href=\"https:\/\/www.radiopiu.net\/wordpress\/wp-content\/uploads\/2020\/06\/GIANNI-CONSIGLIO-COMUNALE-AGORDO.mp3\">https:\/\/www.radiopiu.net\/wordpress\/wp-content\/uploads\/2020\/06\/GIANNI-CONSIGLIO-COMUNALE-AGORDO.mp3<\/a><\/audio>\n<p>&nbsp;<\/p>\n<p>&nbsp;<\/p>\n<p>&nbsp;<\/p>\n<hr \/>\n<p>&nbsp;<\/p>\n<blockquote>\n<h3>246\u00b0 ANNIVERSARIO DELLA FONDAZIONE DELLA GUARDIA DI FINANZA: BILANCIO OPERATIVO DEL 2019 E DELL\u2019EMERGENZA DA \u201cCOVID-19\u201d<\/h3>\n<\/blockquote>\n<p><strong><a class=\"dt-pswp-item\" href=\"https:\/\/www.radiopiu.net\/wordpress\/wp-content\/uploads\/2020\/06\/IMG_0211-scaled.jpg\" data-dt-img-description=\"\" data-large_image_width=\"2560\" data-large_image_height=\"1707\"><img loading=\"lazy\" decoding=\"async\" class=\"alignleft wp-image-145985\" src=\"https:\/\/www.radiopiu.net\/wordpress\/wp-content\/uploads\/2020\/06\/IMG_0211-300x200.jpg\" alt=\"\" width=\"278\" height=\"185\" srcset=\"https:\/\/www.radiopiu.net\/wordpress\/wp-content\/uploads\/2020\/06\/IMG_0211-300x200.jpg 300w, https:\/\/www.radiopiu.net\/wordpress\/wp-content\/uploads\/2020\/06\/IMG_0211-1024x683.jpg 1024w, https:\/\/www.radiopiu.net\/wordpress\/wp-content\/uploads\/2020\/06\/IMG_0211-768x512.jpg 768w, https:\/\/www.radiopiu.net\/wordpress\/wp-content\/uploads\/2020\/06\/IMG_0211-1536x1024.jpg 1536w, https:\/\/www.radiopiu.net\/wordpress\/wp-content\/uploads\/2020\/06\/IMG_0211-2048x1365.jpg 2048w\" sizes=\"auto, (max-width: 278px) 100vw, 278px\" \/><\/a>BELLUNO<\/strong> Nella mattinata di ieri, a Belluno, presso il Comando Provinciale di via Mezzaterra, \u00e8 stato celebrato il 246\u00b0 Anniversario della Fondazione del Corpo della Guardia di Finanza. La sobria cerimonia ha visto la partecipazione del Prefetto di Belluno, Dott.ssa Adriana Cogode ed i Comandanti di Reparto della Provincia di Belluno. La ricorrenza dell\u2019Anniversario di Fondazione \u00e8 l\u2019occasione per tracciare il bilancio dell\u2019attivit\u00e0 svolta dalle Fiamme Gialle della provincia di Belluno nell\u2019anno 2019 e nei primi cinque mesi del 2020. L\u2019azione di servizio si \u00e8 sviluppata attraverso la realizzazione di 49 Piani Operativi, diretti all\u2019aggressione delle pi\u00f9 dannose e pericolose manifestazioni di illegalit\u00e0 economico-finanziaria nella provincia di Belluno. <em><b>LOTTA ALL\u2019EVASIONE, ALL\u2019ELUSIONE ED <a class=\"dt-pswp-item\" href=\"https:\/\/www.radiopiu.net\/wordpress\/wp-content\/uploads\/2020\/06\/DSC_0023-scaled.jpg\" data-dt-img-description=\"\" data-large_image_width=\"2560\" data-large_image_height=\"1700\"><img loading=\"lazy\" decoding=\"async\" class=\" wp-image-145986 alignright\" src=\"https:\/\/www.radiopiu.net\/wordpress\/wp-content\/uploads\/2020\/06\/DSC_0023-300x199.jpg\" alt=\"\" width=\"232\" height=\"154\" srcset=\"https:\/\/www.radiopiu.net\/wordpress\/wp-content\/uploads\/2020\/06\/DSC_0023-300x199.jpg 300w, https:\/\/www.radiopiu.net\/wordpress\/wp-content\/uploads\/2020\/06\/DSC_0023-1024x680.jpg 1024w, https:\/\/www.radiopiu.net\/wordpress\/wp-content\/uploads\/2020\/06\/DSC_0023-768x510.jpg 768w, https:\/\/www.radiopiu.net\/wordpress\/wp-content\/uploads\/2020\/06\/DSC_0023-1536x1020.jpg 1536w, https:\/\/www.radiopiu.net\/wordpress\/wp-content\/uploads\/2020\/06\/DSC_0023-2048x1360.jpg 2048w\" sizes=\"auto, (max-width: 232px) 100vw, 232px\" \/><\/a>ALLE FRODI FISCALI <\/b><\/em>L\u2019attivit\u00e0 operativa nel settore del contrasto all\u2019evasione si \u00e8 concretizzata nell\u2019esecuzione di 170 tra verifiche e controlli fiscali, con la scoperta di 24 evasori totali. Sono stati scoperti 51 lavoratori \u201cin nero\u201d o irregolari, accertando la responsabilit\u00e0 di 13 datori di lavoro e la denuncia all\u2019Autorit\u00e0 Giudiziaria di 7 persone per reati fiscali. Sono state sottoposte a sequestro preventivo per equivalente, per reati tributari, disponibilit\u00e0 finanziarie presso istituti di credito per 331.552 euro.\u00a0<em><b>CONTRASTO AGLI ILLECITI NEL SETTORE\u00a0<\/b><b>DELLA TUTELA DELLA SPESA PUBBLICA <\/b><\/em>Sono stati denunciati a piede libero all\u2019Autorit\u00e0 Giudiziaria 2 soggetti, per usura, per un valore di\u00a0 214.000 euro. Sono stati effettuati 21 controlli volti a verificare la sussistenza dei requisiti di legge previsti per l\u2019erogazione di prestazioni sociali agevolate, con percentuali di irregolarit\u00e0 pari al 24% dei casi, e 21 controlli per l\u2019esenzione del <i>tic<\/i><i>k<\/i><i>et <\/i>sanitario, con percentuali di irregolarit\u00e0 pari al 62% <a class=\"dt-pswp-item\" href=\"https:\/\/www.radiopiu.net\/wordpress\/wp-content\/uploads\/2020\/06\/DSC_0024-scaled.jpg\" data-dt-img-description=\"\" data-large_image_width=\"2560\" data-large_image_height=\"1700\"><img loading=\"lazy\" decoding=\"async\" class=\"alignleft wp-image-145987\" src=\"https:\/\/www.radiopiu.net\/wordpress\/wp-content\/uploads\/2020\/06\/DSC_0024-300x199.jpg\" alt=\"\" width=\"267\" height=\"177\" srcset=\"https:\/\/www.radiopiu.net\/wordpress\/wp-content\/uploads\/2020\/06\/DSC_0024-300x199.jpg 300w, https:\/\/www.radiopiu.net\/wordpress\/wp-content\/uploads\/2020\/06\/DSC_0024-1024x680.jpg 1024w, https:\/\/www.radiopiu.net\/wordpress\/wp-content\/uploads\/2020\/06\/DSC_0024-768x510.jpg 768w, https:\/\/www.radiopiu.net\/wordpress\/wp-content\/uploads\/2020\/06\/DSC_0024-1536x1020.jpg 1536w, https:\/\/www.radiopiu.net\/wordpress\/wp-content\/uploads\/2020\/06\/DSC_0024-2048x1360.jpg 2048w\" sizes=\"auto, (max-width: 267px) 100vw, 267px\" \/><\/a>dei casi. <em><b>CONTRASTO ALLA CRIMINALITA\u2019 ECONOMICO-FINANZIARIA\u00a0<\/b><b>ANCHE ORGANIZZATA <\/b>S<\/em>ono state approfondite 25 segnalazioni di operazioni finanziarie sospette. Sono stati denunciati 3 soggetti, per peculato, per un valore complessivo di 744.607 euro. <em><b>TUTELA DEI CONSUMATORI <\/b><\/em>Sono stati sequestrati 2.199 prodotti contraffatti o non conformi alla disciplina sulla tutela del \u201cmade in Italy\u201d o sulla sicurezza prodotti, nei settori abbigliamento e accessori, calzature, prodotti di profumeria e giocattoli, con il deferimento all\u2019Autorit\u00e0 Giudiziaria di 2 responsabili. <em><b>CONTROLLO DEL TERRITORIO E CONTRASTO AI TRAFFICI ILLECITI <\/b><\/em>Sono stati condotti 1.386 interventi nell\u2019ambito del controllo economico del territorio. Tra questi, si segnalano, in <a class=\"dt-pswp-item\" href=\"https:\/\/www.radiopiu.net\/wordpress\/wp-content\/uploads\/2020\/06\/DSC_0090-scaled.jpg\" data-dt-img-description=\"\" data-large_image_width=\"2560\" data-large_image_height=\"1700\"><img loading=\"lazy\" decoding=\"async\" class=\"size-medium wp-image-145989 alignright\" src=\"https:\/\/www.radiopiu.net\/wordpress\/wp-content\/uploads\/2020\/06\/DSC_0090-300x199.jpg\" alt=\"\" width=\"300\" height=\"199\" srcset=\"https:\/\/www.radiopiu.net\/wordpress\/wp-content\/uploads\/2020\/06\/DSC_0090-300x199.jpg 300w, https:\/\/www.radiopiu.net\/wordpress\/wp-content\/uploads\/2020\/06\/DSC_0090-1024x680.jpg 1024w, https:\/\/www.radiopiu.net\/wordpress\/wp-content\/uploads\/2020\/06\/DSC_0090-768x510.jpg 768w, https:\/\/www.radiopiu.net\/wordpress\/wp-content\/uploads\/2020\/06\/DSC_0090-1536x1020.jpg 1536w, https:\/\/www.radiopiu.net\/wordpress\/wp-content\/uploads\/2020\/06\/DSC_0090-2048x1360.jpg 2048w\" sizes=\"auto, (max-width: 300px) 100vw, 300px\" \/><\/a>particolare, quelli svolti in materia di controlli sulla regolare emissione dello scontrino fiscale (965), di trasporto merci su strada (311, di cui 87 nel settore della circolazione dei prodotti sottoposti ad accise), nonch\u00e9 in materia di indici di capacit\u00e0 contributiva (42), cio\u00e8 controlli su strada ai possessori di autovetture di lusso, per poi verificare che questi dichiarino redditi congrui al tenore di vita. Sono 26 gli interventi effettuati presso sale giochi e centri di scommesse, constatando una\u00a0 irregolarit\u00e0. <em><b>LE OPERAZIONI DI SOCCORSO E\u00a0<\/b><b>IL CONCORSO NEI SERVIZI DI ORDINE E SICUREZZA PUBBLICA <\/b><\/em>Le Stazioni di Soccorso Alpino della Guardia di Finanza (S.A.G.F.) di Auronzo di Cadore e di Cortina d\u2019Ampezzo hanno effettuato 286 interventi, soccorrendo 284 persone, oltre a svolgere attivit\u00e0 di vigilanza e soccorso sulle piste dei comprensori sciistici delle Cinque Torri di Cortina d\u2019Ampezzo e del Monte Siera di Sappada. <em><b><a class=\"dt-pswp-item\" href=\"https:\/\/www.radiopiu.net\/wordpress\/wp-content\/uploads\/2020\/06\/DSC_0470-scaled.jpg\" data-dt-img-description=\"\" data-large_image_width=\"2560\" data-large_image_height=\"1700\"><img loading=\"lazy\" decoding=\"async\" class=\"alignleft wp-image-145991\" src=\"https:\/\/www.radiopiu.net\/wordpress\/wp-content\/uploads\/2020\/06\/DSC_0470-300x199.jpg\" alt=\"\" width=\"274\" height=\"182\" srcset=\"https:\/\/www.radiopiu.net\/wordpress\/wp-content\/uploads\/2020\/06\/DSC_0470-300x199.jpg 300w, https:\/\/www.radiopiu.net\/wordpress\/wp-content\/uploads\/2020\/06\/DSC_0470-1024x680.jpg 1024w, https:\/\/www.radiopiu.net\/wordpress\/wp-content\/uploads\/2020\/06\/DSC_0470-768x510.jpg 768w, https:\/\/www.radiopiu.net\/wordpress\/wp-content\/uploads\/2020\/06\/DSC_0470-1536x1020.jpg 1536w, https:\/\/www.radiopiu.net\/wordpress\/wp-content\/uploads\/2020\/06\/DSC_0470-2048x1360.jpg 2048w\" sizes=\"auto, (max-width: 274px) 100vw, 274px\" \/><\/a>BILANCIO OPERATIVO NELLO STATO DI EMERGENZA DA COVID-19 <\/b><\/em>Sono state impiegate 428 pattuglie ordinarie su strada a cui si aggiungono le 199 del comparto S.A.G.F., che hanno complessivamente controllato 2.375 persone e 2.446 esercizi commerciali, sanzionando complessivamente 94 persone. Sono state monitorate farmacie e parafarmacie della provincia bellunese, effettuando 30 controlli complessivi, dai quali non sono emerse particolari irregolarit\u00e0.<span class=\"Apple-converted-space\">\u00a0\u00a0<\/span>Con riferimento alle mascherine protettive, dispositivi di protezione individuale (DPI) e presidi medico-chirurgici (PMI), i controlli effettuati hanno portato al sequestro di 1.231 mascherine.\u00a0Quale supporto al Prefetto per vagliare e riscontrare la veridicit\u00e0 delle comunicazioni inviate dalle attivit\u00e0 produttive operanti in Provincia per la prosecuzione della propria attivit\u00e0, sono state esaminate oltre 1.200 comunicazioni e sono stati eseguiti 62 controlli presso le imprese per verificare la veridicit\u00e0 dei contenuti delle comunicazioni inviate al Prefetto dalle aziende che, ritenendo di rientrare nelle esimenti di cui ai DPCM datati 22 marzo 2020 e 10 aprile 2020, avevano inteso proseguire la loro attivit\u00e0 industriale o commerciale.<\/p>\n<p>&nbsp;<\/p>\n<p>&nbsp;<\/p>\n<hr \/>\n<p>&nbsp;<\/p>\n<blockquote>\n<h3>DONATORI DEL SANGUE LA ULSS RISPONDE ALL&#8217;ABVS: &#8220;NESSUNA INTENZIONE DI TRASCURARLI&#8221;<\/h3>\n<\/blockquote>\n<p><strong>BELLUNO<\/strong> Stamane su alcuni organi di stampa del bellunesi\u00a0 (scelti dall&#8217;Abvs che ha commissionato un articolo o meglio una pagina) sono comparse alcune note e sollevati alcuni problemi. Gi\u00e0 nel pomeriggio la risposta della Ulss che qui sintetizziamo<\/p>\n<p><em><a class=\"dt-pswp-item\" href=\"https:\/\/www.radiopiu.net\/wordpress\/wp-content\/uploads\/2020\/03\/sangue.jpg\" data-dt-img-description=\"\" data-large_image_width=\"800\" data-large_image_height=\"533\"><img loading=\"lazy\" decoding=\"async\" class=\"alignleft wp-image-124189\" src=\"https:\/\/www.radiopiu.net\/wordpress\/wp-content\/uploads\/2020\/03\/sangue-300x200.jpg\" alt=\"\" width=\"221\" height=\"147\" srcset=\"https:\/\/www.radiopiu.net\/wordpress\/wp-content\/uploads\/2020\/03\/sangue-300x200.jpg 300w, https:\/\/www.radiopiu.net\/wordpress\/wp-content\/uploads\/2020\/03\/sangue-768x512.jpg 768w, https:\/\/www.radiopiu.net\/wordpress\/wp-content\/uploads\/2020\/03\/sangue.jpg 800w\" sizes=\"auto, (max-width: 221px) 100vw, 221px\" \/><\/a>&#8220;Come ogni organizzazione complessa, i fattori da governare sono molteplici e vanno valutati nelle loro insieme -ricorda l&#8217;azienda bellunese &#8211; nella prima fase dell\u2019emergenza COVID, il fabbisogno di sangue in tutte le strutture sanitarie \u00e8 calato in quanto era stata ridimensionata l\u2019attivit\u00e0 chirurgica, mantenendo solo gli interventi in emergenza e urgenza e per i pazienti oncologici, principalmente per tenere liberi i posti in terapia intensiva per i casi COVID. Nella fase 2, l\u2019attivit\u00e0 chirurgica sta gradualmente riprendendo&#8221;.<\/em> Risale al 16 marzo una comunicazione del direttore generale nella quale informava\u00a0le Associazioni dei donatori di un\u2019eccedenza di sangue a livello nazionale e, quindi, invitandole a donazioni programmate su chiamata.\u00a0In ragione dell\u2019eccedenza a livello nazionale, la raccolta di sangue a Pieve di Cadore e Agordo \u00e8 stata sospesa dal 21 marzo.<em> &#8220;La riduzione di raccolta di sangue &#8211; continua la Ulss1 &#8211;\u00a0 ha consentito di non avere alcun scaduto di emazie tra il 1 marzo e il 31 maggio 2020, ottimizzando il sistema ed evitando sprechi&#8221;.<\/em> Stante il mix di criticit\u00e0 in risorse umane di profilo medico e le monitorate necessit\u00e0 per l\u2019autosufficienza locale, regionale e nazionale, permane la sospensione della raccolta dalle articolazioni organizzative di Agordo e Pieve di Cadore fino a nuove soluzioni che l\u2019Azienda sta cercando al fine di consentire ai donatori dell\u2019Agordino e del Cadore di esprimere la propria generosit\u00e0 senza dover recarsi a Belluno. &#8220;<em> Attualmente\u00a0 &#8211; conclude l&#8217;azienda sanitaria &#8211; l\u2019organico medico presente nell\u2019Unit\u00e0 operativa \u00e8 sottodimensionato rispetto alle esigenze delle attivit\u00e0 finora garantire e l\u2019azienda Ulss ha attivato tutte le modalit\u00e0 previste di ricerca del personale, con esiti in verit\u00e0 insoddisfacenti a causa della nota penuria di medici specialisti in questa e in molte altre specialit\u00e0. L\u2019azienda peraltro promuover\u00e0 ogni possibile strumento per superare l\u2019attuale periodo di difficolt\u00e0. Non c\u2019\u00e8 alcuna intenzione da parte dell\u2019Ulss Dolomiti di \u201ctrascurare\u201d i donatori di sangue tanto pi\u00f9 che gli stessi sono direttamente coinvolti nella gestione del sistema&#8221;<\/em><\/p>\n<p>&nbsp;<\/p>\n<p>&nbsp;<\/p>\n<p>&nbsp;<\/p>\n<p>&nbsp;<\/p>\n<hr \/>\n<h3><strong><img decoding=\"async\" class=\"alignleft\" src=\"https:\/\/www.radiopiu.net\/wordpress\/wp-content\/uploads\/2018\/09\/POLIFUNZIONALE.jpg\" \/><\/strong>ASCA LANCIA L&#8217;ALLARME INFERMIERI, IL 2 LUGLIO INCONTRO CON I SINDACATI<\/h3>\n<p><strong>AGORDO<\/strong> Infermieri in fuga dalle \u00a0case di riposo. Il 2 luglio incontro con le organizzazioni sindacali sulle misure da mettere in campo per rendere ancora pi\u00f9 appetibile l&#8217;impiego nelle Rsa. In Veneto, le aziende sanitarie stanno reclutando infermieri da assumere per i loro ospedali, anche in previsione di una nuova ondata di pandemia. Nelle graduatorie ci sono moltissimi professionisti che stanno operando nelle strutture per anziani e i centri di servizio potrebbero restare privi di infermieri. <em>\u00abSiamo nati tre anni fa e abbiamo sempre puntato su una presenza numerosa di infermieri &#8211; dice l&#8217;amministratore unico Maria Chiara Santin\u00a0 noi avevamo 14 infermieri prima del Covid e oggi ne sono rimasti in 10<\/em>,<em> molti del sud sono tornati a casa o sono andati in\u00a0 centri ospedalieri come Padova e poi ad Agordo non \u00e8 facile trovare alloggi a prezzi agevolati&#8221;\u00a0 <\/em>L&#8217;Asca punter\u00e0\u00a0 a\u00a0 soluzioni economiche\u00a0 vantaggiose se ne parler\u00e0 ad inizio mese.<\/p>\n<blockquote><p><strong>LA NOSTRA INTERVISTA ALL&#8217;AMMINISTRATORE MARIA CHIARA SANTIN, DAL GIORNALE RADIO DELLE 16.30<\/strong><\/p><\/blockquote>\n<audio class=\"wp-audio-shortcode\" id=\"audio-145903-3\" preload=\"none\" style=\"width: 100%;\" controls=\"controls\"><source type=\"audio\/mpeg\" src=\"https:\/\/www.radiopiu.net\/wordpress\/wp-content\/uploads\/2020\/06\/maria-chiara.mp3?_=3\" \/><a href=\"https:\/\/www.radiopiu.net\/wordpress\/wp-content\/uploads\/2020\/06\/maria-chiara.mp3\">https:\/\/www.radiopiu.net\/wordpress\/wp-content\/uploads\/2020\/06\/maria-chiara.mp3<\/a><\/audio>\n<p>&nbsp;<\/p>\n<p>&nbsp;<\/p>\n<hr \/>\n<p>&nbsp;<\/p>\n<blockquote>\n<h3>LA BELLUNESE ELISABETTA BRESSAN E&#8217; IL NUOVO PRIMARIO IN PEDIATRIA A FELTRE<\/h3>\n<\/blockquote>\n<p><strong><a class=\"dt-pswp-item\" href=\"https:\/\/www.radiopiu.net\/wordpress\/wp-content\/uploads\/2020\/06\/bressan.jpg\" data-dt-img-description=\"\" data-large_image_width=\"1559\" data-large_image_height=\"2048\"><img loading=\"lazy\" decoding=\"async\" class=\"alignleft wp-image-145964\" src=\"https:\/\/www.radiopiu.net\/wordpress\/wp-content\/uploads\/2020\/06\/bressan-228x300.jpg\" alt=\"\" width=\"165\" height=\"217\" srcset=\"https:\/\/www.radiopiu.net\/wordpress\/wp-content\/uploads\/2020\/06\/bressan-228x300.jpg 228w, https:\/\/www.radiopiu.net\/wordpress\/wp-content\/uploads\/2020\/06\/bressan-780x1024.jpg 780w, https:\/\/www.radiopiu.net\/wordpress\/wp-content\/uploads\/2020\/06\/bressan-768x1009.jpg 768w, https:\/\/www.radiopiu.net\/wordpress\/wp-content\/uploads\/2020\/06\/bressan-1169x1536.jpg 1169w, https:\/\/www.radiopiu.net\/wordpress\/wp-content\/uploads\/2020\/06\/bressan.jpg 1559w\" sizes=\"auto, (max-width: 165px) 100vw, 165px\" \/><\/a>FELTRE<\/strong> Elisabetta Bressan \u00e8 il nuovo primario della Pediatria di Feltre. Bellunese, si \u00e8 laureata in Medicina e Chirurgia all\u2019Universit\u00e0 degli Studi di Padova. Ha conseguito il diploma di specializzazione in Pediatria con indirizzo in Neonatologia e Terapia Intensiva Neonatale la Facolt\u00e0 di Medicina e Chirurgia dell\u2019Universit\u00e0 degli Studi di Padova il 21 dicembre 2005. Ha successivamente conseguito il Master Universitario di secondo livello in Medicina Perinatale e Cure Intensive Neonatali presso l\u2019Universit\u00e0 degli Studi di Padova e il Master Universitario di secondo livello in Gastroenterologia, Epatologia ed Endoscopia Digestiva Pediatrica con la presso l\u2019Universit\u00e0 degli Studi &#8220;La Sapienza&#8221; di Roma. Dal 2000 al 2003 ha collaborato con l\u2019Istituto Superiore di Sanit\u00e0. La dottoressa Bressan \u00e8 attualmente in servizio alla Pediatria dell\u2019ospedale Santa chiara di Trento dove opera dal 2011, dopo alcuni anni di servizio alla Pediatria di Belluno. Dal 2012 \u00e8 referente per la Gastroenterologia Pediatrica dell&#8217;Ospedale S. Chiara di Trento. Ha al suo attivo numerose pubblicazioni su riviste nazionali e internazionali.<\/p>\n<p>&nbsp;<\/p>\n<p>&nbsp;<\/p>\n<p>&nbsp;<\/p>\n<hr \/>\n<blockquote>\n<h3><\/h3>\n<h3>CON L\u2019INIZIO DELL\u2019ESTATE ASTRONOMICA, CONDIZIONI DI TEMPO TIPICAMENTE ESTIVO IN VENETO DOPO DUE DECADI DI GIUGNO FRESCHE E PIOVOSE<\/h3>\n<\/blockquote>\n<p><strong>TEOLO\u00a0<\/strong>Dopo due decadi di giugno caratterizzate da frequenti episodi di instabilit\u00e0, con molte precipitazioni e temperature sotto la norma, con l\u2019arrivo dell\u2019estate astronomica (21 giugno, giorno del solstizio d\u2019estate) sul Veneto si sono progressivamente ristabilite condizioni di tempo stabile e soleggiato con temperature tipicamente estive.\u00a0A partire dallo scorso week-end, tra sabato 20 e domenica 21, la graduale estensione sull\u2019Europa occidentale dell\u2019Anticiclone delle Azzorre ha infatti favorito anche sulla nostra regione il ritorno di giornate in prevalenza soleggiate e senza precipitazioni, salvo modeste e temporanee condizioni di variabilit\u00e0, specie a ridosso dei rilievi. Le temperature, dopo una prima parte di giugno abbastanza fresca a causa delle frequenti fasi perturbate, da sabato 20 hanno registrato un sensibile rialzo nei valori massimi giornalieri, arrivando a toccare o superare leggermente i 30\u00b0C su gran parte della pianura nella giornata di domenica 21 e i 30-33\u00b0C<span class=\"Apple-converted-space\">\u00a0 <\/span>nella giornata di luned\u00ec 22.<\/p>\n<p><a class=\"dt-pswp-item\" href=\"https:\/\/www.radiopiu.net\/wordpress\/wp-content\/uploads\/2020\/06\/Schermata-2020-06-23-alle-12.57.38.png\" data-dt-img-description=\"\" data-large_image_width=\"1328\" data-large_image_height=\"870\"><img loading=\"lazy\" decoding=\"async\" class=\"size-medium wp-image-145951 alignleft\" src=\"https:\/\/www.radiopiu.net\/wordpress\/wp-content\/uploads\/2020\/06\/Schermata-2020-06-23-alle-12.57.38-300x197.png\" alt=\"\" width=\"300\" height=\"197\" srcset=\"https:\/\/www.radiopiu.net\/wordpress\/wp-content\/uploads\/2020\/06\/Schermata-2020-06-23-alle-12.57.38-300x197.png 300w, https:\/\/www.radiopiu.net\/wordpress\/wp-content\/uploads\/2020\/06\/Schermata-2020-06-23-alle-12.57.38-1024x671.png 1024w, https:\/\/www.radiopiu.net\/wordpress\/wp-content\/uploads\/2020\/06\/Schermata-2020-06-23-alle-12.57.38-768x503.png 768w, https:\/\/www.radiopiu.net\/wordpress\/wp-content\/uploads\/2020\/06\/Schermata-2020-06-23-alle-12.57.38.png 1328w\" sizes=\"auto, (max-width: 300px) 100vw, 300px\" \/><\/a>Rispetto alla media del periodo, riferita quindi all\u2019ultima decade di giugno, le temperature tra sabato 20 e domenica 21 hanno raggiunto valori intorno alla norma su gran parte del territorio regionale, mentre luned\u00ec 22 l\u2019ulteriore rialzo termico registrato ha riportato la colonnina di mercurio su valori ben superiori alla media del periodo, soprattutto sulla pianura interna dove si sono registrate punte di 32-34\u00b0C, con scarti fino a<span class=\"Apple-converted-space\">\u00a0 <\/span>3-5\u00b0C circa superiori alla norma.<span class=\"Apple-converted-space\">\u00a0 <\/span>L\u2019aria ancora piuttosto asciutta e le notti in prevalenza serene hanno invece favorito ancora un buon irraggiamento notturno, mantenendo le temperature minime stazionarie e ancora su valori prossimi o leggermente inferiori alla norma in alcune zone della regione.<\/p>\n<p>&nbsp;<\/p>\n<p>&nbsp;<\/p>\n<p>&nbsp;<\/p>\n<hr \/>\n<p>&nbsp;<\/p>\n<blockquote>\n<h3>IL NUOVO TRIENNIO DELLA SEZIONE ALPINI DI BELLUNO DOPO L&#8217;ELEZIONE DI DE PRA<\/h3>\n<\/blockquote>\n<p><strong><a class=\"dt-pswp-item\" href=\"https:\/\/www.radiopiu.net\/wordpress\/wp-content\/uploads\/2018\/10\/ana-alpini.png\" data-dt-img-description=\"\" data-large_image_width=\"225\" data-large_image_height=\"225\"><img loading=\"lazy\" decoding=\"async\" class=\"alignleft wp-image-62421\" src=\"https:\/\/www.radiopiu.net\/wordpress\/wp-content\/uploads\/2018\/10\/ana-alpini.png\" alt=\"\" width=\"127\" height=\"127\" srcset=\"https:\/\/www.radiopiu.net\/wordpress\/wp-content\/uploads\/2018\/10\/ana-alpini.png 225w, https:\/\/www.radiopiu.net\/wordpress\/wp-content\/uploads\/2018\/10\/ana-alpini-150x150.png 150w\" sizes=\"auto, (max-width: 127px) 100vw, 127px\" \/><\/a>BELLUNO<\/strong>\u00a0 Con l\u2019elezione a presidente di Lino De Pra la Sezione Alpini di Belluno si accinge cos\u00ec ad affrontare il triennio 2020-21-22 che vede, quale scadenza pi\u00f9 importante la celebrazione del centenario del sodalizio fondato nel lontano 1921. Nell\u2019assemblea di domenica scorsa sono stati eletti anche i ventuno componenti del Consiglio Direttivo. Per la zona dell\u2019Agordino: Costante Ganz, Siro De Biasio, Angelo Mezzacasa, Giovanni Da Pra, Ilario De Vallier, Angelo Magro; per la Destra Piave: Ezio Caldart, Francesco Zanin, Cesare Colbertaldo, Fabio Barattin, Giuseppe Colferai, Giancarlo Sartori; per la Sinistra Piave: Aldo Mastelotto, Alessandro De Mari, Giorgio Cibien; per l\u2019Alpago e la zona Pontalpina: Giorgio Schizzi, Mario Dall\u2019Anese, Danilo Bortoluzzi, Ivan Marchetti; per il Longaronese\/Val di Zoldo: Giuliano Moretti, Luigi Vazza. Revisori dei conti effettivi sono stati eletti: Pieremilio Parissenti, Giorgio Sartori, Ezzelino Carlo Dal Pont; supplenti: Donato Nicolao e Guido Palmieri, mentre la Giunta di scrutinio sar\u00e0 composta da Sergio Valente, Federico Bez e Ruggero Viel.<br \/>\nNei prossimi giorni il Consiglio neo eletto si riunir\u00e0 per la distribuzione delle cariche sociali.<\/p>\n<p>&nbsp;<\/p>\n<p>&nbsp;<\/p>\n<hr \/>\n<blockquote>\n<h3><\/h3>\n<h3>OMAGGIO ALLA RADIO Il calcio piange Pierino Prati. Se ne va a 73 anni il grande ex bomber del Milan<\/h3>\n<\/blockquote>\n<p><a class=\"dt-pswp-item\" href=\"https:\/\/www.radiopiu.net\/wordpress\/wp-content\/uploads\/2020\/06\/769a4092-1e31-43c7-aa24-d4334a568929.jpg\" data-dt-img-description=\"\" data-large_image_width=\"950\" data-large_image_height=\"1004\"><img loading=\"lazy\" decoding=\"async\" class=\"alignleft size-medium wp-image-145891\" src=\"https:\/\/www.radiopiu.net\/wordpress\/wp-content\/uploads\/2020\/06\/769a4092-1e31-43c7-aa24-d4334a568929-284x300.jpg\" alt=\"\" width=\"284\" height=\"300\" srcset=\"https:\/\/www.radiopiu.net\/wordpress\/wp-content\/uploads\/2020\/06\/769a4092-1e31-43c7-aa24-d4334a568929-284x300.jpg 284w, https:\/\/www.radiopiu.net\/wordpress\/wp-content\/uploads\/2020\/06\/769a4092-1e31-43c7-aa24-d4334a568929-768x812.jpg 768w, https:\/\/www.radiopiu.net\/wordpress\/wp-content\/uploads\/2020\/06\/769a4092-1e31-43c7-aa24-d4334a568929.jpg 950w\" sizes=\"auto, (max-width: 284px) 100vw, 284px\" \/><\/a><\/p>\n<p>&nbsp;<\/p>\n<p>&nbsp;<\/p>\n<p><strong>L&#8217;OMAGGIO DI RADIO PIU&#8217;<\/strong>\u00a0 al campione d&#8217;Europa con la nazionale nel 1968, primo calciatore che realizz\u00f2 una tripletta nella finale di Coppa Campioni. Dal nostro archivio l&#8217;intervista di Viviana De Rocco in occasione della consegna del Premio Gorza\u00a0 A Mugnai di Feltre l&#8217;11 giugno del 2011.<\/p>\n<p>&nbsp;<\/p>\n<p>&nbsp;<\/p>\n<p>&nbsp;<\/p>\n<p>&nbsp;<\/p>\n<h2>AUDIO<\/h2>\n<audio class=\"wp-audio-shortcode\" id=\"audio-145903-4\" preload=\"none\" style=\"width: 100%;\" controls=\"controls\"><source type=\"audio\/mpeg\" src=\"https:\/\/www.radiopiu.net\/wordpress\/wp-content\/uploads\/2020\/06\/pierino-prati.mp3?_=4\" \/><a href=\"https:\/\/www.radiopiu.net\/wordpress\/wp-content\/uploads\/2020\/06\/pierino-prati.mp3\">https:\/\/www.radiopiu.net\/wordpress\/wp-content\/uploads\/2020\/06\/pierino-prati.mp3<\/a><\/audio>\n<p>&nbsp;<\/p>\n<p>&nbsp;<\/p>\n<hr \/>\n<p>&nbsp;<\/p>\n<blockquote>\n<h3>ROCCA PIETORE, I SERRAI, LIVINALLONGO E SOPRATTUTTO LA \u201cREGINA DELLE DOLOMITI\u201d di RENATO BONA<\/h3>\n<\/blockquote>\n<p><strong><img loading=\"lazy\" decoding=\"async\" class=\"alignleft wp-image-146037\" src=\"https:\/\/www.radiopiu.net\/wordpress\/wp-content\/uploads\/2020\/06\/105638593_274993320519138_8652756368485695555_n-300x173.jpg\" alt=\"\" width=\"331\" height=\"191\" srcset=\"https:\/\/www.radiopiu.net\/wordpress\/wp-content\/uploads\/2020\/06\/105638593_274993320519138_8652756368485695555_n-300x173.jpg 300w, https:\/\/www.radiopiu.net\/wordpress\/wp-content\/uploads\/2020\/06\/105638593_274993320519138_8652756368485695555_n-1024x591.jpg 1024w, https:\/\/www.radiopiu.net\/wordpress\/wp-content\/uploads\/2020\/06\/105638593_274993320519138_8652756368485695555_n-768x443.jpg 768w, https:\/\/www.radiopiu.net\/wordpress\/wp-content\/uploads\/2020\/06\/105638593_274993320519138_8652756368485695555_n-1536x887.jpg 1536w, https:\/\/www.radiopiu.net\/wordpress\/wp-content\/uploads\/2020\/06\/105638593_274993320519138_8652756368485695555_n.jpg 2048w\" sizes=\"auto, (max-width: 331px) 100vw, 331px\" \/>BELLUNO<\/strong> Volge quasi al termine il nostro \u201cviaggio\u201d in provincia con un\u2019altra tappa in Agordino, anzi: alto Agordino, sempre guidati dal pregevole volume \u201cBelluno e provincia nelle vecchie cartoline\u201d che gli storici bellunesi Giovanni Fabbiani e Giuseppe Sorge hanno curato nel 1975 per Edizioni Canova di Treviso (stampa officine grafiche Longo e Zoppelli, pure di Treviso), selezionando e commentando ad iniziativa del Lions club bellunese, ben 157 vecchie cartoline illustrate. La prima immagine ha per titolo: \u201cSaviner \u2013 All\u2019inizio della Val Pettorina\u201d e questa dicitura: \u201cSaviner di Rocca Pietore nel 1920, tra il Cordevole e la Pettorina. Nei pressi dell\u2019abitato sorgevano ancora le mura dell\u2019antico Palazzo di Giustizia, costruito verso il 1600, a spese sia di Belluno che di Rocca Pietore. I capi famiglia del paese si riunivano a consiglio in quel palazzo, presente anche il capitano di giustizia mandato due volte all\u2019anno da Belluno\u201d. La seconda \u00e8 intitolata: \u201cRocca Pietore\u201d ed \u00e8 accostata a questo commento: \u201cRocca Pietore, nella Valle Pettorina, in alto, al centro, il Sasso della Murada sul quale nel Medio Evo eravi un castello. Antichissimi statuti governavano la vita di questo paese e durarono fino a Napoleone. Nella chiesa gotica, alcuni pregevoli dipinti, e una pala ad intaglio d\u2019altare, opera molto preziosa, eseguita da Roberto Potsch di Bressanone, a testimoniare un influsso di gusto tedesco\u201d. Ed eccoci al titolo \u201cI Serrai di Sottoguda\u201d cui segue, con l\u2019immagine, questo commento di Fabbiani-Sorge: \u201cOltre Sottoguda, nella Val Pettorina, prima di sbucare nella bellissima conca verde di Malga Ciapela (da dove ora parte l\u2019arditissima funivia della Marmolada), bisogna attraversare una delle pi\u00f9 interessanti gole delle Alpi Venete: i serrai di Sottoguda. In questo corridoio scorre spumeggiando ed incassato il torrente Pettorina. La strada deve attraversare il torrente oltre dieci volte. In fondo c\u2019\u00e8 la cappelletta di recente restaurata\u201d. Tocca ora al titolo: \u201cMarmolada \u2013 La Regina delle Dolomiti\u201d che accompagna questo corposo commento-dicitura con riferimenti storici e qualche curiosit\u00e0: \u201cIl primo che os\u00f2 sfidare il colosso dolomitico fu Don Giuseppe Terza, un giovane sacerdote della Val Badia. Scomparve il 2 agosto 1802 dopo aver raggiunto la vetta e il suo corpo non fu pi\u00f9 ritrovato. In un documento che si conserva nella parrocchia di Pieve di Livinallongo, \u00e8 descritto il suo tentativo sfortunato che rappresenta l\u2019atto di nascita dell\u2019alpinismo dolomitico. La conquista ufficiale della Marmolada avvenne qualche anno dopo nel 1864 per opera del viennese Paul <a class=\"dt-pswp-item\" href=\"https:\/\/www.radiopiu.net\/wordpress\/wp-content\/uploads\/2020\/06\/105287532_727917817953300_996184078265890485_n.jpg\" data-dt-img-description=\"\" data-large_image_width=\"2048\" data-large_image_height=\"1372\"><img loading=\"lazy\" decoding=\"async\" class=\"wp-image-146036 alignright\" src=\"https:\/\/www.radiopiu.net\/wordpress\/wp-content\/uploads\/2020\/06\/105287532_727917817953300_996184078265890485_n-300x201.jpg\" alt=\"\" width=\"297\" height=\"199\" srcset=\"https:\/\/www.radiopiu.net\/wordpress\/wp-content\/uploads\/2020\/06\/105287532_727917817953300_996184078265890485_n-300x201.jpg 300w, https:\/\/www.radiopiu.net\/wordpress\/wp-content\/uploads\/2020\/06\/105287532_727917817953300_996184078265890485_n-1024x686.jpg 1024w, https:\/\/www.radiopiu.net\/wordpress\/wp-content\/uploads\/2020\/06\/105287532_727917817953300_996184078265890485_n-768x515.jpg 768w, https:\/\/www.radiopiu.net\/wordpress\/wp-content\/uploads\/2020\/06\/105287532_727917817953300_996184078265890485_n-1536x1029.jpg 1536w, https:\/\/www.radiopiu.net\/wordpress\/wp-content\/uploads\/2020\/06\/105287532_727917817953300_996184078265890485_n.jpg 2048w\" sizes=\"auto, (max-width: 297px) 100vw, 297px\" \/><\/a>Grohmann che raggiunse la vetta con i fratelli cortinesi Angelo e Fulgenzio Dimai, capostipiti di una illustre famiglia di guide alpine. Successivamente per accedere alla montagna le guide si potevano trovare sia in Val di Fassa, cio\u00e8 a Canazei, Campitello o a Pera (tariffa 8 fiorini), sia nel versante agordino. La tariffa nel 1875 era di Lire 15 \u2018senza mantenimento\u2019. Le migliori guide di quel tempo avevano sede a Caprile o a Rocca Pietore. Il loro esercizio era autorizzato con una particolare patente rilasciata dalla Sezione del Cai di Agordo. Tra le prestazioni comprese nella tariffa (oltre alla corda e ad una capace borraccia d\u2019acquavite) la guida, se c\u2019era qualche rappresentante del gentil sesso \u2018doveva circondarla di ogni attenzione, per esempio porgerle qualche mazzetto di fiori alpini o qualche fragola di montagna\u2019. Durante la Grande guerra, nella parte sommitale del ghiacciaio (il confine attraversava la vetta) era stata scavata una vera e propria citt\u00e0 di ghiaccio, con ben otto chilometri di gallerie e di camminamenti. Ora in quello stesso luogo si scia tutto l\u2019anno grazie agli impianti installati sul ghiacciaio ed alla grande funivia che da Malga Ciapela raggiunge la vetta della Marmolada (quota 3270) in appena 12 minuti\u201d. Due titoli secchi: \u201cLaste\u201d e \u201cAndraz, con questi commenti, nell\u2019ordine: \u201cUn gruppo di case di questo caratteristico abitato: a sinistra in alto il Col di Lana, in fondo a destra il Lagazuoi e il Sasso di Stria e, sotto, la borgata di Andr\u00e0z\u201d e: \u201cQuesta frazione di Livinallongo raffigurata nel 1910 con l\u2019albergo di Celestino Finazzer, era oltre confine, cio\u00e8 in Austria. La cartolina reca infatti le scritte in tedesco\u201d. Traguardo finale con l\u2019immagine intitolata \u201cPieve di Livinallongo\u201d e cos\u00ec commentata dai due storici: \u201cLa strada delle Dolomiti (sorta come strada militare di confine) \u00e8 stata realizzata verso il 1905. Nel 1911 un\u2019automobile faceva servizio per passeggeri da Bolzano a Dobbiaco. In fondo, il gruppo del Bo\u00e8, Il paese fu bombardato e distrutto dalle cannonate austriache nell\u2019agosto 1915. Venne ricostruito dal 1919 in poi\u201d.<\/p>\n<p><img loading=\"lazy\" decoding=\"async\" class=\"alignleft wp-image-146034\" src=\"https:\/\/www.radiopiu.net\/wordpress\/wp-content\/uploads\/2020\/06\/105646033_1169718403382977_7638069634203932551_n-193x300.jpg\" alt=\"\" width=\"230\" height=\"358\" srcset=\"https:\/\/www.radiopiu.net\/wordpress\/wp-content\/uploads\/2020\/06\/105646033_1169718403382977_7638069634203932551_n-193x300.jpg 193w, https:\/\/www.radiopiu.net\/wordpress\/wp-content\/uploads\/2020\/06\/105646033_1169718403382977_7638069634203932551_n.jpg 616w\" sizes=\"auto, (max-width: 230px) 100vw, 230px\" \/><a class=\"dt-pswp-item\" href=\"https:\/\/www.radiopiu.net\/wordpress\/wp-content\/uploads\/2020\/06\/105383000_2380824042217017_3502659969224745823_n.jpg\" data-dt-img-description=\"\" data-large_image_width=\"2048\" data-large_image_height=\"1263\"><img loading=\"lazy\" decoding=\"async\" class=\"alignleft size-medium wp-image-146035\" src=\"https:\/\/www.radiopiu.net\/wordpress\/wp-content\/uploads\/2020\/06\/105383000_2380824042217017_3502659969224745823_n-300x185.jpg\" alt=\"\" width=\"300\" height=\"185\" srcset=\"https:\/\/www.radiopiu.net\/wordpress\/wp-content\/uploads\/2020\/06\/105383000_2380824042217017_3502659969224745823_n-300x185.jpg 300w, https:\/\/www.radiopiu.net\/wordpress\/wp-content\/uploads\/2020\/06\/105383000_2380824042217017_3502659969224745823_n-1024x632.jpg 1024w, https:\/\/www.radiopiu.net\/wordpress\/wp-content\/uploads\/2020\/06\/105383000_2380824042217017_3502659969224745823_n-768x474.jpg 768w, https:\/\/www.radiopiu.net\/wordpress\/wp-content\/uploads\/2020\/06\/105383000_2380824042217017_3502659969224745823_n-1536x947.jpg 1536w, https:\/\/www.radiopiu.net\/wordpress\/wp-content\/uploads\/2020\/06\/105383000_2380824042217017_3502659969224745823_n.jpg 2048w\" sizes=\"auto, (max-width: 300px) 100vw, 300px\" \/><\/a><\/p>\n<p><img loading=\"lazy\" decoding=\"async\" class=\"alignleft size-medium wp-image-146039\" src=\"https:\/\/www.radiopiu.net\/wordpress\/wp-content\/uploads\/2020\/06\/105016984_1164940983871830_4075481817392298998_n-300x187.jpg\" alt=\"\" width=\"300\" height=\"187\" srcset=\"https:\/\/www.radiopiu.net\/wordpress\/wp-content\/uploads\/2020\/06\/105016984_1164940983871830_4075481817392298998_n-300x187.jpg 300w, https:\/\/www.radiopiu.net\/wordpress\/wp-content\/uploads\/2020\/06\/105016984_1164940983871830_4075481817392298998_n-1024x637.jpg 1024w, https:\/\/www.radiopiu.net\/wordpress\/wp-content\/uploads\/2020\/06\/105016984_1164940983871830_4075481817392298998_n-768x478.jpg 768w, https:\/\/www.radiopiu.net\/wordpress\/wp-content\/uploads\/2020\/06\/105016984_1164940983871830_4075481817392298998_n-1536x956.jpg 1536w, https:\/\/www.radiopiu.net\/wordpress\/wp-content\/uploads\/2020\/06\/105016984_1164940983871830_4075481817392298998_n.jpg 2048w\" sizes=\"auto, (max-width: 300px) 100vw, 300px\" \/><img loading=\"lazy\" decoding=\"async\" class=\"alignleft wp-image-146038\" src=\"https:\/\/www.radiopiu.net\/wordpress\/wp-content\/uploads\/2020\/06\/105280379_294091805297201_8042350025184756071_n-300x187.jpg\" alt=\"\" width=\"322\" height=\"201\" srcset=\"https:\/\/www.radiopiu.net\/wordpress\/wp-content\/uploads\/2020\/06\/105280379_294091805297201_8042350025184756071_n-300x187.jpg 300w, https:\/\/www.radiopiu.net\/wordpress\/wp-content\/uploads\/2020\/06\/105280379_294091805297201_8042350025184756071_n-1024x639.jpg 1024w, https:\/\/www.radiopiu.net\/wordpress\/wp-content\/uploads\/2020\/06\/105280379_294091805297201_8042350025184756071_n-768x479.jpg 768w, https:\/\/www.radiopiu.net\/wordpress\/wp-content\/uploads\/2020\/06\/105280379_294091805297201_8042350025184756071_n-1536x959.jpg 1536w, https:\/\/www.radiopiu.net\/wordpress\/wp-content\/uploads\/2020\/06\/105280379_294091805297201_8042350025184756071_n.jpg 2048w\" sizes=\"auto, (max-width: 322px) 100vw, 322px\" \/><a class=\"dt-pswp-item\" href=\"https:\/\/www.radiopiu.net\/wordpress\/wp-content\/uploads\/2020\/06\/104949237_551232875570256_4710839388437442909_n.jpg\" data-dt-img-description=\"\" data-large_image_width=\"2048\" data-large_image_height=\"1261\"><img loading=\"lazy\" decoding=\"async\" class=\"alignleft size-medium wp-image-146040\" src=\"https:\/\/www.radiopiu.net\/wordpress\/wp-content\/uploads\/2020\/06\/104949237_551232875570256_4710839388437442909_n-300x185.jpg\" alt=\"\" width=\"300\" height=\"185\" srcset=\"https:\/\/www.radiopiu.net\/wordpress\/wp-content\/uploads\/2020\/06\/104949237_551232875570256_4710839388437442909_n-300x185.jpg 300w, https:\/\/www.radiopiu.net\/wordpress\/wp-content\/uploads\/2020\/06\/104949237_551232875570256_4710839388437442909_n-1024x631.jpg 1024w, https:\/\/www.radiopiu.net\/wordpress\/wp-content\/uploads\/2020\/06\/104949237_551232875570256_4710839388437442909_n-768x473.jpg 768w, https:\/\/www.radiopiu.net\/wordpress\/wp-content\/uploads\/2020\/06\/104949237_551232875570256_4710839388437442909_n-1536x946.jpg 1536w, https:\/\/www.radiopiu.net\/wordpress\/wp-content\/uploads\/2020\/06\/104949237_551232875570256_4710839388437442909_n.jpg 2048w\" sizes=\"auto, (max-width: 300px) 100vw, 300px\" \/><\/a><\/p>\n<p>&nbsp;<\/p>\n<p>&nbsp;<\/p>\n<p>&nbsp;<\/p>\n<p>&nbsp;<\/p>\n<p>&nbsp;<\/p>\n<p>&nbsp;<\/p>\n<p>&nbsp;<\/p>\n<p>&nbsp;<\/p>\n<p>&nbsp;<\/p>\n<p>&nbsp;<\/p>\n<p>&nbsp;<\/p>\n<p>&nbsp;<\/p>\n<p>&nbsp;<\/p>\n<p>&nbsp;<\/p>\n<p>&nbsp;<\/p>\n<p>&nbsp;<\/p>\n<hr \/>\n<h2><\/h2>\n<h2><\/h2>\n<h2><\/h2>\n<h2><\/h2>\n<h2><\/h2>\n<h2>IERI ALLA RADIO<\/h2>\n<p><strong>ZAINO AL FEMMINILE LA TERZA PUNTATA DI PAOLA LANCIATO, GARESSIO<\/strong><\/p>\n<audio class=\"wp-audio-shortcode\" id=\"audio-145903-5\" preload=\"none\" style=\"width: 100%;\" controls=\"controls\"><source type=\"audio\/mpeg\" src=\"https:\/\/www.radiopiu.net\/wordpress\/wp-content\/uploads\/2020\/06\/4-Garessio-m.mp3?_=5\" \/><a href=\"https:\/\/www.radiopiu.net\/wordpress\/wp-content\/uploads\/2020\/06\/4-Garessio-m.mp3\">https:\/\/www.radiopiu.net\/wordpress\/wp-content\/uploads\/2020\/06\/4-Garessio-m.mp3<\/a><\/audio>\n<p><strong>LA RACCOLTA COMPLETA<\/strong><\/p>\n<blockquote class=\"wp-embedded-content\" data-secret=\"EHZ8ODyJOP\"><p><a href=\"https:\/\/www.radiopiu.net\/wordpress\/zaino-femminile-lanciato\/\">Zaino da viaggio al femminile<\/a><\/p><\/blockquote>\n<p><iframe loading=\"lazy\" class=\"wp-embedded-content\" sandbox=\"allow-scripts\" security=\"restricted\" style=\"position: absolute; clip: rect(1px, 1px, 1px, 1px);\" title=\"&#8220;Zaino da viaggio al femminile&#8221; &#8212; Radio Pi\u00f9\" src=\"https:\/\/www.radiopiu.net\/wordpress\/zaino-femminile-lanciato\/embed\/#?secret=EHZ8ODyJOP\" data-secret=\"EHZ8ODyJOP\" width=\"600\" height=\"338\" frameborder=\"0\" marginwidth=\"0\" marginheight=\"0\" scrolling=\"no\"><\/iframe><\/p>\n<p>&nbsp;<\/p>\n<p>&nbsp;<\/p>\n<h3><a class=\"dt-pswp-item\" href=\"https:\/\/www.radiopiu.net\/wordpress\/wp-content\/uploads\/2020\/06\/BIRRA.jpg\" data-dt-img-description=\"\" data-large_image_width=\"1920\" data-large_image_height=\"1276\"><img loading=\"lazy\" decoding=\"async\" class=\"size-medium wp-image-145905 alignleft\" src=\"https:\/\/www.radiopiu.net\/wordpress\/wp-content\/uploads\/2020\/06\/BIRRA-300x199.jpg\" alt=\"\" width=\"300\" height=\"199\" srcset=\"https:\/\/www.radiopiu.net\/wordpress\/wp-content\/uploads\/2020\/06\/BIRRA-300x199.jpg 300w, https:\/\/www.radiopiu.net\/wordpress\/wp-content\/uploads\/2020\/06\/BIRRA-1024x681.jpg 1024w, https:\/\/www.radiopiu.net\/wordpress\/wp-content\/uploads\/2020\/06\/BIRRA-768x510.jpg 768w, https:\/\/www.radiopiu.net\/wordpress\/wp-content\/uploads\/2020\/06\/BIRRA-1536x1021.jpg 1536w, https:\/\/www.radiopiu.net\/wordpress\/wp-content\/uploads\/2020\/06\/BIRRA.jpg 1920w\" sizes=\"auto, (max-width: 300px) 100vw, 300px\" \/><\/a><span style=\"color: #ff9900;\">FABIO CAPPELLETTI E LA BIRRA ARTIGIANALE<\/span><\/h3>\n<p><strong>di Claudio Fontanive\u00a0<\/strong><\/p>\n<audio class=\"wp-audio-shortcode\" id=\"audio-145903-6\" preload=\"none\" style=\"width: 100%;\" controls=\"controls\"><source type=\"audio\/mpeg\" src=\"https:\/\/www.radiopiu.net\/wordpress\/wp-content\/uploads\/2020\/06\/birra-canop-fabio-cappelletti-23-giugno.mp3?_=6\" \/><a href=\"https:\/\/www.radiopiu.net\/wordpress\/wp-content\/uploads\/2020\/06\/birra-canop-fabio-cappelletti-23-giugno.mp3\">https:\/\/www.radiopiu.net\/wordpress\/wp-content\/uploads\/2020\/06\/birra-canop-fabio-cappelletti-23-giugno.mp3<\/a><\/audio>\n<p>&nbsp;<\/p>\n<p>&nbsp;<\/p>\n<hr \/>\n<p>&nbsp;<\/p>\n<h2><span style=\"color: #ff0000;\">DUE MINUTI UN LIBRO<\/span><\/h2>\n<blockquote class=\"wp-embedded-content\" data-secret=\"ezOyJ661hG\"><p><a href=\"https:\/\/www.radiopiu.net\/wordpress\/cuori-scuri-2\/\">CUORI SCURI<\/a><\/p><\/blockquote>\n<p><iframe loading=\"lazy\" class=\"wp-embedded-content\" sandbox=\"allow-scripts\" security=\"restricted\" style=\"position: absolute; clip: rect(1px, 1px, 1px, 1px);\" title=\"&#8220;CUORI SCURI&#8221; &#8212; Radio Pi\u00f9\" src=\"https:\/\/www.radiopiu.net\/wordpress\/cuori-scuri-2\/embed\/#?secret=ezOyJ661hG\" data-secret=\"ezOyJ661hG\" width=\"600\" height=\"338\" frameborder=\"0\" marginwidth=\"0\" marginheight=\"0\" scrolling=\"no\"><\/iframe><\/p>\n<p><strong>LE ALTRE PUNTATE<\/strong><\/p>\n<blockquote class=\"wp-embedded-content\" data-secret=\"IessfaTy48\"><p><a href=\"https:\/\/www.radiopiu.net\/wordpress\/due-minuti-un-libro\/\">Due minuti un libro<\/a><\/p><\/blockquote>\n<p><iframe loading=\"lazy\" class=\"wp-embedded-content\" sandbox=\"allow-scripts\" security=\"restricted\" style=\"position: absolute; clip: rect(1px, 1px, 1px, 1px);\" title=\"&#8220;Due minuti un libro&#8221; &#8212; Radio Pi\u00f9\" src=\"https:\/\/www.radiopiu.net\/wordpress\/due-minuti-un-libro\/embed\/#?secret=IessfaTy48\" data-secret=\"IessfaTy48\" width=\"600\" height=\"338\" frameborder=\"0\" marginwidth=\"0\" marginheight=\"0\" scrolling=\"no\"><\/iframe><\/p>\n<h2><\/h2>\n<h2><\/h2>\n<hr \/>\n<h2><\/h2>\n<h2><span style=\"color: #008000;\">AGORDINOMERON<\/span><\/h2>\n<blockquote class=\"wp-embedded-content\" data-secret=\"DhTNqdh00M\"><p><a href=\"https:\/\/www.radiopiu.net\/wordpress\/agordinomeron\/\">AGORDINOMERON, IL TERRITORIO SI RACCONTA Da un&#8217;idea di Gianni Santomaso<\/a><\/p><\/blockquote>\n<p><iframe loading=\"lazy\" class=\"wp-embedded-content\" sandbox=\"allow-scripts\" security=\"restricted\" style=\"position: absolute; clip: rect(1px, 1px, 1px, 1px);\" title=\"&#8220;AGORDINOMERON, IL TERRITORIO SI RACCONTA Da un&#8217;idea di Gianni Santomaso&#8221; &#8212; Radio Pi\u00f9\" src=\"https:\/\/www.radiopiu.net\/wordpress\/agordinomeron\/embed\/#?secret=DhTNqdh00M\" data-secret=\"DhTNqdh00M\" width=\"600\" height=\"338\" frameborder=\"0\" marginwidth=\"0\" marginheight=\"0\" scrolling=\"no\"><\/iframe><\/p>\n<h2><\/h2>\n<hr \/>\n<h2><\/h2>\n<h2><\/h2>\n<h2><span style=\"color: #3366ff;\">IL MESSAGGIO DEI SACERDOTI A RADIO PIU&#8217;<\/span><\/h2>\n<blockquote class=\"wp-embedded-content\" data-secret=\"fPksKGcajj\"><p><a href=\"https:\/\/www.radiopiu.net\/wordpress\/chiesa11\/\">DON CESARE SU RADIO PIU&#8217; ALLE 7.30 E 19.30, PARROCCHIE DI AGORDO, LA VALLE E TAIBON<\/a><\/p><\/blockquote>\n<p><iframe loading=\"lazy\" class=\"wp-embedded-content\" sandbox=\"allow-scripts\" security=\"restricted\" style=\"position: absolute; clip: rect(1px, 1px, 1px, 1px);\" title=\"&#8220;DON CESARE SU RADIO PIU&#8217; ALLE 7.30 E 19.30, PARROCCHIE DI AGORDO, LA VALLE E TAIBON&#8221; &#8212; Radio Pi\u00f9\" src=\"https:\/\/www.radiopiu.net\/wordpress\/chiesa11\/embed\/#?secret=fPksKGcajj\" data-secret=\"fPksKGcajj\" width=\"600\" height=\"338\" frameborder=\"0\" marginwidth=\"0\" marginheight=\"0\" scrolling=\"no\"><\/iframe><\/p>\n<p>&nbsp;<\/p>\n<hr \/>\n<h3><\/h3>\n<h3>LA POESIA DI JOHN FRANCIS DELLA PIETRA<\/h3>\n<p><strong><a class=\"dt-pswp-item\" href=\"https:\/\/www.radiopiu.net\/wordpress\/wp-content\/uploads\/2020\/06\/e2239771-0c7d-4ba3-92f4-3b80aae1136b.jpg\" data-dt-img-description=\"\" data-large_image_width=\"1599\" data-large_image_height=\"1200\"><img loading=\"lazy\" decoding=\"async\" class=\"size-medium wp-image-145926 alignright\" src=\"https:\/\/www.radiopiu.net\/wordpress\/wp-content\/uploads\/2020\/06\/e2239771-0c7d-4ba3-92f4-3b80aae1136b-300x225.jpg\" alt=\"\" width=\"300\" height=\"225\" srcset=\"https:\/\/www.radiopiu.net\/wordpress\/wp-content\/uploads\/2020\/06\/e2239771-0c7d-4ba3-92f4-3b80aae1136b-300x225.jpg 300w, https:\/\/www.radiopiu.net\/wordpress\/wp-content\/uploads\/2020\/06\/e2239771-0c7d-4ba3-92f4-3b80aae1136b-1024x768.jpg 1024w, https:\/\/www.radiopiu.net\/wordpress\/wp-content\/uploads\/2020\/06\/e2239771-0c7d-4ba3-92f4-3b80aae1136b-768x576.jpg 768w, https:\/\/www.radiopiu.net\/wordpress\/wp-content\/uploads\/2020\/06\/e2239771-0c7d-4ba3-92f4-3b80aae1136b-1536x1153.jpg 1536w, https:\/\/www.radiopiu.net\/wordpress\/wp-content\/uploads\/2020\/06\/e2239771-0c7d-4ba3-92f4-3b80aae1136b.jpg 1599w\" sizes=\"auto, (max-width: 300px) 100vw, 300px\" \/><\/a>Un silenzio pregno di significati<\/strong><\/p>\n<p>Una forza misteriosa<br \/>\nM ha attratto quass\u00f9<br \/>\nNell infinito tra terra e cielo<br \/>\nHo vagato fra prati e rocce<br \/>\nSotto ad un azzurro stupefacente<br \/>\nOggi domina il silenzio<br \/>\nNeppure il vento spiega la sua voce<br \/>\nNemmeno un sussurro<br \/>\nLa calma pervade il mio animo<br \/>\nUn passo dietro l altro<br \/>\nMi portano nel cuore pi\u00f9 profondo della natura<br \/>\nUn laghetto subalpino<br \/>\nMinuscolo ma meraviglioso<br \/>\nUn tempio alla vita<br \/>\nMi commuovo<br \/>\nSenza un perch\u00e9<br \/>\nAlzo gl occhi in s\u00f9<br \/>\nX trattenere una tiepida dola che scende<br \/>\nAll improvviso son comparsi piccoli candidi nembi<br \/>\nQuasi ad accompagnarmi<br \/>\nA spezzare il momento di seppur benefica solitudine<br \/>\nOra comprendo<br \/>\nE lascio libero sfogo<br \/>\nAl mio spirito<br \/>\nLa folta schiera dei miei<br \/>\nAngeli<br \/>\nSi mostra<br \/>\nQuasi a ribadire<br \/>\nLa loro sempiterna presenza<br \/>\nUna brezza leggera<br \/>\nMuove appena appena<br \/>\nLa limpida e cristallina acqua<br \/>\nScandendo ad uno ad uno i loro nomi<br \/>\nI loro visi si riflettono l\u00ec sulle dolci increspature<br \/>\nRifletto<br \/>\n\u00c8 la vigilia del Santo<br \/>\nGiovanni<br \/>\nAl quale erano e sono legati<br \/>\nEcco un bel regalo<br \/>\nIl loro ricordo&#8230;<\/p>\n<p>&nbsp;<\/p>\n<p>&nbsp;<\/p>\n<hr \/>\n<p>&nbsp;<\/p>\n<p><strong class=\"photoswipe-wrapper\"><a class=\"dt-pswp-item pspw-wrap-ready\" href=\"https:\/\/i0.wp.com\/www.radiopiu.net\/wordpress\/wp-content\/uploads\/2018\/09\/viabilita.jpeg?ssl=1\" data-dt-img-description=\"\" data-large_image_width=\"800\" data-large_image_height=\"100\"><img loading=\"lazy\" decoding=\"async\" class=\"aligncenter wp-image-61954 size-full jetpack-lazy-image jetpack-lazy-image--handled\" src=\"https:\/\/i0.wp.com\/www.radiopiu.net\/wordpress\/wp-content\/uploads\/2018\/09\/viabilita.jpeg?resize=800%2C100&amp;ssl=1\" sizes=\"auto, (max-width: 800px) 100vw, 800px\" srcset=\"https:\/\/i0.wp.com\/www.radiopiu.net\/wordpress\/wp-content\/uploads\/2018\/09\/viabilita.jpeg?w=800&amp;ssl=1 800w, https:\/\/i0.wp.com\/www.radiopiu.net\/wordpress\/wp-content\/uploads\/2018\/09\/viabilita.jpeg?resize=300%2C38&amp;ssl=1 300w, https:\/\/i0.wp.com\/www.radiopiu.net\/wordpress\/wp-content\/uploads\/2018\/09\/viabilita.jpeg?resize=768%2C96&amp;ssl=1 768w\" alt=\"\" width=\"800\" height=\"100\" data-lazy-loaded=\"1\" \/><\/a><\/strong><\/p>\n<p><strong>\u00a0<\/strong><\/p>\n<p>FINO AL 24 LUGLIO SABATO E DOMENICA COMPRESI LUNGO LA 641 DI PASSO FEDAIA IN LOCALIT\u00e0 CAPANNA BILL E COL DI ROCCA, SENSO UNICO ALTERNATO CON SEMAFORO<\/p>\n<p>PROVINCIALE 20 DELLA VAL FIORENTINA, SELVA DI CADORE: FINO AL 4 LUGLIO, CHIUSURA TOTALE TRA SOLATOR E IL CENTRO DEL PAESE ANCHE NEI GIORNI FESTIVI E PREFESTIVI, DAL CHILOMETRO 4.850 AL CHILOMETRO 5.100. TRANSITO CONSENTITO AI LOCALI CON TEMPI DI ATTESA MASSIMI STIMATI IN 30 MINUTI IN LOCALITA\u2019 SOLATOR DAL CHILOMETRO 4.400 AL CHILOMETRO 4.850<\/p>\n<p>&nbsp;<\/p>\n<p>STRADA REGIONALE 48 DELLE DOLOMITI, DAL KM 110,350 AL KM 112, SENSO UNICO ALTERNATO REGOLATO DA IMPIANTO SEMAFORICO ANCHE SABATO E FESTIVI FINO\u00a0 AL 30 GIUGNO PER POSA ELETTRODOTTO INTERRATO<\/p>\n<p>PROVINCIALE 563 DI SALESEI, FINO\u00a0 AL 3 LUGLIO, SENSO UNICO ALTERNATO REGOLATO DA IMPIANTO SEMAFORICO IN LOCALIT\u00c0 DIGONERA PER MESSA IN SICUREZZA PIANO VIABILE, SABATO E FESTIVI INCLUSI<\/p>\n<p>STRADA PROVINCIALE 346 DEL SAN PELLEGRINO, NEI COMUNI DI FALCADE, CANALE E VALLADA, FINO\u00a0 AL 3 LUGLIO, INCLUSI SABATI E DOMENICHE, POSSIBILE ISTITUZIONE DI SENSO UNICO ALTERNATO REGOLATO DA MOVIERI PER SOSTITUZIONE CONDUTTORI E MANUTENZIONE LINEA ELETTRICA ALTA TENSIONE<\/p>\n<p>REGIONALE 203 AGORDINA, NEL COMUNE DI CENCENIGHE, FINO\u00a0 AL 3 LUGLIO, INCLUSI SABATI E DOMENICHE, POSSIBILE ISTITUZIONE DI SENSO UNICO ALTERNATO REGOLATO DA MOVIERI PER SOSTITUZIONE CONDUTTORI E MANUTENZIONE LINEA ELETTRICA ALTA TENSIONE<\/p>\n<p>STRADA REGIONA 203 AGORDINA, TRA MAS DI SEDICO E CERNADOI SU TRATTI SALTUARI DI STRADA, FINO\u00a0 AL 30 GIUGNO, ESCLUSO SABATO E DOMENICA, SENSO UNICO ALTERNATO REGOLATO DA IMPIANTO SEMAFORICO PER MESSA IN SICUREZZA BARRIERE DI PROTEZIONE LATERALI<\/p>\n<p>&nbsp;<\/p>\n<p>STRADA PROVINCIALE 347 DEL PASSO CEREDA E DURAN, NEL COMUNE DI AGORDO, FINO\u00a0 AL 26 GIUGNO SENSO UNICO ALTERNATO REGOLATO DA IMPIANTO SEMAFORICO PER POSA FIBRA OTTICA<\/p>\n<p>STRADA REGIONALE 48 DELLE DOLOMITI, NEL COMUNE DI LIVINALLONGO DEL COL DI LANA IN LOCALITA\u2019 ANDRAZ, FINO\u00a0 AL 30 GIUGNO SENSO UNICO ALTERNATO REGOLATO DA IMPIANTO SEMAFORICO O MOVIERE CON POSSIBILI BREVI INTERRUZIONI TOTALI AL TRAFFICO DELLA DURATA MASSIMA DI 10 MINUTI, PER LAVORI DI MESSA IN SICUREZZA DEL VERSANTE<\/p>\n<p>48 DELLE DOLOMITI, LOCALITA\u2019 ANDRAZ DI LIVINALLONGO, FINO\u00a0 AL 26 GIUGNO SENSO UNICO CON SEMAFORO<\/p>\n<p>STRADA REGIONALE 203 AGORDINA TRA PERON E CANDATEN, DAL 15 GIUGNO AL 31 LUGLIO ESCLUSI SABATI E DOMENICHE, DALLE 7:30 ALLE 9 E E DALLE 16:30 ALLE 18 SENSO UNICO ALTERNATO REGOLATO DA MOVIERI. NEGLI ALTRI ORARI SENSO UNICO ALTERNATO REGOLATO DA SEMAFORO PER INTERRAMENTO CAVIDOTTO E-DISTRIBUZIONE<\/p>\n<p>48 DELLE DOLOMITI, LOCALITA\u2019 ALVERA\u2019 CORTINA D\u2019AMPEZZO LUNGO IL PONTE SUL TORRENTE BIGONTINA. DAL 18 GIUGNO E FINO A REVOCA DIVIETO DI TRANSITO AI VEICOLI AVENTI MASSA A PIENO CARICO SUPERIORE A 24 TONELLATE<\/p>\n<p>PROVINCIALE 1 SINISTRA PIAVE, INTERRUZIONE TOTALE ALLA VIABILTA\u2019 DAL GIORNO 22 GIUGNO FINO A REVOCAPER CEDIMENTO STRUTTURALE DI PARTE DEL FABBRICATO<\/p>\n<p>&nbsp;<\/p>\n<hr \/>\n<p>&nbsp;<\/p>\n<p><a class=\"dt-pswp-item\" href=\"https:\/\/www.radiopiu.net\/wordpress\/wp-content\/uploads\/2018\/09\/sport.jpg\" data-dt-img-description=\"\" data-large_image_width=\"800\" data-large_image_height=\"100\"><img loading=\"lazy\" decoding=\"async\" class=\"aligncenter wp-image-60761 size-full\" src=\"https:\/\/www.radiopiu.net\/wordpress\/wp-content\/uploads\/2018\/09\/sport.jpg\" alt=\"\" width=\"800\" height=\"100\" srcset=\"https:\/\/www.radiopiu.net\/wordpress\/wp-content\/uploads\/2018\/09\/sport.jpg 800w, https:\/\/www.radiopiu.net\/wordpress\/wp-content\/uploads\/2018\/09\/sport-300x38.jpg 300w, https:\/\/www.radiopiu.net\/wordpress\/wp-content\/uploads\/2018\/09\/sport-768x96.jpg 768w\" sizes=\"auto, (max-width: 800px) 100vw, 800px\" \/><\/a><\/p>\n<h3><\/h3>\n<blockquote>\n<h3>PONTE NELLE ALPI: NUOVO CONSIGLIO DIRETTIVO, \u201cVECCHIO\u201d PRESIDENTE<\/h3>\n<\/blockquote>\n<p><strong><a class=\"dt-pswp-item\" href=\"https:\/\/www.radiopiu.net\/wordpress\/wp-content\/uploads\/2020\/06\/ASD-PONTE-NELLE-ALPI.png\" data-dt-img-description=\"\" data-large_image_width=\"802\" data-large_image_height=\"324\"><img loading=\"lazy\" decoding=\"async\" class=\"size-medium wp-image-145929 alignleft\" src=\"https:\/\/www.radiopiu.net\/wordpress\/wp-content\/uploads\/2020\/06\/ASD-PONTE-NELLE-ALPI-300x121.png\" alt=\"\" width=\"300\" height=\"121\" srcset=\"https:\/\/www.radiopiu.net\/wordpress\/wp-content\/uploads\/2020\/06\/ASD-PONTE-NELLE-ALPI-300x121.png 300w, https:\/\/www.radiopiu.net\/wordpress\/wp-content\/uploads\/2020\/06\/ASD-PONTE-NELLE-ALPI-768x310.png 768w, https:\/\/www.radiopiu.net\/wordpress\/wp-content\/uploads\/2020\/06\/ASD-PONTE-NELLE-ALPI.png 802w\" sizes=\"auto, (max-width: 300px) 100vw, 300px\" \/><\/a>PONTE NELLE ALPI<\/strong> Il Ponte nelle Alpi riparte dagli Enrico: Collarin sar\u00e0 ancora il presidente, De Bona il suo vice. Tutto come nella passata stagione? Non proprio, perch\u00e9 il rinnovo del consiglio direttivo ha permesso al club granata di accogliere una gradita presenza al femminile come Roberta Azzalini, oltre a Roger De Menech e a Marco D\u2019Inc\u00e0. \u00ab<em>Volevamo portare una ventata di novit\u00e0 &#8211; afferma il presidente Collarin &#8211; e soprattutto allargare la societ\u00e0 a un pi\u00f9 ampio numero di persone. Perch\u00e9, anche se il direttivo \u00e8 cambiato, nessuno dei precedenti consiglieri se n\u2019\u00e8 andato. Tutti continueranno a lavorare per i colori pontalpini, con ruoli e compiti ben definiti<\/em>\u00bb.\u00a0\u00a0Vale la pena entrare nel dettaglio: il direttore sportivo della prima squadra e degli Juniores \u00e8 Andrea Mazzucco, quello del settore giovanile \u00e8 Enrico De Bona. Il ruolo di segretario spetta a Vasco Costantini, il responsabile dei dirigenti \u00e8 Mauro Bertagno, Edy Triches \u00e8 il magazziniere e Giovanni D\u2019Inc\u00e0 il responsabile dei campi da gioco. A vigilare sulle finanze saranno lo stesso D\u2019Inc\u00e0, Vladimiro Reolon e Alex Burigo.\u00a0\u00a0Capitolo allenatori: Luca De Bona continuer\u00e0 a guidare la prima squadra, impegnata nel campionato di Seconda categoria, Mario Salvador sar\u00e0 al timone degli Juniores, Giuseppe De Rosa degli Allievi, Giuseppe Faso dei Giovanissimi ed Eros Prest degli Esordienti. I Pulcini, invece, saranno sotto l\u2019ala di Fabio Biddau (per quanto riguarda l\u2019annata 2010) e Giovanni De Nardi (2011), mentre i Primi calci verranno seguiti da Stefano Costantini e Vincenzo Maraga. Il compito di preparatore atletico spetta a Tommaso Carlin, Luca Zampieri allener\u00e0 i portieri Juniores e della prima squadra, Loris Funes e Matteo Falluca si occuperanno infine dei portieri legati al settore giovanile.<\/p>\n<p>&nbsp;<\/p>\n<p>&nbsp;<\/p>\n<hr \/>\n<p>&nbsp;<\/p>\n<p class=\"photoswipe-wrapper\"><a class=\"dt-pswp-item pspw-wrap-ready\" href=\"https:\/\/i0.wp.com\/www.radiopiu.net\/wordpress\/wp-content\/uploads\/2018\/09\/WhatsApp-Image-2018-09-20-at-16.04.06.jpeg?ssl=1\" data-dt-img-description=\"\" data-large_image_width=\"800\" data-large_image_height=\"100\"><img loading=\"lazy\" decoding=\"async\" class=\"aligncenter wp-image-61378 size-full jetpack-lazy-image jetpack-lazy-image--handled\" src=\"https:\/\/i0.wp.com\/www.radiopiu.net\/wordpress\/wp-content\/uploads\/2018\/09\/WhatsApp-Image-2018-09-20-at-16.04.06.jpeg?resize=800%2C100&amp;ssl=1\" sizes=\"auto, (max-width: 800px) 100vw, 800px\" srcset=\"https:\/\/i0.wp.com\/www.radiopiu.net\/wordpress\/wp-content\/uploads\/2018\/09\/WhatsApp-Image-2018-09-20-at-16.04.06.jpeg?w=800&amp;ssl=1 800w, https:\/\/i0.wp.com\/www.radiopiu.net\/wordpress\/wp-content\/uploads\/2018\/09\/WhatsApp-Image-2018-09-20-at-16.04.06.jpeg?resize=300%2C38&amp;ssl=1 300w, https:\/\/i0.wp.com\/www.radiopiu.net\/wordpress\/wp-content\/uploads\/2018\/09\/WhatsApp-Image-2018-09-20-at-16.04.06.jpeg?resize=768%2C96&amp;ssl=1 768w\" alt=\"\" width=\"800\" height=\"100\" data-lazy-loaded=\"1\" \/><\/a><\/p>\n<p>&nbsp;<\/p>\n<p style=\"text-align: center;\"><strong>Mercoled\u00ec 24<\/strong><\/p>\n<p>Tempo ancora soleggiato al mattino, eccetto locali nubi basse all&#8217;alba su alcuni settori prealpini. Dalle ore centrali del giorno riduzione del soleggiamento per nascente nuvolosit\u00e0 cumuliforme, la quale torner\u00e0 ad essere pi\u00f9 presente al pomeriggio, localmente moderata con insidia di qualche fenomeno convettivo. Il clima continuer\u00e0 a essere estivo, nonostante il minore soleggiamento.<br \/>\n<strong>Precipitazioni.<\/strong>\u00a0Nella notte non escluso isolati piovaschi su Prealpi orientali (10\/20%). Al mattino fino al primo pomeriggio assenti (0%), poi leggero incremento della probabilit\u00e0 per qualche sporadico temporale di calore tra Dolomiti e Prealpi occidentali (20\/40%), il rischio sar\u00e0 maggiore sulle Prealpi bellunesi (50%). In ogni caso non piover\u00e0 ovunque e non tutti i settori saranno interessati dai temporali.<br \/>\n<strong>Temperature.<\/strong>\u00a0Minime stazionarie in quota e in aumento nelle valli; massime in leggera flessione, anche se il clima sar\u00e0 ancora di stampo estivo. Sono previste punte di 28\/30\u00b0C nei fondovalle prealpini e di 22\/24\u00b0C a 1000\/1200 m. Su Prealpi a 1500 m min 14\u00b0C max 19\u00b0C, a 2000 m min 12\u00b0C max 14\u00b0C. Su Dolomiti a 2000 m min 11\u00b0C max 15\u00b0C, a 3000 m min 5\u00b0C max 6\u00b0C.<br \/>\n<strong>Venti.<\/strong>\u00a0Deboli, a tratti moderati, a regime di brezza nelle valli; deboli\/moderati nord-occidentali in quota, a 5-10 km\/h a 2000 m, 15-25 km\/h a 3000 m.<\/p>\n<p style=\"text-align: center;\"><strong>Gioved\u00ec 25<\/strong><\/p>\n<p>Al mattino tratti soleggiati, anche lunghi, e nuvolosit\u00e0 irregolare per primi addensamenti, localmente gi\u00e0 intensi. Al pomeriggio minore soleggiamento per attivit\u00e0 cumuliforme assai pi\u00f9 presente e spesso intensa. La presenza d&#8217;aria fresca in quota sar\u00e0 alquanto favorevole al verificarsi di temporali convettivi. Clima ancora estivo, nonostante il minore soleggiamento.<br \/>\n<strong>Precipitazioni.<\/strong>\u00a0Fino alle ore centrali del giorno probabilit\u00e0 assai contenuta (10\/20%), poi medio-alta (60\/70%) per rovesci e temporali.<br \/>\n<strong>Temperature.<\/strong>\u00a0In generale diminuzione a tutte le quote. Sono previste punte di 25\/26\u00b0C nei fondovalle prealpini, e di 20\/22\u00b0C a 1000\/1200 m. Su Prealpi a 1500 m min 12\u00b0C max 15\u00b0C, a 2000 m min 10\u00b0C max 12\u00b0C. Su Dolomiti a 2000 m min 9\u00b0C max 13\u00b0C, a 3000 m min 3\u00b0C max 4\u00b0C.<br \/>\n<strong>Venti.<\/strong>\u00a0Deboli, a tratti moderati, a regime di brezza nelle valli; deboli\/moderati da nord-ovest in quota, a 5-10 km\/h a 2000 m, 15-20 km\/h a 3000 m.<\/p>\n<p style=\"text-align: center;\"><strong>Venerd\u00ec 26<\/strong><\/p>\n<p>Il tempo torner\u00e0 ad essere pi\u00f9 soleggiato con minore attivit\u00e0 cumuliforme. l&#8217;insidia per temporali di calore diminuir\u00e0 rispetto a gioved\u00ec. Temperature diurne in ripresa. Venti deboli\/moderati da nord-ovest in quota, deboli\/moderati a regime di brezza nelle valli.<\/p>\n<p style=\"text-align: center;\"><strong>Sabato 27<\/strong><\/p>\n<p>Il sole predominer\u00e0, tuttavia, la forte convezione diurna favorir\u00e0 attivit\u00e0 cumuliforme pomeridiana e se l&#8217;insidia per temporali di calore continuer\u00e0 a diminuire, qualche sporadico focolaio non sar\u00e0 da escludere. Temperature diurne in ripresa. Venti deboli\/moderati da nord-ovest in quota, deboli\/moderati a regime di brezza nelle valli. Previsore: R.L.Th.<\/p>\n","protected":false},"excerpt":{"rendered":"<p>PER RICEVERE QUESTO NOTIZIARIO DIRETTAMENTE SUL TUO CELLULARE ISCRIVITI AL CANALE TELEGRAM\u00a0\u201cRADIO PIU\u00a0 INFORMAZIONE\u201d\u00a0 &nbsp; DILLO A RADIO PIU, ROBERTO CI SCRIVE Regionale 203 Agordina martoriata: oggi coda chilometrica tra Agordo-Cencenighe-Alleghe per gregge di pecore.\u00a0 E la gente che lavora? Cos\u00ec non va.\u00a0 \u00a0Passati anche in galleria a Listolade. Uguale ai gruppi di ciclisti incontrati&hellip;<\/p>\n","protected":false},"author":4,"featured_media":145992,"comment_status":"closed","ping_status":"closed","sticky":false,"template":"","format":"standard","meta":{"_monsterinsights_skip_tracking":false,"_monsterinsights_sitenote_active":false,"_monsterinsights_sitenote_note":"","_monsterinsights_sitenote_category":0,"footnotes":""},"categories":[1,86,49],"tags":[],"class_list":["post-145903","post","type-post","status-publish","format-standard","has-post-thumbnail","hentry","category-senza-categoria","category-gr","category-news-18","category-1","category-86","category-49","description-off"],"img_url":"https:\/\/www.radiopiu.net\/wordpress\/wp-content\/uploads\/2020\/06\/DSC_0466-scaled.jpg","_links":{"self":[{"href":"https:\/\/www.radiopiu.net\/wordpress\/wp-json\/wp\/v2\/posts\/145903","targetHints":{"allow":["GET"]}}],"collection":[{"href":"https:\/\/www.radiopiu.net\/wordpress\/wp-json\/wp\/v2\/posts"}],"about":[{"href":"https:\/\/www.radiopiu.net\/wordpress\/wp-json\/wp\/v2\/types\/post"}],"author":[{"embeddable":true,"href":"https:\/\/www.radiopiu.net\/wordpress\/wp-json\/wp\/v2\/users\/4"}],"replies":[{"embeddable":true,"href":"https:\/\/www.radiopiu.net\/wordpress\/wp-json\/wp\/v2\/comments?post=145903"}],"version-history":[{"count":0,"href":"https:\/\/www.radiopiu.net\/wordpress\/wp-json\/wp\/v2\/posts\/145903\/revisions"}],"wp:featuredmedia":[{"embeddable":true,"href":"https:\/\/www.radiopiu.net\/wordpress\/wp-json\/wp\/v2\/media\/145992"}],"wp:attachment":[{"href":"https:\/\/www.radiopiu.net\/wordpress\/wp-json\/wp\/v2\/media?parent=145903"}],"wp:term":[{"taxonomy":"category","embeddable":true,"href":"https:\/\/www.radiopiu.net\/wordpress\/wp-json\/wp\/v2\/categories?post=145903"},{"taxonomy":"post_tag","embeddable":true,"href":"https:\/\/www.radiopiu.net\/wordpress\/wp-json\/wp\/v2\/tags?post=145903"}],"curies":[{"name":"wp","href":"https:\/\/api.w.org\/{rel}","templated":true}]}}