{"id":145922,"date":"2020-06-24T06:45:56","date_gmt":"2020-06-24T04:45:56","guid":{"rendered":"https:\/\/www.radiopiu.net\/wordpress\/?p=145922"},"modified":"2020-06-24T06:45:48","modified_gmt":"2020-06-24T04:45:48","slug":"246-anniversario-della-fondazione-della-guardia-di-finanza-bilancio-operativo-del-2019-e-dellemergenza-da-covid-19","status":"publish","type":"post","link":"https:\/\/www.radiopiu.net\/wordpress\/246-anniversario-della-fondazione-della-guardia-di-finanza-bilancio-operativo-del-2019-e-dellemergenza-da-covid-19\/","title":{"rendered":"246\u00b0 ANNIVERSARIO DELLA FONDAZIONE DELLA GUARDIA DI FINANZA: BILANCIO OPERATIVO DEL 2019 E DELL\u2019EMERGENZA DA \u201cCOVID-19\u201d"},"content":{"rendered":"<p><strong><a class=\"dt-pswp-item\" href=\"https:\/\/www.radiopiu.net\/wordpress\/wp-content\/uploads\/2020\/06\/IMG_0211-scaled.jpg\" data-dt-img-description=\"\" data-large_image_width=\"2560\" data-large_image_height=\"1707\"><img loading=\"lazy\" decoding=\"async\" class=\"alignleft wp-image-145985\" src=\"https:\/\/www.radiopiu.net\/wordpress\/wp-content\/uploads\/2020\/06\/IMG_0211-300x200.jpg\" alt=\"\" width=\"278\" height=\"185\" srcset=\"https:\/\/www.radiopiu.net\/wordpress\/wp-content\/uploads\/2020\/06\/IMG_0211-300x200.jpg 300w, https:\/\/www.radiopiu.net\/wordpress\/wp-content\/uploads\/2020\/06\/IMG_0211-1024x683.jpg 1024w, https:\/\/www.radiopiu.net\/wordpress\/wp-content\/uploads\/2020\/06\/IMG_0211-768x512.jpg 768w, https:\/\/www.radiopiu.net\/wordpress\/wp-content\/uploads\/2020\/06\/IMG_0211-1536x1024.jpg 1536w, https:\/\/www.radiopiu.net\/wordpress\/wp-content\/uploads\/2020\/06\/IMG_0211-2048x1365.jpg 2048w\" sizes=\"auto, (max-width: 278px) 100vw, 278px\" \/><\/a>BELLUNO<\/strong> Nella mattinata di ieri, a Belluno, presso il Comando Provinciale di via Mezzaterra, \u00e8 stato celebrato il 246\u00b0 Anniversario della Fondazione del Corpo della Guardia di Finanza. La sobria cerimonia ha visto la partecipazione del Prefetto di Belluno, Dott.ssa Adriana Cogode ed i Comandanti di Reparto della Provincia di Belluno.\u00a0La ricorrenza dell\u2019Anniversario di Fondazione \u00e8 l\u2019occasione per tracciare il bilancio dell\u2019attivit\u00e0 svolta dalle Fiamme Gialle della provincia di Belluno nell\u2019anno 2019 e nei primi cinque mesi del 2020.\u00a0L\u2019azione di servizio si \u00e8 sviluppata attraverso la realizzazione di 49 Piani Operativi, diretti all\u2019aggressione delle pi\u00f9 dannose e pericolose manifestazioni di illegalit\u00e0 economico-finanziaria nella provincia di Belluno.\u00a0Di seguito, si riportano i risultati operativi pi\u00f9 significativi, conseguiti da gennaio del 2019 a maggio del 2020.\u00a0<em><b>LOTTA ALL\u2019EVASIONE, ALL\u2019ELUSIONE ED <a class=\"dt-pswp-item\" href=\"https:\/\/www.radiopiu.net\/wordpress\/wp-content\/uploads\/2020\/06\/DSC_0023-scaled.jpg\" data-dt-img-description=\"\" data-large_image_width=\"2560\" data-large_image_height=\"1700\"><img loading=\"lazy\" decoding=\"async\" class=\" wp-image-145986 alignright\" src=\"https:\/\/www.radiopiu.net\/wordpress\/wp-content\/uploads\/2020\/06\/DSC_0023-300x199.jpg\" alt=\"\" width=\"232\" height=\"154\" srcset=\"https:\/\/www.radiopiu.net\/wordpress\/wp-content\/uploads\/2020\/06\/DSC_0023-300x199.jpg 300w, https:\/\/www.radiopiu.net\/wordpress\/wp-content\/uploads\/2020\/06\/DSC_0023-1024x680.jpg 1024w, https:\/\/www.radiopiu.net\/wordpress\/wp-content\/uploads\/2020\/06\/DSC_0023-768x510.jpg 768w, https:\/\/www.radiopiu.net\/wordpress\/wp-content\/uploads\/2020\/06\/DSC_0023-1536x1020.jpg 1536w, https:\/\/www.radiopiu.net\/wordpress\/wp-content\/uploads\/2020\/06\/DSC_0023-2048x1360.jpg 2048w\" sizes=\"auto, (max-width: 232px) 100vw, 232px\" \/><\/a>ALLE FRODI FISCALI <\/b><\/em>L\u2019attivit\u00e0 operativa nel settore del contrasto all\u2019evasione si \u00e8 concretizzata nell\u2019esecuzione di 170 tra verifiche e controlli fiscali, con la scoperta di 24 evasori totali. Sono stati scoperti 51 lavoratori \u201cin nero\u201d o irregolari, accertando la responsabilit\u00e0 di 13 datori di lavoro e la denuncia all\u2019Autorit\u00e0 Giudiziaria di 7 persone per reati fiscali. Sono state sottoposte a sequestro preventivo per equivalente, per reati tributari, disponibilit\u00e0 finanziarie presso istituti di credito per 331.552 euro.\u00a0<em><b>CONTRASTO AGLI ILLECITI NEL SETTORE\u00a0<\/b><b>DELLA TUTELA DELLA SPESA PUBBLICA <\/b><\/em>Sono stati denunciati a piede libero all\u2019Autorit\u00e0 Giudiziaria 2 soggetti, per usura, per un valore di \u20ac. 214.000.\u00a0Sono stati effettuati 21 controlli volti a verificare la sussistenza dei requisiti di legge previsti per l\u2019erogazione di prestazioni sociali agevolate, con percentuali di irregolarit\u00e0 pari al 24% dei casi, e 21 controlli per l\u2019esenzione del <i>tic<\/i><i>k<\/i><i>et <\/i>sanitario, con percentuali di irregolarit\u00e0 pari al 62% <a class=\"dt-pswp-item\" href=\"https:\/\/www.radiopiu.net\/wordpress\/wp-content\/uploads\/2020\/06\/DSC_0024-scaled.jpg\" data-dt-img-description=\"\" data-large_image_width=\"2560\" data-large_image_height=\"1700\"><img loading=\"lazy\" decoding=\"async\" class=\"alignleft wp-image-145987\" src=\"https:\/\/www.radiopiu.net\/wordpress\/wp-content\/uploads\/2020\/06\/DSC_0024-300x199.jpg\" alt=\"\" width=\"267\" height=\"177\" srcset=\"https:\/\/www.radiopiu.net\/wordpress\/wp-content\/uploads\/2020\/06\/DSC_0024-300x199.jpg 300w, https:\/\/www.radiopiu.net\/wordpress\/wp-content\/uploads\/2020\/06\/DSC_0024-1024x680.jpg 1024w, https:\/\/www.radiopiu.net\/wordpress\/wp-content\/uploads\/2020\/06\/DSC_0024-768x510.jpg 768w, https:\/\/www.radiopiu.net\/wordpress\/wp-content\/uploads\/2020\/06\/DSC_0024-1536x1020.jpg 1536w, https:\/\/www.radiopiu.net\/wordpress\/wp-content\/uploads\/2020\/06\/DSC_0024-2048x1360.jpg 2048w\" sizes=\"auto, (max-width: 267px) 100vw, 267px\" \/><\/a>dei casi. <em><b>CONTRASTO ALLA CRIMINALITA\u2019 ECONOMICO-FINANZIARIA\u00a0<\/b><b>ANCHE ORGANIZZATA <\/b><\/em>Nello stesso periodo, sono state approfondite 25 segnalazioni di operazioni finanziarie sospette. Sono stati denunciati 3 soggetti, per peculato, per un valore complessivo di \u20ac. 744.607.\u00a0<em><b>TUTELA DEI CONSUMATORI <\/b><\/em>Sono stati sequestrati 2.199 prodotti contraffatti o non conformi alla disciplina sulla tutela del \u201cmade in Italy\u201d o sulla sicurezza prodotti, nei settori abbigliamento e accessori, calzature, prodotti di profumeria e giocattoli, con il deferimento all\u2019Autorit\u00e0 Giudiziaria di 2 responsabili. <em><b>CONTROLLO DEL TERRITORIO E CONTRASTO AI TRAFFICI ILLECITI <\/b><\/em>Sono stati condotti 1.386 interventi nell\u2019ambito del controllo economico del territorio. Tra questi, si segnalano, in <a class=\"dt-pswp-item\" href=\"https:\/\/www.radiopiu.net\/wordpress\/wp-content\/uploads\/2020\/06\/DSC_0090-scaled.jpg\" data-dt-img-description=\"\" data-large_image_width=\"2560\" data-large_image_height=\"1700\"><img loading=\"lazy\" decoding=\"async\" class=\"size-medium wp-image-145989 alignright\" src=\"https:\/\/www.radiopiu.net\/wordpress\/wp-content\/uploads\/2020\/06\/DSC_0090-300x199.jpg\" alt=\"\" width=\"300\" height=\"199\" srcset=\"https:\/\/www.radiopiu.net\/wordpress\/wp-content\/uploads\/2020\/06\/DSC_0090-300x199.jpg 300w, https:\/\/www.radiopiu.net\/wordpress\/wp-content\/uploads\/2020\/06\/DSC_0090-1024x680.jpg 1024w, https:\/\/www.radiopiu.net\/wordpress\/wp-content\/uploads\/2020\/06\/DSC_0090-768x510.jpg 768w, https:\/\/www.radiopiu.net\/wordpress\/wp-content\/uploads\/2020\/06\/DSC_0090-1536x1020.jpg 1536w, https:\/\/www.radiopiu.net\/wordpress\/wp-content\/uploads\/2020\/06\/DSC_0090-2048x1360.jpg 2048w\" sizes=\"auto, (max-width: 300px) 100vw, 300px\" \/><\/a>particolare, quelli svolti in materia di controlli sulla regolare emissione dello scontrino fiscale (965), di trasporto merci su strada (311, di cui 87 nel settore della circolazione dei prodotti sottoposti ad accise), nonch\u00e9 in materia di indici di capacit\u00e0 contributiva (42), cio\u00e8 controlli su strada ai possessori di autovetture di lusso, per poi verificare che questi dichiarino redditi congrui al tenore di vita. Sono 26 gli interventi effettuati presso sale giochi e centri di scommesse, constatando n. 1 irregolarit\u00e0.\u00a0<em><b>LE OPERAZIONI DI SOCCORSO E\u00a0<\/b><b>IL CONCORSO NEI SERVIZI DI ORDINE E SICUREZZA PUBBLICA <\/b><\/em>Le Stazioni di Soccorso Alpino della Guardia di Finanza (S.A.G.F.) di Auronzo di Cadore e di Cortina d\u2019Ampezzo hanno effettuato 286 interventi, soccorrendo 284 persone, oltre a svolgere attivit\u00e0 di vigilanza e soccorso sulle piste dei comprensori sciistici delle Cinque Torri di Cortina d\u2019Ampezzo e del Monte Siera di Sappada. <em><b><a class=\"dt-pswp-item\" href=\"https:\/\/www.radiopiu.net\/wordpress\/wp-content\/uploads\/2020\/06\/DSC_0470-scaled.jpg\" data-dt-img-description=\"\" data-large_image_width=\"2560\" data-large_image_height=\"1700\"><img loading=\"lazy\" decoding=\"async\" class=\"alignleft wp-image-145991\" src=\"https:\/\/www.radiopiu.net\/wordpress\/wp-content\/uploads\/2020\/06\/DSC_0470-300x199.jpg\" alt=\"\" width=\"274\" height=\"182\" srcset=\"https:\/\/www.radiopiu.net\/wordpress\/wp-content\/uploads\/2020\/06\/DSC_0470-300x199.jpg 300w, https:\/\/www.radiopiu.net\/wordpress\/wp-content\/uploads\/2020\/06\/DSC_0470-1024x680.jpg 1024w, https:\/\/www.radiopiu.net\/wordpress\/wp-content\/uploads\/2020\/06\/DSC_0470-768x510.jpg 768w, https:\/\/www.radiopiu.net\/wordpress\/wp-content\/uploads\/2020\/06\/DSC_0470-1536x1020.jpg 1536w, https:\/\/www.radiopiu.net\/wordpress\/wp-content\/uploads\/2020\/06\/DSC_0470-2048x1360.jpg 2048w\" sizes=\"auto, (max-width: 274px) 100vw, 274px\" \/><\/a>BILANCIO OPERATIVO NELLO STATO DI EMERGENZA DA COVID-19 <\/b><\/em>Sono state impiegate 428 pattuglie ordinarie su strada a cui si aggiungono le 199 del comparto S.A.G.F., che hanno complessivamente controllato 2.375 persone e 2.446 esercizi commerciali, sanzionando complessivamente 94 persone per violazioni al D.L. 19\/2020.\u00a0Sono state monitorate farmacie e parafarmacie della provincia bellunese, effettuando 30 controlli complessivi, dai quali non sono emerse particolari irregolarit\u00e0.<span class=\"Apple-converted-space\">\u00a0\u00a0<\/span>Con riferimento alle mascherine protettive, dispositivi di protezione individuale (DPI) e presidi medico-chirurgici (PMI), i controlli effettuati hanno portato al sequestro di 1.231 mascherine.\u00a0Quale supporto al Prefetto per vagliare e riscontrare la veridicit\u00e0 delle comunicazioni inviate dalle attivit\u00e0 produttive operanti in Provincia per la prosecuzione della propria attivit\u00e0, sono state esaminate oltre 1.200 comunicazioni e sono stati eseguiti 62 controlli presso le imprese per verificare la veridicit\u00e0 dei contenuti delle comunicazioni inviate al Prefetto dalle aziende che, ritenendo di rientrare nelle esimenti di cui ai DPCM datati 22 marzo 2020 e 10 aprile 2020, avevano inteso proseguire la loro attivit\u00e0 industriale o commerciale.<\/p>\n<p>&nbsp;<\/p>\n<p>&nbsp;<\/p>\n","protected":false},"excerpt":{"rendered":"<p>BELLUNO Nella mattinata di ieri, a Belluno, presso il Comando Provinciale di via Mezzaterra, \u00e8 stato celebrato il 246\u00b0 Anniversario della Fondazione del Corpo della Guardia di Finanza. La sobria cerimonia ha visto la partecipazione del Prefetto di Belluno, Dott.ssa Adriana Cogode ed i Comandanti di Reparto della Provincia di Belluno.\u00a0La ricorrenza dell\u2019Anniversario di Fondazione&hellip;<\/p>\n","protected":false},"author":4,"featured_media":145989,"comment_status":"closed","ping_status":"closed","sticky":false,"template":"","format":"standard","meta":{"_monsterinsights_skip_tracking":false,"_monsterinsights_sitenote_active":false,"_monsterinsights_sitenote_note":"","_monsterinsights_sitenote_category":0,"footnotes":""},"categories":[49],"tags":[],"class_list":["post-145922","post","type-post","status-publish","format-standard","has-post-thumbnail","hentry","category-news-18","category-49","description-off"],"img_url":"https:\/\/www.radiopiu.net\/wordpress\/wp-content\/uploads\/2020\/06\/DSC_0090-scaled.jpg","_links":{"self":[{"href":"https:\/\/www.radiopiu.net\/wordpress\/wp-json\/wp\/v2\/posts\/145922","targetHints":{"allow":["GET"]}}],"collection":[{"href":"https:\/\/www.radiopiu.net\/wordpress\/wp-json\/wp\/v2\/posts"}],"about":[{"href":"https:\/\/www.radiopiu.net\/wordpress\/wp-json\/wp\/v2\/types\/post"}],"author":[{"embeddable":true,"href":"https:\/\/www.radiopiu.net\/wordpress\/wp-json\/wp\/v2\/users\/4"}],"replies":[{"embeddable":true,"href":"https:\/\/www.radiopiu.net\/wordpress\/wp-json\/wp\/v2\/comments?post=145922"}],"version-history":[{"count":0,"href":"https:\/\/www.radiopiu.net\/wordpress\/wp-json\/wp\/v2\/posts\/145922\/revisions"}],"wp:featuredmedia":[{"embeddable":true,"href":"https:\/\/www.radiopiu.net\/wordpress\/wp-json\/wp\/v2\/media\/145989"}],"wp:attachment":[{"href":"https:\/\/www.radiopiu.net\/wordpress\/wp-json\/wp\/v2\/media?parent=145922"}],"wp:term":[{"taxonomy":"category","embeddable":true,"href":"https:\/\/www.radiopiu.net\/wordpress\/wp-json\/wp\/v2\/categories?post=145922"},{"taxonomy":"post_tag","embeddable":true,"href":"https:\/\/www.radiopiu.net\/wordpress\/wp-json\/wp\/v2\/tags?post=145922"}],"curies":[{"name":"wp","href":"https:\/\/api.w.org\/{rel}","templated":true}]}}