{"id":145968,"date":"2020-06-23T16:40:09","date_gmt":"2020-06-23T14:40:09","guid":{"rendered":"https:\/\/www.radiopiu.net\/wordpress\/?p=145968"},"modified":"2020-06-24T06:43:18","modified_gmt":"2020-06-24T04:43:18","slug":"donatori-del-sangue-la-ulss-risponde-allabvs-nessuna-intenzione-di-trascurarli","status":"publish","type":"post","link":"https:\/\/www.radiopiu.net\/wordpress\/donatori-del-sangue-la-ulss-risponde-allabvs-nessuna-intenzione-di-trascurarli\/","title":{"rendered":"DONATORI DEL SANGUE LA ULSS RISPONDE ALL&#8217;ABVS: &#8220;NESSUNA INTENZIONE DI TRASCURARLI&#8221;"},"content":{"rendered":"<p><strong>BELLUNO<\/strong> Stamane su alcuni organi di stampa del bellunesi\u00a0 (scelti dall&#8217;Abvs che ha commissionato un articolo o meglio una pagina) sono comparse alcune note e sollevati alcuni problemi. Gi\u00e0 nel pomeriggio la risposta della Ulss che qui sintetizziamo<\/p>\n<p><em><a class=\"dt-pswp-item\" href=\"https:\/\/www.radiopiu.net\/wordpress\/wp-content\/uploads\/2020\/03\/sangue.jpg\" data-dt-img-description=\"\" data-large_image_width=\"800\" data-large_image_height=\"533\"><img loading=\"lazy\" decoding=\"async\" class=\"alignleft  wp-image-124189\" src=\"https:\/\/www.radiopiu.net\/wordpress\/wp-content\/uploads\/2020\/03\/sangue-300x200.jpg\" alt=\"\" width=\"221\" height=\"147\" srcset=\"https:\/\/www.radiopiu.net\/wordpress\/wp-content\/uploads\/2020\/03\/sangue-300x200.jpg 300w, https:\/\/www.radiopiu.net\/wordpress\/wp-content\/uploads\/2020\/03\/sangue-768x512.jpg 768w, https:\/\/www.radiopiu.net\/wordpress\/wp-content\/uploads\/2020\/03\/sangue.jpg 800w\" sizes=\"auto, (max-width: 221px) 100vw, 221px\" \/><\/a>&#8220;Come ogni organizzazione complessa, i fattori da governare sono molteplici e vanno valutati nelle loro insieme -ricorda l&#8217;azienda bellunese &#8211; nella prima fase dell\u2019emergenza COVID, il fabbisogno di sangue in tutte le strutture sanitarie \u00e8 calato in quanto era stata ridimensionata l\u2019attivit\u00e0 chirurgica, mantenendo solo gli interventi in emergenza e urgenza e per i pazienti oncologici, principalmente per tenere liberi i posti in terapia intensiva per i casi COVID. Nella fase 2, l\u2019attivit\u00e0 chirurgica sta gradualmente riprendendo&#8221;.<\/em> Risale al 16 marzo una comunicazione del direttore generale nella quale informava\u00a0le Associazioni dei donatori di un\u2019eccedenza di sangue a livello nazionale e, quindi, invitandole a donazioni programmate su chiamata.\u00a0In ragione dell\u2019eccedenza a livello nazionale, la raccolta di sangue a Pieve di Cadore e Agordo \u00e8 stata sospesa dal 21 marzo.<em> &#8220;La riduzione di raccolta di sangue &#8211; continua la Ulss1 &#8211;\u00a0 ha consentito di non avere alcun scaduto di emazie tra il 1 marzo e il 31 maggio 2020, ottimizzando il sistema ed evitando sprechi&#8221;.<\/em> Stante il mix di criticit\u00e0 in risorse umane di profilo medico e le monitorate necessit\u00e0 per l\u2019autosufficienza locale, regionale e nazionale, permane la sospensione della raccolta dalle articolazioni organizzative di Agordo e Pieve di Cadore fino a nuove soluzioni che l\u2019Azienda sta cercando al fine di consentire ai donatori dell\u2019Agordino e del Cadore di esprimere la propria generosit\u00e0 senza dover recarsi a Belluno. &#8220;<em> Attualmente\u00a0 &#8211; conclude l&#8217;azienda sanitaria &#8211; l\u2019organico medico presente nell\u2019Unit\u00e0 operativa \u00e8 sottodimensionato rispetto alle esigenze delle attivit\u00e0 finora garantire e l\u2019azienda Ulss ha attivato tutte le modalit\u00e0 previste di ricerca del personale, con esiti in verit\u00e0 insoddisfacenti a causa della nota penuria di medici specialisti in questa e in molte altre specialit\u00e0. L\u2019azienda peraltro promuover\u00e0 ogni possibile strumento per superare l\u2019attuale periodo di difficolt\u00e0. Non c\u2019\u00e8 alcuna intenzione da parte dell\u2019Ulss Dolomiti di \u201ctrascurare\u201d i donatori di sangue tanto pi\u00f9 che gli stessi sono direttamente coinvolti nella gestione del sistema&#8221;<\/em><\/p>\n","protected":false},"excerpt":{"rendered":"<p>BELLUNO Stamane su alcuni organi di stampa del bellunesi\u00a0 (scelti dall&#8217;Abvs che ha commissionato un articolo o meglio una pagina) sono comparse alcune note e sollevati alcuni problemi. Gi\u00e0 nel pomeriggio la risposta della Ulss che qui sintetizziamo &#8220;Come ogni organizzazione complessa, i fattori da governare sono molteplici e vanno valutati nelle loro insieme -ricorda&hellip;<\/p>\n","protected":false},"author":1,"featured_media":124189,"comment_status":"closed","ping_status":"closed","sticky":false,"template":"","format":"standard","meta":{"_monsterinsights_skip_tracking":false,"_monsterinsights_sitenote_active":false,"_monsterinsights_sitenote_note":"","_monsterinsights_sitenote_category":0,"footnotes":""},"categories":[49],"tags":[],"class_list":["post-145968","post","type-post","status-publish","format-standard","has-post-thumbnail","hentry","category-news-18","category-49","description-off"],"img_url":"https:\/\/www.radiopiu.net\/wordpress\/wp-content\/uploads\/2020\/03\/sangue.jpg","_links":{"self":[{"href":"https:\/\/www.radiopiu.net\/wordpress\/wp-json\/wp\/v2\/posts\/145968","targetHints":{"allow":["GET"]}}],"collection":[{"href":"https:\/\/www.radiopiu.net\/wordpress\/wp-json\/wp\/v2\/posts"}],"about":[{"href":"https:\/\/www.radiopiu.net\/wordpress\/wp-json\/wp\/v2\/types\/post"}],"author":[{"embeddable":true,"href":"https:\/\/www.radiopiu.net\/wordpress\/wp-json\/wp\/v2\/users\/1"}],"replies":[{"embeddable":true,"href":"https:\/\/www.radiopiu.net\/wordpress\/wp-json\/wp\/v2\/comments?post=145968"}],"version-history":[{"count":0,"href":"https:\/\/www.radiopiu.net\/wordpress\/wp-json\/wp\/v2\/posts\/145968\/revisions"}],"wp:featuredmedia":[{"embeddable":true,"href":"https:\/\/www.radiopiu.net\/wordpress\/wp-json\/wp\/v2\/media\/124189"}],"wp:attachment":[{"href":"https:\/\/www.radiopiu.net\/wordpress\/wp-json\/wp\/v2\/media?parent=145968"}],"wp:term":[{"taxonomy":"category","embeddable":true,"href":"https:\/\/www.radiopiu.net\/wordpress\/wp-json\/wp\/v2\/categories?post=145968"},{"taxonomy":"post_tag","embeddable":true,"href":"https:\/\/www.radiopiu.net\/wordpress\/wp-json\/wp\/v2\/tags?post=145968"}],"curies":[{"name":"wp","href":"https:\/\/api.w.org\/{rel}","templated":true}]}}