{"id":145969,"date":"2020-06-24T06:40:38","date_gmt":"2020-06-24T04:40:38","guid":{"rendered":"https:\/\/www.radiopiu.net\/wordpress\/?p=145969"},"modified":"2020-06-24T06:44:00","modified_gmt":"2020-06-24T04:44:00","slug":"giornata-impegnativa-per-il-soccorso-alpino-tra-cortina-ed-auronzo","status":"publish","type":"post","link":"https:\/\/www.radiopiu.net\/wordpress\/giornata-impegnativa-per-il-soccorso-alpino-tra-cortina-ed-auronzo\/","title":{"rendered":"GIORNATA IMPEGNATIVA PER IL SOCCORSO ALPINO TRA CORTINA,  AURONZO E BELLUNO MONTE SERVA"},"content":{"rendered":"<p><strong><a class=\"dt-pswp-item\" href=\"https:\/\/www.radiopiu.net\/wordpress\/wp-content\/uploads\/2019\/08\/IMG-20190813-WA0004.jpg\" data-dt-img-description=\"\" data-large_image_width=\"1200\" data-large_image_height=\"1600\"><img loading=\"lazy\" decoding=\"async\" class=\"alignleft size-medium wp-image-95475\" src=\"https:\/\/www.radiopiu.net\/wordpress\/wp-content\/uploads\/2019\/08\/IMG-20190813-WA0004-225x300.jpg\" alt=\"\" width=\"225\" height=\"300\" srcset=\"https:\/\/www.radiopiu.net\/wordpress\/wp-content\/uploads\/2019\/08\/IMG-20190813-WA0004-225x300.jpg 225w, https:\/\/www.radiopiu.net\/wordpress\/wp-content\/uploads\/2019\/08\/IMG-20190813-WA0004-768x1024.jpg 768w, https:\/\/www.radiopiu.net\/wordpress\/wp-content\/uploads\/2019\/08\/IMG-20190813-WA0004.jpg 1200w\" sizes=\"auto, (max-width: 225px) 100vw, 225px\" \/><\/a>CORTINA<\/strong>\u00a0 Ieri in mattinata il Suem 118 ha soccorso una coppia in difficolt\u00e0 tra Forcella Col dei Bos e la Galleria del Castelletto, sulla Tofana di Rozes. Forse a causa di un tratto franoso del sentiero la donna, 54 anni, di Bolzano, \u00e8 stata colta da una crisi di panico, impossibilitata a proseguire l&#8217;escursionista \u00e8 stata recuperata con un verricello e trasportata a valle, mentre il marito \u00e8 rientrato autonomamente.<\/p>\n<p>Una squadra del Sagf di Cortina \u00e8 andata incontro ai proprietari di un cane morso al naso da una vipera in Val di Fanes. I soccorritori hanno raggiunto la coppia, che stava portando in braccio Jack, e la ha accompagnata dal veterinario.<\/p>\n<p>Salendo la Via Grohmann alla Croda Rossa d&#8217;Ampezzo un uomo \u00e8 stato investito da una scarica di sassi. L&#8217;elicottero dell&#8217;Aiut Alpin Dolomites di Bolzano ha provveduto a soccorrere l&#8217;infortunato, che \u00e8 stato accompagnato al Codivilla per le possibili contusioni.<\/p>\n<p><strong>AURONZO <\/strong>Un&#8217;escursionista \u00e8 caduta non distante dal Rifugio Lavaredo, sulle Tre Cime, ad Auronzo di Cadore, riportando\u00a0 trauma al bacino. La donna \u00e8 stata individuata e imbarcata dal Pelikan di Bolzano.<\/p>\n<p>&nbsp;<\/p>\n<p><strong><img decoding=\"async\" class=\"alignleft\" src=\"https:\/\/www.radiopiu.net\/wordpress\/wp-content\/uploads\/2020\/06\/download-23.jpg\" \/>BELLUNO<\/strong> Nel pomeriggio l&#8217;elicottero del Suem di Pieve di Cadore \u00e8 volato sul Monte Serva dove, a circa 1.600 metri di quota, un ventunenne bellunese, che si trovava con amici, si \u00e8 storto una caviglia nella fase di discesa. Una volta sbarcati in hovering nelle vicinanze, medico e tecnico di elisoccorso hanno prestato le prime cure al ragazzo, recuperato con un verricello di 5 metri e trasportato all&#8217;ospedale di Belluno.<\/p>\n<p>&nbsp;<\/p>\n<p>foto adorable.belluno.it<\/p>\n","protected":false},"excerpt":{"rendered":"<p>CORTINA\u00a0 Ieri in mattinata il Suem 118 ha soccorso una coppia in difficolt\u00e0 tra Forcella Col dei Bos e la Galleria del Castelletto, sulla Tofana di Rozes. Forse a causa di un tratto franoso del sentiero la donna, 54 anni, di Bolzano, \u00e8 stata colta da una crisi di panico, impossibilitata a proseguire l&#8217;escursionista \u00e8&hellip;<\/p>\n","protected":false},"author":1,"featured_media":102423,"comment_status":"closed","ping_status":"closed","sticky":false,"template":"","format":"standard","meta":{"_monsterinsights_skip_tracking":false,"_monsterinsights_sitenote_active":false,"_monsterinsights_sitenote_note":"","_monsterinsights_sitenote_category":0,"footnotes":""},"categories":[51,49],"tags":[],"class_list":["post-145969","post","type-post","status-publish","format-standard","has-post-thumbnail","hentry","category-evidenza-top","category-news-18","category-51","category-49","description-off"],"img_url":"https:\/\/www.radiopiu.net\/wordpress\/wp-content\/uploads\/2019\/10\/pelikan1c_heli-e1529330054909.jpg","_links":{"self":[{"href":"https:\/\/www.radiopiu.net\/wordpress\/wp-json\/wp\/v2\/posts\/145969","targetHints":{"allow":["GET"]}}],"collection":[{"href":"https:\/\/www.radiopiu.net\/wordpress\/wp-json\/wp\/v2\/posts"}],"about":[{"href":"https:\/\/www.radiopiu.net\/wordpress\/wp-json\/wp\/v2\/types\/post"}],"author":[{"embeddable":true,"href":"https:\/\/www.radiopiu.net\/wordpress\/wp-json\/wp\/v2\/users\/1"}],"replies":[{"embeddable":true,"href":"https:\/\/www.radiopiu.net\/wordpress\/wp-json\/wp\/v2\/comments?post=145969"}],"version-history":[{"count":0,"href":"https:\/\/www.radiopiu.net\/wordpress\/wp-json\/wp\/v2\/posts\/145969\/revisions"}],"wp:featuredmedia":[{"embeddable":true,"href":"https:\/\/www.radiopiu.net\/wordpress\/wp-json\/wp\/v2\/media\/102423"}],"wp:attachment":[{"href":"https:\/\/www.radiopiu.net\/wordpress\/wp-json\/wp\/v2\/media?parent=145969"}],"wp:term":[{"taxonomy":"category","embeddable":true,"href":"https:\/\/www.radiopiu.net\/wordpress\/wp-json\/wp\/v2\/categories?post=145969"},{"taxonomy":"post_tag","embeddable":true,"href":"https:\/\/www.radiopiu.net\/wordpress\/wp-json\/wp\/v2\/tags?post=145969"}],"curies":[{"name":"wp","href":"https:\/\/api.w.org\/{rel}","templated":true}]}}