{"id":145981,"date":"2021-04-30T04:59:35","date_gmt":"2021-04-30T02:59:35","guid":{"rendered":"https:\/\/www.radiopiu.net\/wordpress\/?p=145981"},"modified":"2021-04-30T10:09:45","modified_gmt":"2021-04-30T08:09:45","slug":"monorotaia-belluno","status":"publish","type":"post","link":"https:\/\/www.radiopiu.net\/wordpress\/monorotaia-belluno\/","title":{"rendered":"MONOROTAIA: BELLUNO-BOLZANO-EUROPA, IL QUINTO PROGETTO PER LA PROVINCIA"},"content":{"rendered":"<p><strong>di Mirko Mezzacasa<\/strong><\/p>\n<p><em>Ai quattro progetti pre il treno delle Dolomiti va aggiunto anche il quinto, quello dell&#8217;architetto De Simone che da alcuni mesi abbiamo presentato alla radio nello scorso mese di giugno e settembre. E&#8217; la proposta di un gruppo svizzero gi\u00e0 sul tavolo della Provincia<\/em><\/p>\n<p><em>&#8220;Il presidente Padrin sta analizzando anche il nostro progetto. Mi sembra che esso ,oltre ai costi di gran lunga inferiori, sia l\u2019unico a garantire la consegna di tutta la linea prima delle Olimpiadi del 2026, ad autofinanziarsi utilizzando il Project Financing,ed a collegare anche Belluno con Bolzano. Prima della decisione finale,spero che venga organizzato un confronto pubblico,con gli autori di tutti i progetti&#8221;.<\/em><\/p>\n<p><strong>Dichiarazione a Radio Pi\u00f9 dell&#8217;architetto Fernando De Simone<\/strong><\/p>\n<p>&nbsp;<\/p>\n<p><strong>ARCHIVIO RADIO PIU GIUGNO 2020<\/strong><\/p>\n<p><strong><a class=\"dt-pswp-item\" href=\"https:\/\/www.radiopiu.net\/wordpress\/wp-content\/uploads\/2020\/06\/^^^-Intamin-Transportation-arch.Fernando-De-Simone-Monorotaia-sopraelevata.jpg\" data-dt-img-description=\"\" data-large_image_width=\"1474\" data-large_image_height=\"926\"><img loading=\"lazy\" decoding=\"async\" class=\"alignleft size-medium wp-image-146387\" src=\"https:\/\/www.radiopiu.net\/wordpress\/wp-content\/uploads\/2020\/06\/^^^-Intamin-Transportation-arch.Fernando-De-Simone-Monorotaia-sopraelevata-300x188.jpg\" alt=\"\" width=\"300\" height=\"188\" srcset=\"https:\/\/www.radiopiu.net\/wordpress\/wp-content\/uploads\/2020\/06\/^^^-Intamin-Transportation-arch.Fernando-De-Simone-Monorotaia-sopraelevata-300x188.jpg 300w, https:\/\/www.radiopiu.net\/wordpress\/wp-content\/uploads\/2020\/06\/^^^-Intamin-Transportation-arch.Fernando-De-Simone-Monorotaia-sopraelevata-1024x643.jpg 1024w, https:\/\/www.radiopiu.net\/wordpress\/wp-content\/uploads\/2020\/06\/^^^-Intamin-Transportation-arch.Fernando-De-Simone-Monorotaia-sopraelevata-768x482.jpg 768w, https:\/\/www.radiopiu.net\/wordpress\/wp-content\/uploads\/2020\/06\/^^^-Intamin-Transportation-arch.Fernando-De-Simone-Monorotaia-sopraelevata.jpg 1474w\" sizes=\"auto, (max-width: 300px) 100vw, 300px\" \/><\/a>AGORDO<\/strong> <em>&#8220;Desidero evidenziare che la nostra proposta non \u00e8 in alternativa alle altre e tutte possono tranquillamente convivere, saranno i viaggiatori a scegliere il mezzo pi\u00f9 idoneo con riferimento ad orari, stazione di partenza, tempi impiegati&#8221;. <\/em>Inizia da qui la lunga chiacchierata con Fernando De Simone, l&#8217;architetto specializzato in trasporti, tunnel, costruzioni sotterranee e sottomarine, ingegneria sismica con un curriculum interessante ed esponenziale. Il tema della chiacchierata non \u00e8 un tunnel, perch\u00e9 il progetto della monorotaia Belluno-Agordo (per iniziare) non prevede attraversamenti di montagne, quelle si sorvolano. <strong>Dunque architetto veniamo al sodo, qual&#8217;\u00e8 l&#8217;obiettivo che cullate? <\/strong><em>&#8220;Collegare Belluno con Agordo, per poi estendere la rete fino ad Alleghe ed alla stazione di Bolzano in fasi successive&#8221;<\/em>. <strong>Senza considerare Cortina sede Olimpica 2026? <\/strong><em>&#8220;Se la Regione si render\u00e0 conto che sar\u00e0 difficile ultimare la soluzione che sceglier\u00e0 (treno ndr.) per il 2026 noi siamo disponibili a collaborare ed estendere la rete fino all&#8217;Ampezzano&#8221;.<\/em> <strong>Concretamente una monorotaia che numeri colleziona? <\/strong><em>&#8220;Quanto serve. Visti gli effetti del covid19 puntiamo ad avere vetture piccole anche da 30 posti anti assembramento, ma si pu\u00f2 disporre di mezzi anche da 200-300 persone. Si pu\u00f2 arrivare a 2500 persone ma anche a 5000 all&#8217;ora coprendo le necessit\u00e0 di chi si sposta per lavoro tra Belluno ed Agordo-Luxottica. Le nostre vetture con sistema di controllo antivirus ,singolarmente dotate di un motore elettrico e governate da computer, a seconda dei viaggiatori che attendono nelle stazioni, possono essere aumentate o ridotte automaticamente dal deposito&#8221;.<\/em> <strong>Quindi un&#8217;offerta modulare? <\/strong><em><a class=\"dt-pswp-item\" href=\"https:\/\/www.radiopiu.net\/wordpress\/wp-content\/uploads\/2020\/06\/^^^Intamin-Transportation-arch.Fernando-De-Simone-2.jpg\" data-dt-img-description=\"\" data-large_image_width=\"2226\" data-large_image_height=\"1238\"><img loading=\"lazy\" decoding=\"async\" class=\"size-medium wp-image-146386 alignright\" src=\"https:\/\/www.radiopiu.net\/wordpress\/wp-content\/uploads\/2020\/06\/^^^Intamin-Transportation-arch.Fernando-De-Simone-2-300x167.jpg\" alt=\"\" width=\"300\" height=\"167\" srcset=\"https:\/\/www.radiopiu.net\/wordpress\/wp-content\/uploads\/2020\/06\/^^^Intamin-Transportation-arch.Fernando-De-Simone-2-300x167.jpg 300w, https:\/\/www.radiopiu.net\/wordpress\/wp-content\/uploads\/2020\/06\/^^^Intamin-Transportation-arch.Fernando-De-Simone-2-1024x570.jpg 1024w, https:\/\/www.radiopiu.net\/wordpress\/wp-content\/uploads\/2020\/06\/^^^Intamin-Transportation-arch.Fernando-De-Simone-2-768x427.jpg 768w, https:\/\/www.radiopiu.net\/wordpress\/wp-content\/uploads\/2020\/06\/^^^Intamin-Transportation-arch.Fernando-De-Simone-2-1536x854.jpg 1536w, https:\/\/www.radiopiu.net\/wordpress\/wp-content\/uploads\/2020\/06\/^^^Intamin-Transportation-arch.Fernando-De-Simone-2-2048x1139.jpg 2048w\" sizes=\"auto, (max-width: 300px) 100vw, 300px\" \/><\/a>&#8220;Certo perch\u00e8 nelle diverse ore ci sono diversi flussi di traffico e quindi di richiesta. Con economie di scala si mettono a disposizione i mezzi a seconda delle esigenze. L&#8217;investimento \u00e8 graduale pi\u00f9 aumenta la richiesta e pi\u00f9 aumentano le vetture&#8221;.<\/em> <strong>Si parte a Belluno stazione? <\/strong><em>&#8220;Dall&#8217;ultimo binario della stazione, sopra c&#8217;\u00e8 gi\u00e0 la strada dove inizia il cammino della monorotaia. Sono previsti pali accanto alla rotabile. Sono pali del diametro di un metro collocati ogni 30-40 metri&#8221;<\/em> <strong>Senza previsione di scavare montagne? <\/strong><em>&#8220;Nessuna galleria la monorotaia non \u00e8 un treno, non \u00e8 limitata dalle pendenze, le gallerie le sorvola, viaggia ad una velocit\u00e0 di 80 chilometri orari. Di giorno trasporta le persone, di notte su apposite vetture sempre dotate di pneumatici,\u00e8 previsto il trasporto merci&#8221;<\/em> <strong>Ci vorranno parecchi pali da Agordo a Belluno <\/strong><em>&#8220;Come ci vorranno molte imprese locali, 20-30 presumo, ognuna incaricata di coprire un determinato numero di chilometri&#8221;<\/em> <strong>La monorotaia abbatte i costi di personale? <\/strong><em>&#8220;Eccome, la guida un sistema computerizzato, nelle stazioni vengono previsti degli scambi e il sistema informatico regola le velocit\u00e0 automaticamente perch\u00e9 ovviamente non si incontrano mai&#8221;.<\/em> <strong>La politica locale vede di buon&#8217;occhio queste prime ipotesi? <\/strong><em>&#8220;Mi sembra di si, tanto il sindaco di Agordo Roberto Chissal\u00e8 che il presidente dell&#8217;Unione Montana Michele Costa, ma anche il presidente della Provincia Roberto Padrin. In Luxottica abbiamo gi\u00e0 inviato la documentazione che \u00e8 sul tavolo del Cavaliere Luigi Francavilla che incontreremo a breve&#8221;.<\/em> <strong>Parliamo di costi? <\/strong><em>&#8220;Dai 10 ai 15 milioni di euro al chilometro per trasportare circa 1100 persone, si arriva come dicevo fino a 5000 all&#8217;ora. Il progetto prevede di iniziare con qualche centinaio di persone e poi si valutano le richieste&#8221;<\/em>.<strong><a class=\"dt-pswp-item\" href=\"https:\/\/www.radiopiu.net\/wordpress\/wp-content\/uploads\/2020\/06\/Intamin-Transportation-40\u00b0C_-40\u00b0C-arch.-Fernando-De-Simone.jpg\" data-dt-img-description=\"\" data-large_image_width=\"951\" data-large_image_height=\"361\"><img loading=\"lazy\" decoding=\"async\" class=\"alignleft size-medium wp-image-146385\" src=\"https:\/\/www.radiopiu.net\/wordpress\/wp-content\/uploads\/2020\/06\/Intamin-Transportation-40\u00b0C_-40\u00b0C-arch.-Fernando-De-Simone-300x114.jpg\" alt=\"\" width=\"300\" height=\"114\" srcset=\"https:\/\/www.radiopiu.net\/wordpress\/wp-content\/uploads\/2020\/06\/Intamin-Transportation-40\u00b0C_-40\u00b0C-arch.-Fernando-De-Simone-300x114.jpg 300w, https:\/\/www.radiopiu.net\/wordpress\/wp-content\/uploads\/2020\/06\/Intamin-Transportation-40\u00b0C_-40\u00b0C-arch.-Fernando-De-Simone-768x292.jpg 768w, https:\/\/www.radiopiu.net\/wordpress\/wp-content\/uploads\/2020\/06\/Intamin-Transportation-40\u00b0C_-40\u00b0C-arch.-Fernando-De-Simone.jpg 951w\" sizes=\"auto, (max-width: 300px) 100vw, 300px\" \/><\/a>E dove pensa si possano reperire i finanziamenti? <\/strong><em>&#8220;Ogni anno sia in Italia si perdono miliardi di contributi europei che finiscono altrove, spesso all&#8217;Est,\u00a0 per progetti non presentati o presentati male. Ci sono i contributi per il risparmio energetico e per la riduzione dell&#8217;inquinamento e la monorotaia centra entrambi gli obiettivi&#8221;<\/em><strong>Oltre ai possibili finanziamenti?<\/strong><em>&#8220;Con il \u00a0<a title=\"Project management\" href=\"https:\/\/it.wikipedia.org\/wiki\/Project_management\">project management<\/a>\u00a0la\u00a0<b>finanza di progetto, <\/b>operazione di tecnica di\u00a0<a class=\"mw-redirect\" title=\"Finanziamento\" href=\"https:\/\/it.wikipedia.org\/wiki\/Finanziamento\">finanziamento<\/a>\u00a0a lungo termine di un\u00a0<a title=\"Progetto\" href=\"https:\/\/it.wikipedia.org\/wiki\/Progetto\">progetto<\/a>\u00a0in cui il ristoro del finanziamento stesso \u00e8 garantito dai\u00a0<a class=\"mw-redirect\" title=\"Flussi di cassa\" href=\"https:\/\/it.wikipedia.org\/wiki\/Flussi_di_cassa\">flussi di cassa<\/a> previsti dall&#8217;attivit\u00e0 di gestione o esercizio dell&#8217;opera stessa tenendo conto anche dei gestori dei parcheggi scambiatori che potranno avere in gestione gli appalti per 40 anni diventano loro stessi finanziatori&#8221;.<\/em> <strong>Se oggi la monorotaia fosse in attivit\u00e0 quanto costerebbe il biglietto Belluno-Agordo <\/strong><em>&#8220;Costerebbe 3,50 euro, tra l&#8217;altro la monorotaia non conosce la parola &#8220;ritardi&#8221; e da Belluno sale ad Agordo in 25 minuti. Non sussistono problemi invernali n\u00e8 di neve n\u00e8 di ghiaccio, abbiamo costruito anche una linea a Mosca, che resiste a temperatura da -40 a +40 gradi, giusto per fare un esempio&#8221;<\/em>. <strong>Tra le vostre opere ricordiamo il Marconi Express di Bologna e le successive vicende giudiziarie. <\/strong><em>&#8220;E che vuole dire? Noi progettiamo e costruiamo. Se la Fiat mette sul mercato la nuova 500 non \u00e8 certo responsabile se chi la guida va a schiantarsi contro un muro&#8221;.<\/em> <strong>Allora appuntamento ad Agordo in monorotaia?<\/strong><em>&#8220;E perch\u00e9 non a Bolzano vicino all&#8217;Europa?&#8221;<\/em><\/p>\n<p>&nbsp;<\/p>\n<h3><span style=\"color: #ff0000;\">ARCHIVIO RADIO PIU&#8217;<\/span><\/h3>\n<h3>IL PROGETTO DELLA MONOROTAIA BELLUNO-AGORDO VERSO BRUXELLES<\/h3>\n<p><strong><a class=\"dt-pswp-item\" href=\"https:\/\/www.radiopiu.net\/wordpress\/wp-content\/uploads\/2020\/08\/Intamin-Transportation-arch.F.De-Simone-neve3A_page-0001.jpg\" data-dt-img-description=\"\" data-large_image_width=\"1240\" data-large_image_height=\"1754\"><img loading=\"lazy\" decoding=\"async\" class=\"size-medium wp-image-155982 alignleft\" src=\"https:\/\/www.radiopiu.net\/wordpress\/wp-content\/uploads\/2020\/08\/Intamin-Transportation-arch.F.De-Simone-neve3A_page-0001-212x300.jpg\" alt=\"\" width=\"212\" height=\"300\" srcset=\"https:\/\/www.radiopiu.net\/wordpress\/wp-content\/uploads\/2020\/08\/Intamin-Transportation-arch.F.De-Simone-neve3A_page-0001-212x300.jpg 212w, https:\/\/www.radiopiu.net\/wordpress\/wp-content\/uploads\/2020\/08\/Intamin-Transportation-arch.F.De-Simone-neve3A_page-0001-724x1024.jpg 724w, https:\/\/www.radiopiu.net\/wordpress\/wp-content\/uploads\/2020\/08\/Intamin-Transportation-arch.F.De-Simone-neve3A_page-0001-768x1086.jpg 768w, https:\/\/www.radiopiu.net\/wordpress\/wp-content\/uploads\/2020\/08\/Intamin-Transportation-arch.F.De-Simone-neve3A_page-0001-1086x1536.jpg 1086w, https:\/\/www.radiopiu.net\/wordpress\/wp-content\/uploads\/2020\/08\/Intamin-Transportation-arch.F.De-Simone-neve3A_page-0001.jpg 1240w\" sizes=\"auto, (max-width: 212px) 100vw, 212px\" \/><\/a>AGORDO\u00a0<\/strong> L&#8217;Architetto Fernando De Simone non demorde, ci crede nel progetto da 1,5 miliardi di euro per collegare la stazione di Belluno con la piazza di Agordo e poi proseguire verso Bolzano e il Brennero. Una monorotaia sopraelevata con un secondo obiettivo, se appoggiato dalla Regione, il collegamento Alleghe-Cortina.<br \/>\n<em>&#8220;Non \u00e8 un sogno &#8211; dice l&#8217;architetto &#8211; in realt\u00e0 si traduce con 3 anni di lavoro per 25 imprese selezionate per l&#8217;installazione dei pali di sostegno lungo tutto il tracciato&#8221;<\/em> Un progetto gi\u00e0 presentato al Presidente della Provincia Roberto Padrin e al sindaco di Agordo Roberto Chissal\u00e8 e che ora prende la strada per l&#8217;Europa &#8220;<em>Sto preparando un progetto da proporre a Bruxelles &#8211; dice l&#8217;architetto &#8211;\u00a0 inerente il collegamento su monorotaia sopraelevata : Belluno-Agordo-Bolzano&#8221;. <\/em>Nell&#8217;occasione De Simone ricorda che nel periodo 2014-2020 l&#8217;Italia ha utilizzato solo il 23% dei 75 miliardi di fondi strutturali europei per lo sviluppo regionale a cui ha diritto. In Europa l&#8217;Italia \u00e8 quartultima. Solo Croazia,Slovacchia e Spagna hanno fatto peggio. La monorotaia ha una capacit\u00e0 di trasporto, su vetture elettriche completamente automatizzate e governate da computer, da 100 a 5000 persone l&#8217;ora per direzione. Tempo di percorrenza: dalla Stazione FS Belluno ad Agordo Centro\u00a0 25 minuti, dalla Stazione FS Belluno alla Stazione FS di Bolzano\u00a0 90 minuti. Durante la notte su apposite vetture sempre dotate di pneumatici, \u00e8 previsto il trasporto delle merci. <em>&#8220;Nel 2026 &#8211; conclude Fernando De Simone &#8211;\u00a0 si inaugurer\u00e0 il tunnel ferroviario del Brennero,e se contemporaneamente verr\u00e0 ultimata la nostra struttura, tutta la provincia di Belluno,con le sue imprese industriali,turistiche e commerciali ne trarr\u00e0 dei notevoli vantaggi&#8221;.<\/em><\/p>\n","protected":false},"excerpt":{"rendered":"<p>di Mirko Mezzacasa Ai quattro progetti pre il treno delle Dolomiti va aggiunto anche il quinto, quello dell&#8217;architetto De Simone che da alcuni mesi abbiamo presentato alla radio nello scorso mese di giugno e settembre. E&#8217; la proposta di un gruppo svizzero gi\u00e0 sul tavolo della Provincia &#8220;Il presidente Padrin sta analizzando anche il nostro&hellip;<\/p>\n","protected":false},"author":1,"featured_media":146387,"comment_status":"closed","ping_status":"closed","sticky":false,"template":"","format":"standard","meta":{"_monsterinsights_skip_tracking":false,"_monsterinsights_sitenote_active":false,"_monsterinsights_sitenote_note":"","_monsterinsights_sitenote_category":0,"footnotes":""},"categories":[1,51,49],"tags":[],"class_list":["post-145981","post","type-post","status-publish","format-standard","has-post-thumbnail","hentry","category-senza-categoria","category-evidenza-top","category-news-18","category-1","category-51","category-49","description-off"],"img_url":"https:\/\/www.radiopiu.net\/wordpress\/wp-content\/uploads\/2020\/06\/^^^-Intamin-Transportation-arch.Fernando-De-Simone-Monorotaia-sopraelevata.jpg","_links":{"self":[{"href":"https:\/\/www.radiopiu.net\/wordpress\/wp-json\/wp\/v2\/posts\/145981","targetHints":{"allow":["GET"]}}],"collection":[{"href":"https:\/\/www.radiopiu.net\/wordpress\/wp-json\/wp\/v2\/posts"}],"about":[{"href":"https:\/\/www.radiopiu.net\/wordpress\/wp-json\/wp\/v2\/types\/post"}],"author":[{"embeddable":true,"href":"https:\/\/www.radiopiu.net\/wordpress\/wp-json\/wp\/v2\/users\/1"}],"replies":[{"embeddable":true,"href":"https:\/\/www.radiopiu.net\/wordpress\/wp-json\/wp\/v2\/comments?post=145981"}],"version-history":[{"count":0,"href":"https:\/\/www.radiopiu.net\/wordpress\/wp-json\/wp\/v2\/posts\/145981\/revisions"}],"wp:featuredmedia":[{"embeddable":true,"href":"https:\/\/www.radiopiu.net\/wordpress\/wp-json\/wp\/v2\/media\/146387"}],"wp:attachment":[{"href":"https:\/\/www.radiopiu.net\/wordpress\/wp-json\/wp\/v2\/media?parent=145981"}],"wp:term":[{"taxonomy":"category","embeddable":true,"href":"https:\/\/www.radiopiu.net\/wordpress\/wp-json\/wp\/v2\/categories?post=145981"},{"taxonomy":"post_tag","embeddable":true,"href":"https:\/\/www.radiopiu.net\/wordpress\/wp-json\/wp\/v2\/tags?post=145981"}],"curies":[{"name":"wp","href":"https:\/\/api.w.org\/{rel}","templated":true}]}}