{"id":146318,"date":"2020-06-25T11:44:32","date_gmt":"2020-06-25T09:44:32","guid":{"rendered":"https:\/\/www.radiopiu.net\/wordpress\/?p=146318"},"modified":"2020-06-25T11:44:32","modified_gmt":"2020-06-25T09:44:32","slug":"essilorluxottica-assemblea-degli-azionisti-2020-approvate-tutte-le-delibere-proposte-dal-consiglio-di-amministrazione","status":"publish","type":"post","link":"https:\/\/www.radiopiu.net\/wordpress\/essilorluxottica-assemblea-degli-azionisti-2020-approvate-tutte-le-delibere-proposte-dal-consiglio-di-amministrazione\/","title":{"rendered":"ESSILORLUXOTTICA: ASSEMBLEA DEGLI AZIONISTI 2020. APPROVATE TUTTE LE DELIBERE PROPOSTE DAL CONSIGLIO DI AMMINISTRAZIONE"},"content":{"rendered":"<p><b><a class=\"dt-pswp-item\" href=\"https:\/\/www.radiopiu.net\/wordpress\/wp-content\/uploads\/2020\/06\/ESSILORLUXOTTICA.png\" data-dt-img-description=\"\" data-large_image_width=\"798\" data-large_image_height=\"214\"><img loading=\"lazy\" decoding=\"async\" class=\"size-medium wp-image-146319 alignleft\" src=\"https:\/\/www.radiopiu.net\/wordpress\/wp-content\/uploads\/2020\/06\/ESSILORLUXOTTICA-300x80.png\" alt=\"\" width=\"300\" height=\"80\" srcset=\"https:\/\/www.radiopiu.net\/wordpress\/wp-content\/uploads\/2020\/06\/ESSILORLUXOTTICA-300x80.png 300w, https:\/\/www.radiopiu.net\/wordpress\/wp-content\/uploads\/2020\/06\/ESSILORLUXOTTICA-768x206.png 768w, https:\/\/www.radiopiu.net\/wordpress\/wp-content\/uploads\/2020\/06\/ESSILORLUXOTTICA.png 798w\" sizes=\"auto, (max-width: 300px) 100vw, 300px\" \/><\/a>CHARENTON-LE-PONT, FRANCIA <\/b>Si \u00e8 tenuta oggi l&#8217;Assemblea Annuale degli Azionisti di EssilorLuxottica nella sede della Societ\u00e0 a Parigi a porte chiuse e sotto la presidenza di Juliette Favre, amministratore di EssilorLuxottica e Presidente di Valoptec, l&#8217;associazione dei dipendenti-azionisti di EssilorLuxottica. Gli azionisti della Societ\u00e0 sono stati invitati a esprimere il loro voto prima dell&#8217;Assemblea. Gli azionisti hanno approvato tutte le 14 delibere presentate dal Consiglio di Amministrazione.<\/p>\n<p><strong>Valutazione del dividendo nella seconda met\u00e0 dell\u2019anno in base allo stato del business <\/strong><\/p>\n<p>Come annunciato ad aprile, al fine di adottare le misure necessarie per rispondere alla pandemia di COVID-19 e per preparare la Societ\u00e0 alla ripresa, il Consiglio di Amministrazione di EssilorLuxottica ha deciso di non porre alcun dividendo all\u2019approvazione dell\u2019Assemblea degli Azionisti. Nella seconda met\u00e0 dell&#8217;anno, si valuter\u00e0 lo stato del business e l\u2019efficacia delle misure adottate per affrontare la pandemia. Se la ripresa sar\u00e0 sufficientemente solida, potr\u00e0 essere proposto un dividendo eccezionale da porre in pagamento entro la fine del 2020. Come sottolineato nelle presentazioni odierne, nel 2019 la Societ\u00e0 ha registrato un ottimo andamento e un aumento del flusso di cassa attraverso le sue attivit\u00e0. I risultati conseguiti offrono una base solida per accelerare il piano presentato al Capital Markets Day 2019 e realizzare le sinergie annunciate. La Societ\u00e0 ha inoltre sviluppato innovazioni di prodotto come le lenti elettro-cromiche o l\u2019offerta di occhiali Ray-Ban con tecnologie di lenti Essilor. Inoltre, la Societ\u00e0 ha accelerato ulteriormente la digitalizzazione del business e fatto progressi nel percorso di integrazione. Nella prima met\u00e0 del 2020, EssilorLuxottica \u00e8 stata in prima linea contro la pandemia di COVID-19 proteggendo le sue persone e le comunit\u00e0 nelle quali opera, oltre che il business. La Societ\u00e0 ha rafforzato i protocolli in materia di salute e sicurezza negli stabilimenti, nei negozi e negli uffici e ha lanciato un fondo da 100 milioni di Euro e iniziative di supporto al reddito per aiutare i dipendenti in difficolt\u00e0 e le loro famiglie. Per dare supporto ai clienti, EssilorLuxottica ha rafforzato la formazione e progettato delle linee guida specifiche su come riorganizzare gli spazi nei punti vendita per una maggiore sicurezza, e una guida sull&#8217;uso sicuro degli strumenti per gli esami e per la misurazione della vista. La Societ\u00e0 ha inoltre donato oltre due milioni di dispositivi di protezione individuale, inclusi occhiali protettivi e mascherine a ospedali, a istituzioni pubbliche, dipendenti e partner nei vari paesi in cui opera, tra cui Cina, Italia, Francia, Germania, Spagna, Portogallo, Stati Uniti, Brasile, Colombia, Israele, Australia, India, Bangladesh e molti altri.<\/p>\n<p><a class=\"dt-pswp-item\" href=\"https:\/\/www.radiopiu.net\/wordpress\/wp-content\/uploads\/2015\/05\/o-LEONARDO-DEL-VECCHIO-facebook.jpg\" data-dt-img-description=\"\" data-large_image_width=\"1536\" data-large_image_height=\"1143\"><img loading=\"lazy\" decoding=\"async\" class=\"size-medium wp-image-5617 alignright\" src=\"https:\/\/www.radiopiu.net\/wordpress\/wp-content\/uploads\/2015\/05\/o-LEONARDO-DEL-VECCHIO-facebook-300x223.jpg\" alt=\"\" width=\"300\" height=\"223\" \/><\/a>\u201c<em>Vogliamo ringraziare tutti gli azionisti per il loro supporto ai nostri sforzi per gestire la contingenza nel miglior modo possibile. Oggi abbiamo due priorit\u00e0: continuare a gestire il business nel rispetto delle necessarie misure di salute e sicurezza per le nostre persone e per i nostri clienti, e al tempo stesso accelerare i nostri piani di ripresa e cogliere nuove opportunit\u00e0. Sono orgoglioso delle decisioni che abbiamo preso e di come il management e le nostre persone le hanno tradotte nelle nostre attivit\u00e0. Di fronte alle avversit\u00e0 abbiamo dimostrato la nostra vera essenz<\/em>a\u201d, ha commentato Leonardo Del Vecchio, Presidente Esecutivo di EssilorLuxottica.<\/p>\n","protected":false},"excerpt":{"rendered":"<p>CHARENTON-LE-PONT, FRANCIA Si \u00e8 tenuta oggi l&#8217;Assemblea Annuale degli Azionisti di EssilorLuxottica nella sede della Societ\u00e0 a Parigi a porte chiuse e sotto la presidenza di Juliette Favre, amministratore di EssilorLuxottica e Presidente di Valoptec, l&#8217;associazione dei dipendenti-azionisti di EssilorLuxottica. Gli azionisti della Societ\u00e0 sono stati invitati a esprimere il loro voto prima dell&#8217;Assemblea. Gli&hellip;<\/p>\n","protected":false},"author":4,"featured_media":80220,"comment_status":"closed","ping_status":"closed","sticky":false,"template":"","format":"standard","meta":{"_monsterinsights_skip_tracking":false,"_monsterinsights_sitenote_active":false,"_monsterinsights_sitenote_note":"","_monsterinsights_sitenote_category":0,"footnotes":""},"categories":[51,49],"tags":[],"class_list":["post-146318","post","type-post","status-publish","format-standard","has-post-thumbnail","hentry","category-evidenza-top","category-news-18","category-51","category-49","description-off"],"img_url":"https:\/\/www.radiopiu.net\/wordpress\/wp-content\/uploads\/2019\/03\/WhatsApp-Image-2019-03-24-at-18.11.14.jpeg","_links":{"self":[{"href":"https:\/\/www.radiopiu.net\/wordpress\/wp-json\/wp\/v2\/posts\/146318","targetHints":{"allow":["GET"]}}],"collection":[{"href":"https:\/\/www.radiopiu.net\/wordpress\/wp-json\/wp\/v2\/posts"}],"about":[{"href":"https:\/\/www.radiopiu.net\/wordpress\/wp-json\/wp\/v2\/types\/post"}],"author":[{"embeddable":true,"href":"https:\/\/www.radiopiu.net\/wordpress\/wp-json\/wp\/v2\/users\/4"}],"replies":[{"embeddable":true,"href":"https:\/\/www.radiopiu.net\/wordpress\/wp-json\/wp\/v2\/comments?post=146318"}],"version-history":[{"count":0,"href":"https:\/\/www.radiopiu.net\/wordpress\/wp-json\/wp\/v2\/posts\/146318\/revisions"}],"wp:featuredmedia":[{"embeddable":true,"href":"https:\/\/www.radiopiu.net\/wordpress\/wp-json\/wp\/v2\/media\/80220"}],"wp:attachment":[{"href":"https:\/\/www.radiopiu.net\/wordpress\/wp-json\/wp\/v2\/media?parent=146318"}],"wp:term":[{"taxonomy":"category","embeddable":true,"href":"https:\/\/www.radiopiu.net\/wordpress\/wp-json\/wp\/v2\/categories?post=146318"},{"taxonomy":"post_tag","embeddable":true,"href":"https:\/\/www.radiopiu.net\/wordpress\/wp-json\/wp\/v2\/tags?post=146318"}],"curies":[{"name":"wp","href":"https:\/\/api.w.org\/{rel}","templated":true}]}}