{"id":146376,"date":"2020-06-25T15:29:55","date_gmt":"2020-06-25T13:29:55","guid":{"rendered":"https:\/\/www.radiopiu.net\/wordpress\/?p=146376"},"modified":"2020-06-25T15:29:55","modified_gmt":"2020-06-25T13:29:55","slug":"meteo-tempo-instabile-con-possibilita-di-temporali-in-zone-montane-e-pedemontane","status":"publish","type":"post","link":"https:\/\/www.radiopiu.net\/wordpress\/meteo-tempo-instabile-con-possibilita-di-temporali-in-zone-montane-e-pedemontane\/","title":{"rendered":"METEO. TEMPO INSTABILE CON POSSIBILITA\u2019 DI TEMPORALI IN ZONE MONTANE E PEDEMONTANE"},"content":{"rendered":"<p><strong>VENEZIA<\/strong> <span style=\"font-size: medium;\">Il Centro funzionale decentrato della Protezione civile del Veneto, visti i fenomeni meteorologici previsti, ha dichiarato lo stato di attenzione per criticit\u00e0 idrogeologica (allerta gialla) e possibili fenomeni franosi superficiali nei bacini dell\u2019Alto Piave e del Piave Pedemontano, nel caso di temporali forti, da oggi fino alle ore 8 di domani 26 giugno. <\/span><span style=\"font-size: medium;\">Le previsioni meteo indicano oggi tempo a tratti instabile con probabili rovesci e temporali, da locali a sparsi, soprattutto sulle zone montane e pedemontane e verso sera anche sulla pianura nord-orientale. Non si esclude qualche locale fenomeno intenso, specie sulle zone montane e pedemontane orientali (Bellunese e Alto Trevigiano). <\/span><span style=\"font-size: medium;\">Per domani l&#8217;insidia per temporali di calore diminuir\u00e0 rispetto ad oggi, ma sar\u00e0 ancora presente, specie sulle Dolomiti, dove la probabilit\u00e0 di temporali intensi sar\u00e0, comunque, molto bassa.<\/span><\/p>\n","protected":false},"excerpt":{"rendered":"<p>VENEZIA Il Centro funzionale decentrato della Protezione civile del Veneto, visti i fenomeni meteorologici previsti, ha dichiarato lo stato di attenzione per criticit\u00e0 idrogeologica (allerta gialla) e possibili fenomeni franosi superficiali nei bacini dell\u2019Alto Piave e del Piave Pedemontano, nel caso di temporali forti, da oggi fino alle ore 8 di domani 26 giugno. Le&hellip;<\/p>\n","protected":false},"author":1,"featured_media":46370,"comment_status":"closed","ping_status":"closed","sticky":false,"template":"","format":"standard","meta":{"_monsterinsights_skip_tracking":false,"_monsterinsights_sitenote_active":false,"_monsterinsights_sitenote_note":"","_monsterinsights_sitenote_category":0,"footnotes":""},"categories":[49],"tags":[],"class_list":["post-146376","post","type-post","status-publish","format-standard","has-post-thumbnail","hentry","category-news-18","category-49","description-off"],"img_url":"https:\/\/www.radiopiu.net\/wordpress\/wp-content\/uploads\/2018\/04\/previsioni-meteo.jpg","_links":{"self":[{"href":"https:\/\/www.radiopiu.net\/wordpress\/wp-json\/wp\/v2\/posts\/146376","targetHints":{"allow":["GET"]}}],"collection":[{"href":"https:\/\/www.radiopiu.net\/wordpress\/wp-json\/wp\/v2\/posts"}],"about":[{"href":"https:\/\/www.radiopiu.net\/wordpress\/wp-json\/wp\/v2\/types\/post"}],"author":[{"embeddable":true,"href":"https:\/\/www.radiopiu.net\/wordpress\/wp-json\/wp\/v2\/users\/1"}],"replies":[{"embeddable":true,"href":"https:\/\/www.radiopiu.net\/wordpress\/wp-json\/wp\/v2\/comments?post=146376"}],"version-history":[{"count":0,"href":"https:\/\/www.radiopiu.net\/wordpress\/wp-json\/wp\/v2\/posts\/146376\/revisions"}],"wp:featuredmedia":[{"embeddable":true,"href":"https:\/\/www.radiopiu.net\/wordpress\/wp-json\/wp\/v2\/media\/46370"}],"wp:attachment":[{"href":"https:\/\/www.radiopiu.net\/wordpress\/wp-json\/wp\/v2\/media?parent=146376"}],"wp:term":[{"taxonomy":"category","embeddable":true,"href":"https:\/\/www.radiopiu.net\/wordpress\/wp-json\/wp\/v2\/categories?post=146376"},{"taxonomy":"post_tag","embeddable":true,"href":"https:\/\/www.radiopiu.net\/wordpress\/wp-json\/wp\/v2\/tags?post=146376"}],"curies":[{"name":"wp","href":"https:\/\/api.w.org\/{rel}","templated":true}]}}