{"id":146427,"date":"2020-06-26T06:00:34","date_gmt":"2020-06-26T04:00:34","guid":{"rendered":"https:\/\/www.radiopiu.net\/wordpress\/?p=146427"},"modified":"2020-06-26T06:03:28","modified_gmt":"2020-06-26T04:03:28","slug":"peccato-niente-traguardo-del-secolo-per-la-soppelsa-al-ponte-di","status":"publish","type":"post","link":"https:\/\/www.radiopiu.net\/wordpress\/peccato-niente-traguardo-del-secolo-per-la-soppelsa-al-ponte-di\/","title":{"rendered":"PECCATO: NIENTE TRAGUARDO DEL SECOLO PER LA \u201cSOPPELSA AL PONTE\u201d DI"},"content":{"rendered":"<p><strong>CENCENIGHE<\/strong> Il 12 ottobre dello scorso anno 2019, quando ancora non si parlava di pandemia da Coronavirus con tutti i problemi anche di carattere economico che ha comportato, l\u2019annuncio di Maurizio Soppelsa sul sito : \u201cMi sarebbe piaciuto arrivare al 2022 per festeggiare il secolo del nostro negozio, ma a conti fatti non vale pi\u00f9 la pena: troppa burocrazia e poca soddisfazione\u201d. E cos\u00ec cessava a Cencenighe Agordino, nella piazza 4 Novembre, l\u2019attivit\u00e0 del prestigioso negozio di abbigliamento, sport e tessuti \u201cSoppelsa al Ponte\u201d che ad iniziativa di Luigi Soppelsa e della moglie Metilde Alie De Biasio, ricordati dai discendenti come onesti lavoratori e fondatori dell\u2019Azienda Soppelsa \u2018Al Ponte\u2019 (e in seguito condotta dal figlio Ivano e, pi\u00f9 tardi, dal nipote Maurizio) ha operato dal 1922. Possediamo una pubblicazione che fu stampata dalla bellunese tipografia Piave nel luglio 2002, in occasione dell\u2019ottantesimo di attivit\u00e0 dell\u2019azienda. A firma Ivano, Angelo, Maurizio e Tiziana nella presentazione si ricordava che \u201cOttant\u2019anni hanno visto il mondo modificarsi integralmente affiancando ad un grandioso progresso tecnico-scientifico, grandi sconvolgimenti e tragedie. Talvolta naturali come la disastrosa alluvione del 1966 che ci ha duramente colpiti. Talvolta causati dall\u2019insensatezza degli uomini con terribili vicende e conflitti su scala mondiale che occupano le prime pagine dei giornali creando inquietudini e sgomento anche in questi ultimi anni\u201d. Eppure, pur tra tanti problemi ma fortunatamente anche assistita da stagioni propizie \u201cla famiglia Soppelsa ha fatto crescere l\u2019azienda: ci\u00f2 \u00e8 stato possibile con l\u2019aiuto dei fedeli clienti che cammin facendo si son fatti sempre pi\u00f9 numerosi, stimolati dalla nostra seriet\u00e0 professionale e soddisfatti dalla qualit\u00e0 dei prodotti acquistati\u201d. E cos\u00ec, concludevano: Soppelsa \u2018Al Ponte\u2019 \u201c\u00e8 un\u2019azienda viva e dinamica che merita sempre d\u2019esser e visitata: ha raggiunto questo traguardo per la cura quotidiana con cui noi tutti abbiamo seguito e seguiamo l\u2019attivit\u00e0 legata all\u2019evoluzione dell\u2019abbigliamento e delle necessit\u00e0 della nostra clientela. Un traguardo costato energie, capacit\u00e0 e mezzi nell\u2019arco delle tre generazioni che si sono susseguite alla guida: di questo ne siano fieramente orgogliosi\u201d.Poi\u2026 la diffusione dei centri commerciali e pi\u00f9 recentemente ma invasivamente quella del commercio per via telematica, oltre alle persistenti problematiche di carattere burocratiche e sulla storia della Soppelsa \u201cAl Ponte\u201d di Cencenighe Agordino (contraddistinta dal 1982 dall\u2019insegna del \u201cFolletto\u201d, il jolly commissionato al grafico bellunese Mario De Don\u00e0, in arte Eronda, nel ricordo di nonno Angelo che, nato a Fa\u00e8, era particolarmente vivace, un folletto, appunto, fin da giovanissimo) \u00e8 mestamente calato il sipario. Nella quarantina di pagina della pubblicazione si parte proprio col \u201cFolletto\u201d e una bella immagine di Angelo Soppelsa con la moglie Metilde Alice De Biasio quindi una serie di notizie sull\u2019attivit\u00e0 imprenditoriale ed fra le tante, due belle fotografie del 1931e del 1928 della via Roma di Cencenighe sulla quale si affacciava il primo laboratorio e dell\u2019interno con ai lati la De Biasio e Luigi Soppelsa. Altri scatti sono dedicati, fra l\u2019altro, alla famiglia Soppelsa negli anni \u201980 e alle rovine provocate dalla disastrosa alluvione del novembre 1966 e, sul finire, prima della fotografia panoramica di Piazza 4 novembre 1918 dove operava l\u2019azienda, quelle dell\u2019 \u201cElemosina\u201d, il dipinto sulla parete di casa Soppelsa realizzato con riconosciuta sensibilit\u00e0 ed umanit\u00e0 dall\u2019artista di Canale d\u2019Agordo, Giuliano De Rocco; quella del graffito \u201cSoppelsa\u201d realizzato da Santino Ganz di Vallada Agordina e infine il murale di Luciano Piani, artista di Masari\u00e8 di Rocca Pietore, che ricorda il lavoro di sartoria della famiglia Soppelsa.<\/p>\n\n\t\t\t<style type='text\/css'>\n\t\t\t\t#gallery-1 {\n\t\t\t\t\tmargin: auto;\n\t\t\t\t}\n\t\t\t\t#gallery-1 .gallery-item {\n\t\t\t\t\tfloat: left;\n\t\t\t\t\tmargin-top: 10px;\n\t\t\t\t\ttext-align: center;\n\t\t\t\t\twidth: 33%;\n\t\t\t\t}\n\t\t\t\t#gallery-1 img {\n\t\t\t\t\tborder: 2px solid #cfcfcf;\n\t\t\t\t}\n\t\t\t\t#gallery-1 .gallery-caption {\n\t\t\t\t\tmargin-left: 0;\n\t\t\t\t}\n\t\t\t\t\/* see gallery_shortcode() in wp-includes\/media.php *\/\n\t\t\t<\/style>\n\t\t<div id='gallery-1' class='dt-gallery-container gallery galleryid-146427 gallery-columns-3 gallery-size-thumbnail'><dl class='gallery-item'>\n\t\t\t\t<dt class='gallery-icon landscape'>\n\t\t\t\t\t<a class=\"rollover\" href='https:\/\/www.radiopiu.net\/wordpress\/peccato-niente-traguardo-del-secolo-per-la-soppelsa-al-ponte-di\/105992526_3642874035739321_3314113476031422564_n\/'><img loading=\"lazy\" decoding=\"async\" width=\"150\" height=\"150\" src=\"https:\/\/www.radiopiu.net\/wordpress\/wp-content\/uploads\/2020\/06\/105992526_3642874035739321_3314113476031422564_n-150x150.jpg\" class=\"attachment-thumbnail size-thumbnail\" alt=\"\" \/><\/a>\n\t\t\t\t<\/dt><\/dl><dl class='gallery-item'>\n\t\t\t\t<dt class='gallery-icon portrait'>\n\t\t\t\t\t<a class=\"rollover\" href='https:\/\/www.radiopiu.net\/wordpress\/peccato-niente-traguardo-del-secolo-per-la-soppelsa-al-ponte-di\/105586578_699516217516101_3479399020134689274_n\/'><img loading=\"lazy\" decoding=\"async\" width=\"150\" height=\"150\" src=\"https:\/\/www.radiopiu.net\/wordpress\/wp-content\/uploads\/2020\/06\/105586578_699516217516101_3479399020134689274_n-150x150.jpg\" class=\"attachment-thumbnail size-thumbnail\" alt=\"\" \/><\/a>\n\t\t\t\t<\/dt><\/dl><dl class='gallery-item'>\n\t\t\t\t<dt class='gallery-icon landscape'>\n\t\t\t\t\t<a class=\"rollover\" href='https:\/\/www.radiopiu.net\/wordpress\/peccato-niente-traguardo-del-secolo-per-la-soppelsa-al-ponte-di\/105904776_3272444966128502_2397231190165669152_n-2\/'><img loading=\"lazy\" decoding=\"async\" width=\"150\" height=\"150\" src=\"https:\/\/www.radiopiu.net\/wordpress\/wp-content\/uploads\/2020\/06\/105904776_3272444966128502_2397231190165669152_n-1-150x150.jpg\" class=\"attachment-thumbnail size-thumbnail\" alt=\"\" \/><\/a>\n\t\t\t\t<\/dt><\/dl><br style=\"clear: both\" \/><dl class='gallery-item'>\n\t\t\t\t<dt class='gallery-icon portrait'>\n\t\t\t\t\t<a class=\"rollover\" href='https:\/\/www.radiopiu.net\/wordpress\/peccato-niente-traguardo-del-secolo-per-la-soppelsa-al-ponte-di\/105706754_578892336354138_2545275241547886721_n\/'><img loading=\"lazy\" decoding=\"async\" width=\"150\" height=\"150\" src=\"https:\/\/www.radiopiu.net\/wordpress\/wp-content\/uploads\/2020\/06\/105706754_578892336354138_2545275241547886721_n-150x150.jpg\" class=\"attachment-thumbnail size-thumbnail\" alt=\"\" \/><\/a>\n\t\t\t\t<\/dt><\/dl><dl class='gallery-item'>\n\t\t\t\t<dt class='gallery-icon landscape'>\n\t\t\t\t\t<a class=\"rollover\" href='https:\/\/www.radiopiu.net\/wordpress\/peccato-niente-traguardo-del-secolo-per-la-soppelsa-al-ponte-di\/106267280_559537801383211_4971804674736303934_n\/'><img loading=\"lazy\" decoding=\"async\" width=\"150\" height=\"150\" src=\"https:\/\/www.radiopiu.net\/wordpress\/wp-content\/uploads\/2020\/06\/106267280_559537801383211_4971804674736303934_n-150x150.jpg\" class=\"attachment-thumbnail size-thumbnail\" alt=\"\" \/><\/a>\n\t\t\t\t<\/dt><\/dl><dl class='gallery-item'>\n\t\t\t\t<dt class='gallery-icon portrait'>\n\t\t\t\t\t<a class=\"rollover\" href='https:\/\/www.radiopiu.net\/wordpress\/peccato-niente-traguardo-del-secolo-per-la-soppelsa-al-ponte-di\/105973293_1150782411974129_6450234238288358184_n\/'><img loading=\"lazy\" decoding=\"async\" width=\"150\" height=\"150\" src=\"https:\/\/www.radiopiu.net\/wordpress\/wp-content\/uploads\/2020\/06\/105973293_1150782411974129_6450234238288358184_n-150x150.jpg\" class=\"attachment-thumbnail size-thumbnail\" alt=\"\" \/><\/a>\n\t\t\t\t<\/dt><\/dl><br style=\"clear: both\" \/><dl class='gallery-item'>\n\t\t\t\t<dt class='gallery-icon portrait'>\n\t\t\t\t\t<a class=\"rollover\" href='https:\/\/www.radiopiu.net\/wordpress\/peccato-niente-traguardo-del-secolo-per-la-soppelsa-al-ponte-di\/106204514_263165104945092_7931409068455112516_n\/'><img loading=\"lazy\" decoding=\"async\" width=\"150\" height=\"150\" src=\"https:\/\/www.radiopiu.net\/wordpress\/wp-content\/uploads\/2020\/06\/106204514_263165104945092_7931409068455112516_n-150x150.jpg\" class=\"attachment-thumbnail size-thumbnail\" alt=\"\" \/><\/a>\n\t\t\t\t<\/dt><\/dl><dl class='gallery-item'>\n\t\t\t\t<dt class='gallery-icon landscape'>\n\t\t\t\t\t<a class=\"rollover\" href='https:\/\/www.radiopiu.net\/wordpress\/peccato-niente-traguardo-del-secolo-per-la-soppelsa-al-ponte-di\/105677705_1007939146338017_7539966801474945313_n\/'><img loading=\"lazy\" decoding=\"async\" width=\"150\" height=\"150\" src=\"https:\/\/www.radiopiu.net\/wordpress\/wp-content\/uploads\/2020\/06\/105677705_1007939146338017_7539966801474945313_n-150x150.jpg\" class=\"attachment-thumbnail size-thumbnail\" alt=\"\" \/><\/a>\n\t\t\t\t<\/dt><\/dl><dl class='gallery-item'>\n\t\t\t\t<dt class='gallery-icon portrait'>\n\t\t\t\t\t<a class=\"rollover\" href='https:\/\/www.radiopiu.net\/wordpress\/peccato-niente-traguardo-del-secolo-per-la-soppelsa-al-ponte-di\/105605397_3118101584877102_8444965278283735215_n\/'><img loading=\"lazy\" decoding=\"async\" width=\"150\" height=\"150\" src=\"https:\/\/www.radiopiu.net\/wordpress\/wp-content\/uploads\/2020\/06\/105605397_3118101584877102_8444965278283735215_n-150x150.jpg\" class=\"attachment-thumbnail size-thumbnail\" alt=\"\" \/><\/a>\n\t\t\t\t<\/dt><\/dl><br style=\"clear: both\" \/><dl class='gallery-item'>\n\t\t\t\t<dt class='gallery-icon portrait'>\n\t\t\t\t\t<a class=\"rollover\" href='https:\/\/www.radiopiu.net\/wordpress\/peccato-niente-traguardo-del-secolo-per-la-soppelsa-al-ponte-di\/105707333_647401372791366_3942531096497041483_n\/'><img loading=\"lazy\" decoding=\"async\" width=\"150\" height=\"150\" src=\"https:\/\/www.radiopiu.net\/wordpress\/wp-content\/uploads\/2020\/06\/105707333_647401372791366_3942531096497041483_n-150x150.jpg\" class=\"attachment-thumbnail size-thumbnail\" alt=\"\" \/><\/a>\n\t\t\t\t<\/dt><\/dl>\n\t\t\t\t<br style='clear: both' \/>\n\t\t\t<\/div>\n\n<div class=\"_3_bl\">\n<div class=\"_5w1r _3_om _5wdf\">\n<div class=\"_4gx_\">\n<div class=\"_1aa6\">\n<div class=\"\"><span class=\"_5yl5\">NELLE FOTO (Riproduzioni dalla pubblicazione \u201cSoppelsa Al Ponte 1922-2002\u201d): il folletto realizzato da Eronda per l\u2019ottantesimo dell\u2019azienda di Cencenighe Agordino; i fondatori Luigi Soppelsa e Metilde Alice De Biasio; la via Roma nel 1931; interno del laboratorio nel 1928; foto di famiglia degli anni \u201980; merce messa ad asciugare dopo l\u2019alluvione del 1966; panoramica di Piazza 4 Novembre dove operava la \u201cSoppelsa Al Ponte\u201d; i dipinti di Giuliano De Rocco; Santino Ganz e Luciano Piani.<\/span><\/div>\n<\/div>\n<\/div>\n<\/div>\n<\/div>\n<p>&nbsp;<\/p>\n","protected":false},"excerpt":{"rendered":"<p>CENCENIGHE Il 12 ottobre dello scorso anno 2019, quando ancora non si parlava di pandemia da Coronavirus con tutti i problemi anche di carattere economico che ha comportato, l\u2019annuncio di Maurizio Soppelsa sul sito : \u201cMi sarebbe piaciuto arrivare al 2022 per festeggiare il secolo del nostro negozio, ma a conti fatti non vale pi\u00f9&hellip;<\/p>\n","protected":false},"author":1,"featured_media":146436,"comment_status":"closed","ping_status":"closed","sticky":false,"template":"","format":"standard","meta":{"_monsterinsights_skip_tracking":false,"_monsterinsights_sitenote_active":false,"_monsterinsights_sitenote_note":"","_monsterinsights_sitenote_category":0,"footnotes":""},"categories":[1,49],"tags":[],"class_list":["post-146427","post","type-post","status-publish","format-standard","has-post-thumbnail","hentry","category-senza-categoria","category-news-18","category-1","category-49","description-off"],"img_url":"https:\/\/www.radiopiu.net\/wordpress\/wp-content\/uploads\/2020\/06\/105992526_3642874035739321_3314113476031422564_n.jpg","_links":{"self":[{"href":"https:\/\/www.radiopiu.net\/wordpress\/wp-json\/wp\/v2\/posts\/146427","targetHints":{"allow":["GET"]}}],"collection":[{"href":"https:\/\/www.radiopiu.net\/wordpress\/wp-json\/wp\/v2\/posts"}],"about":[{"href":"https:\/\/www.radiopiu.net\/wordpress\/wp-json\/wp\/v2\/types\/post"}],"author":[{"embeddable":true,"href":"https:\/\/www.radiopiu.net\/wordpress\/wp-json\/wp\/v2\/users\/1"}],"replies":[{"embeddable":true,"href":"https:\/\/www.radiopiu.net\/wordpress\/wp-json\/wp\/v2\/comments?post=146427"}],"version-history":[{"count":0,"href":"https:\/\/www.radiopiu.net\/wordpress\/wp-json\/wp\/v2\/posts\/146427\/revisions"}],"wp:featuredmedia":[{"embeddable":true,"href":"https:\/\/www.radiopiu.net\/wordpress\/wp-json\/wp\/v2\/media\/146436"}],"wp:attachment":[{"href":"https:\/\/www.radiopiu.net\/wordpress\/wp-json\/wp\/v2\/media?parent=146427"}],"wp:term":[{"taxonomy":"category","embeddable":true,"href":"https:\/\/www.radiopiu.net\/wordpress\/wp-json\/wp\/v2\/categories?post=146427"},{"taxonomy":"post_tag","embeddable":true,"href":"https:\/\/www.radiopiu.net\/wordpress\/wp-json\/wp\/v2\/tags?post=146427"}],"curies":[{"name":"wp","href":"https:\/\/api.w.org\/{rel}","templated":true}]}}